{"id":96813,"date":"2025-02-18T12:07:47","date_gmt":"2025-02-18T11:07:47","guid":{"rendered":"https:\/\/www.location-francophone.com\/?p=96813"},"modified":"2025-02-20T12:07:48","modified_gmt":"2025-02-20T11:07:48","slug":"travaux-a-la-charge-du-proprietaire","status":"publish","type":"post","link":"https:\/\/toploc.com\/blog\/hotes\/travaux-a-la-charge-du-proprietaire","title":{"rendered":"Les travaux et l&#8217;entretien \u00e0 la charge du propri\u00e9taire"},"content":{"rendered":"\n<p>Avant de mettre son logement en location saisonni\u00e8re, chaque propri\u00e9taire doit respecter certaines r\u00e8gles, notamment par rapport \u00e0 l\u2019\u00e9tat g\u00e9n\u00e9ral du bien \u00e0 louer. En effet, avant de pouvoir donner les cl\u00e9s aux vacanciers, le propri\u00e9taire doit effectuer des travaux d\u2019entretien et de r\u00e9paration si n\u00e9cessaire afin de remettre l\u2019h\u00e9bergement en bon \u00e9tat. Quelles sont les r\u00e8gles \u00e0 respecter&nbsp;pour la location de vacances ? Et quels sont les travaux \u00e0 la charge du propri\u00e9taire&nbsp;?<\/p>\n\n\n<div class=\"wp-block-image\">\n<figure class=\"aligncenter\"><a href=\"https:\/\/blog.toploc.com\/wp-content\/uploads\/2020\/06\/Les-travaux-a-la-charge-du-proprietaire-de-location-de-vacances.jpg\"><img loading=\"lazy\" decoding=\"async\" width=\"700\" height=\"452\" src=\"https:\/\/blog.toploc.com\/wp-content\/uploads\/2020\/06\/Les-travaux-a-la-charge-du-proprietaire-de-location-de-vacances.jpg\" alt=\"Les travaux \u00e0 la charge du propri\u00e9taire de location de vacances\" class=\"wp-image-96814\"\/><\/a><figcaption class=\"wp-element-caption\"><small>Les travaux \u00e0 la charge du propri\u00e9taire de location de vacances<\/small> \u00a9 DR<\/figcaption><\/figure>\n<\/div>\n\n\n<h2 id=\"quels-sont-les-meilleurs-channel-manager\" class=\"wp-block-heading\">Quels sont les meilleurs Channel Manager ?<\/h2>\n\n\n\n<p>Nous avons s\u00e9lectionn\u00e9 les meilleurs <a href=\"https:\/\/blog.toploc.com\/blog\/hotes\/channel-manager\">channel manager pour location saisonni\u00e8re<\/a>. Notre pr\u00e9f\u00e9rence va pour Holidu qui nous semble la solution la plus adapt\u00e9e du march\u00e9 \u00e0 ce jour.<\/p>\n\n\n\n<table id=\"tablepress-1\" class=\"tablepress tablepress-id-1\">\n<thead>\n<tr class=\"row-1 odd\">\n\t<th class=\"column-1\">Channel Manager<\/th><th class=\"column-2\">Tarifs<\/th><th class=\"column-3\">Avis clients<\/th><th class=\"column-4\">Offres<\/th>\n<\/tr>\n<\/thead>\n<tbody class=\"row-hover\">\n<tr class=\"row-2 even\">\n\t<td class=\"column-1\"><img loading=\"lazy\" decoding=\"async\" src=\"https:\/\/blog.toploc.com\/wp-content\/uploads\/2023\/12\/image-343.png\" width=\"100\" height=\"70\" class=\"size-full wp-image-138441\" \/> <\/td><td class=\"column-2\">Sans abonnement<br \/>\n6% HT \/ r\u00e9sa + Frais OTA<br \/>\n<\/td><td class=\"column-3\">4,6 \/ 5 sur 4171 avis Truspilot<\/td><td class=\"column-4\"><div class=\"wp-block-button has-custom-font-size\" style=\"font-size:10px\"><a class=\"wp-block-button__link has-background\" href=\"https:\/\/www.holidu.fr\/host?utm_source=toploc\" style=\"background-color:#0097a7\"><strong>VOIR L'OFFRE<\/strong><\/a><\/div><\/td>\n<\/tr>\n<tr class=\"row-3 odd\">\n\t<td class=\"column-1\"><img loading=\"lazy\" decoding=\"async\" src=\"https:\/\/blog.toploc.com\/wp-content\/uploads\/2022\/07\/Lodgify-logo1.png\" alt=\"\" width=\"100\" height=\"70\" class=\"alignnone size-full wp-image-121712\" \/><a href=\"https:\/\/www.lodgify.com\/?afmc=13f&amp;utm_campaign=13f&amp;utm_source=leaddyno&amp;utm_medium=affiliate\"><\/a><\/td><td class=\"column-2\">13 \u20ac + 1,9% par r\u00e9sa \u00e0 49 \u20ac \/ mois <\/td><td class=\"column-3\">4,8 \/ 5 sur 601 avis Truspilot<\/td><td class=\"column-4\"><div class=\"wp-block-button has-custom-font-size\" style=\"font-size:10px\"><a class=\"wp-block-button__link has-background\" href=\"https:\/\/www.lodgify.com\/fr\/tarifs\/?afmc=343\" style=\"background-color:#EA5B5B\"><strong>VOIR L'OFFRE<\/strong><\/a><\/div><\/td>\n<\/tr>\n<tr class=\"row-4 even\">\n\t<td class=\"column-1\"><img loading=\"lazy\" decoding=\"async\" src=\"https:\/\/blog.toploc.com\/wp-content\/uploads\/2022\/07\/logo-amenitiz-PhotoRoom.png\" alt=\"\" width=\"100\" height=\"70\" class=\"alignnone size-full wp-image-121848\" \/><\/td><td class=\"column-2\">41 \u20ac \u00e0 69 \u20ac \/ mois<\/td><td class=\"column-3\">4,6 \/ 5 sur 1213 avis Truspilot<\/td><td class=\"column-4\"><div class=\"wp-block-button has-custom-font-size\" style=\"font-size:10px\"><a class=\"wp-block-button__link has-background\" href=\"https:\/\/hote.toploc.com\" style=\"background-color:#006b52\"><strong>AVIS TOPLOC<\/strong><\/a><\/div><\/td>\n<\/tr>\n<tr class=\"row-5 odd\">\n\t<td class=\"column-1\"><img loading=\"lazy\" decoding=\"async\" src=\"https:\/\/blog.toploc.com\/wp-content\/uploads\/2022\/07\/eviivo-logo.png\" alt=\"\" width=\"100\" height=\"70\" class=\"alignnone size-full wp-image-121716\" \/><\/td><td class=\"column-2\">40 \u20ac \u00e0 110 \u20ac \/ mois<\/td><td class=\"column-3\">4,6 \/ 5 sur 2283 avis Truspilot<\/td><td class=\"column-4\"><div class=\"wp-block-button has-custom-font-size\" style=\"font-size:10px\"><a class=\"wp-block-button__link has-background\" href=\"https:\/\/hote.toploc.com\" style=\"background-color:#006b52\"><strong>AVIS TOPLOC<\/strong><\/a><\/div><\/td>\n<\/tr>\n<tr class=\"row-6 even\">\n\t<td class=\"column-1\"><img loading=\"lazy\" decoding=\"async\" src=\"https:\/\/blog.toploc.com\/wp-content\/uploads\/2022\/07\/smoobu.png\" alt=\"\" width=\"100\" height=\"70\" class=\"alignnone size-full wp-image-121713\"\/><\/td><td class=\"column-2\">29 \u20ac + 0,9% par r\u00e9sa \u00e0 55 \u20ac \/ mois<\/td><td class=\"column-3\">3,9 \/ 5 sur 157 avis Truspilot<\/td><td class=\"column-4\"><div class=\"wp-block-button has-custom-font-size\" style=\"font-size:10px\"><a class=\"wp-block-button__link has-background\" href=\"https:\/\/hote.toploc.com\" style=\"background-color:#006b52\"><strong>AVIS TOPLOC<\/strong><\/a><\/div><\/td>\n<\/tr>\n<\/tbody>\n<\/table>\n<!-- #tablepress-1 from cache -->\n\n\n\n<h2 id=\"le-menage-en-location-saisonniere\" class=\"wp-block-heading\">Le m\u00e9nage en location saisonni\u00e8re<\/h2>\n\n\n\n<p>Dans le cadre d\u2019une location saisonni\u00e8re, la loi n\u2019oblige pas le propri\u00e9taire \u00e0 respecter la r\u00e9glementation li\u00e9e \u00e0 la d\u00e9cence du logement. Toutefois, il est quand m\u00eame important de proposer un h\u00e9bergement en bon \u00e9tat au client d&#8217;o\u00f9 l&#8217;utilit\u00e9 de recourir aux service d&#8217;une femme de m\u00e9nage \u00e0 domicile. Le m\u00e9nage en location saisonni\u00e8re est un des points clefs d\u2019un voyage r\u00e9ussi. Les voyageurs y portent une attention particuli\u00e8re d\u00e8s leur arriv\u00e9e dans l&#8217;h\u00e9bergement. En tant qu\u2019h\u00f4tes vous tenez aussi \u00e0 ce que les voyageurs respectent les r\u00e8gles de vie de votre maison de vacances. C\u2019est normal. A minima vous souhaitez qu\u2019ils vous rendent la location comme ils l\u2019ont trouv\u00e9e. Et cela ind\u00e9pendamment du m\u00e9nage location saisonni\u00e8re que vous r\u00e9aliserez par vous-m\u00eame ou avec l\u2019aide d\u2019un homme ou d\u2019une femme de m\u00e9nage.<\/p>\n\n\n\n<h2 id=\"proposer-une-location-de-vacances-decente\" class=\"wp-block-heading\">Proposer une location de vacances d\u00e9cente<\/h2>\n\n\n\n<p>Ainsi, le logement propos\u00e9 ne doit pas laisser appara\u00eetre des risques manifestes qui pourront nuire \u00e0 la sant\u00e9 des locataires. Ce qui veut dire que les toits, les portes et les fen\u00eatres doivent \u00eatre en bon \u00e9tat, et que l\u2019on ne doit pas trouver des insectes nuisibles et autres parasites sur les lieux.En plus de fournir les meubles et \u00e9quipements n\u00e9cessaires \u00e0 la location, le propri\u00e9taire doit aussi s\u2019assurer que le logement soit s\u00e9curis\u00e9. Il est conseill\u00e9 de bien s\u00e9curiser les installations \u00e9lectriques, d\u2019installer un extincteur, et d\u2019appliquer les dispositifs de s\u00e9curit\u00e9 pour la piscine (s\u2019il y en a).<\/p>\n\n\n<div class=\"wp-block-image\">\n<figure class=\"aligncenter\"><a href=\"https:\/\/blog.toploc.com\/wp-content\/uploads\/2020\/06\/Remise-en-etat-dune-location-saisonniere.jpg\"><img loading=\"lazy\" decoding=\"async\" width=\"700\" height=\"452\" src=\"https:\/\/blog.toploc.com\/wp-content\/uploads\/2020\/06\/Remise-en-etat-dune-location-saisonniere.jpg\" alt=\"Remise en \u00e9tat d'une location saisonni\u00e8re\" class=\"wp-image-96815\"\/><\/a><figcaption class=\"wp-element-caption\"><small>Remise en \u00e9tat d&#8217;une location saisonni\u00e8re<\/small><\/figcaption><\/figure>\n<\/div>\n\n\n<h2 id=\"lentretien-a-la-charge-du-proprietaire\" class=\"wp-block-heading\">L&#8217;entretien \u00e0 la charge du propri\u00e9taire<\/h2>\n\n\n\n<p>Avant une premi\u00e8re location ou entre deux locataires, le propri\u00e9taire doit donc s\u2019engager \u00e0 mettre en \u00e9tat son h\u00e9bergement de vacances, quitte \u00e0 faire quelques r\u00e9parations. Parmi les travaux \u00e0 la charge du propri\u00e9taire, on retrouve la r\u00e9paration de la toiture et le remplacement des portes\/fen\u00eatres. Avant d\u2019accepter de nouveaux locataires, il doit aussi s\u2019assurer que le syst\u00e8me de chauffage et les divers \u00e9l\u00e9ments sanitaires soient en bon \u00e9tat de fonctionnement. Dans le cas contraire, il est n\u00e9cessaire de remplacer les \u00e9l\u00e9ments endommag\u00e9s, que ce soit un radiateur, une chasse d\u2019eau, le ballon d\u2019eau chaude ou encore les \u00e9ventuelles ampoules grill\u00e9es.<\/p>\n\n\n\n<p>A lire : <a href=\"https:\/\/blog.toploc.com\/blog\/hotes\/entretenir-votre-location-saisonniere\">Tout savoir sur le m\u00e9nage et l\u2019entretien location saisonni\u00e8re<\/a><\/p>\n\n\n\n<h2 id=\"remplacer-les-equipements\" class=\"wp-block-heading\">Remplacer les \u00e9quipements<\/h2>\n\n\n\n<p>Avant de remettre votre appartement en location, pensez aussi \u00e0 remplacer les \u00e9quipements vieillissants comme la moquette et les rev\u00eatements muraux, et m\u00eame remettre un coup de peinture si n\u00e9cessaire. Le simple fait de r\u00e9nover votre h\u00e9bergement vous permettra de louer plus facilement votre h\u00e9bergement. N\u2019oubliez pas que les locataires pourront vous laisser une appr\u00e9ciation et qu\u2019il serait dommage d\u2019avoir de mauvais avis. Ainsi, si votre location est propre, les vacanciers reviendront plus facilement l\u2019ann\u00e9e suivante et pourront vous faire de la bonne publicit\u00e9&nbsp;. Vous avez ainsi tout \u00e0 gagner en soignant votre int\u00e9rieur&nbsp;!<\/p>\n\n\n\n<p>Julien pour <a href=\"https:\/\/toploc.com\">Toploc<\/a><\/p>\n","protected":false},"excerpt":{"rendered":"Avant de mettre son logement en location saisonni\u00e8re, chaque propri\u00e9taire doit respecter certaines r\u00e8gles, notamment par rapport \u00e0&hellip;\n","protected":false},"author":3,"featured_media":96814,"comment_status":"open","ping_status":"closed","sticky":false,"template":"","format":"standard","meta":{"footnotes":""},"categories":[61],"tags":[6209,6210,6211,6212],"class_list":{"0":"post-96813","1":"post","2":"type-post","3":"status-publish","4":"format-standard","5":"has-post-thumbnail","7":"category-hotes","8":"tag-entretenir-sa-location-de-vacances","9":"tag-les-criteres-de-decence-du-logement","10":"tag-mettre-son-appartement-en-location","11":"tag-securiser-le-logement-a-louer"},"yoast_head":"<!-- This site is optimized with the Yoast SEO plugin v26.9 - https:\/\/yoast.com\/product\/yoast-seo-wordpress\/ -->\n<title>Les travaux et l&#039;entretien \u00e0 la charge du propri\u00e9taire<\/title>\n<meta name=\"description\" content=\"Vous \u00eates propri\u00e9taire d\u2019une location saisonni\u00e8re ? Connaissez-vous les travaux \u00e0 la charge du propri\u00e9taire? Retrouvez dans cet article..\" \/>\n<meta name=\"robots\" content=\"index, follow, max-snippet:-1, max-image-preview:large, max-video-preview:-1\" \/>\n<link rel=\"canonical\" href=\"https:\/\/toploc.com\/blog\/hotes\/travaux-a-la-charge-du-proprietaire\" \/>\n<meta property=\"og:locale\" content=\"fr_FR\" \/>\n<meta property=\"og:type\" content=\"article\" \/>\n<meta property=\"og:title\" content=\"Les travaux et l&#039;entretien \u00e0 la charge du propri\u00e9taire\" \/>\n<meta property=\"og:description\" content=\"Vous \u00eates propri\u00e9taire d\u2019une location saisonni\u00e8re ? Connaissez-vous les travaux \u00e0 la charge du propri\u00e9taire? Retrouvez dans cet article..\" \/>\n<meta property=\"og:url\" content=\"https:\/\/toploc.com\/blog\/hotes\/travaux-a-la-charge-du-proprietaire\" \/>\n<meta property=\"og:site_name\" content=\"Toploc\" \/>\n<meta property=\"article:publisher\" content=\"https:\/\/www.facebook.com\/locationfrancophone\" \/>\n<meta property=\"article:published_time\" content=\"2025-02-18T11:07:47+00:00\" \/>\n<meta property=\"article:modified_time\" content=\"2025-02-20T11:07:48+00:00\" \/>\n<meta property=\"og:image\" content=\"https:\/\/toploc.com\/blog\/wp-content\/uploads\/2020\/06\/Les-travaux-a-la-charge-du-proprietaire-de-location-de-vacances.jpg\" \/>\n\t<meta property=\"og:image:width\" content=\"700\" \/>\n\t<meta property=\"og:image:height\" content=\"452\" \/>\n\t<meta property=\"og:image:type\" content=\"image\/jpeg\" \/>\n<meta name=\"author\" content=\"Julien\" \/>\n<meta name=\"twitter:card\" content=\"summary_large_image\" \/>\n<meta name=\"twitter:label1\" content=\"\u00c9crit par\" \/>\n\t<meta name=\"twitter:data1\" content=\"Julien\" \/>\n\t<meta name=\"twitter:label2\" content=\"Dur\u00e9e de lecture estim\u00e9e\" \/>\n\t<meta name=\"twitter:data2\" content=\"4 minutes\" \/>\n<script type=\"application\/ld+json\" class=\"yoast-schema-graph\">{\"@context\":\"https:\/\/schema.org\",\"@graph\":[{\"@type\":\"Article\",\"@id\":\"https:\/\/toploc.com\/blog\/hotes\/travaux-a-la-charge-du-proprietaire#article\",\"isPartOf\":{\"@id\":\"https:\/\/toploc.com\/blog\/hotes\/travaux-a-la-charge-du-proprietaire\"},\"author\":{\"name\":\"Julien\",\"@id\":\"https:\/\/toploc.com\/blog\/#\/schema\/person\/b66f845e3e2106301dee05e5bc776788\"},\"headline\":\"Les travaux et l&#8217;entretien \u00e0 la charge du propri\u00e9taire\",\"datePublished\":\"2025-02-18T11:07:47+00:00\",\"dateModified\":\"2025-02-20T11:07:48+00:00\",\"mainEntityOfPage\":{\"@id\":\"https:\/\/toploc.com\/blog\/hotes\/travaux-a-la-charge-du-proprietaire\"},\"wordCount\":698,\"commentCount\":0,\"publisher\":{\"@id\":\"https:\/\/toploc.com\/blog\/#organization\"},\"image\":{\"@id\":\"https:\/\/toploc.com\/blog\/hotes\/travaux-a-la-charge-du-proprietaire#primaryimage\"},\"thumbnailUrl\":\"https:\/\/toploc.com\/blog\/wp-content\/uploads\/2020\/06\/Les-travaux-a-la-charge-du-proprietaire-de-location-de-vacances.jpg\",\"keywords\":[\"entretenir sa location de vacances\",\"les crit\u00e8res de d\u00e9cence du logement\",\"mettre son appartement en location\",\"s\u00e9curiser le logement \u00e0 louer\"],\"articleSection\":[\"Astuces H\u00f4tes\"],\"inLanguage\":\"fr-FR\",\"potentialAction\":[{\"@type\":\"CommentAction\",\"name\":\"Comment\",\"target\":[\"https:\/\/toploc.com\/blog\/hotes\/travaux-a-la-charge-du-proprietaire#respond\"]}]},{\"@type\":\"WebPage\",\"@id\":\"https:\/\/toploc.com\/blog\/hotes\/travaux-a-la-charge-du-proprietaire\",\"url\":\"https:\/\/toploc.com\/blog\/hotes\/travaux-a-la-charge-du-proprietaire\",\"name\":\"Les travaux et l'entretien \u00e0 la charge du propri\u00e9taire\",\"isPartOf\":{\"@id\":\"https:\/\/toploc.com\/blog\/#website\"},\"primaryImageOfPage\":{\"@id\":\"https:\/\/toploc.com\/blog\/hotes\/travaux-a-la-charge-du-proprietaire#primaryimage\"},\"image\":{\"@id\":\"https:\/\/toploc.com\/blog\/hotes\/travaux-a-la-charge-du-proprietaire#primaryimage\"},\"thumbnailUrl\":\"https:\/\/toploc.com\/blog\/wp-content\/uploads\/2020\/06\/Les-travaux-a-la-charge-du-proprietaire-de-location-de-vacances.jpg\",\"datePublished\":\"2025-02-18T11:07:47+00:00\",\"dateModified\":\"2025-02-20T11:07:48+00:00\",\"description\":\"Vous \u00eates propri\u00e9taire d\u2019une location saisonni\u00e8re ? Connaissez-vous les travaux \u00e0 la charge du propri\u00e9taire? Retrouvez dans cet article..\",\"breadcrumb\":{\"@id\":\"https:\/\/toploc.com\/blog\/hotes\/travaux-a-la-charge-du-proprietaire#breadcrumb\"},\"inLanguage\":\"fr-FR\",\"potentialAction\":[{\"@type\":\"ReadAction\",\"target\":[\"https:\/\/toploc.com\/blog\/hotes\/travaux-a-la-charge-du-proprietaire\"]}]},{\"@type\":\"ImageObject\",\"inLanguage\":\"fr-FR\",\"@id\":\"https:\/\/toploc.com\/blog\/hotes\/travaux-a-la-charge-du-proprietaire#primaryimage\",\"url\":\"https:\/\/toploc.com\/blog\/wp-content\/uploads\/2020\/06\/Les-travaux-a-la-charge-du-proprietaire-de-location-de-vacances.jpg\",\"contentUrl\":\"https:\/\/toploc.com\/blog\/wp-content\/uploads\/2020\/06\/Les-travaux-a-la-charge-du-proprietaire-de-location-de-vacances.jpg\",\"width\":700,\"height\":452,\"caption\":\"Les travaux \u00e0 la charge du propri\u00e9taire de location de vacances\"},{\"@type\":\"BreadcrumbList\",\"@id\":\"https:\/\/toploc.com\/blog\/hotes\/travaux-a-la-charge-du-proprietaire#breadcrumb\",\"itemListElement\":[{\"@type\":\"ListItem\",\"position\":1,\"name\":\"Accueil\",\"item\":\"https:\/\/toploc.com\/blog\"},{\"@type\":\"ListItem\",\"position\":2,\"name\":\"Les travaux et l&#8217;entretien \u00e0 la charge du propri\u00e9taire\"}]},{\"@type\":\"WebSite\",\"@id\":\"https:\/\/toploc.com\/blog\/#website\",\"url\":\"https:\/\/toploc.com\/blog\/\",\"name\":\"Toploc\",\"description\":\"Itin\u00e9raires natures et locations de vacances en groupe\",\"publisher\":{\"@id\":\"https:\/\/toploc.com\/blog\/#organization\"},\"potentialAction\":[{\"@type\":\"SearchAction\",\"target\":{\"@type\":\"EntryPoint\",\"urlTemplate\":\"https:\/\/toploc.com\/blog\/?s={search_term_string}\"},\"query-input\":{\"@type\":\"PropertyValueSpecification\",\"valueRequired\":true,\"valueName\":\"search_term_string\"}}],\"inLanguage\":\"fr-FR\"},{\"@type\":\"Organization\",\"@id\":\"https:\/\/toploc.com\/blog\/#organization\",\"name\":\"Toploc\",\"url\":\"https:\/\/toploc.com\/blog\/\",\"logo\":{\"@type\":\"ImageObject\",\"inLanguage\":\"fr-FR\",\"@id\":\"https:\/\/toploc.com\/blog\/#\/schema\/logo\/image\/\",\"url\":\"https:\/\/blog.toploc.com\/wp-content\/uploads\/2022\/03\/toploc_facebook_5.png\",\"contentUrl\":\"https:\/\/blog.toploc.com\/wp-content\/uploads\/2022\/03\/toploc_facebook_5.png\",\"width\":600,\"height\":600,\"caption\":\"Toploc\"},\"image\":{\"@id\":\"https:\/\/toploc.com\/blog\/#\/schema\/logo\/image\/\"},\"sameAs\":[\"https:\/\/www.facebook.com\/locationfrancophone\",\"https:\/\/www.instagram.com\/toploc_\",\"https:\/\/www.pinterest.fr\/Toploc_\/\"]},{\"@type\":\"Person\",\"@id\":\"https:\/\/toploc.com\/blog\/#\/schema\/person\/b66f845e3e2106301dee05e5bc776788\",\"name\":\"Julien\",\"image\":{\"@type\":\"ImageObject\",\"inLanguage\":\"fr-FR\",\"@id\":\"https:\/\/toploc.com\/blog\/#\/schema\/person\/image\/\",\"url\":\"https:\/\/secure.gravatar.com\/avatar\/642d3d11687b291bb0ade289db2c7d821a72910624f4eb86cab555b4c6a3ed15?s=96&d=mm&r=g\",\"contentUrl\":\"https:\/\/secure.gravatar.com\/avatar\/642d3d11687b291bb0ade289db2c7d821a72910624f4eb86cab555b4c6a3ed15?s=96&d=mm&r=g\",\"caption\":\"Julien\"},\"description\":\"Julien est un passionn\u00e9 de nature et de grands espaces. Guide de moyenne montagne en Andorre, il a partag\u00e9 ses r\u00e9cits de voyage pendant plusieurs ann\u00e9es. Aujourd'hui il est co-auteur de plusieurs articles pour Toploc.\",\"url\":\"https:\/\/toploc.com\/blog\/author\/julien\"}]}<\/script>\n<!-- \/ Yoast SEO plugin. -->","yoast_head_json":{"title":"Les travaux et l'entretien \u00e0 la charge du propri\u00e9taire","description":"Vous \u00eates propri\u00e9taire d\u2019une location saisonni\u00e8re ? Connaissez-vous les travaux \u00e0 la charge du propri\u00e9taire? Retrouvez dans cet article..","robots":{"index":"index","follow":"follow","max-snippet":"max-snippet:-1","max-image-preview":"max-image-preview:large","max-video-preview":"max-video-preview:-1"},"canonical":"https:\/\/toploc.com\/blog\/hotes\/travaux-a-la-charge-du-proprietaire","og_locale":"fr_FR","og_type":"article","og_title":"Les travaux et l'entretien \u00e0 la charge du propri\u00e9taire","og_description":"Vous \u00eates propri\u00e9taire d\u2019une location saisonni\u00e8re ? Connaissez-vous les travaux \u00e0 la charge du propri\u00e9taire? Retrouvez dans cet article..","og_url":"https:\/\/toploc.com\/blog\/hotes\/travaux-a-la-charge-du-proprietaire","og_site_name":"Toploc","article_publisher":"https:\/\/www.facebook.com\/locationfrancophone","article_published_time":"2025-02-18T11:07:47+00:00","article_modified_time":"2025-02-20T11:07:48+00:00","og_image":[{"width":700,"height":452,"url":"https:\/\/toploc.com\/blog\/wp-content\/uploads\/2020\/06\/Les-travaux-a-la-charge-du-proprietaire-de-location-de-vacances.jpg","type":"image\/jpeg"}],"author":"Julien","twitter_card":"summary_large_image","twitter_misc":{"\u00c9crit par":"Julien","Dur\u00e9e de lecture estim\u00e9e":"4 minutes"},"schema":{"@context":"https:\/\/schema.org","@graph":[{"@type":"Article","@id":"https:\/\/toploc.com\/blog\/hotes\/travaux-a-la-charge-du-proprietaire#article","isPartOf":{"@id":"https:\/\/toploc.com\/blog\/hotes\/travaux-a-la-charge-du-proprietaire"},"author":{"name":"Julien","@id":"https:\/\/toploc.com\/blog\/#\/schema\/person\/b66f845e3e2106301dee05e5bc776788"},"headline":"Les travaux et l&#8217;entretien \u00e0 la charge du propri\u00e9taire","datePublished":"2025-02-18T11:07:47+00:00","dateModified":"2025-02-20T11:07:48+00:00","mainEntityOfPage":{"@id":"https:\/\/toploc.com\/blog\/hotes\/travaux-a-la-charge-du-proprietaire"},"wordCount":698,"commentCount":0,"publisher":{"@id":"https:\/\/toploc.com\/blog\/#organization"},"image":{"@id":"https:\/\/toploc.com\/blog\/hotes\/travaux-a-la-charge-du-proprietaire#primaryimage"},"thumbnailUrl":"https:\/\/toploc.com\/blog\/wp-content\/uploads\/2020\/06\/Les-travaux-a-la-charge-du-proprietaire-de-location-de-vacances.jpg","keywords":["entretenir sa location de vacances","les crit\u00e8res de d\u00e9cence du logement","mettre son appartement en location","s\u00e9curiser le logement \u00e0 louer"],"articleSection":["Astuces H\u00f4tes"],"inLanguage":"fr-FR","potentialAction":[{"@type":"CommentAction","name":"Comment","target":["https:\/\/toploc.com\/blog\/hotes\/travaux-a-la-charge-du-proprietaire#respond"]}]},{"@type":"WebPage","@id":"https:\/\/toploc.com\/blog\/hotes\/travaux-a-la-charge-du-proprietaire","url":"https:\/\/toploc.com\/blog\/hotes\/travaux-a-la-charge-du-proprietaire","name":"Les travaux et l'entretien \u00e0 la charge du propri\u00e9taire","isPartOf":{"@id":"https:\/\/toploc.com\/blog\/#website"},"primaryImageOfPage":{"@id":"https:\/\/toploc.com\/blog\/hotes\/travaux-a-la-charge-du-proprietaire#primaryimage"},"image":{"@id":"https:\/\/toploc.com\/blog\/hotes\/travaux-a-la-charge-du-proprietaire#primaryimage"},"thumbnailUrl":"https:\/\/toploc.com\/blog\/wp-content\/uploads\/2020\/06\/Les-travaux-a-la-charge-du-proprietaire-de-location-de-vacances.jpg","datePublished":"2025-02-18T11:07:47+00:00","dateModified":"2025-02-20T11:07:48+00:00","description":"Vous \u00eates propri\u00e9taire d\u2019une location saisonni\u00e8re ? Connaissez-vous les travaux \u00e0 la charge du propri\u00e9taire? Retrouvez dans cet article..","breadcrumb":{"@id":"https:\/\/toploc.com\/blog\/hotes\/travaux-a-la-charge-du-proprietaire#breadcrumb"},"inLanguage":"fr-FR","potentialAction":[{"@type":"ReadAction","target":["https:\/\/toploc.com\/blog\/hotes\/travaux-a-la-charge-du-proprietaire"]}]},{"@type":"ImageObject","inLanguage":"fr-FR","@id":"https:\/\/toploc.com\/blog\/hotes\/travaux-a-la-charge-du-proprietaire#primaryimage","url":"https:\/\/toploc.com\/blog\/wp-content\/uploads\/2020\/06\/Les-travaux-a-la-charge-du-proprietaire-de-location-de-vacances.jpg","contentUrl":"https:\/\/toploc.com\/blog\/wp-content\/uploads\/2020\/06\/Les-travaux-a-la-charge-du-proprietaire-de-location-de-vacances.jpg","width":700,"height":452,"caption":"Les travaux \u00e0 la charge du propri\u00e9taire de location de vacances"},{"@type":"BreadcrumbList","@id":"https:\/\/toploc.com\/blog\/hotes\/travaux-a-la-charge-du-proprietaire#breadcrumb","itemListElement":[{"@type":"ListItem","position":1,"name":"Accueil","item":"https:\/\/toploc.com\/blog"},{"@type":"ListItem","position":2,"name":"Les travaux et l&#8217;entretien \u00e0 la charge du propri\u00e9taire"}]},{"@type":"WebSite","@id":"https:\/\/toploc.com\/blog\/#website","url":"https:\/\/toploc.com\/blog\/","name":"Toploc","description":"Itin\u00e9raires natures et locations de vacances en groupe","publisher":{"@id":"https:\/\/toploc.com\/blog\/#organization"},"potentialAction":[{"@type":"SearchAction","target":{"@type":"EntryPoint","urlTemplate":"https:\/\/toploc.com\/blog\/?s={search_term_string}"},"query-input":{"@type":"PropertyValueSpecification","valueRequired":true,"valueName":"search_term_string"}}],"inLanguage":"fr-FR"},{"@type":"Organization","@id":"https:\/\/toploc.com\/blog\/#organization","name":"Toploc","url":"https:\/\/toploc.com\/blog\/","logo":{"@type":"ImageObject","inLanguage":"fr-FR","@id":"https:\/\/toploc.com\/blog\/#\/schema\/logo\/image\/","url":"https:\/\/blog.toploc.com\/wp-content\/uploads\/2022\/03\/toploc_facebook_5.png","contentUrl":"https:\/\/blog.toploc.com\/wp-content\/uploads\/2022\/03\/toploc_facebook_5.png","width":600,"height":600,"caption":"Toploc"},"image":{"@id":"https:\/\/toploc.com\/blog\/#\/schema\/logo\/image\/"},"sameAs":["https:\/\/www.facebook.com\/locationfrancophone","https:\/\/www.instagram.com\/toploc_","https:\/\/www.pinterest.fr\/Toploc_\/"]},{"@type":"Person","@id":"https:\/\/toploc.com\/blog\/#\/schema\/person\/b66f845e3e2106301dee05e5bc776788","name":"Julien","image":{"@type":"ImageObject","inLanguage":"fr-FR","@id":"https:\/\/toploc.com\/blog\/#\/schema\/person\/image\/","url":"https:\/\/secure.gravatar.com\/avatar\/642d3d11687b291bb0ade289db2c7d821a72910624f4eb86cab555b4c6a3ed15?s=96&d=mm&r=g","contentUrl":"https:\/\/secure.gravatar.com\/avatar\/642d3d11687b291bb0ade289db2c7d821a72910624f4eb86cab555b4c6a3ed15?s=96&d=mm&r=g","caption":"Julien"},"description":"Julien est un passionn\u00e9 de nature et de grands espaces. Guide de moyenne montagne en Andorre, il a partag\u00e9 ses r\u00e9cits de voyage pendant plusieurs ann\u00e9es. Aujourd'hui il est co-auteur de plusieurs articles pour Toploc.","url":"https:\/\/toploc.com\/blog\/author\/julien"}]}},"_links":{"self":[{"href":"https:\/\/toploc.com\/blog\/wp-json\/wp\/v2\/posts\/96813","targetHints":{"allow":["GET"]}}],"collection":[{"href":"https:\/\/toploc.com\/blog\/wp-json\/wp\/v2\/posts"}],"about":[{"href":"https:\/\/toploc.com\/blog\/wp-json\/wp\/v2\/types\/post"}],"author":[{"embeddable":true,"href":"https:\/\/toploc.com\/blog\/wp-json\/wp\/v2\/users\/3"}],"replies":[{"embeddable":true,"href":"https:\/\/toploc.com\/blog\/wp-json\/wp\/v2\/comments?post=96813"}],"version-history":[{"count":7,"href":"https:\/\/toploc.com\/blog\/wp-json\/wp\/v2\/posts\/96813\/revisions"}],"predecessor-version":[{"id":153977,"href":"https:\/\/toploc.com\/blog\/wp-json\/wp\/v2\/posts\/96813\/revisions\/153977"}],"wp:featuredmedia":[{"embeddable":true,"href":"https:\/\/toploc.com\/blog\/wp-json\/wp\/v2\/media\/96814"}],"wp:attachment":[{"href":"https:\/\/toploc.com\/blog\/wp-json\/wp\/v2\/media?parent=96813"}],"wp:term":[{"taxonomy":"category","embeddable":true,"href":"https:\/\/toploc.com\/blog\/wp-json\/wp\/v2\/categories?post=96813"},{"taxonomy":"post_tag","embeddable":true,"href":"https:\/\/toploc.com\/blog\/wp-json\/wp\/v2\/tags?post=96813"}],"curies":[{"name":"wp","href":"https:\/\/api.w.org\/{rel}","templated":true}]}}