{"id":94499,"date":"2024-02-10T15:30:16","date_gmt":"2024-02-10T14:30:16","guid":{"rendered":"https:\/\/www.location-francophone.com\/?p=94499"},"modified":"2024-02-14T15:42:48","modified_gmt":"2024-02-14T14:42:48","slug":"quartier-saint-germain-des-pres","status":"publish","type":"post","link":"https:\/\/toploc.com\/blog\/france\/quartier-saint-germain-des-pres","title":{"rendered":"Les 10 choses \u00e0 faire pour visiter Saint-Germain-des-Pr\u00e9s"},"content":{"rendered":"\n<p>L\u2019histoire du quartier Saint-Germain-des-Pr\u00e9s depuis sa fondation jusqu\u2019\u00e0 aujourd\u2019hui tourne autour du b\u00e2timent religieux tr\u00f4nant tout au milieu, \u00e0 savoir l\u2019abbaye de Saint-Germain. Tout a commenc\u00e9 au 6e si\u00e8cle lorsque le roi Childebert 1<sup>er<\/sup> a d\u00e9cid\u00e9 de fonder une \u00e9glise sous les conseils de l\u2019\u00e9v\u00eaque Germain en le baptisant l\u2019Abbaye Saint-Vincent. Quelles sont les choses \u00e0 voir et \u00e0 faire pour visiter Saint-Germain-des-Pr\u00e9s ? On d\u00e9marre notre itin\u00e9raire par l&#8217;Abbaye Saint-Germain, puis le Th\u00e9\u00e2tre de l&#8217;Od\u00e9on avant de vous emmener boire un verre au Caf\u00e9 de Flore. Apr\u00e8s votre halte au Bon March\u00e9 on vous recommande la visite de la Coupole de l&#8217;Institut de France. <\/p>\n\n\n\n<p>A lire : <a href=\"https:\/\/blog.toploc.com\/blog\/france\/visiter-paris\">Les 20 choses \u00e0 voir et \u00e0 faire pour visiter Paris<\/a><\/p>\n\n\n\n<h2 id=\"un-peu-dhistoire-sur-saint-germain-des-pres\" class=\"wp-block-heading\">Un peu d\u2019histoire sur Saint-Germain-des-Pr\u00e9s<\/h2>\n\n\n<div class=\"wp-block-image\">\n<figure class=\"aligncenter\"><a href=\"https:\/\/blog.toploc.com\/wp-content\/uploads\/2020\/05\/Offrez-vous-une-escapade-dans-le-quartier-Saint-Germain-des-Pres-lors-de-votre-sejour-a-Paris.jpg\"><img loading=\"lazy\" decoding=\"async\" width=\"700\" height=\"452\" src=\"https:\/\/blog.toploc.com\/wp-content\/uploads\/2020\/05\/Offrez-vous-une-escapade-dans-le-quartier-Saint-Germain-des-Pres-lors-de-votre-sejour-a-Paris.jpg\" alt=\"Offrez-vous une escapade dans le quartier Saint-Germain-des-Pr\u00e9s lors de votre s\u00e9jour \u00e0 Paris\" class=\"wp-image-94500\"\/><\/a><figcaption class=\"wp-element-caption\"><small>Offrez-vous une escapade dans le quartier Saint-Germain-des-Pr\u00e9s lors de votre s\u00e9jour \u00e0 Paris<\/small><\/figcaption><\/figure>\n<\/div>\n\n\n<p>Quelques peintres et \u00e9crivains c\u00e9l\u00e8bres habitaient Saint-Germain-des-Pr\u00e9s autrefois, comme Manet, Delacroix, Balzac ou Racine. Tant appr\u00e9ci\u00e9 par ces illustres personnages fran\u00e7ais, le quartier gagne alors la r\u00e9putation de centre culturel et artistique pour Paris. Les ann\u00e9es passent et Saint-Germain-des-Pr\u00e9s devient davantage une r\u00e9f\u00e9rence dans le domaine de l\u2019art et de la culture, mais \u00e9galement de la mode \u00e9tant donn\u00e9 que de prestigieuses enseignes comme Saint-Laurent, Dior ou encore Louis Vuitton y ont \u00e9lu domicile.<\/p>\n\n\n\n<h2 id=\"abbaye-saint-germain\" class=\"wp-block-heading\">Abbaye Saint-Germain<\/h2>\n\n\n\n<figure class=\"wp-block-image size-full\"><img loading=\"lazy\" decoding=\"async\" width=\"1240\" height=\"827\" src=\"https:\/\/blog.toploc.com\/wp-content\/uploads\/2024\/02\/image-278.png\" alt=\"L'Abbaye Saint-Germain \u00a9 L'internaute\" class=\"wp-image-143132\"\/><figcaption class=\"wp-element-caption\">L&#8217;Abbaye Saint-Germain \u00a9 L&#8217;internaute<\/figcaption><\/figure>\n\n\n\n<h3 id=\"pourquoi-visiter-saint-germain-des-pres-et-labbaye\" class=\"wp-block-heading\">Pourquoi visiter Saint-Germain-des-Pr\u00e9s et l&#8217;Abbaye ?<\/h3>\n\n\n\n<p>L\u2019Abbaye de Saint-Germain-des-Pr\u00e9s est donc le point central, voire m\u00eame le c\u0153ur du quartier \u00e9ponyme. C\u2019est pour cela qu\u2019il est essentiel de visiter le c\u00e9l\u00e8bre monument en premier lors d\u2019un s\u00e9jour dans le quartier mythique parisien. Malgr\u00e9 la destruction et l\u2019incendie de certains b\u00e2timents au cours des ann\u00e9es, l\u2019Abbaye n\u2019a jamais \u00e9t\u00e9 compl\u00e8tement dissoute, et a d\u2019ailleurs subi quelques \u00e9tapes de restauration. La preuve, il s\u2019agit d\u2019un haut-lieu touristique qui reste ouvert aux touristes toute l\u2019ann\u00e9e, principalement l\u2019\u00e9glise et le palais abbatial.<\/p>\n\n\n\n<h2 id=\"theatre-de-lodeon\" class=\"wp-block-heading\">Th\u00e9\u00e2tre de l\u2019Od\u00e9on<\/h2>\n\n\n\n<figure class=\"wp-block-image size-full\"><img loading=\"lazy\" decoding=\"async\" width=\"2048\" height=\"1419\" src=\"https:\/\/blog.toploc.com\/wp-content\/uploads\/2024\/02\/image-271.png\" alt=\"\" class=\"wp-image-143125\"\/><\/figure>\n\n\n\n<h3 id=\"pourquoi-visiter-saint-germain-des-pres-et-le-theatre-de-lodeon\" class=\"wp-block-heading\">Pourquoi visiter Saint-Germain-des-Pr\u00e9s et le th\u00e9atre de l&#8217;Od\u00e9on ?<\/h3>\n\n\n\n<p>Dans le quartier Saint-Germain-des-Pr\u00e9s, il n\u2019y a pas que l\u2019Abbaye et ses vestiges du pass\u00e9. En effet, le Th\u00e9\u00e2tre de l\u2019Od\u00e9on est \u00e9galement un lieu de passage pour les touristes et vacanciers. Situ\u00e9 au sud-est du quartier, ce b\u00e2timent datant du 18e si\u00e8cle impressionne aussi bien pour son architecture ext\u00e9rieure form\u00e9e par une arche soutenue par des pavillons, que pour sa salle de repr\u00e9sentation de style italien. Inaugur\u00e9 en 1782, le fameux th\u00e9\u00e2tre accueille toujours des repr\u00e9sentations, de quoi vous occuper lors de votre passage \u00e0 Saint-Germain-des-Pr\u00e9s.<\/p>\n\n\n\n<h2 id=\"cafe-de-flore\" class=\"wp-block-heading\">Caf\u00e9 de Flore<\/h2>\n\n\n\n<figure class=\"wp-block-image size-full\"><img loading=\"lazy\" decoding=\"async\" width=\"1200\" height=\"884\" src=\"https:\/\/blog.toploc.com\/wp-content\/uploads\/2024\/02\/image-275.png\" alt=\"Entr\u00e9e du caf\u00e9 de Flore dans le 6\u00e8me \u00a9 Pariscrea.com\" class=\"wp-image-143129\"\/><figcaption class=\"wp-element-caption\">Entr\u00e9e du caf\u00e9 de Flore dans le 6\u00e8me \u00a9 Pariscrea.com<\/figcaption><\/figure>\n\n\n\n<h3 id=\"ou-boire-un-verre-a-saint-germain-des-pres\" class=\"wp-block-heading\">O\u00f9 boire un verre \u00e0 Saint-Germain-des-Pr\u00e8s ?<\/h3>\n\n\n\n<p>Entre les <a href=\"https:\/\/www.location-francophone.com\/blog\/monuments-celebres-en-grece\/\">visites des lieux et places mythiques<\/a>, vous pouvez faire une petite pause dans quelques caf\u00e9s hupp\u00e9s du quartier, comme le caf\u00e9 de Flore, ou encore boire un verre entre amis \u00e0 la brasserie Lipp. Et si vous avez un petit creux, n\u2019h\u00e9sitez pas \u00e0 faire un d\u00e9tour au sein du c\u00e9l\u00e8bre caf\u00e9 restaurant des Deux Magots pour y d\u00e9guster de bons petits plats typiquement fran\u00e7ais. Vous pouvez soit vous installer \u00e0 l\u2019int\u00e9rieur et en m\u00eame temps admirer le joli d\u00e9cor de ce lieu phare du quartier, soit prendre place sur la terrasse pour continuer \u00e0 admirer le charme de Saint-Germais-des-Pr\u00e9s.<\/p>\n\n\n\n<h2 id=\"le-bon-marche\" class=\"wp-block-heading\">Le Bon March\u00e9<\/h2>\n\n\n\n<figure class=\"wp-block-image size-full\"><img loading=\"lazy\" decoding=\"async\" width=\"800\" height=\"534\" src=\"https:\/\/blog.toploc.com\/wp-content\/uploads\/2024\/02\/image-277.png\" alt=\"\" class=\"wp-image-143131\"\/><\/figure>\n\n\n\n<h3 id=\"ou-faire-du-shopping-a-saint-germain-des-pres\" class=\"wp-block-heading\">O\u00f9 faire du shopping \u00e0 Saint-Germain-des-Pr\u00e8s ?<\/h3>\n\n\n\n<p>Le l\u00e8che vitrine est aussi une activit\u00e9 incontournable dans le quartier de Saint-Germain-des-Pr\u00e9s, ou plusieurs boutiques toutes aussi luxueuses les unes que les autres vous attendent. Et si vous n\u2019avez pas les moyens de vous payer des chaussures Sonia Rykiel ou un sac \u00e0 main griff\u00e9 Louis Vuitton, vous pouvez toujours vous rendre au \u00ab\u00a0Bon March\u00e9\u00a0\u00bb, une institution parisienne de la mode qui regroupe d\u2019autres marques comme Marc Jacobs, Kenzo ou encore Givenchy.<\/p>\n\n\n\n<h2 id=\"institut-de-france\" class=\"wp-block-heading\">Institut de France<\/h2>\n\n\n\n<figure class=\"wp-block-image size-full\"><img loading=\"lazy\" decoding=\"async\" width=\"1200\" height=\"680\" src=\"https:\/\/blog.toploc.com\/wp-content\/uploads\/2024\/02\/image-272.png\" alt=\"Vue sur l'Institut de France et sa coupole \u00a9 France Bleu\" class=\"wp-image-143126\"\/><figcaption class=\"wp-element-caption\">Vue sur l&#8217;Institut de France et sa coupole \u00a9 France Bleu<\/figcaption><\/figure>\n\n\n\n<h3 id=\"pourquoi-visiter-saint-germain-des-pres-et-linstitut-de-france\" class=\"wp-block-heading\">Pourquoi visiter Saint-Germain-des-Pr\u00e9s et l&#8217;Institut de France ?<\/h3>\n\n\n\n<p>Ce fameux 6e arrondissement de paris abrite aussi un autre b\u00e2timent impressionnant avec une coupole dor\u00e9e,<a href=\"https:\/\/www.institutdefrance.fr\/\"> l\u2019Institut de France<\/a>. Cette institution fran\u00e7aise a \u00e9t\u00e9 cr\u00e9\u00e9e en 1795 et se trouve au 23 quai de Conti. L&#8217;Institut de France rassemble des \u00e9lites scientifiques, litt\u00e9raires et artistiques qui travaillent \u00e0 perfectionner les sciences et les arts. On y trouver 5 acad\u00e9mie dont celle des Beaux-Arts. L&#8217;Institut de France est notamment c\u00e9l\u00e8bre pour sa Coupole ainsi que sa librairie, la biblioth\u00e8que Mazarine et la biblioth\u00e8que de l&#8217;Institut. La Coupole de l&#8217;Institut est ouverte au public tous les samedis de 10h \u00e0 18h.<\/p>\n\n\n\n<h2 id=\"academie-des-beaux-arts\" class=\"wp-block-heading\">Acad\u00e9mie des Beaux-Arts<\/h2>\n\n\n\n<figure class=\"wp-block-image size-full\"><img loading=\"lazy\" decoding=\"async\" width=\"1900\" height=\"1267\" src=\"https:\/\/blog.toploc.com\/wp-content\/uploads\/2024\/02\/image-273.png\" alt=\"Cours de l'acad\u00e9mie des Beaux-Arts \u00e0 Paris \u00a9 Renaud Millet\" class=\"wp-image-143127\"\/><figcaption class=\"wp-element-caption\">Cours de l&#8217;acad\u00e9mie des Beaux-Arts \u00e0 Paris \u00a9 Renaud Millet<\/figcaption><\/figure>\n\n\n\n<h3 id=\"pourquoi-visiter-saint-germain-des-pres-et-lacademie-des-beaux-arts\" class=\"wp-block-heading\">Pourquoi visiter Saint-Germain-des-Pr\u00e9s et l&#8217;Acad\u00e9mie des Beaux-Arts ?<\/h3>\n\n\n\n<p>On trouve \u00e9galement un autre \u00e9tablissement culturel incontournable pour visiter Saint-Germain-des-Pr\u00e9s. Dans ce quartier artistique par excellence, vous trouverez l\u2019Acad\u00e9mie des Beaux-Arts. Bien que l\u2019endroit ne soit ouvert au public que temporairement, plus pr\u00e9cis\u00e9ment lors d\u2019expositions organis\u00e9es au mois de juin, l\u2019\u00c9cole Nationale des Beaux-Arts fait quand m\u00eame partie des attractions du quartier Saint-Germain-des-Pr\u00e9s.<\/p>\n\n\n\n<h2 id=\"musee-eugene-delacroix\" class=\"wp-block-heading\">Mus\u00e9e Eug\u00e8ne Delacroix<\/h2>\n\n\n\n<figure class=\"wp-block-image size-full\"><img loading=\"lazy\" decoding=\"async\" width=\"2048\" height=\"1367\" src=\"https:\/\/blog.toploc.com\/wp-content\/uploads\/2024\/02\/image-276.png\" alt=\"Vue sur la cour int\u00e9rieure de l'atelier-mus\u00e9e Eug\u00e8ne Delacroix \u00e0 Saint-Germain-des-Pr\u00e9s \u00a9 Time Out Paris\" class=\"wp-image-143130\"\/><figcaption class=\"wp-element-caption\">Vue sur la cour int\u00e9rieure de l&#8217;atelier-mus\u00e9e Eug\u00e8ne Delacroix \u00a9 Time Out Paris<\/figcaption><\/figure>\n\n\n\n<h3 id=\"pourquoi-visiter-saint-germain-des-pres-et-le-musee-eugene-delacroix\" class=\"wp-block-heading\">Pourquoi visiter Saint-Germain-des-Pr\u00e9s et le mus\u00e9e Eug\u00e8ne Delacroix ?<\/h3>\n\n\n\n<p>En termes de Mus\u00e9e, il n\u2019y a pas que <a href=\"https:\/\/www.location-francophone.com\/blog\/visite-du-musee-du-louvre-a-paris\/\">le Louvre \u00e0 Paris<\/a>, car il y a aussi celui du quartier Saint-Germain-des-Pr\u00e9s. Baptis\u00e9 Mus\u00e9e Eug\u00e8ne Delacroix en hommage au peintre fran\u00e7ais, ce mus\u00e9e du 6e arrondissement n\u2019est certes pas aussi riche en objets de collection que le Louvre, mais il y a de quoi faire le bonheur des amateurs d\u2019art. On trouve entre autres quelques belles toiles du peintre romantique dans ce lieu qui lui servait d\u2019appartement entre 1857 et 1863 (ann\u00e9e de son d\u00e9c\u00e8s).<\/p>\n\n\n\n<h2 id=\"place-de-furstemberg\" class=\"wp-block-heading\">Place de F\u00fcrstemberg<\/h2>\n\n\n\n<figure class=\"wp-block-image size-full\"><img loading=\"lazy\" decoding=\"async\" width=\"1024\" height=\"576\" src=\"https:\/\/blog.toploc.com\/wp-content\/uploads\/2024\/02\/image-274.png\" alt=\"La mignonette place de F\u00fcrstenberg \u00e0 Saint-Germain-des-Pr\u00e9s \u00a9 Paris Secret\" class=\"wp-image-143128\"\/><figcaption class=\"wp-element-caption\">La mignonette place de F\u00fcrstenberg \u00a9 Paris Secret<\/figcaption><\/figure>\n\n\n\n<h3 id=\"pourquoi-visiter-saint-germain-des-pres-et-la-place-de-furstemberg\" class=\"wp-block-heading\">Pourquoi visiter Saint-Germain-des-Pr\u00e9s et la place de F\u00fcrstemberg ?<\/h3>\n\n\n\n<p>La place de F\u00fcrstemberg ou place des \u00e9curies est une place historique pour visiter Saint-Germain-des-Pr\u00e9s. Elle se trouve face au mus\u00e9e Eug\u00e8ne-Delacroix, entre la rue Jacob, rue de l&#8217;Abbaye et la rue Cardinale. Elle doit son nom au Cardinal Guillaume-Egon de F\u00fcrstemberg qui fut abb\u00e9 de Saint-Germain-des-Pr\u00e8s en 1697. <a href=\"https:\/\/vivreparis.fr\/furstenberg-la-plus-charmante-place-de-paris\/\">La place de F\u00fcrstemberg est reconnue comme la plus charmante de Paris<\/a>. Elle est arbor\u00e9e et pr\u00e9sente en son centre un lampadaire \u00e0 5 t\u00eates tr\u00e8s rare dans la capitale.<\/p>\n\n\n\n<p>Julien pour <a href=\"https:\/\/toploc.com\">Toploc<\/a><\/p>\n","protected":false},"excerpt":{"rendered":"L\u2019histoire du quartier Saint-Germain-des-Pr\u00e9s depuis sa fondation jusqu\u2019\u00e0 aujourd\u2019hui tourne autour du b\u00e2timent religieux tr\u00f4nant tout au milieu,&hellip;\n","protected":false},"author":3,"featured_media":94500,"comment_status":"open","ping_status":"closed","sticky":false,"template":"","format":"standard","meta":{"footnotes":""},"categories":[114],"tags":[7455],"class_list":{"0":"post-94499","1":"post","2":"type-post","3":"status-publish","4":"format-standard","5":"has-post-thumbnail","7":"category-france","8":"tag-saint-germain-des-pres"},"yoast_head":"<!-- This site is optimized with the Yoast SEO plugin v26.9 - https:\/\/yoast.com\/product\/yoast-seo-wordpress\/ -->\n<title>Les 10 choses \u00e0 faire pour visiter Saint-Germain-des-Pr\u00e9s<\/title>\n<meta name=\"description\" content=\"Visiter Saint-Germain-des-Pr\u00e9s : Abbaye Saint-Germain . Th\u00e9\u00e2tre de l\u2019Od\u00e9on . Institut de France . Acad\u00e9mie des Beaux-Arts . Mus\u00e9e Delacroix\" \/>\n<meta name=\"robots\" content=\"index, follow, max-snippet:-1, max-image-preview:large, max-video-preview:-1\" \/>\n<link rel=\"canonical\" href=\"https:\/\/toploc.com\/blog\/france\/quartier-saint-germain-des-pres\" \/>\n<meta property=\"og:locale\" content=\"fr_FR\" \/>\n<meta property=\"og:type\" content=\"article\" \/>\n<meta property=\"og:title\" content=\"Les 10 choses \u00e0 faire pour visiter Saint-Germain-des-Pr\u00e9s\" \/>\n<meta property=\"og:description\" content=\"Visiter Saint-Germain-des-Pr\u00e9s : Abbaye Saint-Germain . Th\u00e9\u00e2tre de l\u2019Od\u00e9on . Institut de France . Acad\u00e9mie des Beaux-Arts . Mus\u00e9e Delacroix\" \/>\n<meta property=\"og:url\" content=\"https:\/\/toploc.com\/blog\/france\/quartier-saint-germain-des-pres\" \/>\n<meta property=\"og:site_name\" content=\"Toploc\" \/>\n<meta property=\"article:publisher\" content=\"https:\/\/www.facebook.com\/locationfrancophone\" \/>\n<meta property=\"article:published_time\" content=\"2024-02-10T14:30:16+00:00\" \/>\n<meta property=\"article:modified_time\" content=\"2024-02-14T14:42:48+00:00\" \/>\n<meta property=\"og:image\" content=\"https:\/\/toploc.com\/blog\/wp-content\/uploads\/2020\/05\/Offrez-vous-une-escapade-dans-le-quartier-Saint-Germain-des-Pres-lors-de-votre-sejour-a-Paris.jpg\" \/>\n\t<meta property=\"og:image:width\" content=\"700\" \/>\n\t<meta property=\"og:image:height\" content=\"452\" \/>\n\t<meta property=\"og:image:type\" content=\"image\/jpeg\" \/>\n<meta name=\"author\" content=\"Julien\" \/>\n<meta name=\"twitter:card\" content=\"summary_large_image\" \/>\n<meta name=\"twitter:label1\" content=\"\u00c9crit par\" \/>\n\t<meta name=\"twitter:data1\" content=\"Julien\" \/>\n\t<meta name=\"twitter:label2\" content=\"Dur\u00e9e de lecture estim\u00e9e\" \/>\n\t<meta name=\"twitter:data2\" content=\"8 minutes\" \/>\n<script type=\"application\/ld+json\" class=\"yoast-schema-graph\">{\"@context\":\"https:\/\/schema.org\",\"@graph\":[{\"@type\":\"Article\",\"@id\":\"https:\/\/toploc.com\/blog\/france\/quartier-saint-germain-des-pres#article\",\"isPartOf\":{\"@id\":\"https:\/\/toploc.com\/blog\/france\/quartier-saint-germain-des-pres\"},\"author\":{\"name\":\"Julien\",\"@id\":\"https:\/\/toploc.com\/blog\/#\/schema\/person\/b66f845e3e2106301dee05e5bc776788\"},\"headline\":\"Les 10 choses \u00e0 faire pour visiter Saint-Germain-des-Pr\u00e9s\",\"datePublished\":\"2024-02-10T14:30:16+00:00\",\"dateModified\":\"2024-02-14T14:42:48+00:00\",\"mainEntityOfPage\":{\"@id\":\"https:\/\/toploc.com\/blog\/france\/quartier-saint-germain-des-pres\"},\"wordCount\":1157,\"commentCount\":1,\"publisher\":{\"@id\":\"https:\/\/toploc.com\/blog\/#organization\"},\"image\":{\"@id\":\"https:\/\/toploc.com\/blog\/france\/quartier-saint-germain-des-pres#primaryimage\"},\"thumbnailUrl\":\"https:\/\/toploc.com\/blog\/wp-content\/uploads\/2020\/05\/Offrez-vous-une-escapade-dans-le-quartier-Saint-Germain-des-Pres-lors-de-votre-sejour-a-Paris.jpg\",\"keywords\":[\"Saint-Germain-des-Pr\u00e9s\"],\"articleSection\":[\"Itin\u00e9raires France\"],\"inLanguage\":\"fr-FR\",\"potentialAction\":[{\"@type\":\"CommentAction\",\"name\":\"Comment\",\"target\":[\"https:\/\/toploc.com\/blog\/france\/quartier-saint-germain-des-pres#respond\"]}]},{\"@type\":\"WebPage\",\"@id\":\"https:\/\/toploc.com\/blog\/france\/quartier-saint-germain-des-pres\",\"url\":\"https:\/\/toploc.com\/blog\/france\/quartier-saint-germain-des-pres\",\"name\":\"Les 10 choses \u00e0 faire pour visiter Saint-Germain-des-Pr\u00e9s\",\"isPartOf\":{\"@id\":\"https:\/\/toploc.com\/blog\/#website\"},\"primaryImageOfPage\":{\"@id\":\"https:\/\/toploc.com\/blog\/france\/quartier-saint-germain-des-pres#primaryimage\"},\"image\":{\"@id\":\"https:\/\/toploc.com\/blog\/france\/quartier-saint-germain-des-pres#primaryimage\"},\"thumbnailUrl\":\"https:\/\/toploc.com\/blog\/wp-content\/uploads\/2020\/05\/Offrez-vous-une-escapade-dans-le-quartier-Saint-Germain-des-Pres-lors-de-votre-sejour-a-Paris.jpg\",\"datePublished\":\"2024-02-10T14:30:16+00:00\",\"dateModified\":\"2024-02-14T14:42:48+00:00\",\"description\":\"Visiter Saint-Germain-des-Pr\u00e9s : Abbaye Saint-Germain . Th\u00e9\u00e2tre de l\u2019Od\u00e9on . Institut de France . Acad\u00e9mie des Beaux-Arts . Mus\u00e9e Delacroix\",\"breadcrumb\":{\"@id\":\"https:\/\/toploc.com\/blog\/france\/quartier-saint-germain-des-pres#breadcrumb\"},\"inLanguage\":\"fr-FR\",\"potentialAction\":[{\"@type\":\"ReadAction\",\"target\":[\"https:\/\/toploc.com\/blog\/france\/quartier-saint-germain-des-pres\"]}]},{\"@type\":\"ImageObject\",\"inLanguage\":\"fr-FR\",\"@id\":\"https:\/\/toploc.com\/blog\/france\/quartier-saint-germain-des-pres#primaryimage\",\"url\":\"https:\/\/toploc.com\/blog\/wp-content\/uploads\/2020\/05\/Offrez-vous-une-escapade-dans-le-quartier-Saint-Germain-des-Pres-lors-de-votre-sejour-a-Paris.jpg\",\"contentUrl\":\"https:\/\/toploc.com\/blog\/wp-content\/uploads\/2020\/05\/Offrez-vous-une-escapade-dans-le-quartier-Saint-Germain-des-Pres-lors-de-votre-sejour-a-Paris.jpg\",\"width\":700,\"height\":452,\"caption\":\"Offrez-vous une escapade dans le quartier Saint-Germain-des-Pr\u00e9s lors de votre s\u00e9jour \u00e0 Paris \u00a9 DR\"},{\"@type\":\"BreadcrumbList\",\"@id\":\"https:\/\/toploc.com\/blog\/france\/quartier-saint-germain-des-pres#breadcrumb\",\"itemListElement\":[{\"@type\":\"ListItem\",\"position\":1,\"name\":\"Accueil\",\"item\":\"https:\/\/toploc.com\/blog\"},{\"@type\":\"ListItem\",\"position\":2,\"name\":\"Les 10 choses \u00e0 faire pour visiter Saint-Germain-des-Pr\u00e9s\"}]},{\"@type\":\"WebSite\",\"@id\":\"https:\/\/toploc.com\/blog\/#website\",\"url\":\"https:\/\/toploc.com\/blog\/\",\"name\":\"Toploc\",\"description\":\"Itin\u00e9raires natures et locations de vacances en groupe\",\"publisher\":{\"@id\":\"https:\/\/toploc.com\/blog\/#organization\"},\"potentialAction\":[{\"@type\":\"SearchAction\",\"target\":{\"@type\":\"EntryPoint\",\"urlTemplate\":\"https:\/\/toploc.com\/blog\/?s={search_term_string}\"},\"query-input\":{\"@type\":\"PropertyValueSpecification\",\"valueRequired\":true,\"valueName\":\"search_term_string\"}}],\"inLanguage\":\"fr-FR\"},{\"@type\":\"Organization\",\"@id\":\"https:\/\/toploc.com\/blog\/#organization\",\"name\":\"Toploc\",\"url\":\"https:\/\/toploc.com\/blog\/\",\"logo\":{\"@type\":\"ImageObject\",\"inLanguage\":\"fr-FR\",\"@id\":\"https:\/\/toploc.com\/blog\/#\/schema\/logo\/image\/\",\"url\":\"https:\/\/blog.toploc.com\/wp-content\/uploads\/2022\/03\/toploc_facebook_5.png\",\"contentUrl\":\"https:\/\/blog.toploc.com\/wp-content\/uploads\/2022\/03\/toploc_facebook_5.png\",\"width\":600,\"height\":600,\"caption\":\"Toploc\"},\"image\":{\"@id\":\"https:\/\/toploc.com\/blog\/#\/schema\/logo\/image\/\"},\"sameAs\":[\"https:\/\/www.facebook.com\/locationfrancophone\",\"https:\/\/www.instagram.com\/toploc_\",\"https:\/\/www.pinterest.fr\/Toploc_\/\"]},{\"@type\":\"Person\",\"@id\":\"https:\/\/toploc.com\/blog\/#\/schema\/person\/b66f845e3e2106301dee05e5bc776788\",\"name\":\"Julien\",\"image\":{\"@type\":\"ImageObject\",\"inLanguage\":\"fr-FR\",\"@id\":\"https:\/\/toploc.com\/blog\/#\/schema\/person\/image\/\",\"url\":\"https:\/\/secure.gravatar.com\/avatar\/642d3d11687b291bb0ade289db2c7d821a72910624f4eb86cab555b4c6a3ed15?s=96&d=mm&r=g\",\"contentUrl\":\"https:\/\/secure.gravatar.com\/avatar\/642d3d11687b291bb0ade289db2c7d821a72910624f4eb86cab555b4c6a3ed15?s=96&d=mm&r=g\",\"caption\":\"Julien\"},\"description\":\"Julien est un passionn\u00e9 de nature et de grands espaces. Guide de moyenne montagne en Andorre, il a partag\u00e9 ses r\u00e9cits de voyage pendant plusieurs ann\u00e9es. Aujourd'hui il est co-auteur de plusieurs articles pour Toploc.\",\"url\":\"https:\/\/toploc.com\/blog\/author\/julien\"}]}<\/script>\n<!-- \/ Yoast SEO plugin. -->","yoast_head_json":{"title":"Les 10 choses \u00e0 faire pour visiter Saint-Germain-des-Pr\u00e9s","description":"Visiter Saint-Germain-des-Pr\u00e9s : Abbaye Saint-Germain . Th\u00e9\u00e2tre de l\u2019Od\u00e9on . Institut de France . Acad\u00e9mie des Beaux-Arts . Mus\u00e9e Delacroix","robots":{"index":"index","follow":"follow","max-snippet":"max-snippet:-1","max-image-preview":"max-image-preview:large","max-video-preview":"max-video-preview:-1"},"canonical":"https:\/\/toploc.com\/blog\/france\/quartier-saint-germain-des-pres","og_locale":"fr_FR","og_type":"article","og_title":"Les 10 choses \u00e0 faire pour visiter Saint-Germain-des-Pr\u00e9s","og_description":"Visiter Saint-Germain-des-Pr\u00e9s : Abbaye Saint-Germain . Th\u00e9\u00e2tre de l\u2019Od\u00e9on . Institut de France . Acad\u00e9mie des Beaux-Arts . Mus\u00e9e Delacroix","og_url":"https:\/\/toploc.com\/blog\/france\/quartier-saint-germain-des-pres","og_site_name":"Toploc","article_publisher":"https:\/\/www.facebook.com\/locationfrancophone","article_published_time":"2024-02-10T14:30:16+00:00","article_modified_time":"2024-02-14T14:42:48+00:00","og_image":[{"width":700,"height":452,"url":"https:\/\/toploc.com\/blog\/wp-content\/uploads\/2020\/05\/Offrez-vous-une-escapade-dans-le-quartier-Saint-Germain-des-Pres-lors-de-votre-sejour-a-Paris.jpg","type":"image\/jpeg"}],"author":"Julien","twitter_card":"summary_large_image","twitter_misc":{"\u00c9crit par":"Julien","Dur\u00e9e de lecture estim\u00e9e":"8 minutes"},"schema":{"@context":"https:\/\/schema.org","@graph":[{"@type":"Article","@id":"https:\/\/toploc.com\/blog\/france\/quartier-saint-germain-des-pres#article","isPartOf":{"@id":"https:\/\/toploc.com\/blog\/france\/quartier-saint-germain-des-pres"},"author":{"name":"Julien","@id":"https:\/\/toploc.com\/blog\/#\/schema\/person\/b66f845e3e2106301dee05e5bc776788"},"headline":"Les 10 choses \u00e0 faire pour visiter Saint-Germain-des-Pr\u00e9s","datePublished":"2024-02-10T14:30:16+00:00","dateModified":"2024-02-14T14:42:48+00:00","mainEntityOfPage":{"@id":"https:\/\/toploc.com\/blog\/france\/quartier-saint-germain-des-pres"},"wordCount":1157,"commentCount":1,"publisher":{"@id":"https:\/\/toploc.com\/blog\/#organization"},"image":{"@id":"https:\/\/toploc.com\/blog\/france\/quartier-saint-germain-des-pres#primaryimage"},"thumbnailUrl":"https:\/\/toploc.com\/blog\/wp-content\/uploads\/2020\/05\/Offrez-vous-une-escapade-dans-le-quartier-Saint-Germain-des-Pres-lors-de-votre-sejour-a-Paris.jpg","keywords":["Saint-Germain-des-Pr\u00e9s"],"articleSection":["Itin\u00e9raires France"],"inLanguage":"fr-FR","potentialAction":[{"@type":"CommentAction","name":"Comment","target":["https:\/\/toploc.com\/blog\/france\/quartier-saint-germain-des-pres#respond"]}]},{"@type":"WebPage","@id":"https:\/\/toploc.com\/blog\/france\/quartier-saint-germain-des-pres","url":"https:\/\/toploc.com\/blog\/france\/quartier-saint-germain-des-pres","name":"Les 10 choses \u00e0 faire pour visiter Saint-Germain-des-Pr\u00e9s","isPartOf":{"@id":"https:\/\/toploc.com\/blog\/#website"},"primaryImageOfPage":{"@id":"https:\/\/toploc.com\/blog\/france\/quartier-saint-germain-des-pres#primaryimage"},"image":{"@id":"https:\/\/toploc.com\/blog\/france\/quartier-saint-germain-des-pres#primaryimage"},"thumbnailUrl":"https:\/\/toploc.com\/blog\/wp-content\/uploads\/2020\/05\/Offrez-vous-une-escapade-dans-le-quartier-Saint-Germain-des-Pres-lors-de-votre-sejour-a-Paris.jpg","datePublished":"2024-02-10T14:30:16+00:00","dateModified":"2024-02-14T14:42:48+00:00","description":"Visiter Saint-Germain-des-Pr\u00e9s : Abbaye Saint-Germain . Th\u00e9\u00e2tre de l\u2019Od\u00e9on . Institut de France . Acad\u00e9mie des Beaux-Arts . Mus\u00e9e Delacroix","breadcrumb":{"@id":"https:\/\/toploc.com\/blog\/france\/quartier-saint-germain-des-pres#breadcrumb"},"inLanguage":"fr-FR","potentialAction":[{"@type":"ReadAction","target":["https:\/\/toploc.com\/blog\/france\/quartier-saint-germain-des-pres"]}]},{"@type":"ImageObject","inLanguage":"fr-FR","@id":"https:\/\/toploc.com\/blog\/france\/quartier-saint-germain-des-pres#primaryimage","url":"https:\/\/toploc.com\/blog\/wp-content\/uploads\/2020\/05\/Offrez-vous-une-escapade-dans-le-quartier-Saint-Germain-des-Pres-lors-de-votre-sejour-a-Paris.jpg","contentUrl":"https:\/\/toploc.com\/blog\/wp-content\/uploads\/2020\/05\/Offrez-vous-une-escapade-dans-le-quartier-Saint-Germain-des-Pres-lors-de-votre-sejour-a-Paris.jpg","width":700,"height":452,"caption":"Offrez-vous une escapade dans le quartier Saint-Germain-des-Pr\u00e9s lors de votre s\u00e9jour \u00e0 Paris \u00a9 DR"},{"@type":"BreadcrumbList","@id":"https:\/\/toploc.com\/blog\/france\/quartier-saint-germain-des-pres#breadcrumb","itemListElement":[{"@type":"ListItem","position":1,"name":"Accueil","item":"https:\/\/toploc.com\/blog"},{"@type":"ListItem","position":2,"name":"Les 10 choses \u00e0 faire pour visiter Saint-Germain-des-Pr\u00e9s"}]},{"@type":"WebSite","@id":"https:\/\/toploc.com\/blog\/#website","url":"https:\/\/toploc.com\/blog\/","name":"Toploc","description":"Itin\u00e9raires natures et locations de vacances en groupe","publisher":{"@id":"https:\/\/toploc.com\/blog\/#organization"},"potentialAction":[{"@type":"SearchAction","target":{"@type":"EntryPoint","urlTemplate":"https:\/\/toploc.com\/blog\/?s={search_term_string}"},"query-input":{"@type":"PropertyValueSpecification","valueRequired":true,"valueName":"search_term_string"}}],"inLanguage":"fr-FR"},{"@type":"Organization","@id":"https:\/\/toploc.com\/blog\/#organization","name":"Toploc","url":"https:\/\/toploc.com\/blog\/","logo":{"@type":"ImageObject","inLanguage":"fr-FR","@id":"https:\/\/toploc.com\/blog\/#\/schema\/logo\/image\/","url":"https:\/\/blog.toploc.com\/wp-content\/uploads\/2022\/03\/toploc_facebook_5.png","contentUrl":"https:\/\/blog.toploc.com\/wp-content\/uploads\/2022\/03\/toploc_facebook_5.png","width":600,"height":600,"caption":"Toploc"},"image":{"@id":"https:\/\/toploc.com\/blog\/#\/schema\/logo\/image\/"},"sameAs":["https:\/\/www.facebook.com\/locationfrancophone","https:\/\/www.instagram.com\/toploc_","https:\/\/www.pinterest.fr\/Toploc_\/"]},{"@type":"Person","@id":"https:\/\/toploc.com\/blog\/#\/schema\/person\/b66f845e3e2106301dee05e5bc776788","name":"Julien","image":{"@type":"ImageObject","inLanguage":"fr-FR","@id":"https:\/\/toploc.com\/blog\/#\/schema\/person\/image\/","url":"https:\/\/secure.gravatar.com\/avatar\/642d3d11687b291bb0ade289db2c7d821a72910624f4eb86cab555b4c6a3ed15?s=96&d=mm&r=g","contentUrl":"https:\/\/secure.gravatar.com\/avatar\/642d3d11687b291bb0ade289db2c7d821a72910624f4eb86cab555b4c6a3ed15?s=96&d=mm&r=g","caption":"Julien"},"description":"Julien est un passionn\u00e9 de nature et de grands espaces. Guide de moyenne montagne en Andorre, il a partag\u00e9 ses r\u00e9cits de voyage pendant plusieurs ann\u00e9es. Aujourd'hui il est co-auteur de plusieurs articles pour Toploc.","url":"https:\/\/toploc.com\/blog\/author\/julien"}]}},"_links":{"self":[{"href":"https:\/\/toploc.com\/blog\/wp-json\/wp\/v2\/posts\/94499","targetHints":{"allow":["GET"]}}],"collection":[{"href":"https:\/\/toploc.com\/blog\/wp-json\/wp\/v2\/posts"}],"about":[{"href":"https:\/\/toploc.com\/blog\/wp-json\/wp\/v2\/types\/post"}],"author":[{"embeddable":true,"href":"https:\/\/toploc.com\/blog\/wp-json\/wp\/v2\/users\/3"}],"replies":[{"embeddable":true,"href":"https:\/\/toploc.com\/blog\/wp-json\/wp\/v2\/comments?post=94499"}],"version-history":[{"count":4,"href":"https:\/\/toploc.com\/blog\/wp-json\/wp\/v2\/posts\/94499\/revisions"}],"predecessor-version":[{"id":143139,"href":"https:\/\/toploc.com\/blog\/wp-json\/wp\/v2\/posts\/94499\/revisions\/143139"}],"wp:featuredmedia":[{"embeddable":true,"href":"https:\/\/toploc.com\/blog\/wp-json\/wp\/v2\/media\/94500"}],"wp:attachment":[{"href":"https:\/\/toploc.com\/blog\/wp-json\/wp\/v2\/media?parent=94499"}],"wp:term":[{"taxonomy":"category","embeddable":true,"href":"https:\/\/toploc.com\/blog\/wp-json\/wp\/v2\/categories?post=94499"},{"taxonomy":"post_tag","embeddable":true,"href":"https:\/\/toploc.com\/blog\/wp-json\/wp\/v2\/tags?post=94499"}],"curies":[{"name":"wp","href":"https:\/\/api.w.org\/{rel}","templated":true}]}}