{"id":9399,"date":"2026-01-27T14:41:05","date_gmt":"2026-01-27T13:41:05","guid":{"rendered":"https:\/\/www.location-francophone.com\/blog\/?p=9399"},"modified":"2026-01-27T15:31:03","modified_gmt":"2026-01-27T14:31:03","slug":"visiter-la-franche-comte","status":"publish","type":"post","link":"https:\/\/toploc.com\/blog\/france\/visiter-la-franche-comte","title":{"rendered":"Les 15 choses \u00e0 voir et \u00e0 faire pour visiter la Franche-Comt\u00e9"},"content":{"rendered":"\n<p>Nich\u00e9e entre les montagnes du Jura et les for\u00eats profondes du Doubs, la Franche-Comt\u00e9 est une r\u00e9gion o\u00f9 la nature, l\u2019histoire et l\u2019art de vivre s\u2019unissent avec authenticit\u00e9. Moins connue que d\u2019autres destinations fran\u00e7aises, elle rec\u00e8le pourtant de tr\u00e9sors insoup\u00e7onn\u00e9s. La Franche-Comt\u00e9 est une r\u00e9gion historique de l&#8217;est de la France, connue pour le patrimoine naturel et culturel de ses 4 d\u00e9partements : Doubs (25), du Jura (39), de la Haute-Sa\u00f4ne (70), et du Territoire de Belfort (90). Quelles sont les choses \u00e0 voir et \u00e0 faire pour visiter la Franche-Comt\u00e9 ? Visitez Besan\u00e7on, avec sa citadelle de Vauban inscrite au patrimoine mondial de l&#8217;UNESCO. Parcourez le Parc naturel r\u00e9gional du Haut-Jura, paradis des randonneurs et des amateurs de sports d&#8217;hiver. Enfin, la Franche-Comt\u00e9 est r\u00e9put\u00e9e pour son horlogerie, avec la ville de Montb\u00e9liard et sa riche tradition industrielle. Retrouvez notre carte interactive de la Franche-Comt\u00e9 en FAQ de l&#8217;article.<\/p>\n\n\n\n<div class=\"wp-block-buttons is-content-justification-center is-layout-flex wp-container-core-buttons-is-layout-16018d1d wp-block-buttons-is-layout-flex\">\n<div class=\"wp-block-button has-custom-font-size has-small-font-size\"><a class=\"wp-block-button__link has-background wp-element-button\" href=\"https:\/\/toploc.com\/locations-vacances\/bourgogne-franche-comte?utm_source=blog&amp;utm_medium=CTA&amp;utm_campaign=visiter-bourgogne\" style=\"background-color:#006b52\"><strong>\ud83d\udc49 LOCATIONS VACANCES FRANCHE-COMTE<\/strong><\/a><\/div>\n<\/div>\n\n\n\n<p>A lire : <a href=\"https:\/\/toploc.com\/blog\/france\/visiter-le-jura\">Les 15 choses \u00e0 voir et \u00e0 faire pour visiter le Jura<\/a><\/p>\n\n\n\n<h2 id=\"besancon\" class=\"wp-block-heading\">Besan\u00e7on<\/h2>\n\n\n\n<figure class=\"wp-block-image size-full\"><img loading=\"lazy\" decoding=\"async\" width=\"1280\" height=\"720\" src=\"https:\/\/blog.toploc.com\/wp-content\/uploads\/2024\/01\/image-997.png\" alt=\"Besan\u00e7on la ville la plus attractive de France  \u00a9 Les Echos\" class=\"wp-image-141648\"\/><figcaption class=\"wp-element-caption\">Besan\u00e7on la ville la plus attractive de France  \u00a9 Les Echos<\/figcaption><\/figure>\n\n\n\n<h3 id=\"pourquoi-visiter-besancon\" class=\"wp-block-heading\">Pourquoi visiter Besan\u00e7on ?<\/h3>\n\n\n\n<p>D\u00e9couvrez la ville de Besan\u00e7on (25000), pr\u00e9fecture du d\u00e9partement du Doubs (25). Besan\u00e7on est r\u00e9put\u00e9e pour sa Citadelle class\u00e9e au patrimoine mondial de l&#8217;UNESCO. Cette derni\u00e8re renferme de nombreuses surprises avec des mus\u00e9es en tous genres, le Mus\u00e9e comtois, le Mus\u00e9e de la R\u00e9sistance et de la D\u00e9portation ou encore un zoo. D\u00e9couvrez le mus\u00e9e du Temps dans la capitale de l\u2019horlogerie en France. Fl\u00e2nez dans ses ruelles pittoresques, admirez ses b\u00e2timents historiques et laissez vous tenter par une balade sur les quais le long du Doubs. Besan\u00e7on est une destination incontournable pour visiter la Franche-Comt\u00e9 et <a href=\"https:\/\/toploc.com\/blog\/france\/visiter-le-doubs\">visiter le Doubs<\/a>.<\/p>\n\n\n\n<h3 id=\"ou-se-loger-pres-de-besancon\" class=\"wp-block-heading\">O\u00f9 se loger pr\u00e8s de Besan\u00e7on ?<\/h3>\n\n\n\n<p>Si vous venez visiter la citadelle de Besan\u00e7on class\u00e9e au patrimoine de l&#8217;UNESCO en famille vous chercherez certainement une <a href=\"https:\/\/toploc.com\/locations-vacances\/doubs\">location vacances dans le Doubs<\/a>.<\/p>\n\n\n\n<h3 id=\"que-voir-et-que-faire-a-besancon\" class=\"wp-block-heading\">Que voir et que faire \u00e0 Besan\u00e7on ?<\/h3>\n\n\n\n<p>Voici la liste des choses \u00e0 voir et \u00e0 faire si vous venez visiter Besan\u00e7on :<\/p>\n\n\n\n<ul class=\"wp-block-list\">\n<li>Visiter la Citadelle de Besan\u00e7on<\/li>\n\n\n\n<li>Visiter le Zoo de Besan\u00e7on<\/li>\n\n\n\n<li>Visiter le Mus\u00e9e du Temps<\/li>\n\n\n\n<li>Se balader sur les quais Vauban le long du Doubs<\/li>\n\n\n\n<li>Visiter la Maison natale de Victor Hugo<\/li>\n<\/ul>\n\n\n\n<h2 id=\"belfort\" class=\"wp-block-heading\">Belfort<\/h2>\n\n\n\n<figure class=\"wp-block-image size-full\"><img loading=\"lazy\" decoding=\"async\" width=\"2048\" height=\"1365\" src=\"https:\/\/blog.toploc.com\/wp-content\/uploads\/2024\/01\/image-998.png\" alt=\"Belfort \u00a9 Ville Active &amp; Sportive\" class=\"wp-image-141650\"\/><figcaption class=\"wp-element-caption\">Belfort \u00a9 Ville Active &amp; Sportive<\/figcaption><\/figure>\n\n\n\n<h3 id=\"pourquoi-visiter-belfort\" class=\"wp-block-heading\">Pourquoi visiter Belfort ?<\/h3>\n\n\n\n<p>D\u00e9couvrez la ville de Belfort (90000), pr\u00e9fecture du Territoire de Belfort (90). D\u00e9couvrez la citadelle imposante et le Lion de Belfort, une sculpture monumentale cr\u00e9\u00e9e par Fr\u00e9d\u00e9ric Bartholdi. Cette statue qui est l\u2019embl\u00e8me de la ville symbolise la r\u00e9sistance de la ville durant le si\u00e8ge Prusse. Promenez vous dans les ruelles historiques du vieux Belfort, d\u00e9couvrez ses fortifications et profitez des vues panoramiques depuis le sommet de la citadelle. Belfort est une destination incontournable pour visiter la Franche-Comt\u00e9.<\/p>\n\n\n\n<h3 id=\"ou-se-loger-pres-de-belfort\" class=\"wp-block-heading\">O\u00f9 se loger pr\u00e8s de Belfort ?<\/h3>\n\n\n\n<p>Si vous venez visiter le Territoire de Belfort vous chercherez certainement un <a href=\"https:\/\/toploc.com\/locations-vacances\/territoire-de-belfort\">location vacances Belfort<\/a>. Retrouvez tous nos conseils sur les <a href=\"https:\/\/toploc.com\/blog\/france\/visiter-le-territoire-de-belfort\">10 choses \u00e0 voir \u00e0 faire pour visiter le territoire de Belfort<\/a>.<\/p>\n\n\n\n<h3 id=\"que-voir-et-que-faire-a-belfort\" class=\"wp-block-heading\">Que voir et que faire \u00e0 Belfort ?<\/h3>\n\n\n\n<p>Voici la liste des choses \u00e0 voir et \u00e0 faire si vous venez visiter Belfort :<\/p>\n\n\n\n<ul class=\"wp-block-list\">\n<li>D\u00e9couvrir la Citadelle de Belfort<\/li>\n\n\n\n<li>D\u00e9couvrir le Lion de Bartholdi<\/li>\n\n\n\n<li>D\u00e9couvrir la Cath\u00e9drale Saint-Christophe de Belfort<\/li>\n\n\n\n<li>Visiter le Fort Dorsner de Giromagny<\/li>\n\n\n\n<li>Se balader autour de l&#8217;\u00c9tang des Forges<\/li>\n<\/ul>\n\n\n\n<h2 id=\"montbeliard\" class=\"wp-block-heading\">Montb\u00e9liard<\/h2>\n\n\n\n<figure class=\"wp-block-image size-full\"><img loading=\"lazy\" decoding=\"async\" width=\"700\" height=\"450\" src=\"https:\/\/blog.toploc.com\/wp-content\/uploads\/2020\/09\/Profitez-des-magnifiques-couleurs-de-lautomne-lors-de-votre-sejour-a-Montbeliard.jpg\" alt=\"Profitez des magnifiques couleurs de l'automne lors de votre s\u00e9jour \u00e0 Montb\u00e9liard\" class=\"wp-image-102753\"\/><figcaption class=\"wp-element-caption\">Profitez des magnifiques couleurs de l&#8217;automne lors de votre s\u00e9jour \u00e0 Montb\u00e9liard<\/figcaption><\/figure>\n\n\n\n<h3 id=\"pourquoi-visiter-montbeliard\" class=\"wp-block-heading\">Pourquoi visiter Montb\u00e9liard ?<\/h3>\n\n\n\n<p>D\u00e9couvrez la ville de Montb\u00e9liard (25200), situ\u00e9e dans le d\u00e9partement du Doubs (25). Cette ville est r\u00e9put\u00e9e pour son ch\u00e2teau des ducs de Wurtemberg et pour la saucisse qui porte son nom. Promenez vous dans le c\u0153ur historique de Montb\u00e9liard, d\u00e9couvrez en hiver son march\u00e9 de No\u00ebl, connu pour \u00eatre l&#8217;un des plus authentiques de France. Baladez vous dans le Parc du Pr\u00e8s-la-Rose et perdez vous dans son labyrinthe. Montb\u00e9liard est une ville incontournable pour visiter la Franche-Comt\u00e9.<\/p>\n\n\n\n<h3 id=\"ou-se-loger-pres-de-montbeliard\" class=\"wp-block-heading\">O\u00f9 se loger pr\u00e8s de Montb\u00e9liard ?<\/h3>\n\n\n\n<p>Si vous venez visiter Montb\u00e9liard et le Doubs vous chercherez certainement un logement pr\u00e8s de Montb\u00e9liard.<\/p>\n\n\n\n<h3 id=\"que-voir-et-que-faire-a-montbeliard\" class=\"wp-block-heading\">Que voir et que faire \u00e0 Montb\u00e9liard ?<\/h3>\n\n\n\n<p>Voici la liste des choses \u00e0 voir et \u00e0 faire si vous venez visiter Montb\u00e9liard :<\/p>\n\n\n\n<ul class=\"wp-block-list\">\n<li>D\u00e9couvrir Le ch\u00e2teau de Montb\u00e9liard<\/li>\n\n\n\n<li>Visiter le Mus\u00e9e de L&#8217;Aventure Peugeot<\/li>\n\n\n\n<li>Visiter Le Pavillon des Sciences<\/li>\n\n\n\n<li>D\u00e9couvrir le fort du mont Bart<\/li>\n\n\n\n<li>Se balader dans le centre-ville de Montb\u00e9liard<\/li>\n<\/ul>\n\n\n\n<h2 id=\"les-rousses\" class=\"wp-block-heading\">Les Rousses<\/h2>\n\n\n\n<figure class=\"wp-block-image size-full\"><img loading=\"lazy\" decoding=\"async\" width=\"2048\" height=\"997\" src=\"https:\/\/blog.toploc.com\/wp-content\/uploads\/2023\/12\/image-347.png\" alt=\"Lac des Rousses est entour\u00e9 par les \u00e9pic\u00e9as \u00a9 Jura Tourisme\" class=\"wp-image-138483\"\/><figcaption class=\"wp-element-caption\">Lac des Rousses est entour\u00e9 par les \u00e9pic\u00e9as \u00a9 Jura Tourisme<\/figcaption><\/figure>\n\n\n\n<h3 id=\"pourquoi-visiter-les-rousses\" class=\"wp-block-heading\">Pourquoi visiter les Rousses ?<\/h3>\n\n\n\n<p>D\u00e9couvrez la ville des Rousses (39220), situ\u00e9e dans le d\u00e9partement du Jura (39). Profitez d&#8217; un terrain de jeu id\u00e9al pour les amateurs de sports d&#8217;hiver avec ses vastes domaines skiables. En \u00e9t\u00e9, explorez les sentiers balis\u00e9s du Parc naturel r\u00e9gional du Haut-Jura. Visitez \u00e9galement le fort des Rousses, une ancienne forteresse militaire reconvertie en cave d&#8217;affinage pour le c\u00e9l\u00e8bre comt\u00e9. Les Rousses est une destination incontournable pour visiter la Franche-Comt\u00e9.<\/p>\n\n\n\n<h3 id=\"ou-se-loger-pres-de-les-rousses\" class=\"wp-block-heading\">O\u00f9 se loger pr\u00e8s de Les Rousses ?<\/h3>\n\n\n\n<p>Si vous venez explorer le Parc naturel r\u00e9gional du Haut-Jura vous chercherez certainement une <a href=\"https:\/\/toploc.com\/locations-vacances\/les-rousses\">location vacances les Rousses<\/a>. R\u00e9servez directement aupr\u00e8s de nos h\u00e9bergeurs Toploc.<\/p>\n\n\n\n<h3 id=\"que-voir-et-que-faire-a-les-rousses\" class=\"wp-block-heading\">Que voir et que faire \u00e0 Les Rousses ?<\/h3>\n\n\n\n<p>Voici la liste des choses \u00e0 voir et \u00e0 faire si vous venez Visiter la Franche-Comt\u00e9 et Les Rousses :<\/p>\n\n\n\n<ul class=\"wp-block-list\">\n<li>Profiter du domaine skiable des Rousses<\/li>\n\n\n\n<li>Visiter le Fort des Rousses<\/li>\n\n\n\n<li>Go\u00fbter au comt\u00e9 Juraflore<\/li>\n\n\n\n<li>D\u00e9couvrir la Cascade du Bief de la Chaille<\/li>\n\n\n\n<li>Parcourir les sentiers du Parc naturel du Haut-Jura<\/li>\n<\/ul>\n\n\n\n<h2 id=\"dole\" class=\"wp-block-heading\">Dole<\/h2>\n\n\n\n<figure class=\"wp-block-image size-full\"><img loading=\"lazy\" decoding=\"async\" width=\"1800\" height=\"1197\" src=\"https:\/\/blog.toploc.com\/wp-content\/uploads\/2024\/01\/image-999.png\" alt=\"Dole \u00a9 Maisons Babeau Seguin\" class=\"wp-image-141652\"\/><figcaption class=\"wp-element-caption\">Dole \u00a9 Maisons Babeau Seguin<\/figcaption><\/figure>\n\n\n\n<h3 id=\"pourquoi-visiter-dole\" class=\"wp-block-heading\">Pourquoi visiter Dole ?<\/h3>\n\n\n\n<p>D\u00e9couvrez la ville de Dole (39100), situ\u00e9e dans le d\u00e9partement du Jura (39). D\u00e9ambuler \u00e0 travers la vieille ville de Dole et profitez de son architecture avec notamment la Coll\u00e9giale Notre-Dame. Longez le canal des Tanneurs qui traverse la vieille ville, offrant un cadre pittoresque pour les promenades. D\u00e9couvrez la maison natale de Louis Pasteur qui rappelle l&#8217;h\u00e9ritage scientifique de la ville. Dole invite \u00e0 la d\u00e9couverte pour visiter la Franche-Comt\u00e9.<\/p>\n\n\n\n<h3 id=\"ou-se-loger-pres-de-dole\" class=\"wp-block-heading\">O\u00f9 se loger pr\u00e8s de Dole ?<\/h3>\n\n\n\n<p>Si vous venez visiter la ville de Dole vous chercherez certainement une <a href=\"https:\/\/toploc.com\/locations-vacances\/jura\">location vacances dans le Jura<\/a>.<\/p>\n\n\n\n<h3 id=\"que-voir-et-que-faire-a-dole\" class=\"wp-block-heading\">Que voir et que faire \u00e0 Dole ?<\/h3>\n\n\n\n<p>Voici la liste des choses \u00e0 voir et \u00e0 faire si vous venez visiter Dole :<\/p>\n\n\n\n<ul class=\"wp-block-list\">\n<li>Se balader dans le vieux Dole<\/li>\n\n\n\n<li>Visiter le Mus\u00e9e Pasteur<\/li>\n\n\n\n<li>Visiter le Mus\u00e9e des Beaux-Arts de Dole<\/li>\n\n\n\n<li>D\u00e9couvrir la Coll\u00e9giale Notre-Dame de Dole<\/li>\n\n\n\n<li>Se balader le long du Canal des Tanneurs<\/li>\n<\/ul>\n\n\n\n<h2 id=\"arbois\" class=\"wp-block-heading\">Arbois<\/h2>\n\n\n\n<figure class=\"wp-block-image size-full\"><img loading=\"lazy\" decoding=\"async\" width=\"2048\" height=\"1111\" src=\"https:\/\/blog.toploc.com\/wp-content\/uploads\/2024\/01\/image-1000.png\" alt=\"Arbois \u00a9 Dijon-Beaune Mag\" class=\"wp-image-141654\"\/><figcaption class=\"wp-element-caption\">Arbois \u00a9 Dijon-Beaune Mag<\/figcaption><\/figure>\n\n\n\n<h3 id=\"pourquoi-visiter-arbois\" class=\"wp-block-heading\">Pourquoi visiter Arbois ?<\/h3>\n\n\n\n<p>D\u00e9couvrez la ville d&#8217;Arbois (39600), situ\u00e9e dans le d\u00e9partement du Jura (39). Cette charmante commune est r\u00e9put\u00e9e pour ses vins avec l\u2019appellation \u201cvin d\u2019Arbois\u201d. Explorez les caves historiques d&#8217;Arbois pour d\u00e9guster ses vins renomm\u00e9s, visitez le Mus\u00e9e de la Vigne et du Vin du Jura. Visitez la Maison de Louis Pasteur, o\u00f9 le c\u00e9l\u00e8bre scientifique a install\u00e9 un laboratoire priv\u00e9. Ne manquez pas de vous promener le long de la Cuisance, la rivi\u00e8re qui traverse la ville et de faire un tour \u00e0 la Cascade des Tufs. Arbois est une destination incontournable pour visiter la Franche-Comt\u00e9.<\/p>\n\n\n\n<h3 id=\"ou-se-loger-pres-de-arbois\" class=\"wp-block-heading\">O\u00f9 se loger pr\u00e8s de Arbois ?<\/h3>\n\n\n\n<p>Si vous venez visiter Arbois et la Cascade des Tufs vous chercherez certainement une location de vacances pr\u00e8s d&#8217;Arbois. C&#8217;est \u00e9galement l&#8217;occasion d&#8217;organiser une d\u00e9gustation des vins du Jura.<\/p>\n\n\n\n<h3 id=\"que-voir-et-que-faire-a-arbois\" class=\"wp-block-heading\">Que voir et que faire \u00e0 Arbois ?<\/h3>\n\n\n\n<p>Voici la liste des choses \u00e0 voir et \u00e0 faire si vous venez visiter Arbois :<\/p>\n\n\n\n<ul class=\"wp-block-list\">\n<li>Visiter la Maison de Louis Pasteur<\/li>\n\n\n\n<li>Visiter le Mus\u00e9e de la Vigne et du Vin du Jura<\/li>\n\n\n\n<li>D\u00e9couvrir la Cascade des Tufs<\/li>\n\n\n\n<li>Visiter les Grottes des Moidons<\/li>\n\n\n\n<li>Visiter la Maison du Comt\u00e9<\/li>\n<\/ul>\n\n\n\n<h2 id=\"chateau-chalon\" class=\"wp-block-heading\">Ch\u00e2teau-Chalon<\/h2>\n\n\n\n<figure class=\"wp-block-image size-full\"><img loading=\"lazy\" decoding=\"async\" width=\"700\" height=\"450\" src=\"https:\/\/blog.toploc.com\/wp-content\/uploads\/2020\/09\/Chateau-Chalon-un-incontournable-a-decouvrir-lors-de-vos-prochaines-vacances-dans-le-Jura.jpg\" alt=\"Ch\u00e2teau-Chalon, un incontournable \u00e0 d\u00e9couvrir lors de vos prochaines vacances dans le Jura\" class=\"wp-image-102827\"\/><figcaption class=\"wp-element-caption\">Ch\u00e2teau-Chalon, un incontournable \u00e0 d\u00e9couvrir lors de vos prochaines vacances dans le Jura<\/figcaption><\/figure>\n\n\n\n<h3 id=\"pourquoi-visiter-chateau-chalon\" class=\"wp-block-heading\">Pourquoi visiter Ch\u00e2teau-Chalon ?<\/h3>\n\n\n\n<p>D\u00e9couvrez le village pittoresque de Ch\u00e2teau-Chalon (39210), nich\u00e9 dans le d\u00e9partement du Jura (39). Ch\u00e2teau-Chalon, perch\u00e9e sur un \u00e9peron rocheux, est class\u00e9e parmi les plus beaux villages de France. D\u00e9gustez les c\u00e9l\u00e8bres vins qui portent le m\u00eame nom et d\u00e9couvrez les vignobles du village. Visitez la Maison de la Haute Seille pour en apprendre plus sur le savoir-faire des vignerons. Ch\u00e2teau-Chalon est une escapade pour visiter la Franche-Comt\u00e9.<\/p>\n\n\n\n<h3 id=\"ou-se-loger-pres-de-chateau-chalon\" class=\"wp-block-heading\">O\u00f9 se loger pr\u00e8s de Ch\u00e2teau-Chalon ?<\/h3>\n\n\n\n<p>Si vous venez Visiter la Franche-Comt\u00e9 vous chercherez certainement une <a href=\"https:\/\/toploc.com\/locations-vacances\/chateau-chalon\">location vacances Ch\u00e2teau-Chalon<\/a>.<\/p>\n\n\n\n<h3 id=\"que-voir-et-que-faire-a-chateau-chalon\" class=\"wp-block-heading\">Que voir et que faire \u00e0 Ch\u00e2teau-Chalon ?<\/h3>\n\n\n\n<p>Voici la liste des choses \u00e0 voir et \u00e0 faire si vous venez visiter Ch\u00e2teau-Chalon :<\/p>\n\n\n\n<ul class=\"wp-block-list\">\n<li>Visiter le village de Ch\u00e2teau-Chalon<\/li>\n\n\n\n<li>D\u00e9guster les vins r\u00e9put\u00e9s<\/li>\n\n\n\n<li>Visiter le mus\u00e9e L&#8217;\u00c9cole d&#8217;Autrefois<\/li>\n\n\n\n<li>Visiter la Maison de la Haute Seille<\/li>\n\n\n\n<li>D\u00e9couvrir les ruines du Ch\u00e2teau fort de Ch\u00e2teau-Chalon<\/li>\n<\/ul>\n\n\n\n<h2 id=\"massif-du-jura\" class=\"wp-block-heading\">Massif du Jura<\/h2>\n\n\n\n<figure class=\"wp-block-image size-full\"><img loading=\"lazy\" decoding=\"async\" width=\"1100\" height=\"825\" src=\"https:\/\/blog.toploc.com\/wp-content\/uploads\/2024\/01\/image-45.png\" alt=\"Gex se trouve dans le parc naturel du Haut Jura \u00a9 Voltage\" class=\"wp-image-138766\"\/><figcaption class=\"wp-element-caption\">Gex se trouve dans le parc naturel du Haut Jura \u00a9 Voltage<\/figcaption><\/figure>\n\n\n\n<h3 id=\"pourquoi-randonner-dans-le-massif-du-jura\" class=\"wp-block-heading\">Pourquoi randonner dans le Massif du Jura ?<\/h3>\n\n\n\n<p>D\u00e9couvrez le Massif du Jura, situ\u00e9 dans la r\u00e9gion de Franche-Comt\u00e9. Ce massif montagneux est une destination exceptionnelle pour les amateurs de nature et de sports de plein air.. Profitez de randonn\u00e9es sur les nombreux sentiers balis\u00e9s, d\u00e9couvrez des lacs naturels splendides, tels que le lac de Saint-Point. Le Massif du Jura est \u00e9galement r\u00e9put\u00e9 pour ses stations de ski familiales, comme la station des Rousses. C&#8217;est une destination incontournable pour visiter la Franche-Comt\u00e9.<\/p>\n\n\n\n<h2 id=\"grotte-dosselle\" class=\"wp-block-heading\">Grotte d\u2019Osselle<\/h2>\n\n\n\n<figure class=\"wp-block-image size-full is-resized\"><img loading=\"lazy\" decoding=\"async\" width=\"1599\" height=\"900\" src=\"https:\/\/blog.toploc.com\/wp-content\/uploads\/2024\/01\/image-1004.png\" alt=\"Grotte d'Osselle \u00a9 Bourgogne-Franche-Comt\u00e9 Tourisme\" class=\"wp-image-141663\" style=\"width:680px;height:auto\"\/><figcaption class=\"wp-element-caption\">Grotte d&#8217;Osselle \u00a9 Bourgogne-Franche-Comt\u00e9 Tourisme<\/figcaption><\/figure>\n\n\n\n<h3 id=\"pourquoi-visiter-la-grotte-dosselle\" class=\"wp-block-heading\">Pourquoi visiter la Grotte d\u2019Osselle ?<\/h3>\n\n\n\n<p>D\u00e9couvrez la Grotte d&#8217;Osselle qui fait partie des plus belles <a href=\"https:\/\/toploc.com\/blog\/france\/grottes-du-jura\">grottes du Jura<\/a>. Elle est situ\u00e9e \u00e0 Roset-Fluans (25410). Cette grotte est l&#8217;une des plus anciennes grottes visit\u00e9es d&#8217;Europe. Explorez les vastes salles et galeries, sur pr\u00e8s de 1200 m de parcours. La Grotte d&#8217;Osselle est \u00e9galement c\u00e9l\u00e8bre pour avoir la plus vaste n\u00e9cropole europ\u00e9enne d\u2019ours des cavernes.. Une visite \u00e0 la Grotte d&#8217;Osselle promet une aventure inoubliable au c\u0153ur de la terre, un lieu \u00e0 ne pas manquer pour visiter la Franche-Comt\u00e9.<\/p>\n\n\n\n<h2 id=\"la-citadelle-de-besancon\" class=\"wp-block-heading\">La Citadelle de Besan\u00e7on<\/h2>\n\n\n\n<figure class=\"wp-block-image size-full is-resized\"><img loading=\"lazy\" decoding=\"async\" width=\"1400\" height=\"509\" src=\"https:\/\/blog.toploc.com\/wp-content\/uploads\/2024\/01\/image-1007.png\" alt=\"La Citadelle de Besan\u00e7on  \u00a9 Citadelle de Besan\u00e7on\" class=\"wp-image-141669\" style=\"width:681px;height:auto\"\/><figcaption class=\"wp-element-caption\">La Citadelle de Besan\u00e7on  \u00a9 Citadelle de Besan\u00e7on<\/figcaption><\/figure>\n\n\n\n<h3 id=\"pourquoi-visiter-la-citadelle-de-besancon\" class=\"wp-block-heading\">Pourquoi visiter la Citadelle de Besan\u00e7on ?<\/h3>\n\n\n\n<p>D\u00e9couvrez la Citadelle de Besan\u00e7on, perch\u00e9e sur un \u00e9peron rocheux, elle offre une vue imprenable sur la ville et ses environs. Visitez cette forteresse con\u00e7ue par Vauban au XVIIe si\u00e8cle et class\u00e9e au patrimoine mondial de l&#8217;UNESCO. Elle abrite plusieurs mus\u00e9es, dont le Mus\u00e9e de la R\u00e9sistance et de la D\u00e9portation, le Mus\u00e9e de la Vie Bourguignonne, et le zoo. La Citadelle de Besan\u00e7on est une \u00e9tape essentielle pour visiter la Franche-Comt\u00e9.<\/p>\n\n\n\n<h2 id=\"la-grande-saline-musee-du-sel\" class=\"wp-block-heading\">La Grande Saline &#8211; Mus\u00e9e du Sel<\/h2>\n\n\n\n<figure class=\"wp-block-image size-full\"><img loading=\"lazy\" decoding=\"async\" width=\"889\" height=\"593\" src=\"https:\/\/blog.toploc.com\/wp-content\/uploads\/2024\/01\/image-1008.png\" alt=\"La Grande Saline, une aventure mill\u00e9naire \u00a9 Montagnes du Jura\" class=\"wp-image-141673\"\/><figcaption class=\"wp-element-caption\">La Grande Saline, une aventure mill\u00e9naire \u00a9 Montagnes du Jura<\/figcaption><\/figure>\n\n\n\n<h3 id=\"pourquoi-visiter-la-grande-saline-musee-du-sel\" class=\"wp-block-heading\">Pourquoi visiter la Grande Saline &#8211; Mus\u00e9e du Sel ?<\/h3>\n\n\n\n<p>D\u00e9couvrez La Grande Saline &#8211; Mus\u00e9e du Sel, situ\u00e9e \u00e0 Salins-les-Bains (39110). Ce site exceptionnel, inscrit au patrimoine mondial de l&#8217;UNESCO, t\u00e9moigne de l&#8217;histoire de la production de sel depuis le Moyen \u00e2ge. D\u00e9couvrez les techniques anciennes d&#8217;extraction du sel, gr\u00e2ce \u00e0 ses installations pr\u00e9serv\u00e9es et ses expositions interactives. Ne manquez pas de visiter la galerie souterraine o\u00f9 l&#8217;eau sal\u00e9e \u00e9tait \u00e9vapor\u00e9e, un proc\u00e9d\u00e9 cl\u00e9 dans la production de sel. La Grande Saline &#8211; Mus\u00e9e du Sel est une \u00e9tape culturelle pour visiter la Franche-Comt\u00e9.<\/p>\n\n\n\n<h2 id=\"les-cascades-du-herisson\" class=\"wp-block-heading\">Les Cascades du H\u00e9risson<\/h2>\n\n\n\n<figure class=\"wp-block-image size-full\"><img loading=\"lazy\" decoding=\"async\" width=\"2048\" height=\"1365\" src=\"https:\/\/blog.toploc.com\/wp-content\/uploads\/2024\/01\/image-1010.png\" alt=\"Cascades du H\u00e9risson \u00a9 Jura Tourisme\" class=\"wp-image-141677\"\/><figcaption class=\"wp-element-caption\">Cascades du H\u00e9risson \u00a9 Jura Tourisme<\/figcaption><\/figure>\n\n\n\n<h3 id=\"pourquoi-visiter-les-cascades-du-herisson\" class=\"wp-block-heading\">Pourquoi visiter les Cascades du H\u00e9risson ?<\/h3>\n\n\n\n<p>D\u00e9couvrez les Cascades du H\u00e9risson, situ\u00e9es \u00e0 Le Frasnois (39130). D\u00e9couvrez ce site naturel exceptionnel avec sa succession spectaculaire de cascades et de 31 sauts le long. Parcourez les 7.4 kilom\u00e8tres et ne manquez pas les cascades du Saut de l\u2019\u00c9ventail (65 m) et du Grand Saut (60 m). Les Cascades du H\u00e9risson invitent \u00e0 des promenades rafra\u00eechissantes au milieu d&#8217;une nature et points de vue remarquables. Un havre de paix pour visiter la Franche-Comt\u00e9.<\/p>\n\n\n\n<h3 id=\"la-saline-royale\" class=\"wp-block-heading\">La Saline Royale<\/h3>\n\n\n\n<figure class=\"wp-block-image size-full\"><img loading=\"lazy\" decoding=\"async\" width=\"1600\" height=\"1058\" src=\"https:\/\/blog.toploc.com\/wp-content\/uploads\/2024\/01\/image-1013.png\" alt=\"La Saline Royale \u00a9 Inrap\" class=\"wp-image-141682\"\/><figcaption class=\"wp-element-caption\">La Saline Royale \u00a9 Inrap<\/figcaption><\/figure>\n\n\n\n<h3 id=\"pourquoi-visiter-la-saline-royale\" class=\"wp-block-heading\">Pourquoi visiter la Saline Royale ?<\/h3>\n\n\n\n<p>D\u00e9couvrez La Saline Royale, situ\u00e9e \u00e0 Arc-et-Senans (25610). Ce site exceptionnel du XVIIIe si\u00e8cle est inscrit au patrimoine mondial de l&#8217;UNESCO. Il \u00e9tait d\u00e9di\u00e9 \u00e0 la production de sel jusqu&#8217;\u00e0 sa fermeture au XIXe si\u00e8cle. Aujourd&#8217;hui, La Saline Royale se transforme en un lieu de culture, accueillant des expositions, des concerts et divers \u00e9v\u00e9nements tout au long de l&#8217;ann\u00e9e. La visite de La Saline Royale est une exp\u00e9rience unique, permettant de plonger dans l&#8217;histoire industrielle pour visiter la Franche-Comt\u00e9<\/p>\n\n\n\n<h2 id=\"chateau-de-joux\" class=\"wp-block-heading\">Ch\u00e2teau de Joux<\/h2>\n\n\n\n<figure class=\"wp-block-image size-full\"><img loading=\"lazy\" decoding=\"async\" width=\"1920\" height=\"1280\" src=\"https:\/\/blog.toploc.com\/wp-content\/uploads\/2024\/01\/image-1014.png\" alt=\"Ch\u00e2teau de Joux \u00a9 Destination Haut Doubs\" class=\"wp-image-141684\"\/><figcaption class=\"wp-element-caption\">Ch\u00e2teau de Joux \u00a9 Destination Haut Doubs<\/figcaption><\/figure>\n\n\n\n<h3 id=\"pourquoi-visiter-le-chateau-de-joux\" class=\"wp-block-heading\">Pourquoi visiter le Ch\u00e2teau de Joux ?<\/h3>\n\n\n\n<p>D\u00e9couvrez le Ch\u00e2teau de Joux, nich\u00e9 \u00e0 La Cluse-et-Mijoux (25300). Admirez ce ch\u00e2teau fort, perch\u00e9 \u00e0 l&#8217;entr\u00e9e du passage de Cluse-et-Mijoux et qui domine majestueusement la route reliant la Suisse \u00e0 la France. Il a servi de r\u00e9sidence, de forteresse, mais aussi de prison, accueillant des prisonniers tels que Mirabeau et Toussaint Louverture. Aujourd&#8217;hui visitez le ch\u00e2teau, d\u00e9couvrez des expositions sur ses prisonniers ou encore le mus\u00e9e d\u2019art. Le Ch\u00e2teau de Joux est une \u00e9tape incontournable pour visiter la Franche-Comt\u00e9.<\/p>\n\n\n\n<h2 id=\"musee-de-laventure-peugeot\" class=\"wp-block-heading\">Mus\u00e9e de L&#8217;Aventure Peugeot<\/h2>\n\n\n\n<figure class=\"wp-block-image size-full\"><img loading=\"lazy\" decoding=\"async\" width=\"1600\" height=\"900\" src=\"https:\/\/blog.toploc.com\/wp-content\/uploads\/2024\/01\/image-1015.png\" alt=\"Mus\u00e9e de l'Aventure \nPeugeot \u00a9 Doubs Travel\" class=\"wp-image-141686\"\/><figcaption class=\"wp-element-caption\">Mus\u00e9e de l&#8217;Aventure \nPeugeot \u00a9 Doubs Travel<\/figcaption><\/figure>\n\n\n\n<h3 id=\"pourquoi-visiter-le-musee-de-laventure-peugeot\" class=\"wp-block-heading\">Pourquoi visiter le Mus\u00e9e de L&#8217;Aventure Peugeot ?<\/h3>\n\n\n\n<p>D\u00e9couvrez le Mus\u00e9e de L&#8217;Aventure Peugeot, situ\u00e9 \u00e0 Sochaux (25600). Visitez ce mus\u00e9e unique qui retrace l&#8217;histoire de la marque Peugeot depuis sa fondation en 1810. D\u00e9couvrez comment la marque fran\u00e7aise est pass\u00e9e de fabricant de moulins \u00e0 caf\u00e9 et d&#8217;autres outils, jusqu&#8217;\u00e0 devenir l&#8217;un des leaders mondiaux de l&#8217;automobile. Admirez les collections de v\u00e9hicules, de la premi\u00e8re bicyclette et des voitures de course embl\u00e9matiques. Pour les passionn\u00e9s d&#8217;automobile, le Mus\u00e9e de L&#8217;Aventure Peugeot est une \u00e9tape incontournable pour visiter la Franche-Comt\u00e9.<\/p>\n\n\n\n<h2 class=\"wp-block-heading\" id=\"ou-se-loger-et-visiter-la-bourgogne\"><span id=\"ou-se-loger-et-visiter-la-franche-comte\">O\u00f9 se loger et visiter la Franche-Comt\u00e9 ?<\/span><\/h2>\n\n\n\n<p>Si vous souhaitez visiter la Franche-Comt\u00e9 vous chercherez certainement des&nbsp;locations de vacances en Bourgogne Franche-Comt\u00e9. Pour r\u00e9server rien de plus simple cliquez sur la carte interactive et r\u00e9servez aupr\u00e8s de nos h\u00f4tes.<\/p>\n\n\n\n<iframe loading=\"lazy\" width=\"100%\" height=\"450px\" frameborder=\"0\" src=\"https:\/\/toploc.com\/embed\/maps?min_price=0&#038;max_price=1000&#038;amenity_ids%5B%5D=&#038;location=Zone+carte&#038;dates=&#038;start_date=&#038;end_date=&#038;bbox_area=2.512736332418939%2C46.13979336367157%2C7.376225472008031%2C48.41451191253216&#038;page=1&#038;order=&#038;curated_list_id=\"><\/iframe>\n\n\n\n<h2 id=\"faq-tout-savoir-pour-visiter-la-franche-comte\" class=\"wp-block-heading\">FAQ : Tout savoir pour visiter la Franche-Comt\u00e9<\/h2>\n\n\n\n<h3 id=\"ou-telecharger-une-carte-touristique-de-la-franche-comte\" class=\"wp-block-heading\">O\u00f9 t\u00e9l\u00e9charger une carte touristique de la Franche-Comt\u00e9 ?<\/h3>\n\n\n\n<p>Si vous venez visiter la Franche-Comt\u00e9, vous aurez certainement besoin d\u2019une carte touristique de Franche-Comt\u00e9. Nous avons retrouv\u00e9 pour vous la carte touristique de Franche-Comt\u00e9 propos\u00e9e par le site tourisme-valdegray.com \u00e0 t\u00e9l\u00e9charger ci-dessous \ud83d\udc47 au format pdf. <\/p>\n\n\n\n<div class=\"wp-block-buttons is-content-justification-center is-layout-flex wp-container-core-buttons-is-layout-16018d1d wp-block-buttons-is-layout-flex\">\n<div class=\"wp-block-button has-custom-font-size has-small-font-size\"><a class=\"wp-block-button__link has-background wp-element-button\" href=\"https:\/\/toploc.com\/blog\/wp-content\/uploads\/2025\/06\/Carte-de-Bourgogne-Franche-Comte1-scaled.jpg\" style=\"background-color:#006b52\"><strong>\ud83d\udc49 CARTE TOURISTIQUE FRANCHE-COMTE<\/strong><\/a><\/div>\n<\/div>\n\n\n\n<h3 id=\"ou-est-situee-la-franche-comte\" class=\"wp-block-heading\">O\u00f9 est situ\u00e9e la Franche-Comt\u00e9 ?&nbsp;<\/h3>\n\n\n\n<p>La Franche-Comt\u00e9 est une r\u00e9gion culturelle et historique du Nord-Est de la France. Sa superficie est de 16 202 km\u00b2 et sa population s\u2019\u00e9l\u00e8ve \u00e0 1 179 601 habitants.&nbsp;<\/p>\n\n\n\n<h3 id=\"quels-sont-les-meilleurs-mois-pour-visiter-la-franche-comte\" class=\"wp-block-heading\">Quels sont les meilleurs mois pour visiter la Franche-Comt\u00e9 ?<\/h3>\n\n\n\n<p>Les meilleurs mois pour visiter la Franche-Comt\u00e9 sont de mai \u00e0 septembre. Avec une temp\u00e9rature moyenne entre 2\u00b0 et 20\u00b0 sur l&#8217;ann\u00e9e. La r\u00e9gion b\u00e9n\u00e9ficie d&#8217;un climat de type semi-continental.<\/p>\n\n\n\n<h3 id=\"quels-sont-les-5-plus-beaux-villages-de-franche-comte\" class=\"wp-block-heading\">Quels sont les 5 plus beaux villages de Franche-Comt\u00e9 ?<\/h3>\n\n\n\n<p>Les 5 plus beaux villages de Franche-Comt\u00e9 sont :<\/p>\n\n\n\n<ul class=\"wp-block-list\">\n<li>Baume-les-Messieurs, entour\u00e9e de vertigineuses falaises<\/li>\n\n\n\n<li>Ch\u00e2teau-Chalon et ses vignobles<\/li>\n\n\n\n<li>Semur-en-Auxois et ses donjons&nbsp;<\/li>\n\n\n\n<li>Ch\u00e2teauneuf-en-Auxois et son ch\u00e2teau m\u00e9di\u00e9val<\/li>\n\n\n\n<li>B\u00e8ze et son abbaye<\/li>\n<\/ul>\n\n\n\n<p>Tous sont \u00e0 moins de 2h de Besan\u00e7on. &nbsp;<\/p>\n\n\n\n<h3 id=\"quelles-sont-les-choses-a-faire-en-franche-comte\" class=\"wp-block-heading\">Quelles sont les choses \u00e0 faire en Franche-Comt\u00e9?<\/h3>\n\n\n\n<p>Les choses \u00e0 faire en Franche-Comt\u00e9 sont nombreuses :&nbsp;<\/p>\n\n\n\n<ul class=\"wp-block-list\">\n<li>La Citadelle de Besan\u00e7on<\/li>\n\n\n\n<li>La Grande Saline &#8211; Mus\u00e9e du Sel<\/li>\n\n\n\n<li>Les Cascades du H\u00e9risson<\/li>\n\n\n\n<li>La Saline Royale<\/li>\n\n\n\n<li>Ch\u00e2teau de Joux<\/li>\n<\/ul>\n\n\n\n<h3 id=\"comment-visiter-la-franche-comte-en-5-jours\" class=\"wp-block-heading\">Comment visiter la Franche-Comt\u00e9 en 5 jours ?<\/h3>\n\n\n\n<p>Voici l&#8217;itin\u00e9raire Toploc, pour visiter la Franche-Comt\u00e9 en 5 jours :&nbsp;<\/p>\n\n\n\n<ul class=\"wp-block-list\">\n<li><strong>Jour 1&nbsp;<\/strong>: D\u00e9butez votre aventure par Besan\u00e7on. Visitez la Citadelle de Besan\u00e7on et le Mus\u00e9e du Temps<\/li>\n\n\n\n<li><strong>Jour 2<\/strong> : Visite de Belfort et de sa citadelle. Visite du Fort Dorsner de Giromagny<\/li>\n\n\n\n<li><strong>Jour 3<\/strong> : D\u00e9couverte du Ch\u00e2teau de Montb\u00e9liard et visite du Mus\u00e9e de l&#8217;Aventure Peugeot<\/li>\n\n\n\n<li><strong>Jour 4<\/strong> : Promenade au cascades du H\u00e9risson<\/li>\n\n\n\n<li><strong>Jour 5 <\/strong>: Exploration de Ch\u00e2teauneuf-en-Auxois et son ch\u00e2teau m\u00e9di\u00e9val<\/li>\n<\/ul>\n\n\n\n<p>Lo\u00efc pour Toploc<\/p>\n","protected":false},"excerpt":{"rendered":"Nich\u00e9e entre les montagnes du Jura et les for\u00eats profondes du Doubs, la Franche-Comt\u00e9 est une r\u00e9gion o\u00f9&hellip;\n","protected":false},"author":3,"featured_media":138483,"comment_status":"open","ping_status":"closed","sticky":false,"template":"","format":"standard","meta":{"footnotes":""},"categories":[6859,114],"tags":[7407],"class_list":{"0":"post-9399","1":"post","2":"type-post","3":"status-publish","4":"format-standard","5":"has-post-thumbnail","7":"category-campagne","8":"category-france","9":"tag-visiter-la-franche-comte"},"yoast_head":"<!-- This site is optimized with the Yoast SEO plugin v26.9 - https:\/\/yoast.com\/product\/yoast-seo-wordpress\/ -->\n<title>Les 15 choses \u00e0 voir et \u00e0 faire pour visiter la Franche-Comt\u00e9<\/title>\n<meta name=\"description\" content=\"Visiter la Franche-Comt\u00e9 : Besan\u00e7on . Belfort . Montb\u00e9liard . Rousses . Dole . Arbois . Ch\u00e2teau-Chalon . Massif du Jura . Grotte d\u2019Osselle\" \/>\n<meta name=\"robots\" content=\"index, follow, max-snippet:-1, max-image-preview:large, max-video-preview:-1\" \/>\n<link rel=\"canonical\" href=\"https:\/\/toploc.com\/blog\/france\/visiter-la-franche-comte\" \/>\n<meta property=\"og:locale\" content=\"fr_FR\" \/>\n<meta property=\"og:type\" content=\"article\" \/>\n<meta property=\"og:title\" content=\"Les 15 choses \u00e0 voir et \u00e0 faire pour visiter la Franche-Comt\u00e9\" \/>\n<meta property=\"og:description\" content=\"Visiter la Franche-Comt\u00e9 : Besan\u00e7on . Belfort . Montb\u00e9liard . Rousses . Dole . Arbois . Ch\u00e2teau-Chalon . Massif du Jura . Grotte d\u2019Osselle\" \/>\n<meta property=\"og:url\" content=\"https:\/\/toploc.com\/blog\/france\/visiter-la-franche-comte\" \/>\n<meta property=\"og:site_name\" content=\"Toploc\" \/>\n<meta property=\"article:publisher\" content=\"https:\/\/www.facebook.com\/locationfrancophone\" \/>\n<meta property=\"article:published_time\" content=\"2026-01-27T13:41:05+00:00\" \/>\n<meta property=\"article:modified_time\" content=\"2026-01-27T14:31:03+00:00\" \/>\n<meta property=\"og:image\" content=\"https:\/\/toploc.com\/blog\/wp-content\/uploads\/2023\/12\/image-347.png\" \/>\n\t<meta property=\"og:image:width\" content=\"1024\" \/>\n\t<meta property=\"og:image:height\" content=\"499\" \/>\n\t<meta property=\"og:image:type\" content=\"image\/png\" \/>\n<meta name=\"author\" content=\"Julien\" \/>\n<meta name=\"twitter:card\" content=\"summary_large_image\" \/>\n<meta name=\"twitter:label1\" content=\"\u00c9crit par\" \/>\n\t<meta name=\"twitter:data1\" content=\"Julien\" \/>\n\t<meta name=\"twitter:label2\" content=\"Dur\u00e9e de lecture estim\u00e9e\" \/>\n\t<meta name=\"twitter:data2\" content=\"16 minutes\" \/>\n<script type=\"application\/ld+json\" class=\"yoast-schema-graph\">{\"@context\":\"https:\/\/schema.org\",\"@graph\":[{\"@type\":\"Article\",\"@id\":\"https:\/\/toploc.com\/blog\/france\/visiter-la-franche-comte#article\",\"isPartOf\":{\"@id\":\"https:\/\/toploc.com\/blog\/france\/visiter-la-franche-comte\"},\"author\":{\"name\":\"Julien\",\"@id\":\"https:\/\/toploc.com\/blog\/#\/schema\/person\/b66f845e3e2106301dee05e5bc776788\"},\"headline\":\"Les 15 choses \u00e0 voir et \u00e0 faire pour visiter la Franche-Comt\u00e9\",\"datePublished\":\"2026-01-27T13:41:05+00:00\",\"dateModified\":\"2026-01-27T14:31:03+00:00\",\"mainEntityOfPage\":{\"@id\":\"https:\/\/toploc.com\/blog\/france\/visiter-la-franche-comte\"},\"wordCount\":2768,\"commentCount\":0,\"publisher\":{\"@id\":\"https:\/\/toploc.com\/blog\/#organization\"},\"image\":{\"@id\":\"https:\/\/toploc.com\/blog\/france\/visiter-la-franche-comte#primaryimage\"},\"thumbnailUrl\":\"https:\/\/toploc.com\/blog\/wp-content\/uploads\/2023\/12\/image-347.png\",\"keywords\":[\"Visiter la Franche-Comt\u00e9\"],\"articleSection\":[\"Campagne\",\"Itin\u00e9raires France\"],\"inLanguage\":\"fr-FR\",\"potentialAction\":[{\"@type\":\"CommentAction\",\"name\":\"Comment\",\"target\":[\"https:\/\/toploc.com\/blog\/france\/visiter-la-franche-comte#respond\"]}]},{\"@type\":\"WebPage\",\"@id\":\"https:\/\/toploc.com\/blog\/france\/visiter-la-franche-comte\",\"url\":\"https:\/\/toploc.com\/blog\/france\/visiter-la-franche-comte\",\"name\":\"Les 15 choses \u00e0 voir et \u00e0 faire pour visiter la Franche-Comt\u00e9\",\"isPartOf\":{\"@id\":\"https:\/\/toploc.com\/blog\/#website\"},\"primaryImageOfPage\":{\"@id\":\"https:\/\/toploc.com\/blog\/france\/visiter-la-franche-comte#primaryimage\"},\"image\":{\"@id\":\"https:\/\/toploc.com\/blog\/france\/visiter-la-franche-comte#primaryimage\"},\"thumbnailUrl\":\"https:\/\/toploc.com\/blog\/wp-content\/uploads\/2023\/12\/image-347.png\",\"datePublished\":\"2026-01-27T13:41:05+00:00\",\"dateModified\":\"2026-01-27T14:31:03+00:00\",\"description\":\"Visiter la Franche-Comt\u00e9 : Besan\u00e7on . Belfort . Montb\u00e9liard . Rousses . Dole . Arbois . Ch\u00e2teau-Chalon . Massif du Jura . Grotte d\u2019Osselle\",\"breadcrumb\":{\"@id\":\"https:\/\/toploc.com\/blog\/france\/visiter-la-franche-comte#breadcrumb\"},\"inLanguage\":\"fr-FR\",\"potentialAction\":[{\"@type\":\"ReadAction\",\"target\":[\"https:\/\/toploc.com\/blog\/france\/visiter-la-franche-comte\"]}]},{\"@type\":\"ImageObject\",\"inLanguage\":\"fr-FR\",\"@id\":\"https:\/\/toploc.com\/blog\/france\/visiter-la-franche-comte#primaryimage\",\"url\":\"https:\/\/toploc.com\/blog\/wp-content\/uploads\/2023\/12\/image-347.png\",\"contentUrl\":\"https:\/\/toploc.com\/blog\/wp-content\/uploads\/2023\/12\/image-347.png\",\"width\":2048,\"height\":997,\"caption\":\"Lac des Rousses est entour\u00e9 par les \u00e9pic\u00e9as \u00a9 Jura Tourisme\"},{\"@type\":\"BreadcrumbList\",\"@id\":\"https:\/\/toploc.com\/blog\/france\/visiter-la-franche-comte#breadcrumb\",\"itemListElement\":[{\"@type\":\"ListItem\",\"position\":1,\"name\":\"Accueil\",\"item\":\"https:\/\/toploc.com\/blog\"},{\"@type\":\"ListItem\",\"position\":2,\"name\":\"Les 15 choses \u00e0 voir et \u00e0 faire pour visiter la Franche-Comt\u00e9\"}]},{\"@type\":\"WebSite\",\"@id\":\"https:\/\/toploc.com\/blog\/#website\",\"url\":\"https:\/\/toploc.com\/blog\/\",\"name\":\"Toploc\",\"description\":\"Itin\u00e9raires natures et locations de vacances en groupe\",\"publisher\":{\"@id\":\"https:\/\/toploc.com\/blog\/#organization\"},\"potentialAction\":[{\"@type\":\"SearchAction\",\"target\":{\"@type\":\"EntryPoint\",\"urlTemplate\":\"https:\/\/toploc.com\/blog\/?s={search_term_string}\"},\"query-input\":{\"@type\":\"PropertyValueSpecification\",\"valueRequired\":true,\"valueName\":\"search_term_string\"}}],\"inLanguage\":\"fr-FR\"},{\"@type\":\"Organization\",\"@id\":\"https:\/\/toploc.com\/blog\/#organization\",\"name\":\"Toploc\",\"url\":\"https:\/\/toploc.com\/blog\/\",\"logo\":{\"@type\":\"ImageObject\",\"inLanguage\":\"fr-FR\",\"@id\":\"https:\/\/toploc.com\/blog\/#\/schema\/logo\/image\/\",\"url\":\"https:\/\/blog.toploc.com\/wp-content\/uploads\/2022\/03\/toploc_facebook_5.png\",\"contentUrl\":\"https:\/\/blog.toploc.com\/wp-content\/uploads\/2022\/03\/toploc_facebook_5.png\",\"width\":600,\"height\":600,\"caption\":\"Toploc\"},\"image\":{\"@id\":\"https:\/\/toploc.com\/blog\/#\/schema\/logo\/image\/\"},\"sameAs\":[\"https:\/\/www.facebook.com\/locationfrancophone\",\"https:\/\/www.instagram.com\/toploc_\",\"https:\/\/www.pinterest.fr\/Toploc_\/\"]},{\"@type\":\"Person\",\"@id\":\"https:\/\/toploc.com\/blog\/#\/schema\/person\/b66f845e3e2106301dee05e5bc776788\",\"name\":\"Julien\",\"image\":{\"@type\":\"ImageObject\",\"inLanguage\":\"fr-FR\",\"@id\":\"https:\/\/toploc.com\/blog\/#\/schema\/person\/image\/\",\"url\":\"https:\/\/secure.gravatar.com\/avatar\/642d3d11687b291bb0ade289db2c7d821a72910624f4eb86cab555b4c6a3ed15?s=96&d=mm&r=g\",\"contentUrl\":\"https:\/\/secure.gravatar.com\/avatar\/642d3d11687b291bb0ade289db2c7d821a72910624f4eb86cab555b4c6a3ed15?s=96&d=mm&r=g\",\"caption\":\"Julien\"},\"description\":\"Julien est un passionn\u00e9 de nature et de grands espaces. Guide de moyenne montagne en Andorre, il a partag\u00e9 ses r\u00e9cits de voyage pendant plusieurs ann\u00e9es. Aujourd'hui il est co-auteur de plusieurs articles pour Toploc.\",\"url\":\"https:\/\/toploc.com\/blog\/author\/julien\"}]}<\/script>\n<!-- \/ Yoast SEO plugin. -->","yoast_head_json":{"title":"Les 15 choses \u00e0 voir et \u00e0 faire pour visiter la Franche-Comt\u00e9","description":"Visiter la Franche-Comt\u00e9 : Besan\u00e7on . Belfort . Montb\u00e9liard . Rousses . Dole . Arbois . Ch\u00e2teau-Chalon . Massif du Jura . Grotte d\u2019Osselle","robots":{"index":"index","follow":"follow","max-snippet":"max-snippet:-1","max-image-preview":"max-image-preview:large","max-video-preview":"max-video-preview:-1"},"canonical":"https:\/\/toploc.com\/blog\/france\/visiter-la-franche-comte","og_locale":"fr_FR","og_type":"article","og_title":"Les 15 choses \u00e0 voir et \u00e0 faire pour visiter la Franche-Comt\u00e9","og_description":"Visiter la Franche-Comt\u00e9 : Besan\u00e7on . Belfort . Montb\u00e9liard . Rousses . Dole . Arbois . Ch\u00e2teau-Chalon . Massif du Jura . Grotte d\u2019Osselle","og_url":"https:\/\/toploc.com\/blog\/france\/visiter-la-franche-comte","og_site_name":"Toploc","article_publisher":"https:\/\/www.facebook.com\/locationfrancophone","article_published_time":"2026-01-27T13:41:05+00:00","article_modified_time":"2026-01-27T14:31:03+00:00","og_image":[{"url":"https:\/\/toploc.com\/blog\/wp-content\/uploads\/2023\/12\/image-347.png","width":1024,"height":499,"type":"image\/png"}],"author":"Julien","twitter_card":"summary_large_image","twitter_misc":{"\u00c9crit par":"Julien","Dur\u00e9e de lecture estim\u00e9e":"16 minutes"},"schema":{"@context":"https:\/\/schema.org","@graph":[{"@type":"Article","@id":"https:\/\/toploc.com\/blog\/france\/visiter-la-franche-comte#article","isPartOf":{"@id":"https:\/\/toploc.com\/blog\/france\/visiter-la-franche-comte"},"author":{"name":"Julien","@id":"https:\/\/toploc.com\/blog\/#\/schema\/person\/b66f845e3e2106301dee05e5bc776788"},"headline":"Les 15 choses \u00e0 voir et \u00e0 faire pour visiter la Franche-Comt\u00e9","datePublished":"2026-01-27T13:41:05+00:00","dateModified":"2026-01-27T14:31:03+00:00","mainEntityOfPage":{"@id":"https:\/\/toploc.com\/blog\/france\/visiter-la-franche-comte"},"wordCount":2768,"commentCount":0,"publisher":{"@id":"https:\/\/toploc.com\/blog\/#organization"},"image":{"@id":"https:\/\/toploc.com\/blog\/france\/visiter-la-franche-comte#primaryimage"},"thumbnailUrl":"https:\/\/toploc.com\/blog\/wp-content\/uploads\/2023\/12\/image-347.png","keywords":["Visiter la Franche-Comt\u00e9"],"articleSection":["Campagne","Itin\u00e9raires France"],"inLanguage":"fr-FR","potentialAction":[{"@type":"CommentAction","name":"Comment","target":["https:\/\/toploc.com\/blog\/france\/visiter-la-franche-comte#respond"]}]},{"@type":"WebPage","@id":"https:\/\/toploc.com\/blog\/france\/visiter-la-franche-comte","url":"https:\/\/toploc.com\/blog\/france\/visiter-la-franche-comte","name":"Les 15 choses \u00e0 voir et \u00e0 faire pour visiter la Franche-Comt\u00e9","isPartOf":{"@id":"https:\/\/toploc.com\/blog\/#website"},"primaryImageOfPage":{"@id":"https:\/\/toploc.com\/blog\/france\/visiter-la-franche-comte#primaryimage"},"image":{"@id":"https:\/\/toploc.com\/blog\/france\/visiter-la-franche-comte#primaryimage"},"thumbnailUrl":"https:\/\/toploc.com\/blog\/wp-content\/uploads\/2023\/12\/image-347.png","datePublished":"2026-01-27T13:41:05+00:00","dateModified":"2026-01-27T14:31:03+00:00","description":"Visiter la Franche-Comt\u00e9 : Besan\u00e7on . Belfort . Montb\u00e9liard . Rousses . Dole . Arbois . Ch\u00e2teau-Chalon . Massif du Jura . Grotte d\u2019Osselle","breadcrumb":{"@id":"https:\/\/toploc.com\/blog\/france\/visiter-la-franche-comte#breadcrumb"},"inLanguage":"fr-FR","potentialAction":[{"@type":"ReadAction","target":["https:\/\/toploc.com\/blog\/france\/visiter-la-franche-comte"]}]},{"@type":"ImageObject","inLanguage":"fr-FR","@id":"https:\/\/toploc.com\/blog\/france\/visiter-la-franche-comte#primaryimage","url":"https:\/\/toploc.com\/blog\/wp-content\/uploads\/2023\/12\/image-347.png","contentUrl":"https:\/\/toploc.com\/blog\/wp-content\/uploads\/2023\/12\/image-347.png","width":2048,"height":997,"caption":"Lac des Rousses est entour\u00e9 par les \u00e9pic\u00e9as \u00a9 Jura Tourisme"},{"@type":"BreadcrumbList","@id":"https:\/\/toploc.com\/blog\/france\/visiter-la-franche-comte#breadcrumb","itemListElement":[{"@type":"ListItem","position":1,"name":"Accueil","item":"https:\/\/toploc.com\/blog"},{"@type":"ListItem","position":2,"name":"Les 15 choses \u00e0 voir et \u00e0 faire pour visiter la Franche-Comt\u00e9"}]},{"@type":"WebSite","@id":"https:\/\/toploc.com\/blog\/#website","url":"https:\/\/toploc.com\/blog\/","name":"Toploc","description":"Itin\u00e9raires natures et locations de vacances en groupe","publisher":{"@id":"https:\/\/toploc.com\/blog\/#organization"},"potentialAction":[{"@type":"SearchAction","target":{"@type":"EntryPoint","urlTemplate":"https:\/\/toploc.com\/blog\/?s={search_term_string}"},"query-input":{"@type":"PropertyValueSpecification","valueRequired":true,"valueName":"search_term_string"}}],"inLanguage":"fr-FR"},{"@type":"Organization","@id":"https:\/\/toploc.com\/blog\/#organization","name":"Toploc","url":"https:\/\/toploc.com\/blog\/","logo":{"@type":"ImageObject","inLanguage":"fr-FR","@id":"https:\/\/toploc.com\/blog\/#\/schema\/logo\/image\/","url":"https:\/\/blog.toploc.com\/wp-content\/uploads\/2022\/03\/toploc_facebook_5.png","contentUrl":"https:\/\/blog.toploc.com\/wp-content\/uploads\/2022\/03\/toploc_facebook_5.png","width":600,"height":600,"caption":"Toploc"},"image":{"@id":"https:\/\/toploc.com\/blog\/#\/schema\/logo\/image\/"},"sameAs":["https:\/\/www.facebook.com\/locationfrancophone","https:\/\/www.instagram.com\/toploc_","https:\/\/www.pinterest.fr\/Toploc_\/"]},{"@type":"Person","@id":"https:\/\/toploc.com\/blog\/#\/schema\/person\/b66f845e3e2106301dee05e5bc776788","name":"Julien","image":{"@type":"ImageObject","inLanguage":"fr-FR","@id":"https:\/\/toploc.com\/blog\/#\/schema\/person\/image\/","url":"https:\/\/secure.gravatar.com\/avatar\/642d3d11687b291bb0ade289db2c7d821a72910624f4eb86cab555b4c6a3ed15?s=96&d=mm&r=g","contentUrl":"https:\/\/secure.gravatar.com\/avatar\/642d3d11687b291bb0ade289db2c7d821a72910624f4eb86cab555b4c6a3ed15?s=96&d=mm&r=g","caption":"Julien"},"description":"Julien est un passionn\u00e9 de nature et de grands espaces. Guide de moyenne montagne en Andorre, il a partag\u00e9 ses r\u00e9cits de voyage pendant plusieurs ann\u00e9es. Aujourd'hui il est co-auteur de plusieurs articles pour Toploc.","url":"https:\/\/toploc.com\/blog\/author\/julien"}]}},"_links":{"self":[{"href":"https:\/\/toploc.com\/blog\/wp-json\/wp\/v2\/posts\/9399","targetHints":{"allow":["GET"]}}],"collection":[{"href":"https:\/\/toploc.com\/blog\/wp-json\/wp\/v2\/posts"}],"about":[{"href":"https:\/\/toploc.com\/blog\/wp-json\/wp\/v2\/types\/post"}],"author":[{"embeddable":true,"href":"https:\/\/toploc.com\/blog\/wp-json\/wp\/v2\/users\/3"}],"replies":[{"embeddable":true,"href":"https:\/\/toploc.com\/blog\/wp-json\/wp\/v2\/comments?post=9399"}],"version-history":[{"count":10,"href":"https:\/\/toploc.com\/blog\/wp-json\/wp\/v2\/posts\/9399\/revisions"}],"predecessor-version":[{"id":160317,"href":"https:\/\/toploc.com\/blog\/wp-json\/wp\/v2\/posts\/9399\/revisions\/160317"}],"wp:featuredmedia":[{"embeddable":true,"href":"https:\/\/toploc.com\/blog\/wp-json\/wp\/v2\/media\/138483"}],"wp:attachment":[{"href":"https:\/\/toploc.com\/blog\/wp-json\/wp\/v2\/media?parent=9399"}],"wp:term":[{"taxonomy":"category","embeddable":true,"href":"https:\/\/toploc.com\/blog\/wp-json\/wp\/v2\/categories?post=9399"},{"taxonomy":"post_tag","embeddable":true,"href":"https:\/\/toploc.com\/blog\/wp-json\/wp\/v2\/tags?post=9399"}],"curies":[{"name":"wp","href":"https:\/\/api.w.org\/{rel}","templated":true}]}}