{"id":93170,"date":"2022-06-20T08:00:00","date_gmt":"2022-06-20T06:00:00","guid":{"rendered":"https:\/\/www.location-francophone.com\/?p=93170"},"modified":"2022-06-20T14:15:07","modified_gmt":"2022-06-20T12:15:07","slug":"cabane-de-vacances","status":"publish","type":"post","link":"https:\/\/toploc.com\/blog\/mini-maison\/cabane-de-vacances","title":{"rendered":"Politaire tiny-house cr\u00e9\u00e9e par 2 \u00e9tudiants pour 12 000 \u20ac"},"content":{"rendered":"\n<p>C&#8217;est la tendance, <a href=\"https:\/\/toploc.com\/listes\/logement-insolite-nature\">les h\u00e9bergements insolites nature <\/a>attirent de plus en plus les gens. Surtout les jeunes en recherche d&#8217;aventures et nombreux sont ceux qui r\u00eavent d&#8217;\u00e9vasion et envisagent une exp\u00e9rience insolite dans des h\u00e9bergements install\u00e9s en pleine nature. D\u00e9couvrez Politaire, l\u2019histoire de ces deux jeunes allemands Jonas Becker et Timm Bergmann, qui ont construit eux-m\u00eames leur cabane de vacances&#8230;dans une for\u00eat isol\u00e9e de Finlande.<\/p>\n\n\n<div class=\"wp-block-image\">\n<figure class=\"aligncenter\"><a href=\"https:\/\/blog.toploc.com\/wp-content\/uploads\/2020\/03\/Une-cabane-de-vacances-autoconstruite-\u00a9-Andre-Boettcher-Politaire.jpg\"><img loading=\"lazy\" decoding=\"async\" width=\"700\" height=\"452\" src=\"https:\/\/blog.toploc.com\/wp-content\/uploads\/2020\/03\/Une-cabane-de-vacances-autoconstruite-\u00a9-Andre-Boettcher-Politaire.jpg\" alt=\"Une cabane de vacances autoconstruite \u00a9 Politaire \/ Andre Boettcher\" class=\"wp-image-93171\"\/><\/a><figcaption><small>Une cabane de vacances autoconstruite \u00a9 Politaire \/ Andre Boettcher<\/small><\/figcaption><\/figure>\n<\/div>\n\n\n<h2 id=\"une-cabane-en-foret-lidee-geniale-de-jonas-becker-et-timm-bergmann\" class=\"wp-block-heading\">Une cabane en for\u00eat, l&#8217;id\u00e9e g\u00e9niale de Jonas Becker et Timm Bergmann<\/h2>\n\n\n\n<p>L\u2019histoire parle de deux amis allemands, Jonas Becker et Timm Bergmann, \u00e9tudiants \u00e0 l&#8217;universit\u00e9 en Finlande. Ils ont eu l&#8217;ing\u00e9nieuse id\u00e9e de construire une cabane en pleine for\u00eat. L\u2019id\u00e9e leur est venue en 2012 lors de <a href=\"https:\/\/blog.toploc.com\/blog\/europe\/vacances-a-la-montagne-en-finlande\">vacances \u00e0 la montagne en Finlande<\/a> alors qu\u2019ils se randonnaient en direction d&#8217;un lac o\u00f9 ils avaient l\u2019intention de p\u00eacher.<\/p>\n\n\n\n<p>Nos deux copains sont subjugu\u00e9s par la nature et projettent de passer plus de temps dans ce coin de paradis. Tr\u00e8s vite ils se lancent et leur projet de construction de tiny-house Politaire prend vie.<\/p>\n\n\n<div class=\"wp-block-image\">\n<figure class=\"aligncenter\"><a href=\"https:\/\/blog.toploc.com\/wp-content\/uploads\/2020\/03\/Chemin-pour-arriver-a-la-cabane-\u00a9-Andre-Boettcher-Politaire.jpg\"><img loading=\"lazy\" decoding=\"async\" width=\"700\" height=\"452\" src=\"https:\/\/blog.toploc.com\/wp-content\/uploads\/2020\/03\/Chemin-pour-arriver-a-la-cabane-\u00a9-Andre-Boettcher-Politaire.jpg\" alt=\"Chemin pour arriver \u00e0 la cabane \u00a9 Politaire \/ Andre Boettcher\" class=\"wp-image-93172\"\/><\/a><figcaption><small>Chemin pour arriver \u00e0 la cabane \u00a9 Politaire \/ Andre Boettcher<\/small><\/figcaption><\/figure>\n<\/div>\n\n\n<h2 id=\"politaire-cest-un-terrain-parental-et-12-000-euros-de-budget\" class=\"wp-block-heading\">Politaire c&#8217;est un terrain parental et 12.000 euros de budget<\/h2>\n\n\n\n<p>\u00c9tant tous les deux \u00e9tudiants en architecture et en design, les jeunes allemands n\u2019ont pas eu de mal \u00e0 combiner leurs talents pour imaginer une cabane de vacances de r\u00eave alliant confort et nature.  Avec un coup de pouce du destin, les deux comp\u00e8res trouvent l\u2019endroit parfait pour leur projet. Un terrain au bord du lac appartenant au grand-p\u00e8re de l\u2019un d\u2019entre eux.<\/p>\n\n\n<div class=\"wp-block-image\">\n<figure class=\"aligncenter\"><a href=\"https:\/\/blog.toploc.com\/wp-content\/uploads\/2020\/03\/Une-cabane-de-vacances-en-Finlande-\u00a9-Andre-Boettcher-Politaire.jpg\"><img loading=\"lazy\" decoding=\"async\" width=\"700\" height=\"452\" src=\"https:\/\/blog.toploc.com\/wp-content\/uploads\/2020\/03\/Une-cabane-de-vacances-en-Finlande-\u00a9-Andre-Boettcher-Politaire.jpg\" alt=\"Une cabane de vacances en Finlande \u00a9 Politaire \/ Andre Boettcher\" class=\"wp-image-93173\"\/><\/a><figcaption><small>Une cabane de vacances en Finlande \u00a9 Politaire \/ Andre Boettcher<\/small><\/figcaption><\/figure>\n<\/div>\n\n\n<p>Il ne reste plus qu\u2019\u00e0 r\u00e9unir le budget pour la construction. Ils organisent une collecte et obtiennent 12.000 euros ! Une petite somme pour un projet d\u2019une telle envergure. Mais nos deux compagnons ont d\u00e9cid\u00e9 de tout construire de leurs propres mains, afin de minimiser au maximum le co\u00fbt de la construction. Une bonne initiative qui a fini par porter ses fruits\u2026<\/p>\n\n\n\n<h2 id=\"politaire-une-cabane-en-bois-de-30-m2-confortable-et-durable\" class=\"wp-block-heading\">Politaire une cabane en bois de 30 m2 confortable et\u2026 durable<\/h2>\n\n\n\n<p>Apr\u00e8s avoir construit une all\u00e9e en bois sur\u00e9lev\u00e9e menant jusqu\u2019\u00e0 leur terrain, les deux \u00e9tudiants ont commenc\u00e9 \u00e0 b\u00e2tir leur cabane de vacances. En utilisant essentiellement du bois. Pour eux, opter ainsi pour le bois comme mat\u00e9riau principal pr\u00e9sentait de nombreux avantages, si ce n\u2019est le fait que le bois est \u00e0 la fois durable et abordable. C&#8217;est un choix judicieux que ce couple d&#8217;am\u00e9ricains a aussi fait pour leur projet de <a href=\"https:\/\/blog.toploc.com\/blog\/mini-maison\/tente-en-bois\">tente en bois<\/a>.<\/p>\n\n\n<div class=\"wp-block-image\">\n<figure class=\"aligncenter\"><a href=\"https:\/\/blog.toploc.com\/wp-content\/uploads\/2020\/03\/Salon-lumineux-avec-poele-a-bois-\u00a9-Andre-Boettcher-Politaire.jpg\"><img loading=\"lazy\" decoding=\"async\" width=\"700\" height=\"452\" src=\"https:\/\/blog.toploc.com\/wp-content\/uploads\/2020\/03\/Salon-lumineux-avec-poele-a-bois-\u00a9-Andre-Boettcher-Politaire.jpg\" alt=\"Salon lumineux avec po\u00eale \u00e0 bois \u00a9 Politaire \/ Andre Boettcher\" class=\"wp-image-93174\"\/><\/a><figcaption><small>Salon lumineux avec po\u00eale \u00e0 bois \u00a9 Politaire \/ Andre Boettcher<\/small><\/figcaption><\/figure>\n<\/div>\n\n<div class=\"wp-block-image\">\n<figure class=\"aligncenter\"><a href=\"https:\/\/blog.toploc.com\/wp-content\/uploads\/2020\/03\/Une-cuisine-lumineuse-avec-vue-sur-la-nature-\u00a9-Andre-Boettcher-Politaire.jpg\"><img loading=\"lazy\" decoding=\"async\" width=\"700\" height=\"452\" src=\"https:\/\/blog.toploc.com\/wp-content\/uploads\/2020\/03\/Une-cuisine-lumineuse-avec-vue-sur-la-nature-\u00a9-Andre-Boettcher-Politaire.jpg\" alt=\"Une cuisine lumineuse avec vue sur la nature \u00a9 Politaire \/ Andre Boettcher\" class=\"wp-image-93175\"\/><\/a><figcaption><small>Une cuisine lumineuse avec vue sur la nature \u00a9 Politaire \/ Andre Boettcher<\/small><\/figcaption><\/figure>\n<\/div>\n\n\n<p>Quelques temps apr\u00e8s le d\u00e9but des travaux, leur h\u00e9bergement de vacances en for\u00eat est enfin termin\u00e9. Le r\u00e9sultat est tout simplement impressionnant. \u00c0 l\u2019int\u00e9rieur de la cabane de 26 m\u00b2, on a droit \u00e0 un salon, une chambre, une cuisine et une salle de bain, soient 4 pi\u00e8ces dispos\u00e9es en enfilade. <\/p>\n\n\n\n<p>Ils ont eu m\u00eame eu l\u2019id\u00e9e de construire un sauna afin de rendre plus agr\u00e9able leurs escapades. Le seul inconv\u00e9nient reste peut-\u00eatre les toilettes qui sont \u00e0 l\u2019ext\u00e9rieur.\u00a0 Cependant, cela ne g\u00e2che en rien le c\u00f4t\u00e9 confortable et convivial de cette habitation temporaire. Fiers de leur travail, nos deux jeunes propri\u00e9taires n\u2019h\u00e9sitent pas \u00e0 y passer du temps comme pr\u00e9vu, et parfois avec des amis.<\/p>\n\n\n<div class=\"wp-block-image\">\n<figure class=\"aligncenter\"><a href=\"https:\/\/blog.toploc.com\/wp-content\/uploads\/2020\/03\/Un-sauna-pour-profiter-au-mieux-de-ses-vacances-\u00a9-Andre-Boettcher-Politaire.jpg\"><img loading=\"lazy\" decoding=\"async\" width=\"700\" height=\"574\" src=\"https:\/\/blog.toploc.com\/wp-content\/uploads\/2020\/03\/Un-sauna-pour-profiter-au-mieux-de-ses-vacances-\u00a9-Andre-Boettcher-Politaire.jpg\" alt=\"Un sauna pour profiter au mieux de ses vacances \u00a9 Politaire \/ Andre Boettcher\" class=\"wp-image-93176\"\/><\/a><figcaption><small>Un sauna pour profiter au mieux de ses vacances \u00a9 Politaire \/ Andre Boettcher<\/small><\/figcaption><\/figure>\n<\/div>\n\n\n<p>Le\u00e7on de l\u2019histoire : avec un \u00ab petit \u00bb budget et une bonne dose de volont\u00e9, on peut ainsi r\u00e9ussir \u00e0 construire une location de vacances enti\u00e8rement personnalis\u00e9e en pleine nature. \u00c0 bon entendeur !<\/p>\n\n\n\n<h2 id=\"dormir-dans-un-hebergement-insolite-nature\" class=\"wp-block-heading\">Dormir dans un h\u00e9bergement insolite nature ?<\/h2>\n\n\n\n<p>Toploc est un site sp\u00e9cialis\u00e9 dans les locations de vacances nature. Nous r\u00e9f\u00e9ren\u00e7ons des h\u00e9bergements insolites, des chalets, des cabanes dans les bois, des yourtes, des tentes et des tipis. Voici notre s\u00e9lection de logements insolites \u00e0 r\u00e9server en direct aupr\u00e8s des h\u00f4tes : <\/p>\n\n\n\n<ul class=\"wp-block-list\"><li><a href=\"https:\/\/toploc.com\/cabane\">locations de cabanes en bois<\/a><\/li><li><a href=\"https:\/\/toploc.com\/yourte-tipi\">locations de yourte-tente-tipi<\/a><\/li><li><a href=\"https:\/\/toploc.com\/chalet\">locations de chalets<\/a><\/li><\/ul>\n\n\n\n<iframe loading=\"lazy\" width=\"100%\" height=\"450px\" frameborder=\"0\" src=\"https:\/\/toploc.com\/embed\/maps?location=Zone%20carte;bbox_area=-6.059011187205755%2C40.28776433689299%2C11.301942676591722%2C52.42007642505291\"><\/iframe>\n","protected":false},"excerpt":{"rendered":"C&#8217;est la tendance, les h\u00e9bergements insolites nature attirent de plus en plus les gens. Surtout les jeunes en&hellip;\n","protected":false},"author":2,"featured_media":93171,"comment_status":"open","ping_status":"closed","sticky":false,"template":"","format":"standard","meta":{"footnotes":""},"categories":[37],"tags":[6803,6804,6802],"class_list":{"0":"post-93170","1":"post","2":"type-post","3":"status-publish","4":"format-standard","5":"has-post-thumbnail","7":"category-mini-maison","8":"tag-finlande","9":"tag-politaire","10":"tag-tiny-house"},"yoast_head":"<!-- This site is optimized with the Yoast SEO plugin v26.9 - https:\/\/yoast.com\/product\/yoast-seo-wordpress\/ -->\n<title>Politaire tiny-house cr\u00e9\u00e9e par 2 \u00e9tudiants pour 12 000 \u20ac<\/title>\n<meta name=\"description\" content=\"Politaire est un concept de tiny house cr\u00e9\u00e9e par Jonas Becker et Timm Bergmann, 2 \u00e9tudiants allemands pour moins de 12 000 euros...\" \/>\n<meta name=\"robots\" content=\"index, follow, max-snippet:-1, max-image-preview:large, max-video-preview:-1\" \/>\n<link rel=\"canonical\" href=\"https:\/\/toploc.com\/blog\/mini-maison\/cabane-de-vacances\" \/>\n<meta property=\"og:locale\" content=\"fr_FR\" \/>\n<meta property=\"og:type\" content=\"article\" \/>\n<meta property=\"og:title\" content=\"Politaire tiny-house cr\u00e9\u00e9e par 2 \u00e9tudiants pour 12 000 \u20ac\" \/>\n<meta property=\"og:description\" content=\"Politaire est un concept de tiny house cr\u00e9\u00e9e par Jonas Becker et Timm Bergmann, 2 \u00e9tudiants allemands pour moins de 12 000 euros...\" \/>\n<meta property=\"og:url\" content=\"https:\/\/toploc.com\/blog\/mini-maison\/cabane-de-vacances\" \/>\n<meta property=\"og:site_name\" content=\"Toploc\" \/>\n<meta property=\"article:publisher\" content=\"https:\/\/www.facebook.com\/locationfrancophone\" \/>\n<meta property=\"article:published_time\" content=\"2022-06-20T06:00:00+00:00\" \/>\n<meta property=\"article:modified_time\" content=\"2022-06-20T12:15:07+00:00\" \/>\n<meta property=\"og:image\" content=\"https:\/\/toploc.com\/blog\/wp-content\/uploads\/2020\/03\/Une-cabane-de-vacances-autoconstruite-\u00a9-Andre-Boettcher-Politaire.jpg\" \/>\n\t<meta property=\"og:image:width\" content=\"700\" \/>\n\t<meta property=\"og:image:height\" content=\"452\" \/>\n\t<meta property=\"og:image:type\" content=\"image\/jpeg\" \/>\n<meta name=\"author\" content=\"Guillaume\" \/>\n<meta name=\"twitter:card\" content=\"summary_large_image\" \/>\n<meta name=\"twitter:label1\" content=\"\u00c9crit par\" \/>\n\t<meta name=\"twitter:data1\" content=\"Guillaume\" \/>\n\t<meta name=\"twitter:label2\" content=\"Dur\u00e9e de lecture estim\u00e9e\" \/>\n\t<meta name=\"twitter:data2\" content=\"5 minutes\" \/>\n<script type=\"application\/ld+json\" class=\"yoast-schema-graph\">{\"@context\":\"https:\/\/schema.org\",\"@graph\":[{\"@type\":\"Article\",\"@id\":\"https:\/\/toploc.com\/blog\/mini-maison\/cabane-de-vacances#article\",\"isPartOf\":{\"@id\":\"https:\/\/toploc.com\/blog\/mini-maison\/cabane-de-vacances\"},\"author\":{\"name\":\"Guillaume\",\"@id\":\"https:\/\/toploc.com\/blog\/#\/schema\/person\/ab9993aff7c3d37b3a2f20d2a57e2e66\"},\"headline\":\"Politaire tiny-house cr\u00e9\u00e9e par 2 \u00e9tudiants pour 12 000 \u20ac\",\"datePublished\":\"2022-06-20T06:00:00+00:00\",\"dateModified\":\"2022-06-20T12:15:07+00:00\",\"mainEntityOfPage\":{\"@id\":\"https:\/\/toploc.com\/blog\/mini-maison\/cabane-de-vacances\"},\"wordCount\":734,\"commentCount\":0,\"publisher\":{\"@id\":\"https:\/\/toploc.com\/blog\/#organization\"},\"image\":{\"@id\":\"https:\/\/toploc.com\/blog\/mini-maison\/cabane-de-vacances#primaryimage\"},\"thumbnailUrl\":\"https:\/\/toploc.com\/blog\/wp-content\/uploads\/2020\/03\/Une-cabane-de-vacances-autoconstruite-\u00a9-Andre-Boettcher-Politaire.jpg\",\"keywords\":[\"Finlande\",\"Politaire\",\"Tiny-House\"],\"articleSection\":[\"Tiny House\"],\"inLanguage\":\"fr-FR\",\"potentialAction\":[{\"@type\":\"CommentAction\",\"name\":\"Comment\",\"target\":[\"https:\/\/toploc.com\/blog\/mini-maison\/cabane-de-vacances#respond\"]}]},{\"@type\":\"WebPage\",\"@id\":\"https:\/\/toploc.com\/blog\/mini-maison\/cabane-de-vacances\",\"url\":\"https:\/\/toploc.com\/blog\/mini-maison\/cabane-de-vacances\",\"name\":\"Politaire tiny-house cr\u00e9\u00e9e par 2 \u00e9tudiants pour 12 000 \u20ac\",\"isPartOf\":{\"@id\":\"https:\/\/toploc.com\/blog\/#website\"},\"primaryImageOfPage\":{\"@id\":\"https:\/\/toploc.com\/blog\/mini-maison\/cabane-de-vacances#primaryimage\"},\"image\":{\"@id\":\"https:\/\/toploc.com\/blog\/mini-maison\/cabane-de-vacances#primaryimage\"},\"thumbnailUrl\":\"https:\/\/toploc.com\/blog\/wp-content\/uploads\/2020\/03\/Une-cabane-de-vacances-autoconstruite-\u00a9-Andre-Boettcher-Politaire.jpg\",\"datePublished\":\"2022-06-20T06:00:00+00:00\",\"dateModified\":\"2022-06-20T12:15:07+00:00\",\"description\":\"Politaire est un concept de tiny house cr\u00e9\u00e9e par Jonas Becker et Timm Bergmann, 2 \u00e9tudiants allemands pour moins de 12 000 euros...\",\"breadcrumb\":{\"@id\":\"https:\/\/toploc.com\/blog\/mini-maison\/cabane-de-vacances#breadcrumb\"},\"inLanguage\":\"fr-FR\",\"potentialAction\":[{\"@type\":\"ReadAction\",\"target\":[\"https:\/\/toploc.com\/blog\/mini-maison\/cabane-de-vacances\"]}]},{\"@type\":\"ImageObject\",\"inLanguage\":\"fr-FR\",\"@id\":\"https:\/\/toploc.com\/blog\/mini-maison\/cabane-de-vacances#primaryimage\",\"url\":\"https:\/\/toploc.com\/blog\/wp-content\/uploads\/2020\/03\/Une-cabane-de-vacances-autoconstruite-\u00a9-Andre-Boettcher-Politaire.jpg\",\"contentUrl\":\"https:\/\/toploc.com\/blog\/wp-content\/uploads\/2020\/03\/Une-cabane-de-vacances-autoconstruite-\u00a9-Andre-Boettcher-Politaire.jpg\",\"width\":700,\"height\":452,\"caption\":\"Une cabane de vacances autoconstruite \u00a9 Andre Boettcher Politaire\"},{\"@type\":\"BreadcrumbList\",\"@id\":\"https:\/\/toploc.com\/blog\/mini-maison\/cabane-de-vacances#breadcrumb\",\"itemListElement\":[{\"@type\":\"ListItem\",\"position\":1,\"name\":\"Accueil\",\"item\":\"https:\/\/toploc.com\/blog\"},{\"@type\":\"ListItem\",\"position\":2,\"name\":\"Politaire tiny-house cr\u00e9\u00e9e par 2 \u00e9tudiants pour 12 000 \u20ac\"}]},{\"@type\":\"WebSite\",\"@id\":\"https:\/\/toploc.com\/blog\/#website\",\"url\":\"https:\/\/toploc.com\/blog\/\",\"name\":\"Toploc\",\"description\":\"Itin\u00e9raires natures et locations de vacances en groupe\",\"publisher\":{\"@id\":\"https:\/\/toploc.com\/blog\/#organization\"},\"potentialAction\":[{\"@type\":\"SearchAction\",\"target\":{\"@type\":\"EntryPoint\",\"urlTemplate\":\"https:\/\/toploc.com\/blog\/?s={search_term_string}\"},\"query-input\":{\"@type\":\"PropertyValueSpecification\",\"valueRequired\":true,\"valueName\":\"search_term_string\"}}],\"inLanguage\":\"fr-FR\"},{\"@type\":\"Organization\",\"@id\":\"https:\/\/toploc.com\/blog\/#organization\",\"name\":\"Toploc\",\"url\":\"https:\/\/toploc.com\/blog\/\",\"logo\":{\"@type\":\"ImageObject\",\"inLanguage\":\"fr-FR\",\"@id\":\"https:\/\/toploc.com\/blog\/#\/schema\/logo\/image\/\",\"url\":\"https:\/\/blog.toploc.com\/wp-content\/uploads\/2022\/03\/toploc_facebook_5.png\",\"contentUrl\":\"https:\/\/blog.toploc.com\/wp-content\/uploads\/2022\/03\/toploc_facebook_5.png\",\"width\":600,\"height\":600,\"caption\":\"Toploc\"},\"image\":{\"@id\":\"https:\/\/toploc.com\/blog\/#\/schema\/logo\/image\/\"},\"sameAs\":[\"https:\/\/www.facebook.com\/locationfrancophone\",\"https:\/\/www.instagram.com\/toploc_\",\"https:\/\/www.pinterest.fr\/Toploc_\/\"]},{\"@type\":\"Person\",\"@id\":\"https:\/\/toploc.com\/blog\/#\/schema\/person\/ab9993aff7c3d37b3a2f20d2a57e2e66\",\"name\":\"Guillaume\",\"image\":{\"@type\":\"ImageObject\",\"inLanguage\":\"fr-FR\",\"@id\":\"https:\/\/toploc.com\/blog\/#\/schema\/person\/image\/\",\"url\":\"https:\/\/secure.gravatar.com\/avatar\/d80553a7f7ac9459767da9b2359979a62070bea95c2826cda6a65908541bf9e6?s=96&d=mm&r=g\",\"contentUrl\":\"https:\/\/secure.gravatar.com\/avatar\/d80553a7f7ac9459767da9b2359979a62070bea95c2826cda6a65908541bf9e6?s=96&d=mm&r=g\",\"caption\":\"Guillaume\"},\"description\":\"Je suis passionn\u00e9 de grands espaces, de montagnes et de trail running. Je suis aussi le co-fondateur de Toploc, une plateforme de voyage nature. Pourquoi ? pour partager mon go\u00fbt pour les aventures en plein air, les itin\u00e9raires de voyages et la nature.\",\"url\":\"https:\/\/toploc.com\/blog\/author\/guillaume\"}]}<\/script>\n<!-- \/ Yoast SEO plugin. -->","yoast_head_json":{"title":"Politaire tiny-house cr\u00e9\u00e9e par 2 \u00e9tudiants pour 12 000 \u20ac","description":"Politaire est un concept de tiny house cr\u00e9\u00e9e par Jonas Becker et Timm Bergmann, 2 \u00e9tudiants allemands pour moins de 12 000 euros...","robots":{"index":"index","follow":"follow","max-snippet":"max-snippet:-1","max-image-preview":"max-image-preview:large","max-video-preview":"max-video-preview:-1"},"canonical":"https:\/\/toploc.com\/blog\/mini-maison\/cabane-de-vacances","og_locale":"fr_FR","og_type":"article","og_title":"Politaire tiny-house cr\u00e9\u00e9e par 2 \u00e9tudiants pour 12 000 \u20ac","og_description":"Politaire est un concept de tiny house cr\u00e9\u00e9e par Jonas Becker et Timm Bergmann, 2 \u00e9tudiants allemands pour moins de 12 000 euros...","og_url":"https:\/\/toploc.com\/blog\/mini-maison\/cabane-de-vacances","og_site_name":"Toploc","article_publisher":"https:\/\/www.facebook.com\/locationfrancophone","article_published_time":"2022-06-20T06:00:00+00:00","article_modified_time":"2022-06-20T12:15:07+00:00","og_image":[{"width":700,"height":452,"url":"https:\/\/toploc.com\/blog\/wp-content\/uploads\/2020\/03\/Une-cabane-de-vacances-autoconstruite-\u00a9-Andre-Boettcher-Politaire.jpg","type":"image\/jpeg"}],"author":"Guillaume","twitter_card":"summary_large_image","twitter_misc":{"\u00c9crit par":"Guillaume","Dur\u00e9e de lecture estim\u00e9e":"5 minutes"},"schema":{"@context":"https:\/\/schema.org","@graph":[{"@type":"Article","@id":"https:\/\/toploc.com\/blog\/mini-maison\/cabane-de-vacances#article","isPartOf":{"@id":"https:\/\/toploc.com\/blog\/mini-maison\/cabane-de-vacances"},"author":{"name":"Guillaume","@id":"https:\/\/toploc.com\/blog\/#\/schema\/person\/ab9993aff7c3d37b3a2f20d2a57e2e66"},"headline":"Politaire tiny-house cr\u00e9\u00e9e par 2 \u00e9tudiants pour 12 000 \u20ac","datePublished":"2022-06-20T06:00:00+00:00","dateModified":"2022-06-20T12:15:07+00:00","mainEntityOfPage":{"@id":"https:\/\/toploc.com\/blog\/mini-maison\/cabane-de-vacances"},"wordCount":734,"commentCount":0,"publisher":{"@id":"https:\/\/toploc.com\/blog\/#organization"},"image":{"@id":"https:\/\/toploc.com\/blog\/mini-maison\/cabane-de-vacances#primaryimage"},"thumbnailUrl":"https:\/\/toploc.com\/blog\/wp-content\/uploads\/2020\/03\/Une-cabane-de-vacances-autoconstruite-\u00a9-Andre-Boettcher-Politaire.jpg","keywords":["Finlande","Politaire","Tiny-House"],"articleSection":["Tiny House"],"inLanguage":"fr-FR","potentialAction":[{"@type":"CommentAction","name":"Comment","target":["https:\/\/toploc.com\/blog\/mini-maison\/cabane-de-vacances#respond"]}]},{"@type":"WebPage","@id":"https:\/\/toploc.com\/blog\/mini-maison\/cabane-de-vacances","url":"https:\/\/toploc.com\/blog\/mini-maison\/cabane-de-vacances","name":"Politaire tiny-house cr\u00e9\u00e9e par 2 \u00e9tudiants pour 12 000 \u20ac","isPartOf":{"@id":"https:\/\/toploc.com\/blog\/#website"},"primaryImageOfPage":{"@id":"https:\/\/toploc.com\/blog\/mini-maison\/cabane-de-vacances#primaryimage"},"image":{"@id":"https:\/\/toploc.com\/blog\/mini-maison\/cabane-de-vacances#primaryimage"},"thumbnailUrl":"https:\/\/toploc.com\/blog\/wp-content\/uploads\/2020\/03\/Une-cabane-de-vacances-autoconstruite-\u00a9-Andre-Boettcher-Politaire.jpg","datePublished":"2022-06-20T06:00:00+00:00","dateModified":"2022-06-20T12:15:07+00:00","description":"Politaire est un concept de tiny house cr\u00e9\u00e9e par Jonas Becker et Timm Bergmann, 2 \u00e9tudiants allemands pour moins de 12 000 euros...","breadcrumb":{"@id":"https:\/\/toploc.com\/blog\/mini-maison\/cabane-de-vacances#breadcrumb"},"inLanguage":"fr-FR","potentialAction":[{"@type":"ReadAction","target":["https:\/\/toploc.com\/blog\/mini-maison\/cabane-de-vacances"]}]},{"@type":"ImageObject","inLanguage":"fr-FR","@id":"https:\/\/toploc.com\/blog\/mini-maison\/cabane-de-vacances#primaryimage","url":"https:\/\/toploc.com\/blog\/wp-content\/uploads\/2020\/03\/Une-cabane-de-vacances-autoconstruite-\u00a9-Andre-Boettcher-Politaire.jpg","contentUrl":"https:\/\/toploc.com\/blog\/wp-content\/uploads\/2020\/03\/Une-cabane-de-vacances-autoconstruite-\u00a9-Andre-Boettcher-Politaire.jpg","width":700,"height":452,"caption":"Une cabane de vacances autoconstruite \u00a9 Andre Boettcher Politaire"},{"@type":"BreadcrumbList","@id":"https:\/\/toploc.com\/blog\/mini-maison\/cabane-de-vacances#breadcrumb","itemListElement":[{"@type":"ListItem","position":1,"name":"Accueil","item":"https:\/\/toploc.com\/blog"},{"@type":"ListItem","position":2,"name":"Politaire tiny-house cr\u00e9\u00e9e par 2 \u00e9tudiants pour 12 000 \u20ac"}]},{"@type":"WebSite","@id":"https:\/\/toploc.com\/blog\/#website","url":"https:\/\/toploc.com\/blog\/","name":"Toploc","description":"Itin\u00e9raires natures et locations de vacances en groupe","publisher":{"@id":"https:\/\/toploc.com\/blog\/#organization"},"potentialAction":[{"@type":"SearchAction","target":{"@type":"EntryPoint","urlTemplate":"https:\/\/toploc.com\/blog\/?s={search_term_string}"},"query-input":{"@type":"PropertyValueSpecification","valueRequired":true,"valueName":"search_term_string"}}],"inLanguage":"fr-FR"},{"@type":"Organization","@id":"https:\/\/toploc.com\/blog\/#organization","name":"Toploc","url":"https:\/\/toploc.com\/blog\/","logo":{"@type":"ImageObject","inLanguage":"fr-FR","@id":"https:\/\/toploc.com\/blog\/#\/schema\/logo\/image\/","url":"https:\/\/blog.toploc.com\/wp-content\/uploads\/2022\/03\/toploc_facebook_5.png","contentUrl":"https:\/\/blog.toploc.com\/wp-content\/uploads\/2022\/03\/toploc_facebook_5.png","width":600,"height":600,"caption":"Toploc"},"image":{"@id":"https:\/\/toploc.com\/blog\/#\/schema\/logo\/image\/"},"sameAs":["https:\/\/www.facebook.com\/locationfrancophone","https:\/\/www.instagram.com\/toploc_","https:\/\/www.pinterest.fr\/Toploc_\/"]},{"@type":"Person","@id":"https:\/\/toploc.com\/blog\/#\/schema\/person\/ab9993aff7c3d37b3a2f20d2a57e2e66","name":"Guillaume","image":{"@type":"ImageObject","inLanguage":"fr-FR","@id":"https:\/\/toploc.com\/blog\/#\/schema\/person\/image\/","url":"https:\/\/secure.gravatar.com\/avatar\/d80553a7f7ac9459767da9b2359979a62070bea95c2826cda6a65908541bf9e6?s=96&d=mm&r=g","contentUrl":"https:\/\/secure.gravatar.com\/avatar\/d80553a7f7ac9459767da9b2359979a62070bea95c2826cda6a65908541bf9e6?s=96&d=mm&r=g","caption":"Guillaume"},"description":"Je suis passionn\u00e9 de grands espaces, de montagnes et de trail running. Je suis aussi le co-fondateur de Toploc, une plateforme de voyage nature. Pourquoi ? pour partager mon go\u00fbt pour les aventures en plein air, les itin\u00e9raires de voyages et la nature.","url":"https:\/\/toploc.com\/blog\/author\/guillaume"}]}},"_links":{"self":[{"href":"https:\/\/toploc.com\/blog\/wp-json\/wp\/v2\/posts\/93170","targetHints":{"allow":["GET"]}}],"collection":[{"href":"https:\/\/toploc.com\/blog\/wp-json\/wp\/v2\/posts"}],"about":[{"href":"https:\/\/toploc.com\/blog\/wp-json\/wp\/v2\/types\/post"}],"author":[{"embeddable":true,"href":"https:\/\/toploc.com\/blog\/wp-json\/wp\/v2\/users\/2"}],"replies":[{"embeddable":true,"href":"https:\/\/toploc.com\/blog\/wp-json\/wp\/v2\/comments?post=93170"}],"version-history":[{"count":9,"href":"https:\/\/toploc.com\/blog\/wp-json\/wp\/v2\/posts\/93170\/revisions"}],"predecessor-version":[{"id":120333,"href":"https:\/\/toploc.com\/blog\/wp-json\/wp\/v2\/posts\/93170\/revisions\/120333"}],"wp:featuredmedia":[{"embeddable":true,"href":"https:\/\/toploc.com\/blog\/wp-json\/wp\/v2\/media\/93171"}],"wp:attachment":[{"href":"https:\/\/toploc.com\/blog\/wp-json\/wp\/v2\/media?parent=93170"}],"wp:term":[{"taxonomy":"category","embeddable":true,"href":"https:\/\/toploc.com\/blog\/wp-json\/wp\/v2\/categories?post=93170"},{"taxonomy":"post_tag","embeddable":true,"href":"https:\/\/toploc.com\/blog\/wp-json\/wp\/v2\/tags?post=93170"}],"curies":[{"name":"wp","href":"https:\/\/api.w.org\/{rel}","templated":true}]}}