{"id":93049,"date":"2020-03-27T08:00:15","date_gmt":"2020-03-27T06:00:15","guid":{"rendered":"https:\/\/www.location-francophone.com\/?p=93049"},"modified":"2020-03-27T08:00:15","modified_gmt":"2020-03-27T06:00:15","slug":"droits-des-proprietaires","status":"publish","type":"post","link":"https:\/\/toploc.com\/blog\/hotes\/droits-des-proprietaires","title":{"rendered":"Location saisonni\u00e8re\u00a0: focus sur les droits des propri\u00e9taires"},"content":{"rendered":"<p>La location saisonni\u00e8re est devenue <a href=\"https:\/\/www.location-francophone.com\/blog\/louer-son-logement\/\">une v\u00e9ritable tendance chez les propri\u00e9taires<\/a> qui souhaitent avoir un suppl\u00e9ment de revenus pendant les vacances. Apr\u00e8s avoir parl\u00e9 des obligations de ceux qui mettent leurs maisons et propri\u00e9t\u00e9s \u00e0 la location, focus aujourd\u2019hui sur les droits des propri\u00e9taires qui se lancent dans cette location de courte dur\u00e9e.<!--more--><br \/>\n<figure id=\"attachment_93050\" aria-describedby=\"caption-attachment-93050\" style=\"width: 700px\" class=\"wp-caption aligncenter\"><a href=\"https:\/\/blog.toploc.com\/wp-content\/uploads\/2020\/03\/Droits-des-proprietaires-dans-le-cadre-de-la-location-saisonniere.jpg\"><img loading=\"lazy\" decoding=\"async\" class=\"wp-image-93050 size-full\" src=\"https:\/\/blog.toploc.com\/wp-content\/uploads\/2020\/03\/Droits-des-proprietaires-dans-le-cadre-de-la-location-saisonniere.jpg\" alt=\"Droits des propri\u00e9taires dans le cadre de la location saisonni\u00e8re\" width=\"700\" height=\"452\" \/><\/a><figcaption id=\"caption-attachment-93050\" class=\"wp-caption-text\"><small>Droits des propri\u00e9taires dans le cadre de la location saisonni\u00e8re<\/small><\/figcaption><\/figure>\n<h2 id=\"les-principaux-droits-des-proprietaires\"><strong>Les principaux droits des propri\u00e9taires<\/strong><\/h2>\n<p>Dans le cadre d\u2019une location saisonni\u00e8re, <a href=\"https:\/\/www.location-francophone.com\/blog\/proprietaire-de-location-meublee-saisonniere\/\">le propri\u00e9taire<\/a> a le droit d\u2019imposer certaines r\u00e8gles \u00e0 ses futurs locataires, \u00e0 condition de tout noter dans le contrat de location. Il a par exemple le droit de demander aux locataires soit de payer le loyer en int\u00e9gralit\u00e9 avant de s\u2019installer dans la location de vacances, soit de fournir un acompte mais aussi un ch\u00e8que de caution. Dans ce dernier cas, chaque propri\u00e9taire peut choisir le montant de l\u2019acompte qui se situe g\u00e9n\u00e9ralement entre 20% et 30% du loyer.<br \/>\nEn outre, le propri\u00e9taire peut aussi fixer d\u2019autres modalit\u00e9s de location \u00e0 sa guise, comme la dur\u00e9e de location qui peut \u00eatre d\u2019une semaine, de quinze jours ou d\u2019un mois.\u00a0Il faut toutefois respecter la r\u00e8gle qui limite la location saisonni\u00e8re \u00e0 3 mois par saison maximum et 4 mois durant toute l\u2019ann\u00e9e.<br \/>\nUne autre r\u00e8gle que le propri\u00e9taire a le droit de mettre dans le contrat de location concerne la remise en \u00e9tat de location. Dans le contrat en question, le propri\u00e9taire peut ajouter qu\u2019en cas de d\u00e9g\u00e2ts mat\u00e9riels caus\u00e9s par les locataires, il sera oblig\u00e9 de garder une partie de la caution afin de couvrir les frais de r\u00e9paration. En faisant cela, il doit toutefois citer dans l\u2019\u00e9tat des lieux en fin de location les d\u00e9tails des r\u00e9parations n\u00e9cessaires.<br \/>\n<figure id=\"attachment_93051\" aria-describedby=\"caption-attachment-93051\" style=\"width: 700px\" class=\"wp-caption aligncenter\"><a href=\"https:\/\/blog.toploc.com\/wp-content\/uploads\/2020\/03\/Une-cuisine-lumineuse.jpg\"><img loading=\"lazy\" decoding=\"async\" class=\"wp-image-93051 size-full\" src=\"https:\/\/blog.toploc.com\/wp-content\/uploads\/2020\/03\/Une-cuisine-lumineuse.jpg\" alt=\"Une cuisine lumineuse\" width=\"700\" height=\"452\" \/><\/a><figcaption id=\"caption-attachment-93051\" class=\"wp-caption-text\"><small>Une cuisine lumineuse<\/small><\/figcaption><\/figure>\nEnfin, toujours en mati\u00e8re de droits des propri\u00e9taires, ces derniers ont tout \u00e0 fait le droit d\u2019imposer une limite concernant le nombre de locataires admis, mais aussi de choisir d\u2019accepter ou non les animaux domestiques. Ces informations sont \u00e0 inscrire sur le contrat de location afin d\u2019\u00e9viter des \u00e9ventuels probl\u00e8mes.<\/p>\n<h2 id=\"les-droits-concernant-le-loyer\"><strong>Les droits concernant le loyer<\/strong><\/h2>\n<p>Pour ce qui est du loyer, il n\u2019y a pas de r\u00e8gles exactes \u00e0 suivre par le propri\u00e9taire. Ce qui fait que ce dernier est tout \u00e0 fait libre de choisir le tarif qu\u2019il souhaite appliquer. Il s\u2019agit l\u00e0 de l\u2019un des droits des propri\u00e9taires. Toutefois, il est conseill\u00e9 de <a href=\"https:\/\/www.location-francophone.com\/blog\/loyer-location-appartement\/\">fixer un loyer<\/a> raisonnable par rapport \u00e0 la qualit\u00e9 des services que vous proposez en termes de location, cela afin de mieux attirer les vacanciers. Pour cela, n\u2019h\u00e9sitez pas \u00e0 analyser la concurrence et ajustez vos prix en circonstance.<\/p>\n","protected":false},"excerpt":{"rendered":"La location saisonni\u00e8re est devenue une v\u00e9ritable tendance chez les propri\u00e9taires qui souhaitent avoir un suppl\u00e9ment de revenus&hellip;\n","protected":false},"author":3,"featured_media":93050,"comment_status":"open","ping_status":"closed","sticky":false,"template":"","format":"standard","meta":{"footnotes":""},"categories":[61],"tags":[5882,5883,5884,5885],"class_list":{"0":"post-93049","1":"post","2":"type-post","3":"status-publish","4":"format-standard","5":"has-post-thumbnail","7":"category-hotes","8":"tag-contrat-de-location-saisonniere","9":"tag-location-animaux-acceptes","10":"tag-location-de-courte-duree","11":"tag-supplements-de-revenus-pendant-les-vacances"},"yoast_head":"<!-- This site is optimized with the Yoast SEO plugin v26.9 - https:\/\/yoast.com\/product\/yoast-seo-wordpress\/ -->\n<title>Location saisonni\u00e8re\u00a0: focus sur les droits des propri\u00e9taires<\/title>\n<meta name=\"description\" content=\"En plus des obligations, nombreux sont les droits des propri\u00e9taires dans le cadre de la location saisonni\u00e8re. \u00c9tablissement du loyer, modalit\u00e9s de ...\" \/>\n<meta name=\"robots\" content=\"index, follow, max-snippet:-1, max-image-preview:large, max-video-preview:-1\" \/>\n<link rel=\"canonical\" href=\"https:\/\/toploc.com\/blog\/hotes\/droits-des-proprietaires\" \/>\n<meta property=\"og:locale\" content=\"fr_FR\" \/>\n<meta property=\"og:type\" content=\"article\" \/>\n<meta property=\"og:title\" content=\"Location saisonni\u00e8re\u00a0: focus sur les droits des propri\u00e9taires\" \/>\n<meta property=\"og:description\" content=\"En plus des obligations, nombreux sont les droits des propri\u00e9taires dans le cadre de la location saisonni\u00e8re. \u00c9tablissement du loyer, modalit\u00e9s de ...\" \/>\n<meta property=\"og:url\" content=\"https:\/\/toploc.com\/blog\/hotes\/droits-des-proprietaires\" \/>\n<meta property=\"og:site_name\" content=\"Toploc\" \/>\n<meta property=\"article:publisher\" content=\"https:\/\/www.facebook.com\/locationfrancophone\" \/>\n<meta property=\"article:published_time\" content=\"2020-03-27T06:00:15+00:00\" \/>\n<meta property=\"og:image\" content=\"https:\/\/toploc.com\/blog\/wp-content\/uploads\/2020\/03\/Droits-des-proprietaires-dans-le-cadre-de-la-location-saisonniere.jpg\" \/>\n\t<meta property=\"og:image:width\" content=\"700\" \/>\n\t<meta property=\"og:image:height\" content=\"452\" \/>\n\t<meta property=\"og:image:type\" content=\"image\/jpeg\" \/>\n<meta name=\"author\" content=\"Julien\" \/>\n<meta name=\"twitter:card\" content=\"summary_large_image\" \/>\n<meta name=\"twitter:label1\" content=\"\u00c9crit par\" \/>\n\t<meta name=\"twitter:data1\" content=\"Julien\" \/>\n\t<meta name=\"twitter:label2\" content=\"Dur\u00e9e de lecture estim\u00e9e\" \/>\n\t<meta name=\"twitter:data2\" content=\"2 minutes\" \/>\n<script type=\"application\/ld+json\" class=\"yoast-schema-graph\">{\"@context\":\"https:\/\/schema.org\",\"@graph\":[{\"@type\":\"Article\",\"@id\":\"https:\/\/toploc.com\/blog\/hotes\/droits-des-proprietaires#article\",\"isPartOf\":{\"@id\":\"https:\/\/toploc.com\/blog\/hotes\/droits-des-proprietaires\"},\"author\":{\"name\":\"Julien\",\"@id\":\"https:\/\/toploc.com\/blog\/#\/schema\/person\/b66f845e3e2106301dee05e5bc776788\"},\"headline\":\"Location saisonni\u00e8re\u00a0: focus sur les droits des propri\u00e9taires\",\"datePublished\":\"2020-03-27T06:00:15+00:00\",\"mainEntityOfPage\":{\"@id\":\"https:\/\/toploc.com\/blog\/hotes\/droits-des-proprietaires\"},\"wordCount\":504,\"commentCount\":0,\"publisher\":{\"@id\":\"https:\/\/toploc.com\/blog\/#organization\"},\"image\":{\"@id\":\"https:\/\/toploc.com\/blog\/hotes\/droits-des-proprietaires#primaryimage\"},\"thumbnailUrl\":\"https:\/\/toploc.com\/blog\/wp-content\/uploads\/2020\/03\/Droits-des-proprietaires-dans-le-cadre-de-la-location-saisonniere.jpg\",\"keywords\":[\"contrat de location saisonni\u00e8re\",\"location animaux accept\u00e9s\",\"location de courte dur\u00e9e\",\"suppl\u00e9ments de revenus pendant les vacances\"],\"articleSection\":[\"Astuces H\u00f4tes\"],\"inLanguage\":\"fr-FR\",\"potentialAction\":[{\"@type\":\"CommentAction\",\"name\":\"Comment\",\"target\":[\"https:\/\/toploc.com\/blog\/hotes\/droits-des-proprietaires#respond\"]}]},{\"@type\":\"WebPage\",\"@id\":\"https:\/\/toploc.com\/blog\/hotes\/droits-des-proprietaires\",\"url\":\"https:\/\/toploc.com\/blog\/hotes\/droits-des-proprietaires\",\"name\":\"Location saisonni\u00e8re\u00a0: focus sur les droits des propri\u00e9taires\",\"isPartOf\":{\"@id\":\"https:\/\/toploc.com\/blog\/#website\"},\"primaryImageOfPage\":{\"@id\":\"https:\/\/toploc.com\/blog\/hotes\/droits-des-proprietaires#primaryimage\"},\"image\":{\"@id\":\"https:\/\/toploc.com\/blog\/hotes\/droits-des-proprietaires#primaryimage\"},\"thumbnailUrl\":\"https:\/\/toploc.com\/blog\/wp-content\/uploads\/2020\/03\/Droits-des-proprietaires-dans-le-cadre-de-la-location-saisonniere.jpg\",\"datePublished\":\"2020-03-27T06:00:15+00:00\",\"description\":\"En plus des obligations, nombreux sont les droits des propri\u00e9taires dans le cadre de la location saisonni\u00e8re. \u00c9tablissement du loyer, modalit\u00e9s de ...\",\"breadcrumb\":{\"@id\":\"https:\/\/toploc.com\/blog\/hotes\/droits-des-proprietaires#breadcrumb\"},\"inLanguage\":\"fr-FR\",\"potentialAction\":[{\"@type\":\"ReadAction\",\"target\":[\"https:\/\/toploc.com\/blog\/hotes\/droits-des-proprietaires\"]}]},{\"@type\":\"ImageObject\",\"inLanguage\":\"fr-FR\",\"@id\":\"https:\/\/toploc.com\/blog\/hotes\/droits-des-proprietaires#primaryimage\",\"url\":\"https:\/\/toploc.com\/blog\/wp-content\/uploads\/2020\/03\/Droits-des-proprietaires-dans-le-cadre-de-la-location-saisonniere.jpg\",\"contentUrl\":\"https:\/\/toploc.com\/blog\/wp-content\/uploads\/2020\/03\/Droits-des-proprietaires-dans-le-cadre-de-la-location-saisonniere.jpg\",\"width\":700,\"height\":452,\"caption\":\"Droits des propri\u00e9taires dans le cadre de la location saisonni\u00e8re\"},{\"@type\":\"BreadcrumbList\",\"@id\":\"https:\/\/toploc.com\/blog\/hotes\/droits-des-proprietaires#breadcrumb\",\"itemListElement\":[{\"@type\":\"ListItem\",\"position\":1,\"name\":\"Accueil\",\"item\":\"https:\/\/toploc.com\/blog\"},{\"@type\":\"ListItem\",\"position\":2,\"name\":\"Location saisonni\u00e8re\u00a0: focus sur les droits des propri\u00e9taires\"}]},{\"@type\":\"WebSite\",\"@id\":\"https:\/\/toploc.com\/blog\/#website\",\"url\":\"https:\/\/toploc.com\/blog\/\",\"name\":\"Toploc\",\"description\":\"Itin\u00e9raires natures et locations de vacances en groupe\",\"publisher\":{\"@id\":\"https:\/\/toploc.com\/blog\/#organization\"},\"potentialAction\":[{\"@type\":\"SearchAction\",\"target\":{\"@type\":\"EntryPoint\",\"urlTemplate\":\"https:\/\/toploc.com\/blog\/?s={search_term_string}\"},\"query-input\":{\"@type\":\"PropertyValueSpecification\",\"valueRequired\":true,\"valueName\":\"search_term_string\"}}],\"inLanguage\":\"fr-FR\"},{\"@type\":\"Organization\",\"@id\":\"https:\/\/toploc.com\/blog\/#organization\",\"name\":\"Toploc\",\"url\":\"https:\/\/toploc.com\/blog\/\",\"logo\":{\"@type\":\"ImageObject\",\"inLanguage\":\"fr-FR\",\"@id\":\"https:\/\/toploc.com\/blog\/#\/schema\/logo\/image\/\",\"url\":\"https:\/\/blog.toploc.com\/wp-content\/uploads\/2022\/03\/toploc_facebook_5.png\",\"contentUrl\":\"https:\/\/blog.toploc.com\/wp-content\/uploads\/2022\/03\/toploc_facebook_5.png\",\"width\":600,\"height\":600,\"caption\":\"Toploc\"},\"image\":{\"@id\":\"https:\/\/toploc.com\/blog\/#\/schema\/logo\/image\/\"},\"sameAs\":[\"https:\/\/www.facebook.com\/locationfrancophone\",\"https:\/\/www.instagram.com\/toploc_\",\"https:\/\/www.pinterest.fr\/Toploc_\/\"]},{\"@type\":\"Person\",\"@id\":\"https:\/\/toploc.com\/blog\/#\/schema\/person\/b66f845e3e2106301dee05e5bc776788\",\"name\":\"Julien\",\"image\":{\"@type\":\"ImageObject\",\"inLanguage\":\"fr-FR\",\"@id\":\"https:\/\/toploc.com\/blog\/#\/schema\/person\/image\/\",\"url\":\"https:\/\/secure.gravatar.com\/avatar\/642d3d11687b291bb0ade289db2c7d821a72910624f4eb86cab555b4c6a3ed15?s=96&d=mm&r=g\",\"contentUrl\":\"https:\/\/secure.gravatar.com\/avatar\/642d3d11687b291bb0ade289db2c7d821a72910624f4eb86cab555b4c6a3ed15?s=96&d=mm&r=g\",\"caption\":\"Julien\"},\"description\":\"Julien est un passionn\u00e9 de nature et de grands espaces. Guide de moyenne montagne en Andorre, il a partag\u00e9 ses r\u00e9cits de voyage pendant plusieurs ann\u00e9es. Aujourd'hui il est co-auteur de plusieurs articles pour Toploc.\",\"url\":\"https:\/\/toploc.com\/blog\/author\/julien\"}]}<\/script>\n<!-- \/ Yoast SEO plugin. -->","yoast_head_json":{"title":"Location saisonni\u00e8re\u00a0: focus sur les droits des propri\u00e9taires","description":"En plus des obligations, nombreux sont les droits des propri\u00e9taires dans le cadre de la location saisonni\u00e8re. \u00c9tablissement du loyer, modalit\u00e9s de ...","robots":{"index":"index","follow":"follow","max-snippet":"max-snippet:-1","max-image-preview":"max-image-preview:large","max-video-preview":"max-video-preview:-1"},"canonical":"https:\/\/toploc.com\/blog\/hotes\/droits-des-proprietaires","og_locale":"fr_FR","og_type":"article","og_title":"Location saisonni\u00e8re\u00a0: focus sur les droits des propri\u00e9taires","og_description":"En plus des obligations, nombreux sont les droits des propri\u00e9taires dans le cadre de la location saisonni\u00e8re. \u00c9tablissement du loyer, modalit\u00e9s de ...","og_url":"https:\/\/toploc.com\/blog\/hotes\/droits-des-proprietaires","og_site_name":"Toploc","article_publisher":"https:\/\/www.facebook.com\/locationfrancophone","article_published_time":"2020-03-27T06:00:15+00:00","og_image":[{"width":700,"height":452,"url":"https:\/\/toploc.com\/blog\/wp-content\/uploads\/2020\/03\/Droits-des-proprietaires-dans-le-cadre-de-la-location-saisonniere.jpg","type":"image\/jpeg"}],"author":"Julien","twitter_card":"summary_large_image","twitter_misc":{"\u00c9crit par":"Julien","Dur\u00e9e de lecture estim\u00e9e":"2 minutes"},"schema":{"@context":"https:\/\/schema.org","@graph":[{"@type":"Article","@id":"https:\/\/toploc.com\/blog\/hotes\/droits-des-proprietaires#article","isPartOf":{"@id":"https:\/\/toploc.com\/blog\/hotes\/droits-des-proprietaires"},"author":{"name":"Julien","@id":"https:\/\/toploc.com\/blog\/#\/schema\/person\/b66f845e3e2106301dee05e5bc776788"},"headline":"Location saisonni\u00e8re\u00a0: focus sur les droits des propri\u00e9taires","datePublished":"2020-03-27T06:00:15+00:00","mainEntityOfPage":{"@id":"https:\/\/toploc.com\/blog\/hotes\/droits-des-proprietaires"},"wordCount":504,"commentCount":0,"publisher":{"@id":"https:\/\/toploc.com\/blog\/#organization"},"image":{"@id":"https:\/\/toploc.com\/blog\/hotes\/droits-des-proprietaires#primaryimage"},"thumbnailUrl":"https:\/\/toploc.com\/blog\/wp-content\/uploads\/2020\/03\/Droits-des-proprietaires-dans-le-cadre-de-la-location-saisonniere.jpg","keywords":["contrat de location saisonni\u00e8re","location animaux accept\u00e9s","location de courte dur\u00e9e","suppl\u00e9ments de revenus pendant les vacances"],"articleSection":["Astuces H\u00f4tes"],"inLanguage":"fr-FR","potentialAction":[{"@type":"CommentAction","name":"Comment","target":["https:\/\/toploc.com\/blog\/hotes\/droits-des-proprietaires#respond"]}]},{"@type":"WebPage","@id":"https:\/\/toploc.com\/blog\/hotes\/droits-des-proprietaires","url":"https:\/\/toploc.com\/blog\/hotes\/droits-des-proprietaires","name":"Location saisonni\u00e8re\u00a0: focus sur les droits des propri\u00e9taires","isPartOf":{"@id":"https:\/\/toploc.com\/blog\/#website"},"primaryImageOfPage":{"@id":"https:\/\/toploc.com\/blog\/hotes\/droits-des-proprietaires#primaryimage"},"image":{"@id":"https:\/\/toploc.com\/blog\/hotes\/droits-des-proprietaires#primaryimage"},"thumbnailUrl":"https:\/\/toploc.com\/blog\/wp-content\/uploads\/2020\/03\/Droits-des-proprietaires-dans-le-cadre-de-la-location-saisonniere.jpg","datePublished":"2020-03-27T06:00:15+00:00","description":"En plus des obligations, nombreux sont les droits des propri\u00e9taires dans le cadre de la location saisonni\u00e8re. \u00c9tablissement du loyer, modalit\u00e9s de ...","breadcrumb":{"@id":"https:\/\/toploc.com\/blog\/hotes\/droits-des-proprietaires#breadcrumb"},"inLanguage":"fr-FR","potentialAction":[{"@type":"ReadAction","target":["https:\/\/toploc.com\/blog\/hotes\/droits-des-proprietaires"]}]},{"@type":"ImageObject","inLanguage":"fr-FR","@id":"https:\/\/toploc.com\/blog\/hotes\/droits-des-proprietaires#primaryimage","url":"https:\/\/toploc.com\/blog\/wp-content\/uploads\/2020\/03\/Droits-des-proprietaires-dans-le-cadre-de-la-location-saisonniere.jpg","contentUrl":"https:\/\/toploc.com\/blog\/wp-content\/uploads\/2020\/03\/Droits-des-proprietaires-dans-le-cadre-de-la-location-saisonniere.jpg","width":700,"height":452,"caption":"Droits des propri\u00e9taires dans le cadre de la location saisonni\u00e8re"},{"@type":"BreadcrumbList","@id":"https:\/\/toploc.com\/blog\/hotes\/droits-des-proprietaires#breadcrumb","itemListElement":[{"@type":"ListItem","position":1,"name":"Accueil","item":"https:\/\/toploc.com\/blog"},{"@type":"ListItem","position":2,"name":"Location saisonni\u00e8re\u00a0: focus sur les droits des propri\u00e9taires"}]},{"@type":"WebSite","@id":"https:\/\/toploc.com\/blog\/#website","url":"https:\/\/toploc.com\/blog\/","name":"Toploc","description":"Itin\u00e9raires natures et locations de vacances en groupe","publisher":{"@id":"https:\/\/toploc.com\/blog\/#organization"},"potentialAction":[{"@type":"SearchAction","target":{"@type":"EntryPoint","urlTemplate":"https:\/\/toploc.com\/blog\/?s={search_term_string}"},"query-input":{"@type":"PropertyValueSpecification","valueRequired":true,"valueName":"search_term_string"}}],"inLanguage":"fr-FR"},{"@type":"Organization","@id":"https:\/\/toploc.com\/blog\/#organization","name":"Toploc","url":"https:\/\/toploc.com\/blog\/","logo":{"@type":"ImageObject","inLanguage":"fr-FR","@id":"https:\/\/toploc.com\/blog\/#\/schema\/logo\/image\/","url":"https:\/\/blog.toploc.com\/wp-content\/uploads\/2022\/03\/toploc_facebook_5.png","contentUrl":"https:\/\/blog.toploc.com\/wp-content\/uploads\/2022\/03\/toploc_facebook_5.png","width":600,"height":600,"caption":"Toploc"},"image":{"@id":"https:\/\/toploc.com\/blog\/#\/schema\/logo\/image\/"},"sameAs":["https:\/\/www.facebook.com\/locationfrancophone","https:\/\/www.instagram.com\/toploc_","https:\/\/www.pinterest.fr\/Toploc_\/"]},{"@type":"Person","@id":"https:\/\/toploc.com\/blog\/#\/schema\/person\/b66f845e3e2106301dee05e5bc776788","name":"Julien","image":{"@type":"ImageObject","inLanguage":"fr-FR","@id":"https:\/\/toploc.com\/blog\/#\/schema\/person\/image\/","url":"https:\/\/secure.gravatar.com\/avatar\/642d3d11687b291bb0ade289db2c7d821a72910624f4eb86cab555b4c6a3ed15?s=96&d=mm&r=g","contentUrl":"https:\/\/secure.gravatar.com\/avatar\/642d3d11687b291bb0ade289db2c7d821a72910624f4eb86cab555b4c6a3ed15?s=96&d=mm&r=g","caption":"Julien"},"description":"Julien est un passionn\u00e9 de nature et de grands espaces. Guide de moyenne montagne en Andorre, il a partag\u00e9 ses r\u00e9cits de voyage pendant plusieurs ann\u00e9es. Aujourd'hui il est co-auteur de plusieurs articles pour Toploc.","url":"https:\/\/toploc.com\/blog\/author\/julien"}]}},"_links":{"self":[{"href":"https:\/\/toploc.com\/blog\/wp-json\/wp\/v2\/posts\/93049","targetHints":{"allow":["GET"]}}],"collection":[{"href":"https:\/\/toploc.com\/blog\/wp-json\/wp\/v2\/posts"}],"about":[{"href":"https:\/\/toploc.com\/blog\/wp-json\/wp\/v2\/types\/post"}],"author":[{"embeddable":true,"href":"https:\/\/toploc.com\/blog\/wp-json\/wp\/v2\/users\/3"}],"replies":[{"embeddable":true,"href":"https:\/\/toploc.com\/blog\/wp-json\/wp\/v2\/comments?post=93049"}],"version-history":[{"count":0,"href":"https:\/\/toploc.com\/blog\/wp-json\/wp\/v2\/posts\/93049\/revisions"}],"wp:featuredmedia":[{"embeddable":true,"href":"https:\/\/toploc.com\/blog\/wp-json\/wp\/v2\/media\/93050"}],"wp:attachment":[{"href":"https:\/\/toploc.com\/blog\/wp-json\/wp\/v2\/media?parent=93049"}],"wp:term":[{"taxonomy":"category","embeddable":true,"href":"https:\/\/toploc.com\/blog\/wp-json\/wp\/v2\/categories?post=93049"},{"taxonomy":"post_tag","embeddable":true,"href":"https:\/\/toploc.com\/blog\/wp-json\/wp\/v2\/tags?post=93049"}],"curies":[{"name":"wp","href":"https:\/\/api.w.org\/{rel}","templated":true}]}}