{"id":90564,"date":"2020-01-13T08:00:14","date_gmt":"2020-01-13T06:00:14","guid":{"rendered":"https:\/\/www.location-francophone.com\/?p=90564"},"modified":"2020-01-13T08:00:14","modified_gmt":"2020-01-13T06:00:14","slug":"micro-maison-installee-sur-les-toits","status":"publish","type":"post","link":"https:\/\/toploc.com\/blog\/mini-maison\/micro-maison-installee-sur-les-toits","title":{"rendered":"Une micro maison install\u00e9e sur les toits pour contrer la crise du logement"},"content":{"rendered":"<p>Pour r\u00e9soudre la crise du logement en ville, des architectes \u00e9quatoriens ont cr\u00e9\u00e9 cette micro maison install\u00e9e sur les toits de la ville de Quito\u00a0! Une initiative tr\u00e8s int\u00e9ressante qui ne manquera pas d\u2019inspirer d\u2019autres villes.<br \/>\n<figure id=\"attachment_90565\" aria-describedby=\"caption-attachment-90565\" style=\"width: 700px\" class=\"wp-caption aligncenter\"><a href=\"https:\/\/blog.toploc.com\/wp-content\/uploads\/2020\/01\/Micro-maison-installee-sur-les-toits-de-la-ville-de-Quito-\u00a9-Andres-Villota.jpg\"><img loading=\"lazy\" decoding=\"async\" class=\"wp-image-90565 size-full\" src=\"https:\/\/blog.toploc.com\/wp-content\/uploads\/2020\/01\/Micro-maison-installee-sur-les-toits-de-la-ville-de-Quito-\u00a9-Andres-Villota.jpg\" alt=\"Micro maison install\u00e9e sur les toits de la ville de Quito \u00a9 Andres Villota\" width=\"700\" height=\"452\" \/><\/a><figcaption id=\"caption-attachment-90565\" class=\"wp-caption-text\"><small>Micro maison install\u00e9e sur les toits de la ville de Quito \u00a9 Andres Villota<\/small><\/figcaption><\/figure>\n<!--more--><\/p>\n<h2 id=\"la-maison-parasite-une-micro-maison-installee-sur-les-toits-de-quito\"><strong>La maison parasite\u00a0: une micro maison install\u00e9e sur les toits de Quito<\/strong><\/h2>\n<p>De nos jours, de nombreuses personnes souhaitent vivre plus simplement. Pour cela, un espace r\u00e9duit est la meilleure des solutions\u00a0! Ainsi, de nombreux projets de <a href=\"https:\/\/www.location-francophone.com\/blog\/tiny-house\/\">tiny house<\/a> fleurissent partout dans le monde. Ce type d\u2019habitat atypique peut \u00e9galement offrir un h\u00e9bergement aux plus d\u00e9munis. C\u2019est ainsi qu\u2019un cabinet d\u2019architecte \u00e9quatorien a imagin\u00e9 une micro maison que l\u2019on pourrait installer sur la toiture d\u2019un immeuble. On r\u00e9sout ainsi le probl\u00e8me de place dans les grandes villes et on offre un h\u00e9bergement d\u00e9cent \u00e0 ceux qui n\u2019en ont pas.<br \/>\n<figure id=\"attachment_90566\" aria-describedby=\"caption-attachment-90566\" style=\"width: 700px\" class=\"wp-caption aligncenter\"><a href=\"https:\/\/blog.toploc.com\/wp-content\/uploads\/2020\/01\/Une-mini-maison-sur-une-toiture-dimmeuble-\u00a9-Andres-Villota.jpg\"><img loading=\"lazy\" decoding=\"async\" class=\"wp-image-90566 size-full\" src=\"https:\/\/blog.toploc.com\/wp-content\/uploads\/2020\/01\/Une-mini-maison-sur-une-toiture-dimmeuble-\u00a9-Andres-Villota.jpg\" alt=\"Une mini maison sur une toiture d'immeuble \u00a9 Andres Villota\" width=\"700\" height=\"452\" \/><\/a><figcaption id=\"caption-attachment-90566\" class=\"wp-caption-text\"><small>Une mini maison sur une toiture d&#8217;immeuble \u00a9 Andres Villota<\/small><\/figcaption><\/figure>\n<h2 id=\"un-logement-qui-repond-aux-besoins-elementaires-dune-a-deux-personnes\"><strong>Un logement qui r\u00e9pond aux besoins \u00e9l\u00e9mentaires d\u2019une \u00e0 deux personnes<\/strong><\/h2>\n<p>R\u00e9alis\u00e9e par El Sindicato Arquitectura, un cabinet \u00e9quatorien, la maison parasite a une surface de 12m\u00b2. Install\u00e9e sur le toit d\u2019un immeuble de la capitale \u00e9quatorienne, cette <a href=\"https:\/\/www.location-francophone.com\/blog\/mini-maison-pas-chere\/\">mini maison pas ch\u00e8re<\/a> se fond totalement dans le paysage.<br \/>\n<figure id=\"attachment_90567\" aria-describedby=\"caption-attachment-90567\" style=\"width: 700px\" class=\"wp-caption aligncenter\"><a href=\"https:\/\/blog.toploc.com\/wp-content\/uploads\/2020\/01\/Interieur-lumineux-dune-micro-maison-installee-sur-les-toits-\u00a9-El-sindicato-arquitectura.jpg\"><img loading=\"lazy\" decoding=\"async\" class=\"wp-image-90567 size-full\" src=\"https:\/\/blog.toploc.com\/wp-content\/uploads\/2020\/01\/Interieur-lumineux-dune-micro-maison-installee-sur-les-toits-\u00a9-El-sindicato-arquitectura.jpg\" alt=\"Int\u00e9rieur lumineux d'une micro maison install\u00e9e sur les toits \u00a9 El sindicato arquitectura\" width=\"700\" height=\"697\" \/><\/a><figcaption id=\"caption-attachment-90567\" class=\"wp-caption-text\"><small>Int\u00e9rieur lumineux d&#8217;une micro maison install\u00e9e sur les toits \u00a9 El sindicato arquitectura<\/small><\/figcaption><\/figure>\nLe premier objectif de cette micro maison est de r\u00e9pondre aux besoins \u00e9l\u00e9mentaires d\u2019un jeune couple ou d\u2019une personne seule. A l\u2019int\u00e9rieur, on trouve tout ce qu\u2019il faut pour vivre sereinement : une cuisine, une salle de bains, un lit ainsi qu\u2019un espace \u00e0 vivre et des espaces de rangement.<br \/>\n<figure id=\"attachment_90568\" aria-describedby=\"caption-attachment-90568\" style=\"width: 700px\" class=\"wp-caption aligncenter\"><a href=\"https:\/\/blog.toploc.com\/wp-content\/uploads\/2020\/01\/Un-interieur-simple-mais-agreable-a-vivre-\u00a9-El-sindicato-arquitectura.jpg\"><img loading=\"lazy\" decoding=\"async\" class=\"wp-image-90568 size-full\" src=\"https:\/\/blog.toploc.com\/wp-content\/uploads\/2020\/01\/Un-interieur-simple-mais-agreable-a-vivre-\u00a9-El-sindicato-arquitectura.jpg\" alt=\"Un int\u00e9rieur simple mais agr\u00e9able \u00e0 vivre \u00a9 El sindicato arquitectura\" width=\"700\" height=\"697\" \/><\/a><figcaption id=\"caption-attachment-90568\" class=\"wp-caption-text\"><small>Un int\u00e9rieur simple mais agr\u00e9able \u00e0 vivre \u00a9 El sindicato arquitectura<\/small><\/figcaption><\/figure>\nL\u2019ext\u00e9rieur de la maison est recouvert de panneaux d\u2019acier tandis qu\u2019\u00e0 l\u2019int\u00e9rieur les murs sont recouvert de panneaux OSB pour limiter les co\u00fbts. Cette micro maison install\u00e9e sur les toits b\u00e9n\u00e9ficie d\u2019une vue imprenable sur la ville gr\u00e2ce \u00e0 sa grande fen\u00eatre. Gr\u00e2ce \u00e0 celle-ci l\u2019espace est lumineux.<br \/>\n<figure id=\"attachment_90569\" aria-describedby=\"caption-attachment-90569\" style=\"width: 700px\" class=\"wp-caption aligncenter\"><a href=\"https:\/\/blog.toploc.com\/wp-content\/uploads\/2020\/01\/Une-tiny-house-parfaitement-amenagee-et-optimisee-\u00a9-El-sindicato-arquitectura.jpg\"><img loading=\"lazy\" decoding=\"async\" class=\"wp-image-90569 size-full\" src=\"https:\/\/blog.toploc.com\/wp-content\/uploads\/2020\/01\/Une-tiny-house-parfaitement-amenagee-et-optimisee-\u00a9-El-sindicato-arquitectura.jpg\" alt=\"Une tiny house parfaitement am\u00e9nag\u00e9e et optimis\u00e9e \u00a9 El sindicato arquitectura\" width=\"700\" height=\"698\" \/><\/a><figcaption id=\"caption-attachment-90569\" class=\"wp-caption-text\"><small>Une tiny house parfaitement am\u00e9nag\u00e9e et optimis\u00e9e \u00a9 El sindicato arquitectura<\/small><\/figcaption><\/figure>\nDe nombreuses initiatives de ce type voient le jour partout le monde \u00e0 l\u2019exemple de ces <a href=\"https:\/\/www.location-francophone.com\/blog\/mini-maisons-a-berlin\/\">mini-maisons \u00e0 Berlin<\/a> louables pour 100 euros par mois. Et vous qu\u2019en pensez-vous\u00a0?<\/p>\n","protected":false},"excerpt":{"rendered":"Pour r\u00e9soudre la crise du logement en ville, des architectes \u00e9quatoriens ont cr\u00e9\u00e9 cette micro maison install\u00e9e sur&hellip;\n","protected":false},"author":3,"featured_media":90565,"comment_status":"open","ping_status":"closed","sticky":false,"template":"","format":"standard","meta":{"footnotes":""},"categories":[37],"tags":[5637,5638,5639,5640,5641],"class_list":{"0":"post-90564","1":"post","2":"type-post","3":"status-publish","4":"format-standard","5":"has-post-thumbnail","7":"category-mini-maison","8":"tag-cabane-sur-les-toits","9":"tag-crise-du-logement-en-ville","10":"tag-hebergement-pour-les-plus-demunis","11":"tag-maison-sur-les-toits","12":"tag-tiny-house-sur-un-toit-dimmeuble"},"yoast_head":"<!-- This site is optimized with the Yoast SEO plugin v26.9 - https:\/\/yoast.com\/product\/yoast-seo-wordpress\/ -->\n<title>Une micro maison install\u00e9e sur les toits pour contrer la crise du logement<\/title>\n<meta name=\"description\" content=\"Afin de r\u00e9soudre la crise du logement en ville, des architectes \u00e9quatoriens ont cr\u00e9\u00e9 cette micro maison install\u00e9e sur les toits de la ville de Quito ...\" \/>\n<meta name=\"robots\" content=\"index, follow, max-snippet:-1, max-image-preview:large, max-video-preview:-1\" \/>\n<link rel=\"canonical\" href=\"https:\/\/toploc.com\/blog\/mini-maison\/micro-maison-installee-sur-les-toits\" \/>\n<meta property=\"og:locale\" content=\"fr_FR\" \/>\n<meta property=\"og:type\" content=\"article\" \/>\n<meta property=\"og:title\" content=\"Une micro maison install\u00e9e sur les toits pour contrer la crise du logement\" \/>\n<meta property=\"og:description\" content=\"Afin de r\u00e9soudre la crise du logement en ville, des architectes \u00e9quatoriens ont cr\u00e9\u00e9 cette micro maison install\u00e9e sur les toits de la ville de Quito ...\" \/>\n<meta property=\"og:url\" content=\"https:\/\/toploc.com\/blog\/mini-maison\/micro-maison-installee-sur-les-toits\" \/>\n<meta property=\"og:site_name\" content=\"Toploc\" \/>\n<meta property=\"article:publisher\" content=\"https:\/\/www.facebook.com\/locationfrancophone\" \/>\n<meta property=\"article:published_time\" content=\"2020-01-13T06:00:14+00:00\" \/>\n<meta property=\"og:image\" content=\"https:\/\/toploc.com\/blog\/wp-content\/uploads\/2020\/01\/Micro-maison-installee-sur-les-toits-de-la-ville-de-Quito-\u00a9-Andres-Villota.jpg\" \/>\n\t<meta property=\"og:image:width\" content=\"700\" \/>\n\t<meta property=\"og:image:height\" content=\"452\" \/>\n\t<meta property=\"og:image:type\" content=\"image\/jpeg\" \/>\n<meta name=\"author\" content=\"Julien\" \/>\n<meta name=\"twitter:card\" content=\"summary_large_image\" \/>\n<meta name=\"twitter:label1\" content=\"\u00c9crit par\" \/>\n\t<meta name=\"twitter:data1\" content=\"Julien\" \/>\n\t<meta name=\"twitter:label2\" content=\"Dur\u00e9e de lecture estim\u00e9e\" \/>\n\t<meta name=\"twitter:data2\" content=\"2 minutes\" \/>\n<script type=\"application\/ld+json\" class=\"yoast-schema-graph\">{\"@context\":\"https:\/\/schema.org\",\"@graph\":[{\"@type\":\"Article\",\"@id\":\"https:\/\/toploc.com\/blog\/mini-maison\/micro-maison-installee-sur-les-toits#article\",\"isPartOf\":{\"@id\":\"https:\/\/toploc.com\/blog\/mini-maison\/micro-maison-installee-sur-les-toits\"},\"author\":{\"name\":\"Julien\",\"@id\":\"https:\/\/toploc.com\/blog\/#\/schema\/person\/b66f845e3e2106301dee05e5bc776788\"},\"headline\":\"Une micro maison install\u00e9e sur les toits pour contrer la crise du logement\",\"datePublished\":\"2020-01-13T06:00:14+00:00\",\"mainEntityOfPage\":{\"@id\":\"https:\/\/toploc.com\/blog\/mini-maison\/micro-maison-installee-sur-les-toits\"},\"wordCount\":466,\"commentCount\":0,\"publisher\":{\"@id\":\"https:\/\/toploc.com\/blog\/#organization\"},\"image\":{\"@id\":\"https:\/\/toploc.com\/blog\/mini-maison\/micro-maison-installee-sur-les-toits#primaryimage\"},\"thumbnailUrl\":\"https:\/\/toploc.com\/blog\/wp-content\/uploads\/2020\/01\/Micro-maison-installee-sur-les-toits-de-la-ville-de-Quito-\u00a9-Andres-Villota.jpg\",\"keywords\":[\"cabane sur les toits\",\"crise du logement en ville\",\"h\u00e9bergement pour les plus d\u00e9munis\",\"maison sur les toits\",\"tiny house sur un toit d\u2019immeuble\"],\"articleSection\":[\"Tiny House\"],\"inLanguage\":\"fr-FR\",\"potentialAction\":[{\"@type\":\"CommentAction\",\"name\":\"Comment\",\"target\":[\"https:\/\/toploc.com\/blog\/mini-maison\/micro-maison-installee-sur-les-toits#respond\"]}]},{\"@type\":\"WebPage\",\"@id\":\"https:\/\/toploc.com\/blog\/mini-maison\/micro-maison-installee-sur-les-toits\",\"url\":\"https:\/\/toploc.com\/blog\/mini-maison\/micro-maison-installee-sur-les-toits\",\"name\":\"Une micro maison install\u00e9e sur les toits pour contrer la crise du logement\",\"isPartOf\":{\"@id\":\"https:\/\/toploc.com\/blog\/#website\"},\"primaryImageOfPage\":{\"@id\":\"https:\/\/toploc.com\/blog\/mini-maison\/micro-maison-installee-sur-les-toits#primaryimage\"},\"image\":{\"@id\":\"https:\/\/toploc.com\/blog\/mini-maison\/micro-maison-installee-sur-les-toits#primaryimage\"},\"thumbnailUrl\":\"https:\/\/toploc.com\/blog\/wp-content\/uploads\/2020\/01\/Micro-maison-installee-sur-les-toits-de-la-ville-de-Quito-\u00a9-Andres-Villota.jpg\",\"datePublished\":\"2020-01-13T06:00:14+00:00\",\"description\":\"Afin de r\u00e9soudre la crise du logement en ville, des architectes \u00e9quatoriens ont cr\u00e9\u00e9 cette micro maison install\u00e9e sur les toits de la ville de Quito ...\",\"breadcrumb\":{\"@id\":\"https:\/\/toploc.com\/blog\/mini-maison\/micro-maison-installee-sur-les-toits#breadcrumb\"},\"inLanguage\":\"fr-FR\",\"potentialAction\":[{\"@type\":\"ReadAction\",\"target\":[\"https:\/\/toploc.com\/blog\/mini-maison\/micro-maison-installee-sur-les-toits\"]}]},{\"@type\":\"ImageObject\",\"inLanguage\":\"fr-FR\",\"@id\":\"https:\/\/toploc.com\/blog\/mini-maison\/micro-maison-installee-sur-les-toits#primaryimage\",\"url\":\"https:\/\/toploc.com\/blog\/wp-content\/uploads\/2020\/01\/Micro-maison-installee-sur-les-toits-de-la-ville-de-Quito-\u00a9-Andres-Villota.jpg\",\"contentUrl\":\"https:\/\/toploc.com\/blog\/wp-content\/uploads\/2020\/01\/Micro-maison-installee-sur-les-toits-de-la-ville-de-Quito-\u00a9-Andres-Villota.jpg\",\"width\":700,\"height\":452,\"caption\":\"Micro maison install\u00e9e sur les toits de la ville de Quito \u00a9 Andres Villota\"},{\"@type\":\"BreadcrumbList\",\"@id\":\"https:\/\/toploc.com\/blog\/mini-maison\/micro-maison-installee-sur-les-toits#breadcrumb\",\"itemListElement\":[{\"@type\":\"ListItem\",\"position\":1,\"name\":\"Accueil\",\"item\":\"https:\/\/toploc.com\/blog\"},{\"@type\":\"ListItem\",\"position\":2,\"name\":\"Une micro maison install\u00e9e sur les toits pour contrer la crise du logement\"}]},{\"@type\":\"WebSite\",\"@id\":\"https:\/\/toploc.com\/blog\/#website\",\"url\":\"https:\/\/toploc.com\/blog\/\",\"name\":\"Toploc\",\"description\":\"Itin\u00e9raires natures et locations de vacances en groupe\",\"publisher\":{\"@id\":\"https:\/\/toploc.com\/blog\/#organization\"},\"potentialAction\":[{\"@type\":\"SearchAction\",\"target\":{\"@type\":\"EntryPoint\",\"urlTemplate\":\"https:\/\/toploc.com\/blog\/?s={search_term_string}\"},\"query-input\":{\"@type\":\"PropertyValueSpecification\",\"valueRequired\":true,\"valueName\":\"search_term_string\"}}],\"inLanguage\":\"fr-FR\"},{\"@type\":\"Organization\",\"@id\":\"https:\/\/toploc.com\/blog\/#organization\",\"name\":\"Toploc\",\"url\":\"https:\/\/toploc.com\/blog\/\",\"logo\":{\"@type\":\"ImageObject\",\"inLanguage\":\"fr-FR\",\"@id\":\"https:\/\/toploc.com\/blog\/#\/schema\/logo\/image\/\",\"url\":\"https:\/\/blog.toploc.com\/wp-content\/uploads\/2022\/03\/toploc_facebook_5.png\",\"contentUrl\":\"https:\/\/blog.toploc.com\/wp-content\/uploads\/2022\/03\/toploc_facebook_5.png\",\"width\":600,\"height\":600,\"caption\":\"Toploc\"},\"image\":{\"@id\":\"https:\/\/toploc.com\/blog\/#\/schema\/logo\/image\/\"},\"sameAs\":[\"https:\/\/www.facebook.com\/locationfrancophone\",\"https:\/\/www.instagram.com\/toploc_\",\"https:\/\/www.pinterest.fr\/Toploc_\/\"]},{\"@type\":\"Person\",\"@id\":\"https:\/\/toploc.com\/blog\/#\/schema\/person\/b66f845e3e2106301dee05e5bc776788\",\"name\":\"Julien\",\"image\":{\"@type\":\"ImageObject\",\"inLanguage\":\"fr-FR\",\"@id\":\"https:\/\/toploc.com\/blog\/#\/schema\/person\/image\/\",\"url\":\"https:\/\/secure.gravatar.com\/avatar\/642d3d11687b291bb0ade289db2c7d821a72910624f4eb86cab555b4c6a3ed15?s=96&d=mm&r=g\",\"contentUrl\":\"https:\/\/secure.gravatar.com\/avatar\/642d3d11687b291bb0ade289db2c7d821a72910624f4eb86cab555b4c6a3ed15?s=96&d=mm&r=g\",\"caption\":\"Julien\"},\"description\":\"Julien est un passionn\u00e9 de nature et de grands espaces. Guide de moyenne montagne en Andorre, il a partag\u00e9 ses r\u00e9cits de voyage pendant plusieurs ann\u00e9es. Aujourd'hui il est co-auteur de plusieurs articles pour Toploc.\",\"url\":\"https:\/\/toploc.com\/blog\/author\/julien\"}]}<\/script>\n<!-- \/ Yoast SEO plugin. -->","yoast_head_json":{"title":"Une micro maison install\u00e9e sur les toits pour contrer la crise du logement","description":"Afin de r\u00e9soudre la crise du logement en ville, des architectes \u00e9quatoriens ont cr\u00e9\u00e9 cette micro maison install\u00e9e sur les toits de la ville de Quito ...","robots":{"index":"index","follow":"follow","max-snippet":"max-snippet:-1","max-image-preview":"max-image-preview:large","max-video-preview":"max-video-preview:-1"},"canonical":"https:\/\/toploc.com\/blog\/mini-maison\/micro-maison-installee-sur-les-toits","og_locale":"fr_FR","og_type":"article","og_title":"Une micro maison install\u00e9e sur les toits pour contrer la crise du logement","og_description":"Afin de r\u00e9soudre la crise du logement en ville, des architectes \u00e9quatoriens ont cr\u00e9\u00e9 cette micro maison install\u00e9e sur les toits de la ville de Quito ...","og_url":"https:\/\/toploc.com\/blog\/mini-maison\/micro-maison-installee-sur-les-toits","og_site_name":"Toploc","article_publisher":"https:\/\/www.facebook.com\/locationfrancophone","article_published_time":"2020-01-13T06:00:14+00:00","og_image":[{"width":700,"height":452,"url":"https:\/\/toploc.com\/blog\/wp-content\/uploads\/2020\/01\/Micro-maison-installee-sur-les-toits-de-la-ville-de-Quito-\u00a9-Andres-Villota.jpg","type":"image\/jpeg"}],"author":"Julien","twitter_card":"summary_large_image","twitter_misc":{"\u00c9crit par":"Julien","Dur\u00e9e de lecture estim\u00e9e":"2 minutes"},"schema":{"@context":"https:\/\/schema.org","@graph":[{"@type":"Article","@id":"https:\/\/toploc.com\/blog\/mini-maison\/micro-maison-installee-sur-les-toits#article","isPartOf":{"@id":"https:\/\/toploc.com\/blog\/mini-maison\/micro-maison-installee-sur-les-toits"},"author":{"name":"Julien","@id":"https:\/\/toploc.com\/blog\/#\/schema\/person\/b66f845e3e2106301dee05e5bc776788"},"headline":"Une micro maison install\u00e9e sur les toits pour contrer la crise du logement","datePublished":"2020-01-13T06:00:14+00:00","mainEntityOfPage":{"@id":"https:\/\/toploc.com\/blog\/mini-maison\/micro-maison-installee-sur-les-toits"},"wordCount":466,"commentCount":0,"publisher":{"@id":"https:\/\/toploc.com\/blog\/#organization"},"image":{"@id":"https:\/\/toploc.com\/blog\/mini-maison\/micro-maison-installee-sur-les-toits#primaryimage"},"thumbnailUrl":"https:\/\/toploc.com\/blog\/wp-content\/uploads\/2020\/01\/Micro-maison-installee-sur-les-toits-de-la-ville-de-Quito-\u00a9-Andres-Villota.jpg","keywords":["cabane sur les toits","crise du logement en ville","h\u00e9bergement pour les plus d\u00e9munis","maison sur les toits","tiny house sur un toit d\u2019immeuble"],"articleSection":["Tiny House"],"inLanguage":"fr-FR","potentialAction":[{"@type":"CommentAction","name":"Comment","target":["https:\/\/toploc.com\/blog\/mini-maison\/micro-maison-installee-sur-les-toits#respond"]}]},{"@type":"WebPage","@id":"https:\/\/toploc.com\/blog\/mini-maison\/micro-maison-installee-sur-les-toits","url":"https:\/\/toploc.com\/blog\/mini-maison\/micro-maison-installee-sur-les-toits","name":"Une micro maison install\u00e9e sur les toits pour contrer la crise du logement","isPartOf":{"@id":"https:\/\/toploc.com\/blog\/#website"},"primaryImageOfPage":{"@id":"https:\/\/toploc.com\/blog\/mini-maison\/micro-maison-installee-sur-les-toits#primaryimage"},"image":{"@id":"https:\/\/toploc.com\/blog\/mini-maison\/micro-maison-installee-sur-les-toits#primaryimage"},"thumbnailUrl":"https:\/\/toploc.com\/blog\/wp-content\/uploads\/2020\/01\/Micro-maison-installee-sur-les-toits-de-la-ville-de-Quito-\u00a9-Andres-Villota.jpg","datePublished":"2020-01-13T06:00:14+00:00","description":"Afin de r\u00e9soudre la crise du logement en ville, des architectes \u00e9quatoriens ont cr\u00e9\u00e9 cette micro maison install\u00e9e sur les toits de la ville de Quito ...","breadcrumb":{"@id":"https:\/\/toploc.com\/blog\/mini-maison\/micro-maison-installee-sur-les-toits#breadcrumb"},"inLanguage":"fr-FR","potentialAction":[{"@type":"ReadAction","target":["https:\/\/toploc.com\/blog\/mini-maison\/micro-maison-installee-sur-les-toits"]}]},{"@type":"ImageObject","inLanguage":"fr-FR","@id":"https:\/\/toploc.com\/blog\/mini-maison\/micro-maison-installee-sur-les-toits#primaryimage","url":"https:\/\/toploc.com\/blog\/wp-content\/uploads\/2020\/01\/Micro-maison-installee-sur-les-toits-de-la-ville-de-Quito-\u00a9-Andres-Villota.jpg","contentUrl":"https:\/\/toploc.com\/blog\/wp-content\/uploads\/2020\/01\/Micro-maison-installee-sur-les-toits-de-la-ville-de-Quito-\u00a9-Andres-Villota.jpg","width":700,"height":452,"caption":"Micro maison install\u00e9e sur les toits de la ville de Quito \u00a9 Andres Villota"},{"@type":"BreadcrumbList","@id":"https:\/\/toploc.com\/blog\/mini-maison\/micro-maison-installee-sur-les-toits#breadcrumb","itemListElement":[{"@type":"ListItem","position":1,"name":"Accueil","item":"https:\/\/toploc.com\/blog"},{"@type":"ListItem","position":2,"name":"Une micro maison install\u00e9e sur les toits pour contrer la crise du logement"}]},{"@type":"WebSite","@id":"https:\/\/toploc.com\/blog\/#website","url":"https:\/\/toploc.com\/blog\/","name":"Toploc","description":"Itin\u00e9raires natures et locations de vacances en groupe","publisher":{"@id":"https:\/\/toploc.com\/blog\/#organization"},"potentialAction":[{"@type":"SearchAction","target":{"@type":"EntryPoint","urlTemplate":"https:\/\/toploc.com\/blog\/?s={search_term_string}"},"query-input":{"@type":"PropertyValueSpecification","valueRequired":true,"valueName":"search_term_string"}}],"inLanguage":"fr-FR"},{"@type":"Organization","@id":"https:\/\/toploc.com\/blog\/#organization","name":"Toploc","url":"https:\/\/toploc.com\/blog\/","logo":{"@type":"ImageObject","inLanguage":"fr-FR","@id":"https:\/\/toploc.com\/blog\/#\/schema\/logo\/image\/","url":"https:\/\/blog.toploc.com\/wp-content\/uploads\/2022\/03\/toploc_facebook_5.png","contentUrl":"https:\/\/blog.toploc.com\/wp-content\/uploads\/2022\/03\/toploc_facebook_5.png","width":600,"height":600,"caption":"Toploc"},"image":{"@id":"https:\/\/toploc.com\/blog\/#\/schema\/logo\/image\/"},"sameAs":["https:\/\/www.facebook.com\/locationfrancophone","https:\/\/www.instagram.com\/toploc_","https:\/\/www.pinterest.fr\/Toploc_\/"]},{"@type":"Person","@id":"https:\/\/toploc.com\/blog\/#\/schema\/person\/b66f845e3e2106301dee05e5bc776788","name":"Julien","image":{"@type":"ImageObject","inLanguage":"fr-FR","@id":"https:\/\/toploc.com\/blog\/#\/schema\/person\/image\/","url":"https:\/\/secure.gravatar.com\/avatar\/642d3d11687b291bb0ade289db2c7d821a72910624f4eb86cab555b4c6a3ed15?s=96&d=mm&r=g","contentUrl":"https:\/\/secure.gravatar.com\/avatar\/642d3d11687b291bb0ade289db2c7d821a72910624f4eb86cab555b4c6a3ed15?s=96&d=mm&r=g","caption":"Julien"},"description":"Julien est un passionn\u00e9 de nature et de grands espaces. Guide de moyenne montagne en Andorre, il a partag\u00e9 ses r\u00e9cits de voyage pendant plusieurs ann\u00e9es. Aujourd'hui il est co-auteur de plusieurs articles pour Toploc.","url":"https:\/\/toploc.com\/blog\/author\/julien"}]}},"_links":{"self":[{"href":"https:\/\/toploc.com\/blog\/wp-json\/wp\/v2\/posts\/90564","targetHints":{"allow":["GET"]}}],"collection":[{"href":"https:\/\/toploc.com\/blog\/wp-json\/wp\/v2\/posts"}],"about":[{"href":"https:\/\/toploc.com\/blog\/wp-json\/wp\/v2\/types\/post"}],"author":[{"embeddable":true,"href":"https:\/\/toploc.com\/blog\/wp-json\/wp\/v2\/users\/3"}],"replies":[{"embeddable":true,"href":"https:\/\/toploc.com\/blog\/wp-json\/wp\/v2\/comments?post=90564"}],"version-history":[{"count":0,"href":"https:\/\/toploc.com\/blog\/wp-json\/wp\/v2\/posts\/90564\/revisions"}],"wp:featuredmedia":[{"embeddable":true,"href":"https:\/\/toploc.com\/blog\/wp-json\/wp\/v2\/media\/90565"}],"wp:attachment":[{"href":"https:\/\/toploc.com\/blog\/wp-json\/wp\/v2\/media?parent=90564"}],"wp:term":[{"taxonomy":"category","embeddable":true,"href":"https:\/\/toploc.com\/blog\/wp-json\/wp\/v2\/categories?post=90564"},{"taxonomy":"post_tag","embeddable":true,"href":"https:\/\/toploc.com\/blog\/wp-json\/wp\/v2\/tags?post=90564"}],"curies":[{"name":"wp","href":"https:\/\/api.w.org\/{rel}","templated":true}]}}