{"id":90109,"date":"2025-09-11T16:19:14","date_gmt":"2025-09-11T14:19:14","guid":{"rendered":"https:\/\/www.location-francophone.com\/?p=90109"},"modified":"2025-09-11T16:30:41","modified_gmt":"2025-09-11T14:30:41","slug":"visiter-madere","status":"publish","type":"post","link":"https:\/\/toploc.com\/blog\/europe\/visiter-madere","title":{"rendered":"Les 15 choses \u00e0 voir et \u00e0 faire pour visiter Mad\u00e8re"},"content":{"rendered":"\n<p>Mad\u00e8re, surnomm\u00e9e \u00ab l\u2019\u00eele aux fleurs \u00bb, est un v\u00e9ritable joyau de l\u2019Atlantique. Situ\u00e9e au large des c\u00f4tes portugaises, cette \u00eele volcanique s\u00e9duit les voyageurs par ses paysages spectaculaires. Falaises vertigineuses plongeant dans l\u2019oc\u00e9an, for\u00eats luxuriantes class\u00e9es au patrimoine mondial de l\u2019UNESCO et charmants villages aux maisons blanches. Quelles sont les choses \u00e0 voir et \u00e0 faire pour visiter Mad\u00e8re ?  D\u00e9marrez votre s\u00e9jour \u00e0 Mad\u00e8re par Funchal, sa capitale anim\u00e9e, avec son march\u00e9 color\u00e9 et ses jardins botaniques. Partez en randonn\u00e9e sur les c\u00e9l\u00e8bres levadas, ces canaux d\u2019irrigation bord\u00e9s de sentiers, pour explorer des paysages \u00e0 couper le souffle comme la vall\u00e9e de Raba\u00e7al ou les sommets du Pico do Arieiro et du Pico Ruivo. Admirez les falaises de Cabo Gir\u00e3o, l\u2019une des plus hautes d\u2019Europe, et d\u00e9tendez-vous sur les piscines naturelles de Porto Moniz. D\u00e9couvrez \u00e9galement les villages pittoresques comme Santana et ses maisons traditionnelles au toit de chaume. Enfin, profitez d\u2019une excursion en mer pour observer dauphins et baleines, ou go\u00fbtez \u00e0 la gastronomie locale avec un verre de vin de Mad\u00e8re.<\/p>\n\n\n\n<div class=\"wp-block-buttons is-content-justification-center is-layout-flex wp-container-core-buttons-is-layout-16018d1d wp-block-buttons-is-layout-flex\">\n<div class=\"wp-block-button has-custom-font-size has-small-font-size\"><a class=\"wp-block-button__link has-background wp-element-button\" href=\"https:\/\/toploc.com\/location\/s\/Mad%C3%A8re--Portugal?checkin=&amp;checkout=&amp;adults=2\" style=\"background-color:#006b52\"><strong>\ud83d\udc49 NOS LOCATIONS VACANCES MAD\u00c8RE<\/strong><\/a><\/div>\n<\/div>\n\n\n\n<p>A lire : <a href=\"https:\/\/blog.toploc.com\/blog\/europe\/visiter-le-portugal\">Les 15 choses \u00e0 faire et \u00e0 voir pour visiter le Portugal<\/a><\/p>\n\n\n\n<h2 id=\"funchal\" class=\"wp-block-heading\">Funchal <\/h2>\n\n\n\n<figure class=\"wp-block-image size-full\"><img loading=\"lazy\" decoding=\"async\" width=\"2048\" height=\"1365\" src=\"https:\/\/blog.toploc.com\/wp-content\/uploads\/2020\/01\/AdobeStock_230861513.jpeg\" alt=\"Vue a\u00e9rienne de Funchal \u00a9 Adobe Stock\" class=\"wp-image-152879\"\/><figcaption class=\"wp-element-caption\">Vue a\u00e9rienne de Funchal \u00a9 Adobe Stock<\/figcaption><\/figure>\n\n\n\n<h3 id=\"pourquoi-visiter-funchal\" class=\"wp-block-heading\">Pourquoi visiter Funchal ?<\/h3>\n\n\n\n<p>Funchal, la capitale de Mad\u00e8re, est un incontournable pour d\u00e9couvrir le charme de l&#8217;\u00eele. Fl\u00e2nez dans ses ruelles pav\u00e9es, admirez les fa\u00e7ades color\u00e9es et profitez de son ambiance anim\u00e9e. Les Jardins botaniques de Funchal sont une merveille pour les amoureux de la nature : plus de 2 000 esp\u00e8ces de plantes exotiques, une vue imprenable sur la baie et un espace d\u00e9di\u00e9 aux oiseaux tropicaux. C&#8217;est aussi l&#8217;endroit id\u00e9al pour d\u00e9couvrir la richesse florale de Mad\u00e8re, surnomm\u00e9e \u00ab l\u2019\u00eele aux fleurs \u00bb. Une promenade au t\u00e9l\u00e9ph\u00e9rique jusqu\u2019au Monte Palace permet d\u2019associer panorama, culture et nature.<\/p>\n\n\n\n<h2 id=\"porto-moniz\" class=\"wp-block-heading\">Porto Moniz<\/h2>\n\n\n\n<figure class=\"wp-block-image size-full\"><img loading=\"lazy\" decoding=\"async\" width=\"2048\" height=\"1352\" src=\"https:\/\/blog.toploc.com\/wp-content\/uploads\/2020\/01\/image-1.png\" alt=\"Vue sur le village de Porto Moniz et ses piscines naturelles volcaniques \u00a9 Adobe Stock\" class=\"wp-image-152880\"\/><figcaption class=\"wp-element-caption\">Vue sur le village de Porto Moniz et ses piscines naturelles volcaniques \u00a9 Adobe Stock<\/figcaption><\/figure>\n\n\n\n<h3 id=\"pourquoi-visiter-porto-moniz\" class=\"wp-block-heading\">Pourquoi visiter Porto Moniz ?<\/h3>\n\n\n\n<p>Situ\u00e9es au nord-ouest de l&#8217;\u00eele, les piscines naturelles de Porto Moniz sont l&#8217;une des attractions les plus fascinantes de Mad\u00e8re. Ces bassins sont form\u00e9s par la lave volcanique et remplis d&#8217;eau de mer. Ce cadre unique offre une exp\u00e9rience de baignade \u00e0 la fois relaxante et spectaculaire. Entour\u00e9es par des falaises abruptes et des vagues majestueuses, les piscines sont parfaites pour une pause rafra\u00eechissante apr\u00e8s avoir explor\u00e9 les environs. Le village lui-m\u00eame m\u00e9rite une visite pour son charme et ses petits restaurants proposant des sp\u00e9cialit\u00e9s locales.<\/p>\n\n\n\n<h2 id=\"le-pico-do-arieiro\" class=\"wp-block-heading\">Le Pico do Arieiro<\/h2>\n\n\n\n<figure class=\"wp-block-image size-full\"><img loading=\"lazy\" decoding=\"async\" width=\"1920\" height=\"1080\" src=\"https:\/\/blog.toploc.com\/wp-content\/uploads\/2020\/01\/image-2.png\" alt=\"Le sommet du Pico de Arieiro de Mad\u00e8re \u00a9 Francisco Correia Photos\" class=\"wp-image-152882\"\/><figcaption class=\"wp-element-caption\">Le sommet du Pico de Arieiro de Mad\u00e8re \u00a9 Francisco Correia Photos<\/figcaption><\/figure>\n\n\n\n<h3 id=\"pourquoi-grimper-le-pico-do-arieiro\" class=\"wp-block-heading\">Pourquoi grimper le Pico do Arieiro ?<\/h3>\n\n\n\n<p>Le Pico do Arieiro, culminant \u00e0 1 818 m\u00e8tres, est l&#8217;un des sommets les plus impressionnants de Mad\u00e8re. Accessible en voiture, il offre une vue \u00e9poustouflante sur les montagnes environnantes et les vall\u00e9es, souvent envelopp\u00e9es de nuages. Au lever ou au coucher du soleil, les paysages prennent une dimension f\u00e9\u00e9rique. Pour les plus aventureux, le sentier qui relie le Pico do Arieiro au Pico Ruivo est une randonn\u00e9e spectaculaire \u00e0 travers des tunnels, des cr\u00eates et des panoramas \u00e0 couper le souffle. C&#8217;est une exp\u00e9rience inoubliable pour les amateurs de grands espaces.<\/p>\n\n\n\n<h2 id=\"les-levadas\" class=\"wp-block-heading\">Les levadas <\/h2>\n\n\n\n<figure class=\"wp-block-image size-full\"><img loading=\"lazy\" decoding=\"async\" width=\"770\" height=\"500\" src=\"https:\/\/blog.toploc.com\/wp-content\/uploads\/2020\/01\/image-3.png\" alt=\"Les canaux d'irrigation les levadas \u00e0 Mad\u00e8re \u00a9 Allibert Trekking\" class=\"wp-image-152884\"\/><figcaption class=\"wp-element-caption\">Les canaux d&#8217;irrigation les levadas \u00e0 Mad\u00e8re \u00a9 Allibert Trekking<\/figcaption><\/figure>\n\n\n\n<h3 id=\"pourquoi-explorer-les-levadas\" class=\"wp-block-heading\">Pourquoi explorer les levadas ?<\/h3>\n\n\n\n<p>Les levadas, canaux d\u2019irrigation typiques de Mad\u00e8re, traversent des paysages verdoyants et offrent une multitude de sentiers de randonn\u00e9e. Parmi les plus populaires, la Levada das 25 Fontes vous emm\u00e8ne \u00e0 travers une for\u00eat luxuriante jusqu&#8217;\u00e0 une cascade entour\u00e9e de bassins naturels. Ces chemins sont parfaits pour d\u00e9couvrir la biodiversit\u00e9 exceptionnelle de l&#8217;\u00eele, entre foug\u00e8res g\u00e9antes, lauriers et fleurs end\u00e9miques. Que vous soyez d\u00e9butant ou randonneur chevronn\u00e9, les levadas vous permettent d\u2019explorer Mad\u00e8re \u00e0 votre rythme tout en profitant de sa s\u00e9r\u00e9nit\u00e9.<\/p>\n\n\n\n<h2 id=\"sao-lourenco\" class=\"wp-block-heading\">S\u00e3o Louren\u00e7o<\/h2>\n\n\n\n<figure class=\"wp-block-image size-full\"><img loading=\"lazy\" decoding=\"async\" width=\"2048\" height=\"1152\" src=\"https:\/\/blog.toploc.com\/wp-content\/uploads\/2020\/01\/image-4.png\" alt=\"Pointe de S\u00e3o Louren\u00e7o et la c\u00f4te rocheuse \u00a9 Expedia\" class=\"wp-image-152885\"\/><figcaption class=\"wp-element-caption\">Pointe de S\u00e3o Louren\u00e7o et la c\u00f4te rocheuse \u00a9 Expedia<\/figcaption><\/figure>\n\n\n\n<h3 id=\"pourquoi-visiter-sao-lourenco\" class=\"wp-block-heading\">Pourquoi visiter S\u00e3o Louren\u00e7o ?<\/h3>\n\n\n\n<p>La p\u00e9ninsule de S\u00e3o Louren\u00e7o, situ\u00e9e \u00e0 l&#8217;extr\u00e9mit\u00e9 est de Mad\u00e8re, contraste avec les paysages verdoyants du reste de l&#8217;\u00eele. Ici, vous d\u00e9couvrirez des formations rocheuses spectaculaires, des falaises abruptes et des couleurs chatoyantes allant du rouge au dor\u00e9. Le sentier de randonn\u00e9e qui traverse la p\u00e9ninsule offre des vues spectaculaires sur l\u2019oc\u00e9an Atlantique et les criques isol\u00e9es. Ce site est \u00e9galement parfait pour observer la faune locale, notamment des oiseaux marins. C&#8217;est une escapade id\u00e9ale pour les amateurs de nature sauvage.<\/p>\n\n\n\n<h2 id=\"santana\" class=\"wp-block-heading\">Santana <\/h2>\n\n\n\n<figure class=\"wp-block-image size-full\"><img loading=\"lazy\" decoding=\"async\" width=\"1920\" height=\"1080\" src=\"https:\/\/blog.toploc.com\/wp-content\/uploads\/2020\/01\/image-5.png\" alt=\"Les maisons typiques de Santana \u00a9 Francisco Correia Photos\" class=\"wp-image-152886\"\/><figcaption class=\"wp-element-caption\">Les maisons typiques de Santana \u00a9 Francisco Correia Photos<\/figcaption><\/figure>\n\n\n\n<h3 id=\"pourquoi-visiter-santana\" class=\"wp-block-heading\">Pourquoi visiter Santana ?<\/h3>\n\n\n\n<p>Le village de Santana, au nord de Mad\u00e8re, est c\u00e9l\u00e8bre pour ses maisons traditionnelles au toit de chaume. Ces petites maisons triangulaires, autrefois habit\u00e9es par les agriculteurs locaux, sont devenues un symbole de l\u2019\u00eele. En vous promenant dans le village, vous d\u00e9couvrirez \u00e9galement des jardins fleuris et des paysages montagneux magnifiques. Une visite au parc th\u00e9matique de Mad\u00e8re \u00e0 Santana permet d&#8217;en apprendre davantage sur l&#8217;histoire, la culture et les traditions de l&#8217;\u00eele. C&#8217;est un lieu charmant \u00e0 ne pas manquer.<\/p>\n\n\n\n<h2 id=\"cabo-girao\" class=\"wp-block-heading\">Cabo Gir\u00e3o<\/h2>\n\n\n\n<figure class=\"wp-block-image size-full\"><img loading=\"lazy\" decoding=\"async\" width=\"2048\" height=\"1150\" src=\"https:\/\/blog.toploc.com\/wp-content\/uploads\/2020\/01\/image-6.png\" alt=\"Vue sur la falaise de Cabo Gir\u00e3o \u00a9 Adobe Stock\" class=\"wp-image-152888\"\/><figcaption class=\"wp-element-caption\">Vue sur la falaise de Cabo Gir\u00e3o \u00a9 Adobe Stock<\/figcaption><\/figure>\n\n\n\n<h3 id=\"pourquoi-visiter-cabo-girao\" class=\"wp-block-heading\">Pourquoi visiter Cabo Gir\u00e3o ?<\/h3>\n\n\n\n<p>Cabo Gir\u00e3o est l&#8217;une des falaises les plus hautes d&#8217;Europe, culminant \u00e0 580 m\u00e8tres au-dessus de l&#8217;oc\u00e9an. Ce site impressionnant est \u00e9quip\u00e9 d&#8217;une plateforme de verre suspendue, offrant une vue vertigineuse sur les cultures en terrasse et les eaux turquoises en contrebas. Pour les amateurs de sensations fortes, c&#8217;est un incontournable ! En contrebas, la Faj\u00e3 dos Padres, accessible en t\u00e9l\u00e9ph\u00e9rique ou en bateau, offre une exp\u00e9rience plus intime avec des plages isol\u00e9es et des jardins tropicaux.<\/p>\n\n\n\n<p>\u00c0 lire : <a href=\"https:\/\/toploc.com\/blog\/europe\/visiter-lisbonne\">Les 10 choses \u00e0 voir et \u00e0 faire pour visiter Lisbonne<\/a><\/p>\n\n\n\n<h2 id=\"curral-das-freiras\" class=\"wp-block-heading\">Curral das Freiras<\/h2>\n\n\n\n<figure class=\"wp-block-image size-full\"><img loading=\"lazy\" decoding=\"async\" width=\"1045\" height=\"657\" src=\"https:\/\/blog.toploc.com\/wp-content\/uploads\/2020\/01\/image-7.png\" alt=\"Le village de Curral das Freiras situ\u00e9 au coeur des montagnes \u00a9 Mad\u00e8re le guide\" class=\"wp-image-152890\"\/><figcaption class=\"wp-element-caption\">Le village de Curral das Freiras situ\u00e9 au coeur des montagnes \u00a9 Mad\u00e8re le guide<\/figcaption><\/figure>\n\n\n\n<h3 id=\"pourquoi-explorer-la-vallee-de-curral-das-freiras\" class=\"wp-block-heading\">Pourquoi explorer la vall\u00e9e de Curral das Freiras ?<\/h3>\n\n\n\n<p>Situ\u00e9e au c\u0153ur de Mad\u00e8re, la vall\u00e9e de Curral das Freiras, ou \u00ab vall\u00e9e des Nonnes \u00bb, est entour\u00e9e de montagnes escarp\u00e9es. Ce lieu isol\u00e9 offre un cadre paisible et une ambiance hors du temps. Les amateurs de gastronomie appr\u00e9cieront les sp\u00e9cialit\u00e9s locales comme la ch\u00e2taigne, utilis\u00e9e dans de nombreux plats et desserts. Le point de vue d&#8217;Eira do Serrado, situ\u00e9 \u00e0 proximit\u00e9, offre un panorama spectaculaire sur la vall\u00e9e. C\u2019est un lieu parfait pour les amoureux de nature et de tranquillit\u00e9.<\/p>\n\n\n\n<h2 id=\"camara-de-lobos\" class=\"wp-block-heading\">C\u00e2mara de Lobos<\/h2>\n\n\n\n<figure class=\"wp-block-image size-full\"><img loading=\"lazy\" decoding=\"async\" width=\"2048\" height=\"1368\" src=\"https:\/\/blog.toploc.com\/wp-content\/uploads\/2020\/01\/image-8.png\" alt=\"Vue panoramique sur le village de C\u00e2mara de Lobos \u00a9 Adobe Stock\" class=\"wp-image-152891\"\/><figcaption class=\"wp-element-caption\">Vue panoramique sur le village de C\u00e2mara de Lobos \u00a9 Adobe Stock<\/figcaption><\/figure>\n\n\n\n<h3 id=\"pourquoi-visiter-camara-de-lobos\" class=\"wp-block-heading\">Pourquoi visiter C\u00e2mara de Lobos ?<\/h3>\n\n\n\n<p>Ce petit village de p\u00eacheurs, situ\u00e9 \u00e0 l&#8217;ouest de Funchal, est c\u00e9l\u00e8bre pour ses barques color\u00e9es et son ambiance pittoresque. C\u00e2mara de Lobos a \u00e9t\u00e9 immortalis\u00e9 par Winston Churchill, qui aimait y peindre. Promenez-vous le long du port, go\u00fbtez au fameux poncha, une boisson traditionnelle, et d\u00e9couvrez l\u2019hospitalit\u00e9 des habitants. Les vignobles en terrasse qui entourent le village ajoutent encore plus de charme \u00e0 ce lieu embl\u00e9matique de Mad\u00e8re.<\/p>\n\n\n\n<p>\u00c0 lire : <a href=\"https:\/\/toploc.com\/blog\/europe\/meilleures-destinations-en-europe\">Les 5 meilleures destinations en Europe pour vos vacances<\/a><\/p>\n\n\n\n<h2 id=\"seixal\" class=\"wp-block-heading\">Seixal<\/h2>\n\n\n\n<figure class=\"wp-block-image size-full\"><img loading=\"lazy\" decoding=\"async\" width=\"1920\" height=\"1080\" src=\"https:\/\/blog.toploc.com\/wp-content\/uploads\/2020\/01\/image-9.png\" alt=\"La plage de Seixal \u00e0 Mad\u00e8re \u00a9 avelarfx\" class=\"wp-image-152892\"\/><figcaption class=\"wp-element-caption\">La plage de Seixal \u00e0 Mad\u00e8re \u00a9 avelarfx<\/figcaption><\/figure>\n\n\n\n<h3 id=\"pourquoi-visiter-seixal\" class=\"wp-block-heading\">Pourquoi visiter Seixal ?<\/h3>\n\n\n\n<p>Contrairement aux plages de sable dor\u00e9, rares \u00e0 Mad\u00e8re, celles de Seixal, faites de sable noir volcanique, offrent une exp\u00e9rience unique. Encadr\u00e9es par des falaises verdoyantes, ces plages sont parfaites pour se d\u00e9tendre ou nager dans un cadre sauvage et pr\u00e9serv\u00e9. Seixal est \u00e9galement c\u00e9l\u00e8bre pour ses cascades qui se jettent directement dans l&#8217;oc\u00e9an, comme la V\u00e9u da Noiva. C&#8217;est une destination id\u00e9ale pour les amoureux de paysages bruts et authentiques.<\/p>\n\n\n\n<h2 id=\"ou-sejourner-a-madere\" class=\"wp-block-heading\">O\u00f9 s\u00e9journer \u00e0 Mad\u00e8re ?<\/h2>\n\n\n\n<p>Si vous pr\u00e9voyez un s\u00e9jour \u00e0 Mad\u00e8re vous cherchez probablement une <a href=\"https:\/\/toploc.com\/locations-vacances\/portugal\">location de vacances au Portugal<\/a>. Vous pouvez r\u00e9server facilement l&#8217;un de nos h\u00e9bergements Toploc, il vous suffit de cliquer sur les curseurs verts ci-dessous et choisir votre future location vacances. <\/p>\n\n\n\n<iframe loading=\"lazy\" width=\"100%\" height=\"450px\" frameborder=\"0\" src=\"https:\/\/toploc.com\/embed\/maps?location=Portugal;bbox_area=-14.24506154315472%2C35.23433409927982%2C-3.4957270037624255%2C43.59852069170262\"><\/iframe>\n\n\n\n<h2 id=\"faq-tout-savoir-pour-visiter-madere\" class=\"wp-block-heading\">FAQ : tout savoir pour visiter Mad\u00e8re<\/h2>\n\n\n\n<h3 id=\"quand-visiter-madere\" class=\"wp-block-heading\">Quand visiter Mad\u00e8re&nbsp;?<\/h3>\n\n\n\n<p>Avant de nous attarder sur les activit\u00e9s et visites incontournables, int\u00e9ressons-nous d\u2019abord au temps qu\u2019il fera lors de vos vacances \u00e0 Mad\u00e8re. Jouissant d\u2019un climat tropical, cet archipel portugais vous propose des temp\u00e9ratures avoisinant les 18 degr\u00e9s en hiver. Autant dire que c\u2019est la p\u00e9riode id\u00e9ale pour se pr\u00eater \u00e0 diverses activit\u00e9s sportives ludiques aussi bien en montagne qu\u2019en bord de mer.<\/p>\n\n\n\n<h3 id=\"comment-se-deplacer-a-madere\" class=\"wp-block-heading\">Comment se d\u00e9placer \u00e0 Mad\u00e8re ?<\/h3>\n\n\n\n<p>Se d\u00e9placer \u00e0 Mad\u00e8re est relativement accessible gr\u00e2ce \u00e0 une vari\u00e9t\u00e9 de moyens de transport adapt\u00e9s \u00e0 la diversit\u00e9 des paysages de l\u2019\u00eele. Louer une voiture est l\u2019option la plus populaire et la plus flexible, permettant d\u2019explorer librement les routes sinueuses et les recoins recul\u00e9s de l\u2019\u00eele. Les routes sont g\u00e9n\u00e9ralement en bon \u00e9tat, bien que certaines portions montagneuses puissent \u00eatre \u00e9troites et exigeantes, n\u00e9cessitant une certaine exp\u00e9rience de conduite en terrain vallonn\u00e9.<\/p>\n\n\n\n<h3 id=\"quels-sont-les-transports-en-commun-a-madere\" class=\"wp-block-heading\">Quels sont les transports en commun \u00e0 Mad\u00e8re ?<\/h3>\n\n\n\n<p>Les transports en commun constituent une alternative \u00e9conomique et \u00e9cologique. Le r\u00e9seau de bus, principalement g\u00e9r\u00e9 par les compagnies SAM (Sociedade de Autom\u00f3veis da Madeira) et Rodoeste, dessert les principales villes et attractions touristiques. Les bus sont fiables, confortables et offrent des trajets panoramiques, id\u00e9aux pour ceux qui pr\u00e9f\u00e8rent ne pas conduire. Cependant, les horaires peuvent \u00eatre limit\u00e9s, surtout dans les zones rurales. En r\u00e9sum\u00e9 : <\/p>\n\n\n\n<ul class=\"wp-block-list\">\n<li>Avril \u00e0 octobre \u00e0 Mad\u00e8re : temps ensoleill\u00e9 et mer plus chaude, id\u00e9al pour la randonn\u00e9e et la baignade.<\/li>\n\n\n\n<li>D\u00e9cembre \u00e0 f\u00e9vrier \u00e0 Mad\u00e8re : climat doux, moins de touristes, parfait pour admirer les paysages verdoyants.<\/li>\n<\/ul>\n\n\n\n<h3 id=\"peut-on-reserver-des-taxis-et-uber-a-madere\" class=\"wp-block-heading\">Peut-on r\u00e9server des taxis et Uber \u00e0 Mad\u00e8re ?<\/h3>\n\n\n\n<p>Les taxis et les services comme Uber sont \u00e9galement disponibles \u00e0 Mad\u00e8re, offrant une solution pratique pour des trajets ponctuels ou pour ceux qui souhaitent \u00e9viter les contraintes de la conduite. Les taxis peuvent \u00eatre un peu plus co\u00fbteux, mais ils sont utiles pour les d\u00e9placements nocturnes ou vers des destinations moins accessibles en bus.<\/p>\n\n\n\n<h3 id=\"peut-on-reserver-des-excursions-en-minibus-a-madere\" class=\"wp-block-heading\">Peut-on r\u00e9server des excursions en minibus \u00e0 Mad\u00e8re ?<\/h3>\n\n\n\n<p>Enfin, les excursions organis\u00e9es sont une option pratique pour les visiteurs souhaitant visiter plusieurs sites en une journ\u00e9e sans se soucier de la logistique. De nombreuses agences proposent des tours guid\u00e9s en minibus ou en bus, incluant le transport et les visites des principales attractions.<\/p>\n\n\n\n<h3 id=\"les-randonnees-sont-elles-accessibles-a-tous\" class=\"wp-block-heading\">Les randonn\u00e9es sont-elles accessibles \u00e0 tous ?<\/h3>\n\n\n\n<p>La plupart des <strong>levadas<\/strong> (sentiers longeant des canaux d\u2019irrigation) sont faciles et bien balis\u00e9es. Certaines, comme la Levada do Caldeir\u00e3o Verde, n\u00e9cessitent une bonne condition physique.<\/p>\n\n\n\n<h3 id=\"quel-budget-prevoir-a-madere\" class=\"wp-block-heading\">Quel budget pr\u00e9voir \u00e0 Mad\u00e8re ?<\/h3>\n\n\n\n<p>Voici le budget que nous recommandons pour voyager \u00e0 Mad\u00e8re :<\/p>\n\n\n\n<ul class=\"wp-block-list\">\n<li>Repas : 10-20 \u20ac par personne dans un restaurant local.<\/li>\n\n\n\n<li>Location de voiture : 30-50 \u20ac\/jour.<\/li>\n\n\n\n<li>Activit\u00e9s : excursions en mer (40-60 \u20ac), t\u00e9l\u00e9ph\u00e9rique (11-16 \u20ac)<\/li>\n<\/ul>\n\n\n\n<h3 id=\"comment-visiter-madere-en-5-jours\" class=\"wp-block-heading\">Comment visiter Mad\u00e8re en 5 jours ? <\/h3>\n\n\n\n<p>Voici notre itin\u00e9raire Toploc pour visiter Mad\u00e8re en 5 jours :<\/p>\n\n\n\n<ul class=\"wp-block-list\">\n<li><strong>Jour 1 <\/strong>: D\u00e9couvrez Funchal et ses environs. Visite du march\u00e9 dos Lavradores et balade dans la vieille ville. Puis direction Jardin botanique de Funchal ou Monte Palace Tropical Garden (acc\u00e8s en t\u00e9l\u00e9ph\u00e9rique).<\/li>\n\n\n\n<li><strong>Jour 2<\/strong> : D\u00e9marrez t\u00f4t le matin par une randonn\u00e9e au Pico do Arieiro pour profiter du lever du soleil spectaculaire. Visite du village traditionnel de Santana et ses maisons au toit de chaume. Arr\u00eat au Miradouro da Ponta de S\u00e3o Louren\u00e7o pour un panorama sur les falaises volcaniques.<\/li>\n\n\n\n<li><strong>Jour 3<\/strong> : Explorez Porto Moniz et ses piscines naturelle. Passage par Cabo Gir\u00e3o, l\u2019une des plus hautes falaises d\u2019Europe. Faites un arr\u00eat \u00e0 Ribeira Brava et Seixal (plage de sable noir<\/li>\n\n\n\n<li><strong>Jour 4<\/strong> : Randonn\u00e9e sur la Levada das 25 Fontes ou Caldeir\u00e3o Verde. D\u00e9jeuner dans un petit restaurant de montagne. L&#8217;apr\u00e8s-midi profitez d\u2019une plage ou d\u2019un spa \u00e0 Calheta.<\/li>\n\n\n\n<li><strong>Jour 5 :<\/strong> Balade en bateau depuis Funchal pour observer dauphins et baleines. Visite de C\u00e2mara de Lobos, village de p\u00eacheurs cher \u00e0 Winston Churchill. L&#8217;apr\u00e8s-midi d\u00e9tente sur la plage de Praia Formosa ou shopping \u00e0 Funchal.<\/li>\n<\/ul>\n\n\n\n<p>Lila pour Toploc<\/p>\n","protected":false},"excerpt":{"rendered":"Mad\u00e8re, surnomm\u00e9e \u00ab l\u2019\u00eele aux fleurs \u00bb, est un v\u00e9ritable joyau de l\u2019Atlantique. Situ\u00e9e au large des c\u00f4tes&hellip;\n","protected":false},"author":16,"featured_media":152865,"comment_status":"open","ping_status":"closed","sticky":false,"template":"","format":"standard","meta":{"footnotes":""},"categories":[5,6914],"tags":[5607,5608,5609,5610,5611],"class_list":{"0":"post-90109","1":"post","2":"type-post","3":"status-publish","4":"format-standard","5":"has-post-thumbnail","7":"category-europe","8":"category-mer","9":"tag-carnaval-de-madere","10":"tag-evenements-culturels-a-madere","11":"tag-hiver-a-madere","12":"tag-randonnee-en-montagne-a-madere","13":"tag-vacances-a-la-mer-a-madere"},"yoast_head":"<!-- This site is optimized with the Yoast SEO plugin v26.9 - https:\/\/yoast.com\/product\/yoast-seo-wordpress\/ -->\n<title>Les 15 choses \u00e0 voir et \u00e0 faire pour visiter Mad\u00e8re<\/title>\n<meta name=\"description\" content=\"Visiter Mad\u00e8re : Funchal . Porto Moniz . Le Pico do Arieiro . Les levadas . S\u00e3o Louren\u00e7o . Santana . Cabo Gir\u00e3o . Curral das Freiras\" \/>\n<meta name=\"robots\" content=\"index, follow, max-snippet:-1, max-image-preview:large, max-video-preview:-1\" \/>\n<link rel=\"canonical\" href=\"https:\/\/toploc.com\/blog\/europe\/visiter-madere\" \/>\n<meta property=\"og:locale\" content=\"fr_FR\" \/>\n<meta property=\"og:type\" content=\"article\" \/>\n<meta property=\"og:title\" content=\"Les 15 choses \u00e0 voir et \u00e0 faire pour visiter Mad\u00e8re\" \/>\n<meta property=\"og:description\" content=\"Visiter Mad\u00e8re : Funchal . Porto Moniz . Le Pico do Arieiro . Les levadas . S\u00e3o Louren\u00e7o . Santana . Cabo Gir\u00e3o . Curral das Freiras\" \/>\n<meta property=\"og:url\" content=\"https:\/\/toploc.com\/blog\/europe\/visiter-madere\" \/>\n<meta property=\"og:site_name\" content=\"Toploc\" \/>\n<meta property=\"article:publisher\" content=\"https:\/\/www.facebook.com\/locationfrancophone\" \/>\n<meta property=\"article:published_time\" content=\"2025-09-11T14:19:14+00:00\" \/>\n<meta property=\"article:modified_time\" content=\"2025-09-11T14:30:41+00:00\" \/>\n<meta property=\"og:image\" content=\"https:\/\/toploc.com\/blog\/wp-content\/uploads\/2020\/01\/AdobeStock_334528902.jpeg\" \/>\n\t<meta property=\"og:image:width\" content=\"2048\" \/>\n\t<meta property=\"og:image:height\" content=\"1365\" \/>\n\t<meta property=\"og:image:type\" content=\"image\/jpeg\" \/>\n<meta name=\"author\" content=\"Lila\" \/>\n<meta name=\"twitter:card\" content=\"summary_large_image\" \/>\n<meta name=\"twitter:label1\" content=\"\u00c9crit par\" \/>\n\t<meta name=\"twitter:data1\" content=\"Lila\" \/>\n\t<meta name=\"twitter:label2\" content=\"Dur\u00e9e de lecture estim\u00e9e\" \/>\n\t<meta name=\"twitter:data2\" content=\"12 minutes\" \/>\n<script type=\"application\/ld+json\" class=\"yoast-schema-graph\">{\"@context\":\"https:\/\/schema.org\",\"@graph\":[{\"@type\":\"Article\",\"@id\":\"https:\/\/toploc.com\/blog\/europe\/visiter-madere#article\",\"isPartOf\":{\"@id\":\"https:\/\/toploc.com\/blog\/europe\/visiter-madere\"},\"author\":{\"name\":\"Lila\",\"@id\":\"https:\/\/toploc.com\/blog\/#\/schema\/person\/07758c3fa4af5a959a6989bb195a7301\"},\"headline\":\"Les 15 choses \u00e0 voir et \u00e0 faire pour visiter Mad\u00e8re\",\"datePublished\":\"2025-09-11T14:19:14+00:00\",\"dateModified\":\"2025-09-11T14:30:41+00:00\",\"mainEntityOfPage\":{\"@id\":\"https:\/\/toploc.com\/blog\/europe\/visiter-madere\"},\"wordCount\":2110,\"commentCount\":0,\"publisher\":{\"@id\":\"https:\/\/toploc.com\/blog\/#organization\"},\"image\":{\"@id\":\"https:\/\/toploc.com\/blog\/europe\/visiter-madere#primaryimage\"},\"thumbnailUrl\":\"https:\/\/toploc.com\/blog\/wp-content\/uploads\/2020\/01\/AdobeStock_334528902.jpeg\",\"keywords\":[\"Carnaval de Mad\u00e8re\",\"\u00e9v\u00e9nements culturels \u00e0 Mad\u00e8re\",\"hiver \u00e0 Mad\u00e8re\",\"randonn\u00e9e en montagne \u00e0 Mad\u00e8re\",\"vacances \u00e0 la mer \u00e0 Mad\u00e8re\"],\"articleSection\":[\"Itin\u00e9raires Europe\",\"Mer\"],\"inLanguage\":\"fr-FR\",\"potentialAction\":[{\"@type\":\"CommentAction\",\"name\":\"Comment\",\"target\":[\"https:\/\/toploc.com\/blog\/europe\/visiter-madere#respond\"]}]},{\"@type\":\"WebPage\",\"@id\":\"https:\/\/toploc.com\/blog\/europe\/visiter-madere\",\"url\":\"https:\/\/toploc.com\/blog\/europe\/visiter-madere\",\"name\":\"Les 15 choses \u00e0 voir et \u00e0 faire pour visiter Mad\u00e8re\",\"isPartOf\":{\"@id\":\"https:\/\/toploc.com\/blog\/#website\"},\"primaryImageOfPage\":{\"@id\":\"https:\/\/toploc.com\/blog\/europe\/visiter-madere#primaryimage\"},\"image\":{\"@id\":\"https:\/\/toploc.com\/blog\/europe\/visiter-madere#primaryimage\"},\"thumbnailUrl\":\"https:\/\/toploc.com\/blog\/wp-content\/uploads\/2020\/01\/AdobeStock_334528902.jpeg\",\"datePublished\":\"2025-09-11T14:19:14+00:00\",\"dateModified\":\"2025-09-11T14:30:41+00:00\",\"description\":\"Visiter Mad\u00e8re : Funchal . Porto Moniz . Le Pico do Arieiro . Les levadas . S\u00e3o Louren\u00e7o . Santana . Cabo Gir\u00e3o . Curral das Freiras\",\"breadcrumb\":{\"@id\":\"https:\/\/toploc.com\/blog\/europe\/visiter-madere#breadcrumb\"},\"inLanguage\":\"fr-FR\",\"potentialAction\":[{\"@type\":\"ReadAction\",\"target\":[\"https:\/\/toploc.com\/blog\/europe\/visiter-madere\"]}]},{\"@type\":\"ImageObject\",\"inLanguage\":\"fr-FR\",\"@id\":\"https:\/\/toploc.com\/blog\/europe\/visiter-madere#primaryimage\",\"url\":\"https:\/\/toploc.com\/blog\/wp-content\/uploads\/2020\/01\/AdobeStock_334528902.jpeg\",\"contentUrl\":\"https:\/\/toploc.com\/blog\/wp-content\/uploads\/2020\/01\/AdobeStock_334528902.jpeg\",\"width\":2048,\"height\":1365,\"caption\":\"Panorama au dessus de la ville de Camara de Lobos \u00e0 Mad\u00e8re \u00a9 Adobe Stock\"},{\"@type\":\"BreadcrumbList\",\"@id\":\"https:\/\/toploc.com\/blog\/europe\/visiter-madere#breadcrumb\",\"itemListElement\":[{\"@type\":\"ListItem\",\"position\":1,\"name\":\"Accueil\",\"item\":\"https:\/\/toploc.com\/blog\"},{\"@type\":\"ListItem\",\"position\":2,\"name\":\"Les 15 choses \u00e0 voir et \u00e0 faire pour visiter Mad\u00e8re\"}]},{\"@type\":\"WebSite\",\"@id\":\"https:\/\/toploc.com\/blog\/#website\",\"url\":\"https:\/\/toploc.com\/blog\/\",\"name\":\"Toploc\",\"description\":\"Itin\u00e9raires natures et locations de vacances en groupe\",\"publisher\":{\"@id\":\"https:\/\/toploc.com\/blog\/#organization\"},\"potentialAction\":[{\"@type\":\"SearchAction\",\"target\":{\"@type\":\"EntryPoint\",\"urlTemplate\":\"https:\/\/toploc.com\/blog\/?s={search_term_string}\"},\"query-input\":{\"@type\":\"PropertyValueSpecification\",\"valueRequired\":true,\"valueName\":\"search_term_string\"}}],\"inLanguage\":\"fr-FR\"},{\"@type\":\"Organization\",\"@id\":\"https:\/\/toploc.com\/blog\/#organization\",\"name\":\"Toploc\",\"url\":\"https:\/\/toploc.com\/blog\/\",\"logo\":{\"@type\":\"ImageObject\",\"inLanguage\":\"fr-FR\",\"@id\":\"https:\/\/toploc.com\/blog\/#\/schema\/logo\/image\/\",\"url\":\"https:\/\/blog.toploc.com\/wp-content\/uploads\/2022\/03\/toploc_facebook_5.png\",\"contentUrl\":\"https:\/\/blog.toploc.com\/wp-content\/uploads\/2022\/03\/toploc_facebook_5.png\",\"width\":600,\"height\":600,\"caption\":\"Toploc\"},\"image\":{\"@id\":\"https:\/\/toploc.com\/blog\/#\/schema\/logo\/image\/\"},\"sameAs\":[\"https:\/\/www.facebook.com\/locationfrancophone\",\"https:\/\/www.instagram.com\/toploc_\",\"https:\/\/www.pinterest.fr\/Toploc_\/\"]},{\"@type\":\"Person\",\"@id\":\"https:\/\/toploc.com\/blog\/#\/schema\/person\/07758c3fa4af5a959a6989bb195a7301\",\"name\":\"Lila\",\"image\":{\"@type\":\"ImageObject\",\"inLanguage\":\"fr-FR\",\"@id\":\"https:\/\/toploc.com\/blog\/#\/schema\/person\/image\/\",\"url\":\"https:\/\/secure.gravatar.com\/avatar\/5f760bda683ccfec960ad5f74dfecd4c2afd804dc76f9d5e6888ebeebbf4b0dd?s=96&d=mm&r=g\",\"contentUrl\":\"https:\/\/secure.gravatar.com\/avatar\/5f760bda683ccfec960ad5f74dfecd4c2afd804dc76f9d5e6888ebeebbf4b0dd?s=96&d=mm&r=g\",\"caption\":\"Lila\"},\"description\":\"Je suis toujours en qu\u00eate de nouveaux horizons et de beaux paysages. Ma particularit\u00e9 ? J\u2019adore trouver les sp\u00e9cialit\u00e9s propres \u00e0 chaque destination. Je partage avec vous mes nouvelles d\u00e9couvertes \u00e0 visiter en famille ou entre amis.\",\"url\":\"https:\/\/toploc.com\/blog\/author\/lilatoploc-com\"}]}<\/script>\n<!-- \/ Yoast SEO plugin. -->","yoast_head_json":{"title":"Les 15 choses \u00e0 voir et \u00e0 faire pour visiter Mad\u00e8re","description":"Visiter Mad\u00e8re : Funchal . Porto Moniz . Le Pico do Arieiro . Les levadas . S\u00e3o Louren\u00e7o . Santana . Cabo Gir\u00e3o . Curral das Freiras","robots":{"index":"index","follow":"follow","max-snippet":"max-snippet:-1","max-image-preview":"max-image-preview:large","max-video-preview":"max-video-preview:-1"},"canonical":"https:\/\/toploc.com\/blog\/europe\/visiter-madere","og_locale":"fr_FR","og_type":"article","og_title":"Les 15 choses \u00e0 voir et \u00e0 faire pour visiter Mad\u00e8re","og_description":"Visiter Mad\u00e8re : Funchal . Porto Moniz . Le Pico do Arieiro . Les levadas . S\u00e3o Louren\u00e7o . Santana . Cabo Gir\u00e3o . Curral das Freiras","og_url":"https:\/\/toploc.com\/blog\/europe\/visiter-madere","og_site_name":"Toploc","article_publisher":"https:\/\/www.facebook.com\/locationfrancophone","article_published_time":"2025-09-11T14:19:14+00:00","article_modified_time":"2025-09-11T14:30:41+00:00","og_image":[{"width":2048,"height":1365,"url":"https:\/\/toploc.com\/blog\/wp-content\/uploads\/2020\/01\/AdobeStock_334528902.jpeg","type":"image\/jpeg"}],"author":"Lila","twitter_card":"summary_large_image","twitter_misc":{"\u00c9crit par":"Lila","Dur\u00e9e de lecture estim\u00e9e":"12 minutes"},"schema":{"@context":"https:\/\/schema.org","@graph":[{"@type":"Article","@id":"https:\/\/toploc.com\/blog\/europe\/visiter-madere#article","isPartOf":{"@id":"https:\/\/toploc.com\/blog\/europe\/visiter-madere"},"author":{"name":"Lila","@id":"https:\/\/toploc.com\/blog\/#\/schema\/person\/07758c3fa4af5a959a6989bb195a7301"},"headline":"Les 15 choses \u00e0 voir et \u00e0 faire pour visiter Mad\u00e8re","datePublished":"2025-09-11T14:19:14+00:00","dateModified":"2025-09-11T14:30:41+00:00","mainEntityOfPage":{"@id":"https:\/\/toploc.com\/blog\/europe\/visiter-madere"},"wordCount":2110,"commentCount":0,"publisher":{"@id":"https:\/\/toploc.com\/blog\/#organization"},"image":{"@id":"https:\/\/toploc.com\/blog\/europe\/visiter-madere#primaryimage"},"thumbnailUrl":"https:\/\/toploc.com\/blog\/wp-content\/uploads\/2020\/01\/AdobeStock_334528902.jpeg","keywords":["Carnaval de Mad\u00e8re","\u00e9v\u00e9nements culturels \u00e0 Mad\u00e8re","hiver \u00e0 Mad\u00e8re","randonn\u00e9e en montagne \u00e0 Mad\u00e8re","vacances \u00e0 la mer \u00e0 Mad\u00e8re"],"articleSection":["Itin\u00e9raires Europe","Mer"],"inLanguage":"fr-FR","potentialAction":[{"@type":"CommentAction","name":"Comment","target":["https:\/\/toploc.com\/blog\/europe\/visiter-madere#respond"]}]},{"@type":"WebPage","@id":"https:\/\/toploc.com\/blog\/europe\/visiter-madere","url":"https:\/\/toploc.com\/blog\/europe\/visiter-madere","name":"Les 15 choses \u00e0 voir et \u00e0 faire pour visiter Mad\u00e8re","isPartOf":{"@id":"https:\/\/toploc.com\/blog\/#website"},"primaryImageOfPage":{"@id":"https:\/\/toploc.com\/blog\/europe\/visiter-madere#primaryimage"},"image":{"@id":"https:\/\/toploc.com\/blog\/europe\/visiter-madere#primaryimage"},"thumbnailUrl":"https:\/\/toploc.com\/blog\/wp-content\/uploads\/2020\/01\/AdobeStock_334528902.jpeg","datePublished":"2025-09-11T14:19:14+00:00","dateModified":"2025-09-11T14:30:41+00:00","description":"Visiter Mad\u00e8re : Funchal . Porto Moniz . Le Pico do Arieiro . Les levadas . S\u00e3o Louren\u00e7o . Santana . Cabo Gir\u00e3o . Curral das Freiras","breadcrumb":{"@id":"https:\/\/toploc.com\/blog\/europe\/visiter-madere#breadcrumb"},"inLanguage":"fr-FR","potentialAction":[{"@type":"ReadAction","target":["https:\/\/toploc.com\/blog\/europe\/visiter-madere"]}]},{"@type":"ImageObject","inLanguage":"fr-FR","@id":"https:\/\/toploc.com\/blog\/europe\/visiter-madere#primaryimage","url":"https:\/\/toploc.com\/blog\/wp-content\/uploads\/2020\/01\/AdobeStock_334528902.jpeg","contentUrl":"https:\/\/toploc.com\/blog\/wp-content\/uploads\/2020\/01\/AdobeStock_334528902.jpeg","width":2048,"height":1365,"caption":"Panorama au dessus de la ville de Camara de Lobos \u00e0 Mad\u00e8re \u00a9 Adobe Stock"},{"@type":"BreadcrumbList","@id":"https:\/\/toploc.com\/blog\/europe\/visiter-madere#breadcrumb","itemListElement":[{"@type":"ListItem","position":1,"name":"Accueil","item":"https:\/\/toploc.com\/blog"},{"@type":"ListItem","position":2,"name":"Les 15 choses \u00e0 voir et \u00e0 faire pour visiter Mad\u00e8re"}]},{"@type":"WebSite","@id":"https:\/\/toploc.com\/blog\/#website","url":"https:\/\/toploc.com\/blog\/","name":"Toploc","description":"Itin\u00e9raires natures et locations de vacances en groupe","publisher":{"@id":"https:\/\/toploc.com\/blog\/#organization"},"potentialAction":[{"@type":"SearchAction","target":{"@type":"EntryPoint","urlTemplate":"https:\/\/toploc.com\/blog\/?s={search_term_string}"},"query-input":{"@type":"PropertyValueSpecification","valueRequired":true,"valueName":"search_term_string"}}],"inLanguage":"fr-FR"},{"@type":"Organization","@id":"https:\/\/toploc.com\/blog\/#organization","name":"Toploc","url":"https:\/\/toploc.com\/blog\/","logo":{"@type":"ImageObject","inLanguage":"fr-FR","@id":"https:\/\/toploc.com\/blog\/#\/schema\/logo\/image\/","url":"https:\/\/blog.toploc.com\/wp-content\/uploads\/2022\/03\/toploc_facebook_5.png","contentUrl":"https:\/\/blog.toploc.com\/wp-content\/uploads\/2022\/03\/toploc_facebook_5.png","width":600,"height":600,"caption":"Toploc"},"image":{"@id":"https:\/\/toploc.com\/blog\/#\/schema\/logo\/image\/"},"sameAs":["https:\/\/www.facebook.com\/locationfrancophone","https:\/\/www.instagram.com\/toploc_","https:\/\/www.pinterest.fr\/Toploc_\/"]},{"@type":"Person","@id":"https:\/\/toploc.com\/blog\/#\/schema\/person\/07758c3fa4af5a959a6989bb195a7301","name":"Lila","image":{"@type":"ImageObject","inLanguage":"fr-FR","@id":"https:\/\/toploc.com\/blog\/#\/schema\/person\/image\/","url":"https:\/\/secure.gravatar.com\/avatar\/5f760bda683ccfec960ad5f74dfecd4c2afd804dc76f9d5e6888ebeebbf4b0dd?s=96&d=mm&r=g","contentUrl":"https:\/\/secure.gravatar.com\/avatar\/5f760bda683ccfec960ad5f74dfecd4c2afd804dc76f9d5e6888ebeebbf4b0dd?s=96&d=mm&r=g","caption":"Lila"},"description":"Je suis toujours en qu\u00eate de nouveaux horizons et de beaux paysages. Ma particularit\u00e9 ? J\u2019adore trouver les sp\u00e9cialit\u00e9s propres \u00e0 chaque destination. Je partage avec vous mes nouvelles d\u00e9couvertes \u00e0 visiter en famille ou entre amis.","url":"https:\/\/toploc.com\/blog\/author\/lilatoploc-com"}]}},"_links":{"self":[{"href":"https:\/\/toploc.com\/blog\/wp-json\/wp\/v2\/posts\/90109","targetHints":{"allow":["GET"]}}],"collection":[{"href":"https:\/\/toploc.com\/blog\/wp-json\/wp\/v2\/posts"}],"about":[{"href":"https:\/\/toploc.com\/blog\/wp-json\/wp\/v2\/types\/post"}],"author":[{"embeddable":true,"href":"https:\/\/toploc.com\/blog\/wp-json\/wp\/v2\/users\/16"}],"replies":[{"embeddable":true,"href":"https:\/\/toploc.com\/blog\/wp-json\/wp\/v2\/comments?post=90109"}],"version-history":[{"count":19,"href":"https:\/\/toploc.com\/blog\/wp-json\/wp\/v2\/posts\/90109\/revisions"}],"predecessor-version":[{"id":156697,"href":"https:\/\/toploc.com\/blog\/wp-json\/wp\/v2\/posts\/90109\/revisions\/156697"}],"wp:featuredmedia":[{"embeddable":true,"href":"https:\/\/toploc.com\/blog\/wp-json\/wp\/v2\/media\/152865"}],"wp:attachment":[{"href":"https:\/\/toploc.com\/blog\/wp-json\/wp\/v2\/media?parent=90109"}],"wp:term":[{"taxonomy":"category","embeddable":true,"href":"https:\/\/toploc.com\/blog\/wp-json\/wp\/v2\/categories?post=90109"},{"taxonomy":"post_tag","embeddable":true,"href":"https:\/\/toploc.com\/blog\/wp-json\/wp\/v2\/tags?post=90109"}],"curies":[{"name":"wp","href":"https:\/\/api.w.org\/{rel}","templated":true}]}}