{"id":8929,"date":"2024-06-23T13:28:54","date_gmt":"2024-06-23T11:28:54","guid":{"rendered":"https:\/\/www.location-francophone.com\/blog\/?p=8929"},"modified":"2025-01-24T19:19:15","modified_gmt":"2025-01-24T18:19:15","slug":"parler-en-francais","status":"publish","type":"post","link":"https:\/\/toploc.com\/blog\/europe\/parler-en-francais","title":{"rendered":"5 destinations incontournables o\u00f9 l\u2019on peut parler en fran\u00e7ais"},"content":{"rendered":"\n<p>Lorsque l\u2019on ne connait que le fran\u00e7ais et que l\u2019on souhaite vivement d\u00e9couvrir le monde, on se heurte \u00e0 un obstacle. C\u2019est la raison pour laquelle nous avons fait le tri pour vous&nbsp;! D\u00e9couvrez sans plus attendre les 5 plus belles destinations du monde o\u00f9 vous pourrez, en toute tranquillit\u00e9, parler en fran\u00e7ais avec la population locale.<\/p>\n\n\n\n<div class=\"wp-block-buttons is-content-justification-center is-layout-flex wp-container-core-buttons-is-layout-16018d1d wp-block-buttons-is-layout-flex\">\n<div class=\"wp-block-button has-custom-font-size has-small-font-size\"><a class=\"wp-block-button__link has-background wp-element-button\" href=\"https:\/\/toploc.com\" style=\"background-color:#006b52\">\ud83d\udc49 <strong>NOS H\u00c9BERGEMENTS DE VACANCES<\/strong><\/a><\/div>\n<\/div>\n\n\n\n<p>A lire : <a href=\"https:\/\/blog.toploc.com\/blog\/communaute\/francophonie\/meilleures-destinations-francophones\">Les 16 meilleures destinations francophones en voyage<\/a><\/p>\n\n\n\n<h2 id=\"seychelles\" class=\"wp-block-heading\">Seychelles <\/h2>\n\n\n<div class=\"wp-block-image size-full wp-image-8941\">\n<figure class=\"aligncenter\"><img loading=\"lazy\" decoding=\"async\" width=\"650\" height=\"372\" src=\"https:\/\/blog.toploc.com\/wp-content\/uploads\/2016\/09\/Plage-de-reve-aux-Seychelles-1.jpg\" alt=\"Plage de r\u00eave aux Seychelles\" class=\"wp-image-8941\"\/><figcaption class=\"wp-element-caption\"><small>Plage de r\u00eave aux Seychelles<\/small> \u00a9 DR<\/figcaption><\/figure>\n<\/div>\n\n\n<h3 id=\"pourquoi-partir-aux-seychelles-et-parler-en-francais\" class=\"wp-block-heading\">Pourquoi partir aux Seychelles et parler en fran\u00e7ais ?<\/h3>\n\n\n\n<p>Avec une population majoritairement francophone, les Seychelles ont tout le m\u00e9rite de se retrouver dans la liste des cinq destinations o\u00f9 l\u2019on peut sans crainte parler en fran\u00e7ais. Vous pourrez donc, durant les vacances estivales, vous rendre aux Seychelles et explorer ses 115 \u00eeles. La population locale est souriante et comprend \u00e0 la perfection le fran\u00e7ais. Celle-ci se fera une joie de vous faire d\u00e9couvrir les plaisirs de la plong\u00e9e sous-marine aux Seychelles. Voici notre guide sur <a href=\"https:\/\/blog.toploc.com\/blog\/afrique\/visiter-les-seychelles\">les 10 choses \u00e0 voir et \u00e0 faire pour visiter les Seychelles<\/a>.<\/p>\n\n\n\n<div class=\"wp-block-buttons is-content-justification-center is-layout-flex wp-container-core-buttons-is-layout-16018d1d wp-block-buttons-is-layout-flex\">\n<div class=\"wp-block-button has-custom-font-size has-small-font-size\"><a class=\"wp-block-button__link has-background wp-element-button\" href=\"https:\/\/toploc.com\" style=\"background-color:#006b52\">\ud83d\udc49 <strong>NOS H\u00c9BERGEMENTS DE VACANCES<\/strong><\/a><\/div>\n<\/div>\n\n\n\n<h2 id=\"cambodge\" class=\"wp-block-heading\">Cambodge<\/h2>\n\n\n<div class=\"wp-block-image size-full wp-image-8940\">\n<figure class=\"aligncenter\"><img loading=\"lazy\" decoding=\"async\" width=\"650\" height=\"357\" src=\"https:\/\/blog.toploc.com\/wp-content\/uploads\/2016\/09\/Parler-en-francais-au-Cambodge.jpg\" alt=\"Parler en fran\u00e7ais au Cambodge\" class=\"wp-image-8940\"\/><figcaption class=\"wp-element-caption\"><small>Parler en fran\u00e7ais au Cambodge<\/small> \u00a9 DR<\/figcaption><\/figure>\n<\/div>\n\n\n<h3 id=\"pourquoi-partir-au-cambodge-et-parler-en-francais\" class=\"wp-block-heading\">Pourquoi partir au Cambodge et parler en fran\u00e7ais ?<\/h3>\n\n\n\n<p>Si vous avez d\u00e9j\u00e0 entendu parler du Cambodge et de ses c\u00e9l\u00e8bres sites historiques, vous pourrez d\u00e9sormais opter pour un s\u00e9jour inoubliable dans ce magnifique pays d\u2019Asie du Sud-est. Occup\u00e9 par pr\u00e8s de 74&nbsp;000 francophones, le Cambodge recommence en effet \u00e0 se familiariser avec la langue fran\u00e7aise, jadis parl\u00e9e par les habitants durant l\u2019\u00e9poque coloniale. N\u2019h\u00e9sitez plus \u00e0 faire vos valises pour le Cambodge et d\u00e9couvrez sans plus attendre le fameux temple d\u2019Angkor \u00e9difi\u00e9 au d\u00e9but du 12<sup>e<\/sup> si\u00e8cle.<\/p>\n\n\n\n<div class=\"wp-block-buttons is-content-justification-center is-layout-flex wp-container-core-buttons-is-layout-16018d1d wp-block-buttons-is-layout-flex\">\n<div class=\"wp-block-button has-custom-font-size has-small-font-size\"><a class=\"wp-block-button__link has-background wp-element-button\" href=\"https:\/\/toploc.com\" style=\"background-color:#006b52\">\ud83d\udc49 <strong>NOS H\u00c9BERGEMENTS DE VACANCES<\/strong><\/a><\/div>\n<\/div>\n\n\n\n<h2 id=\"quebec\" class=\"wp-block-heading\">Qu\u00e9bec<\/h2>\n\n\n<div class=\"wp-block-image size-full wp-image-8942\">\n<figure class=\"aligncenter\"><img loading=\"lazy\" decoding=\"async\" width=\"650\" height=\"336\" src=\"https:\/\/blog.toploc.com\/wp-content\/uploads\/2016\/09\/Le-Quebec-en-hiver.jpg\" alt=\"Le Qu\u00e9bec en hiver\" class=\"wp-image-8942\"\/><figcaption class=\"wp-element-caption\"><small>Le Qu\u00e9bec en hiver<\/small> \u00a9 DR<\/figcaption><\/figure>\n<\/div>\n\n\n<h3 id=\"pourquoi-partir-au-quebec-et-parler-en-francais\" class=\"wp-block-heading\">Pourquoi partir au Qu\u00e9bec et parler en fran\u00e7ais ?<\/h3>\n\n\n\n<p>Vous souhaitez vous ressourcer au c\u0153ur d\u2019une nature toute de blanc v\u00eatue\u00a0? Vous r\u00eavez de d\u00e9valer les pentes enneig\u00e9es qu\u00e9b\u00e9coises\u00a0? Que diriez-vous de d\u00e9poser vos valises au Qu\u00e9bec\u00a0? Vous d\u00e9couvrez enfin toute la beaut\u00e9 de cette magnifique province canadienne accueillant pr\u00e8s de 6 millions de francophones. Vous n\u2019aurez aucun mal \u00e0 parler en fran\u00e7ais avec les habitants de cette r\u00e9gion. Une r\u00e9gion qui abrite \u00e9galement de magnifiques vestiges datant du 17<sup>e<\/sup> si\u00e8cle. Voici notre guide sur <a href=\"https:\/\/blog.toploc.com\/blog\/amerique\/visiter-le-quebec\">les 20 choses \u00e0 voir et \u00e0 faire pour visiter le Qu\u00e9bec<\/a>.<\/p>\n\n\n\n<div class=\"wp-block-buttons is-content-justification-center is-layout-flex wp-container-core-buttons-is-layout-16018d1d wp-block-buttons-is-layout-flex\">\n<div class=\"wp-block-button has-custom-font-size has-small-font-size\"><a class=\"wp-block-button__link has-background wp-element-button\" href=\"https:\/\/toploc.com\" style=\"background-color:#006b52\">\ud83d\udc49 <strong>NOS H\u00c9BERGEMENTS DE VACANCES<\/strong><\/a><\/div>\n<\/div>\n\n\n\n<h2 id=\"la-reunion\" class=\"wp-block-heading\">La R\u00e9union<\/h2>\n\n\n<div class=\"wp-block-image size-full wp-image-8943\">\n<figure class=\"aligncenter\"><img loading=\"lazy\" decoding=\"async\" width=\"650\" height=\"356\" src=\"https:\/\/blog.toploc.com\/wp-content\/uploads\/2016\/09\/Les-cotes-accidentees-de-la-Reunion.jpg\" alt=\"Les c\u00f4tes accident\u00e9es de la R\u00e9union\" class=\"wp-image-8943\"\/><figcaption class=\"wp-element-caption\"><small>Les c\u00f4tes accident\u00e9es de la R\u00e9union<\/small> \u00a9 DR<\/figcaption><\/figure>\n<\/div>\n\n\n<h3 id=\"pourquoi-partir-a-la-reunion-et-parler-en-francais\" class=\"wp-block-heading\">Pourquoi partir \u00e0 la R\u00e9union et parler en fran\u00e7ais ?<\/h3>\n\n\n\n<p>Cette magnifique \u00eele appartient \u00e0 la r\u00e9gion d\u2019outre-mer. Cette derni\u00e8re m\u00e9rite \u00e9galement une place de choix dans la liste des plus belles destinations parlant le fran\u00e7ais. V\u00e9ritable petit paradis cosmopolite, la R\u00e9union vous s\u00e9duira avec ses paysages sauvages et authentiques\u00a0! Un voyage exotique vous attend \u00e0 travers sa cuisine cr\u00e9ole, sa nature luxuriante et sa population chaleureuse qui sera ravie de parler en fran\u00e7ais avec vous. Voici notre guide sur <a href=\"https:\/\/blog.toploc.com\/blog\/france\/visiter-la-reunion\">les 20 choses \u00e0 voir et \u00e0 faire pour visiter la R\u00e9union<\/a>.<\/p>\n\n\n\n<div class=\"wp-block-buttons is-content-justification-center is-layout-flex wp-container-core-buttons-is-layout-16018d1d wp-block-buttons-is-layout-flex\">\n<div class=\"wp-block-button has-custom-font-size has-small-font-size\"><a class=\"wp-block-button__link has-background wp-element-button\" href=\"https:\/\/toploc.com\" style=\"background-color:#006b52\">\ud83d\udc49 <strong>NOS H\u00c9BERGEMENTS DE VACANCES<\/strong><\/a><\/div>\n<\/div>\n\n\n\n<h2 id=\"nouvelle-caledonie\" class=\"wp-block-heading\">Nouvelle-Cal\u00e9donie<\/h2>\n\n\n<div class=\"wp-block-image size-full wp-image-8944\">\n<figure class=\"aligncenter\"><img loading=\"lazy\" decoding=\"async\" width=\"650\" height=\"376\" src=\"https:\/\/blog.toploc.com\/wp-content\/uploads\/2016\/09\/Majestueuse-cascade-de-la-Nouvelle-Caledonie-1.jpg\" alt=\"Majestueuse cascade de la Nouvelle-Cal\u00e9donie\" class=\"wp-image-8944\"\/><figcaption class=\"wp-element-caption\"><small>Majestueuse cascade de la Nouvelle-Cal\u00e9donie<\/small> \u00a9 DR<\/figcaption><\/figure>\n<\/div>\n\n\n<h3 id=\"pourquoi-partir-en-nouvelle-caledonie-et-parler-en-francais\" class=\"wp-block-heading\">Pourquoi partir en Nouvelle-Cal\u00e9donie et parler en fran\u00e7ais ?<\/h3>\n\n\n\n<p>Oui, vous pouvez tout \u00e0 fait opter pour des vacances captivantes en Nouvelle-Cal\u00e9donie. Ayant comme langue officielle le fran\u00e7ais, ce magnifique archipel bord\u00e9 par l\u2019Oc\u00e9an Pacifique vous s\u00e9duira en tout point\u00a0! Favorisant depuis plusieurs ann\u00e9es le tourisme vert, la <a href=\"https:\/\/fr.wikipedia.org\/wiki\/Nouvelle-Cal%C3%A9donie\">Nouvelle-Cal\u00e9donie<\/a> offre l\u2019opportunit\u00e9 aux vacanciers francophones de d\u00e9couvrir toute sa richesse sous-marine et terrestre. Voici notre guide sur <a href=\"https:\/\/blog.toploc.com\/blog\/oceanie\/plages-de-nouvelle-caledonie\">les 6 meilleures plages de Nouvelle-Cal\u00e9donie<\/a>.<\/p>\n\n\n\n<div class=\"wp-block-buttons is-content-justification-center is-layout-flex wp-container-core-buttons-is-layout-16018d1d wp-block-buttons-is-layout-flex\">\n<div class=\"wp-block-button has-custom-font-size has-small-font-size\"><a class=\"wp-block-button__link has-background wp-element-button\" href=\"https:\/\/toploc.com\" style=\"background-color:#006b52\">\ud83d\udc49 <strong>NOS H\u00c9BERGEMENTS DE VACANCES<\/strong><\/a><\/div>\n<\/div>\n\n\n\n<p>Julien pour <a href=\"https:\/\/toploc.com\">Toploc<\/a><\/p>\n","protected":false},"excerpt":{"rendered":"Lorsque l\u2019on ne connait que le fran\u00e7ais et que l\u2019on souhaite vivement d\u00e9couvrir le monde, on se heurte&hellip;\n","protected":false},"author":3,"featured_media":5446,"comment_status":"open","ping_status":"closed","sticky":false,"template":"","format":"standard","meta":{"footnotes":""},"categories":[5],"tags":[],"class_list":{"0":"post-8929","1":"post","2":"type-post","3":"status-publish","4":"format-standard","5":"has-post-thumbnail","7":"category-europe"},"yoast_head":"<!-- This site is optimized with the Yoast SEO plugin v26.9 - https:\/\/yoast.com\/product\/yoast-seo-wordpress\/ -->\n<title>5 destinations incontournables o\u00f9 l\u2019on peut parler en fran\u00e7ais<\/title>\n<meta name=\"description\" content=\"D\u00e9couvrez sans plus attendre 5 magnifiques destinations dans le monde o\u00f9 vous pourrez parler en fran\u00e7ais avec la population...\" \/>\n<meta name=\"robots\" content=\"index, follow, max-snippet:-1, max-image-preview:large, max-video-preview:-1\" \/>\n<link rel=\"canonical\" href=\"https:\/\/toploc.com\/blog\/europe\/parler-en-francais\" \/>\n<meta property=\"og:locale\" content=\"fr_FR\" \/>\n<meta property=\"og:type\" content=\"article\" \/>\n<meta property=\"og:title\" content=\"5 destinations incontournables o\u00f9 l\u2019on peut parler en fran\u00e7ais\" \/>\n<meta property=\"og:description\" content=\"D\u00e9couvrez sans plus attendre 5 magnifiques destinations dans le monde o\u00f9 vous pourrez parler en fran\u00e7ais avec la population...\" \/>\n<meta property=\"og:url\" content=\"https:\/\/toploc.com\/blog\/europe\/parler-en-francais\" \/>\n<meta property=\"og:site_name\" content=\"Toploc\" \/>\n<meta property=\"article:publisher\" content=\"https:\/\/www.facebook.com\/locationfrancophone\" \/>\n<meta property=\"article:published_time\" content=\"2024-06-23T11:28:54+00:00\" \/>\n<meta property=\"article:modified_time\" content=\"2025-01-24T18:19:15+00:00\" \/>\n<meta property=\"og:image\" content=\"https:\/\/toploc.com\/blog\/wp-content\/uploads\/2016\/04\/Paysage-verdoyant-de-la-Nouvelle-Caledonie.jpg\" \/>\n\t<meta property=\"og:image:width\" content=\"639\" \/>\n\t<meta property=\"og:image:height\" content=\"436\" \/>\n\t<meta property=\"og:image:type\" content=\"image\/jpeg\" \/>\n<meta name=\"author\" content=\"Julien\" \/>\n<meta name=\"twitter:card\" content=\"summary_large_image\" \/>\n<meta name=\"twitter:label1\" content=\"\u00c9crit par\" \/>\n\t<meta name=\"twitter:data1\" content=\"Julien\" \/>\n\t<meta name=\"twitter:label2\" content=\"Dur\u00e9e de lecture estim\u00e9e\" \/>\n\t<meta name=\"twitter:data2\" content=\"5 minutes\" \/>\n<script type=\"application\/ld+json\" class=\"yoast-schema-graph\">{\"@context\":\"https:\/\/schema.org\",\"@graph\":[{\"@type\":\"Article\",\"@id\":\"https:\/\/toploc.com\/blog\/europe\/parler-en-francais#article\",\"isPartOf\":{\"@id\":\"https:\/\/toploc.com\/blog\/europe\/parler-en-francais\"},\"author\":{\"name\":\"Julien\",\"@id\":\"https:\/\/toploc.com\/blog\/#\/schema\/person\/b66f845e3e2106301dee05e5bc776788\"},\"headline\":\"5 destinations incontournables o\u00f9 l\u2019on peut parler en fran\u00e7ais\",\"datePublished\":\"2024-06-23T11:28:54+00:00\",\"dateModified\":\"2025-01-24T18:19:15+00:00\",\"mainEntityOfPage\":{\"@id\":\"https:\/\/toploc.com\/blog\/europe\/parler-en-francais\"},\"wordCount\":651,\"commentCount\":2,\"publisher\":{\"@id\":\"https:\/\/toploc.com\/blog\/#organization\"},\"image\":{\"@id\":\"https:\/\/toploc.com\/blog\/europe\/parler-en-francais#primaryimage\"},\"thumbnailUrl\":\"https:\/\/toploc.com\/blog\/wp-content\/uploads\/2016\/04\/Paysage-verdoyant-de-la-Nouvelle-Caledonie.jpg\",\"articleSection\":[\"Itin\u00e9raires Europe\"],\"inLanguage\":\"fr-FR\",\"potentialAction\":[{\"@type\":\"CommentAction\",\"name\":\"Comment\",\"target\":[\"https:\/\/toploc.com\/blog\/europe\/parler-en-francais#respond\"]}]},{\"@type\":\"WebPage\",\"@id\":\"https:\/\/toploc.com\/blog\/europe\/parler-en-francais\",\"url\":\"https:\/\/toploc.com\/blog\/europe\/parler-en-francais\",\"name\":\"5 destinations incontournables o\u00f9 l\u2019on peut parler en fran\u00e7ais\",\"isPartOf\":{\"@id\":\"https:\/\/toploc.com\/blog\/#website\"},\"primaryImageOfPage\":{\"@id\":\"https:\/\/toploc.com\/blog\/europe\/parler-en-francais#primaryimage\"},\"image\":{\"@id\":\"https:\/\/toploc.com\/blog\/europe\/parler-en-francais#primaryimage\"},\"thumbnailUrl\":\"https:\/\/toploc.com\/blog\/wp-content\/uploads\/2016\/04\/Paysage-verdoyant-de-la-Nouvelle-Caledonie.jpg\",\"datePublished\":\"2024-06-23T11:28:54+00:00\",\"dateModified\":\"2025-01-24T18:19:15+00:00\",\"description\":\"D\u00e9couvrez sans plus attendre 5 magnifiques destinations dans le monde o\u00f9 vous pourrez parler en fran\u00e7ais avec la population...\",\"breadcrumb\":{\"@id\":\"https:\/\/toploc.com\/blog\/europe\/parler-en-francais#breadcrumb\"},\"inLanguage\":\"fr-FR\",\"potentialAction\":[{\"@type\":\"ReadAction\",\"target\":[\"https:\/\/toploc.com\/blog\/europe\/parler-en-francais\"]}]},{\"@type\":\"ImageObject\",\"inLanguage\":\"fr-FR\",\"@id\":\"https:\/\/toploc.com\/blog\/europe\/parler-en-francais#primaryimage\",\"url\":\"https:\/\/toploc.com\/blog\/wp-content\/uploads\/2016\/04\/Paysage-verdoyant-de-la-Nouvelle-Caledonie.jpg\",\"contentUrl\":\"https:\/\/toploc.com\/blog\/wp-content\/uploads\/2016\/04\/Paysage-verdoyant-de-la-Nouvelle-Caledonie.jpg\",\"width\":639,\"height\":436,\"caption\":\"Paysage verdoyant de la Nouvelle-Cal\u00e9donie \u00a9 DR\"},{\"@type\":\"BreadcrumbList\",\"@id\":\"https:\/\/toploc.com\/blog\/europe\/parler-en-francais#breadcrumb\",\"itemListElement\":[{\"@type\":\"ListItem\",\"position\":1,\"name\":\"Accueil\",\"item\":\"https:\/\/toploc.com\/blog\"},{\"@type\":\"ListItem\",\"position\":2,\"name\":\"5 destinations incontournables o\u00f9 l\u2019on peut parler en fran\u00e7ais\"}]},{\"@type\":\"WebSite\",\"@id\":\"https:\/\/toploc.com\/blog\/#website\",\"url\":\"https:\/\/toploc.com\/blog\/\",\"name\":\"Toploc\",\"description\":\"Itin\u00e9raires natures et locations de vacances en groupe\",\"publisher\":{\"@id\":\"https:\/\/toploc.com\/blog\/#organization\"},\"potentialAction\":[{\"@type\":\"SearchAction\",\"target\":{\"@type\":\"EntryPoint\",\"urlTemplate\":\"https:\/\/toploc.com\/blog\/?s={search_term_string}\"},\"query-input\":{\"@type\":\"PropertyValueSpecification\",\"valueRequired\":true,\"valueName\":\"search_term_string\"}}],\"inLanguage\":\"fr-FR\"},{\"@type\":\"Organization\",\"@id\":\"https:\/\/toploc.com\/blog\/#organization\",\"name\":\"Toploc\",\"url\":\"https:\/\/toploc.com\/blog\/\",\"logo\":{\"@type\":\"ImageObject\",\"inLanguage\":\"fr-FR\",\"@id\":\"https:\/\/toploc.com\/blog\/#\/schema\/logo\/image\/\",\"url\":\"https:\/\/blog.toploc.com\/wp-content\/uploads\/2022\/03\/toploc_facebook_5.png\",\"contentUrl\":\"https:\/\/blog.toploc.com\/wp-content\/uploads\/2022\/03\/toploc_facebook_5.png\",\"width\":600,\"height\":600,\"caption\":\"Toploc\"},\"image\":{\"@id\":\"https:\/\/toploc.com\/blog\/#\/schema\/logo\/image\/\"},\"sameAs\":[\"https:\/\/www.facebook.com\/locationfrancophone\",\"https:\/\/www.instagram.com\/toploc_\",\"https:\/\/www.pinterest.fr\/Toploc_\/\"]},{\"@type\":\"Person\",\"@id\":\"https:\/\/toploc.com\/blog\/#\/schema\/person\/b66f845e3e2106301dee05e5bc776788\",\"name\":\"Julien\",\"image\":{\"@type\":\"ImageObject\",\"inLanguage\":\"fr-FR\",\"@id\":\"https:\/\/toploc.com\/blog\/#\/schema\/person\/image\/\",\"url\":\"https:\/\/secure.gravatar.com\/avatar\/642d3d11687b291bb0ade289db2c7d821a72910624f4eb86cab555b4c6a3ed15?s=96&d=mm&r=g\",\"contentUrl\":\"https:\/\/secure.gravatar.com\/avatar\/642d3d11687b291bb0ade289db2c7d821a72910624f4eb86cab555b4c6a3ed15?s=96&d=mm&r=g\",\"caption\":\"Julien\"},\"description\":\"Julien est un passionn\u00e9 de nature et de grands espaces. Guide de moyenne montagne en Andorre, il a partag\u00e9 ses r\u00e9cits de voyage pendant plusieurs ann\u00e9es. Aujourd'hui il est co-auteur de plusieurs articles pour Toploc.\",\"url\":\"https:\/\/toploc.com\/blog\/author\/julien\"}]}<\/script>\n<!-- \/ Yoast SEO plugin. -->","yoast_head_json":{"title":"5 destinations incontournables o\u00f9 l\u2019on peut parler en fran\u00e7ais","description":"D\u00e9couvrez sans plus attendre 5 magnifiques destinations dans le monde o\u00f9 vous pourrez parler en fran\u00e7ais avec la population...","robots":{"index":"index","follow":"follow","max-snippet":"max-snippet:-1","max-image-preview":"max-image-preview:large","max-video-preview":"max-video-preview:-1"},"canonical":"https:\/\/toploc.com\/blog\/europe\/parler-en-francais","og_locale":"fr_FR","og_type":"article","og_title":"5 destinations incontournables o\u00f9 l\u2019on peut parler en fran\u00e7ais","og_description":"D\u00e9couvrez sans plus attendre 5 magnifiques destinations dans le monde o\u00f9 vous pourrez parler en fran\u00e7ais avec la population...","og_url":"https:\/\/toploc.com\/blog\/europe\/parler-en-francais","og_site_name":"Toploc","article_publisher":"https:\/\/www.facebook.com\/locationfrancophone","article_published_time":"2024-06-23T11:28:54+00:00","article_modified_time":"2025-01-24T18:19:15+00:00","og_image":[{"width":639,"height":436,"url":"https:\/\/toploc.com\/blog\/wp-content\/uploads\/2016\/04\/Paysage-verdoyant-de-la-Nouvelle-Caledonie.jpg","type":"image\/jpeg"}],"author":"Julien","twitter_card":"summary_large_image","twitter_misc":{"\u00c9crit par":"Julien","Dur\u00e9e de lecture estim\u00e9e":"5 minutes"},"schema":{"@context":"https:\/\/schema.org","@graph":[{"@type":"Article","@id":"https:\/\/toploc.com\/blog\/europe\/parler-en-francais#article","isPartOf":{"@id":"https:\/\/toploc.com\/blog\/europe\/parler-en-francais"},"author":{"name":"Julien","@id":"https:\/\/toploc.com\/blog\/#\/schema\/person\/b66f845e3e2106301dee05e5bc776788"},"headline":"5 destinations incontournables o\u00f9 l\u2019on peut parler en fran\u00e7ais","datePublished":"2024-06-23T11:28:54+00:00","dateModified":"2025-01-24T18:19:15+00:00","mainEntityOfPage":{"@id":"https:\/\/toploc.com\/blog\/europe\/parler-en-francais"},"wordCount":651,"commentCount":2,"publisher":{"@id":"https:\/\/toploc.com\/blog\/#organization"},"image":{"@id":"https:\/\/toploc.com\/blog\/europe\/parler-en-francais#primaryimage"},"thumbnailUrl":"https:\/\/toploc.com\/blog\/wp-content\/uploads\/2016\/04\/Paysage-verdoyant-de-la-Nouvelle-Caledonie.jpg","articleSection":["Itin\u00e9raires Europe"],"inLanguage":"fr-FR","potentialAction":[{"@type":"CommentAction","name":"Comment","target":["https:\/\/toploc.com\/blog\/europe\/parler-en-francais#respond"]}]},{"@type":"WebPage","@id":"https:\/\/toploc.com\/blog\/europe\/parler-en-francais","url":"https:\/\/toploc.com\/blog\/europe\/parler-en-francais","name":"5 destinations incontournables o\u00f9 l\u2019on peut parler en fran\u00e7ais","isPartOf":{"@id":"https:\/\/toploc.com\/blog\/#website"},"primaryImageOfPage":{"@id":"https:\/\/toploc.com\/blog\/europe\/parler-en-francais#primaryimage"},"image":{"@id":"https:\/\/toploc.com\/blog\/europe\/parler-en-francais#primaryimage"},"thumbnailUrl":"https:\/\/toploc.com\/blog\/wp-content\/uploads\/2016\/04\/Paysage-verdoyant-de-la-Nouvelle-Caledonie.jpg","datePublished":"2024-06-23T11:28:54+00:00","dateModified":"2025-01-24T18:19:15+00:00","description":"D\u00e9couvrez sans plus attendre 5 magnifiques destinations dans le monde o\u00f9 vous pourrez parler en fran\u00e7ais avec la population...","breadcrumb":{"@id":"https:\/\/toploc.com\/blog\/europe\/parler-en-francais#breadcrumb"},"inLanguage":"fr-FR","potentialAction":[{"@type":"ReadAction","target":["https:\/\/toploc.com\/blog\/europe\/parler-en-francais"]}]},{"@type":"ImageObject","inLanguage":"fr-FR","@id":"https:\/\/toploc.com\/blog\/europe\/parler-en-francais#primaryimage","url":"https:\/\/toploc.com\/blog\/wp-content\/uploads\/2016\/04\/Paysage-verdoyant-de-la-Nouvelle-Caledonie.jpg","contentUrl":"https:\/\/toploc.com\/blog\/wp-content\/uploads\/2016\/04\/Paysage-verdoyant-de-la-Nouvelle-Caledonie.jpg","width":639,"height":436,"caption":"Paysage verdoyant de la Nouvelle-Cal\u00e9donie \u00a9 DR"},{"@type":"BreadcrumbList","@id":"https:\/\/toploc.com\/blog\/europe\/parler-en-francais#breadcrumb","itemListElement":[{"@type":"ListItem","position":1,"name":"Accueil","item":"https:\/\/toploc.com\/blog"},{"@type":"ListItem","position":2,"name":"5 destinations incontournables o\u00f9 l\u2019on peut parler en fran\u00e7ais"}]},{"@type":"WebSite","@id":"https:\/\/toploc.com\/blog\/#website","url":"https:\/\/toploc.com\/blog\/","name":"Toploc","description":"Itin\u00e9raires natures et locations de vacances en groupe","publisher":{"@id":"https:\/\/toploc.com\/blog\/#organization"},"potentialAction":[{"@type":"SearchAction","target":{"@type":"EntryPoint","urlTemplate":"https:\/\/toploc.com\/blog\/?s={search_term_string}"},"query-input":{"@type":"PropertyValueSpecification","valueRequired":true,"valueName":"search_term_string"}}],"inLanguage":"fr-FR"},{"@type":"Organization","@id":"https:\/\/toploc.com\/blog\/#organization","name":"Toploc","url":"https:\/\/toploc.com\/blog\/","logo":{"@type":"ImageObject","inLanguage":"fr-FR","@id":"https:\/\/toploc.com\/blog\/#\/schema\/logo\/image\/","url":"https:\/\/blog.toploc.com\/wp-content\/uploads\/2022\/03\/toploc_facebook_5.png","contentUrl":"https:\/\/blog.toploc.com\/wp-content\/uploads\/2022\/03\/toploc_facebook_5.png","width":600,"height":600,"caption":"Toploc"},"image":{"@id":"https:\/\/toploc.com\/blog\/#\/schema\/logo\/image\/"},"sameAs":["https:\/\/www.facebook.com\/locationfrancophone","https:\/\/www.instagram.com\/toploc_","https:\/\/www.pinterest.fr\/Toploc_\/"]},{"@type":"Person","@id":"https:\/\/toploc.com\/blog\/#\/schema\/person\/b66f845e3e2106301dee05e5bc776788","name":"Julien","image":{"@type":"ImageObject","inLanguage":"fr-FR","@id":"https:\/\/toploc.com\/blog\/#\/schema\/person\/image\/","url":"https:\/\/secure.gravatar.com\/avatar\/642d3d11687b291bb0ade289db2c7d821a72910624f4eb86cab555b4c6a3ed15?s=96&d=mm&r=g","contentUrl":"https:\/\/secure.gravatar.com\/avatar\/642d3d11687b291bb0ade289db2c7d821a72910624f4eb86cab555b4c6a3ed15?s=96&d=mm&r=g","caption":"Julien"},"description":"Julien est un passionn\u00e9 de nature et de grands espaces. Guide de moyenne montagne en Andorre, il a partag\u00e9 ses r\u00e9cits de voyage pendant plusieurs ann\u00e9es. Aujourd'hui il est co-auteur de plusieurs articles pour Toploc.","url":"https:\/\/toploc.com\/blog\/author\/julien"}]}},"_links":{"self":[{"href":"https:\/\/toploc.com\/blog\/wp-json\/wp\/v2\/posts\/8929","targetHints":{"allow":["GET"]}}],"collection":[{"href":"https:\/\/toploc.com\/blog\/wp-json\/wp\/v2\/posts"}],"about":[{"href":"https:\/\/toploc.com\/blog\/wp-json\/wp\/v2\/types\/post"}],"author":[{"embeddable":true,"href":"https:\/\/toploc.com\/blog\/wp-json\/wp\/v2\/users\/3"}],"replies":[{"embeddable":true,"href":"https:\/\/toploc.com\/blog\/wp-json\/wp\/v2\/comments?post=8929"}],"version-history":[{"count":4,"href":"https:\/\/toploc.com\/blog\/wp-json\/wp\/v2\/posts\/8929\/revisions"}],"predecessor-version":[{"id":138473,"href":"https:\/\/toploc.com\/blog\/wp-json\/wp\/v2\/posts\/8929\/revisions\/138473"}],"wp:featuredmedia":[{"embeddable":true,"href":"https:\/\/toploc.com\/blog\/wp-json\/wp\/v2\/media\/5446"}],"wp:attachment":[{"href":"https:\/\/toploc.com\/blog\/wp-json\/wp\/v2\/media?parent=8929"}],"wp:term":[{"taxonomy":"category","embeddable":true,"href":"https:\/\/toploc.com\/blog\/wp-json\/wp\/v2\/categories?post=8929"},{"taxonomy":"post_tag","embeddable":true,"href":"https:\/\/toploc.com\/blog\/wp-json\/wp\/v2\/tags?post=8929"}],"curies":[{"name":"wp","href":"https:\/\/api.w.org\/{rel}","templated":true}]}}