{"id":87989,"date":"2023-06-20T08:00:00","date_gmt":"2023-06-20T06:00:00","guid":{"rendered":"https:\/\/www.location-francophone.com\/?p=87989"},"modified":"2023-12-05T14:24:34","modified_gmt":"2023-12-05T13:24:34","slug":"voyage-a-velo","status":"publish","type":"post","link":"https:\/\/toploc.com\/blog\/europe\/voyage-a-velo","title":{"rendered":"Nos 5 id\u00e9es de destinations voyage \u00e0 v\u00e9lo en Europe"},"content":{"rendered":"\n<p>Si comme beaucoup, prendre votre v\u00e9lo est une habitude, il se peut que celui-ci vous manque lors de vos vacances pour un voyage \u00e0 v\u00e9lo ! Pourquoi ne pas l\u2019emmener avec vous ou en louer un sur place afin de parcourir votre destination en dehors des sentiers battus ? <span style=\"color: #0071af;\"><mark style=\"background-color:rgba(0, 0, 0, 0)\" class=\"has-inline-color has-black-color\">D\u00e9couvrez dans cet article 5 id\u00e9es de destinations pour un voyage \u00e0 v\u00e9lo r\u00e9ussi en Europe.<\/mark><\/span><\/p>\n\n\n\n<p>A lire : <a href=\"https:\/\/blog.toploc.com\/blog\/voyageurs\/voyage-en-train\">Nos 10 conseils pratiques pour voyager en train<\/a><\/p>\n\n\n\n<h2 id=\"5-idees-de-voyage-a-velo-en-europe\" class=\"wp-block-heading\"><strong>5 id\u00e9es de voyage \u00e0 v\u00e9lo en Europe&nbsp;<\/strong><\/h2>\n\n\n<div class=\"wp-block-image\">\n<figure class=\"aligncenter\"><a href=\"https:\/\/blog.toploc.com\/wp-content\/uploads\/2019\/10\/Offrez-vous-un-voyage-a-velo-lors-de-vos-prochaines-vacances.jpg\"><img loading=\"lazy\" decoding=\"async\" width=\"700\" height=\"452\" src=\"https:\/\/blog.toploc.com\/wp-content\/uploads\/2019\/10\/Offrez-vous-un-voyage-a-velo-lors-de-vos-prochaines-vacances.jpg\" alt=\"Offrez-vous un voyage \u00e0 v\u00e9lo lors de vos prochaines vacances\" class=\"wp-image-88007\"\/><\/a><figcaption class=\"wp-element-caption\"><small>Offrez-vous un voyage \u00e0 v\u00e9lo lors de vos prochaines vacances<\/small><\/figcaption><\/figure>\n<\/div>\n\n\n<p>Si vous d\u00e9sirez conjuguer tourisme et cyclisme, <strong>l\u2019Europe est une destination id\u00e9ale. <\/strong>En effet, il existe une multitude de lieux mettant \u00e0 votre disposition de petites routes ou chemins. Que ce soit en France, en Espagne ou bien encore en Italie, vous ne manquerez pas de trouver votre bonheur. Voici nos 5 id\u00e9es de voyage \u00e0 v\u00e9lo en Europe&#8230;<\/p>\n\n\n\n<h2 id=\"1-la-vallee-de-la-loire-en-france-900km-ditineraires\" class=\"wp-block-heading\"><strong>1 &#8211; La vall\u00e9e de la Loire en France, 900km d&#8217;itin\u00e9raires<\/strong><\/h2>\n\n\n<div class=\"wp-block-image\">\n<figure class=\"aligncenter\"><a href=\"https:\/\/blog.toploc.com\/wp-content\/uploads\/2019\/10\/Profitez-des-temperatures-clementes-de-lAndalousie-pour-vous-adonner-au-cyclotourisme.jpg\"><img loading=\"lazy\" decoding=\"async\" width=\"700\" height=\"452\" src=\"https:\/\/blog.toploc.com\/wp-content\/uploads\/2019\/10\/Profitez-des-temperatures-clementes-de-lAndalousie-pour-vous-adonner-au-cyclotourisme.jpg\" alt=\"Profitez des temp\u00e9ratures cl\u00e9mentes de l'Andalousie pour vous adonner au cyclotourisme\" class=\"wp-image-88008\"\/><\/a><figcaption class=\"wp-element-caption\"><small>Profitez des temp\u00e9ratures cl\u00e9mentes de l&#8217;Andalousie pour vous adonner au cyclotourisme<\/small><\/figcaption><\/figure>\n<\/div>\n\n\n<p>Si vous aimez profiter de visite historique, viticole ou tout simplement naturelle, la vall\u00e9e de la Loire est id\u00e9ale pour un voyage \u00e0 v\u00e9lo. Avec pr\u00e8s de <strong>900 kilom\u00e8tres d\u2019itin\u00e9raires,<\/strong> vous ne manquerez pas de traverser des paysages de r\u00eave.<\/p>\n\n\n\n<p>Partez \u00e0 la d\u00e9couverte des ch\u00e2teaux de la Loire pendant la journ\u00e9e. Le soir venu, offrez-vous une halte dans un domaine viticole pour vous relaxer, un verre de vin \u00e0 la main. Bien s\u00fbr, il existe de nombreuses autres <strong>destinations \u00e0 d\u00e9couvrir en France <\/strong>que ce soit \u00e0 v\u00e9lo ou \u00e0 pied!<\/p>\n\n\n\n<h2 id=\"2-decouverte-de-landalousie-pendant-votre-escapade-en-espagne\" class=\"wp-block-heading\"><strong>2 &#8211; D\u00e9couverte de l\u2019Andalousie pendant votre escapade en Espagne&nbsp;<\/strong><\/h2>\n\n\n\n<p>Si pendant l\u2019hiver, il est difficile de vous offrir une escapade en v\u00e9lo dans votre r\u00e9gion, certains lieux sont recommand\u00e9s pendant cette saison. Prenez la route jusqu\u2019au sud de l\u2019Espagne et d\u00e9posez vos valises <strong>en Andalousie.<\/strong><\/p>\n\n\n\n<p>Profitez de ses temp\u00e9ratures cl\u00e9mentes pour vous offrir un voyage \u00e0 v\u00e9lo sur plusieurs jours.&nbsp;Sur place, vous avez de nombreux choix d\u2019itin\u00e9raires.<\/p>\n\n\n\n<p>Que vous aimiez la campagne, le bord de mer ou bien la montagne, vous n\u2019aurez aucun mal \u00e0 trouver votre bonheur.<\/p>\n\n\n\n<p>Pour ceux qui souhaitent une immersion totale, offrez-vous une randonn\u00e9e \u00e0 v\u00e9lo dans la Sierra Nevada !<\/p>\n\n\n\n<h2 id=\"3-le-lac-de-garde-une-destination-ideale-pour-un-voyage-a-velo-en-italie\" class=\"wp-block-heading\"><strong>3 &#8211; Le Lac de Garde, une destination id\u00e9ale pour un voyage \u00e0 v\u00e9lo en Italie<\/strong><\/h2>\n\n\n<div class=\"wp-block-image\">\n<figure class=\"aligncenter\"><a href=\"https:\/\/blog.toploc.com\/wp-content\/uploads\/2019\/10\/Partez-a-la-decouverte-du-lac-de-Garde-lors-de-votre-escapade-en-velo-en-Italie.jpg\"><img loading=\"lazy\" decoding=\"async\" width=\"700\" height=\"452\" src=\"https:\/\/blog.toploc.com\/wp-content\/uploads\/2019\/10\/Partez-a-la-decouverte-du-lac-de-Garde-lors-de-votre-escapade-en-velo-en-Italie.jpg\" alt=\"Partez \u00e0 la d\u00e9couverte du lac de Garde lors de votre escapade en v\u00e9lo en Italie\" class=\"wp-image-88011\"\/><\/a><figcaption class=\"wp-element-caption\"><small>Partez \u00e0 la d\u00e9couverte du lac de Garde lors de votre escapade en v\u00e9lo en Italie<\/small><\/figcaption><\/figure>\n<\/div>\n\n\n<p>Si vous aimez la montagne, les eaux cristallines et les paysages de r\u00eave, vous \u00eates au bon endroit. Pour d\u00e9couvrir, de la meilleure des fa\u00e7ons, l<strong>e plus grand lac d\u2019Italie<\/strong> privil\u00e9giez la basse saison. En effet, pendant la haute saison, cette destination est tr\u00e8s populaire.<\/p>\n\n\n\n<p>Les routes sont en bon \u00e9tat et vous offrent de magnifiques points de vue. Ainsi, si vous aimez partir \u00e0 l\u2019aventure, offrez-vous une escapade sur les nombreux chemins situ\u00e9s \u00e0 flanc de montagne et accessible uniquement \u00e0 pied ou en VTT. Vous profiterez ainsi du calme et des paysages magnifiques des <strong>Alpes italiennes<\/strong>.<\/p>\n\n\n\n<h2 id=\"4-direction-la-croatie-pour-decouvrir-la-cote-de-dalmatie\" class=\"wp-block-heading\"><strong>4 &#8211; Direction la Croatie pour d\u00e9couvrir la C\u00f4te de Dalmatie&nbsp;<\/strong><\/h2>\n\n\n\n<p>Si vous souhaitez profiter d\u2019un voyage \u00e0 v\u00e9lo dans le calme, la c\u00f4te dalmate est un endroit id\u00e9al. Offrez-vous une balade au bord des eaux cristallines de la mer adriatique et profitez de moment de baignade pour vous rafra\u00eechir. Si vous optez pour un <strong>s\u00e9jour en Croatie<\/strong> en haute saison, la route qui longe la c\u00f4te est \u00e9videmment remplie de touristes. Cependant, en vous \u00e9loignant de celle-ci, il est facile de rouler en toute qui\u00e9tude.<\/p>\n\n\n\n<h2 id=\"5-voyage-a-velo-en-irlande-et-decouvrez-le-connemara\" class=\"wp-block-heading\"><strong>5 &#8211; Voyage \u00e0 v\u00e9lo en Irlande et d\u00e9couvrez le Connemara<\/strong><\/h2>\n\n\n<div class=\"wp-block-image\">\n<figure class=\"aligncenter\"><a href=\"https:\/\/blog.toploc.com\/wp-content\/uploads\/2019\/10\/Decouverte-des-magnifiques-paysages-de-lIrlande-lors-de-votre-sejour-en-velo.jpg\"><img loading=\"lazy\" decoding=\"async\" width=\"700\" height=\"452\" src=\"https:\/\/blog.toploc.com\/wp-content\/uploads\/2019\/10\/Decouverte-des-magnifiques-paysages-de-lIrlande-lors-de-votre-sejour-en-velo.jpg\" alt=\"D\u00e9couverte des magnifiques paysages de l'Irlande lors de votre s\u00e9jour en v\u00e9lo\" class=\"wp-image-88009\"\/><\/a><figcaption class=\"wp-element-caption\"><small>D\u00e9couverte des magnifiques paysages de l&#8217;Irlande lors de votre s\u00e9jour en v\u00e9lo<\/small><\/figcaption><\/figure>\n<\/div>\n\n\n<p>C\u00e9l\u00e8bre pour ces paysages, l\u2019Irlande est une destination parfaite pour pratiquer le v\u00e9lo sur route mais aussi le VTT. Dirigez-vous vers <strong>le Connemara<\/strong> et d\u00e9couvrez des paysages \u00e0 couper le souffle. Traversez les nombreux villages de p\u00eacheurs et enfoncez-vous au milieu de vall\u00e9es vides de monde. Vous \u00eates au c\u0153ur de la nature, alors, profitez en pour vous ressourcer lors de votre <strong>voyage pas cher en Irlande. <\/strong><\/p>\n\n\n\n<p>Vous pouvez \u00e9galement longer les c\u00f4tes et vous offrir de magnifiques panoramas sur l\u2019Atlantique. Bien s\u00fbr, le mieux est d\u2019avoir du temps afin de parcourir la c\u00f4te irlandaise mais \u00e9galement les terres recul\u00e9es et hostiles de cette destination magique.<\/p>\n\n\n\n<p>Julien pour <a href=\"https:\/\/toploc.com\">Toploc<\/a><\/p>\n","protected":false},"excerpt":{"rendered":"Si comme beaucoup, prendre votre v\u00e9lo est une habitude, il se peut que celui-ci vous manque lors de&hellip;\n","protected":false},"author":3,"featured_media":88007,"comment_status":"open","ping_status":"closed","sticky":false,"template":"","format":"standard","meta":{"footnotes":""},"categories":[5],"tags":[5392,5393,1111,5394,5395,5396],"class_list":{"0":"post-87989","1":"post","2":"type-post","3":"status-publish","4":"format-standard","5":"has-post-thumbnail","7":"category-europe","8":"tag-bikepacking","9":"tag-cyclotourisme","10":"tag-randonnee-a-velo","11":"tag-tourisme-a-velo","12":"tag-voyage-en-europe-a-velo","13":"tag-voyager-a-velo"},"yoast_head":"<!-- This site is optimized with the Yoast SEO plugin v26.9 - https:\/\/yoast.com\/product\/yoast-seo-wordpress\/ -->\n<title>Nos 5 id\u00e9es de destinations voyage \u00e0 v\u00e9lo en Europe<\/title>\n<meta name=\"description\" content=\"D\u00e9couvrez dans cet article 5 id\u00e9es de destinations pour un voyage \u00e0 v\u00e9lo r\u00e9ussi en Europe : Italie . Espagne . France . Croatie . Irlande\" \/>\n<meta name=\"robots\" content=\"index, follow, max-snippet:-1, max-image-preview:large, max-video-preview:-1\" \/>\n<link rel=\"canonical\" href=\"https:\/\/toploc.com\/blog\/europe\/voyage-a-velo\" \/>\n<meta property=\"og:locale\" content=\"fr_FR\" \/>\n<meta property=\"og:type\" content=\"article\" \/>\n<meta property=\"og:title\" content=\"Nos 5 id\u00e9es de destinations voyage \u00e0 v\u00e9lo en Europe\" \/>\n<meta property=\"og:description\" content=\"D\u00e9couvrez dans cet article 5 id\u00e9es de destinations pour un voyage \u00e0 v\u00e9lo r\u00e9ussi en Europe : Italie . Espagne . France . Croatie . Irlande\" \/>\n<meta property=\"og:url\" content=\"https:\/\/toploc.com\/blog\/europe\/voyage-a-velo\" \/>\n<meta property=\"og:site_name\" content=\"Toploc\" \/>\n<meta property=\"article:publisher\" content=\"https:\/\/www.facebook.com\/locationfrancophone\" \/>\n<meta property=\"article:published_time\" content=\"2023-06-20T06:00:00+00:00\" \/>\n<meta property=\"article:modified_time\" content=\"2023-12-05T13:24:34+00:00\" \/>\n<meta property=\"og:image\" content=\"https:\/\/toploc.com\/blog\/wp-content\/uploads\/2019\/10\/Offrez-vous-un-voyage-a-velo-lors-de-vos-prochaines-vacances.jpg\" \/>\n\t<meta property=\"og:image:width\" content=\"700\" \/>\n\t<meta property=\"og:image:height\" content=\"452\" \/>\n\t<meta property=\"og:image:type\" content=\"image\/jpeg\" \/>\n<meta name=\"author\" content=\"Julien\" \/>\n<meta name=\"twitter:card\" content=\"summary_large_image\" \/>\n<meta name=\"twitter:label1\" content=\"\u00c9crit par\" \/>\n\t<meta name=\"twitter:data1\" content=\"Julien\" \/>\n\t<meta name=\"twitter:label2\" content=\"Dur\u00e9e de lecture estim\u00e9e\" \/>\n\t<meta name=\"twitter:data2\" content=\"5 minutes\" \/>\n<script type=\"application\/ld+json\" class=\"yoast-schema-graph\">{\"@context\":\"https:\/\/schema.org\",\"@graph\":[{\"@type\":\"Article\",\"@id\":\"https:\/\/toploc.com\/blog\/europe\/voyage-a-velo#article\",\"isPartOf\":{\"@id\":\"https:\/\/toploc.com\/blog\/europe\/voyage-a-velo\"},\"author\":{\"name\":\"Julien\",\"@id\":\"https:\/\/toploc.com\/blog\/#\/schema\/person\/b66f845e3e2106301dee05e5bc776788\"},\"headline\":\"Nos 5 id\u00e9es de destinations voyage \u00e0 v\u00e9lo en Europe\",\"datePublished\":\"2023-06-20T06:00:00+00:00\",\"dateModified\":\"2023-12-05T13:24:34+00:00\",\"mainEntityOfPage\":{\"@id\":\"https:\/\/toploc.com\/blog\/europe\/voyage-a-velo\"},\"wordCount\":793,\"commentCount\":0,\"publisher\":{\"@id\":\"https:\/\/toploc.com\/blog\/#organization\"},\"image\":{\"@id\":\"https:\/\/toploc.com\/blog\/europe\/voyage-a-velo#primaryimage\"},\"thumbnailUrl\":\"https:\/\/toploc.com\/blog\/wp-content\/uploads\/2019\/10\/Offrez-vous-un-voyage-a-velo-lors-de-vos-prochaines-vacances.jpg\",\"keywords\":[\"bikepacking\",\"cyclotourisme\",\"randonn\u00e9e \u00e0 v\u00e9lo\",\"tourisme \u00e0 v\u00e9lo\",\"voyage en Europe \u00e0 v\u00e9lo\",\"voyager \u00e0 v\u00e9lo\"],\"articleSection\":[\"Itin\u00e9raires Europe\"],\"inLanguage\":\"fr-FR\",\"potentialAction\":[{\"@type\":\"CommentAction\",\"name\":\"Comment\",\"target\":[\"https:\/\/toploc.com\/blog\/europe\/voyage-a-velo#respond\"]}]},{\"@type\":\"WebPage\",\"@id\":\"https:\/\/toploc.com\/blog\/europe\/voyage-a-velo\",\"url\":\"https:\/\/toploc.com\/blog\/europe\/voyage-a-velo\",\"name\":\"Nos 5 id\u00e9es de destinations voyage \u00e0 v\u00e9lo en Europe\",\"isPartOf\":{\"@id\":\"https:\/\/toploc.com\/blog\/#website\"},\"primaryImageOfPage\":{\"@id\":\"https:\/\/toploc.com\/blog\/europe\/voyage-a-velo#primaryimage\"},\"image\":{\"@id\":\"https:\/\/toploc.com\/blog\/europe\/voyage-a-velo#primaryimage\"},\"thumbnailUrl\":\"https:\/\/toploc.com\/blog\/wp-content\/uploads\/2019\/10\/Offrez-vous-un-voyage-a-velo-lors-de-vos-prochaines-vacances.jpg\",\"datePublished\":\"2023-06-20T06:00:00+00:00\",\"dateModified\":\"2023-12-05T13:24:34+00:00\",\"description\":\"D\u00e9couvrez dans cet article 5 id\u00e9es de destinations pour un voyage \u00e0 v\u00e9lo r\u00e9ussi en Europe : Italie . Espagne . France . Croatie . Irlande\",\"breadcrumb\":{\"@id\":\"https:\/\/toploc.com\/blog\/europe\/voyage-a-velo#breadcrumb\"},\"inLanguage\":\"fr-FR\",\"potentialAction\":[{\"@type\":\"ReadAction\",\"target\":[\"https:\/\/toploc.com\/blog\/europe\/voyage-a-velo\"]}]},{\"@type\":\"ImageObject\",\"inLanguage\":\"fr-FR\",\"@id\":\"https:\/\/toploc.com\/blog\/europe\/voyage-a-velo#primaryimage\",\"url\":\"https:\/\/toploc.com\/blog\/wp-content\/uploads\/2019\/10\/Offrez-vous-un-voyage-a-velo-lors-de-vos-prochaines-vacances.jpg\",\"contentUrl\":\"https:\/\/toploc.com\/blog\/wp-content\/uploads\/2019\/10\/Offrez-vous-un-voyage-a-velo-lors-de-vos-prochaines-vacances.jpg\",\"width\":700,\"height\":452,\"caption\":\"Offrez-vous un voyage \u00e0 v\u00e9lo lors de vos prochaines vacances\"},{\"@type\":\"BreadcrumbList\",\"@id\":\"https:\/\/toploc.com\/blog\/europe\/voyage-a-velo#breadcrumb\",\"itemListElement\":[{\"@type\":\"ListItem\",\"position\":1,\"name\":\"Accueil\",\"item\":\"https:\/\/toploc.com\/blog\"},{\"@type\":\"ListItem\",\"position\":2,\"name\":\"Nos 5 id\u00e9es de destinations voyage \u00e0 v\u00e9lo en Europe\"}]},{\"@type\":\"WebSite\",\"@id\":\"https:\/\/toploc.com\/blog\/#website\",\"url\":\"https:\/\/toploc.com\/blog\/\",\"name\":\"Toploc\",\"description\":\"Itin\u00e9raires natures et locations de vacances en groupe\",\"publisher\":{\"@id\":\"https:\/\/toploc.com\/blog\/#organization\"},\"potentialAction\":[{\"@type\":\"SearchAction\",\"target\":{\"@type\":\"EntryPoint\",\"urlTemplate\":\"https:\/\/toploc.com\/blog\/?s={search_term_string}\"},\"query-input\":{\"@type\":\"PropertyValueSpecification\",\"valueRequired\":true,\"valueName\":\"search_term_string\"}}],\"inLanguage\":\"fr-FR\"},{\"@type\":\"Organization\",\"@id\":\"https:\/\/toploc.com\/blog\/#organization\",\"name\":\"Toploc\",\"url\":\"https:\/\/toploc.com\/blog\/\",\"logo\":{\"@type\":\"ImageObject\",\"inLanguage\":\"fr-FR\",\"@id\":\"https:\/\/toploc.com\/blog\/#\/schema\/logo\/image\/\",\"url\":\"https:\/\/blog.toploc.com\/wp-content\/uploads\/2022\/03\/toploc_facebook_5.png\",\"contentUrl\":\"https:\/\/blog.toploc.com\/wp-content\/uploads\/2022\/03\/toploc_facebook_5.png\",\"width\":600,\"height\":600,\"caption\":\"Toploc\"},\"image\":{\"@id\":\"https:\/\/toploc.com\/blog\/#\/schema\/logo\/image\/\"},\"sameAs\":[\"https:\/\/www.facebook.com\/locationfrancophone\",\"https:\/\/www.instagram.com\/toploc_\",\"https:\/\/www.pinterest.fr\/Toploc_\/\"]},{\"@type\":\"Person\",\"@id\":\"https:\/\/toploc.com\/blog\/#\/schema\/person\/b66f845e3e2106301dee05e5bc776788\",\"name\":\"Julien\",\"image\":{\"@type\":\"ImageObject\",\"inLanguage\":\"fr-FR\",\"@id\":\"https:\/\/toploc.com\/blog\/#\/schema\/person\/image\/\",\"url\":\"https:\/\/secure.gravatar.com\/avatar\/642d3d11687b291bb0ade289db2c7d821a72910624f4eb86cab555b4c6a3ed15?s=96&d=mm&r=g\",\"contentUrl\":\"https:\/\/secure.gravatar.com\/avatar\/642d3d11687b291bb0ade289db2c7d821a72910624f4eb86cab555b4c6a3ed15?s=96&d=mm&r=g\",\"caption\":\"Julien\"},\"description\":\"Julien est un passionn\u00e9 de nature et de grands espaces. Guide de moyenne montagne en Andorre, il a partag\u00e9 ses r\u00e9cits de voyage pendant plusieurs ann\u00e9es. Aujourd'hui il est co-auteur de plusieurs articles pour Toploc.\",\"url\":\"https:\/\/toploc.com\/blog\/author\/julien\"}]}<\/script>\n<!-- \/ Yoast SEO plugin. -->","yoast_head_json":{"title":"Nos 5 id\u00e9es de destinations voyage \u00e0 v\u00e9lo en Europe","description":"D\u00e9couvrez dans cet article 5 id\u00e9es de destinations pour un voyage \u00e0 v\u00e9lo r\u00e9ussi en Europe : Italie . Espagne . France . Croatie . Irlande","robots":{"index":"index","follow":"follow","max-snippet":"max-snippet:-1","max-image-preview":"max-image-preview:large","max-video-preview":"max-video-preview:-1"},"canonical":"https:\/\/toploc.com\/blog\/europe\/voyage-a-velo","og_locale":"fr_FR","og_type":"article","og_title":"Nos 5 id\u00e9es de destinations voyage \u00e0 v\u00e9lo en Europe","og_description":"D\u00e9couvrez dans cet article 5 id\u00e9es de destinations pour un voyage \u00e0 v\u00e9lo r\u00e9ussi en Europe : Italie . Espagne . France . Croatie . Irlande","og_url":"https:\/\/toploc.com\/blog\/europe\/voyage-a-velo","og_site_name":"Toploc","article_publisher":"https:\/\/www.facebook.com\/locationfrancophone","article_published_time":"2023-06-20T06:00:00+00:00","article_modified_time":"2023-12-05T13:24:34+00:00","og_image":[{"width":700,"height":452,"url":"https:\/\/toploc.com\/blog\/wp-content\/uploads\/2019\/10\/Offrez-vous-un-voyage-a-velo-lors-de-vos-prochaines-vacances.jpg","type":"image\/jpeg"}],"author":"Julien","twitter_card":"summary_large_image","twitter_misc":{"\u00c9crit par":"Julien","Dur\u00e9e de lecture estim\u00e9e":"5 minutes"},"schema":{"@context":"https:\/\/schema.org","@graph":[{"@type":"Article","@id":"https:\/\/toploc.com\/blog\/europe\/voyage-a-velo#article","isPartOf":{"@id":"https:\/\/toploc.com\/blog\/europe\/voyage-a-velo"},"author":{"name":"Julien","@id":"https:\/\/toploc.com\/blog\/#\/schema\/person\/b66f845e3e2106301dee05e5bc776788"},"headline":"Nos 5 id\u00e9es de destinations voyage \u00e0 v\u00e9lo en Europe","datePublished":"2023-06-20T06:00:00+00:00","dateModified":"2023-12-05T13:24:34+00:00","mainEntityOfPage":{"@id":"https:\/\/toploc.com\/blog\/europe\/voyage-a-velo"},"wordCount":793,"commentCount":0,"publisher":{"@id":"https:\/\/toploc.com\/blog\/#organization"},"image":{"@id":"https:\/\/toploc.com\/blog\/europe\/voyage-a-velo#primaryimage"},"thumbnailUrl":"https:\/\/toploc.com\/blog\/wp-content\/uploads\/2019\/10\/Offrez-vous-un-voyage-a-velo-lors-de-vos-prochaines-vacances.jpg","keywords":["bikepacking","cyclotourisme","randonn\u00e9e \u00e0 v\u00e9lo","tourisme \u00e0 v\u00e9lo","voyage en Europe \u00e0 v\u00e9lo","voyager \u00e0 v\u00e9lo"],"articleSection":["Itin\u00e9raires Europe"],"inLanguage":"fr-FR","potentialAction":[{"@type":"CommentAction","name":"Comment","target":["https:\/\/toploc.com\/blog\/europe\/voyage-a-velo#respond"]}]},{"@type":"WebPage","@id":"https:\/\/toploc.com\/blog\/europe\/voyage-a-velo","url":"https:\/\/toploc.com\/blog\/europe\/voyage-a-velo","name":"Nos 5 id\u00e9es de destinations voyage \u00e0 v\u00e9lo en Europe","isPartOf":{"@id":"https:\/\/toploc.com\/blog\/#website"},"primaryImageOfPage":{"@id":"https:\/\/toploc.com\/blog\/europe\/voyage-a-velo#primaryimage"},"image":{"@id":"https:\/\/toploc.com\/blog\/europe\/voyage-a-velo#primaryimage"},"thumbnailUrl":"https:\/\/toploc.com\/blog\/wp-content\/uploads\/2019\/10\/Offrez-vous-un-voyage-a-velo-lors-de-vos-prochaines-vacances.jpg","datePublished":"2023-06-20T06:00:00+00:00","dateModified":"2023-12-05T13:24:34+00:00","description":"D\u00e9couvrez dans cet article 5 id\u00e9es de destinations pour un voyage \u00e0 v\u00e9lo r\u00e9ussi en Europe : Italie . Espagne . France . Croatie . Irlande","breadcrumb":{"@id":"https:\/\/toploc.com\/blog\/europe\/voyage-a-velo#breadcrumb"},"inLanguage":"fr-FR","potentialAction":[{"@type":"ReadAction","target":["https:\/\/toploc.com\/blog\/europe\/voyage-a-velo"]}]},{"@type":"ImageObject","inLanguage":"fr-FR","@id":"https:\/\/toploc.com\/blog\/europe\/voyage-a-velo#primaryimage","url":"https:\/\/toploc.com\/blog\/wp-content\/uploads\/2019\/10\/Offrez-vous-un-voyage-a-velo-lors-de-vos-prochaines-vacances.jpg","contentUrl":"https:\/\/toploc.com\/blog\/wp-content\/uploads\/2019\/10\/Offrez-vous-un-voyage-a-velo-lors-de-vos-prochaines-vacances.jpg","width":700,"height":452,"caption":"Offrez-vous un voyage \u00e0 v\u00e9lo lors de vos prochaines vacances"},{"@type":"BreadcrumbList","@id":"https:\/\/toploc.com\/blog\/europe\/voyage-a-velo#breadcrumb","itemListElement":[{"@type":"ListItem","position":1,"name":"Accueil","item":"https:\/\/toploc.com\/blog"},{"@type":"ListItem","position":2,"name":"Nos 5 id\u00e9es de destinations voyage \u00e0 v\u00e9lo en Europe"}]},{"@type":"WebSite","@id":"https:\/\/toploc.com\/blog\/#website","url":"https:\/\/toploc.com\/blog\/","name":"Toploc","description":"Itin\u00e9raires natures et locations de vacances en groupe","publisher":{"@id":"https:\/\/toploc.com\/blog\/#organization"},"potentialAction":[{"@type":"SearchAction","target":{"@type":"EntryPoint","urlTemplate":"https:\/\/toploc.com\/blog\/?s={search_term_string}"},"query-input":{"@type":"PropertyValueSpecification","valueRequired":true,"valueName":"search_term_string"}}],"inLanguage":"fr-FR"},{"@type":"Organization","@id":"https:\/\/toploc.com\/blog\/#organization","name":"Toploc","url":"https:\/\/toploc.com\/blog\/","logo":{"@type":"ImageObject","inLanguage":"fr-FR","@id":"https:\/\/toploc.com\/blog\/#\/schema\/logo\/image\/","url":"https:\/\/blog.toploc.com\/wp-content\/uploads\/2022\/03\/toploc_facebook_5.png","contentUrl":"https:\/\/blog.toploc.com\/wp-content\/uploads\/2022\/03\/toploc_facebook_5.png","width":600,"height":600,"caption":"Toploc"},"image":{"@id":"https:\/\/toploc.com\/blog\/#\/schema\/logo\/image\/"},"sameAs":["https:\/\/www.facebook.com\/locationfrancophone","https:\/\/www.instagram.com\/toploc_","https:\/\/www.pinterest.fr\/Toploc_\/"]},{"@type":"Person","@id":"https:\/\/toploc.com\/blog\/#\/schema\/person\/b66f845e3e2106301dee05e5bc776788","name":"Julien","image":{"@type":"ImageObject","inLanguage":"fr-FR","@id":"https:\/\/toploc.com\/blog\/#\/schema\/person\/image\/","url":"https:\/\/secure.gravatar.com\/avatar\/642d3d11687b291bb0ade289db2c7d821a72910624f4eb86cab555b4c6a3ed15?s=96&d=mm&r=g","contentUrl":"https:\/\/secure.gravatar.com\/avatar\/642d3d11687b291bb0ade289db2c7d821a72910624f4eb86cab555b4c6a3ed15?s=96&d=mm&r=g","caption":"Julien"},"description":"Julien est un passionn\u00e9 de nature et de grands espaces. Guide de moyenne montagne en Andorre, il a partag\u00e9 ses r\u00e9cits de voyage pendant plusieurs ann\u00e9es. Aujourd'hui il est co-auteur de plusieurs articles pour Toploc.","url":"https:\/\/toploc.com\/blog\/author\/julien"}]}},"_links":{"self":[{"href":"https:\/\/toploc.com\/blog\/wp-json\/wp\/v2\/posts\/87989","targetHints":{"allow":["GET"]}}],"collection":[{"href":"https:\/\/toploc.com\/blog\/wp-json\/wp\/v2\/posts"}],"about":[{"href":"https:\/\/toploc.com\/blog\/wp-json\/wp\/v2\/types\/post"}],"author":[{"embeddable":true,"href":"https:\/\/toploc.com\/blog\/wp-json\/wp\/v2\/users\/3"}],"replies":[{"embeddable":true,"href":"https:\/\/toploc.com\/blog\/wp-json\/wp\/v2\/comments?post=87989"}],"version-history":[{"count":1,"href":"https:\/\/toploc.com\/blog\/wp-json\/wp\/v2\/posts\/87989\/revisions"}],"predecessor-version":[{"id":136813,"href":"https:\/\/toploc.com\/blog\/wp-json\/wp\/v2\/posts\/87989\/revisions\/136813"}],"wp:featuredmedia":[{"embeddable":true,"href":"https:\/\/toploc.com\/blog\/wp-json\/wp\/v2\/media\/88007"}],"wp:attachment":[{"href":"https:\/\/toploc.com\/blog\/wp-json\/wp\/v2\/media?parent=87989"}],"wp:term":[{"taxonomy":"category","embeddable":true,"href":"https:\/\/toploc.com\/blog\/wp-json\/wp\/v2\/categories?post=87989"},{"taxonomy":"post_tag","embeddable":true,"href":"https:\/\/toploc.com\/blog\/wp-json\/wp\/v2\/tags?post=87989"}],"curies":[{"name":"wp","href":"https:\/\/api.w.org\/{rel}","templated":true}]}}