{"id":87975,"date":"2019-11-05T08:00:34","date_gmt":"2019-11-05T06:00:34","guid":{"rendered":"https:\/\/www.location-francophone.com\/?p=87975"},"modified":"2023-12-08T11:59:29","modified_gmt":"2023-12-08T10:59:29","slug":"vacances-au-cap-vert","status":"publish","type":"post","link":"https:\/\/toploc.com\/blog\/afrique\/vacances-au-cap-vert","title":{"rendered":"Nos bons plans pour bien organiser et r\u00e9ussir vos vacances au Cap-Vert"},"content":{"rendered":"\n<p>Le Cap-Vert compte parmi les destinations les plus convoit\u00e9es par les amateurs de vacances au soleil en hiver. Mais comment organiser et r\u00e9ussir ses vacances au Cap-Vert\u00a0? D\u00e9couvrez nos conseils et bons plans pour partir \u00e0 la d\u00e9couverte des ravissantes \u00eeles du Cap-Vert.<\/p>\n\n\n\n<p>A lire : <a href=\"https:\/\/blog.toploc.com\/blog\/communaute\/francophonie\/meilleures-destinations-francophones\">Les 16 meilleures destinations francophones en voyage<\/a><\/p>\n\n\n\n<h2 id=\"quand-partir-en-vacances-au-cap-vert\" class=\"wp-block-heading\"><strong>Quand partir en vacances au Cap-Vert&nbsp;?<\/strong><\/h2>\n\n\n\n<p>Se profilant au large de la c\u00f4te nord-ouest africaine, le Cap-Vert ne b\u00e9n\u00e9ficie pas des m\u00eames conditions climatiques que les pays du continent europ\u00e9en. Profitant d\u2019un climat semi-d\u00e9sertique, le Cap-Vert profite d\u2019une longue saison s\u00e8che s\u2019\u00e9tendant de novembre \u00e0 juillet, et d\u2019une saison humide plut\u00f4t courte (entre ao\u00fbt et octobre).<\/p>\n\n\n\n<p>Malgr\u00e9 quelques \u00e9pisodes de pluies et le vent qui souffle en permanence, vous pouvez vous offrir un voyage pas cher au Cap-Vert \u00e0 n\u2019importe quelle p\u00e9riode de l\u2019ann\u00e9e. Faites n\u00e9anmoins attention au vent du d\u00e9sert qui s\u2019invite dans l\u2019archipel entre janvier et mars. N\u2019oubliez pas \u00e9galement d\u2019emporter quelques v\u00eatements chauds, car les temp\u00e9ratures peuvent se rafra\u00eechir en d\u00e9but de soir\u00e9e.<\/p>\n\n\n<div class=\"wp-block-image\">\n<figure class=\"aligncenter\"><a href=\"https:\/\/blog.toploc.com\/wp-content\/uploads\/2019\/10\/Offrez-vous-une-randonnee-jusquau-Pic-du-Fogo-lors-de-votre-sejour-au-Cap-Vert.jpg\"><img loading=\"lazy\" decoding=\"async\" width=\"700\" height=\"452\" src=\"https:\/\/blog.toploc.com\/wp-content\/uploads\/2019\/10\/Offrez-vous-une-randonnee-jusquau-Pic-du-Fogo-lors-de-votre-sejour-au-Cap-Vert.jpg\" alt=\"Offrez-vous une randonn\u00e9e jusqu'au Pic du Fogo lors de votre s\u00e9jour au Cap-Vert\" class=\"wp-image-87977\"\/><\/a><figcaption class=\"wp-element-caption\"><small>Offrez-vous une randonn\u00e9e jusqu&#8217;au Pic du Fogo lors de votre s\u00e9jour au Cap-Vert<\/small><\/figcaption><\/figure>\n<\/div>\n\n\n<h2 id=\"reserver-a-lavance-ou-a-la-derniere-minute\" class=\"wp-block-heading\"><strong>R\u00e9server \u00e0 l\u2019avance ou \u00e0 la derni\u00e8re minute&nbsp;?<\/strong><\/h2>\n\n\n\n<p>En ce qui concerne les dates de r\u00e9servation pour vos vacances au Cap-Vert, celles-ci d\u00e9pendront de la p\u00e9riode que vous aurez choisi. Si vous souhaitez r\u00e9server \u00e0 la derni\u00e8re minute, vous trouverez facilement des vols et h\u00e9bergements pas chers. Pr\u00e9f\u00e9rez la r\u00e9servation en avance, notamment pour les vols internes, si votre choix se porte sur l\u2019\u00e9t\u00e9 ou les vacances de No\u00ebl.<\/p>\n\n\n<div class=\"wp-block-image\">\n<figure class=\"aligncenter\"><a href=\"https:\/\/blog.toploc.com\/wp-content\/uploads\/2019\/10\/Balade-au-bord-de-leau-au-Cap-Vert.jpg\"><img loading=\"lazy\" decoding=\"async\" width=\"700\" height=\"453\" src=\"https:\/\/blog.toploc.com\/wp-content\/uploads\/2019\/10\/Balade-au-bord-de-leau-au-Cap-Vert.jpg\" alt=\"Balade au bord de l'eau au Cap-Vert\" class=\"wp-image-87978\"\/><\/a><figcaption class=\"wp-element-caption\"><small>Balade au bord de l&#8217;eau au Cap-Vert<\/small><\/figcaption><\/figure>\n<\/div>\n\n\n<h2 id=\"dans-quelle-ville-passer-ses-vacances\" class=\"wp-block-heading\"><strong>Dans quelle ville passer ses vacances&nbsp;?<\/strong><\/h2>\n\n\n\n<p>Vient ensuite la question du lieu de votre s\u00e9jour au Cap-Vert. Nombreuses sont les villes \u00e0 d\u00e9couvrir lors de vos vacances en famille ou \u00e0 deux. Portez, par exemple, votre choix sur\u00a0Praia, capitale de l\u2019archipel, o\u00f9 se profilent un pittoresque centre-ville et plusieurs march\u00e9s. Avis aux fins gourmets\u00a0!<\/p>\n\n\n\n<p>Les adeptes de plage de sable fin sont invit\u00e9s \u00e0 d\u00e9poser leurs valises \u00e0 Santa Maria, sur l\u2019\u00eele de Sal. Sur l\u2019\u00eele de Santiago, vous pouvez jeter votre d\u00e9volu sur Cidade Velha o\u00f9 vous pourrez vous accorder une petite parenth\u00e8se historique.<\/p>\n\n\n\n<p>Julien pour <a href=\"https:\/\/toploc.com\">Toploc<\/a><\/p>\n","protected":false},"excerpt":{"rendered":"Le Cap-Vert compte parmi les destinations les plus convoit\u00e9es par les amateurs de vacances au soleil en hiver.&hellip;\n","protected":false},"author":3,"featured_media":87976,"comment_status":"open","ping_status":"closed","sticky":false,"template":"","format":"standard","meta":{"footnotes":""},"categories":[75],"tags":[7265],"class_list":{"0":"post-87975","1":"post","2":"type-post","3":"status-publish","4":"format-standard","5":"has-post-thumbnail","7":"category-afrique","8":"tag-cap-vert"},"yoast_head":"<!-- This site is optimized with the Yoast SEO plugin v26.9 - https:\/\/yoast.com\/product\/yoast-seo-wordpress\/ -->\n<title>Nos bons plans pour bien organiser et r\u00e9ussir vos vacances au Cap-Vert<\/title>\n<meta name=\"description\" content=\"Envie de vous offrir de belles vacances au Cap-Vert en famille ou \u00e0 deux ? D\u00e9couvrez nos conseils et bons plans pour r\u00e9ussir votre s\u00e9jour sur ...\" \/>\n<meta name=\"robots\" content=\"index, follow, max-snippet:-1, max-image-preview:large, max-video-preview:-1\" \/>\n<link rel=\"canonical\" href=\"https:\/\/toploc.com\/blog\/afrique\/vacances-au-cap-vert\" \/>\n<meta property=\"og:locale\" content=\"fr_FR\" \/>\n<meta property=\"og:type\" content=\"article\" \/>\n<meta property=\"og:title\" content=\"Nos bons plans pour bien organiser et r\u00e9ussir vos vacances au Cap-Vert\" \/>\n<meta property=\"og:description\" content=\"Envie de vous offrir de belles vacances au Cap-Vert en famille ou \u00e0 deux ? D\u00e9couvrez nos conseils et bons plans pour r\u00e9ussir votre s\u00e9jour sur ...\" \/>\n<meta property=\"og:url\" content=\"https:\/\/toploc.com\/blog\/afrique\/vacances-au-cap-vert\" \/>\n<meta property=\"og:site_name\" content=\"Toploc\" \/>\n<meta property=\"article:publisher\" content=\"https:\/\/www.facebook.com\/locationfrancophone\" \/>\n<meta property=\"article:published_time\" content=\"2019-11-05T06:00:34+00:00\" \/>\n<meta property=\"article:modified_time\" content=\"2023-12-08T10:59:29+00:00\" \/>\n<meta property=\"og:image\" content=\"https:\/\/toploc.com\/blog\/wp-content\/uploads\/2019\/10\/Profitez-des-magnifiques-couchers-de-soleil-lors-de-vos-vacances-au-Cap-Vert.jpg\" \/>\n\t<meta property=\"og:image:width\" content=\"700\" \/>\n\t<meta property=\"og:image:height\" content=\"452\" \/>\n\t<meta property=\"og:image:type\" content=\"image\/jpeg\" \/>\n<meta name=\"author\" content=\"Julien\" \/>\n<meta name=\"twitter:card\" content=\"summary_large_image\" \/>\n<meta name=\"twitter:label1\" content=\"\u00c9crit par\" \/>\n\t<meta name=\"twitter:data1\" content=\"Julien\" \/>\n\t<meta name=\"twitter:label2\" content=\"Dur\u00e9e de lecture estim\u00e9e\" \/>\n\t<meta name=\"twitter:data2\" content=\"3 minutes\" \/>\n<script type=\"application\/ld+json\" class=\"yoast-schema-graph\">{\"@context\":\"https:\/\/schema.org\",\"@graph\":[{\"@type\":\"Article\",\"@id\":\"https:\/\/toploc.com\/blog\/afrique\/vacances-au-cap-vert#article\",\"isPartOf\":{\"@id\":\"https:\/\/toploc.com\/blog\/afrique\/vacances-au-cap-vert\"},\"author\":{\"name\":\"Julien\",\"@id\":\"https:\/\/toploc.com\/blog\/#\/schema\/person\/b66f845e3e2106301dee05e5bc776788\"},\"headline\":\"Nos bons plans pour bien organiser et r\u00e9ussir vos vacances au Cap-Vert\",\"datePublished\":\"2019-11-05T06:00:34+00:00\",\"dateModified\":\"2023-12-08T10:59:29+00:00\",\"mainEntityOfPage\":{\"@id\":\"https:\/\/toploc.com\/blog\/afrique\/vacances-au-cap-vert\"},\"wordCount\":421,\"commentCount\":0,\"publisher\":{\"@id\":\"https:\/\/toploc.com\/blog\/#organization\"},\"image\":{\"@id\":\"https:\/\/toploc.com\/blog\/afrique\/vacances-au-cap-vert#primaryimage\"},\"thumbnailUrl\":\"https:\/\/toploc.com\/blog\/wp-content\/uploads\/2019\/10\/Profitez-des-magnifiques-couchers-de-soleil-lors-de-vos-vacances-au-Cap-Vert.jpg\",\"keywords\":[\"Cap-Vert\"],\"articleSection\":[\"Itin\u00e9raires Afrique\"],\"inLanguage\":\"fr-FR\",\"potentialAction\":[{\"@type\":\"CommentAction\",\"name\":\"Comment\",\"target\":[\"https:\/\/toploc.com\/blog\/afrique\/vacances-au-cap-vert#respond\"]}]},{\"@type\":\"WebPage\",\"@id\":\"https:\/\/toploc.com\/blog\/afrique\/vacances-au-cap-vert\",\"url\":\"https:\/\/toploc.com\/blog\/afrique\/vacances-au-cap-vert\",\"name\":\"Nos bons plans pour bien organiser et r\u00e9ussir vos vacances au Cap-Vert\",\"isPartOf\":{\"@id\":\"https:\/\/toploc.com\/blog\/#website\"},\"primaryImageOfPage\":{\"@id\":\"https:\/\/toploc.com\/blog\/afrique\/vacances-au-cap-vert#primaryimage\"},\"image\":{\"@id\":\"https:\/\/toploc.com\/blog\/afrique\/vacances-au-cap-vert#primaryimage\"},\"thumbnailUrl\":\"https:\/\/toploc.com\/blog\/wp-content\/uploads\/2019\/10\/Profitez-des-magnifiques-couchers-de-soleil-lors-de-vos-vacances-au-Cap-Vert.jpg\",\"datePublished\":\"2019-11-05T06:00:34+00:00\",\"dateModified\":\"2023-12-08T10:59:29+00:00\",\"description\":\"Envie de vous offrir de belles vacances au Cap-Vert en famille ou \u00e0 deux ? D\u00e9couvrez nos conseils et bons plans pour r\u00e9ussir votre s\u00e9jour sur ...\",\"breadcrumb\":{\"@id\":\"https:\/\/toploc.com\/blog\/afrique\/vacances-au-cap-vert#breadcrumb\"},\"inLanguage\":\"fr-FR\",\"potentialAction\":[{\"@type\":\"ReadAction\",\"target\":[\"https:\/\/toploc.com\/blog\/afrique\/vacances-au-cap-vert\"]}]},{\"@type\":\"ImageObject\",\"inLanguage\":\"fr-FR\",\"@id\":\"https:\/\/toploc.com\/blog\/afrique\/vacances-au-cap-vert#primaryimage\",\"url\":\"https:\/\/toploc.com\/blog\/wp-content\/uploads\/2019\/10\/Profitez-des-magnifiques-couchers-de-soleil-lors-de-vos-vacances-au-Cap-Vert.jpg\",\"contentUrl\":\"https:\/\/toploc.com\/blog\/wp-content\/uploads\/2019\/10\/Profitez-des-magnifiques-couchers-de-soleil-lors-de-vos-vacances-au-Cap-Vert.jpg\",\"width\":700,\"height\":452,\"caption\":\"Profitez des magnifiques couchers de soleil lors de vos vacances au Cap-Vert\"},{\"@type\":\"BreadcrumbList\",\"@id\":\"https:\/\/toploc.com\/blog\/afrique\/vacances-au-cap-vert#breadcrumb\",\"itemListElement\":[{\"@type\":\"ListItem\",\"position\":1,\"name\":\"Accueil\",\"item\":\"https:\/\/toploc.com\/blog\"},{\"@type\":\"ListItem\",\"position\":2,\"name\":\"Nos bons plans pour bien organiser et r\u00e9ussir vos vacances au Cap-Vert\"}]},{\"@type\":\"WebSite\",\"@id\":\"https:\/\/toploc.com\/blog\/#website\",\"url\":\"https:\/\/toploc.com\/blog\/\",\"name\":\"Toploc\",\"description\":\"Itin\u00e9raires natures et locations de vacances en groupe\",\"publisher\":{\"@id\":\"https:\/\/toploc.com\/blog\/#organization\"},\"potentialAction\":[{\"@type\":\"SearchAction\",\"target\":{\"@type\":\"EntryPoint\",\"urlTemplate\":\"https:\/\/toploc.com\/blog\/?s={search_term_string}\"},\"query-input\":{\"@type\":\"PropertyValueSpecification\",\"valueRequired\":true,\"valueName\":\"search_term_string\"}}],\"inLanguage\":\"fr-FR\"},{\"@type\":\"Organization\",\"@id\":\"https:\/\/toploc.com\/blog\/#organization\",\"name\":\"Toploc\",\"url\":\"https:\/\/toploc.com\/blog\/\",\"logo\":{\"@type\":\"ImageObject\",\"inLanguage\":\"fr-FR\",\"@id\":\"https:\/\/toploc.com\/blog\/#\/schema\/logo\/image\/\",\"url\":\"https:\/\/blog.toploc.com\/wp-content\/uploads\/2022\/03\/toploc_facebook_5.png\",\"contentUrl\":\"https:\/\/blog.toploc.com\/wp-content\/uploads\/2022\/03\/toploc_facebook_5.png\",\"width\":600,\"height\":600,\"caption\":\"Toploc\"},\"image\":{\"@id\":\"https:\/\/toploc.com\/blog\/#\/schema\/logo\/image\/\"},\"sameAs\":[\"https:\/\/www.facebook.com\/locationfrancophone\",\"https:\/\/www.instagram.com\/toploc_\",\"https:\/\/www.pinterest.fr\/Toploc_\/\"]},{\"@type\":\"Person\",\"@id\":\"https:\/\/toploc.com\/blog\/#\/schema\/person\/b66f845e3e2106301dee05e5bc776788\",\"name\":\"Julien\",\"image\":{\"@type\":\"ImageObject\",\"inLanguage\":\"fr-FR\",\"@id\":\"https:\/\/toploc.com\/blog\/#\/schema\/person\/image\/\",\"url\":\"https:\/\/secure.gravatar.com\/avatar\/642d3d11687b291bb0ade289db2c7d821a72910624f4eb86cab555b4c6a3ed15?s=96&d=mm&r=g\",\"contentUrl\":\"https:\/\/secure.gravatar.com\/avatar\/642d3d11687b291bb0ade289db2c7d821a72910624f4eb86cab555b4c6a3ed15?s=96&d=mm&r=g\",\"caption\":\"Julien\"},\"description\":\"Julien est un passionn\u00e9 de nature et de grands espaces. Guide de moyenne montagne en Andorre, il a partag\u00e9 ses r\u00e9cits de voyage pendant plusieurs ann\u00e9es. Aujourd'hui il est co-auteur de plusieurs articles pour Toploc.\",\"url\":\"https:\/\/toploc.com\/blog\/author\/julien\"}]}<\/script>\n<!-- \/ Yoast SEO plugin. -->","yoast_head_json":{"title":"Nos bons plans pour bien organiser et r\u00e9ussir vos vacances au Cap-Vert","description":"Envie de vous offrir de belles vacances au Cap-Vert en famille ou \u00e0 deux ? D\u00e9couvrez nos conseils et bons plans pour r\u00e9ussir votre s\u00e9jour sur ...","robots":{"index":"index","follow":"follow","max-snippet":"max-snippet:-1","max-image-preview":"max-image-preview:large","max-video-preview":"max-video-preview:-1"},"canonical":"https:\/\/toploc.com\/blog\/afrique\/vacances-au-cap-vert","og_locale":"fr_FR","og_type":"article","og_title":"Nos bons plans pour bien organiser et r\u00e9ussir vos vacances au Cap-Vert","og_description":"Envie de vous offrir de belles vacances au Cap-Vert en famille ou \u00e0 deux ? D\u00e9couvrez nos conseils et bons plans pour r\u00e9ussir votre s\u00e9jour sur ...","og_url":"https:\/\/toploc.com\/blog\/afrique\/vacances-au-cap-vert","og_site_name":"Toploc","article_publisher":"https:\/\/www.facebook.com\/locationfrancophone","article_published_time":"2019-11-05T06:00:34+00:00","article_modified_time":"2023-12-08T10:59:29+00:00","og_image":[{"width":700,"height":452,"url":"https:\/\/toploc.com\/blog\/wp-content\/uploads\/2019\/10\/Profitez-des-magnifiques-couchers-de-soleil-lors-de-vos-vacances-au-Cap-Vert.jpg","type":"image\/jpeg"}],"author":"Julien","twitter_card":"summary_large_image","twitter_misc":{"\u00c9crit par":"Julien","Dur\u00e9e de lecture estim\u00e9e":"3 minutes"},"schema":{"@context":"https:\/\/schema.org","@graph":[{"@type":"Article","@id":"https:\/\/toploc.com\/blog\/afrique\/vacances-au-cap-vert#article","isPartOf":{"@id":"https:\/\/toploc.com\/blog\/afrique\/vacances-au-cap-vert"},"author":{"name":"Julien","@id":"https:\/\/toploc.com\/blog\/#\/schema\/person\/b66f845e3e2106301dee05e5bc776788"},"headline":"Nos bons plans pour bien organiser et r\u00e9ussir vos vacances au Cap-Vert","datePublished":"2019-11-05T06:00:34+00:00","dateModified":"2023-12-08T10:59:29+00:00","mainEntityOfPage":{"@id":"https:\/\/toploc.com\/blog\/afrique\/vacances-au-cap-vert"},"wordCount":421,"commentCount":0,"publisher":{"@id":"https:\/\/toploc.com\/blog\/#organization"},"image":{"@id":"https:\/\/toploc.com\/blog\/afrique\/vacances-au-cap-vert#primaryimage"},"thumbnailUrl":"https:\/\/toploc.com\/blog\/wp-content\/uploads\/2019\/10\/Profitez-des-magnifiques-couchers-de-soleil-lors-de-vos-vacances-au-Cap-Vert.jpg","keywords":["Cap-Vert"],"articleSection":["Itin\u00e9raires Afrique"],"inLanguage":"fr-FR","potentialAction":[{"@type":"CommentAction","name":"Comment","target":["https:\/\/toploc.com\/blog\/afrique\/vacances-au-cap-vert#respond"]}]},{"@type":"WebPage","@id":"https:\/\/toploc.com\/blog\/afrique\/vacances-au-cap-vert","url":"https:\/\/toploc.com\/blog\/afrique\/vacances-au-cap-vert","name":"Nos bons plans pour bien organiser et r\u00e9ussir vos vacances au Cap-Vert","isPartOf":{"@id":"https:\/\/toploc.com\/blog\/#website"},"primaryImageOfPage":{"@id":"https:\/\/toploc.com\/blog\/afrique\/vacances-au-cap-vert#primaryimage"},"image":{"@id":"https:\/\/toploc.com\/blog\/afrique\/vacances-au-cap-vert#primaryimage"},"thumbnailUrl":"https:\/\/toploc.com\/blog\/wp-content\/uploads\/2019\/10\/Profitez-des-magnifiques-couchers-de-soleil-lors-de-vos-vacances-au-Cap-Vert.jpg","datePublished":"2019-11-05T06:00:34+00:00","dateModified":"2023-12-08T10:59:29+00:00","description":"Envie de vous offrir de belles vacances au Cap-Vert en famille ou \u00e0 deux ? D\u00e9couvrez nos conseils et bons plans pour r\u00e9ussir votre s\u00e9jour sur ...","breadcrumb":{"@id":"https:\/\/toploc.com\/blog\/afrique\/vacances-au-cap-vert#breadcrumb"},"inLanguage":"fr-FR","potentialAction":[{"@type":"ReadAction","target":["https:\/\/toploc.com\/blog\/afrique\/vacances-au-cap-vert"]}]},{"@type":"ImageObject","inLanguage":"fr-FR","@id":"https:\/\/toploc.com\/blog\/afrique\/vacances-au-cap-vert#primaryimage","url":"https:\/\/toploc.com\/blog\/wp-content\/uploads\/2019\/10\/Profitez-des-magnifiques-couchers-de-soleil-lors-de-vos-vacances-au-Cap-Vert.jpg","contentUrl":"https:\/\/toploc.com\/blog\/wp-content\/uploads\/2019\/10\/Profitez-des-magnifiques-couchers-de-soleil-lors-de-vos-vacances-au-Cap-Vert.jpg","width":700,"height":452,"caption":"Profitez des magnifiques couchers de soleil lors de vos vacances au Cap-Vert"},{"@type":"BreadcrumbList","@id":"https:\/\/toploc.com\/blog\/afrique\/vacances-au-cap-vert#breadcrumb","itemListElement":[{"@type":"ListItem","position":1,"name":"Accueil","item":"https:\/\/toploc.com\/blog"},{"@type":"ListItem","position":2,"name":"Nos bons plans pour bien organiser et r\u00e9ussir vos vacances au Cap-Vert"}]},{"@type":"WebSite","@id":"https:\/\/toploc.com\/blog\/#website","url":"https:\/\/toploc.com\/blog\/","name":"Toploc","description":"Itin\u00e9raires natures et locations de vacances en groupe","publisher":{"@id":"https:\/\/toploc.com\/blog\/#organization"},"potentialAction":[{"@type":"SearchAction","target":{"@type":"EntryPoint","urlTemplate":"https:\/\/toploc.com\/blog\/?s={search_term_string}"},"query-input":{"@type":"PropertyValueSpecification","valueRequired":true,"valueName":"search_term_string"}}],"inLanguage":"fr-FR"},{"@type":"Organization","@id":"https:\/\/toploc.com\/blog\/#organization","name":"Toploc","url":"https:\/\/toploc.com\/blog\/","logo":{"@type":"ImageObject","inLanguage":"fr-FR","@id":"https:\/\/toploc.com\/blog\/#\/schema\/logo\/image\/","url":"https:\/\/blog.toploc.com\/wp-content\/uploads\/2022\/03\/toploc_facebook_5.png","contentUrl":"https:\/\/blog.toploc.com\/wp-content\/uploads\/2022\/03\/toploc_facebook_5.png","width":600,"height":600,"caption":"Toploc"},"image":{"@id":"https:\/\/toploc.com\/blog\/#\/schema\/logo\/image\/"},"sameAs":["https:\/\/www.facebook.com\/locationfrancophone","https:\/\/www.instagram.com\/toploc_","https:\/\/www.pinterest.fr\/Toploc_\/"]},{"@type":"Person","@id":"https:\/\/toploc.com\/blog\/#\/schema\/person\/b66f845e3e2106301dee05e5bc776788","name":"Julien","image":{"@type":"ImageObject","inLanguage":"fr-FR","@id":"https:\/\/toploc.com\/blog\/#\/schema\/person\/image\/","url":"https:\/\/secure.gravatar.com\/avatar\/642d3d11687b291bb0ade289db2c7d821a72910624f4eb86cab555b4c6a3ed15?s=96&d=mm&r=g","contentUrl":"https:\/\/secure.gravatar.com\/avatar\/642d3d11687b291bb0ade289db2c7d821a72910624f4eb86cab555b4c6a3ed15?s=96&d=mm&r=g","caption":"Julien"},"description":"Julien est un passionn\u00e9 de nature et de grands espaces. Guide de moyenne montagne en Andorre, il a partag\u00e9 ses r\u00e9cits de voyage pendant plusieurs ann\u00e9es. Aujourd'hui il est co-auteur de plusieurs articles pour Toploc.","url":"https:\/\/toploc.com\/blog\/author\/julien"}]}},"_links":{"self":[{"href":"https:\/\/toploc.com\/blog\/wp-json\/wp\/v2\/posts\/87975","targetHints":{"allow":["GET"]}}],"collection":[{"href":"https:\/\/toploc.com\/blog\/wp-json\/wp\/v2\/posts"}],"about":[{"href":"https:\/\/toploc.com\/blog\/wp-json\/wp\/v2\/types\/post"}],"author":[{"embeddable":true,"href":"https:\/\/toploc.com\/blog\/wp-json\/wp\/v2\/users\/3"}],"replies":[{"embeddable":true,"href":"https:\/\/toploc.com\/blog\/wp-json\/wp\/v2\/comments?post=87975"}],"version-history":[{"count":1,"href":"https:\/\/toploc.com\/blog\/wp-json\/wp\/v2\/posts\/87975\/revisions"}],"predecessor-version":[{"id":137266,"href":"https:\/\/toploc.com\/blog\/wp-json\/wp\/v2\/posts\/87975\/revisions\/137266"}],"wp:featuredmedia":[{"embeddable":true,"href":"https:\/\/toploc.com\/blog\/wp-json\/wp\/v2\/media\/87976"}],"wp:attachment":[{"href":"https:\/\/toploc.com\/blog\/wp-json\/wp\/v2\/media?parent=87975"}],"wp:term":[{"taxonomy":"category","embeddable":true,"href":"https:\/\/toploc.com\/blog\/wp-json\/wp\/v2\/categories?post=87975"},{"taxonomy":"post_tag","embeddable":true,"href":"https:\/\/toploc.com\/blog\/wp-json\/wp\/v2\/tags?post=87975"}],"curies":[{"name":"wp","href":"https:\/\/api.w.org\/{rel}","templated":true}]}}