{"id":8649,"date":"2024-05-25T10:06:09","date_gmt":"2024-05-25T08:06:09","guid":{"rendered":"https:\/\/www.location-francophone.com\/blog\/?p=8649"},"modified":"2024-07-11T16:14:00","modified_gmt":"2024-07-11T14:14:00","slug":"mini-caravane","status":"publish","type":"post","link":"https:\/\/toploc.com\/blog\/mini-maison\/mini-caravane","title":{"rendered":"Wide Path Camper mini-caravane pour vos vacances \u00e0 v\u00e9lo !"},"content":{"rendered":"\n<p>Vous aimez faire du v\u00e9lo et vous aimez s\u00e9journer en caravane&nbsp;? D\u00e9couvrez la Wide Path Camper mini-caravane danoise qui vous fera conjuguer vos deux passions&nbsp;! Jusqu&#8217;\u00e0 pr\u00e9sent si l\u2019on souhaitait faire du v\u00e9lo pendant ses vacances en caravane, on l&#8217;attachait sur la voiture. Aussi il \u00e9tait impossible de songer \u00e0 partir en v\u00e9lo et d\u2019y atteler une caravane. A moins d\u2019\u00eatre un super h\u00e9ro tout droit sorti de chez Marvel. Mais l&#8217;\u00e9quipe de Wide Path Camper a r\u00e9solu le probl\u00e8me pour nous. On vous explique tout, c&#8217;est parti pour l&#8217;aventure. <\/p>\n\n\n\n<div class=\"wp-block-buttons is-content-justification-center is-layout-flex wp-container-core-buttons-is-layout-16018d1d wp-block-buttons-is-layout-flex\">\n<div class=\"wp-block-button has-custom-font-size has-small-font-size\"><a class=\"wp-block-button__link has-background wp-element-button\" href=\"https:\/\/toploc.com\/gite\/france\/?utm_source=blog&amp;utm_medium=CTA&amp;utm_campaign=widepath\" style=\"background-color:#006b52\"><strong>\ud83d\udc49 NOS LOGEMENTS NATURE<\/strong><\/a><\/div>\n<\/div>\n\n\n\n<h2 id=\"la-wide-path-camper-mini-caravane-danoise\" class=\"wp-block-heading\">La Wide Path Camper mini-caravane danoise<\/h2>\n\n\n\n<figure class=\"wp-block-image size-full\"><img loading=\"lazy\" decoding=\"async\" width=\"2048\" height=\"1366\" src=\"https:\/\/blog.toploc.com\/wp-content\/uploads\/2024\/05\/image-19.png\" alt=\"L'excellence danoise pour des vacances \u00e0 v\u00e9lo r\u00e9ussies \u00a9 Wide Path Camper\" class=\"wp-image-149186\"\/><figcaption class=\"wp-element-caption\">L&#8217;excellence danoise pour des vacances \u00e0 v\u00e9lo r\u00e9ussies \u00a9 Wide Path Camper<\/figcaption><\/figure>\n\n\n\n<p>On connait l\u2019amour des danois pour le v\u00e9lo, mais \u00e9galement pour les vacances en caravane et gr\u00e2ce au <a href=\"https:\/\/www.widepathcamper.eu\/\" target=\"_blank\" rel=\"noreferrer noopener\">Wide Path Camper<\/a>, il est possible maintenant de concilier ces deux passions. Cette mini-caravane est une v\u00e9ritable r\u00e9volution et vous permet d\u2019avoir une <a href=\"https:\/\/blog.toploc.com\/blog\/mini-maison\/micro-maison-sur-roues\" target=\"_blank\" rel=\"noreferrer noopener\">micro maison sur roues<\/a> avec vous et cela n\u2019 importe o\u00f9&nbsp;!<\/p>\n\n\n\n<div class=\"wp-block-buttons is-content-justification-center is-layout-flex wp-container-core-buttons-is-layout-16018d1d wp-block-buttons-is-layout-flex\">\n<div class=\"wp-block-button has-custom-font-size has-small-font-size\"><a class=\"wp-block-button__link has-background wp-element-button\" href=\"https:\/\/toploc.com\/gite\/france\/?utm_source=blog&amp;utm_medium=CTA&amp;utm_campaign=widepath\" style=\"background-color:#006b52\"><strong>\ud83d\udc49 NOS LOGEMENTS NATURE<\/strong><\/a><\/div>\n<\/div>\n\n\n\n<h3 id=\"a-la-mer-a-la-montagne-ou-a-la-campagne\" class=\"wp-block-heading\">A la mer, \u00e0 la montagne ou \u00e0 la campagne<\/h3>\n\n\n\n<figure class=\"wp-block-image size-full\"><img loading=\"lazy\" decoding=\"async\" width=\"650\" height=\"337\" src=\"https:\/\/blog.toploc.com\/wp-content\/uploads\/2023\/12\/image-134.png\" alt=\"Mini-caravane \u00a9Wide path camper\" class=\"wp-image-137271\"\/><figcaption class=\"wp-element-caption\">Mini-caravane \u00a9Wide path camper<\/figcaption><\/figure>\n\n\n\n<p>Vous pouvez l\u2019emmener dans des endroits ou d\u2019autres caravanes traditionnelles n\u2019auraient pas pu s\u2019installer. Alors, pourquoi ne pas \u00e9tablir votre campement au bord de la mer, au bord d\u2019une falaise, \u00e0 la montagne ou au milieu d&#8217;un champ de bl\u00e9\u2026 les possibilit\u00e9s sont multiples et elles n\u2019attendent plus que votre imagination pour se r\u00e9aliser.<\/p>\n\n\n\n<h3 id=\"45-kilogrammes-pour-1-metre-de-largeur-et-1m30-de-hauteur\" class=\"wp-block-heading\">45 kilogrammes pour 1 m\u00e8tre de largeur et 1m30 de hauteur<\/h3>\n\n\n\n<figure class=\"wp-block-image size-full\"><img loading=\"lazy\" decoding=\"async\" width=\"1200\" height=\"628\" src=\"https:\/\/blog.toploc.com\/wp-content\/uploads\/2024\/05\/image-18.png\" alt=\"Wide path camper, une mini-caravane de 80 kg \u00a9 havingfun.fr\" class=\"wp-image-149182\"\/><figcaption class=\"wp-element-caption\">Wide path camper, une mini-caravane de 45 kg \u00a9 havingfun.fr<\/figcaption><\/figure>\n\n\n\n<p>Avec des dimensions raisonnables de moins d\u20191 m\u00e8tre de largeur et d\u20191m30 de longueur, cette mini-caravane p\u00e8se 45 kg et peut-\u00eatre tract\u00e9e plut\u00f4t ais\u00e9ment. Si vous \u00eates malin, partez avec votre compagne sur un tandem comme cela vous divisez le poids tract\u00e9 par deux&nbsp;!<\/p>\n\n\n\n<div class=\"wp-block-buttons is-content-justification-center is-layout-flex wp-container-core-buttons-is-layout-16018d1d wp-block-buttons-is-layout-flex\">\n<div class=\"wp-block-button has-custom-font-size has-small-font-size\"><a class=\"wp-block-button__link has-background wp-element-button\" href=\"https:\/\/toploc.com\/gite\/france\/?utm_source=blog&amp;utm_medium=CTA&amp;utm_campaign=widepath\" style=\"background-color:#006b52\"><strong>\ud83d\udc49 NOS LOGEMENTS NATURE<\/strong><\/a><\/div>\n<\/div>\n\n\n\n<h2 id=\"une-mini-caravane-de-2m60-pour-2-personnes\" class=\"wp-block-heading\">Une mini-caravane de 2m60 pour 2 personnes<\/h2>\n\n\n\n<p>Une fois arriv\u00e9e \u00e0 destination, le d\u00e9ploiement de la Wide Path Camper ne vous prend m\u00eame pas 5 minutes. Vous b\u00e9n\u00e9ficierez d&#8217;un espace pour dormir et manger d\u2019une longueur de 2m60, soit le double de sa taille repli\u00e9e.<\/p>\n\n\n\n<figure class=\"wp-block-image size-full\"><img loading=\"lazy\" decoding=\"async\" width=\"650\" height=\"353\" src=\"https:\/\/blog.toploc.com\/wp-content\/uploads\/2016\/09\/Petite-caravane-en-pleine-nature-\u00a9Wide-path-camper.jpg\" alt=\"Petite caravane en pleine nature \u00a9Wide path camper\" class=\"wp-image-8686\"\/><figcaption class=\"wp-element-caption\"><small>Petite caravane en pleine nature \u00a9Wide path camper<\/small><\/figcaption><\/figure>\n\n\n\n<h3 id=\"une-table-pour-2-personnes-et-300-litres-de-rangement-materiel-pour-la-wide-path-camper-mini-caravane\" class=\"wp-block-heading\">Une table pour 2 personnes et 300 litres de rangement mat\u00e9riel pour la Wide Path Camper mini-caravane<\/h3>\n\n\n\n<figure class=\"wp-block-image size-full\"><img loading=\"lazy\" decoding=\"async\" width=\"650\" height=\"977\" src=\"https:\/\/blog.toploc.com\/wp-content\/uploads\/2016\/09\/Table-pour-deux-personnes-\u00a9Wide-path-camper.jpg\" alt=\"Table pour deux personnes \u00a9Wide path camper\" class=\"wp-image-8684\"\/><figcaption class=\"wp-element-caption\"><small>Table pour deux personnes \u00a9Wide path camper<\/small><\/figcaption><\/figure>\n\n\n\n<p>Evidemment, l\u2019int\u00e9rieur de cette mini-caravane reste basique, mais cependant pratique. On y trouve une table pour deux personnes et deux banquettes qui vous permettent de ranger presque 300 litres de mat\u00e9riel divers pour vos vacances.<\/p>\n\n\n\n<div class=\"wp-block-buttons is-content-justification-center is-layout-flex wp-container-core-buttons-is-layout-16018d1d wp-block-buttons-is-layout-flex\">\n<div class=\"wp-block-button has-custom-font-size has-small-font-size\"><a class=\"wp-block-button__link has-background wp-element-button\" href=\"https:\/\/toploc.com\/gite\/france\/?utm_source=blog&amp;utm_medium=CTA&amp;utm_campaign=widepath\" style=\"background-color:#006b52\"><strong>\ud83d\udc49 NOS LOGEMENTS NATURE<\/strong><\/a><\/div>\n<\/div>\n\n\n\n<p>Le lit qui est id\u00e9al pour une personne, peut accueillir deux personnes. Cependant il faudra penser \u00e0 vous serrer un peu, car celui-ci fait 97 cm de large pour 2 m\u00e8tre de long (id\u00e9al pour les petits gabarits).<\/p>\n\n\n<div class=\"wp-block-image size-full wp-image-8686\">\n<figure class=\"aligncenter\"><img loading=\"lazy\" decoding=\"async\" width=\"650\" height=\"434\" src=\"https:\/\/blog.toploc.com\/wp-content\/uploads\/2016\/09\/Vacances-a-velo-\u00a9Wide-path-camper.jpg\" alt=\"Vacances \u00e0 v\u00e9lo \u00a9Wide path camper\" class=\"wp-image-8687\"\/><figcaption class=\"wp-element-caption\"><small>Vacances \u00e0 v\u00e9lo \u00a9Wide path camper<\/small><\/figcaption><\/figure>\n<\/div>\n\n\n<p>Alors vous qui pensez partir \u00e0 v\u00e9lo visiter le monde, cette mini-caravane pourrait \u00eatre votre meilleur alli\u00e9. Apr\u00e8s une journ\u00e9e \u00e9puisante \u00e0 p\u00e9daler, vous serez content de passer votre nuit sur un vrai matelas et au chaud&nbsp;! Vous pourrez emmener \u00e9galement tout le n\u00e9cessaire pour passer des vacances \u00e9conomiques et cela dans n\u2019importe quel endroit\u2026enfin dans la nature&nbsp;!<\/p>\n\n\n\n<div class=\"wp-block-buttons is-content-justification-center is-layout-flex wp-container-core-buttons-is-layout-16018d1d wp-block-buttons-is-layout-flex\">\n<div class=\"wp-block-button has-custom-font-size has-small-font-size\"><a class=\"wp-block-button__link has-background wp-element-button\" href=\"https:\/\/toploc.com\/gite\/france\/?utm_source=blog&amp;utm_medium=CTA&amp;utm_campaign=widepath\" style=\"background-color:#006b52\"><strong>\ud83d\udc49 NOS LOGEMENTS NATURE<\/strong><\/a><\/div>\n<\/div>\n\n\n\n<h3 id=\"des-panneaux-solaires-pour-lautonomie-energetique\" class=\"wp-block-heading\">Des panneaux solaires pour l&#8217;autonomie \u00e9nerg\u00e9tique<\/h3>\n\n\n\n<p>Bien s\u00fbr, les inventeurs de cette mini-caravane ne se sont pas arr\u00eat\u00e9s l\u00e0 puisqu\u2019ils souhaitent \u00e9quiper celle-ci avec des accessoires vous apportant encore plus de confort comme des panneaux solaires qui ferait qu\u2019elle serait autonome en \u00e9nergie, un peu comme une petite <a href=\"https:\/\/www.location-francophone.com\/blog\/mini-maison\/maison-autonomehttps:\/\/blog.toploc.com\/blog\/mini-maison\/maison-autonome\">maison autonome<\/a>.<\/p>\n\n\n\n<h2 id=\"demo-video-de-la-wide-path-camper-mini-caravane\" class=\"wp-block-heading\">D\u00e9mo vid\u00e9o de la Wide Path Camper mini caravane<\/h2>\n\n\n\n<figure class=\"wp-block-embed is-type-video is-provider-youtube wp-block-embed-youtube wp-embed-aspect-16-9 wp-has-aspect-ratio\"><div class=\"wp-block-embed__wrapper\">\n<iframe loading=\"lazy\" title=\"Wide Path Camper foldeprincip\" width=\"1200\" height=\"675\" src=\"https:\/\/www.youtube.com\/embed\/4Jm4xEa5KIo?feature=oembed\" frameborder=\"0\" allow=\"accelerometer; autoplay; clipboard-write; encrypted-media; gyroscope; picture-in-picture; web-share\" referrerpolicy=\"strict-origin-when-cross-origin\" allowfullscreen><\/iframe>\n<\/div><\/figure>\n\n\n\n<p>Et vous qu\u2019en pensez vous&nbsp;? Vous seriez pr\u00eat \u00e0 tracter cette mini-caravane derri\u00e8re vous&nbsp;?<\/p>\n\n\n\n<div class=\"wp-block-buttons is-content-justification-center is-layout-flex wp-container-core-buttons-is-layout-16018d1d wp-block-buttons-is-layout-flex\">\n<div class=\"wp-block-button has-custom-font-size has-small-font-size\"><a class=\"wp-block-button__link has-background wp-element-button\" href=\"https:\/\/toploc.com\/gite\/france\/?utm_source=blog&amp;utm_medium=CTA&amp;utm_campaign=widepath\" style=\"background-color:#006b52\"><strong>\ud83d\udc49 NOS LOGEMENTS NATURE<\/strong><\/a><\/div>\n<\/div>\n\n\n\n<h2 id=\"partez-a-laventure-avec-toploc\" class=\"wp-block-heading\">Partez \u00e0 l&#8217;aventure avec Toploc<\/h2>\n\n\n\n<p>Toploc c&#8217;est un site de locations de vacances nature. Notre objectif ? remettre l&#8217;humain, la rencontre et la nature au coeur de l&#8217;exp\u00e9rience de voyage. D\u00e9couvrez nos <a href=\"https:\/\/toploc.com\/gite\">gites en pleine nature<\/a>, <a href=\"https:\/\/toploc.com\/chalet\">chalets \u00e0 la montagne<\/a>, nos <a href=\"https:\/\/toploc.com\/mobil-home\">mobil-home \u00e0 la mer<\/a>, nos <a href=\"https:\/\/toploc.com\/cabane\">cabanes dans les bois<\/a> et nos bungalow.<\/p>\n\n\n\n<p>Guillaume pour <a href=\"https:\/\/toploc.com\">Toploc<\/a><\/p>\n","protected":false},"excerpt":{"rendered":"Vous aimez faire du v\u00e9lo et vous aimez s\u00e9journer en caravane&nbsp;? D\u00e9couvrez la Wide Path Camper mini-caravane danoise&hellip;\n","protected":false},"author":2,"featured_media":149182,"comment_status":"open","ping_status":"closed","sticky":false,"template":"","format":"standard","meta":{"footnotes":""},"categories":[37],"tags":[1303,1304,1305,1306,1307],"class_list":{"0":"post-8649","1":"post","2":"type-post","3":"status-publish","4":"format-standard","5":"has-post-thumbnail","7":"category-mini-maison","8":"tag-mini-caravane-au-bord-de-la-mer","9":"tag-mini-caravane-legere","10":"tag-vacances-economiques","11":"tag-vacances-en-caravane","12":"tag-vacances-en-velo"},"yoast_head":"<!-- This site is optimized with the Yoast SEO plugin v26.9 - https:\/\/yoast.com\/product\/yoast-seo-wordpress\/ -->\n<title>Wide Path Camper mini-caravane pour vos vacances \u00e0 v\u00e9lo<\/title>\n<meta name=\"description\" content=\"Vous aimez faire du v\u00e9lo et s\u00e9journer en caravane ? D\u00e9couvrez la Wide Path Camper mini-caravane danoise qui conjuque v\u00e9lo et camping...\" \/>\n<meta name=\"robots\" content=\"index, follow, max-snippet:-1, max-image-preview:large, max-video-preview:-1\" \/>\n<link rel=\"canonical\" href=\"https:\/\/toploc.com\/blog\/mini-maison\/mini-caravane\" \/>\n<meta property=\"og:locale\" content=\"fr_FR\" \/>\n<meta property=\"og:type\" content=\"article\" \/>\n<meta property=\"og:title\" content=\"Wide Path Camper mini-caravane pour vos vacances \u00e0 v\u00e9lo\" \/>\n<meta property=\"og:description\" content=\"Vous aimez faire du v\u00e9lo et s\u00e9journer en caravane ? D\u00e9couvrez la Wide Path Camper mini-caravane danoise qui conjuque v\u00e9lo et camping...\" \/>\n<meta property=\"og:url\" content=\"https:\/\/toploc.com\/blog\/mini-maison\/mini-caravane\" \/>\n<meta property=\"og:site_name\" content=\"Toploc\" \/>\n<meta property=\"article:publisher\" content=\"https:\/\/www.facebook.com\/locationfrancophone\" \/>\n<meta property=\"article:published_time\" content=\"2024-05-25T08:06:09+00:00\" \/>\n<meta property=\"article:modified_time\" content=\"2024-07-11T14:14:00+00:00\" \/>\n<meta property=\"og:image\" content=\"https:\/\/toploc.com\/blog\/wp-content\/uploads\/2024\/05\/image-18.png\" \/>\n\t<meta property=\"og:image:width\" content=\"1200\" \/>\n\t<meta property=\"og:image:height\" content=\"628\" \/>\n\t<meta property=\"og:image:type\" content=\"image\/png\" \/>\n<meta name=\"author\" content=\"Guillaume\" \/>\n<meta name=\"twitter:card\" content=\"summary_large_image\" \/>\n<meta name=\"twitter:label1\" content=\"\u00c9crit par\" \/>\n\t<meta name=\"twitter:data1\" content=\"Guillaume\" \/>\n\t<meta name=\"twitter:label2\" content=\"Dur\u00e9e de lecture estim\u00e9e\" \/>\n\t<meta name=\"twitter:data2\" content=\"5 minutes\" \/>\n<script type=\"application\/ld+json\" class=\"yoast-schema-graph\">{\"@context\":\"https:\/\/schema.org\",\"@graph\":[{\"@type\":\"Article\",\"@id\":\"https:\/\/toploc.com\/blog\/mini-maison\/mini-caravane#article\",\"isPartOf\":{\"@id\":\"https:\/\/toploc.com\/blog\/mini-maison\/mini-caravane\"},\"author\":{\"name\":\"Guillaume\",\"@id\":\"https:\/\/toploc.com\/blog\/#\/schema\/person\/ab9993aff7c3d37b3a2f20d2a57e2e66\"},\"headline\":\"Wide Path Camper mini-caravane pour vos vacances \u00e0 v\u00e9lo !\",\"datePublished\":\"2024-05-25T08:06:09+00:00\",\"dateModified\":\"2024-07-11T14:14:00+00:00\",\"mainEntityOfPage\":{\"@id\":\"https:\/\/toploc.com\/blog\/mini-maison\/mini-caravane\"},\"wordCount\":740,\"commentCount\":6,\"publisher\":{\"@id\":\"https:\/\/toploc.com\/blog\/#organization\"},\"image\":{\"@id\":\"https:\/\/toploc.com\/blog\/mini-maison\/mini-caravane#primaryimage\"},\"thumbnailUrl\":\"https:\/\/toploc.com\/blog\/wp-content\/uploads\/2024\/05\/image-18.png\",\"keywords\":[\"mini-caravane au bord de la mer\",\"mini-caravane l\u00e9g\u00e8re\",\"vacances \u00e9conomiques\",\"vacances en caravane\",\"vacances en v\u00e9lo\"],\"articleSection\":[\"Tiny House\"],\"inLanguage\":\"fr-FR\",\"potentialAction\":[{\"@type\":\"CommentAction\",\"name\":\"Comment\",\"target\":[\"https:\/\/toploc.com\/blog\/mini-maison\/mini-caravane#respond\"]}]},{\"@type\":\"WebPage\",\"@id\":\"https:\/\/toploc.com\/blog\/mini-maison\/mini-caravane\",\"url\":\"https:\/\/toploc.com\/blog\/mini-maison\/mini-caravane\",\"name\":\"Wide Path Camper mini-caravane pour vos vacances \u00e0 v\u00e9lo\",\"isPartOf\":{\"@id\":\"https:\/\/toploc.com\/blog\/#website\"},\"primaryImageOfPage\":{\"@id\":\"https:\/\/toploc.com\/blog\/mini-maison\/mini-caravane#primaryimage\"},\"image\":{\"@id\":\"https:\/\/toploc.com\/blog\/mini-maison\/mini-caravane#primaryimage\"},\"thumbnailUrl\":\"https:\/\/toploc.com\/blog\/wp-content\/uploads\/2024\/05\/image-18.png\",\"datePublished\":\"2024-05-25T08:06:09+00:00\",\"dateModified\":\"2024-07-11T14:14:00+00:00\",\"description\":\"Vous aimez faire du v\u00e9lo et s\u00e9journer en caravane ? D\u00e9couvrez la Wide Path Camper mini-caravane danoise qui conjuque v\u00e9lo et camping...\",\"breadcrumb\":{\"@id\":\"https:\/\/toploc.com\/blog\/mini-maison\/mini-caravane#breadcrumb\"},\"inLanguage\":\"fr-FR\",\"potentialAction\":[{\"@type\":\"ReadAction\",\"target\":[\"https:\/\/toploc.com\/blog\/mini-maison\/mini-caravane\"]}]},{\"@type\":\"ImageObject\",\"inLanguage\":\"fr-FR\",\"@id\":\"https:\/\/toploc.com\/blog\/mini-maison\/mini-caravane#primaryimage\",\"url\":\"https:\/\/toploc.com\/blog\/wp-content\/uploads\/2024\/05\/image-18.png\",\"contentUrl\":\"https:\/\/toploc.com\/blog\/wp-content\/uploads\/2024\/05\/image-18.png\",\"width\":1200,\"height\":628,\"caption\":\"Wide path camper, une mini-caravane de 80 kg \u00a9 havingfun.fr\"},{\"@type\":\"BreadcrumbList\",\"@id\":\"https:\/\/toploc.com\/blog\/mini-maison\/mini-caravane#breadcrumb\",\"itemListElement\":[{\"@type\":\"ListItem\",\"position\":1,\"name\":\"Accueil\",\"item\":\"https:\/\/toploc.com\/blog\"},{\"@type\":\"ListItem\",\"position\":2,\"name\":\"Wide Path Camper mini-caravane pour vos vacances \u00e0 v\u00e9lo !\"}]},{\"@type\":\"WebSite\",\"@id\":\"https:\/\/toploc.com\/blog\/#website\",\"url\":\"https:\/\/toploc.com\/blog\/\",\"name\":\"Toploc\",\"description\":\"Itin\u00e9raires natures et locations de vacances en groupe\",\"publisher\":{\"@id\":\"https:\/\/toploc.com\/blog\/#organization\"},\"potentialAction\":[{\"@type\":\"SearchAction\",\"target\":{\"@type\":\"EntryPoint\",\"urlTemplate\":\"https:\/\/toploc.com\/blog\/?s={search_term_string}\"},\"query-input\":{\"@type\":\"PropertyValueSpecification\",\"valueRequired\":true,\"valueName\":\"search_term_string\"}}],\"inLanguage\":\"fr-FR\"},{\"@type\":\"Organization\",\"@id\":\"https:\/\/toploc.com\/blog\/#organization\",\"name\":\"Toploc\",\"url\":\"https:\/\/toploc.com\/blog\/\",\"logo\":{\"@type\":\"ImageObject\",\"inLanguage\":\"fr-FR\",\"@id\":\"https:\/\/toploc.com\/blog\/#\/schema\/logo\/image\/\",\"url\":\"https:\/\/blog.toploc.com\/wp-content\/uploads\/2022\/03\/toploc_facebook_5.png\",\"contentUrl\":\"https:\/\/blog.toploc.com\/wp-content\/uploads\/2022\/03\/toploc_facebook_5.png\",\"width\":600,\"height\":600,\"caption\":\"Toploc\"},\"image\":{\"@id\":\"https:\/\/toploc.com\/blog\/#\/schema\/logo\/image\/\"},\"sameAs\":[\"https:\/\/www.facebook.com\/locationfrancophone\",\"https:\/\/www.instagram.com\/toploc_\",\"https:\/\/www.pinterest.fr\/Toploc_\/\"]},{\"@type\":\"Person\",\"@id\":\"https:\/\/toploc.com\/blog\/#\/schema\/person\/ab9993aff7c3d37b3a2f20d2a57e2e66\",\"name\":\"Guillaume\",\"image\":{\"@type\":\"ImageObject\",\"inLanguage\":\"fr-FR\",\"@id\":\"https:\/\/toploc.com\/blog\/#\/schema\/person\/image\/\",\"url\":\"https:\/\/secure.gravatar.com\/avatar\/d80553a7f7ac9459767da9b2359979a62070bea95c2826cda6a65908541bf9e6?s=96&d=mm&r=g\",\"contentUrl\":\"https:\/\/secure.gravatar.com\/avatar\/d80553a7f7ac9459767da9b2359979a62070bea95c2826cda6a65908541bf9e6?s=96&d=mm&r=g\",\"caption\":\"Guillaume\"},\"description\":\"Je suis passionn\u00e9 de grands espaces, de montagnes et de trail running. Je suis aussi le co-fondateur de Toploc, une plateforme de voyage nature. Pourquoi ? pour partager mon go\u00fbt pour les aventures en plein air, les itin\u00e9raires de voyages et la nature.\",\"url\":\"https:\/\/toploc.com\/blog\/author\/guillaume\"}]}<\/script>\n<!-- \/ Yoast SEO plugin. -->","yoast_head_json":{"title":"Wide Path Camper mini-caravane pour vos vacances \u00e0 v\u00e9lo","description":"Vous aimez faire du v\u00e9lo et s\u00e9journer en caravane ? D\u00e9couvrez la Wide Path Camper mini-caravane danoise qui conjuque v\u00e9lo et camping...","robots":{"index":"index","follow":"follow","max-snippet":"max-snippet:-1","max-image-preview":"max-image-preview:large","max-video-preview":"max-video-preview:-1"},"canonical":"https:\/\/toploc.com\/blog\/mini-maison\/mini-caravane","og_locale":"fr_FR","og_type":"article","og_title":"Wide Path Camper mini-caravane pour vos vacances \u00e0 v\u00e9lo","og_description":"Vous aimez faire du v\u00e9lo et s\u00e9journer en caravane ? D\u00e9couvrez la Wide Path Camper mini-caravane danoise qui conjuque v\u00e9lo et camping...","og_url":"https:\/\/toploc.com\/blog\/mini-maison\/mini-caravane","og_site_name":"Toploc","article_publisher":"https:\/\/www.facebook.com\/locationfrancophone","article_published_time":"2024-05-25T08:06:09+00:00","article_modified_time":"2024-07-11T14:14:00+00:00","og_image":[{"width":1200,"height":628,"url":"https:\/\/toploc.com\/blog\/wp-content\/uploads\/2024\/05\/image-18.png","type":"image\/png"}],"author":"Guillaume","twitter_card":"summary_large_image","twitter_misc":{"\u00c9crit par":"Guillaume","Dur\u00e9e de lecture estim\u00e9e":"5 minutes"},"schema":{"@context":"https:\/\/schema.org","@graph":[{"@type":"Article","@id":"https:\/\/toploc.com\/blog\/mini-maison\/mini-caravane#article","isPartOf":{"@id":"https:\/\/toploc.com\/blog\/mini-maison\/mini-caravane"},"author":{"name":"Guillaume","@id":"https:\/\/toploc.com\/blog\/#\/schema\/person\/ab9993aff7c3d37b3a2f20d2a57e2e66"},"headline":"Wide Path Camper mini-caravane pour vos vacances \u00e0 v\u00e9lo !","datePublished":"2024-05-25T08:06:09+00:00","dateModified":"2024-07-11T14:14:00+00:00","mainEntityOfPage":{"@id":"https:\/\/toploc.com\/blog\/mini-maison\/mini-caravane"},"wordCount":740,"commentCount":6,"publisher":{"@id":"https:\/\/toploc.com\/blog\/#organization"},"image":{"@id":"https:\/\/toploc.com\/blog\/mini-maison\/mini-caravane#primaryimage"},"thumbnailUrl":"https:\/\/toploc.com\/blog\/wp-content\/uploads\/2024\/05\/image-18.png","keywords":["mini-caravane au bord de la mer","mini-caravane l\u00e9g\u00e8re","vacances \u00e9conomiques","vacances en caravane","vacances en v\u00e9lo"],"articleSection":["Tiny House"],"inLanguage":"fr-FR","potentialAction":[{"@type":"CommentAction","name":"Comment","target":["https:\/\/toploc.com\/blog\/mini-maison\/mini-caravane#respond"]}]},{"@type":"WebPage","@id":"https:\/\/toploc.com\/blog\/mini-maison\/mini-caravane","url":"https:\/\/toploc.com\/blog\/mini-maison\/mini-caravane","name":"Wide Path Camper mini-caravane pour vos vacances \u00e0 v\u00e9lo","isPartOf":{"@id":"https:\/\/toploc.com\/blog\/#website"},"primaryImageOfPage":{"@id":"https:\/\/toploc.com\/blog\/mini-maison\/mini-caravane#primaryimage"},"image":{"@id":"https:\/\/toploc.com\/blog\/mini-maison\/mini-caravane#primaryimage"},"thumbnailUrl":"https:\/\/toploc.com\/blog\/wp-content\/uploads\/2024\/05\/image-18.png","datePublished":"2024-05-25T08:06:09+00:00","dateModified":"2024-07-11T14:14:00+00:00","description":"Vous aimez faire du v\u00e9lo et s\u00e9journer en caravane ? D\u00e9couvrez la Wide Path Camper mini-caravane danoise qui conjuque v\u00e9lo et camping...","breadcrumb":{"@id":"https:\/\/toploc.com\/blog\/mini-maison\/mini-caravane#breadcrumb"},"inLanguage":"fr-FR","potentialAction":[{"@type":"ReadAction","target":["https:\/\/toploc.com\/blog\/mini-maison\/mini-caravane"]}]},{"@type":"ImageObject","inLanguage":"fr-FR","@id":"https:\/\/toploc.com\/blog\/mini-maison\/mini-caravane#primaryimage","url":"https:\/\/toploc.com\/blog\/wp-content\/uploads\/2024\/05\/image-18.png","contentUrl":"https:\/\/toploc.com\/blog\/wp-content\/uploads\/2024\/05\/image-18.png","width":1200,"height":628,"caption":"Wide path camper, une mini-caravane de 80 kg \u00a9 havingfun.fr"},{"@type":"BreadcrumbList","@id":"https:\/\/toploc.com\/blog\/mini-maison\/mini-caravane#breadcrumb","itemListElement":[{"@type":"ListItem","position":1,"name":"Accueil","item":"https:\/\/toploc.com\/blog"},{"@type":"ListItem","position":2,"name":"Wide Path Camper mini-caravane pour vos vacances \u00e0 v\u00e9lo !"}]},{"@type":"WebSite","@id":"https:\/\/toploc.com\/blog\/#website","url":"https:\/\/toploc.com\/blog\/","name":"Toploc","description":"Itin\u00e9raires natures et locations de vacances en groupe","publisher":{"@id":"https:\/\/toploc.com\/blog\/#organization"},"potentialAction":[{"@type":"SearchAction","target":{"@type":"EntryPoint","urlTemplate":"https:\/\/toploc.com\/blog\/?s={search_term_string}"},"query-input":{"@type":"PropertyValueSpecification","valueRequired":true,"valueName":"search_term_string"}}],"inLanguage":"fr-FR"},{"@type":"Organization","@id":"https:\/\/toploc.com\/blog\/#organization","name":"Toploc","url":"https:\/\/toploc.com\/blog\/","logo":{"@type":"ImageObject","inLanguage":"fr-FR","@id":"https:\/\/toploc.com\/blog\/#\/schema\/logo\/image\/","url":"https:\/\/blog.toploc.com\/wp-content\/uploads\/2022\/03\/toploc_facebook_5.png","contentUrl":"https:\/\/blog.toploc.com\/wp-content\/uploads\/2022\/03\/toploc_facebook_5.png","width":600,"height":600,"caption":"Toploc"},"image":{"@id":"https:\/\/toploc.com\/blog\/#\/schema\/logo\/image\/"},"sameAs":["https:\/\/www.facebook.com\/locationfrancophone","https:\/\/www.instagram.com\/toploc_","https:\/\/www.pinterest.fr\/Toploc_\/"]},{"@type":"Person","@id":"https:\/\/toploc.com\/blog\/#\/schema\/person\/ab9993aff7c3d37b3a2f20d2a57e2e66","name":"Guillaume","image":{"@type":"ImageObject","inLanguage":"fr-FR","@id":"https:\/\/toploc.com\/blog\/#\/schema\/person\/image\/","url":"https:\/\/secure.gravatar.com\/avatar\/d80553a7f7ac9459767da9b2359979a62070bea95c2826cda6a65908541bf9e6?s=96&d=mm&r=g","contentUrl":"https:\/\/secure.gravatar.com\/avatar\/d80553a7f7ac9459767da9b2359979a62070bea95c2826cda6a65908541bf9e6?s=96&d=mm&r=g","caption":"Guillaume"},"description":"Je suis passionn\u00e9 de grands espaces, de montagnes et de trail running. Je suis aussi le co-fondateur de Toploc, une plateforme de voyage nature. Pourquoi ? pour partager mon go\u00fbt pour les aventures en plein air, les itin\u00e9raires de voyages et la nature.","url":"https:\/\/toploc.com\/blog\/author\/guillaume"}]}},"_links":{"self":[{"href":"https:\/\/toploc.com\/blog\/wp-json\/wp\/v2\/posts\/8649","targetHints":{"allow":["GET"]}}],"collection":[{"href":"https:\/\/toploc.com\/blog\/wp-json\/wp\/v2\/posts"}],"about":[{"href":"https:\/\/toploc.com\/blog\/wp-json\/wp\/v2\/types\/post"}],"author":[{"embeddable":true,"href":"https:\/\/toploc.com\/blog\/wp-json\/wp\/v2\/users\/2"}],"replies":[{"embeddable":true,"href":"https:\/\/toploc.com\/blog\/wp-json\/wp\/v2\/comments?post=8649"}],"version-history":[{"count":21,"href":"https:\/\/toploc.com\/blog\/wp-json\/wp\/v2\/posts\/8649\/revisions"}],"predecessor-version":[{"id":150860,"href":"https:\/\/toploc.com\/blog\/wp-json\/wp\/v2\/posts\/8649\/revisions\/150860"}],"wp:featuredmedia":[{"embeddable":true,"href":"https:\/\/toploc.com\/blog\/wp-json\/wp\/v2\/media\/149182"}],"wp:attachment":[{"href":"https:\/\/toploc.com\/blog\/wp-json\/wp\/v2\/media?parent=8649"}],"wp:term":[{"taxonomy":"category","embeddable":true,"href":"https:\/\/toploc.com\/blog\/wp-json\/wp\/v2\/categories?post=8649"},{"taxonomy":"post_tag","embeddable":true,"href":"https:\/\/toploc.com\/blog\/wp-json\/wp\/v2\/tags?post=8649"}],"curies":[{"name":"wp","href":"https:\/\/api.w.org\/{rel}","templated":true}]}}