{"id":84902,"date":"2025-06-02T17:51:14","date_gmt":"2025-06-02T15:51:14","guid":{"rendered":"https:\/\/www.location-francophone.com\/?p=84902"},"modified":"2025-06-02T17:51:15","modified_gmt":"2025-06-02T15:51:15","slug":"visiter-nimes","status":"publish","type":"post","link":"https:\/\/toploc.com\/blog\/france\/visiter-nimes","title":{"rendered":"Les 10 choses \u00e0 voir et \u00e0 faire pour visiter N\u00eemes"},"content":{"rendered":"\n<p>En arrivant \u00e0 N\u00eemes, on a l\u2019\u00e9trange sensation de remonter le temps sans quitter le sud de la France et l&#8217;Occitanie. Baign\u00e9e de lumi\u00e8re, la cit\u00e9 gardoise d\u00e9voile ses tr\u00e9sors antiques au d\u00e9tour de chaque ruelle, comme un livre d\u2019histoire \u00e0 ciel ouvert. Ici, l\u2019h\u00e9ritage romain n\u2019est pas un d\u00e9cor fig\u00e9 : il vit, il respire, il s\u2019anime. Quelles sont les choses \u00e0 voir et \u00e0 faire pour visiter N\u00eemes ? Au centre, les Ar\u00e8nes de N\u00eemes, majestueusement conserv\u00e9es, accueillent toujours concerts et spectacles comme aux heures de gloire de l\u2019Empire. Juste \u00e0 c\u00f4t\u00e9, la Maison Carr\u00e9e, temple antique d\u2019une rare perfection, semble avoir d\u00e9fi\u00e9 les si\u00e8cles sans une ride. Et plus loin, au sommet de la ville, la Tour Magne surveille les toits rouges et les jardins \u00e0 la fran\u00e7aise des Jardins de la Fontaine, premier jardin public d\u2019Europe.<\/p>\n\n\n\n<div class=\"wp-block-buttons is-content-justification-center is-layout-flex wp-container-core-buttons-is-layout-16018d1d wp-block-buttons-is-layout-flex\">\n<div class=\"wp-block-button has-custom-font-size has-small-font-size\"><a class=\"wp-block-button__link has-background wp-element-button\" href=\"https:\/\/toploc.com\/locations-vacances\/nimes\" style=\"background-color:#006b52\"><strong>\ud83d\udc49 NOS LOCATIONS VACANCES N\u00ceMES<\/strong><\/a><\/div>\n<\/div>\n\n\n\n<p>A lire : <a href=\"https:\/\/blog.toploc.com\/blog\/france\/vacances-dans-le-gard\">Les 10 choses \u00e0 voir et \u00e0 faire pour visiter le Gard<\/a><\/p>\n\n\n\n<h2 id=\"les-arenes\" class=\"wp-block-heading\">Les Ar\u00e8nes<\/h2>\n\n\n<div class=\"wp-block-image\">\n<figure class=\"aligncenter\"><a href=\"https:\/\/blog.toploc.com\/wp-content\/uploads\/2019\/08\/Balade-au-pied-des-arenes-de-Nimes.jpg\"><img loading=\"lazy\" decoding=\"async\" width=\"700\" height=\"452\" src=\"https:\/\/blog.toploc.com\/wp-content\/uploads\/2019\/08\/Balade-au-pied-des-arenes-de-Nimes.jpg\" alt=\"Balade au pied des ar\u00e8nes de N\u00eemes\" class=\"wp-image-84904\"\/><\/a><figcaption class=\"wp-element-caption\"><small>Balade au pied des ar\u00e8nes de N\u00eemes<\/small><\/figcaption><\/figure>\n<\/div>\n\n\n<h3 id=\"pourquoi-visiter-les-arenes-de-nimes\" class=\"wp-block-heading\">Pourquoi visiter les ar\u00e8nes de N\u00eemes ?<\/h3>\n\n\n\n<p>D\u00e9couvrir les Ar\u00e8nes de N\u00eemes, vestiges conserv\u00e9s de l&#8217;Antiquit\u00e9, c&#8217;est plonger dans l&#8217;histoire romaine au c\u0153ur de la ville. Ces impressionnants amphith\u00e9\u00e2tres datant du Ier si\u00e8cle apr\u00e8s J.-C., vous \u00e9blouiront par leur architecture grandiose. Imaginez-vous dans les si\u00e8ges des 20 000 spectateurs romains devant des combats de gladiateurs. Incontournable des amateurs d&#8217;histoire et de culture qui viennent visiter N\u00eemes. Cet amphith\u00e9\u00e2tre fait \u00e9galement partie des plus grandes constructions romaines les mieux conserv\u00e9es.<\/p>\n\n\n\n<h2 id=\"maison-carree\" class=\"wp-block-heading\">Maison Carr\u00e9e<\/h2>\n\n\n<div class=\"wp-block-image\">\n<figure class=\"aligncenter\"><a href=\"https:\/\/blog.toploc.com\/wp-content\/uploads\/2019\/08\/Pensez-a-visiter-Nimes-lors-de-vos-prochaines-vacances-dans-le-Gard.jpg\"><img loading=\"lazy\" decoding=\"async\" width=\"700\" height=\"460\" src=\"https:\/\/blog.toploc.com\/wp-content\/uploads\/2019\/08\/Pensez-a-visiter-Nimes-lors-de-vos-prochaines-vacances-dans-le-Gard.jpg\" alt=\"Pensez \u00e0 visiter la Maison Carr\u00e9e \u00e0 N\u00eemes lors de vos prochaines vacances dans le Gard \u00a9 DR\" class=\"wp-image-84903\"\/><\/a><figcaption class=\"wp-element-caption\"><small>Pensez \u00e0 visiter la Maison Carr\u00e9e \u00e0 N\u00eemes lors de vos prochaines vacances dans le Gard<\/small> \u00a9 DR<\/figcaption><\/figure>\n<\/div>\n\n\n<h3 id=\"pourquoi-visiter-la-maison-carree\" class=\"wp-block-heading\">Pourquoi visiter la maison Carr\u00e9e ?<\/h3>\n\n\n\n<p>La Maison Carr\u00e9e \u00e0 N\u00eemes est une invitation \u00e0 un voyage dans le temps. \u00c9rig\u00e9 au Ier si\u00e8cle apr\u00e8s J.-C, son architecture sym\u00e9trique et ses colonnes imposantes en font une merveille visuelle. \u00c0 l&#8217;int\u00e9rieur, d\u00e9couvrez l&#8217;histoire du b\u00e2timent qui incarne l&#8217;\u00e9l\u00e9gance et la grandeur de l&#8217;empire, \u00e0 travers des expositions captivantes. Ne manquez pas l&#8217;opportunit\u00e9 de d\u00e9couvrir ce tr\u00e9sor antique inscrit au patrimoine mondial de l&#8217;Unesco. La Maison Carr\u00e9e est un incontournable pour visiter N\u00eemes.\u00a0<\/p>\n\n\n\n<h2 id=\"tour-magne\" class=\"wp-block-heading\">Tour Magne<\/h2>\n\n\n\n<figure class=\"wp-block-image size-full\"><img loading=\"lazy\" decoding=\"async\" width=\"4992\" height=\"3328\" src=\"https:\/\/blog.toploc.com\/wp-content\/uploads\/2023\/09\/281_Tour_Magne_NIM_1008.jpg\" alt=\"Vue sur la Tour Magne \u00a9 Recoura Christope CultureEspaces Wikipedia\" class=\"wp-image-132172\"\/><figcaption class=\"wp-element-caption\">Vue sur la Tour Magne \u00a9 Recoura Christope CultureEspaces Wikipedia<\/figcaption><\/figure>\n\n\n\n<h3 id=\"pourquoi-visiter-la-tour-magne\" class=\"wp-block-heading\">Pourquoi visiter la Tour Magne ?<\/h3>\n\n\n\n<p>La Tour Magne, plus imposant vestige de la tr\u00e8s longue enceinte romaine de N\u00eemes, vous attend au sommet du mont Cavalier. Datant de l&#8217;\u00e9poque romaine, cette tour monumentale \u00e9tait autrefois un \u00e9l\u00e9ment cl\u00e9 des fortifications de la ville. Du haut de ses 32 m, elle offre une vue imprenable sur N\u00eemes et ses environs. Impr\u00e9gnez-vous de l&#8217;histoire et de la beaut\u00e9 de cet endroit charg\u00e9 de myst\u00e8re, car la Tour Magne est une destination incontournable pour visiter N\u00eemes.<\/p>\n\n\n\n<h2 id=\"jardins-de-la-fontaine\" class=\"wp-block-heading\">Jardins de la Fontaine<\/h2>\n\n\n\n<h3 id=\"pourquoi-visiter-nimes-et-les-jardins-de-la-fontaine\" class=\"wp-block-heading\">Pourquoi visiter N\u00eemes et les Jardins de la Fontaine ?<\/h3>\n\n\n\n<p>Les Jardins de la Fontaine \u00e0 N\u00eemes, v\u00e9ritable oasis de verdure au c\u0153ur de la ville. \u00c9labor\u00e9s autour de la source n\u00eemoise originelle au XVIIIe si\u00e8cle, ces jardins offrent un m\u00e9lange parfait de nature et d&#8217;histoire. Vous pourrez fl\u00e2ner parmi des all\u00e9es ombrag\u00e9es, admirer des sculptures classiques et vous d\u00e9tendre pr\u00e8s des bassins rafra\u00eechissants. Pour une balade sereine et culturelle, les Jardins de la Fontaine sont une destination id\u00e9ale pour visiter N\u00eemes.<\/p>\n\n\n\n<h2 id=\"bois-des-espeisses\" class=\"wp-block-heading\">Bois des Espeisses<\/h2>\n\n\n\n<figure class=\"wp-block-image size-full\"><img loading=\"lazy\" decoding=\"async\" width=\"1024\" height=\"620\" src=\"https:\/\/blog.toploc.com\/wp-content\/uploads\/2023\/09\/bois_espeisses.jpg.deform.1024x620.jpg\" alt=\"Bois des Espeisses pour visiter N\u00eemes \u00a9 N\u00eemes Tourisme\" class=\"wp-image-132173\"\/><figcaption class=\"wp-element-caption\">Bois des Espeisses pour visiter N\u00eemes \u00a9 N\u00eemes Tourisme<\/figcaption><\/figure>\n\n\n\n<h3 id=\"pourquoi-explorer-le-bois-des-espeisses\" class=\"wp-block-heading\">Pourquoi explorer le Bois des Espeisses ?<\/h3>\n\n\n\n<p>D\u00e9couvrir le Bois des Espeisses \u00e0 N\u00eemes, c&#8217;est s&#8217;immerger dans un havre de paix class\u00e9 en r\u00e9serve approuv\u00e9e au c\u0153ur de la ville. Cette vaste for\u00eat domaniale de ch\u00eanes verts et de pins offre un cadre idyllique pour une escapade en pleine nature. Vous pourrez explorer ses sentiers ombrag\u00e9s sur 56 hectares ouverts au public et am\u00e9nag\u00e9s. Le Bois des Espeisses est l&#8217;endroit parfait pour \u00e9chapper \u00e0 l&#8217;agitation urbaine tout en restant \u00e0 proximit\u00e9 du centre-ville pour visiter N\u00eemes.<\/p>\n\n\n\n<h2 id=\"temple-de-diane\" class=\"wp-block-heading\">Temple de Diane<\/h2>\n\n\n<div class=\"wp-block-image\">\n<figure class=\"aligncenter\"><a href=\"https:\/\/blog.toploc.com\/wp-content\/uploads\/2019\/08\/Decouverte-du-temple-de-Diane-un-monument-romain-construit-au-I\u1d49\u02b3-siecle-a-Nimes-dans-le-Gard.jpg\"><img loading=\"lazy\" decoding=\"async\" width=\"700\" height=\"453\" src=\"https:\/\/blog.toploc.com\/wp-content\/uploads\/2019\/08\/Decouverte-du-temple-de-Diane-un-monument-romain-construit-au-I\u1d49\u02b3-siecle-a-Nimes-dans-le-Gard.jpg\" alt=\"<small&gt;D\u00e9couverte du temple de Diane, un monument romain construit au I\u1d49\u02b3 si\u00e8cle \u00e0 N\u00eemes, dans le Gard<\/small&gt;\" class=\"wp-image-84905\"\/><\/a><figcaption class=\"wp-element-caption\">D\u00e9couverte du temple de Diane, un monument romain construit au I\u1d49\u02b3 si\u00e8cle \u00e0 N\u00eemes, dans le Gard<\/figcaption><\/figure>\n<\/div>\n\n\n<h3 id=\"pourquoi-visiter-nimes-et-le-temple-de-diane\" class=\"wp-block-heading\">Pourquoi visiter N\u00eemes et le Temple de Diane ?<\/h3>\n\n\n\n<p>Le Temple de Diane \u00e0 N\u00eemes est un tr\u00e9sor arch\u00e9ologique qui vous transporte dans le pass\u00e9 gallo-romain de la ville. Bien que sa fonction premi\u00e8re reste d\u00e9battue, le temple est construit au premier si\u00e8cle au c\u0153ur du jardin de la Fontaine. Pour les amateurs d&#8217;histoire et d&#8217;architecture, une visite au Temple de Diane offre une ambiance paisible et myst\u00e9rieuse, un lieu \u00e0 visiter \u00e0 N\u00eemes.<\/p>\n\n\n\n<h2 id=\"festival-de-nimes\" class=\"wp-block-heading\">Festival de N\u00eemes<\/h2>\n\n\n\n<h3 id=\"pourquoi-visiter-nimes-et-le-festival-de-nimes\" class=\"wp-block-heading\">Pourquoi visiter N\u00eemes et le festival de N\u00eemes ?<\/h3>\n\n\n\n<p>Visiter N\u00eemes c\u2019est aussi profiter de son festival. Le Festival de N\u00eemes est un \u00e9v\u00e9nement musical l\u00e9gendaire. Depuis des d\u00e9cennies, il accueille entre juin et juillet des artistes de renomm\u00e9e mondiale comme Florent Pagny ou Elton John dans un cadre exceptionnel. Vous serez enchant\u00e9 par la magie qui op\u00e8re lorsque la musique r\u00e9sonne dans cet amphith\u00e9\u00e2tre antique. Ne manquez pas l&#8217;opportunit\u00e9 de vivre des moments musicaux m\u00e9morables au c\u0153ur de cette ville charg\u00e9e d&#8217;histoire.<\/p>\n\n\n\n<h2 id=\"feria-de-nimes\" class=\"wp-block-heading\">Feria de N\u00eemes<\/h2>\n\n\n\n<figure class=\"wp-block-image size-full\"><img loading=\"lazy\" decoding=\"async\" width=\"885\" height=\"500\" src=\"https:\/\/blog.toploc.com\/wp-content\/uploads\/2023\/09\/image-3.jpg\" alt=\"Arenes de N\u00eemes \u00a9 Midi Libre Mikael Anisset\" class=\"wp-image-132174\"\/><figcaption class=\"wp-element-caption\">Arenes de N\u00eemes \u00a9 Midi Libre Mikael Anisset<\/figcaption><\/figure>\n\n\n\n<h3 id=\"pourquoi-participer-a-la-feria-de-nimes\" class=\"wp-block-heading\">Pourquoi participer \u00e0 la Feria de N\u00eemes ?<\/h3>\n\n\n\n<p>Plongez dans l&#8217;effervescence d&#8217;une tradition culturelle ancr\u00e9e dans le sud de la France. La Feria de N\u00eemes est une f\u00eate populaire centr\u00e9e sur la tauromachie se tenant chaque ann\u00e9e en septembre \u00e0 N\u00eemes depuis 1952. Les rues de N\u00eemes se transforment en un v\u00e9ritable carnaval.Une c\u00e9l\u00e9bration joyeuse qui s\u00e9duira tous les amateurs de f\u00eates et de traditions locales.<\/p>\n\n\n\n<h2 id=\"musee-de-la-romanite\" class=\"wp-block-heading\">Mus\u00e9e de la Romanit\u00e9<\/h2>\n\n\n\n<figure class=\"wp-block-image size-full\"><img loading=\"lazy\" decoding=\"async\" width=\"1024\" height=\"630\" src=\"https:\/\/blog.toploc.com\/wp-content\/uploads\/2023\/09\/slider1-2-1024x630.v1532596954.webp\" alt=\"Vue ext\u00e9rieure sur le mus\u00e9e de la Romanit\u00e9 \u00a9  Mus\u00e9edelaromanite.fr\" class=\"wp-image-132175\"\/><figcaption class=\"wp-element-caption\">Vue ext\u00e9rieure sur le mus\u00e9e de la Romanit\u00e9 \u00a9  Mus\u00e9edelaromanite.fr<\/figcaption><\/figure>\n\n\n\n<h3 id=\"pourquoi-visiter-le-musee-de-la-romanite\" class=\"wp-block-heading\">Pourquoi visiter le Mus\u00e9e de la Romanit\u00e9 ?<\/h3>\n\n\n\n<p>Situ\u00e9 face \u00e0 l\u2019amphith\u00e9\u00e2tre romain, le Mus\u00e9e de la Romanit\u00e9 de N\u00eemes est une v\u00e9ritable perle pour les passionn\u00e9s d&#8217;histoire romaine. Il vous transporte dans l&#8217;Antiquit\u00e9 avec une collection exceptionnelle d&#8217;artefacts, de sculptures et de mosa\u00efques. Ouvert en 2018, l\u2019architecture moderne du mus\u00e9e contraste magnifiquement avec les vestiges romains environnants. Ne manquez pas cette immersion culturelle lorsque vous venez visiter N\u00eemes.<\/p>\n\n\n\n<h2 id=\"gardiane-de-taureau\" class=\"wp-block-heading\">Gardiane de taureau<\/h2>\n\n\n\n<figure class=\"wp-block-image size-full\"><img loading=\"lazy\" decoding=\"async\" width=\"750\" height=\"500\" src=\"https:\/\/blog.toploc.com\/wp-content\/uploads\/2023\/09\/1007318.webp\" alt=\"Une sp\u00e9cialit\u00e9 n\u00eemoise, la Gardiane de Taureau \u00e0 l'ancienne \u00a9 journal des femmes\" class=\"wp-image-132176\"\/><figcaption class=\"wp-element-caption\">Une sp\u00e9cialit\u00e9 n\u00eemoise, la Gardiane de Taureau \u00e0 l&#8217;ancienne \u00a9 journal des femmes<\/figcaption><\/figure>\n\n\n\n<h3 id=\"pourquoi-gouter-la-gardiane-de-taureau\" class=\"wp-block-heading\">Pourquoi gouter la Gardiane de taureau ?<\/h3>\n\n\n\n<p>Visiter N\u00eemes, c&#8217;est aussi s&#8217;immerger dans la tradition gastronomique camarguaise. Ce plat embl\u00e9matique de la r\u00e9gion du Gard, met en valeur la viande tendre de taureau marin\u00e9e dans une d\u00e9licieuse sauce aux herbes et au vin rouge. Vous pourrez d\u00e9guster la gardiane de Taureau dans de nombreux restaurants de N\u00eemes. Si vous \u00eates amateur de cuisine du terroir, la Gardiane de Taureau est un incontournable qui vous laissera des souvenirs gustatifs m\u00e9morables.<\/p>\n\n\n\n<h2 id=\"ou-se-loger-et-visiter-nimes\" class=\"wp-block-heading\">O\u00f9 se loger et visiter N\u00eemes ?<\/h2>\n\n\n\n<p>Si vous vous rendez dans le Gard et partez explorer N\u00eemes vous chercherez certainement une <a href=\"https:\/\/toploc.com\/locations-vacances\/gard\">location de vacances dans le Gard<\/a>. Voici notre s\u00e9lection Toploc. <\/p>\n\n\n\n<iframe loading=\"lazy\" width=\"100%\" height=\"450px\" frameborder=\"0\" src=\"https:\/\/toploc.com\/embed\/maps?min_price=0&#038;max_price=1000&#038;amenity_ids%5B%5D=&#038;location=Zone+carte&#038;dates=&#038;start_date=&#038;end_date=&#038;bbox_area=3.2703468750798947%2C43.577518294687366%2C4.952364362412283%2C44.41609466287565&#038;page=1&#038;order=&#038;curated_list_id=\"><\/iframe>\n\n\n\n<h2 id=\"faq-tout-savoir-pour-visiter-nimes\" class=\"wp-block-heading\">FAQ : tout savoir pour visiter N\u00eemes<\/h2>\n\n\n\n<h3 id=\"ou-telecharger-une-carte-touristique-de-nimes\" class=\"wp-block-heading\">O\u00f9 t\u00e9l\u00e9charger une carte touristique de N\u00eemes?<\/h3>\n\n\n\n<p>Si vous venez visiter N\u00eemes, vous aurez certainement besoin d\u2019une carte touristique de N\u00eemes. Nous avons retrouv\u00e9 pour vous la carte touristique de N\u00eemes propos\u00e9e par le site nimes-tourisme.com \u00e0 t\u00e9l\u00e9charger ci-dessous \ud83d\udc47 au format PDF.<\/p>\n\n\n\n<div class=\"wp-block-buttons is-content-justification-center is-layout-flex wp-container-core-buttons-is-layout-16018d1d wp-block-buttons-is-layout-flex\">\n<div class=\"wp-block-button has-custom-font-size has-small-font-size\"><a class=\"wp-block-button__link has-background wp-element-button\" href=\"https:\/\/blog.toploc.com\/wp-content\/uploads\/2023\/09\/Capture-de\u0301cran-2023-09-12-a\u0300-16.07.46.png\" style=\"background-color:#006b52\"><strong>CARTE TOURISTIQUE DE NIMES<\/strong><\/a><\/div>\n<\/div>\n\n\n\n<h3 id=\"ou-est-situee-nimes\" class=\"wp-block-heading\">O\u00f9 est situ\u00e9e N\u00eemes ?<\/h3>\n\n\n\n<p>N\u00eemes est une commune situ\u00e9e dans le d\u00e9partement Gard qui correspond au d\u00e9partement 30. N\u00eemes fait partie de la r\u00e9gion Languedoc-Roussillon. Sa superficie est de 161,37 km\u00b2 et sa population se monte \u00e0 156 116 habitants, ce qui donne une densit\u00e9 de 967 hab\/km\u00b2. Avec son architecture romaine unique, sa nature vari\u00e9e et ses monuments historiques, N\u00eemes est surnomm\u00e9e \u00e0 juste titre, \u00ab la Rome fran\u00e7aise \u00bb.<\/p>\n\n\n\n<h3 id=\"quels-sont-les-meilleurs-mois-pour-visiter-nimes\" class=\"wp-block-heading\">Quels sont les meilleurs mois pour visiter N\u00eemes ?<\/h3>\n\n\n\n<p>Les meilleurs mois pour se rendre \u00e0 N\u00eemes sont d&#8217; avril \u00e0 septembre. La ville b\u00e9n\u00e9ficie d&#8217;un climat de type m\u00e9diterran\u00e9en et fait partie des plus ensoleill\u00e9es de France. Avec une temp\u00e9rature moyenne maximale de 26\u00b0C sur l&#8217;ann\u00e9e. Vous pourrez profiter de belles journ\u00e9es chaudes et lumineuses.<\/p>\n\n\n\n<h3 id=\"quels-sont-les-5-plus-beaux-villages-autour-de-nimes\" class=\"wp-block-heading\">Quels sont les 5 plus beaux villages autour de N\u00eemes?<\/h3>\n\n\n\n<p>Les 5 plus beaux villages autour de N\u00eemes sont :<\/p>\n\n\n\n<ul class=\"wp-block-list\">\n<li>Aigu\u00e8ze et la forteresse m\u00e9di\u00e9vale<\/li>\n\n\n\n<li>Lussan et sa magnifique vue panoramique<\/li>\n\n\n\n<li>Goudargues, surnomm\u00e9 \u201cla Venise gardoise\u201d<\/li>\n\n\n\n<li>La-Roque-sur-C\u00e8ze et sa magnifique cascade<\/li>\n\n\n\n<li>Uz\u00e8s et ses tr\u00e9sors architecturaux<\/li>\n<\/ul>\n\n\n\n<p>Tous sont \u00e0 environ 1h en voiture de N\u00eemes.&nbsp;&nbsp;<\/p>\n\n\n\n<h3 id=\"quelles-sont-les-choses-a-faire-a-nimes\" class=\"wp-block-heading\">Quelles sont les choses \u00e0 faire \u00e0 N\u00eemes?<\/h3>\n\n\n\n<p>Les choses \u00e0 faire \u00e0 N\u00eemes sont nombreuses :&nbsp;<\/p>\n\n\n\n<ul class=\"wp-block-list\">\n<li>Les ar\u00e8nes de N\u00eemes<\/li>\n\n\n\n<li>La Maison Carr\u00e9e<\/li>\n\n\n\n<li>Le mus\u00e9e de la Romanit\u00e9<\/li>\n\n\n\n<li>La Feria de N\u00eemes<\/li>\n\n\n\n<li>Le bois des Espeisses<\/li>\n\n\n\n<li>La tour de l\u2019Horloge<\/li>\n\n\n\n<li>Les Halles de N\u00eemes<\/li>\n\n\n\n<li>Le Pont du Gard<\/li>\n<\/ul>\n\n\n\n<h3 id=\"quels-sont-les-5-musees-de-nimes\" class=\"wp-block-heading\">Quels sont les 5 mus\u00e9es de N\u00eemes?<\/h3>\n\n\n\n<p>Les 5 mus\u00e9es \u00e0 visiter de N\u00eemes sont :&nbsp;<\/p>\n\n\n\n<ul class=\"wp-block-list\">\n<li>Mus\u00e9e de la Romanit\u00e9<\/li>\n\n\n\n<li>Carr\u00e9 d&#8217;Art\/Mus\u00e9e d&#8217;art contemporain<\/li>\n\n\n\n<li>Mus\u00e9e des Beaux-arts<\/li>\n\n\n\n<li>Centre d&#8217;Art Contemporain de N\u00eemes<\/li>\n\n\n\n<li>Mus\u00e9e d\u2019Histoire Naturelle<\/li>\n<\/ul>\n\n\n\n<h3 id=\"comment-visiter-nimes-en-1-jour\" class=\"wp-block-heading\">Comment visiter N\u00eemes en 1 jour ?<\/h3>\n\n\n\n<p>Pour visiter N\u00eemes en 1 jour :&nbsp;<\/p>\n\n\n\n<ul class=\"wp-block-list\">\n<li>Commencez par le mus\u00e9e de la Romanit\u00e9<\/li>\n\n\n\n<li>Admirez ensuite L&#8217;Amphith\u00e9\u00e2tre<\/li>\n\n\n\n<li>Visitez La Maison Carr\u00e9e<\/li>\n\n\n\n<li>D\u00e9ambuler \u00e0 travers Les Jardins de la Fontaine<\/li>\n\n\n\n<li>Admirez La Tour de Magne<\/li>\n\n\n\n<li>Pour finir d\u00e9couvrez Le Castellum<\/li>\n<\/ul>\n\n\n\n<p>Julien pour Toploc<\/p>\n","protected":false},"excerpt":{"rendered":"En arrivant \u00e0 N\u00eemes, on a l\u2019\u00e9trange sensation de remonter le temps sans quitter le sud de la&hellip;\n","protected":false},"author":3,"featured_media":132174,"comment_status":"open","ping_status":"closed","sticky":false,"template":"","format":"standard","meta":{"footnotes":""},"categories":[6859,114],"tags":[6930],"class_list":{"0":"post-84902","1":"post","2":"type-post","3":"status-publish","4":"format-standard","5":"has-post-thumbnail","7":"category-campagne","8":"category-france","9":"tag-nimes"},"yoast_head":"<!-- This site is optimized with the Yoast SEO plugin v26.9 - https:\/\/yoast.com\/product\/yoast-seo-wordpress\/ -->\n<title>Les 10 choses \u00e0 voir et \u00e0 faire pour visiter N\u00eemes<\/title>\n<meta name=\"description\" content=\"Visiter N\u00eemes : Ar\u00e8nes . Maison Carr\u00e9e . Tour Magne . Jardins de la Fontaine . Bois des Espeisses . Romanit\u00e9 . Temple de Diane . Feria\" \/>\n<meta name=\"robots\" content=\"index, follow, max-snippet:-1, max-image-preview:large, max-video-preview:-1\" \/>\n<link rel=\"canonical\" href=\"https:\/\/toploc.com\/blog\/france\/visiter-nimes\" \/>\n<meta property=\"og:locale\" content=\"fr_FR\" \/>\n<meta property=\"og:type\" content=\"article\" \/>\n<meta property=\"og:title\" content=\"Les 10 choses \u00e0 voir et \u00e0 faire pour visiter N\u00eemes\" \/>\n<meta property=\"og:description\" content=\"Visiter N\u00eemes : Ar\u00e8nes . Maison Carr\u00e9e . Tour Magne . Jardins de la Fontaine . Bois des Espeisses . Romanit\u00e9 . Temple de Diane . Feria\" \/>\n<meta property=\"og:url\" content=\"https:\/\/toploc.com\/blog\/france\/visiter-nimes\" \/>\n<meta property=\"og:site_name\" content=\"Toploc\" \/>\n<meta property=\"article:publisher\" content=\"https:\/\/www.facebook.com\/locationfrancophone\" \/>\n<meta property=\"article:published_time\" content=\"2025-06-02T15:51:14+00:00\" \/>\n<meta property=\"article:modified_time\" content=\"2025-06-02T15:51:15+00:00\" \/>\n<meta property=\"og:image\" content=\"https:\/\/toploc.com\/blog\/wp-content\/uploads\/2023\/09\/image-3.jpg\" \/>\n\t<meta property=\"og:image:width\" content=\"885\" \/>\n\t<meta property=\"og:image:height\" content=\"500\" \/>\n\t<meta property=\"og:image:type\" content=\"image\/jpeg\" \/>\n<meta name=\"author\" content=\"Julien\" \/>\n<meta name=\"twitter:card\" content=\"summary_large_image\" \/>\n<meta name=\"twitter:label1\" content=\"\u00c9crit par\" \/>\n\t<meta name=\"twitter:data1\" content=\"Julien\" \/>\n\t<meta name=\"twitter:label2\" content=\"Dur\u00e9e de lecture estim\u00e9e\" \/>\n\t<meta name=\"twitter:data2\" content=\"10 minutes\" \/>\n<script type=\"application\/ld+json\" class=\"yoast-schema-graph\">{\"@context\":\"https:\/\/schema.org\",\"@graph\":[{\"@type\":\"Article\",\"@id\":\"https:\/\/toploc.com\/blog\/france\/visiter-nimes#article\",\"isPartOf\":{\"@id\":\"https:\/\/toploc.com\/blog\/france\/visiter-nimes\"},\"author\":{\"name\":\"Julien\",\"@id\":\"https:\/\/toploc.com\/blog\/#\/schema\/person\/b66f845e3e2106301dee05e5bc776788\"},\"headline\":\"Les 10 choses \u00e0 voir et \u00e0 faire pour visiter N\u00eemes\",\"datePublished\":\"2025-06-02T15:51:14+00:00\",\"dateModified\":\"2025-06-02T15:51:15+00:00\",\"mainEntityOfPage\":{\"@id\":\"https:\/\/toploc.com\/blog\/france\/visiter-nimes\"},\"wordCount\":1671,\"commentCount\":0,\"publisher\":{\"@id\":\"https:\/\/toploc.com\/blog\/#organization\"},\"image\":{\"@id\":\"https:\/\/toploc.com\/blog\/france\/visiter-nimes#primaryimage\"},\"thumbnailUrl\":\"https:\/\/toploc.com\/blog\/wp-content\/uploads\/2023\/09\/image-3.jpg\",\"keywords\":[\"N\u00eemes\"],\"articleSection\":[\"Campagne\",\"Itin\u00e9raires France\"],\"inLanguage\":\"fr-FR\",\"potentialAction\":[{\"@type\":\"CommentAction\",\"name\":\"Comment\",\"target\":[\"https:\/\/toploc.com\/blog\/france\/visiter-nimes#respond\"]}]},{\"@type\":\"WebPage\",\"@id\":\"https:\/\/toploc.com\/blog\/france\/visiter-nimes\",\"url\":\"https:\/\/toploc.com\/blog\/france\/visiter-nimes\",\"name\":\"Les 10 choses \u00e0 voir et \u00e0 faire pour visiter N\u00eemes\",\"isPartOf\":{\"@id\":\"https:\/\/toploc.com\/blog\/#website\"},\"primaryImageOfPage\":{\"@id\":\"https:\/\/toploc.com\/blog\/france\/visiter-nimes#primaryimage\"},\"image\":{\"@id\":\"https:\/\/toploc.com\/blog\/france\/visiter-nimes#primaryimage\"},\"thumbnailUrl\":\"https:\/\/toploc.com\/blog\/wp-content\/uploads\/2023\/09\/image-3.jpg\",\"datePublished\":\"2025-06-02T15:51:14+00:00\",\"dateModified\":\"2025-06-02T15:51:15+00:00\",\"description\":\"Visiter N\u00eemes : Ar\u00e8nes . Maison Carr\u00e9e . Tour Magne . Jardins de la Fontaine . Bois des Espeisses . Romanit\u00e9 . Temple de Diane . Feria\",\"breadcrumb\":{\"@id\":\"https:\/\/toploc.com\/blog\/france\/visiter-nimes#breadcrumb\"},\"inLanguage\":\"fr-FR\",\"potentialAction\":[{\"@type\":\"ReadAction\",\"target\":[\"https:\/\/toploc.com\/blog\/france\/visiter-nimes\"]}]},{\"@type\":\"ImageObject\",\"inLanguage\":\"fr-FR\",\"@id\":\"https:\/\/toploc.com\/blog\/france\/visiter-nimes#primaryimage\",\"url\":\"https:\/\/toploc.com\/blog\/wp-content\/uploads\/2023\/09\/image-3.jpg\",\"contentUrl\":\"https:\/\/toploc.com\/blog\/wp-content\/uploads\/2023\/09\/image-3.jpg\",\"width\":885,\"height\":500,\"caption\":\"Arenes de N\u00eemes \u00a9 Midi Libre Mikael Anisset\"},{\"@type\":\"BreadcrumbList\",\"@id\":\"https:\/\/toploc.com\/blog\/france\/visiter-nimes#breadcrumb\",\"itemListElement\":[{\"@type\":\"ListItem\",\"position\":1,\"name\":\"Accueil\",\"item\":\"https:\/\/toploc.com\/blog\"},{\"@type\":\"ListItem\",\"position\":2,\"name\":\"Les 10 choses \u00e0 voir et \u00e0 faire pour visiter N\u00eemes\"}]},{\"@type\":\"WebSite\",\"@id\":\"https:\/\/toploc.com\/blog\/#website\",\"url\":\"https:\/\/toploc.com\/blog\/\",\"name\":\"Toploc\",\"description\":\"Itin\u00e9raires natures et locations de vacances en groupe\",\"publisher\":{\"@id\":\"https:\/\/toploc.com\/blog\/#organization\"},\"potentialAction\":[{\"@type\":\"SearchAction\",\"target\":{\"@type\":\"EntryPoint\",\"urlTemplate\":\"https:\/\/toploc.com\/blog\/?s={search_term_string}\"},\"query-input\":{\"@type\":\"PropertyValueSpecification\",\"valueRequired\":true,\"valueName\":\"search_term_string\"}}],\"inLanguage\":\"fr-FR\"},{\"@type\":\"Organization\",\"@id\":\"https:\/\/toploc.com\/blog\/#organization\",\"name\":\"Toploc\",\"url\":\"https:\/\/toploc.com\/blog\/\",\"logo\":{\"@type\":\"ImageObject\",\"inLanguage\":\"fr-FR\",\"@id\":\"https:\/\/toploc.com\/blog\/#\/schema\/logo\/image\/\",\"url\":\"https:\/\/blog.toploc.com\/wp-content\/uploads\/2022\/03\/toploc_facebook_5.png\",\"contentUrl\":\"https:\/\/blog.toploc.com\/wp-content\/uploads\/2022\/03\/toploc_facebook_5.png\",\"width\":600,\"height\":600,\"caption\":\"Toploc\"},\"image\":{\"@id\":\"https:\/\/toploc.com\/blog\/#\/schema\/logo\/image\/\"},\"sameAs\":[\"https:\/\/www.facebook.com\/locationfrancophone\",\"https:\/\/www.instagram.com\/toploc_\",\"https:\/\/www.pinterest.fr\/Toploc_\/\"]},{\"@type\":\"Person\",\"@id\":\"https:\/\/toploc.com\/blog\/#\/schema\/person\/b66f845e3e2106301dee05e5bc776788\",\"name\":\"Julien\",\"image\":{\"@type\":\"ImageObject\",\"inLanguage\":\"fr-FR\",\"@id\":\"https:\/\/toploc.com\/blog\/#\/schema\/person\/image\/\",\"url\":\"https:\/\/secure.gravatar.com\/avatar\/642d3d11687b291bb0ade289db2c7d821a72910624f4eb86cab555b4c6a3ed15?s=96&d=mm&r=g\",\"contentUrl\":\"https:\/\/secure.gravatar.com\/avatar\/642d3d11687b291bb0ade289db2c7d821a72910624f4eb86cab555b4c6a3ed15?s=96&d=mm&r=g\",\"caption\":\"Julien\"},\"description\":\"Julien est un passionn\u00e9 de nature et de grands espaces. Guide de moyenne montagne en Andorre, il a partag\u00e9 ses r\u00e9cits de voyage pendant plusieurs ann\u00e9es. Aujourd'hui il est co-auteur de plusieurs articles pour Toploc.\",\"url\":\"https:\/\/toploc.com\/blog\/author\/julien\"}]}<\/script>\n<!-- \/ Yoast SEO plugin. -->","yoast_head_json":{"title":"Les 10 choses \u00e0 voir et \u00e0 faire pour visiter N\u00eemes","description":"Visiter N\u00eemes : Ar\u00e8nes . Maison Carr\u00e9e . Tour Magne . Jardins de la Fontaine . Bois des Espeisses . Romanit\u00e9 . Temple de Diane . Feria","robots":{"index":"index","follow":"follow","max-snippet":"max-snippet:-1","max-image-preview":"max-image-preview:large","max-video-preview":"max-video-preview:-1"},"canonical":"https:\/\/toploc.com\/blog\/france\/visiter-nimes","og_locale":"fr_FR","og_type":"article","og_title":"Les 10 choses \u00e0 voir et \u00e0 faire pour visiter N\u00eemes","og_description":"Visiter N\u00eemes : Ar\u00e8nes . Maison Carr\u00e9e . Tour Magne . Jardins de la Fontaine . Bois des Espeisses . Romanit\u00e9 . Temple de Diane . Feria","og_url":"https:\/\/toploc.com\/blog\/france\/visiter-nimes","og_site_name":"Toploc","article_publisher":"https:\/\/www.facebook.com\/locationfrancophone","article_published_time":"2025-06-02T15:51:14+00:00","article_modified_time":"2025-06-02T15:51:15+00:00","og_image":[{"width":885,"height":500,"url":"https:\/\/toploc.com\/blog\/wp-content\/uploads\/2023\/09\/image-3.jpg","type":"image\/jpeg"}],"author":"Julien","twitter_card":"summary_large_image","twitter_misc":{"\u00c9crit par":"Julien","Dur\u00e9e de lecture estim\u00e9e":"10 minutes"},"schema":{"@context":"https:\/\/schema.org","@graph":[{"@type":"Article","@id":"https:\/\/toploc.com\/blog\/france\/visiter-nimes#article","isPartOf":{"@id":"https:\/\/toploc.com\/blog\/france\/visiter-nimes"},"author":{"name":"Julien","@id":"https:\/\/toploc.com\/blog\/#\/schema\/person\/b66f845e3e2106301dee05e5bc776788"},"headline":"Les 10 choses \u00e0 voir et \u00e0 faire pour visiter N\u00eemes","datePublished":"2025-06-02T15:51:14+00:00","dateModified":"2025-06-02T15:51:15+00:00","mainEntityOfPage":{"@id":"https:\/\/toploc.com\/blog\/france\/visiter-nimes"},"wordCount":1671,"commentCount":0,"publisher":{"@id":"https:\/\/toploc.com\/blog\/#organization"},"image":{"@id":"https:\/\/toploc.com\/blog\/france\/visiter-nimes#primaryimage"},"thumbnailUrl":"https:\/\/toploc.com\/blog\/wp-content\/uploads\/2023\/09\/image-3.jpg","keywords":["N\u00eemes"],"articleSection":["Campagne","Itin\u00e9raires France"],"inLanguage":"fr-FR","potentialAction":[{"@type":"CommentAction","name":"Comment","target":["https:\/\/toploc.com\/blog\/france\/visiter-nimes#respond"]}]},{"@type":"WebPage","@id":"https:\/\/toploc.com\/blog\/france\/visiter-nimes","url":"https:\/\/toploc.com\/blog\/france\/visiter-nimes","name":"Les 10 choses \u00e0 voir et \u00e0 faire pour visiter N\u00eemes","isPartOf":{"@id":"https:\/\/toploc.com\/blog\/#website"},"primaryImageOfPage":{"@id":"https:\/\/toploc.com\/blog\/france\/visiter-nimes#primaryimage"},"image":{"@id":"https:\/\/toploc.com\/blog\/france\/visiter-nimes#primaryimage"},"thumbnailUrl":"https:\/\/toploc.com\/blog\/wp-content\/uploads\/2023\/09\/image-3.jpg","datePublished":"2025-06-02T15:51:14+00:00","dateModified":"2025-06-02T15:51:15+00:00","description":"Visiter N\u00eemes : Ar\u00e8nes . Maison Carr\u00e9e . Tour Magne . Jardins de la Fontaine . Bois des Espeisses . Romanit\u00e9 . Temple de Diane . Feria","breadcrumb":{"@id":"https:\/\/toploc.com\/blog\/france\/visiter-nimes#breadcrumb"},"inLanguage":"fr-FR","potentialAction":[{"@type":"ReadAction","target":["https:\/\/toploc.com\/blog\/france\/visiter-nimes"]}]},{"@type":"ImageObject","inLanguage":"fr-FR","@id":"https:\/\/toploc.com\/blog\/france\/visiter-nimes#primaryimage","url":"https:\/\/toploc.com\/blog\/wp-content\/uploads\/2023\/09\/image-3.jpg","contentUrl":"https:\/\/toploc.com\/blog\/wp-content\/uploads\/2023\/09\/image-3.jpg","width":885,"height":500,"caption":"Arenes de N\u00eemes \u00a9 Midi Libre Mikael Anisset"},{"@type":"BreadcrumbList","@id":"https:\/\/toploc.com\/blog\/france\/visiter-nimes#breadcrumb","itemListElement":[{"@type":"ListItem","position":1,"name":"Accueil","item":"https:\/\/toploc.com\/blog"},{"@type":"ListItem","position":2,"name":"Les 10 choses \u00e0 voir et \u00e0 faire pour visiter N\u00eemes"}]},{"@type":"WebSite","@id":"https:\/\/toploc.com\/blog\/#website","url":"https:\/\/toploc.com\/blog\/","name":"Toploc","description":"Itin\u00e9raires natures et locations de vacances en groupe","publisher":{"@id":"https:\/\/toploc.com\/blog\/#organization"},"potentialAction":[{"@type":"SearchAction","target":{"@type":"EntryPoint","urlTemplate":"https:\/\/toploc.com\/blog\/?s={search_term_string}"},"query-input":{"@type":"PropertyValueSpecification","valueRequired":true,"valueName":"search_term_string"}}],"inLanguage":"fr-FR"},{"@type":"Organization","@id":"https:\/\/toploc.com\/blog\/#organization","name":"Toploc","url":"https:\/\/toploc.com\/blog\/","logo":{"@type":"ImageObject","inLanguage":"fr-FR","@id":"https:\/\/toploc.com\/blog\/#\/schema\/logo\/image\/","url":"https:\/\/blog.toploc.com\/wp-content\/uploads\/2022\/03\/toploc_facebook_5.png","contentUrl":"https:\/\/blog.toploc.com\/wp-content\/uploads\/2022\/03\/toploc_facebook_5.png","width":600,"height":600,"caption":"Toploc"},"image":{"@id":"https:\/\/toploc.com\/blog\/#\/schema\/logo\/image\/"},"sameAs":["https:\/\/www.facebook.com\/locationfrancophone","https:\/\/www.instagram.com\/toploc_","https:\/\/www.pinterest.fr\/Toploc_\/"]},{"@type":"Person","@id":"https:\/\/toploc.com\/blog\/#\/schema\/person\/b66f845e3e2106301dee05e5bc776788","name":"Julien","image":{"@type":"ImageObject","inLanguage":"fr-FR","@id":"https:\/\/toploc.com\/blog\/#\/schema\/person\/image\/","url":"https:\/\/secure.gravatar.com\/avatar\/642d3d11687b291bb0ade289db2c7d821a72910624f4eb86cab555b4c6a3ed15?s=96&d=mm&r=g","contentUrl":"https:\/\/secure.gravatar.com\/avatar\/642d3d11687b291bb0ade289db2c7d821a72910624f4eb86cab555b4c6a3ed15?s=96&d=mm&r=g","caption":"Julien"},"description":"Julien est un passionn\u00e9 de nature et de grands espaces. Guide de moyenne montagne en Andorre, il a partag\u00e9 ses r\u00e9cits de voyage pendant plusieurs ann\u00e9es. Aujourd'hui il est co-auteur de plusieurs articles pour Toploc.","url":"https:\/\/toploc.com\/blog\/author\/julien"}]}},"_links":{"self":[{"href":"https:\/\/toploc.com\/blog\/wp-json\/wp\/v2\/posts\/84902","targetHints":{"allow":["GET"]}}],"collection":[{"href":"https:\/\/toploc.com\/blog\/wp-json\/wp\/v2\/posts"}],"about":[{"href":"https:\/\/toploc.com\/blog\/wp-json\/wp\/v2\/types\/post"}],"author":[{"embeddable":true,"href":"https:\/\/toploc.com\/blog\/wp-json\/wp\/v2\/users\/3"}],"replies":[{"embeddable":true,"href":"https:\/\/toploc.com\/blog\/wp-json\/wp\/v2\/comments?post=84902"}],"version-history":[{"count":9,"href":"https:\/\/toploc.com\/blog\/wp-json\/wp\/v2\/posts\/84902\/revisions"}],"predecessor-version":[{"id":155203,"href":"https:\/\/toploc.com\/blog\/wp-json\/wp\/v2\/posts\/84902\/revisions\/155203"}],"wp:featuredmedia":[{"embeddable":true,"href":"https:\/\/toploc.com\/blog\/wp-json\/wp\/v2\/media\/132174"}],"wp:attachment":[{"href":"https:\/\/toploc.com\/blog\/wp-json\/wp\/v2\/media?parent=84902"}],"wp:term":[{"taxonomy":"category","embeddable":true,"href":"https:\/\/toploc.com\/blog\/wp-json\/wp\/v2\/categories?post=84902"},{"taxonomy":"post_tag","embeddable":true,"href":"https:\/\/toploc.com\/blog\/wp-json\/wp\/v2\/tags?post=84902"}],"curies":[{"name":"wp","href":"https:\/\/api.w.org\/{rel}","templated":true}]}}