{"id":81083,"date":"2026-03-08T17:26:19","date_gmt":"2026-03-08T16:26:19","guid":{"rendered":"https:\/\/www.location-francophone.com\/?p=81083"},"modified":"2026-03-23T17:26:22","modified_gmt":"2026-03-23T16:26:22","slug":"visiter-sete","status":"publish","type":"post","link":"https:\/\/toploc.com\/blog\/france\/visiter-sete","title":{"rendered":"Les 10 choses \u00e0 voir et \u00e0 faire pour visiter S\u00e8te"},"content":{"rendered":"\n<p>Ville portuaire du sud-est de la France, S\u00e8te est une destination de vacances incontournable du d\u00e9partement de l&#8217;H\u00e9rault. Bord\u00e9e par la M\u00e9diterran\u00e9e, c&#8217;est une destination de vacances tr\u00e8s appr\u00e9ci\u00e9e des voyageurs estivaux. Quelles sont les choses \u00e0 voir et \u00e0 faire pour visiter S\u00e8te ? Avec ses 12&nbsp;kilom\u00e8tres de plages r\u00e9partis entre la M\u00e9diterran\u00e9e et l\u2019\u00c9tang de Thau, S\u00e8te donnera le ton \u00e0 vos vacances \u00e0 la plage. On vous emm\u00e8ne ensuite du c\u00f4t\u00e9 du Mont-Saint-Clair pour admirer la vue sur S\u00e8te et explorer la for\u00eat des pierres blanches. Vous pourrez aussi visiter le Phare Louis et assister \u00e0 un spectacle au th\u00e9\u00e2tre de la Mer sc\u00e8ne incontournable de S\u00e8te. En bonus, t\u00e9l\u00e9chargez la carte touristique de S\u00e8te au format .pdf dans la FAQ de l&#8217;article.<\/p>\n\n\n\n<div class=\"wp-block-buttons is-content-justification-center is-layout-flex wp-container-core-buttons-is-layout-16018d1d wp-block-buttons-is-layout-flex\">\n<div class=\"wp-block-button\"><a class=\"wp-block-button__link has-background has-small-font-size has-custom-font-size wp-element-button\" href=\"https:\/\/toploc.com\/locations-vacances\/sete\" style=\"background-color:#006b52\"><strong>\ud83d\udc49NOS LOCATIONS VACANCES S\u00c8TE<\/strong><\/a><\/div>\n<\/div>\n\n\n\n<p>A lire : <a href=\"https:\/\/toploc.com\/blog\/france\/visiter-l-herault\">Les 20 choses \u00e0 voir et \u00e0 faire pour visiter l\u2019H\u00e9rault<\/a><\/p>\n\n\n\n<h2 class=\"wp-block-heading\" id=\"mont-saint-clair\">Mont Saint-Clair<\/h2>\n\n\n\n<figure class=\"wp-block-image size-full\"><img loading=\"lazy\" decoding=\"async\" width=\"1200\" height=\"900\" src=\"https:\/\/blog.toploc.com\/wp-content\/uploads\/2023\/12\/image-30.png\" alt=\"Le Mont Saint Clair et ses 183m d'altitude \u00a9 Cols-cyclisme\" class=\"wp-image-136544\" style=\"aspect-ratio:16\/9;object-fit:cover\"\/><figcaption class=\"wp-element-caption\">Le Mont Saint Clair et ses 183m d&#8217;altitude \u00a9 Cols-cyclisme<\/figcaption><\/figure>\n\n\n\n<h3 class=\"wp-block-heading\" id=\"pourquoi-visiter-s\u00e8te-et-mont-saint-clair--\"><span id=\"pourquoi-visiter-le-mont-saint-clair\">Pourquoi visiter le Mont Saint-Clair ?<\/span><\/h3>\n\n\n\n<p>D\u00e9couvrez le panorama du Mont Saint-Clair \u00e0 S\u00e8te. \u00c9mergeant majestueusement \u00e0 183 m\u00e8tres d&#8217;altitude, cette colline est une ancienne \u00eele de la mer M\u00e9diterran\u00e9e, ce qui lui vaut son surnom &#8220;d\u2019\u00eele singuli\u00e8re&#8221;. Au sommet la vue y est remarquable, ouverte \u00e0 la fois sur la c\u00f4te et la mer, sur l\u2019\u00e9tang et les garrigues. Du belv\u00e9d\u00e8re admirez la vision plongeante sur la ville. Un point de vue exceptionnel pour visiter S\u00e8te.<\/p>\n\n\n\n<h3 class=\"wp-block-heading\" id=\"que-voir-et-que-faire-\u00e0-mont-saint-clair--\"><span id=\"que-voir-et-que-faire-au-mont-saint-clair\">Que voir et que faire au Mont Saint-Clair ?<\/span><\/h3>\n\n\n\n<p>Voici la liste des choses \u00e0 voir et \u00e0 faire au Mont Saint-Clair :<\/p>\n\n\n\n<ul class=\"wp-block-list\">\n<li>Admirer la vue depuis le Belv\u00e9d\u00e8re sur la ville de S\u00e8te<\/li>\n\n\n\n<li>Observer la Croix du mont Saint-Clair illumin\u00e9e la nuit<\/li>\n\n\n\n<li>D\u00e9couvrir la chapelle Notre-Dame-de-la-Salette<\/li>\n\n\n\n<li>D\u00e9couvrir le phare de 23 m\u00e8tres du mont saint-clair<\/li>\n\n\n\n<li>Admirer le Fort de Richelieu<\/li>\n<\/ul>\n\n\n\n<h2 class=\"wp-block-heading\" id=\"phare-saint-louis\">Phare Saint Louis<\/h2>\n\n\n\n<figure class=\"wp-block-image size-full\"><img loading=\"lazy\" decoding=\"async\" width=\"1342\" height=\"887\" src=\"https:\/\/toploc.com\/blog\/wp-content\/uploads\/2025\/06\/Capture-decran-2025-07-31-151513.jpg\" alt=\"Le Phare Saint-Louis, immanquable \u00e0 S\u00e8te \u00a9okvoyage.com\" class=\"wp-image-155921\" style=\"aspect-ratio:16\/9;object-fit:cover\" srcset=\"https:\/\/toploc.com\/blog\/wp-content\/uploads\/2025\/06\/Capture-decran-2025-07-31-151513.jpg 1342w, https:\/\/toploc.com\/blog\/wp-content\/uploads\/2025\/06\/Capture-decran-2025-07-31-151513-300x198.jpg 300w, https:\/\/toploc.com\/blog\/wp-content\/uploads\/2025\/06\/Capture-decran-2025-07-31-151513-1024x677.jpg 1024w, https:\/\/toploc.com\/blog\/wp-content\/uploads\/2025\/06\/Capture-decran-2025-07-31-151513-768x508.jpg 768w, https:\/\/toploc.com\/blog\/wp-content\/uploads\/2025\/06\/Capture-decran-2025-07-31-151513-380x251.jpg 380w, https:\/\/toploc.com\/blog\/wp-content\/uploads\/2025\/06\/Capture-decran-2025-07-31-151513-800x529.jpg 800w, https:\/\/toploc.com\/blog\/wp-content\/uploads\/2025\/06\/Capture-decran-2025-07-31-151513-1160x767.jpg 1160w\" sizes=\"auto, (max-width: 1342px) 100vw, 1342px\" \/><figcaption class=\"wp-element-caption\">Le Phare Saint-Louis, immanquable \u00e0 S\u00e8te \u00a9okvoyage.com<\/figcaption><\/figure>\n\n\n\n<h3 class=\"wp-block-heading\" id=\"pourquoi-visiter-s\u00e8te-et-phare-saint-louis-\"><span id=\"pourquoi-visiter-le-phare-saint-louis-a-sete\">Pourquoi visiter le Phare Saint Louis \u00e0 S\u00e8te ?<\/span><\/h3>\n\n\n\n<p>D\u00e9couvrez le Phare Saint Louis \u00e0 S\u00e8te. Construit en 1861, il est situ\u00e9 sur le m\u00f4le Saint-Louis \u00e0 l\u2019entr\u00e9e du port de S\u00e8te. Il indique toujours aujourd\u2019hui l\u2019entr\u00e9e du port au bateau avec sa lumi\u00e8re rouge. Grimpez les 126 marches de ce phare et profitez de la vue offerte du haut de ses 33 m\u00e8tres. Un point de vue \u00e0 ne pas manquer pour visiter S\u00e8te.<\/p>\n\n\n\n<h3 class=\"wp-block-heading\" id=\"que-voir-et-que-faire-\u00e0-phare-saint-louis-\"><span id=\"que-voir-et-que-faire-au-phare-saint-louis\">Que voir et que faire au Phare Saint Louis ?<\/span><\/h3>\n\n\n\n<p>Voici la liste des choses \u00e0 voir et \u00e0 faire au Phare Saint Louis :<\/p>\n\n\n\n<ul class=\"wp-block-list\">\n<li>Grimper au sommet du phare et profiter de la vue au sommet<\/li>\n\n\n\n<li>Visiter le mus\u00e9e Paul Val\u00e9ry<\/li>\n\n\n\n<li>Se promener dans le cimeti\u00e8re Paul Val\u00e9ry et admirer la vue sur la mer<\/li>\n\n\n\n<li>Grimper le Mont Saint-Clair et admirer la vue depuis le belved\u00e8re au sommet<\/li>\n\n\n\n<li>D\u00e9couvrir le Th\u00e9\u00e2tre de la Mer, dans un vieux fort face \u00e0 la mer<\/li>\n<\/ul>\n\n\n\n<h2 class=\"wp-block-heading\" id=\"espace-georges-brassens\">Espace Georges Brassens<\/h2>\n\n\n\n<figure class=\"wp-block-image size-full\"><img loading=\"lazy\" decoding=\"async\" width=\"3456\" height=\"2304\" src=\"https:\/\/blog.toploc.com\/wp-content\/uploads\/2023\/12\/image-31.png\" alt=\"Mus\u00e9e et Espace George Brassens \u00a9 Wikipedia\" class=\"wp-image-136546\" style=\"aspect-ratio:16\/9;object-fit:cover\"\/><figcaption class=\"wp-element-caption\">Mus\u00e9e et Espace George Brassens \u00a9 Wikipedia<\/figcaption><\/figure>\n\n\n\n<h3 class=\"wp-block-heading\" id=\"pourquoi-visiter-s\u00e8te-et-espace-georges-brassens--\"><span id=\"pourquoi-visiter-lespace-georges-brassens\">Pourquoi visiter l&#8217;espace Georges Brassens ?<\/span><\/h3>\n\n\n\n<p>D\u00e9couvrez l&#8217;Espace Georges Brassens \u00e0 S\u00e8te. Ce mus\u00e9e ouvert depuis 1991, est d\u00e9di\u00e9 au c\u00e9l\u00e8bre po\u00e8te et compositeur natif de la ville de S\u00e8te. Install\u00e9 dans l&#8217;ancien th\u00e9\u00e2tre de la ville, cet espace retrace la vie et l&#8217;\u0153uvre de Brassens gr\u00e2ce aux nouvelles techniques de l&#8217;image et du son. Muni d&#8217;un casque st\u00e9r\u00e9ophonique, Georges Brassens vous conduit sur les chemins de sa vie et de son \u0153uvre. Pour les fans de Georges Brassens il s\u2019agit d\u2019un lieu \u00e0 ne pas manquer pour visiter S\u00e8te.<\/p>\n\n\n\n<h3 class=\"wp-block-heading\" id=\"que-voir-et-que-faire-\u00e0-espace-georges-brassens--\"><span id=\"que-voir-et-que-faire-a-lespace-georges-brassens\">Que voir et que faire \u00e0 l&#8217;espace Georges Brassens ?<\/span><\/h3>\n\n\n\n<p>Voici la liste des choses \u00e0 voir et \u00e0 faire \u00e0 l&#8217;espace Georges Brassens si vous venez visiter S\u00e8te :<\/p>\n\n\n\n<ul class=\"wp-block-list\">\n<li>D\u00e9couvrir la vie de Georges Brassens et les expositions muni d&#8217;un casque<\/li>\n\n\n\n<li>Se promener dans la For\u00eat des Pierres Blanches<\/li>\n\n\n\n<li>Grimper le Mont Saint-Clair et admirer la vue au sommet<\/li>\n\n\n\n<li>Profiter de la Plage de la Corniche<\/li>\n\n\n\n<li>Profiter de la Plage de la Fontaine<\/li>\n<\/ul>\n\n\n\n<h2 class=\"wp-block-heading\" id=\"notre-dame-de-la-salette\">Notre-Dame-de-la-Salette<\/h2>\n\n\n\n<figure class=\"wp-block-image size-full\"><img loading=\"lazy\" decoding=\"async\" width=\"1280\" height=\"720\" src=\"https:\/\/blog.toploc.com\/wp-content\/uploads\/2023\/12\/image-33.png\" alt=\"Vue panoramique depuis la Chapelle Notre dame de la Salette \u00a9 Tourisme.S\u00e8te\" class=\"wp-image-136552\" style=\"aspect-ratio:16\/9;object-fit:cover\"\/><figcaption class=\"wp-element-caption\">Vue panoramique depuis la Chapelle Notre dame de la Salette \u00a9 Tourisme.S\u00e8te<\/figcaption><\/figure>\n\n\n\n<h3 class=\"wp-block-heading\" id=\"pourquoi-visiter-s\u00e8te-et-notre-dame-de-la-salette--\"><span id=\"pourquoi-visiter-notre-dame-de-la-salette\">Pourquoi visiter Notre-Dame-de-la-Salette ?<\/span><\/h3>\n\n\n\n<p>D\u00e9couvrez la chapelle Notre-Dame-de-la-Salette \u00e0 S\u00e8te. Construite au sommet du Mont Saint-Clair \u00e0 l&#8217;emplacement d\u2019un ancien fort, elle est d\u00e9di\u00e9e \u00e0 Notre-Dame de La Salette en 1864. Profitez de la vue panoramique sur la ville de S\u00e8te et les environs depuis la colline. Un lieu calme pour visiter S\u00e8te.<\/p>\n\n\n\n<h3 class=\"wp-block-heading\" id=\"que-voir-et-que-faire-\u00e0-notre-dame-de-la-salette--\"><span id=\"que-voir-et-que-faire-a-notre-dame-de-la-salette\">Que voir et que faire \u00e0 Notre-Dame-de-la-Salette ?<\/span><\/h3>\n\n\n\n<p>Voici la liste des choses \u00e0 voir et \u00e0 faire \u00e0 Notre-Dame-de-la-Salette si vous venez visiter S\u00e8te:<\/p>\n\n\n\n<ul class=\"wp-block-list\">\n<li>Admirer la chapelle et sin architecture simple<\/li>\n\n\n\n<li>Admirer la vue sur la ville de S\u00e8te<\/li>\n\n\n\n<li>Se promener dans la For\u00eat des Pierres Blanches<\/li>\n\n\n\n<li>Admirer la vue depuis le belved\u00e8re du Mont Saint-Clair<\/li>\n\n\n\n<li>D\u00e9couvrir le phare de 23 m\u00e8tres du mont saint-clair<\/li>\n<\/ul>\n\n\n\n<h2 class=\"wp-block-heading\" id=\"th\u00e9\u00e2tre-de-la-mer\"><span id=\"theatre-de-la-mer\">Th\u00e9\u00e2tre de la Mer<\/span><\/h2>\n\n\n\n<figure class=\"wp-block-image size-full\"><img loading=\"lazy\" decoding=\"async\" width=\"800\" height=\"600\" src=\"https:\/\/blog.toploc.com\/wp-content\/uploads\/2023\/12\/image-41.png\" alt=\"Le th\u00e9\u00e2tre de la mer au Fort Saint Pierre \u00a9 Tourisme de la mer\" class=\"wp-image-136577\" style=\"aspect-ratio:16\/9;object-fit:cover\"\/><figcaption class=\"wp-element-caption\">Le th\u00e9\u00e2tre de la mer au Fort Saint Pierre \u00a9 Tourisme de la mer<\/figcaption><\/figure>\n\n\n\n<h3 class=\"wp-block-heading\" id=\"pourquoi-visiter-s\u00e8te-et-th\u00e9\u00e2tre-de-la-mer-\"><span id=\"pourquoi-assister-a-un-spectacle-au-theatre-de-la-mer\">Pourquoi assister \u00e0 un spectacle au th\u00e9\u00e2tre de la Mer ?<\/span><\/h3>\n\n\n\n<p>D\u00e9couvrez le Th\u00e9\u00e2tre de la Mer au Fort Saint Pierre \u00e0 S\u00e8te. Ancien fort du XVIIIe si\u00e8cle, Le fort Saint-Pierre est transform\u00e9 en th\u00e9\u00e2tre et lieu de spectables \u00e0 ciel ouvert. Face \u00e0 la mer, il offre une atmosph\u00e8re exceptionnelle avec les vagues de la M\u00e9diterran\u00e9e en toile de fond. Assistez \u00e0 des spectacles en plein air comme la Fiest&#8217;A S\u00e8te et profitez d\u2019un cadre exceptionnel. Un lieu magique pour visiter S\u00e8te.<\/p>\n\n\n\n<h3 class=\"wp-block-heading\" id=\"que-voir-et-que-faire-\u00e0-th\u00e9\u00e2tre-de-la-mer-\"><span id=\"que-voir-et-que-faire-au-theatre-de-la-mer\">Que voir et que faire au th\u00e9\u00e2tre de la Mer ?<\/span><\/h3>\n\n\n\n<p>Voici la liste des choses \u00e0 voir et \u00e0 faire \u00e0 th\u00e9\u00e2tre de la Mer si vous venez visiter S\u00e8te:<\/p>\n\n\n\n<ul class=\"wp-block-list\">\n<li>Admirer l&#8217;architecture de se th\u00e9atre \u00e0 ciel ouvert<\/li>\n\n\n\n<li>Assister \u00e0 un festival et profiter de l&#8217;ambiance exceptionnelle<\/li>\n\n\n\n<li>Visiter le Mus\u00e9e de la Mer et en apprendre plus sur l&#8217;histoire du port de S\u00e8te<\/li>\n\n\n\n<li>Visiter le mus\u00e9e Paul Val\u00e9ry<\/li>\n\n\n\n<li>Se promener dans le cimeti\u00e8re Paul Val\u00e9ry et admirer la vue sur la mer<\/li>\n<\/ul>\n\n\n\n<h2 class=\"wp-block-heading\" id=\"le-cimetiere-marin\"><span id=\"cimetiere-marin\">Cimeti\u00e8re Marin<\/span><\/h2>\n\n\n\n<figure class=\"wp-block-image size-full\"><img loading=\"lazy\" decoding=\"async\" width=\"800\" height=\"534\" src=\"https:\/\/blog.toploc.com\/wp-content\/uploads\/2023\/12\/image-34.png\" alt=\"Le cimeti\u00e8re marin demeure de Paul Val\u00e9ry \u00a9 Paris la douce\" class=\"wp-image-136555\" style=\"aspect-ratio:16\/9;object-fit:cover\"\/><figcaption class=\"wp-element-caption\">Le cimeti\u00e8re marin demeure de Paul Val\u00e9ry \u00a9 Paris la douce<\/figcaption><\/figure>\n\n\n\n<h3 class=\"wp-block-heading\" id=\"pourquoi-visiter-s\u00e8te-et-le-cimetiere-marin--\"><span id=\"pourquoi-visiter-le-cimetiere-marin\">Pourquoi visiter le Cimeti\u00e8re Marin ?<\/span><\/h3>\n\n\n\n<p>D\u00e9couvrez le cimeti\u00e8re marin de S\u00e8te. Cr\u00e9\u00e9 en 1680, ce cimeti\u00e8re prendra son nom plus tard en r\u00e9f\u00e9rence au po\u00e8me de l&#8217;\u00e9crivain s\u00e9tois Paul Val\u00e9ry inhum\u00e9 sur place. Il fait face \u00e0 la mer offrant une vue panoramique sur celle- ci. Un lieu spirituel et apaisant pour visiter S\u00e8te.<\/p>\n\n\n\n<h3 class=\"wp-block-heading\" id=\"que-voir-et-que-faire-\u00e0-le-cimetiere-marin--\"><span id=\"que-voir-et-que-faire-au-cimetiere-marin\">Que voir et que faire au Cimeti\u00e8re Marin ?<\/span><\/h3>\n\n\n\n<p>Voici la liste des choses \u00e0 voir et \u00e0 faire au Cimeti\u00e8re Marin si vous venez visiter S\u00e8te:<\/p>\n\n\n\n<ul class=\"wp-block-list\">\n<li>D\u00e9ambuler dans les all\u00e9es du cimeti\u00e8re et admirer la vue sur la mer<\/li>\n\n\n\n<li>Visiter le Mus\u00e9e Paul Val\u00e9ry<\/li>\n\n\n\n<li>D\u00e9couvrir le Th\u00e9\u00e2tre de la Mer, dans un vieux fort face \u00e0 la mer<\/li>\n\n\n\n<li>Admirer le Fort Richelieu<\/li>\n\n\n\n<li>Se balader sur la promenade du m\u00f4le qui longe le port de S\u00e8te<\/li>\n<\/ul>\n\n\n\n<h2 class=\"wp-block-heading\" id=\"mus\u00e9e-paul-val\u00e9ry\"><span id=\"musee-paul-valery\">Mus\u00e9e Paul Val\u00e9ry<\/span><\/h2>\n\n\n\n<figure class=\"wp-block-image size-full\"><img loading=\"lazy\" decoding=\"async\" width=\"1280\" height=\"720\" src=\"https:\/\/blog.toploc.com\/wp-content\/uploads\/2023\/12\/image-35.png\" alt=\"Mus\u00e9e Paul Val\u00e9ry \u00a9 H\u00e9rault\" class=\"wp-image-136556\" style=\"aspect-ratio:16\/9;object-fit:cover\"\/><figcaption class=\"wp-element-caption\">Mus\u00e9e Paul Val\u00e9ry \u00a9 H\u00e9rault<\/figcaption><\/figure>\n\n\n\n<h3 class=\"wp-block-heading\" id=\"pourquoi-visiter-s\u00e8te-et-mus\u00e9e-paul-val\u00e9ry-\"><span id=\"pourquoi-visiter-musee-paul-valery\">Pourquoi visiter Mus\u00e9e Paul Val\u00e9ry ?<\/span><\/h3>\n\n\n\n<p>D\u00e9couvrez le Mus\u00e9e Paul Val\u00e9ry \u00e0 S\u00e8te. Inaugur\u00e9 en 1970, ce mus\u00e9e regroupe pr\u00e8s de 4 000 \u0153uvres, du XIXe si\u00e8cle \u00e0 nos jours. Admirez \u00e9galement une collection unique d&#8217;\u0153uvres litt\u00e9raires, artistiques et personnelles de Paul Val\u00e9ry. L\u2019emplacement du mus\u00e9e sur une terrasse surplombant le cimeti\u00e8re avec en fond une vue sur la mer en fait un lieu paisible. Un lieu riche en culture pour visiter S\u00e8te.<\/p>\n\n\n\n<h3 class=\"wp-block-heading\" id=\"que-voir-et-que-faire-\u00e0-mus\u00e9e-paul-val\u00e9ry-\"><span id=\"que-voir-et-que-faire-a-musee-paul-valery\">Que voir et que faire \u00e0 Mus\u00e9e Paul Val\u00e9ry ?<\/span><\/h3>\n\n\n\n<p>Voici la liste des choses \u00e0 voir et \u00e0 faire \u00e0 Mus\u00e9e Paul Val\u00e9ry si vous venez visiter S\u00e8te:<\/p>\n\n\n\n<ul class=\"wp-block-list\">\n<li>Admirer les collections des Beaux-arts<\/li>\n\n\n\n<li>Admirer le Fond Paul Val\u00e9ry avec des oeuvres de l&#8217;artiste<\/li>\n\n\n\n<li>Se promener dans le cimeti\u00e8re Paul Val\u00e9ry et admirer la vue sur la mer<\/li>\n\n\n\n<li>Se balader sur la promenade du m\u00f4le qui longe le port de S\u00e8te<\/li>\n\n\n\n<li>D\u00e9couvrir le Phare Saint-Louis \u00e0 l&#8217;entr\u00e9e du port de S\u00e8te<\/li>\n<\/ul>\n\n\n\n<h2 class=\"wp-block-heading\" id=\"for\u00eat-des-pierres-blanches\"><span id=\"foret-des-pierres-blanches\">For\u00eat des Pierres Blanches<\/span><\/h2>\n\n\n\n<figure class=\"wp-block-image size-full\"><img loading=\"lazy\" decoding=\"async\" width=\"800\" height=\"533\" src=\"https:\/\/blog.toploc.com\/wp-content\/uploads\/2023\/12\/image-37.png\" alt=\"For\u00eat domaniale des Pierres Blanches \u00a9 Office de Tourisme S\u00e8te\" class=\"wp-image-136559\" style=\"aspect-ratio:16\/9;object-fit:cover\"\/><figcaption class=\"wp-element-caption\">For\u00eat domaniale des Pierres Blanches \u00a9 Office de Tourisme S\u00e8te<\/figcaption><\/figure>\n\n\n\n<h3 class=\"wp-block-heading\" id=\"pourquoi-visiter-s\u00e8te-et-for\u00eat-des-pierres-blanches-\"><span id=\"pourquoi-visiter-la-foret-des-pierres-blanches\">Pourquoi visiter la for\u00eat des Pierres Blanches ?<\/span><\/h3>\n\n\n\n<p>D\u00e9couvrez la for\u00eat des Pierres Blanches \u00e0 S\u00e8te. Situ\u00e9e au sommet du Mont Saint-Clair au sein de la ville de S\u00e8te. Cette r\u00e9serve unique de 27 hectares abrite une flore exceptionnelle et offre une escapade paisible au c\u0153ur de la ville. Parcourez les sentiers, profitez des points de vue sur la m\u00e9diterran\u00e9e et l\u2019\u00e9tang de la Thau. Un escapade paisible pour visiter S\u00e8te.<\/p>\n\n\n\n<h3 class=\"wp-block-heading\" id=\"que-voir-et-que-faire-\u00e0-for\u00eat-des-pierres-blanches-\"><span id=\"que-voir-et-que-faire-a-la-foret-des-pierres-blanches\">Que voir et que faire \u00e0 la for\u00eat des Pierres Blanches ?<\/span><\/h3>\n\n\n\n<p>Voici la liste des choses \u00e0 voir et \u00e0 faire \u00e0 la for\u00eat des Pierres Blanches si vous venez visiter S\u00e8te :<\/p>\n\n\n\n<ul class=\"wp-block-list\">\n<li>Parcourir les sentiers de la r\u00e9serve domaniale et profiter de la vue<\/li>\n\n\n\n<li>Grimper le Mont Saint-Clair et admirer la vue depuis le belved\u00e8re au sommet<\/li>\n\n\n\n<li>Visiter l&#8217;espace Geroge Brassens et d\u00e9couvrir la vie du natif de S\u00e8te<\/li>\n\n\n\n<li>Profiter de la plage de la corniche<\/li>\n\n\n\n<li>Profiter de la plage de Fontaine<\/li>\n<\/ul>\n\n\n\n<h2 class=\"wp-block-heading\" id=\"mus\u00e9e-international-des-arts-modestes\"><span id=\"musee-international-des-arts-modestes\">Mus\u00e9e International des Arts Modestes<\/span><\/h2>\n\n\n\n<figure class=\"wp-block-image size-full\"><img loading=\"lazy\" decoding=\"async\" width=\"1600\" height=\"1200\" src=\"https:\/\/blog.toploc.com\/wp-content\/uploads\/2023\/12\/image-38.png\" alt=\"Mus\u00e9e International des Arts Modestes \u00a9 Baronne Samedi\" class=\"wp-image-136561\" style=\"aspect-ratio:16\/9;object-fit:cover\"\/><figcaption class=\"wp-element-caption\">Mus\u00e9e International des Arts Modestes \u00a9 Baronne Samedi<\/figcaption><\/figure>\n\n\n\n<h3 class=\"wp-block-heading\" id=\"pourquoi-visiter-s\u00e8te-et-mus\u00e9e-international-des-arts-modestes-\"><span id=\"pourquoi-visiter-le-musee-international-des-arts-modestes\">Pourquoi visiter le Mus\u00e9e International des Arts Modestes ?<\/span><\/h3>\n\n\n\n<p>D\u00e9couvrez le Mus\u00e9e International des Arts Modestes \u00e0 S\u00e8te. Cr\u00e9\u00e9 en 2000 Herv\u00e9 Di Rosa et Bernard Belluc et nich\u00e9 dans cette charmante ville de S\u00e8te. D\u00e9couvrez les collections de ses deux fondateurs, constitu\u00e9 de milliers d\u2019objets embl\u00e9matiques de l\u2019art modeste, objets aim\u00e9s et collectionn\u00e9s, manufactur\u00e9s ou artisanaux. Des installations ludiques aux curiosit\u00e9s artistiques, chaque exposition vous invite \u00e0 repenser votre perception de l&#8217;art. Un lieu plein de cr\u00e9ativit\u00e9 pour visiter S\u00e8te, install\u00e9 dans un ancien chai.<\/p>\n\n\n\n<h3 class=\"wp-block-heading\" id=\"que-voir-et-que-faire-\u00e0-mus\u00e9e-international-des-arts-modestes-\"><span id=\"que-voir-et-que-faire-a-musee-international-des-arts-modestes\">Que voir et que faire \u00e0 Mus\u00e9e International des Arts Modestes ?<\/span><\/h3>\n\n\n\n<p>Voici la liste des choses \u00e0 voir et \u00e0 faire \u00e0 Mus\u00e9e International des Arts Modestes si vous venez visiter S\u00e8te :<\/p>\n\n\n\n<ul class=\"wp-block-list\">\n<li>Admirer des oeuvres plus cr\u00e9atives les unes que les autres<\/li>\n\n\n\n<li>Participer \u00e0 des ateliers avec la petite \u00e9picerie du MIAM<\/li>\n\n\n\n<li>D\u00e9couvrir le Parc Simone Veil et sa statue de Neptune<\/li>\n\n\n\n<li>Deambuler entre les \u00e9tals des halles de S\u00e8te et go\u00fbter aux produits locaux<\/li>\n\n\n\n<li>Admirer la vue depuis le belv\u00e9d\u00e8re du Mont Saint-Clair<\/li>\n<\/ul>\n\n\n\n<h2 class=\"wp-block-heading\" id=\"mus\u00e9e-de-la-mer\"><span id=\"musee-de-la-mer\">Mus\u00e9e de la Mer<\/span><\/h2>\n\n\n\n<figure class=\"wp-block-image size-full\"><img loading=\"lazy\" decoding=\"async\" width=\"1422\" height=\"800\" src=\"https:\/\/toploc.com\/blog\/wp-content\/uploads\/2025\/06\/Musee-de-la-Mer-Sete.jpg\" alt=\"Le Mus\u00e9e de la mer en bord de mer \u00e0 S\u00e8te \u00a9icisete.fr\" class=\"wp-image-155922\" style=\"aspect-ratio:16\/9;object-fit:cover\" srcset=\"https:\/\/toploc.com\/blog\/wp-content\/uploads\/2025\/06\/Musee-de-la-Mer-Sete.jpg 1422w, https:\/\/toploc.com\/blog\/wp-content\/uploads\/2025\/06\/Musee-de-la-Mer-Sete-300x169.jpg 300w, https:\/\/toploc.com\/blog\/wp-content\/uploads\/2025\/06\/Musee-de-la-Mer-Sete-1024x576.jpg 1024w, https:\/\/toploc.com\/blog\/wp-content\/uploads\/2025\/06\/Musee-de-la-Mer-Sete-768x432.jpg 768w, https:\/\/toploc.com\/blog\/wp-content\/uploads\/2025\/06\/Musee-de-la-Mer-Sete-380x214.jpg 380w, https:\/\/toploc.com\/blog\/wp-content\/uploads\/2025\/06\/Musee-de-la-Mer-Sete-800x450.jpg 800w, https:\/\/toploc.com\/blog\/wp-content\/uploads\/2025\/06\/Musee-de-la-Mer-Sete-1160x653.jpg 1160w\" sizes=\"auto, (max-width: 1422px) 100vw, 1422px\" \/><figcaption class=\"wp-element-caption\">Le Mus\u00e9e de la mer en bord de mer \u00e0 S\u00e8te \u00a9icisete.fr<\/figcaption><\/figure>\n\n\n\n<h3 class=\"wp-block-heading\" id=\"pourquoi-visiter-s\u00e8te-et-mus\u00e9e-de-la-mer-\"><span id=\"pourquoi-visiter-le-musee-de-la-mer-de-sete\">Pourquoi visiter le Mus\u00e9e de la Mer de S\u00e8te ?<\/span><\/h3>\n\n\n\n<p>D\u00e9couvrez le Mus\u00e9e de la Mer \u00e0 S\u00e8te. Cr\u00e9\u00e9 en 2014, il prend place au bord de la mer entre le cimeti\u00e8re marin et le th\u00e9\u00e2tre de la mer. Le mus\u00e9e pr\u00e9sente \u00e0 travers des objets et instruments, des documents et des photographies, l&#8217;histoire depuis le xviiie si\u00e8cle du port de S\u00e8te. D\u00e9couvrez par quels moyens le port \u00e0 \u00e9t\u00e9 construit, par qui et quelles sont les traditions. Un mus\u00e9e riche en histoire pour visiter S\u00e8te.<\/p>\n\n\n\n<h3 class=\"wp-block-heading\" id=\"que-voir-et-que-faire-\u00e0-mus\u00e9e-de-la-mer-\"><span id=\"que-voir-et-que-faire-a-musee-de-la-mer\">Que voir et que faire \u00e0 Mus\u00e9e de la Mer ?<\/span><\/h3>\n\n\n\n<p>Voici la liste des choses \u00e0 voir et \u00e0 faire \u00e0 Mus\u00e9e de la Mer si vous venez visiter S\u00e8te:<\/p>\n\n\n\n<ul class=\"wp-block-list\">\n<li>D\u00e9couvrir l&#8217;histoire du port \u00e0 travers des expositions vari\u00e9es<\/li>\n\n\n\n<li>D\u00e9couvrir le Th\u00e9\u00e2tre de la Mer, dans un vieux fort face \u00e0 la mer<\/li>\n\n\n\n<li>Visiter le mus\u00e9e Paul Val\u00e9ry<\/li>\n\n\n\n<li>Se promener dans le cimeti\u00e8re Paul Val\u00e9ry et admirer la vue sur la mer<\/li>\n\n\n\n<li>Grimper au sommet du Phare Saint-Louis et profiter d&#8217;un panorama \u00e0 360\u00b0<\/li>\n<\/ul>\n\n\n\n<h2 id=\"que-voir-et-que-faire-a-sete\" class=\"wp-block-heading\">Que voir et que faire \u00e0 S\u00e8te ?<\/h2>\n\n\n\n<figure class=\"wp-block-image size-full\"><img loading=\"lazy\" decoding=\"async\" width=\"1920\" height=\"1080\" src=\"https:\/\/toploc.com\/blog\/wp-content\/uploads\/2025\/06\/AdobeStock_207403023.jpeg\" alt=\"Visiter S\u00e8te station baln\u00e9aire \u00e0 proximit\u00e9 de Montpellier \u00a9winalist.jp\" class=\"wp-image-155923\" style=\"aspect-ratio:16\/9;object-fit:cover\" srcset=\"https:\/\/toploc.com\/blog\/wp-content\/uploads\/2025\/06\/AdobeStock_207403023.jpeg 1920w, https:\/\/toploc.com\/blog\/wp-content\/uploads\/2025\/06\/AdobeStock_207403023-300x169.jpeg 300w, https:\/\/toploc.com\/blog\/wp-content\/uploads\/2025\/06\/AdobeStock_207403023-1024x576.jpeg 1024w, https:\/\/toploc.com\/blog\/wp-content\/uploads\/2025\/06\/AdobeStock_207403023-768x432.jpeg 768w, https:\/\/toploc.com\/blog\/wp-content\/uploads\/2025\/06\/AdobeStock_207403023-1536x864.jpeg 1536w, https:\/\/toploc.com\/blog\/wp-content\/uploads\/2025\/06\/AdobeStock_207403023-380x214.jpeg 380w, https:\/\/toploc.com\/blog\/wp-content\/uploads\/2025\/06\/AdobeStock_207403023-800x450.jpeg 800w, https:\/\/toploc.com\/blog\/wp-content\/uploads\/2025\/06\/AdobeStock_207403023-1160x653.jpeg 1160w\" sizes=\"auto, (max-width: 1920px) 100vw, 1920px\" \/><figcaption class=\"wp-element-caption\">Visiter S\u00e8te station baln\u00e9aire \u00e0 proximit\u00e9 de Montpellier \u00a9winalist.jp<\/figcaption><\/figure>\n\n\n\n<p>S\u00e8te reste une destination de vacances particuli\u00e8rement convoit\u00e9e par les voyageurs qui viennent profiter des plages de Montpellier et visiter l&#8217;H\u00e9rault. Voici la liste des choses \u00e0 faire \u00e0 S\u00e8te :<\/p>\n\n\n\n<ul class=\"wp-block-list\">\n<li>Empruntez les sentiers abrupts du Massif de la Gardiole<\/li>\n\n\n\n<li>Montez jusqu\u2019au mont Saint-Clair o\u00f9 un magistral coucher de soleil vous attend<\/li>\n\n\n\n<li>Offrez-vous une agr\u00e9able balade sur les rives de l\u2019\u00c9tang de Thau<\/li>\n\n\n\n<li>Suivez le canal du Midi vous menant vers les paysages bucoliques de la France.<\/li>\n\n\n\n<li>Adepte de kite-surf, jetez votre d\u00e9volu sur les plages de la Corniche et de la Baleine<\/li>\n\n\n\n<li>Profitez des plus belles plages de S\u00e8te pour vous baigner<\/li>\n\n\n\n<li>Restez du c\u00f4t\u00e9 des plages \u00e0 proximit\u00e9 du centre de la ville si vous voulez rester non loin des nombreux commerces.<\/li>\n\n\n\n<li>Les amateurs de calme seront s\u00e9duits par les plages sauvages du Jalabert mais \u00e9galement du Castellas.<\/li>\n<\/ul>\n\n\n\n<h2 id=\"que-faut-il-manger-a-sete\" class=\"wp-block-heading\">Que faut-il manger \u00e0 S\u00e8te ?<\/h2>\n\n\n\n<p>Cette destination de vacances tant appr\u00e9ci\u00e9e au retour des beaux jours occupe aussi une place particuli\u00e8re dans le c\u0153ur des amateurs de bonne cuisine. On y vient pour go\u00fbter quelques sp\u00e9cialit\u00e9s locales comme la Tielle \u00e0 la s\u00e9toise, la soupe de poissons ou bien encore les moules farcies.<\/p>\n\n\n\n<h2 id=\"ou-se-loger-et-visiter-sete\" class=\"wp-block-heading\">O\u00f9 se loger et visiter S\u00e8te ?<\/h2>\n\n\n\n<p>Si vous partez visiter S\u00e8te vous chercherez certainement une location saisonni\u00e8re. Toploc vous propose une s\u00e9lection de&nbsp;<a href=\"https:\/\/toploc.com\/locations-vacances\/herault\">locations de vacances dans l&#8217;H\u00e9rault<\/a> et des <a href=\"https:\/\/toploc.com\/locations-vacances\/occitanie\">locations de vacances en Occitanie<\/a>. Pour r\u00e9server contactez nos h\u00f4tes Toploc en cliquant sur les curseurs verts de la carte interactive. Vous pouvez aussi r\u00e9server avec une <a href=\"https:\/\/blog.toploc.com\/blog\/conciergerie\/conciergerie-montpellier\">conciergerie Montpellier<\/a>. <\/p>\n\n\n\n<iframe loading=\"lazy\" width=\"100%\" height=\"450px\" frameborder=\"0\" src=\"https:\/\/toploc.com\/embed\/maps?min_price=0&#038;max_price=1000&#038;amenity_ids%5B%5D=&#038;location=Zone+carte&#038;dates=&#038;start_date=&#038;end_date=&#038;bbox_area=3.0027226827078835%2C43.19953334424869%2C4.102325962631056%2C43.752541531057034&#038;page=1&#038;order=&#038;curated_list_id=\"><\/iframe>\n\n\n\n<h2 id=\"faq-tout-savoir-pour-visiter-sete\" class=\"wp-block-heading\">FAQ: Tout savoir pour visiter S\u00e8te<\/h2>\n\n\n\n<h3 id=\"ou-telecharger-une-carte-touristique-de-sete\" class=\"wp-block-heading\">O\u00f9 t\u00e9l\u00e9charger une carte touristique de S\u00e8te ?<\/h3>\n\n\n\n<p>Si vous venez visiter S\u00e8te, vous aurez certainement besoin d\u2019une carte touristique de S\u00e8te. Nous avons retrouv\u00e9 pour vous la carte touristique de S\u00e8te propos\u00e9e par le site tourisme-sete.com \u00e0 t\u00e9l\u00e9charger ci-dessous \ud83d\udc47 au format PDF.<\/p>\n\n\n\n<div class=\"wp-block-buttons is-content-justification-center is-layout-flex wp-container-core-buttons-is-layout-16018d1d wp-block-buttons-is-layout-flex\">\n<div class=\"wp-block-button\"><a class=\"wp-block-button__link has-background has-small-font-size has-custom-font-size wp-element-button\" href=\"https:\/\/blog.toploc.com\/wp-content\/uploads\/2023\/12\/carte-touristique-sete.png\" style=\"background-color:#006b52\"><strong>CARTE TOURISTIQUE S\u00c8TE<\/strong><\/a><\/div>\n<\/div>\n\n\n\n<h3 id=\"ou-est-situee-sete\" class=\"wp-block-heading\">O\u00f9 est situ\u00e9e S\u00e8te?<\/h3>\n\n\n\n<p>S\u00e8te (34200) est une commune situ\u00e9e dans le d\u00e9partement H\u00e9rault (34) et fait partie de la r\u00e9gion Languedoc-Roussillon. Sa superficie est de 24,21 km\u00b2 et sa population se monte \u00e0 44 576 habitants, ce qui donne une densit\u00e9 de 1841hab\/km\u00b2.&nbsp;<\/p>\n\n\n\n<h3 id=\"quels-sont-les-meilleurs-mois-pour-visiter-sete\" class=\"wp-block-heading\">Quels sont les meilleurs mois pour visiter S\u00e8te ?<\/h3>\n\n\n\n<p>Les meilleurs mois pour visiter S\u00e8te sont de mai \u00e0 septembre. La ville b\u00e9n\u00e9ficie d&#8217;un climat m\u00e9diterran\u00e9en. Avec une temp\u00e9rature moyenne entre 9\u00b0 et 24\u00b0 sur l&#8217;ann\u00e9e. Vous profiterez d\u2019une temp\u00e9rature assez douce sur cette p\u00e9riode.&nbsp;<\/p>\n\n\n\n<h3 id=\"quels-sont-les-5-plus-beaux-villages-autour-de-sete\" class=\"wp-block-heading\">Quels sont les 5 plus beaux villages autour de S\u00e8te ?<\/h3>\n\n\n\n<p>Les 5 plus beaux villages autour de S\u00e8te sont :<\/p>\n\n\n\n<ul class=\"wp-block-list\">\n<li>Saint-Guilhem-le-D\u00e9sert, le village m\u00e9di\u00e9val<\/li>\n\n\n\n<li>P\u00e9zenas et ses belles maisons de style Renaissance<\/li>\n\n\n\n<li>Olargues et son \u00e9glise romane datant du XIIe si\u00e8cle<\/li>\n\n\n\n<li>Minerve et son \u00e9glise fortifi\u00e9e<\/li>\n\n\n\n<li>Saint-Jean-de-Fos et ses poteries artisanales reconnues<\/li>\n<\/ul>\n\n\n\n<p>Tous sont \u00e0 environ 1h de S\u00e8te&nbsp;&nbsp;<\/p>\n\n\n\n<h3 id=\"quelles-sont-les-choses-a-faire-a-sete\" class=\"wp-block-heading\">Quelles sont les choses \u00e0 faire \u00e0 S\u00e8te?<\/h3>\n\n\n\n<p>Les choses \u00e0 faire \u00e0 S\u00e8te sont nombreuses :<\/p>\n\n\n\n<ul class=\"wp-block-list\">\n<li>Mont Saint-Clair&nbsp;<\/li>\n\n\n\n<li>Espace Georges Brassens&nbsp;<\/li>\n\n\n\n<li>Notre-Dame-de-la-Salette&nbsp;<\/li>\n\n\n\n<li>Le Cimetiere Marin&nbsp;<\/li>\n\n\n\n<li>Mus\u00e9e Paul Val\u00e9ry<\/li>\n<\/ul>\n\n\n\n<h3 id=\"quels-sont-les-5-musees-de-sete\" class=\"wp-block-heading\">Quels sont les 5 mus\u00e9es de S\u00e8te ?<\/h3>\n\n\n\n<p>Les 5 mus\u00e9es \u00e0 visiter autour de S\u00e8te sont :<\/p>\n\n\n\n<ul class=\"wp-block-list\">\n<li>Espace Georges Brassens&nbsp;<\/li>\n\n\n\n<li>Mus\u00e9e Paul Val\u00e9ry<\/li>\n\n\n\n<li>Galerie Dock Sud<\/li>\n\n\n\n<li>M.I.A.M. Musee International des Arts Modestes<\/li>\n\n\n\n<li>Mus\u00e9e de la Mer<\/li>\n<\/ul>\n\n\n\n<h2 id=\"comment-visiter-sete-en-1-jour\" class=\"wp-block-heading\">Comment visiter S\u00e8te en 1 jour ?<\/h2>\n\n\n\n<p>Pour visiter S\u00e8te en 1 jour :<\/p>\n\n\n\n<ul class=\"wp-block-list\">\n<li>Visiter l\u2019espace George Brassens&nbsp;<\/li>\n\n\n\n<li>Admirer la vue au belv\u00e9d\u00e8re du Mont Saint-Clair<\/li>\n\n\n\n<li>Admirer Notre-Dame-de-la-Salette<\/li>\n\n\n\n<li>Visiter le mus\u00e9e Paul Val\u00e9ry<\/li>\n<\/ul>\n\n\n\n<p>Julien pour Toploc<\/p>\n","protected":false},"excerpt":{"rendered":"Ville portuaire du sud-est de la France, S\u00e8te est une destination de vacances incontournable du d\u00e9partement de l&#8217;H\u00e9rault.&hellip;\n","protected":false},"author":3,"featured_media":155919,"comment_status":"open","ping_status":"closed","sticky":false,"template":"","format":"standard","meta":{"footnotes":""},"categories":[114,6914],"tags":[7121],"class_list":{"0":"post-81083","1":"post","2":"type-post","3":"status-publish","4":"format-standard","5":"has-post-thumbnail","7":"category-france","8":"category-mer","9":"tag-sete"},"yoast_head":"<!-- This site is optimized with the Yoast SEO plugin v26.9 - https:\/\/yoast.com\/product\/yoast-seo-wordpress\/ -->\n<title>Les 10 choses \u00e0 voir et \u00e0 faire pour visiter S\u00e8te<\/title>\n<meta name=\"description\" content=\"visiter S\u00e8te : Mont Saint-Clair . Espace Georges Brassens . Notre-Dame-de-la-Salette . Cimetiere Marin . Mus\u00e9e Paul Val\u00e9ry . Mus\u00e9e de la Mer\" \/>\n<meta name=\"robots\" content=\"index, follow, max-snippet:-1, max-image-preview:large, max-video-preview:-1\" \/>\n<link rel=\"canonical\" href=\"https:\/\/toploc.com\/blog\/france\/visiter-sete\" \/>\n<meta property=\"og:locale\" content=\"fr_FR\" \/>\n<meta property=\"og:type\" content=\"article\" \/>\n<meta property=\"og:title\" content=\"Les 10 choses \u00e0 voir et \u00e0 faire pour visiter S\u00e8te\" \/>\n<meta property=\"og:description\" content=\"visiter S\u00e8te : Mont Saint-Clair . Espace Georges Brassens . Notre-Dame-de-la-Salette . Cimetiere Marin . Mus\u00e9e Paul Val\u00e9ry . Mus\u00e9e de la Mer\" \/>\n<meta property=\"og:url\" content=\"https:\/\/toploc.com\/blog\/france\/visiter-sete\" \/>\n<meta property=\"og:site_name\" content=\"Toploc\" \/>\n<meta property=\"article:publisher\" content=\"https:\/\/www.facebook.com\/locationfrancophone\" \/>\n<meta property=\"article:published_time\" content=\"2026-03-08T16:26:19+00:00\" \/>\n<meta property=\"article:modified_time\" content=\"2026-03-23T16:26:22+00:00\" \/>\n<meta property=\"og:image\" content=\"https:\/\/toploc.com\/blog\/wp-content\/uploads\/2025\/06\/les-incontournables-de-sete-9221969.jpg\" \/>\n\t<meta property=\"og:image:width\" content=\"1200\" \/>\n\t<meta property=\"og:image:height\" content=\"801\" \/>\n\t<meta property=\"og:image:type\" content=\"image\/jpeg\" \/>\n<meta name=\"author\" content=\"Julien\" \/>\n<meta name=\"twitter:card\" content=\"summary_large_image\" \/>\n<meta name=\"twitter:label1\" content=\"\u00c9crit par\" \/>\n\t<meta name=\"twitter:data1\" content=\"Julien\" \/>\n\t<meta name=\"twitter:label2\" content=\"Dur\u00e9e de lecture estim\u00e9e\" \/>\n\t<meta name=\"twitter:data2\" content=\"15 minutes\" \/>\n<script type=\"application\/ld+json\" class=\"yoast-schema-graph\">{\"@context\":\"https:\/\/schema.org\",\"@graph\":[{\"@type\":\"Article\",\"@id\":\"https:\/\/toploc.com\/blog\/france\/visiter-sete#article\",\"isPartOf\":{\"@id\":\"https:\/\/toploc.com\/blog\/france\/visiter-sete\"},\"author\":{\"name\":\"Julien\",\"@id\":\"https:\/\/toploc.com\/blog\/#\/schema\/person\/b66f845e3e2106301dee05e5bc776788\"},\"headline\":\"Les 10 choses \u00e0 voir et \u00e0 faire pour visiter S\u00e8te\",\"datePublished\":\"2026-03-08T16:26:19+00:00\",\"dateModified\":\"2026-03-23T16:26:22+00:00\",\"mainEntityOfPage\":{\"@id\":\"https:\/\/toploc.com\/blog\/france\/visiter-sete\"},\"wordCount\":2614,\"commentCount\":0,\"publisher\":{\"@id\":\"https:\/\/toploc.com\/blog\/#organization\"},\"image\":{\"@id\":\"https:\/\/toploc.com\/blog\/france\/visiter-sete#primaryimage\"},\"thumbnailUrl\":\"https:\/\/toploc.com\/blog\/wp-content\/uploads\/2025\/06\/les-incontournables-de-sete-9221969.jpg\",\"keywords\":[\"S\u00e8te\"],\"articleSection\":[\"Itin\u00e9raires France\",\"Mer\"],\"inLanguage\":\"fr-FR\",\"potentialAction\":[{\"@type\":\"CommentAction\",\"name\":\"Comment\",\"target\":[\"https:\/\/toploc.com\/blog\/france\/visiter-sete#respond\"]}]},{\"@type\":\"WebPage\",\"@id\":\"https:\/\/toploc.com\/blog\/france\/visiter-sete\",\"url\":\"https:\/\/toploc.com\/blog\/france\/visiter-sete\",\"name\":\"Les 10 choses \u00e0 voir et \u00e0 faire pour visiter S\u00e8te\",\"isPartOf\":{\"@id\":\"https:\/\/toploc.com\/blog\/#website\"},\"primaryImageOfPage\":{\"@id\":\"https:\/\/toploc.com\/blog\/france\/visiter-sete#primaryimage\"},\"image\":{\"@id\":\"https:\/\/toploc.com\/blog\/france\/visiter-sete#primaryimage\"},\"thumbnailUrl\":\"https:\/\/toploc.com\/blog\/wp-content\/uploads\/2025\/06\/les-incontournables-de-sete-9221969.jpg\",\"datePublished\":\"2026-03-08T16:26:19+00:00\",\"dateModified\":\"2026-03-23T16:26:22+00:00\",\"description\":\"visiter S\u00e8te : Mont Saint-Clair . Espace Georges Brassens . Notre-Dame-de-la-Salette . Cimetiere Marin . Mus\u00e9e Paul Val\u00e9ry . Mus\u00e9e de la Mer\",\"breadcrumb\":{\"@id\":\"https:\/\/toploc.com\/blog\/france\/visiter-sete#breadcrumb\"},\"inLanguage\":\"fr-FR\",\"potentialAction\":[{\"@type\":\"ReadAction\",\"target\":[\"https:\/\/toploc.com\/blog\/france\/visiter-sete\"]}]},{\"@type\":\"ImageObject\",\"inLanguage\":\"fr-FR\",\"@id\":\"https:\/\/toploc.com\/blog\/france\/visiter-sete#primaryimage\",\"url\":\"https:\/\/toploc.com\/blog\/wp-content\/uploads\/2025\/06\/les-incontournables-de-sete-9221969.jpg\",\"contentUrl\":\"https:\/\/toploc.com\/blog\/wp-content\/uploads\/2025\/06\/les-incontournables-de-sete-9221969.jpg\",\"width\":1200,\"height\":801,\"caption\":\"Visitez S\u00e8te, une des plus belle ville de l'H\u00e9rault \u00a9en.tourisme-sete.com\"},{\"@type\":\"BreadcrumbList\",\"@id\":\"https:\/\/toploc.com\/blog\/france\/visiter-sete#breadcrumb\",\"itemListElement\":[{\"@type\":\"ListItem\",\"position\":1,\"name\":\"Accueil\",\"item\":\"https:\/\/toploc.com\/blog\"},{\"@type\":\"ListItem\",\"position\":2,\"name\":\"Les 10 choses \u00e0 voir et \u00e0 faire pour visiter S\u00e8te\"}]},{\"@type\":\"WebSite\",\"@id\":\"https:\/\/toploc.com\/blog\/#website\",\"url\":\"https:\/\/toploc.com\/blog\/\",\"name\":\"Toploc\",\"description\":\"Itin\u00e9raires natures et locations de vacances en groupe\",\"publisher\":{\"@id\":\"https:\/\/toploc.com\/blog\/#organization\"},\"potentialAction\":[{\"@type\":\"SearchAction\",\"target\":{\"@type\":\"EntryPoint\",\"urlTemplate\":\"https:\/\/toploc.com\/blog\/?s={search_term_string}\"},\"query-input\":{\"@type\":\"PropertyValueSpecification\",\"valueRequired\":true,\"valueName\":\"search_term_string\"}}],\"inLanguage\":\"fr-FR\"},{\"@type\":\"Organization\",\"@id\":\"https:\/\/toploc.com\/blog\/#organization\",\"name\":\"Toploc\",\"url\":\"https:\/\/toploc.com\/blog\/\",\"logo\":{\"@type\":\"ImageObject\",\"inLanguage\":\"fr-FR\",\"@id\":\"https:\/\/toploc.com\/blog\/#\/schema\/logo\/image\/\",\"url\":\"https:\/\/blog.toploc.com\/wp-content\/uploads\/2022\/03\/toploc_facebook_5.png\",\"contentUrl\":\"https:\/\/blog.toploc.com\/wp-content\/uploads\/2022\/03\/toploc_facebook_5.png\",\"width\":600,\"height\":600,\"caption\":\"Toploc\"},\"image\":{\"@id\":\"https:\/\/toploc.com\/blog\/#\/schema\/logo\/image\/\"},\"sameAs\":[\"https:\/\/www.facebook.com\/locationfrancophone\",\"https:\/\/www.instagram.com\/toploc_\",\"https:\/\/www.pinterest.fr\/Toploc_\/\"]},{\"@type\":\"Person\",\"@id\":\"https:\/\/toploc.com\/blog\/#\/schema\/person\/b66f845e3e2106301dee05e5bc776788\",\"name\":\"Julien\",\"image\":{\"@type\":\"ImageObject\",\"inLanguage\":\"fr-FR\",\"@id\":\"https:\/\/toploc.com\/blog\/#\/schema\/person\/image\/\",\"url\":\"https:\/\/secure.gravatar.com\/avatar\/642d3d11687b291bb0ade289db2c7d821a72910624f4eb86cab555b4c6a3ed15?s=96&d=mm&r=g\",\"contentUrl\":\"https:\/\/secure.gravatar.com\/avatar\/642d3d11687b291bb0ade289db2c7d821a72910624f4eb86cab555b4c6a3ed15?s=96&d=mm&r=g\",\"caption\":\"Julien\"},\"description\":\"Julien est un passionn\u00e9 de nature et de grands espaces. Guide de moyenne montagne en Andorre, il a partag\u00e9 ses r\u00e9cits de voyage pendant plusieurs ann\u00e9es. Aujourd'hui il est co-auteur de plusieurs articles pour Toploc.\",\"url\":\"https:\/\/toploc.com\/blog\/author\/julien\"}]}<\/script>\n<!-- \/ Yoast SEO plugin. -->","yoast_head_json":{"title":"Les 10 choses \u00e0 voir et \u00e0 faire pour visiter S\u00e8te","description":"visiter S\u00e8te : Mont Saint-Clair . Espace Georges Brassens . Notre-Dame-de-la-Salette . Cimetiere Marin . Mus\u00e9e Paul Val\u00e9ry . Mus\u00e9e de la Mer","robots":{"index":"index","follow":"follow","max-snippet":"max-snippet:-1","max-image-preview":"max-image-preview:large","max-video-preview":"max-video-preview:-1"},"canonical":"https:\/\/toploc.com\/blog\/france\/visiter-sete","og_locale":"fr_FR","og_type":"article","og_title":"Les 10 choses \u00e0 voir et \u00e0 faire pour visiter S\u00e8te","og_description":"visiter S\u00e8te : Mont Saint-Clair . Espace Georges Brassens . Notre-Dame-de-la-Salette . Cimetiere Marin . Mus\u00e9e Paul Val\u00e9ry . Mus\u00e9e de la Mer","og_url":"https:\/\/toploc.com\/blog\/france\/visiter-sete","og_site_name":"Toploc","article_publisher":"https:\/\/www.facebook.com\/locationfrancophone","article_published_time":"2026-03-08T16:26:19+00:00","article_modified_time":"2026-03-23T16:26:22+00:00","og_image":[{"width":1200,"height":801,"url":"https:\/\/toploc.com\/blog\/wp-content\/uploads\/2025\/06\/les-incontournables-de-sete-9221969.jpg","type":"image\/jpeg"}],"author":"Julien","twitter_card":"summary_large_image","twitter_misc":{"\u00c9crit par":"Julien","Dur\u00e9e de lecture estim\u00e9e":"15 minutes"},"schema":{"@context":"https:\/\/schema.org","@graph":[{"@type":"Article","@id":"https:\/\/toploc.com\/blog\/france\/visiter-sete#article","isPartOf":{"@id":"https:\/\/toploc.com\/blog\/france\/visiter-sete"},"author":{"name":"Julien","@id":"https:\/\/toploc.com\/blog\/#\/schema\/person\/b66f845e3e2106301dee05e5bc776788"},"headline":"Les 10 choses \u00e0 voir et \u00e0 faire pour visiter S\u00e8te","datePublished":"2026-03-08T16:26:19+00:00","dateModified":"2026-03-23T16:26:22+00:00","mainEntityOfPage":{"@id":"https:\/\/toploc.com\/blog\/france\/visiter-sete"},"wordCount":2614,"commentCount":0,"publisher":{"@id":"https:\/\/toploc.com\/blog\/#organization"},"image":{"@id":"https:\/\/toploc.com\/blog\/france\/visiter-sete#primaryimage"},"thumbnailUrl":"https:\/\/toploc.com\/blog\/wp-content\/uploads\/2025\/06\/les-incontournables-de-sete-9221969.jpg","keywords":["S\u00e8te"],"articleSection":["Itin\u00e9raires France","Mer"],"inLanguage":"fr-FR","potentialAction":[{"@type":"CommentAction","name":"Comment","target":["https:\/\/toploc.com\/blog\/france\/visiter-sete#respond"]}]},{"@type":"WebPage","@id":"https:\/\/toploc.com\/blog\/france\/visiter-sete","url":"https:\/\/toploc.com\/blog\/france\/visiter-sete","name":"Les 10 choses \u00e0 voir et \u00e0 faire pour visiter S\u00e8te","isPartOf":{"@id":"https:\/\/toploc.com\/blog\/#website"},"primaryImageOfPage":{"@id":"https:\/\/toploc.com\/blog\/france\/visiter-sete#primaryimage"},"image":{"@id":"https:\/\/toploc.com\/blog\/france\/visiter-sete#primaryimage"},"thumbnailUrl":"https:\/\/toploc.com\/blog\/wp-content\/uploads\/2025\/06\/les-incontournables-de-sete-9221969.jpg","datePublished":"2026-03-08T16:26:19+00:00","dateModified":"2026-03-23T16:26:22+00:00","description":"visiter S\u00e8te : Mont Saint-Clair . Espace Georges Brassens . Notre-Dame-de-la-Salette . Cimetiere Marin . Mus\u00e9e Paul Val\u00e9ry . Mus\u00e9e de la Mer","breadcrumb":{"@id":"https:\/\/toploc.com\/blog\/france\/visiter-sete#breadcrumb"},"inLanguage":"fr-FR","potentialAction":[{"@type":"ReadAction","target":["https:\/\/toploc.com\/blog\/france\/visiter-sete"]}]},{"@type":"ImageObject","inLanguage":"fr-FR","@id":"https:\/\/toploc.com\/blog\/france\/visiter-sete#primaryimage","url":"https:\/\/toploc.com\/blog\/wp-content\/uploads\/2025\/06\/les-incontournables-de-sete-9221969.jpg","contentUrl":"https:\/\/toploc.com\/blog\/wp-content\/uploads\/2025\/06\/les-incontournables-de-sete-9221969.jpg","width":1200,"height":801,"caption":"Visitez S\u00e8te, une des plus belle ville de l'H\u00e9rault \u00a9en.tourisme-sete.com"},{"@type":"BreadcrumbList","@id":"https:\/\/toploc.com\/blog\/france\/visiter-sete#breadcrumb","itemListElement":[{"@type":"ListItem","position":1,"name":"Accueil","item":"https:\/\/toploc.com\/blog"},{"@type":"ListItem","position":2,"name":"Les 10 choses \u00e0 voir et \u00e0 faire pour visiter S\u00e8te"}]},{"@type":"WebSite","@id":"https:\/\/toploc.com\/blog\/#website","url":"https:\/\/toploc.com\/blog\/","name":"Toploc","description":"Itin\u00e9raires natures et locations de vacances en groupe","publisher":{"@id":"https:\/\/toploc.com\/blog\/#organization"},"potentialAction":[{"@type":"SearchAction","target":{"@type":"EntryPoint","urlTemplate":"https:\/\/toploc.com\/blog\/?s={search_term_string}"},"query-input":{"@type":"PropertyValueSpecification","valueRequired":true,"valueName":"search_term_string"}}],"inLanguage":"fr-FR"},{"@type":"Organization","@id":"https:\/\/toploc.com\/blog\/#organization","name":"Toploc","url":"https:\/\/toploc.com\/blog\/","logo":{"@type":"ImageObject","inLanguage":"fr-FR","@id":"https:\/\/toploc.com\/blog\/#\/schema\/logo\/image\/","url":"https:\/\/blog.toploc.com\/wp-content\/uploads\/2022\/03\/toploc_facebook_5.png","contentUrl":"https:\/\/blog.toploc.com\/wp-content\/uploads\/2022\/03\/toploc_facebook_5.png","width":600,"height":600,"caption":"Toploc"},"image":{"@id":"https:\/\/toploc.com\/blog\/#\/schema\/logo\/image\/"},"sameAs":["https:\/\/www.facebook.com\/locationfrancophone","https:\/\/www.instagram.com\/toploc_","https:\/\/www.pinterest.fr\/Toploc_\/"]},{"@type":"Person","@id":"https:\/\/toploc.com\/blog\/#\/schema\/person\/b66f845e3e2106301dee05e5bc776788","name":"Julien","image":{"@type":"ImageObject","inLanguage":"fr-FR","@id":"https:\/\/toploc.com\/blog\/#\/schema\/person\/image\/","url":"https:\/\/secure.gravatar.com\/avatar\/642d3d11687b291bb0ade289db2c7d821a72910624f4eb86cab555b4c6a3ed15?s=96&d=mm&r=g","contentUrl":"https:\/\/secure.gravatar.com\/avatar\/642d3d11687b291bb0ade289db2c7d821a72910624f4eb86cab555b4c6a3ed15?s=96&d=mm&r=g","caption":"Julien"},"description":"Julien est un passionn\u00e9 de nature et de grands espaces. Guide de moyenne montagne en Andorre, il a partag\u00e9 ses r\u00e9cits de voyage pendant plusieurs ann\u00e9es. Aujourd'hui il est co-auteur de plusieurs articles pour Toploc.","url":"https:\/\/toploc.com\/blog\/author\/julien"}]}},"_links":{"self":[{"href":"https:\/\/toploc.com\/blog\/wp-json\/wp\/v2\/posts\/81083","targetHints":{"allow":["GET"]}}],"collection":[{"href":"https:\/\/toploc.com\/blog\/wp-json\/wp\/v2\/posts"}],"about":[{"href":"https:\/\/toploc.com\/blog\/wp-json\/wp\/v2\/types\/post"}],"author":[{"embeddable":true,"href":"https:\/\/toploc.com\/blog\/wp-json\/wp\/v2\/users\/3"}],"replies":[{"embeddable":true,"href":"https:\/\/toploc.com\/blog\/wp-json\/wp\/v2\/comments?post=81083"}],"version-history":[{"count":17,"href":"https:\/\/toploc.com\/blog\/wp-json\/wp\/v2\/posts\/81083\/revisions"}],"predecessor-version":[{"id":162177,"href":"https:\/\/toploc.com\/blog\/wp-json\/wp\/v2\/posts\/81083\/revisions\/162177"}],"wp:featuredmedia":[{"embeddable":true,"href":"https:\/\/toploc.com\/blog\/wp-json\/wp\/v2\/media\/155919"}],"wp:attachment":[{"href":"https:\/\/toploc.com\/blog\/wp-json\/wp\/v2\/media?parent=81083"}],"wp:term":[{"taxonomy":"category","embeddable":true,"href":"https:\/\/toploc.com\/blog\/wp-json\/wp\/v2\/categories?post=81083"},{"taxonomy":"post_tag","embeddable":true,"href":"https:\/\/toploc.com\/blog\/wp-json\/wp\/v2\/tags?post=81083"}],"curies":[{"name":"wp","href":"https:\/\/api.w.org\/{rel}","templated":true}]}}