{"id":72442,"date":"2018-12-18T08:00:52","date_gmt":"2018-12-18T06:00:52","guid":{"rendered":"https:\/\/www.location-francophone.com\/?p=72442"},"modified":"2025-08-21T16:19:22","modified_gmt":"2025-08-21T14:19:22","slug":"marches-de-noel-a-prague","status":"publish","type":"post","link":"https:\/\/toploc.com\/blog\/europe\/marches-de-noel-a-prague","title":{"rendered":"Les 5 plus beaux march\u00e9 de No\u00ebl de Prague"},"content":{"rendered":"<p style=\"text-align: justify;\">Vous comptez vous rendre en R\u00e9publique tch\u00e8que pour les vacances de No\u00ebl et de fin d\u2019ann\u00e9e\u00a0? Optez sans h\u00e9siter pour un <a href=\"https:\/\/www.location-francophone.com\/blog\/appartement-a-louer-a-prague\/\">appartement \u00e0 louer \u00e0 Prague<\/a>. Vous pourrez ainsi vous rendre aux plus beaux march\u00e9s de No\u00ebl \u00e0 Prague et vous offrir des vacances pleines de magie. Zoom sur quelques incontournables qui vous emm\u00e8neront au pays du P\u00e8re No\u00ebl.<\/p>\n<figure id=\"attachment_72443\" aria-describedby=\"caption-attachment-72443\" style=\"width: 700px\" class=\"wp-caption aligncenter\"><a href=\"https:\/\/blog.toploc.com\/wp-content\/uploads\/2018\/12\/Partez-a-la-decouverte-des-marches-de-Noel-a-Prague-pendant-les-fetes.jpg\"><img loading=\"lazy\" decoding=\"async\" class=\"wp-image-72443 size-full\" src=\"https:\/\/blog.toploc.com\/wp-content\/uploads\/2018\/12\/Partez-a-la-decouverte-des-marches-de-Noel-a-Prague-pendant-les-fetes.jpg\" alt=\"Partez \u00e0 la d\u00e9couverte des march\u00e9s de No\u00ebl \u00e0 Prague pendant les f\u00eates\" width=\"700\" height=\"462\" \/><\/a><figcaption id=\"caption-attachment-72443\" class=\"wp-caption-text\"><small>Partez \u00e0 la d\u00e9couverte des march\u00e9s de No\u00ebl \u00e0 Prague pendant les f\u00eates<\/small><\/figcaption><\/figure>\n<p style=\"text-align: justify;\"><!--more--><\/p>\n<h2 id=\"les-deux-plus-beaux-marches-de-noel-a-prague\" style=\"text-align: justify;\"><strong>Les deux plus beaux march\u00e9s de No\u00ebl \u00e0 Prague<\/strong><\/h2>\n<p style=\"text-align: justify;\">Les plus beaux march\u00e9s de No\u00ebl \u00e0 Prague vous donnent rendez-vous du 1<sup>er<\/sup> d\u00e9cembre au 6 janvier. Ces derniers vous invitent \u00e0 plonger dans une ambiance f\u00e9erique et conviviale. D\u00e8s le d\u00e9but de l\u2019Avent, la ville tout enti\u00e8re s\u2019anime, scintille et fait place \u00e0 la magie de No\u00ebl.<\/p>\n<p style=\"text-align: justify;\">Trouvant leur place parmi les <a href=\"https:\/\/www.location-francophone.com\/blog\/plus-beaux-marches-de-noel-en-europe\/\">plus beaux march\u00e9s de No\u00ebl en Europe<\/a>, ceux-ci colonisent les quatre coins de la ville et vous proposent diverses mani\u00e8res de vous divertir mais \u00e9galement de visiter la ville.<\/p>\n<figure id=\"attachment_72444\" aria-describedby=\"caption-attachment-72444\" style=\"width: 700px\" class=\"wp-caption aligncenter\"><a href=\"https:\/\/blog.toploc.com\/wp-content\/uploads\/2018\/12\/Decouverte-de-lun-des-marches-de-Noel-de-Prague-pendant-votre-sejour-en-Republique-tcheque.jpg\"><img loading=\"lazy\" decoding=\"async\" class=\"wp-image-72444 size-full\" src=\"https:\/\/blog.toploc.com\/wp-content\/uploads\/2018\/12\/Decouverte-de-lun-des-marches-de-Noel-de-Prague-pendant-votre-sejour-en-Republique-tcheque.jpg\" alt=\"D\u00e9couverte de l'un des march\u00e9s de No\u00ebl de Prague pendant votre s\u00e9jour en R\u00e9publique tch\u00e8que\" width=\"700\" height=\"488\" \/><\/a><figcaption id=\"caption-attachment-72444\" class=\"wp-caption-text\"><small>D\u00e9couverte de l&#8217;un des march\u00e9s de No\u00ebl de Prague pendant votre s\u00e9jour en R\u00e9publique tch\u00e8que<\/small><\/figcaption><\/figure>\n<p style=\"text-align: justify;\">L\u2019un des incontournables march\u00e9s de No\u00ebl \u00e0 Prague \u00e0 d\u00e9couvrir durant vos <a href=\"https:\/\/www.location-francophone.com\/blog\/vacances-en-famille\/\">vacances en famille<\/a> reste celui qui se dresse sur la Place de la Vieille Ville.<\/p>\n<p style=\"text-align: justify;\">En plus de vous offrir une visite gratuite des plus beaux monuments se dressant sur la place, comme l\u2019horloge astronomique, l\u2019\u00e9glise Notre-Dame du T\u00fdn ou encore l\u2019h\u00f4tel de Ville, ce march\u00e9 vous propose de plonger au c\u0153ur de ses traditions. C\u00f4t\u00e9 divertissement, vous pourrez assister \u00e0 divers concerts mais \u00e9galement admirer la sc\u00e8ne de la nativit\u00e9.<\/p>\n<figure id=\"attachment_72445\" aria-describedby=\"caption-attachment-72445\" style=\"width: 700px\" class=\"wp-caption aligncenter\"><a href=\"https:\/\/blog.toploc.com\/wp-content\/uploads\/2018\/12\/Balade-nocturne-dans-lun-des-marches-de-Noel-a-Prague.jpg\"><img loading=\"lazy\" decoding=\"async\" class=\"wp-image-72445 size-full\" src=\"https:\/\/blog.toploc.com\/wp-content\/uploads\/2018\/12\/Balade-nocturne-dans-lun-des-marches-de-Noel-a-Prague.jpg\" alt=\"Balade nocturne dans l'un des march\u00e9s de No\u00ebl \u00e0 Prague\" width=\"700\" height=\"463\" \/><\/a><figcaption id=\"caption-attachment-72445\" class=\"wp-caption-text\"><small>Balade nocturne dans l&#8217;un des march\u00e9s de No\u00ebl \u00e0 Prague<\/small><\/figcaption><\/figure>\n<p style=\"text-align: justify;\">Ne manquez pas \u00e9galement, lors de vos <a href=\"https:\/\/www.location-francophone.com\/blog\/vacances-familiales\/\">vacances familiales<\/a>, le march\u00e9 occupant le bas de la <a href=\"https:\/\/fr.wikipedia.org\/wiki\/Place_Venceslas\" target=\"_blank\" rel=\"noopener noreferrer\">place Wenceslas<\/a>. Situ\u00e9 dans le centre historique de Prague, ce dernier vous invite \u00e0 go\u00fbter au sva\u0159\u00e1k, un verre de vin chaud. Pour les fins gourmets, c\u2019est le march\u00e9 id\u00e9al pour savourer quelques sp\u00e9cialit\u00e9s locales comme la fameuse brioche tress\u00e9e. Trouvez-y \u00e9galement des objets artisanaux tels les jouets en bois et articles artisanaux qui feront de tr\u00e8s beaux cadeaux.<\/p>\n","protected":false},"excerpt":{"rendered":"Vous comptez vous rendre en R\u00e9publique tch\u00e8que pour les vacances de No\u00ebl et de fin d\u2019ann\u00e9e\u00a0? Optez sans&hellip;\n","protected":false},"author":3,"featured_media":72443,"comment_status":"open","ping_status":"closed","sticky":false,"template":"","format":"standard","meta":{"footnotes":""},"categories":[5,7597],"tags":[4338,4339,4340,4341,4342],"class_list":{"0":"post-72442","1":"post","2":"type-post","3":"status-publish","4":"format-standard","5":"has-post-thumbnail","7":"category-europe","8":"category-noel","9":"tag-la-magie-de-noel-a-prague","10":"tag-la-scene-de-la-nativite-a-prague","11":"tag-noel-en-republique-tcheque","12":"tag-specialites-locales-a-prague","13":"tag-vacances-de-noel-a-prague"},"yoast_head":"<!-- This site is optimized with the Yoast SEO plugin v26.9 - https:\/\/yoast.com\/product\/yoast-seo-wordpress\/ -->\n<title>D\u00e9couvrez et visitez deux des plus beaux march\u00e9s de No\u00ebl \u00e0 Prague<\/title>\n<meta name=\"description\" content=\"Ne loupez surtout pas les meilleurs march\u00e9s de No\u00ebl \u00e0 Prague si vous comptez passer vos vacances de No\u00ebl en R\u00e9publique tch\u00e8que et profiter d\u2019un s\u00e9jour ...\" \/>\n<meta name=\"robots\" content=\"index, follow, max-snippet:-1, max-image-preview:large, max-video-preview:-1\" \/>\n<link rel=\"canonical\" href=\"https:\/\/toploc.com\/blog\/europe\/marches-de-noel-a-prague\" \/>\n<meta property=\"og:locale\" content=\"fr_FR\" \/>\n<meta property=\"og:type\" content=\"article\" \/>\n<meta property=\"og:title\" content=\"D\u00e9couvrez et visitez deux des plus beaux march\u00e9s de No\u00ebl \u00e0 Prague\" \/>\n<meta property=\"og:description\" content=\"Ne loupez surtout pas les meilleurs march\u00e9s de No\u00ebl \u00e0 Prague si vous comptez passer vos vacances de No\u00ebl en R\u00e9publique tch\u00e8que et profiter d\u2019un s\u00e9jour ...\" \/>\n<meta property=\"og:url\" content=\"https:\/\/toploc.com\/blog\/europe\/marches-de-noel-a-prague\" \/>\n<meta property=\"og:site_name\" content=\"Toploc\" \/>\n<meta property=\"article:publisher\" content=\"https:\/\/www.facebook.com\/locationfrancophone\" \/>\n<meta property=\"article:published_time\" content=\"2018-12-18T06:00:52+00:00\" \/>\n<meta property=\"article:modified_time\" content=\"2025-08-21T14:19:22+00:00\" \/>\n<meta property=\"og:image\" content=\"https:\/\/toploc.com\/blog\/wp-content\/uploads\/2018\/12\/Partez-a-la-decouverte-des-marches-de-Noel-a-Prague-pendant-les-fetes.jpg\" \/>\n\t<meta property=\"og:image:width\" content=\"700\" \/>\n\t<meta property=\"og:image:height\" content=\"462\" \/>\n\t<meta property=\"og:image:type\" content=\"image\/jpeg\" \/>\n<meta name=\"author\" content=\"Julien\" \/>\n<meta name=\"twitter:card\" content=\"summary_large_image\" \/>\n<meta name=\"twitter:label1\" content=\"\u00c9crit par\" \/>\n\t<meta name=\"twitter:data1\" content=\"Julien\" \/>\n\t<meta name=\"twitter:label2\" content=\"Dur\u00e9e de lecture estim\u00e9e\" \/>\n\t<meta name=\"twitter:data2\" content=\"3 minutes\" \/>\n<script type=\"application\/ld+json\" class=\"yoast-schema-graph\">{\"@context\":\"https:\/\/schema.org\",\"@graph\":[{\"@type\":\"Article\",\"@id\":\"https:\/\/toploc.com\/blog\/europe\/marches-de-noel-a-prague#article\",\"isPartOf\":{\"@id\":\"https:\/\/toploc.com\/blog\/europe\/marches-de-noel-a-prague\"},\"author\":{\"name\":\"Julien\",\"@id\":\"https:\/\/toploc.com\/blog\/#\/schema\/person\/b66f845e3e2106301dee05e5bc776788\"},\"headline\":\"Les 5 plus beaux march\u00e9 de No\u00ebl de Prague\",\"datePublished\":\"2018-12-18T06:00:52+00:00\",\"dateModified\":\"2025-08-21T14:19:22+00:00\",\"mainEntityOfPage\":{\"@id\":\"https:\/\/toploc.com\/blog\/europe\/marches-de-noel-a-prague\"},\"wordCount\":421,\"commentCount\":0,\"publisher\":{\"@id\":\"https:\/\/toploc.com\/blog\/#organization\"},\"image\":{\"@id\":\"https:\/\/toploc.com\/blog\/europe\/marches-de-noel-a-prague#primaryimage\"},\"thumbnailUrl\":\"https:\/\/toploc.com\/blog\/wp-content\/uploads\/2018\/12\/Partez-a-la-decouverte-des-marches-de-Noel-a-Prague-pendant-les-fetes.jpg\",\"keywords\":[\"la magie de No\u00ebl \u00e0 Prague\",\"la sc\u00e8ne de la nativit\u00e9 \u00e0 Prague\",\"No\u00ebl en R\u00e9publique tch\u00e8que\",\"sp\u00e9cialit\u00e9s locales \u00e0 Prague\",\"vacances de No\u00ebl \u00e0 Prague\"],\"articleSection\":[\"Itin\u00e9raires Europe\",\"No\u00ebl\"],\"inLanguage\":\"fr-FR\",\"potentialAction\":[{\"@type\":\"CommentAction\",\"name\":\"Comment\",\"target\":[\"https:\/\/toploc.com\/blog\/europe\/marches-de-noel-a-prague#respond\"]}]},{\"@type\":\"WebPage\",\"@id\":\"https:\/\/toploc.com\/blog\/europe\/marches-de-noel-a-prague\",\"url\":\"https:\/\/toploc.com\/blog\/europe\/marches-de-noel-a-prague\",\"name\":\"D\u00e9couvrez et visitez deux des plus beaux march\u00e9s de No\u00ebl \u00e0 Prague\",\"isPartOf\":{\"@id\":\"https:\/\/toploc.com\/blog\/#website\"},\"primaryImageOfPage\":{\"@id\":\"https:\/\/toploc.com\/blog\/europe\/marches-de-noel-a-prague#primaryimage\"},\"image\":{\"@id\":\"https:\/\/toploc.com\/blog\/europe\/marches-de-noel-a-prague#primaryimage\"},\"thumbnailUrl\":\"https:\/\/toploc.com\/blog\/wp-content\/uploads\/2018\/12\/Partez-a-la-decouverte-des-marches-de-Noel-a-Prague-pendant-les-fetes.jpg\",\"datePublished\":\"2018-12-18T06:00:52+00:00\",\"dateModified\":\"2025-08-21T14:19:22+00:00\",\"description\":\"Ne loupez surtout pas les meilleurs march\u00e9s de No\u00ebl \u00e0 Prague si vous comptez passer vos vacances de No\u00ebl en R\u00e9publique tch\u00e8que et profiter d\u2019un s\u00e9jour ...\",\"breadcrumb\":{\"@id\":\"https:\/\/toploc.com\/blog\/europe\/marches-de-noel-a-prague#breadcrumb\"},\"inLanguage\":\"fr-FR\",\"potentialAction\":[{\"@type\":\"ReadAction\",\"target\":[\"https:\/\/toploc.com\/blog\/europe\/marches-de-noel-a-prague\"]}]},{\"@type\":\"ImageObject\",\"inLanguage\":\"fr-FR\",\"@id\":\"https:\/\/toploc.com\/blog\/europe\/marches-de-noel-a-prague#primaryimage\",\"url\":\"https:\/\/toploc.com\/blog\/wp-content\/uploads\/2018\/12\/Partez-a-la-decouverte-des-marches-de-Noel-a-Prague-pendant-les-fetes.jpg\",\"contentUrl\":\"https:\/\/toploc.com\/blog\/wp-content\/uploads\/2018\/12\/Partez-a-la-decouverte-des-marches-de-Noel-a-Prague-pendant-les-fetes.jpg\",\"width\":700,\"height\":462,\"caption\":\"Partez \u00e0 la d\u00e9couverte des march\u00e9s de No\u00ebl \u00e0 Prague pendant les f\u00eates\"},{\"@type\":\"BreadcrumbList\",\"@id\":\"https:\/\/toploc.com\/blog\/europe\/marches-de-noel-a-prague#breadcrumb\",\"itemListElement\":[{\"@type\":\"ListItem\",\"position\":1,\"name\":\"Accueil\",\"item\":\"https:\/\/toploc.com\/blog\"},{\"@type\":\"ListItem\",\"position\":2,\"name\":\"Les 5 plus beaux march\u00e9 de No\u00ebl de Prague\"}]},{\"@type\":\"WebSite\",\"@id\":\"https:\/\/toploc.com\/blog\/#website\",\"url\":\"https:\/\/toploc.com\/blog\/\",\"name\":\"Toploc\",\"description\":\"Itin\u00e9raires natures et locations de vacances en groupe\",\"publisher\":{\"@id\":\"https:\/\/toploc.com\/blog\/#organization\"},\"potentialAction\":[{\"@type\":\"SearchAction\",\"target\":{\"@type\":\"EntryPoint\",\"urlTemplate\":\"https:\/\/toploc.com\/blog\/?s={search_term_string}\"},\"query-input\":{\"@type\":\"PropertyValueSpecification\",\"valueRequired\":true,\"valueName\":\"search_term_string\"}}],\"inLanguage\":\"fr-FR\"},{\"@type\":\"Organization\",\"@id\":\"https:\/\/toploc.com\/blog\/#organization\",\"name\":\"Toploc\",\"url\":\"https:\/\/toploc.com\/blog\/\",\"logo\":{\"@type\":\"ImageObject\",\"inLanguage\":\"fr-FR\",\"@id\":\"https:\/\/toploc.com\/blog\/#\/schema\/logo\/image\/\",\"url\":\"https:\/\/blog.toploc.com\/wp-content\/uploads\/2022\/03\/toploc_facebook_5.png\",\"contentUrl\":\"https:\/\/blog.toploc.com\/wp-content\/uploads\/2022\/03\/toploc_facebook_5.png\",\"width\":600,\"height\":600,\"caption\":\"Toploc\"},\"image\":{\"@id\":\"https:\/\/toploc.com\/blog\/#\/schema\/logo\/image\/\"},\"sameAs\":[\"https:\/\/www.facebook.com\/locationfrancophone\",\"https:\/\/www.instagram.com\/toploc_\",\"https:\/\/www.pinterest.fr\/Toploc_\/\"]},{\"@type\":\"Person\",\"@id\":\"https:\/\/toploc.com\/blog\/#\/schema\/person\/b66f845e3e2106301dee05e5bc776788\",\"name\":\"Julien\",\"image\":{\"@type\":\"ImageObject\",\"inLanguage\":\"fr-FR\",\"@id\":\"https:\/\/toploc.com\/blog\/#\/schema\/person\/image\/\",\"url\":\"https:\/\/secure.gravatar.com\/avatar\/642d3d11687b291bb0ade289db2c7d821a72910624f4eb86cab555b4c6a3ed15?s=96&d=mm&r=g\",\"contentUrl\":\"https:\/\/secure.gravatar.com\/avatar\/642d3d11687b291bb0ade289db2c7d821a72910624f4eb86cab555b4c6a3ed15?s=96&d=mm&r=g\",\"caption\":\"Julien\"},\"description\":\"Julien est un passionn\u00e9 de nature et de grands espaces. Guide de moyenne montagne en Andorre, il a partag\u00e9 ses r\u00e9cits de voyage pendant plusieurs ann\u00e9es. Aujourd'hui il est co-auteur de plusieurs articles pour Toploc.\",\"url\":\"https:\/\/toploc.com\/blog\/author\/julien\"}]}<\/script>\n<!-- \/ Yoast SEO plugin. -->","yoast_head_json":{"title":"D\u00e9couvrez et visitez deux des plus beaux march\u00e9s de No\u00ebl \u00e0 Prague","description":"Ne loupez surtout pas les meilleurs march\u00e9s de No\u00ebl \u00e0 Prague si vous comptez passer vos vacances de No\u00ebl en R\u00e9publique tch\u00e8que et profiter d\u2019un s\u00e9jour ...","robots":{"index":"index","follow":"follow","max-snippet":"max-snippet:-1","max-image-preview":"max-image-preview:large","max-video-preview":"max-video-preview:-1"},"canonical":"https:\/\/toploc.com\/blog\/europe\/marches-de-noel-a-prague","og_locale":"fr_FR","og_type":"article","og_title":"D\u00e9couvrez et visitez deux des plus beaux march\u00e9s de No\u00ebl \u00e0 Prague","og_description":"Ne loupez surtout pas les meilleurs march\u00e9s de No\u00ebl \u00e0 Prague si vous comptez passer vos vacances de No\u00ebl en R\u00e9publique tch\u00e8que et profiter d\u2019un s\u00e9jour ...","og_url":"https:\/\/toploc.com\/blog\/europe\/marches-de-noel-a-prague","og_site_name":"Toploc","article_publisher":"https:\/\/www.facebook.com\/locationfrancophone","article_published_time":"2018-12-18T06:00:52+00:00","article_modified_time":"2025-08-21T14:19:22+00:00","og_image":[{"width":700,"height":462,"url":"https:\/\/toploc.com\/blog\/wp-content\/uploads\/2018\/12\/Partez-a-la-decouverte-des-marches-de-Noel-a-Prague-pendant-les-fetes.jpg","type":"image\/jpeg"}],"author":"Julien","twitter_card":"summary_large_image","twitter_misc":{"\u00c9crit par":"Julien","Dur\u00e9e de lecture estim\u00e9e":"3 minutes"},"schema":{"@context":"https:\/\/schema.org","@graph":[{"@type":"Article","@id":"https:\/\/toploc.com\/blog\/europe\/marches-de-noel-a-prague#article","isPartOf":{"@id":"https:\/\/toploc.com\/blog\/europe\/marches-de-noel-a-prague"},"author":{"name":"Julien","@id":"https:\/\/toploc.com\/blog\/#\/schema\/person\/b66f845e3e2106301dee05e5bc776788"},"headline":"Les 5 plus beaux march\u00e9 de No\u00ebl de Prague","datePublished":"2018-12-18T06:00:52+00:00","dateModified":"2025-08-21T14:19:22+00:00","mainEntityOfPage":{"@id":"https:\/\/toploc.com\/blog\/europe\/marches-de-noel-a-prague"},"wordCount":421,"commentCount":0,"publisher":{"@id":"https:\/\/toploc.com\/blog\/#organization"},"image":{"@id":"https:\/\/toploc.com\/blog\/europe\/marches-de-noel-a-prague#primaryimage"},"thumbnailUrl":"https:\/\/toploc.com\/blog\/wp-content\/uploads\/2018\/12\/Partez-a-la-decouverte-des-marches-de-Noel-a-Prague-pendant-les-fetes.jpg","keywords":["la magie de No\u00ebl \u00e0 Prague","la sc\u00e8ne de la nativit\u00e9 \u00e0 Prague","No\u00ebl en R\u00e9publique tch\u00e8que","sp\u00e9cialit\u00e9s locales \u00e0 Prague","vacances de No\u00ebl \u00e0 Prague"],"articleSection":["Itin\u00e9raires Europe","No\u00ebl"],"inLanguage":"fr-FR","potentialAction":[{"@type":"CommentAction","name":"Comment","target":["https:\/\/toploc.com\/blog\/europe\/marches-de-noel-a-prague#respond"]}]},{"@type":"WebPage","@id":"https:\/\/toploc.com\/blog\/europe\/marches-de-noel-a-prague","url":"https:\/\/toploc.com\/blog\/europe\/marches-de-noel-a-prague","name":"D\u00e9couvrez et visitez deux des plus beaux march\u00e9s de No\u00ebl \u00e0 Prague","isPartOf":{"@id":"https:\/\/toploc.com\/blog\/#website"},"primaryImageOfPage":{"@id":"https:\/\/toploc.com\/blog\/europe\/marches-de-noel-a-prague#primaryimage"},"image":{"@id":"https:\/\/toploc.com\/blog\/europe\/marches-de-noel-a-prague#primaryimage"},"thumbnailUrl":"https:\/\/toploc.com\/blog\/wp-content\/uploads\/2018\/12\/Partez-a-la-decouverte-des-marches-de-Noel-a-Prague-pendant-les-fetes.jpg","datePublished":"2018-12-18T06:00:52+00:00","dateModified":"2025-08-21T14:19:22+00:00","description":"Ne loupez surtout pas les meilleurs march\u00e9s de No\u00ebl \u00e0 Prague si vous comptez passer vos vacances de No\u00ebl en R\u00e9publique tch\u00e8que et profiter d\u2019un s\u00e9jour ...","breadcrumb":{"@id":"https:\/\/toploc.com\/blog\/europe\/marches-de-noel-a-prague#breadcrumb"},"inLanguage":"fr-FR","potentialAction":[{"@type":"ReadAction","target":["https:\/\/toploc.com\/blog\/europe\/marches-de-noel-a-prague"]}]},{"@type":"ImageObject","inLanguage":"fr-FR","@id":"https:\/\/toploc.com\/blog\/europe\/marches-de-noel-a-prague#primaryimage","url":"https:\/\/toploc.com\/blog\/wp-content\/uploads\/2018\/12\/Partez-a-la-decouverte-des-marches-de-Noel-a-Prague-pendant-les-fetes.jpg","contentUrl":"https:\/\/toploc.com\/blog\/wp-content\/uploads\/2018\/12\/Partez-a-la-decouverte-des-marches-de-Noel-a-Prague-pendant-les-fetes.jpg","width":700,"height":462,"caption":"Partez \u00e0 la d\u00e9couverte des march\u00e9s de No\u00ebl \u00e0 Prague pendant les f\u00eates"},{"@type":"BreadcrumbList","@id":"https:\/\/toploc.com\/blog\/europe\/marches-de-noel-a-prague#breadcrumb","itemListElement":[{"@type":"ListItem","position":1,"name":"Accueil","item":"https:\/\/toploc.com\/blog"},{"@type":"ListItem","position":2,"name":"Les 5 plus beaux march\u00e9 de No\u00ebl de Prague"}]},{"@type":"WebSite","@id":"https:\/\/toploc.com\/blog\/#website","url":"https:\/\/toploc.com\/blog\/","name":"Toploc","description":"Itin\u00e9raires natures et locations de vacances en groupe","publisher":{"@id":"https:\/\/toploc.com\/blog\/#organization"},"potentialAction":[{"@type":"SearchAction","target":{"@type":"EntryPoint","urlTemplate":"https:\/\/toploc.com\/blog\/?s={search_term_string}"},"query-input":{"@type":"PropertyValueSpecification","valueRequired":true,"valueName":"search_term_string"}}],"inLanguage":"fr-FR"},{"@type":"Organization","@id":"https:\/\/toploc.com\/blog\/#organization","name":"Toploc","url":"https:\/\/toploc.com\/blog\/","logo":{"@type":"ImageObject","inLanguage":"fr-FR","@id":"https:\/\/toploc.com\/blog\/#\/schema\/logo\/image\/","url":"https:\/\/blog.toploc.com\/wp-content\/uploads\/2022\/03\/toploc_facebook_5.png","contentUrl":"https:\/\/blog.toploc.com\/wp-content\/uploads\/2022\/03\/toploc_facebook_5.png","width":600,"height":600,"caption":"Toploc"},"image":{"@id":"https:\/\/toploc.com\/blog\/#\/schema\/logo\/image\/"},"sameAs":["https:\/\/www.facebook.com\/locationfrancophone","https:\/\/www.instagram.com\/toploc_","https:\/\/www.pinterest.fr\/Toploc_\/"]},{"@type":"Person","@id":"https:\/\/toploc.com\/blog\/#\/schema\/person\/b66f845e3e2106301dee05e5bc776788","name":"Julien","image":{"@type":"ImageObject","inLanguage":"fr-FR","@id":"https:\/\/toploc.com\/blog\/#\/schema\/person\/image\/","url":"https:\/\/secure.gravatar.com\/avatar\/642d3d11687b291bb0ade289db2c7d821a72910624f4eb86cab555b4c6a3ed15?s=96&d=mm&r=g","contentUrl":"https:\/\/secure.gravatar.com\/avatar\/642d3d11687b291bb0ade289db2c7d821a72910624f4eb86cab555b4c6a3ed15?s=96&d=mm&r=g","caption":"Julien"},"description":"Julien est un passionn\u00e9 de nature et de grands espaces. Guide de moyenne montagne en Andorre, il a partag\u00e9 ses r\u00e9cits de voyage pendant plusieurs ann\u00e9es. Aujourd'hui il est co-auteur de plusieurs articles pour Toploc.","url":"https:\/\/toploc.com\/blog\/author\/julien"}]}},"_links":{"self":[{"href":"https:\/\/toploc.com\/blog\/wp-json\/wp\/v2\/posts\/72442","targetHints":{"allow":["GET"]}}],"collection":[{"href":"https:\/\/toploc.com\/blog\/wp-json\/wp\/v2\/posts"}],"about":[{"href":"https:\/\/toploc.com\/blog\/wp-json\/wp\/v2\/types\/post"}],"author":[{"embeddable":true,"href":"https:\/\/toploc.com\/blog\/wp-json\/wp\/v2\/users\/3"}],"replies":[{"embeddable":true,"href":"https:\/\/toploc.com\/blog\/wp-json\/wp\/v2\/comments?post=72442"}],"version-history":[{"count":1,"href":"https:\/\/toploc.com\/blog\/wp-json\/wp\/v2\/posts\/72442\/revisions"}],"predecessor-version":[{"id":156003,"href":"https:\/\/toploc.com\/blog\/wp-json\/wp\/v2\/posts\/72442\/revisions\/156003"}],"wp:featuredmedia":[{"embeddable":true,"href":"https:\/\/toploc.com\/blog\/wp-json\/wp\/v2\/media\/72443"}],"wp:attachment":[{"href":"https:\/\/toploc.com\/blog\/wp-json\/wp\/v2\/media?parent=72442"}],"wp:term":[{"taxonomy":"category","embeddable":true,"href":"https:\/\/toploc.com\/blog\/wp-json\/wp\/v2\/categories?post=72442"},{"taxonomy":"post_tag","embeddable":true,"href":"https:\/\/toploc.com\/blog\/wp-json\/wp\/v2\/tags?post=72442"}],"curies":[{"name":"wp","href":"https:\/\/api.w.org\/{rel}","templated":true}]}}