{"id":7092,"date":"2022-06-11T09:00:00","date_gmt":"2022-06-11T07:00:00","guid":{"rendered":"https:\/\/www.location-francophone.com\/blog\/?p=7092"},"modified":"2026-04-10T13:50:54","modified_gmt":"2026-04-10T11:50:54","slug":"logement-ecologique","status":"publish","type":"post","link":"https:\/\/toploc.com\/blog\/mini-maison\/logement-ecologique","title":{"rendered":"Conceptos Plasticos logements en plastique recycl\u00e9 de Colombie"},"content":{"rendered":"\n<p class=\"has-text-align-left\">D\u00e9couvrez comment, en Colombie, Oscar Mendez et son entreprise de recyclage de d\u00e9chets plastiques Conceptos Plasticos change la vie des sans-abris en leur fabriquant un logement \u00e9cologique. Son concept ? permettre de produire \u00e0 faibles co\u00fbts des briques de plastiques \u00e0 partir de d\u00e9chets. Cela permet par la m\u00eame occasion de construire rapidement un logement \u00e9cologique pour les sans-abris ou les victimes de catastrophes. <\/p>\n\n\n\n<div class=\"wp-block-buttons is-content-justification-center is-layout-flex wp-container-core-buttons-is-layout-16018d1d wp-block-buttons-is-layout-flex\">\n<div class=\"wp-block-button\"><a class=\"wp-block-button__link has-background has-small-font-size has-custom-font-size wp-element-button\" href=\"https:\/\/toploc.com\/listes\/logement-insolite-nature?utm_source=blog&amp;utm_medium=CTA&amp;utm_campaign=conceptos-plasticos\" style=\"background-color:#006b52\" target=\"_blank\" rel=\"noreferrer noopener\"><strong>&nbsp;\ud83d\udc49 NOS LOGEMENTS INSOLITES<\/strong><\/a><\/div>\n<\/div>\n\n\n<div class=\"wp-block-image wp-image-7138 size-full\">\n<figure class=\"aligncenter\"><img loading=\"lazy\" decoding=\"async\" width=\"650\" height=\"389\" src=\"https:\/\/blog.toploc.com\/wp-content\/uploads\/2016\/07\/Maison-en-plastique-en-Colombie-\u00a9conceptosplasticos.com_.jpg\" alt=\"Maison en plastique en Colombie \u00a9conceptosplasticos\" class=\"wp-image-7138\"\/><figcaption class=\"wp-element-caption\"><small>Maison en plastique en Colombie \u00a9conceptosplasticos<\/small><\/figcaption><\/figure>\n<\/div>\n\n\n<h2 id=\"conceptos-plasticos-une-entreprise-qui-recycle-du-plastique\" class=\"wp-block-heading\">Conceptos Plasticos une entreprise qui recycle du plastique <\/h2>\n\n\n\n<p>Apr\u00e8s 12 ans de recherche, Oscar Mendez, a mis sur pied une brique en plastique r\u00e9volutionnaire. Celle-ci est r\u00e9alis\u00e9e \u00e0 base de d\u00e9chets et tr\u00e8s facile \u00e0 assembler. La soci\u00e9t\u00e9 du nom de Conceptos Plasticos a pour mission d\u2019\u00e9radiquer la crise du logement en Colombie. Elle souhaite offrir aux sans-abris un logement \u00e9cologique en recyclant par la m\u00eame occasion les d\u00e9chets plastique qui s\u2019accumulent. Chacune de ces briques en plastique est compos\u00e9e d\u2019emballages plastiques de toutes sortes, mais \u00e9galement de vieux pneus.<\/p>\n\n\n<div class=\"wp-block-image wp-image-7139 size-full\">\n<figure class=\"aligncenter\"><img loading=\"lazy\" decoding=\"async\" width=\"650\" height=\"365\" src=\"https:\/\/blog.toploc.com\/wp-content\/uploads\/2016\/07\/Oscar-Mendez-\u00a9conceptosplasticos.com_.jpg\" alt=\"Oscar Mendez \u00a9conceptosplasticos\" class=\"wp-image-7139\"\/><figcaption class=\"wp-element-caption\"><small>Oscar Mendez \u00a9conceptosplasticos<\/small><\/figcaption><\/figure>\n<\/div>\n\n\n<p>Dans la pr\u00e9sentation de son concept sur ChangeMakers, Oscar Mendez, a insist\u00e9 sur le fait qu\u2019il \u00e9tait important pour lui de r\u00e9pondre \u00e0 la crise du logement, mais \u00e9galement au traitement des d\u00e9chets plastiques afin de rendre le monde meilleur.<\/p>\n\n\n\n<blockquote class=\"wp-block-quote has-text-color has-medium-font-size is-layout-flow wp-block-quote-is-layout-flow\" style=\"color:#006b52;font-style:normal;font-weight:400\">\n<p>Il ne faut pas oublier qu\u2019en Am\u00e9rique latine, en Afrique et en Asie, environ 40% de la population vit dans des <a href=\"https:\/\/blog.toploc.com\/blog\/mini-maison\/maisons-ecologiques\">maisons \u00e9cologiques <\/a>malheureusement pr\u00e9caires. Donner un logement \u00e9cologique et surtout d\u00e9cent est le but premier de l\u2019entreprise d\u2019Oscar.<\/p>\n<cite>Oscar Mendez, ChangerMakers<\/cite><\/blockquote>\n\n\n\n<p>Avec pr\u00e8s de 500 ans pour se d\u00e9grader dans la nature, le plastique est un v\u00e9ritable probl\u00e8me dans beaucoup de pays. Le fait de pouvoir cr\u00e9er un logement \u00e9cologique en utilisant des d\u00e9chets est une v\u00e9ritable opportunit\u00e9 qui pourrait changer la face du monde.<\/p>\n\n\n<div class=\"wp-block-image wp-image-7140 size-full\">\n<figure class=\"aligncenter\"><img loading=\"lazy\" decoding=\"async\" width=\"650\" height=\"444\" src=\"https:\/\/blog.toploc.com\/wp-content\/uploads\/2016\/07\/Concept-sur-ChangeMakers-\u00a9conceptosplasticos.com_.jpg\" alt=\"Concept sur ChangeMakers \u00a9conceptosplasticos\" class=\"wp-image-7140\"\/><figcaption class=\"wp-element-caption\"><small>Concept sur ChangeMakers \u00a9conceptosplasticos<\/small><\/figcaption><\/figure>\n<\/div>\n\n\n<h2 id=\"5-jours-pour-construire-une-maison-en-plastique-recycle\" class=\"wp-block-heading\">5 jours pour construire une maison en plastique recycl\u00e9<\/h2>\n\n\n\n<p>Gr\u00e2ce \u00e0 sa facilit\u00e9 de construction, b\u00e2tir un logement \u00e9cologique d\u2019une quarantaine de m\u00e8tres carr\u00e9s ne prend que 5 jours et tout cela sans aucune connaissance en architecture sp\u00e9cifique. Depuis le d\u00e9but de l\u2019aventure presque 2000 m\u00b2 ont \u00e9t\u00e9 construits. De nouveaux contrats arrivent chaque jour. Cela permet de d\u00e9construire par la m\u00eame occasion les diff\u00e9rents bidonvilles et <a href=\"https:\/\/blog.toploc.com\/blog\/mini-maison\/maison-economique\">maison \u00e9conomique <\/a>en t\u00f4les qui peuvent s\u2019av\u00e9rer parfois dangereux.<\/p>\n\n\n<div class=\"wp-block-image wp-image-7141 size-full\">\n<figure class=\"aligncenter\"><img loading=\"lazy\" decoding=\"async\" width=\"650\" height=\"464\" src=\"https:\/\/blog.toploc.com\/wp-content\/uploads\/2016\/07\/Briques-en-plastique-\u00a9conceptosplasticos.com_.jpg\" alt=\"Conceptos Plasticos : Briques en plastique \u00a9conceptosplasticos\" class=\"wp-image-7141\"\/><figcaption class=\"wp-element-caption\"><small>Briques en plastique \u00a9conceptosplasticos<\/small><\/figcaption><\/figure>\n<\/div>\n\n\n<p>En plus de pouvoir monter facilement un logement \u00e9cologique, il est \u00e9galement tr\u00e8s facile de d\u00e9monter ce type de construction. Cela permet d&#8217;installer cette <a href=\"https:\/\/blog.toploc.com\/blog\/mini-maison\/habitation-atypique\">habitation atypique<\/a> pour des besoins ponctuels comme lors de catastrophe.<\/p>\n\n\n\n<h2 id=\"conceptos-plasticos-espere-construire-50-logements-par-mois\" class=\"wp-block-heading\">Conceptos Plasticos esp\u00e8re construire 50 logements par mois<\/h2>\n\n\n\n<p>Ainsi, Oscar Mendez, souhaite combattre la crise des logements qui s\u00e9vit en Colombie. Cette crise est due aux nombreux conflits arm\u00e9s ayant rassembl\u00e9 les populations \u00e0 proximit\u00e9 des villes. L\u2019entreprise d\u2019Oscar a pour objectif de construire le nombre de logements manquants qui s\u2019\u00e9l\u00e8ve \u00e0 plus d\u2019un million tout en nettoyant le pays des d\u00e9chets plastiques qui s\u2019accumulent.<\/p>\n\n\n\n<p>Pour l\u2019instant, l\u2019entreprise recycle environ 100 tonnes par mois. Cependant, elle aimerait pouvoir recycler 300 tonnes de plastiques. Cela permettrait \u00e0 terme de construire 50 logements par mois. La construction d\u2019un logement \u00e9cologique avec des <a href=\"https:\/\/blog.toploc.com\/blog\/mini-maison\/briques-en-plastique\">briques en plastiques<\/a> permet \u00e0 la fois de recycler du plastique, mais \u00e9galement de cr\u00e9er de l\u2019emploi, ce qui fait du concept d\u2019Oscar Mendez une r\u00e9volution verte dans un pays qui en a bien besoin.<\/p>\n\n\n<div class=\"wp-block-image wp-image-7142 size-full\">\n<figure class=\"aligncenter\"><img loading=\"lazy\" decoding=\"async\" width=\"650\" height=\"464\" src=\"https:\/\/blog.toploc.com\/wp-content\/uploads\/2016\/07\/Logement-demontable-\u00a9conceptosplasticos.com_.jpg\" alt=\"Conceptos Plasticos : Logement d\u00e9montable \u00a9conceptosplasticos\" class=\"wp-image-7142\"\/><figcaption class=\"wp-element-caption\"><small>Logement d\u00e9montable \u00a9conceptosplasticos<\/small><\/figcaption><\/figure>\n<\/div>\n\n<div class=\"wp-block-image wp-image-7137 size-full\">\n<figure class=\"aligncenter\"><img loading=\"lazy\" decoding=\"async\" width=\"650\" height=\"376\" src=\"https:\/\/blog.toploc.com\/wp-content\/uploads\/2016\/07\/Logement-ecologique-\u00a9conceptosplasticos.com_.jpg\" alt=\"Conceptos Plasticos : Logement \u00e9cologique \u00a9conceptosplasticos\" class=\"wp-image-7137\"\/><figcaption class=\"wp-element-caption\"><small>Logement \u00e9cologique \u00a9conceptosplasticos<\/small><\/figcaption><\/figure>\n<\/div>\n\n\n<p>Et vous&nbsp;? Vous avez une id\u00e9e pour changer le monde&nbsp;?<\/p>\n","protected":false},"excerpt":{"rendered":"D\u00e9couvrez comment, en Colombie, Oscar Mendez et son entreprise de recyclage de d\u00e9chets plastiques Conceptos Plasticos change la&hellip;\n","protected":false},"author":3,"featured_media":7138,"comment_status":"open","ping_status":"closed","sticky":false,"template":"","format":"standard","meta":{"footnotes":""},"categories":[37],"tags":[6646],"class_list":{"0":"post-7092","1":"post","2":"type-post","3":"status-publish","4":"format-standard","5":"has-post-thumbnail","7":"category-mini-maison","8":"tag-colombie"},"yoast_head":"<!-- This site is optimized with the Yoast SEO plugin v26.9 - https:\/\/yoast.com\/product\/yoast-seo-wordpress\/ -->\n<title>Conceptos Plasticos logement en plastique recycl\u00e9 Colombie<\/title>\n<meta name=\"description\" content=\"D\u00e9couvrez comment Oscar Mendez et son entreprise de recyclage de d\u00e9chets plastiques Conceptos Plasticos change la vie des Colombiens...\" \/>\n<meta name=\"robots\" content=\"index, follow, max-snippet:-1, max-image-preview:large, max-video-preview:-1\" \/>\n<link rel=\"canonical\" href=\"https:\/\/toploc.com\/blog\/mini-maison\/logement-ecologique\" \/>\n<meta property=\"og:locale\" content=\"fr_FR\" \/>\n<meta property=\"og:type\" content=\"article\" \/>\n<meta property=\"og:title\" content=\"Conceptos Plasticos logement en plastique recycl\u00e9 Colombie\" \/>\n<meta property=\"og:description\" content=\"D\u00e9couvrez comment Oscar Mendez et son entreprise de recyclage de d\u00e9chets plastiques Conceptos Plasticos change la vie des Colombiens...\" \/>\n<meta property=\"og:url\" content=\"https:\/\/toploc.com\/blog\/mini-maison\/logement-ecologique\" \/>\n<meta property=\"og:site_name\" content=\"Toploc\" \/>\n<meta property=\"article:publisher\" content=\"https:\/\/www.facebook.com\/locationfrancophone\" \/>\n<meta property=\"article:published_time\" content=\"2022-06-11T07:00:00+00:00\" \/>\n<meta property=\"article:modified_time\" content=\"2026-04-10T11:50:54+00:00\" \/>\n<meta property=\"og:image\" content=\"https:\/\/toploc.com\/blog\/wp-content\/uploads\/2016\/07\/Maison-en-plastique-en-Colombie-\u00a9conceptosplasticos.com_.jpg\" \/>\n\t<meta property=\"og:image:width\" content=\"650\" \/>\n\t<meta property=\"og:image:height\" content=\"389\" \/>\n\t<meta property=\"og:image:type\" content=\"image\/jpeg\" \/>\n<meta name=\"author\" content=\"Julien\" \/>\n<meta name=\"twitter:card\" content=\"summary_large_image\" \/>\n<meta name=\"twitter:label1\" content=\"\u00c9crit par\" \/>\n\t<meta name=\"twitter:data1\" content=\"Julien\" \/>\n\t<meta name=\"twitter:label2\" content=\"Dur\u00e9e de lecture estim\u00e9e\" \/>\n\t<meta name=\"twitter:data2\" content=\"5 minutes\" \/>\n<script type=\"application\/ld+json\" class=\"yoast-schema-graph\">{\"@context\":\"https:\/\/schema.org\",\"@graph\":[{\"@type\":\"Article\",\"@id\":\"https:\/\/toploc.com\/blog\/mini-maison\/logement-ecologique#article\",\"isPartOf\":{\"@id\":\"https:\/\/toploc.com\/blog\/mini-maison\/logement-ecologique\"},\"author\":{\"name\":\"Julien\",\"@id\":\"https:\/\/toploc.com\/blog\/#\/schema\/person\/b66f845e3e2106301dee05e5bc776788\"},\"headline\":\"Conceptos Plasticos logements en plastique recycl\u00e9 de Colombie\",\"datePublished\":\"2022-06-11T07:00:00+00:00\",\"dateModified\":\"2026-04-10T11:50:54+00:00\",\"mainEntityOfPage\":{\"@id\":\"https:\/\/toploc.com\/blog\/mini-maison\/logement-ecologique\"},\"wordCount\":622,\"commentCount\":4,\"publisher\":{\"@id\":\"https:\/\/toploc.com\/blog\/#organization\"},\"image\":{\"@id\":\"https:\/\/toploc.com\/blog\/mini-maison\/logement-ecologique#primaryimage\"},\"thumbnailUrl\":\"https:\/\/toploc.com\/blog\/wp-content\/uploads\/2016\/07\/Maison-en-plastique-en-Colombie-\u00a9conceptosplasticos.com_.jpg\",\"keywords\":[\"colombie\"],\"articleSection\":[\"Tiny House\"],\"inLanguage\":\"fr-FR\",\"potentialAction\":[{\"@type\":\"CommentAction\",\"name\":\"Comment\",\"target\":[\"https:\/\/toploc.com\/blog\/mini-maison\/logement-ecologique#respond\"]}]},{\"@type\":\"WebPage\",\"@id\":\"https:\/\/toploc.com\/blog\/mini-maison\/logement-ecologique\",\"url\":\"https:\/\/toploc.com\/blog\/mini-maison\/logement-ecologique\",\"name\":\"Conceptos Plasticos logement en plastique recycl\u00e9 Colombie\",\"isPartOf\":{\"@id\":\"https:\/\/toploc.com\/blog\/#website\"},\"primaryImageOfPage\":{\"@id\":\"https:\/\/toploc.com\/blog\/mini-maison\/logement-ecologique#primaryimage\"},\"image\":{\"@id\":\"https:\/\/toploc.com\/blog\/mini-maison\/logement-ecologique#primaryimage\"},\"thumbnailUrl\":\"https:\/\/toploc.com\/blog\/wp-content\/uploads\/2016\/07\/Maison-en-plastique-en-Colombie-\u00a9conceptosplasticos.com_.jpg\",\"datePublished\":\"2022-06-11T07:00:00+00:00\",\"dateModified\":\"2026-04-10T11:50:54+00:00\",\"description\":\"D\u00e9couvrez comment Oscar Mendez et son entreprise de recyclage de d\u00e9chets plastiques Conceptos Plasticos change la vie des Colombiens...\",\"breadcrumb\":{\"@id\":\"https:\/\/toploc.com\/blog\/mini-maison\/logement-ecologique#breadcrumb\"},\"inLanguage\":\"fr-FR\",\"potentialAction\":[{\"@type\":\"ReadAction\",\"target\":[\"https:\/\/toploc.com\/blog\/mini-maison\/logement-ecologique\"]}]},{\"@type\":\"ImageObject\",\"inLanguage\":\"fr-FR\",\"@id\":\"https:\/\/toploc.com\/blog\/mini-maison\/logement-ecologique#primaryimage\",\"url\":\"https:\/\/toploc.com\/blog\/wp-content\/uploads\/2016\/07\/Maison-en-plastique-en-Colombie-\u00a9conceptosplasticos.com_.jpg\",\"contentUrl\":\"https:\/\/toploc.com\/blog\/wp-content\/uploads\/2016\/07\/Maison-en-plastique-en-Colombie-\u00a9conceptosplasticos.com_.jpg\",\"width\":650,\"height\":389,\"caption\":\"Maison en plastique en Colombie \u00a9conceptosplasticos.com\"},{\"@type\":\"BreadcrumbList\",\"@id\":\"https:\/\/toploc.com\/blog\/mini-maison\/logement-ecologique#breadcrumb\",\"itemListElement\":[{\"@type\":\"ListItem\",\"position\":1,\"name\":\"Accueil\",\"item\":\"https:\/\/toploc.com\/blog\"},{\"@type\":\"ListItem\",\"position\":2,\"name\":\"Conceptos Plasticos logements en plastique recycl\u00e9 de Colombie\"}]},{\"@type\":\"WebSite\",\"@id\":\"https:\/\/toploc.com\/blog\/#website\",\"url\":\"https:\/\/toploc.com\/blog\/\",\"name\":\"Toploc\",\"description\":\"Itin\u00e9raires natures et locations de vacances en groupe\",\"publisher\":{\"@id\":\"https:\/\/toploc.com\/blog\/#organization\"},\"potentialAction\":[{\"@type\":\"SearchAction\",\"target\":{\"@type\":\"EntryPoint\",\"urlTemplate\":\"https:\/\/toploc.com\/blog\/?s={search_term_string}\"},\"query-input\":{\"@type\":\"PropertyValueSpecification\",\"valueRequired\":true,\"valueName\":\"search_term_string\"}}],\"inLanguage\":\"fr-FR\"},{\"@type\":\"Organization\",\"@id\":\"https:\/\/toploc.com\/blog\/#organization\",\"name\":\"Toploc\",\"url\":\"https:\/\/toploc.com\/blog\/\",\"logo\":{\"@type\":\"ImageObject\",\"inLanguage\":\"fr-FR\",\"@id\":\"https:\/\/toploc.com\/blog\/#\/schema\/logo\/image\/\",\"url\":\"https:\/\/blog.toploc.com\/wp-content\/uploads\/2022\/03\/toploc_facebook_5.png\",\"contentUrl\":\"https:\/\/blog.toploc.com\/wp-content\/uploads\/2022\/03\/toploc_facebook_5.png\",\"width\":600,\"height\":600,\"caption\":\"Toploc\"},\"image\":{\"@id\":\"https:\/\/toploc.com\/blog\/#\/schema\/logo\/image\/\"},\"sameAs\":[\"https:\/\/www.facebook.com\/locationfrancophone\",\"https:\/\/www.instagram.com\/toploc_\",\"https:\/\/www.pinterest.fr\/Toploc_\/\"]},{\"@type\":\"Person\",\"@id\":\"https:\/\/toploc.com\/blog\/#\/schema\/person\/b66f845e3e2106301dee05e5bc776788\",\"name\":\"Julien\",\"image\":{\"@type\":\"ImageObject\",\"inLanguage\":\"fr-FR\",\"@id\":\"https:\/\/toploc.com\/blog\/#\/schema\/person\/image\/\",\"url\":\"https:\/\/secure.gravatar.com\/avatar\/642d3d11687b291bb0ade289db2c7d821a72910624f4eb86cab555b4c6a3ed15?s=96&d=mm&r=g\",\"contentUrl\":\"https:\/\/secure.gravatar.com\/avatar\/642d3d11687b291bb0ade289db2c7d821a72910624f4eb86cab555b4c6a3ed15?s=96&d=mm&r=g\",\"caption\":\"Julien\"},\"description\":\"Julien est un passionn\u00e9 de nature et de grands espaces. Guide de moyenne montagne en Andorre, il a partag\u00e9 ses r\u00e9cits de voyage pendant plusieurs ann\u00e9es. Aujourd'hui il est co-auteur de plusieurs articles pour Toploc.\",\"url\":\"https:\/\/toploc.com\/blog\/author\/julien\"}]}<\/script>\n<!-- \/ Yoast SEO plugin. -->","yoast_head_json":{"title":"Conceptos Plasticos logement en plastique recycl\u00e9 Colombie","description":"D\u00e9couvrez comment Oscar Mendez et son entreprise de recyclage de d\u00e9chets plastiques Conceptos Plasticos change la vie des Colombiens...","robots":{"index":"index","follow":"follow","max-snippet":"max-snippet:-1","max-image-preview":"max-image-preview:large","max-video-preview":"max-video-preview:-1"},"canonical":"https:\/\/toploc.com\/blog\/mini-maison\/logement-ecologique","og_locale":"fr_FR","og_type":"article","og_title":"Conceptos Plasticos logement en plastique recycl\u00e9 Colombie","og_description":"D\u00e9couvrez comment Oscar Mendez et son entreprise de recyclage de d\u00e9chets plastiques Conceptos Plasticos change la vie des Colombiens...","og_url":"https:\/\/toploc.com\/blog\/mini-maison\/logement-ecologique","og_site_name":"Toploc","article_publisher":"https:\/\/www.facebook.com\/locationfrancophone","article_published_time":"2022-06-11T07:00:00+00:00","article_modified_time":"2026-04-10T11:50:54+00:00","og_image":[{"width":650,"height":389,"url":"https:\/\/toploc.com\/blog\/wp-content\/uploads\/2016\/07\/Maison-en-plastique-en-Colombie-\u00a9conceptosplasticos.com_.jpg","type":"image\/jpeg"}],"author":"Julien","twitter_card":"summary_large_image","twitter_misc":{"\u00c9crit par":"Julien","Dur\u00e9e de lecture estim\u00e9e":"5 minutes"},"schema":{"@context":"https:\/\/schema.org","@graph":[{"@type":"Article","@id":"https:\/\/toploc.com\/blog\/mini-maison\/logement-ecologique#article","isPartOf":{"@id":"https:\/\/toploc.com\/blog\/mini-maison\/logement-ecologique"},"author":{"name":"Julien","@id":"https:\/\/toploc.com\/blog\/#\/schema\/person\/b66f845e3e2106301dee05e5bc776788"},"headline":"Conceptos Plasticos logements en plastique recycl\u00e9 de Colombie","datePublished":"2022-06-11T07:00:00+00:00","dateModified":"2026-04-10T11:50:54+00:00","mainEntityOfPage":{"@id":"https:\/\/toploc.com\/blog\/mini-maison\/logement-ecologique"},"wordCount":622,"commentCount":4,"publisher":{"@id":"https:\/\/toploc.com\/blog\/#organization"},"image":{"@id":"https:\/\/toploc.com\/blog\/mini-maison\/logement-ecologique#primaryimage"},"thumbnailUrl":"https:\/\/toploc.com\/blog\/wp-content\/uploads\/2016\/07\/Maison-en-plastique-en-Colombie-\u00a9conceptosplasticos.com_.jpg","keywords":["colombie"],"articleSection":["Tiny House"],"inLanguage":"fr-FR","potentialAction":[{"@type":"CommentAction","name":"Comment","target":["https:\/\/toploc.com\/blog\/mini-maison\/logement-ecologique#respond"]}]},{"@type":"WebPage","@id":"https:\/\/toploc.com\/blog\/mini-maison\/logement-ecologique","url":"https:\/\/toploc.com\/blog\/mini-maison\/logement-ecologique","name":"Conceptos Plasticos logement en plastique recycl\u00e9 Colombie","isPartOf":{"@id":"https:\/\/toploc.com\/blog\/#website"},"primaryImageOfPage":{"@id":"https:\/\/toploc.com\/blog\/mini-maison\/logement-ecologique#primaryimage"},"image":{"@id":"https:\/\/toploc.com\/blog\/mini-maison\/logement-ecologique#primaryimage"},"thumbnailUrl":"https:\/\/toploc.com\/blog\/wp-content\/uploads\/2016\/07\/Maison-en-plastique-en-Colombie-\u00a9conceptosplasticos.com_.jpg","datePublished":"2022-06-11T07:00:00+00:00","dateModified":"2026-04-10T11:50:54+00:00","description":"D\u00e9couvrez comment Oscar Mendez et son entreprise de recyclage de d\u00e9chets plastiques Conceptos Plasticos change la vie des Colombiens...","breadcrumb":{"@id":"https:\/\/toploc.com\/blog\/mini-maison\/logement-ecologique#breadcrumb"},"inLanguage":"fr-FR","potentialAction":[{"@type":"ReadAction","target":["https:\/\/toploc.com\/blog\/mini-maison\/logement-ecologique"]}]},{"@type":"ImageObject","inLanguage":"fr-FR","@id":"https:\/\/toploc.com\/blog\/mini-maison\/logement-ecologique#primaryimage","url":"https:\/\/toploc.com\/blog\/wp-content\/uploads\/2016\/07\/Maison-en-plastique-en-Colombie-\u00a9conceptosplasticos.com_.jpg","contentUrl":"https:\/\/toploc.com\/blog\/wp-content\/uploads\/2016\/07\/Maison-en-plastique-en-Colombie-\u00a9conceptosplasticos.com_.jpg","width":650,"height":389,"caption":"Maison en plastique en Colombie \u00a9conceptosplasticos.com"},{"@type":"BreadcrumbList","@id":"https:\/\/toploc.com\/blog\/mini-maison\/logement-ecologique#breadcrumb","itemListElement":[{"@type":"ListItem","position":1,"name":"Accueil","item":"https:\/\/toploc.com\/blog"},{"@type":"ListItem","position":2,"name":"Conceptos Plasticos logements en plastique recycl\u00e9 de Colombie"}]},{"@type":"WebSite","@id":"https:\/\/toploc.com\/blog\/#website","url":"https:\/\/toploc.com\/blog\/","name":"Toploc","description":"Itin\u00e9raires natures et locations de vacances en groupe","publisher":{"@id":"https:\/\/toploc.com\/blog\/#organization"},"potentialAction":[{"@type":"SearchAction","target":{"@type":"EntryPoint","urlTemplate":"https:\/\/toploc.com\/blog\/?s={search_term_string}"},"query-input":{"@type":"PropertyValueSpecification","valueRequired":true,"valueName":"search_term_string"}}],"inLanguage":"fr-FR"},{"@type":"Organization","@id":"https:\/\/toploc.com\/blog\/#organization","name":"Toploc","url":"https:\/\/toploc.com\/blog\/","logo":{"@type":"ImageObject","inLanguage":"fr-FR","@id":"https:\/\/toploc.com\/blog\/#\/schema\/logo\/image\/","url":"https:\/\/blog.toploc.com\/wp-content\/uploads\/2022\/03\/toploc_facebook_5.png","contentUrl":"https:\/\/blog.toploc.com\/wp-content\/uploads\/2022\/03\/toploc_facebook_5.png","width":600,"height":600,"caption":"Toploc"},"image":{"@id":"https:\/\/toploc.com\/blog\/#\/schema\/logo\/image\/"},"sameAs":["https:\/\/www.facebook.com\/locationfrancophone","https:\/\/www.instagram.com\/toploc_","https:\/\/www.pinterest.fr\/Toploc_\/"]},{"@type":"Person","@id":"https:\/\/toploc.com\/blog\/#\/schema\/person\/b66f845e3e2106301dee05e5bc776788","name":"Julien","image":{"@type":"ImageObject","inLanguage":"fr-FR","@id":"https:\/\/toploc.com\/blog\/#\/schema\/person\/image\/","url":"https:\/\/secure.gravatar.com\/avatar\/642d3d11687b291bb0ade289db2c7d821a72910624f4eb86cab555b4c6a3ed15?s=96&d=mm&r=g","contentUrl":"https:\/\/secure.gravatar.com\/avatar\/642d3d11687b291bb0ade289db2c7d821a72910624f4eb86cab555b4c6a3ed15?s=96&d=mm&r=g","caption":"Julien"},"description":"Julien est un passionn\u00e9 de nature et de grands espaces. Guide de moyenne montagne en Andorre, il a partag\u00e9 ses r\u00e9cits de voyage pendant plusieurs ann\u00e9es. Aujourd'hui il est co-auteur de plusieurs articles pour Toploc.","url":"https:\/\/toploc.com\/blog\/author\/julien"}]}},"_links":{"self":[{"href":"https:\/\/toploc.com\/blog\/wp-json\/wp\/v2\/posts\/7092","targetHints":{"allow":["GET"]}}],"collection":[{"href":"https:\/\/toploc.com\/blog\/wp-json\/wp\/v2\/posts"}],"about":[{"href":"https:\/\/toploc.com\/blog\/wp-json\/wp\/v2\/types\/post"}],"author":[{"embeddable":true,"href":"https:\/\/toploc.com\/blog\/wp-json\/wp\/v2\/users\/3"}],"replies":[{"embeddable":true,"href":"https:\/\/toploc.com\/blog\/wp-json\/wp\/v2\/comments?post=7092"}],"version-history":[{"count":12,"href":"https:\/\/toploc.com\/blog\/wp-json\/wp\/v2\/posts\/7092\/revisions"}],"predecessor-version":[{"id":163061,"href":"https:\/\/toploc.com\/blog\/wp-json\/wp\/v2\/posts\/7092\/revisions\/163061"}],"wp:featuredmedia":[{"embeddable":true,"href":"https:\/\/toploc.com\/blog\/wp-json\/wp\/v2\/media\/7138"}],"wp:attachment":[{"href":"https:\/\/toploc.com\/blog\/wp-json\/wp\/v2\/media?parent=7092"}],"wp:term":[{"taxonomy":"category","embeddable":true,"href":"https:\/\/toploc.com\/blog\/wp-json\/wp\/v2\/categories?post=7092"},{"taxonomy":"post_tag","embeddable":true,"href":"https:\/\/toploc.com\/blog\/wp-json\/wp\/v2\/tags?post=7092"}],"curies":[{"name":"wp","href":"https:\/\/api.w.org\/{rel}","templated":true}]}}