{"id":70733,"date":"2026-03-23T17:01:28","date_gmt":"2026-03-23T16:01:28","guid":{"rendered":"https:\/\/www.location-francophone.com\/?p=70733"},"modified":"2026-04-08T12:01:31","modified_gmt":"2026-04-08T10:01:31","slug":"visiter-l-ile-de-re","status":"publish","type":"post","link":"https:\/\/toploc.com\/blog\/france\/visiter-l-ile-de-re","title":{"rendered":"Les 17 choses \u00e0 voir et \u00e0 faire pour visiter l\u2019\u00eele de R\u00e9"},"content":{"rendered":"\n<p>Situ\u00e9e dans l\u2019Ouest de la France et rattach\u00e9e au d\u00e9partement de la Charente-Maritime, visiter l\u2019\u00eele de R\u00e9 est l\u2019endroit id\u00e9al o\u00f9 se reposer. Avec une superficie de 85 kilom\u00e8tres carr\u00e9s, elle se classe \u00e0 la quatri\u00e8me place des plus grandes \u00eeles de la France M\u00e9tropolitaine. Elle d\u00e9voile une mosa\u00efque de villages charmants o\u00f9 maisons blanches, volets verts et roses tr\u00e9mi\u00e8res composent une identit\u00e9 visuelle singuli\u00e8re. Entre plages de sable fin, marais salants, for\u00eats de pins et pistes cyclables \u00e0 perte de vue, l\u2019\u00eele offre un \u00e9quilibre parfait entre nature pr\u00e9serv\u00e9e, traditions locales et douceur de vivre. Terre de p\u00eache, de sel et de lumi\u00e8re, l\u2019\u00cele de R\u00e9 s\u00e9duit autant les familles en qu\u00eate de calme que les amateurs de patrimoine, de gastronomie locale ou de balades \u00e0 v\u00e9lo. Accueillante, elle incarne \u00e0 merveille l\u2019esprit atlantique, entre simplicit\u00e9 et \u00e9l\u00e9gance. Quelles sont les choses \u00e0 voir et \u00e0 faire sur l&#8217;\u00eele de R\u00e9 ? Visitez d&#8217;abord la ville principale, Saint-Martin-de-R\u00e9, puis les ville et village plus petits, comme Bois-Plage-en-R\u00e9 et Ars-en-Pr\u00e9. Visitez aussi d&#8217;autres lieux comme le Phare des Baleines, le Fort La Pr\u00e9e, le Fort Boyard ou encore l&#8217;Ecomus\u00e9e du Marais Salant. Bonnes vacances sur l&#8217;\u00eele de R\u00e9 !<\/p>\n\n\n\n<div class=\"wp-block-buttons is-content-justification-center is-layout-flex wp-container-core-buttons-is-layout-16018d1d wp-block-buttons-is-layout-flex\">\n<div class=\"wp-block-button\"><a class=\"wp-block-button__link has-background has-small-font-size has-custom-font-size wp-element-button\" href=\"https:\/\/toploc.com\/location\/s\/%C3%8Ele-de-R%C3%A9--Nouvelle~Aquitaine--France\" style=\"background-color:#006b52\" target=\"_blank\" rel=\"noreferrer noopener\">\ud83d\udc49 <strong>LOCATION VACANCES ILE-DE-R\u00c9<\/strong><\/a><\/div>\n<\/div>\n\n\n\n<p>A lire : <a href=\"https:\/\/toploc.com\/blog\/france\/visiter-la-charente-maritime\">Les 15 choses \u00e0 faire pour visiter la Charente-Maritime<\/a><\/p>\n\n\n\n<h2 id=\"saint-martin-de-re\" class=\"wp-block-heading\">Saint-Martin-de-R\u00e9<\/h2>\n\n\n\n<figure class=\"wp-block-image size-full\"><img loading=\"lazy\" decoding=\"async\" width=\"1300\" height=\"975\" src=\"https:\/\/blog.toploc.com\/wp-content\/uploads\/2023\/12\/image-99.png\" alt=\"Saint-Martin-de-R\u00e9 \u00a9dudlajzov - stock.adobe.com\" class=\"wp-image-137090\" style=\"aspect-ratio:16\/9;object-fit:cover\"\/><figcaption class=\"wp-element-caption\">Saint-Martin-de-R\u00e9 \u00a9dudlajzov &#8211; stock.adobe.com<\/figcaption><\/figure>\n\n\n\n<h3 class=\"wp-block-heading\" id=\"pourquoi-visiter-l\u00eele-de-r\u00e9--et-cours-de-surf-\"><span id=\"pourquoi-visiter-saint-martin-de-re\">Pourquoi visiter Saint-Martin-de-R\u00e9 ?<\/span><\/h3>\n\n\n\n<p>Class\u00e9e au patrimoine mondial de l\u2019humanit\u00e9 par l&#8217;UNESCO depuis 2008, la capitale de l&#8217;\u00eele de R\u00e9 est Saint-Martin-de-R\u00e9, une cit\u00e9 portuaire qui ne manque pas d\u2019attraits. M\u00ealant patrimoine historique, atmosph\u00e8re maritime et art de vivre insulaire. En effet, vous pourrez y contempler de nombreux monuments historiques pendant vos vacances sur l\u2019\u00eele de R\u00e9. Avec des ruelles pav\u00e9es bord\u00e9es de maisons blanches aux volets verts, r\u00e8gne une ambiance paisible, rythm\u00e9e par les march\u00e9s, les terrasses anim\u00e9es et le va-et-vient des bateaux dans le port. <\/p>\n\n\n\n<h3 id=\"ou-reserver-une-location-saint-martin-de-re\" class=\"wp-block-heading\">O\u00f9 r\u00e9server une location Saint Martin de R\u00e9 ?<\/h3>\n\n\n\n<p>Si vous venez visiter Saint-Martin-de-R\u00e9 et ses fortifications Vauban, vous chercherez certainement un airbnb Saint Martin de R\u00e9. Sur Toploc r\u00e9servez en direct une&nbsp;<a href=\"https:\/\/toploc.com\/locations-vacances\/saint-martin-de-re\" target=\"_blank\" rel=\"noreferrer noopener\">location vacances Saint Martin de R\u00e9<\/a>&nbsp;aupr\u00e8s de nos h\u00f4tes Toploc.<\/p>\n\n\n\n<h3 id=\"que-voir-et-que-faire-a-saint-martin-de-re\" class=\"wp-block-heading\">Que voir et que faire \u00e0 Saint-Martin-de-R\u00e9 ?<\/h3>\n\n\n\n<p>Si vous venez visiter Saint-Martin-de-R\u00e9 voici la liste des choses \u00e0 voir et \u00e0 faire en priorit\u00e9 :<\/p>\n\n\n\n<ul class=\"wp-block-list\">\n<li>Arpentez les fortifications \u00e9difi\u00e9es par Vauban sous Louis XIV. C&#8217;est en partie gr\u00e2ce \u00e0 cela que la ville est class\u00e9e \u00e0 l&#8217;UNESCO avec 12 sites inscrits. L&#8217;utilit\u00e9 de ses remparts \u00e9tait la protection des habitants en cas de d\u00e9barquement. Ainsi, il y a 14km de remparts sur un demi-cercle d&#8217;1.5km de rayon \u00e0 voir, notamment lors de visites guid\u00e9es. Vous passerez aussi devant une belle citadelle, devenue une prison, encore en activit\u00e9, qui ne se visite donc pas mais dont le belle ouvrage se laisse observer. <\/li>\n\n\n\n<li>Fl\u00e2nez sur la Plage de la Cible, une plage de sable fin et \u00e0 l&#8217;eau claire. Situ\u00e9  \u00e0 droite de la Citadelle de la ville, elle s&#8217;\u00e9tend sur 200 m\u00e8tres. Les cabines blanches rajoute une touche unique et permet la pratique d&#8217;activit\u00e9s nautiques.<\/li>\n\n\n\n<li>Le port de Saint-Martin-de-R\u00e9, permet \u00e0 de nombreux bateaux de stationner, offrant une vue digne des plus beaux ports de France. Accueillant principalement des plaisanciers, le port comporte 220 places. C&#8217;est aussi ici que des excursions touristiques peuvent partir en mer.<\/li>\n\n\n\n<li>Passez un agr\u00e9able moment au Parc de la Barbette, un parc en bord de mer o\u00f9 se reposer, dans l&#8217;herbe, berc\u00e9 par le bruit des vague. Avec un phare pour d\u00e9corer le lieu, et des chemins pour mieux circuler. Vous pouvez aussi r\u00e9aliser de petites balades \u00e0 dos d&#8217;\u00e2nes.<\/li>\n<\/ul>\n\n\n\n<h2 class=\"wp-block-heading\" id=\"cours-de-surf\"><span id=\"bois-plage-en-re\">Bois-Plage-en-R\u00e9<\/span><\/h2>\n\n\n\n<figure class=\"wp-block-image size-full\"><img loading=\"lazy\" decoding=\"async\" width=\"990\" height=\"634\" src=\"https:\/\/blog.toploc.com\/wp-content\/uploads\/2023\/12\/image-96.png\" alt=\"Bois-Plage-en-R\u00e9 \u00a9 Camping l'\u00eele Blanche\" class=\"wp-image-137086\" style=\"aspect-ratio:16\/9;object-fit:cover\"\/><figcaption class=\"wp-element-caption\">Bois-Plage-en-R\u00e9 \u00a9 Camping l&#8217;\u00eele Blanche<\/figcaption><\/figure>\n\n\n\n<h3 class=\"wp-block-heading\" id=\"pourquoi-visiter-l\u00eele-de-r\u00e9--et-cours-de-surf-\"><span id=\"pourquoi-visiter-bois-plage-en-re\">Pourquoi visiter Bois-Plage-en-R\u00e9 ?<\/span><\/h3>\n\n\n\n<p>Enfilez votre combinaison et direction les vagues de l&#8217;oc\u00e9an Atlantique pour un cours du Surf. Le surf une activit\u00e9 sportive renomm\u00e9 dans la r\u00e9gion. Pas besoin d&#8217;\u00eatre un professionnel de la vague, les cours sont une initiation \u00e0 cette pratique sportive mais ludique. Rendez-vous sur la plage du Pas des B\u0153ufs, au Bois-Plage-en-R\u00e9, un espace pr\u00e9serv\u00e9 et s\u00e9curis\u00e9. La combinaison et la planche sont comprises dans le prix qui est de 40\u20ac pour une session de 1h30. Ressentez la puissance des vagues qui vous poussent, sensations fortes garanties si vous venez visiter l&#8217;\u00eele de R\u00e9.<\/p>\n\n\n\n<h3 id=\"ou-reserver-une-location-bois-plage-en-re\" class=\"wp-block-heading\">O\u00f9 r\u00e9server une location Bois Plage en R\u00e9 ?<\/h3>\n\n\n\n<p>Si vous venez visiter Bois-Plage-en-R\u00e9 et la plage du Pas de Boeufs, vous chercherez certainement un airbnb Bois Plage en R\u00e9. Sur Toploc r\u00e9servez une <a href=\"https:\/\/toploc.com\/location\/s\/Le-Bois~Plage~en~R%C3%A9--Nouvelle~Aquitaine--France\" target=\"_blank\" rel=\"noreferrer noopener\">location vacances Bois Plage en R\u00e9<\/a> en direct aupr\u00e8s de nos h\u00f4tes.<\/p>\n\n\n\n<h3 class=\"wp-block-heading\" id=\"que-voir-et-que-faire-\u00e0-cours-de-surf-\"><span id=\"que-voir-et-que-faire-a-bois-plage-en-re\">Que voir et que faire \u00e0 Bois-Plage-en-R\u00e9 ?<\/span><\/h3>\n\n\n\n<p>Si vous venez visiter Bois-Plage-en-R\u00e9 voici la liste des choses \u00e0 voir et \u00e0 faire en priorit\u00e9 :<\/p>\n\n\n\n<ul class=\"wp-block-list\">\n<li>Se balader \u00e0 cheval sur la plage du Pas de Boeufs. Cette plage a la particularit\u00e9 de laisser apparaitre des galets \u00e0 mar\u00e9e basse, mais c&#8217;est avant tout une plage tr\u00e8s propre, et malgr\u00e9 tout, tr\u00e8s vivante et agr\u00e9able pour s&#8217;y baigner. Elle est aussi id\u00e9al pour pratiquer des activit\u00e9s sur l&#8217;eau, comme le surf par exemple.<\/li>\n\n\n\n<li>Grimper \u00e0 la St\u00e8le du peu des Aumonts qui est le point culminant de l&#8217;ile de R\u00e9, \u00e0 19 m\u00e8tres de hauteur. Si vous passez voir la st\u00e8le, n&#8217;oubliez pas de poser une pomme de pin au pied de celle-ci, un petit rituel qui montre que vous avez conquis la montagne de l&#8217;\u00eele.<\/li>\n\n\n\n<li>D\u00e9couvrir le march\u00e9 couvert de Bois-Plage-en-R\u00e9 pour d\u00e9couvrir les produit du terroir et \u00e9changer avec les habitants locaux.<\/li>\n<\/ul>\n\n\n\n<h2 class=\"wp-block-heading\" id=\"\u00e9glise-saint-etienne\"><span id=\"ars-en-re\">Ars-en-R\u00e9<\/span><\/h2>\n\n\n\n<figure class=\"wp-block-image size-full\"><img loading=\"lazy\" decoding=\"async\" width=\"768\" height=\"600\" src=\"https:\/\/blog.toploc.com\/wp-content\/uploads\/2023\/12\/image-101.png\" alt=\"D\u00e9couvrir le village d'Ars-en-R\u00e9 \u00a9 Destination-ile-de-R\u00e9\" class=\"wp-image-137097\" style=\"aspect-ratio:16\/9;object-fit:cover\"\/><figcaption class=\"wp-element-caption\">D\u00e9couvrir le village d&#8217;Ars-en-R\u00e9 \u00a9 Destination-ile-de-R\u00e9<\/figcaption><\/figure>\n\n\n\n<h3 class=\"wp-block-heading\" id=\"pourquoi-visiter-l\u00eele-de-r\u00e9--et-\u00e9glise-saint-etienne-\"><span id=\"pourquoi-visiter-ars-en-re\">Pourquoi visiter Ars-en-R\u00e9 ?<\/span><\/h3>\n\n\n\n<p>L\u2019\u00e9glise Saint Etienne a \u00e9t\u00e9 construite au XVe si\u00e8cle et se situe \u00e0 Ars-en-R\u00e9, une commune de l&#8217;\u00cele-de-R\u00e9, qui fait partie des plus beaux villages de France. On y trouve l&#8217;une des plus anciennes \u00e9glises de l&#8217;\u00eele. Si vous venez visiter l&#8217;\u00cele-de-R\u00e9, n&#8217;oubliez pas de passer par ce village unique. Dans un cadre typiquement r\u00e9tais, le village offre un d\u00e9cor avec des ruelles \u00e9troites bord\u00e9es de roses tr\u00e9mi\u00e8res, des maisons blanches aux volets verts, et un petit port de plaisance anim\u00e9. Ars-en-R\u00e9 incarne l\u2019art de vivre insulaire, entre traditions salicoles, balades \u00e0 v\u00e9lo sur les pistes sauvages, march\u00e9s gourmands et horizon iod\u00e9.<\/p>\n\n\n\n<h3 id=\"ou-reserver-une-location-ars-en-re\" class=\"wp-block-heading\">O\u00f9 r\u00e9server une location Ars en R\u00e9 ?<\/h3>\n\n\n\n<p>Si vous venez visiter Ars-en-R\u00e9 et son \u00e9glise Saint-Etienne, vous chercherez certainement un airbnb Ars en R\u00e9. Sur Toploc r\u00e9servez en direct une&nbsp;<a href=\"https:\/\/toploc.com\/locations-vacances\/ars-en-re\" target=\"_blank\" rel=\"noreferrer noopener\">location vacances Ars en R\u00e9<\/a>&nbsp;aupr\u00e8s de nos h\u00f4tes.<\/p>\n\n\n\n<h3 class=\"wp-block-heading\" id=\"que-voir-et-que-faire-\u00e0-\u00e9glise-saint-etienne-\"><span id=\"que-voir-et-que-faire-a-ars-en-re\">Que voir et que faire \u00e0 Ars-en-R\u00e9 ?<\/span><\/h3>\n\n\n\n<p>Si vous venez visiter Ars-en-R\u00e9 voici la liste des choses \u00e0 voir et \u00e0 faire en priorit\u00e9 :<\/p>\n\n\n\n<ul class=\"wp-block-list\">\n<li>D\u00e9couvrir l&#8217;\u00e9glise Saint-Etienne du XVe si\u00e8cle en visite libre ou guid\u00e9e. Son originalit\u00e9 r\u00e9side dans le fait qu&#8217;elle r\u00e9unit trois \u00e9glises de styles diff\u00e9rents : pr\u00e9 romane, romane et gothique qui cr\u00e9e un ensemble \u00e9tonnant mais harmonieux. Le clocher noir et blanc, haut de 40 m\u00e8tres, sert de rep\u00e8re aux marins. En effet, son contraste lui permet d&#8217;\u00eatre visible \u00e0 plus de 20 kilom\u00e8tres. Une visite du clocher est disponible pour une ascension jusqu&#8217;en haut de sa fl\u00e8che d&#8217;o\u00f9 vous pourrez admirer l&#8217;infini de l&#8217;oc\u00e9an.<\/li>\n\n\n\n<li>Visiter le village de Ars-en-R\u00e9 et son port. Avec ses belles ruelles \u00e9troites digne des plus beaux villages fran\u00e7ais insulaire, et son port, dans une r\u00e9serve naturel accueillant des oiseaux. Le port a une capacit\u00e9 de 550 places et est entour\u00e9 de verdure, dans un cadre idyllique. <\/li>\n\n\n\n<li>Le Fier d&#8217;Ars, une baie de 800 hectares, c&#8217;est un conservatoire naturel du littoral. On y retrouve des zones d&#8217;ostr\u00e9iculture et de saliculture et la baie en d\u00e9sign\u00e9e comme zone humide d&#8217;importance mondiale avec la flore qui s&#8217;y trouve. Au nord, on trouve la R\u00e9serve naturelle du &#8220;Lilleau des Niges&#8221;, g\u00e9r\u00e9 par la LPO, un lieu de pr\u00e9servation des oiseaux.<\/li>\n<\/ul>\n\n\n\n<h2 id=\"la-flotte-en-re\" class=\"wp-block-heading\">La Flotte en R\u00e9<\/h2>\n\n\n\n<figure class=\"wp-block-image size-large\"><img loading=\"lazy\" decoding=\"async\" width=\"1024\" height=\"538\" src=\"https:\/\/toploc.com\/blog\/wp-content\/uploads\/2023\/12\/port-laflotte-sebastien-laval-1024x538.jpg\" alt=\"Le port de La Flotte \u00a9la.charente-maritime.fr\" class=\"wp-image-155661\" style=\"aspect-ratio:16\/9;object-fit:cover\" srcset=\"https:\/\/toploc.com\/blog\/wp-content\/uploads\/2023\/12\/port-laflotte-sebastien-laval-1024x538.jpg 1024w, https:\/\/toploc.com\/blog\/wp-content\/uploads\/2023\/12\/port-laflotte-sebastien-laval-300x158.jpg 300w, https:\/\/toploc.com\/blog\/wp-content\/uploads\/2023\/12\/port-laflotte-sebastien-laval-768x403.jpg 768w, https:\/\/toploc.com\/blog\/wp-content\/uploads\/2023\/12\/port-laflotte-sebastien-laval-380x200.jpg 380w, https:\/\/toploc.com\/blog\/wp-content\/uploads\/2023\/12\/port-laflotte-sebastien-laval-800x420.jpg 800w, https:\/\/toploc.com\/blog\/wp-content\/uploads\/2023\/12\/port-laflotte-sebastien-laval-1160x609.jpg 1160w, https:\/\/toploc.com\/blog\/wp-content\/uploads\/2023\/12\/port-laflotte-sebastien-laval.jpg 1200w\" sizes=\"auto, (max-width: 1024px) 100vw, 1024px\" \/><figcaption class=\"wp-element-caption\">Le port de La Flotte \u00a9la.charente-maritime.fr<\/figcaption><\/figure>\n\n\n\n<h3 id=\"pourquoi-visiter-la-flotte\" class=\"wp-block-heading\">Pourquoi visiter La Flotte ?<\/h3>\n\n\n\n<p>La Flotte est un adorable village de l&#8217;\u00eele de R\u00e9. Avec ses maisons blanches aux volets verts, son port charmant et ses ruelles pav\u00e9es, cette destination vous promet un s\u00e9jour entre patrimoine, mer et douceur de vivre. Le village allie parfaitement d\u00e9tente, culture et plaisirs baln\u00e9aires. Fl\u00e2nez sur le port et son march\u00e9 m\u00e9di\u00e9val, class\u00e9 parmi les plus beaux de France et promenez-vous \u00e0 v\u00e9lo sur les nombreuses pistes cyclables de l\u2019\u00eele de R\u00e9.<\/p>\n\n\n\n<h3 id=\"ou-reserver-une-location-la-flotte-en-re\" class=\"wp-block-heading\">O\u00f9 r\u00e9server une location La Flotte en R\u00e9 ?<\/h3>\n\n\n\n<p>Si vous venez visiter La Flotte et son port, vous chercherez certainement un airbnb la Flotte en R\u00e9. Sur Toploc r\u00e9servez en direct une&nbsp;<a href=\"https:\/\/toploc.com\/locations-vacances\/la-flotte\" target=\"_blank\" rel=\"noreferrer noopener\">location vacances La Flotte<\/a>&nbsp;aupr\u00e8s de nos h\u00f4tes Toploc.<\/p>\n\n\n\n<h3 id=\"que-voir-et-que-faire-a-la-flotte\" class=\"wp-block-heading\">Que voir et que faire \u00e0 La Flotte ?<\/h3>\n\n\n\n<p>Si vous venez visiter La Flotte voici la liste des choses \u00e0 voir et \u00e0 faire en priorit\u00e9 :<\/p>\n\n\n\n<ul class=\"wp-block-list\">\n<li>D\u00e9couvrez l\u2019Abbaye des Ch\u00e2teliers ou abbaye Notre-Dame-de-R\u00e9, dont les moines cultivaient la vigne, \u00e0 partir du XIIe si\u00e8cle, donnant vit \u00e0 la cit\u00e9. Elle est aujourd&#8217;hui en ruine \u00e0 cause de la Guerre de Cent Ans et les Guerres de religion. Elle est maintenant class\u00e9&nbsp;aux Monuments Historiques. <\/li>\n\n\n\n<li>Reposez-vous sur la plage de l\u2019Arnerault, un plage situ\u00e9 dans une baie abrit\u00e9, constitu\u00e9e de sable fin sur 500 m\u00e8tres. Le lieu n&#8217;est pas trop dangereux pour les baignades, ce qui n&#8217;emp\u00eache la plage d&#8217;\u00eatre bien surveill\u00e9 en \u00e9t\u00e9. Une plage id\u00e9al pour les famille qui cherche un coin calme pour passer du bon temps proche de l&#8217;eau.<\/li>\n\n\n\n<li>Fl\u00e2nez sur le port et son march\u00e9 m\u00e9di\u00e9val. Le port a une capacit\u00e9 de 180 places, un petit port fort sympathique o\u00f9 les bateaux amarres dans un arc de cercle ponctu\u00e9 par un phare \u00e0 l&#8217;entr\u00e9e du port. C&#8217;est ici que se d\u00e9roule le march\u00e9 local au style m\u00e9di\u00e9val, qui permet de d\u00e9couvrir la culture et la gastronomie local, dans une ambiance unique.<\/li>\n<\/ul>\n\n\n\n<h2 class=\"wp-block-heading\" id=\"balade-en-bateau\"><span id=\"fort-boyard\">Fort Boyard<\/span><\/h2>\n\n\n\n<figure class=\"wp-block-image size-full\"><img loading=\"lazy\" decoding=\"async\" width=\"1200\" height=\"627\" src=\"https:\/\/blog.toploc.com\/wp-content\/uploads\/2023\/12\/image-88.png\" alt=\"Balade en bateau \u00e0 Fort Boyard \u00a9 Office de tourisme Rochefort\" class=\"wp-image-137072\" style=\"aspect-ratio:16\/9;object-fit:cover\"\/><figcaption class=\"wp-element-caption\">Balade en bateau \u00e0 Fort Boyard \u00a9 Office de tourisme Rochefort<\/figcaption><\/figure>\n\n\n\n<h3 class=\"wp-block-heading\" id=\"pourquoi-visiter-l\u00eele-de-r\u00e9--et-balade-en-bateau-\"><span id=\"pourquoi-visiter-fort-boyard\">Pourquoi visiter Fort Boyard ?<\/span><\/h3>\n\n\n\n<p>Prenez le large pour contempler l&#8217;\u00eele de R\u00e9 depuis l&#8217;oc\u00e9an. Plongez dans les recoins les plus inaccessibles de l&#8217;\u00eele comme les criques et calanques sauvages. Partez en croisi\u00e8re pour la journ\u00e9e au d\u00e9part du port de Saint-Martin-de-R\u00e9. Contemplez ce que la nature a de plus beau \u00e0 offrir et d\u00e9couvrez l&#8217;\u00eele d&#8217;Aix ou le mythique Fort Boyard. Les prix varient de 30 \u00e0 80 euros par personne pour la journ\u00e9e. Si vous pr\u00e9f\u00e9rez rester en petit comit\u00e9, vous pouvez faire une location de bateau. Dans tous les cas, pensez \u00e0 r\u00e9server vos places en avance en haute saison, ces excursions sont tr\u00e8s convoit\u00e9es. Cette activit\u00e9 vous promet un vent de libert\u00e9 si vous venez visiter l&#8217;\u00eele de R\u00e9.<\/p>\n\n\n\n<h2 class=\"wp-block-heading\" id=\"l\u00e9comus\u00e9e-du-marais-salant\"><span id=\"marais-salant\">Marais Salant<\/span><\/h2>\n\n\n\n<figure class=\"wp-block-image size-full\"><img loading=\"lazy\" decoding=\"async\" width=\"1200\" height=\"784\" src=\"https:\/\/blog.toploc.com\/wp-content\/uploads\/2023\/12\/image-89.png\" alt=\"Un groupe de voyageurs autour de l'un des sauniers des Marais Salants de l'\u00eele de R\u00e9 \u00a9 OT \u00eele de R\u00e9\" class=\"wp-image-137075\" style=\"aspect-ratio:16\/9;object-fit:cover\"\/><figcaption class=\"wp-element-caption\">Un groupe de voyageurs autour de l&#8217;un des sauniers des Marais Salants de l&#8217;\u00eele de R\u00e9 \u00a9 OT \u00eele de R\u00e9<\/figcaption><\/figure>\n\n\n\n<h3 class=\"wp-block-heading\" id=\"pourquoi-visiter-l\u00eele-de-r\u00e9--et-l\u00e9comus\u00e9e-du-marais-salant-\"><span id=\"pourquoi-visiter-les-marais-salant\">Pourquoi visiter les Marais Salant ?<\/span><\/h3>\n\n\n\n<p>L&#8217;\u00e9comus\u00e9e du Marais Salant est un projet scientifique et culturel. A l&#8217;int\u00e9rieur vous trouverez des maquettes expliquant le fonctionnement du marais salant. A l&#8217;ext\u00e9rieur, vous pourrez visiter le marais et comprendre le m\u00e9tier de saunier et le parcours de l&#8217;eau. De bassins en bassins, d\u00e9couvrez la faune et la flore du marais en fonction des saisons. Le marais salant est un \u00e9l\u00e9ment essentiel du patrimoine et s&#8217;engage pour la pr\u00e9servation de l&#8217;environnement et du milieu naturel. La r\u00e9colte du sel est une des activit\u00e9s du marais, le sel est 100% naturel et ne subit aucune transformation entre sa r\u00e9colte et sa consommation. Les marais salants font partie int\u00e9grante du paysage de l&#8217;\u00eele ce qui en fait une activit\u00e9 incontournable pour visiter l&#8217;\u00cele-de-R\u00e9.<\/p>\n\n\n\n<h2 class=\"wp-block-heading\" id=\"le-phare-des-baleines\"><span id=\"phare-des-baleines\">Phare des baleines<\/span><\/h2>\n\n\n\n<figure class=\"wp-block-image size-full\"><img loading=\"lazy\" decoding=\"async\" width=\"1000\" height=\"625\" src=\"https:\/\/blog.toploc.com\/wp-content\/uploads\/2023\/12\/image-90.png\" alt=\"Phare des Baleines \u00a9 Comme des fran\u00e7ais\" class=\"wp-image-137076\" style=\"aspect-ratio:16\/9;object-fit:cover\"\/><figcaption class=\"wp-element-caption\">Phare des Baleines \u00a9 Comme des fran\u00e7ais<\/figcaption><\/figure>\n\n\n\n<h3 class=\"wp-block-heading\" id=\"pourquoi-visiter-l\u00eele-de-r\u00e9--et-le-phare-des-baleines--\"><span id=\"pourquoi-visiter-le-phare-des-baleines\">Pourquoi visiter le phare des baleines ?<\/span><\/h3>\n\n\n\n<p>Pour visiter l&#8217;\u00cele-de-R\u00e9, il faut plonger dans son histoire maritime. Le phare des baleines avec ses 60 m\u00e8tres de haut est l&#8217;un des plus hauts phares de France. Apr\u00e8s l&#8217;escalade des 257 marches, vous b\u00e9n\u00e9ficierez d&#8217;un panorama exceptionnel sur l\u2019\u00eele. Le domaine du phare des baleines est aussi compos\u00e9 du mus\u00e9e du Phare qui \u00e9tait anciennement le lieu de r\u00e9sidence des gardiens. Le mus\u00e9e retrace l&#8217;histoire \u00e0 travers des objets d&#8217;\u00e9poque et explique le fonctionnement du phare. Dans le domaine se trouve \u00e9galement la tour Vauban, l&#8217;ancien phare construit en 1682 qui n&#8217;a pas su suivre les progr\u00e8s techniques mais qui reste rempli de charme et d&#8217;histoire. Tous ces b\u00e2timents se trouvent dans un parc de 2 hectares.<\/p>\n\n\n\n<h2 class=\"wp-block-heading\" id=\"le-fort-la-pr\u00e9e\"><span id=\"fort-la-pree\">Fort La Pr\u00e9e<\/span><\/h2>\n\n\n\n<figure class=\"wp-block-image size-full\"><img loading=\"lazy\" decoding=\"async\" width=\"1200\" height=\"627\" src=\"https:\/\/blog.toploc.com\/wp-content\/uploads\/2023\/12\/image-93.png\" alt=\"Fort la Pr\u00e9e \u00a9 OT-Ile-de-R\u00e9\" class=\"wp-image-137080\" style=\"aspect-ratio:16\/9;object-fit:cover\"\/><figcaption class=\"wp-element-caption\">Fort la Pr\u00e9e \u00a9 OT-Ile-de-R\u00e9<\/figcaption><\/figure>\n\n\n\n<h3 class=\"wp-block-heading\" id=\"pourquoi-visiter-l\u00eele-de-r\u00e9--et-le-fort-la-pr\u00e9e-\"><span id=\"pourquoi-visiter-le-fort-la-pree\">Pourquoi visiter le Fort La Pr\u00e9e ?<\/span><\/h3>\n\n\n\n<p>Le Fort La Pr\u00e9e est la plus ancienne fortification de l&#8217;\u00eele, ce qui en fait une escapade incontournable pour visiter l&#8217;\u00eele-de-R\u00e9. Il a \u00e9t\u00e9 cr\u00e9\u00e9 dans un but militaire en 1625 sous le r\u00e8gne de Louis XIII, afin d&#8217;asseoir le pouvoir royal face aux protestants de La Rochelle. Le Fort La Pr\u00e9e est ouvert entre avril et septembre et pendant les vacances de la Toussaint. D\u00e9couvrez ce monument historique de l&#8217;\u00eele en visite guid\u00e9e ou libre. Le Fort organise des \u00e9v\u00e9nements tout au long de l&#8217;ann\u00e9e pour les petits et les grands comme des brocantes, des festivals de musique ou des visites du campement am\u00e9ricain.<\/p>\n\n\n\n<h2 class=\"wp-block-heading\" id=\"labbaye-des-ch\u00e2teliers\"><span id=\"abbaye-des-chateliers\">Abbaye des Ch\u00e2teliers<\/span><\/h2>\n\n\n\n<figure class=\"wp-block-image size-full\"><img loading=\"lazy\" decoding=\"async\" width=\"1440\" height=\"720\" src=\"https:\/\/blog.toploc.com\/wp-content\/uploads\/2023\/12\/image-92.png\" alt=\"Abbaye des Ch\u00e2teliers \u00a9 Sunelia-Interlude\" class=\"wp-image-137078\" style=\"aspect-ratio:16\/9;object-fit:cover\"\/><figcaption class=\"wp-element-caption\">Abbaye des Ch\u00e2teliers \u00a9 Sunelia-Interlude<\/figcaption><\/figure>\n\n\n\n<h3 class=\"wp-block-heading\" id=\"pourquoi-visiter-l\u00eele-de-r\u00e9--et-labbaye-des-ch\u00e2teliers--\"><span id=\"pourquoi-visiter-labbaye-des-chateliers\">Pourquoi visiter l&#8217;Abbaye des Ch\u00e2teliers ?<\/span><\/h3>\n\n\n\n<p>L&#8217;abbaye des Ch\u00e2teliers est une activit\u00e9 immanquable pour visiter l&#8217;\u00cele de R\u00e9. Cette abbaye construite par des moines cisterciens au XIIe si\u00e8cle est une des plus grandes du centre-ouest de la France. Ce monument historique au style gothique se trouve dans le village de La-Flotte-en-R\u00e9. Cette abbaye est aujourd&#8217;hui en ruine, elle a \u00e9t\u00e9 partiellement d\u00e9truite durant la guerre de Cent Ans. Elle n&#8217;en reste pas moins un lieu rempli de charme et d&#8217;histoire. D\u00e9couvrez ce lieu entre terre et mer pour comprendre l&#8217;histoire et le d\u00e9veloppement de l&#8217;\u00eele de R\u00e9. Laissez-vous s\u00e9duire par ces vestiges en acc\u00e8s libre ou en visite guid\u00e9e avec le mus\u00e9e du Platin qui propose une exposition consacr\u00e9e aux origines de l&#8217;abbaye.<\/p>\n\n\n\n<h2 class=\"wp-block-heading\" id=\"faire-le-tour-de-l\u00eele-\u00e0-v\u00e9lo\"><span id=\"faire-le-tour-de-lile-de-re-a-velo\">Faire le tour de l&#8217;\u00eele de R\u00e9 \u00e0 v\u00e9lo<\/span><\/h2>\n\n\n\n<figure class=\"wp-block-image size-full\"><img loading=\"lazy\" decoding=\"async\" width=\"1200\" height=\"800\" src=\"https:\/\/blog.toploc.com\/wp-content\/uploads\/2023\/12\/image-94.png\" alt=\"Faire le tour de l'\u00eele de R\u00e9 \u00e0 V\u00e9lo \u00a9 Destination \u00eele de R\u00e9\" class=\"wp-image-137083\" style=\"aspect-ratio:16\/9;object-fit:cover\"\/><figcaption class=\"wp-element-caption\">Faire le tour de l&#8217;\u00eele de R\u00e9 \u00e0 V\u00e9lo \u00a9 Destination \u00eele de R\u00e9<\/figcaption><\/figure>\n\n\n\n<h3 class=\"wp-block-heading\" id=\"pourquoi-visiter-l\u00eele-de-r\u00e9--et-faire-le-tour-de-l\u00eele-\u00e0-v\u00e9lo-\"><span id=\"pourquoi-faire-le-tour-de-lile-a-velo\">Pourquoi faire le tour de l&#8217;\u00eele \u00e0 v\u00e9lo ?<\/span><\/h3>\n\n\n\n<p>Faire le tour de l&#8217;\u00eele de R\u00e9 \u00e0 v\u00e9lo est le meilleur moyen de visiter l&#8217;\u00eele-de-R\u00e9. Vous profiterez de plus de 110 kilom\u00e8tres de piste cyclable sur l&#8217;ensemble de l&#8217;\u00eele. Si vous souhaitez partir \u00e0 la journ\u00e9e ou demi-journ\u00e9e vous pouvez facilement vous organiser un itin\u00e9raire de 25-30 kilom\u00e8tres. G\u00e9n\u00e9ralement consid\u00e9r\u00e9 comme un parcours facile, il faut en moyenne 5h pour l\u2019accomplir. Sur votre chemin vous rencontrerez les villages authentiques de Saint Martin de R\u00e9, Le Bois plage en R\u00e9 et Sainte Marie de R\u00e9. Contemplez sur votre route les c\u00f4tes et les plages, l&#8217;int\u00e9rieur des terres, bois\u00e9es ou agricoles.<\/p>\n\n\n\n<h2 class=\"wp-block-heading\" id=\"mus\u00e9e-ernest-cognacq\"><span id=\"musee-ernest-cognacq\">Mus\u00e9e Ernest Cognacq<\/span><\/h2>\n\n\n\n<figure class=\"wp-block-image size-full\"><img loading=\"lazy\" decoding=\"async\" width=\"2560\" height=\"1707\" src=\"https:\/\/blog.toploc.com\/wp-content\/uploads\/2023\/12\/image-95.png\" alt=\"Mus\u00e9e Ernest Cognacq \u00a9 YANN WERDEFROY\" class=\"wp-image-137084\" style=\"aspect-ratio:16\/9;object-fit:cover\"\/><figcaption class=\"wp-element-caption\">Mus\u00e9e Ernest Cognacq \u00a9 YANN WERDEFROY<\/figcaption><\/figure>\n\n\n\n<h3 class=\"wp-block-heading\" id=\"pourquoi-visiter-l\u00eele-de-r\u00e9--et-mus\u00e9e-ernest-cognacq-\"><span id=\"pourquoi-visiter-le-musee-ernest-cognacq\">Pourquoi visiter le Mus\u00e9e Ernest Cognacq ?<\/span><\/h3>\n\n\n\n<p>Ce mus\u00e9e d&#8217;art et d&#8217;histoire retrace l&#8217;\u00e9volution de l&#8217;\u00eele-de-R\u00e9. Le mus\u00e9e Ernest Cognacq est situ\u00e9 dans le village de Saint-Martin-de-R\u00e9. Il dispose de diff\u00e9rentes collections riches et vari\u00e9es d&#8217;arch\u00e9ologie, d&#8217;histoire, de c\u00e9ramique et des beaux-arts. Le mus\u00e9e Ernest Cognacq accueille tout au long de l&#8217;ann\u00e9e des groupes pour des visites guid\u00e9es de l&#8217;exposition et des fortifications Vauban. Le mus\u00e9e Ernest Cognacq dispose \u00e9galement d&#8217;un h\u00f4tel et de jardins \u00e0 la fran\u00e7aise, une sortie culturelle id\u00e9ale pour visiter l&#8217;\u00eele de R\u00e9.<\/p>\n\n\n\n<h2 class=\"wp-block-heading\" id=\"parc-de-la-barbette\">Parc de la Barbette<\/h2>\n\n\n\n<figure class=\"wp-block-image size-full\"><img loading=\"lazy\" decoding=\"async\" width=\"1200\" height=\"800\" src=\"https:\/\/toploc.com\/blog\/wp-content\/uploads\/2023\/12\/le-parc-de-la-barbette.jpeg\" alt=\"Parc de la Barbette \u00a9bonplanvoyage.net\" class=\"wp-image-155668\" style=\"aspect-ratio:16\/9;object-fit:cover\" srcset=\"https:\/\/toploc.com\/blog\/wp-content\/uploads\/2023\/12\/le-parc-de-la-barbette.jpeg 1200w, https:\/\/toploc.com\/blog\/wp-content\/uploads\/2023\/12\/le-parc-de-la-barbette-300x200.jpeg 300w, https:\/\/toploc.com\/blog\/wp-content\/uploads\/2023\/12\/le-parc-de-la-barbette-1024x683.jpeg 1024w, https:\/\/toploc.com\/blog\/wp-content\/uploads\/2023\/12\/le-parc-de-la-barbette-768x512.jpeg 768w, https:\/\/toploc.com\/blog\/wp-content\/uploads\/2023\/12\/le-parc-de-la-barbette-380x253.jpeg 380w, https:\/\/toploc.com\/blog\/wp-content\/uploads\/2023\/12\/le-parc-de-la-barbette-800x533.jpeg 800w, https:\/\/toploc.com\/blog\/wp-content\/uploads\/2023\/12\/le-parc-de-la-barbette-1160x773.jpeg 1160w\" sizes=\"auto, (max-width: 1200px) 100vw, 1200px\" \/><figcaption class=\"wp-element-caption\">Parc de la Barbette \u00a9bonplanvoyage.net<\/figcaption><\/figure>\n\n\n\n<h3 class=\"wp-block-heading\" id=\"pourquoi-visiter-l\u00eele-de-r\u00e9--et-parc-de-la-barbette-\"><span id=\"pourquoi-visiter-le-parc-de-la-barbette\">Pourquoi visiter le Parc de la Barbette ?<\/span><\/h3>\n\n\n\n<p>Direction Saint-Martin-en-R\u00e9 pour profiter du Parc de la Barbette. Baladez-vous, dans ce parc ombrag\u00e9 en profitant d&#8217;une belle vue sur l&#8217;oc\u00e9an, le phare et les fortifications de Vauban. Ce parc est situ\u00e9 le long des remparts de la citadelle et du port du village. Le parc propose diff\u00e9rentes activit\u00e9s comme des balades sur les dos des \u00e2nes en culotte, du mini-golf, des man\u00e8ges en tout genre, des auto tamponneuses. Venez visiter l&#8217;\u00cele-de-R\u00e9 et profitez d&#8217;une soir\u00e9e tapas dans un des multiples restaurants au abord du parc, avec un petit orchestre l&#8217;\u00e9t\u00e9.<\/p>\n\n\n\n<h2 class=\"wp-block-heading\" id=\"le-pont-de-l\u00eele-de-r\u00e9\"><span id=\"pont-de-lile-de-re\">Pont de l&#8217;\u00cele-de-R\u00e9<\/span><\/h2>\n\n\n\n<figure class=\"wp-block-image size-full\"><img loading=\"lazy\" decoding=\"async\" width=\"900\" height=\"600\" src=\"https:\/\/blog.toploc.com\/wp-content\/uploads\/2023\/12\/image-98.png\" alt=\"Pont de l'\u00cele-de-R\u00e9 \u00a9 D\u00e9tours en France\" class=\"wp-image-137089\" style=\"aspect-ratio:16\/9;object-fit:cover\"\/><figcaption class=\"wp-element-caption\">Pont de l&#8217;\u00cele-de-R\u00e9 \u00a9 D\u00e9tours en France<\/figcaption><\/figure>\n\n\n\n<h3 class=\"wp-block-heading\" id=\"pourquoi-visiter-l\u00eele-de-r\u00e9--et-le-pont-de-l\u00eele-de-r\u00e9-\"><span id=\"pourquoi-traverser-le-pont-de-lile-de-re\">Pourquoi traverser le Pont de l&#8217;\u00cele-de-R\u00e9 ?<\/span><\/h3>\n\n\n\n<p>Pour visiter l&#8217;\u00eele de R\u00e9 vous devrez n\u00e9cessairement passer par le pont de l&#8217;\u00cele qui relis la commune de Rivedoux et La Rochelle. Ce pont d&#8217;une longueur de presque 3 kilom\u00e8tres fait partie int\u00e9grante du paysage. Ce pont de b\u00e9ton se d\u00e9marque par sa forme arrondie, il est accessible \u00e0 pied, \u00e0 v\u00e9lo et en voiture. En le traversant vous aurez une vue imprenable sur la fa\u00e7ade nord de l&#8217;\u00eele.<\/p>\n\n\n\n<h2 id=\"ou-se-baigner-a-lile-de-re\" class=\"wp-block-heading\">O\u00f9 se baigner \u00e0 l\u2019\u00eele de R\u00e9 ?<\/h2>\n\n\n\n<figure class=\"wp-block-image size-full\"><img loading=\"lazy\" decoding=\"async\" width=\"1920\" height=\"768\" src=\"https:\/\/blog.toploc.com\/wp-content\/uploads\/2023\/12\/image-100.png\" alt=\"Profiter des plages de l'\u00eele de R\u00e9 \u00a9 Destination-ile-de-R\u00e9\" class=\"wp-image-137091\" style=\"aspect-ratio:16\/9;object-fit:cover\"\/><figcaption class=\"wp-element-caption\">Profiter des plages de l&#8217;\u00eele de R\u00e9 \u00a9 Destination-ile-de-R\u00e9<\/figcaption><\/figure>\n\n\n\n<p>De nombreuses plages sont effectivement \u00e0 d\u00e9couvrir pendant vos vacances sur l\u2019\u00eele de R\u00e9. Quelles soient connues ou moins connues, elles ne manqueront pas de plaire au plus grand nombre. Voici nos recommandations sur les meilleures plages de l&#8217;\u00eele de R\u00e9 ?<\/p>\n\n\n\n<ul class=\"wp-block-list\">\n<li>Pour ceux qui aiment la p\u00eache \u00e0 pieds, dirigez vous plut\u00f4t vers le sud et les plages de Sainte-Marie-de-R\u00e9. Si vous s\u00e9journez dans le centre de l\u2019\u00eele, privil\u00e9giez la commune du Bois-Plage. Cette station baln\u00e9aire, vous offre 6 kilom\u00e8tres de plage.<\/li>\n\n\n\n<li>Pour les passionn\u00e9s de surf ou de planche \u00e0 voile, dirigez vous vers la plage des Grenettes, de Glandif\u00e8re, de Rive doux, mais \u00e9galement de Gros-jonc. A mar\u00e9e haute, les plages de La Sal\u00e9e, mais aussi celle de Montamer sont les plus indiqu\u00e9es.<\/li>\n\n\n\n<li>Si vous souhaitez d\u00e9couvrir les meilleures plages de l\u2019\u00eele, dirigez vous vers le village de&nbsp;la Couarde-sur-Mer. En plus d\u2019abriter les plus belles plages de France, la commune est tr\u00e8s agr\u00e9able \u00e0 visiter.<\/li>\n\n\n\n<li>De nombreuses plages se disputent la vedette sur l\u2019\u00eele et il est parfois difficile de faire un choix. En optant pour des vacances sur l\u2019\u00eele de R\u00e9, vous ne manquerez pas de lieux o\u00f9 profiter des plaisirs aquatiques.<\/li>\n<\/ul>\n\n\n\n<h2 id=\"ou-reserver-une-location-vacances-ile-de-re\" class=\"wp-block-heading\">O\u00f9 r\u00e9server une location vacances ile de R\u00e9 ?<\/h2>\n\n\n\n<p>Si vous partez explorer l&#8217;\u00eele-de-R\u00e9 vous trouverez sur Toploc un airbnb ile de R\u00e9 ou une <a href=\"https:\/\/toploc.com\/location\/s\/%C3%8Ele-de-R%C3%A9--Nouvelle~Aquitaine--France\" target=\"_blank\" rel=\"noreferrer noopener\">location \u00eele de R\u00e9 particulier \u00e0 particulier<\/a> ou une <a href=\"https:\/\/toploc.com\/locations-vacances\/charente-maritime\">locations vacances Charente-Maritime<\/a>. Pour r\u00e9server rien de plus simple ! Il suffit de contacter nos gentils h\u00f4tes Toploc en direct depuis la carte ci-dessous.<\/p>\n\n\n\n<iframe loading=\"lazy\" width=\"100%\" height=\"450px\" frameborder=\"0\" src=\"https:\/\/toploc.com\/embed\/maps?location=Charente-Maritime;bbox_area=-1.7839655127041851%2C45.254704656171725%2C0.3105291918395494%2C46.434290613177836\"><\/iframe>\n\n\n\n<h2 id=\"faq-tout-savoir-pour-visiter-lile-de-re\" class=\"wp-block-heading\">FAQ : Tout savoir pour visiter L\u2019\u00eele-de-R\u00e9&nbsp;<\/h2>\n\n\n\n<h3 id=\"ou-telecharger-une-carte-touristique-de-lile-de-re\" class=\"wp-block-heading\">O\u00f9 t\u00e9l\u00e9charger une carte touristique de L\u2019\u00eele-de-R\u00e9 ?<\/h3>\n\n\n\n<p>Si vous venez visiter L\u2019\u00eele-de-R\u00e9, vous aurez certainement besoin d\u2019une carte touristique de L\u2019\u00eele-de-R\u00e9. Nous avons retrouv\u00e9 pour vous la carte touristique de L\u2019\u00eele-de-R\u00e9 propos\u00e9e par le site cdciledere.fr \u00e0 t\u00e9l\u00e9charger ci-dessous \ud83d\udc47 au format PDF.&nbsp;<\/p>\n\n\n\n<div class=\"wp-block-buttons is-content-justification-center is-layout-flex wp-container-core-buttons-is-layout-16018d1d wp-block-buttons-is-layout-flex\">\n<div class=\"wp-block-button\"><a class=\"wp-block-button__link has-background has-small-font-size has-custom-font-size wp-element-button\" href=\"https:\/\/blog.toploc.com\/wp-content\/uploads\/2023\/12\/carte-touristique-ile-de-re.png\" style=\"background-color:#006b52\"><strong>CARTE TOURISTIQUE ILE-DE-RE<\/strong><\/a><\/div>\n<\/div>\n\n\n\n<h3 id=\"ou-est-situee-lile-de-re\" class=\"wp-block-heading\">O\u00f9 est situ\u00e9e L\u2019\u00eele-de-R\u00e9 ?<\/h3>\n\n\n\n<p>L\u2019\u00eele-de-R\u00e9&nbsp; (1705) est une \u00eele situ\u00e9e dans le d\u00e9partement la Charente-Maritime (17) et fait partie de la r\u00e9gion Nouvelle Aquitaine. Elle se situe dans le Golf de Gascogne sur la c\u00f4te Atlantique, face au port de La Rochelle. Sa superficie est de 85,32 km\u00b2 et sa population se monte \u00e0 17 503 habitants, ce qui donne une densit\u00e9 de 205,15 hab\/km\u00b2.&nbsp;<\/p>\n\n\n\n<h3 id=\"quels-sont-les-meilleurs-mois-pour-visiter-lile-de-re\" class=\"wp-block-heading\">Quels sont les meilleurs mois pour visiter L\u2019\u00eele-de-R\u00e9 &nbsp;?<\/h3>\n\n\n\n<p>Les meilleurs mois pour visiter l\u2019\u00eele-de-R\u00e9 sont de mai \u00e0 octobre. Avec une temp\u00e9rature moyenne entre 10\u00b0 et 23\u00b0 sur l&#8217;ann\u00e9e. Vous profiterez d\u2019une temp\u00e9rature assez douce sur cette p\u00e9riode. Pr\u00e9f\u00e9rez les mois de juillet et ao\u00fbt pour la baignade et \u00e9viter octobre et novembre qui sont les mois les plus pluvieux.&nbsp;<\/p>\n\n\n\n<h3 id=\"quels-sont-les-5-plus-beaux-villages-de-lile-de-re\" class=\"wp-block-heading\">Quels sont les 5 plus beaux villages de l\u2019\u00eele-de-R\u00e9 ?<\/h3>\n\n\n\n<p>Les 5 plus beaux villages de L\u2019\u00eele-de-R\u00e9 sont :<\/p>\n\n\n\n<ul class=\"wp-block-list\">\n<li>Saint Martin de R\u00e9, le village principale<\/li>\n\n\n\n<li>Loix et ses marais salants<\/li>\n\n\n\n<li>Sainte Marie de R\u00e9 et ses couchers de soleil<\/li>\n\n\n\n<li>Saint Cl\u00e9ment des baleines et son phare<\/li>\n\n\n\n<li>Rivedoux et sa vue sur la Rochelle&nbsp;<\/li>\n<\/ul>\n\n\n\n<h3 id=\"quelles-sont-les-choses-a-faire-a-lile-de-re\" class=\"wp-block-heading\">Quelles sont les choses \u00e0 faire \u00e0 L\u2019\u00eele-de-R\u00e9 ?<\/h3>\n\n\n\n<p>Les choses \u00e0 faire \u00e0 l\u2019\u00eele-de-R\u00e9 sont nombreuses :<\/p>\n\n\n\n<ul class=\"wp-block-list\">\n<li>Le parc de la Barbette<\/li>\n\n\n\n<li>L\u2019\u00e9comus\u00e9e du marais salant<\/li>\n\n\n\n<li>Le mus\u00e9e Ernest Cognacq<\/li>\n\n\n\n<li>Le phare des baleines<\/li>\n\n\n\n<li>Le Fort la Pr\u00e9<\/li>\n<\/ul>\n\n\n\n<h3 id=\"quels-sont-les-beaux-endroits-pour-visiter-lile-de-re\" class=\"wp-block-heading\">Quels sont les beaux endroits pour visiter L\u2019\u00eele-de-R\u00e9 ?<\/h3>\n\n\n\n<p>Voici la liste des plus beaux endroits pour visiter l\u2019\u00eele-de-R\u00e9 :<\/p>\n\n\n\n<ul class=\"wp-block-list\">\n<li>Les marais salants de Loix<\/li>\n\n\n\n<li>Visiter la r\u00e9serve Naturelle de Lilleau des Niges<\/li>\n\n\n\n<li>Se baigner \u00e0 la plage de conche des baleines<\/li>\n\n\n\n<li>Visiter le port de Saint Martin de R\u00e9&nbsp;<\/li>\n<\/ul>\n\n\n\n<h3 id=\"comment-visiter-lile-de-re-en-5-jours\" class=\"wp-block-heading\">Comment visiter L\u2019\u00eele-de-R\u00e9 en 5 jours ?<\/h3>\n\n\n\n<p>Voici l&#8217;itin\u00e9raire Toploc pour visiter l\u2019\u00eele-de-R\u00e9&nbsp;en 5 jours :<\/p>\n\n\n\n<ul class=\"wp-block-list\">\n<li><strong>Jour 1 <\/strong>: Traverser le pont pour arriver sur l&#8217;\u00eele, ensuite, d\u00e9buter votre aventure en allant visiter le village de Rivedoux et Sainte Marie de R\u00e9 pour profiter des plages face au continent.<\/li>\n\n\n\n<li><strong>Jour 2<\/strong> : Visiter le village m\u00e9di\u00e9val de La Flotte et son port, pour une balade pittoresque dans un village purement r\u00e9tais.<\/li>\n\n\n\n<li><strong>Jour 3<\/strong> : Profitez de la ville de Saint-Martin-de-R\u00e9, et suivez les fortifications Vauban en forme d&#8217;\u00e9toile qui parcourent la ville. Allez voir le port avant de vous reposer sur la plage de la Cible.<\/li>\n\n\n\n<li><strong>Jour 4<\/strong> : Partez en randonn\u00e9e autour de Bois-Plage-en-R\u00e9, en passant par le Peu des Aumonts, le point culminant de l&#8217;\u00eele, \u00e0 19 m\u00e8tres de haut.<\/li>\n\n\n\n<li><strong>Jour 5<\/strong> : Faite une derni\u00e8re fois le tour de l&#8217;\u00eele, en parcourant les 110 kilom\u00e8tres de pistes cyclables, ou seulement une partie, pour voir les petits villages authentique de l&#8217;\u00eele-de-R\u00e9.<\/li>\n<\/ul>\n\n\n\n<p>Ma\u00ebl pour Toploc<\/p>\n","protected":false},"excerpt":{"rendered":"Situ\u00e9e dans l\u2019Ouest de la France et rattach\u00e9e au d\u00e9partement de la Charente-Maritime, visiter l\u2019\u00eele de R\u00e9 est&hellip;\n","protected":false},"author":15,"featured_media":137086,"comment_status":"open","ping_status":"closed","sticky":false,"template":"","format":"standard","meta":{"footnotes":""},"categories":[114,6914],"tags":[7127],"class_list":{"0":"post-70733","1":"post","2":"type-post","3":"status-publish","4":"format-standard","5":"has-post-thumbnail","7":"category-france","8":"category-mer","9":"tag-ile-de-re"},"yoast_head":"<!-- This site is optimized with the Yoast SEO plugin v26.9 - https:\/\/yoast.com\/product\/yoast-seo-wordpress\/ -->\n<title>Les 17 choses \u00e0 voir et \u00e0 faire pour visiter l\u2019\u00eele de R\u00e9<\/title>\n<meta name=\"description\" content=\"Visiter l&#039;\u00eele de R\u00e9 : Fort Boyard . Marais Salant . Phare des baleines . Ars-en-r\u00e9. Fort La Pr\u00e9e . Abbaye des Ch\u00e2teliers . Bois-Plage-en-R\u00e9 .\" \/>\n<meta name=\"robots\" content=\"index, follow, max-snippet:-1, max-image-preview:large, max-video-preview:-1\" \/>\n<link rel=\"canonical\" href=\"https:\/\/toploc.com\/blog\/france\/visiter-l-ile-de-re\" \/>\n<meta property=\"og:locale\" content=\"fr_FR\" \/>\n<meta property=\"og:type\" content=\"article\" \/>\n<meta property=\"og:title\" content=\"Les 17 choses \u00e0 voir et \u00e0 faire pour visiter l\u2019\u00eele de R\u00e9\" \/>\n<meta property=\"og:description\" content=\"Visiter l&#039;\u00eele de R\u00e9 : Fort Boyard . Marais Salant . Phare des baleines . Ars-en-r\u00e9. Fort La Pr\u00e9e . Abbaye des Ch\u00e2teliers . Bois-Plage-en-R\u00e9 .\" \/>\n<meta property=\"og:url\" content=\"https:\/\/toploc.com\/blog\/france\/visiter-l-ile-de-re\" \/>\n<meta property=\"og:site_name\" content=\"Toploc\" \/>\n<meta property=\"article:publisher\" content=\"https:\/\/www.facebook.com\/locationfrancophone\" \/>\n<meta property=\"article:published_time\" content=\"2026-03-23T16:01:28+00:00\" \/>\n<meta property=\"article:modified_time\" content=\"2026-04-08T10:01:31+00:00\" \/>\n<meta property=\"og:image\" content=\"https:\/\/toploc.com\/blog\/wp-content\/uploads\/2023\/12\/image-96.png\" \/>\n\t<meta property=\"og:image:width\" content=\"990\" \/>\n\t<meta property=\"og:image:height\" content=\"634\" \/>\n\t<meta property=\"og:image:type\" content=\"image\/png\" \/>\n<meta name=\"author\" content=\"Ma\u00ebl\" \/>\n<meta name=\"twitter:card\" content=\"summary_large_image\" \/>\n<meta name=\"twitter:label1\" content=\"\u00c9crit par\" \/>\n\t<meta name=\"twitter:data1\" content=\"Ma\u00ebl\" \/>\n\t<meta name=\"twitter:label2\" content=\"Dur\u00e9e de lecture estim\u00e9e\" \/>\n\t<meta name=\"twitter:data2\" content=\"1 minute\" \/>\n<script type=\"application\/ld+json\" class=\"yoast-schema-graph\">{\"@context\":\"https:\/\/schema.org\",\"@graph\":[{\"@type\":\"Article\",\"@id\":\"https:\/\/toploc.com\/blog\/france\/visiter-l-ile-de-re#article\",\"isPartOf\":{\"@id\":\"https:\/\/toploc.com\/blog\/france\/visiter-l-ile-de-re\"},\"author\":{\"name\":\"Ma\u00ebl\",\"@id\":\"https:\/\/toploc.com\/blog\/#\/schema\/person\/7e2ebe289a733b81b04b07f6ec2e3b93\"},\"headline\":\"Les 17 choses \u00e0 voir et \u00e0 faire pour visiter l\u2019\u00eele de R\u00e9\",\"datePublished\":\"2026-03-23T16:01:28+00:00\",\"dateModified\":\"2026-04-08T10:01:31+00:00\",\"mainEntityOfPage\":{\"@id\":\"https:\/\/toploc.com\/blog\/france\/visiter-l-ile-de-re\"},\"wordCount\":3772,\"commentCount\":0,\"publisher\":{\"@id\":\"https:\/\/toploc.com\/blog\/#organization\"},\"image\":{\"@id\":\"https:\/\/toploc.com\/blog\/france\/visiter-l-ile-de-re#primaryimage\"},\"thumbnailUrl\":\"https:\/\/toploc.com\/blog\/wp-content\/uploads\/2023\/12\/image-96.png\",\"keywords\":[\"\u00eele de R\u00e9\"],\"articleSection\":[\"Itin\u00e9raires France\",\"Mer\"],\"inLanguage\":\"fr-FR\",\"potentialAction\":[{\"@type\":\"CommentAction\",\"name\":\"Comment\",\"target\":[\"https:\/\/toploc.com\/blog\/france\/visiter-l-ile-de-re#respond\"]}]},{\"@type\":\"WebPage\",\"@id\":\"https:\/\/toploc.com\/blog\/france\/visiter-l-ile-de-re\",\"url\":\"https:\/\/toploc.com\/blog\/france\/visiter-l-ile-de-re\",\"name\":\"Les 17 choses \u00e0 voir et \u00e0 faire pour visiter l\u2019\u00eele de R\u00e9\",\"isPartOf\":{\"@id\":\"https:\/\/toploc.com\/blog\/#website\"},\"primaryImageOfPage\":{\"@id\":\"https:\/\/toploc.com\/blog\/france\/visiter-l-ile-de-re#primaryimage\"},\"image\":{\"@id\":\"https:\/\/toploc.com\/blog\/france\/visiter-l-ile-de-re#primaryimage\"},\"thumbnailUrl\":\"https:\/\/toploc.com\/blog\/wp-content\/uploads\/2023\/12\/image-96.png\",\"datePublished\":\"2026-03-23T16:01:28+00:00\",\"dateModified\":\"2026-04-08T10:01:31+00:00\",\"description\":\"Visiter l'\u00eele de R\u00e9 : Fort Boyard . Marais Salant . Phare des baleines . Ars-en-r\u00e9. Fort La Pr\u00e9e . Abbaye des Ch\u00e2teliers . Bois-Plage-en-R\u00e9 .\",\"breadcrumb\":{\"@id\":\"https:\/\/toploc.com\/blog\/france\/visiter-l-ile-de-re#breadcrumb\"},\"inLanguage\":\"fr-FR\",\"potentialAction\":[{\"@type\":\"ReadAction\",\"target\":[\"https:\/\/toploc.com\/blog\/france\/visiter-l-ile-de-re\"]}]},{\"@type\":\"ImageObject\",\"inLanguage\":\"fr-FR\",\"@id\":\"https:\/\/toploc.com\/blog\/france\/visiter-l-ile-de-re#primaryimage\",\"url\":\"https:\/\/toploc.com\/blog\/wp-content\/uploads\/2023\/12\/image-96.png\",\"contentUrl\":\"https:\/\/toploc.com\/blog\/wp-content\/uploads\/2023\/12\/image-96.png\",\"width\":990,\"height\":634,\"caption\":\"Bois-Plage-en-R\u00e9 \u00a9 Camping l'\u00eele Blanche\"},{\"@type\":\"BreadcrumbList\",\"@id\":\"https:\/\/toploc.com\/blog\/france\/visiter-l-ile-de-re#breadcrumb\",\"itemListElement\":[{\"@type\":\"ListItem\",\"position\":1,\"name\":\"Accueil\",\"item\":\"https:\/\/toploc.com\/blog\"},{\"@type\":\"ListItem\",\"position\":2,\"name\":\"Les 17 choses \u00e0 voir et \u00e0 faire pour visiter l\u2019\u00eele de R\u00e9\"}]},{\"@type\":\"WebSite\",\"@id\":\"https:\/\/toploc.com\/blog\/#website\",\"url\":\"https:\/\/toploc.com\/blog\/\",\"name\":\"Toploc\",\"description\":\"Itin\u00e9raires natures et locations de vacances en groupe\",\"publisher\":{\"@id\":\"https:\/\/toploc.com\/blog\/#organization\"},\"potentialAction\":[{\"@type\":\"SearchAction\",\"target\":{\"@type\":\"EntryPoint\",\"urlTemplate\":\"https:\/\/toploc.com\/blog\/?s={search_term_string}\"},\"query-input\":{\"@type\":\"PropertyValueSpecification\",\"valueRequired\":true,\"valueName\":\"search_term_string\"}}],\"inLanguage\":\"fr-FR\"},{\"@type\":\"Organization\",\"@id\":\"https:\/\/toploc.com\/blog\/#organization\",\"name\":\"Toploc\",\"url\":\"https:\/\/toploc.com\/blog\/\",\"logo\":{\"@type\":\"ImageObject\",\"inLanguage\":\"fr-FR\",\"@id\":\"https:\/\/toploc.com\/blog\/#\/schema\/logo\/image\/\",\"url\":\"https:\/\/blog.toploc.com\/wp-content\/uploads\/2022\/03\/toploc_facebook_5.png\",\"contentUrl\":\"https:\/\/blog.toploc.com\/wp-content\/uploads\/2022\/03\/toploc_facebook_5.png\",\"width\":600,\"height\":600,\"caption\":\"Toploc\"},\"image\":{\"@id\":\"https:\/\/toploc.com\/blog\/#\/schema\/logo\/image\/\"},\"sameAs\":[\"https:\/\/www.facebook.com\/locationfrancophone\",\"https:\/\/www.instagram.com\/toploc_\",\"https:\/\/www.pinterest.fr\/Toploc_\/\"]},{\"@type\":\"Person\",\"@id\":\"https:\/\/toploc.com\/blog\/#\/schema\/person\/7e2ebe289a733b81b04b07f6ec2e3b93\",\"name\":\"Ma\u00ebl\",\"image\":{\"@type\":\"ImageObject\",\"inLanguage\":\"fr-FR\",\"@id\":\"https:\/\/toploc.com\/blog\/#\/schema\/person\/image\/\",\"url\":\"https:\/\/secure.gravatar.com\/avatar\/2d32fb95c878a284cc9e8236b8664651ac94ad0d82c0f4811eac0717c9548669?s=96&d=mm&r=g\",\"contentUrl\":\"https:\/\/secure.gravatar.com\/avatar\/2d32fb95c878a284cc9e8236b8664651ac94ad0d82c0f4811eac0717c9548669?s=96&d=mm&r=g\",\"caption\":\"Ma\u00ebl\"},\"description\":\"Bonjour, moi c'est Ma\u00ebl. J'adore voyager et d\u00e9couvrir de nouveaux coins nature autour de chez moi. Je partage avec vous des activit\u00e9s et des lieux \u00e0 visiter en famille ou entre amis !\",\"url\":\"https:\/\/toploc.com\/blog\/author\/maeltoploc-com\"}]}<\/script>\n<!-- \/ Yoast SEO plugin. -->","yoast_head_json":{"title":"Les 17 choses \u00e0 voir et \u00e0 faire pour visiter l\u2019\u00eele de R\u00e9","description":"Visiter l'\u00eele de R\u00e9 : Fort Boyard . Marais Salant . Phare des baleines . Ars-en-r\u00e9. Fort La Pr\u00e9e . Abbaye des Ch\u00e2teliers . Bois-Plage-en-R\u00e9 .","robots":{"index":"index","follow":"follow","max-snippet":"max-snippet:-1","max-image-preview":"max-image-preview:large","max-video-preview":"max-video-preview:-1"},"canonical":"https:\/\/toploc.com\/blog\/france\/visiter-l-ile-de-re","og_locale":"fr_FR","og_type":"article","og_title":"Les 17 choses \u00e0 voir et \u00e0 faire pour visiter l\u2019\u00eele de R\u00e9","og_description":"Visiter l'\u00eele de R\u00e9 : Fort Boyard . Marais Salant . Phare des baleines . Ars-en-r\u00e9. Fort La Pr\u00e9e . Abbaye des Ch\u00e2teliers . Bois-Plage-en-R\u00e9 .","og_url":"https:\/\/toploc.com\/blog\/france\/visiter-l-ile-de-re","og_site_name":"Toploc","article_publisher":"https:\/\/www.facebook.com\/locationfrancophone","article_published_time":"2026-03-23T16:01:28+00:00","article_modified_time":"2026-04-08T10:01:31+00:00","og_image":[{"width":990,"height":634,"url":"https:\/\/toploc.com\/blog\/wp-content\/uploads\/2023\/12\/image-96.png","type":"image\/png"}],"author":"Ma\u00ebl","twitter_card":"summary_large_image","twitter_misc":{"\u00c9crit par":"Ma\u00ebl","Dur\u00e9e de lecture estim\u00e9e":"1 minute"},"schema":{"@context":"https:\/\/schema.org","@graph":[{"@type":"Article","@id":"https:\/\/toploc.com\/blog\/france\/visiter-l-ile-de-re#article","isPartOf":{"@id":"https:\/\/toploc.com\/blog\/france\/visiter-l-ile-de-re"},"author":{"name":"Ma\u00ebl","@id":"https:\/\/toploc.com\/blog\/#\/schema\/person\/7e2ebe289a733b81b04b07f6ec2e3b93"},"headline":"Les 17 choses \u00e0 voir et \u00e0 faire pour visiter l\u2019\u00eele de R\u00e9","datePublished":"2026-03-23T16:01:28+00:00","dateModified":"2026-04-08T10:01:31+00:00","mainEntityOfPage":{"@id":"https:\/\/toploc.com\/blog\/france\/visiter-l-ile-de-re"},"wordCount":3772,"commentCount":0,"publisher":{"@id":"https:\/\/toploc.com\/blog\/#organization"},"image":{"@id":"https:\/\/toploc.com\/blog\/france\/visiter-l-ile-de-re#primaryimage"},"thumbnailUrl":"https:\/\/toploc.com\/blog\/wp-content\/uploads\/2023\/12\/image-96.png","keywords":["\u00eele de R\u00e9"],"articleSection":["Itin\u00e9raires France","Mer"],"inLanguage":"fr-FR","potentialAction":[{"@type":"CommentAction","name":"Comment","target":["https:\/\/toploc.com\/blog\/france\/visiter-l-ile-de-re#respond"]}]},{"@type":"WebPage","@id":"https:\/\/toploc.com\/blog\/france\/visiter-l-ile-de-re","url":"https:\/\/toploc.com\/blog\/france\/visiter-l-ile-de-re","name":"Les 17 choses \u00e0 voir et \u00e0 faire pour visiter l\u2019\u00eele de R\u00e9","isPartOf":{"@id":"https:\/\/toploc.com\/blog\/#website"},"primaryImageOfPage":{"@id":"https:\/\/toploc.com\/blog\/france\/visiter-l-ile-de-re#primaryimage"},"image":{"@id":"https:\/\/toploc.com\/blog\/france\/visiter-l-ile-de-re#primaryimage"},"thumbnailUrl":"https:\/\/toploc.com\/blog\/wp-content\/uploads\/2023\/12\/image-96.png","datePublished":"2026-03-23T16:01:28+00:00","dateModified":"2026-04-08T10:01:31+00:00","description":"Visiter l'\u00eele de R\u00e9 : Fort Boyard . Marais Salant . Phare des baleines . Ars-en-r\u00e9. Fort La Pr\u00e9e . Abbaye des Ch\u00e2teliers . Bois-Plage-en-R\u00e9 .","breadcrumb":{"@id":"https:\/\/toploc.com\/blog\/france\/visiter-l-ile-de-re#breadcrumb"},"inLanguage":"fr-FR","potentialAction":[{"@type":"ReadAction","target":["https:\/\/toploc.com\/blog\/france\/visiter-l-ile-de-re"]}]},{"@type":"ImageObject","inLanguage":"fr-FR","@id":"https:\/\/toploc.com\/blog\/france\/visiter-l-ile-de-re#primaryimage","url":"https:\/\/toploc.com\/blog\/wp-content\/uploads\/2023\/12\/image-96.png","contentUrl":"https:\/\/toploc.com\/blog\/wp-content\/uploads\/2023\/12\/image-96.png","width":990,"height":634,"caption":"Bois-Plage-en-R\u00e9 \u00a9 Camping l'\u00eele Blanche"},{"@type":"BreadcrumbList","@id":"https:\/\/toploc.com\/blog\/france\/visiter-l-ile-de-re#breadcrumb","itemListElement":[{"@type":"ListItem","position":1,"name":"Accueil","item":"https:\/\/toploc.com\/blog"},{"@type":"ListItem","position":2,"name":"Les 17 choses \u00e0 voir et \u00e0 faire pour visiter l\u2019\u00eele de R\u00e9"}]},{"@type":"WebSite","@id":"https:\/\/toploc.com\/blog\/#website","url":"https:\/\/toploc.com\/blog\/","name":"Toploc","description":"Itin\u00e9raires natures et locations de vacances en groupe","publisher":{"@id":"https:\/\/toploc.com\/blog\/#organization"},"potentialAction":[{"@type":"SearchAction","target":{"@type":"EntryPoint","urlTemplate":"https:\/\/toploc.com\/blog\/?s={search_term_string}"},"query-input":{"@type":"PropertyValueSpecification","valueRequired":true,"valueName":"search_term_string"}}],"inLanguage":"fr-FR"},{"@type":"Organization","@id":"https:\/\/toploc.com\/blog\/#organization","name":"Toploc","url":"https:\/\/toploc.com\/blog\/","logo":{"@type":"ImageObject","inLanguage":"fr-FR","@id":"https:\/\/toploc.com\/blog\/#\/schema\/logo\/image\/","url":"https:\/\/blog.toploc.com\/wp-content\/uploads\/2022\/03\/toploc_facebook_5.png","contentUrl":"https:\/\/blog.toploc.com\/wp-content\/uploads\/2022\/03\/toploc_facebook_5.png","width":600,"height":600,"caption":"Toploc"},"image":{"@id":"https:\/\/toploc.com\/blog\/#\/schema\/logo\/image\/"},"sameAs":["https:\/\/www.facebook.com\/locationfrancophone","https:\/\/www.instagram.com\/toploc_","https:\/\/www.pinterest.fr\/Toploc_\/"]},{"@type":"Person","@id":"https:\/\/toploc.com\/blog\/#\/schema\/person\/7e2ebe289a733b81b04b07f6ec2e3b93","name":"Ma\u00ebl","image":{"@type":"ImageObject","inLanguage":"fr-FR","@id":"https:\/\/toploc.com\/blog\/#\/schema\/person\/image\/","url":"https:\/\/secure.gravatar.com\/avatar\/2d32fb95c878a284cc9e8236b8664651ac94ad0d82c0f4811eac0717c9548669?s=96&d=mm&r=g","contentUrl":"https:\/\/secure.gravatar.com\/avatar\/2d32fb95c878a284cc9e8236b8664651ac94ad0d82c0f4811eac0717c9548669?s=96&d=mm&r=g","caption":"Ma\u00ebl"},"description":"Bonjour, moi c'est Ma\u00ebl. J'adore voyager et d\u00e9couvrir de nouveaux coins nature autour de chez moi. Je partage avec vous des activit\u00e9s et des lieux \u00e0 visiter en famille ou entre amis !","url":"https:\/\/toploc.com\/blog\/author\/maeltoploc-com"}]}},"_links":{"self":[{"href":"https:\/\/toploc.com\/blog\/wp-json\/wp\/v2\/posts\/70733","targetHints":{"allow":["GET"]}}],"collection":[{"href":"https:\/\/toploc.com\/blog\/wp-json\/wp\/v2\/posts"}],"about":[{"href":"https:\/\/toploc.com\/blog\/wp-json\/wp\/v2\/types\/post"}],"author":[{"embeddable":true,"href":"https:\/\/toploc.com\/blog\/wp-json\/wp\/v2\/users\/15"}],"replies":[{"embeddable":true,"href":"https:\/\/toploc.com\/blog\/wp-json\/wp\/v2\/comments?post=70733"}],"version-history":[{"count":20,"href":"https:\/\/toploc.com\/blog\/wp-json\/wp\/v2\/posts\/70733\/revisions"}],"predecessor-version":[{"id":162847,"href":"https:\/\/toploc.com\/blog\/wp-json\/wp\/v2\/posts\/70733\/revisions\/162847"}],"wp:featuredmedia":[{"embeddable":true,"href":"https:\/\/toploc.com\/blog\/wp-json\/wp\/v2\/media\/137086"}],"wp:attachment":[{"href":"https:\/\/toploc.com\/blog\/wp-json\/wp\/v2\/media?parent=70733"}],"wp:term":[{"taxonomy":"category","embeddable":true,"href":"https:\/\/toploc.com\/blog\/wp-json\/wp\/v2\/categories?post=70733"},{"taxonomy":"post_tag","embeddable":true,"href":"https:\/\/toploc.com\/blog\/wp-json\/wp\/v2\/tags?post=70733"}],"curies":[{"name":"wp","href":"https:\/\/api.w.org\/{rel}","templated":true}]}}