{"id":69953,"date":"2018-11-12T08:00:26","date_gmt":"2018-11-12T06:00:26","guid":{"rendered":"https:\/\/www.location-francophone.com\/?p=69953"},"modified":"2018-11-12T08:00:26","modified_gmt":"2018-11-12T06:00:26","slug":"location-particuliers-terre-neuve-labrador","status":"publish","type":"post","link":"https:\/\/toploc.com\/blog\/amerique\/location-particuliers-terre-neuve-labrador","title":{"rendered":"Les joies de la location entre particuliers \u00e0 Terre Neuve et Labrador"},"content":{"rendered":"<p style=\"text-align: justify;\">Occupant l\u2019extr\u00eame Est du Canada, la province de Terre Neuve et Labrador s\u00e9duit pour son environnement naturel d\u2019exception. Privil\u00e9gier la location entre particuliers \u00e0 Terre Neuve et Labrador s\u00e9duira les voyageurs d\u2019automne qui seront conquis par son paysage se parant de couleurs automnales. Voici quelques lieux d\u2019int\u00e9r\u00eats \u00e0 ne pas manquer durant votre <a href=\"https:\/\/www.location-francophone.com\/blog\/faire-une-escapade-de-derniere-minute\/\">escapade de derni\u00e8re minute<\/a> \u00e0 Terre-Neuve-et-Labrador.<\/p>\n<figure id=\"attachment_69957\" aria-describedby=\"caption-attachment-69957\" style=\"width: 700px\" class=\"wp-caption aligncenter\"><a href=\"https:\/\/blog.toploc.com\/wp-content\/uploads\/2018\/11\/Optez-pour-une-location-entre-particuliers-a-Terre-Neuve-et-Labrador-et-profitez-dune-escapade-dans-le-parc-national-du-Gros-Morne-sur-la-cote-ouest-de-lile.jpg\"><img loading=\"lazy\" decoding=\"async\" class=\"wp-image-69957 size-full\" src=\"https:\/\/blog.toploc.com\/wp-content\/uploads\/2018\/11\/Optez-pour-une-location-entre-particuliers-a-Terre-Neuve-et-Labrador-et-profitez-dune-escapade-dans-le-parc-national-du-Gros-Morne-sur-la-cote-ouest-de-lile.jpg\" alt=\"Optez pour une location entre particuliers \u00e0 Terre Neuve et Labrador et profitez d'une escapade dans le parc national du Gros-Morne, sur la c\u00f4te ouest de l'\u00eele\" width=\"700\" height=\"459\" \/><\/a><figcaption id=\"caption-attachment-69957\" class=\"wp-caption-text\"><small>Optez pour une location entre particuliers \u00e0 Terre Neuve et Labrador et profitez d&#8217;une escapade dans le parc national du Gros-Morne, sur la c\u00f4te ouest de l&#8217;\u00eele<\/small><\/figcaption><\/figure>\n<p style=\"text-align: justify;\"><!--more--><\/p>\n<h2 id=\"ou-trouver-sa-location-entre-particuliers-a-terre-neuve-et-labrador\" style=\"text-align: justify;\"><strong>O\u00f9 trouver sa location entre particuliers \u00e0 Terre Neuve et Labrador\u00a0?<\/strong><\/h2>\n<p style=\"text-align: justify;\">C\u2019est au sud que vous d\u00e9nicherez votre prochaine location entre particuliers \u00e0 Terre Neuve et Labrador. Dans cette partie de l\u2019\u00eele se profile en effet sa capitale, Saint-Jean. Elle vous propose \u00e9galement une belle entr\u00e9e en mati\u00e8re pour vos <a href=\"https:\/\/www.location-francophone.com\/blog\/prochaines-vacances\/\">prochaines vacances<\/a> \u00e0 l\u2019est du Canada. Consid\u00e9r\u00e9 comme l\u2019un des plus anciens sites europ\u00e9ens du Nouveau Monde, Saint-Jean abrite quelques vestiges de la colonisation britannique.<\/p>\n<figure id=\"attachment_69958\" aria-describedby=\"caption-attachment-69958\" style=\"width: 700px\" class=\"wp-caption aligncenter\"><a href=\"https:\/\/blog.toploc.com\/wp-content\/uploads\/2018\/11\/Partez-a-la-decouverte-de-Saint-Jean-de-Terre-Neuve-la-capitale-de-la-province-de-Terre-Neuve-et-Labrador-au-Canada.jpg\"><img loading=\"lazy\" decoding=\"async\" class=\"wp-image-69958 size-full\" src=\"https:\/\/blog.toploc.com\/wp-content\/uploads\/2018\/11\/Partez-a-la-decouverte-de-Saint-Jean-de-Terre-Neuve-la-capitale-de-la-province-de-Terre-Neuve-et-Labrador-au-Canada.jpg\" alt=\"Partez \u00e0 la d\u00e9couverte de Saint-Jean de Terre-Neuve, la capitale de la province de Terre-Neuve-et-Labrador au Canada\" width=\"700\" height=\"454\" \/><\/a><figcaption id=\"caption-attachment-69958\" class=\"wp-caption-text\"><small>Partez \u00e0 la d\u00e9couverte de Saint-Jean de Terre-Neuve, la capitale de la province de Terre-Neuve-et-Labrador au Canada<\/small><\/figcaption><\/figure>\n<p style=\"text-align: justify;\">Se parant de mille couleurs, la ville vous invite \u00e0 faire un tour dans son mus\u00e9e occupant l\u2019\u00e9tablissement The Rooms. Ne manquez pas \u00e9galement de visiter la citadelle de Signal Hill, un incontournable datant du 17<sup>e<\/sup> si\u00e8cle. <a href=\"https:\/\/www.location-francophone.com\/blog\/preparer-une-randonne-nature-en-famille\/\">Pr\u00e9parer une randonn\u00e9e nature en famille<\/a> au d\u00e9part de Saint-Jean est \u00e9galement recommand\u00e9 aux amoureux de la nature. Ces derniers crapahuteront all\u00e8grement \u00e0 flanc de colline depuis la citadelle.<\/p>\n<h2 id=\"escapade-nature-a-terre-neuve-et-labrador\" style=\"text-align: justify;\"><strong>Escapade nature \u00e0 Terre Neuve et Labrador<\/strong><\/h2>\n<p style=\"text-align: justify;\">Les adeptes de randonn\u00e9e et amoureux de la nature trouveront rapidement leur bonheur gr\u00e2ce \u00e0 la location entre particuliers \u00e0 Terre Neuve et Labrador.<\/p>\n<p style=\"text-align: justify;\">L\u2019\u00eele accueille en effet 4 parcs nationaux qui vous divertiront durant vos <a href=\"https:\/\/www.location-francophone.com\/blog\/vacances-en-famille\/\">vacances en famille<\/a>. Le parc national du Gros-Morne, se d\u00e9roulant sur la c\u00f4te occidentale, a \u00e9t\u00e9 reconnu par l\u2019UNESCO. Plages de sable, lacs glaciaires et fjords escarp\u00e9s divertiront petits et grands.<\/p>\n<figure id=\"attachment_69959\" aria-describedby=\"caption-attachment-69959\" style=\"width: 700px\" class=\"wp-caption aligncenter\"><a href=\"https:\/\/blog.toploc.com\/wp-content\/uploads\/2018\/11\/Optez-pour-une-escapade-en-canoe-sur-letang-Western-Brook-situe-dans-les-monts-Long-Range-dans-la-province-de-Terre-Neuve-et-Labrador.jpg\"><img loading=\"lazy\" decoding=\"async\" class=\"wp-image-69959 size-full\" src=\"https:\/\/blog.toploc.com\/wp-content\/uploads\/2018\/11\/Optez-pour-une-escapade-en-canoe-sur-letang-Western-Brook-situe-dans-les-monts-Long-Range-dans-la-province-de-Terre-Neuve-et-Labrador.jpg\" alt=\"Optez pour une escapade en cano\u00eb sur l'\u00e9tang Western Brook situ\u00e9 dans les monts Long Range dans la province de Terre Neuve et Labrador\" width=\"700\" height=\"446\" \/><\/a><figcaption id=\"caption-attachment-69959\" class=\"wp-caption-text\"><small>Optez pour une escapade en cano\u00eb sur l&#8217;\u00e9tang Western Brook situ\u00e9 dans les monts Long Range dans la province de Terre Neuve et Labrador<\/small><\/figcaption><\/figure>\n<p style=\"text-align: justify;\">L&#8217;<a href=\"https:\/\/fr.wikipedia.org\/wiki\/%C3%89tang_Western_Brook\">\u00e9tang Western Brook<\/a> promet aussi de belles randonn\u00e9es p\u00e9destres pour vos <a href=\"https:\/\/www.location-francophone.com\/blog\/vacances-familiales\/\">vacances familiales<\/a>. Vous y trouverez un fjord int\u00e9rieur qui propose un spectacle d\u2019une rare beaut\u00e9. Appartenant au parc national du Gros-Morne, celui-ci abrite aussi une faune particuli\u00e8rement vari\u00e9e.<\/p>\n<h2 id=\"partez-a-la-decouverte-des-immanquable-de-louest-de-terre-neuve-en-video\" style=\"text-align: justify;\">Partez \u00e0 la d\u00e9couverte des immanquable de l&#8217;Ouest de Terre-Neuve en vid\u00e9o<\/h2>\n<p class=\"title style-scope ytd-video-primary-info-renderer\" style=\"text-align: justify;\">[youtube id=&#8221;dEzAOj4j6d4&#8243; width=&#8221;750&#8243; height=&#8221;400&#8243; position=&#8221;center&#8221;]\n","protected":false},"excerpt":{"rendered":"Occupant l\u2019extr\u00eame Est du Canada, la province de Terre Neuve et Labrador s\u00e9duit pour son environnement naturel d\u2019exception.&hellip;\n","protected":false},"author":3,"featured_media":69957,"comment_status":"open","ping_status":"closed","sticky":false,"template":"","format":"standard","meta":{"footnotes":""},"categories":[83],"tags":[4241,4242,4243,4244,4245],"class_list":{"0":"post-69953","1":"post","2":"type-post","3":"status-publish","4":"format-standard","5":"has-post-thumbnail","7":"category-amerique","8":"tag-colonisation-britannique","9":"tag-nouveau-monde","10":"tag-parcs-nationaux-a-terre-neuve-et-labrador","11":"tag-randonnee-a-terre-neuve-et-labrador","12":"tag-sejour-chez-lhabitant-a-terre-neuve-et-labrador"},"yoast_head":"<!-- This site is optimized with the Yoast SEO plugin v26.9 - https:\/\/yoast.com\/product\/yoast-seo-wordpress\/ -->\n<title>Les joies de la location entre particuliers \u00e0 Terre Neuve et Labrador<\/title>\n<meta name=\"description\" content=\"Envie de vous offrir une location entre particuliers \u00e0 Terre Neuve et Labrador ? D\u00e9couvrez sans plus attendre les lieux d\u2019int\u00e9r\u00eats et les activit\u00e9s \u00e0 ne ...\" \/>\n<meta name=\"robots\" content=\"index, follow, max-snippet:-1, max-image-preview:large, max-video-preview:-1\" \/>\n<link rel=\"canonical\" href=\"https:\/\/toploc.com\/blog\/amerique\/location-particuliers-terre-neuve-labrador\" \/>\n<meta property=\"og:locale\" content=\"fr_FR\" \/>\n<meta property=\"og:type\" content=\"article\" \/>\n<meta property=\"og:title\" content=\"Les joies de la location entre particuliers \u00e0 Terre Neuve et Labrador\" \/>\n<meta property=\"og:description\" content=\"Envie de vous offrir une location entre particuliers \u00e0 Terre Neuve et Labrador ? D\u00e9couvrez sans plus attendre les lieux d\u2019int\u00e9r\u00eats et les activit\u00e9s \u00e0 ne ...\" \/>\n<meta property=\"og:url\" content=\"https:\/\/toploc.com\/blog\/amerique\/location-particuliers-terre-neuve-labrador\" \/>\n<meta property=\"og:site_name\" content=\"Toploc\" \/>\n<meta property=\"article:publisher\" content=\"https:\/\/www.facebook.com\/locationfrancophone\" \/>\n<meta property=\"article:published_time\" content=\"2018-11-12T06:00:26+00:00\" \/>\n<meta property=\"og:image\" content=\"https:\/\/toploc.com\/blog\/wp-content\/uploads\/2018\/11\/Optez-pour-une-location-entre-particuliers-a-Terre-Neuve-et-Labrador-et-profitez-dune-escapade-dans-le-parc-national-du-Gros-Morne-sur-la-cote-ouest-de-lile.jpg\" \/>\n\t<meta property=\"og:image:width\" content=\"700\" \/>\n\t<meta property=\"og:image:height\" content=\"459\" \/>\n\t<meta property=\"og:image:type\" content=\"image\/jpeg\" \/>\n<meta name=\"author\" content=\"Julien\" \/>\n<meta name=\"twitter:card\" content=\"summary_large_image\" \/>\n<meta name=\"twitter:label1\" content=\"\u00c9crit par\" \/>\n\t<meta name=\"twitter:data1\" content=\"Julien\" \/>\n\t<meta name=\"twitter:label2\" content=\"Dur\u00e9e de lecture estim\u00e9e\" \/>\n\t<meta name=\"twitter:data2\" content=\"2 minutes\" \/>\n<script type=\"application\/ld+json\" class=\"yoast-schema-graph\">{\"@context\":\"https:\/\/schema.org\",\"@graph\":[{\"@type\":\"Article\",\"@id\":\"https:\/\/toploc.com\/blog\/amerique\/location-particuliers-terre-neuve-labrador#article\",\"isPartOf\":{\"@id\":\"https:\/\/toploc.com\/blog\/amerique\/location-particuliers-terre-neuve-labrador\"},\"author\":{\"name\":\"Julien\",\"@id\":\"https:\/\/toploc.com\/blog\/#\/schema\/person\/b66f845e3e2106301dee05e5bc776788\"},\"headline\":\"Les joies de la location entre particuliers \u00e0 Terre Neuve et Labrador\",\"datePublished\":\"2018-11-12T06:00:26+00:00\",\"mainEntityOfPage\":{\"@id\":\"https:\/\/toploc.com\/blog\/amerique\/location-particuliers-terre-neuve-labrador\"},\"wordCount\":468,\"commentCount\":0,\"publisher\":{\"@id\":\"https:\/\/toploc.com\/blog\/#organization\"},\"image\":{\"@id\":\"https:\/\/toploc.com\/blog\/amerique\/location-particuliers-terre-neuve-labrador#primaryimage\"},\"thumbnailUrl\":\"https:\/\/toploc.com\/blog\/wp-content\/uploads\/2018\/11\/Optez-pour-une-location-entre-particuliers-a-Terre-Neuve-et-Labrador-et-profitez-dune-escapade-dans-le-parc-national-du-Gros-Morne-sur-la-cote-ouest-de-lile.jpg\",\"keywords\":[\"colonisation britannique\",\"Nouveau Monde\",\"parcs nationaux \u00e0 Terre Neuve et Labrador\",\"randonn\u00e9e \u00e0 Terre Neuve et Labrador\",\"s\u00e9jour chez l\u2019habitant \u00e0 Terre Neuve et Labrador\"],\"articleSection\":[\"Itin\u00e9raires Am\u00e9rique\"],\"inLanguage\":\"fr-FR\",\"potentialAction\":[{\"@type\":\"CommentAction\",\"name\":\"Comment\",\"target\":[\"https:\/\/toploc.com\/blog\/amerique\/location-particuliers-terre-neuve-labrador#respond\"]}]},{\"@type\":\"WebPage\",\"@id\":\"https:\/\/toploc.com\/blog\/amerique\/location-particuliers-terre-neuve-labrador\",\"url\":\"https:\/\/toploc.com\/blog\/amerique\/location-particuliers-terre-neuve-labrador\",\"name\":\"Les joies de la location entre particuliers \u00e0 Terre Neuve et Labrador\",\"isPartOf\":{\"@id\":\"https:\/\/toploc.com\/blog\/#website\"},\"primaryImageOfPage\":{\"@id\":\"https:\/\/toploc.com\/blog\/amerique\/location-particuliers-terre-neuve-labrador#primaryimage\"},\"image\":{\"@id\":\"https:\/\/toploc.com\/blog\/amerique\/location-particuliers-terre-neuve-labrador#primaryimage\"},\"thumbnailUrl\":\"https:\/\/toploc.com\/blog\/wp-content\/uploads\/2018\/11\/Optez-pour-une-location-entre-particuliers-a-Terre-Neuve-et-Labrador-et-profitez-dune-escapade-dans-le-parc-national-du-Gros-Morne-sur-la-cote-ouest-de-lile.jpg\",\"datePublished\":\"2018-11-12T06:00:26+00:00\",\"description\":\"Envie de vous offrir une location entre particuliers \u00e0 Terre Neuve et Labrador ? D\u00e9couvrez sans plus attendre les lieux d\u2019int\u00e9r\u00eats et les activit\u00e9s \u00e0 ne ...\",\"breadcrumb\":{\"@id\":\"https:\/\/toploc.com\/blog\/amerique\/location-particuliers-terre-neuve-labrador#breadcrumb\"},\"inLanguage\":\"fr-FR\",\"potentialAction\":[{\"@type\":\"ReadAction\",\"target\":[\"https:\/\/toploc.com\/blog\/amerique\/location-particuliers-terre-neuve-labrador\"]}]},{\"@type\":\"ImageObject\",\"inLanguage\":\"fr-FR\",\"@id\":\"https:\/\/toploc.com\/blog\/amerique\/location-particuliers-terre-neuve-labrador#primaryimage\",\"url\":\"https:\/\/toploc.com\/blog\/wp-content\/uploads\/2018\/11\/Optez-pour-une-location-entre-particuliers-a-Terre-Neuve-et-Labrador-et-profitez-dune-escapade-dans-le-parc-national-du-Gros-Morne-sur-la-cote-ouest-de-lile.jpg\",\"contentUrl\":\"https:\/\/toploc.com\/blog\/wp-content\/uploads\/2018\/11\/Optez-pour-une-location-entre-particuliers-a-Terre-Neuve-et-Labrador-et-profitez-dune-escapade-dans-le-parc-national-du-Gros-Morne-sur-la-cote-ouest-de-lile.jpg\",\"width\":700,\"height\":459,\"caption\":\"Optez pour une location entre particuliers \u00e0 Terre Neuve et Labrador et profitez d'une escapade dans le parc national du Gros-Morne, sur la c\u00f4te ouest de l'\u00eele\"},{\"@type\":\"BreadcrumbList\",\"@id\":\"https:\/\/toploc.com\/blog\/amerique\/location-particuliers-terre-neuve-labrador#breadcrumb\",\"itemListElement\":[{\"@type\":\"ListItem\",\"position\":1,\"name\":\"Accueil\",\"item\":\"https:\/\/toploc.com\/blog\"},{\"@type\":\"ListItem\",\"position\":2,\"name\":\"Les joies de la location entre particuliers \u00e0 Terre Neuve et Labrador\"}]},{\"@type\":\"WebSite\",\"@id\":\"https:\/\/toploc.com\/blog\/#website\",\"url\":\"https:\/\/toploc.com\/blog\/\",\"name\":\"Toploc\",\"description\":\"Itin\u00e9raires natures et locations de vacances en groupe\",\"publisher\":{\"@id\":\"https:\/\/toploc.com\/blog\/#organization\"},\"potentialAction\":[{\"@type\":\"SearchAction\",\"target\":{\"@type\":\"EntryPoint\",\"urlTemplate\":\"https:\/\/toploc.com\/blog\/?s={search_term_string}\"},\"query-input\":{\"@type\":\"PropertyValueSpecification\",\"valueRequired\":true,\"valueName\":\"search_term_string\"}}],\"inLanguage\":\"fr-FR\"},{\"@type\":\"Organization\",\"@id\":\"https:\/\/toploc.com\/blog\/#organization\",\"name\":\"Toploc\",\"url\":\"https:\/\/toploc.com\/blog\/\",\"logo\":{\"@type\":\"ImageObject\",\"inLanguage\":\"fr-FR\",\"@id\":\"https:\/\/toploc.com\/blog\/#\/schema\/logo\/image\/\",\"url\":\"https:\/\/blog.toploc.com\/wp-content\/uploads\/2022\/03\/toploc_facebook_5.png\",\"contentUrl\":\"https:\/\/blog.toploc.com\/wp-content\/uploads\/2022\/03\/toploc_facebook_5.png\",\"width\":600,\"height\":600,\"caption\":\"Toploc\"},\"image\":{\"@id\":\"https:\/\/toploc.com\/blog\/#\/schema\/logo\/image\/\"},\"sameAs\":[\"https:\/\/www.facebook.com\/locationfrancophone\",\"https:\/\/www.instagram.com\/toploc_\",\"https:\/\/www.pinterest.fr\/Toploc_\/\"]},{\"@type\":\"Person\",\"@id\":\"https:\/\/toploc.com\/blog\/#\/schema\/person\/b66f845e3e2106301dee05e5bc776788\",\"name\":\"Julien\",\"image\":{\"@type\":\"ImageObject\",\"inLanguage\":\"fr-FR\",\"@id\":\"https:\/\/toploc.com\/blog\/#\/schema\/person\/image\/\",\"url\":\"https:\/\/secure.gravatar.com\/avatar\/642d3d11687b291bb0ade289db2c7d821a72910624f4eb86cab555b4c6a3ed15?s=96&d=mm&r=g\",\"contentUrl\":\"https:\/\/secure.gravatar.com\/avatar\/642d3d11687b291bb0ade289db2c7d821a72910624f4eb86cab555b4c6a3ed15?s=96&d=mm&r=g\",\"caption\":\"Julien\"},\"description\":\"Julien est un passionn\u00e9 de nature et de grands espaces. Guide de moyenne montagne en Andorre, il a partag\u00e9 ses r\u00e9cits de voyage pendant plusieurs ann\u00e9es. Aujourd'hui il est co-auteur de plusieurs articles pour Toploc.\",\"url\":\"https:\/\/toploc.com\/blog\/author\/julien\"}]}<\/script>\n<!-- \/ Yoast SEO plugin. -->","yoast_head_json":{"title":"Les joies de la location entre particuliers \u00e0 Terre Neuve et Labrador","description":"Envie de vous offrir une location entre particuliers \u00e0 Terre Neuve et Labrador ? D\u00e9couvrez sans plus attendre les lieux d\u2019int\u00e9r\u00eats et les activit\u00e9s \u00e0 ne ...","robots":{"index":"index","follow":"follow","max-snippet":"max-snippet:-1","max-image-preview":"max-image-preview:large","max-video-preview":"max-video-preview:-1"},"canonical":"https:\/\/toploc.com\/blog\/amerique\/location-particuliers-terre-neuve-labrador","og_locale":"fr_FR","og_type":"article","og_title":"Les joies de la location entre particuliers \u00e0 Terre Neuve et Labrador","og_description":"Envie de vous offrir une location entre particuliers \u00e0 Terre Neuve et Labrador ? D\u00e9couvrez sans plus attendre les lieux d\u2019int\u00e9r\u00eats et les activit\u00e9s \u00e0 ne ...","og_url":"https:\/\/toploc.com\/blog\/amerique\/location-particuliers-terre-neuve-labrador","og_site_name":"Toploc","article_publisher":"https:\/\/www.facebook.com\/locationfrancophone","article_published_time":"2018-11-12T06:00:26+00:00","og_image":[{"width":700,"height":459,"url":"https:\/\/toploc.com\/blog\/wp-content\/uploads\/2018\/11\/Optez-pour-une-location-entre-particuliers-a-Terre-Neuve-et-Labrador-et-profitez-dune-escapade-dans-le-parc-national-du-Gros-Morne-sur-la-cote-ouest-de-lile.jpg","type":"image\/jpeg"}],"author":"Julien","twitter_card":"summary_large_image","twitter_misc":{"\u00c9crit par":"Julien","Dur\u00e9e de lecture estim\u00e9e":"2 minutes"},"schema":{"@context":"https:\/\/schema.org","@graph":[{"@type":"Article","@id":"https:\/\/toploc.com\/blog\/amerique\/location-particuliers-terre-neuve-labrador#article","isPartOf":{"@id":"https:\/\/toploc.com\/blog\/amerique\/location-particuliers-terre-neuve-labrador"},"author":{"name":"Julien","@id":"https:\/\/toploc.com\/blog\/#\/schema\/person\/b66f845e3e2106301dee05e5bc776788"},"headline":"Les joies de la location entre particuliers \u00e0 Terre Neuve et Labrador","datePublished":"2018-11-12T06:00:26+00:00","mainEntityOfPage":{"@id":"https:\/\/toploc.com\/blog\/amerique\/location-particuliers-terre-neuve-labrador"},"wordCount":468,"commentCount":0,"publisher":{"@id":"https:\/\/toploc.com\/blog\/#organization"},"image":{"@id":"https:\/\/toploc.com\/blog\/amerique\/location-particuliers-terre-neuve-labrador#primaryimage"},"thumbnailUrl":"https:\/\/toploc.com\/blog\/wp-content\/uploads\/2018\/11\/Optez-pour-une-location-entre-particuliers-a-Terre-Neuve-et-Labrador-et-profitez-dune-escapade-dans-le-parc-national-du-Gros-Morne-sur-la-cote-ouest-de-lile.jpg","keywords":["colonisation britannique","Nouveau Monde","parcs nationaux \u00e0 Terre Neuve et Labrador","randonn\u00e9e \u00e0 Terre Neuve et Labrador","s\u00e9jour chez l\u2019habitant \u00e0 Terre Neuve et Labrador"],"articleSection":["Itin\u00e9raires Am\u00e9rique"],"inLanguage":"fr-FR","potentialAction":[{"@type":"CommentAction","name":"Comment","target":["https:\/\/toploc.com\/blog\/amerique\/location-particuliers-terre-neuve-labrador#respond"]}]},{"@type":"WebPage","@id":"https:\/\/toploc.com\/blog\/amerique\/location-particuliers-terre-neuve-labrador","url":"https:\/\/toploc.com\/blog\/amerique\/location-particuliers-terre-neuve-labrador","name":"Les joies de la location entre particuliers \u00e0 Terre Neuve et Labrador","isPartOf":{"@id":"https:\/\/toploc.com\/blog\/#website"},"primaryImageOfPage":{"@id":"https:\/\/toploc.com\/blog\/amerique\/location-particuliers-terre-neuve-labrador#primaryimage"},"image":{"@id":"https:\/\/toploc.com\/blog\/amerique\/location-particuliers-terre-neuve-labrador#primaryimage"},"thumbnailUrl":"https:\/\/toploc.com\/blog\/wp-content\/uploads\/2018\/11\/Optez-pour-une-location-entre-particuliers-a-Terre-Neuve-et-Labrador-et-profitez-dune-escapade-dans-le-parc-national-du-Gros-Morne-sur-la-cote-ouest-de-lile.jpg","datePublished":"2018-11-12T06:00:26+00:00","description":"Envie de vous offrir une location entre particuliers \u00e0 Terre Neuve et Labrador ? D\u00e9couvrez sans plus attendre les lieux d\u2019int\u00e9r\u00eats et les activit\u00e9s \u00e0 ne ...","breadcrumb":{"@id":"https:\/\/toploc.com\/blog\/amerique\/location-particuliers-terre-neuve-labrador#breadcrumb"},"inLanguage":"fr-FR","potentialAction":[{"@type":"ReadAction","target":["https:\/\/toploc.com\/blog\/amerique\/location-particuliers-terre-neuve-labrador"]}]},{"@type":"ImageObject","inLanguage":"fr-FR","@id":"https:\/\/toploc.com\/blog\/amerique\/location-particuliers-terre-neuve-labrador#primaryimage","url":"https:\/\/toploc.com\/blog\/wp-content\/uploads\/2018\/11\/Optez-pour-une-location-entre-particuliers-a-Terre-Neuve-et-Labrador-et-profitez-dune-escapade-dans-le-parc-national-du-Gros-Morne-sur-la-cote-ouest-de-lile.jpg","contentUrl":"https:\/\/toploc.com\/blog\/wp-content\/uploads\/2018\/11\/Optez-pour-une-location-entre-particuliers-a-Terre-Neuve-et-Labrador-et-profitez-dune-escapade-dans-le-parc-national-du-Gros-Morne-sur-la-cote-ouest-de-lile.jpg","width":700,"height":459,"caption":"Optez pour une location entre particuliers \u00e0 Terre Neuve et Labrador et profitez d'une escapade dans le parc national du Gros-Morne, sur la c\u00f4te ouest de l'\u00eele"},{"@type":"BreadcrumbList","@id":"https:\/\/toploc.com\/blog\/amerique\/location-particuliers-terre-neuve-labrador#breadcrumb","itemListElement":[{"@type":"ListItem","position":1,"name":"Accueil","item":"https:\/\/toploc.com\/blog"},{"@type":"ListItem","position":2,"name":"Les joies de la location entre particuliers \u00e0 Terre Neuve et Labrador"}]},{"@type":"WebSite","@id":"https:\/\/toploc.com\/blog\/#website","url":"https:\/\/toploc.com\/blog\/","name":"Toploc","description":"Itin\u00e9raires natures et locations de vacances en groupe","publisher":{"@id":"https:\/\/toploc.com\/blog\/#organization"},"potentialAction":[{"@type":"SearchAction","target":{"@type":"EntryPoint","urlTemplate":"https:\/\/toploc.com\/blog\/?s={search_term_string}"},"query-input":{"@type":"PropertyValueSpecification","valueRequired":true,"valueName":"search_term_string"}}],"inLanguage":"fr-FR"},{"@type":"Organization","@id":"https:\/\/toploc.com\/blog\/#organization","name":"Toploc","url":"https:\/\/toploc.com\/blog\/","logo":{"@type":"ImageObject","inLanguage":"fr-FR","@id":"https:\/\/toploc.com\/blog\/#\/schema\/logo\/image\/","url":"https:\/\/blog.toploc.com\/wp-content\/uploads\/2022\/03\/toploc_facebook_5.png","contentUrl":"https:\/\/blog.toploc.com\/wp-content\/uploads\/2022\/03\/toploc_facebook_5.png","width":600,"height":600,"caption":"Toploc"},"image":{"@id":"https:\/\/toploc.com\/blog\/#\/schema\/logo\/image\/"},"sameAs":["https:\/\/www.facebook.com\/locationfrancophone","https:\/\/www.instagram.com\/toploc_","https:\/\/www.pinterest.fr\/Toploc_\/"]},{"@type":"Person","@id":"https:\/\/toploc.com\/blog\/#\/schema\/person\/b66f845e3e2106301dee05e5bc776788","name":"Julien","image":{"@type":"ImageObject","inLanguage":"fr-FR","@id":"https:\/\/toploc.com\/blog\/#\/schema\/person\/image\/","url":"https:\/\/secure.gravatar.com\/avatar\/642d3d11687b291bb0ade289db2c7d821a72910624f4eb86cab555b4c6a3ed15?s=96&d=mm&r=g","contentUrl":"https:\/\/secure.gravatar.com\/avatar\/642d3d11687b291bb0ade289db2c7d821a72910624f4eb86cab555b4c6a3ed15?s=96&d=mm&r=g","caption":"Julien"},"description":"Julien est un passionn\u00e9 de nature et de grands espaces. Guide de moyenne montagne en Andorre, il a partag\u00e9 ses r\u00e9cits de voyage pendant plusieurs ann\u00e9es. Aujourd'hui il est co-auteur de plusieurs articles pour Toploc.","url":"https:\/\/toploc.com\/blog\/author\/julien"}]}},"_links":{"self":[{"href":"https:\/\/toploc.com\/blog\/wp-json\/wp\/v2\/posts\/69953","targetHints":{"allow":["GET"]}}],"collection":[{"href":"https:\/\/toploc.com\/blog\/wp-json\/wp\/v2\/posts"}],"about":[{"href":"https:\/\/toploc.com\/blog\/wp-json\/wp\/v2\/types\/post"}],"author":[{"embeddable":true,"href":"https:\/\/toploc.com\/blog\/wp-json\/wp\/v2\/users\/3"}],"replies":[{"embeddable":true,"href":"https:\/\/toploc.com\/blog\/wp-json\/wp\/v2\/comments?post=69953"}],"version-history":[{"count":0,"href":"https:\/\/toploc.com\/blog\/wp-json\/wp\/v2\/posts\/69953\/revisions"}],"wp:featuredmedia":[{"embeddable":true,"href":"https:\/\/toploc.com\/blog\/wp-json\/wp\/v2\/media\/69957"}],"wp:attachment":[{"href":"https:\/\/toploc.com\/blog\/wp-json\/wp\/v2\/media?parent=69953"}],"wp:term":[{"taxonomy":"category","embeddable":true,"href":"https:\/\/toploc.com\/blog\/wp-json\/wp\/v2\/categories?post=69953"},{"taxonomy":"post_tag","embeddable":true,"href":"https:\/\/toploc.com\/blog\/wp-json\/wp\/v2\/tags?post=69953"}],"curies":[{"name":"wp","href":"https:\/\/api.w.org\/{rel}","templated":true}]}}