{"id":69039,"date":"2022-05-19T08:00:00","date_gmt":"2022-05-19T06:00:00","guid":{"rendered":"https:\/\/www.location-francophone.com\/?p=69039"},"modified":"2025-01-24T19:18:51","modified_gmt":"2025-01-24T18:18:51","slug":"le-jour-des-franco-ontariens","status":"publish","type":"post","link":"https:\/\/toploc.com\/blog\/amerique\/le-jour-des-franco-ontariens","title":{"rendered":"Le Jour des Franco-ontariens f\u00eat\u00e9 chaque 25 septembre"},"content":{"rendered":"\n<p>Le Jour des Franco-ontariens est c\u00e9l\u00e9br\u00e9 chaque ann\u00e9e, le 25 septembre, depuis 2010. Un \u00e9v\u00e9nement tr\u00e8s attendu par les francophones et expatri\u00e9s fran\u00e7ais qui habitent dans la province de l\u2019Ontario au Canada. Tour d\u2019horizon sur cet \u00e9v\u00e9nement marquant et ses principaux objectifs. Qu&#8217;est-ce-que cette c\u00e9l\u00e9bration ? Qui c\u00e9l\u00e8bre le jour des Franco-Ontariens ? On vous dit tout&#8230;<\/p>\n\n\n\n<p>A lire : <a href=\"https:\/\/blog.toploc.com\/blog\/amerique\/visiter-toronto\">Les 7 choses \u00e0 voir et \u00e0 faire pour visiter Toronto<\/a><\/p>\n\n\n<div class=\"wp-block-image\">\n<figure class=\"aligncenter\"><a href=\"https:\/\/blog.toploc.com\/wp-content\/uploads\/2018\/09\/Le-Jour-des-Franco-Ontariens-et-des-Franco-Ontariennes-est-celebre-le-25-septembre-depuis-2010.jpg\"><img loading=\"lazy\" decoding=\"async\" width=\"939\" height=\"629\" src=\"https:\/\/blog.toploc.com\/wp-content\/uploads\/2018\/09\/Le-Jour-des-Franco-Ontariens-et-des-Franco-Ontariennes-est-celebre-le-25-septembre-depuis-2010.jpg\" alt=\"Le Jour des Franco-Ontariens et des Franco-Ontariennes c\u00e9l\u00e9br\u00e9 le 25 septembre depuis 2010\" class=\"wp-image-69040\"\/><\/a><figcaption class=\"wp-element-caption\"><small>Le Jour des Franco-Ontariens et des Franco-Ontariennes c\u00e9l\u00e9br\u00e9 le 25 septembre depuis 2010<\/small><\/figcaption><\/figure>\n<\/div>\n\n\n<h2 id=\"quest-ce-que-le-jour-des-franco-ontariens\" class=\"wp-block-heading\">Qu&#8217;est-ce-que le Jour des Franco-ontariens ?<\/h2>\n\n\n\n<h3 id=\"un-jour-important-pour-la-communaute-francophone-dontario\" class=\"wp-block-heading\">Un jour important pour la communaut\u00e9 francophone d&#8217;Ontario<\/h3>\n\n\n\n<p>Cette journ\u00e9e, tr\u00e8s importante pour la communaut\u00e9 francophone en Ontario, permet \u00e0 cette derni\u00e8re de rappeler son histoire, sa culture et ses valeurs.<\/p>\n\n\n\n<h3 id=\"plus-de-400-ans-dhistoire-pour-les-francophones-au-canada\" class=\"wp-block-heading\">Plus de 400 ans d&#8217;histoire pour les francophones au Canada<\/h3>\n\n\n\n<p>Une histoire qui dure depuis pr\u00e8s de 400 ans, depuis l\u2019arriv\u00e9e des premiers francophones sur le territoire canadien en 1610. Les Franco-ontariens et Franco-ontariennes sont d\u2019ailleurs des acteurs importants dans la vie culturelle, \u00e9conomique, historique et sociale de la province.<\/p>\n\n\n\n<h2 id=\"le-jour-des-franco-ontariens-celebre-depuis-2010\" class=\"wp-block-heading\">Le Jour des Franco-ontariens c\u00e9l\u00e9br\u00e9 depuis 2010<\/h2>\n\n\n\n<h3 id=\"cree-en-2010-par-gaetan-gervais-et-michel-dupuis\" class=\"wp-block-heading\">Cr\u00e9\u00e9 en 2010 par Ga\u00e9tan Gervais et Michel Dupuis<\/h3>\n\n\n\n<p>Ce n\u2019est que r\u00e9cemment, <strong>en 2010<\/strong>, que le Jour des Franco-ontariens a vu le jour. Tout comme l\u2019appellation \u00ab franco-ontarien \u00bb. Cr\u00e9\u00e9e par <strong>Ga\u00e9tan Gervais et Michel Dupuis<\/strong>, cette journ\u00e9e c\u00e9l\u00e8bre l\u2019anniversaire du tout premier drapeau franco-ontarien dress\u00e9 \u00e0 l\u2019Universit\u00e9 Laurentienne \u00e0 Sudbury, en 1975.<\/p>\n\n\n<div class=\"wp-block-image\">\n<figure class=\"aligncenter\"><a href=\"https:\/\/blog.toploc.com\/wp-content\/uploads\/2018\/09\/Celebrez-la-Journee-des-Franco-ontariens-avec-lAssemblee-de-la-francophonie-de-lOntario.jpg\"><img loading=\"lazy\" decoding=\"async\" width=\"700\" height=\"461\" src=\"https:\/\/blog.toploc.com\/wp-content\/uploads\/2018\/09\/Celebrez-la-Journee-des-Franco-ontariens-avec-lAssemblee-de-la-francophonie-de-lOntario.jpg\" alt=\"C\u00e9l\u00e9brez la Journ\u00e9e des Franco-ontariens avec l'Assembl\u00e9e de la francophonie de l'Ontario\" class=\"wp-image-69042\"\/><\/a><figcaption class=\"wp-element-caption\"><small>C\u00e9l\u00e9brez la Journ\u00e9e des Franco-ontariens avec l&#8217;Assembl\u00e9e de la francophonie de l&#8217;Ontario<\/small><\/figcaption><\/figure>\n<\/div>\n\n\n<h3 id=\"appartenance-a-la-culture-franco-ontarienne\" class=\"wp-block-heading\">Appartenance \u00e0 la culture franco-ontarienne<\/h3>\n\n\n\n<p>Ce moment de c\u00e9l\u00e9bration permettra aussi aux locuteurs francophones d\u2019\u00e9prouver un sentiment d\u2019appartenance \u00e0 une culture. Francophiles ou francophones, nombreux ignorent effectivement l\u2019histoire de la communaut\u00e9 francophone en <a href=\"https:\/\/fr.wikipedia.org\/wiki\/Ontario\" rel=\"nofollow\">Ontario<\/a>.<\/p>\n\n\n\n<p>A lire : <a href=\"https:\/\/blog.toploc.com\/blog\/amerique\/visiter-le-canada\">Les 25 choses \u00e0 voir et \u00e0 faire pour visiter le Canada<\/a><\/p>\n\n\n\n<h3 id=\"le-jour-des-franco-ontariens-un-evenement-educatif-et-dechanges\" class=\"wp-block-heading\">Le Jour des Franco-ontariens, un \u00e9v\u00e9nement \u00e9ducatif et d&#8217;\u00e9changes<\/h3>\n\n\n\n<p>Le <strong>Jour des Franco-ontariens<\/strong> peut donc devenir un \u00e9v\u00e9nement \u00e9ducatif et d&#8217;\u00e9changes pour ceux qui s\u2019int\u00e9ressent \u00e0 l\u2019histoire des Franco-ontariens.<\/p>\n\n\n\n<h2 id=\"qui-celebre-le-jour-des-franco-ontariens\" class=\"wp-block-heading\">Qui c\u00e9l\u00e8bre le Jour des Franco-ontariens&nbsp;?<\/h2>\n\n\n\n<h3 id=\"seconde-plus-importante-communaute-francophone-du-canada\" class=\"wp-block-heading\">Seconde plus importante communaut\u00e9 francophone du Canada<\/h3>\n\n\n\n<p>Ce sont bien entendu les r\u00e9sidents francophones<strong> <\/strong>occupant majoritairement l\u2019est de l\u2019Ontario qui attendent avec impatience le Jour des Franco-ontariens. Notons que ces derniers repr\u00e9sentent la seconde plus importante <strong>communaut\u00e9 francophone du Canada<\/strong>, apr\u00e8s celle du Qu\u00e9bec.<\/p>\n\n\n\n<h3 id=\"drapeau-vert-et-blanc-symbole-de-lontario\" class=\"wp-block-heading\">Drapeau vert et blanc symbole de l&#8217;Ontario<\/h3>\n\n\n\n<p>Devenu le symbole de la province d\u2019Ontario, ce drapeau vert et blanc comprend un trille et un lys repr\u00e9sentant la<strong> <\/strong>langue fran\u00e7aise<strong>.<\/strong> Au nord de l\u2019Ontario, une minorit\u00e9 s\u2019est regroup\u00e9e dans <strong>le Grand Sudbury<\/strong>, notamment dans les petites communes \u00e0 l\u2019exemple de Kapuskasing.<\/p>\n\n\n\n<p><strong>La r\u00e9gion de Toronto<\/strong> accueille aussi de nombreux francophones qui repr\u00e9sentent environ 30 % de la population.<\/p>\n\n\n<div class=\"wp-block-image\">\n<figure class=\"aligncenter\"><a href=\"https:\/\/blog.toploc.com\/wp-content\/uploads\/2018\/09\/Le-drapeau-franco-ontarien-a-ete-dresse-pour-la-premiere-fois-a-lUniversite-Laurentienne-a-Sudbury-en-1975.jpg\"><img loading=\"lazy\" decoding=\"async\" width=\"700\" height=\"350\" src=\"https:\/\/blog.toploc.com\/wp-content\/uploads\/2018\/09\/Le-drapeau-franco-ontarien-a-ete-dresse-pour-la-premiere-fois-a-lUniversite-Laurentienne-a-Sudbury-en-1975.jpg\" alt=\"Le drapeau franco-ontarien a \u00e9t\u00e9 dress\u00e9 pour la premi\u00e8re fois \u00e0 l\u2019Universit\u00e9 Laurentienne \u00e0 Sudbury, en 1975\" class=\"wp-image-69041\"\/><\/a><figcaption class=\"wp-element-caption\"><small>Le drapeau franco-ontarien a \u00e9t\u00e9 dress\u00e9 pour la premi\u00e8re fois \u00e0 l\u2019Universit\u00e9 Laurentienne \u00e0 Sudbury, en 1975<\/small><\/figcaption><\/figure>\n<\/div>\n\n\n<h2 id=\"ou-sejourner-le-jour-des-franco-ontariens\" class=\"wp-block-heading\">O\u00f9 s\u00e9journer le jour des Franco-ontariens ?<\/h2>\n\n\n\n<h3 id=\"un-blog-sur-le-voyage-et-la-francophonie\" class=\"wp-block-heading\">Un blog sur le Voyage et la Francophonie<\/h3>\n\n\n\n<p>Chaque semaine <a href=\"https:\/\/toploc.com\">Toploc<\/a> publie des articles sur le voyage, les habitats \u00e9cologiques, la francophonie et la langue fran\u00e7aise. Nous souhaitons faire la promotion de notre ch\u00e8re et belle langue, le fran\u00e7ais. Mais quoi de mieux que voyager chez l&#8217;habitant pour rencontrer d&#8217;autres francophones ?<\/p>\n\n\n\n<h3 id=\"un-site-de-petites-annonces-de-location-vacances\" class=\"wp-block-heading\">Un site de petites annonces de location vacances<\/h3>\n\n\n\n<p>L&#8217;humain est au coeur de cet esprit de promotion de la francophonie. Et quoi de mieux que le voyage pour rencontrer des francophones. C&#8217;est pourquoi Toploc est aussi un site de petites annonces de <a href=\"https:\/\/toploc.com\/locations-vacances\/canada\">location vacances<strong> <\/strong>Canada<\/a>, <a href=\"https:\/\/toploc.com\/locations-vacances\/quebec\">location vacances Qu\u00e9bec<\/a>, locations vacances Ontario.<\/p>\n","protected":false},"excerpt":{"rendered":"Le Jour des Franco-ontariens est c\u00e9l\u00e9br\u00e9 chaque ann\u00e9e, le 25 septembre, depuis 2010. Un \u00e9v\u00e9nement tr\u00e8s attendu par&hellip;\n","protected":false},"author":3,"featured_media":69040,"comment_status":"open","ping_status":"closed","sticky":false,"template":"","format":"standard","meta":{"footnotes":""},"categories":[83],"tags":[4096,4097,4098,4099,4100],"class_list":{"0":"post-69039","1":"post","2":"type-post","3":"status-publish","4":"format-standard","5":"has-post-thumbnail","7":"category-amerique","8":"tag-celebration-en-ontario","9":"tag-francophones-de-lontario","10":"tag-histoire-des-franco-ontariens","11":"tag-journee-de-celebration-en-ontario","12":"tag-journee-des-franco-ontariens"},"yoast_head":"<!-- This site is optimized with the Yoast SEO plugin v26.9 - https:\/\/yoast.com\/product\/yoast-seo-wordpress\/ -->\n<title>Jour des Franco-ontariens, la c\u00e9l\u00e9bration du 25 septembre<\/title>\n<meta name=\"description\" content=\"Le jour des Franco-ontariens attendu le 25 septembre de chaque ann\u00e9e. Cr\u00e9\u00e9 en 2010 par Ga\u00e9tan Gervais et Michel Dupuis cette journ\u00e9e...\" \/>\n<meta name=\"robots\" content=\"index, follow, max-snippet:-1, max-image-preview:large, max-video-preview:-1\" \/>\n<link rel=\"canonical\" href=\"https:\/\/toploc.com\/blog\/amerique\/le-jour-des-franco-ontariens\" \/>\n<meta property=\"og:locale\" content=\"fr_FR\" \/>\n<meta property=\"og:type\" content=\"article\" \/>\n<meta property=\"og:title\" content=\"Jour des Franco-ontariens, la c\u00e9l\u00e9bration du 25 septembre\" \/>\n<meta property=\"og:description\" content=\"Le jour des Franco-ontariens attendu le 25 septembre de chaque ann\u00e9e. Cr\u00e9\u00e9 en 2010 par Ga\u00e9tan Gervais et Michel Dupuis cette journ\u00e9e...\" \/>\n<meta property=\"og:url\" content=\"https:\/\/toploc.com\/blog\/amerique\/le-jour-des-franco-ontariens\" \/>\n<meta property=\"og:site_name\" content=\"Toploc\" \/>\n<meta property=\"article:publisher\" content=\"https:\/\/www.facebook.com\/locationfrancophone\" \/>\n<meta property=\"article:published_time\" content=\"2022-05-19T06:00:00+00:00\" \/>\n<meta property=\"article:modified_time\" content=\"2025-01-24T18:18:51+00:00\" \/>\n<meta property=\"og:image\" content=\"https:\/\/toploc.com\/blog\/wp-content\/uploads\/2018\/09\/Le-Jour-des-Franco-Ontariens-et-des-Franco-Ontariennes-est-celebre-le-25-septembre-depuis-2010.jpg\" \/>\n\t<meta property=\"og:image:width\" content=\"939\" \/>\n\t<meta property=\"og:image:height\" content=\"629\" \/>\n\t<meta property=\"og:image:type\" content=\"image\/jpeg\" \/>\n<meta name=\"author\" content=\"Julien\" \/>\n<meta name=\"twitter:card\" content=\"summary_large_image\" \/>\n<meta name=\"twitter:label1\" content=\"\u00c9crit par\" \/>\n\t<meta name=\"twitter:data1\" content=\"Julien\" \/>\n\t<meta name=\"twitter:label2\" content=\"Dur\u00e9e de lecture estim\u00e9e\" \/>\n\t<meta name=\"twitter:data2\" content=\"4 minutes\" \/>\n<script type=\"application\/ld+json\" class=\"yoast-schema-graph\">{\"@context\":\"https:\/\/schema.org\",\"@graph\":[{\"@type\":\"Article\",\"@id\":\"https:\/\/toploc.com\/blog\/amerique\/le-jour-des-franco-ontariens#article\",\"isPartOf\":{\"@id\":\"https:\/\/toploc.com\/blog\/amerique\/le-jour-des-franco-ontariens\"},\"author\":{\"name\":\"Julien\",\"@id\":\"https:\/\/toploc.com\/blog\/#\/schema\/person\/b66f845e3e2106301dee05e5bc776788\"},\"headline\":\"Le Jour des Franco-ontariens f\u00eat\u00e9 chaque 25 septembre\",\"datePublished\":\"2022-05-19T06:00:00+00:00\",\"dateModified\":\"2025-01-24T18:18:51+00:00\",\"mainEntityOfPage\":{\"@id\":\"https:\/\/toploc.com\/blog\/amerique\/le-jour-des-franco-ontariens\"},\"wordCount\":624,\"commentCount\":0,\"publisher\":{\"@id\":\"https:\/\/toploc.com\/blog\/#organization\"},\"image\":{\"@id\":\"https:\/\/toploc.com\/blog\/amerique\/le-jour-des-franco-ontariens#primaryimage\"},\"thumbnailUrl\":\"https:\/\/toploc.com\/blog\/wp-content\/uploads\/2018\/09\/Le-Jour-des-Franco-Ontariens-et-des-Franco-Ontariennes-est-celebre-le-25-septembre-depuis-2010.jpg\",\"keywords\":[\"c\u00e9l\u00e9bration en Ontario\",\"francophones de l\u2019Ontario\",\"histoire des Franco-ontariens\",\"journ\u00e9e de c\u00e9l\u00e9bration en Ontario\",\"journ\u00e9e des franco-ontariens\"],\"articleSection\":[\"Itin\u00e9raires Am\u00e9rique\"],\"inLanguage\":\"fr-FR\",\"potentialAction\":[{\"@type\":\"CommentAction\",\"name\":\"Comment\",\"target\":[\"https:\/\/toploc.com\/blog\/amerique\/le-jour-des-franco-ontariens#respond\"]}]},{\"@type\":\"WebPage\",\"@id\":\"https:\/\/toploc.com\/blog\/amerique\/le-jour-des-franco-ontariens\",\"url\":\"https:\/\/toploc.com\/blog\/amerique\/le-jour-des-franco-ontariens\",\"name\":\"Jour des Franco-ontariens, la c\u00e9l\u00e9bration du 25 septembre\",\"isPartOf\":{\"@id\":\"https:\/\/toploc.com\/blog\/#website\"},\"primaryImageOfPage\":{\"@id\":\"https:\/\/toploc.com\/blog\/amerique\/le-jour-des-franco-ontariens#primaryimage\"},\"image\":{\"@id\":\"https:\/\/toploc.com\/blog\/amerique\/le-jour-des-franco-ontariens#primaryimage\"},\"thumbnailUrl\":\"https:\/\/toploc.com\/blog\/wp-content\/uploads\/2018\/09\/Le-Jour-des-Franco-Ontariens-et-des-Franco-Ontariennes-est-celebre-le-25-septembre-depuis-2010.jpg\",\"datePublished\":\"2022-05-19T06:00:00+00:00\",\"dateModified\":\"2025-01-24T18:18:51+00:00\",\"description\":\"Le jour des Franco-ontariens attendu le 25 septembre de chaque ann\u00e9e. Cr\u00e9\u00e9 en 2010 par Ga\u00e9tan Gervais et Michel Dupuis cette journ\u00e9e...\",\"breadcrumb\":{\"@id\":\"https:\/\/toploc.com\/blog\/amerique\/le-jour-des-franco-ontariens#breadcrumb\"},\"inLanguage\":\"fr-FR\",\"potentialAction\":[{\"@type\":\"ReadAction\",\"target\":[\"https:\/\/toploc.com\/blog\/amerique\/le-jour-des-franco-ontariens\"]}]},{\"@type\":\"ImageObject\",\"inLanguage\":\"fr-FR\",\"@id\":\"https:\/\/toploc.com\/blog\/amerique\/le-jour-des-franco-ontariens#primaryimage\",\"url\":\"https:\/\/toploc.com\/blog\/wp-content\/uploads\/2018\/09\/Le-Jour-des-Franco-Ontariens-et-des-Franco-Ontariennes-est-celebre-le-25-septembre-depuis-2010.jpg\",\"contentUrl\":\"https:\/\/toploc.com\/blog\/wp-content\/uploads\/2018\/09\/Le-Jour-des-Franco-Ontariens-et-des-Franco-Ontariennes-est-celebre-le-25-septembre-depuis-2010.jpg\",\"width\":939,\"height\":629,\"caption\":\"Le Jour des Franco-Ontariens et des Franco-Ontariennes est c\u00e9l\u00e9br\u00e9 le 25 septembre depuis 2010\"},{\"@type\":\"BreadcrumbList\",\"@id\":\"https:\/\/toploc.com\/blog\/amerique\/le-jour-des-franco-ontariens#breadcrumb\",\"itemListElement\":[{\"@type\":\"ListItem\",\"position\":1,\"name\":\"Accueil\",\"item\":\"https:\/\/toploc.com\/blog\"},{\"@type\":\"ListItem\",\"position\":2,\"name\":\"Le Jour des Franco-ontariens f\u00eat\u00e9 chaque 25 septembre\"}]},{\"@type\":\"WebSite\",\"@id\":\"https:\/\/toploc.com\/blog\/#website\",\"url\":\"https:\/\/toploc.com\/blog\/\",\"name\":\"Toploc\",\"description\":\"Itin\u00e9raires natures et locations de vacances en groupe\",\"publisher\":{\"@id\":\"https:\/\/toploc.com\/blog\/#organization\"},\"potentialAction\":[{\"@type\":\"SearchAction\",\"target\":{\"@type\":\"EntryPoint\",\"urlTemplate\":\"https:\/\/toploc.com\/blog\/?s={search_term_string}\"},\"query-input\":{\"@type\":\"PropertyValueSpecification\",\"valueRequired\":true,\"valueName\":\"search_term_string\"}}],\"inLanguage\":\"fr-FR\"},{\"@type\":\"Organization\",\"@id\":\"https:\/\/toploc.com\/blog\/#organization\",\"name\":\"Toploc\",\"url\":\"https:\/\/toploc.com\/blog\/\",\"logo\":{\"@type\":\"ImageObject\",\"inLanguage\":\"fr-FR\",\"@id\":\"https:\/\/toploc.com\/blog\/#\/schema\/logo\/image\/\",\"url\":\"https:\/\/blog.toploc.com\/wp-content\/uploads\/2022\/03\/toploc_facebook_5.png\",\"contentUrl\":\"https:\/\/blog.toploc.com\/wp-content\/uploads\/2022\/03\/toploc_facebook_5.png\",\"width\":600,\"height\":600,\"caption\":\"Toploc\"},\"image\":{\"@id\":\"https:\/\/toploc.com\/blog\/#\/schema\/logo\/image\/\"},\"sameAs\":[\"https:\/\/www.facebook.com\/locationfrancophone\",\"https:\/\/www.instagram.com\/toploc_\",\"https:\/\/www.pinterest.fr\/Toploc_\/\"]},{\"@type\":\"Person\",\"@id\":\"https:\/\/toploc.com\/blog\/#\/schema\/person\/b66f845e3e2106301dee05e5bc776788\",\"name\":\"Julien\",\"image\":{\"@type\":\"ImageObject\",\"inLanguage\":\"fr-FR\",\"@id\":\"https:\/\/toploc.com\/blog\/#\/schema\/person\/image\/\",\"url\":\"https:\/\/secure.gravatar.com\/avatar\/642d3d11687b291bb0ade289db2c7d821a72910624f4eb86cab555b4c6a3ed15?s=96&d=mm&r=g\",\"contentUrl\":\"https:\/\/secure.gravatar.com\/avatar\/642d3d11687b291bb0ade289db2c7d821a72910624f4eb86cab555b4c6a3ed15?s=96&d=mm&r=g\",\"caption\":\"Julien\"},\"description\":\"Julien est un passionn\u00e9 de nature et de grands espaces. Guide de moyenne montagne en Andorre, il a partag\u00e9 ses r\u00e9cits de voyage pendant plusieurs ann\u00e9es. Aujourd'hui il est co-auteur de plusieurs articles pour Toploc.\",\"url\":\"https:\/\/toploc.com\/blog\/author\/julien\"}]}<\/script>\n<!-- \/ Yoast SEO plugin. -->","yoast_head_json":{"title":"Jour des Franco-ontariens, la c\u00e9l\u00e9bration du 25 septembre","description":"Le jour des Franco-ontariens attendu le 25 septembre de chaque ann\u00e9e. Cr\u00e9\u00e9 en 2010 par Ga\u00e9tan Gervais et Michel Dupuis cette journ\u00e9e...","robots":{"index":"index","follow":"follow","max-snippet":"max-snippet:-1","max-image-preview":"max-image-preview:large","max-video-preview":"max-video-preview:-1"},"canonical":"https:\/\/toploc.com\/blog\/amerique\/le-jour-des-franco-ontariens","og_locale":"fr_FR","og_type":"article","og_title":"Jour des Franco-ontariens, la c\u00e9l\u00e9bration du 25 septembre","og_description":"Le jour des Franco-ontariens attendu le 25 septembre de chaque ann\u00e9e. Cr\u00e9\u00e9 en 2010 par Ga\u00e9tan Gervais et Michel Dupuis cette journ\u00e9e...","og_url":"https:\/\/toploc.com\/blog\/amerique\/le-jour-des-franco-ontariens","og_site_name":"Toploc","article_publisher":"https:\/\/www.facebook.com\/locationfrancophone","article_published_time":"2022-05-19T06:00:00+00:00","article_modified_time":"2025-01-24T18:18:51+00:00","og_image":[{"width":939,"height":629,"url":"https:\/\/toploc.com\/blog\/wp-content\/uploads\/2018\/09\/Le-Jour-des-Franco-Ontariens-et-des-Franco-Ontariennes-est-celebre-le-25-septembre-depuis-2010.jpg","type":"image\/jpeg"}],"author":"Julien","twitter_card":"summary_large_image","twitter_misc":{"\u00c9crit par":"Julien","Dur\u00e9e de lecture estim\u00e9e":"4 minutes"},"schema":{"@context":"https:\/\/schema.org","@graph":[{"@type":"Article","@id":"https:\/\/toploc.com\/blog\/amerique\/le-jour-des-franco-ontariens#article","isPartOf":{"@id":"https:\/\/toploc.com\/blog\/amerique\/le-jour-des-franco-ontariens"},"author":{"name":"Julien","@id":"https:\/\/toploc.com\/blog\/#\/schema\/person\/b66f845e3e2106301dee05e5bc776788"},"headline":"Le Jour des Franco-ontariens f\u00eat\u00e9 chaque 25 septembre","datePublished":"2022-05-19T06:00:00+00:00","dateModified":"2025-01-24T18:18:51+00:00","mainEntityOfPage":{"@id":"https:\/\/toploc.com\/blog\/amerique\/le-jour-des-franco-ontariens"},"wordCount":624,"commentCount":0,"publisher":{"@id":"https:\/\/toploc.com\/blog\/#organization"},"image":{"@id":"https:\/\/toploc.com\/blog\/amerique\/le-jour-des-franco-ontariens#primaryimage"},"thumbnailUrl":"https:\/\/toploc.com\/blog\/wp-content\/uploads\/2018\/09\/Le-Jour-des-Franco-Ontariens-et-des-Franco-Ontariennes-est-celebre-le-25-septembre-depuis-2010.jpg","keywords":["c\u00e9l\u00e9bration en Ontario","francophones de l\u2019Ontario","histoire des Franco-ontariens","journ\u00e9e de c\u00e9l\u00e9bration en Ontario","journ\u00e9e des franco-ontariens"],"articleSection":["Itin\u00e9raires Am\u00e9rique"],"inLanguage":"fr-FR","potentialAction":[{"@type":"CommentAction","name":"Comment","target":["https:\/\/toploc.com\/blog\/amerique\/le-jour-des-franco-ontariens#respond"]}]},{"@type":"WebPage","@id":"https:\/\/toploc.com\/blog\/amerique\/le-jour-des-franco-ontariens","url":"https:\/\/toploc.com\/blog\/amerique\/le-jour-des-franco-ontariens","name":"Jour des Franco-ontariens, la c\u00e9l\u00e9bration du 25 septembre","isPartOf":{"@id":"https:\/\/toploc.com\/blog\/#website"},"primaryImageOfPage":{"@id":"https:\/\/toploc.com\/blog\/amerique\/le-jour-des-franco-ontariens#primaryimage"},"image":{"@id":"https:\/\/toploc.com\/blog\/amerique\/le-jour-des-franco-ontariens#primaryimage"},"thumbnailUrl":"https:\/\/toploc.com\/blog\/wp-content\/uploads\/2018\/09\/Le-Jour-des-Franco-Ontariens-et-des-Franco-Ontariennes-est-celebre-le-25-septembre-depuis-2010.jpg","datePublished":"2022-05-19T06:00:00+00:00","dateModified":"2025-01-24T18:18:51+00:00","description":"Le jour des Franco-ontariens attendu le 25 septembre de chaque ann\u00e9e. Cr\u00e9\u00e9 en 2010 par Ga\u00e9tan Gervais et Michel Dupuis cette journ\u00e9e...","breadcrumb":{"@id":"https:\/\/toploc.com\/blog\/amerique\/le-jour-des-franco-ontariens#breadcrumb"},"inLanguage":"fr-FR","potentialAction":[{"@type":"ReadAction","target":["https:\/\/toploc.com\/blog\/amerique\/le-jour-des-franco-ontariens"]}]},{"@type":"ImageObject","inLanguage":"fr-FR","@id":"https:\/\/toploc.com\/blog\/amerique\/le-jour-des-franco-ontariens#primaryimage","url":"https:\/\/toploc.com\/blog\/wp-content\/uploads\/2018\/09\/Le-Jour-des-Franco-Ontariens-et-des-Franco-Ontariennes-est-celebre-le-25-septembre-depuis-2010.jpg","contentUrl":"https:\/\/toploc.com\/blog\/wp-content\/uploads\/2018\/09\/Le-Jour-des-Franco-Ontariens-et-des-Franco-Ontariennes-est-celebre-le-25-septembre-depuis-2010.jpg","width":939,"height":629,"caption":"Le Jour des Franco-Ontariens et des Franco-Ontariennes est c\u00e9l\u00e9br\u00e9 le 25 septembre depuis 2010"},{"@type":"BreadcrumbList","@id":"https:\/\/toploc.com\/blog\/amerique\/le-jour-des-franco-ontariens#breadcrumb","itemListElement":[{"@type":"ListItem","position":1,"name":"Accueil","item":"https:\/\/toploc.com\/blog"},{"@type":"ListItem","position":2,"name":"Le Jour des Franco-ontariens f\u00eat\u00e9 chaque 25 septembre"}]},{"@type":"WebSite","@id":"https:\/\/toploc.com\/blog\/#website","url":"https:\/\/toploc.com\/blog\/","name":"Toploc","description":"Itin\u00e9raires natures et locations de vacances en groupe","publisher":{"@id":"https:\/\/toploc.com\/blog\/#organization"},"potentialAction":[{"@type":"SearchAction","target":{"@type":"EntryPoint","urlTemplate":"https:\/\/toploc.com\/blog\/?s={search_term_string}"},"query-input":{"@type":"PropertyValueSpecification","valueRequired":true,"valueName":"search_term_string"}}],"inLanguage":"fr-FR"},{"@type":"Organization","@id":"https:\/\/toploc.com\/blog\/#organization","name":"Toploc","url":"https:\/\/toploc.com\/blog\/","logo":{"@type":"ImageObject","inLanguage":"fr-FR","@id":"https:\/\/toploc.com\/blog\/#\/schema\/logo\/image\/","url":"https:\/\/blog.toploc.com\/wp-content\/uploads\/2022\/03\/toploc_facebook_5.png","contentUrl":"https:\/\/blog.toploc.com\/wp-content\/uploads\/2022\/03\/toploc_facebook_5.png","width":600,"height":600,"caption":"Toploc"},"image":{"@id":"https:\/\/toploc.com\/blog\/#\/schema\/logo\/image\/"},"sameAs":["https:\/\/www.facebook.com\/locationfrancophone","https:\/\/www.instagram.com\/toploc_","https:\/\/www.pinterest.fr\/Toploc_\/"]},{"@type":"Person","@id":"https:\/\/toploc.com\/blog\/#\/schema\/person\/b66f845e3e2106301dee05e5bc776788","name":"Julien","image":{"@type":"ImageObject","inLanguage":"fr-FR","@id":"https:\/\/toploc.com\/blog\/#\/schema\/person\/image\/","url":"https:\/\/secure.gravatar.com\/avatar\/642d3d11687b291bb0ade289db2c7d821a72910624f4eb86cab555b4c6a3ed15?s=96&d=mm&r=g","contentUrl":"https:\/\/secure.gravatar.com\/avatar\/642d3d11687b291bb0ade289db2c7d821a72910624f4eb86cab555b4c6a3ed15?s=96&d=mm&r=g","caption":"Julien"},"description":"Julien est un passionn\u00e9 de nature et de grands espaces. Guide de moyenne montagne en Andorre, il a partag\u00e9 ses r\u00e9cits de voyage pendant plusieurs ann\u00e9es. Aujourd'hui il est co-auteur de plusieurs articles pour Toploc.","url":"https:\/\/toploc.com\/blog\/author\/julien"}]}},"_links":{"self":[{"href":"https:\/\/toploc.com\/blog\/wp-json\/wp\/v2\/posts\/69039","targetHints":{"allow":["GET"]}}],"collection":[{"href":"https:\/\/toploc.com\/blog\/wp-json\/wp\/v2\/posts"}],"about":[{"href":"https:\/\/toploc.com\/blog\/wp-json\/wp\/v2\/types\/post"}],"author":[{"embeddable":true,"href":"https:\/\/toploc.com\/blog\/wp-json\/wp\/v2\/users\/3"}],"replies":[{"embeddable":true,"href":"https:\/\/toploc.com\/blog\/wp-json\/wp\/v2\/comments?post=69039"}],"version-history":[{"count":5,"href":"https:\/\/toploc.com\/blog\/wp-json\/wp\/v2\/posts\/69039\/revisions"}],"predecessor-version":[{"id":153076,"href":"https:\/\/toploc.com\/blog\/wp-json\/wp\/v2\/posts\/69039\/revisions\/153076"}],"wp:featuredmedia":[{"embeddable":true,"href":"https:\/\/toploc.com\/blog\/wp-json\/wp\/v2\/media\/69040"}],"wp:attachment":[{"href":"https:\/\/toploc.com\/blog\/wp-json\/wp\/v2\/media?parent=69039"}],"wp:term":[{"taxonomy":"category","embeddable":true,"href":"https:\/\/toploc.com\/blog\/wp-json\/wp\/v2\/categories?post=69039"},{"taxonomy":"post_tag","embeddable":true,"href":"https:\/\/toploc.com\/blog\/wp-json\/wp\/v2\/tags?post=69039"}],"curies":[{"name":"wp","href":"https:\/\/api.w.org\/{rel}","templated":true}]}}