{"id":67492,"date":"2022-04-27T08:00:00","date_gmt":"2022-04-27T06:00:00","guid":{"rendered":"https:\/\/www.location-francophone.com\/?p=67492"},"modified":"2023-04-11T12:00:17","modified_gmt":"2023-04-11T10:00:17","slug":"caravane-autonome-en-energie","status":"publish","type":"post","link":"https:\/\/toploc.com\/blog\/mini-maison\/caravane-autonome-en-energie","title":{"rendered":"sCarabane caravane autonome en \u00e9nergie 100% fran\u00e7aise"},"content":{"rendered":"\n<p class=\"has-text-align-left\">Vous aimez camper au c\u0153ur de la nature, mais vous avez parfois du mal \u00e0 vous passer de votre petit confort ? D\u00e9couvrez sCarabane caravane autonome en \u00e9nergie, id\u00e9ale pour vivre hors r\u00e9seaux.<\/p>\n\n\n\n<div class=\"wp-block-buttons is-content-justification-center is-layout-flex wp-container-core-buttons-is-layout-16018d1d wp-block-buttons-is-layout-flex\">\n<div class=\"wp-block-button has-custom-font-size has-small-font-size\"><a class=\"wp-block-button__link has-background wp-element-button\" href=\"https:\/\/toploc.com\/listes\/logement-insolite-nature?utm_source=blog&amp;utm_medium=CTA&amp;utm_campaign=scarabane\" style=\"background-color:#006b52\"><strong>\ud83d\udc49 NOS LOGEMENTS INSOLITES<\/strong><\/a><\/div>\n<\/div>\n\n\n<div class=\"wp-block-image\">\n<figure class=\"aligncenter\"><a href=\"https:\/\/blog.toploc.com\/wp-content\/uploads\/2018\/07\/Une-caravane-autonome-en-energie-extensible-en-un-clin-doeil-\u00a9-sCarabane.jpg\"><img loading=\"lazy\" decoding=\"async\" width=\"700\" height=\"457\" src=\"https:\/\/blog.toploc.com\/wp-content\/uploads\/2018\/07\/Une-caravane-autonome-en-energie-extensible-en-un-clin-doeil-\u00a9-sCarabane.jpg\" alt=\"Une caravane autonome en \u00e9nergie extensible en un clin d'\u0153il \u00a9 sCarabane\" class=\"wp-image-67493\"\/><\/a><figcaption class=\"wp-element-caption\"><small>Une caravane autonome en \u00e9nergie extensible en un clin d&#8217;\u0153il \u00a9 sCarabane<\/small><\/figcaption><\/figure>\n<\/div>\n\n\n<h2 id=\"scarabane-une-caravane-francaise-de-6-personnes\" class=\"wp-block-heading\">sCarabane, une caravane fran\u00e7aise de 6 personnes<\/h2>\n\n\n\n<h3 id=\"quelle-est-la-surface-habitable-de-la-scarabane\" class=\"wp-block-heading\">Quelle est la surface habitable de la sCarabane ?<\/h3>\n\n\n\n<p class=\"has-text-align-left\">En plus d\u2019\u00eatre autonome en \u00e9nergie, la sCarabane se d\u00e9plie pour augmenter sa surface habitable de 20 \u00e0 40 m\u00b2. Elle peut donc accueillir 6 personnes. Lorsqu\u2019on la d\u00e9couvre pour la premi\u00e8re fois, on pense avoir \u00e0 faire \u00e0 un OVNI.<\/p>\n\n\n\n<h3 id=\"est-elle-vraiment-autonome-en-energie\" class=\"wp-block-heading\">Est-elle vraiment autonome en \u00e9nergie ?<\/h3>\n\n\n\n<p class=\"has-text-align-left\">En effet, avec son \u00e9olienne verticale, sa fen\u00eatre en forme de bulle, son miroir parabolique, sans oublier ses parois en aluminium, elle ne manque pas d\u2019attirer l\u2019\u0153il. Cependant, cet aspect futuriste n\u2019est pas l\u00e0 uniquement pour faire joli, mais cela permet avant tout de rendre cette caravane autonome en \u00e9nergie.<\/p>\n\n\n\n<div class=\"wp-block-buttons is-content-justification-center is-layout-flex wp-container-core-buttons-is-layout-16018d1d wp-block-buttons-is-layout-flex\">\n<div class=\"wp-block-button has-custom-font-size has-small-font-size\"><a class=\"wp-block-button__link has-background wp-element-button\" href=\"https:\/\/toploc.com\/listes\/logement-insolite-nature?utm_source=blog&amp;utm_medium=CTA&amp;utm_campaign=scarabane\" style=\"background-color:#006b52\"><strong>\ud83d\udc49 NOS LOGEMENTS INSOLITES<\/strong><\/a><\/div>\n<\/div>\n\n\n\n<h3 id=\"qui-sont-les-fondateurs-de-la-scarabane\" class=\"wp-block-heading\">Qui sont les fondateurs de la sCarabane ?<\/h3>\n\n\n\n<p class=\"has-text-align-left\">Surnomm\u00e9 \u00ab&nbsp;sCarabane&nbsp;\u00bb, cette caravane autonome en \u00e9nergie est la troisi\u00e8me version du prototype cr\u00e9\u00e9 par deux fran\u00e7ais originaires de Chartres. Cl\u00e9ment et Antoine Chassaing ont r\u00e9uni leurs passions pour fabriquer cette <a href=\"https:\/\/blog.toploc.com\/blog\/mini-maison\/mini-maison-ecologique-et-transportable\">mini-maison \u00e9cologique et transportable<\/a> tout droit sortie du futur. Cl\u00e9ment est passionn\u00e9 par tout ce qui touche \u00e0 l\u2019\u00e9nergie. Antoine, quant \u00e0 lui, aime tout ce qui se rapporte \u00e0 l\u2019optimisation de l\u2019espace.<\/p>\n\n\n\n<h2 id=\"une-caravane-qui-suit-le-soleil-et-pivote-sur-elle-meme\" class=\"wp-block-heading\">Une caravane qui suit le soleil et pivote sur elle-m\u00eame<\/h2>\n\n\n\n<p class=\"has-text-align-left\">L\u2019une des particularit\u00e9s de cette caravane autonome en \u00e9nergie est de pouvoir pivoter sur elle-m\u00eame. Ainsi, les vacanciers pourront orienter la caravane selon l\u2019emplacement du soleil. En \u00e9t\u00e9, par exemple, on tournera cette <a href=\"https:\/\/blog.toploc.com\/blog\/mini-maison\/mini-maison-sur-roues\">mini-maison sur roues<\/a> dos au soleil afin de profiter de la terrasse sans souffrir de la chaleur.<\/p>\n\n\n<div class=\"wp-block-image\">\n<figure class=\"aligncenter\"><a href=\"https:\/\/blog.toploc.com\/wp-content\/uploads\/2018\/07\/Une-caravane-futuriste-autonome-en-energie-\u00a9-sCarabane.jpg\"><img loading=\"lazy\" decoding=\"async\" width=\"700\" height=\"470\" src=\"https:\/\/blog.toploc.com\/wp-content\/uploads\/2018\/07\/Une-caravane-futuriste-autonome-en-energie-\u00a9-sCarabane.jpg\" alt=\"Une caravane futuriste autonome en \u00e9nergie \u00a9 sCarabane\" class=\"wp-image-67494\"\/><\/a><figcaption class=\"wp-element-caption\"><small>Une caravane futuriste autonome en \u00e9nergie \u00a9 sCarabane<\/small><\/figcaption><\/figure>\n<\/div>\n\n\n<p>De plus, l\u2019int\u00e9r\u00eat de cette particularit\u00e9 permet \u00e9galement de profiter au mieux de l\u2019apport d\u2019\u00e9nergie que peut procurer le soleil, mais \u00e9galement le vent. Ainsi, on placera la caravane de mani\u00e8re \u00e0 ce que les panneaux solaires, le miroir r\u00e9flecteur et l\u2019\u00e9olienne soient bien plac\u00e9s.<\/p>\n\n\n\n<h2 id=\"une-caravane-autonome-en-energie-qui-ne-manque-pas-dingeniosite\" class=\"wp-block-heading\">Une caravane autonome en \u00e9nergie qui ne manque pas d\u2019ing\u00e9niosit\u00e9<\/h2>\n\n\n\n<div class=\"wp-block-buttons is-content-justification-center is-layout-flex wp-container-core-buttons-is-layout-16018d1d wp-block-buttons-is-layout-flex\">\n<div class=\"wp-block-button has-custom-font-size has-small-font-size\"><a class=\"wp-block-button__link has-background wp-element-button\" href=\"https:\/\/toploc.com\/listes\/logement-insolite-nature?utm_source=blog&amp;utm_medium=CTA&amp;utm_campaign=scarabane\" style=\"background-color:#006b52\"><strong>\ud83d\udc49 NOS LOGEMENTS INSOLITES<\/strong><\/a><\/div>\n<\/div>\n\n\n\n<h3 id=\"quelles-sont-les-atouts-energetiques-de-la-scarabane\" class=\"wp-block-heading\">Quelles sont les atouts \u00e9nerg\u00e9tiques de la sCarabane ?<\/h3>\n\n\n\n<p>Cette caravane autonome en \u00e9nergie dispose d\u2019un r\u00e9flecteur solaire. Celui-ci permet de chauffer l\u2019eau de la douche en concentrant les rayons du soleil vers des panneaux solaires thermiques. Lorsque la caravane circule, on range celui-ci \u00e0 l\u2019int\u00e9rieur du toit. Les deux fr\u00e8res songent \u00e0 utiliser cette eau chaude pour chauffer leur caravane autonome en \u00e9nergie.<\/p>\n\n\n<div class=\"wp-block-image\">\n<figure class=\"aligncenter\"><a href=\"https:\/\/blog.toploc.com\/wp-content\/uploads\/2018\/07\/Leolienne-verticale-telescopique-se-replie-a-linterieur-du-toit-\u00a9-sCarabane.jpg\"><img loading=\"lazy\" decoding=\"async\" width=\"700\" height=\"416\" src=\"https:\/\/blog.toploc.com\/wp-content\/uploads\/2018\/07\/Leolienne-verticale-telescopique-se-replie-a-linterieur-du-toit-\u00a9-sCarabane.jpg\" alt=\"L'\u00e9olienne verticale t\u00e9lescopique se replie \u00e0 l'int\u00e9rieur du toit \u00a9 sCarabane\" class=\"wp-image-67495\"\/><\/a><figcaption class=\"wp-element-caption\"><small>L&#8217;\u00e9olienne verticale t\u00e9lescopique se replie \u00e0 l&#8217;int\u00e9rieur du toit \u00a9 sCarabane<\/small><\/figcaption><\/figure>\n<\/div>\n\n\n<p class=\"has-text-align-left\">L\u2019\u00e9olienne verticale ainsi que les panneaux solaires photovolta\u00efques produisent quant \u00e0 eux 500 watts chacun. Ainsi, vous pouvez alimenter les lumi\u00e8res, le r\u00e9frig\u00e9rateur, mais \u00e9galement l\u2019ordinateur qui permet la rotation de l\u2019ensemble.<\/p>\n\n\n<div class=\"wp-block-image\">\n<figure class=\"aligncenter\"><a href=\"https:\/\/blog.toploc.com\/wp-content\/uploads\/2018\/07\/Un-coin-travail-et-un-coin-detente-\u00a9-sCarabane.jpg\"><img loading=\"lazy\" decoding=\"async\" width=\"700\" height=\"415\" src=\"https:\/\/blog.toploc.com\/wp-content\/uploads\/2018\/07\/Un-coin-travail-et-un-coin-detente-\u00a9-sCarabane.jpg\" alt=\"Un coin travail et un coin d\u00e9tente \u00a9 sCarabane\" class=\"wp-image-67496\"\/><\/a><figcaption class=\"wp-element-caption\"><small>Un coin travail et un coin d\u00e9tente \u00a9 sCarabane<\/small><\/figcaption><\/figure>\n<\/div>\n\n\n<div class=\"wp-block-buttons is-content-justification-center is-layout-flex wp-container-core-buttons-is-layout-16018d1d wp-block-buttons-is-layout-flex\">\n<div class=\"wp-block-button has-custom-font-size has-small-font-size\"><a class=\"wp-block-button__link has-background wp-element-button\" href=\"https:\/\/toploc.com\/listes\/logement-insolite-nature?utm_source=blog&amp;utm_medium=CTA&amp;utm_campaign=scarabane\" style=\"background-color:#006b52\"><strong>\ud83d\udc49 NOS LOGEMENTS INSOLITES<\/strong><\/a><\/div>\n<\/div>\n\n\n\n<p class=\"has-text-align-left\">En optant pour cette caravane vous \u00eates autonome en \u00e9nergie. Vous n\u2019\u00eates donc pas oblig\u00e9 de vous brancher aux r\u00e9seaux et donc de passer vos <a href=\"https:\/\/www.location-francophone.com\/blog\/vacances-en-camping-en-france\/\">vacances en camping en France<\/a>. Pour la cuisine, les deux fr\u00e8res ont opt\u00e9 pour une bouteille de gaz.<\/p>\n\n\n<div class=\"wp-block-image\">\n<figure class=\"aligncenter\"><a href=\"https:\/\/blog.toploc.com\/wp-content\/uploads\/2018\/07\/Une-cuisine-equipee-qui-donne-sur-une-grande-terrasse-\u00a9-sCarabane.jpg\"><img loading=\"lazy\" decoding=\"async\" width=\"700\" height=\"407\" src=\"https:\/\/blog.toploc.com\/wp-content\/uploads\/2018\/07\/Une-cuisine-equipee-qui-donne-sur-une-grande-terrasse-\u00a9-sCarabane.jpg\" alt=\"Une cuisine \u00e9quip\u00e9e qui donne sur une grande terrasse \u00a9 sCarabane\" class=\"wp-image-67497\"\/><\/a><figcaption class=\"wp-element-caption\"><small>Une cuisine \u00e9quip\u00e9e qui donne sur une grande terrasse \u00a9 sCarabane<\/small><\/figcaption><\/figure>\n<\/div>\n\n\n<p class=\"has-text-align-left\">Par la suite, pour rendre cette caravane encore plus autonome, l\u2019\u00e9quipe compte installer un r\u00e9cup\u00e9rateur d\u2019eau de pluie.<\/p>\n\n\n\n<h2 id=\"une-surface-multipliee-par-deux-en-30-minutes\" class=\"wp-block-heading\">Une surface multipli\u00e9e par deux en 30 minutes&nbsp;<\/h2>\n\n\n\n<h3 id=\"comment-doubler-la-surface-de-la-scarabane-caravane-autonome-en-energie\" class=\"wp-block-heading\">Comment doubler la surface de la sCarabane caravane autonome en \u00e9nergie ?<\/h3>\n\n\n\n<div class=\"wp-block-buttons is-content-justification-center is-layout-flex wp-container-core-buttons-is-layout-16018d1d wp-block-buttons-is-layout-flex\">\n<div class=\"wp-block-button has-custom-font-size has-small-font-size\"><a class=\"wp-block-button__link has-background wp-element-button\" href=\"https:\/\/toploc.com\/listes\/logement-insolite-nature?utm_source=blog&amp;utm_medium=CTA&amp;utm_campaign=scarabane\" style=\"background-color:#006b52\"><strong>\ud83d\udc49 NOS LOGEMENTS INSOLITES<\/strong><\/a><\/div>\n<\/div>\n\n\n\n<p class=\"has-text-align-left\">En moins de 30 minutes, la caravane se d\u00e9plie et passe de 20 \u00e0 39 m\u00b2. Vous disposez ainsi d\u2019un salon, d\u2019une cuisine, d\u2019espaces pour dormir, mais \u00e9galement d\u2019une terrasse. Une fen\u00eatre en forme de bulle donne une vue imprenable sur l\u2019ext\u00e9rieur.<\/p>\n\n\n<div class=\"wp-block-image\">\n<figure class=\"aligncenter\"><a href=\"https:\/\/blog.toploc.com\/wp-content\/uploads\/2018\/07\/Un-espace-nuit-confortable-et-lumineux-\u00a9-sCarabane.jpg\"><img loading=\"lazy\" decoding=\"async\" width=\"700\" height=\"423\" src=\"https:\/\/blog.toploc.com\/wp-content\/uploads\/2018\/07\/Un-espace-nuit-confortable-et-lumineux-\u00a9-sCarabane.jpg\" alt=\"Un espace nuit confortable et lumineux \u00a9 sCarabane\" class=\"wp-image-67498\"\/><\/a><figcaption class=\"wp-element-caption\"><small>Un espace nuit confortable et lumineux \u00a9 sCarabane<\/small><\/figcaption><\/figure>\n<\/div>\n\n<div class=\"wp-block-image\">\n<figure class=\"aligncenter\"><a href=\"https:\/\/blog.toploc.com\/wp-content\/uploads\/2018\/07\/Un-lit-douillet-pour-des-vacances-en-caravane-confortable-\u00a9-sCarabane.jpg\"><img loading=\"lazy\" decoding=\"async\" width=\"700\" height=\"419\" src=\"https:\/\/blog.toploc.com\/wp-content\/uploads\/2018\/07\/Un-lit-douillet-pour-des-vacances-en-caravane-confortable-\u00a9-sCarabane.jpg\" alt=\"Un lit douillet pour des vacances en caravane confortable \u00a9 sCarabane\" class=\"wp-image-67499\"\/><\/a><figcaption class=\"wp-element-caption\"><small>Un lit douillet pour des vacances en caravane confortable \u00a9 sCarabane<\/small><\/figcaption><\/figure>\n<\/div>\n\n\n<p>Lorsqu\u2019elle est repli\u00e9e, la <a href=\"http:\/\/scarabane.com\/fr\/accueil\">sCarabane<\/a> mesure 7.8 m\u00e8tres de long pour 2.5 m\u00e8tres de large. Le poids total de cette caravane autonome en \u00e9nergie atteint les 2.5 tonnes.<\/p>\n\n\n<div class=\"wp-block-image\">\n<figure class=\"aligncenter\"><a href=\"https:\/\/blog.toploc.com\/wp-content\/uploads\/2018\/07\/Une-caravane-autonome-en-energie-sur-la-route-\u00a9-sCarabane.jpg\"><img loading=\"lazy\" decoding=\"async\" width=\"700\" height=\"415\" src=\"https:\/\/blog.toploc.com\/wp-content\/uploads\/2018\/07\/Une-caravane-autonome-en-energie-sur-la-route-\u00a9-sCarabane.jpg\" alt=\"Une caravane autonome en \u00e9nergie sur la route \u00a9 sCarabane\" class=\"wp-image-67500\"\/><\/a><figcaption class=\"wp-element-caption\"><small>Une caravane autonome en \u00e9nergie sur la route \u00a9 sCarabane<\/small><\/figcaption><\/figure>\n<\/div>\n\n\n<div class=\"wp-block-buttons is-content-justification-center is-layout-flex wp-container-core-buttons-is-layout-16018d1d wp-block-buttons-is-layout-flex\">\n<div class=\"wp-block-button has-custom-font-size has-small-font-size\"><a class=\"wp-block-button__link has-background wp-element-button\" href=\"https:\/\/toploc.com\/listes\/logement-insolite-nature?utm_source=blog&amp;utm_medium=CTA&amp;utm_campaign=scarabane\" style=\"background-color:#006b52\"><strong>\ud83d\udc49 NOS LOGEMENTS INSOLITES<\/strong><\/a><\/div>\n<\/div>\n\n\n\n<p class=\"has-text-align-left\">Cette caravane aux allures futuristes n\u2019est pas encore disponible \u00e0 la vente. Cependant, vous pouvez toujours opter pour cette <a href=\"https:\/\/blog.toploc.com\/blog\/mini-maison\/mini-maison-autonome-en-energie\">mini-maison autonome en \u00e9nergie<\/a>.<\/p>\n\n\n\n<h2 id=\"decouvrez-la-scarabane-caravane-autonome-en-energie-en-video\" class=\"wp-block-heading\">D\u00e9couvrez la sCarabane caravane autonome en \u00e9nergie en vid\u00e9o<\/h2>\n\n\n<p><iframe loading=\"lazy\" title=\"sCarabane film\" width=\"1200\" height=\"675\" src=\"https:\/\/www.youtube.com\/embed\/eTRcpaFp3SY?feature=oembed\" frameborder=\"0\" allow=\"accelerometer; autoplay; clipboard-write; encrypted-media; gyroscope; picture-in-picture; web-share\" allowfullscreen><\/iframe><\/p>\n\n\n\n<p><\/p>\n","protected":false},"excerpt":{"rendered":"Vous aimez camper au c\u0153ur de la nature, mais vous avez parfois du mal \u00e0 vous passer de&hellip;\n","protected":false},"author":1,"featured_media":67493,"comment_status":"open","ping_status":"closed","sticky":false,"template":"","format":"standard","meta":{"footnotes":""},"categories":[37],"tags":[3889,6671,1306],"class_list":{"0":"post-67492","1":"post","2":"type-post","3":"status-publish","4":"format-standard","5":"has-post-thumbnail","7":"category-mini-maison","8":"tag-caravane-fabriquee-en-france","9":"tag-scarabane","10":"tag-vacances-en-caravane"},"yoast_head":"<!-- This site is optimized with the Yoast SEO plugin v26.9 - https:\/\/yoast.com\/product\/yoast-seo-wordpress\/ -->\n<title>sCarabane caravane autonome en \u00e9nergie 100% fran\u00e7aise<\/title>\n<meta name=\"description\" content=\"Vous aimez camper au c\u0153ur de la nature ? D\u00e9couvrez sCarabane caravane autonome en \u00e9nergie, id\u00e9ale pour vivre coup\u00e9 du monde...\" \/>\n<meta name=\"robots\" content=\"index, follow, max-snippet:-1, max-image-preview:large, max-video-preview:-1\" \/>\n<link rel=\"canonical\" href=\"https:\/\/toploc.com\/blog\/mini-maison\/caravane-autonome-en-energie\" \/>\n<meta property=\"og:locale\" content=\"fr_FR\" \/>\n<meta property=\"og:type\" content=\"article\" \/>\n<meta property=\"og:title\" content=\"sCarabane caravane autonome en \u00e9nergie 100% fran\u00e7aise\" \/>\n<meta property=\"og:description\" content=\"Vous aimez camper au c\u0153ur de la nature ? D\u00e9couvrez sCarabane caravane autonome en \u00e9nergie, id\u00e9ale pour vivre coup\u00e9 du monde...\" \/>\n<meta property=\"og:url\" content=\"https:\/\/toploc.com\/blog\/mini-maison\/caravane-autonome-en-energie\" \/>\n<meta property=\"og:site_name\" content=\"Toploc\" \/>\n<meta property=\"article:publisher\" content=\"https:\/\/www.facebook.com\/locationfrancophone\" \/>\n<meta property=\"article:published_time\" content=\"2022-04-27T06:00:00+00:00\" \/>\n<meta property=\"article:modified_time\" content=\"2023-04-11T10:00:17+00:00\" \/>\n<meta property=\"og:image\" content=\"https:\/\/toploc.com\/blog\/wp-content\/uploads\/2018\/07\/Une-caravane-autonome-en-energie-extensible-en-un-clin-doeil-\u00a9-sCarabane.jpg\" \/>\n\t<meta property=\"og:image:width\" content=\"700\" \/>\n\t<meta property=\"og:image:height\" content=\"457\" \/>\n\t<meta property=\"og:image:type\" content=\"image\/jpeg\" \/>\n<meta name=\"author\" content=\"Cl\u00e9ment\" \/>\n<meta name=\"twitter:card\" content=\"summary_large_image\" \/>\n<meta name=\"twitter:label1\" content=\"\u00c9crit par\" \/>\n\t<meta name=\"twitter:data1\" content=\"Cl\u00e9ment\" \/>\n\t<meta name=\"twitter:label2\" content=\"Dur\u00e9e de lecture estim\u00e9e\" \/>\n\t<meta name=\"twitter:data2\" content=\"6 minutes\" \/>\n<script type=\"application\/ld+json\" class=\"yoast-schema-graph\">{\"@context\":\"https:\/\/schema.org\",\"@graph\":[{\"@type\":\"Article\",\"@id\":\"https:\/\/toploc.com\/blog\/mini-maison\/caravane-autonome-en-energie#article\",\"isPartOf\":{\"@id\":\"https:\/\/toploc.com\/blog\/mini-maison\/caravane-autonome-en-energie\"},\"author\":{\"name\":\"Cl\u00e9ment\",\"@id\":\"https:\/\/toploc.com\/blog\/#\/schema\/person\/a9a9ab9580d05ee0352c23272006bb69\"},\"headline\":\"sCarabane caravane autonome en \u00e9nergie 100% fran\u00e7aise\",\"datePublished\":\"2022-04-27T06:00:00+00:00\",\"dateModified\":\"2023-04-11T10:00:17+00:00\",\"mainEntityOfPage\":{\"@id\":\"https:\/\/toploc.com\/blog\/mini-maison\/caravane-autonome-en-energie\"},\"wordCount\":772,\"commentCount\":2,\"publisher\":{\"@id\":\"https:\/\/toploc.com\/blog\/#organization\"},\"image\":{\"@id\":\"https:\/\/toploc.com\/blog\/mini-maison\/caravane-autonome-en-energie#primaryimage\"},\"thumbnailUrl\":\"https:\/\/toploc.com\/blog\/wp-content\/uploads\/2018\/07\/Une-caravane-autonome-en-energie-extensible-en-un-clin-doeil-\u00a9-sCarabane.jpg\",\"keywords\":[\"caravane fabriqu\u00e9e en France\",\"sCArabane\",\"vacances en caravane\"],\"articleSection\":[\"Tiny House\"],\"inLanguage\":\"fr-FR\",\"potentialAction\":[{\"@type\":\"CommentAction\",\"name\":\"Comment\",\"target\":[\"https:\/\/toploc.com\/blog\/mini-maison\/caravane-autonome-en-energie#respond\"]}]},{\"@type\":\"WebPage\",\"@id\":\"https:\/\/toploc.com\/blog\/mini-maison\/caravane-autonome-en-energie\",\"url\":\"https:\/\/toploc.com\/blog\/mini-maison\/caravane-autonome-en-energie\",\"name\":\"sCarabane caravane autonome en \u00e9nergie 100% fran\u00e7aise\",\"isPartOf\":{\"@id\":\"https:\/\/toploc.com\/blog\/#website\"},\"primaryImageOfPage\":{\"@id\":\"https:\/\/toploc.com\/blog\/mini-maison\/caravane-autonome-en-energie#primaryimage\"},\"image\":{\"@id\":\"https:\/\/toploc.com\/blog\/mini-maison\/caravane-autonome-en-energie#primaryimage\"},\"thumbnailUrl\":\"https:\/\/toploc.com\/blog\/wp-content\/uploads\/2018\/07\/Une-caravane-autonome-en-energie-extensible-en-un-clin-doeil-\u00a9-sCarabane.jpg\",\"datePublished\":\"2022-04-27T06:00:00+00:00\",\"dateModified\":\"2023-04-11T10:00:17+00:00\",\"description\":\"Vous aimez camper au c\u0153ur de la nature ? D\u00e9couvrez sCarabane caravane autonome en \u00e9nergie, id\u00e9ale pour vivre coup\u00e9 du monde...\",\"breadcrumb\":{\"@id\":\"https:\/\/toploc.com\/blog\/mini-maison\/caravane-autonome-en-energie#breadcrumb\"},\"inLanguage\":\"fr-FR\",\"potentialAction\":[{\"@type\":\"ReadAction\",\"target\":[\"https:\/\/toploc.com\/blog\/mini-maison\/caravane-autonome-en-energie\"]}]},{\"@type\":\"ImageObject\",\"inLanguage\":\"fr-FR\",\"@id\":\"https:\/\/toploc.com\/blog\/mini-maison\/caravane-autonome-en-energie#primaryimage\",\"url\":\"https:\/\/toploc.com\/blog\/wp-content\/uploads\/2018\/07\/Une-caravane-autonome-en-energie-extensible-en-un-clin-doeil-\u00a9-sCarabane.jpg\",\"contentUrl\":\"https:\/\/toploc.com\/blog\/wp-content\/uploads\/2018\/07\/Une-caravane-autonome-en-energie-extensible-en-un-clin-doeil-\u00a9-sCarabane.jpg\",\"width\":700,\"height\":457,\"caption\":\"Une caravane autonome en \u00e9nergie extensible en un clin d'\u0153il \u00a9 sCarabane\"},{\"@type\":\"BreadcrumbList\",\"@id\":\"https:\/\/toploc.com\/blog\/mini-maison\/caravane-autonome-en-energie#breadcrumb\",\"itemListElement\":[{\"@type\":\"ListItem\",\"position\":1,\"name\":\"Accueil\",\"item\":\"https:\/\/toploc.com\/blog\"},{\"@type\":\"ListItem\",\"position\":2,\"name\":\"sCarabane caravane autonome en \u00e9nergie 100% fran\u00e7aise\"}]},{\"@type\":\"WebSite\",\"@id\":\"https:\/\/toploc.com\/blog\/#website\",\"url\":\"https:\/\/toploc.com\/blog\/\",\"name\":\"Toploc\",\"description\":\"Itin\u00e9raires natures et locations de vacances en groupe\",\"publisher\":{\"@id\":\"https:\/\/toploc.com\/blog\/#organization\"},\"potentialAction\":[{\"@type\":\"SearchAction\",\"target\":{\"@type\":\"EntryPoint\",\"urlTemplate\":\"https:\/\/toploc.com\/blog\/?s={search_term_string}\"},\"query-input\":{\"@type\":\"PropertyValueSpecification\",\"valueRequired\":true,\"valueName\":\"search_term_string\"}}],\"inLanguage\":\"fr-FR\"},{\"@type\":\"Organization\",\"@id\":\"https:\/\/toploc.com\/blog\/#organization\",\"name\":\"Toploc\",\"url\":\"https:\/\/toploc.com\/blog\/\",\"logo\":{\"@type\":\"ImageObject\",\"inLanguage\":\"fr-FR\",\"@id\":\"https:\/\/toploc.com\/blog\/#\/schema\/logo\/image\/\",\"url\":\"https:\/\/blog.toploc.com\/wp-content\/uploads\/2022\/03\/toploc_facebook_5.png\",\"contentUrl\":\"https:\/\/blog.toploc.com\/wp-content\/uploads\/2022\/03\/toploc_facebook_5.png\",\"width\":600,\"height\":600,\"caption\":\"Toploc\"},\"image\":{\"@id\":\"https:\/\/toploc.com\/blog\/#\/schema\/logo\/image\/\"},\"sameAs\":[\"https:\/\/www.facebook.com\/locationfrancophone\",\"https:\/\/www.instagram.com\/toploc_\",\"https:\/\/www.pinterest.fr\/Toploc_\/\"]},{\"@type\":\"Person\",\"@id\":\"https:\/\/toploc.com\/blog\/#\/schema\/person\/a9a9ab9580d05ee0352c23272006bb69\",\"name\":\"Cl\u00e9ment\",\"image\":{\"@type\":\"ImageObject\",\"inLanguage\":\"fr-FR\",\"@id\":\"https:\/\/toploc.com\/blog\/#\/schema\/person\/image\/\",\"url\":\"https:\/\/secure.gravatar.com\/avatar\/fdec9cf4f9df05f96e411731f2f56a5a1f291b77059f45b98e75f934d1b60d62?s=96&d=mm&r=g\",\"contentUrl\":\"https:\/\/secure.gravatar.com\/avatar\/fdec9cf4f9df05f96e411731f2f56a5a1f291b77059f45b98e75f934d1b60d62?s=96&d=mm&r=g\",\"caption\":\"Cl\u00e9ment\"},\"description\":\"Passionn\u00e9 de longues aventures \u00e0 v\u00e9lo et de camping en plein air, j'aime explorer de nouvelles contr\u00e9es et d\u00e9couvrir de nouveaux endroits 100% nature.\",\"url\":\"https:\/\/toploc.com\/blog\/author\/clement\"}]}<\/script>\n<!-- \/ Yoast SEO plugin. -->","yoast_head_json":{"title":"sCarabane caravane autonome en \u00e9nergie 100% fran\u00e7aise","description":"Vous aimez camper au c\u0153ur de la nature ? D\u00e9couvrez sCarabane caravane autonome en \u00e9nergie, id\u00e9ale pour vivre coup\u00e9 du monde...","robots":{"index":"index","follow":"follow","max-snippet":"max-snippet:-1","max-image-preview":"max-image-preview:large","max-video-preview":"max-video-preview:-1"},"canonical":"https:\/\/toploc.com\/blog\/mini-maison\/caravane-autonome-en-energie","og_locale":"fr_FR","og_type":"article","og_title":"sCarabane caravane autonome en \u00e9nergie 100% fran\u00e7aise","og_description":"Vous aimez camper au c\u0153ur de la nature ? D\u00e9couvrez sCarabane caravane autonome en \u00e9nergie, id\u00e9ale pour vivre coup\u00e9 du monde...","og_url":"https:\/\/toploc.com\/blog\/mini-maison\/caravane-autonome-en-energie","og_site_name":"Toploc","article_publisher":"https:\/\/www.facebook.com\/locationfrancophone","article_published_time":"2022-04-27T06:00:00+00:00","article_modified_time":"2023-04-11T10:00:17+00:00","og_image":[{"width":700,"height":457,"url":"https:\/\/toploc.com\/blog\/wp-content\/uploads\/2018\/07\/Une-caravane-autonome-en-energie-extensible-en-un-clin-doeil-\u00a9-sCarabane.jpg","type":"image\/jpeg"}],"author":"Cl\u00e9ment","twitter_card":"summary_large_image","twitter_misc":{"\u00c9crit par":"Cl\u00e9ment","Dur\u00e9e de lecture estim\u00e9e":"6 minutes"},"schema":{"@context":"https:\/\/schema.org","@graph":[{"@type":"Article","@id":"https:\/\/toploc.com\/blog\/mini-maison\/caravane-autonome-en-energie#article","isPartOf":{"@id":"https:\/\/toploc.com\/blog\/mini-maison\/caravane-autonome-en-energie"},"author":{"name":"Cl\u00e9ment","@id":"https:\/\/toploc.com\/blog\/#\/schema\/person\/a9a9ab9580d05ee0352c23272006bb69"},"headline":"sCarabane caravane autonome en \u00e9nergie 100% fran\u00e7aise","datePublished":"2022-04-27T06:00:00+00:00","dateModified":"2023-04-11T10:00:17+00:00","mainEntityOfPage":{"@id":"https:\/\/toploc.com\/blog\/mini-maison\/caravane-autonome-en-energie"},"wordCount":772,"commentCount":2,"publisher":{"@id":"https:\/\/toploc.com\/blog\/#organization"},"image":{"@id":"https:\/\/toploc.com\/blog\/mini-maison\/caravane-autonome-en-energie#primaryimage"},"thumbnailUrl":"https:\/\/toploc.com\/blog\/wp-content\/uploads\/2018\/07\/Une-caravane-autonome-en-energie-extensible-en-un-clin-doeil-\u00a9-sCarabane.jpg","keywords":["caravane fabriqu\u00e9e en France","sCArabane","vacances en caravane"],"articleSection":["Tiny House"],"inLanguage":"fr-FR","potentialAction":[{"@type":"CommentAction","name":"Comment","target":["https:\/\/toploc.com\/blog\/mini-maison\/caravane-autonome-en-energie#respond"]}]},{"@type":"WebPage","@id":"https:\/\/toploc.com\/blog\/mini-maison\/caravane-autonome-en-energie","url":"https:\/\/toploc.com\/blog\/mini-maison\/caravane-autonome-en-energie","name":"sCarabane caravane autonome en \u00e9nergie 100% fran\u00e7aise","isPartOf":{"@id":"https:\/\/toploc.com\/blog\/#website"},"primaryImageOfPage":{"@id":"https:\/\/toploc.com\/blog\/mini-maison\/caravane-autonome-en-energie#primaryimage"},"image":{"@id":"https:\/\/toploc.com\/blog\/mini-maison\/caravane-autonome-en-energie#primaryimage"},"thumbnailUrl":"https:\/\/toploc.com\/blog\/wp-content\/uploads\/2018\/07\/Une-caravane-autonome-en-energie-extensible-en-un-clin-doeil-\u00a9-sCarabane.jpg","datePublished":"2022-04-27T06:00:00+00:00","dateModified":"2023-04-11T10:00:17+00:00","description":"Vous aimez camper au c\u0153ur de la nature ? D\u00e9couvrez sCarabane caravane autonome en \u00e9nergie, id\u00e9ale pour vivre coup\u00e9 du monde...","breadcrumb":{"@id":"https:\/\/toploc.com\/blog\/mini-maison\/caravane-autonome-en-energie#breadcrumb"},"inLanguage":"fr-FR","potentialAction":[{"@type":"ReadAction","target":["https:\/\/toploc.com\/blog\/mini-maison\/caravane-autonome-en-energie"]}]},{"@type":"ImageObject","inLanguage":"fr-FR","@id":"https:\/\/toploc.com\/blog\/mini-maison\/caravane-autonome-en-energie#primaryimage","url":"https:\/\/toploc.com\/blog\/wp-content\/uploads\/2018\/07\/Une-caravane-autonome-en-energie-extensible-en-un-clin-doeil-\u00a9-sCarabane.jpg","contentUrl":"https:\/\/toploc.com\/blog\/wp-content\/uploads\/2018\/07\/Une-caravane-autonome-en-energie-extensible-en-un-clin-doeil-\u00a9-sCarabane.jpg","width":700,"height":457,"caption":"Une caravane autonome en \u00e9nergie extensible en un clin d'\u0153il \u00a9 sCarabane"},{"@type":"BreadcrumbList","@id":"https:\/\/toploc.com\/blog\/mini-maison\/caravane-autonome-en-energie#breadcrumb","itemListElement":[{"@type":"ListItem","position":1,"name":"Accueil","item":"https:\/\/toploc.com\/blog"},{"@type":"ListItem","position":2,"name":"sCarabane caravane autonome en \u00e9nergie 100% fran\u00e7aise"}]},{"@type":"WebSite","@id":"https:\/\/toploc.com\/blog\/#website","url":"https:\/\/toploc.com\/blog\/","name":"Toploc","description":"Itin\u00e9raires natures et locations de vacances en groupe","publisher":{"@id":"https:\/\/toploc.com\/blog\/#organization"},"potentialAction":[{"@type":"SearchAction","target":{"@type":"EntryPoint","urlTemplate":"https:\/\/toploc.com\/blog\/?s={search_term_string}"},"query-input":{"@type":"PropertyValueSpecification","valueRequired":true,"valueName":"search_term_string"}}],"inLanguage":"fr-FR"},{"@type":"Organization","@id":"https:\/\/toploc.com\/blog\/#organization","name":"Toploc","url":"https:\/\/toploc.com\/blog\/","logo":{"@type":"ImageObject","inLanguage":"fr-FR","@id":"https:\/\/toploc.com\/blog\/#\/schema\/logo\/image\/","url":"https:\/\/blog.toploc.com\/wp-content\/uploads\/2022\/03\/toploc_facebook_5.png","contentUrl":"https:\/\/blog.toploc.com\/wp-content\/uploads\/2022\/03\/toploc_facebook_5.png","width":600,"height":600,"caption":"Toploc"},"image":{"@id":"https:\/\/toploc.com\/blog\/#\/schema\/logo\/image\/"},"sameAs":["https:\/\/www.facebook.com\/locationfrancophone","https:\/\/www.instagram.com\/toploc_","https:\/\/www.pinterest.fr\/Toploc_\/"]},{"@type":"Person","@id":"https:\/\/toploc.com\/blog\/#\/schema\/person\/a9a9ab9580d05ee0352c23272006bb69","name":"Cl\u00e9ment","image":{"@type":"ImageObject","inLanguage":"fr-FR","@id":"https:\/\/toploc.com\/blog\/#\/schema\/person\/image\/","url":"https:\/\/secure.gravatar.com\/avatar\/fdec9cf4f9df05f96e411731f2f56a5a1f291b77059f45b98e75f934d1b60d62?s=96&d=mm&r=g","contentUrl":"https:\/\/secure.gravatar.com\/avatar\/fdec9cf4f9df05f96e411731f2f56a5a1f291b77059f45b98e75f934d1b60d62?s=96&d=mm&r=g","caption":"Cl\u00e9ment"},"description":"Passionn\u00e9 de longues aventures \u00e0 v\u00e9lo et de camping en plein air, j'aime explorer de nouvelles contr\u00e9es et d\u00e9couvrir de nouveaux endroits 100% nature.","url":"https:\/\/toploc.com\/blog\/author\/clement"}]}},"_links":{"self":[{"href":"https:\/\/toploc.com\/blog\/wp-json\/wp\/v2\/posts\/67492","targetHints":{"allow":["GET"]}}],"collection":[{"href":"https:\/\/toploc.com\/blog\/wp-json\/wp\/v2\/posts"}],"about":[{"href":"https:\/\/toploc.com\/blog\/wp-json\/wp\/v2\/types\/post"}],"author":[{"embeddable":true,"href":"https:\/\/toploc.com\/blog\/wp-json\/wp\/v2\/users\/1"}],"replies":[{"embeddable":true,"href":"https:\/\/toploc.com\/blog\/wp-json\/wp\/v2\/comments?post=67492"}],"version-history":[{"count":7,"href":"https:\/\/toploc.com\/blog\/wp-json\/wp\/v2\/posts\/67492\/revisions"}],"predecessor-version":[{"id":126935,"href":"https:\/\/toploc.com\/blog\/wp-json\/wp\/v2\/posts\/67492\/revisions\/126935"}],"wp:featuredmedia":[{"embeddable":true,"href":"https:\/\/toploc.com\/blog\/wp-json\/wp\/v2\/media\/67493"}],"wp:attachment":[{"href":"https:\/\/toploc.com\/blog\/wp-json\/wp\/v2\/media?parent=67492"}],"wp:term":[{"taxonomy":"category","embeddable":true,"href":"https:\/\/toploc.com\/blog\/wp-json\/wp\/v2\/categories?post=67492"},{"taxonomy":"post_tag","embeddable":true,"href":"https:\/\/toploc.com\/blog\/wp-json\/wp\/v2\/tags?post=67492"}],"curies":[{"name":"wp","href":"https:\/\/api.w.org\/{rel}","templated":true}]}}