{"id":5036,"date":"2016-03-19T11:47:43","date_gmt":"2016-03-19T09:47:43","guid":{"rendered":"https:\/\/www.location-francophone.com\/blog\/?p=5036"},"modified":"2016-03-19T11:47:43","modified_gmt":"2016-03-19T09:47:43","slug":"iles-du-cap-vert","status":"publish","type":"post","link":"https:\/\/toploc.com\/blog\/afrique\/iles-du-cap-vert","title":{"rendered":"Cap-Vert francophone : les incontournables \u00eeles du Cap-Vert"},"content":{"rendered":"<p style=\"text-align: justify;\">Profitez de la semaine de la francophonie et partez \u00e0 la d\u00e9couverte des plus belles \u00eeles du Cap-Vert. La semaine de la francophonie est \u00e0 l\u2019\u00e9vidence un \u00e9v\u00e9nement incontournable dans de nombreux pays francophones incluant le Cap-Vert. Quelques \u00e9v\u00e9nements se pr\u00e9parent d\u2019ailleurs durant cette semaine qui a commenc\u00e9 le 12 et prend fin le 20 mars 2016.<\/p>\n<figure id=\"attachment_5045\" aria-describedby=\"caption-attachment-5045\" style=\"width: 650px\" class=\"wp-caption aligncenter\"><img loading=\"lazy\" decoding=\"async\" class=\"size-full wp-image-5045\" src=\"https:\/\/blog.toploc.com\/wp-content\/uploads\/2016\/03\/Les-plages-du-Cap-vert.jpg\" alt=\"Les plages du Cap-vert\" width=\"650\" height=\"372\" \/><figcaption id=\"caption-attachment-5045\" class=\"wp-caption-text\"><small>Les plages du Cap-vert<\/small><\/figcaption><\/figure>\n<p style=\"text-align: justify;\"><!--more--><\/p>\n<h2 id=\"les-iles-du-cap-vert-francophone\" style=\"text-align: justify;\">Les \u00eeles du Cap-Vert francophone<\/h2>\n<p style=\"text-align: justify;\">Membre de l\u2019Organisation internationale de la francophonie, ainsi que de l\u2019Assembl\u00e9e parlementaire de la francophonie, il semble normal que le Cap-Vert r\u00e9agisse \u00e0 la semaine internationale de la francophonie.<\/p>\n<p style=\"text-align: justify;\">Cette semaine est accueillie dans une ambiance festive avec, au programme, concert musical et soir\u00e9e gastronomique le 13 mars et des jeux organis\u00e9s le 17 mars, afin de faire d\u00e9couvrir aux \u00e9tudiants l\u2019importance de la francophonie.<\/p>\n<p style=\"text-align: justify;\">Inutile cependant d\u2019attendre la semaine de la francophonie pour se rendre compte de l\u2019appartenance du Cap-Vert \u00e0 cette grande communaut\u00e9 mondiale. Il vous suffit de vous rendre jusqu\u2019\u00e0 ce magnifique \u00c9tat insulaire d\u2019Afrique de l\u2019Ouest et partir \u00e0 la d\u00e9couverte des \u00eeles du Cap-Vert pour vous rendre compte combien cet archipel est attach\u00e9 aux valeurs francophones.<\/p>\n<h2 id=\"boa-vista-lile-magique\" style=\"text-align: justify;\">Boa Vista, l\u2019\u00eele magique<\/h2>\n<p style=\"text-align: justify;\">Localis\u00e9e au nord de l\u2019archipel, Boa Vista occupe \u00e0 l\u2019\u00e9vidence la premi\u00e8re place dans la liste des plus belles \u00eeles du Cap-Vert. Offrez-vous donc un <a href=\"https:\/\/www.location-francophone.com\/blog\/camping-pas-cher-bord-de-mer\/\">camping pas cher en bord de mer<\/a> sur la 3<sup>e<\/sup> plus grande \u00eele du Cap-Vert et d\u00e9couvrez ses magnifiques plages de sable fin qui offrent une vue imprenable sur une mer turquoise sous le soleil estival.<\/p>\n<figure id=\"attachment_5044\" aria-describedby=\"caption-attachment-5044\" style=\"width: 650px\" class=\"wp-caption aligncenter\"><img loading=\"lazy\" decoding=\"async\" class=\"size-full wp-image-5044\" src=\"https:\/\/blog.toploc.com\/wp-content\/uploads\/2016\/03\/Iles-du-Cap-Vert.jpg\" alt=\"\u00celes du Cap-Vert\" width=\"650\" height=\"394\" \/><figcaption id=\"caption-attachment-5044\" class=\"wp-caption-text\"><small>\u00celes du Cap-Vert<\/small><\/figcaption><\/figure>\n<p style=\"text-align: justify;\">Boa Vista est localis\u00e9e au sud de l\u2019\u00eele de Sal. Elle vous transporte dans un univers hors du commun, presque irr\u00e9el avec ses dunes et ses petits coins de verdure o\u00f9 vous pourrez vous reposer \u00e0 l\u2019ombre d\u2019un palmier.<\/p>\n<h2 id=\"lile-verte-de-brava\" style=\"text-align: justify;\">L\u2019\u00eele verte de Brava<\/h2>\n<p style=\"text-align: justify;\">Vous souhaitez vous \u00e9vader au c\u0153ur d\u2019un paysage luxuriant ? N\u2019h\u00e9sitez pas \u00e0 choisir l\u2019\u00eele de Brava parmi les splendides \u00eeles du Cap-Vert. Des <a href=\"https:\/\/www.location-francophone.com\/blog\/vacances-rio-de-janeiro\/\">vacances \u00e0 Rio de Janeiro<\/a> \u00e9galent en effet difficilement un weekend sur l\u2019\u00eele de Brava, notamment lorsque l\u2019on compare le paysage.<\/p>\n<figure id=\"attachment_5046\" aria-describedby=\"caption-attachment-5046\" style=\"width: 650px\" class=\"wp-caption aligncenter\"><img loading=\"lazy\" decoding=\"async\" class=\"size-full wp-image-5046\" src=\"https:\/\/blog.toploc.com\/wp-content\/uploads\/2016\/03\/Coucher-de-soleil-a-Brava.jpg\" alt=\"Coucher de soleil \u00e0 Brava\" width=\"650\" height=\"345\" \/><figcaption id=\"caption-attachment-5046\" class=\"wp-caption-text\"><small>Coucher de soleil \u00e0 Brava<\/small><\/figcaption><\/figure>\n<p style=\"text-align: justify;\">Brava est dot\u00e9e d\u2019un charme exotique. Celle-ci se pare effectivement d\u2019un environnement verdoyant embelli d\u2019un paysage escarp\u00e9 qui lui conf\u00e8re un caract\u00e8re authentique. Certes, cette derni\u00e8re est la plus petite \u00eele occup\u00e9e de l\u2019archipel. Brava se pare n\u00e9anmoins d\u2019un paysage volcanique favorable \u00e0 l\u2019\u00e9panouissement d\u2019une nature sauvage. Un environnement unique qui lui a donn\u00e9 le surnom de l\u2019\u00eele aux fleurs.<\/p>\n<h2 id=\"paysage-volcanique-de-fogo\" style=\"text-align: justify;\">Paysage volcanique de Fogo<\/h2>\n<p style=\"text-align: justify;\">Et lorsque l\u2019on parle des \u00eeles du Cap-Vert\u00a0et de leur paysage volcanique, on pense imm\u00e9diatement \u00e0 la charmante \u00eele de Fogo o\u00f9 vous pourrez sans peine trouver une charmante petite <a href=\"https:\/\/www.location-francophone.com\/blog\/maison-a-louer-pas-cher\/\">maison \u00e0 louer pas cher<\/a>.<\/p>\n<figure id=\"attachment_5047\" aria-describedby=\"caption-attachment-5047\" style=\"width: 650px\" class=\"wp-caption aligncenter\"><img loading=\"lazy\" decoding=\"async\" class=\"size-full wp-image-5047\" src=\"https:\/\/blog.toploc.com\/wp-content\/uploads\/2016\/03\/Vue-sur-le-Pic-de-Fogo.jpg\" alt=\"Vue sur le Pic de Fogo\" width=\"650\" height=\"379\" \/><figcaption id=\"caption-attachment-5047\" class=\"wp-caption-text\"><small>Vue sur le Pic de Fogo<\/small><\/figcaption><\/figure>\n<p style=\"text-align: justify;\">Domin\u00e9e par le volcan Pico de Fogo, culminant \u00e0 2\u00a0829 m\u00e8tres, cette majestueuse \u00eele se situe au sud de l\u2019archipel. Elle vous invite \u00e0 profiter d\u2019une petite randonn\u00e9e sur ses terres volcaniques. N&#8217;h\u00e9sitez pas \u00e9galement \u00e0 monter jusqu\u2019au sommet du volcan o\u00f9 une vue imprenable vous attend\u00a0!<\/p>\n<p style=\"text-align: justify;\">N\u2019h\u00e9sitez pas \u00e9galement \u00e0 fl\u00e2ner dans les petits villages de l\u2019\u00eele de Fogo. Ces derniers plongent dans un univers pittoresque comme la ville de Mosteiros. Pensez aussi au village de Santa Catarina do Fogo, localis\u00e9e \u00e0 l\u2019est de la petite \u00eele volcanique.<\/p>\n<h2 id=\"les-plages-de-sal\" style=\"text-align: justify;\">Les plages de Sal<\/h2>\n<p style=\"text-align: justify;\">Par contre, si les plages de sable blanc vous fascinent, pr\u00e9f\u00e9rez une <a href=\"https:\/\/www.location-francophone.com\/blog\/maison-en-location-par-particulier\/\">maison en location par particulier<\/a> sur l\u2019\u00eele de Sal. Sal esy une destination incontournable des amoureux de plages paradisiaques des \u00eeles du Cap-Vert. Elle s\u2019agr\u00e9mente en effet de longues bandes de sable blanc bord\u00e9es par une mer \u00e9lectrique.<\/p>\n<figure id=\"attachment_5048\" aria-describedby=\"caption-attachment-5048\" style=\"width: 650px\" class=\"wp-caption aligncenter\"><img loading=\"lazy\" decoding=\"async\" class=\"size-full wp-image-5048\" src=\"https:\/\/blog.toploc.com\/wp-content\/uploads\/2016\/03\/Belle-plage-de-lile-de-Sal.jpg\" alt=\"Belle plage de l'\u00eele de Sal\" width=\"650\" height=\"392\" \/><figcaption id=\"caption-attachment-5048\" class=\"wp-caption-text\"><small>Belle plage de l&#8217;\u00eele de Sal<\/small><\/figcaption><\/figure>\n<p style=\"text-align: justify;\">En s\u00e9journant dans la ville de <a href=\"https:\/\/fr.wikipedia.org\/wiki\/Santa_Maria_(Cap-Vert)\">Santa Maria,<\/a> vous serez rapidement conquis par la magnifique plage de sable dor\u00e9 s\u2019\u00e9tirant sur plus de 8 km o\u00f9 vous pourrez vous adonner \u00e0 toutes vos activit\u00e9s nautiques pr\u00e9f\u00e9r\u00e9es sous un soleil radieux\u00a0!<\/p>\n","protected":false},"excerpt":{"rendered":"Profitez de la semaine de la francophonie et partez \u00e0 la d\u00e9couverte des plus belles \u00eeles du Cap-Vert.&hellip;\n","protected":false},"author":3,"featured_media":5044,"comment_status":"open","ping_status":"closed","sticky":false,"template":"","format":"standard","meta":{"footnotes":""},"categories":[75],"tags":[678,679,680,681,682],"class_list":{"0":"post-5036","1":"post","2":"type-post","3":"status-publish","4":"format-standard","5":"has-post-thumbnail","7":"category-afrique","8":"tag-francophonie-au-cap-vert","9":"tag-ile-volcanique","10":"tag-plages-du-cap-vert","11":"tag-randonnee-a-fogo","12":"tag-sejour-au-cap-vert"},"yoast_head":"<!-- This site is optimized with the Yoast SEO plugin v26.9 - https:\/\/yoast.com\/product\/yoast-seo-wordpress\/ -->\n<title>Cap-Vert francophone : les incontournables \u00eeles du Cap-Vert<\/title>\n<meta name=\"description\" content=\"Profitez de la semaine de la francophonie et partez \u00e0 la d\u00e9couverte des plus belles \u00eeles du Cap-Vert et de leurs magnifiques...\" \/>\n<meta name=\"robots\" content=\"index, follow, max-snippet:-1, max-image-preview:large, max-video-preview:-1\" \/>\n<link rel=\"canonical\" href=\"https:\/\/toploc.com\/blog\/afrique\/iles-du-cap-vert\" \/>\n<meta property=\"og:locale\" content=\"fr_FR\" \/>\n<meta property=\"og:type\" content=\"article\" \/>\n<meta property=\"og:title\" content=\"Cap-Vert francophone : les incontournables \u00eeles du Cap-Vert\" \/>\n<meta property=\"og:description\" content=\"Profitez de la semaine de la francophonie et partez \u00e0 la d\u00e9couverte des plus belles \u00eeles du Cap-Vert et de leurs magnifiques...\" \/>\n<meta property=\"og:url\" content=\"https:\/\/toploc.com\/blog\/afrique\/iles-du-cap-vert\" \/>\n<meta property=\"og:site_name\" content=\"Toploc\" \/>\n<meta property=\"article:publisher\" content=\"https:\/\/www.facebook.com\/locationfrancophone\" \/>\n<meta property=\"article:published_time\" content=\"2016-03-19T09:47:43+00:00\" \/>\n<meta property=\"og:image\" content=\"https:\/\/toploc.com\/blog\/wp-content\/uploads\/2016\/03\/Iles-du-Cap-Vert.jpg\" \/>\n\t<meta property=\"og:image:width\" content=\"650\" \/>\n\t<meta property=\"og:image:height\" content=\"394\" \/>\n\t<meta property=\"og:image:type\" content=\"image\/jpeg\" \/>\n<meta name=\"author\" content=\"Julien\" \/>\n<meta name=\"twitter:card\" content=\"summary_large_image\" \/>\n<meta name=\"twitter:label1\" content=\"\u00c9crit par\" \/>\n\t<meta name=\"twitter:data1\" content=\"Julien\" \/>\n\t<meta name=\"twitter:label2\" content=\"Dur\u00e9e de lecture estim\u00e9e\" \/>\n\t<meta name=\"twitter:data2\" content=\"4 minutes\" \/>\n<script type=\"application\/ld+json\" class=\"yoast-schema-graph\">{\"@context\":\"https:\/\/schema.org\",\"@graph\":[{\"@type\":\"Article\",\"@id\":\"https:\/\/toploc.com\/blog\/afrique\/iles-du-cap-vert#article\",\"isPartOf\":{\"@id\":\"https:\/\/toploc.com\/blog\/afrique\/iles-du-cap-vert\"},\"author\":{\"name\":\"Julien\",\"@id\":\"https:\/\/toploc.com\/blog\/#\/schema\/person\/b66f845e3e2106301dee05e5bc776788\"},\"headline\":\"Cap-Vert francophone : les incontournables \u00eeles du Cap-Vert\",\"datePublished\":\"2016-03-19T09:47:43+00:00\",\"mainEntityOfPage\":{\"@id\":\"https:\/\/toploc.com\/blog\/afrique\/iles-du-cap-vert\"},\"wordCount\":739,\"commentCount\":0,\"publisher\":{\"@id\":\"https:\/\/toploc.com\/blog\/#organization\"},\"image\":{\"@id\":\"https:\/\/toploc.com\/blog\/afrique\/iles-du-cap-vert#primaryimage\"},\"thumbnailUrl\":\"https:\/\/toploc.com\/blog\/wp-content\/uploads\/2016\/03\/Iles-du-Cap-Vert.jpg\",\"keywords\":[\"francophonie au Cap-Vert\",\"\u00eele volcanique\",\"plages du Cap-Vert\",\"randonn\u00e9e \u00e0 Fogo\",\"s\u00e9jour au Cap-Vert\"],\"articleSection\":[\"Itin\u00e9raires Afrique\"],\"inLanguage\":\"fr-FR\",\"potentialAction\":[{\"@type\":\"CommentAction\",\"name\":\"Comment\",\"target\":[\"https:\/\/toploc.com\/blog\/afrique\/iles-du-cap-vert#respond\"]}]},{\"@type\":\"WebPage\",\"@id\":\"https:\/\/toploc.com\/blog\/afrique\/iles-du-cap-vert\",\"url\":\"https:\/\/toploc.com\/blog\/afrique\/iles-du-cap-vert\",\"name\":\"Cap-Vert francophone : les incontournables \u00eeles du Cap-Vert\",\"isPartOf\":{\"@id\":\"https:\/\/toploc.com\/blog\/#website\"},\"primaryImageOfPage\":{\"@id\":\"https:\/\/toploc.com\/blog\/afrique\/iles-du-cap-vert#primaryimage\"},\"image\":{\"@id\":\"https:\/\/toploc.com\/blog\/afrique\/iles-du-cap-vert#primaryimage\"},\"thumbnailUrl\":\"https:\/\/toploc.com\/blog\/wp-content\/uploads\/2016\/03\/Iles-du-Cap-Vert.jpg\",\"datePublished\":\"2016-03-19T09:47:43+00:00\",\"description\":\"Profitez de la semaine de la francophonie et partez \u00e0 la d\u00e9couverte des plus belles \u00eeles du Cap-Vert et de leurs magnifiques...\",\"breadcrumb\":{\"@id\":\"https:\/\/toploc.com\/blog\/afrique\/iles-du-cap-vert#breadcrumb\"},\"inLanguage\":\"fr-FR\",\"potentialAction\":[{\"@type\":\"ReadAction\",\"target\":[\"https:\/\/toploc.com\/blog\/afrique\/iles-du-cap-vert\"]}]},{\"@type\":\"ImageObject\",\"inLanguage\":\"fr-FR\",\"@id\":\"https:\/\/toploc.com\/blog\/afrique\/iles-du-cap-vert#primaryimage\",\"url\":\"https:\/\/toploc.com\/blog\/wp-content\/uploads\/2016\/03\/Iles-du-Cap-Vert.jpg\",\"contentUrl\":\"https:\/\/toploc.com\/blog\/wp-content\/uploads\/2016\/03\/Iles-du-Cap-Vert.jpg\",\"width\":650,\"height\":394,\"caption\":\"\u00celes du Cap-Vert\"},{\"@type\":\"BreadcrumbList\",\"@id\":\"https:\/\/toploc.com\/blog\/afrique\/iles-du-cap-vert#breadcrumb\",\"itemListElement\":[{\"@type\":\"ListItem\",\"position\":1,\"name\":\"Accueil\",\"item\":\"https:\/\/toploc.com\/blog\"},{\"@type\":\"ListItem\",\"position\":2,\"name\":\"Cap-Vert francophone : les incontournables \u00eeles du Cap-Vert\"}]},{\"@type\":\"WebSite\",\"@id\":\"https:\/\/toploc.com\/blog\/#website\",\"url\":\"https:\/\/toploc.com\/blog\/\",\"name\":\"Toploc\",\"description\":\"Itin\u00e9raires natures et locations de vacances en groupe\",\"publisher\":{\"@id\":\"https:\/\/toploc.com\/blog\/#organization\"},\"potentialAction\":[{\"@type\":\"SearchAction\",\"target\":{\"@type\":\"EntryPoint\",\"urlTemplate\":\"https:\/\/toploc.com\/blog\/?s={search_term_string}\"},\"query-input\":{\"@type\":\"PropertyValueSpecification\",\"valueRequired\":true,\"valueName\":\"search_term_string\"}}],\"inLanguage\":\"fr-FR\"},{\"@type\":\"Organization\",\"@id\":\"https:\/\/toploc.com\/blog\/#organization\",\"name\":\"Toploc\",\"url\":\"https:\/\/toploc.com\/blog\/\",\"logo\":{\"@type\":\"ImageObject\",\"inLanguage\":\"fr-FR\",\"@id\":\"https:\/\/toploc.com\/blog\/#\/schema\/logo\/image\/\",\"url\":\"https:\/\/blog.toploc.com\/wp-content\/uploads\/2022\/03\/toploc_facebook_5.png\",\"contentUrl\":\"https:\/\/blog.toploc.com\/wp-content\/uploads\/2022\/03\/toploc_facebook_5.png\",\"width\":600,\"height\":600,\"caption\":\"Toploc\"},\"image\":{\"@id\":\"https:\/\/toploc.com\/blog\/#\/schema\/logo\/image\/\"},\"sameAs\":[\"https:\/\/www.facebook.com\/locationfrancophone\",\"https:\/\/www.instagram.com\/toploc_\",\"https:\/\/www.pinterest.fr\/Toploc_\/\"]},{\"@type\":\"Person\",\"@id\":\"https:\/\/toploc.com\/blog\/#\/schema\/person\/b66f845e3e2106301dee05e5bc776788\",\"name\":\"Julien\",\"image\":{\"@type\":\"ImageObject\",\"inLanguage\":\"fr-FR\",\"@id\":\"https:\/\/toploc.com\/blog\/#\/schema\/person\/image\/\",\"url\":\"https:\/\/secure.gravatar.com\/avatar\/642d3d11687b291bb0ade289db2c7d821a72910624f4eb86cab555b4c6a3ed15?s=96&d=mm&r=g\",\"contentUrl\":\"https:\/\/secure.gravatar.com\/avatar\/642d3d11687b291bb0ade289db2c7d821a72910624f4eb86cab555b4c6a3ed15?s=96&d=mm&r=g\",\"caption\":\"Julien\"},\"description\":\"Julien est un passionn\u00e9 de nature et de grands espaces. Guide de moyenne montagne en Andorre, il a partag\u00e9 ses r\u00e9cits de voyage pendant plusieurs ann\u00e9es. Aujourd'hui il est co-auteur de plusieurs articles pour Toploc.\",\"url\":\"https:\/\/toploc.com\/blog\/author\/julien\"}]}<\/script>\n<!-- \/ Yoast SEO plugin. -->","yoast_head_json":{"title":"Cap-Vert francophone : les incontournables \u00eeles du Cap-Vert","description":"Profitez de la semaine de la francophonie et partez \u00e0 la d\u00e9couverte des plus belles \u00eeles du Cap-Vert et de leurs magnifiques...","robots":{"index":"index","follow":"follow","max-snippet":"max-snippet:-1","max-image-preview":"max-image-preview:large","max-video-preview":"max-video-preview:-1"},"canonical":"https:\/\/toploc.com\/blog\/afrique\/iles-du-cap-vert","og_locale":"fr_FR","og_type":"article","og_title":"Cap-Vert francophone : les incontournables \u00eeles du Cap-Vert","og_description":"Profitez de la semaine de la francophonie et partez \u00e0 la d\u00e9couverte des plus belles \u00eeles du Cap-Vert et de leurs magnifiques...","og_url":"https:\/\/toploc.com\/blog\/afrique\/iles-du-cap-vert","og_site_name":"Toploc","article_publisher":"https:\/\/www.facebook.com\/locationfrancophone","article_published_time":"2016-03-19T09:47:43+00:00","og_image":[{"width":650,"height":394,"url":"https:\/\/toploc.com\/blog\/wp-content\/uploads\/2016\/03\/Iles-du-Cap-Vert.jpg","type":"image\/jpeg"}],"author":"Julien","twitter_card":"summary_large_image","twitter_misc":{"\u00c9crit par":"Julien","Dur\u00e9e de lecture estim\u00e9e":"4 minutes"},"schema":{"@context":"https:\/\/schema.org","@graph":[{"@type":"Article","@id":"https:\/\/toploc.com\/blog\/afrique\/iles-du-cap-vert#article","isPartOf":{"@id":"https:\/\/toploc.com\/blog\/afrique\/iles-du-cap-vert"},"author":{"name":"Julien","@id":"https:\/\/toploc.com\/blog\/#\/schema\/person\/b66f845e3e2106301dee05e5bc776788"},"headline":"Cap-Vert francophone : les incontournables \u00eeles du Cap-Vert","datePublished":"2016-03-19T09:47:43+00:00","mainEntityOfPage":{"@id":"https:\/\/toploc.com\/blog\/afrique\/iles-du-cap-vert"},"wordCount":739,"commentCount":0,"publisher":{"@id":"https:\/\/toploc.com\/blog\/#organization"},"image":{"@id":"https:\/\/toploc.com\/blog\/afrique\/iles-du-cap-vert#primaryimage"},"thumbnailUrl":"https:\/\/toploc.com\/blog\/wp-content\/uploads\/2016\/03\/Iles-du-Cap-Vert.jpg","keywords":["francophonie au Cap-Vert","\u00eele volcanique","plages du Cap-Vert","randonn\u00e9e \u00e0 Fogo","s\u00e9jour au Cap-Vert"],"articleSection":["Itin\u00e9raires Afrique"],"inLanguage":"fr-FR","potentialAction":[{"@type":"CommentAction","name":"Comment","target":["https:\/\/toploc.com\/blog\/afrique\/iles-du-cap-vert#respond"]}]},{"@type":"WebPage","@id":"https:\/\/toploc.com\/blog\/afrique\/iles-du-cap-vert","url":"https:\/\/toploc.com\/blog\/afrique\/iles-du-cap-vert","name":"Cap-Vert francophone : les incontournables \u00eeles du Cap-Vert","isPartOf":{"@id":"https:\/\/toploc.com\/blog\/#website"},"primaryImageOfPage":{"@id":"https:\/\/toploc.com\/blog\/afrique\/iles-du-cap-vert#primaryimage"},"image":{"@id":"https:\/\/toploc.com\/blog\/afrique\/iles-du-cap-vert#primaryimage"},"thumbnailUrl":"https:\/\/toploc.com\/blog\/wp-content\/uploads\/2016\/03\/Iles-du-Cap-Vert.jpg","datePublished":"2016-03-19T09:47:43+00:00","description":"Profitez de la semaine de la francophonie et partez \u00e0 la d\u00e9couverte des plus belles \u00eeles du Cap-Vert et de leurs magnifiques...","breadcrumb":{"@id":"https:\/\/toploc.com\/blog\/afrique\/iles-du-cap-vert#breadcrumb"},"inLanguage":"fr-FR","potentialAction":[{"@type":"ReadAction","target":["https:\/\/toploc.com\/blog\/afrique\/iles-du-cap-vert"]}]},{"@type":"ImageObject","inLanguage":"fr-FR","@id":"https:\/\/toploc.com\/blog\/afrique\/iles-du-cap-vert#primaryimage","url":"https:\/\/toploc.com\/blog\/wp-content\/uploads\/2016\/03\/Iles-du-Cap-Vert.jpg","contentUrl":"https:\/\/toploc.com\/blog\/wp-content\/uploads\/2016\/03\/Iles-du-Cap-Vert.jpg","width":650,"height":394,"caption":"\u00celes du Cap-Vert"},{"@type":"BreadcrumbList","@id":"https:\/\/toploc.com\/blog\/afrique\/iles-du-cap-vert#breadcrumb","itemListElement":[{"@type":"ListItem","position":1,"name":"Accueil","item":"https:\/\/toploc.com\/blog"},{"@type":"ListItem","position":2,"name":"Cap-Vert francophone : les incontournables \u00eeles du Cap-Vert"}]},{"@type":"WebSite","@id":"https:\/\/toploc.com\/blog\/#website","url":"https:\/\/toploc.com\/blog\/","name":"Toploc","description":"Itin\u00e9raires natures et locations de vacances en groupe","publisher":{"@id":"https:\/\/toploc.com\/blog\/#organization"},"potentialAction":[{"@type":"SearchAction","target":{"@type":"EntryPoint","urlTemplate":"https:\/\/toploc.com\/blog\/?s={search_term_string}"},"query-input":{"@type":"PropertyValueSpecification","valueRequired":true,"valueName":"search_term_string"}}],"inLanguage":"fr-FR"},{"@type":"Organization","@id":"https:\/\/toploc.com\/blog\/#organization","name":"Toploc","url":"https:\/\/toploc.com\/blog\/","logo":{"@type":"ImageObject","inLanguage":"fr-FR","@id":"https:\/\/toploc.com\/blog\/#\/schema\/logo\/image\/","url":"https:\/\/blog.toploc.com\/wp-content\/uploads\/2022\/03\/toploc_facebook_5.png","contentUrl":"https:\/\/blog.toploc.com\/wp-content\/uploads\/2022\/03\/toploc_facebook_5.png","width":600,"height":600,"caption":"Toploc"},"image":{"@id":"https:\/\/toploc.com\/blog\/#\/schema\/logo\/image\/"},"sameAs":["https:\/\/www.facebook.com\/locationfrancophone","https:\/\/www.instagram.com\/toploc_","https:\/\/www.pinterest.fr\/Toploc_\/"]},{"@type":"Person","@id":"https:\/\/toploc.com\/blog\/#\/schema\/person\/b66f845e3e2106301dee05e5bc776788","name":"Julien","image":{"@type":"ImageObject","inLanguage":"fr-FR","@id":"https:\/\/toploc.com\/blog\/#\/schema\/person\/image\/","url":"https:\/\/secure.gravatar.com\/avatar\/642d3d11687b291bb0ade289db2c7d821a72910624f4eb86cab555b4c6a3ed15?s=96&d=mm&r=g","contentUrl":"https:\/\/secure.gravatar.com\/avatar\/642d3d11687b291bb0ade289db2c7d821a72910624f4eb86cab555b4c6a3ed15?s=96&d=mm&r=g","caption":"Julien"},"description":"Julien est un passionn\u00e9 de nature et de grands espaces. Guide de moyenne montagne en Andorre, il a partag\u00e9 ses r\u00e9cits de voyage pendant plusieurs ann\u00e9es. Aujourd'hui il est co-auteur de plusieurs articles pour Toploc.","url":"https:\/\/toploc.com\/blog\/author\/julien"}]}},"_links":{"self":[{"href":"https:\/\/toploc.com\/blog\/wp-json\/wp\/v2\/posts\/5036","targetHints":{"allow":["GET"]}}],"collection":[{"href":"https:\/\/toploc.com\/blog\/wp-json\/wp\/v2\/posts"}],"about":[{"href":"https:\/\/toploc.com\/blog\/wp-json\/wp\/v2\/types\/post"}],"author":[{"embeddable":true,"href":"https:\/\/toploc.com\/blog\/wp-json\/wp\/v2\/users\/3"}],"replies":[{"embeddable":true,"href":"https:\/\/toploc.com\/blog\/wp-json\/wp\/v2\/comments?post=5036"}],"version-history":[{"count":0,"href":"https:\/\/toploc.com\/blog\/wp-json\/wp\/v2\/posts\/5036\/revisions"}],"wp:featuredmedia":[{"embeddable":true,"href":"https:\/\/toploc.com\/blog\/wp-json\/wp\/v2\/media\/5044"}],"wp:attachment":[{"href":"https:\/\/toploc.com\/blog\/wp-json\/wp\/v2\/media?parent=5036"}],"wp:term":[{"taxonomy":"category","embeddable":true,"href":"https:\/\/toploc.com\/blog\/wp-json\/wp\/v2\/categories?post=5036"},{"taxonomy":"post_tag","embeddable":true,"href":"https:\/\/toploc.com\/blog\/wp-json\/wp\/v2\/tags?post=5036"}],"curies":[{"name":"wp","href":"https:\/\/api.w.org\/{rel}","templated":true}]}}