{"id":4633,"date":"2022-12-09T10:44:00","date_gmt":"2022-12-09T09:44:00","guid":{"rendered":"https:\/\/www.location-francophone.com\/blog\/?p=4633"},"modified":"2022-12-16T15:17:09","modified_gmt":"2022-12-16T14:17:09","slug":"cabane-autosuffisante","status":"publish","type":"post","link":"https:\/\/toploc.com\/blog\/mini-maison\/cabane-autosuffisante","title":{"rendered":"Joseph Dupuis cr\u00e9e une cabane autosuffisante avec 3 containers"},"content":{"rendered":"\n<p>Vous souhaitez vivre dans une cabane autosuffisante\u00a0? Pourquoi ne pas opter pour le recyclage de quelques containers maritimes afin d\u2019en faire une petite maison \u00e9cologique et durable. De nos jours, les constructions qui utilisent comme base les containers fleurissent un peu partout dans le monde. En effet, il n\u2019est pas tr\u00e8s difficile de trouver de vieux containers en cherchant un peu sur les diff\u00e9rents sites de petites annonces. D\u00e9couvrez l&#8217;histoire incroyable de Joseph Dupuis qui en 2015 a construit sa cabane autosuffisante \u00e0 partir de 3 containers achet\u00e9s pour 3 400 $. <\/p>\n\n\n\n<p>\u00a0\ud83d\udc49 <strong>A lire :<\/strong> <a href=\"https:\/\/blog.toploc.com\/blog\/mini-maison\/maison-pas-chere\">Claudie Dubreuil construit sa maison avec 4 containers<\/a><\/p>\n\n\n\n<h2 id=\"joseph-dupuis-la-cabane-en-containers-recycles\" class=\"wp-block-heading\">Joseph Dupuis la cabane en containers recycl\u00e9s<\/h2>\n\n\n<div class=\"wp-block-image wp-image-4667 size-full\">\n<figure class=\"aligncenter\"><img loading=\"lazy\" decoding=\"async\" width=\"650\" height=\"433\" src=\"https:\/\/blog.toploc.com\/wp-content\/uploads\/2016\/03\/Trois-containers-\u00a9Japhet-Alvarez_S7vn-Photography.jpg\" alt=\"Trois containers \u00a9Japhet Alvarez\/S7vn Photography\" class=\"wp-image-4667\"\/><figcaption class=\"wp-element-caption\"><small>Trois containers \u00a9Japhet Alvarez\/S7vn Photography<\/small><\/figcaption><\/figure>\n<\/div>\n\n\n<p>Aujourd\u2019hui, nous partons pour le Canada et plus pr\u00e9cis\u00e9ment \u00e0 50 km d\u2019Ottawa afin de d\u00e9couvrir la cabane autosuffisante de Joseph Dupuis, un jeune Canadien souhaitant vivre plus simplement et de fa\u00e7on \u00e9conomique. Apr\u00e8s avoir \u00e9tudi\u00e9 les \u00e9nergies renouvelables Coll\u00e8ge algonquin \u00e0 Ottawa, Joseph Dupuis a cr\u00e9\u00e9 la maison de ses r\u00eaves.<\/p>\n\n\n\n<p> Son histoire de cette cabane autosuffisante n\u2019a pas tard\u00e9 \u00e0 faire le tour du monde et son projet qui fut post\u00e9 sur le site Reddit fut consult\u00e9 par pr\u00e8s d\u2019un million de personnes en quelques jours. Elle a aussi \u00e9t\u00e9 relay\u00e9e dans des quotidiens nationaux comme<a href=\"https:\/\/www.journaldequebec.com\/2015\/06\/07\/un-homme-dottawa-construit-une-maison-autosuffisante-a-laide-de-conteneurs-dexpedition\"> Journal Du Qu\u00e9bec.<\/a><\/p>\n\n\n<div class=\"wp-block-image wp-image-4668 size-full\">\n<figure class=\"aligncenter\"><img loading=\"lazy\" decoding=\"async\" width=\"640\" height=\"427\" src=\"https:\/\/blog.toploc.com\/wp-content\/uploads\/2016\/03\/Installation-des-portes-et-fenetres-\u00a9Japhet-Alvarez_S7vn-Photography.jpg\" alt=\"Installation des portes et fen\u00eatres \u00a9Japhet Alvarez\/S7vn Photography\" class=\"wp-image-4668\"\/><figcaption class=\"wp-element-caption\"><small>Installation des portes et fen\u00eatres \u00a9Japhet Alvarez\/S7vn Photography<\/small><\/figcaption><\/figure>\n<\/div>\n\n\n<h3 id=\"3-containers-achetes-3-400\" class=\"wp-block-heading\">3 containers achet\u00e9s 3 400$<\/h3>\n\n\n\n<p>La construction de cette cabane autosuffisante a d\u00e9but\u00e9 par l\u2019achat de trois containers pour une somme totale de 3 400 $ que l\u2019auto constructeur d\u00e9cida d\u2019installer sur un terrain familial afin d\u2019en faire une <a href=\"https:\/\/blog.toploc.com\/blog\/mini-maison\/maison-conteneur-ecologique\">maison conteneur \u00e9cologique<\/a> recycl\u00e9e et \u00e9conomique.<\/p>\n\n\n\n<p>Apr\u00e8s avoir accol\u00e9 les containers et fait les d\u00e9coupes n\u00e9cessaires pour pouvoir en faire un loft tr\u00e8s ouvert, il s\u2019occupa de l\u2019isolation de ceux-ci afin d\u2019en faire un endroit agr\u00e9able \u00e0 vivre. Afin de rendre cette cabane autosuffisante, il d\u00e9cida de mettre en application ces diff\u00e9rentes recherches sur les \u00e9nergies renouvelables.<\/p>\n\n\n\n<h3 id=\"panneaux-solaire-et-pole-a-bois\" class=\"wp-block-heading\">Panneaux solaire et p\u00f4le \u00e0 bois<\/h3>\n\n\n\n<p>Ainsi, il opta pour des panneaux solaires qu\u2019il installa \u00e0 proximit\u00e9 de sa cabane autosuffisante, mais \u00e9quipa \u00e9galement celle-ci d\u2019un chauffage, d\u2019une climatisation et bien s\u00fbr d\u2019un po\u00eale \u00e0 bois, car il ne faut pas oublier que l\u2019on est au Canada et que la temp\u00e9rature en hiver atteint facilement les moins 30 degr\u00e9s.<\/p>\n\n\n<div class=\"wp-block-image wp-image-4669 size-full\">\n<figure class=\"aligncenter\"><img loading=\"lazy\" decoding=\"async\" width=\"640\" height=\"427\" src=\"https:\/\/blog.toploc.com\/wp-content\/uploads\/2016\/03\/Cabane-spacieuse-\u00a9Japhet-Alvarez_S7vn-Photography.jpg\" alt=\"Cabane spacieuse \u00a9Japhet Alvarez\/S7vn Photography\" class=\"wp-image-4669\"\/><figcaption class=\"wp-element-caption\"><small>Cabane spacieuse \u00a9Japhet Alvarez\/S7vn Photography<\/small><\/figcaption><\/figure>\n<\/div>\n\n\n<h2 id=\"joseph-dupuis-investit-35-000-euros-au-total\" class=\"wp-block-heading\">Joseph Dupuis investit 35 000 euros au total<\/h2>\n\n\n\n<p>En regardant cette mini-maison de l\u2019ext\u00e9rieur, on peut s\u2019apercevoir que les trois containers n\u2019ont pas subi de modifications flagrantes, mais lorsque on ouvre les portes des containers, on se retrouve devant un loft parfaitement agenc\u00e9 et lumineux qui fait vite oublier l\u2019ext\u00e9rieur rest\u00e9 brut. Le fait d\u2019avoir laiss\u00e9 les portes d\u2019origines pr\u00e9sentes sur les containers est un excellent moyen de la prot\u00e9ger contre les \u00e9ventuelles personnes qui souhaiteraient s\u2019y introduire lorsque l\u2019on s\u2019absente.<\/p>\n\n\n<div class=\"wp-block-image wp-image-4666 size-full\">\n<figure class=\"aligncenter\"><img loading=\"lazy\" decoding=\"async\" width=\"640\" height=\"427\" src=\"https:\/\/blog.toploc.com\/wp-content\/uploads\/2016\/03\/Cabane-autosuffisante-\u00a9Japhet-Alvarez_S7vn-Photography.jpg\" alt=\"Cabane autosuffisante Joseph Dupuis  \u00a9Japhet Alvarez_S7vn Photography\" class=\"wp-image-4666\"\/><figcaption class=\"wp-element-caption\"><small>Cabane autosuffisante \u00a9Japhet Alvarez\/S7vn Photography<\/small><\/figcaption><\/figure>\n<\/div>\n\n\n<p>Si l\u2019on prend en compte l\u2019achat des containers, la mise en place de ceux-ci et leurs am\u00e9nagements ainsi que l\u2019installation du syst\u00e8me de chauffage, d\u2019\u00e9clairage et d\u2019\u00e9nergie solaire, cette cabane autosuffisante a un co\u00fbt de revient de 35&nbsp;000 euros soit le prix d\u2019un studio minuscule dans un environnement beaucoup moins attrayant que celui-ci.<\/p>\n\n\n<div class=\"wp-block-image wp-image-4670 size-full\">\n<figure class=\"aligncenter\"><img loading=\"lazy\" decoding=\"async\" width=\"640\" height=\"427\" src=\"https:\/\/blog.toploc.com\/wp-content\/uploads\/2016\/03\/Maison-economique-\u00a9Japhet-Alvarez_S7vn-Photography.jpg\" alt=\"Maison \u00e9conomique Joseph Dupuis  \u00a9Japhet Alvarez\/S7vn Photography\" class=\"wp-image-4670\"\/><figcaption class=\"wp-element-caption\"><small>Maison \u00e9conomique \u00a9Japhet Alvarez\/S7vn Photography<\/small><\/figcaption><\/figure>\n<\/div>\n\n\n<h2 id=\"une-cabane-autosuffisante-au-cout-de-revient-faible\" class=\"wp-block-heading\">Une cabane autosuffisante au co\u00fbt de revient faible<\/h2>\n\n\n\n<p>Qui dit cabane autosuffisante, dit co\u00fbt de fonctionnement quasiment nul&nbsp;! Ainsi, la facture la plus \u00e9lev\u00e9e dont s\u2019acquitte chaque mois Joseph est celle du t\u00e9l\u00e9phone. Ce qui engendre bien s\u00fbr beaucoup moins de stress. Cela lui apporte aussi une vie sereine au milieu des bois.<\/p>\n\n\n<div class=\"wp-block-image wp-image-4671 size-full\">\n<figure class=\"aligncenter\"><img loading=\"lazy\" decoding=\"async\" width=\"640\" height=\"427\" src=\"https:\/\/blog.toploc.com\/wp-content\/uploads\/2016\/03\/Maison-autosuffisante-bien-eclairee-\u00a9Japhet-Alvarez_S7vn-Photography.jpg\" alt=\"Maison autosuffisante bien \u00e9clair\u00e9e Joseph Dupuis \u00a9Japhet Alvarez\/S7vn Photography\" class=\"wp-image-4671\"\/><figcaption class=\"wp-element-caption\"><small>Maison autosuffisante bien \u00e9clair\u00e9e \u00a9Japhet Alvarez\/S7vn Photography<\/small><\/figcaption><\/figure>\n<\/div>\n\n\n<p>Au Huffington post, il expliquera vouloir aider autant de monde que possible \u00e0 sortir des griffes des banquiers. Il souhaite, en agissant ainsi, leur offrir plus d\u2019autonomie. Il prendra donc pour exemple ses amis. Ces derniers se sont endett\u00e9s sur 35 ans pour des maisons inabordables et dont au fond ils n\u2019ont pas besoin. Joseph a revendu sa cabane autosuffisante. Il aura comme objectif d\u2019ouvrir une structure afin d\u2019aider les jeunes \u00e0 vivre de la m\u00eame mani\u00e8re.<\/p>\n\n\n<div class=\"wp-block-image wp-image-4672 size-full\">\n<figure class=\"aligncenter\"><img loading=\"lazy\" decoding=\"async\" width=\"640\" height=\"427\" src=\"https:\/\/blog.toploc.com\/wp-content\/uploads\/2016\/03\/Maison-economique-design-\u00a9Japhet-Alvarez_S7vn-Photography.jpg\" alt=\"Maison \u00e9conomique design par Joseph Dupuis \u00a9Japhet Alvarez\/S7vn Photography\" class=\"wp-image-4672\"\/><figcaption class=\"wp-element-caption\"><small>Maison \u00e9conomique design \u00a9Japhet Alvarez\/S7vn Photography<\/small><\/figcaption><\/figure>\n<\/div>\n\n\n<p>Comme toujours, on peut voir que ce genre d\u2019<a href=\"https:\/\/blog.toploc.com\/blog\/mini-maison\/habitation-pas-chere\">habitation pas ch\u00e8re<\/a> \u00e9cologique et \u00e9conomique remporte un franc succ\u00e8s, que ce soit par manque d\u2019argent ou tout simplement pour sortir de cette soci\u00e9t\u00e9 de consommation et vivre plus simplement. Aujourd\u2019hui, tout est possible pour vivre plus sereinement. Il suffit juste de regarder un peu sur internet pour trouver de l\u2019inspiration et construire sa propre cabane autosuffisante.<\/p>\n\n\n<div class=\"wp-block-image wp-image-4673 size-full\">\n<figure class=\"aligncenter\"><img loading=\"lazy\" decoding=\"async\" width=\"480\" height=\"480\" src=\"https:\/\/blog.toploc.com\/wp-content\/uploads\/2016\/03\/Maison-ecologique-en-hiver-\u00a9Japhet-Alvarez_S7vn-Photography.jpg\" alt=\"Maison \u00e9cologique en hiver \u00a9Japhet Alvarez\/S7vn Photography\" class=\"wp-image-4673\"\/><figcaption class=\"wp-element-caption\"><small>Maison \u00e9cologique en hiver \u00a9Japhet Alvarez\/S7vn Photography<\/small><\/figcaption><\/figure>\n<\/div>\n\n\n<p>Et vous vivriez-vous au milieu de la for\u00eat dans un <a href=\"https:\/\/toploc.com\/listes\/logement-insolite-nature\">logement insolite nature<\/a> ?<\/p>\n\n\n\n<p>Julien pour <a href=\"https:\/\/toploc.com\">Toploc<\/a><\/p>\n","protected":false},"excerpt":{"rendered":"Vous souhaitez vivre dans une cabane autosuffisante\u00a0? Pourquoi ne pas opter pour le recyclage de quelques containers maritimes&hellip;\n","protected":false},"author":3,"featured_media":4668,"comment_status":"open","ping_status":"closed","sticky":false,"template":"","format":"standard","meta":{"footnotes":""},"categories":[37],"tags":[607,608,609,610,611],"class_list":{"0":"post-4633","1":"post","2":"type-post","3":"status-publish","4":"format-standard","5":"has-post-thumbnail","7":"category-mini-maison","8":"tag-cabane-autosuffisante-ecologique","9":"tag-cabane-durable","10":"tag-cabane-economique","11":"tag-maison-autosuffisante-spacieuse","12":"tag-maison-containers"},"yoast_head":"<!-- This site is optimized with the Yoast SEO plugin v26.9 - https:\/\/yoast.com\/product\/yoast-seo-wordpress\/ -->\n<title>Joseph Dupuis cr\u00e9\u00e9 sa cabane avec 3 containers recycl\u00e9s<\/title>\n<meta name=\"description\" content=\"En 2015 apr\u00e8s des \u00e9tudes \u00e0 Ottawa Joseph Dupuis construit sa cabane autosuffisante et \u00e9cologique \u00e0 l&#039;aide de 3 containers maritimes recycl\u00e9s.\" \/>\n<meta name=\"robots\" content=\"index, follow, max-snippet:-1, max-image-preview:large, max-video-preview:-1\" \/>\n<link rel=\"canonical\" href=\"https:\/\/toploc.com\/blog\/mini-maison\/cabane-autosuffisante\" \/>\n<meta property=\"og:locale\" content=\"fr_FR\" \/>\n<meta property=\"og:type\" content=\"article\" \/>\n<meta property=\"og:title\" content=\"Joseph Dupuis cr\u00e9\u00e9 sa cabane avec 3 containers recycl\u00e9s\" \/>\n<meta property=\"og:description\" content=\"En 2015 apr\u00e8s des \u00e9tudes \u00e0 Ottawa Joseph Dupuis construit sa cabane autosuffisante et \u00e9cologique \u00e0 l&#039;aide de 3 containers maritimes recycl\u00e9s.\" \/>\n<meta property=\"og:url\" content=\"https:\/\/toploc.com\/blog\/mini-maison\/cabane-autosuffisante\" \/>\n<meta property=\"og:site_name\" content=\"Toploc\" \/>\n<meta property=\"article:publisher\" content=\"https:\/\/www.facebook.com\/locationfrancophone\" \/>\n<meta property=\"article:published_time\" content=\"2022-12-09T09:44:00+00:00\" \/>\n<meta property=\"article:modified_time\" content=\"2022-12-16T14:17:09+00:00\" \/>\n<meta property=\"og:image\" content=\"https:\/\/toploc.com\/blog\/wp-content\/uploads\/2016\/03\/Installation-des-portes-et-fenetres-\u00a9Japhet-Alvarez_S7vn-Photography.jpg\" \/>\n\t<meta property=\"og:image:width\" content=\"640\" \/>\n\t<meta property=\"og:image:height\" content=\"427\" \/>\n\t<meta property=\"og:image:type\" content=\"image\/jpeg\" \/>\n<meta name=\"author\" content=\"Julien\" \/>\n<meta name=\"twitter:card\" content=\"summary_large_image\" \/>\n<meta name=\"twitter:label1\" content=\"\u00c9crit par\" \/>\n\t<meta name=\"twitter:data1\" content=\"Julien\" \/>\n\t<meta name=\"twitter:label2\" content=\"Dur\u00e9e de lecture estim\u00e9e\" \/>\n\t<meta name=\"twitter:data2\" content=\"6 minutes\" \/>\n<script type=\"application\/ld+json\" class=\"yoast-schema-graph\">{\"@context\":\"https:\/\/schema.org\",\"@graph\":[{\"@type\":\"Article\",\"@id\":\"https:\/\/toploc.com\/blog\/mini-maison\/cabane-autosuffisante#article\",\"isPartOf\":{\"@id\":\"https:\/\/toploc.com\/blog\/mini-maison\/cabane-autosuffisante\"},\"author\":{\"name\":\"Julien\",\"@id\":\"https:\/\/toploc.com\/blog\/#\/schema\/person\/b66f845e3e2106301dee05e5bc776788\"},\"headline\":\"Joseph Dupuis cr\u00e9e une cabane autosuffisante avec 3 containers\",\"datePublished\":\"2022-12-09T09:44:00+00:00\",\"dateModified\":\"2022-12-16T14:17:09+00:00\",\"mainEntityOfPage\":{\"@id\":\"https:\/\/toploc.com\/blog\/mini-maison\/cabane-autosuffisante\"},\"wordCount\":853,\"commentCount\":0,\"publisher\":{\"@id\":\"https:\/\/toploc.com\/blog\/#organization\"},\"image\":{\"@id\":\"https:\/\/toploc.com\/blog\/mini-maison\/cabane-autosuffisante#primaryimage\"},\"thumbnailUrl\":\"https:\/\/toploc.com\/blog\/wp-content\/uploads\/2016\/03\/Installation-des-portes-et-fenetres-\u00a9Japhet-Alvarez_S7vn-Photography.jpg\",\"keywords\":[\"cabane autosuffisante \u00e9cologique\",\"cabane durable\",\"cabane \u00e9conomique\",\"maison autosuffisante spacieuse\",\"maison containers\"],\"articleSection\":[\"Tiny House\"],\"inLanguage\":\"fr-FR\",\"potentialAction\":[{\"@type\":\"CommentAction\",\"name\":\"Comment\",\"target\":[\"https:\/\/toploc.com\/blog\/mini-maison\/cabane-autosuffisante#respond\"]}]},{\"@type\":\"WebPage\",\"@id\":\"https:\/\/toploc.com\/blog\/mini-maison\/cabane-autosuffisante\",\"url\":\"https:\/\/toploc.com\/blog\/mini-maison\/cabane-autosuffisante\",\"name\":\"Joseph Dupuis cr\u00e9\u00e9 sa cabane avec 3 containers recycl\u00e9s\",\"isPartOf\":{\"@id\":\"https:\/\/toploc.com\/blog\/#website\"},\"primaryImageOfPage\":{\"@id\":\"https:\/\/toploc.com\/blog\/mini-maison\/cabane-autosuffisante#primaryimage\"},\"image\":{\"@id\":\"https:\/\/toploc.com\/blog\/mini-maison\/cabane-autosuffisante#primaryimage\"},\"thumbnailUrl\":\"https:\/\/toploc.com\/blog\/wp-content\/uploads\/2016\/03\/Installation-des-portes-et-fenetres-\u00a9Japhet-Alvarez_S7vn-Photography.jpg\",\"datePublished\":\"2022-12-09T09:44:00+00:00\",\"dateModified\":\"2022-12-16T14:17:09+00:00\",\"description\":\"En 2015 apr\u00e8s des \u00e9tudes \u00e0 Ottawa Joseph Dupuis construit sa cabane autosuffisante et \u00e9cologique \u00e0 l'aide de 3 containers maritimes recycl\u00e9s.\",\"breadcrumb\":{\"@id\":\"https:\/\/toploc.com\/blog\/mini-maison\/cabane-autosuffisante#breadcrumb\"},\"inLanguage\":\"fr-FR\",\"potentialAction\":[{\"@type\":\"ReadAction\",\"target\":[\"https:\/\/toploc.com\/blog\/mini-maison\/cabane-autosuffisante\"]}]},{\"@type\":\"ImageObject\",\"inLanguage\":\"fr-FR\",\"@id\":\"https:\/\/toploc.com\/blog\/mini-maison\/cabane-autosuffisante#primaryimage\",\"url\":\"https:\/\/toploc.com\/blog\/wp-content\/uploads\/2016\/03\/Installation-des-portes-et-fenetres-\u00a9Japhet-Alvarez_S7vn-Photography.jpg\",\"contentUrl\":\"https:\/\/toploc.com\/blog\/wp-content\/uploads\/2016\/03\/Installation-des-portes-et-fenetres-\u00a9Japhet-Alvarez_S7vn-Photography.jpg\",\"width\":640,\"height\":427,\"caption\":\"Installation des portes et fen\u00eatres \u00a9Japhet Alvarez\/S7vn Photography\"},{\"@type\":\"BreadcrumbList\",\"@id\":\"https:\/\/toploc.com\/blog\/mini-maison\/cabane-autosuffisante#breadcrumb\",\"itemListElement\":[{\"@type\":\"ListItem\",\"position\":1,\"name\":\"Accueil\",\"item\":\"https:\/\/toploc.com\/blog\"},{\"@type\":\"ListItem\",\"position\":2,\"name\":\"Joseph Dupuis cr\u00e9e une cabane autosuffisante avec 3 containers\"}]},{\"@type\":\"WebSite\",\"@id\":\"https:\/\/toploc.com\/blog\/#website\",\"url\":\"https:\/\/toploc.com\/blog\/\",\"name\":\"Toploc\",\"description\":\"Itin\u00e9raires natures et locations de vacances en groupe\",\"publisher\":{\"@id\":\"https:\/\/toploc.com\/blog\/#organization\"},\"potentialAction\":[{\"@type\":\"SearchAction\",\"target\":{\"@type\":\"EntryPoint\",\"urlTemplate\":\"https:\/\/toploc.com\/blog\/?s={search_term_string}\"},\"query-input\":{\"@type\":\"PropertyValueSpecification\",\"valueRequired\":true,\"valueName\":\"search_term_string\"}}],\"inLanguage\":\"fr-FR\"},{\"@type\":\"Organization\",\"@id\":\"https:\/\/toploc.com\/blog\/#organization\",\"name\":\"Toploc\",\"url\":\"https:\/\/toploc.com\/blog\/\",\"logo\":{\"@type\":\"ImageObject\",\"inLanguage\":\"fr-FR\",\"@id\":\"https:\/\/toploc.com\/blog\/#\/schema\/logo\/image\/\",\"url\":\"https:\/\/blog.toploc.com\/wp-content\/uploads\/2022\/03\/toploc_facebook_5.png\",\"contentUrl\":\"https:\/\/blog.toploc.com\/wp-content\/uploads\/2022\/03\/toploc_facebook_5.png\",\"width\":600,\"height\":600,\"caption\":\"Toploc\"},\"image\":{\"@id\":\"https:\/\/toploc.com\/blog\/#\/schema\/logo\/image\/\"},\"sameAs\":[\"https:\/\/www.facebook.com\/locationfrancophone\",\"https:\/\/www.instagram.com\/toploc_\",\"https:\/\/www.pinterest.fr\/Toploc_\/\"]},{\"@type\":\"Person\",\"@id\":\"https:\/\/toploc.com\/blog\/#\/schema\/person\/b66f845e3e2106301dee05e5bc776788\",\"name\":\"Julien\",\"image\":{\"@type\":\"ImageObject\",\"inLanguage\":\"fr-FR\",\"@id\":\"https:\/\/toploc.com\/blog\/#\/schema\/person\/image\/\",\"url\":\"https:\/\/secure.gravatar.com\/avatar\/642d3d11687b291bb0ade289db2c7d821a72910624f4eb86cab555b4c6a3ed15?s=96&d=mm&r=g\",\"contentUrl\":\"https:\/\/secure.gravatar.com\/avatar\/642d3d11687b291bb0ade289db2c7d821a72910624f4eb86cab555b4c6a3ed15?s=96&d=mm&r=g\",\"caption\":\"Julien\"},\"description\":\"Julien est un passionn\u00e9 de nature et de grands espaces. Guide de moyenne montagne en Andorre, il a partag\u00e9 ses r\u00e9cits de voyage pendant plusieurs ann\u00e9es. Aujourd'hui il est co-auteur de plusieurs articles pour Toploc.\",\"url\":\"https:\/\/toploc.com\/blog\/author\/julien\"}]}<\/script>\n<!-- \/ Yoast SEO plugin. -->","yoast_head_json":{"title":"Joseph Dupuis cr\u00e9\u00e9 sa cabane avec 3 containers recycl\u00e9s","description":"En 2015 apr\u00e8s des \u00e9tudes \u00e0 Ottawa Joseph Dupuis construit sa cabane autosuffisante et \u00e9cologique \u00e0 l'aide de 3 containers maritimes recycl\u00e9s.","robots":{"index":"index","follow":"follow","max-snippet":"max-snippet:-1","max-image-preview":"max-image-preview:large","max-video-preview":"max-video-preview:-1"},"canonical":"https:\/\/toploc.com\/blog\/mini-maison\/cabane-autosuffisante","og_locale":"fr_FR","og_type":"article","og_title":"Joseph Dupuis cr\u00e9\u00e9 sa cabane avec 3 containers recycl\u00e9s","og_description":"En 2015 apr\u00e8s des \u00e9tudes \u00e0 Ottawa Joseph Dupuis construit sa cabane autosuffisante et \u00e9cologique \u00e0 l'aide de 3 containers maritimes recycl\u00e9s.","og_url":"https:\/\/toploc.com\/blog\/mini-maison\/cabane-autosuffisante","og_site_name":"Toploc","article_publisher":"https:\/\/www.facebook.com\/locationfrancophone","article_published_time":"2022-12-09T09:44:00+00:00","article_modified_time":"2022-12-16T14:17:09+00:00","og_image":[{"width":640,"height":427,"url":"https:\/\/toploc.com\/blog\/wp-content\/uploads\/2016\/03\/Installation-des-portes-et-fenetres-\u00a9Japhet-Alvarez_S7vn-Photography.jpg","type":"image\/jpeg"}],"author":"Julien","twitter_card":"summary_large_image","twitter_misc":{"\u00c9crit par":"Julien","Dur\u00e9e de lecture estim\u00e9e":"6 minutes"},"schema":{"@context":"https:\/\/schema.org","@graph":[{"@type":"Article","@id":"https:\/\/toploc.com\/blog\/mini-maison\/cabane-autosuffisante#article","isPartOf":{"@id":"https:\/\/toploc.com\/blog\/mini-maison\/cabane-autosuffisante"},"author":{"name":"Julien","@id":"https:\/\/toploc.com\/blog\/#\/schema\/person\/b66f845e3e2106301dee05e5bc776788"},"headline":"Joseph Dupuis cr\u00e9e une cabane autosuffisante avec 3 containers","datePublished":"2022-12-09T09:44:00+00:00","dateModified":"2022-12-16T14:17:09+00:00","mainEntityOfPage":{"@id":"https:\/\/toploc.com\/blog\/mini-maison\/cabane-autosuffisante"},"wordCount":853,"commentCount":0,"publisher":{"@id":"https:\/\/toploc.com\/blog\/#organization"},"image":{"@id":"https:\/\/toploc.com\/blog\/mini-maison\/cabane-autosuffisante#primaryimage"},"thumbnailUrl":"https:\/\/toploc.com\/blog\/wp-content\/uploads\/2016\/03\/Installation-des-portes-et-fenetres-\u00a9Japhet-Alvarez_S7vn-Photography.jpg","keywords":["cabane autosuffisante \u00e9cologique","cabane durable","cabane \u00e9conomique","maison autosuffisante spacieuse","maison containers"],"articleSection":["Tiny House"],"inLanguage":"fr-FR","potentialAction":[{"@type":"CommentAction","name":"Comment","target":["https:\/\/toploc.com\/blog\/mini-maison\/cabane-autosuffisante#respond"]}]},{"@type":"WebPage","@id":"https:\/\/toploc.com\/blog\/mini-maison\/cabane-autosuffisante","url":"https:\/\/toploc.com\/blog\/mini-maison\/cabane-autosuffisante","name":"Joseph Dupuis cr\u00e9\u00e9 sa cabane avec 3 containers recycl\u00e9s","isPartOf":{"@id":"https:\/\/toploc.com\/blog\/#website"},"primaryImageOfPage":{"@id":"https:\/\/toploc.com\/blog\/mini-maison\/cabane-autosuffisante#primaryimage"},"image":{"@id":"https:\/\/toploc.com\/blog\/mini-maison\/cabane-autosuffisante#primaryimage"},"thumbnailUrl":"https:\/\/toploc.com\/blog\/wp-content\/uploads\/2016\/03\/Installation-des-portes-et-fenetres-\u00a9Japhet-Alvarez_S7vn-Photography.jpg","datePublished":"2022-12-09T09:44:00+00:00","dateModified":"2022-12-16T14:17:09+00:00","description":"En 2015 apr\u00e8s des \u00e9tudes \u00e0 Ottawa Joseph Dupuis construit sa cabane autosuffisante et \u00e9cologique \u00e0 l'aide de 3 containers maritimes recycl\u00e9s.","breadcrumb":{"@id":"https:\/\/toploc.com\/blog\/mini-maison\/cabane-autosuffisante#breadcrumb"},"inLanguage":"fr-FR","potentialAction":[{"@type":"ReadAction","target":["https:\/\/toploc.com\/blog\/mini-maison\/cabane-autosuffisante"]}]},{"@type":"ImageObject","inLanguage":"fr-FR","@id":"https:\/\/toploc.com\/blog\/mini-maison\/cabane-autosuffisante#primaryimage","url":"https:\/\/toploc.com\/blog\/wp-content\/uploads\/2016\/03\/Installation-des-portes-et-fenetres-\u00a9Japhet-Alvarez_S7vn-Photography.jpg","contentUrl":"https:\/\/toploc.com\/blog\/wp-content\/uploads\/2016\/03\/Installation-des-portes-et-fenetres-\u00a9Japhet-Alvarez_S7vn-Photography.jpg","width":640,"height":427,"caption":"Installation des portes et fen\u00eatres \u00a9Japhet Alvarez\/S7vn Photography"},{"@type":"BreadcrumbList","@id":"https:\/\/toploc.com\/blog\/mini-maison\/cabane-autosuffisante#breadcrumb","itemListElement":[{"@type":"ListItem","position":1,"name":"Accueil","item":"https:\/\/toploc.com\/blog"},{"@type":"ListItem","position":2,"name":"Joseph Dupuis cr\u00e9e une cabane autosuffisante avec 3 containers"}]},{"@type":"WebSite","@id":"https:\/\/toploc.com\/blog\/#website","url":"https:\/\/toploc.com\/blog\/","name":"Toploc","description":"Itin\u00e9raires natures et locations de vacances en groupe","publisher":{"@id":"https:\/\/toploc.com\/blog\/#organization"},"potentialAction":[{"@type":"SearchAction","target":{"@type":"EntryPoint","urlTemplate":"https:\/\/toploc.com\/blog\/?s={search_term_string}"},"query-input":{"@type":"PropertyValueSpecification","valueRequired":true,"valueName":"search_term_string"}}],"inLanguage":"fr-FR"},{"@type":"Organization","@id":"https:\/\/toploc.com\/blog\/#organization","name":"Toploc","url":"https:\/\/toploc.com\/blog\/","logo":{"@type":"ImageObject","inLanguage":"fr-FR","@id":"https:\/\/toploc.com\/blog\/#\/schema\/logo\/image\/","url":"https:\/\/blog.toploc.com\/wp-content\/uploads\/2022\/03\/toploc_facebook_5.png","contentUrl":"https:\/\/blog.toploc.com\/wp-content\/uploads\/2022\/03\/toploc_facebook_5.png","width":600,"height":600,"caption":"Toploc"},"image":{"@id":"https:\/\/toploc.com\/blog\/#\/schema\/logo\/image\/"},"sameAs":["https:\/\/www.facebook.com\/locationfrancophone","https:\/\/www.instagram.com\/toploc_","https:\/\/www.pinterest.fr\/Toploc_\/"]},{"@type":"Person","@id":"https:\/\/toploc.com\/blog\/#\/schema\/person\/b66f845e3e2106301dee05e5bc776788","name":"Julien","image":{"@type":"ImageObject","inLanguage":"fr-FR","@id":"https:\/\/toploc.com\/blog\/#\/schema\/person\/image\/","url":"https:\/\/secure.gravatar.com\/avatar\/642d3d11687b291bb0ade289db2c7d821a72910624f4eb86cab555b4c6a3ed15?s=96&d=mm&r=g","contentUrl":"https:\/\/secure.gravatar.com\/avatar\/642d3d11687b291bb0ade289db2c7d821a72910624f4eb86cab555b4c6a3ed15?s=96&d=mm&r=g","caption":"Julien"},"description":"Julien est un passionn\u00e9 de nature et de grands espaces. Guide de moyenne montagne en Andorre, il a partag\u00e9 ses r\u00e9cits de voyage pendant plusieurs ann\u00e9es. Aujourd'hui il est co-auteur de plusieurs articles pour Toploc.","url":"https:\/\/toploc.com\/blog\/author\/julien"}]}},"_links":{"self":[{"href":"https:\/\/toploc.com\/blog\/wp-json\/wp\/v2\/posts\/4633","targetHints":{"allow":["GET"]}}],"collection":[{"href":"https:\/\/toploc.com\/blog\/wp-json\/wp\/v2\/posts"}],"about":[{"href":"https:\/\/toploc.com\/blog\/wp-json\/wp\/v2\/types\/post"}],"author":[{"embeddable":true,"href":"https:\/\/toploc.com\/blog\/wp-json\/wp\/v2\/users\/3"}],"replies":[{"embeddable":true,"href":"https:\/\/toploc.com\/blog\/wp-json\/wp\/v2\/comments?post=4633"}],"version-history":[{"count":2,"href":"https:\/\/toploc.com\/blog\/wp-json\/wp\/v2\/posts\/4633\/revisions"}],"predecessor-version":[{"id":125128,"href":"https:\/\/toploc.com\/blog\/wp-json\/wp\/v2\/posts\/4633\/revisions\/125128"}],"wp:featuredmedia":[{"embeddable":true,"href":"https:\/\/toploc.com\/blog\/wp-json\/wp\/v2\/media\/4668"}],"wp:attachment":[{"href":"https:\/\/toploc.com\/blog\/wp-json\/wp\/v2\/media?parent=4633"}],"wp:term":[{"taxonomy":"category","embeddable":true,"href":"https:\/\/toploc.com\/blog\/wp-json\/wp\/v2\/categories?post=4633"},{"taxonomy":"post_tag","embeddable":true,"href":"https:\/\/toploc.com\/blog\/wp-json\/wp\/v2\/tags?post=4633"}],"curies":[{"name":"wp","href":"https:\/\/api.w.org\/{rel}","templated":true}]}}