{"id":4548,"date":"2022-08-27T10:00:00","date_gmt":"2022-08-27T08:00:00","guid":{"rendered":"https:\/\/www.location-francophone.com\/blog\/?p=4548"},"modified":"2023-04-12T10:30:51","modified_gmt":"2023-04-12T08:30:51","slug":"mini-maison-transportable-et-ecologique","status":"publish","type":"post","link":"https:\/\/toploc.com\/blog\/mini-maison\/mini-maison-transportable-et-ecologique","title":{"rendered":"La Porta Palace tiny-house transportable et \u00e9cologique"},"content":{"rendered":"\n<p>Vous avez besoin de libert\u00e9&nbsp;? De parcourir le monde d\u2019une mani\u00e8re authentique&nbsp;? Optez pour la Porta Palace une mini-maison transportable et \u00e9cologique. Vous avez s\u00fbrement d\u00e9j\u00e0 entendu parler de tiny-house, cette mini-maison transportable et \u00e9cologique qui voit le jour un peu partout dans le monde et qui est souvent l\u2019\u0153uvre de constructeur ind\u00e9pendant.<\/p>\n\n\n\n<div class=\"wp-block-buttons is-content-justification-center is-layout-flex wp-container-core-buttons-is-layout-16018d1d wp-block-buttons-is-layout-flex\">\n<div class=\"wp-block-button has-custom-font-size has-small-font-size\"><a class=\"wp-block-button__link has-background wp-element-button\" href=\"https:\/\/toploc.com\/listes\/logement-insolite-nature\/?utm_source=blog&amp;utm_medium=CTA&amp;utm_campaign=porta-palace\" style=\"background-color:#006b52\">\ud83d\udc49 <strong>NOS LOGEMENTS INSOLITES<\/strong><\/a><\/div>\n<\/div>\n\n\n<div class=\"wp-block-image wp-image-4567 size-full\">\n<figure class=\"aligncenter\"><img loading=\"lazy\" decoding=\"async\" width=\"700\" height=\"324\" src=\"https:\/\/blog.toploc.com\/wp-content\/uploads\/2016\/02\/Mini-maison-transportable-et-ecologique-\u00a9Porta-Palace-Daniel-Venneman.jpg\" alt=\"Mini-maison transportable et \u00e9cologique \u00a9Porta Palace Daniel Venneman\" class=\"wp-image-4567\"\/><figcaption class=\"wp-element-caption\"><small>Mini-maison transportable et \u00e9cologique \u00a9Porta Palace Daniel Venneman<\/small><\/figcaption><\/figure>\n<\/div>\n\n<div class=\"wp-block-image wp-image-4568 size-full\">\n<figure class=\"aligncenter\"><img loading=\"lazy\" decoding=\"async\" width=\"700\" height=\"525\" src=\"https:\/\/blog.toploc.com\/wp-content\/uploads\/2016\/02\/Decouvrir-de-nouveaux-horizons-\u00a9Porta-Palace_Daniel-Venneman.jpg\" alt=\"D\u00e9couvrir de nouveaux horizons \u00a9Porta Palace_Daniel Venneman\" class=\"wp-image-4568\"\/><figcaption class=\"wp-element-caption\"><small>D\u00e9couvrir de nouveaux horizons \u00a9Porta Palace_Daniel Venneman<\/small><\/figcaption><\/figure>\n<\/div>\n\n\n<h2 id=\"porta-palace-mini-maison-transportable-et-ecologique-concue-en-hollande\" class=\"wp-block-heading\">Porta Palace&nbsp;mini-maison transportable et \u00e9cologique con\u00e7ue en Hollande<\/h2>\n\n\n\n<p>Aujourd\u2019hui, nous allons d\u00e9couvrir la Porta Palace qui nous vient tout droit de Hollande. Cette mini-maison transportable et \u00e9cologique est l\u2019\u0153uvre de Daniel Venneman, un architecte hollandais qui est sp\u00e9cialis\u00e9 dans l\u2019habitat ultracompact.<\/p>\n\n\n\n<div class=\"wp-block-buttons is-content-justification-center is-layout-flex wp-container-core-buttons-is-layout-16018d1d wp-block-buttons-is-layout-flex\">\n<div class=\"wp-block-button has-custom-font-size has-small-font-size\"><a class=\"wp-block-button__link has-background wp-element-button\" href=\"https:\/\/toploc.com\/listes\/logement-insolite-nature\/?utm_source=blog&amp;utm_medium=CTA&amp;utm_campaign=porta-palace\" style=\"background-color:#006b52\"><strong>\ud83d\udc49 <strong>NOS LOGEMENTS INSOLITES<\/strong><\/strong><\/a><\/div>\n<\/div>\n\n\n<div class=\"wp-block-image wp-image-4569 size-full\">\n<figure class=\"aligncenter\"><img loading=\"lazy\" decoding=\"async\" width=\"636\" height=\"369\" src=\"https:\/\/blog.toploc.com\/wp-content\/uploads\/2016\/02\/Maison-mobile-\u00a9Porta-Palace_Daniel-Venneman.png\" alt=\"Maison mobile \u00a9Porta Palace_Daniel Venneman\" class=\"wp-image-4569\"\/><figcaption class=\"wp-element-caption\"><small>Maison mobile \u00a9Porta Palace_Daniel Venneman<\/small><\/figcaption><\/figure>\n<\/div>\n\n\n<p>Cette <a href=\"https:\/\/blog.toploc.com\/blog\/mini-maison\/mini-maison-ecologique\">mini-maison \u00e9cologique&nbsp;<\/a>en plus d\u2019\u00eatre design, facilement transportable, mais \u00e9galement \u00e9cologique, offre tout le confort dont vous pourriez b\u00e9n\u00e9ficier dans un habitat traditionnel. Avec ces 4 m\u00e8tres de long et ces 2.55 m\u00e8tres de large, elle d\u00e9veloppe une surface de 10.2m\u00b2 pour un poids de 3 500 kg, ce qui en fait un h\u00e9bergement facilement tractable par un petit camion.<\/p>\n\n\n<div class=\"wp-block-image wp-image-4570 size-full\">\n<figure class=\"aligncenter\"><img loading=\"lazy\" decoding=\"async\" width=\"700\" height=\"525\" src=\"https:\/\/blog.toploc.com\/wp-content\/uploads\/2016\/02\/Maison-en-bois-\u00a9Porta-Palace_Daniel-Venneman.jpg\" alt=\"Maison en bois \u00a9Porta Palace_Daniel Venneman\" class=\"wp-image-4570\"\/><figcaption class=\"wp-element-caption\"><small>Maison en bois \u00a9Porta Palace_Daniel Venneman<\/small><\/figcaption><\/figure>\n<\/div>\n\n<div class=\"wp-block-image wp-image-4571 size-full\">\n<figure class=\"aligncenter\"><img loading=\"lazy\" decoding=\"async\" width=\"700\" height=\"525\" src=\"https:\/\/blog.toploc.com\/wp-content\/uploads\/2016\/02\/mini-maison-ecologique-\u00a9Porta-Palace_Daniel-Venneman.jpg\" alt=\"mini-maison \u00e9cologique \u00a9Porta Palace_Daniel Venneman\" class=\"wp-image-4571\"\/><figcaption class=\"wp-element-caption\"><small>mini-maison \u00e9cologique \u00a9Porta Palace_Daniel Venneman<\/small><\/figcaption><\/figure>\n<\/div>\n\n\n<p>Son ossature est faite de bois et pour la toiture l\u2019architecte a d\u00e9cid\u00e9 d\u2019utiliser de l\u2019acier. Ces mat\u00e9riaux en font une habitation mobile recyclable presque \u00e0 100%. Cette mini-maison transportable et \u00e9cologique b\u00e9n\u00e9ficie de grandes baies vitr\u00e9es en verre recyclable qui agrandissent l\u2019espace et la rendent plus agr\u00e9able par la m\u00eame occasion.<\/p>\n\n\n\n<div class=\"wp-block-buttons is-content-justification-center is-layout-flex wp-container-core-buttons-is-layout-16018d1d wp-block-buttons-is-layout-flex\">\n<div class=\"wp-block-button has-custom-font-size has-small-font-size\"><a class=\"wp-block-button__link has-background wp-element-button\" href=\"https:\/\/toploc.com\/listes\/logement-insolite-nature\/?utm_source=blog&amp;utm_medium=CTA&amp;utm_campaign=porta-palace\" style=\"background-color:#006b52\"><strong>\ud83d\udc49 <strong>NOS LOGEMENTS INSOLITES<\/strong><\/strong><\/a><\/div>\n<\/div>\n\n\n<div class=\"wp-block-image wp-image-4572 size-full\">\n<figure class=\"aligncenter\"><img loading=\"lazy\" decoding=\"async\" width=\"700\" height=\"525\" src=\"https:\/\/blog.toploc.com\/wp-content\/uploads\/2016\/02\/Maison-recyclable-\u00a9Porta-Palace_Daniel-Venneman.jpg\" alt=\"Maison recyclable \u00a9Porta Palace_Daniel Venneman\" class=\"wp-image-4572\"\/><figcaption class=\"wp-element-caption\"><small>Maison recyclable \u00a9Porta Palace_Daniel Venneman<\/small><\/figcaption><\/figure>\n<\/div>\n\n<div class=\"wp-block-image wp-image-4573 size-full\">\n<figure class=\"aligncenter\"><img loading=\"lazy\" decoding=\"async\" width=\"700\" height=\"525\" src=\"https:\/\/blog.toploc.com\/wp-content\/uploads\/2016\/02\/tiny-house-moderne-\u00a9Porta-Palace-Daniel-Venneman.jpg\" alt=\"tiny-house moderne \u00a9Porta Palace Daniel Venneman\" class=\"wp-image-4573\"\/><figcaption class=\"wp-element-caption\"><small>tiny-house moderne \u00a9Porta Palace Daniel Venneman<\/small><\/figcaption><\/figure>\n<\/div>\n\n\n<h2 id=\"la-porta-palace-est-accessible-a-partir-de-35-000-euros\" class=\"wp-block-heading\">La Porta Palace est accessible \u00e0 partir de 35 000 euros<\/h2>\n\n\n\n<p>A terme, Daniel Venneman songe \u00e0 ajouter des panneaux solaires. Ceux-ci permettraient de rendre autonome en \u00e9nergie cette <a href=\"https:\/\/blog.toploc.com\/blog\/mini-maison\/sur-roues-lumineuse\">mini-maison sur roues lumineuse et confortable<\/a>. Pour parfaire le c\u00f4t\u00e9 \u00e9cologique de cette tiny-house, il a \u00e9galement opt\u00e9 pour des toilettes s\u00e8ches fonctionnant sans eau avec en guise de chasse d\u2019eau de la sciure pour supprimer les odeurs. Pour profiter de cette mini-maison transportable et \u00e9cologique, il faudra investir environ 35.000 euros pour le prix de d\u00e9part.<\/p>\n\n\n\n<div class=\"wp-block-buttons is-content-justification-center is-layout-flex wp-container-core-buttons-is-layout-16018d1d wp-block-buttons-is-layout-flex\">\n<div class=\"wp-block-button has-custom-font-size has-small-font-size\"><a class=\"wp-block-button__link has-background wp-element-button\" href=\"https:\/\/toploc.com\/listes\/logement-insolite-nature\/?utm_source=blog&amp;utm_medium=CTA&amp;utm_campaign=porta-palace\" style=\"background-color:#006b52\"><strong>\ud83d\udc49 <strong>NOS LOGEMENTS INSOLITES<\/strong><\/strong><\/a><\/div>\n<\/div>\n\n\n<div class=\"wp-block-image wp-image-4574 size-full\">\n<figure class=\"aligncenter\"><img loading=\"lazy\" decoding=\"async\" width=\"700\" height=\"525\" src=\"https:\/\/blog.toploc.com\/wp-content\/uploads\/2016\/02\/mini-maison-durable-\u00a9Porta-Palace-Daniel-Venneman.jpg\" alt=\"mini-maison durable \u00a9Porta Palace Daniel Venneman\" class=\"wp-image-4574\"\/><figcaption class=\"wp-element-caption\"><small>mini-maison durable \u00a9Porta Palace Daniel Venneman<\/small><\/figcaption><\/figure>\n<\/div>\n\n\n<p>L\u2019id\u00e9e de d\u00e9part pour la construction de cet habitat durable, mais \u00e9galement abordable, est venu \u00e0 Daniel Venneman en discutant avec un client recherchant un habitat beaucoup plus proche de la nature et dont il pourrait \u00eatre propri\u00e9taire.<\/p>\n\n\n<div class=\"wp-block-image wp-image-4575 size-full\">\n<figure class=\"aligncenter\"><img loading=\"lazy\" decoding=\"async\" width=\"636\" height=\"369\" src=\"https:\/\/blog.toploc.com\/wp-content\/uploads\/2016\/02\/Maison-mobile-\u00a9Porta-Palace_Daniel-Venneman-1.png\" alt=\"Maison mobile \u00a9Porta Palace_Daniel Venneman\" class=\"wp-image-4575\"\/><figcaption class=\"wp-element-caption\"><small>Maison mobile \u00a9Porta Palace_Daniel Venneman<\/small><\/figcaption><\/figure>\n<\/div>\n\n\n<p>Actuellement, il travaille sur un concept de village de <a href=\"https:\/\/blog.toploc.com\/blog\/mini-maison\/petites-maisons\">petite maisons<\/a> avec entre cinq et dix exemplaires d\u2019habitat \u00e9cologique qui seront install\u00e9s sur un site pendant une p\u00e9riode donn\u00e9e.<\/p>\n\n\n\n<div class=\"wp-block-buttons is-content-justification-center is-layout-flex wp-container-core-buttons-is-layout-16018d1d wp-block-buttons-is-layout-flex\">\n<div class=\"wp-block-button has-custom-font-size has-small-font-size\"><a class=\"wp-block-button__link has-background wp-element-button\" href=\"https:\/\/toploc.com\/listes\/logement-insolite-nature\/?utm_source=blog&amp;utm_medium=CTA&amp;utm_campaign=porta-palace\" style=\"background-color:#006b52\"><strong>\ud83d\udc49 <strong>NOS LOGEMENTS INSOLITES<\/strong><\/strong><\/a><\/div>\n<\/div>\n\n\n<div class=\"wp-block-image wp-image-4576 size-full\">\n<figure class=\"aligncenter\"><img loading=\"lazy\" decoding=\"async\" width=\"700\" height=\"467\" src=\"https:\/\/blog.toploc.com\/wp-content\/uploads\/2016\/02\/Chambre-confortable-\u00a9Porta-Palace_Daniel-Venneman.jpg\" alt=\"Chambre confortable \u00a9Porta Palace_Daniel Venneman\" class=\"wp-image-4576\"\/><figcaption class=\"wp-element-caption\"><small>Chambre confortable \u00a9Porta Palace_Daniel Venneman<\/small><\/figcaption><\/figure>\n<\/div>\n\n\n<h2 id=\"une-tiny-house-atypique-qui-remporte-un-franc-succes\" class=\"wp-block-heading\">Une tiny-house atypique qui remporte un franc succ\u00e8s<\/h2>\n\n\n\n<p>La majeur partie de la client\u00e8le pour cette mini-maison transportable et \u00e9cologique est originaire de <a href=\"https:\/\/fr.wikipedia.org\/wiki\/Hollande\" target=\"_blank\" rel=\"noopener noreferrer\">Hollande<\/a>&nbsp;. Cependant, les demandes commencent \u00e0 affluer de plusieurs pays europ\u00e9ens ce qui pourrait peut \u00eatre prochainement les faire appara\u00eetre du cot\u00e9 de chez nous. L\u2019architecte est tout de m\u00eame conscient que cet habitat ne conviendra pas \u00e0 tout le monde.<\/p>\n\n\n\n<div class=\"wp-block-buttons is-content-justification-center is-layout-flex wp-container-core-buttons-is-layout-16018d1d wp-block-buttons-is-layout-flex\">\n<div class=\"wp-block-button has-custom-font-size has-small-font-size\"><a class=\"wp-block-button__link has-background wp-element-button\" href=\"https:\/\/toploc.com\/listes\/logement-insolite-nature\/?utm_source=blog&amp;utm_medium=CTA&amp;utm_campaign=porta-palace\" style=\"background-color:#006b52\"><strong>\ud83d\udc49 <strong>NOS LOGEMENTS INSOLITES<\/strong><\/strong><\/a><\/div>\n<\/div>\n\n\n\n<p>De nos jours, on remarque de plus en plus de projets de ce type. Ceux-ci permettent de ne plus s\u2019endetter \u00e0 long terme et donc de vivre simplement et selon ses besoins. Une mani\u00e8re de s\u2019\u00e9manciper d\u2019un syst\u00e8me qui ne cesse de vous en demander plus.<\/p>\n\n\n\n<p>Alors, si vous aussi, vous avez besoin d\u2019authenticit\u00e9 et de simplicit\u00e9, n\u2019h\u00e9sitez pas \u00e0 vous renseigner sur cette <a href=\"https:\/\/blog.toploc.com\/blog\/mini-maison\/tiny-house\">tiny-house <\/a>qui s\u2019int\u00e9grera facilement dans la nature et vous permettra de belles \u00e9conomies.<\/p>\n\n\n<div class=\"wp-block-image wp-image-4577 size-full\">\n<figure class=\"aligncenter\"><img loading=\"lazy\" decoding=\"async\" width=\"700\" height=\"512\" src=\"https:\/\/blog.toploc.com\/wp-content\/uploads\/2016\/02\/Cap-vers-laventure-\u00a9Porta-Palace_Daniel-Venneman.jpg\" alt=\"Cap vers l'aventure \u00a9Porta Palace_Daniel Venneman\" class=\"wp-image-4577\"\/><figcaption class=\"wp-element-caption\"><small>Cap vers l&#8217;aventure \u00a9Porta Palace_Daniel Venneman<\/small><\/figcaption><\/figure>\n<\/div>\n\n\n<p>Pour ceux qui seraient tent\u00e9s par l\u2019aventure, il existe des plans sur internet. N\u2019h\u00e9sitez pas \u00e0 partager avec nous votre projet et ainsi nous faire d\u00e9couvrir de nouvelles alternatives.<\/p>\n\n\n\n<div class=\"wp-block-buttons is-content-justification-center is-layout-flex wp-container-core-buttons-is-layout-16018d1d wp-block-buttons-is-layout-flex\">\n<div class=\"wp-block-button has-custom-font-size has-small-font-size\"><a class=\"wp-block-button__link has-background wp-element-button\" href=\"https:\/\/toploc.com\/listes\/logement-insolite-nature\/?utm_source=blog&amp;utm_medium=CTA&amp;utm_campaign=porta-palace\" style=\"background-color:#006b52\"><strong>\ud83d\udc49 <strong>NOS LOGEMENTS INSOLITES<\/strong><\/strong><\/a><\/div>\n<\/div>\n\n\n\n<p>L&#8217;\u00e9quipe de <a href=\"https:\/\/toploc.com\">Toploc<\/a>,<\/p>\n","protected":false},"excerpt":{"rendered":"Vous avez besoin de libert\u00e9&nbsp;? De parcourir le monde d\u2019une mani\u00e8re authentique&nbsp;? Optez pour la Porta Palace une&hellip;\n","protected":false},"author":1,"featured_media":4567,"comment_status":"open","ping_status":"closed","sticky":false,"template":"","format":"standard","meta":{"footnotes":""},"categories":[37],"tags":[],"class_list":{"0":"post-4548","1":"post","2":"type-post","3":"status-publish","4":"format-standard","5":"has-post-thumbnail","7":"category-mini-maison"},"yoast_head":"<!-- This site is optimized with the Yoast SEO plugin v26.9 - https:\/\/yoast.com\/product\/yoast-seo-wordpress\/ -->\n<title>Porta Palace : une mini-maison transportable et \u00e9cologique<\/title>\n<meta name=\"description\" content=\"Vous avez besoin de libert\u00e9\u00a0et vivre de mani\u00e8re plus authentique\u00a0? Optez pour la Porta Palace une mini-maison transportable et \u00e9cologique.\" \/>\n<meta name=\"robots\" content=\"index, follow, max-snippet:-1, max-image-preview:large, max-video-preview:-1\" \/>\n<link rel=\"canonical\" href=\"https:\/\/toploc.com\/blog\/mini-maison\/mini-maison-transportable-et-ecologique\" \/>\n<meta property=\"og:locale\" content=\"fr_FR\" \/>\n<meta property=\"og:type\" content=\"article\" \/>\n<meta property=\"og:title\" content=\"Porta Palace : une mini-maison transportable et \u00e9cologique\" \/>\n<meta property=\"og:description\" content=\"Vous avez besoin de libert\u00e9\u00a0et vivre de mani\u00e8re plus authentique\u00a0? Optez pour la Porta Palace une mini-maison transportable et \u00e9cologique.\" \/>\n<meta property=\"og:url\" content=\"https:\/\/toploc.com\/blog\/mini-maison\/mini-maison-transportable-et-ecologique\" \/>\n<meta property=\"og:site_name\" content=\"Toploc\" \/>\n<meta property=\"article:publisher\" content=\"https:\/\/www.facebook.com\/locationfrancophone\" \/>\n<meta property=\"article:published_time\" content=\"2022-08-27T08:00:00+00:00\" \/>\n<meta property=\"article:modified_time\" content=\"2023-04-12T08:30:51+00:00\" \/>\n<meta property=\"og:image\" content=\"https:\/\/toploc.com\/blog\/wp-content\/uploads\/2016\/02\/Mini-maison-transportable-et-ecologique-\u00a9Porta-Palace-Daniel-Venneman.jpg\" \/>\n\t<meta property=\"og:image:width\" content=\"700\" \/>\n\t<meta property=\"og:image:height\" content=\"324\" \/>\n\t<meta property=\"og:image:type\" content=\"image\/jpeg\" \/>\n<meta name=\"author\" content=\"Cl\u00e9ment\" \/>\n<meta name=\"twitter:card\" content=\"summary_large_image\" \/>\n<meta name=\"twitter:label1\" content=\"\u00c9crit par\" \/>\n\t<meta name=\"twitter:data1\" content=\"Cl\u00e9ment\" \/>\n\t<meta name=\"twitter:label2\" content=\"Dur\u00e9e de lecture estim\u00e9e\" \/>\n\t<meta name=\"twitter:data2\" content=\"6 minutes\" \/>\n<script type=\"application\/ld+json\" class=\"yoast-schema-graph\">{\"@context\":\"https:\/\/schema.org\",\"@graph\":[{\"@type\":\"Article\",\"@id\":\"https:\/\/toploc.com\/blog\/mini-maison\/mini-maison-transportable-et-ecologique#article\",\"isPartOf\":{\"@id\":\"https:\/\/toploc.com\/blog\/mini-maison\/mini-maison-transportable-et-ecologique\"},\"author\":{\"name\":\"Cl\u00e9ment\",\"@id\":\"https:\/\/toploc.com\/blog\/#\/schema\/person\/a9a9ab9580d05ee0352c23272006bb69\"},\"headline\":\"La Porta Palace tiny-house transportable et \u00e9cologique\",\"datePublished\":\"2022-08-27T08:00:00+00:00\",\"dateModified\":\"2023-04-12T08:30:51+00:00\",\"mainEntityOfPage\":{\"@id\":\"https:\/\/toploc.com\/blog\/mini-maison\/mini-maison-transportable-et-ecologique\"},\"wordCount\":688,\"commentCount\":0,\"publisher\":{\"@id\":\"https:\/\/toploc.com\/blog\/#organization\"},\"image\":{\"@id\":\"https:\/\/toploc.com\/blog\/mini-maison\/mini-maison-transportable-et-ecologique#primaryimage\"},\"thumbnailUrl\":\"https:\/\/toploc.com\/blog\/wp-content\/uploads\/2016\/02\/Mini-maison-transportable-et-ecologique-\u00a9Porta-Palace-Daniel-Venneman.jpg\",\"articleSection\":[\"Tiny House\"],\"inLanguage\":\"fr-FR\",\"potentialAction\":[{\"@type\":\"CommentAction\",\"name\":\"Comment\",\"target\":[\"https:\/\/toploc.com\/blog\/mini-maison\/mini-maison-transportable-et-ecologique#respond\"]}]},{\"@type\":\"WebPage\",\"@id\":\"https:\/\/toploc.com\/blog\/mini-maison\/mini-maison-transportable-et-ecologique\",\"url\":\"https:\/\/toploc.com\/blog\/mini-maison\/mini-maison-transportable-et-ecologique\",\"name\":\"Porta Palace : une mini-maison transportable et \u00e9cologique\",\"isPartOf\":{\"@id\":\"https:\/\/toploc.com\/blog\/#website\"},\"primaryImageOfPage\":{\"@id\":\"https:\/\/toploc.com\/blog\/mini-maison\/mini-maison-transportable-et-ecologique#primaryimage\"},\"image\":{\"@id\":\"https:\/\/toploc.com\/blog\/mini-maison\/mini-maison-transportable-et-ecologique#primaryimage\"},\"thumbnailUrl\":\"https:\/\/toploc.com\/blog\/wp-content\/uploads\/2016\/02\/Mini-maison-transportable-et-ecologique-\u00a9Porta-Palace-Daniel-Venneman.jpg\",\"datePublished\":\"2022-08-27T08:00:00+00:00\",\"dateModified\":\"2023-04-12T08:30:51+00:00\",\"description\":\"Vous avez besoin de libert\u00e9\u00a0et vivre de mani\u00e8re plus authentique\u00a0? Optez pour la Porta Palace une mini-maison transportable et \u00e9cologique.\",\"breadcrumb\":{\"@id\":\"https:\/\/toploc.com\/blog\/mini-maison\/mini-maison-transportable-et-ecologique#breadcrumb\"},\"inLanguage\":\"fr-FR\",\"potentialAction\":[{\"@type\":\"ReadAction\",\"target\":[\"https:\/\/toploc.com\/blog\/mini-maison\/mini-maison-transportable-et-ecologique\"]}]},{\"@type\":\"ImageObject\",\"inLanguage\":\"fr-FR\",\"@id\":\"https:\/\/toploc.com\/blog\/mini-maison\/mini-maison-transportable-et-ecologique#primaryimage\",\"url\":\"https:\/\/toploc.com\/blog\/wp-content\/uploads\/2016\/02\/Mini-maison-transportable-et-ecologique-\u00a9Porta-Palace-Daniel-Venneman.jpg\",\"contentUrl\":\"https:\/\/toploc.com\/blog\/wp-content\/uploads\/2016\/02\/Mini-maison-transportable-et-ecologique-\u00a9Porta-Palace-Daniel-Venneman.jpg\",\"width\":700,\"height\":324,\"caption\":\"Mini-maison transportable et \u00e9cologique \u00a9Porta Palace Daniel Venneman\"},{\"@type\":\"BreadcrumbList\",\"@id\":\"https:\/\/toploc.com\/blog\/mini-maison\/mini-maison-transportable-et-ecologique#breadcrumb\",\"itemListElement\":[{\"@type\":\"ListItem\",\"position\":1,\"name\":\"Accueil\",\"item\":\"https:\/\/toploc.com\/blog\"},{\"@type\":\"ListItem\",\"position\":2,\"name\":\"La Porta Palace tiny-house transportable et \u00e9cologique\"}]},{\"@type\":\"WebSite\",\"@id\":\"https:\/\/toploc.com\/blog\/#website\",\"url\":\"https:\/\/toploc.com\/blog\/\",\"name\":\"Toploc\",\"description\":\"Itin\u00e9raires natures et locations de vacances en groupe\",\"publisher\":{\"@id\":\"https:\/\/toploc.com\/blog\/#organization\"},\"potentialAction\":[{\"@type\":\"SearchAction\",\"target\":{\"@type\":\"EntryPoint\",\"urlTemplate\":\"https:\/\/toploc.com\/blog\/?s={search_term_string}\"},\"query-input\":{\"@type\":\"PropertyValueSpecification\",\"valueRequired\":true,\"valueName\":\"search_term_string\"}}],\"inLanguage\":\"fr-FR\"},{\"@type\":\"Organization\",\"@id\":\"https:\/\/toploc.com\/blog\/#organization\",\"name\":\"Toploc\",\"url\":\"https:\/\/toploc.com\/blog\/\",\"logo\":{\"@type\":\"ImageObject\",\"inLanguage\":\"fr-FR\",\"@id\":\"https:\/\/toploc.com\/blog\/#\/schema\/logo\/image\/\",\"url\":\"https:\/\/blog.toploc.com\/wp-content\/uploads\/2022\/03\/toploc_facebook_5.png\",\"contentUrl\":\"https:\/\/blog.toploc.com\/wp-content\/uploads\/2022\/03\/toploc_facebook_5.png\",\"width\":600,\"height\":600,\"caption\":\"Toploc\"},\"image\":{\"@id\":\"https:\/\/toploc.com\/blog\/#\/schema\/logo\/image\/\"},\"sameAs\":[\"https:\/\/www.facebook.com\/locationfrancophone\",\"https:\/\/www.instagram.com\/toploc_\",\"https:\/\/www.pinterest.fr\/Toploc_\/\"]},{\"@type\":\"Person\",\"@id\":\"https:\/\/toploc.com\/blog\/#\/schema\/person\/a9a9ab9580d05ee0352c23272006bb69\",\"name\":\"Cl\u00e9ment\",\"image\":{\"@type\":\"ImageObject\",\"inLanguage\":\"fr-FR\",\"@id\":\"https:\/\/toploc.com\/blog\/#\/schema\/person\/image\/\",\"url\":\"https:\/\/secure.gravatar.com\/avatar\/fdec9cf4f9df05f96e411731f2f56a5a1f291b77059f45b98e75f934d1b60d62?s=96&d=mm&r=g\",\"contentUrl\":\"https:\/\/secure.gravatar.com\/avatar\/fdec9cf4f9df05f96e411731f2f56a5a1f291b77059f45b98e75f934d1b60d62?s=96&d=mm&r=g\",\"caption\":\"Cl\u00e9ment\"},\"description\":\"Passionn\u00e9 de longues aventures \u00e0 v\u00e9lo et de camping en plein air, j'aime explorer de nouvelles contr\u00e9es et d\u00e9couvrir de nouveaux endroits 100% nature.\",\"url\":\"https:\/\/toploc.com\/blog\/author\/clement\"}]}<\/script>\n<!-- \/ Yoast SEO plugin. -->","yoast_head_json":{"title":"Porta Palace : une mini-maison transportable et \u00e9cologique","description":"Vous avez besoin de libert\u00e9\u00a0et vivre de mani\u00e8re plus authentique\u00a0? Optez pour la Porta Palace une mini-maison transportable et \u00e9cologique.","robots":{"index":"index","follow":"follow","max-snippet":"max-snippet:-1","max-image-preview":"max-image-preview:large","max-video-preview":"max-video-preview:-1"},"canonical":"https:\/\/toploc.com\/blog\/mini-maison\/mini-maison-transportable-et-ecologique","og_locale":"fr_FR","og_type":"article","og_title":"Porta Palace : une mini-maison transportable et \u00e9cologique","og_description":"Vous avez besoin de libert\u00e9\u00a0et vivre de mani\u00e8re plus authentique\u00a0? Optez pour la Porta Palace une mini-maison transportable et \u00e9cologique.","og_url":"https:\/\/toploc.com\/blog\/mini-maison\/mini-maison-transportable-et-ecologique","og_site_name":"Toploc","article_publisher":"https:\/\/www.facebook.com\/locationfrancophone","article_published_time":"2022-08-27T08:00:00+00:00","article_modified_time":"2023-04-12T08:30:51+00:00","og_image":[{"width":700,"height":324,"url":"https:\/\/toploc.com\/blog\/wp-content\/uploads\/2016\/02\/Mini-maison-transportable-et-ecologique-\u00a9Porta-Palace-Daniel-Venneman.jpg","type":"image\/jpeg"}],"author":"Cl\u00e9ment","twitter_card":"summary_large_image","twitter_misc":{"\u00c9crit par":"Cl\u00e9ment","Dur\u00e9e de lecture estim\u00e9e":"6 minutes"},"schema":{"@context":"https:\/\/schema.org","@graph":[{"@type":"Article","@id":"https:\/\/toploc.com\/blog\/mini-maison\/mini-maison-transportable-et-ecologique#article","isPartOf":{"@id":"https:\/\/toploc.com\/blog\/mini-maison\/mini-maison-transportable-et-ecologique"},"author":{"name":"Cl\u00e9ment","@id":"https:\/\/toploc.com\/blog\/#\/schema\/person\/a9a9ab9580d05ee0352c23272006bb69"},"headline":"La Porta Palace tiny-house transportable et \u00e9cologique","datePublished":"2022-08-27T08:00:00+00:00","dateModified":"2023-04-12T08:30:51+00:00","mainEntityOfPage":{"@id":"https:\/\/toploc.com\/blog\/mini-maison\/mini-maison-transportable-et-ecologique"},"wordCount":688,"commentCount":0,"publisher":{"@id":"https:\/\/toploc.com\/blog\/#organization"},"image":{"@id":"https:\/\/toploc.com\/blog\/mini-maison\/mini-maison-transportable-et-ecologique#primaryimage"},"thumbnailUrl":"https:\/\/toploc.com\/blog\/wp-content\/uploads\/2016\/02\/Mini-maison-transportable-et-ecologique-\u00a9Porta-Palace-Daniel-Venneman.jpg","articleSection":["Tiny House"],"inLanguage":"fr-FR","potentialAction":[{"@type":"CommentAction","name":"Comment","target":["https:\/\/toploc.com\/blog\/mini-maison\/mini-maison-transportable-et-ecologique#respond"]}]},{"@type":"WebPage","@id":"https:\/\/toploc.com\/blog\/mini-maison\/mini-maison-transportable-et-ecologique","url":"https:\/\/toploc.com\/blog\/mini-maison\/mini-maison-transportable-et-ecologique","name":"Porta Palace : une mini-maison transportable et \u00e9cologique","isPartOf":{"@id":"https:\/\/toploc.com\/blog\/#website"},"primaryImageOfPage":{"@id":"https:\/\/toploc.com\/blog\/mini-maison\/mini-maison-transportable-et-ecologique#primaryimage"},"image":{"@id":"https:\/\/toploc.com\/blog\/mini-maison\/mini-maison-transportable-et-ecologique#primaryimage"},"thumbnailUrl":"https:\/\/toploc.com\/blog\/wp-content\/uploads\/2016\/02\/Mini-maison-transportable-et-ecologique-\u00a9Porta-Palace-Daniel-Venneman.jpg","datePublished":"2022-08-27T08:00:00+00:00","dateModified":"2023-04-12T08:30:51+00:00","description":"Vous avez besoin de libert\u00e9\u00a0et vivre de mani\u00e8re plus authentique\u00a0? Optez pour la Porta Palace une mini-maison transportable et \u00e9cologique.","breadcrumb":{"@id":"https:\/\/toploc.com\/blog\/mini-maison\/mini-maison-transportable-et-ecologique#breadcrumb"},"inLanguage":"fr-FR","potentialAction":[{"@type":"ReadAction","target":["https:\/\/toploc.com\/blog\/mini-maison\/mini-maison-transportable-et-ecologique"]}]},{"@type":"ImageObject","inLanguage":"fr-FR","@id":"https:\/\/toploc.com\/blog\/mini-maison\/mini-maison-transportable-et-ecologique#primaryimage","url":"https:\/\/toploc.com\/blog\/wp-content\/uploads\/2016\/02\/Mini-maison-transportable-et-ecologique-\u00a9Porta-Palace-Daniel-Venneman.jpg","contentUrl":"https:\/\/toploc.com\/blog\/wp-content\/uploads\/2016\/02\/Mini-maison-transportable-et-ecologique-\u00a9Porta-Palace-Daniel-Venneman.jpg","width":700,"height":324,"caption":"Mini-maison transportable et \u00e9cologique \u00a9Porta Palace Daniel Venneman"},{"@type":"BreadcrumbList","@id":"https:\/\/toploc.com\/blog\/mini-maison\/mini-maison-transportable-et-ecologique#breadcrumb","itemListElement":[{"@type":"ListItem","position":1,"name":"Accueil","item":"https:\/\/toploc.com\/blog"},{"@type":"ListItem","position":2,"name":"La Porta Palace tiny-house transportable et \u00e9cologique"}]},{"@type":"WebSite","@id":"https:\/\/toploc.com\/blog\/#website","url":"https:\/\/toploc.com\/blog\/","name":"Toploc","description":"Itin\u00e9raires natures et locations de vacances en groupe","publisher":{"@id":"https:\/\/toploc.com\/blog\/#organization"},"potentialAction":[{"@type":"SearchAction","target":{"@type":"EntryPoint","urlTemplate":"https:\/\/toploc.com\/blog\/?s={search_term_string}"},"query-input":{"@type":"PropertyValueSpecification","valueRequired":true,"valueName":"search_term_string"}}],"inLanguage":"fr-FR"},{"@type":"Organization","@id":"https:\/\/toploc.com\/blog\/#organization","name":"Toploc","url":"https:\/\/toploc.com\/blog\/","logo":{"@type":"ImageObject","inLanguage":"fr-FR","@id":"https:\/\/toploc.com\/blog\/#\/schema\/logo\/image\/","url":"https:\/\/blog.toploc.com\/wp-content\/uploads\/2022\/03\/toploc_facebook_5.png","contentUrl":"https:\/\/blog.toploc.com\/wp-content\/uploads\/2022\/03\/toploc_facebook_5.png","width":600,"height":600,"caption":"Toploc"},"image":{"@id":"https:\/\/toploc.com\/blog\/#\/schema\/logo\/image\/"},"sameAs":["https:\/\/www.facebook.com\/locationfrancophone","https:\/\/www.instagram.com\/toploc_","https:\/\/www.pinterest.fr\/Toploc_\/"]},{"@type":"Person","@id":"https:\/\/toploc.com\/blog\/#\/schema\/person\/a9a9ab9580d05ee0352c23272006bb69","name":"Cl\u00e9ment","image":{"@type":"ImageObject","inLanguage":"fr-FR","@id":"https:\/\/toploc.com\/blog\/#\/schema\/person\/image\/","url":"https:\/\/secure.gravatar.com\/avatar\/fdec9cf4f9df05f96e411731f2f56a5a1f291b77059f45b98e75f934d1b60d62?s=96&d=mm&r=g","contentUrl":"https:\/\/secure.gravatar.com\/avatar\/fdec9cf4f9df05f96e411731f2f56a5a1f291b77059f45b98e75f934d1b60d62?s=96&d=mm&r=g","caption":"Cl\u00e9ment"},"description":"Passionn\u00e9 de longues aventures \u00e0 v\u00e9lo et de camping en plein air, j'aime explorer de nouvelles contr\u00e9es et d\u00e9couvrir de nouveaux endroits 100% nature.","url":"https:\/\/toploc.com\/blog\/author\/clement"}]}},"_links":{"self":[{"href":"https:\/\/toploc.com\/blog\/wp-json\/wp\/v2\/posts\/4548","targetHints":{"allow":["GET"]}}],"collection":[{"href":"https:\/\/toploc.com\/blog\/wp-json\/wp\/v2\/posts"}],"about":[{"href":"https:\/\/toploc.com\/blog\/wp-json\/wp\/v2\/types\/post"}],"author":[{"embeddable":true,"href":"https:\/\/toploc.com\/blog\/wp-json\/wp\/v2\/users\/1"}],"replies":[{"embeddable":true,"href":"https:\/\/toploc.com\/blog\/wp-json\/wp\/v2\/comments?post=4548"}],"version-history":[{"count":6,"href":"https:\/\/toploc.com\/blog\/wp-json\/wp\/v2\/posts\/4548\/revisions"}],"predecessor-version":[{"id":127061,"href":"https:\/\/toploc.com\/blog\/wp-json\/wp\/v2\/posts\/4548\/revisions\/127061"}],"wp:featuredmedia":[{"embeddable":true,"href":"https:\/\/toploc.com\/blog\/wp-json\/wp\/v2\/media\/4567"}],"wp:attachment":[{"href":"https:\/\/toploc.com\/blog\/wp-json\/wp\/v2\/media?parent=4548"}],"wp:term":[{"taxonomy":"category","embeddable":true,"href":"https:\/\/toploc.com\/blog\/wp-json\/wp\/v2\/categories?post=4548"},{"taxonomy":"post_tag","embeddable":true,"href":"https:\/\/toploc.com\/blog\/wp-json\/wp\/v2\/tags?post=4548"}],"curies":[{"name":"wp","href":"https:\/\/api.w.org\/{rel}","templated":true}]}}