{"id":29615,"date":"2014-10-16T15:42:50","date_gmt":"2014-10-16T13:42:50","guid":{"rendered":"https:\/\/www.location-francophone.com\/blog\/?p=814"},"modified":"2022-04-10T14:50:35","modified_gmt":"2022-04-10T12:50:35","slug":"congo","status":"publish","type":"post","link":"https:\/\/toploc.com\/blog\/afrique\/congo","title":{"rendered":"Le Congo, second poumon \u00e9cologique du monde apr\u00e8s l\u2019Amazonie"},"content":{"rendered":"<p style=\"text-align: justify;\">Le Congo, pays d\u2019Afrique centrale est situ\u00e9 de part et d\u2019autre de l\u2019\u00e9quateur. Il partage ses fronti\u00e8res avec le Gabon, le Cameroun, la R\u00e9publique centrafricaine, mais aussi la R\u00e9publique d\u00e9mocratique du Congo dont il est s\u00e9par\u00e9 partiellement par le fleuve Congo, puis l\u2019Oubangui et pour finir le Cabinda.<\/p>\n<figure id=\"attachment_29856\" aria-describedby=\"caption-attachment-29856\" style=\"width: 2560px\" class=\"wp-caption alignnone\"><img loading=\"lazy\" decoding=\"async\" class=\"wp-image-29856 size-full\" src=\"https:\/\/blog.toploc.com\/wp-content\/uploads\/2014\/10\/drapeau-congo-brazzaville.png\" alt=\"Drapeau du Congo Brazzaville\" width=\"2560\" height=\"1707\" \/><figcaption id=\"caption-attachment-29856\" class=\"wp-caption-text\">Drapeau du Congo Brazzaville<\/figcaption><\/figure>\n<p style=\"text-align: justify;\"><!--more--><\/p>\n<h2 id=\"decouvrez-le-congo-brazzaville\">D\u00e9couvrez le Congo Brazzaville<\/h2>\n<p style=\"text-align: justify;\">Du nord au sud, le pays s\u2019\u00e9tend sur 1300 km de la fronti\u00e8re centrafricaine \u00e0 l\u2019oc\u00e9an Atlantique, soit une superficie totale de 342\u00a0000 km\u00b2, pour environ 492\u00a0689 habitants en 2013. La R\u00e9publique du Congo est commun\u00e9ment appel\u00e9e Congo-Brazzaville afin de la diff\u00e9rencier de la R\u00e9publique d\u00e9mocratique du Congo que l\u2019on appelle aussi Congo-Kinshasa.<\/p>\n<p style=\"text-align: justify;\">Une for\u00eat tropicale humide occupe les deux-tiers de la R\u00e9publique du Congo. Le fleuve Congo est le deuxi\u00e8me plus grand fleuve du monde apr\u00e8s l\u2019Amazone en ce qui concerne le d\u00e9bit moyen. L\u2019\u00e9quateur, qui traverse le pays, passe par la ville de Makoua qui se situe dans la r\u00e9gion de la Cuvette.<\/p>\n<p style=\"text-align: justify;\">Bord\u00e9 par l\u2019oc\u00e9an Atlantique sur une longueur d\u2019environ 170 km,\u00a0Le Congo est domin\u00e9 par trois types de reliefs bien distincts. On y trouve, des montagnes plus ou moins anciennes qui se situent \u00e0 environ 80 km de la c\u00f4te et qui portent le nom des cha\u00eenes du Mayombe et qui ne culminent que tr\u00e8s rarement au dessus des 1200 m\u00e8tres d\u2019altitude.<\/p>\n<p style=\"text-align: justify;\">La cuvette congolaise quant \u00e0 elle, forme une zone mar\u00e9cageuse, au nord-ouest de celle-ci, de grands plateaux gr\u00e9seux offrent une fronti\u00e8re entre le bassin du Congo et celui de l\u2019Ogoou\u00e9 qui se trouve au Gabon.<\/p>\n<h2 id=\"activites-et-attraits-touristiques-au-congo\" style=\"text-align: justify;\"><strong>Activit\u00e9s et attraits touristiques au Congo<\/strong><\/h2>\n<p style=\"text-align: justify;\">Le pays poss\u00e8de une grande vari\u00e9t\u00e9 de paysage parmi lesquels on trouve des savanes, des for\u00eats inond\u00e9es dans le nord du pays, des montagnes escarp\u00e9es et bien d\u2019autres encore, ce qui fait de ce pays un paradis pour randonneur et pour les aventuriers en herbe.<\/p>\n<p style=\"text-align: justify;\">Brazzaville est une \u00e9tape agr\u00e9able o\u00f9 vous pourrez visiter quelques \u00e9difices historiques comme la Basilique Sainte-Anne, mais aussi fl\u00e2ner dans les ruelles de Poto-Poto qui est un quartier populaire de la ville.<\/p>\n<p style=\"text-align: justify;\">Un peu plus loin, en vous rendant dans la r\u00e9gion du Pool, vous pourrez admirer les chutes de B\u00e9la et Loufoulakari, mais aussi le trou de Nguela qui offre un magnifique point de vue et qui a \u00e9t\u00e9 creus\u00e9 par une m\u00e9t\u00e9orite.<\/p>\n<figure id=\"attachment_75957\" aria-describedby=\"caption-attachment-75957\" style=\"width: 700px\" class=\"wp-caption aligncenter\"><a href=\"https:\/\/blog.toploc.com\/wp-content\/uploads\/2014\/10\/Le-Congo-Brazzaville-une-destination-francophone.jpg\"><img loading=\"lazy\" decoding=\"async\" class=\"wp-image-75957 size-full\" src=\"https:\/\/blog.toploc.com\/wp-content\/uploads\/2014\/10\/Le-Congo-Brazzaville-une-destination-francophone.jpg\" alt=\"Le Congo Brazzaville, une destination francophone\" width=\"700\" height=\"458\" \/><\/a><figcaption id=\"caption-attachment-75957\" class=\"wp-caption-text\"><small>Le Congo Brazzaville, une destination francophone<\/small><\/figcaption><\/figure>\n<p style=\"text-align: justify;\">Au nord de la capitale, \u00e0 environ 150 km se trouve un village historique du nom de M\u2019B\u00e9 qui est la capitale du Maloko. Dans cette r\u00e9gion, on trouve de nombreux paysages insolites, tels que le lac Bleu qui se trouve dans une magnifique vall\u00e9e d\u2019effondrement, mais aussi les plateaux Bat\u00e9k\u00e9s constitu\u00e9s de gr\u00e8s rose.<\/p>\n<p style=\"text-align: justify;\">Un peu plus loin, vous pourrez visiter l\u2019une des plus importantes r\u00e9serves du pays du nom de L\u00e9fini. \u00c9l\u00e9phants, hippopotames, buffles, singes, gazelles, antilopes ainsi que plusieurs esp\u00e8ces d\u2019oiseaux, y vivent en harmonie.<\/p>\n<p style=\"text-align: justify;\">La ligne de chemin de fer Congo-Oc\u00e9an, quant \u00e0 elle vous permettra de relier la capitale \u00e0 Pointe Noire. Vous d\u00e9couvrirez, en m\u00eame temps, de magnifiques paysages. Ce voyage d\u2019une distance de 512km, vous fera longer les massifs, mais aussi enjamber des gouffres. Vous vous enfoncerez \u00e9galement dans la for\u00eat vierge, et ce, pour une dur\u00e9e d\u2019environ 10 heures.<\/p>\n<h3 id=\"ne-loupez-pas-les-incontournables\">Ne loupez pas les incontournables<\/h3>\n<p style=\"text-align: justify;\">Amateur des plaisirs fluviaux ? Embarquez, au d\u00e9part de Brazzaville, sur une pirogue ou sur un bateau de croisi\u00e8re. Vous partirez ainsi \u00e0 la d\u00e9couverte du fleuve Congo.<\/p>\n<p style=\"text-align: justify;\">Si vous voulez voir des paysages surprenants compos\u00e9s de pitons coniques, il faudra vous rendre sur la boucle du Niari. Cette r\u00e9gion, abrite encore quelques pygm\u00e9es qui vivent \u00e0 l\u2019\u00e9cart de la civilisation. En vous dirigeant vers le Gabon, vous pourrez visiter la r\u00e9serve de Mont Mfouari, mais aussi les grottes de Bihoua.<\/p>\n<p style=\"text-align: justify;\">Enfin, dans la r\u00e9gion de la Bouenza, les chutes d\u2019eau du m\u00eame nom, le pont en lianes sur le l\u2019Ogou\u00e9, les grottes de Fwalwila et de Nkila-Ntari raviront les plus aventureux d\u2019entre vous.<\/p>\n<figure id=\"attachment_75958\" aria-describedby=\"caption-attachment-75958\" style=\"width: 700px\" class=\"wp-caption aligncenter\"><a href=\"https:\/\/blog.toploc.com\/wp-content\/uploads\/2014\/10\/Tourisme-au-Congo-Brazzaville.jpg\"><img loading=\"lazy\" decoding=\"async\" class=\"wp-image-75958 size-full\" src=\"https:\/\/blog.toploc.com\/wp-content\/uploads\/2014\/10\/Tourisme-au-Congo-Brazzaville.jpg\" alt=\"Tourisme au Congo Brazzaville\" width=\"700\" height=\"468\" \/><\/a><figcaption id=\"caption-attachment-75958\" class=\"wp-caption-text\"><small>Tourisme au Congo Brazzaville<\/small><\/figcaption><\/figure>\n<p style=\"text-align: justify;\">Pour finir, un d\u00e9tour sur la c\u00f4te Atlantique, \u00e0 Pointe-Noire s\u2019impose. Vous pourrez vous pr\u00e9lasser sur les plages de la Pointe-Indienne et de Loango. Il reste aussi un excellent endroit pour pratiquer la p\u00eache. Le port de la ville est consid\u00e9r\u00e9 comme le poumon \u00e9conomique du pays.<\/p>\n<p style=\"text-align: justify;\">Au d\u00e9tour des rues, vous pourrez admirer les \u00e9difices coloniaux. N&#8217;h\u00e9sitez pas aussi \u00e0 fl\u00e2ner dans les diverses boutiques o\u00f9 nombre de produits artisanaux combleront vos envies de souvenirs. Au sud de Pointe-Noire, le lac Nanga, mais aussi les cirques de Diosso, vous offriront de magnifiques escapades.<\/p>\n<p style=\"text-align: justify;\">Le tourisme au Congo semble tr\u00e8s peu d\u00e9velopp\u00e9. Le pays reste pourtant une magnifique destination pour r\u00e9aliser des safaris. Ses paysages vous attendent pour des moments inoubliables.<\/p>\n<h2 id=\"francophonie-congolaise\" style=\"text-align: justify;\"><strong>Francophonie Congolaise<\/strong><\/h2>\n<p style=\"text-align: justify;\">Le Fran\u00e7ais reste la langue officielle de la R\u00e9publique du Congo. Celui-ci est parl\u00e9 par 56 % de la population et par 78% des personnes ayant plus de 10 ans. Les langues nationales, quant \u00e0 elles, sont le Kikongo et le Lingala. En 2010, le pays accueille le plus grand nombre de Francophones apr\u00e8s le Gabon.<\/p>\n","protected":false},"excerpt":{"rendered":"Le Congo, pays d\u2019Afrique centrale est situ\u00e9 de part et d\u2019autre de l\u2019\u00e9quateur. Il partage ses fronti\u00e8res avec&hellip;\n","protected":false},"author":3,"featured_media":29856,"comment_status":"open","ping_status":"closed","sticky":false,"template":"","format":"standard","meta":{"footnotes":""},"categories":[75],"tags":[84,2518,2519,2520],"class_list":{"0":"post-29615","1":"post","2":"type-post","3":"status-publish","4":"format-standard","5":"has-post-thumbnail","7":"category-afrique","8":"tag-afrique","9":"tag-congo","10":"tag-decouverte-touristique","11":"tag-destination-francophone"},"yoast_head":"<!-- This site is optimized with the Yoast SEO plugin v26.9 - https:\/\/yoast.com\/product\/yoast-seo-wordpress\/ -->\n<title>Le Congo, second poumon \u00e9cologique du monde apr\u00e8s l\u2019Amazonie<\/title>\n<meta name=\"description\" content=\"Le Congo, pays d\u2019Afrique centrale est situ\u00e9 de part et d\u2019autre de l\u2019\u00e9quateur. Il partage ses fronti\u00e8res avec le Gabon, le Cameroun,...\" \/>\n<meta name=\"robots\" content=\"index, follow, max-snippet:-1, max-image-preview:large, max-video-preview:-1\" \/>\n<link rel=\"canonical\" href=\"https:\/\/toploc.com\/blog\/afrique\/congo\" \/>\n<meta property=\"og:locale\" content=\"fr_FR\" \/>\n<meta property=\"og:type\" content=\"article\" \/>\n<meta property=\"og:title\" content=\"Le Congo, second poumon \u00e9cologique du monde apr\u00e8s l\u2019Amazonie\" \/>\n<meta property=\"og:description\" content=\"Le Congo, pays d\u2019Afrique centrale est situ\u00e9 de part et d\u2019autre de l\u2019\u00e9quateur. Il partage ses fronti\u00e8res avec le Gabon, le Cameroun,...\" \/>\n<meta property=\"og:url\" content=\"https:\/\/toploc.com\/blog\/afrique\/congo\" \/>\n<meta property=\"og:site_name\" content=\"Toploc\" \/>\n<meta property=\"article:publisher\" content=\"https:\/\/www.facebook.com\/locationfrancophone\" \/>\n<meta property=\"article:published_time\" content=\"2014-10-16T13:42:50+00:00\" \/>\n<meta property=\"article:modified_time\" content=\"2022-04-10T12:50:35+00:00\" \/>\n<meta property=\"og:image\" content=\"https:\/\/toploc.com\/blog\/wp-content\/uploads\/2014\/10\/drapeau-congo-brazzaville.png\" \/>\n\t<meta property=\"og:image:width\" content=\"2560\" \/>\n\t<meta property=\"og:image:height\" content=\"1707\" \/>\n\t<meta property=\"og:image:type\" content=\"image\/png\" \/>\n<meta name=\"author\" content=\"Julien\" \/>\n<meta name=\"twitter:card\" content=\"summary_large_image\" \/>\n<meta name=\"twitter:label1\" content=\"\u00c9crit par\" \/>\n\t<meta name=\"twitter:data1\" content=\"Julien\" \/>\n\t<meta name=\"twitter:label2\" content=\"Dur\u00e9e de lecture estim\u00e9e\" \/>\n\t<meta name=\"twitter:data2\" content=\"5 minutes\" \/>\n<script type=\"application\/ld+json\" class=\"yoast-schema-graph\">{\"@context\":\"https:\/\/schema.org\",\"@graph\":[{\"@type\":\"Article\",\"@id\":\"https:\/\/toploc.com\/blog\/afrique\/congo#article\",\"isPartOf\":{\"@id\":\"https:\/\/toploc.com\/blog\/afrique\/congo\"},\"author\":{\"name\":\"Julien\",\"@id\":\"https:\/\/toploc.com\/blog\/#\/schema\/person\/b66f845e3e2106301dee05e5bc776788\"},\"headline\":\"Le Congo, second poumon \u00e9cologique du monde apr\u00e8s l\u2019Amazonie\",\"datePublished\":\"2014-10-16T13:42:50+00:00\",\"dateModified\":\"2022-04-10T12:50:35+00:00\",\"mainEntityOfPage\":{\"@id\":\"https:\/\/toploc.com\/blog\/afrique\/congo\"},\"wordCount\":948,\"commentCount\":0,\"publisher\":{\"@id\":\"https:\/\/toploc.com\/blog\/#organization\"},\"image\":{\"@id\":\"https:\/\/toploc.com\/blog\/afrique\/congo#primaryimage\"},\"thumbnailUrl\":\"https:\/\/toploc.com\/blog\/wp-content\/uploads\/2014\/10\/drapeau-congo-brazzaville.png\",\"keywords\":[\"Afrique\",\"Congo\",\"d\u00e9couverte touristique\",\"destination francophone\"],\"articleSection\":[\"Itin\u00e9raires Afrique\"],\"inLanguage\":\"fr-FR\",\"potentialAction\":[{\"@type\":\"CommentAction\",\"name\":\"Comment\",\"target\":[\"https:\/\/toploc.com\/blog\/afrique\/congo#respond\"]}]},{\"@type\":\"WebPage\",\"@id\":\"https:\/\/toploc.com\/blog\/afrique\/congo\",\"url\":\"https:\/\/toploc.com\/blog\/afrique\/congo\",\"name\":\"Le Congo, second poumon \u00e9cologique du monde apr\u00e8s l\u2019Amazonie\",\"isPartOf\":{\"@id\":\"https:\/\/toploc.com\/blog\/#website\"},\"primaryImageOfPage\":{\"@id\":\"https:\/\/toploc.com\/blog\/afrique\/congo#primaryimage\"},\"image\":{\"@id\":\"https:\/\/toploc.com\/blog\/afrique\/congo#primaryimage\"},\"thumbnailUrl\":\"https:\/\/toploc.com\/blog\/wp-content\/uploads\/2014\/10\/drapeau-congo-brazzaville.png\",\"datePublished\":\"2014-10-16T13:42:50+00:00\",\"dateModified\":\"2022-04-10T12:50:35+00:00\",\"description\":\"Le Congo, pays d\u2019Afrique centrale est situ\u00e9 de part et d\u2019autre de l\u2019\u00e9quateur. Il partage ses fronti\u00e8res avec le Gabon, le Cameroun,...\",\"breadcrumb\":{\"@id\":\"https:\/\/toploc.com\/blog\/afrique\/congo#breadcrumb\"},\"inLanguage\":\"fr-FR\",\"potentialAction\":[{\"@type\":\"ReadAction\",\"target\":[\"https:\/\/toploc.com\/blog\/afrique\/congo\"]}]},{\"@type\":\"ImageObject\",\"inLanguage\":\"fr-FR\",\"@id\":\"https:\/\/toploc.com\/blog\/afrique\/congo#primaryimage\",\"url\":\"https:\/\/toploc.com\/blog\/wp-content\/uploads\/2014\/10\/drapeau-congo-brazzaville.png\",\"contentUrl\":\"https:\/\/toploc.com\/blog\/wp-content\/uploads\/2014\/10\/drapeau-congo-brazzaville.png\",\"width\":2560,\"height\":1707,\"caption\":\"Drapeau du Congo Brazzaville\"},{\"@type\":\"BreadcrumbList\",\"@id\":\"https:\/\/toploc.com\/blog\/afrique\/congo#breadcrumb\",\"itemListElement\":[{\"@type\":\"ListItem\",\"position\":1,\"name\":\"Accueil\",\"item\":\"https:\/\/toploc.com\/blog\"},{\"@type\":\"ListItem\",\"position\":2,\"name\":\"Le Congo, second poumon \u00e9cologique du monde apr\u00e8s l\u2019Amazonie\"}]},{\"@type\":\"WebSite\",\"@id\":\"https:\/\/toploc.com\/blog\/#website\",\"url\":\"https:\/\/toploc.com\/blog\/\",\"name\":\"Toploc\",\"description\":\"Itin\u00e9raires natures et locations de vacances en groupe\",\"publisher\":{\"@id\":\"https:\/\/toploc.com\/blog\/#organization\"},\"potentialAction\":[{\"@type\":\"SearchAction\",\"target\":{\"@type\":\"EntryPoint\",\"urlTemplate\":\"https:\/\/toploc.com\/blog\/?s={search_term_string}\"},\"query-input\":{\"@type\":\"PropertyValueSpecification\",\"valueRequired\":true,\"valueName\":\"search_term_string\"}}],\"inLanguage\":\"fr-FR\"},{\"@type\":\"Organization\",\"@id\":\"https:\/\/toploc.com\/blog\/#organization\",\"name\":\"Toploc\",\"url\":\"https:\/\/toploc.com\/blog\/\",\"logo\":{\"@type\":\"ImageObject\",\"inLanguage\":\"fr-FR\",\"@id\":\"https:\/\/toploc.com\/blog\/#\/schema\/logo\/image\/\",\"url\":\"https:\/\/blog.toploc.com\/wp-content\/uploads\/2022\/03\/toploc_facebook_5.png\",\"contentUrl\":\"https:\/\/blog.toploc.com\/wp-content\/uploads\/2022\/03\/toploc_facebook_5.png\",\"width\":600,\"height\":600,\"caption\":\"Toploc\"},\"image\":{\"@id\":\"https:\/\/toploc.com\/blog\/#\/schema\/logo\/image\/\"},\"sameAs\":[\"https:\/\/www.facebook.com\/locationfrancophone\",\"https:\/\/www.instagram.com\/toploc_\",\"https:\/\/www.pinterest.fr\/Toploc_\/\"]},{\"@type\":\"Person\",\"@id\":\"https:\/\/toploc.com\/blog\/#\/schema\/person\/b66f845e3e2106301dee05e5bc776788\",\"name\":\"Julien\",\"image\":{\"@type\":\"ImageObject\",\"inLanguage\":\"fr-FR\",\"@id\":\"https:\/\/toploc.com\/blog\/#\/schema\/person\/image\/\",\"url\":\"https:\/\/secure.gravatar.com\/avatar\/642d3d11687b291bb0ade289db2c7d821a72910624f4eb86cab555b4c6a3ed15?s=96&d=mm&r=g\",\"contentUrl\":\"https:\/\/secure.gravatar.com\/avatar\/642d3d11687b291bb0ade289db2c7d821a72910624f4eb86cab555b4c6a3ed15?s=96&d=mm&r=g\",\"caption\":\"Julien\"},\"description\":\"Julien est un passionn\u00e9 de nature et de grands espaces. Guide de moyenne montagne en Andorre, il a partag\u00e9 ses r\u00e9cits de voyage pendant plusieurs ann\u00e9es. Aujourd'hui il est co-auteur de plusieurs articles pour Toploc.\",\"url\":\"https:\/\/toploc.com\/blog\/author\/julien\"}]}<\/script>\n<!-- \/ Yoast SEO plugin. -->","yoast_head_json":{"title":"Le Congo, second poumon \u00e9cologique du monde apr\u00e8s l\u2019Amazonie","description":"Le Congo, pays d\u2019Afrique centrale est situ\u00e9 de part et d\u2019autre de l\u2019\u00e9quateur. Il partage ses fronti\u00e8res avec le Gabon, le Cameroun,...","robots":{"index":"index","follow":"follow","max-snippet":"max-snippet:-1","max-image-preview":"max-image-preview:large","max-video-preview":"max-video-preview:-1"},"canonical":"https:\/\/toploc.com\/blog\/afrique\/congo","og_locale":"fr_FR","og_type":"article","og_title":"Le Congo, second poumon \u00e9cologique du monde apr\u00e8s l\u2019Amazonie","og_description":"Le Congo, pays d\u2019Afrique centrale est situ\u00e9 de part et d\u2019autre de l\u2019\u00e9quateur. Il partage ses fronti\u00e8res avec le Gabon, le Cameroun,...","og_url":"https:\/\/toploc.com\/blog\/afrique\/congo","og_site_name":"Toploc","article_publisher":"https:\/\/www.facebook.com\/locationfrancophone","article_published_time":"2014-10-16T13:42:50+00:00","article_modified_time":"2022-04-10T12:50:35+00:00","og_image":[{"width":2560,"height":1707,"url":"https:\/\/toploc.com\/blog\/wp-content\/uploads\/2014\/10\/drapeau-congo-brazzaville.png","type":"image\/png"}],"author":"Julien","twitter_card":"summary_large_image","twitter_misc":{"\u00c9crit par":"Julien","Dur\u00e9e de lecture estim\u00e9e":"5 minutes"},"schema":{"@context":"https:\/\/schema.org","@graph":[{"@type":"Article","@id":"https:\/\/toploc.com\/blog\/afrique\/congo#article","isPartOf":{"@id":"https:\/\/toploc.com\/blog\/afrique\/congo"},"author":{"name":"Julien","@id":"https:\/\/toploc.com\/blog\/#\/schema\/person\/b66f845e3e2106301dee05e5bc776788"},"headline":"Le Congo, second poumon \u00e9cologique du monde apr\u00e8s l\u2019Amazonie","datePublished":"2014-10-16T13:42:50+00:00","dateModified":"2022-04-10T12:50:35+00:00","mainEntityOfPage":{"@id":"https:\/\/toploc.com\/blog\/afrique\/congo"},"wordCount":948,"commentCount":0,"publisher":{"@id":"https:\/\/toploc.com\/blog\/#organization"},"image":{"@id":"https:\/\/toploc.com\/blog\/afrique\/congo#primaryimage"},"thumbnailUrl":"https:\/\/toploc.com\/blog\/wp-content\/uploads\/2014\/10\/drapeau-congo-brazzaville.png","keywords":["Afrique","Congo","d\u00e9couverte touristique","destination francophone"],"articleSection":["Itin\u00e9raires Afrique"],"inLanguage":"fr-FR","potentialAction":[{"@type":"CommentAction","name":"Comment","target":["https:\/\/toploc.com\/blog\/afrique\/congo#respond"]}]},{"@type":"WebPage","@id":"https:\/\/toploc.com\/blog\/afrique\/congo","url":"https:\/\/toploc.com\/blog\/afrique\/congo","name":"Le Congo, second poumon \u00e9cologique du monde apr\u00e8s l\u2019Amazonie","isPartOf":{"@id":"https:\/\/toploc.com\/blog\/#website"},"primaryImageOfPage":{"@id":"https:\/\/toploc.com\/blog\/afrique\/congo#primaryimage"},"image":{"@id":"https:\/\/toploc.com\/blog\/afrique\/congo#primaryimage"},"thumbnailUrl":"https:\/\/toploc.com\/blog\/wp-content\/uploads\/2014\/10\/drapeau-congo-brazzaville.png","datePublished":"2014-10-16T13:42:50+00:00","dateModified":"2022-04-10T12:50:35+00:00","description":"Le Congo, pays d\u2019Afrique centrale est situ\u00e9 de part et d\u2019autre de l\u2019\u00e9quateur. Il partage ses fronti\u00e8res avec le Gabon, le Cameroun,...","breadcrumb":{"@id":"https:\/\/toploc.com\/blog\/afrique\/congo#breadcrumb"},"inLanguage":"fr-FR","potentialAction":[{"@type":"ReadAction","target":["https:\/\/toploc.com\/blog\/afrique\/congo"]}]},{"@type":"ImageObject","inLanguage":"fr-FR","@id":"https:\/\/toploc.com\/blog\/afrique\/congo#primaryimage","url":"https:\/\/toploc.com\/blog\/wp-content\/uploads\/2014\/10\/drapeau-congo-brazzaville.png","contentUrl":"https:\/\/toploc.com\/blog\/wp-content\/uploads\/2014\/10\/drapeau-congo-brazzaville.png","width":2560,"height":1707,"caption":"Drapeau du Congo Brazzaville"},{"@type":"BreadcrumbList","@id":"https:\/\/toploc.com\/blog\/afrique\/congo#breadcrumb","itemListElement":[{"@type":"ListItem","position":1,"name":"Accueil","item":"https:\/\/toploc.com\/blog"},{"@type":"ListItem","position":2,"name":"Le Congo, second poumon \u00e9cologique du monde apr\u00e8s l\u2019Amazonie"}]},{"@type":"WebSite","@id":"https:\/\/toploc.com\/blog\/#website","url":"https:\/\/toploc.com\/blog\/","name":"Toploc","description":"Itin\u00e9raires natures et locations de vacances en groupe","publisher":{"@id":"https:\/\/toploc.com\/blog\/#organization"},"potentialAction":[{"@type":"SearchAction","target":{"@type":"EntryPoint","urlTemplate":"https:\/\/toploc.com\/blog\/?s={search_term_string}"},"query-input":{"@type":"PropertyValueSpecification","valueRequired":true,"valueName":"search_term_string"}}],"inLanguage":"fr-FR"},{"@type":"Organization","@id":"https:\/\/toploc.com\/blog\/#organization","name":"Toploc","url":"https:\/\/toploc.com\/blog\/","logo":{"@type":"ImageObject","inLanguage":"fr-FR","@id":"https:\/\/toploc.com\/blog\/#\/schema\/logo\/image\/","url":"https:\/\/blog.toploc.com\/wp-content\/uploads\/2022\/03\/toploc_facebook_5.png","contentUrl":"https:\/\/blog.toploc.com\/wp-content\/uploads\/2022\/03\/toploc_facebook_5.png","width":600,"height":600,"caption":"Toploc"},"image":{"@id":"https:\/\/toploc.com\/blog\/#\/schema\/logo\/image\/"},"sameAs":["https:\/\/www.facebook.com\/locationfrancophone","https:\/\/www.instagram.com\/toploc_","https:\/\/www.pinterest.fr\/Toploc_\/"]},{"@type":"Person","@id":"https:\/\/toploc.com\/blog\/#\/schema\/person\/b66f845e3e2106301dee05e5bc776788","name":"Julien","image":{"@type":"ImageObject","inLanguage":"fr-FR","@id":"https:\/\/toploc.com\/blog\/#\/schema\/person\/image\/","url":"https:\/\/secure.gravatar.com\/avatar\/642d3d11687b291bb0ade289db2c7d821a72910624f4eb86cab555b4c6a3ed15?s=96&d=mm&r=g","contentUrl":"https:\/\/secure.gravatar.com\/avatar\/642d3d11687b291bb0ade289db2c7d821a72910624f4eb86cab555b4c6a3ed15?s=96&d=mm&r=g","caption":"Julien"},"description":"Julien est un passionn\u00e9 de nature et de grands espaces. Guide de moyenne montagne en Andorre, il a partag\u00e9 ses r\u00e9cits de voyage pendant plusieurs ann\u00e9es. Aujourd'hui il est co-auteur de plusieurs articles pour Toploc.","url":"https:\/\/toploc.com\/blog\/author\/julien"}]}},"_links":{"self":[{"href":"https:\/\/toploc.com\/blog\/wp-json\/wp\/v2\/posts\/29615","targetHints":{"allow":["GET"]}}],"collection":[{"href":"https:\/\/toploc.com\/blog\/wp-json\/wp\/v2\/posts"}],"about":[{"href":"https:\/\/toploc.com\/blog\/wp-json\/wp\/v2\/types\/post"}],"author":[{"embeddable":true,"href":"https:\/\/toploc.com\/blog\/wp-json\/wp\/v2\/users\/3"}],"replies":[{"embeddable":true,"href":"https:\/\/toploc.com\/blog\/wp-json\/wp\/v2\/comments?post=29615"}],"version-history":[{"count":1,"href":"https:\/\/toploc.com\/blog\/wp-json\/wp\/v2\/posts\/29615\/revisions"}],"predecessor-version":[{"id":118286,"href":"https:\/\/toploc.com\/blog\/wp-json\/wp\/v2\/posts\/29615\/revisions\/118286"}],"wp:featuredmedia":[{"embeddable":true,"href":"https:\/\/toploc.com\/blog\/wp-json\/wp\/v2\/media\/29856"}],"wp:attachment":[{"href":"https:\/\/toploc.com\/blog\/wp-json\/wp\/v2\/media?parent=29615"}],"wp:term":[{"taxonomy":"category","embeddable":true,"href":"https:\/\/toploc.com\/blog\/wp-json\/wp\/v2\/categories?post=29615"},{"taxonomy":"post_tag","embeddable":true,"href":"https:\/\/toploc.com\/blog\/wp-json\/wp\/v2\/tags?post=29615"}],"curies":[{"name":"wp","href":"https:\/\/api.w.org\/{rel}","templated":true}]}}