{"id":152161,"date":"2025-10-09T16:05:55","date_gmt":"2025-10-09T14:05:55","guid":{"rendered":"https:\/\/blog.toploc.com\/?p=152161"},"modified":"2026-03-06T10:38:07","modified_gmt":"2026-03-06T09:38:07","slug":"marches-de-noel-france","status":"publish","type":"post","link":"https:\/\/toploc.com\/blog\/france\/marches-de-noel-france","title":{"rendered":"Les 10 plus beaux March\u00e9s de No\u00ebl France \u00e0 explorer"},"content":{"rendered":"\n<p>\u00c0 l\u2019approche des f\u00eates, la France se transforme en un v\u00e9ritable pays des merveilles hivernales, o\u00f9 les march\u00e9s de No\u00ebl rivalisent de charme et d\u2019originalit\u00e9. De Strasbourg, c\u00e9l\u00e8bre pour \u00eatre la \u00ab Capitale de No\u00ebl \u00bb, aux ruelles illumin\u00e9es de Colmar, en passant par les places pittoresques de Lyon ou de Lille, chaque ville propose une exp\u00e9rience unique m\u00ealant artisanat local, gourmandises traditionnelles et animations festives. Ces march\u00e9s ne se contentent pas de vendre des cadeaux : ils offrent une immersion dans l\u2019atmosph\u00e8re magique de No\u00ebl, avec des lumi\u00e8res scintillantes, des chalets d\u00e9cor\u00e9s et des senteurs envo\u00fbtantes de vin chaud et de pains d\u2019\u00e9pices. Explorer les plus beaux march\u00e9s de No\u00ebl de France, c\u2019est partir \u00e0 la d\u00e9couverte de traditions r\u00e9gionales, de cr\u00e9ations artisanales et de moments de convivialit\u00e9 inoubliables pour petits et grands. Une exp\u00e9rience unique pour tous les amoureux des f\u00eates de fin d&#8217;ann\u00e9e !<\/p>\n\n\n\n<div class=\"wp-block-buttons is-content-justification-center is-layout-flex wp-container-core-buttons-is-layout-16018d1d wp-block-buttons-is-layout-flex\">\n<div class=\"wp-block-button\"><a class=\"wp-block-button__link has-background has-small-font-size has-custom-font-size wp-element-button\" href=\"https:\/\/toploc.com\/locations-vacances\/france?utm_source=blog&amp;utm_medium=noel-france\" style=\"background-color:#006b52\"><strong>\ud83d\udc49 NOS LOCATIONS VACANCES FRANCE<\/strong><\/a><\/div>\n<\/div>\n\n\n\n<h2 id=\"les-plus-beaux-marches-de-noel-de-france\" class=\"wp-block-heading\">Les plus beaux march\u00e9s de No\u00ebl de France <\/h2>\n\n\n\n<p>Nous avons synth\u00e9tis\u00e9 les informations n\u00e9cessaires pour visiter les plus beaux march\u00e9s de No\u00ebl de France en 2025. Notez que certaines informations peuvent parfois \u00e9voluer. Pensez-bien \u00e0 v\u00e9rifier sur le site officiel de l&#8217;\u00e9v\u00e8nement.<\/p>\n\n\n\n<table id=\"tablepress-380\" class=\"tablepress tablepress-id-380\">\n<thead>\n<tr class=\"row-1 odd\">\n\t<th class=\"column-1\">Nom<\/th><th class=\"column-2\">Adresse<\/th><th class=\"column-3\">Horaire<\/th><th class=\"column-4\">Tarif<\/th><th class=\"column-5\">Avis<\/th>\n<\/tr>\n<\/thead>\n<tbody class=\"row-hover\">\n<tr class=\"row-2 even\">\n\t<td class=\"column-1\">March\u00e9 de No\u00ebl Strasbourg<\/td><td class=\"column-2\">67000 Strasbourg<\/td><td class=\"column-3\">27 novembre au 27 d\u00e9cembre de 11h30 \u00e0 21h<\/td><td class=\"column-4\">Gratuit<\/td><td class=\"column-5\">4,0 \/ 5 sur 922 avis Tripadvisor<\/td>\n<\/tr>\n<tr class=\"row-3 odd\">\n\t<td class=\"column-1\">March\u00e9 de No\u00ebl Colmar<\/td><td class=\"column-2\">68000 Colmar<\/td><td class=\"column-3\">26 novembre au 29 d\u00e9cembre<\/td><td class=\"column-4\">Gratuit<\/td><td class=\"column-5\">4,5 \/ 5 sur 7 avis Tripadvisor<\/td>\n<\/tr>\n<tr class=\"row-4 even\">\n\t<td class=\"column-1\">March\u00e9 de No\u00ebl Montb\u00e9liard<\/td><td class=\"column-2\">Place Saint-Martin, 25200 Montb\u00e9liard<\/td><td class=\"column-3\">Du 23 novembre au 24 d\u00e9cembre 2024<\/td><td class=\"column-4\">Gratuit<\/td><td class=\"column-5\">4,5 \/ 5 sur 18 avis Google<\/td>\n<\/tr>\n<tr class=\"row-5 odd\">\n\t<td class=\"column-1\">March\u00e9 de No\u00ebl Paris La D\u00e9fense<\/td><td class=\"column-2\">Parvis de La D\u00e9fense, 92800 Puteaux<\/td><td class=\"column-3\">14 novembre au 29 d\u00e9cembre<\/td><td class=\"column-4\">Gratuit<\/td><td class=\"column-5\"><\/td>\n<\/tr>\n<tr class=\"row-6 even\">\n\t<td class=\"column-1\">March\u00e9 de No\u00ebl Reims<\/td><td class=\"column-2\">Promenades Jean-Louis Schneiter, 51100 Reims<\/td><td class=\"column-3\">27 novembre au 29 d\u00e9cembre <\/td><td class=\"column-4\">Gratuit<\/td><td class=\"column-5\"><\/td>\n<\/tr>\n<tr class=\"row-7 odd\">\n\t<td class=\"column-1\">March\u00e9 de No\u00ebl Amiens<\/td><td class=\"column-2\">80000 Amiens<br \/>\n<\/td><td class=\"column-3\">22 novembre au 29 d\u00e9cembre <\/td><td class=\"column-4\">Gratuit<\/td><td class=\"column-5\">4,2\/5 sur 752 avis Google<\/td>\n<\/tr>\n<tr class=\"row-8 even\">\n\t<td class=\"column-1\">March\u00e9 de No\u00ebl Lille<\/td><td class=\"column-2\">68150<\/td><td class=\"column-3\">20 novembre au 29 d\u00e9cembre<\/td><td class=\"column-4\">Gratuit<\/td><td class=\"column-5\">3,8 \/ 5 sur 351 avis Google<\/td>\n<\/tr>\n<tr class=\"row-9 odd\">\n\t<td class=\"column-1\">March\u00e9 de No\u00ebl Lyon<\/td><td class=\"column-2\">Place Carnot, Lyon 2e<\/td><td class=\"column-3\">22 novembre au 24 d\u00e9cembre<\/td><td class=\"column-4\">Gratuit<\/td><td class=\"column-5\">3,6 \/ 5 sur 84 avis Google<\/td>\n<\/tr>\n<tr class=\"row-10 even\">\n\t<td class=\"column-1\">March\u00e9 de No\u00ebl Metz<\/td><td class=\"column-2\">57000 Metz<\/td><td class=\"column-3\">22 novembre au 30 d\u00e9cembre<\/td><td class=\"column-4\">Gratuit<\/td><td class=\"column-5\">3,7 \/ 5 sur 83 avis Google<\/td>\n<\/tr>\n<tr class=\"row-11 odd\">\n\t<td class=\"column-1\">March\u00e9 de No\u00ebl Annecy<\/td><td class=\"column-2\">67330 Bouxwiller<\/td><td class=\"column-3\">23 novembre au 4 janvier<\/td><td class=\"column-4\">Gratuit<\/td><td class=\"column-5\">3,3\/5 sur 82 avis Google<\/td>\n<\/tr>\n<\/tbody>\n<\/table>\n<!-- #tablepress-380 from cache -->\n\n\n\n<h2 class=\"wp-block-heading\" id=\"march-de-no-l-strasbourg\"><span id=\"marche-de-noel-strasbourg\">March\u00e9 de No\u00ebl Strasbourg<\/span><\/h2>\n\n\n\n<figure class=\"wp-block-image size-full\"><img loading=\"lazy\" decoding=\"async\" width=\"1900\" height=\"1302\" src=\"https:\/\/blog.toploc.com\/wp-content\/uploads\/2024\/11\/strasbourg-place-de-la-cathedrale-marche-de-noel-mademoiselle-voyage-1.jpg\" alt=\"Place de la Cath\u00e9drale \u00e0 Strasbourg pendant le march\u00e9 de No\u00ebl \u00a9 Mademoiselle Voyage\" class=\"wp-image-152069\"\/><figcaption class=\"wp-element-caption\">Place de la Cath\u00e9drale \u00e0 Strasbourg pendant le march\u00e9 de No\u00ebl \u00a9 Mademoiselle Voyage<\/figcaption><\/figure>\n\n\n\n<h3 class=\"wp-block-heading\" id=\"pourquoi-march-de-no-l-strasbourg-fait-partie-des-meilleurs-parcours-march-s-de-no-l-france-\"><span id=\"pourquoi-le-marche-de-noel-strasbourg-fait-partie-des-meilleurs-marches-de-noel-france\">Pourquoi le March\u00e9 de No\u00ebl Strasbourg fait partie des meilleurs March\u00e9s de No\u00ebl France ?<\/span><\/h3>\n\n\n\n<p>Bienvenue au <a href=\"https:\/\/toploc.com\/blog\/france\/marche-noel-strasbourg\">March\u00e9 de No\u00ebl de Strasbourg<\/a>, l\u2019un des plus anciens et embl\u00e9matiques march\u00e9s de No\u00ebl d\u2019Europe\u202f! Chaque ann\u00e9e, la capitale alsacienne se transforme en un v\u00e9ritable conte de f\u00e9es, avec plus de 300 chalets r\u00e9partis sur plusieurs places du centre historique. Fl\u00e2nez parmi les \u00e9tals o\u00f9 artisans et producteurs locaux vous proposent d\u00e9corations de No\u00ebl, id\u00e9es cadeaux et d\u00e9licieuses sp\u00e9cialit\u00e9s alsaciennes. Ne manquez pas le majestueux sapin de No\u00ebl sur la place Kl\u00e9ber, symbole de l&#8217;esprit de No\u00ebl strasbourgeois. Profitez \u00e9galement des animations pour les petits et les grands\u202f: ateliers cr\u00e9atifs, chants traditionnels et patinoire en plein air. Une exp\u00e9rience magique \u00e0 vivre en famille ou entre amis\u202f!<\/p>\n\n\n\n<h3 class=\"wp-block-heading\" id=\"infos-cl-s-march-de-no-l-strasbourg-\"><span id=\"infos-cles-marche-de-noel-strasbourg\">Infos cl\u00e9s &#8211; March\u00e9 de No\u00ebl Strasbourg :<\/span><\/h3>\n\n\n\n<p>Voici toutes les informations utiles pour explorer March\u00e9 de No\u00ebl Strasbourg qui fait partie des <a href=\"https:\/\/toploc.com\/blog\/france\/marches-de-noel-bas-rhin\">plus beaux march\u00e9s de No\u00ebl du Bas-Rhin<\/a> :<\/p>\n\n\n\n<ul class=\"wp-block-list\">\n<li><strong>Site internet<\/strong>&nbsp;: March\u00e9 de No\u00ebl Strasbourg<\/li>\n\n\n\n<li><strong>Adresse de March\u00e9 de No\u00ebl Strasbourg<\/strong>&nbsp;: 67000 Strasbourg<\/li>\n\n\n\n<li><strong>Horaires<\/strong>&nbsp;: 27 novembre au 27 d\u00e9cembre de 11h30 \u00e0 21h<\/li>\n\n\n\n<li><strong>Tarifs<\/strong>&nbsp;: Gratuit<\/li>\n\n\n\n<li><strong>Avis<\/strong>&nbsp;: 4,0 \/ 5 sur 922 avis Tripadvisor<\/li>\n<\/ul>\n\n\n\n<h2 class=\"wp-block-heading\" id=\"march-de-no-l-colmar\"><span id=\"marche-de-noel-colmar\">March\u00e9 de No\u00ebl Colmar<\/span><\/h2>\n\n\n\n<figure class=\"wp-block-image size-full\"><img loading=\"lazy\" decoding=\"async\" width=\"1600\" height=\"900\" src=\"https:\/\/blog.toploc.com\/wp-content\/uploads\/2024\/11\/image-13.png\" alt=\"Vue sur les rues d\u00e9cor\u00e9es pendant le March\u00e9 de No\u00ebl \u00e0 Colmar \u00a9 No\u00ebl Alsace\" class=\"wp-image-152072\"\/><figcaption class=\"wp-element-caption\">Vue sur les rues d\u00e9cor\u00e9es pendant le March\u00e9 de No\u00ebl \u00e0 Colmar \u00a9 No\u00ebl Alsace   <\/figcaption><\/figure>\n\n\n\n<h3 class=\"wp-block-heading\" id=\"pourquoi-march-de-no-l-colmar-fait-partie-des-meilleurs-parcours-march-s-de-no-l-france-\"><span id=\"pourquoi-le-marche-de-noel-colmar-fait-partie-des-meilleurs-marches-de-noel-france\">Pourquoi le march\u00e9 de No\u00ebl Colmar fait partie des meilleurs march\u00e9s de No\u00ebl France ?<\/span><\/h3>\n\n\n\n<p>D\u00e9couvrez toute la magie de No\u00ebl au March\u00e9 de Colmar. R\u00e9partis sur cinq places embl\u00e9matiques du centre historique, ces march\u00e9s offrent une exp\u00e9rience unique et festive. Promenez-vous dans les ruelles bord\u00e9es de maisons traditionnelles et explorez les nombreux chalets remplis d\u2019objets artisanaux et de d\u00e9lices locaux\u202f: biscuits de No\u00ebl, vin chaud parfum\u00e9 et autres sp\u00e9cialit\u00e9s alsaciennes. Les enfants pourront profiter d\u2019un espace qui leur est enti\u00e8rement d\u00e9di\u00e9, tandis que les amateurs de culture appr\u00e9cieront les \u0153uvres expos\u00e9es dans des lieux embl\u00e9matiques de la ville. Entre illuminations f\u00e9eriques, traditions authentiques et atmosph\u00e8re conviviale, le March\u00e9 de No\u00ebl de Colmar est une escapade id\u00e9ale pour c\u00e9l\u00e9brer la magie de No\u00ebl et <a href=\"https:\/\/toploc.com\/blog\/france\/visiter-colmar\">visiter Colmar<\/a>.<\/p>\n\n\n\n<h3 class=\"wp-block-heading\" id=\"infos-cl-s-march-de-no-l-colmar-\"><span id=\"infos-cles-marche-de-noel-colmar\">Infos cl\u00e9s &#8211; March\u00e9 de No\u00ebl Colmar :<\/span><\/h3>\n\n\n\n<p>Voici toutes les informations utiles pour explorer March\u00e9 de No\u00ebl Colmar qui fait partie des <a href=\"https:\/\/toploc.com\/blog\/france\/marches-de-noel-alsace\">plus beaux march\u00e9s de No\u00ebl d&#8217;Alsace<\/a> :<\/p>\n\n\n\n<ul class=\"wp-block-list\">\n<li><strong>Site internet<\/strong>&nbsp;: March\u00e9 de No\u00ebl Colmar<\/li>\n\n\n\n<li><strong>Adresse de March\u00e9 de No\u00ebl Colmar<\/strong>&nbsp;: 68000 Colmar<\/li>\n\n\n\n<li><strong>Horaires<\/strong>&nbsp;: 26 novembre au 29 d\u00e9cembre<\/li>\n\n\n\n<li><strong>Tarifs<\/strong>&nbsp;: Gratuit<\/li>\n\n\n\n<li><strong>Avis<\/strong>&nbsp;: 4,5 \/ 5 sur 7 avis Tripadvisor<\/li>\n<\/ul>\n\n\n\n<h2 class=\"wp-block-heading\" id=\"march-de-no-l-montb-liard\"><span id=\"marche-de-noel-montbeliard\">March\u00e9 de No\u00ebl Montb\u00e9liard<\/span><\/h2>\n\n\n\n<figure class=\"wp-block-image size-full\"><img loading=\"lazy\" decoding=\"async\" width=\"940\" height=\"600\" src=\"https:\/\/blog.toploc.com\/wp-content\/uploads\/2024\/11\/image-33.png\" alt=\"Vue sur le march\u00e9 de No\u00ebl de Montb\u00e9liard, l'un des plus beaux d'Europe \u00a9 maCommune.info \" class=\"wp-image-152173\"\/><figcaption class=\"wp-element-caption\">Vue sur le march\u00e9 de No\u00ebl de Montb\u00e9liard, l&#8217;un des plus beaux d&#8217;Europe \u00a9 maCommune.info <\/figcaption><\/figure>\n\n\n\n<h3 class=\"wp-block-heading\" id=\"pourquoi-march-de-no-l-montb-liard-fait-partie-des-meilleurs-parcours-march-s-de-no-l-france-\"><span id=\"pourquoi-le-marche-de-noel-montbeliard-fait-partie-des-meilleurs-marches-de-noel-france\">Pourquoi le march\u00e9 de No\u00ebl Montb\u00e9liard fait partie des meilleurs march\u00e9s de No\u00ebl France ?<\/span><\/h3>\n\n\n\n<p>Le march\u00e9 de No\u00ebl de Montb\u00e9liard est l&#8217;un des plus charmants de la r\u00e9gion, avec ses traditions wurtembergeoises qui ajoutent une touche originale. Avec plus de 170 chalets, le march\u00e9 se distingue par ses produits artisanaux et ses nombreuses animations, comme les spectacles de rue et les concerts. Le village de No\u00ebl, situ\u00e9 autour du Temple Saint-Martin et de l&#8217;H\u00f4tel de Ville, est particuli\u00e8rement f\u00e9erique avec ses d\u00e9corations lumineuses. Une tradition locale, le sapin de No\u00ebl illumin\u00e9 et les cr\u00e8ches vivantes, attire chaque ann\u00e9e des visiteurs venus de toute la France. Montb\u00e9liard met \u00e9galement \u00e0 l&#8217;honneur les produits locaux, avec des sp\u00e9cialit\u00e9s comme la saucisse de Montb\u00e9liard et les boudins blancs. Ce march\u00e9 est id\u00e9al pour les familles gr\u00e2ce \u00e0 ses animations destin\u00e9es aux enfants, comme la maison du P\u00e8re No\u00ebl et les ateliers de cr\u00e9ation de d\u00e9corations\u200b<\/p>\n\n\n\n<h3 class=\"wp-block-heading\" id=\"infos-cl-s-march-de-no-l-montb-liard-\"><span id=\"infos-cles-marche-de-noel-montbeliard\">Infos cl\u00e9s &#8211; March\u00e9 de No\u00ebl Montb\u00e9liard :<\/span><\/h3>\n\n\n\n<p>Voici toutes les informations utiles pour explorer March\u00e9 de No\u00ebl Montb\u00e9liard qui fait partie des meilleurs March\u00e9s de No\u00ebl France :<\/p>\n\n\n\n<ul class=\"wp-block-list\">\n<li><strong>Site internet<\/strong>&nbsp;: March\u00e9 de No\u00ebl Montb\u00e9liard<\/li>\n\n\n\n<li><strong>Adresse de March\u00e9 de No\u00ebl Montb\u00e9liard&nbsp;<\/strong>: Place Saint-Martin, 25200 Montb\u00e9liard<\/li>\n\n\n\n<li><strong>Horaires<\/strong>&nbsp;: Du 23 novembre au 24 d\u00e9cembre 2024<\/li>\n\n\n\n<li><strong>Tarifs<\/strong>&nbsp;: Gratuit<\/li>\n\n\n\n<li><strong>Avis<\/strong>&nbsp;: 4,5 \/ 5 sur 18 avis Google<\/li>\n<\/ul>\n\n\n\n<h2 class=\"wp-block-heading\" id=\"march-de-no-l-paris-la-d-fense\"><span id=\"marche-de-noel-paris-la-defense\">March\u00e9 de No\u00ebl Paris La D\u00e9fense<\/span><\/h2>\n\n\n\n<figure class=\"wp-block-image size-full\"><img loading=\"lazy\" decoding=\"async\" width=\"2048\" height=\"1365\" src=\"https:\/\/blog.toploc.com\/wp-content\/uploads\/2024\/11\/image-34.png\" alt=\"Le March\u00e9 de No\u00ebl de Paris dans le quartier de La D\u00e9fense \u00a9 Paris Secret\" class=\"wp-image-152174\"\/><figcaption class=\"wp-element-caption\">Le March\u00e9 de No\u00ebl de Paris dans le quartier de La D\u00e9fense \u00a9 Paris Secret<\/figcaption><\/figure>\n\n\n\n<h3 class=\"wp-block-heading\" id=\"pourquoi-march-de-no-l-paris-la-d-fense-fait-partie-des-meilleurs-parcours-march-s-de-no-l-france-\"><span id=\"pourquoi-marche-de-noel-paris-la-defense-fait-partie-des-meilleurs-marches-de-noel-france\">Pourquoi March\u00e9 de No\u00ebl Paris La D\u00e9fense fait partie des meilleurs March\u00e9s de No\u00ebl France ?<\/span><\/h3>\n\n\n\n<p>Le march\u00e9 de No\u00ebl de Paris La D\u00e9fense est l&#8217;un des plus modernes, avec plus de 350 chalets r\u00e9partis autour du grand parvis de La D\u00e9fense, sous l&#8217;ombre des gratte-ciel. L&#8217;atmosph\u00e8re cosmopolite de ce march\u00e9 se refl\u00e8te dans sa diversit\u00e9 de produits artisanaux du monde entier, notamment des objets en bois, des d\u00e9corations de No\u00ebl, et des sp\u00e9cialit\u00e9s culinaires internationales. Outre les stands traditionnels, des animations comme des concerts et des spectacles de lumi\u00e8re ajoutent \u00e0 la magie de ce lieu. L\u2019atmosph\u00e8re de No\u00ebl \u00e0 La D\u00e9fense est \u00e9galement magnifi\u00e9e par la grande roue et la patinoire, qui offrent des vues spectaculaires pour <a href=\"https:\/\/toploc.com\/blog\/france\/visiter-paris\">visiter Paris<\/a>\u200b.<\/p>\n\n\n\n<h3 class=\"wp-block-heading\" id=\"infos-cl-s-march-de-no-l-paris-la-d-fense-\"><span id=\"infos-cles-marche-de-noel-paris-la-defense\">Infos cl\u00e9s &#8211; March\u00e9 de No\u00ebl Paris La D\u00e9fense :<\/span><\/h3>\n\n\n\n<p>Voici toutes les informations utiles pour explorer March\u00e9 de No\u00ebl Paris La D\u00e9fense qui fait partie des meilleurs March\u00e9s de No\u00ebl France :<\/p>\n\n\n\n<ul class=\"wp-block-list\">\n<li><strong>Site internet<\/strong>&nbsp;: March\u00e9 de No\u00ebl Paris La D\u00e9fense<\/li>\n\n\n\n<li><strong>Adresse de March\u00e9 de No\u00ebl Paris La D\u00e9fense<\/strong>&nbsp;: Parvis de La D\u00e9fense, 92800 Puteaux<\/li>\n\n\n\n<li><strong>Horaires<\/strong>&nbsp;: 14 novembre au 29 d\u00e9cembre<\/li>\n\n\n\n<li><strong>Tarifs<\/strong>&nbsp;: Gratuit<\/li>\n<\/ul>\n\n\n\n<h2 class=\"wp-block-heading\" id=\"march-de-no-l-reims\"><span id=\"marche-de-noel-reims\">March\u00e9 de No\u00ebl Reims<\/span><\/h2>\n\n\n\n<figure class=\"wp-block-image size-full\"><img loading=\"lazy\" decoding=\"async\" width=\"1600\" height=\"900\" src=\"https:\/\/blog.toploc.com\/wp-content\/uploads\/2024\/11\/image-35.png\" alt=\"La Cath\u00e9drale de Reims et le march\u00e9 de No\u00ebl illumin\u00e9s pour les f\u00eates \u00a9 Explore Grand Est\" class=\"wp-image-152175\"\/><figcaption class=\"wp-element-caption\">La Cath\u00e9drale de Reims et le march\u00e9 de No\u00ebl illumin\u00e9s pour les f\u00eates \u00a9 Explore Grand Est<\/figcaption><\/figure>\n\n\n\n<h3 class=\"wp-block-heading\" id=\"pourquoi-march-de-no-l-reims-fait-partie-des-meilleurs-parcours-march-s-de-no-l-france-\"><span id=\"pourquoi-marche-de-noel-reims-fait-partie-des-meilleurs-marches-de-noel-france\">Pourquoi March\u00e9 de No\u00ebl Reims fait partie des meilleurs March\u00e9s de No\u00ebl France ?<\/span><\/h3>\n\n\n\n<p>Le march\u00e9 de No\u00ebl de Reims, situ\u00e9 autour de la cath\u00e9drale, est un v\u00e9ritable hommage \u00e0 la richesse de la Champagne. Plus de 140 chalets proposent des produits artisanaux, des vins locaux, et des produits gastronomiques r\u00e9gionaux. Les visiteurs peuvent d\u00e9couvrir la magie des illuminations sur la cath\u00e9drale, un spectacle f\u00e9erique qui rend ce march\u00e9 unique. Le march\u00e9 de No\u00ebl de Reims se distingue par sa belle harmonie entre traditions et modernit\u00e9, avec des produits artisanaux, des cr\u00e9ations de No\u00ebl, et un accent particulier sur les d\u00e9lices champenois. En plus des stands gastronomiques, vous y trouverez des objets d\u2019art et des d\u00e9corations raffin\u00e9es. C&#8217;est l&#8217;id\u00e9al pour <a href=\"https:\/\/toploc.com\/blog\/france\/visiter-reims\">visiter Reims en hiver<\/a>.<\/p>\n\n\n\n<h3 class=\"wp-block-heading\" id=\"infos-cl-s-march-de-no-l-reims-\"><span id=\"infos-cles-marche-de-noel-reims\">Infos cl\u00e9s &#8211; March\u00e9 de No\u00ebl Reims :<\/span><\/h3>\n\n\n\n<p>Voici toutes les informations utiles pour explorer March\u00e9 de No\u00ebl Reims qui fait partie des plus beaux March\u00e9s de No\u00ebl France :<\/p>\n\n\n\n<ul class=\"wp-block-list\">\n<li><strong>Site internet<\/strong>&nbsp;: March\u00e9 de No\u00ebl Reims<\/li>\n\n\n\n<li><strong>Adresse de March\u00e9 de No\u00ebl Reims<\/strong>&nbsp;: Promenades Jean-Louis Schneiter, 51100 Reims<\/li>\n\n\n\n<li><strong>Horaires<\/strong>&nbsp;: 27 novembre au 29 d\u00e9cembre<\/li>\n\n\n\n<li><strong>Tarifs<\/strong>&nbsp;: Gratuit<\/li>\n<\/ul>\n\n\n\n<h2 class=\"wp-block-heading\" id=\"march-de-no-l-amiens\"><span id=\"marche-de-noel-amiens\">March\u00e9 de No\u00ebl Amiens<\/span><\/h2>\n\n\n\n<figure class=\"wp-block-image size-full\"><img loading=\"lazy\" decoding=\"async\" width=\"1976\" height=\"1317\" src=\"https:\/\/blog.toploc.com\/wp-content\/uploads\/2024\/11\/image-36.png\" alt=\"Le March\u00e9 de No\u00ebl d'Amiens \u00a9 Kevin Devigne\" class=\"wp-image-152176\"\/><figcaption class=\"wp-element-caption\">Le March\u00e9 de No\u00ebl d&#8217;Amiens \u00a9 Kevin Devigne<\/figcaption><\/figure>\n\n\n\n<h3 class=\"wp-block-heading\" id=\"pourquoi-march-de-no-l-amiens-fait-partie-des-meilleurs-parcours-march-s-de-no-l-france-\"><span id=\"pourquoi-le-marche-de-noel-amiens-fait-partie-des-meilleurs-marches-de-noel-france\">Pourquoi le march\u00e9 de No\u00ebl Amiens fait partie des meilleurs march\u00e9s de No\u00ebl France ?<\/span><\/h3>\n\n\n\n<p>Amiens accueille l\u2019un des plus grands march\u00e9s de No\u00ebl du nord de la France, avec plus de 130 chalets install\u00e9s autour de la cath\u00e9drale Notre-Dame. Ce march\u00e9 est r\u00e9put\u00e9 pour la qualit\u00e9 de ses produits artisanaux et gastronomiques, notamment ses sp\u00e9cialit\u00e9s picardes comme la ficelle picarde (cr\u00eape fourr\u00e9e) et les p\u00e2tisseries. L&#8217;atmosph\u00e8re est renforc\u00e9e par les projections lumineuses sur la cath\u00e9drale, un spectacle \u00e9poustouflant qui ravit petits et grands. Le march\u00e9 de No\u00ebl d\u2019Amiens se distingue par sa convivialit\u00e9 et sa dimension familiale, avec des animations pour enfants et un P\u00e8re No\u00ebl tr\u00e8s populaire\u200b<\/p>\n\n\n\n<h3 class=\"wp-block-heading\" id=\"infos-cl-s-march-de-no-l-amiens-\"><span id=\"infos-cles-marche-de-noel-amiens\">Infos cl\u00e9s &#8211; March\u00e9 de No\u00ebl Amiens :<\/span><\/h3>\n\n\n\n<p>Voici toutes les informations utiles pour explorer March\u00e9 de No\u00ebl Amiens qui fait partie des plus beaux march\u00e9s de No\u00ebl de France :<\/p>\n\n\n\n<ul class=\"wp-block-list\">\n<li><strong>Site internet<\/strong>&nbsp;: March\u00e9 de No\u00ebl Amiens <\/li>\n\n\n\n<li><strong>Adresse de March\u00e9 de No\u00ebl Amiens&nbsp;<\/strong>: 80000 Amiens <\/li>\n\n\n\n<li><strong>Horaires<\/strong>&nbsp;: 22 novembre au 29 d\u00e9cembre<\/li>\n\n\n\n<li><strong>Tarifs<\/strong>&nbsp;: Gratuit<\/li>\n\n\n\n<li><strong>Avis<\/strong>&nbsp;: 4,2\/5 sur 752 avis Google<\/li>\n<\/ul>\n\n\n\n<h2 class=\"wp-block-heading\" id=\"march-de-no-l-lille\"><span id=\"marche-de-noel-lille\">March\u00e9 de No\u00ebl Lille<\/span><\/h2>\n\n\n\n<figure class=\"wp-block-image size-full\"><img loading=\"lazy\" decoding=\"async\" width=\"2048\" height=\"1366\" src=\"https:\/\/blog.toploc.com\/wp-content\/uploads\/2024\/11\/image-37.png\" alt=\"Le Village de No\u00ebl de Lille  \u00a92019 Robin Ryck Mindwide\" class=\"wp-image-152177\"\/><figcaption class=\"wp-element-caption\">Le Village de No\u00ebl de Lille  \u00a92019 Robin Ryck Mindwide<\/figcaption><\/figure>\n\n\n\n<h3 class=\"wp-block-heading\" id=\"pourquoi-march-de-no-l-lille-fait-partie-des-meilleurs-parcours-march-s-de-no-l-france-\"><span id=\"pourquoi-le-marche-de-noel-lille-fait-partie-des-meilleurs-marches-de-noel-france\">Pourquoi le march\u00e9 de No\u00ebl Lille fait partie des meilleurs march\u00e9s de No\u00ebl France ?<\/span><\/h3>\n\n\n\n<p>Le march\u00e9 de No\u00ebl de Lille est un \u00e9v\u00e9nement incontournable dans le nord de la France. Il se situe sur la place Rihour, \u00e0 deux pas de l\u2019h\u00f4tel de ville, et attire chaque ann\u00e9e des milliers de visiteurs. Ce march\u00e9 est connu pour sa grande roue illumin\u00e9e qui offre une vue panoramique sur les chalets et les lumi\u00e8res de la ville. Avec ses produits artisanaux, ses d\u00e9corations originales, et ses sp\u00e9cialit\u00e9s culinaires comme le maroilles, Lille met l\u2019accent sur la convivialit\u00e9 et l\u2019authenticit\u00e9. Les visiteurs peuvent \u00e9galement explorer les nombreuses animations musicales et culturelles propos\u00e9es tout au long du mois de d\u00e9cembre pour <a href=\"https:\/\/toploc.com\/blog\/france\/visiter-lille\">visiter Lille<\/a>.\u200b<\/p>\n\n\n\n<h3 class=\"wp-block-heading\" id=\"infos-cl-s-march-de-no-l-lille-\"><span id=\"infos-cles-marche-de-noel-lille\">Infos cl\u00e9s &#8211; March\u00e9 de No\u00ebl Lille :<\/span><\/h3>\n\n\n\n<p>Voici toutes les informations utiles pour explorer March\u00e9 de No\u00ebl Lille qui fait partie des <a href=\"https:\/\/toploc.com\/blog\/france\/marches-de-noel-nord-pas-de-calais\">plus beaux march\u00e9s de No\u00ebl du Nord-Pas-de-Calais<\/a> :<\/p>\n\n\n\n<ul class=\"wp-block-list\">\n<li><strong>Site internet<\/strong>&nbsp;: March\u00e9 de No\u00ebl Lille<\/li>\n\n\n\n<li><strong>Adresse de March\u00e9 de No\u00ebl Lille<\/strong>&nbsp;: 68150 Lille<\/li>\n\n\n\n<li><strong>Horaires<\/strong>&nbsp;: 20 novembre au 29 d\u00e9cembre<\/li>\n\n\n\n<li><strong>Tarifs<\/strong>&nbsp;: Gratuit<\/li>\n\n\n\n<li><strong>Avis<\/strong>&nbsp;: 3,8 \/ 5 sur 351 avis Google<\/li>\n<\/ul>\n\n\n\n<h2 class=\"wp-block-heading\" id=\"march-de-no-l-lyon\"><span id=\"marche-de-noel-lyon\">March\u00e9 de No\u00ebl Lyon<\/span><\/h2>\n\n\n\n<figure class=\"wp-block-image size-full\"><img loading=\"lazy\" decoding=\"async\" width=\"1024\" height=\"664\" src=\"https:\/\/blog.toploc.com\/wp-content\/uploads\/2024\/11\/image-97.png\" alt=\"Le march\u00e9 de No\u00ebl place Carnot \u00e0 Lyon \u00a9 experiencegift\" class=\"wp-image-152585\"\/><figcaption class=\"wp-element-caption\">Le march\u00e9 de No\u00ebl place Carnot \u00e0 Lyon \u00a9 experiencegift<\/figcaption><\/figure>\n\n\n\n<h3 class=\"wp-block-heading\" id=\"pourquoi-march-de-no-l-lyon-fait-partie-des-meilleurs-parcours-march-s-de-no-l-france-\"><span id=\"pourquoi-le-marche-de-noel-lyon-fait-partie-des-meilleurs-marches-de-noel-france\">Pourquoi le march\u00e9 de No\u00ebl Lyon fait partie des meilleurs March\u00e9s de No\u00ebl France ?<\/span><\/h3>\n\n\n\n<p>Le march\u00e9 de No\u00ebl de Lyon se distingue par son atmosph\u00e8re festive et sa grande tradition. Situ\u00e9 sur la place Carnot, au c\u0153ur du centre-ville, ce march\u00e9 de No\u00ebl met en avant l&#8217;artisanat local ainsi que les sp\u00e9cialit\u00e9s gastronomiques savoyardes, comme la fondue et la raclette. Ce march\u00e9 est \u00e9galement connu pour ses magnifiques d\u00e9corations lumineuses, qui font \u00e9cho \u00e0 la F\u00eate des Lumi\u00e8res, un \u00e9v\u00e9nement embl\u00e9matique de la ville. Les animations pour enfants et la pr\u00e9sence d\u2019un P\u00e8re No\u00ebl en chair et en os en font un lieu de rendez-vous familial id\u00e9al\u200b pour <a href=\"https:\/\/toploc.com\/blog\/france\/visiter-lyon\">visiter Lyon en hiver<\/a>.<\/p>\n\n\n\n<h3 class=\"wp-block-heading\" id=\"infos-cl-s-march-de-no-l-lyon-\"><span id=\"infos-cles-marche-de-noel-lyon\">Infos cl\u00e9s &#8211; March\u00e9 de No\u00ebl Lyon :<\/span><\/h3>\n\n\n\n<p>Voici toutes les informations utiles pour explorer March\u00e9 de No\u00ebl Lyon qui fait partie des <a href=\"https:\/\/toploc.com\/blog\/france\/marches-de-noel-rhone\">plus beaux march\u00e9s de No\u00ebl du Rh\u00f4ne<\/a> :<\/p>\n\n\n\n<ul class=\"wp-block-list\">\n<li><strong>Site internet<\/strong>&nbsp;: March\u00e9 de No\u00ebl Lyon<\/li>\n\n\n\n<li><strong>Adresse de March\u00e9 de No\u00ebl Lyon<\/strong>&nbsp;: Place Carnot, Lyon 2e<\/li>\n\n\n\n<li><strong>Horaires<\/strong>&nbsp;: 22 novembre au 24 d\u00e9cembre<\/li>\n\n\n\n<li><strong>Tarifs<\/strong>&nbsp;: Gratuit<\/li>\n\n\n\n<li><strong>Avis<\/strong>&nbsp;: 3,6 \/ 5 sur 84 avis Google<\/li>\n<\/ul>\n\n\n\n<h2 class=\"wp-block-heading\" id=\"march-de-no-l-metz\"><span id=\"marche-de-noel-metz\">March\u00e9 de No\u00ebl Metz<\/span><\/h2>\n\n\n\n<figure class=\"wp-block-image size-full\"><img loading=\"lazy\" decoding=\"async\" width=\"1600\" height=\"900\" src=\"https:\/\/blog.toploc.com\/wp-content\/uploads\/2024\/11\/image-39.png\" alt=\"La Cath\u00e9drale de Reims et la grande roue pendant le March\u00e9 de No\u00ebl \u00a9 Explore Grand Est\" class=\"wp-image-152179\"\/><figcaption class=\"wp-element-caption\">La Cath\u00e9drale de Reims et la grande roue pendant le March\u00e9 de No\u00ebl \u00a9 Explore Grand Est<\/figcaption><\/figure>\n\n\n\n<h3 class=\"wp-block-heading\" id=\"pourquoi-march-de-no-l-metz-fait-partie-des-meilleurs-parcours-\"><span id=\"pourquoi-le-marche-de-noel-metz-fait-partie-des-plus-beaux-marches-de-noel-france\">Pourquoi le march\u00e9 de No\u00ebl Metz fait partie des plus beaux March\u00e9s de No\u00ebl France ?<\/span><\/h3>\n\n\n\n<p>Le march\u00e9 de No\u00ebl de Metz, souvent compar\u00e9 \u00e0 celui de Strasbourg pour son ambiance magique, se d\u00e9roule autour de la magnifique place Saint-Jacques. Il est r\u00e9put\u00e9 pour ses illuminations spectaculaires, dont le Sentier des Lanternes, une promenade lumineuse qui plonge les visiteurs dans une atmosph\u00e8re f\u00e9erique. Plus de 100 chalets offrent des produits artisanaux, des d\u00e9corations de No\u00ebl et des produits gastronomiques. Le march\u00e9 met \u00e9galement en avant l\u2019histoire locale avec des cr\u00e8ches vivantes et des spectacles qui r\u00e9chauffent l\u2019\u00e2me pendant les froides journ\u00e9es de d\u00e9cembre\u200b<\/p>\n\n\n\n<h3 class=\"wp-block-heading\" id=\"infos-cl-s-march-de-no-l-metz-\"><span id=\"infos-cles-marche-de-noel-metz\">Infos cl\u00e9s &#8211; March\u00e9 de No\u00ebl Metz :<\/span><\/h3>\n\n\n\n<p>Voici toutes les informations utiles pour explorer March\u00e9 de No\u00ebl Metz qui fait partie des meilleurs March\u00e9s de No\u00ebl France :<\/p>\n\n\n\n<ul class=\"wp-block-list\">\n<li><strong>Site internet<\/strong>&nbsp;: March\u00e9 de No\u00ebl Metz<\/li>\n\n\n\n<li><strong>Adresse de March\u00e9 de No\u00ebl Metz<\/strong>&nbsp;: 57000 Metz<\/li>\n\n\n\n<li><strong>Horaires<\/strong>&nbsp;: 22 novembre au 30 d\u00e9cembre<\/li>\n\n\n\n<li><strong>Tarifs<\/strong>&nbsp;: Gratuit<\/li>\n\n\n\n<li><strong>Avis<\/strong>&nbsp;: 3,7 \/ 5 sur 83 avis Google<\/li>\n<\/ul>\n\n\n\n<h2 class=\"wp-block-heading\" id=\"march-de-no-l-annecy\"><span id=\"marche-de-noel-annecy\">March\u00e9 de No\u00ebl Annecy<\/span><\/h2>\n\n\n\n<figure class=\"wp-block-image size-full\"><img loading=\"lazy\" decoding=\"async\" width=\"789\" height=\"525\" src=\"https:\/\/blog.toploc.com\/wp-content\/uploads\/2024\/11\/image-40.png\" alt=\"Les chalets du march\u00e9 de No\u00ebl d'Annecy enneig\u00e9s \u00a9 Voyages GIRARDOT\" class=\"wp-image-152180\"\/><figcaption class=\"wp-element-caption\">Les chalets du march\u00e9 de No\u00ebl d&#8217;Annecy enneig\u00e9s \u00a9 Voyages GIRARDOT<\/figcaption><\/figure>\n\n\n\n<h3 class=\"wp-block-heading\" id=\"pourquoi-march-de-no-l-annecy-fait-partie-des-meilleurs-parcours-\"><span id=\"pourquoi-marche-de-noel-annecy-fait-partie-des-meilleurs-marches-de-noel-france\">Pourquoi March\u00e9 de No\u00ebl Annecy fait partie des meilleurs March\u00e9s de No\u00ebl France ?<\/span><\/h3>\n\n\n\n<p>Le march\u00e9 de No\u00ebl d\u2019Annecy est l&#8217;un des plus pittoresques de France, offrant une vue splendide sur le lac et les montagnes environnantes. Il se compose de plusieurs petits march\u00e9s diss\u00e9min\u00e9s dans le centre-ville, o\u00f9 les visiteurs peuvent d\u00e9couvrir des produits artisanaux et des sp\u00e9cialit\u00e9s savoyardes, comme la tartiflette et les fromages locaux. L&#8217;attrait de ce march\u00e9 r\u00e9side \u00e9galement dans l&#8217;atmosph\u00e8re chaleureuse cr\u00e9\u00e9e par les chalets en bois et les illuminations, qui transforment la vieille ville d\u2019Annecy en un village de No\u00ebl f\u00e9erique. Le march\u00e9 est particuli\u00e8rement appr\u00e9ci\u00e9 pour sa convivialit\u00e9 et ses activit\u00e9s familiales. C&#8217;est l&#8217;id\u00e9al pour <a href=\"https:\/\/toploc.com\/blog\/france\/visiter-annecy-en-hiver\">visiter Annecy en hiver<\/a>. <\/p>\n\n\n\n<h3 class=\"wp-block-heading\" id=\"infos-cl-s-march-de-no-l-annecy-\"><span id=\"infos-cles-marche-de-noel-annecy\">Infos cl\u00e9s &#8211; March\u00e9 de No\u00ebl Annecy :<\/span><\/h3>\n\n\n\n<p>Voici toutes les informations utiles pour explorer March\u00e9 de No\u00ebl Annecy qui fait partie des <a href=\"https:\/\/toploc.com\/blog\/france\/marches-de-noel-haute-savoie\">meilleurs march\u00e9s de No\u00ebl de Haute-Savoie<\/a> :<\/p>\n\n\n\n<ul class=\"wp-block-list\">\n<li><strong>Site internet<\/strong>&nbsp;: March\u00e9 de No\u00ebl Annecy<\/li>\n\n\n\n<li><strong>Adresse de March\u00e9 de No\u00ebl Annecy<\/strong>&nbsp;: 74000 Annecy<\/li>\n\n\n\n<li><strong>Horaires<\/strong>&nbsp;: 23 novembre au 4 janvier<\/li>\n\n\n\n<li><strong>Tarifs<\/strong>&nbsp;: Gratuit<\/li>\n\n\n\n<li><strong>Avis<\/strong>&nbsp;: 3,3\/5 sur 82 avis Google<\/li>\n<\/ul>\n\n\n\n<h2 class=\"wp-block-heading\" id=\"ou-sejourner-pour-visiter-les-chateaux-de-france\"><span id=\"ou-sejourner-proche-des-marches-de-noel-de-france\">O\u00f9 s\u00e9journer proche des march\u00e9s de No\u00ebl de France ?<\/span><\/h2>\n\n\n\n<p>La mission de Toploc c\u2019est de vous aider \u00e0 cr\u00e9er vos s\u00e9jours en France. Vous pourrez facilement r\u00e9server une location de vacances pour visiter les march\u00e9s de No\u00ebl partout France. Pour cela on r\u00e9f\u00e9rence des&nbsp;<a href=\"https:\/\/toploc.com\/gite?utm_source=blog&amp;utm_medium=noel-france\">gites nature en France<\/a>, des gites de groupe et des&nbsp;locations de vacances partout en France. <\/p>\n\n\n\n<iframe loading=\"lazy\" width=\"100%\" height=\"450px\" frameborder=\"0\" src=\"https:\/\/toploc.com\/embed\/maps?min_price=0&amp;max_price=1000&amp;amenity_ids%5B%5D=&amp;location=France&amp;dates=&amp;people=1&amp;start_date=&amp;end_date=&amp;bbox_area=-6.032533185353714%2C42.092785711109116%2C10.782851406575446%2C53.612396094920314&amp;order=\"><\/iframe>\n\n\n\n<h2 id=\"faq-les-marches-de-noel-en-france\" class=\"wp-block-heading\">FAQ : les march\u00e9s de No\u00ebl en France<\/h2>\n\n\n\n<h3 id=\"quest-ce-quun-marche-de-noel\" class=\"wp-block-heading\">Qu\u2019est-ce qu\u2019un march\u00e9 de No\u00ebl ?<\/h3>\n\n\n\n<p>Un march\u00e9 de No\u00ebl en France est un \u00e9v\u00e9nement festif qui se tient g\u00e9n\u00e9ralement de fin novembre \u00e0 fin d\u00e9cembre dans de nombreuses villes fran\u00e7aises. On y trouve des chalets proposant des produits artisanaux, des d\u00e9corations, des sp\u00e9cialit\u00e9s culinaires et souvent des animations pour toute la famille.<\/p>\n\n\n\n<h3 id=\"quelles-sont-les-dates-typiques-des-marches-de-noel\" class=\"wp-block-heading\">Quelles sont les dates typiques des march\u00e9s de No\u00ebl ?<\/h3>\n\n\n\n<p>La plupart des march\u00e9s ouvrent \u00e0 la fin novembre et ferment juste avant ou apr\u00e8s No\u00ebl, parfois jusqu\u2019au Nouvel An. Certaines villes, comme Strasbourg, c\u00e9l\u00e8brent No\u00ebl d\u00e8s la fin novembre et prolongent jusqu\u2019au 31 d\u00e9cembre.<\/p>\n\n\n\n<h3 id=\"ou-trouver-les-marches-de-noel-les-plus-connus-en-france\" class=\"wp-block-heading\">O\u00f9 trouver les march\u00e9s de No\u00ebl les plus connus en France ?<\/h3>\n\n\n\n<p>Voici notre s\u00e9lection Toploc des plus beaux march\u00e9s de No\u00ebl en France :<\/p>\n\n\n\n<ul class=\"wp-block-list\">\n<li>Strasbourg : surnomm\u00e9e la \u201cCapitale de No\u00ebl\u201d, avec plus de 300 chalets.<\/li>\n\n\n\n<li>Colmar : c\u00e9l\u00e8bre pour son ambiance f\u00e9erique et ses illuminations.<\/li>\n\n\n\n<li>Metz : grand march\u00e9 avec patinoire et animations.<\/li>\n\n\n\n<li>Lille : march\u00e9 anim\u00e9 avec gastronomie et artisanat.<\/li>\n\n\n\n<li>Paris : march\u00e9 sur les Champs-\u00c9lys\u00e9es, La D\u00e9fense, Saint-Germain-des-Pr\u00e9s.<\/li>\n<\/ul>\n\n\n\n<h3 id=\"quels-produits-peut-on-acheter\" class=\"wp-block-heading\">Quels produits peut-on acheter ?<\/h3>\n\n\n\n<p>Voici les souvenirs de No\u00ebl les plus courants que vous trouverez sur les march\u00e9s :<\/p>\n\n\n\n<ul class=\"wp-block-list\">\n<li>D\u00e9corations de No\u00ebl : boules, guirlandes, cr\u00e8ches, sapins.<\/li>\n\n\n\n<li>Artisanat local : bijoux, c\u00e9ramiques, v\u00eatements faits main.<\/li>\n\n\n\n<li>Gastronomie : vin chaud, marrons, pains d\u2019\u00e9pices, foie gras, fromages, chocolats, biscuits.<\/li>\n<\/ul>\n\n\n\n<h3 id=\"y-a-t-il-des-animations-pour-enfants\" class=\"wp-block-heading\">Y a-t-il des animations pour enfants ?<\/h3>\n\n\n\n<p>Oui, la plupart des march\u00e9s de No\u00ebl proposent des activit\u00e9s familiales :<\/p>\n\n\n\n<ul class=\"wp-block-list\">\n<li>Man\u00e8ges et petites attractions.<\/li>\n\n\n\n<li>Cr\u00e8ches vivantes et spectacles de marionnettes.<\/li>\n\n\n\n<li>Ateliers cr\u00e9atifs (fabrication de d\u00e9corations, biscuits, bougies).<\/li>\n<\/ul>\n\n\n\n<h3 id=\"faut-il-payer-pour-entrer\" class=\"wp-block-heading\">Faut-il payer pour entrer ?<\/h3>\n\n\n\n<p>Dans la majorit\u00e9 des march\u00e9s deNo\u00ebl fran\u00e7ais, l\u2019acc\u00e8s est gratuit. Certaines attractions ou patinoires peuvent \u00eatre payantes.<\/p>\n\n\n\n<h3 id=\"comment-se-preparer-pour-une-visite-reussie\" class=\"wp-block-heading\">Comment se pr\u00e9parer pour une visite r\u00e9ussie ?<\/h3>\n\n\n\n<p>Voici les conseils clefs de l&#8217;\u00e9quipe Toploc pour r\u00e9ussir votre visite :<\/p>\n\n\n\n<ul class=\"wp-block-list\">\n<li>S\u2019habiller chaudement : \u00e9charpe, bonnet et gants sont indispensables.<\/li>\n\n\n\n<li>Privil\u00e9gier les transports en commun : les centres-villes sont souvent tr\u00e8s fr\u00e9quent\u00e9s.<\/li>\n\n\n\n<li>Venir en semaine si possible : pour \u00e9viter la foule.<\/li>\n\n\n\n<li>Pr\u00e9voir du liquide : certains petits artisans n\u2019acceptent pas les cartes bancaires.<\/li>\n<\/ul>\n\n\n\n<h3 id=\"les-marches-de-noel-sont-ils-adaptes-aux-personnes-a-mobilite-reduite\" class=\"wp-block-heading\">Les march\u00e9s de No\u00ebl sont-ils adapt\u00e9s aux personnes \u00e0 mobilit\u00e9 r\u00e9duite ?<\/h3>\n\n\n\n<p>La plupart des march\u00e9s dans les grandes villes sont accessibles aux fauteuils roulants et poussettes, mais certaines rues pav\u00e9es ou zones tr\u00e8s \u00e9troites peuvent \u00eatre difficiles. Il est recommand\u00e9 de v\u00e9rifier les informations sp\u00e9cifiques sur le site officiel du march\u00e9. Retrouvez toutes nos <a href=\"https:\/\/toploc.com\/locations-vacances-accessibilite-pmr\">locations vacances accessibles PMR<\/a>.<\/p>\n\n\n\n<h3 id=\"peut-on-acheter-des-produits-locaux-et-bio\" class=\"wp-block-heading\">Peut-on acheter des produits locaux et bio ?<\/h3>\n\n\n\n<p>Oui, de nombreux march\u00e9s mettent en avant les producteurs locaux et proposent des produits bio ou issus de circuits courts, notamment dans les r\u00e9gions alsaciennes et savoyardes.<\/p>\n\n\n\n<h3 id=\"quels-conseils-pour-profiter-pleinement-de-lexperience\" class=\"wp-block-heading\">Quels conseils pour profiter pleinement de l\u2019exp\u00e9rience ?<\/h3>\n\n\n\n<p>Voici nos meilleurs conseils Toploc pour profiter des march\u00e9s de No\u00ebl en famille :<\/p>\n\n\n\n<ul class=\"wp-block-list\">\n<li>Arriver t\u00f4t le matin ou en d\u00e9but d\u2019apr\u00e8s-midi pour \u00e9viter les heures de pointe.<\/li>\n\n\n\n<li>Go\u00fbter les sp\u00e9cialit\u00e9s r\u00e9gionales, souvent uniques \u00e0 chaque ville.<\/li>\n\n\n\n<li>Prendre le temps de fl\u00e2ner et de profiter des illuminations.<\/li>\n\n\n\n<li>Suivre les march\u00e9s sur les r\u00e9seaux sociaux pour conna\u00eetre les \u00e9v\u00e9nements sp\u00e9ciaux et concerts.<\/li>\n<\/ul>\n\n\n\n<p>Lila pour Toploc<\/p>\n","protected":false},"excerpt":{"rendered":"\u00c0 l\u2019approche des f\u00eates, la France se transforme en un v\u00e9ritable pays des merveilles hivernales, o\u00f9 les march\u00e9s&hellip;\n","protected":false},"author":16,"featured_media":152165,"comment_status":"open","ping_status":"open","sticky":false,"template":"","format":"standard","meta":{"footnotes":""},"categories":[114,7597],"tags":[],"class_list":{"0":"post-152161","1":"post","2":"type-post","3":"status-publish","4":"format-standard","5":"has-post-thumbnail","7":"category-france","8":"category-noel"},"yoast_head":"<!-- This site is optimized with the Yoast SEO plugin v26.9 - https:\/\/yoast.com\/product\/yoast-seo-wordpress\/ -->\n<title>Les 10 plus beaux March\u00e9s de No\u00ebl France \u00e0 explorer<\/title>\n<meta name=\"description\" content=\"March\u00e9s de No\u00ebl France : March\u00e9 de No\u00ebl Strasbourg . March\u00e9 de No\u00ebl Colmar . March\u00e9 de No\u00ebl Montb\u00e9liard . March\u00e9 de No\u00ebl Paris La D\u00e9fense\" \/>\n<meta name=\"robots\" content=\"index, follow, max-snippet:-1, max-image-preview:large, max-video-preview:-1\" \/>\n<link rel=\"canonical\" href=\"https:\/\/toploc.com\/blog\/france\/marches-de-noel-france\" \/>\n<meta property=\"og:locale\" content=\"fr_FR\" \/>\n<meta property=\"og:type\" content=\"article\" \/>\n<meta property=\"og:title\" content=\"Les 10 plus beaux March\u00e9s de No\u00ebl France \u00e0 explorer\" \/>\n<meta property=\"og:description\" content=\"March\u00e9s de No\u00ebl France : March\u00e9 de No\u00ebl Strasbourg . March\u00e9 de No\u00ebl Colmar . March\u00e9 de No\u00ebl Montb\u00e9liard . March\u00e9 de No\u00ebl Paris La D\u00e9fense\" \/>\n<meta property=\"og:url\" content=\"https:\/\/toploc.com\/blog\/france\/marches-de-noel-france\" \/>\n<meta property=\"og:site_name\" content=\"Toploc\" \/>\n<meta property=\"article:publisher\" content=\"https:\/\/www.facebook.com\/locationfrancophone\" \/>\n<meta property=\"article:published_time\" content=\"2025-10-09T14:05:55+00:00\" \/>\n<meta property=\"article:modified_time\" content=\"2026-03-06T09:38:07+00:00\" \/>\n<meta property=\"og:image\" content=\"https:\/\/toploc.com\/blog\/wp-content\/uploads\/2024\/11\/image-32.png\" \/>\n\t<meta property=\"og:image:width\" content=\"1024\" \/>\n\t<meta property=\"og:image:height\" content=\"683\" \/>\n\t<meta property=\"og:image:type\" content=\"image\/png\" \/>\n<meta name=\"author\" content=\"Lila\" \/>\n<meta name=\"twitter:card\" content=\"summary_large_image\" \/>\n<meta name=\"twitter:label1\" content=\"\u00c9crit par\" \/>\n\t<meta name=\"twitter:data1\" content=\"Lila\" \/>\n\t<meta name=\"twitter:label2\" content=\"Dur\u00e9e de lecture estim\u00e9e\" \/>\n\t<meta name=\"twitter:data2\" content=\"16 minutes\" \/>\n<script type=\"application\/ld+json\" class=\"yoast-schema-graph\">{\"@context\":\"https:\/\/schema.org\",\"@graph\":[{\"@type\":\"Article\",\"@id\":\"https:\/\/toploc.com\/blog\/france\/marches-de-noel-france#article\",\"isPartOf\":{\"@id\":\"https:\/\/toploc.com\/blog\/france\/marches-de-noel-france\"},\"author\":{\"name\":\"Lila\",\"@id\":\"https:\/\/toploc.com\/blog\/#\/schema\/person\/07758c3fa4af5a959a6989bb195a7301\"},\"headline\":\"Les 10 plus beaux March\u00e9s de No\u00ebl France \u00e0 explorer\",\"datePublished\":\"2025-10-09T14:05:55+00:00\",\"dateModified\":\"2026-03-06T09:38:07+00:00\",\"mainEntityOfPage\":{\"@id\":\"https:\/\/toploc.com\/blog\/france\/marches-de-noel-france\"},\"wordCount\":3165,\"commentCount\":0,\"publisher\":{\"@id\":\"https:\/\/toploc.com\/blog\/#organization\"},\"image\":{\"@id\":\"https:\/\/toploc.com\/blog\/france\/marches-de-noel-france#primaryimage\"},\"thumbnailUrl\":\"https:\/\/toploc.com\/blog\/wp-content\/uploads\/2024\/11\/image-32.png\",\"articleSection\":[\"Itin\u00e9raires France\",\"No\u00ebl\"],\"inLanguage\":\"fr-FR\",\"potentialAction\":[{\"@type\":\"CommentAction\",\"name\":\"Comment\",\"target\":[\"https:\/\/toploc.com\/blog\/france\/marches-de-noel-france#respond\"]}]},{\"@type\":\"WebPage\",\"@id\":\"https:\/\/toploc.com\/blog\/france\/marches-de-noel-france\",\"url\":\"https:\/\/toploc.com\/blog\/france\/marches-de-noel-france\",\"name\":\"Les 10 plus beaux March\u00e9s de No\u00ebl France \u00e0 explorer\",\"isPartOf\":{\"@id\":\"https:\/\/toploc.com\/blog\/#website\"},\"primaryImageOfPage\":{\"@id\":\"https:\/\/toploc.com\/blog\/france\/marches-de-noel-france#primaryimage\"},\"image\":{\"@id\":\"https:\/\/toploc.com\/blog\/france\/marches-de-noel-france#primaryimage\"},\"thumbnailUrl\":\"https:\/\/toploc.com\/blog\/wp-content\/uploads\/2024\/11\/image-32.png\",\"datePublished\":\"2025-10-09T14:05:55+00:00\",\"dateModified\":\"2026-03-06T09:38:07+00:00\",\"description\":\"March\u00e9s de No\u00ebl France : March\u00e9 de No\u00ebl Strasbourg . March\u00e9 de No\u00ebl Colmar . March\u00e9 de No\u00ebl Montb\u00e9liard . March\u00e9 de No\u00ebl Paris La D\u00e9fense\",\"breadcrumb\":{\"@id\":\"https:\/\/toploc.com\/blog\/france\/marches-de-noel-france#breadcrumb\"},\"inLanguage\":\"fr-FR\",\"potentialAction\":[{\"@type\":\"ReadAction\",\"target\":[\"https:\/\/toploc.com\/blog\/france\/marches-de-noel-france\"]}]},{\"@type\":\"ImageObject\",\"inLanguage\":\"fr-FR\",\"@id\":\"https:\/\/toploc.com\/blog\/france\/marches-de-noel-france#primaryimage\",\"url\":\"https:\/\/toploc.com\/blog\/wp-content\/uploads\/2024\/11\/image-32.png\",\"contentUrl\":\"https:\/\/toploc.com\/blog\/wp-content\/uploads\/2024\/11\/image-32.png\",\"width\":1024,\"height\":683,\"caption\":\"Les rues f\u00e9\u00e9riques du March\u00e9 de No\u00ebl \u00e0 Colmar en Alsace \u00a9 Adobe Stock\"},{\"@type\":\"BreadcrumbList\",\"@id\":\"https:\/\/toploc.com\/blog\/france\/marches-de-noel-france#breadcrumb\",\"itemListElement\":[{\"@type\":\"ListItem\",\"position\":1,\"name\":\"Accueil\",\"item\":\"https:\/\/toploc.com\/blog\"},{\"@type\":\"ListItem\",\"position\":2,\"name\":\"Les 10 plus beaux March\u00e9s de No\u00ebl France \u00e0 explorer\"}]},{\"@type\":\"WebSite\",\"@id\":\"https:\/\/toploc.com\/blog\/#website\",\"url\":\"https:\/\/toploc.com\/blog\/\",\"name\":\"Toploc\",\"description\":\"Itin\u00e9raires natures et locations de vacances en groupe\",\"publisher\":{\"@id\":\"https:\/\/toploc.com\/blog\/#organization\"},\"potentialAction\":[{\"@type\":\"SearchAction\",\"target\":{\"@type\":\"EntryPoint\",\"urlTemplate\":\"https:\/\/toploc.com\/blog\/?s={search_term_string}\"},\"query-input\":{\"@type\":\"PropertyValueSpecification\",\"valueRequired\":true,\"valueName\":\"search_term_string\"}}],\"inLanguage\":\"fr-FR\"},{\"@type\":\"Organization\",\"@id\":\"https:\/\/toploc.com\/blog\/#organization\",\"name\":\"Toploc\",\"url\":\"https:\/\/toploc.com\/blog\/\",\"logo\":{\"@type\":\"ImageObject\",\"inLanguage\":\"fr-FR\",\"@id\":\"https:\/\/toploc.com\/blog\/#\/schema\/logo\/image\/\",\"url\":\"https:\/\/blog.toploc.com\/wp-content\/uploads\/2022\/03\/toploc_facebook_5.png\",\"contentUrl\":\"https:\/\/blog.toploc.com\/wp-content\/uploads\/2022\/03\/toploc_facebook_5.png\",\"width\":600,\"height\":600,\"caption\":\"Toploc\"},\"image\":{\"@id\":\"https:\/\/toploc.com\/blog\/#\/schema\/logo\/image\/\"},\"sameAs\":[\"https:\/\/www.facebook.com\/locationfrancophone\",\"https:\/\/www.instagram.com\/toploc_\",\"https:\/\/www.pinterest.fr\/Toploc_\/\"]},{\"@type\":\"Person\",\"@id\":\"https:\/\/toploc.com\/blog\/#\/schema\/person\/07758c3fa4af5a959a6989bb195a7301\",\"name\":\"Lila\",\"image\":{\"@type\":\"ImageObject\",\"inLanguage\":\"fr-FR\",\"@id\":\"https:\/\/toploc.com\/blog\/#\/schema\/person\/image\/\",\"url\":\"https:\/\/secure.gravatar.com\/avatar\/5f760bda683ccfec960ad5f74dfecd4c2afd804dc76f9d5e6888ebeebbf4b0dd?s=96&d=mm&r=g\",\"contentUrl\":\"https:\/\/secure.gravatar.com\/avatar\/5f760bda683ccfec960ad5f74dfecd4c2afd804dc76f9d5e6888ebeebbf4b0dd?s=96&d=mm&r=g\",\"caption\":\"Lila\"},\"description\":\"Je suis toujours en qu\u00eate de nouveaux horizons et de beaux paysages. Ma particularit\u00e9 ? J\u2019adore trouver les sp\u00e9cialit\u00e9s propres \u00e0 chaque destination. Je partage avec vous mes nouvelles d\u00e9couvertes \u00e0 visiter en famille ou entre amis.\",\"url\":\"https:\/\/toploc.com\/blog\/author\/lilatoploc-com\"}]}<\/script>\n<!-- \/ Yoast SEO plugin. -->","yoast_head_json":{"title":"Les 10 plus beaux March\u00e9s de No\u00ebl France \u00e0 explorer","description":"March\u00e9s de No\u00ebl France : March\u00e9 de No\u00ebl Strasbourg . March\u00e9 de No\u00ebl Colmar . March\u00e9 de No\u00ebl Montb\u00e9liard . March\u00e9 de No\u00ebl Paris La D\u00e9fense","robots":{"index":"index","follow":"follow","max-snippet":"max-snippet:-1","max-image-preview":"max-image-preview:large","max-video-preview":"max-video-preview:-1"},"canonical":"https:\/\/toploc.com\/blog\/france\/marches-de-noel-france","og_locale":"fr_FR","og_type":"article","og_title":"Les 10 plus beaux March\u00e9s de No\u00ebl France \u00e0 explorer","og_description":"March\u00e9s de No\u00ebl France : March\u00e9 de No\u00ebl Strasbourg . March\u00e9 de No\u00ebl Colmar . March\u00e9 de No\u00ebl Montb\u00e9liard . March\u00e9 de No\u00ebl Paris La D\u00e9fense","og_url":"https:\/\/toploc.com\/blog\/france\/marches-de-noel-france","og_site_name":"Toploc","article_publisher":"https:\/\/www.facebook.com\/locationfrancophone","article_published_time":"2025-10-09T14:05:55+00:00","article_modified_time":"2026-03-06T09:38:07+00:00","og_image":[{"width":1024,"height":683,"url":"https:\/\/toploc.com\/blog\/wp-content\/uploads\/2024\/11\/image-32.png","type":"image\/png"}],"author":"Lila","twitter_card":"summary_large_image","twitter_misc":{"\u00c9crit par":"Lila","Dur\u00e9e de lecture estim\u00e9e":"16 minutes"},"schema":{"@context":"https:\/\/schema.org","@graph":[{"@type":"Article","@id":"https:\/\/toploc.com\/blog\/france\/marches-de-noel-france#article","isPartOf":{"@id":"https:\/\/toploc.com\/blog\/france\/marches-de-noel-france"},"author":{"name":"Lila","@id":"https:\/\/toploc.com\/blog\/#\/schema\/person\/07758c3fa4af5a959a6989bb195a7301"},"headline":"Les 10 plus beaux March\u00e9s de No\u00ebl France \u00e0 explorer","datePublished":"2025-10-09T14:05:55+00:00","dateModified":"2026-03-06T09:38:07+00:00","mainEntityOfPage":{"@id":"https:\/\/toploc.com\/blog\/france\/marches-de-noel-france"},"wordCount":3165,"commentCount":0,"publisher":{"@id":"https:\/\/toploc.com\/blog\/#organization"},"image":{"@id":"https:\/\/toploc.com\/blog\/france\/marches-de-noel-france#primaryimage"},"thumbnailUrl":"https:\/\/toploc.com\/blog\/wp-content\/uploads\/2024\/11\/image-32.png","articleSection":["Itin\u00e9raires France","No\u00ebl"],"inLanguage":"fr-FR","potentialAction":[{"@type":"CommentAction","name":"Comment","target":["https:\/\/toploc.com\/blog\/france\/marches-de-noel-france#respond"]}]},{"@type":"WebPage","@id":"https:\/\/toploc.com\/blog\/france\/marches-de-noel-france","url":"https:\/\/toploc.com\/blog\/france\/marches-de-noel-france","name":"Les 10 plus beaux March\u00e9s de No\u00ebl France \u00e0 explorer","isPartOf":{"@id":"https:\/\/toploc.com\/blog\/#website"},"primaryImageOfPage":{"@id":"https:\/\/toploc.com\/blog\/france\/marches-de-noel-france#primaryimage"},"image":{"@id":"https:\/\/toploc.com\/blog\/france\/marches-de-noel-france#primaryimage"},"thumbnailUrl":"https:\/\/toploc.com\/blog\/wp-content\/uploads\/2024\/11\/image-32.png","datePublished":"2025-10-09T14:05:55+00:00","dateModified":"2026-03-06T09:38:07+00:00","description":"March\u00e9s de No\u00ebl France : March\u00e9 de No\u00ebl Strasbourg . March\u00e9 de No\u00ebl Colmar . March\u00e9 de No\u00ebl Montb\u00e9liard . March\u00e9 de No\u00ebl Paris La D\u00e9fense","breadcrumb":{"@id":"https:\/\/toploc.com\/blog\/france\/marches-de-noel-france#breadcrumb"},"inLanguage":"fr-FR","potentialAction":[{"@type":"ReadAction","target":["https:\/\/toploc.com\/blog\/france\/marches-de-noel-france"]}]},{"@type":"ImageObject","inLanguage":"fr-FR","@id":"https:\/\/toploc.com\/blog\/france\/marches-de-noel-france#primaryimage","url":"https:\/\/toploc.com\/blog\/wp-content\/uploads\/2024\/11\/image-32.png","contentUrl":"https:\/\/toploc.com\/blog\/wp-content\/uploads\/2024\/11\/image-32.png","width":1024,"height":683,"caption":"Les rues f\u00e9\u00e9riques du March\u00e9 de No\u00ebl \u00e0 Colmar en Alsace \u00a9 Adobe Stock"},{"@type":"BreadcrumbList","@id":"https:\/\/toploc.com\/blog\/france\/marches-de-noel-france#breadcrumb","itemListElement":[{"@type":"ListItem","position":1,"name":"Accueil","item":"https:\/\/toploc.com\/blog"},{"@type":"ListItem","position":2,"name":"Les 10 plus beaux March\u00e9s de No\u00ebl France \u00e0 explorer"}]},{"@type":"WebSite","@id":"https:\/\/toploc.com\/blog\/#website","url":"https:\/\/toploc.com\/blog\/","name":"Toploc","description":"Itin\u00e9raires natures et locations de vacances en groupe","publisher":{"@id":"https:\/\/toploc.com\/blog\/#organization"},"potentialAction":[{"@type":"SearchAction","target":{"@type":"EntryPoint","urlTemplate":"https:\/\/toploc.com\/blog\/?s={search_term_string}"},"query-input":{"@type":"PropertyValueSpecification","valueRequired":true,"valueName":"search_term_string"}}],"inLanguage":"fr-FR"},{"@type":"Organization","@id":"https:\/\/toploc.com\/blog\/#organization","name":"Toploc","url":"https:\/\/toploc.com\/blog\/","logo":{"@type":"ImageObject","inLanguage":"fr-FR","@id":"https:\/\/toploc.com\/blog\/#\/schema\/logo\/image\/","url":"https:\/\/blog.toploc.com\/wp-content\/uploads\/2022\/03\/toploc_facebook_5.png","contentUrl":"https:\/\/blog.toploc.com\/wp-content\/uploads\/2022\/03\/toploc_facebook_5.png","width":600,"height":600,"caption":"Toploc"},"image":{"@id":"https:\/\/toploc.com\/blog\/#\/schema\/logo\/image\/"},"sameAs":["https:\/\/www.facebook.com\/locationfrancophone","https:\/\/www.instagram.com\/toploc_","https:\/\/www.pinterest.fr\/Toploc_\/"]},{"@type":"Person","@id":"https:\/\/toploc.com\/blog\/#\/schema\/person\/07758c3fa4af5a959a6989bb195a7301","name":"Lila","image":{"@type":"ImageObject","inLanguage":"fr-FR","@id":"https:\/\/toploc.com\/blog\/#\/schema\/person\/image\/","url":"https:\/\/secure.gravatar.com\/avatar\/5f760bda683ccfec960ad5f74dfecd4c2afd804dc76f9d5e6888ebeebbf4b0dd?s=96&d=mm&r=g","contentUrl":"https:\/\/secure.gravatar.com\/avatar\/5f760bda683ccfec960ad5f74dfecd4c2afd804dc76f9d5e6888ebeebbf4b0dd?s=96&d=mm&r=g","caption":"Lila"},"description":"Je suis toujours en qu\u00eate de nouveaux horizons et de beaux paysages. Ma particularit\u00e9 ? J\u2019adore trouver les sp\u00e9cialit\u00e9s propres \u00e0 chaque destination. Je partage avec vous mes nouvelles d\u00e9couvertes \u00e0 visiter en famille ou entre amis.","url":"https:\/\/toploc.com\/blog\/author\/lilatoploc-com"}]}},"_links":{"self":[{"href":"https:\/\/toploc.com\/blog\/wp-json\/wp\/v2\/posts\/152161","targetHints":{"allow":["GET"]}}],"collection":[{"href":"https:\/\/toploc.com\/blog\/wp-json\/wp\/v2\/posts"}],"about":[{"href":"https:\/\/toploc.com\/blog\/wp-json\/wp\/v2\/types\/post"}],"author":[{"embeddable":true,"href":"https:\/\/toploc.com\/blog\/wp-json\/wp\/v2\/users\/16"}],"replies":[{"embeddable":true,"href":"https:\/\/toploc.com\/blog\/wp-json\/wp\/v2\/comments?post=152161"}],"version-history":[{"count":22,"href":"https:\/\/toploc.com\/blog\/wp-json\/wp\/v2\/posts\/152161\/revisions"}],"predecessor-version":[{"id":161466,"href":"https:\/\/toploc.com\/blog\/wp-json\/wp\/v2\/posts\/152161\/revisions\/161466"}],"wp:featuredmedia":[{"embeddable":true,"href":"https:\/\/toploc.com\/blog\/wp-json\/wp\/v2\/media\/152165"}],"wp:attachment":[{"href":"https:\/\/toploc.com\/blog\/wp-json\/wp\/v2\/media?parent=152161"}],"wp:term":[{"taxonomy":"category","embeddable":true,"href":"https:\/\/toploc.com\/blog\/wp-json\/wp\/v2\/categories?post=152161"},{"taxonomy":"post_tag","embeddable":true,"href":"https:\/\/toploc.com\/blog\/wp-json\/wp\/v2\/tags?post=152161"}],"curies":[{"name":"wp","href":"https:\/\/api.w.org\/{rel}","templated":true}]}}