{"id":146379,"date":"2024-03-23T08:00:00","date_gmt":"2024-03-23T07:00:00","guid":{"rendered":"https:\/\/blog.toploc.com\/?p=146379"},"modified":"2025-02-04T14:51:55","modified_gmt":"2025-02-04T13:51:55","slug":"festivals-de-la-manche","status":"publish","type":"post","link":"https:\/\/toploc.com\/blog\/france\/festivals-de-la-manche","title":{"rendered":"Les 10 meilleurs festivals de la Manche \u00e0 faire en famille"},"content":{"rendered":"\n<p>Voici notre s\u00e9lection des meilleurs festivals de la Manche. Si vous r\u00e9servez vos locations de vacances dans la Manche, vous chercherez certainement \u00e0 vous occuper en profitant des \u00e9v\u00e9nements culturels, artistiques et musicaux de la r\u00e9gion. Nous vous proposons une liste d&#8217;\u00e9v\u00e9nements auxquels vous pouvez autant participer entre amis qu&#8217;en famille ! Des \u00e9v\u00e9nements de toute taille, au plus pr\u00e8s de chez vous. Vous trouverez dans cet article tout ce que vous devez savoir pour choisir parmi les meilleurs festivals de la Manche.<\/p>\n\n\n\n<div class=\"wp-block-buttons is-content-justification-center is-layout-flex wp-container-core-buttons-is-layout-16018d1d wp-block-buttons-is-layout-flex\">\n<div class=\"wp-block-button has-custom-font-size is-style-fill has-small-font-size\"><a class=\"wp-block-button__link has-background wp-element-button\" href=\"https:\/\/toploc.com\/locations-vacances\/manche?utm_source=blog&amp;utm_medium=CTA&amp;utm_campaign=festivals-manche\" style=\"background-color:#006b52\"><strong>\ud83d\udc49NOS H\u00c9BERGEMENTS MANCHE<\/strong><\/a><\/div>\n<\/div>\n\n\n\n<p>A lire : <a href=\"https:\/\/blog.toploc.com\/blog\/france\/visiter-la-manche\">Les 15 choses \u00e0 voir et \u00e0 faire pour visiter la Manche<\/a><\/p>\n\n\n\n<h2 class=\"wp-block-heading\" id=\"quels-sont-les-meilleurs-festivals-de-b1--\"><span id=\"quels-sont-les-meilleurs-festivals-de-la-manche\">Quels sont les meilleurs festivals de la Manche ?<\/span><\/h2>\n\n\n\n<p>Voici la liste des meilleurs festivals de la Manche auxquels assister pendant vos vacances. Nous avons synth\u00e9tis\u00e9 les informations essentielles pour que vous puissiez trouver celui qui vous convient le mieux. Notez que les informations relatives aux dates ainsi que les activit\u00e9s propos\u00e9es peuvent changer d\u2019une ann\u00e9e \u00e0 l\u2019autre. <\/p>\n\n\n\n<table id=\"tablepress-347\" class=\"tablepress tablepress-id-347\">\n<thead>\n<tr class=\"row-1 odd\">\n\t<th class=\"column-1\">Nom<\/th><th class=\"column-2\">Genre<\/th><th class=\"column-3\">Tarifs<\/th><th class=\"column-4\">Adresse<\/th>\n<\/tr>\n<\/thead>\n<tbody class=\"row-hover\">\n<tr class=\"row-2 even\">\n\t<td class=\"column-1\">Jazz sous les Pommiers<\/td><td class=\"column-2\">Musique<\/td><td class=\"column-3\">Selon le lieu et l'artiste<\/td><td class=\"column-4\">2 rue Milon 50200 Coutances<\/td>\n<\/tr>\n<tr class=\"row-3 odd\">\n\t<td class=\"column-1\">Les Femmes s'en m\u00ealent<\/td><td class=\"column-2\">Musique<\/td><td class=\"column-3\">12\u20ac<\/td><td class=\"column-4\">50000 Saint-Lo<\/td>\n<\/tr>\n<tr class=\"row-4 even\">\n\t<td class=\"column-1\">Nuit des Mus\u00e9es<\/td><td class=\"column-2\">Culture<\/td><td class=\"column-3\">Gratuit<\/td><td class=\"column-4\">50100 Cherbourg-en-Cotentin<\/td>\n<\/tr>\n<tr class=\"row-5 odd\">\n\t<td class=\"column-1\">Les Art'Zimut\u00e9s<\/td><td class=\"column-2\">Musique<\/td><td class=\"column-3\">8 \u00e0 46\u20ac<\/td><td class=\"column-4\">All\u00e9e de la Dunette 50100 Cherbourg-en-Cotentin<\/td>\n<\/tr>\n<tr class=\"row-6 even\">\n\t<td class=\"column-1\">Festival des Pinsonores<\/td><td class=\"column-2\">Musique et art<\/td><td class=\"column-3\">20\u20ac<\/td><td class=\"column-4\">Mielle 50580 Portbail-sur-Mer<\/td>\n<\/tr>\n<tr class=\"row-7 odd\">\n\t<td class=\"column-1\">Chauffer dans la Noirceur<\/td><td class=\"column-2\">Musique<\/td><td class=\"column-3\">25 \u00e0 60\u20ac<\/td><td class=\"column-4\">Plage de Montmartin D73 50590 Montmartin-sur-Mer<\/td>\n<\/tr>\n<tr class=\"row-8 even\">\n\t<td class=\"column-1\">Les Abbatiades de Montebourg<\/td><td class=\"column-2\">Musique<\/td><td class=\"column-3\">Participation libre<\/td><td class=\"column-4\">\u00e9glise 3 place Saint-Jacques et abbaye 50310 Montebourg<\/td>\n<\/tr>\n<tr class=\"row-9 odd\">\n\t<td class=\"column-1\">Festival du Voyage<\/td><td class=\"column-2\">Voyage<\/td><td class=\"column-3\">5 \u00e0 24\u20ac<\/td><td class=\"column-4\">Halle aux Grains, 1 place du March\u00e9 50630 Quettehou<\/td>\n<\/tr>\n<tr class=\"row-10 even\">\n\t<td class=\"column-1\">Papillons de Nuit<\/td><td class=\"column-2\">Musique<\/td><td class=\"column-3\">50\u20ac<\/td><td class=\"column-4\">50670 Saint-Lauren-de-Cuves<\/td>\n<\/tr>\n<tr class=\"row-11 odd\">\n\t<td class=\"column-1\">Ethereal Decibel Festival<\/td><td class=\"column-2\">Psych\u00e9d\u00e9lique<\/td><td class=\"column-3\">76 \u00e0 83\u20ac<\/td><td class=\"column-4\">Les Touches 50640 Buais-Les-Monts<\/td>\n<\/tr>\n<\/tbody>\n<\/table>\n<!-- #tablepress-347 from cache -->\n\n\n\n<h2 id=\"ou-sont-les-festivals-de-la-manche\" class=\"wp-block-heading\">O\u00f9 sont les festivals de la Manche ? <\/h2>\n\n\n\n<p>Voici notre carte interactive des 10 meilleurs festivals de la Manche que nous d\u00e9crivons dans notre article. Cette carte peut vous \u00eatre utile pour trouver le festival le plus proche de chez vous.<\/p>\n\n\n\n<iframe loading=\"lazy\" src=\"https:\/\/www.google.com\/maps\/d\/embed?mid=1i0u2x2th6Qz-8f4dRo8QnhTMmpbrxmg&#038;ehbc=2E312F&#038;noprof=1\" width=\"640\" height=\"480\"><\/iframe>\n\n\n\n<h2 class=\"wp-block-heading\" id=\"jazz-sous-les-pommiers\">Jazz sous les Pommiers<\/h2>\n\n\n\n<figure class=\"wp-block-image size-full\"><img loading=\"lazy\" decoding=\"async\" width=\"1001\" height=\"595\" src=\"https:\/\/blog.toploc.com\/wp-content\/uploads\/2024\/03\/Capture-decran-2024-03-25-115501.png\" alt=\"Jazz sous les Pommiers qui fait partie des meilleurs festivals de la Manche \u00a9 Ouest - France\" class=\"wp-image-146382\"\/><figcaption class=\"wp-element-caption\">Jazz sous les Pommiers qui fait partie des meilleurs festivals de la Manche \u00a9 Ouest &#8211; France<\/figcaption><\/figure>\n\n\n\n<h3 class=\"wp-block-heading\" id=\"pourquoi-le-jazz-sous-les-pommiers-fait-partie-des-meilleurs-festivals-de-la-manche-\"><span id=\"pourquoi-le-jazz-sous-les-pommiers-fait-partie-des-meilleurs-festivals-de-la-manche\">Pourquoi le Jazz sous les Pommiers fait partie des meilleurs festivals de la Manche ?<\/span><\/h3>\n\n\n\n<p>Jazz sous les Pommiers repr\u00e9sente une semaine de d\u00e9couvertes et de cr\u00e9ations pour les passionn\u00e9s, amateurs, curieux&#8230;. Elu 3e festival de jazz en France, ce festival de la Manche rassemble tous les styles du genre, du blues au latin-jazz, en passant par le gospel et le swing&#8230; Des artistes des quatre coins du globe viennent vous pr\u00e9senter leurs \u0153uvres, \u00e0 Coutances, au nord du Mont Saint-Michel, proche de la c\u00f4te. Une sc\u00e8ne est d\u00e9di\u00e9e aux amateurs. De plus, de nombreuses animations et des spectacles de rues gratuits se d\u00e9rouleront dans le centre-ville.<\/p>\n\n\n\n<div class=\"wp-block-buttons is-content-justification-center is-layout-flex wp-container-core-buttons-is-layout-16018d1d wp-block-buttons-is-layout-flex\">\n<div class=\"wp-block-button has-custom-font-size is-style-fill has-small-font-size\"><a class=\"wp-block-button__link has-background wp-element-button\" href=\"https:\/\/toploc.com\/locations-vacances\/manche?utm_source=blog&amp;utm_medium=CTA&amp;utm_campaign=festivals-manche\" style=\"background-color:#006b52\"><strong>\ud83d\udc49NOS H\u00c9BERGEMENTS MANCHE<\/strong><\/a><\/div>\n<\/div>\n\n\n\n<h3 class=\"wp-block-heading\" id=\"infos-cl\u00e9s---jazz-sous-les-pommiers-\"><span id=\"infos-cles-jazz-sous-les-pommiers\">Infos cl\u00e9s &#8211; Jazz sous les Pommiers :<\/span><\/h3>\n\n\n\n<p>Voici toutes les informations utiles pour assister au Jazz sous les Pommiers qui fait partie des meilleurs festivals de la Manche :<\/p>\n\n\n\n<ul class=\"wp-block-list\">\n<li><strong>Genre<\/strong> : Musique<\/li>\n\n\n\n<li><strong>Adresse<\/strong> : 2 rue Milon 50200 Coutances<\/li>\n\n\n\n<li><strong>O\u00f9 se garer ?<\/strong> : Parking rue Milon, place Duhamel, et place de la Cro\u00fbte<\/li>\n\n\n\n<li><strong>Infos Utiles<\/strong> : Jazz sous les Pommiers<\/li>\n\n\n\n<li><strong>Date<\/strong> : Semaine de l&#8217;Ascension en mai<\/li>\n\n\n\n<li><strong>Tarif<\/strong> : Selon le lieu et l&#8217;artiste<\/li>\n<\/ul>\n\n\n\n<h2 class=\"wp-block-heading\" id=\"les-femmes-sen-m\u00ealent\"><span id=\"les-femmes-sen-melent\">Les Femmes s&#8217;en m\u00ealent<\/span><\/h2>\n\n\n\n<figure class=\"wp-block-image size-full\"><img loading=\"lazy\" decoding=\"async\" width=\"968\" height=\"629\" src=\"https:\/\/blog.toploc.com\/wp-content\/uploads\/2024\/03\/Capture-decran-2024-03-25-120117.png\" alt=\"Les Femmes s'en M\u00ealent qui fait partie des meilleurs festivals de la Manche \u00a9 Saint-L\u00f4.maville.com\" class=\"wp-image-146383\"\/><figcaption class=\"wp-element-caption\">Les Femmes s&#8217;en M\u00ealent qui fait partie des meilleurs festivals de la Manche \u00a9 Saint-L\u00f4.maville.com<\/figcaption><\/figure>\n\n\n\n<h3 class=\"wp-block-heading\" id=\"pourquoi-le-les-femmes-sen-m\u00ealent-fait-partie-des-meilleurs-festivals-de-la-manche-\"><span id=\"pourquoi-le-les-femmes-sen-melent-fait-partie-des-meilleurs-festivals-de-la-manche\">Pourquoi le Les Femmes s&#8217;en m\u00ealent fait partie des meilleurs festivals de la Manche ?<\/span><\/h3>\n\n\n\n<p>Le festival les Femmes s&#8217;en M\u00ealent place les femmes sous les projecteurs en particulier dans le secteur des musiques actuelles. Des ateliers et discussions sont propos\u00e9s par des femmes et pour des femmes. Ce festival de la Manche a \u00e9t\u00e9 le premier \u00e9v\u00e9nement international \u00e0 promouvoir la musique des artistes f\u00e9minines, une r\u00e9ponse au fait que les femmes sont sous-repr\u00e9sent\u00e9es dans les festivals de musique. Ca se d\u00e9roule \u00e0 Saint-Lo, au nord-est du Mont Saint-Michel, non loin du Calvados.<\/p>\n\n\n\n<div class=\"wp-block-buttons is-content-justification-center is-layout-flex wp-container-core-buttons-is-layout-16018d1d wp-block-buttons-is-layout-flex\">\n<div class=\"wp-block-button has-custom-font-size is-style-fill has-small-font-size\"><a class=\"wp-block-button__link has-background wp-element-button\" href=\"https:\/\/toploc.com\/locations-vacances\/manche?utm_source=blog&amp;utm_medium=CTA&amp;utm_campaign=festivals-manche\" style=\"background-color:#006b52\"><strong>\ud83d\udc49NOS H\u00c9BERGEMENTS MANCHE<\/strong><\/a><\/div>\n<\/div>\n\n\n\n<h3 class=\"wp-block-heading\" id=\"infos-cl\u00e9s---les-femmes-sen-m\u00ealent-\"><span id=\"infos-cles-les-femmes-sen-melent\">Infos cl\u00e9s &#8211; Les Femmes s&#8217;en m\u00ealent :<\/span><\/h3>\n\n\n\n<p>Voici toutes les informations utiles pour assister aux Femmes s&#8217;en m\u00ealent qui fait partie des meilleurs festivals de la Manche :<\/p>\n\n\n\n<ul class=\"wp-block-list\">\n<li><strong>Genre<\/strong> : Musique<\/li>\n\n\n\n<li><strong>Adresse<\/strong> : 50000 Saint-Lo<\/li>\n\n\n\n<li><strong>O\u00f9 se garer<\/strong> ? : Plusieurs parkings se trouvent dans le centre-ville<\/li>\n\n\n\n<li><strong>Infos Utiles<\/strong> : Les Femmes s&#8217;en M\u00ealent<\/li>\n\n\n\n<li><strong>Date<\/strong> : Avril<\/li>\n\n\n\n<li><strong>Tarif<\/strong> : 12\u20ac<\/li>\n<\/ul>\n\n\n\n<h2 class=\"wp-block-heading\" id=\"nuit-des-mus\u00e9es\"><span id=\"nuit-des-musees\">Nuit des Mus\u00e9es<\/span><\/h2>\n\n\n\n<figure class=\"wp-block-image size-full\"><img loading=\"lazy\" decoding=\"async\" width=\"1200\" height=\"675\" src=\"https:\/\/blog.toploc.com\/wp-content\/uploads\/2024\/03\/645bdd197f9e4_m-la-nuit-des-mus-es-00-01-54-10-1.jpg\" alt=\"La Nuit des Mus\u00e9es qui fait partie des meilleurs festivals de la Manche \u00a9 France 3 R\u00e9gion - Franceinfo\" class=\"wp-image-146384\"\/><figcaption class=\"wp-element-caption\">La Nuit des Mus\u00e9es qui fait partie des meilleurs festivals de la Manche \u00a9 France 3 R\u00e9gion &#8211; Franceinfo<\/figcaption><\/figure>\n\n\n\n<h3 class=\"wp-block-heading\" id=\"pourquoi-le-nuit-des-mus\u00e9es-fait-partie-des-meilleurs-festivals-de-la-manche-\"><span id=\"pourquoi-le-nuit-des-musees-fait-partie-des-meilleurs-festivals-de-la-manche\">Pourquoi le Nuit des Mus\u00e9es fait partie des meilleurs festivals de la Manche ?<\/span><\/h3>\n\n\n\n<p>La Nuit des Mus\u00e9es est organis\u00e9e par le minist\u00e8re de la culture et consiste \u00e0 ouvrir gratuitement les portes des mus\u00e9es de la tomb\u00e9e de la nuit \u00e0 minuit. Vous aurez acc\u00e8s \u00e0 des visites guid\u00e9es ou libres, des parcours \u00e0 th\u00e8mes, des lectures, des concerts, spectacles, projections&#8230; Les mus\u00e9es se situent au c\u0153ur de la ville de Cherbourg, au nord du d\u00e9partement, sur la c\u00f4te.<\/p>\n\n\n\n<div class=\"wp-block-buttons is-content-justification-center is-layout-flex wp-container-core-buttons-is-layout-16018d1d wp-block-buttons-is-layout-flex\">\n<div class=\"wp-block-button has-custom-font-size is-style-fill has-small-font-size\"><a class=\"wp-block-button__link has-background wp-element-button\" href=\"https:\/\/toploc.com\/locations-vacances\/manche?utm_source=blog&amp;utm_medium=CTA&amp;utm_campaign=festivals-manche\" style=\"background-color:#006b52\"><strong>\ud83d\udc49NOS H\u00c9BERGEMENTS MANCHE<\/strong><\/a><\/div>\n<\/div>\n\n\n\n<h3 class=\"wp-block-heading\" id=\"infos-cl\u00e9s---nuit-des-mus\u00e9es-\"><span id=\"infos-cles-nuit-des-musees\">Infos cl\u00e9s &#8211; Nuit des Mus\u00e9es :<\/span><\/h3>\n\n\n\n<p>Voici toutes les informations utiles pour assister \u00e0 la Nuit des Mus\u00e9es qui fait partie des meilleurs festivals de la Manche :<\/p>\n\n\n\n<ul class=\"wp-block-list\">\n<li><strong>Genre<\/strong> : Culture<\/li>\n\n\n\n<li><strong>Adresse<\/strong> : 50100 Cherbourg-en-Cotentin<\/li>\n\n\n\n<li><strong>O\u00f9 se garer ?<\/strong> : Parking Gambetta, rue Gambetta 50100 Cherbourg-en-Cotentin<\/li>\n\n\n\n<li><strong>Infos Utiles<\/strong> : Festival de la Nuit des Mus\u00e9es<\/li>\n\n\n\n<li><strong>Date<\/strong> : Mi-mai<\/li>\n\n\n\n<li><strong>Tarif<\/strong> : Gratuit<\/li>\n<\/ul>\n\n\n\n<h2 class=\"wp-block-heading\" id=\"les-artzimut\u00e9s\"><span id=\"les-artzimutes\">Les Art&#8217;Zimut\u00e9s<\/span><\/h2>\n\n\n\n<figure class=\"wp-block-image size-full\"><img loading=\"lazy\" decoding=\"async\" width=\"1260\" height=\"708\" src=\"https:\/\/blog.toploc.com\/wp-content\/uploads\/2024\/03\/MjAyMjA0ZDdhNjViZWMyMzhlODYyZGUyY2NiNDA3ZDMyYTA2Mzc.jpg\" alt=\"Les Art'Zimut\u00e9s qui fait partie des meilleurs festivals de la Manche \u00a9 Ouest - France\" class=\"wp-image-146385\"\/><figcaption class=\"wp-element-caption\">Les Art&#8217;Zimut\u00e9s qui fait partie des meilleurs festivals de la Manche \u00a9 Ouest &#8211; France<\/figcaption><\/figure>\n\n\n\n<h3 class=\"wp-block-heading\" id=\"pourquoi-le-les-artzimut\u00e9s-fait-partie-des-meilleurs-festivals-de-la-manche-\"><span id=\"pourquoi-le-les-artzimutes-fait-partie-des-meilleurs-festivals-de-la-manche\">Pourquoi le Les Art&#8217;Zimut\u00e9s fait partie des meilleurs festivals de la Manche ?<\/span><\/h3>\n\n\n\n<p>Les Art&#8217;Zimut\u00e9s est un festival qui se veut h\u00e9t\u00e9roclite et humain. En plus des concerts, ce festival de la Manche propose des spectacles et une partie sp\u00e9ciale jeune public. Ce festival de la Manche rassemble toutes les g\u00e9n\u00e9rations tout en restant \u00e0 taille humaine pour assurer le c\u00f4t\u00e9 qualitatif du festival. Rendez-vous fin juin \u00e0 Cherbourg, au nord-du d\u00e9partement, sur la c\u00f4te, pour quatre jours de f\u00eate !<\/p>\n\n\n\n<div class=\"wp-block-buttons is-content-justification-center is-layout-flex wp-container-core-buttons-is-layout-16018d1d wp-block-buttons-is-layout-flex\">\n<div class=\"wp-block-button has-custom-font-size is-style-fill has-small-font-size\"><a class=\"wp-block-button__link has-background wp-element-button\" href=\"https:\/\/toploc.com\/locations-vacances\/manche?utm_source=blog&amp;utm_medium=CTA&amp;utm_campaign=festivals-manche\" style=\"background-color:#006b52\"><strong>\ud83d\udc49NOS H\u00c9BERGEMENTS MANCHE<\/strong><\/a><\/div>\n<\/div>\n\n\n\n<h3 class=\"wp-block-heading\" id=\"infos-cl\u00e9s---les-artzimut\u00e9s-\"><span id=\"infos-cles-les-artzimutes\">Infos cl\u00e9s &#8211; Les Art&#8217;Zimut\u00e9s :<\/span><\/h3>\n\n\n\n<p>Voici toutes les informations utiles pour assister aux Art&#8217;Zimut\u00e9s qui fait partie des meilleurs festivals de la Manche :<\/p>\n\n\n\n<ul class=\"wp-block-list\">\n<li><strong>Genre<\/strong> : Musique<\/li>\n\n\n\n<li><strong>Adresse<\/strong> : All\u00e9e de la Dunette 50100 Cherbourg-en-Cotentin<\/li>\n\n\n\n<li><strong>O\u00f9 se garer<\/strong> ? : Parking rue parking Napol\u00e9on<\/li>\n\n\n\n<li><strong>Infos Utiles<\/strong> : Les Art&#8217;Zimut\u00e9s<\/li>\n\n\n\n<li><strong>Date<\/strong> : Fin juin<\/li>\n\n\n\n<li><strong>Tarif<\/strong> : 8 \u00e0 46\u20ac<\/li>\n<\/ul>\n\n\n\n<h2 class=\"wp-block-heading\" id=\"festival-des-pinsonores\">Festival des Pinsonores<\/h2>\n\n\n\n<figure class=\"wp-block-image size-full\"><img loading=\"lazy\" decoding=\"async\" width=\"967\" height=\"463\" src=\"https:\/\/blog.toploc.com\/wp-content\/uploads\/2024\/03\/Capture-decran-2024-03-25-131632.png\" alt=\"festival des Pinsonores \u00a9 La Manche Libre\" class=\"wp-image-146386\"\/><figcaption class=\"wp-element-caption\">festival des Pinsonores \u00a9 La Manche Libre<\/figcaption><\/figure>\n\n\n\n<h3 class=\"wp-block-heading\" id=\"pourquoi-le-festival-des-pinsonores-fait-partie-des-meilleurs-festivals-de-la-manche-\"><span id=\"pourquoi-le-festival-des-pinsonores-fait-partie-des-meilleurs-festivals-de-la-manche\">Pourquoi le Festival des Pinsonores fait partie des meilleurs festivals de la Manche ?<\/span><\/h3>\n\n\n\n<p>Le festival des Pinsonores est un m\u00e9lange de musiques actuelles et de fanfare, des arts de la rue, des DJ, des animations pour les enfants, une sc\u00e9nographie \u00e9co-con\u00e7ue. Mais c&#8217;est aussi des espaces chill, un march\u00e9 d&#8217;artisanat local avec un bar EVIDEMMENT ! Ce festival de la Manche se d\u00e9roule \u00e0 Portbail, en face de l&#8217;\u00eele de Jersey, sur a c\u00f4te, \u00e0 l&#8217;ouest de Caen.<\/p>\n\n\n\n<div class=\"wp-block-buttons is-content-justification-center is-layout-flex wp-container-core-buttons-is-layout-16018d1d wp-block-buttons-is-layout-flex\">\n<div class=\"wp-block-button has-custom-font-size is-style-fill has-small-font-size\"><a class=\"wp-block-button__link has-background wp-element-button\" href=\"https:\/\/toploc.com\/locations-vacances\/manche?utm_source=blog&amp;utm_medium=CTA&amp;utm_campaign=festivals-manche\" style=\"background-color:#006b52\"><strong>\ud83d\udc49NOS H\u00c9BERGEMENTS MANCHE<\/strong><\/a><\/div>\n<\/div>\n\n\n\n<h3 class=\"wp-block-heading\" id=\"infos-cl\u00e9s---festival-des-pinsonores-\"><span id=\"infos-cles-festival-des-pinsonores\">Infos cl\u00e9s &#8211; Festival des Pinsonores :<\/span><\/h3>\n\n\n\n<p>Voici toutes les informations utiles pour assister au Festival des Pinsonores qui fait partie des meilleurs festivals de la Manche :<\/p>\n\n\n\n<ul class=\"wp-block-list\">\n<li><strong>Genre<\/strong> : Musique et art<\/li>\n\n\n\n<li><strong>Adresse<\/strong> : Mielle 50580 Portbail-sur-Mer<\/li>\n\n\n\n<li><strong>O\u00f9 se garer ?<\/strong> : Des parkings seront am\u00e9nag\u00e9s<\/li>\n\n\n\n<li><strong>Infos Utiles<\/strong> : Festival des Pinsonores<\/li>\n\n\n\n<li><strong>Date<\/strong> : Fin avril<\/li>\n\n\n\n<li><strong>Tarif<\/strong> : 20\u20ac<\/li>\n<\/ul>\n\n\n\n<h2 class=\"wp-block-heading\" id=\"chauffer-dans-la-noirceur\">Chauffer dans la Noirceur<\/h2>\n\n\n\n<figure class=\"wp-block-image size-full\"><img loading=\"lazy\" decoding=\"async\" width=\"1260\" height=\"707\" src=\"https:\/\/blog.toploc.com\/wp-content\/uploads\/2024\/03\/MjAyMzA3YmFkMWY5NjQ4YzkyNzYzYTRkOTU0ZTkyZjdlYTUwN2E.jpg\" alt=\"Chauffer dans la Noirceur \u00a9 Ouest-France\" class=\"wp-image-146387\"\/><figcaption class=\"wp-element-caption\">Chauffer dans la Noirceur \u00a9 Ouest-France<\/figcaption><\/figure>\n\n\n\n<h3 class=\"wp-block-heading\" id=\"pourquoi-le-chauffer-dans-la-noirceur-fait-partie-des-meilleurs-festivals-de-la-manche-\"><span id=\"pourquoi-le-chauffer-dans-la-noirceur-fait-partie-des-meilleurs-festivals-de-la-manche\">Pourquoi le Chauffer dans la Noirceur fait partie des meilleurs festivals de la Manche ?<\/span><\/h3>\n\n\n\n<p>Chauffer dans la Noirceur est un festival de musique qui se veut vari\u00e9 : rap, rock, reggae, \u00e9lectro&#8230; il y en a pour tous les go\u00fbts ! Ce festival de la Manche repr\u00e9sente 3 jours de partage et de d\u00e9couvertes o\u00f9 l&#8217;on profite de l&#8217;\u00e9t\u00e9 de la chaleur et des good vibes ! Il se d\u00e9roule sur 3 jours \u00e0 Montmartin, au centre-ouest du d\u00e9partement, au nord du Mont Saint-Michel.<\/p>\n\n\n\n<div class=\"wp-block-buttons is-content-justification-center is-layout-flex wp-container-core-buttons-is-layout-16018d1d wp-block-buttons-is-layout-flex\">\n<div class=\"wp-block-button has-custom-font-size is-style-fill has-small-font-size\"><a class=\"wp-block-button__link has-background wp-element-button\" href=\"https:\/\/toploc.com\/locations-vacances\/manche?utm_source=blog&amp;utm_medium=CTA&amp;utm_campaign=festivals-manche\" style=\"background-color:#006b52\"><strong>\ud83d\udc49NOS H\u00c9BERGEMENTS MANCHE<\/strong><\/a><\/div>\n<\/div>\n\n\n\n<h3 class=\"wp-block-heading\" id=\"infos-cl\u00e9s---chauffer-dans-la-noirceur-\"><span id=\"infos-cles-chauffer-dans-la-noirceur\">Infos cl\u00e9s &#8211; Chauffer dans la Noirceur :<\/span><\/h3>\n\n\n\n<p>Voici toutes les informations utiles pour assister au Chauffer dans la Noirceur qui fait partie des meilleurs festivals de la Manche :<\/p>\n\n\n\n<ul class=\"wp-block-list\">\n<li><strong>Genre<\/strong> : Musique<\/li>\n\n\n\n<li><strong>Adresse<\/strong> : Plage de Montmartin D73 50590 Montmartin-sur-Mer<\/li>\n\n\n\n<li><strong>O\u00f9 se garer ?<\/strong> : Parking devant la plage D73<\/li>\n\n\n\n<li><strong>Infos Utiles<\/strong> : Chauffer dans la Noirceur<\/li>\n\n\n\n<li><strong>Date<\/strong> : Mi-juillet<\/li>\n\n\n\n<li><strong>Tarif<\/strong> : 25 \u00e0 60\u20ac<\/li>\n<\/ul>\n\n\n\n<h2 class=\"wp-block-heading\" id=\"les-abbatiades-de-montebourg\">Les Abbatiades de Montebourg<\/h2>\n\n\n\n<figure class=\"wp-block-image size-full\"><img loading=\"lazy\" decoding=\"async\" width=\"960\" height=\"640\" src=\"https:\/\/blog.toploc.com\/wp-content\/uploads\/2024\/03\/10042-231027220610605-0-960x640-1.jpg\" alt=\"Les Abbatiades de Montebourg \u00a9 Actu.fr\" class=\"wp-image-146388\"\/><figcaption class=\"wp-element-caption\">Les Abbatiades de Montebourg \u00a9 Actu.fr<\/figcaption><\/figure>\n\n\n\n<h3 class=\"wp-block-heading\" id=\"pourquoi-le-les-abbatiades-de-montebourg-fait-partie-des-meilleures-festivals-de-la-manche-\"><span id=\"pourquoi-le-les-abbatiades-de-montebourg-fait-partie-des-meilleures-festivals-de-la-manche\">Pourquoi le Les Abbatiades de Montebourg fait partie des meilleures festivals de la Manche ?<\/span><\/h3>\n\n\n\n<p>Les Abbatiades propose des concerts de musique baroque (XVIIe et XVIIIe si\u00e8cle), des concerts aux chandelles, des trompes de chasse et des soir\u00e9es chorales ! Pour une acoustique optimale, ces concerts se d\u00e9roulent entre l&#8217;\u00e9glise Saint-Jacques et l&#8217;Abbatiale de Montebourg, au nord-est du d\u00e9partement, au sud-est de Cherbourg.<\/p>\n\n\n\n<div class=\"wp-block-buttons is-content-justification-center is-layout-flex wp-container-core-buttons-is-layout-16018d1d wp-block-buttons-is-layout-flex\">\n<div class=\"wp-block-button has-custom-font-size is-style-fill has-small-font-size\"><a class=\"wp-block-button__link has-background wp-element-button\" href=\"https:\/\/toploc.com\/locations-vacances\/manche?utm_source=blog&amp;utm_medium=CTA&amp;utm_campaign=festivals-manche\" style=\"background-color:#006b52\"><strong>\ud83d\udc49NOS H\u00c9BERGEMENTS MANCHE<\/strong><\/a><\/div>\n<\/div>\n\n\n\n<h3 class=\"wp-block-heading\" id=\"infos-cl\u00e9s---les-abbatiades-de-montebourg-\"><span id=\"infos-cles-les-abbatiades-de-montebourg\">Infos cl\u00e9s &#8211; Les Abbatiades de Montebourg :<\/span><\/h3>\n\n\n\n<p>Voici toutes les informations utiles pour assister aux Abbatiades de Montebourg qui fait partie des meilleurs festivals de la Manche :<\/p>\n\n\n\n<ul class=\"wp-block-list\">\n<li><strong>Genre<\/strong> : Musique<\/li>\n\n\n\n<li><strong>Adresse<\/strong> : \u00e9glise 3 place Saint-Jacques et abbaye 50310 Montebourg<\/li>\n\n\n\n<li><strong>O\u00f9 se garer ?<\/strong> : Parking sur place<\/li>\n\n\n\n<li><strong>Infos Utiles<\/strong> : Les Abbatiades de Montebourg<\/li>\n\n\n\n<li><strong>Date<\/strong> : Fin juillet-d\u00e9but ao\u00fbt<\/li>\n\n\n\n<li><strong>Tarif<\/strong> : Participation libre<\/li>\n<\/ul>\n\n\n\n<h2 class=\"wp-block-heading\" id=\"festival-du-voyage\">Festival du Voyage<\/h2>\n\n\n\n<figure class=\"wp-block-image size-full\"><img loading=\"lazy\" decoding=\"async\" width=\"800\" height=\"451\" src=\"https:\/\/blog.toploc.com\/wp-content\/uploads\/2024\/03\/DSCF3188.jpg\" alt=\"Festival du Voyage \u00a9 Festival du Voyage \u00e0 Quettehou\" class=\"wp-image-146390\"\/><figcaption class=\"wp-element-caption\">Festival du Voyage \u00a9 Festival du Voyage \u00e0 Quettehou<\/figcaption><\/figure>\n\n\n\n<h3 class=\"wp-block-heading\" id=\"pourquoi-le-festival-du-voyage-fait-partie-des-meilleurs-festivals-de-la-manche-\"><span id=\"pourquoi-le-festival-du-voyage-fait-partie-des-meilleurs-festivals-de-la-manche\">Pourquoi le Festival du Voyage fait partie des meilleurs festivals de la Manche ?<\/span><\/h3>\n\n\n\n<p>Le festival du voyage vous propose les projections de onze films d&#8217;aventure, d&#8217;exploration et de voyage, \u00e0 la d\u00e9couverte de globe-trotteurs pas forc\u00e9ment professionnels. De plus, des expos et stands sur le th\u00e8me du voyage seront de la partie ! L&#8217;aventure se pr\u00e9sentera d&#8217;un point de vue sportif, mais aussi scientifique, pour des droits, pour sa libert\u00e9, pour l&#8217;\u00e9cologie&#8230; Ce festival de la Manche vous donne rendez-vous en novembre \u00e0 Quettehou, au nord-est du d\u00e9partement, pour un voyage aux d\u00e9couvertes inattendues !<\/p>\n\n\n\n<div class=\"wp-block-buttons is-content-justification-center is-layout-flex wp-container-core-buttons-is-layout-16018d1d wp-block-buttons-is-layout-flex\">\n<div class=\"wp-block-button has-custom-font-size is-style-fill has-small-font-size\"><a class=\"wp-block-button__link has-background wp-element-button\" href=\"https:\/\/toploc.com\/locations-vacances\/manche?utm_source=blog&amp;utm_medium=CTA&amp;utm_campaign=festivals-manche\" style=\"background-color:#006b52\"><strong>\ud83d\udc49NOS H\u00c9BERGEMENTS MANCHE<\/strong><\/a><\/div>\n<\/div>\n\n\n\n<h3 class=\"wp-block-heading\" id=\"infos-cl\u00e9s---festival-du-voyage-\"><span id=\"infos-cles-festival-du-voyage\">Infos cl\u00e9s &#8211; Festival du Voyage :<\/span><\/h3>\n\n\n\n<p>Voici toutes les informations utiles pour assister au Festival du Voyage qui fait partie des meilleurs festivals de la Manche :<\/p>\n\n\n\n<ul class=\"wp-block-list\">\n<li><strong>Genre<\/strong> : Voyage<\/li>\n\n\n\n<li><strong>Adresse<\/strong> : Halle aux Grains, 1 place du March\u00e9 50630 Quettehou<\/li>\n\n\n\n<li><strong>O\u00f9 se garer ?<\/strong> : Parkings rue de Gaulle, place des \u00e9coles<\/li>\n\n\n\n<li><strong>Infos Utiles<\/strong> : Festival du Voyage<\/li>\n\n\n\n<li><strong>Date<\/strong> : Mi-novembre<\/li>\n\n\n\n<li><strong>Tarif<\/strong> : 5 \u00e0 24\u20ac<\/li>\n<\/ul>\n\n\n\n<h2 class=\"wp-block-heading\" id=\"papillons-de-nuit\">Papillons de Nuit<\/h2>\n\n\n\n<figure class=\"wp-block-image size-full\"><img loading=\"lazy\" decoding=\"async\" width=\"2048\" height=\"1367\" src=\"https:\/\/blog.toploc.com\/wp-content\/uploads\/2024\/03\/P2NJulienDore_03.jpg\" alt=\"Papillons de Nuit \u00a9 Wikipedia\" class=\"wp-image-146391\"\/><figcaption class=\"wp-element-caption\">Papillons de Nuit \u00a9 Wikipedia<\/figcaption><\/figure>\n\n\n\n<h3 class=\"wp-block-heading\" id=\"pourquoi-le-papillons-de-nuit-fait-partie-des-meilleures-festivals-de-la-manche-\"><span id=\"pourquoi-le-papillons-de-nuit-fait-partie-des-meilleures-festivals-de-la-manche\">Pourquoi le Papillons de Nuit fait partie des meilleures festivals de la Manche ?<\/span><\/h3>\n\n\n\n<p>Papillons de Nuit est un festival de la Manche qui propose des concerts, mais pas que ! De nombreuses animations et services se d\u00e9roulent sur le site, sur le camping et dans les rues de Saint-Laurent-de-Cuves, au sud du d\u00e9partement, proche du Calvados. La Grande Roue de 32 m\u00e8tres, l&#8217;espace Cr\u00e9dit mutuel, l&#8217;atelier de s\u00e9rigraphie, le camion Scratch et tous les autres sauront vous faire passer des moments inoubliables en famille ou entre amis !<\/p>\n\n\n\n<div class=\"wp-block-buttons is-content-justification-center is-layout-flex wp-container-core-buttons-is-layout-16018d1d wp-block-buttons-is-layout-flex\">\n<div class=\"wp-block-button has-custom-font-size is-style-fill has-small-font-size\"><a class=\"wp-block-button__link has-background wp-element-button\" href=\"https:\/\/toploc.com\/locations-vacances\/manche?utm_source=blog&amp;utm_medium=CTA&amp;utm_campaign=festivals-manche\" style=\"background-color:#006b52\"><strong>\ud83d\udc49NOS H\u00c9BERGEMENTS MANCHE<\/strong><\/a><\/div>\n<\/div>\n\n\n\n<h3 class=\"wp-block-heading\" id=\"infos-cl\u00e9s---papillons-de-nuit-\"><span id=\"infos-cles-papillons-de-nuit\">Infos cl\u00e9s &#8211; Papillons de Nuit :<\/span><\/h3>\n\n\n\n<p>Voici toutes les informations utiles pour assister au Papillons de Nuit qui fait partie des meilleurs festivals de la Manche :<\/p>\n\n\n\n<ul class=\"wp-block-list\">\n<li><strong>Genre<\/strong> : Musique<\/li>\n\n\n\n<li><strong>Adresse<\/strong> : 50670 Saint-Lauren-de-Cuves<\/li>\n\n\n\n<li><strong>O\u00f9 se garer ?<\/strong> : Des parkings seront am\u00e9nag\u00e9s et indiqu\u00e9s<\/li>\n\n\n\n<li><strong>Infos Utiles<\/strong> : Papillons de Nuit<\/li>\n\n\n\n<li><strong>Date<\/strong> : Mi-mai<\/li>\n\n\n\n<li><strong>Tarif<\/strong> : 50\u20ac<\/li>\n<\/ul>\n\n\n\n<h2 class=\"wp-block-heading\" id=\"ethereal-decibel-festival\">Ethereal Decibel Festival<\/h2>\n\n\n\n<figure class=\"wp-block-image size-full\"><img loading=\"lazy\" decoding=\"async\" width=\"795\" height=\"444\" src=\"https:\/\/blog.toploc.com\/wp-content\/uploads\/2024\/03\/Capture-decran-2024-03-25-134153.png\" alt=\"Ethereal Decibel Festival \u00a9 Radio le Triangle\" class=\"wp-image-146394\"\/><figcaption class=\"wp-element-caption\">Ethereal Decibel Festival \u00a9 Radio le Triangle<\/figcaption><\/figure>\n\n\n\n<h3 class=\"wp-block-heading\" id=\"pourquoi-le-ethereal-decibel-festival-fait-partie-des-meilleurs-festivals-de-la-manche-\"><span id=\"pourquoi-le-ethereal-decibel-festival-fait-partie-des-meilleurs-festivals-de-la-manche\">Pourquoi le Ethereal Decibel Festival fait partie des meilleurs festivals de la Manche ?<\/span><\/h3>\n\n\n\n<p>L&#8217;Ethereal Decibel Festival est un \u00e9v\u00e9nement bas\u00e9 sur la musique et l&#8217;art psych\u00e9d\u00e9lique. Plus de 150 artistes se r\u00e9unissent avec des milliers de spectateurs pour les faire danser ou simplement partager leur art. Une f\u00eate foraine sera install\u00e9e pour l&#8217;\u00e9v\u00e9nement, des expositions, des animations et ateliers rendront votre s\u00e9jour magique. Ce festival de la Manche a lieu \u00e0 Buais-les-Monts, au sud du d\u00e9partement, proche de la Mayenne.<\/p>\n\n\n\n<div class=\"wp-block-buttons is-content-justification-center is-layout-flex wp-container-core-buttons-is-layout-16018d1d wp-block-buttons-is-layout-flex\">\n<div class=\"wp-block-button has-custom-font-size is-style-fill has-small-font-size\"><a class=\"wp-block-button__link has-background wp-element-button\" href=\"https:\/\/toploc.com\/locations-vacances\/manche?utm_source=blog&amp;utm_medium=CTA&amp;utm_campaign=festivals-manche\" style=\"background-color:#006b52\"><strong>\ud83d\udc49NOS H\u00c9BERGEMENTS MANCHE<\/strong><\/a><\/div>\n<\/div>\n\n\n\n<h3 class=\"wp-block-heading\" id=\"infos-cl\u00e9s---ethereal-decibel-festival-\"><span id=\"infos-cles-ethereal-decibel-festival\">Infos cl\u00e9s &#8211; Ethereal Decibel Festival :<\/span><\/h3>\n\n\n\n<p>Voici toutes les informations utiles pour assister au Ethereal Decibel Festival qui fait partie des meilleurs festivals de la Manche :<\/p>\n\n\n\n<ul class=\"wp-block-list\">\n<li><strong>Genre<\/strong> : Psych\u00e9d\u00e9lique<\/li>\n\n\n\n<li><strong>Adresse<\/strong> : Les Touches 50640 Buais-Les-Monts<\/li>\n\n\n\n<li><strong>O\u00f9 se garer ?<\/strong> : Des parkings seront am\u00e9nag\u00e9s sur place<\/li>\n\n\n\n<li><strong>Infos Utiles<\/strong> : Ethereal Decibel Festival<\/li>\n\n\n\n<li><strong>Date<\/strong> : D\u00e9but juillet<\/li>\n\n\n\n<li><strong>Tarif<\/strong> : 76 \u00e0 83\u20ac<\/li>\n<\/ul>\n\n\n\n<h2 id=\"ou-se-loger-et-assister-aux-meilleurs-festivals-de-la-manche\" class=\"wp-block-heading\">O\u00f9 se loger et assister aux meilleurs festivals de la Manche ? <\/h2>\n\n\n\n<p>Si vous souhaitez assister aux festivals de la Manche vous chercherez certainement des <a href=\"http:\/\/www.toploc.com\/locations-vacances\/manche\">locations de vacances dans la Manche<\/a> et des <a href=\"http:\/\/www.toploc.com\/locations-vacances\/normandie\">locations de vacances en Normandie<\/a>. Voici une suggestion de locations de vacances \u00e0 louer en direct aupr\u00e8s des h\u00f4tes Toploc en cliquant sur les curseurs verts de la carte.<\/p>\n\n\n\n<iframe loading=\"lazy\" width=\"100%\" height=\"450px\" frameborder=\"0\" src=\"https:\/\/toploc.com\/embed\/maps?location=Zone+carte&#038;dates=&#038;start_date=&#038;end_date=&#038;bbox_area=-3.042565759276698%2C48.498812330673275%2C0.28565873857203883%2C49.902578908919736&#038;page=1&#038;order=&#038;curated_list_id=\"><\/iframe>\n\n\n\n<p>Alexandra pour <a href=\"http:\/\/www.toploc.com\">Toploc<\/a><\/p>\n","protected":false},"excerpt":{"rendered":"Voici notre s\u00e9lection des meilleurs festivals de la Manche. Si vous r\u00e9servez vos locations de vacances dans la&hellip;\n","protected":false},"author":12,"featured_media":146391,"comment_status":"open","ping_status":"open","sticky":false,"template":"","format":"standard","meta":{"footnotes":""},"categories":[7526,114],"tags":[7554],"class_list":{"0":"post-146379","1":"post","2":"type-post","3":"status-publish","4":"format-standard","5":"has-post-thumbnail","7":"category-festivals","8":"category-france","9":"tag-festivals-de-la-manche"},"yoast_head":"<!-- This site is optimized with the Yoast SEO plugin v26.9 - https:\/\/yoast.com\/product\/yoast-seo-wordpress\/ -->\n<title>Les 10 meilleurs festivals de la Manche \u00e0 faire en famille<\/title>\n<meta name=\"description\" content=\"festivals de la Manche : Jazz sous les Pommiers . Les Femmes s&#039;en m\u00ealent . Nuit des Mus\u00e9es . Les Art&#039;Zimut\u00e9s . Festival des Pinsonores .\" \/>\n<meta name=\"robots\" content=\"index, follow, max-snippet:-1, max-image-preview:large, max-video-preview:-1\" \/>\n<link rel=\"canonical\" href=\"https:\/\/toploc.com\/blog\/france\/festivals-de-la-manche\" \/>\n<meta property=\"og:locale\" content=\"fr_FR\" \/>\n<meta property=\"og:type\" content=\"article\" \/>\n<meta property=\"og:title\" content=\"Les 10 meilleurs festivals de la Manche \u00e0 faire en famille\" \/>\n<meta property=\"og:description\" content=\"festivals de la Manche : Jazz sous les Pommiers . Les Femmes s&#039;en m\u00ealent . Nuit des Mus\u00e9es . Les Art&#039;Zimut\u00e9s . Festival des Pinsonores .\" \/>\n<meta property=\"og:url\" content=\"https:\/\/toploc.com\/blog\/france\/festivals-de-la-manche\" \/>\n<meta property=\"og:site_name\" content=\"Toploc\" \/>\n<meta property=\"article:publisher\" content=\"https:\/\/www.facebook.com\/locationfrancophone\" \/>\n<meta property=\"article:published_time\" content=\"2024-03-23T07:00:00+00:00\" \/>\n<meta property=\"article:modified_time\" content=\"2025-02-04T13:51:55+00:00\" \/>\n<meta property=\"og:image\" content=\"https:\/\/toploc.com\/blog\/wp-content\/uploads\/2024\/03\/P2NJulienDore_03.jpg\" \/>\n\t<meta property=\"og:image:width\" content=\"2048\" \/>\n\t<meta property=\"og:image:height\" content=\"1367\" \/>\n\t<meta property=\"og:image:type\" content=\"image\/jpeg\" \/>\n<meta name=\"author\" content=\"Alexandra\" \/>\n<meta name=\"twitter:card\" content=\"summary_large_image\" \/>\n<meta name=\"twitter:label1\" content=\"\u00c9crit par\" \/>\n\t<meta name=\"twitter:data1\" content=\"Alexandra\" \/>\n\t<meta name=\"twitter:label2\" content=\"Dur\u00e9e de lecture estim\u00e9e\" \/>\n\t<meta name=\"twitter:data2\" content=\"12 minutes\" \/>\n<script type=\"application\/ld+json\" class=\"yoast-schema-graph\">{\"@context\":\"https:\/\/schema.org\",\"@graph\":[{\"@type\":\"Article\",\"@id\":\"https:\/\/toploc.com\/blog\/france\/festivals-de-la-manche#article\",\"isPartOf\":{\"@id\":\"https:\/\/toploc.com\/blog\/france\/festivals-de-la-manche\"},\"author\":{\"name\":\"Alexandra\",\"@id\":\"https:\/\/toploc.com\/blog\/#\/schema\/person\/e493e6ec213b1c6de6b8e3ab3794d7b0\"},\"headline\":\"Les 10 meilleurs festivals de la Manche \u00e0 faire en famille\",\"datePublished\":\"2024-03-23T07:00:00+00:00\",\"dateModified\":\"2025-02-04T13:51:55+00:00\",\"mainEntityOfPage\":{\"@id\":\"https:\/\/toploc.com\/blog\/france\/festivals-de-la-manche\"},\"wordCount\":1940,\"commentCount\":0,\"publisher\":{\"@id\":\"https:\/\/toploc.com\/blog\/#organization\"},\"image\":{\"@id\":\"https:\/\/toploc.com\/blog\/france\/festivals-de-la-manche#primaryimage\"},\"thumbnailUrl\":\"https:\/\/toploc.com\/blog\/wp-content\/uploads\/2024\/03\/P2NJulienDore_03.jpg\",\"keywords\":[\"Festivals de la Manche\"],\"articleSection\":[\"Festivals\",\"Itin\u00e9raires France\"],\"inLanguage\":\"fr-FR\",\"potentialAction\":[{\"@type\":\"CommentAction\",\"name\":\"Comment\",\"target\":[\"https:\/\/toploc.com\/blog\/france\/festivals-de-la-manche#respond\"]}]},{\"@type\":\"WebPage\",\"@id\":\"https:\/\/toploc.com\/blog\/france\/festivals-de-la-manche\",\"url\":\"https:\/\/toploc.com\/blog\/france\/festivals-de-la-manche\",\"name\":\"Les 10 meilleurs festivals de la Manche \u00e0 faire en famille\",\"isPartOf\":{\"@id\":\"https:\/\/toploc.com\/blog\/#website\"},\"primaryImageOfPage\":{\"@id\":\"https:\/\/toploc.com\/blog\/france\/festivals-de-la-manche#primaryimage\"},\"image\":{\"@id\":\"https:\/\/toploc.com\/blog\/france\/festivals-de-la-manche#primaryimage\"},\"thumbnailUrl\":\"https:\/\/toploc.com\/blog\/wp-content\/uploads\/2024\/03\/P2NJulienDore_03.jpg\",\"datePublished\":\"2024-03-23T07:00:00+00:00\",\"dateModified\":\"2025-02-04T13:51:55+00:00\",\"description\":\"festivals de la Manche : Jazz sous les Pommiers . Les Femmes s'en m\u00ealent . Nuit des Mus\u00e9es . Les Art'Zimut\u00e9s . Festival des Pinsonores .\",\"breadcrumb\":{\"@id\":\"https:\/\/toploc.com\/blog\/france\/festivals-de-la-manche#breadcrumb\"},\"inLanguage\":\"fr-FR\",\"potentialAction\":[{\"@type\":\"ReadAction\",\"target\":[\"https:\/\/toploc.com\/blog\/france\/festivals-de-la-manche\"]}]},{\"@type\":\"ImageObject\",\"inLanguage\":\"fr-FR\",\"@id\":\"https:\/\/toploc.com\/blog\/france\/festivals-de-la-manche#primaryimage\",\"url\":\"https:\/\/toploc.com\/blog\/wp-content\/uploads\/2024\/03\/P2NJulienDore_03.jpg\",\"contentUrl\":\"https:\/\/toploc.com\/blog\/wp-content\/uploads\/2024\/03\/P2NJulienDore_03.jpg\",\"width\":2048,\"height\":1367,\"caption\":\"Papillons de Nuit \u00a9 Wikipedia\"},{\"@type\":\"BreadcrumbList\",\"@id\":\"https:\/\/toploc.com\/blog\/france\/festivals-de-la-manche#breadcrumb\",\"itemListElement\":[{\"@type\":\"ListItem\",\"position\":1,\"name\":\"Accueil\",\"item\":\"https:\/\/toploc.com\/blog\"},{\"@type\":\"ListItem\",\"position\":2,\"name\":\"Les 10 meilleurs festivals de la Manche \u00e0 faire en famille\"}]},{\"@type\":\"WebSite\",\"@id\":\"https:\/\/toploc.com\/blog\/#website\",\"url\":\"https:\/\/toploc.com\/blog\/\",\"name\":\"Toploc\",\"description\":\"Itin\u00e9raires natures et locations de vacances en groupe\",\"publisher\":{\"@id\":\"https:\/\/toploc.com\/blog\/#organization\"},\"potentialAction\":[{\"@type\":\"SearchAction\",\"target\":{\"@type\":\"EntryPoint\",\"urlTemplate\":\"https:\/\/toploc.com\/blog\/?s={search_term_string}\"},\"query-input\":{\"@type\":\"PropertyValueSpecification\",\"valueRequired\":true,\"valueName\":\"search_term_string\"}}],\"inLanguage\":\"fr-FR\"},{\"@type\":\"Organization\",\"@id\":\"https:\/\/toploc.com\/blog\/#organization\",\"name\":\"Toploc\",\"url\":\"https:\/\/toploc.com\/blog\/\",\"logo\":{\"@type\":\"ImageObject\",\"inLanguage\":\"fr-FR\",\"@id\":\"https:\/\/toploc.com\/blog\/#\/schema\/logo\/image\/\",\"url\":\"https:\/\/blog.toploc.com\/wp-content\/uploads\/2022\/03\/toploc_facebook_5.png\",\"contentUrl\":\"https:\/\/blog.toploc.com\/wp-content\/uploads\/2022\/03\/toploc_facebook_5.png\",\"width\":600,\"height\":600,\"caption\":\"Toploc\"},\"image\":{\"@id\":\"https:\/\/toploc.com\/blog\/#\/schema\/logo\/image\/\"},\"sameAs\":[\"https:\/\/www.facebook.com\/locationfrancophone\",\"https:\/\/www.instagram.com\/toploc_\",\"https:\/\/www.pinterest.fr\/Toploc_\/\"]},{\"@type\":\"Person\",\"@id\":\"https:\/\/toploc.com\/blog\/#\/schema\/person\/e493e6ec213b1c6de6b8e3ab3794d7b0\",\"name\":\"Alexandra\",\"image\":{\"@type\":\"ImageObject\",\"inLanguage\":\"fr-FR\",\"@id\":\"https:\/\/toploc.com\/blog\/#\/schema\/person\/image\/\",\"url\":\"https:\/\/secure.gravatar.com\/avatar\/a42119a3a40440a91ac2a1d3c6d8eb86030f32d77fc402a054e43badfb40c5f2?s=96&d=mm&r=g\",\"contentUrl\":\"https:\/\/secure.gravatar.com\/avatar\/a42119a3a40440a91ac2a1d3c6d8eb86030f32d77fc402a054e43badfb40c5f2?s=96&d=mm&r=g\",\"caption\":\"Alexandra\"},\"description\":\"Passionn\u00e9e de grands espaces j'ai \u00e0 coeur de partager mes recherches et d\u00e9couvertes \u00e0 la mer, la montagne et la campagne.\",\"url\":\"https:\/\/toploc.com\/blog\/author\/alexandratoploc-com\"}]}<\/script>\n<!-- \/ Yoast SEO plugin. -->","yoast_head_json":{"title":"Les 10 meilleurs festivals de la Manche \u00e0 faire en famille","description":"festivals de la Manche : Jazz sous les Pommiers . Les Femmes s'en m\u00ealent . Nuit des Mus\u00e9es . Les Art'Zimut\u00e9s . Festival des Pinsonores .","robots":{"index":"index","follow":"follow","max-snippet":"max-snippet:-1","max-image-preview":"max-image-preview:large","max-video-preview":"max-video-preview:-1"},"canonical":"https:\/\/toploc.com\/blog\/france\/festivals-de-la-manche","og_locale":"fr_FR","og_type":"article","og_title":"Les 10 meilleurs festivals de la Manche \u00e0 faire en famille","og_description":"festivals de la Manche : Jazz sous les Pommiers . Les Femmes s'en m\u00ealent . Nuit des Mus\u00e9es . Les Art'Zimut\u00e9s . Festival des Pinsonores .","og_url":"https:\/\/toploc.com\/blog\/france\/festivals-de-la-manche","og_site_name":"Toploc","article_publisher":"https:\/\/www.facebook.com\/locationfrancophone","article_published_time":"2024-03-23T07:00:00+00:00","article_modified_time":"2025-02-04T13:51:55+00:00","og_image":[{"width":2048,"height":1367,"url":"https:\/\/toploc.com\/blog\/wp-content\/uploads\/2024\/03\/P2NJulienDore_03.jpg","type":"image\/jpeg"}],"author":"Alexandra","twitter_card":"summary_large_image","twitter_misc":{"\u00c9crit par":"Alexandra","Dur\u00e9e de lecture estim\u00e9e":"12 minutes"},"schema":{"@context":"https:\/\/schema.org","@graph":[{"@type":"Article","@id":"https:\/\/toploc.com\/blog\/france\/festivals-de-la-manche#article","isPartOf":{"@id":"https:\/\/toploc.com\/blog\/france\/festivals-de-la-manche"},"author":{"name":"Alexandra","@id":"https:\/\/toploc.com\/blog\/#\/schema\/person\/e493e6ec213b1c6de6b8e3ab3794d7b0"},"headline":"Les 10 meilleurs festivals de la Manche \u00e0 faire en famille","datePublished":"2024-03-23T07:00:00+00:00","dateModified":"2025-02-04T13:51:55+00:00","mainEntityOfPage":{"@id":"https:\/\/toploc.com\/blog\/france\/festivals-de-la-manche"},"wordCount":1940,"commentCount":0,"publisher":{"@id":"https:\/\/toploc.com\/blog\/#organization"},"image":{"@id":"https:\/\/toploc.com\/blog\/france\/festivals-de-la-manche#primaryimage"},"thumbnailUrl":"https:\/\/toploc.com\/blog\/wp-content\/uploads\/2024\/03\/P2NJulienDore_03.jpg","keywords":["Festivals de la Manche"],"articleSection":["Festivals","Itin\u00e9raires France"],"inLanguage":"fr-FR","potentialAction":[{"@type":"CommentAction","name":"Comment","target":["https:\/\/toploc.com\/blog\/france\/festivals-de-la-manche#respond"]}]},{"@type":"WebPage","@id":"https:\/\/toploc.com\/blog\/france\/festivals-de-la-manche","url":"https:\/\/toploc.com\/blog\/france\/festivals-de-la-manche","name":"Les 10 meilleurs festivals de la Manche \u00e0 faire en famille","isPartOf":{"@id":"https:\/\/toploc.com\/blog\/#website"},"primaryImageOfPage":{"@id":"https:\/\/toploc.com\/blog\/france\/festivals-de-la-manche#primaryimage"},"image":{"@id":"https:\/\/toploc.com\/blog\/france\/festivals-de-la-manche#primaryimage"},"thumbnailUrl":"https:\/\/toploc.com\/blog\/wp-content\/uploads\/2024\/03\/P2NJulienDore_03.jpg","datePublished":"2024-03-23T07:00:00+00:00","dateModified":"2025-02-04T13:51:55+00:00","description":"festivals de la Manche : Jazz sous les Pommiers . Les Femmes s'en m\u00ealent . Nuit des Mus\u00e9es . Les Art'Zimut\u00e9s . Festival des Pinsonores .","breadcrumb":{"@id":"https:\/\/toploc.com\/blog\/france\/festivals-de-la-manche#breadcrumb"},"inLanguage":"fr-FR","potentialAction":[{"@type":"ReadAction","target":["https:\/\/toploc.com\/blog\/france\/festivals-de-la-manche"]}]},{"@type":"ImageObject","inLanguage":"fr-FR","@id":"https:\/\/toploc.com\/blog\/france\/festivals-de-la-manche#primaryimage","url":"https:\/\/toploc.com\/blog\/wp-content\/uploads\/2024\/03\/P2NJulienDore_03.jpg","contentUrl":"https:\/\/toploc.com\/blog\/wp-content\/uploads\/2024\/03\/P2NJulienDore_03.jpg","width":2048,"height":1367,"caption":"Papillons de Nuit \u00a9 Wikipedia"},{"@type":"BreadcrumbList","@id":"https:\/\/toploc.com\/blog\/france\/festivals-de-la-manche#breadcrumb","itemListElement":[{"@type":"ListItem","position":1,"name":"Accueil","item":"https:\/\/toploc.com\/blog"},{"@type":"ListItem","position":2,"name":"Les 10 meilleurs festivals de la Manche \u00e0 faire en famille"}]},{"@type":"WebSite","@id":"https:\/\/toploc.com\/blog\/#website","url":"https:\/\/toploc.com\/blog\/","name":"Toploc","description":"Itin\u00e9raires natures et locations de vacances en groupe","publisher":{"@id":"https:\/\/toploc.com\/blog\/#organization"},"potentialAction":[{"@type":"SearchAction","target":{"@type":"EntryPoint","urlTemplate":"https:\/\/toploc.com\/blog\/?s={search_term_string}"},"query-input":{"@type":"PropertyValueSpecification","valueRequired":true,"valueName":"search_term_string"}}],"inLanguage":"fr-FR"},{"@type":"Organization","@id":"https:\/\/toploc.com\/blog\/#organization","name":"Toploc","url":"https:\/\/toploc.com\/blog\/","logo":{"@type":"ImageObject","inLanguage":"fr-FR","@id":"https:\/\/toploc.com\/blog\/#\/schema\/logo\/image\/","url":"https:\/\/blog.toploc.com\/wp-content\/uploads\/2022\/03\/toploc_facebook_5.png","contentUrl":"https:\/\/blog.toploc.com\/wp-content\/uploads\/2022\/03\/toploc_facebook_5.png","width":600,"height":600,"caption":"Toploc"},"image":{"@id":"https:\/\/toploc.com\/blog\/#\/schema\/logo\/image\/"},"sameAs":["https:\/\/www.facebook.com\/locationfrancophone","https:\/\/www.instagram.com\/toploc_","https:\/\/www.pinterest.fr\/Toploc_\/"]},{"@type":"Person","@id":"https:\/\/toploc.com\/blog\/#\/schema\/person\/e493e6ec213b1c6de6b8e3ab3794d7b0","name":"Alexandra","image":{"@type":"ImageObject","inLanguage":"fr-FR","@id":"https:\/\/toploc.com\/blog\/#\/schema\/person\/image\/","url":"https:\/\/secure.gravatar.com\/avatar\/a42119a3a40440a91ac2a1d3c6d8eb86030f32d77fc402a054e43badfb40c5f2?s=96&d=mm&r=g","contentUrl":"https:\/\/secure.gravatar.com\/avatar\/a42119a3a40440a91ac2a1d3c6d8eb86030f32d77fc402a054e43badfb40c5f2?s=96&d=mm&r=g","caption":"Alexandra"},"description":"Passionn\u00e9e de grands espaces j'ai \u00e0 coeur de partager mes recherches et d\u00e9couvertes \u00e0 la mer, la montagne et la campagne.","url":"https:\/\/toploc.com\/blog\/author\/alexandratoploc-com"}]}},"_links":{"self":[{"href":"https:\/\/toploc.com\/blog\/wp-json\/wp\/v2\/posts\/146379","targetHints":{"allow":["GET"]}}],"collection":[{"href":"https:\/\/toploc.com\/blog\/wp-json\/wp\/v2\/posts"}],"about":[{"href":"https:\/\/toploc.com\/blog\/wp-json\/wp\/v2\/types\/post"}],"author":[{"embeddable":true,"href":"https:\/\/toploc.com\/blog\/wp-json\/wp\/v2\/users\/12"}],"replies":[{"embeddable":true,"href":"https:\/\/toploc.com\/blog\/wp-json\/wp\/v2\/comments?post=146379"}],"version-history":[{"count":4,"href":"https:\/\/toploc.com\/blog\/wp-json\/wp\/v2\/posts\/146379\/revisions"}],"predecessor-version":[{"id":153421,"href":"https:\/\/toploc.com\/blog\/wp-json\/wp\/v2\/posts\/146379\/revisions\/153421"}],"wp:featuredmedia":[{"embeddable":true,"href":"https:\/\/toploc.com\/blog\/wp-json\/wp\/v2\/media\/146391"}],"wp:attachment":[{"href":"https:\/\/toploc.com\/blog\/wp-json\/wp\/v2\/media?parent=146379"}],"wp:term":[{"taxonomy":"category","embeddable":true,"href":"https:\/\/toploc.com\/blog\/wp-json\/wp\/v2\/categories?post=146379"},{"taxonomy":"post_tag","embeddable":true,"href":"https:\/\/toploc.com\/blog\/wp-json\/wp\/v2\/tags?post=146379"}],"curies":[{"name":"wp","href":"https:\/\/api.w.org\/{rel}","templated":true}]}}