{"id":146126,"date":"2024-03-22T08:48:38","date_gmt":"2024-03-22T07:48:38","guid":{"rendered":"https:\/\/blog.toploc.com\/?p=146126"},"modified":"2026-04-27T10:12:13","modified_gmt":"2026-04-27T08:12:13","slug":"festivals-de-lallier","status":"publish","type":"post","link":"https:\/\/toploc.com\/blog\/festivals\/festivals-de-lallier","title":{"rendered":"Les 8 meilleurs festivals de l&#8217;Allier \u00e0 faire en famille"},"content":{"rendered":"\n<p>Voici notre s\u00e9lection des meilleurs festivals de l&#8217;Allier. Si vous r\u00e9servez vos locations de vacances dans l&#8217;Allier, vous chercherez certainement \u00e0 vous occuper en profitant des \u00e9v\u00e9nements culturels, artistiques et musicaux de la r\u00e9gion. Nous vous proposons une liste d&#8217;\u00e9v\u00e9nements auxquels vous pouvez autant participer entre amis qu&#8217;en famille ! Des \u00e9v\u00e9nements de toute taille, au plus pr\u00e8s de chez vous. Vous trouverez dans cet article tout ce que vous devez savoir pour choisir parmi les meilleurs festivals de l&#8217;Allier.<\/p>\n\n\n\n<div class=\"wp-block-buttons is-content-justification-center is-layout-flex wp-container-core-buttons-is-layout-16018d1d wp-block-buttons-is-layout-flex\">\n<div class=\"wp-block-button\"><a class=\"wp-block-button__link has-background has-small-font-size has-custom-font-size wp-element-button\" href=\"https:\/\/toploc.com\/locations-vacances\/allier?utm_source=blog&amp;utm_medium=CTA&amp;utm_campaign=festivals-allier\" style=\"background-color:#006b52\"><strong>\ud83d\udc49NOS H\u00c9BERGEMENTS ALLIER<\/strong><\/a><\/div>\n<\/div>\n\n\n\n<h2 class=\"wp-block-heading\" id=\"quels-sont-les-meilleurs-festivals-de-b1--\"><span id=\"quels-sont-les-meilleurs-festivals-de-lallier\">Quels sont les meilleurs festivals de l&#8217;Allier ?<\/span><\/h2>\n\n\n\n<p>Voici la liste des meilleurs festivals de l&#8217;Allier auxquels assister pendant vos vacances. Nous avons synth\u00e9tis\u00e9 les informations essentielles pour que vous puissiez trouver celui qui vous convient le mieux. Notez que les informations relatives aux dates ainsi que les activit\u00e9s propos\u00e9es peuvent changer d\u2019une ann\u00e9e \u00e0 l\u2019autre. <\/p>\n\n\n\n<table id=\"tablepress-342\" class=\"tablepress tablepress-id-342\">\n<thead>\n<tr class=\"row-1 odd\">\n\t<th class=\"column-1\">Nom<\/th><th class=\"column-2\">Genre<\/th><th class=\"column-3\">Tarifs<\/th><th class=\"column-4\">Adresse<\/th>\n<\/tr>\n<\/thead>\n<tbody class=\"row-hover\">\n<tr class=\"row-2 even\">\n\t<td class=\"column-1\">Graines de Mai<\/td><td class=\"column-2\">Jeune public<\/td><td class=\"column-3\">9\u20ac<\/td><td class=\"column-4\">03400 Yzeure<\/td>\n<\/tr>\n<tr class=\"row-3 odd\">\n\t<td class=\"column-1\">Hadra Trance Festival<\/td><td class=\"column-2\">Musique<\/td><td class=\"column-3\">160\u20ac<\/td><td class=\"column-4\">03430 Vieure<\/td>\n<\/tr>\n<tr class=\"row-4 even\">\n\t<td class=\"column-1\">Footsbarn en F\u00eate<\/td><td class=\"column-2\">Th\u00e9\u00e2tre et musique<\/td><td class=\"column-3\">7 \u00e0 38\u20ac<\/td><td class=\"column-4\">La Chauss\u00e9e 03190 Maillet<\/td>\n<\/tr>\n<tr class=\"row-5 odd\">\n\t<td class=\"column-1\">Festival des Monts de la Madeleine<\/td><td class=\"column-2\">Musique<\/td><td class=\"column-3\">10-15\u20ac \/ concert<\/td><td class=\"column-4\">03640 Arfeuilles<\/td>\n<\/tr>\n<tr class=\"row-6 even\">\n\t<td class=\"column-1\">Un \u00e9t\u00e9 dans mon Village<\/td><td class=\"column-2\">Arts de la rue<\/td><td class=\"column-3\">45\u20ac<\/td><td class=\"column-4\">Montlu\u00e7on 03100<\/td>\n<\/tr>\n<tr class=\"row-7 odd\">\n\t<td class=\"column-1\">Festival Oh les Filles<\/td><td class=\"column-2\">Culturel<\/td><td class=\"column-3\">Selon l'\u00e9v\u00e9nement<\/td><td class=\"column-4\">03400 Yzeure<\/td>\n<\/tr>\n<tr class=\"row-8 even\">\n\t<td class=\"column-1\">Festival des Cultures du Monde<\/td><td class=\"column-2\">Culturel<\/td><td class=\"column-3\">selon les spectacles<\/td><td class=\"column-4\">Gannat<\/td>\n<\/tr>\n<tr class=\"row-9 odd\">\n\t<td class=\"column-1\">Jazz dans le Bocage<\/td><td class=\"column-2\">Musique<\/td><td class=\"column-3\">0 \u00e0 29\u20ac<\/td><td class=\"column-4\">Bocage Bourbonnais (Vichy, Tronget et Bourbon-L'Archambault)<\/td>\n<\/tr>\n<\/tbody>\n<\/table>\n<!-- #tablepress-342 from cache -->\n\n\n\n<h2 id=\"ou-sont-les-meilleurs-festivals-de-lallier\" class=\"wp-block-heading\">O\u00f9 sont les meilleurs festivals de l&#8217;Allier ? <\/h2>\n\n\n\n<p>Voici notre carte interactive des 10 meilleurs festivals que nous d\u00e9crivons dans notre article. Cette carte peut vous \u00eatre utile pour trouver le festival le plus proche de chez vous.<\/p>\n\n\n\n<iframe loading=\"lazy\" src=\"https:\/\/www.google.com\/maps\/d\/embed?mid=1ghXQsDEGDVF8kOPtcieR6MHrrLvCDl0&#038;ehbc=2E312F&#038;noprof=1\" width=\"640\" height=\"480\"><\/iframe>\n\n\n\n<h2 class=\"wp-block-heading\" id=\"graines-de-mai\">Graines de Mai<\/h2>\n\n\n\n<figure class=\"wp-block-image size-full\"><img loading=\"lazy\" decoding=\"async\" width=\"938\" height=\"547\" src=\"https:\/\/blog.toploc.com\/wp-content\/uploads\/2024\/03\/Capture-decran-2024-03-21-145240.png\" alt=\"Festival Graines de Mai qui est l'un des meilleurs festival de l'Allier \u00a9 La Montagne\" class=\"wp-image-146129\"\/><figcaption class=\"wp-element-caption\">Festival Graines de Mai qui est l&#8217;un des meilleurs festival de l&#8217;Allier \u00a9 La Montagne<\/figcaption><\/figure>\n\n\n\n<h3 class=\"wp-block-heading\" id=\"pourquoi-le-graines-de-mai-fait-partie-des-meilleurs-festivals-de-lallier-\"><span id=\"pourquoi-le-graines-de-mai-fait-partie-des-meilleurs-festivals-de-lallier\">Pourquoi le Graines de Mai fait partie des meilleurs festivals de l&#8217;Allier ?<\/span><\/h3>\n\n\n\n<p>Rendez-vous fin mai \u00e0 Yzeure, en p\u00e9riph\u00e9rie Est de Moulins, au nord de Clermont-Ferrand pour un festival d\u00e9di\u00e9 aux enfants ! Des spectacles tout public et jeune public, des spectacles ensorcelants, un man\u00e8ge, des jeux des plus traditionnels au plus insolites, des acrobates, des espaces ludiques avec atelier de maquillage, promenade \u00e9questre&#8230;bref, un programme plut\u00f4t charg\u00e9 pour ce festival de l&#8217;Allier !<\/p>\n\n\n\n<p>A lire : <a href=\"https:\/\/toploc.com\/blog\/france\/visiter-l-allier\" type=\"link\" id=\"https:\/\/toploc.com\/blog\/france\/visiter-l-allier\">Les 15 choses \u00e0 voir et \u00e0 faire pour visiter l&#8217;Allier<\/a><\/p>\n\n\n\n<h3 class=\"wp-block-heading\" id=\"infos-cl\u00e9s---graines-de-mai-\"><span id=\"infos-cles-graines-de-mai\">Infos cl\u00e9s &#8211; Graines de Mai :<\/span><\/h3>\n\n\n\n<p>Voici toutes les informations utiles pour assister au Graines de Mai qui fait partie des meilleurs festivals de l&#8217;Allier :<\/p>\n\n\n\n<ul class=\"wp-block-list\">\n<li><strong>Genre<\/strong>&nbsp;: Jeune public<\/li>\n\n\n\n<li><strong>Adresse<\/strong>&nbsp;: 03400 Yzeure<\/li>\n\n\n\n<li><strong>O\u00f9 se garer ?<\/strong>&nbsp;: Parking 32 rue Denis Papin 03400 Yzeure<\/li>\n\n\n\n<li><strong>Infos Utiles<\/strong>&nbsp;:&nbsp;Graines de mai<\/li>\n\n\n\n<li><strong>Date<\/strong>&nbsp;: Fin mai<\/li>\n\n\n\n<li><strong>Tarif<\/strong>&nbsp;: 9\u20ac<\/li>\n<\/ul>\n\n\n\n<h2 class=\"wp-block-heading\" id=\"hadra-trance-festival\">Hadra Trance Festival<\/h2>\n\n\n\n<figure class=\"wp-block-image size-full\"><img loading=\"lazy\" decoding=\"async\" width=\"1040\" height=\"540\" src=\"https:\/\/blog.toploc.com\/wp-content\/uploads\/2024\/03\/937c7239cc2055d9ab252c99ca99528e44f4c3e6-1040x540-outbound.jpg\" alt=\"Hadra Trance Festival qui est l'un des meilleurs festival de l'Allier \u00a9 Tous les Festivals\" class=\"wp-image-146130\"\/><figcaption class=\"wp-element-caption\">Hadra Trance Festival qui est l&#8217;un des meilleurs festival de l&#8217;Allier \u00a9 Tous les Festivals<\/figcaption><\/figure>\n\n\n\n<h3 class=\"wp-block-heading\" id=\"pourquoi-le-hadra-trance-festival-fait-partie-des-meilleurs-festivals-de-lallier-\"><span id=\"pourquoi-le-hadra-trance-festival-fait-partie-des-meilleurs-festivals-de-lallier\">Pourquoi le Hadra Trance Festival fait partie des meilleurs festivals de l&#8217;Allier ?<\/span><\/h3>\n\n\n\n<p>Le Hadra Trance Festival est une aventure, une d\u00e9connexion de quatre jours que vous \u00eates invit\u00e9s \u00e0 vivre dans sa globalit\u00e9 pour une immersion compl\u00e8te ! Prenez le temps de vous promener, de visiter la galerie d&#8217;art, d&#8217;assister \u00e0 un workshop et \u00e0 une conf\u00e9rence, de rencontrer et \u00e9changer avec des gens&#8230;. Le rendez-vous est pour fin ao\u00fbt \u00e0 Vieure, \u00e0 l&#8217;ouest du d\u00e9partement et de Moulins, au nord-ouest de Clermont-Ferrand.<\/p>\n\n\n\n<h3 class=\"wp-block-heading\" id=\"infos-cl\u00e9s---hadra-trance-festival-\"><span id=\"infos-cles-hadra-trance-festival\">Infos cl\u00e9s &#8211; Hadra Trance Festival :<\/span><\/h3>\n\n\n\n<p>Voici toutes les informations utiles pour assister au Hadra Trance Festival qui fait partie des meilleurs festivals de l&#8217;Allier :<\/p>\n\n\n\n<ul class=\"wp-block-list\">\n<li><strong>Genre<\/strong>&nbsp;: Musique<\/li>\n\n\n\n<li><strong>Adresse<\/strong>&nbsp;: 03430 Vieure<\/li>\n\n\n\n<li><strong>O\u00f9 se garer<\/strong>&nbsp;? : Des parkings seront am\u00e9nag\u00e9s<\/li>\n\n\n\n<li><strong>Infos Utiles<\/strong>&nbsp;:&nbsp;Hadra Trance Festival<\/li>\n\n\n\n<li><strong>Date<\/strong>&nbsp;: Fin ao\u00fbt<\/li>\n\n\n\n<li><strong>Tarif<\/strong>&nbsp;: 160\u20ac<\/li>\n<\/ul>\n\n\n\n<h2 class=\"wp-block-heading\" id=\"footsbarn-en-f\u00eate\"><span id=\"footsbarn-en-fete\">Footsbarn en F\u00eate<\/span><\/h2>\n\n\n\n<figure class=\"wp-block-image size-full\"><img loading=\"lazy\" decoding=\"async\" width=\"710\" height=\"445\" src=\"https:\/\/blog.toploc.com\/wp-content\/uploads\/2024\/03\/Peuple-de-lEnfance-1.jpg\" alt=\"Footsbarn en F\u00eate qui est l'un des meilleurs festival de l'Allier \u00a9 Footsbarn Travelling Theatre\" class=\"wp-image-146131\"\/><figcaption class=\"wp-element-caption\">Footsbarn en F\u00eate qui est l&#8217;un des meilleurs festival de l&#8217;Allier \u00a9 Footsbarn Travelling Theatre<\/figcaption><\/figure>\n\n\n\n<h3 class=\"wp-block-heading\" id=\"pourquoi-le-footsbarn-en-f\u00eate-fait-partie-des-meilleurs-festivals-de-lallier-\"><span id=\"pourquoi-le-footsbarn-en-fete-fait-partie-des-meilleurs-festivals-de-lallier\">Pourquoi le Footsbarn en F\u00eate fait partie des meilleurs festivals de l&#8217;Allier ?<\/span><\/h3>\n\n\n\n<p>Footsbarn en F\u00eate vous convie pour un moment convivial \u00e0 partager avec des artistes locaux et internationaux \u00e0 La Chauss\u00e9e, \u00e0 l&#8217;ouest du d\u00e9partement, proche du Cher. Ce festival de l&#8217;Allier propose des repr\u00e9sentations de th\u00e9\u00e2tre de compagnies \u00e9mergentes et d&#8217;autres d\u00e9j\u00e0 \u00e9tablies, de la musique, des animations pour les enfants un bar et un service de restauration&#8230; Vous avez la possibilit\u00e9 de dormir au camping sauvage<\/p>\n\n\n\n<h3 class=\"wp-block-heading\" id=\"infos-cl\u00e9s---footsbarn-en-f\u00eate-\"><span id=\"infos-cles-footsbarn-en-fete\">Infos cl\u00e9s &#8211; Footsbarn en F\u00eate :<\/span><\/h3>\n\n\n\n<p>Voici toutes les informations utiles pour assister au Footsbarn en F\u00eate qui fait partie des meilleurs festivals de l&#8217;Allier :<\/p>\n\n\n\n<ul class=\"wp-block-list\">\n<li><strong>Genre<\/strong>&nbsp;: Th\u00e9\u00e2tre et musique<\/li>\n\n\n\n<li><strong>Adresse<\/strong>&nbsp;: La Chauss\u00e9e 03190 Maillet<\/li>\n\n\n\n<li><strong>O\u00f9 se garer ?<\/strong>&nbsp;: Parking sur place<\/li>\n\n\n\n<li><strong>Infos Utiles<\/strong>&nbsp;: Footsbarn en F\u00eate<\/li>\n\n\n\n<li><strong>Date<\/strong>&nbsp;: Juillet<\/li>\n\n\n\n<li><strong>Tarif<\/strong>&nbsp;: 7 \u00e0 38\u20ac<\/li>\n<\/ul>\n\n\n\n<h2 class=\"wp-block-heading\" id=\"festival-des-monts-de-la-madeleine\">Festival des Monts de la Madeleine<\/h2>\n\n\n\n<figure class=\"wp-block-image size-full\"><img loading=\"lazy\" decoding=\"async\" width=\"1200\" height=\"900\" src=\"https:\/\/blog.toploc.com\/wp-content\/uploads\/2024\/03\/Festival-Monts-de-la-Madeleine-3-\u00a9-idem-1200x900-1.jpg\" alt=\"Festival des Monts de la Madeleine qui est l'un des meilleurs festival de l'Allier \u00a9 Roannais Tourisme\" class=\"wp-image-146132\"\/><figcaption class=\"wp-element-caption\">Festival des Monts de la Madeleine qui est l&#8217;un des meilleurs festival de l&#8217;Allier \u00a9 Roannais Tourisme<\/figcaption><\/figure>\n\n\n\n<h3 class=\"wp-block-heading\" id=\"pourquoi-le-festival-des-monts-de-la-madeleine-fait-partie-des-meilleurs-festivals-de-lallier-\"><span id=\"pourquoi-le-festival-des-monts-de-la-madeleine-fait-partie-des-meilleurs-festivals-de-lallier\">Pourquoi le Festival des Monts de la Madeleine fait partie des meilleurs festivals de l&#8217;Allier ?<\/span><\/h3>\n\n\n\n<p>Durant 3 semaines, assistez \u00e0 de nombreux concerts dans des \u00e9glises, des chapelles, chez des habitants&#8230;dans la commune d&#8217;Arfeuilles, \u00e0 l&#8217;Est de Vichy, au nord-ouest de Lyon, \u00e0 la fronti\u00e8re de la Loire. Ce festival de l&#8217;Allier vous fait d\u00e9couvrir des artistes \u00e9mergents accompagn\u00e9s de musiciens aguerris dans un lieu \u00e0 l&#8217;acoustique particuli\u00e8re. Des chefs-d&#8217;\u0153uvre de tout style seront pr\u00e9sent\u00e9s, pour pouvoir satisfaire tous les gouts !<\/p>\n\n\n\n<h3 class=\"wp-block-heading\" id=\"infos-cl\u00e9s---festival-des-monts-de-la-madeleine-\"><span id=\"infos-cles-festival-des-monts-de-la-madeleine\">Infos cl\u00e9s &#8211; Festival des Monts de la Madeleine :<\/span><\/h3>\n\n\n\n<p>Voici toutes les informations utiles pour assister au Festival des Monts de la Madeleine qui fait partie des meilleurs festivals de l&#8217;Allier :<\/p>\n\n\n\n<ul class=\"wp-block-list\">\n<li><strong>Genre<\/strong>&nbsp;: Musique<\/li>\n\n\n\n<li><strong>Adresse<\/strong>&nbsp;: 03640 Arfeuilles<\/li>\n\n\n\n<li><strong>O\u00f9 se garer<\/strong>&nbsp;? : parkings \u00e0 proximit\u00e9<\/li>\n\n\n\n<li><strong>Infos Utiles<\/strong>&nbsp;:&nbsp;Festival des Monts de la Madeleine<\/li>\n\n\n\n<li><strong>Date<\/strong>&nbsp;: Mi juillet \u00e0 mi-ao\u00fbt<\/li>\n\n\n\n<li><strong>Tarif<\/strong>&nbsp;: 10-15\u20ac \/ concert<\/li>\n<\/ul>\n\n\n\n<h2 class=\"wp-block-heading\" id=\"un-\u00e9t\u00e9-dans-mon-village\"><span id=\"un-ete-dans-mon-village\">Un \u00e9t\u00e9 dans mon Village<\/span><\/h2>\n\n\n\n<figure class=\"wp-block-image size-full\"><img loading=\"lazy\" decoding=\"async\" width=\"936\" height=\"546\" src=\"https:\/\/blog.toploc.com\/wp-content\/uploads\/2024\/03\/Capture-decran-2024-03-21-151013.png\" alt=\"Un \u00e9t\u00e9 dans mon village \u00a9  La Montagne\" class=\"wp-image-146135\"\/><figcaption class=\"wp-element-caption\">Un \u00e9t\u00e9 dans mon village \u00a9  La Montagne<\/figcaption><\/figure>\n\n\n\n<h3 class=\"wp-block-heading\" id=\"pourquoi-le-un-\u00e9t\u00e9-dans-mon-village-fait-partie-des-meilleurs-festivals-de-lallier-\"><span id=\"pourquoi-le-un-ete-dans-mon-village-fait-partie-des-meilleurs-festivals-de-lallier\">Pourquoi le Un \u00e9t\u00e9 dans mon Village fait partie des meilleurs festivals de l&#8217;Allier ?<\/span><\/h3>\n\n\n\n<p>Un \u00e9t\u00e9 dans mon Village est un festival qui a pour vocation d&#8217;\u00eatre \u00e9clectique et itin\u00e9rant. En effet, la caravane traverse plusieurs villages ! Au programme de ce festival de l&#8217;Allier : des concerts, de quoi se restaurer, de la danse, du grand spectacle, des ap\u00e9ros concerts, cin\u00e9 th\u00e9\u00e2tre&#8230;Rendez-vous en ao\u00fbt \u00e0 Montlu\u00e7on, \u00e0 l&#8217;ouest du d\u00e9partement, au nord-ouest de Clermont-Ferrand.<\/p>\n\n\n\n<h3 class=\"wp-block-heading\" id=\"infos-cl\u00e9s---un-\u00e9t\u00e9-dans-mon-village-\"><span id=\"infos-cles-un-ete-dans-mon-village\">Infos cl\u00e9s &#8211; Un \u00e9t\u00e9 dans mon Village :<\/span><\/h3>\n\n\n\n<p>Voici toutes les informations utiles pour assister \u00e0 Un \u00e9t\u00e9 dans mon Village qui fait partie des meilleurs festivals de l&#8217;Allier :<\/p>\n\n\n\n<ul class=\"wp-block-list\">\n<li><strong>Genre<\/strong>&nbsp;: Arts de la rue<\/li>\n\n\n\n<li><strong>Adresse<\/strong>&nbsp;: Montlu\u00e7on 03100<\/li>\n\n\n\n<li><strong>O\u00f9 se garer ?<\/strong>&nbsp;: De nombreux parkings se situent dans le centre-ville<\/li>\n\n\n\n<li><strong>Infos Utiles<\/strong>&nbsp;:&nbsp;Un \u00e9t\u00e9 dans mon village<\/li>\n\n\n\n<li><strong>Date<\/strong>&nbsp;: Fin ao\u00fbt<\/li>\n\n\n\n<li><strong>Tarif<\/strong>&nbsp;: 45\u20ac<\/li>\n<\/ul>\n\n\n\n<h2 class=\"wp-block-heading\" id=\"festival-oh-les-filles\">Festival Oh les Filles<\/h2>\n\n\n\n<figure class=\"wp-block-image size-full\"><img loading=\"lazy\" decoding=\"async\" width=\"651\" height=\"432\" src=\"https:\/\/blog.toploc.com\/wp-content\/uploads\/2024\/03\/Capture-decran-2024-03-21-151342.png\" alt=\"Festival Oh les filles \u00a9 La Montagne\" class=\"wp-image-146138\"\/><figcaption class=\"wp-element-caption\">Festival Oh les filles \u00a9 La Montagne<\/figcaption><\/figure>\n\n\n\n<h3 class=\"wp-block-heading\" id=\"pourquoi-le-festival-oh-les-filles-fait-partie-des-meilleurs-festivals-de-lallier-\"><span id=\"pourquoi-le-festival-oh-les-filles-fait-partie-des-meilleurs-festivals-de-lallier\">Pourquoi le Festival Oh les Filles fait partie des meilleurs festivals de l&#8217;Allier ?<\/span><\/h3>\n\n\n\n<p>Pendant un mois, les femmes sont \u00e0 l&#8217;honneur \u00e0 Yzeure, \u00e0 l&#8217;ouest de Moulins, au nord du d\u00e9partement et de Clermont-Ferrand. A travers des expositions, one woman show et autres rendez-vous artistiques et culturels, ce festival de l&#8217;Allier met la femme en valeur.<\/p>\n\n\n\n<h3 class=\"wp-block-heading\" id=\"infos-cl\u00e9s---festival-oh-les-filles-\"><span id=\"infos-cles-festival-oh-les-filles\">Infos cl\u00e9s &#8211; Festival Oh les Filles :<\/span><\/h3>\n\n\n\n<p>Voici toutes les informations utiles pour assister au Festival Oh les Filles qui fait partie des meilleurs festivals de l&#8217;Allier :<\/p>\n\n\n\n<ul class=\"wp-block-list\">\n<li><strong>Genre<\/strong>&nbsp;: Culturel<\/li>\n\n\n\n<li><strong>Adresse<\/strong>&nbsp;: 03400 Yzeure<\/li>\n\n\n\n<li><strong>O\u00f9 se garer ?<\/strong>&nbsp;: parking 32 rue Denis Papin<\/li>\n\n\n\n<li><strong>Infos Utiles<\/strong>&nbsp;:&nbsp;Festival Oh les Filles<\/li>\n\n\n\n<li><strong>Date<\/strong>&nbsp;: mars<\/li>\n\n\n\n<li><strong>Tarif<\/strong>&nbsp;: Selon l&#8217;\u00e9v\u00e9nement<\/li>\n<\/ul>\n\n\n\n<h2 class=\"wp-block-heading\" id=\"festival-des-cultures-du-monde\">Festival des Cultures du Monde<\/h2>\n\n\n\n<figure class=\"wp-block-image size-full\"><img loading=\"lazy\" decoding=\"async\" width=\"1600\" height=\"1066\" src=\"https:\/\/blog.toploc.com\/wp-content\/uploads\/2024\/03\/les-danseurs-colombiens-avec-leurs-costumes-aux-couleurs-chatoyantes-ont-illumine-les-rues-voironnaises-1656774799.jpg\" alt=\"Festival des cultures du Monde \u00a9 Le Dauphin\u00e9 Lib\u00e9r\u00e9\" class=\"wp-image-146142\"\/><figcaption class=\"wp-element-caption\">Festival des cultures du Monde \u00a9 Le Dauphin\u00e9 Lib\u00e9r\u00e9<\/figcaption><\/figure>\n\n\n\n<h3 class=\"wp-block-heading\" id=\"pourquoi-le-festival-des-cultures-du-monde-fait-partie-des-meilleures-festivals-de-lallier-\"><span id=\"pourquoi-le-festival-des-cultures-du-monde-fait-partie-des-meilleures-festivals-de-lallier\">Pourquoi le Festival des Cultures du Monde fait partie des meilleures festivals de l&#8217;Allier ?<\/span><\/h3>\n\n\n\n<p>Le Festival des Cultures du Monde c\u00e9l\u00e8bre les richesses culturelles venues des quatre coins du globe ! Ce festival de l&#8217;Allier vous propose une rencontre ethnique de cinq jours \u00e0 Gannat, \u00e0 la fronti\u00e8re du Puy-de-D\u00f4me, au nord de Clermont-Ferrand. Au programme : des cabarets, des ateliers de danse et de broderie, des concerts, avec \u00e0 chaque fois tous les styles et des artistes de toutes les nationalit\u00e9s, des animations pour les plus jeunes, des spectacles et bien d&#8217;autres !<\/p>\n\n\n\n<h3 class=\"wp-block-heading\" id=\"infos-cl\u00e9s---festival-des-cultures-du-monde-\"><span id=\"infos-cles-festival-des-cultures-du-monde\">Infos cl\u00e9s &#8211; Festival des Cultures du Monde :<\/span><\/h3>\n\n\n\n<p>Voici toutes les informations utiles pour assister au Festival des Cultures du Monde qui fait partie des meilleurs festivals de l&#8217;Allier :<\/p>\n\n\n\n<ul class=\"wp-block-list\">\n<li><strong>Genre<\/strong>&nbsp;: Culturel<\/li>\n\n\n\n<li><strong>Adresse<\/strong>&nbsp;: Gannat<\/li>\n\n\n\n<li><strong>O\u00f9 se garer ?<\/strong>&nbsp;: Les parkings seront indiqu\u00e9s<\/li>\n\n\n\n<li><strong>Infos Utiles<\/strong>&nbsp;:&nbsp;Festival des Cultures du Monde<\/li>\n\n\n\n<li><strong>Date<\/strong>&nbsp;: Mi juillet<\/li>\n\n\n\n<li><strong>Tarif<\/strong>&nbsp;: selon les spectacles<\/li>\n<\/ul>\n\n\n\n<h2 class=\"wp-block-heading\" id=\"jazz-dans-le-bocage\">Jazz dans le Bocage<\/h2>\n\n\n\n<figure class=\"wp-block-image size-full\"><img loading=\"lazy\" decoding=\"async\" width=\"1383\" height=\"949\" src=\"https:\/\/blog.toploc.com\/wp-content\/uploads\/2024\/03\/la-saison-est-repartie-en-douceur-et-en-beaute-avec-le-khalil-chahine-quartet-et-l-incontournable-eric-seva-a-la-guitare-1505843497.jpg\" alt=\"Festival Jazz dans le Bocage \u00a9 Vosges Matin\" class=\"wp-image-146145\"\/><figcaption class=\"wp-element-caption\">Festival Jazz dans le Bocage \u00a9 Vosges Matin<\/figcaption><\/figure>\n\n\n\n<h3 class=\"wp-block-heading\" id=\"pourquoi-le-jazz-dans-le-bocage-fait-partie-des-meilleures-festivals-de-lallier-\"><span id=\"pourquoi-le-jazz-dans-le-bocage-fait-partie-des-meilleures-festivals-de-lallier\">Pourquoi le Jazz dans le Bocage fait partie des meilleures festivals de l&#8217;Allier ?<\/span><\/h3>\n\n\n\n<p>Jazz dans le Bocage c&#8217;est de nombreux concerts r\u00e9partis dans plusieurs salles de plusieurs villes pendant 8 jours, dont des concerts gratuits ! Pour chaque concerts vous retrouvez des offres de buvette et restauration sur place. Cette association de l&#8217;Allier propose de partager ses d\u00e9couvertes et coups de c\u0153ur. Les personnes \u00e0 mobilit\u00e9 r\u00e9duite ont acc\u00e8s \u00e0 tous les concerts. Ca se d\u00e9roule au plein centre du pays, entre Vichy, Tronget et Bourbon l&#8217;Archambault, au nord de Clermont-Ferrand.<\/p>\n\n\n\n<h3 class=\"wp-block-heading\" id=\"infos-cl\u00e9s---jazz-dans-le-bocage-\"><span id=\"infos-cles-jazz-dans-le-bocage\">Infos cl\u00e9s &#8211; Jazz dans le Bocage :<\/span><\/h3>\n\n\n\n<p>Voici toutes les informations utiles pour assister au Jazz dans le Bocage qui fait partie des meilleurs festivals de l&#8217;Allier :<\/p>\n\n\n\n<ul class=\"wp-block-list\">\n<li><strong>Genre<\/strong>&nbsp;: Musique<\/li>\n\n\n\n<li><strong>Adresse<\/strong>&nbsp;: Bocage Bourbonnais (Vichy, Tronget et Bourbon-L&#8217;Archambault)<\/li>\n\n\n\n<li><strong>O\u00f9 se garer ?<\/strong>&nbsp;: Parkings indiqu\u00e9s \u00e0 proximit\u00e9 des salles<\/li>\n\n\n\n<li><strong>Infos Utiles<\/strong>&nbsp;:&nbsp;Jazz dans le Bocage<\/li>\n\n\n\n<li><strong>Date<\/strong>&nbsp;: D\u00e9but mai<\/li>\n\n\n\n<li><strong>Tarif<\/strong>&nbsp;: 0 \u00e0 29\u20ac<\/li>\n<\/ul>\n\n\n\n<h2 id=\"ou-se-loger-et-assister-aux-festivals-de-lallier\" class=\"wp-block-heading\">O\u00f9 se loger et assister aux festivals de l&#8217;Allier ? <\/h2>\n\n\n\n<p>Si vous souhaitez assister aux festivals de l&#8217;Allier vous chercherez certainement des <a href=\"https:\/\/www.toploc.com\/locations-vacances\/allier\" type=\"link\" id=\"https:\/\/www.toploc.com\/locations-vacances\/allier\">locations de vacances dans l&#8217;Allier<\/a> et des <a href=\"https:\/\/www.toploc.com\/locations-vacances\/auvergne-rhone-alpes\" type=\"link\" id=\"https:\/\/www.toploc.com\/locations-vacances\/auvergne-rhone-alpes\">locations de vacances en Auvergne-Rh\u00f4ne-Alpes<\/a>. Voici une suggestion de locations de vacances \u00e0 louer en direct aupr\u00e8s des h\u00f4tes Toploc en cliquant sur les curseurs verts de la carte.<\/p>\n\n\n\n<iframe loading=\"lazy\" width=\"100%\" height=\"450px\" frameborder=\"0\" src=\"https:\/\/toploc.com\/embed\/maps?location=Zone+carte&#038;dates=&#038;start_date=&#038;end_date=&#038;bbox_area=2.5469826784161%2C46.04884515765812%2C3.8841232653095403%2C46.69311856023583&#038;page=1&#038;order=&#038;curated_list_id=\"><\/iframe>\n\n\n\n<p>Alexandra pour Toploc<\/p>\n","protected":false},"excerpt":{"rendered":"Voici notre s\u00e9lection des meilleurs festivals de l&#8217;Allier. Si vous r\u00e9servez vos locations de vacances dans l&#8217;Allier, vous&hellip;\n","protected":false},"author":12,"featured_media":146130,"comment_status":"open","ping_status":"open","sticky":false,"template":"","format":"standard","meta":{"footnotes":""},"categories":[7526,114],"tags":[7548],"class_list":{"0":"post-146126","1":"post","2":"type-post","3":"status-publish","4":"format-standard","5":"has-post-thumbnail","7":"category-festivals","8":"category-france","9":"tag-festivals-de-lallier"},"yoast_head":"<!-- This site is optimized with the Yoast SEO plugin v26.9 - https:\/\/yoast.com\/product\/yoast-seo-wordpress\/ -->\n<title>Les 8 meilleurs festivals de l&#039;Allier \u00e0 faire en famille<\/title>\n<meta name=\"description\" content=\"festivals de l&#039;Allier : Graines de Mai . Hadra Trance Festival . Footsbarn en F\u00eate . Festival des Monts de la Madeleine .\" \/>\n<meta name=\"robots\" content=\"index, follow, max-snippet:-1, max-image-preview:large, max-video-preview:-1\" \/>\n<link rel=\"canonical\" href=\"https:\/\/toploc.com\/blog\/festivals\/festivals-de-lallier\" \/>\n<meta property=\"og:locale\" content=\"fr_FR\" \/>\n<meta property=\"og:type\" content=\"article\" \/>\n<meta property=\"og:title\" content=\"Les 8 meilleurs festivals de l&#039;Allier \u00e0 faire en famille\" \/>\n<meta property=\"og:description\" content=\"festivals de l&#039;Allier : Graines de Mai . Hadra Trance Festival . Footsbarn en F\u00eate . Festival des Monts de la Madeleine .\" \/>\n<meta property=\"og:url\" content=\"https:\/\/toploc.com\/blog\/festivals\/festivals-de-lallier\" \/>\n<meta property=\"og:site_name\" content=\"Toploc\" \/>\n<meta property=\"article:publisher\" content=\"https:\/\/www.facebook.com\/locationfrancophone\" \/>\n<meta property=\"article:published_time\" content=\"2024-03-22T07:48:38+00:00\" \/>\n<meta property=\"article:modified_time\" content=\"2026-04-27T08:12:13+00:00\" \/>\n<meta property=\"og:image\" content=\"https:\/\/toploc.com\/blog\/wp-content\/uploads\/2024\/03\/937c7239cc2055d9ab252c99ca99528e44f4c3e6-1040x540-outbound.jpg\" \/>\n\t<meta property=\"og:image:width\" content=\"1040\" \/>\n\t<meta property=\"og:image:height\" content=\"540\" \/>\n\t<meta property=\"og:image:type\" content=\"image\/jpeg\" \/>\n<meta name=\"author\" content=\"Alexandra\" \/>\n<meta name=\"twitter:card\" content=\"summary_large_image\" \/>\n<meta name=\"twitter:label1\" content=\"\u00c9crit par\" \/>\n\t<meta name=\"twitter:data1\" content=\"Alexandra\" \/>\n\t<meta name=\"twitter:label2\" content=\"Dur\u00e9e de lecture estim\u00e9e\" \/>\n\t<meta name=\"twitter:data2\" content=\"10 minutes\" \/>\n<script type=\"application\/ld+json\" class=\"yoast-schema-graph\">{\"@context\":\"https:\/\/schema.org\",\"@graph\":[{\"@type\":\"Article\",\"@id\":\"https:\/\/toploc.com\/blog\/festivals\/festivals-de-lallier#article\",\"isPartOf\":{\"@id\":\"https:\/\/toploc.com\/blog\/festivals\/festivals-de-lallier\"},\"author\":{\"name\":\"Alexandra\",\"@id\":\"https:\/\/toploc.com\/blog\/#\/schema\/person\/e493e6ec213b1c6de6b8e3ab3794d7b0\"},\"headline\":\"Les 8 meilleurs festivals de l&#8217;Allier \u00e0 faire en famille\",\"datePublished\":\"2024-03-22T07:48:38+00:00\",\"dateModified\":\"2026-04-27T08:12:13+00:00\",\"mainEntityOfPage\":{\"@id\":\"https:\/\/toploc.com\/blog\/festivals\/festivals-de-lallier\"},\"wordCount\":1582,\"commentCount\":0,\"publisher\":{\"@id\":\"https:\/\/toploc.com\/blog\/#organization\"},\"image\":{\"@id\":\"https:\/\/toploc.com\/blog\/festivals\/festivals-de-lallier#primaryimage\"},\"thumbnailUrl\":\"https:\/\/toploc.com\/blog\/wp-content\/uploads\/2024\/03\/937c7239cc2055d9ab252c99ca99528e44f4c3e6-1040x540-outbound.jpg\",\"keywords\":[\"Festivals de l'Allier\"],\"articleSection\":[\"Festivals\",\"Itin\u00e9raires France\"],\"inLanguage\":\"fr-FR\",\"potentialAction\":[{\"@type\":\"CommentAction\",\"name\":\"Comment\",\"target\":[\"https:\/\/toploc.com\/blog\/festivals\/festivals-de-lallier#respond\"]}]},{\"@type\":\"WebPage\",\"@id\":\"https:\/\/toploc.com\/blog\/festivals\/festivals-de-lallier\",\"url\":\"https:\/\/toploc.com\/blog\/festivals\/festivals-de-lallier\",\"name\":\"Les 8 meilleurs festivals de l'Allier \u00e0 faire en famille\",\"isPartOf\":{\"@id\":\"https:\/\/toploc.com\/blog\/#website\"},\"primaryImageOfPage\":{\"@id\":\"https:\/\/toploc.com\/blog\/festivals\/festivals-de-lallier#primaryimage\"},\"image\":{\"@id\":\"https:\/\/toploc.com\/blog\/festivals\/festivals-de-lallier#primaryimage\"},\"thumbnailUrl\":\"https:\/\/toploc.com\/blog\/wp-content\/uploads\/2024\/03\/937c7239cc2055d9ab252c99ca99528e44f4c3e6-1040x540-outbound.jpg\",\"datePublished\":\"2024-03-22T07:48:38+00:00\",\"dateModified\":\"2026-04-27T08:12:13+00:00\",\"description\":\"festivals de l'Allier : Graines de Mai . Hadra Trance Festival . Footsbarn en F\u00eate . Festival des Monts de la Madeleine .\",\"breadcrumb\":{\"@id\":\"https:\/\/toploc.com\/blog\/festivals\/festivals-de-lallier#breadcrumb\"},\"inLanguage\":\"fr-FR\",\"potentialAction\":[{\"@type\":\"ReadAction\",\"target\":[\"https:\/\/toploc.com\/blog\/festivals\/festivals-de-lallier\"]}]},{\"@type\":\"ImageObject\",\"inLanguage\":\"fr-FR\",\"@id\":\"https:\/\/toploc.com\/blog\/festivals\/festivals-de-lallier#primaryimage\",\"url\":\"https:\/\/toploc.com\/blog\/wp-content\/uploads\/2024\/03\/937c7239cc2055d9ab252c99ca99528e44f4c3e6-1040x540-outbound.jpg\",\"contentUrl\":\"https:\/\/toploc.com\/blog\/wp-content\/uploads\/2024\/03\/937c7239cc2055d9ab252c99ca99528e44f4c3e6-1040x540-outbound.jpg\",\"width\":1040,\"height\":540,\"caption\":\"Hadra Trance Festival qui est l'un des meilleurs festival de l'Allier \u00a9 Tous les Festivals\"},{\"@type\":\"BreadcrumbList\",\"@id\":\"https:\/\/toploc.com\/blog\/festivals\/festivals-de-lallier#breadcrumb\",\"itemListElement\":[{\"@type\":\"ListItem\",\"position\":1,\"name\":\"Accueil\",\"item\":\"https:\/\/toploc.com\/blog\"},{\"@type\":\"ListItem\",\"position\":2,\"name\":\"Les 8 meilleurs festivals de l&#8217;Allier \u00e0 faire en famille\"}]},{\"@type\":\"WebSite\",\"@id\":\"https:\/\/toploc.com\/blog\/#website\",\"url\":\"https:\/\/toploc.com\/blog\/\",\"name\":\"Toploc\",\"description\":\"Itin\u00e9raires natures et locations de vacances en groupe\",\"publisher\":{\"@id\":\"https:\/\/toploc.com\/blog\/#organization\"},\"potentialAction\":[{\"@type\":\"SearchAction\",\"target\":{\"@type\":\"EntryPoint\",\"urlTemplate\":\"https:\/\/toploc.com\/blog\/?s={search_term_string}\"},\"query-input\":{\"@type\":\"PropertyValueSpecification\",\"valueRequired\":true,\"valueName\":\"search_term_string\"}}],\"inLanguage\":\"fr-FR\"},{\"@type\":\"Organization\",\"@id\":\"https:\/\/toploc.com\/blog\/#organization\",\"name\":\"Toploc\",\"url\":\"https:\/\/toploc.com\/blog\/\",\"logo\":{\"@type\":\"ImageObject\",\"inLanguage\":\"fr-FR\",\"@id\":\"https:\/\/toploc.com\/blog\/#\/schema\/logo\/image\/\",\"url\":\"https:\/\/blog.toploc.com\/wp-content\/uploads\/2022\/03\/toploc_facebook_5.png\",\"contentUrl\":\"https:\/\/blog.toploc.com\/wp-content\/uploads\/2022\/03\/toploc_facebook_5.png\",\"width\":600,\"height\":600,\"caption\":\"Toploc\"},\"image\":{\"@id\":\"https:\/\/toploc.com\/blog\/#\/schema\/logo\/image\/\"},\"sameAs\":[\"https:\/\/www.facebook.com\/locationfrancophone\",\"https:\/\/www.instagram.com\/toploc_\",\"https:\/\/www.pinterest.fr\/Toploc_\/\"]},{\"@type\":\"Person\",\"@id\":\"https:\/\/toploc.com\/blog\/#\/schema\/person\/e493e6ec213b1c6de6b8e3ab3794d7b0\",\"name\":\"Alexandra\",\"image\":{\"@type\":\"ImageObject\",\"inLanguage\":\"fr-FR\",\"@id\":\"https:\/\/toploc.com\/blog\/#\/schema\/person\/image\/\",\"url\":\"https:\/\/secure.gravatar.com\/avatar\/a42119a3a40440a91ac2a1d3c6d8eb86030f32d77fc402a054e43badfb40c5f2?s=96&d=mm&r=g\",\"contentUrl\":\"https:\/\/secure.gravatar.com\/avatar\/a42119a3a40440a91ac2a1d3c6d8eb86030f32d77fc402a054e43badfb40c5f2?s=96&d=mm&r=g\",\"caption\":\"Alexandra\"},\"description\":\"Passionn\u00e9e de grands espaces j'ai \u00e0 coeur de partager mes recherches et d\u00e9couvertes \u00e0 la mer, la montagne et la campagne.\",\"url\":\"https:\/\/toploc.com\/blog\/author\/alexandratoploc-com\"}]}<\/script>\n<!-- \/ Yoast SEO plugin. -->","yoast_head_json":{"title":"Les 8 meilleurs festivals de l'Allier \u00e0 faire en famille","description":"festivals de l'Allier : Graines de Mai . Hadra Trance Festival . Footsbarn en F\u00eate . Festival des Monts de la Madeleine .","robots":{"index":"index","follow":"follow","max-snippet":"max-snippet:-1","max-image-preview":"max-image-preview:large","max-video-preview":"max-video-preview:-1"},"canonical":"https:\/\/toploc.com\/blog\/festivals\/festivals-de-lallier","og_locale":"fr_FR","og_type":"article","og_title":"Les 8 meilleurs festivals de l'Allier \u00e0 faire en famille","og_description":"festivals de l'Allier : Graines de Mai . Hadra Trance Festival . Footsbarn en F\u00eate . Festival des Monts de la Madeleine .","og_url":"https:\/\/toploc.com\/blog\/festivals\/festivals-de-lallier","og_site_name":"Toploc","article_publisher":"https:\/\/www.facebook.com\/locationfrancophone","article_published_time":"2024-03-22T07:48:38+00:00","article_modified_time":"2026-04-27T08:12:13+00:00","og_image":[{"width":1040,"height":540,"url":"https:\/\/toploc.com\/blog\/wp-content\/uploads\/2024\/03\/937c7239cc2055d9ab252c99ca99528e44f4c3e6-1040x540-outbound.jpg","type":"image\/jpeg"}],"author":"Alexandra","twitter_card":"summary_large_image","twitter_misc":{"\u00c9crit par":"Alexandra","Dur\u00e9e de lecture estim\u00e9e":"10 minutes"},"schema":{"@context":"https:\/\/schema.org","@graph":[{"@type":"Article","@id":"https:\/\/toploc.com\/blog\/festivals\/festivals-de-lallier#article","isPartOf":{"@id":"https:\/\/toploc.com\/blog\/festivals\/festivals-de-lallier"},"author":{"name":"Alexandra","@id":"https:\/\/toploc.com\/blog\/#\/schema\/person\/e493e6ec213b1c6de6b8e3ab3794d7b0"},"headline":"Les 8 meilleurs festivals de l&#8217;Allier \u00e0 faire en famille","datePublished":"2024-03-22T07:48:38+00:00","dateModified":"2026-04-27T08:12:13+00:00","mainEntityOfPage":{"@id":"https:\/\/toploc.com\/blog\/festivals\/festivals-de-lallier"},"wordCount":1582,"commentCount":0,"publisher":{"@id":"https:\/\/toploc.com\/blog\/#organization"},"image":{"@id":"https:\/\/toploc.com\/blog\/festivals\/festivals-de-lallier#primaryimage"},"thumbnailUrl":"https:\/\/toploc.com\/blog\/wp-content\/uploads\/2024\/03\/937c7239cc2055d9ab252c99ca99528e44f4c3e6-1040x540-outbound.jpg","keywords":["Festivals de l'Allier"],"articleSection":["Festivals","Itin\u00e9raires France"],"inLanguage":"fr-FR","potentialAction":[{"@type":"CommentAction","name":"Comment","target":["https:\/\/toploc.com\/blog\/festivals\/festivals-de-lallier#respond"]}]},{"@type":"WebPage","@id":"https:\/\/toploc.com\/blog\/festivals\/festivals-de-lallier","url":"https:\/\/toploc.com\/blog\/festivals\/festivals-de-lallier","name":"Les 8 meilleurs festivals de l'Allier \u00e0 faire en famille","isPartOf":{"@id":"https:\/\/toploc.com\/blog\/#website"},"primaryImageOfPage":{"@id":"https:\/\/toploc.com\/blog\/festivals\/festivals-de-lallier#primaryimage"},"image":{"@id":"https:\/\/toploc.com\/blog\/festivals\/festivals-de-lallier#primaryimage"},"thumbnailUrl":"https:\/\/toploc.com\/blog\/wp-content\/uploads\/2024\/03\/937c7239cc2055d9ab252c99ca99528e44f4c3e6-1040x540-outbound.jpg","datePublished":"2024-03-22T07:48:38+00:00","dateModified":"2026-04-27T08:12:13+00:00","description":"festivals de l'Allier : Graines de Mai . Hadra Trance Festival . Footsbarn en F\u00eate . Festival des Monts de la Madeleine .","breadcrumb":{"@id":"https:\/\/toploc.com\/blog\/festivals\/festivals-de-lallier#breadcrumb"},"inLanguage":"fr-FR","potentialAction":[{"@type":"ReadAction","target":["https:\/\/toploc.com\/blog\/festivals\/festivals-de-lallier"]}]},{"@type":"ImageObject","inLanguage":"fr-FR","@id":"https:\/\/toploc.com\/blog\/festivals\/festivals-de-lallier#primaryimage","url":"https:\/\/toploc.com\/blog\/wp-content\/uploads\/2024\/03\/937c7239cc2055d9ab252c99ca99528e44f4c3e6-1040x540-outbound.jpg","contentUrl":"https:\/\/toploc.com\/blog\/wp-content\/uploads\/2024\/03\/937c7239cc2055d9ab252c99ca99528e44f4c3e6-1040x540-outbound.jpg","width":1040,"height":540,"caption":"Hadra Trance Festival qui est l'un des meilleurs festival de l'Allier \u00a9 Tous les Festivals"},{"@type":"BreadcrumbList","@id":"https:\/\/toploc.com\/blog\/festivals\/festivals-de-lallier#breadcrumb","itemListElement":[{"@type":"ListItem","position":1,"name":"Accueil","item":"https:\/\/toploc.com\/blog"},{"@type":"ListItem","position":2,"name":"Les 8 meilleurs festivals de l&#8217;Allier \u00e0 faire en famille"}]},{"@type":"WebSite","@id":"https:\/\/toploc.com\/blog\/#website","url":"https:\/\/toploc.com\/blog\/","name":"Toploc","description":"Itin\u00e9raires natures et locations de vacances en groupe","publisher":{"@id":"https:\/\/toploc.com\/blog\/#organization"},"potentialAction":[{"@type":"SearchAction","target":{"@type":"EntryPoint","urlTemplate":"https:\/\/toploc.com\/blog\/?s={search_term_string}"},"query-input":{"@type":"PropertyValueSpecification","valueRequired":true,"valueName":"search_term_string"}}],"inLanguage":"fr-FR"},{"@type":"Organization","@id":"https:\/\/toploc.com\/blog\/#organization","name":"Toploc","url":"https:\/\/toploc.com\/blog\/","logo":{"@type":"ImageObject","inLanguage":"fr-FR","@id":"https:\/\/toploc.com\/blog\/#\/schema\/logo\/image\/","url":"https:\/\/blog.toploc.com\/wp-content\/uploads\/2022\/03\/toploc_facebook_5.png","contentUrl":"https:\/\/blog.toploc.com\/wp-content\/uploads\/2022\/03\/toploc_facebook_5.png","width":600,"height":600,"caption":"Toploc"},"image":{"@id":"https:\/\/toploc.com\/blog\/#\/schema\/logo\/image\/"},"sameAs":["https:\/\/www.facebook.com\/locationfrancophone","https:\/\/www.instagram.com\/toploc_","https:\/\/www.pinterest.fr\/Toploc_\/"]},{"@type":"Person","@id":"https:\/\/toploc.com\/blog\/#\/schema\/person\/e493e6ec213b1c6de6b8e3ab3794d7b0","name":"Alexandra","image":{"@type":"ImageObject","inLanguage":"fr-FR","@id":"https:\/\/toploc.com\/blog\/#\/schema\/person\/image\/","url":"https:\/\/secure.gravatar.com\/avatar\/a42119a3a40440a91ac2a1d3c6d8eb86030f32d77fc402a054e43badfb40c5f2?s=96&d=mm&r=g","contentUrl":"https:\/\/secure.gravatar.com\/avatar\/a42119a3a40440a91ac2a1d3c6d8eb86030f32d77fc402a054e43badfb40c5f2?s=96&d=mm&r=g","caption":"Alexandra"},"description":"Passionn\u00e9e de grands espaces j'ai \u00e0 coeur de partager mes recherches et d\u00e9couvertes \u00e0 la mer, la montagne et la campagne.","url":"https:\/\/toploc.com\/blog\/author\/alexandratoploc-com"}]}},"_links":{"self":[{"href":"https:\/\/toploc.com\/blog\/wp-json\/wp\/v2\/posts\/146126","targetHints":{"allow":["GET"]}}],"collection":[{"href":"https:\/\/toploc.com\/blog\/wp-json\/wp\/v2\/posts"}],"about":[{"href":"https:\/\/toploc.com\/blog\/wp-json\/wp\/v2\/types\/post"}],"author":[{"embeddable":true,"href":"https:\/\/toploc.com\/blog\/wp-json\/wp\/v2\/users\/12"}],"replies":[{"embeddable":true,"href":"https:\/\/toploc.com\/blog\/wp-json\/wp\/v2\/comments?post=146126"}],"version-history":[{"count":4,"href":"https:\/\/toploc.com\/blog\/wp-json\/wp\/v2\/posts\/146126\/revisions"}],"predecessor-version":[{"id":163589,"href":"https:\/\/toploc.com\/blog\/wp-json\/wp\/v2\/posts\/146126\/revisions\/163589"}],"wp:featuredmedia":[{"embeddable":true,"href":"https:\/\/toploc.com\/blog\/wp-json\/wp\/v2\/media\/146130"}],"wp:attachment":[{"href":"https:\/\/toploc.com\/blog\/wp-json\/wp\/v2\/media?parent=146126"}],"wp:term":[{"taxonomy":"category","embeddable":true,"href":"https:\/\/toploc.com\/blog\/wp-json\/wp\/v2\/categories?post=146126"},{"taxonomy":"post_tag","embeddable":true,"href":"https:\/\/toploc.com\/blog\/wp-json\/wp\/v2\/tags?post=146126"}],"curies":[{"name":"wp","href":"https:\/\/api.w.org\/{rel}","templated":true}]}}