{"id":143206,"date":"2024-02-15T16:42:22","date_gmt":"2024-02-15T15:42:22","guid":{"rendered":"https:\/\/blog.toploc.com\/?p=143206"},"modified":"2025-02-04T16:32:07","modified_gmt":"2025-02-04T15:32:07","slug":"chateaux-des-landes","status":"publish","type":"post","link":"https:\/\/toploc.com\/blog\/france\/chateaux-des-landes","title":{"rendered":"Les 10 plus beaux ch\u00e2teaux des Landes \u00e0 visiter"},"content":{"rendered":"\n<p>Voici notre s\u00e9lection des meilleurs ch\u00e2teaux des Landes. Si vous souhaitez visiter un ch\u00e2teau dans les Landes vous chercherez certainement un h\u00e9bergement pour \u00eatre \u00e0 proximit\u00e9. Les horaires d&#8217;ouvertures et tarifs de visite sont susceptibles d&#8217;\u00e9voluer d&#8217;une saison \u00e0 l&#8217;autre, n&#8217;h\u00e9sitez pas \u00e0 consulter le site du ch\u00e2teau que nous joignons dans les informations. Vous trouverez dans cet article tout ce que vous devez savoir pour choisir les meilleurs ch\u00e2teaux des Landes.<\/p>\n\n\n\n<div class=\"wp-block-buttons is-content-justification-center is-layout-flex wp-container-core-buttons-is-layout-16018d1d wp-block-buttons-is-layout-flex\">\n<div class=\"wp-block-button has-custom-font-size has-small-font-size\"><a class=\"wp-block-button__link has-background wp-element-button\" href=\"https:\/\/toploc.com\/locations-vacances\/landes\/?utm_source=blog&amp;utm_medium=CTA&amp;utm_campaign=chateaux-landes\" style=\"background-color:#006b52\"><strong>\ud83d\udc49NOS H\u00c9BERGEMENTS LANDES<\/strong><\/a><\/div>\n<\/div>\n\n\n\n<p>A lire : <a href=\"https:\/\/blog.toploc.com\/blog\/france\/visiter-les-landes\">Les 15 choses \u00e0 voir et \u00e0 faire pour visiter les Landes<\/a><\/p>\n\n\n\n<h2 class=\"wp-block-heading\" id=\"quels-sont-les-plus-beaux-chateaux-de-la-loire\"><span id=\"quels-sont-les-plus-beaux-chateaux-des-landes\">Quels sont les plus beaux ch\u00e2teaux des Landes ?<\/span><\/h2>\n\n\n\n<p>Voici la liste des plus beaux ch\u00e2teaux des Landes \u00e0 visiter. Nous avons synth\u00e9tis\u00e9 les informations essentielles pour que vous puissiez trouver les ch\u00e2teaux des Landes qui vous conviennent le mieux. Notez que les informations relatives aux horaires, aux visites guid\u00e9es et tarifs d\u2019entr\u00e9e peuvent changer d\u2019une ann\u00e9e \u00e0 l\u2019autre. N\u2019h\u00e9sitez pas \u00e0 consulter le site du ch\u00e2teau en question que nous joignons dans les informations.<\/p>\n\n\n\n<table id=\"tablepress-260\" class=\"tablepress tablepress-id-260\">\n<thead>\n<tr class=\"row-1 odd\">\n\t<th class=\"column-1\">Ch\u00e2teau<\/th><th class=\"column-2\">Horaires d'ouverture<\/th><th class=\"column-3\">Visite guid\u00e9e<\/th><th class=\"column-4\">Tarif \/ Adulte<\/th><th class=\"column-5\">Avis Voyageurs<\/th>\n<\/tr>\n<\/thead>\n<tbody class=\"row-hover\">\n<tr class=\"row-2 even\">\n\t<td class=\"column-1\">Ch\u00e2teau de Ravignan<\/td><td class=\"column-2\">17h<\/td><td class=\"column-3\">Oui<\/td><td class=\"column-4\">8\u20ac<\/td><td class=\"column-5\">4,6\/5 sur 90 avis Google<\/td>\n<\/tr>\n<tr class=\"row-3 odd\">\n\t<td class=\"column-1\">Ch\u00e2teau de Gaujacq<\/td><td class=\"column-2\">10h30-12h\/14h30-18h en \u00e9t\u00e9<\/td><td class=\"column-3\">Oui<\/td><td class=\"column-4\">8\u20ac<\/td><td class=\"column-5\">4,1\/5 sur 221 avis Google<\/td>\n<\/tr>\n<tr class=\"row-4 even\">\n\t<td class=\"column-1\">Ch\u00e2teau Amou<\/td><td class=\"column-2\">Sur rendez-vous<\/td><td class=\"column-3\">Oui<\/td><td class=\"column-4\">5\u20ac<\/td><td class=\"column-5\">4,5\/5 sur 31 avis Google<\/td>\n<\/tr>\n<tr class=\"row-5 odd\">\n\t<td class=\"column-1\">Ch\u00e2teau du Prada<\/td><td class=\"column-2\">10h-19h<\/td><td class=\"column-3\">Oui<\/td><td class=\"column-4\">-<\/td><td class=\"column-5\">4,3\/5 sur 96 avis Google<\/td>\n<\/tr>\n<tr class=\"row-6 even\">\n\t<td class=\"column-1\">Ch\u00e2teau de Campet<\/td><td class=\"column-2\">10h-18h<\/td><td class=\"column-3\">Oui<\/td><td class=\"column-4\">-<\/td><td class=\"column-5\">5\/5 sur 7 avis Google<\/td>\n<\/tr>\n<tr class=\"row-7 odd\">\n\t<td class=\"column-1\">Ch\u00e2teau du Lau<\/td><td class=\"column-2\">14h-20h<\/td><td class=\"column-3\">Oui<\/td><td class=\"column-4\">Gratuit<\/td><td class=\"column-5\">-<\/td>\n<\/tr>\n<tr class=\"row-8 even\">\n\t<td class=\"column-1\">Ch\u00e2teau de Fondat<\/td><td class=\"column-2\">14h-20h<\/td><td class=\"column-3\">Oui<\/td><td class=\"column-4\">5\u20ac<\/td><td class=\"column-5\">4,6\/5 sur 48 avis Google<\/td>\n<\/tr>\n<tr class=\"row-9 odd\">\n\t<td class=\"column-1\">Ch\u00e2teau de Caumale<\/td><td class=\"column-2\">10h-13h\/14h-16h<\/td><td class=\"column-3\">Oui<\/td><td class=\"column-4\">7\u20ac<\/td><td class=\"column-5\">4,7\/5 sur 55 avis Google<\/td>\n<\/tr>\n<tr class=\"row-10 even\">\n\t<td class=\"column-1\">Ch\u00e2teau Woolsack<\/td><td class=\"column-2\">-<\/td><td class=\"column-3\">Non<\/td><td class=\"column-4\">-<\/td><td class=\"column-5\">-<\/td>\n<\/tr>\n<tr class=\"row-11 odd\">\n\t<td class=\"column-1\">Ch\u00e2teau de Castillon<\/td><td class=\"column-2\">-<\/td><td class=\"column-3\">Non<\/td><td class=\"column-4\">-<\/td><td class=\"column-5\">4,3\/5 sur 6 avis Google<\/td>\n<\/tr>\n<\/tbody>\n<\/table>\n<!-- #tablepress-260 from cache -->\n\n\n\n<h2 class=\"wp-block-heading\" id=\"ou-sont-les-parcours-accrobranches-de-vendee\"><span id=\"ou-sont-les-plus-beaux-chateaux-des-landes\">O\u00f9 sont les plus beaux ch\u00e2teaux des Landes ?<\/span><\/h2>\n\n\n\n<p>Voici notre carte interactive des 10 plus beaux ch\u00e2teaux des Landes que nous d\u00e9crivons dans notre article. Cette carte peut vous \u00eatre utile pour trouver le ch\u00e2teau le plus proche de chez vous.<\/p>\n\n\n\n<iframe loading=\"lazy\" src=\"https:\/\/www.google.com\/maps\/d\/embed?mid=1XoU2b_rUNuHsB2r7v91jyy3pe6hPZvo&#038;ehbc=2E312F&#038;noprof=1\" width=\"640\" height=\"480\"><\/iframe>\n\n\n\n<h2 class=\"wp-block-heading\" id=\"ch\u00e2teau-de-ravignan\"><span id=\"chateau-de-ravignan\">Ch\u00e2teau de Ravignan<\/span><\/h2>\n\n\n\n<figure class=\"wp-block-image size-full\"><img loading=\"lazy\" decoding=\"async\" width=\"1086\" height=\"724\" src=\"https:\/\/blog.toploc.com\/wp-content\/uploads\/2024\/02\/image-321.png\" alt=\"Ch\u00e2teau de Ravignan \u00a9  Tourisme Landes\" class=\"wp-image-143289\"\/><figcaption class=\"wp-element-caption\">Ch\u00e2teau de Ravignan \u00a9  Tourisme Landes<\/figcaption><\/figure>\n\n\n\n<h3 class=\"wp-block-heading\" id=\"pourquoi-le-ch\u00e2teau-de-ravignan-fait-partie-des-plus-beaux-ch\u00e2teaux-des-landes-\"><span id=\"pourquoi-le-chateau-de-ravignan-fait-partie-des-plus-beaux-chateaux-des-landes\">Pourquoi le Ch\u00e2teau de Ravignan fait partie des plus beaux ch\u00e2teaux des Landes ?<\/span><\/h3>\n\n\n\n<p>Le ch\u00e2teau de Ravignan se situe \u00e0 l&#8217;Est du d\u00e9partement, au sud du parc des Landes de Gascogne. Ce ch\u00e2teau des Landes b\u00e2ti au XVIIe si\u00e8cle et agrandi au XIXe dans son style d&#8217;origine. Depuis 1732, le ch\u00e2teau abrite une distillerie d&#8217;Armagnac familiale. Le tout bord\u00e9 d&#8217;un parc charmant am\u00e9nag\u00e9 au XIXe si\u00e8cle par des p\u00e9pini\u00e9riste et paysagiste. L&#8217;int\u00e9rieur est un doux m\u00e9lange de XVII et XVIIIe si\u00e8cles o\u00f9 les meubles, peintures et autres objets accumul\u00e9s au fil des g\u00e9n\u00e9rations se rassemblent harmonieusement. La visite du ch\u00e2teau se fait accompagn\u00e9e uniquement, avec tout de m\u00eame un acc\u00e8s au parc.<\/p>\n\n\n\n<div class=\"wp-block-buttons is-content-justification-center is-layout-flex wp-container-core-buttons-is-layout-16018d1d wp-block-buttons-is-layout-flex\">\n<div class=\"wp-block-button has-custom-font-size has-small-font-size\"><a class=\"wp-block-button__link has-background wp-element-button\" href=\"https:\/\/toploc.com\/locations-vacances\/landes\/?utm_source=blog&amp;utm_medium=CTA&amp;utm_campaign=chateaux-landes\" style=\"background-color:#006b52\"><strong>\ud83d\udc49NOS H\u00c9BERGEMENTS LANDES<\/strong><\/a><\/div>\n<\/div>\n\n\n\n<h3 class=\"wp-block-heading\" id=\"infos-cl\u00e9s---ch\u00e2teau-de-ravignan-\"><span id=\"infos-cles-chateau-de-ravignan\">Infos cl\u00e9s &#8211; Ch\u00e2teau de Ravignan :<\/span><\/h3>\n\n\n\n<p>Voici toutes les informations utiles pour visiter le Ch\u00e2teau de Ravignan qui fait partie des plus beaux ch\u00e2teaux des Landes :<\/p>\n\n\n\n<ul class=\"wp-block-list\">\n<li><strong>Horaires d&#8217;ouverture<\/strong>&nbsp;: 17h<\/li>\n\n\n\n<li><strong>Epoque<\/strong>&nbsp;: XVIIe si\u00e8cle<\/li>\n\n\n\n<li><strong>Visite guid\u00e9e<\/strong>&nbsp;: Oui<\/li>\n\n\n\n<li><strong>Plus d&#8217;informations<\/strong>\u00a0:\u00a0Ch\u00e2teau de Ravignan<\/li>\n\n\n\n<li><strong>Adresse<\/strong>&nbsp;: 40190 Perquie<\/li>\n\n\n\n<li><strong>Tarif<\/strong>&nbsp;: 8\u20ac<\/li>\n\n\n\n<li><strong>Chiens autoris\u00e9s<\/strong>&nbsp;: &#8211;<\/li>\n\n\n\n<li><strong>Avis Google<\/strong>&nbsp;: 4,6\/5 sur 90 avis Google<\/li>\n<\/ul>\n\n\n\n<h2 class=\"wp-block-heading\" id=\"ch\u00e2teau-de-gaujacq\"><span id=\"chateau-de-gaujacq\">Ch\u00e2teau de Gaujacq<\/span><\/h2>\n\n\n\n<figure class=\"wp-block-image size-full\"><img loading=\"lazy\" decoding=\"async\" width=\"800\" height=\"530\" src=\"https:\/\/blog.toploc.com\/wp-content\/uploads\/2024\/02\/Gaujacq-TiS-Chateau-800x530-1.webp\" alt=\"Ch\u00e2teau de Gaujacq \u00a9 Tourisme Landes\" class=\"wp-image-143219\"\/><figcaption class=\"wp-element-caption\">Ch\u00e2teau de Gaujacq \u00a9 Tourisme Landes<\/figcaption><\/figure>\n\n\n\n<h3 class=\"wp-block-heading\" id=\"pourquoi-le-ch\u00e2teau-de-gaujacq-fait-partie-des-plus-beaux-ch\u00e2teaux-des-landes-\"><span id=\"pourquoi-le-chateau-de-gaujacq-fait-partie-des-plus-beaux-chateaux-des-landes\">Pourquoi le Ch\u00e2teau de Gaujacq fait partie des plus beaux ch\u00e2teaux des Landes ?<\/span><\/h3>\n\n\n\n<p>Le ch\u00e2teau de Gaujacq se situe au sud du d\u00e9partement, proche des Pyr\u00e9n\u00e9es-Atlantiques, au nord-ouest de Pau. Ce ch\u00e2teau des Landes a \u00e9t\u00e9 construit au XVIIe si\u00e8cle sur les vestiges d&#8217;un logis romain dans le style Renaissance avec une inspiration italienne. Ce ch\u00e2teau de plain-pied poss\u00e8de une cour int\u00e9rieure et un jardin des d\u00e9lices, une galerie entoure ce jardin. Les appartements du XVIIe et XVIIIe si\u00e8cles sont habit\u00e9s et orn\u00e9s de boiseries et peintures. Les visites en basse saison se font sur rendez-vous uniquement, des visites aux chandelles sont \u00e9galement propos\u00e9es.<\/p>\n\n\n\n<div class=\"wp-block-buttons is-content-justification-center is-layout-flex wp-container-core-buttons-is-layout-16018d1d wp-block-buttons-is-layout-flex\">\n<div class=\"wp-block-button has-custom-font-size has-small-font-size\"><a class=\"wp-block-button__link has-background wp-element-button\" href=\"https:\/\/toploc.com\/locations-vacances\/landes\/?utm_source=blog&amp;utm_medium=CTA&amp;utm_campaign=chateaux-landes\" style=\"background-color:#006b52\"><strong>\ud83d\udc49NOS H\u00c9BERGEMENTS LANDES<\/strong><\/a><\/div>\n<\/div>\n\n\n\n<h3 class=\"wp-block-heading\" id=\"infos-cl\u00e9s---ch\u00e2teau-de-gaujacq-\"><span id=\"infos-cles-chateau-de-gaujacq\">Infos cl\u00e9s &#8211; Ch\u00e2teau de Gaujacq :<\/span><\/h3>\n\n\n\n<p>Voici toutes les informations utiles pour visiter le Ch\u00e2teau de Gaujacq qui fait partie des plus beaux ch\u00e2teaux des Landes :<\/p>\n\n\n\n<ul class=\"wp-block-list\">\n<li><strong>Horaires d&#8217;ouverture<\/strong>&nbsp;: 10h30-12h\/14h30-18h en \u00e9t\u00e9<\/li>\n\n\n\n<li><strong>Epoque<\/strong>&nbsp;: XVIIe si\u00e8cle<\/li>\n\n\n\n<li><strong>Visite guid\u00e9e<\/strong>&nbsp;: Oui<\/li>\n\n\n\n<li><strong>Plus d&#8217;informations<\/strong>\u00a0:\u00a0Ch\u00e2teau de Gaujacq<\/li>\n\n\n\n<li><strong>Adresse<\/strong>&nbsp;: 2 route de Brassempouy 40330 Gaujacq<\/li>\n\n\n\n<li><strong>Tarif<\/strong>&nbsp;: 8\u20ac<\/li>\n\n\n\n<li><strong>Chiens autoris\u00e9s<\/strong>&nbsp;: &#8211;<\/li>\n\n\n\n<li><strong>Avis Google<\/strong>&nbsp;: 4,1\/5 sur 221 avis Google<\/li>\n<\/ul>\n\n\n\n<h2 class=\"wp-block-heading\" id=\"ch\u00e2teau-amou\"><span id=\"chateau-amou\">Ch\u00e2teau Amou<\/span><\/h2>\n\n\n\n<figure class=\"wp-block-image size-full\"><img loading=\"lazy\" decoding=\"async\" width=\"1208\" height=\"800\" src=\"https:\/\/blog.toploc.com\/wp-content\/uploads\/2024\/02\/image-323.png\" alt=\"Ch\u00e2teau Amou l'un des ch\u00e2teaux des Landes du XVII\u00e8 si\u00e8cle \u00a9 Creative Lune\" class=\"wp-image-143291\"\/><figcaption class=\"wp-element-caption\">Ch\u00e2teau Amou l&#8217;un des ch\u00e2teaux des Landes du XVII\u00e8 si\u00e8cle \u00a9 Creative Lune<\/figcaption><\/figure>\n\n\n\n<h3 class=\"wp-block-heading\" id=\"pourquoi-le-ch\u00e2teau-amou-fait-partie-des-plus-beaux-ch\u00e2teaux-des-landes-\"><span id=\"pourquoi-le-chateau-amou-fait-partie-des-plus-beaux-chateaux-des-landes\">Pourquoi le Ch\u00e2teau Amou fait partie des plus beaux ch\u00e2teaux des Landes ?<\/span><\/h3>\n\n\n\n<p>Le ch\u00e2teau d&#8217;Amou se situe au sud du d\u00e9partement, au nord-ouest de Pau. La particularit\u00e9 de ce monument est que ses plans ont \u00e9t\u00e9 dessin\u00e9s par l&#8217;un des architectes de Versailles. De plus, il appartient \u00e0 la m\u00eame famille depuis plus de trois cents ans. Il a su conserv\u00e9 une mosa\u00efque gallo-romaine du IVe si\u00e8cle. Sa fa\u00e7ade n&#8217;a connu aucune modification Ce ch\u00e2teau des Landes se met \u00e0 votre disposition pour vos \u00e9v\u00e9nements. Il constitue un d\u00e9cor parfait gr\u00e2ce \u00e0 son architecture du XVIIe si\u00e8cle tr\u00e8s bien conserv\u00e9e. Le monument se visite en juillet et ao\u00fbt uniquement.<\/p>\n\n\n\n<div class=\"wp-block-buttons is-content-justification-center is-layout-flex wp-container-core-buttons-is-layout-16018d1d wp-block-buttons-is-layout-flex\">\n<div class=\"wp-block-button has-custom-font-size has-small-font-size\"><a class=\"wp-block-button__link has-background wp-element-button\" href=\"https:\/\/toploc.com\/locations-vacances\/landes\/?utm_source=blog&amp;utm_medium=CTA&amp;utm_campaign=chateaux-landes\" style=\"background-color:#006b52\"><strong>\ud83d\udc49NOS H\u00c9BERGEMENTS LANDES<\/strong><\/a><\/div>\n<\/div>\n\n\n\n<h3 class=\"wp-block-heading\" id=\"infos-cl\u00e9s---ch\u00e2teau-amou-\"><span id=\"infos-cles-chateau-amou\">Infos cl\u00e9s &#8211; Ch\u00e2teau Amou :<\/span><\/h3>\n\n\n\n<p>Voici toutes les informations utiles pour visiter le Ch\u00e2teau Amou qui fait partie des plus beaux ch\u00e2teaux des Landes :<\/p>\n\n\n\n<ul class=\"wp-block-list\">\n<li><strong>Horaires d&#8217;ouverture<\/strong>&nbsp;: Sur rendez-vous<\/li>\n\n\n\n<li><strong>Epoque<\/strong>&nbsp;: XVIIe si\u00e8cle<\/li>\n\n\n\n<li><strong>Visite guid\u00e9e<\/strong>&nbsp;: Oui<\/li>\n\n\n\n<li><strong>Plus d&#8217;informations<\/strong>\u00a0:\u00a0Ch\u00e2teau Amou<\/li>\n\n\n\n<li><strong>Adresse<\/strong>&nbsp;: 170 chemin de Ronde 40330 Amou<\/li>\n\n\n\n<li><strong>Tarif<\/strong>&nbsp;: 5\u20ac<\/li>\n\n\n\n<li><strong>Chiens autoris\u00e9s<\/strong>&nbsp;: &#8211;<\/li>\n\n\n\n<li><strong>Avis Google<\/strong>&nbsp;: 4,5\/5 sur 31 avis Google<\/li>\n<\/ul>\n\n\n\n<h2 class=\"wp-block-heading\" id=\"ch\u00e2teau-du-prada\"><span id=\"chateau-du-prada\">Ch\u00e2teau du Prada<\/span><\/h2>\n\n\n\n<figure class=\"wp-block-image size-full\"><img loading=\"lazy\" decoding=\"async\" width=\"2048\" height=\"1534\" src=\"https:\/\/blog.toploc.com\/wp-content\/uploads\/2024\/02\/1-1.jpeg\" alt=\"Ch\u00e2teau du Prada \u00a9 Stephane Amelinck - Le Ch\u00e2teau du Prada \" class=\"wp-image-143225\"\/><figcaption class=\"wp-element-caption\">Ch\u00e2teau du Prada \u00a9 Stephane Amelinck &#8211; Le Ch\u00e2teau du Prada <\/figcaption><\/figure>\n\n\n\n<h3 class=\"wp-block-heading\" id=\"pourquoi-le-ch\u00e2teau-du-prada-fait-partie-des-plus-beaux-ch\u00e2teaux-des-landes-\"><span id=\"pourquoi-le-chateau-du-prada-fait-partie-des-plus-beaux-chateaux-des-landes\">Pourquoi le Ch\u00e2teau du Prada fait partie des plus beaux ch\u00e2teaux des Landes ?<\/span><\/h3>\n\n\n\n<p>Le ch\u00e2teau du Prada se situe au sud-est du d\u00e9partement, proche des Pyr\u00e9n\u00e9es-Atlantiques au nord-est de Biarritz. Ce ch\u00e2teau des Landes, dans son \u00e9crin de verdure, vous propose de louer ses anciennes \u00e9curies pour vos r\u00e9ceptions. B\u00e2ti au XVIIIe et transform\u00e9 au XIXe si\u00e8cle, on lui ajouta une tour de 23m en 1883, id\u00e9al pour les points de vue des photographes. Le ch\u00e2teau ne se visite pas.<\/p>\n\n\n\n<div class=\"wp-block-buttons is-content-justification-center is-layout-flex wp-container-core-buttons-is-layout-16018d1d wp-block-buttons-is-layout-flex\">\n<div class=\"wp-block-button has-custom-font-size has-small-font-size\"><a class=\"wp-block-button__link has-background wp-element-button\" href=\"https:\/\/toploc.com\/locations-vacances\/landes\/?utm_source=blog&amp;utm_medium=CTA&amp;utm_campaign=chateaux-landes\" style=\"background-color:#006b52\"><strong>\ud83d\udc49NOS H\u00c9BERGEMENTS LANDES<\/strong><\/a><\/div>\n<\/div>\n\n\n\n<h3 class=\"wp-block-heading\" id=\"infos-cl\u00e9s---ch\u00e2teau-du-prada-\"><span id=\"infos-cles-chateau-du-prada\">Infos cl\u00e9s &#8211; Ch\u00e2teau du Prada :<\/span><\/h3>\n\n\n\n<p>Voici toutes les informations utiles pour visiter le Ch\u00e2teau du Prada qui fait partie des plus beaux ch\u00e2teaux des Landes :<\/p>\n\n\n\n<ul class=\"wp-block-list\">\n<li><strong>Horaires d&#8217;ouverture<\/strong>&nbsp;: &#8211;<\/li>\n\n\n\n<li><strong>Epoque<\/strong>&nbsp;: D\u00e9but du XVIIIe si\u00e8cle<\/li>\n\n\n\n<li><strong>Visite guid\u00e9e<\/strong>&nbsp;: Non<\/li>\n\n\n\n<li><strong>Plus d&#8217;informations<\/strong>\u00a0:\u00a0Ch\u00e2teau du Prada<\/li>\n\n\n\n<li><strong>Adresse<\/strong>&nbsp;: 40300 Saint-Lon-les-Mines<\/li>\n\n\n\n<li><strong>Tarif<\/strong>&nbsp;: &#8211;<\/li>\n\n\n\n<li><strong>Chiens autoris\u00e9s<\/strong>&nbsp;: &#8211;<\/li>\n\n\n\n<li><strong>Avis Google<\/strong>&nbsp;: 4,3\/5 sur 96 avis Google<\/li>\n<\/ul>\n\n\n\n<h2 class=\"wp-block-heading\" id=\"ch\u00e2teau-du-campet\"><span id=\"chateau-du-campet\">Ch\u00e2teau du Campet<\/span><\/h2>\n\n\n\n<figure class=\"wp-block-image size-full\"><img loading=\"lazy\" decoding=\"async\" width=\"960\" height=\"640\" src=\"https:\/\/blog.toploc.com\/wp-content\/uploads\/2024\/02\/chateau-de-campet-2_3_145349-161434788357736-copie.jpg\" alt=\"Ch\u00e2teau de Campet \u00a9 Mariages.net\" class=\"wp-image-143228\"\/><figcaption class=\"wp-element-caption\">Ch\u00e2teau de Campet \u00a9 Mariages.net<\/figcaption><\/figure>\n\n\n\n<h3 class=\"wp-block-heading\" id=\"pourquoi-le-ch\u00e2teau-du-campet-fait-partie-des-plus-beaux-ch\u00e2teaux-des-landes-\"><span id=\"pourquoi-le-chateau-du-campet-fait-partie-des-plus-beaux-chateaux-des-landes\">Pourquoi le Ch\u00e2teau du Campet fait partie des plus beaux ch\u00e2teaux des Landes ?<\/span><\/h3>\n\n\n\n<p>Le ch\u00e2teau du Campet se situe au c\u0153ur du d\u00e9partement, \u00e0 l&#8217;ouest de Mont-de-Marsan et au sud du parc des Landes de Gascogne. Ce ch\u00e2teau des Landes a connu autant de p\u00e9riodes de troubles que de fastes. Il appartient \u00e0 la m\u00eame famille de propri\u00e9taire depuis plus de huit si\u00e8cles. B\u00e2ti au XIIIe si\u00e8cle sur une motte castrale avec murailles, tours, foss\u00e9s&#8230; il est incendi\u00e9 en 1570 par le seigneur de Poyanne durant les Guerres de religion, il ne reste plus rien pendant 70 ans. La reconstruction et le parc sont r\u00e9am\u00e9nag\u00e9s vers 1640. Des transformations sont \u00e0 nouveau effectu\u00e9s lors de la R\u00e9volution, les tours sont d\u00e9molies pour plus de lumi\u00e8re et on am\u00e9nage un jardin \u00e0 l&#8217;anglaise. Pendant la seconde guerre mondiale, les Nazis occupent le domaine. Le monument ne se visite que sur demande<\/p>\n\n\n\n<div class=\"wp-block-buttons is-content-justification-center is-layout-flex wp-container-core-buttons-is-layout-16018d1d wp-block-buttons-is-layout-flex\">\n<div class=\"wp-block-button has-custom-font-size has-small-font-size\"><a class=\"wp-block-button__link has-background wp-element-button\" href=\"https:\/\/toploc.com\/locations-vacances\/landes\/?utm_source=blog&amp;utm_medium=CTA&amp;utm_campaign=chateaux-landes\" style=\"background-color:#006b52\"><strong>\ud83d\udc49NOS H\u00c9BERGEMENTS LANDES<\/strong><\/a><\/div>\n<\/div>\n\n\n\n<h3 class=\"wp-block-heading\" id=\"infos-cl\u00e9s---ch\u00e2teau-du-campet-\"><span id=\"infos-cles-chateau-du-campet\">Infos cl\u00e9s &#8211; Ch\u00e2teau du Campet :<\/span><\/h3>\n\n\n\n<p>Voici toutes les informations utiles pour visiter le Ch\u00e2teau du Campet qui fait partie des plus beaux ch\u00e2teaux des Landes :<\/p>\n\n\n\n<ul class=\"wp-block-list\">\n<li><strong>Horaires d&#8217;ouverture<\/strong>&nbsp;: &#8211;<\/li>\n\n\n\n<li><strong>Epoque<\/strong>&nbsp;: XVIIe si\u00e8cle<\/li>\n\n\n\n<li><strong>Visite guid\u00e9e<\/strong>&nbsp;: Sur demande<\/li>\n\n\n\n<li><strong>Plus d&#8217;informations<\/strong>\u00a0:\u00a0Ch\u00e2teau du Campet<\/li>\n\n\n\n<li><strong>Adresse<\/strong>&nbsp;: 1100 all\u00e9e du Marquis du Lyon 40090 Campet-et-Lamol\u00e8re<\/li>\n\n\n\n<li><strong>Tarif<\/strong>&nbsp;: &#8211;<\/li>\n\n\n\n<li><strong>Chiens autoris\u00e9s<\/strong>&nbsp;: &#8211;<\/li>\n\n\n\n<li><strong>Avis Google<\/strong>&nbsp;: 5\/5 sur 7 avis Google<\/li>\n<\/ul>\n\n\n\n<h2 class=\"wp-block-heading\" id=\"ch\u00e2teau-du-lau\"><span id=\"chateau-du-lau\">Ch\u00e2teau du Lau<\/span><\/h2>\n\n\n\n<figure class=\"wp-block-image size-full\"><img loading=\"lazy\" decoding=\"async\" width=\"640\" height=\"427\" src=\"https:\/\/blog.toploc.com\/wp-content\/uploads\/2024\/02\/Chateau-du-Lau-1-1.webp\" alt=\"Ch\u00e2teau du Lau \u00a9 Tourisme Landes\" class=\"wp-image-143230\"\/><figcaption class=\"wp-element-caption\">Ch\u00e2teau du Lau \u00a9 Tourisme Landes<\/figcaption><\/figure>\n\n\n\n<h3 class=\"wp-block-heading\" id=\"pourquoi-le-ch\u00e2teau-du-lau-fait-partie-des-plus-beaux-ch\u00e2teaux-des-landes-\"><span id=\"pourquoi-le-chateau-du-lau-fait-partie-des-plus-beaux-chateaux-des-landes\">Pourquoi le Ch\u00e2teau du Lau fait partie des plus beaux ch\u00e2teaux des Landes ?<\/span><\/h3>\n\n\n\n<p>Le ch\u00e2teau du Lau se situe \u00e0 l&#8217;Est du d\u00e9partement, proche du Gers, au nord de Pau. Cette ancienne demeure d\u00e9fensive de briques et pierres \u00e9quip\u00e9e de foss\u00e9s, remparts, pont-levis&#8230; se compose d&#8217;un logis encadr\u00e9 de deux tours cr\u00e9nel\u00e9es, d&#8217;une aile perpandiculaire, et d&#8217;un ch\u00e2telet \u00e0 vocation initiale d\u00e9fensive. Durant votre visite de ce ch\u00e2teau des Landes vous pourrez admirez la chemin\u00e9e de la salle principale et les nombreux d\u00e9tails de sa hotte sculpt\u00e9e. Cette demeure priv\u00e9e est ouverte \u00e0 la visite gratuitement. Elle appartient \u00e0 la m\u00eame famille depuis sa construction. L&#8217;\u00e9difice ferme ses portes au public d&#8217;octobre \u00e0 juin.<\/p>\n\n\n\n<div class=\"wp-block-buttons is-content-justification-center is-layout-flex wp-container-core-buttons-is-layout-16018d1d wp-block-buttons-is-layout-flex\">\n<div class=\"wp-block-button has-custom-font-size has-small-font-size\"><a class=\"wp-block-button__link has-background wp-element-button\" href=\"https:\/\/toploc.com\/locations-vacances\/landes\/?utm_source=blog&amp;utm_medium=CTA&amp;utm_campaign=chateaux-landes\" style=\"background-color:#006b52\"><strong>\ud83d\udc49NOS H\u00c9BERGEMENTS LANDES<\/strong><\/a><\/div>\n<\/div>\n\n\n\n<h3 class=\"wp-block-heading\" id=\"infos-cl\u00e9s---ch\u00e2teau-du-lau-\"><span id=\"infos-cles-chateau-du-lau\">Infos cl\u00e9s &#8211; Ch\u00e2teau du Lau :<\/span><\/h3>\n\n\n\n<p>Voici toutes les informations utiles pour visiter le Ch\u00e2teau du Lau qui fait partie des plus beaux ch\u00e2teaux des Landes :<\/p>\n\n\n\n<ul class=\"wp-block-list\">\n<li><strong>Horaires d&#8217;ouverture<\/strong>&nbsp;: 14h-20h<\/li>\n\n\n\n<li><strong>Epoque<\/strong>&nbsp;: XVe si\u00e8cle<\/li>\n\n\n\n<li><strong>Visite guid\u00e9e<\/strong>&nbsp;: Oui<\/li>\n\n\n\n<li><strong>Plus d&#8217;informations<\/strong>\u00a0:\u00a0Ch\u00e2teau de Lau<\/li>\n\n\n\n<li><strong>Adresse<\/strong>&nbsp;: 40800 Duhort-Bachen<\/li>\n\n\n\n<li><strong>Tarif<\/strong>&nbsp;: Gratuit<\/li>\n\n\n\n<li><strong>Chiens autoris\u00e9s<\/strong>&nbsp;: Oui<\/li>\n\n\n\n<li><strong>Avis Google<\/strong>&nbsp;: &#8211;<\/li>\n<\/ul>\n\n\n\n<h2 class=\"wp-block-heading\" id=\"ch\u00e2teau-de-fondat\"><span id=\"chateau-de-fondat\">Ch\u00e2teau de Fondat<\/span><\/h2>\n\n\n\n<figure class=\"wp-block-image size-full\"><img loading=\"lazy\" decoding=\"async\" width=\"1200\" height=\"900\" src=\"https:\/\/blog.toploc.com\/wp-content\/uploads\/2024\/02\/armagnac-cb4794b4248e46d1a53d33260b87d6d9-150428-ph0.jpg\" alt=\"Ch\u00e2teau de Fondat \u00a9 Jean-Marie Tinarrage - Sud Ouest\" class=\"wp-image-143233\"\/><figcaption class=\"wp-element-caption\">Ch\u00e2teau de Fondat \u00a9 Jean-Marie Tinarrage &#8211; Sud Ouest<\/figcaption><\/figure>\n\n\n\n<h3 class=\"wp-block-heading\" id=\"pourquoi-le-ch\u00e2teau-de-fondat-fait-partie-des-plus-beaux-ch\u00e2teaux-des-landes-\"><span id=\"pourquoi-le-chateau-de-fondat-fait-partie-des-plus-beaux-chateaux-des-landes\">Pourquoi le Ch\u00e2teau de Fondat fait partie des plus beaux ch\u00e2teaux des Landes ?<\/span><\/h3>\n\n\n\n<p>Le ch\u00e2teau se situe au nord-est du d\u00e9partement et de Mont-de-Marsan. En ruine, le ch\u00e2teau des Landes est reb\u00e2tit en 1606. Le jardin jonch\u00e9 d&#8217;essences rares est am\u00e9nag\u00e9 au XVIIIe et XIXe si\u00e8cle, des po\u00e8tes et \u00e9crivains y trouvent leur inspiration lors de leurs promenades. Napol\u00e9on III offrit la chemin\u00e9e de la grande salle. Le ch\u00e2teau s&#8217;inscrit aux Monuments historiques en 1999. Le grand pavillon qui abritait autrefois le personnel de maison puis un \u00e9levage de vers \u00e0 soie a \u00e9t\u00e9 refa\u00e7ad\u00e9 au XIX. Il accueille d\u00e9sormais vos r\u00e9ceptions. Le ch\u00e2teau se visite le jeudi et dimanche et lors des journ\u00e9es du Patrimoine.<\/p>\n\n\n\n<div class=\"wp-block-buttons is-content-justification-center is-layout-flex wp-container-core-buttons-is-layout-16018d1d wp-block-buttons-is-layout-flex\">\n<div class=\"wp-block-button has-custom-font-size has-small-font-size\"><a class=\"wp-block-button__link has-background wp-element-button\" href=\"https:\/\/toploc.com\/locations-vacances\/landes\/?utm_source=blog&amp;utm_medium=CTA&amp;utm_campaign=chateaux-landes\" style=\"background-color:#006b52\"><strong>\ud83d\udc49NOS H\u00c9BERGEMENTS LANDES<\/strong><\/a><\/div>\n<\/div>\n\n\n\n<h3 class=\"wp-block-heading\" id=\"infos-cl\u00e9s---ch\u00e2teau-de-fondat-\"><span id=\"infos-cles-chateau-de-fondat\">Infos cl\u00e9s &#8211; Ch\u00e2teau de Fondat :<\/span><\/h3>\n\n\n\n<p>Voici toutes les informations utiles pour visiter le Ch\u00e2teau de Fondat qui fait partie des plus beaux ch\u00e2teaux des Landes :<\/p>\n\n\n\n<ul class=\"wp-block-list\">\n<li><strong>Horaires d&#8217;ouverture<\/strong>&nbsp;: 15h-17h<\/li>\n\n\n\n<li><strong>Epoque<\/strong>&nbsp;: XVIe si\u00e8cle<\/li>\n\n\n\n<li><strong>Visite guid\u00e9e<\/strong>&nbsp;: Oui<\/li>\n\n\n\n<li><strong>Plus d&#8217;informations<\/strong>\u00a0:\u00a0Ch\u00e2teau de Fondat<\/li>\n\n\n\n<li><strong>Adresse<\/strong>&nbsp;: 40240 Saint Justin<\/li>\n\n\n\n<li><strong>Tarif<\/strong>&nbsp;: 5\u20ac<\/li>\n\n\n\n<li><strong>Chiens autoris\u00e9s<\/strong>&nbsp;: &#8211;<\/li>\n\n\n\n<li><strong>Avis Google<\/strong>&nbsp;: 4,6\/5 sur 48 avis Google<\/li>\n<\/ul>\n\n\n\n<h2 class=\"wp-block-heading\" id=\"ch\u00e2teau-de-caumale\"><span id=\"chateau-de-caumale\">Ch\u00e2teau de Caumale<\/span><\/h2>\n\n\n\n<figure class=\"wp-block-image size-full\"><img loading=\"lazy\" decoding=\"async\" width=\"1023\" height=\"659\" src=\"https:\/\/blog.toploc.com\/wp-content\/uploads\/2024\/02\/7774733470_3a48aac1ed_b.jpg\" alt=\"Ch\u00e2teau de Caumale \u00a9 Flickr\" class=\"wp-image-143236\"\/><figcaption class=\"wp-element-caption\">Ch\u00e2teau de Caumale \u00a9 Flickr<\/figcaption><\/figure>\n\n\n\n<h3 class=\"wp-block-heading\" id=\"pourquoi-le-ch\u00e2teau-de-caumale-fait-partie-des-plus-beaux-ch\u00e2teaux-des-landes-\"><span id=\"pourquoi-le-chateau-de-caumale-fait-partie-des-plus-beaux-chateaux-des-landes\">Pourquoi le Ch\u00e2teau de Caumale fait partie des plus beaux ch\u00e2teaux des Landes ?<\/span><\/h3>\n\n\n\n<p>Le ch\u00e2teau de Caumale se situe \u00e0 l&#8217;Est du d\u00e9partement et de Mont-de-Marsan, proche du Gers et du Lot-et-Garonne. Ce ch\u00e2teau des Landes, b\u00e2tit au XIIe si\u00e8cle, a subit la Guerre de Cent Ans et les guerres de Religions. Il a \u00e9t\u00e9 remani\u00e9 en ch\u00e2teau de plaisance par les coloniaux Delisle au XIXe et enfin, s&#8217;est vu transform\u00e9 en ch\u00e2teau vitticole produisant de l&#8217;Armagnac. Son logis carr\u00e9 voit ses angles \u00e9quip\u00e9s de tours. Aujourd&#8217;hui il vous accueille lors de vos r\u00e9ceptions et mariages et est ouvert aux visites de juillet \u00e0 septembre. Vous pouvez retrouver sur le site les actualit\u00e9s li\u00e9es aux monuments, les animations qu&#8217;il propose : march\u00e9 de No\u00ebl, visite aux chandelles&#8230;<\/p>\n\n\n\n<div class=\"wp-block-buttons is-content-justification-center is-layout-flex wp-container-core-buttons-is-layout-16018d1d wp-block-buttons-is-layout-flex\">\n<div class=\"wp-block-button has-custom-font-size has-small-font-size\"><a class=\"wp-block-button__link has-background wp-element-button\" href=\"https:\/\/toploc.com\/locations-vacances\/landes\/?utm_source=blog&amp;utm_medium=CTA&amp;utm_campaign=chateaux-landes\" style=\"background-color:#006b52\"><strong>\ud83d\udc49NOS H\u00c9BERGEMENTS LANDES<\/strong><\/a><\/div>\n<\/div>\n\n\n\n<h3 class=\"wp-block-heading\" id=\"infos-cl\u00e9s---ch\u00e2teau-de-caumale-\"><span id=\"infos-cles-chateau-de-caumale\">Infos cl\u00e9s &#8211; Ch\u00e2teau de Caumale :<\/span><\/h3>\n\n\n\n<p>Voici toutes les informations utiles pour visiter le Ch\u00e2teau de Caumale qui fait partie des plus beaux ch\u00e2teaux des Landes :<\/p>\n\n\n\n<ul class=\"wp-block-list\">\n<li><strong>Horaires d&#8217;ouverture<\/strong>&nbsp;: 10h-13h\/14h-16h<\/li>\n\n\n\n<li><strong>Epoque<\/strong>&nbsp;: XIIe si\u00e8cle<\/li>\n\n\n\n<li><strong>Visite guid\u00e9e<\/strong>&nbsp;: Oui<\/li>\n\n\n\n<li><strong>Plus d&#8217;informations<\/strong>\u00a0:\u00a0Ch\u00e2teau de Caumale<\/li>\n\n\n\n<li><strong>Adresse<\/strong>&nbsp;: Route de Castenau d&#8217;Auzan 40310 Escalans<\/li>\n\n\n\n<li><strong>Tarif<\/strong>&nbsp;: 7\u20ac<\/li>\n\n\n\n<li><strong>Chiens autoris\u00e9s<\/strong>&nbsp;: Non<\/li>\n\n\n\n<li><strong>Avis Google<\/strong>&nbsp;: 4,7\/5 sur 55 avis Google<\/li>\n<\/ul>\n\n\n\n<h2 class=\"wp-block-heading\" id=\"ch\u00e2teau-woolsack\"><span id=\"chateau-woolsack\">Ch\u00e2teau Woolsack<\/span><\/h2>\n\n\n\n<figure class=\"wp-block-image size-full\"><img loading=\"lazy\" decoding=\"async\" width=\"1600\" height=\"1126\" src=\"https:\/\/blog.toploc.com\/wp-content\/uploads\/2024\/02\/chateau-woolsack.jpg\" alt=\"Ch\u00e2teau Woolsack \u00a9 Guide des Landes\" class=\"wp-image-143238\"\/><figcaption class=\"wp-element-caption\">Ch\u00e2teau Woolsack \u00a9 Guide des Landes<\/figcaption><\/figure>\n\n\n\n<h3 class=\"wp-block-heading\" id=\"pourquoi-le-ch\u00e2teau-woolsack-fait-partie-des-plus-beaux-ch\u00e2teaux-des-landes-\"><span id=\"pourquoi-le-chateau-woolsack-fait-partie-des-plus-beaux-chateaux-des-landes\">Pourquoi le Ch\u00e2teau Woolsack fait partie des plus beaux ch\u00e2teaux des Landes ?<\/span><\/h3>\n\n\n\n<p>Le ch\u00e2teau Woolsack se situe sur la rive de l&#8217;\u00e9tant de Mimizan, \u00e0 l&#8217;ouest du d\u00e9partement, proche de l&#8217;oc\u00e9an Atlantique, entre Arcachon et Bayonne. Ce ch\u00e2teau des Landes b\u00e2ti en 1910 pour le duc de Westminster en remerciement de son courage lors de la guerre des Boers. La demeure se veut dot\u00e9e d&#8217;un m\u00e9lange de style anglais et landais. L&#8217;habitation retrouve les plans de celle qu&#8217;il avait en Afrique, d\u00e9j\u00e0 baptis\u00e9e Woolsack. Coco Chanel, Dali et Churchill ont profit\u00e9 du site pour se reposer. C&#8217;est aujourd&#8217;hui une propri\u00e9t\u00e9 priv\u00e9e qui ne se visite pas.<\/p>\n\n\n\n<div class=\"wp-block-buttons is-content-justification-center is-layout-flex wp-container-core-buttons-is-layout-16018d1d wp-block-buttons-is-layout-flex\">\n<div class=\"wp-block-button has-custom-font-size has-small-font-size\"><a class=\"wp-block-button__link has-background wp-element-button\" href=\"https:\/\/toploc.com\/locations-vacances\/landes\/?utm_source=blog&amp;utm_medium=CTA&amp;utm_campaign=chateaux-landes\" style=\"background-color:#006b52\"><strong>\ud83d\udc49NOS H\u00c9BERGEMENTS LANDES<\/strong><\/a><\/div>\n<\/div>\n\n\n\n<h3 class=\"wp-block-heading\" id=\"infos-cl\u00e9s---ch\u00e2teau-woolsack-\"><span id=\"infos-cles-chateau-woolsack\">Infos cl\u00e9s &#8211; Ch\u00e2teau Woolsack :<\/span><\/h3>\n\n\n\n<p>Voici toutes les informations utiles pour visiter le Ch\u00e2teau Woolsack qui fait partie des plus beaux ch\u00e2teaux des Landes :<\/p>\n\n\n\n<ul class=\"wp-block-list\">\n<li><strong>Horaires d&#8217;ouverture<\/strong>&nbsp;: &#8211;<\/li>\n\n\n\n<li><strong>Epoque<\/strong>&nbsp;: 1910<\/li>\n\n\n\n<li><strong>Visite guid\u00e9e<\/strong>&nbsp;: Non<\/li>\n\n\n\n<li><strong>Plus d&#8217;informations<\/strong>\u00a0:\u00a0Ch\u00e2teau Woolsack<\/li>\n\n\n\n<li><strong>Adresse<\/strong>&nbsp;: 40200 Mimizan<\/li>\n\n\n\n<li><strong>Tarif<\/strong>&nbsp;: &#8211;<\/li>\n\n\n\n<li><strong>Chiens autoris\u00e9s<\/strong>&nbsp;: &#8211;<\/li>\n\n\n\n<li><strong>Avis Google<\/strong>&nbsp;: &#8211;<\/li>\n<\/ul>\n\n\n\n<h2 class=\"wp-block-heading\" id=\"ch\u00e2teau-de-castillon\"><span id=\"chateau-de-castillon\">Ch\u00e2teau de Castillon<\/span><\/h2>\n\n\n\n<figure class=\"wp-block-image size-full\"><img loading=\"lazy\" decoding=\"async\" width=\"886\" height=\"560\" src=\"https:\/\/blog.toploc.com\/wp-content\/uploads\/2024\/02\/photo442039.jpg\" alt=\"Ch\u00e2teau de Castillon \u00a9 Film France | Locations\" class=\"wp-image-143239\"\/><figcaption class=\"wp-element-caption\">Ch\u00e2teau de Castillon \u00a9 Film France | Locations<\/figcaption><\/figure>\n\n\n\n<h3 class=\"wp-block-heading\" id=\"pourquoi-le-ch\u00e2teau-de-castillon-fait-partie-des-plus-beaux-ch\u00e2teaux-des-landes-\"><span id=\"pourquoi-le-chateau-de-castillon-fait-partie-des-plus-beaux-chateaux-des-landes\">Pourquoi le Ch\u00e2teau de Castillon fait partie des plus beaux ch\u00e2teaux des Landes ?<\/span><\/h3>\n\n\n\n<p>Le ch\u00e2teau de Castillon se situe au c\u0153ur du d\u00e9partement, au sud du parc des Landes de Gascogne, \u00e0 l&#8217;ouest de Mont-de-Marsan. Ce ch\u00e2teau des Landes b\u00e2ti au XVI dans le style Louis XIII est d\u00e9moli et reconstruit au XVIIe si\u00e8cle. Une &#8220;aile neuve&#8221; est construite au XIXe si\u00e8cle et un jardin \u00e0 la fran\u00e7aise est am\u00e9nag\u00e9. Le ch\u00e2teau devient en 1952 un centre de vacances pour les pupilles de l&#8217;\u00e9cole publique. Les travaux de restauration du jardin ont commenc\u00e9 en 2006 et permettent aux promeneurs et p\u00eacheurs d&#8217;en profiter. Le ch\u00e2teau qui se d\u00e9labre est quant&#8217; \u00e0 lui au c\u0153ur de l&#8217;attention, en am\u00e9nagement de logements sociaux est en cours de d\u00e9bats. Le monument est priv\u00e9 et ne se visite pas.<\/p>\n\n\n\n<div class=\"wp-block-buttons is-content-justification-center is-layout-flex wp-container-core-buttons-is-layout-16018d1d wp-block-buttons-is-layout-flex\">\n<div class=\"wp-block-button has-custom-font-size has-small-font-size\"><a class=\"wp-block-button__link has-background wp-element-button\" href=\"https:\/\/toploc.com\/locations-vacances\/landes\/?utm_source=blog&amp;utm_medium=CTA&amp;utm_campaign=chateaux-landes\" style=\"background-color:#006b52\"><strong>\ud83d\udc49NOS H\u00c9BERGEMENTS LANDES<\/strong><\/a><\/div>\n<\/div>\n\n\n\n<h3 class=\"wp-block-heading\" id=\"infos-cl\u00e9s---ch\u00e2teau-de-castillon-\"><span id=\"infos-cles-chateau-de-castillon\">Infos cl\u00e9s &#8211; Ch\u00e2teau de Castillon :<\/span><\/h3>\n\n\n\n<p>Voici toutes les informations utiles pour visiter le Ch\u00e2teau de Castillon qui fait partie des plus beaux ch\u00e2teaux des Landes :<\/p>\n\n\n\n<ul class=\"wp-block-list\">\n<li><strong>Horaires d&#8217;ouverture<\/strong>&nbsp;: &#8211;<\/li>\n\n\n\n<li><strong>Epoque<\/strong>&nbsp;: XVIIe si\u00e8cle<\/li>\n\n\n\n<li><strong>Visite guid\u00e9e<\/strong>&nbsp;: Non<\/li>\n\n\n\n<li><strong>Plus d&#8217;informations<\/strong>\u00a0:\u00a0Ch\u00e2teau de Castillon<\/li>\n\n\n\n<li><strong>Adresse<\/strong>&nbsp;: 40110 Arengosse<\/li>\n\n\n\n<li><strong>Tarif<\/strong>&nbsp;: &#8211;<\/li>\n\n\n\n<li><strong>Chiens autoris\u00e9s<\/strong>&nbsp;: &#8211;<\/li>\n\n\n\n<li><strong>Avis Google<\/strong>&nbsp;: 4,3\/5 sur 6 avis Google<\/li>\n<\/ul>\n\n\n\n<h2 class=\"wp-block-heading\" id=\"ou-se-loger-pour-visiter-les-chateaux-de-la-loire\"><span id=\"ou-se-loger-pour-visiter-les-chateaux-des-landes\">O\u00f9 se loger pour visiter les ch\u00e2teaux des Landes ?<\/span><\/h2>\n\n\n\n<p>Si vous partez en exploration des villages et ch\u00e2teaux des Landes voici une petite carte interactive qui pourrait vous \u00eatre utile. Toploc r\u00e9f\u00e9rence des&nbsp;<a href=\"http:\/\/www.toploc.com\/locations-vacances\/landes\">locations vacances dans les Landes<\/a>. Comment r\u00e9server ? c\u2019est tr\u00e8s simple, il vous suffit de cliquer sur le curseur vert et de prendre contact avec l\u2019h\u00f4te en direct.<\/p>\n\n\n\n<iframe loading=\"lazy\" width=\"100%\" height=\"450px\" frameborder=\"0\" src=\"https:\/\/toploc.com\/embed\/maps?location=Landes;bbox_area=-1.905102580188526%2C43.54268803091179%2C-0.5494144298451147%2C44.494218457284546\"><\/iframe>\n\n\n\n<p>Alexandra pour <a href=\"http:\/\/www.toploc.com\">Toploc<\/a><\/p>\n","protected":false},"excerpt":{"rendered":"Voici notre s\u00e9lection des meilleurs ch\u00e2teaux des Landes. Si vous souhaitez visiter un ch\u00e2teau dans les Landes vous&hellip;\n","protected":false},"author":12,"featured_media":143228,"comment_status":"open","ping_status":"open","sticky":false,"template":"","format":"standard","meta":{"footnotes":""},"categories":[7339,114],"tags":[7462],"class_list":{"0":"post-143206","1":"post","2":"type-post","3":"status-publish","4":"format-standard","5":"has-post-thumbnail","7":"category-chateaux","8":"category-france","9":"tag-chateaux-des-landes"},"yoast_head":"<!-- This site is optimized with the Yoast SEO plugin v26.9 - https:\/\/yoast.com\/product\/yoast-seo-wordpress\/ -->\n<title>Les 10 plus beaux ch\u00e2teaux des Landes \u00e0 visiter<\/title>\n<meta name=\"description\" content=\"ch\u00e2teaux des Landes : Ch\u00e2teau de Ravignan . Ch\u00e2teau de Gaujacq . Ch\u00e2teau Amou . Ch\u00e2teau du Prada . Ch\u00e2teau du Campet .\" \/>\n<meta name=\"robots\" content=\"index, follow, max-snippet:-1, max-image-preview:large, max-video-preview:-1\" \/>\n<link rel=\"canonical\" href=\"https:\/\/toploc.com\/blog\/france\/chateaux-des-landes\" \/>\n<meta property=\"og:locale\" content=\"fr_FR\" \/>\n<meta property=\"og:type\" content=\"article\" \/>\n<meta property=\"og:title\" content=\"Les 10 plus beaux ch\u00e2teaux des Landes \u00e0 visiter\" \/>\n<meta property=\"og:description\" content=\"ch\u00e2teaux des Landes : Ch\u00e2teau de Ravignan . Ch\u00e2teau de Gaujacq . Ch\u00e2teau Amou . Ch\u00e2teau du Prada . Ch\u00e2teau du Campet .\" \/>\n<meta property=\"og:url\" content=\"https:\/\/toploc.com\/blog\/france\/chateaux-des-landes\" \/>\n<meta property=\"og:site_name\" content=\"Toploc\" \/>\n<meta property=\"article:publisher\" content=\"https:\/\/www.facebook.com\/locationfrancophone\" \/>\n<meta property=\"article:published_time\" content=\"2024-02-15T15:42:22+00:00\" \/>\n<meta property=\"article:modified_time\" content=\"2025-02-04T15:32:07+00:00\" \/>\n<meta property=\"og:image\" content=\"https:\/\/toploc.com\/blog\/wp-content\/uploads\/2024\/02\/chateau-de-campet-2_3_145349-161434788357736-copie.jpg\" \/>\n\t<meta property=\"og:image:width\" content=\"960\" \/>\n\t<meta property=\"og:image:height\" content=\"640\" \/>\n\t<meta property=\"og:image:type\" content=\"image\/jpeg\" \/>\n<meta name=\"author\" content=\"Alexandra\" \/>\n<meta name=\"twitter:card\" content=\"summary_large_image\" \/>\n<meta name=\"twitter:label1\" content=\"\u00c9crit par\" \/>\n\t<meta name=\"twitter:data1\" content=\"Alexandra\" \/>\n\t<meta name=\"twitter:label2\" content=\"Dur\u00e9e de lecture estim\u00e9e\" \/>\n\t<meta name=\"twitter:data2\" content=\"13 minutes\" \/>\n<script type=\"application\/ld+json\" class=\"yoast-schema-graph\">{\"@context\":\"https:\/\/schema.org\",\"@graph\":[{\"@type\":\"Article\",\"@id\":\"https:\/\/toploc.com\/blog\/france\/chateaux-des-landes#article\",\"isPartOf\":{\"@id\":\"https:\/\/toploc.com\/blog\/france\/chateaux-des-landes\"},\"author\":{\"name\":\"Alexandra\",\"@id\":\"https:\/\/toploc.com\/blog\/#\/schema\/person\/e493e6ec213b1c6de6b8e3ab3794d7b0\"},\"headline\":\"Les 10 plus beaux ch\u00e2teaux des Landes \u00e0 visiter\",\"datePublished\":\"2024-02-15T15:42:22+00:00\",\"dateModified\":\"2025-02-04T15:32:07+00:00\",\"mainEntityOfPage\":{\"@id\":\"https:\/\/toploc.com\/blog\/france\/chateaux-des-landes\"},\"wordCount\":2498,\"commentCount\":0,\"publisher\":{\"@id\":\"https:\/\/toploc.com\/blog\/#organization\"},\"image\":{\"@id\":\"https:\/\/toploc.com\/blog\/france\/chateaux-des-landes#primaryimage\"},\"thumbnailUrl\":\"https:\/\/toploc.com\/blog\/wp-content\/uploads\/2024\/02\/chateau-de-campet-2_3_145349-161434788357736-copie.jpg\",\"keywords\":[\"ch\u00e2teaux des Landes\"],\"articleSection\":[\"Ch\u00e2teaux\",\"Itin\u00e9raires France\"],\"inLanguage\":\"fr-FR\",\"potentialAction\":[{\"@type\":\"CommentAction\",\"name\":\"Comment\",\"target\":[\"https:\/\/toploc.com\/blog\/france\/chateaux-des-landes#respond\"]}]},{\"@type\":\"WebPage\",\"@id\":\"https:\/\/toploc.com\/blog\/france\/chateaux-des-landes\",\"url\":\"https:\/\/toploc.com\/blog\/france\/chateaux-des-landes\",\"name\":\"Les 10 plus beaux ch\u00e2teaux des Landes \u00e0 visiter\",\"isPartOf\":{\"@id\":\"https:\/\/toploc.com\/blog\/#website\"},\"primaryImageOfPage\":{\"@id\":\"https:\/\/toploc.com\/blog\/france\/chateaux-des-landes#primaryimage\"},\"image\":{\"@id\":\"https:\/\/toploc.com\/blog\/france\/chateaux-des-landes#primaryimage\"},\"thumbnailUrl\":\"https:\/\/toploc.com\/blog\/wp-content\/uploads\/2024\/02\/chateau-de-campet-2_3_145349-161434788357736-copie.jpg\",\"datePublished\":\"2024-02-15T15:42:22+00:00\",\"dateModified\":\"2025-02-04T15:32:07+00:00\",\"description\":\"ch\u00e2teaux des Landes : Ch\u00e2teau de Ravignan . Ch\u00e2teau de Gaujacq . Ch\u00e2teau Amou . Ch\u00e2teau du Prada . Ch\u00e2teau du Campet .\",\"breadcrumb\":{\"@id\":\"https:\/\/toploc.com\/blog\/france\/chateaux-des-landes#breadcrumb\"},\"inLanguage\":\"fr-FR\",\"potentialAction\":[{\"@type\":\"ReadAction\",\"target\":[\"https:\/\/toploc.com\/blog\/france\/chateaux-des-landes\"]}]},{\"@type\":\"ImageObject\",\"inLanguage\":\"fr-FR\",\"@id\":\"https:\/\/toploc.com\/blog\/france\/chateaux-des-landes#primaryimage\",\"url\":\"https:\/\/toploc.com\/blog\/wp-content\/uploads\/2024\/02\/chateau-de-campet-2_3_145349-161434788357736-copie.jpg\",\"contentUrl\":\"https:\/\/toploc.com\/blog\/wp-content\/uploads\/2024\/02\/chateau-de-campet-2_3_145349-161434788357736-copie.jpg\",\"width\":960,\"height\":640,\"caption\":\"Ch\u00e2teau de Campet \u00a9 Mariages.net\"},{\"@type\":\"BreadcrumbList\",\"@id\":\"https:\/\/toploc.com\/blog\/france\/chateaux-des-landes#breadcrumb\",\"itemListElement\":[{\"@type\":\"ListItem\",\"position\":1,\"name\":\"Accueil\",\"item\":\"https:\/\/toploc.com\/blog\"},{\"@type\":\"ListItem\",\"position\":2,\"name\":\"Les 10 plus beaux ch\u00e2teaux des Landes \u00e0 visiter\"}]},{\"@type\":\"WebSite\",\"@id\":\"https:\/\/toploc.com\/blog\/#website\",\"url\":\"https:\/\/toploc.com\/blog\/\",\"name\":\"Toploc\",\"description\":\"Itin\u00e9raires natures et locations de vacances en groupe\",\"publisher\":{\"@id\":\"https:\/\/toploc.com\/blog\/#organization\"},\"potentialAction\":[{\"@type\":\"SearchAction\",\"target\":{\"@type\":\"EntryPoint\",\"urlTemplate\":\"https:\/\/toploc.com\/blog\/?s={search_term_string}\"},\"query-input\":{\"@type\":\"PropertyValueSpecification\",\"valueRequired\":true,\"valueName\":\"search_term_string\"}}],\"inLanguage\":\"fr-FR\"},{\"@type\":\"Organization\",\"@id\":\"https:\/\/toploc.com\/blog\/#organization\",\"name\":\"Toploc\",\"url\":\"https:\/\/toploc.com\/blog\/\",\"logo\":{\"@type\":\"ImageObject\",\"inLanguage\":\"fr-FR\",\"@id\":\"https:\/\/toploc.com\/blog\/#\/schema\/logo\/image\/\",\"url\":\"https:\/\/blog.toploc.com\/wp-content\/uploads\/2022\/03\/toploc_facebook_5.png\",\"contentUrl\":\"https:\/\/blog.toploc.com\/wp-content\/uploads\/2022\/03\/toploc_facebook_5.png\",\"width\":600,\"height\":600,\"caption\":\"Toploc\"},\"image\":{\"@id\":\"https:\/\/toploc.com\/blog\/#\/schema\/logo\/image\/\"},\"sameAs\":[\"https:\/\/www.facebook.com\/locationfrancophone\",\"https:\/\/www.instagram.com\/toploc_\",\"https:\/\/www.pinterest.fr\/Toploc_\/\"]},{\"@type\":\"Person\",\"@id\":\"https:\/\/toploc.com\/blog\/#\/schema\/person\/e493e6ec213b1c6de6b8e3ab3794d7b0\",\"name\":\"Alexandra\",\"image\":{\"@type\":\"ImageObject\",\"inLanguage\":\"fr-FR\",\"@id\":\"https:\/\/toploc.com\/blog\/#\/schema\/person\/image\/\",\"url\":\"https:\/\/secure.gravatar.com\/avatar\/a42119a3a40440a91ac2a1d3c6d8eb86030f32d77fc402a054e43badfb40c5f2?s=96&d=mm&r=g\",\"contentUrl\":\"https:\/\/secure.gravatar.com\/avatar\/a42119a3a40440a91ac2a1d3c6d8eb86030f32d77fc402a054e43badfb40c5f2?s=96&d=mm&r=g\",\"caption\":\"Alexandra\"},\"description\":\"Passionn\u00e9e de grands espaces j'ai \u00e0 coeur de partager mes recherches et d\u00e9couvertes \u00e0 la mer, la montagne et la campagne.\",\"url\":\"https:\/\/toploc.com\/blog\/author\/alexandratoploc-com\"}]}<\/script>\n<!-- \/ Yoast SEO plugin. -->","yoast_head_json":{"title":"Les 10 plus beaux ch\u00e2teaux des Landes \u00e0 visiter","description":"ch\u00e2teaux des Landes : Ch\u00e2teau de Ravignan . Ch\u00e2teau de Gaujacq . Ch\u00e2teau Amou . Ch\u00e2teau du Prada . Ch\u00e2teau du Campet .","robots":{"index":"index","follow":"follow","max-snippet":"max-snippet:-1","max-image-preview":"max-image-preview:large","max-video-preview":"max-video-preview:-1"},"canonical":"https:\/\/toploc.com\/blog\/france\/chateaux-des-landes","og_locale":"fr_FR","og_type":"article","og_title":"Les 10 plus beaux ch\u00e2teaux des Landes \u00e0 visiter","og_description":"ch\u00e2teaux des Landes : Ch\u00e2teau de Ravignan . Ch\u00e2teau de Gaujacq . Ch\u00e2teau Amou . Ch\u00e2teau du Prada . Ch\u00e2teau du Campet .","og_url":"https:\/\/toploc.com\/blog\/france\/chateaux-des-landes","og_site_name":"Toploc","article_publisher":"https:\/\/www.facebook.com\/locationfrancophone","article_published_time":"2024-02-15T15:42:22+00:00","article_modified_time":"2025-02-04T15:32:07+00:00","og_image":[{"width":960,"height":640,"url":"https:\/\/toploc.com\/blog\/wp-content\/uploads\/2024\/02\/chateau-de-campet-2_3_145349-161434788357736-copie.jpg","type":"image\/jpeg"}],"author":"Alexandra","twitter_card":"summary_large_image","twitter_misc":{"\u00c9crit par":"Alexandra","Dur\u00e9e de lecture estim\u00e9e":"13 minutes"},"schema":{"@context":"https:\/\/schema.org","@graph":[{"@type":"Article","@id":"https:\/\/toploc.com\/blog\/france\/chateaux-des-landes#article","isPartOf":{"@id":"https:\/\/toploc.com\/blog\/france\/chateaux-des-landes"},"author":{"name":"Alexandra","@id":"https:\/\/toploc.com\/blog\/#\/schema\/person\/e493e6ec213b1c6de6b8e3ab3794d7b0"},"headline":"Les 10 plus beaux ch\u00e2teaux des Landes \u00e0 visiter","datePublished":"2024-02-15T15:42:22+00:00","dateModified":"2025-02-04T15:32:07+00:00","mainEntityOfPage":{"@id":"https:\/\/toploc.com\/blog\/france\/chateaux-des-landes"},"wordCount":2498,"commentCount":0,"publisher":{"@id":"https:\/\/toploc.com\/blog\/#organization"},"image":{"@id":"https:\/\/toploc.com\/blog\/france\/chateaux-des-landes#primaryimage"},"thumbnailUrl":"https:\/\/toploc.com\/blog\/wp-content\/uploads\/2024\/02\/chateau-de-campet-2_3_145349-161434788357736-copie.jpg","keywords":["ch\u00e2teaux des Landes"],"articleSection":["Ch\u00e2teaux","Itin\u00e9raires France"],"inLanguage":"fr-FR","potentialAction":[{"@type":"CommentAction","name":"Comment","target":["https:\/\/toploc.com\/blog\/france\/chateaux-des-landes#respond"]}]},{"@type":"WebPage","@id":"https:\/\/toploc.com\/blog\/france\/chateaux-des-landes","url":"https:\/\/toploc.com\/blog\/france\/chateaux-des-landes","name":"Les 10 plus beaux ch\u00e2teaux des Landes \u00e0 visiter","isPartOf":{"@id":"https:\/\/toploc.com\/blog\/#website"},"primaryImageOfPage":{"@id":"https:\/\/toploc.com\/blog\/france\/chateaux-des-landes#primaryimage"},"image":{"@id":"https:\/\/toploc.com\/blog\/france\/chateaux-des-landes#primaryimage"},"thumbnailUrl":"https:\/\/toploc.com\/blog\/wp-content\/uploads\/2024\/02\/chateau-de-campet-2_3_145349-161434788357736-copie.jpg","datePublished":"2024-02-15T15:42:22+00:00","dateModified":"2025-02-04T15:32:07+00:00","description":"ch\u00e2teaux des Landes : Ch\u00e2teau de Ravignan . Ch\u00e2teau de Gaujacq . Ch\u00e2teau Amou . Ch\u00e2teau du Prada . Ch\u00e2teau du Campet .","breadcrumb":{"@id":"https:\/\/toploc.com\/blog\/france\/chateaux-des-landes#breadcrumb"},"inLanguage":"fr-FR","potentialAction":[{"@type":"ReadAction","target":["https:\/\/toploc.com\/blog\/france\/chateaux-des-landes"]}]},{"@type":"ImageObject","inLanguage":"fr-FR","@id":"https:\/\/toploc.com\/blog\/france\/chateaux-des-landes#primaryimage","url":"https:\/\/toploc.com\/blog\/wp-content\/uploads\/2024\/02\/chateau-de-campet-2_3_145349-161434788357736-copie.jpg","contentUrl":"https:\/\/toploc.com\/blog\/wp-content\/uploads\/2024\/02\/chateau-de-campet-2_3_145349-161434788357736-copie.jpg","width":960,"height":640,"caption":"Ch\u00e2teau de Campet \u00a9 Mariages.net"},{"@type":"BreadcrumbList","@id":"https:\/\/toploc.com\/blog\/france\/chateaux-des-landes#breadcrumb","itemListElement":[{"@type":"ListItem","position":1,"name":"Accueil","item":"https:\/\/toploc.com\/blog"},{"@type":"ListItem","position":2,"name":"Les 10 plus beaux ch\u00e2teaux des Landes \u00e0 visiter"}]},{"@type":"WebSite","@id":"https:\/\/toploc.com\/blog\/#website","url":"https:\/\/toploc.com\/blog\/","name":"Toploc","description":"Itin\u00e9raires natures et locations de vacances en groupe","publisher":{"@id":"https:\/\/toploc.com\/blog\/#organization"},"potentialAction":[{"@type":"SearchAction","target":{"@type":"EntryPoint","urlTemplate":"https:\/\/toploc.com\/blog\/?s={search_term_string}"},"query-input":{"@type":"PropertyValueSpecification","valueRequired":true,"valueName":"search_term_string"}}],"inLanguage":"fr-FR"},{"@type":"Organization","@id":"https:\/\/toploc.com\/blog\/#organization","name":"Toploc","url":"https:\/\/toploc.com\/blog\/","logo":{"@type":"ImageObject","inLanguage":"fr-FR","@id":"https:\/\/toploc.com\/blog\/#\/schema\/logo\/image\/","url":"https:\/\/blog.toploc.com\/wp-content\/uploads\/2022\/03\/toploc_facebook_5.png","contentUrl":"https:\/\/blog.toploc.com\/wp-content\/uploads\/2022\/03\/toploc_facebook_5.png","width":600,"height":600,"caption":"Toploc"},"image":{"@id":"https:\/\/toploc.com\/blog\/#\/schema\/logo\/image\/"},"sameAs":["https:\/\/www.facebook.com\/locationfrancophone","https:\/\/www.instagram.com\/toploc_","https:\/\/www.pinterest.fr\/Toploc_\/"]},{"@type":"Person","@id":"https:\/\/toploc.com\/blog\/#\/schema\/person\/e493e6ec213b1c6de6b8e3ab3794d7b0","name":"Alexandra","image":{"@type":"ImageObject","inLanguage":"fr-FR","@id":"https:\/\/toploc.com\/blog\/#\/schema\/person\/image\/","url":"https:\/\/secure.gravatar.com\/avatar\/a42119a3a40440a91ac2a1d3c6d8eb86030f32d77fc402a054e43badfb40c5f2?s=96&d=mm&r=g","contentUrl":"https:\/\/secure.gravatar.com\/avatar\/a42119a3a40440a91ac2a1d3c6d8eb86030f32d77fc402a054e43badfb40c5f2?s=96&d=mm&r=g","caption":"Alexandra"},"description":"Passionn\u00e9e de grands espaces j'ai \u00e0 coeur de partager mes recherches et d\u00e9couvertes \u00e0 la mer, la montagne et la campagne.","url":"https:\/\/toploc.com\/blog\/author\/alexandratoploc-com"}]}},"_links":{"self":[{"href":"https:\/\/toploc.com\/blog\/wp-json\/wp\/v2\/posts\/143206","targetHints":{"allow":["GET"]}}],"collection":[{"href":"https:\/\/toploc.com\/blog\/wp-json\/wp\/v2\/posts"}],"about":[{"href":"https:\/\/toploc.com\/blog\/wp-json\/wp\/v2\/types\/post"}],"author":[{"embeddable":true,"href":"https:\/\/toploc.com\/blog\/wp-json\/wp\/v2\/users\/12"}],"replies":[{"embeddable":true,"href":"https:\/\/toploc.com\/blog\/wp-json\/wp\/v2\/comments?post=143206"}],"version-history":[{"count":5,"href":"https:\/\/toploc.com\/blog\/wp-json\/wp\/v2\/posts\/143206\/revisions"}],"predecessor-version":[{"id":153500,"href":"https:\/\/toploc.com\/blog\/wp-json\/wp\/v2\/posts\/143206\/revisions\/153500"}],"wp:featuredmedia":[{"embeddable":true,"href":"https:\/\/toploc.com\/blog\/wp-json\/wp\/v2\/media\/143228"}],"wp:attachment":[{"href":"https:\/\/toploc.com\/blog\/wp-json\/wp\/v2\/media?parent=143206"}],"wp:term":[{"taxonomy":"category","embeddable":true,"href":"https:\/\/toploc.com\/blog\/wp-json\/wp\/v2\/categories?post=143206"},{"taxonomy":"post_tag","embeddable":true,"href":"https:\/\/toploc.com\/blog\/wp-json\/wp\/v2\/tags?post=143206"}],"curies":[{"name":"wp","href":"https:\/\/api.w.org\/{rel}","templated":true}]}}