{"id":141594,"date":"2024-01-29T10:46:59","date_gmt":"2024-01-29T09:46:59","guid":{"rendered":"https:\/\/blog.toploc.com\/?p=141594"},"modified":"2025-02-05T09:48:05","modified_gmt":"2025-02-05T08:48:05","slug":"chateaux-du-puy-de-dome","status":"publish","type":"post","link":"https:\/\/toploc.com\/blog\/chateaux\/chateaux-du-puy-de-dome","title":{"rendered":"Les 10 plus beaux ch\u00e2teaux du Puy-de-D\u00f4me \u00e0 visiter"},"content":{"rendered":"\n<p>Voici notre s\u00e9lection des meilleurs ch\u00e2teaux du Puy-de-D\u00f4me. Si vous souhaitez visiter un ch\u00e2teau dans le Puy-de-D\u00f4me vous chercherez certainement un h\u00e9bergement pour \u00eatre \u00e0 proximit\u00e9. Les horaires d&#8217;ouvertures et tarifs de visite sont susceptibles d&#8217;\u00e9voluer d&#8217;une saison \u00e0 l&#8217;autre, n&#8217;h\u00e9sitez pas \u00e0 consulter le site du ch\u00e2teau que nous joignons dans les informations. Vous trouverez dans cet article tout ce que vous devez savoir pour choisir les meilleurs ch\u00e2teaux du Puy-de-D\u00f4me.<\/p>\n\n\n\n<div class=\"wp-block-buttons is-content-justification-center is-layout-flex wp-container-core-buttons-is-layout-16018d1d wp-block-buttons-is-layout-flex\">\n<div class=\"wp-block-button has-custom-font-size has-small-font-size\"><a class=\"wp-block-button__link has-background wp-element-button\" href=\"https:\/\/toploc.com\/locations-vacances\/puy-de-dome\/?utm_source=blog&amp;utm_medium=CTA&amp;utm_campaign=chateaux-puy-de-dome\" style=\"background-color:#006b52\"><strong>\ud83d\udc49NOS H\u00c9BERGEMENTS PUY-DE-DOME<\/strong><\/a><\/div>\n<\/div>\n\n\n\n<p>A lire : <a href=\"https:\/\/blog.toploc.com\/blog\/france\/visiter-le-puy-de-dome\">Les 13 choses \u00e0 voir et \u00e0 faire pour visiter le Puy-de-D\u00f4me<\/a><\/p>\n\n\n\n<h2 class=\"wp-block-heading\" id=\"quels-sont-les-plus-beaux-chateaux-de-la-loire\"><span id=\"quels-sont-les-plus-beaux-chateaux-du-puy-de-dome\">Quels sont les plus beaux ch\u00e2teaux du Puy-de-D\u00f4me ?<\/span><\/h2>\n\n\n\n<p>Voici la liste des plus beaux ch\u00e2teaux du Puy-de-D\u00f4me \u00e0 visiter. Nous avons synth\u00e9tis\u00e9 les informations essentielles pour que vous puissiez trouver les ch\u00e2teaux du Puy-de-D\u00f4me qui vous conviennent le mieux. Notez que les informations relatives aux horaires, aux visites guid\u00e9es et tarifs d\u2019entr\u00e9e peuvent changer d\u2019une ann\u00e9e \u00e0 l\u2019autre. N\u2019h\u00e9sitez pas \u00e0 consulter le site du ch\u00e2teau en question que nous joignons dans les informations.<\/p>\n\n\n\n<table id=\"tablepress-214\" class=\"tablepress tablepress-id-214\">\n<thead>\n<tr class=\"row-1 odd\">\n\t<th class=\"column-1\">Ch\u00e2teau<\/th><th class=\"column-2\">Horaires d'ouverture<\/th><th class=\"column-3\">Visite guid\u00e9e<\/th><th class=\"column-4\">Tarif \/ Adulte<\/th><th class=\"column-5\">Avis Voyageurs<\/th>\n<\/tr>\n<\/thead>\n<tbody class=\"row-hover\">\n<tr class=\"row-2 even\">\n\t<td class=\"column-1\">Ch\u00e2teau Royal de Randan<\/td><td class=\"column-2\">10h-19h en \u00e9t\u00e9, 14h-19h en septembre<\/td><td class=\"column-3\">Oui<\/td><td class=\"column-4\">5\u20ac<\/td><td class=\"column-5\">4,4\/5 sur 606 avis Google<\/td>\n<\/tr>\n<tr class=\"row-3 odd\">\n\t<td class=\"column-1\">Ch\u00e2teau d'Effiat<\/td><td class=\"column-2\">14h30-17h30<\/td><td class=\"column-3\">Oui<\/td><td class=\"column-4\">11\u20ac<\/td><td class=\"column-5\">4,4\/5 sur 193 avis Google<\/td>\n<\/tr>\n<tr class=\"row-4 even\">\n\t<td class=\"column-1\">Ch\u00e2teau de Portab\u00e9raud<\/td><td class=\"column-2\">10h-13h\/15h-18h<\/td><td class=\"column-3\">Oui<\/td><td class=\"column-4\">5\u20ac<\/td><td class=\"column-5\">4\/5 sur 82 avis Google<\/td>\n<\/tr>\n<tr class=\"row-5 odd\">\n\t<td class=\"column-1\">Ch\u00e2teau de Denone<\/td><td class=\"column-2\">14h-20h<\/td><td class=\"column-3\">Oui<\/td><td class=\"column-4\">4\u20ac<\/td><td class=\"column-5\">4,7\/5 sur 9 avis Google<\/td>\n<\/tr>\n<tr class=\"row-6 even\">\n\t<td class=\"column-1\">Ch\u00e2teau de Tourno\u00ebl<\/td><td class=\"column-2\">10h-17h<\/td><td class=\"column-3\">Oui<\/td><td class=\"column-4\">10\u20ac<\/td><td class=\"column-5\">4,3\/5 sur 996 avis Google<\/td>\n<\/tr>\n<tr class=\"row-7 odd\">\n\t<td class=\"column-1\">Ch\u00e2teau de la B\u00e2tisse<\/td><td class=\"column-2\">10h-16h30 et \u00e9t\u00e9, 17h-20h30 en hiver<\/td><td class=\"column-3\">Oui<\/td><td class=\"column-4\">7\u20ac80<\/td><td class=\"column-5\">4,4\/5 sur 486 avis Google<\/td>\n<\/tr>\n<tr class=\"row-8 even\">\n\t<td class=\"column-1\">Ch\u00e2teau du Moutier<\/td><td class=\"column-2\">14h30-19h30<\/td><td class=\"column-3\">Oui<\/td><td class=\"column-4\">7\u20ac<\/td><td class=\"column-5\">2,7\/5 sur 3 avis Google<\/td>\n<\/tr>\n<tr class=\"row-9 odd\">\n\t<td class=\"column-1\">Ch\u00e2teau de Ravel<\/td><td class=\"column-2\">10h-17h en \u00e9t\u00e9, 14h-17 en basse saison<\/td><td class=\"column-3\">Oui<\/td><td class=\"column-4\">8\u20ac<\/td><td class=\"column-5\">4,2\/5 sur 449 avis Google<\/td>\n<\/tr>\n<tr class=\"row-10 even\">\n\t<td class=\"column-1\">Ch\u00e2teau de Villemont<\/td><td class=\"column-2\">8h30-17h30<\/td><td class=\"column-3\">Oui<\/td><td class=\"column-4\">Gratuit<\/td><td class=\"column-5\">4,2\/5 sur 19 avis Google<\/td>\n<\/tr>\n<tr class=\"row-11 odd\">\n\t<td class=\"column-1\">Ch\u00e2teau d'Aulteribe<\/td><td class=\"column-2\">10h-12h30\/14h-18h30 en \u00e9t\u00e9, 17h30 en hiver<\/td><td class=\"column-3\">Oui<\/td><td class=\"column-4\">7\u20ac<\/td><td class=\"column-5\">4,6\/5 sur 509 commentaires Google<\/td>\n<\/tr>\n<\/tbody>\n<\/table>\n<!-- #tablepress-214 from cache -->\n\n\n\n<h2 class=\"wp-block-heading\" id=\"ou-sont-les-parcours-accrobranches-de-vendee\"><span id=\"ou-sont-les-plus-beaux-chateaux-du-puy-de-dome\">O\u00f9 sont les plus beaux ch\u00e2teaux du Puy-de-D\u00f4me ?<\/span><\/h2>\n\n\n\n<p>Voici notre carte interactive des 10 plus beaux ch\u00e2teaux du Puy-de-D\u00f4me que nous d\u00e9crivons dans notre article. Cette carte peut vous \u00eatre utile pour trouver le ch\u00e2teau le plus proche de chez vous.<\/p>\n\n\n\n<iframe loading=\"lazy\" src=\"https:\/\/www.google.com\/maps\/d\/embed?mid=1zBAkq3tK24uBJJvNSV4h9OfyP0u5noY&#038;ehbc=2E312F&#038;noprof=1\" width=\"640\" height=\"480\"><\/iframe>\n\n\n\n<h2 class=\"wp-block-heading\" id=\"ch\u00e2teau-royal-de-randan\"><span id=\"chateau-royal-de-randan\">Ch\u00e2teau Royal de Randan<\/span><\/h2>\n\n\n\n<figure class=\"wp-block-image size-full\"><img loading=\"lazy\" decoding=\"async\" width=\"960\" height=\"960\" src=\"https:\/\/blog.toploc.com\/wp-content\/uploads\/2024\/01\/242663216_10159625146423485_7971989769540431973_n.jpg\" alt=\"Ch\u00e2teau Royal de Randan \u00a9 Facebook - Domaine Royal de Randan\" class=\"wp-image-141606\"\/><figcaption class=\"wp-element-caption\">Ch\u00e2teau Royal de Randan \u00a9 Facebook &#8211; Domaine Royal de Randan<\/figcaption><\/figure>\n\n\n\n<h3 class=\"wp-block-heading\" id=\"pourquoi-le-ch\u00e2teau-royal-de-randan-fait-partie-des-plus-beaux-ch\u00e2teaux-du-puy-de-d\u00f4me-\"><span id=\"pourquoi-le-chateau-royal-de-randan-fait-partie-des-plus-beaux-chateaux-du-puy-de-dome\">Pourquoi le Ch\u00e2teau Royal de Randan fait partie des plus beaux ch\u00e2teaux du Puy-de-D\u00f4me ?<\/span><\/h3>\n\n\n\n<p>Le ch\u00e2teau royal de Randan se situe au nord du d\u00e9partement, proche de l&#8217;Allier, au nord-est de Clermont-Ferrand. Ce ch\u00e2teau du Puy-de-D\u00f4me renferme une collection de 450 animaux naturalis\u00e9s. Une exposition vous pr\u00e9sente \u00e9galement un \u00e9ventail de meubles et objets acquis ou restaur\u00e9s r\u00e9cemment. Le parc, d&#8217;une superficie de 40 hectares, vous invite \u00e0 faire de longues balades. La visite guid\u00e9e du domaine comprend les vestiges du ch\u00e2teau, la chapelle et l&#8217;aile des cuisines avec une pr\u00e9sentation du parc, accessibles uniquement accompagn\u00e9. En saison, des visites th\u00e9matiques sont propos\u00e9es (visites nocturnes, sorties nature&#8230;) le calendrier se trouve sur le site. Le ch\u00e2teau ouvre ses portes au public de juillet \u00e0 septembre. Les chiens tenus en laisse sont admis dans le parc et les petits chiens port\u00e9s sont autoris\u00e9s dans le ch\u00e2teau.<\/p>\n\n\n\n<div class=\"wp-block-buttons is-content-justification-center is-layout-flex wp-container-core-buttons-is-layout-16018d1d wp-block-buttons-is-layout-flex\">\n<div class=\"wp-block-button has-custom-font-size has-small-font-size\"><a class=\"wp-block-button__link has-background wp-element-button\" href=\"https:\/\/toploc.com\/locations-vacances\/puy-de-dome\/?utm_source=blog&amp;utm_medium=CTA&amp;utm_campaign=chateaux-puy-de-dome\" style=\"background-color:#006b52\"><strong>\ud83d\udc49NOS H\u00c9BERGEMENTS PUY-DE-DOME<\/strong><\/a><\/div>\n<\/div>\n\n\n\n<h3 class=\"wp-block-heading\" id=\"infos-cl\u00e9s---ch\u00e2teau-royal-de-randan-\"><span id=\"infos-cles-chateau-royal-de-randan\">Infos cl\u00e9s &#8211; Ch\u00e2teau Royal de Randan :<\/span><\/h3>\n\n\n\n<p>Voici toutes les informations utiles pour visiter le Ch\u00e2teau Royal de Randan qui fait partie des plus beaux ch\u00e2teaux du Puy-de-D\u00f4me :<\/p>\n\n\n\n<ul class=\"wp-block-list\">\n<li><strong>Horaires d&#8217;ouverture<\/strong>&nbsp;: 10h-19h en \u00e9t\u00e9, 14h-19h en septembre<\/li>\n\n\n\n<li><strong>Epoque<\/strong>&nbsp;: 1821<\/li>\n\n\n\n<li><strong>Visite guid\u00e9e<\/strong>&nbsp;: Oui<\/li>\n\n\n\n<li><strong>Plus d&#8217;informations<\/strong>\u00a0:\u00a0Ch\u00e2teau Royal de Randan<\/li>\n\n\n\n<li><strong>Adresse<\/strong>&nbsp;: 50 rue du commerce 63310 Randan<\/li>\n\n\n\n<li><strong>Tarif<\/strong>&nbsp;: 5\u20ac<\/li>\n\n\n\n<li><strong>Chiens autoris\u00e9s<\/strong>&nbsp;: Oui, petit chien port\u00e9<\/li>\n\n\n\n<li><strong>Avis Google<\/strong>&nbsp;: 4,4\/5 sur 606 avis Google<\/li>\n<\/ul>\n\n\n\n<h2 class=\"wp-block-heading\" id=\"ch\u00e2teau-deffiat\"><span id=\"chateau-deffiat\">Ch\u00e2teau d&#8217;Effiat<\/span><\/h2>\n\n\n\n<figure class=\"wp-block-image size-full\"><img loading=\"lazy\" decoding=\"async\" width=\"1600\" height=\"1200\" src=\"https:\/\/blog.toploc.com\/wp-content\/uploads\/2024\/01\/6892434-diaporama.jpg\" alt=\"Ch\u00e2teau d'Effiat \u00a9 Terre Volcana\" class=\"wp-image-141608\"\/><figcaption class=\"wp-element-caption\">Ch\u00e2teau d&#8217;Effiat \u00a9 Terre Volcana<\/figcaption><\/figure>\n\n\n\n<h3 class=\"wp-block-heading\" id=\"pourquoi-le-ch\u00e2teau-deffiat-fait-partie-des-plus-beaux-ch\u00e2teaux-du-puy-de-d\u00f4me-\"><span id=\"pourquoi-le-chateau-deffiat-fait-partie-des-plus-beaux-chateaux-du-puy-de-dome\">Pourquoi le Ch\u00e2teau d&#8217;Effiat fait partie des plus beaux ch\u00e2teaux du Puy-de-D\u00f4me ?<\/span><\/h3>\n\n\n\n<p>Le ch\u00e2teau d&#8217;Effiat se trouve au nord-est du d\u00e9partement et de Clermont-Ferrand, \u00e0 la fronti\u00e8re de l&#8217;Allier. Sous Louis XVI, une \u00e9cole royale militaire formait des cadres d&#8217;exceptions jusqu&#8217;en 1793. Le parc de 120 hectares offre un jardin \u00e0 la fran\u00e7aise, des terrasses, des pi\u00e8ces d&#8217;eau avec fontaines. La nuit, les fa\u00e7ades s&#8217;illuminent. Le monument class\u00e9 historique depuis 1946 ouvre ses portes aux visiteurs de fin mars \u00e0 d\u00e9but octobre. La visite est gratuite pour les moins de 12 ans. Les chiens tenus en laisse sont admis lors des visites. Vous pouvez \u00e9galement louer le ch\u00e2teau pour vos mariages et autres ev\u00e9nements.<\/p>\n\n\n\n<div class=\"wp-block-buttons is-content-justification-center is-layout-flex wp-container-core-buttons-is-layout-16018d1d wp-block-buttons-is-layout-flex\">\n<div class=\"wp-block-button has-custom-font-size has-small-font-size\"><a class=\"wp-block-button__link has-background wp-element-button\" href=\"https:\/\/toploc.com\/locations-vacances\/puy-de-dome\/?utm_source=blog&amp;utm_medium=CTA&amp;utm_campaign=chateaux-puy-de-dome\" style=\"background-color:#006b52\"><strong>\ud83d\udc49NOS H\u00c9BERGEMENTS PUY-DE-DOME<\/strong><\/a><\/div>\n<\/div>\n\n\n\n<h3 class=\"wp-block-heading\" id=\"infos-cl\u00e9s---ch\u00e2teau-deffiat-\"><span id=\"infos-cles-chateau-deffiat\">Infos cl\u00e9s &#8211; Ch\u00e2teau d&#8217;Effiat :<\/span><\/h3>\n\n\n\n<p>Voici toutes les informations utiles pour visiter le Ch\u00e2teau d&#8217;Effiat qui fait partie des plus beaux ch\u00e2teaux du Puy-de-D\u00f4me :<\/p>\n\n\n\n<ul class=\"wp-block-list\">\n<li><strong>Horaires d&#8217;ouverture<\/strong>&nbsp;: 14h30-17h30<\/li>\n\n\n\n<li><strong>Epoque<\/strong>&nbsp;: 1627<\/li>\n\n\n\n<li><strong>Visite guid\u00e9e<\/strong>&nbsp;: Oui<\/li>\n\n\n\n<li><strong>Plus d&#8217;informations<\/strong>\u00a0:\u00a0Ch\u00e2teau d&#8217;Effiat<\/li>\n\n\n\n<li><strong>Adresse<\/strong>&nbsp;: 3 rue de l&#8217;Ecole Militaire 63260 Effiat<\/li>\n\n\n\n<li><strong>Tarif<\/strong>&nbsp;: 11\u20ac<\/li>\n\n\n\n<li><strong>Chiens autoris\u00e9s<\/strong>&nbsp;: Oui, en laisse<\/li>\n\n\n\n<li><strong>Avis Google<\/strong>&nbsp;: 4,4\/5 sur 193 avis Google<\/li>\n<\/ul>\n\n\n\n<h2 class=\"wp-block-heading\" id=\"ch\u00e2teau-de-portab\u00e9raud\"><span id=\"chateau-de-portaberaud\">Ch\u00e2teau de Portab\u00e9raud<\/span><\/h2>\n\n\n\n<figure class=\"wp-block-image size-full\"><img loading=\"lazy\" decoding=\"async\" width=\"1600\" height=\"1003\" src=\"https:\/\/blog.toploc.com\/wp-content\/uploads\/2024\/01\/16728705-diaporama-1.jpg\" alt=\"Ch\u00e2teau de Portab\u00e9raud \u00a9 Terre Volcana\" class=\"wp-image-141610\"\/><figcaption class=\"wp-element-caption\">Ch\u00e2teau de Portab\u00e9raud \u00a9 Terre Volcana<\/figcaption><\/figure>\n\n\n\n<h3 class=\"wp-block-heading\" id=\"pourquoi-le-ch\u00e2teau-de-portab\u00e9raud-fait-partie-des-plus-beaux-ch\u00e2teaux-du-puy-de-d\u00f4me-\"><span id=\"pourquoi-le-chateau-de-portaberaud-fait-partie-des-plus-beaux-chateaux-du-puy-de-dome\">Pourquoi le Ch\u00e2teau de Portab\u00e9raud fait partie des plus beaux ch\u00e2teaux du Puy-de-D\u00f4me ?<\/span><\/h3>\n\n\n\n<p>Le ch\u00e2teau de Portab\u00e9raud se situe au nord du Puy-de-D\u00f4me et de Clermont-Ferrand, au nord des volcans d&#8217;Auvergne. Lorsque le ch\u00e2teau du Puy-de-D\u00f4me ouvre ses portes de juillet \u00e0 septembre, vous pouvez vous initier au parcours de jeu de piste pour d\u00e9couvrir les secrets cach\u00e9s de l&#8217;histoire de l&#8217;\u00e9difice et son patrimoine. Vous d\u00e9couvrirez l&#8217;art de la ferronerie, les m\u00e9daillons peints de la chapelle et les statues en terre cuite. Le jardin \u00e0 la fran\u00e7aise et son architecture en terrasse se pr\u00eate bien \u00e0 la fl\u00e2nerie, tandis que des bancs en pierre de Volvic d&#8217;origine vous invite \u00e0 faire une pause hors du temps. Le monument est inscrit aux monuments historiquesVous pouvez \u00e9galement privatiser les jardins pour vos s\u00e9ances photos.<\/p>\n\n\n\n<div class=\"wp-block-buttons is-content-justification-center is-layout-flex wp-container-core-buttons-is-layout-16018d1d wp-block-buttons-is-layout-flex\">\n<div class=\"wp-block-button has-custom-font-size has-small-font-size\"><a class=\"wp-block-button__link has-background wp-element-button\" href=\"https:\/\/toploc.com\/locations-vacances\/puy-de-dome\/?utm_source=blog&amp;utm_medium=CTA&amp;utm_campaign=chateaux-puy-de-dome\" style=\"background-color:#006b52\"><strong>\ud83d\udc49NOS H\u00c9BERGEMENTS PUY-DE-DOME<\/strong><\/a><\/div>\n<\/div>\n\n\n\n<h3 class=\"wp-block-heading\" id=\"infos-cl\u00e9s---ch\u00e2teau-de-portab\u00e9raud-\"><span id=\"infos-cles-chateau-de-portaberaud\">Infos cl\u00e9s &#8211; Ch\u00e2teau de Portab\u00e9raud :<\/span><\/h3>\n\n\n\n<p>Voici toutes les informations utiles pour visiter le Ch\u00e2teau de Portab\u00e9raud qui fait partie des plus beaux ch\u00e2teaux du Puy-de-D\u00f4me :<\/p>\n\n\n\n<ul class=\"wp-block-list\">\n<li><strong>Horaires d&#8217;ouverture<\/strong>&nbsp;: 10h-13h\/15h-18h<\/li>\n\n\n\n<li><strong>Epoque<\/strong>&nbsp;: 1627<\/li>\n\n\n\n<li><strong>Visite guid\u00e9e<\/strong>&nbsp;: Oui<\/li>\n\n\n\n<li><strong>Plus d&#8217;informations<\/strong>\u00a0:\u00a0Ch\u00e2teau de Portab\u00e9raud<\/li>\n\n\n\n<li><strong>Adresse<\/strong>&nbsp;: Portab\u00e9raud 63200 Mozac<\/li>\n\n\n\n<li><strong>Tarif<\/strong>&nbsp;: 5\u20ac<\/li>\n\n\n\n<li><strong>Chiens autoris\u00e9s<\/strong>&nbsp;: Oui<\/li>\n\n\n\n<li><strong>Avis Google<\/strong>&nbsp;: 4\/5 sur 82 avis Google<\/li>\n<\/ul>\n\n\n\n<h2 class=\"wp-block-heading\" id=\"ch\u00e2teau-de-denone\"><span id=\"chateau-de-denone\">Ch\u00e2teau de Denone<\/span><\/h2>\n\n\n\n<figure class=\"wp-block-image size-full\"><img loading=\"lazy\" decoding=\"async\" width=\"640\" height=\"427\" src=\"https:\/\/blog.toploc.com\/wp-content\/uploads\/2024\/01\/image-1009.png\" alt=\"Ch\u00e2teau de Denone \u00e0 visiter dans le Puy-de-D\u00f4me \u00a9 Chateau de Denone\" class=\"wp-image-141675\"\/><figcaption class=\"wp-element-caption\">Ch\u00e2teau de Denone \u00e0 visiter dans le Puy-de-D\u00f4me \u00a9 Chateau de Denone<\/figcaption><\/figure>\n\n\n\n<h3 class=\"wp-block-heading\" id=\"pourquoi-le-ch\u00e2teau-de-denone-fait-partie-des-plus-beaux-ch\u00e2teaux-du-puy-de-d\u00f4me-\"><span id=\"pourquoi-le-chateau-de-denone-fait-partie-des-plus-beaux-chateaux-du-puy-de-dome\">Pourquoi le Ch\u00e2teau de Denone fait partie des plus beaux ch\u00e2teaux du Puy-de-D\u00f4me ?<\/span><\/h3>\n\n\n\n<p>Le ch\u00e2teau de Denone se trouve au nord du d\u00e9partement , au nord-est de Clermont-Ferrand, proche de l&#8217;Allier. Ce ch\u00e2teau du Puy-de-D\u00f4me a \u00e9t\u00e9 \u00e9rig\u00e9 en 1560, au milieu de trois tours plus anciennes, restes d&#8217;une antique forteresse. Il se compose de deux corps de logis en L. De magnifiques jardins et des douves bordent l&#8217;\u00e9difice. La fonction premi\u00e8re de ces douves \u00e9tait le drainage des eaux de ruissellement qui abondaient dans cette r\u00e9gion. Depuis le ch\u00e2teau, vous avez une jolie vue sur la cha\u00eene des D\u00f4mes au loin. Les visites se font accompagn\u00e9es uniquement. Les chiens ne sont admis que dans le jardin et en laisse.<\/p>\n\n\n\n<div class=\"wp-block-buttons is-content-justification-center is-layout-flex wp-container-core-buttons-is-layout-16018d1d wp-block-buttons-is-layout-flex\">\n<div class=\"wp-block-button has-custom-font-size has-small-font-size\"><a class=\"wp-block-button__link has-background wp-element-button\" href=\"https:\/\/toploc.com\/locations-vacances\/puy-de-dome\/?utm_source=blog&amp;utm_medium=CTA&amp;utm_campaign=chateaux-puy-de-dome\" style=\"background-color:#006b52\"><strong>\ud83d\udc49NOS H\u00c9BERGEMENTS PUY-DE-DOME<\/strong><\/a><\/div>\n<\/div>\n\n\n\n<h3 class=\"wp-block-heading\" id=\"infos-cl\u00e9s---ch\u00e2teau-de-denone-\"><span id=\"infos-cles-chateau-de-denone\">Infos cl\u00e9s &#8211; Ch\u00e2teau de Denone :<\/span><\/h3>\n\n\n\n<p>Voici toutes les informations utiles pour visiter le Ch\u00e2teau de Denone qui fait partie des plus beaux ch\u00e2teaux du Puy-de-D\u00f4me :<\/p>\n\n\n\n<ul class=\"wp-block-list\">\n<li><strong>Horaires d&#8217;ouverture<\/strong>&nbsp;: 14h-20h<\/li>\n\n\n\n<li><strong>Epoque<\/strong>&nbsp;: 1560<\/li>\n\n\n\n<li><strong>Visite guid\u00e9e<\/strong>&nbsp;: Oui<\/li>\n\n\n\n<li><strong>Plus d&#8217;informations<\/strong>\u00a0:\u00a0Ch\u00e2teau de Denone<\/li>\n\n\n\n<li><strong>Adresse<\/strong>&nbsp;: 3 rue de l&#8217;Orme Charoin Denone 63260 Effiat<\/li>\n\n\n\n<li><strong>Tarif<\/strong>&nbsp;: 4\u20ac<\/li>\n\n\n\n<li><strong>Chiens autoris\u00e9s<\/strong>&nbsp;: Oui, dans le jardin<\/li>\n\n\n\n<li><strong>Avis Google<\/strong>&nbsp;: 4,7\/5 sur 9 avis Google<\/li>\n<\/ul>\n\n\n\n<h2 class=\"wp-block-heading\" id=\"ch\u00e2teau-de-tourno\u00ebl\"><span id=\"chateau-de-tournoel\">Ch\u00e2teau de Tourno\u00ebl<\/span><\/h2>\n\n\n\n<figure class=\"wp-block-image size-full\"><img loading=\"lazy\" decoding=\"async\" width=\"1600\" height=\"900\" src=\"https:\/\/blog.toploc.com\/wp-content\/uploads\/2024\/01\/789273418b8c6689640d397c9efd0631-11130137-1600x900-1.jpg\" alt=\"Ch\u00e2teau de Tourno\u00ebl \u00a9 Auvergne Destination\" class=\"wp-image-141615\"\/><figcaption class=\"wp-element-caption\">Ch\u00e2teau de Tourno\u00ebl \u00a9 Auvergne Destination<\/figcaption><\/figure>\n\n\n\n<h3 class=\"wp-block-heading\" id=\"pourquoi-le-ch\u00e2teau-de-tourno\u00ebl-fait-partie-des-plus-beaux-ch\u00e2teaux-du-puy-de-d\u00f4me-\"><span id=\"pourquoi-le-chateau-de-tournoel-fait-partie-des-plus-beaux-chateaux-du-puy-de-dome\">Pourquoi le Ch\u00e2teau de Tourno\u00ebl fait partie des plus beaux ch\u00e2teaux du Puy-de-D\u00f4me ?<\/span><\/h3>\n\n\n\n<p>Le ch\u00e2teau de Tourno\u00ebl se situe \u00e0 quelques kilom\u00e8tres au nord de Clermont-Ferrand, au nord des volcans d&#8217;Auvergne. L&#8217;\u00e9difice a \u00e9t\u00e9 construit sur plusieurs si\u00e8cles : 1200 le donjon carr\u00e9, XIVe si\u00e8cle le donjon rond et XVe si\u00e8cle, des travaux de d\u00e9coratiion, la chapelle et une tour \u00e0 canons. D\u00e8s lors, la vieille tour d&#8217;escalier s&#8217;\u00e9quipe d&#8217;une magnifique d\u00e9coration gothique sculpt\u00e9e dans la pierre de Volvic. Les b\u00e9n\u00e9fices retir\u00e9s des visites sont revers\u00e9s \u00e0 la restauration du monument. Les visites se font obligatoirement accompagn\u00e9es et uniquement en juillet et ao\u00fbt.<\/p>\n\n\n\n<div class=\"wp-block-buttons is-content-justification-center is-layout-flex wp-container-core-buttons-is-layout-16018d1d wp-block-buttons-is-layout-flex\">\n<div class=\"wp-block-button has-custom-font-size has-small-font-size\"><a class=\"wp-block-button__link has-background wp-element-button\" href=\"https:\/\/toploc.com\/locations-vacances\/puy-de-dome\/?utm_source=blog&amp;utm_medium=CTA&amp;utm_campaign=chateaux-puy-de-dome\" style=\"background-color:#006b52\"><strong>\ud83d\udc49NOS H\u00c9BERGEMENTS PUY-DE-DOME<\/strong><\/a><\/div>\n<\/div>\n\n\n\n<h3 class=\"wp-block-heading\" id=\"infos-cl\u00e9s---ch\u00e2teau-de-tourno\u00ebl-\"><span id=\"infos-cles-chateau-de-tournoel\">Infos cl\u00e9s &#8211; Ch\u00e2teau de Tourno\u00ebl :<\/span><\/h3>\n\n\n\n<p>Voici toutes les informations utiles pour visiter le Ch\u00e2teau de Tourno\u00ebl qui fait partie des plus beaux ch\u00e2teaux du Puy-de-D\u00f4me :<\/p>\n\n\n\n<ul class=\"wp-block-list\">\n<li><strong>Horaires d&#8217;ouverture<\/strong>&nbsp;: 10h-17h<\/li>\n\n\n\n<li><strong>Epoque<\/strong>&nbsp;: XIIIe si\u00e8cle<\/li>\n\n\n\n<li><strong>Visite guid\u00e9e<\/strong>&nbsp;: Oui<\/li>\n\n\n\n<li><strong>Plus d&#8217;informations<\/strong>\u00a0:\u00a0Ch\u00e2teau de Tourno\u00ebl<\/li>\n\n\n\n<li><strong>Adresse<\/strong>&nbsp;: 10 rue des Remparts 63530 Volvic<\/li>\n\n\n\n<li><strong>Tarif<\/strong>&nbsp;: 10\u20ac<\/li>\n\n\n\n<li><strong>Chiens autoris\u00e9s<\/strong>&nbsp;: Oui<\/li>\n\n\n\n<li><strong>Avis Google<\/strong>&nbsp;: 4,3\/5 sur 996 avis Google<\/li>\n<\/ul>\n\n\n\n<h2 class=\"wp-block-heading\" id=\"ch\u00e2teau-de-la-b\u00e2tisse\"><span id=\"chateau-de-la-batisse\">Ch\u00e2teau de la B\u00e2tisse<\/span><\/h2>\n\n\n\n<figure class=\"wp-block-image size-full\"><img loading=\"lazy\" decoding=\"async\" width=\"2048\" height=\"1152\" src=\"https:\/\/blog.toploc.com\/wp-content\/uploads\/2024\/01\/11978116.jpg\" alt=\"Ch\u00e2teau de la B\u00e2tisse \u00a9 Clermont Auvergne Tourisme\" class=\"wp-image-141616\"\/><figcaption class=\"wp-element-caption\">Ch\u00e2teau de la B\u00e2tisse \u00a9 Clermont Auvergne Tourisme<\/figcaption><\/figure>\n\n\n\n<h3 class=\"wp-block-heading\" id=\"pourquoi-le-ch\u00e2teau-de-la-b\u00e2tisse-fait-partie-des-plus-beaux-ch\u00e2teaux-du-puy-de-d\u00f4me-\"><span id=\"pourquoi-le-chateau-de-la-batisse-fait-partie-des-plus-beaux-chateaux-du-puy-de-dome\">Pourquoi le Ch\u00e2teau de la B\u00e2tisse fait partie des plus beaux ch\u00e2teaux du Puy-de-D\u00f4me ?<\/span><\/h3>\n\n\n\n<p>Le ch\u00e2teau de la B\u00e2tisse se situe au coeur du d\u00e9partement, \u00e0 quelques kilom\u00e8tres au sud de Clermont-Ferrand. Le ch\u00e2teau propose de nombreuses animations toute l&#8217;ann\u00e9e, le calendrier est disponible sur le site. Un sentier de 2km traverse le domaine, longe la rivi\u00e8re Auzon et passe par des for\u00eats et cascades. Le jardin \u00e0 la fran\u00e7aise vous emm\u00e8nera vers un labyrinthe v\u00e9g\u00e9tal. Vous passerez \u00e9galement par la premi\u00e8re tour de surveillance, qui a \u00e9t\u00e9 par la suite agrandie en forteresse et s&#8217;est vue pas mal transform\u00e9e au fil des si\u00e8cles. Les tours et les fortifications d\u00e9fnsives ont \u00e9volu\u00e9e pour en faire un ch\u00e2teau de plaisance. Visitez les collections d&#8217;armes de la salle des gardes, la cuisine et sa chemin\u00e9e d&#8217;exception ou encore la salle \u00e0 manger au pr\u00e9cieux plancher. Les chiens tenus en laisse sont admis dans le parc. Le ch\u00e2teau ouvre ses portes d&#8217;avril \u00e0 novembre.<\/p>\n\n\n\n<div class=\"wp-block-buttons is-content-justification-center is-layout-flex wp-container-core-buttons-is-layout-16018d1d wp-block-buttons-is-layout-flex\">\n<div class=\"wp-block-button has-custom-font-size has-small-font-size\"><a class=\"wp-block-button__link has-background wp-element-button\" href=\"https:\/\/toploc.com\/locations-vacances\/puy-de-dome\/?utm_source=blog&amp;utm_medium=CTA&amp;utm_campaign=chateaux-puy-de-dome\" style=\"background-color:#006b52\"><strong>\ud83d\udc49NOS H\u00c9BERGEMENTS PUY-DE-DOME<\/strong><\/a><\/div>\n<\/div>\n\n\n\n<h3 class=\"wp-block-heading\" id=\"infos-cl\u00e9s---ch\u00e2teau-de-la-b\u00e2tisse-\"><span id=\"infos-cles-chateau-de-la-batisse\">Infos cl\u00e9s &#8211; Ch\u00e2teau de la B\u00e2tisse :<\/span><\/h3>\n\n\n\n<p>Voici toutes les informations utiles pour visiter le Ch\u00e2teau de la B\u00e2tisse qui fait partie des plus beaux ch\u00e2teaux du Puy-de-D\u00f4me :<\/p>\n\n\n\n<ul class=\"wp-block-list\">\n<li><strong>Horaires d&#8217;ouverture<\/strong>&nbsp;: 10h-16h30<\/li>\n\n\n\n<li><strong>Epoque<\/strong>&nbsp;: XIVe si\u00e8cle<\/li>\n\n\n\n<li><strong>Visite guid\u00e9e<\/strong>&nbsp;: Oui<\/li>\n\n\n\n<li><strong>Plus d&#8217;informations<\/strong>\u00a0:\u00a0Ch\u00e2teau de la B\u00e2tisse<\/li>\n\n\n\n<li><strong>Adresse<\/strong>&nbsp;: 63450 Chanonat<\/li>\n\n\n\n<li><strong>Tarif<\/strong>&nbsp;: 7\u20ac80<\/li>\n\n\n\n<li><strong>Chiens autoris\u00e9s<\/strong>&nbsp;: Oui, dans le parc<\/li>\n\n\n\n<li><strong>Avis Google<\/strong>&nbsp;: 4,4\/5 sur 486 avis Google<\/li>\n<\/ul>\n\n\n\n<h2 class=\"wp-block-heading\" id=\"ch\u00e2teau-du-moutier\"><span id=\"chateau-du-moutier\">Ch\u00e2teau du Moutier<\/span><\/h2>\n\n\n\n<figure class=\"wp-block-image size-full\"><img loading=\"lazy\" decoding=\"async\" width=\"640\" height=\"480\" src=\"https:\/\/blog.toploc.com\/wp-content\/uploads\/2024\/01\/c42f9f8eff89bbc351287fd11f2e9abc-10067896-640x480-1.jpg\" alt=\"Abbaye du Moutier \u00a9 Auvergne Destination\" class=\"wp-image-141617\"\/><figcaption class=\"wp-element-caption\">Abbaye du Moutier \u00a9 Auvergne Destination<\/figcaption><\/figure>\n\n\n\n<h3 class=\"wp-block-heading\" id=\"pourquoi-le-ch\u00e2teau-du-moutier-fait-partie-des-plus-beaux-ch\u00e2teaux-du-puy-de-d\u00f4me-\"><span id=\"pourquoi-le-chateau-du-moutier-fait-partie-des-plus-beaux-chateaux-du-puy-de-dome\">Pourquoi le Ch\u00e2teau du Moutier fait partie des plus beaux ch\u00e2teaux du Puy-de-D\u00f4me ?<\/span><\/h3>\n\n\n\n<p>L&#8217;abbaye du Moutier se situe \u00e0 l&#8217;Est du d\u00e9partement sur <a href=\"https:\/\/route-chateaux-auvergne.org\/chateau\/logis-abbatial-du-moutier\/\">la route historique des ch\u00e2teaux d&#8217;Auvergne<\/a>. Le Ch\u00e2teau du Moutier est proche de la Loire, dans le Livradois-Forez, \u00e0 l&#8217;Est de Clermont-Ferrand. Cette abbaye est en fait un logis fortifi\u00e9 fa\u00e7onn\u00e9e par l&#8217;Histoire depuis le XIe si\u00e8cle. Les crues de la Durolle ont quelque peu maltrait\u00e9 l&#8217;\u00e9difice au fil des si\u00e8cles. Aujourd&#8217;hui, les deux tours qui bordent la tour en ogive et le logis fortifi\u00e9, avec ses int\u00e9rieurs orn\u00e9s et ses appartements encore habit\u00e9s. L&#8217;abbaye est membre de la f\u00e9d\u00e9ration des sites clunisiens et de la route historique des ch\u00e2teaux d&#8217;Auvergne. Son parc d&#8217;un hectare vous invite \u00e0 vous promener au milieu d&#8217;arbres rares et de vous pr\u00e9lasser pr\u00e8s de la gloriette.<\/p>\n\n\n\n<div class=\"wp-block-buttons is-content-justification-center is-layout-flex wp-container-core-buttons-is-layout-16018d1d wp-block-buttons-is-layout-flex\">\n<div class=\"wp-block-button has-custom-font-size has-small-font-size\"><a class=\"wp-block-button__link has-background wp-element-button\" href=\"https:\/\/toploc.com\/locations-vacances\/puy-de-dome\/?utm_source=blog&amp;utm_medium=CTA&amp;utm_campaign=chateaux-puy-de-dome\" style=\"background-color:#006b52\"><strong>\ud83d\udc49NOS H\u00c9BERGEMENTS PUY-DE-DOME<\/strong><\/a><\/div>\n<\/div>\n\n\n\n<h3 class=\"wp-block-heading\" id=\"infos-cl\u00e9s---ch\u00e2teau-du-moutier-\"><span id=\"infos-cles-chateau-du-moutier\">Infos cl\u00e9s &#8211; Ch\u00e2teau du Moutier :<\/span><\/h3>\n\n\n\n<p>Voici toutes les informations utiles pour visiter le Ch\u00e2teau du Moutier qui fait partie des plus beaux ch\u00e2teaux du Puy-de-D\u00f4me :<\/p>\n\n\n\n<ul class=\"wp-block-list\">\n<li><strong>Horaires d&#8217;ouverture<\/strong>&nbsp;: 14h30-19h30<\/li>\n\n\n\n<li><strong>Epoque<\/strong>&nbsp;: XI<\/li>\n\n\n\n<li><strong>Visite guid\u00e9e<\/strong>&nbsp;: Oui<\/li>\n\n\n\n<li><strong>Plus d&#8217;informations<\/strong>\u00a0:\u00a0Ch\u00e2teau du Moutier<\/li>\n\n\n\n<li><strong>Adresse<\/strong>&nbsp;: 50 rue du Moutier 63300 Thiers<\/li>\n\n\n\n<li><strong>Tarif<\/strong>&nbsp;: 7\u20ac<\/li>\n\n\n\n<li><strong>Chiens autoris\u00e9s<\/strong>&nbsp;: &#8211;<\/li>\n\n\n\n<li><strong>Avis Google<\/strong>&nbsp;: 5\/5 sur 1 avis Google<\/li>\n<\/ul>\n\n\n\n<h2 class=\"wp-block-heading\" id=\"ch\u00e2teau-de-ravel\"><span id=\"chateau-de-ravel\">Ch\u00e2teau de Ravel<\/span><\/h2>\n\n\n\n<figure class=\"wp-block-image size-full\"><img loading=\"lazy\" decoding=\"async\" width=\"640\" height=\"360\" src=\"https:\/\/blog.toploc.com\/wp-content\/uploads\/2024\/01\/175104143064221830cc858.png\" alt=\"Ch\u00e2teau de Ravel dans le Puy-de-D\u00f4me \u00a9 Sciences Po Alumni\" class=\"wp-image-141618\"\/><figcaption class=\"wp-element-caption\">Ch\u00e2teau de Ravel \u00a9 Sciences Po Alumni<\/figcaption><\/figure>\n\n\n\n<h3 class=\"wp-block-heading\" id=\"pourquoi-le-ch\u00e2teau-de-ravel-fait-partie-des-plus-beaux-ch\u00e2teaux-du-puy-de-d\u00f4me-\"><span id=\"pourquoi-le-chateau-de-ravel-fait-partie-des-plus-beaux-chateaux-du-puy-de-dome\">Pourquoi le Ch\u00e2teau de Ravel fait partie des plus beaux ch\u00e2teaux du Puy-de-D\u00f4me ?<\/span><\/h3>\n\n\n\n<p>Le ch\u00e2teau de Ravel se situe \u00e0 l&#8217;Est de Clermont-Ferrand, en p\u00e9riph\u00e9rie du Livradois-Forez. Ce ch\u00e2teau du Puy-de-D\u00f4me \u00e9tait \u00e0 l&#8217;origine une forteresse f\u00e9odale puis royale, on lui ajouta donc six tours. Au XVIIe si\u00e8cle on am\u00e9nagea des jardins \u00e0 la fran\u00e7aise, une terrasse nord avec huit arcades,un am\u00e9nagement d&#8217;int\u00e9rieur et de grandes fen\u00eatres. Un escalier monumental m\u00e8ne de l&#8217;entresol des m\u00e9daillons au vestibule du premier \u00e9tage. Ce vestibule situ\u00e9 dans l&#8217;aile centrale a \u00e9t\u00e9 am\u00e9nag\u00e9 au XVIIIe si\u00e8cle. L&#8217;ancienne salle des gardes est devenue une salle des \u00e9cussons majoritairement auvergnats. Le ch\u00e2teau n&#8217;est pas accessibles aux persones \u00e0 mobilit\u00e9 r\u00e9duite, ni aux animaux.<\/p>\n\n\n\n<div class=\"wp-block-buttons is-content-justification-center is-layout-flex wp-container-core-buttons-is-layout-16018d1d wp-block-buttons-is-layout-flex\">\n<div class=\"wp-block-button has-custom-font-size has-small-font-size\"><a class=\"wp-block-button__link has-background wp-element-button\" href=\"https:\/\/toploc.com\/locations-vacances\/puy-de-dome\/?utm_source=blog&amp;utm_medium=CTA&amp;utm_campaign=chateaux-puy-de-dome\" style=\"background-color:#006b52\"><strong>\ud83d\udc49NOS H\u00c9BERGEMENTS PUY-DE-DOME<\/strong><\/a><\/div>\n<\/div>\n\n\n\n<h3 class=\"wp-block-heading\" id=\"infos-cl\u00e9s---ch\u00e2teau-de-ravel-\"><span id=\"infos-cles-chateau-de-ravel\">Infos cl\u00e9s &#8211; Ch\u00e2teau de Ravel :<\/span><\/h3>\n\n\n\n<p>Voici toutes les informations utiles pour visiter le Ch\u00e2teau de Ravel qui fait partie des plus beaux ch\u00e2teaux du Puy-de-D\u00f4me :<\/p>\n\n\n\n<ul class=\"wp-block-list\">\n<li><strong>Horaires d&#8217;ouverture<\/strong>&nbsp;: 10h-17h en \u00e9t\u00e9, 14h-17 en basse saison<\/li>\n\n\n\n<li><strong>Epoque<\/strong>&nbsp;: 1147<\/li>\n\n\n\n<li><strong>Visite guid\u00e9e<\/strong>&nbsp;: Oui<\/li>\n\n\n\n<li><strong>Plus d&#8217;informations<\/strong>\u00a0:\u00a0Ch\u00e2teau de Ravel<\/li>\n\n\n\n<li><strong>Adresse<\/strong>&nbsp;: 63190 Ravel<\/li>\n\n\n\n<li><strong>Tarif<\/strong>&nbsp;: 8\u20ac<\/li>\n\n\n\n<li><strong>Chiens autoris\u00e9s<\/strong>&nbsp;: Non<\/li>\n\n\n\n<li><strong>Avis Google<\/strong>&nbsp;: 4,2\/5 sur 449 avis Google<\/li>\n<\/ul>\n\n\n\n<h2 class=\"wp-block-heading\" id=\"ch\u00e2teau-de-villemont\"><span id=\"chateau-de-villemont\">Ch\u00e2teau de Villemont<\/span><\/h2>\n\n\n\n<figure class=\"wp-block-image size-full\"><img loading=\"lazy\" decoding=\"async\" width=\"1744\" height=\"1069\" src=\"https:\/\/blog.toploc.com\/wp-content\/uploads\/2024\/01\/image-1011.png\" alt=\"Vue a\u00e9rienne du Ch\u00e2teau de Villemont au nord de Clermont-Ferrand \u00a9 Wikipedia\" class=\"wp-image-141678\"\/><figcaption class=\"wp-element-caption\">Vue a\u00e9rienne du Ch\u00e2teau de Villemont au nord de Clermont-Ferrand \u00a9 Wikipedia<\/figcaption><\/figure>\n\n\n\n<h3 class=\"wp-block-heading\" id=\"pourquoi-le-ch\u00e2teau-de-villemont-fait-partie-des-plus-beaux-ch\u00e2teaux-du-puy-de-d\u00f4me-\"><span id=\"pourquoi-le-chateau-de-villemont-fait-partie-des-plus-beaux-chateaux-du-puy-de-dome\">Pourquoi le Ch\u00e2teau de Villemont fait partie des plus beaux ch\u00e2teaux du Puy-de-D\u00f4me ?<\/span><\/h3>\n\n\n\n<p>Le ch\u00e2teau de Villemont se situe au nord du d\u00e9partement, et de Clermont-Ferrand, proche de l&#8217;Allier. Apr\u00e8s avoir \u00e9t\u00e9 confisqu\u00e9 par Fran\u00e7ois Ier pour trahison, ce ch\u00e2teau du Puy-de-D\u00f4me est rest\u00e9 dans la m\u00eame famille jusqu&#8217;\u00e0 sa vente en 1958, avant d&#8217;\u00eatre d\u00e9truit par un incendie. Il se compose alors d&#8217;un logis principal en L, encadr\u00e9 de deux corps de b\u00e2timents. Sa fa\u00e7ade est bord\u00e9e de deux tours dot\u00e9es d&#8217;un toit en c\u00f4ne. Au sud, on retrouve des jardins \u00e0 la fran\u00e7aise. Cette demeure est richement meubl\u00e9e. L&#8217;\u00e9difice accueille des rencontres culturelles, animations, spectacles, expositions et autres \u00e9v\u00e9nements. Ouvert \u00e0 la visite d&#8217;avril \u00e0 septembre. Les visites se font \u00e0 distance des b\u00e2timent \u00e0 cause des risques d&#8217;\u00e9boulements et des travaux en cours.<\/p>\n\n\n\n<div class=\"wp-block-buttons is-content-justification-center is-layout-flex wp-container-core-buttons-is-layout-16018d1d wp-block-buttons-is-layout-flex\">\n<div class=\"wp-block-button has-custom-font-size has-small-font-size\"><a class=\"wp-block-button__link has-background wp-element-button\" href=\"https:\/\/toploc.com\/locations-vacances\/puy-de-dome\/?utm_source=blog&amp;utm_medium=CTA&amp;utm_campaign=chateaux-puy-de-dome\" style=\"background-color:#006b52\"><strong>\ud83d\udc49NOS H\u00c9BERGEMENTS PUY-DE-DOME<\/strong><\/a><\/div>\n<\/div>\n\n\n\n<h3 class=\"wp-block-heading\" id=\"infos-cl\u00e9s---ch\u00e2teau-de-villemont-\"><span id=\"infos-cles-chateau-de-villemont\">Infos cl\u00e9s &#8211; Ch\u00e2teau de Villemont :<\/span><\/h3>\n\n\n\n<p>Voici toutes les informations utiles pour visiter le Ch\u00e2teau de Villemont qui fait partie des plus beaux ch\u00e2teaux du Puy-de-D\u00f4me :<\/p>\n\n\n\n<ul class=\"wp-block-list\">\n<li><strong>Horaires d&#8217;ouverture<\/strong>&nbsp;: 8h30-17h30<\/li>\n\n\n\n<li><strong>Epoque<\/strong>&nbsp;: XVIe si\u00e8cle<\/li>\n\n\n\n<li><strong>Visite guid\u00e9e<\/strong>&nbsp;: Oui<\/li>\n\n\n\n<li><strong>Plus d&#8217;informations<\/strong>\u00a0:\u00a0Ch\u00e2teau de Villemont<\/li>\n\n\n\n<li><strong>Adresse<\/strong>&nbsp;: 63260 Vensat<\/li>\n\n\n\n<li><strong>Tarif<\/strong>&nbsp;: Gratuit<\/li>\n\n\n\n<li><strong>Chiens autoris\u00e9s<\/strong>&nbsp;: Oui<\/li>\n\n\n\n<li><strong>Avis Google<\/strong>&nbsp;: 4,2\/5 sur 19 avis Google<\/li>\n<\/ul>\n\n\n\n<h2 class=\"wp-block-heading\" id=\"ch\u00e2teau-daulteribe\"><span id=\"chateau-daulteribe\">Ch\u00e2teau d&#8217;Aulteribe<\/span><\/h2>\n\n\n\n<figure class=\"wp-block-image size-full\"><img loading=\"lazy\" decoding=\"async\" width=\"1024\" height=\"479\" src=\"https:\/\/blog.toploc.com\/wp-content\/uploads\/2024\/01\/image-1012.png\" alt=\"Ch\u00e2teau d'Aulteribe dans le Puy-de-D\u00f4me \u00a9 Picasa\" class=\"wp-image-141679\"\/><figcaption class=\"wp-element-caption\">Ch\u00e2teau d&#8217;Aulteribe dans le Puy-de-D\u00f4me \u00a9 Picasa<\/figcaption><\/figure>\n\n\n\n<h3 class=\"wp-block-heading\" id=\"pourquoi-le-ch\u00e2teau-daulteribe-fait-partie-des-plus-beaux-ch\u00e2teaux-du-puy-de-d\u00f4me-\"><span id=\"pourquoi-le-chateau-daulteribe-fait-partie-des-plus-beaux-chateaux-du-puy-de-dome\">Pourquoi le Ch\u00e2teau d&#8217;Aulteribe fait partie des plus beaux ch\u00e2teaux du Puy-de-D\u00f4me ?<\/span><\/h3>\n\n\n\n<p>Le ch\u00e2teau d&#8217;Aulterible se situe \u00e0 l&#8217;Est de Clermont-Ferrand, proche de la Loire. Ce ch\u00e2teau du Puy-de-D\u00f4me changea de propri\u00e9taire de nombreuses fois. Au XIXe il est transform\u00e9 et prend son apparence actuelle. Son plan carr\u00e9 muni \u00e0 chaque coin d&#8217;une tour, b\u00e9n\u00e9ficie d&#8217;une nouvelle fa\u00e7ade orn\u00e9e de machicoulis et d&#8217;une bret\u00e8che. Il ouvre ses portes au public \u00e0 partir de 1965 Les visites se font uniquement accompagn\u00e9es. Pendant les vacances, des ateliers sont propos\u00e9s aux enfants et famille. L&#8217;entr\u00e9e est gratuite pour les moins de 26 ans. Les chiens tenus en laisse sont admis dans le parc uniquement.<\/p>\n\n\n\n<div class=\"wp-block-buttons is-content-justification-center is-layout-flex wp-container-core-buttons-is-layout-16018d1d wp-block-buttons-is-layout-flex\">\n<div class=\"wp-block-button has-custom-font-size has-small-font-size\"><a class=\"wp-block-button__link has-background wp-element-button\" href=\"https:\/\/toploc.com\/locations-vacances\/puy-de-dome\/?utm_source=blog&amp;utm_medium=CTA&amp;utm_campaign=chateaux-puy-de-dome\" style=\"background-color:#006b52\"><strong>\ud83d\udc49NOS H\u00c9BERGEMENTS PUY-DE-DOME<\/strong><\/a><\/div>\n<\/div>\n\n\n\n<h3 class=\"wp-block-heading\" id=\"infos-cl\u00e9s---ch\u00e2teau-daulteribe-\"><span id=\"infos-cles-chateau-daulteribe\">Infos cl\u00e9s &#8211; Ch\u00e2teau d&#8217;Aulteribe :<\/span><\/h3>\n\n\n\n<p>Voici toutes les informations utiles pour visiter le Ch\u00e2teau d&#8217;Aulteribe qui fait partie des plus beaux ch\u00e2teaux du Puy-de-D\u00f4me :<\/p>\n\n\n\n<ul class=\"wp-block-list\">\n<li><strong>Horaires d&#8217;ouverture<\/strong>&nbsp;: 10h-12h30\/14h-18h30 en \u00e9t\u00e9, 17h30 en hiver<\/li>\n\n\n\n<li><strong>Epoque<\/strong>&nbsp;: XIVe si\u00e8cle<\/li>\n\n\n\n<li><strong>Visite guid\u00e9e<\/strong>&nbsp;: Oui<\/li>\n\n\n\n<li><strong>Plus d&#8217;informations<\/strong>\u00a0:\u00a0Ch\u00e2teau d&#8217;Aulteribe<\/li>\n\n\n\n<li><strong>Adresse<\/strong>&nbsp;: 63120 Sermentizon<\/li>\n\n\n\n<li><strong>Tarif<\/strong>&nbsp;: 7\u20ac<\/li>\n\n\n\n<li><strong>Chiens autoris\u00e9s<\/strong>&nbsp;: Non<\/li>\n\n\n\n<li><strong>Avis Google<\/strong>&nbsp;: 4,6\/5 sur 509 commentaires Google<\/li>\n<\/ul>\n\n\n\n<h2 class=\"wp-block-heading\" id=\"ou-se-loger-pour-visiter-les-chateaux-de-la-loire\"><span id=\"ou-se-loger-pour-visiter-les-chateaux-du-puy-de-dome\">O\u00f9 se loger pour visiter les ch\u00e2teaux du Puy-de-D\u00f4me ?<\/span><\/h2>\n\n\n\n<p>Si vous partez en exploration des villages et ch\u00e2teaux du Puy-de-D\u00f4me voici une petite carte interactive qui pourrait vous \u00eatre utile. Toploc r\u00e9f\u00e9rence des&nbsp;<a href=\"http:\/\/www.toploc.com\/locations-vacances\/puy-de-dome\">locations vacances dans le Puy-de-D\u00f4me<\/a>. Comment r\u00e9server ? c\u2019est tr\u00e8s simple, il vous suffit de cliquer sur le curseur vert et de prendre contact avec l\u2019h\u00f4te en direct.<\/p>\n\n\n\n<iframe loading=\"lazy\" width=\"100%\" height=\"450px\" frameborder=\"0\" src=\"https:\/\/toploc.com\/embed\/maps?location=Puy-de-D\u00f4me;bbox_area=2.6153998164873826%2C45.43626268371233%2C3.4666930164876533%2C46.01630690545662\"><\/iframe>\n\n\n\n<p>Alexandra pour <a href=\"http:\/\/www.toploc.com\">Toploc<\/a><\/p>\n","protected":false},"excerpt":{"rendered":"Voici notre s\u00e9lection des meilleurs ch\u00e2teaux du Puy-de-D\u00f4me. Si vous souhaitez visiter un ch\u00e2teau dans le Puy-de-D\u00f4me vous&hellip;\n","protected":false},"author":12,"featured_media":141616,"comment_status":"open","ping_status":"open","sticky":false,"template":"","format":"standard","meta":{"footnotes":""},"categories":[7339,114],"tags":[7403],"class_list":{"0":"post-141594","1":"post","2":"type-post","3":"status-publish","4":"format-standard","5":"has-post-thumbnail","7":"category-chateaux","8":"category-france","9":"tag-chateaux-du-puy-de-dome"},"yoast_head":"<!-- This site is optimized with the Yoast SEO plugin v26.9 - https:\/\/yoast.com\/product\/yoast-seo-wordpress\/ -->\n<title>Les 10 plus beaux ch\u00e2teaux du Puy-de-D\u00f4me \u00e0 visiter<\/title>\n<meta name=\"description\" content=\"ch\u00e2teaux du Puy-de-D\u00f4me : Ch\u00e2teau Royal de Randan . Ch\u00e2teau d&#039;Effiat . Ch\u00e2teau de Portab\u00e9raud . Ch\u00e2teau de Denone . Ch\u00e2teau de Tourno\u00ebl .\" \/>\n<meta name=\"robots\" content=\"index, follow, max-snippet:-1, max-image-preview:large, max-video-preview:-1\" \/>\n<link rel=\"canonical\" href=\"https:\/\/toploc.com\/blog\/chateaux\/chateaux-du-puy-de-dome\" \/>\n<meta property=\"og:locale\" content=\"fr_FR\" \/>\n<meta property=\"og:type\" content=\"article\" \/>\n<meta property=\"og:title\" content=\"Les 10 plus beaux ch\u00e2teaux du Puy-de-D\u00f4me \u00e0 visiter\" \/>\n<meta property=\"og:description\" content=\"ch\u00e2teaux du Puy-de-D\u00f4me : Ch\u00e2teau Royal de Randan . Ch\u00e2teau d&#039;Effiat . Ch\u00e2teau de Portab\u00e9raud . Ch\u00e2teau de Denone . Ch\u00e2teau de Tourno\u00ebl .\" \/>\n<meta property=\"og:url\" content=\"https:\/\/toploc.com\/blog\/chateaux\/chateaux-du-puy-de-dome\" \/>\n<meta property=\"og:site_name\" content=\"Toploc\" \/>\n<meta property=\"article:publisher\" content=\"https:\/\/www.facebook.com\/locationfrancophone\" \/>\n<meta property=\"article:published_time\" content=\"2024-01-29T09:46:59+00:00\" \/>\n<meta property=\"article:modified_time\" content=\"2025-02-05T08:48:05+00:00\" \/>\n<meta property=\"og:image\" content=\"https:\/\/toploc.com\/blog\/wp-content\/uploads\/2024\/01\/11978116.jpg\" \/>\n\t<meta property=\"og:image:width\" content=\"2048\" \/>\n\t<meta property=\"og:image:height\" content=\"1152\" \/>\n\t<meta property=\"og:image:type\" content=\"image\/jpeg\" \/>\n<meta name=\"author\" content=\"Alexandra\" \/>\n<meta name=\"twitter:card\" content=\"summary_large_image\" \/>\n<meta name=\"twitter:label1\" content=\"\u00c9crit par\" \/>\n\t<meta name=\"twitter:data1\" content=\"Alexandra\" \/>\n\t<meta name=\"twitter:label2\" content=\"Dur\u00e9e de lecture estim\u00e9e\" \/>\n\t<meta name=\"twitter:data2\" content=\"14 minutes\" \/>\n<script type=\"application\/ld+json\" class=\"yoast-schema-graph\">{\"@context\":\"https:\/\/schema.org\",\"@graph\":[{\"@type\":\"Article\",\"@id\":\"https:\/\/toploc.com\/blog\/chateaux\/chateaux-du-puy-de-dome#article\",\"isPartOf\":{\"@id\":\"https:\/\/toploc.com\/blog\/chateaux\/chateaux-du-puy-de-dome\"},\"author\":{\"name\":\"Alexandra\",\"@id\":\"https:\/\/toploc.com\/blog\/#\/schema\/person\/e493e6ec213b1c6de6b8e3ab3794d7b0\"},\"headline\":\"Les 10 plus beaux ch\u00e2teaux du Puy-de-D\u00f4me \u00e0 visiter\",\"datePublished\":\"2024-01-29T09:46:59+00:00\",\"dateModified\":\"2025-02-05T08:48:05+00:00\",\"mainEntityOfPage\":{\"@id\":\"https:\/\/toploc.com\/blog\/chateaux\/chateaux-du-puy-de-dome\"},\"wordCount\":2720,\"commentCount\":0,\"publisher\":{\"@id\":\"https:\/\/toploc.com\/blog\/#organization\"},\"image\":{\"@id\":\"https:\/\/toploc.com\/blog\/chateaux\/chateaux-du-puy-de-dome#primaryimage\"},\"thumbnailUrl\":\"https:\/\/toploc.com\/blog\/wp-content\/uploads\/2024\/01\/11978116.jpg\",\"keywords\":[\"Ch\u00e2teaux du Puy-de-D\u00f4me\"],\"articleSection\":[\"Ch\u00e2teaux\",\"Itin\u00e9raires France\"],\"inLanguage\":\"fr-FR\",\"potentialAction\":[{\"@type\":\"CommentAction\",\"name\":\"Comment\",\"target\":[\"https:\/\/toploc.com\/blog\/chateaux\/chateaux-du-puy-de-dome#respond\"]}]},{\"@type\":\"WebPage\",\"@id\":\"https:\/\/toploc.com\/blog\/chateaux\/chateaux-du-puy-de-dome\",\"url\":\"https:\/\/toploc.com\/blog\/chateaux\/chateaux-du-puy-de-dome\",\"name\":\"Les 10 plus beaux ch\u00e2teaux du Puy-de-D\u00f4me \u00e0 visiter\",\"isPartOf\":{\"@id\":\"https:\/\/toploc.com\/blog\/#website\"},\"primaryImageOfPage\":{\"@id\":\"https:\/\/toploc.com\/blog\/chateaux\/chateaux-du-puy-de-dome#primaryimage\"},\"image\":{\"@id\":\"https:\/\/toploc.com\/blog\/chateaux\/chateaux-du-puy-de-dome#primaryimage\"},\"thumbnailUrl\":\"https:\/\/toploc.com\/blog\/wp-content\/uploads\/2024\/01\/11978116.jpg\",\"datePublished\":\"2024-01-29T09:46:59+00:00\",\"dateModified\":\"2025-02-05T08:48:05+00:00\",\"description\":\"ch\u00e2teaux du Puy-de-D\u00f4me : Ch\u00e2teau Royal de Randan . Ch\u00e2teau d'Effiat . Ch\u00e2teau de Portab\u00e9raud . Ch\u00e2teau de Denone . Ch\u00e2teau de Tourno\u00ebl .\",\"breadcrumb\":{\"@id\":\"https:\/\/toploc.com\/blog\/chateaux\/chateaux-du-puy-de-dome#breadcrumb\"},\"inLanguage\":\"fr-FR\",\"potentialAction\":[{\"@type\":\"ReadAction\",\"target\":[\"https:\/\/toploc.com\/blog\/chateaux\/chateaux-du-puy-de-dome\"]}]},{\"@type\":\"ImageObject\",\"inLanguage\":\"fr-FR\",\"@id\":\"https:\/\/toploc.com\/blog\/chateaux\/chateaux-du-puy-de-dome#primaryimage\",\"url\":\"https:\/\/toploc.com\/blog\/wp-content\/uploads\/2024\/01\/11978116.jpg\",\"contentUrl\":\"https:\/\/toploc.com\/blog\/wp-content\/uploads\/2024\/01\/11978116.jpg\",\"width\":2048,\"height\":1152,\"caption\":\"Ch\u00e2teau de la B\u00e2tisse \u00a9 Clermont Auvergne Tourisme\"},{\"@type\":\"BreadcrumbList\",\"@id\":\"https:\/\/toploc.com\/blog\/chateaux\/chateaux-du-puy-de-dome#breadcrumb\",\"itemListElement\":[{\"@type\":\"ListItem\",\"position\":1,\"name\":\"Accueil\",\"item\":\"https:\/\/toploc.com\/blog\"},{\"@type\":\"ListItem\",\"position\":2,\"name\":\"Les 10 plus beaux ch\u00e2teaux du Puy-de-D\u00f4me \u00e0 visiter\"}]},{\"@type\":\"WebSite\",\"@id\":\"https:\/\/toploc.com\/blog\/#website\",\"url\":\"https:\/\/toploc.com\/blog\/\",\"name\":\"Toploc\",\"description\":\"Itin\u00e9raires natures et locations de vacances en groupe\",\"publisher\":{\"@id\":\"https:\/\/toploc.com\/blog\/#organization\"},\"potentialAction\":[{\"@type\":\"SearchAction\",\"target\":{\"@type\":\"EntryPoint\",\"urlTemplate\":\"https:\/\/toploc.com\/blog\/?s={search_term_string}\"},\"query-input\":{\"@type\":\"PropertyValueSpecification\",\"valueRequired\":true,\"valueName\":\"search_term_string\"}}],\"inLanguage\":\"fr-FR\"},{\"@type\":\"Organization\",\"@id\":\"https:\/\/toploc.com\/blog\/#organization\",\"name\":\"Toploc\",\"url\":\"https:\/\/toploc.com\/blog\/\",\"logo\":{\"@type\":\"ImageObject\",\"inLanguage\":\"fr-FR\",\"@id\":\"https:\/\/toploc.com\/blog\/#\/schema\/logo\/image\/\",\"url\":\"https:\/\/blog.toploc.com\/wp-content\/uploads\/2022\/03\/toploc_facebook_5.png\",\"contentUrl\":\"https:\/\/blog.toploc.com\/wp-content\/uploads\/2022\/03\/toploc_facebook_5.png\",\"width\":600,\"height\":600,\"caption\":\"Toploc\"},\"image\":{\"@id\":\"https:\/\/toploc.com\/blog\/#\/schema\/logo\/image\/\"},\"sameAs\":[\"https:\/\/www.facebook.com\/locationfrancophone\",\"https:\/\/www.instagram.com\/toploc_\",\"https:\/\/www.pinterest.fr\/Toploc_\/\"]},{\"@type\":\"Person\",\"@id\":\"https:\/\/toploc.com\/blog\/#\/schema\/person\/e493e6ec213b1c6de6b8e3ab3794d7b0\",\"name\":\"Alexandra\",\"image\":{\"@type\":\"ImageObject\",\"inLanguage\":\"fr-FR\",\"@id\":\"https:\/\/toploc.com\/blog\/#\/schema\/person\/image\/\",\"url\":\"https:\/\/secure.gravatar.com\/avatar\/a42119a3a40440a91ac2a1d3c6d8eb86030f32d77fc402a054e43badfb40c5f2?s=96&d=mm&r=g\",\"contentUrl\":\"https:\/\/secure.gravatar.com\/avatar\/a42119a3a40440a91ac2a1d3c6d8eb86030f32d77fc402a054e43badfb40c5f2?s=96&d=mm&r=g\",\"caption\":\"Alexandra\"},\"description\":\"Passionn\u00e9e de grands espaces j'ai \u00e0 coeur de partager mes recherches et d\u00e9couvertes \u00e0 la mer, la montagne et la campagne.\",\"url\":\"https:\/\/toploc.com\/blog\/author\/alexandratoploc-com\"}]}<\/script>\n<!-- \/ Yoast SEO plugin. -->","yoast_head_json":{"title":"Les 10 plus beaux ch\u00e2teaux du Puy-de-D\u00f4me \u00e0 visiter","description":"ch\u00e2teaux du Puy-de-D\u00f4me : Ch\u00e2teau Royal de Randan . Ch\u00e2teau d'Effiat . Ch\u00e2teau de Portab\u00e9raud . Ch\u00e2teau de Denone . Ch\u00e2teau de Tourno\u00ebl .","robots":{"index":"index","follow":"follow","max-snippet":"max-snippet:-1","max-image-preview":"max-image-preview:large","max-video-preview":"max-video-preview:-1"},"canonical":"https:\/\/toploc.com\/blog\/chateaux\/chateaux-du-puy-de-dome","og_locale":"fr_FR","og_type":"article","og_title":"Les 10 plus beaux ch\u00e2teaux du Puy-de-D\u00f4me \u00e0 visiter","og_description":"ch\u00e2teaux du Puy-de-D\u00f4me : Ch\u00e2teau Royal de Randan . Ch\u00e2teau d'Effiat . Ch\u00e2teau de Portab\u00e9raud . Ch\u00e2teau de Denone . Ch\u00e2teau de Tourno\u00ebl .","og_url":"https:\/\/toploc.com\/blog\/chateaux\/chateaux-du-puy-de-dome","og_site_name":"Toploc","article_publisher":"https:\/\/www.facebook.com\/locationfrancophone","article_published_time":"2024-01-29T09:46:59+00:00","article_modified_time":"2025-02-05T08:48:05+00:00","og_image":[{"width":2048,"height":1152,"url":"https:\/\/toploc.com\/blog\/wp-content\/uploads\/2024\/01\/11978116.jpg","type":"image\/jpeg"}],"author":"Alexandra","twitter_card":"summary_large_image","twitter_misc":{"\u00c9crit par":"Alexandra","Dur\u00e9e de lecture estim\u00e9e":"14 minutes"},"schema":{"@context":"https:\/\/schema.org","@graph":[{"@type":"Article","@id":"https:\/\/toploc.com\/blog\/chateaux\/chateaux-du-puy-de-dome#article","isPartOf":{"@id":"https:\/\/toploc.com\/blog\/chateaux\/chateaux-du-puy-de-dome"},"author":{"name":"Alexandra","@id":"https:\/\/toploc.com\/blog\/#\/schema\/person\/e493e6ec213b1c6de6b8e3ab3794d7b0"},"headline":"Les 10 plus beaux ch\u00e2teaux du Puy-de-D\u00f4me \u00e0 visiter","datePublished":"2024-01-29T09:46:59+00:00","dateModified":"2025-02-05T08:48:05+00:00","mainEntityOfPage":{"@id":"https:\/\/toploc.com\/blog\/chateaux\/chateaux-du-puy-de-dome"},"wordCount":2720,"commentCount":0,"publisher":{"@id":"https:\/\/toploc.com\/blog\/#organization"},"image":{"@id":"https:\/\/toploc.com\/blog\/chateaux\/chateaux-du-puy-de-dome#primaryimage"},"thumbnailUrl":"https:\/\/toploc.com\/blog\/wp-content\/uploads\/2024\/01\/11978116.jpg","keywords":["Ch\u00e2teaux du Puy-de-D\u00f4me"],"articleSection":["Ch\u00e2teaux","Itin\u00e9raires France"],"inLanguage":"fr-FR","potentialAction":[{"@type":"CommentAction","name":"Comment","target":["https:\/\/toploc.com\/blog\/chateaux\/chateaux-du-puy-de-dome#respond"]}]},{"@type":"WebPage","@id":"https:\/\/toploc.com\/blog\/chateaux\/chateaux-du-puy-de-dome","url":"https:\/\/toploc.com\/blog\/chateaux\/chateaux-du-puy-de-dome","name":"Les 10 plus beaux ch\u00e2teaux du Puy-de-D\u00f4me \u00e0 visiter","isPartOf":{"@id":"https:\/\/toploc.com\/blog\/#website"},"primaryImageOfPage":{"@id":"https:\/\/toploc.com\/blog\/chateaux\/chateaux-du-puy-de-dome#primaryimage"},"image":{"@id":"https:\/\/toploc.com\/blog\/chateaux\/chateaux-du-puy-de-dome#primaryimage"},"thumbnailUrl":"https:\/\/toploc.com\/blog\/wp-content\/uploads\/2024\/01\/11978116.jpg","datePublished":"2024-01-29T09:46:59+00:00","dateModified":"2025-02-05T08:48:05+00:00","description":"ch\u00e2teaux du Puy-de-D\u00f4me : Ch\u00e2teau Royal de Randan . Ch\u00e2teau d'Effiat . Ch\u00e2teau de Portab\u00e9raud . Ch\u00e2teau de Denone . Ch\u00e2teau de Tourno\u00ebl .","breadcrumb":{"@id":"https:\/\/toploc.com\/blog\/chateaux\/chateaux-du-puy-de-dome#breadcrumb"},"inLanguage":"fr-FR","potentialAction":[{"@type":"ReadAction","target":["https:\/\/toploc.com\/blog\/chateaux\/chateaux-du-puy-de-dome"]}]},{"@type":"ImageObject","inLanguage":"fr-FR","@id":"https:\/\/toploc.com\/blog\/chateaux\/chateaux-du-puy-de-dome#primaryimage","url":"https:\/\/toploc.com\/blog\/wp-content\/uploads\/2024\/01\/11978116.jpg","contentUrl":"https:\/\/toploc.com\/blog\/wp-content\/uploads\/2024\/01\/11978116.jpg","width":2048,"height":1152,"caption":"Ch\u00e2teau de la B\u00e2tisse \u00a9 Clermont Auvergne Tourisme"},{"@type":"BreadcrumbList","@id":"https:\/\/toploc.com\/blog\/chateaux\/chateaux-du-puy-de-dome#breadcrumb","itemListElement":[{"@type":"ListItem","position":1,"name":"Accueil","item":"https:\/\/toploc.com\/blog"},{"@type":"ListItem","position":2,"name":"Les 10 plus beaux ch\u00e2teaux du Puy-de-D\u00f4me \u00e0 visiter"}]},{"@type":"WebSite","@id":"https:\/\/toploc.com\/blog\/#website","url":"https:\/\/toploc.com\/blog\/","name":"Toploc","description":"Itin\u00e9raires natures et locations de vacances en groupe","publisher":{"@id":"https:\/\/toploc.com\/blog\/#organization"},"potentialAction":[{"@type":"SearchAction","target":{"@type":"EntryPoint","urlTemplate":"https:\/\/toploc.com\/blog\/?s={search_term_string}"},"query-input":{"@type":"PropertyValueSpecification","valueRequired":true,"valueName":"search_term_string"}}],"inLanguage":"fr-FR"},{"@type":"Organization","@id":"https:\/\/toploc.com\/blog\/#organization","name":"Toploc","url":"https:\/\/toploc.com\/blog\/","logo":{"@type":"ImageObject","inLanguage":"fr-FR","@id":"https:\/\/toploc.com\/blog\/#\/schema\/logo\/image\/","url":"https:\/\/blog.toploc.com\/wp-content\/uploads\/2022\/03\/toploc_facebook_5.png","contentUrl":"https:\/\/blog.toploc.com\/wp-content\/uploads\/2022\/03\/toploc_facebook_5.png","width":600,"height":600,"caption":"Toploc"},"image":{"@id":"https:\/\/toploc.com\/blog\/#\/schema\/logo\/image\/"},"sameAs":["https:\/\/www.facebook.com\/locationfrancophone","https:\/\/www.instagram.com\/toploc_","https:\/\/www.pinterest.fr\/Toploc_\/"]},{"@type":"Person","@id":"https:\/\/toploc.com\/blog\/#\/schema\/person\/e493e6ec213b1c6de6b8e3ab3794d7b0","name":"Alexandra","image":{"@type":"ImageObject","inLanguage":"fr-FR","@id":"https:\/\/toploc.com\/blog\/#\/schema\/person\/image\/","url":"https:\/\/secure.gravatar.com\/avatar\/a42119a3a40440a91ac2a1d3c6d8eb86030f32d77fc402a054e43badfb40c5f2?s=96&d=mm&r=g","contentUrl":"https:\/\/secure.gravatar.com\/avatar\/a42119a3a40440a91ac2a1d3c6d8eb86030f32d77fc402a054e43badfb40c5f2?s=96&d=mm&r=g","caption":"Alexandra"},"description":"Passionn\u00e9e de grands espaces j'ai \u00e0 coeur de partager mes recherches et d\u00e9couvertes \u00e0 la mer, la montagne et la campagne.","url":"https:\/\/toploc.com\/blog\/author\/alexandratoploc-com"}]}},"_links":{"self":[{"href":"https:\/\/toploc.com\/blog\/wp-json\/wp\/v2\/posts\/141594","targetHints":{"allow":["GET"]}}],"collection":[{"href":"https:\/\/toploc.com\/blog\/wp-json\/wp\/v2\/posts"}],"about":[{"href":"https:\/\/toploc.com\/blog\/wp-json\/wp\/v2\/types\/post"}],"author":[{"embeddable":true,"href":"https:\/\/toploc.com\/blog\/wp-json\/wp\/v2\/users\/12"}],"replies":[{"embeddable":true,"href":"https:\/\/toploc.com\/blog\/wp-json\/wp\/v2\/comments?post=141594"}],"version-history":[{"count":5,"href":"https:\/\/toploc.com\/blog\/wp-json\/wp\/v2\/posts\/141594\/revisions"}],"predecessor-version":[{"id":153541,"href":"https:\/\/toploc.com\/blog\/wp-json\/wp\/v2\/posts\/141594\/revisions\/153541"}],"wp:featuredmedia":[{"embeddable":true,"href":"https:\/\/toploc.com\/blog\/wp-json\/wp\/v2\/media\/141616"}],"wp:attachment":[{"href":"https:\/\/toploc.com\/blog\/wp-json\/wp\/v2\/media?parent=141594"}],"wp:term":[{"taxonomy":"category","embeddable":true,"href":"https:\/\/toploc.com\/blog\/wp-json\/wp\/v2\/categories?post=141594"},{"taxonomy":"post_tag","embeddable":true,"href":"https:\/\/toploc.com\/blog\/wp-json\/wp\/v2\/tags?post=141594"}],"curies":[{"name":"wp","href":"https:\/\/api.w.org\/{rel}","templated":true}]}}