{"id":141200,"date":"2026-04-28T14:54:29","date_gmt":"2026-04-28T12:54:29","guid":{"rendered":"https:\/\/blog.toploc.com\/?p=141200"},"modified":"2026-04-28T14:54:30","modified_gmt":"2026-04-28T12:54:30","slug":"visiter-annecy-en-hiver","status":"publish","type":"post","link":"https:\/\/toploc.com\/blog\/france\/visiter-annecy-en-hiver","title":{"rendered":"Les 25 choses \u00e0 faire absolument \u00e0 Annecy en hiver"},"content":{"rendered":"\n<p>L&#8217;hiver transforme Annecy en un paysage f\u00e9erique, offrant une multitude d&#8217;activit\u00e9s pour tous les go\u00fbts. Que vous soyez amateur de sports d&#8217;hiver, passionn\u00e9 de culture ou en qu\u00eate de d\u00e9tente, cette ville a beaucoup \u00e0 offrir. D\u00e9couvrez avec nous les 10 meilleurs lieux et \u00e9v\u00e9nements incontournables pour une exp\u00e9rience hivernale m\u00e9morable. Suivez notre guide pour <a href=\"https:\/\/toploc.com\/blog\/france\/visiter-annecy\">visiter Annecy<\/a> et profitez pleinement de ses charmes hivernaux, entre aventure, culture et d\u00e9tente.<\/p>\n\n\n\n<div class=\"wp-block-buttons is-content-justification-center is-layout-flex wp-container-core-buttons-is-layout-16018d1d wp-block-buttons-is-layout-flex\">\n<div class=\"wp-block-button\"><a class=\"wp-block-button__link has-background has-small-font-size has-custom-font-size wp-element-button\" href=\"https:\/\/toploc.com\/locations-vacances\/annecy?utm_source=blog&amp;utm_medium=CTA&amp;utm_campaign=visiter-annecy-en-hiver\" style=\"background-color:#006b52\" target=\"_blank\" rel=\"noreferrer noopener\"><strong>\ud83d\udc49\u00a0LOCATIONS VACANCES ANNECY<\/strong><\/a><\/div>\n<\/div>\n\n\n\n<h2 id=\"notre-top-10-des-lieux-a-visiter-a-annecy-en-hiver\" class=\"wp-block-heading\">Notre top 10 des lieux \u00e0 visiter \u00e0 Annecy en hiver<\/h2>\n\n\n\n<p>L&#8217;hiver \u00e0 Annecy c&#8217;est la possibilit\u00e9 de profiter des stations pour faire du ski, et de ressentir l&#8217;ambiance des f\u00eates de Fin d&#8217;ann\u00e9e, drap\u00e9 sous un \u00e9pais manteau blanc. Voici notre s\u00e9lection des 10 lieux incontournables pour une exp\u00e9rience hivernale m\u00e9morable \u00e0 Annecy, alliant aventure, culture et d\u00e9tente.<\/p>\n\n\n\n<h3 id=\"skiez-au-semnoz\" class=\"wp-block-heading\">Skiez au Semnoz<\/h3>\n\n\n\n<p>D\u00e9couvrez la station de ski du Semnoz, offrant des pistes pour tous les niveaux, du ski alpin au ski de fond, et un snowpark pour les amateurs de freestyle.<\/p>\n\n\n\n<figure class=\"wp-block-image size-full\"><img loading=\"lazy\" decoding=\"async\" width=\"1535\" height=\"1080\" src=\"https:\/\/blog.toploc.com\/wp-content\/uploads\/2024\/01\/image-399.png\" alt=\"Ski Nordique au Semnoz \u00a9 Gilles Piel \/ Semnoz\" class=\"wp-image-139812\" style=\"aspect-ratio:16\/9;object-fit:cover\"\/><figcaption class=\"wp-element-caption\">Ski Nordique au Semnoz \u00a9 Gilles Piel \/ Semnoz<\/figcaption><\/figure>\n\n\n\n<p><br><strong>Infos Pratiques :<\/strong><\/p>\n\n\n\n<ul class=\"wp-block-list\">\n<li><strong>Acc\u00e8s<\/strong> : Facile depuis Annecy.<\/li>\n\n\n\n<li><strong>H\u00e9bergement<\/strong> : Plusieurs h\u00f4tels \u00e0 proximit\u00e9.<\/li>\n\n\n\n<li><strong>Activit\u00e9s<\/strong> : Ski, raquette, luge, paraski.<\/li>\n<\/ul>\n\n\n\n<h3 id=\"coucher-de-soleil-au-semnoz\" class=\"wp-block-heading\">Coucher de Soleil au Semnoz<\/h3>\n\n\n\n<p>Admirez un coucher de soleil magique au Semnoz. Participez \u00e0 l&#8217;ap\u00e9ro raquettes pour une exp\u00e9rience guid\u00e9e hors des sentiers battus.<\/p>\n\n\n\n<p><strong><br>Infos Pratiques :<\/strong><\/p>\n\n\n\n<ul class=\"wp-block-list\">\n<li><strong>Tarifs<\/strong> : \u00c0 partir de 45.00\u20ac par personne.<\/li>\n\n\n\n<li><strong>Horaires<\/strong> : Varient selon le mois.<\/li>\n\n\n\n<li><strong>Niveau<\/strong> : Accessible \u00e0 tous.<\/li>\n<\/ul>\n\n\n\n<h3 id=\"balade-en-raquettes-au-semnoz\" class=\"wp-block-heading\">Balade en Raquettes au Semnoz<\/h3>\n\n\n\n<p>Explorez les pistes enneig\u00e9es du Semnoz en raquettes et profitez du panorama sur le lac et les montagnes.<\/p>\n\n\n\n<p><strong>Infos Pratiques :<\/strong><\/p>\n\n\n\n<ul class=\"wp-block-list\">\n<li>Location de mat\u00e9riel disponible au centre nordique.<\/li>\n\n\n\n<li>Id\u00e9al pour tous les niveaux.<\/li>\n<\/ul>\n\n\n\n<h3 id=\"sortie-a-motoneige\" class=\"wp-block-heading\">Sortie \u00e0 Motoneige<\/h3>\n\n\n\n<p>Vivez des sensations fortes en motoneige dans les environs d&#8217;Annecy, avec des sorties nocturnes pour une exp\u00e9rience unique.<\/p>\n\n\n\n<p><strong>Infos Pratiques :<\/strong><\/p>\n\n\n\n<ul class=\"wp-block-list\">\n<li><strong>\u00c2ge minimum<\/strong> : 18 ans, permis requis.<\/li>\n\n\n\n<li><strong>Passagers<\/strong> : \u00c0 partir de 8 ans et 1m35.<\/li>\n<\/ul>\n\n\n\n<h3 id=\"balade-a-gyropode-segway\" class=\"wp-block-heading\">Balade \u00e0 Gyropode Segway<\/h3>\n\n\n\n<p>D\u00e9couvrez Annecy en hiver sur un gyropode Segway, une activit\u00e9 ludique id\u00e9ale pour parcourir les bords du lac et la vieille ville.<\/p>\n\n\n\n<p><strong>Infos Pratiques :<\/strong><\/p>\n\n\n\n<ul class=\"wp-block-list\">\n<li><strong>Poids minimum<\/strong> : 42kg.<\/li>\n\n\n\n<li>Les enfants doivent \u00eatre accompagn\u00e9s d&#8217;un adulte.<\/li>\n<\/ul>\n\n\n\n<h3 id=\"palais-de-lisle\" class=\"wp-block-heading\">Palais de l\u2019Isle<\/h3>\n\n\n\n<p>Visitez ce monument historique embl\u00e9matique d&#8217;Annecy, situ\u00e9 sur une \u00eele au milieu du Thiou.<\/p>\n\n\n\n<figure class=\"wp-block-image size-full\"><img loading=\"lazy\" decoding=\"async\" width=\"704\" height=\"472\" src=\"https:\/\/blog.toploc.com\/wp-content\/uploads\/2024\/01\/Capture-decran-2024-01-15-a-11.24.48.png\" alt=\"Palais de l'Isle sous la neige \u00e0 Annecy en Janvier \u00a9 DR\" class=\"wp-image-140147\" style=\"aspect-ratio:16\/9;object-fit:cover\"\/><figcaption class=\"wp-element-caption\">Palais de l&#8217;Isle sous la neige \u00e0 Annecy en Janvier \u00a9 DR<\/figcaption><\/figure>\n\n\n\n<p><strong>Infos Utiles :<\/strong><\/p>\n\n\n\n<ul class=\"wp-block-list\">\n<li><strong>Horaires<\/strong> : Ouvert toute l&#8217;ann\u00e9e.<\/li>\n\n\n\n<li><strong>Tarifs<\/strong> : Adultes environ 3,80 \u20ac, tarif r\u00e9duit d&#8217;environ 2 \u20ac.<\/li>\n<\/ul>\n\n\n\n<h3 id=\"chateau-dannecy\" class=\"wp-block-heading\">Ch\u00e2teau d\u2019Annecy<\/h3>\n\n\n\n<p>Explorez l&#8217;histoire et l&#8217;art au Ch\u00e2teau d\u2019Annecy, offrant une vue imprenable sur la ville.<\/p>\n\n\n\n<p><strong>Informations Pratiques :<\/strong><\/p>\n\n\n\n<ul class=\"wp-block-list\">\n<li><strong>Horaires<\/strong> : Ouvert toute l&#8217;ann\u00e9e.<\/li>\n\n\n\n<li><strong>Tarifs<\/strong> : Adultes entre 6,50 \u20ac et 7 \u20ac.<\/li>\n<\/ul>\n\n\n\n<h3 id=\"jardin-de-leurope\" class=\"wp-block-heading\">Jardin de l\u2019Europe<\/h3>\n\n\n\n<p>Profitez d&#8217;une promenade hivernale dans le Jardin de l\u2019Europe, un espace vert paisible au bord du lac.<\/p>\n\n\n\n<p><strong>Infos Pratiques :<\/strong><\/p>\n\n\n\n<ul class=\"wp-block-list\">\n<li><strong>Acc\u00e8s<\/strong> : Facile depuis le centre-ville.<\/li>\n\n\n\n<li><strong>Horaires<\/strong> : Ouvert toute l&#8217;ann\u00e9e.<\/li>\n<\/ul>\n\n\n\n<h3 id=\"pont-des-amours\" class=\"wp-block-heading\">Pont des Amours<\/h3>\n\n\n\n<p>Traversez ce pont romantique offrant une vue magnifique sur le lac enneig\u00e9.<\/p>\n\n\n\n<p><strong>Infos Pratiques :<\/strong><\/p>\n\n\n\n<ul class=\"wp-block-list\">\n<li><strong>Acc\u00e8s<\/strong> : Proche du Jardin de l\u2019Europe.<\/li>\n\n\n\n<li>Id\u00e9al pour les couples et les photographes.<\/li>\n<\/ul>\n\n\n\n<h3 id=\"imperial-palace\" class=\"wp-block-heading\">Imp\u00e9rial Palace<\/h3>\n\n\n\n<p>D\u00e9tendez-vous \u00e0 l\u2019Imp\u00e9rial Palace, un h\u00f4tel de luxe avec une vue splendide sur le lac d&#8217;Annecy.<\/p>\n\n\n\n<p><strong>Informations Pratiques :<\/strong><\/p>\n\n\n\n<ul class=\"wp-block-list\">\n<li><strong>Ouverture<\/strong> : Toute l&#8217;ann\u00e9e.<\/li>\n\n\n\n<li><strong>Tarifs<\/strong> : Chambres doubles de 165 \u00e0 2\u202f500 \u20ac.<\/li>\n<\/ul>\n\n\n\n<p>Ces lieux et activit\u00e9s offrent une exp\u00e9rience hivernale compl\u00e8te \u00e0 Annecy, m\u00ealant aventure, culture et d\u00e9tente dans un cadre alpin enchanteur.<\/p>\n\n\n\n<h2 id=\"les-evenements-a-ne-pas-rater-a-annecy-au-mois-de-decembre\" class=\"wp-block-heading\">Les \u00e9v\u00e9nements \u00e0 ne pas rater \u00e0 Annecy au mois de d\u00e9cembre<\/h2>\n\n\n\n<p>D\u00e9cembre \u00e0 Annecy est un mois f\u00e9erique, o\u00f9 la ville s&#8217;illumine de la magie des f\u00eates. Que vous soyez un passionn\u00e9 de culture, un amoureux de la nature, ou simplement \u00e0 la recherche d&#8217;exp\u00e9riences uniques, ces <a href=\"https:\/\/toploc.com\/blog\/france\/annecy-en-decembre\">\u00e9v\u00e9nements \u00e0 Annecy en d\u00e9cembre <\/a>vous promettent des moments inoubliables. Voici notre s\u00e9lection des \u00e9v\u00e9nements \u00e0 ne pas rater, pour vivre pleinement la magie d&#8217;Annecy.<\/p>\n\n\n\n<h3 id=\"noel-des-alpes\" class=\"wp-block-heading\">No\u00ebl des Alpes<\/h3>\n\n\n\n<p>Plongez dans la f\u00e9erie des f\u00eates de fin d\u2019ann\u00e9e avec le March\u00e9 de No\u00ebl d\u2019Annecy, le fameux No\u00ebl des Alpes, un \u00e9v\u00e9nement magique qui transforme la ville en un v\u00e9ritable conte de f\u00e9es hivernal. De novembre 2026 \u00e0 janvier 2027, Annecy s\u2019illumine et s\u2019anime pour offrir une exp\u00e9rience inoubliable aux visiteurs de tous \u00e2ges. Arpentez le march\u00e9 en d\u00e9cembre, c\u2019est profitez du march\u00e9 lorsque son ambiance est \u00e0 son paroxysme, \u00e0 l\u2019approche de No\u00ebl ou de la Saint-Sylvestre.<\/p>\n\n\n\n<figure class=\"wp-block-image\"><img loading=\"lazy\" decoding=\"async\" width=\"1000\" height=\"679\" src=\"https:\/\/toploc.com\/blog\/wp-content\/uploads\/2025\/01\/shutterstock_2616178585.jpg\" alt=\"Le march\u00e9 &quot;No\u00ebl des Alpes&quot; au c\u0153ur d'Annecy \u00a9Shutterstock\" class=\"wp-image-162743\" style=\"aspect-ratio:16\/9;object-fit:cover\" srcset=\"https:\/\/toploc.com\/blog\/wp-content\/uploads\/2025\/01\/shutterstock_2616178585.jpg 1000w, https:\/\/toploc.com\/blog\/wp-content\/uploads\/2025\/01\/shutterstock_2616178585-300x204.jpg 300w, https:\/\/toploc.com\/blog\/wp-content\/uploads\/2025\/01\/shutterstock_2616178585-768x521.jpg 768w, https:\/\/toploc.com\/blog\/wp-content\/uploads\/2025\/01\/shutterstock_2616178585-380x258.jpg 380w, https:\/\/toploc.com\/blog\/wp-content\/uploads\/2025\/01\/shutterstock_2616178585-800x543.jpg 800w\" sizes=\"auto, (max-width: 1000px) 100vw, 1000px\" \/><figcaption class=\"wp-element-caption\">Le march\u00e9 \u201cNo\u00ebl des Alpes\u201d au c\u0153ur d\u2019Annecy \u00a9Shutterstock<\/figcaption><\/figure>\n\n\n\n<h4 class=\"wp-block-heading\" id=\"un-marche-feerique-et-diversifie\">Un March\u00e9 F\u00e9erique et Diversifi\u00e9<\/h4>\n\n\n\n<p>Le march\u00e9 de No\u00ebl de Alpes d\u2019Annecy est l\u2019un des plus accueillants de France, offrant une vue splendide sur le lac et les montagnes environnantes. C\u2019est une des villes qui incarne le mieux l\u2019esprit de No\u00ebl. Il se compose de plusieurs petits march\u00e9s diss\u00e9min\u00e9s dans le centre-ville, o\u00f9 les visiteurs peuvent d\u00e9couvrir des produits artisanaux et des sp\u00e9cialit\u00e9s savoyardes, comme la tartiflette et les fromages locaux. D\u00e9ambulez le long des chalets d\u2019artisanat et de gastronomie et laissez-vous porter par l\u2019odeur des \u00e9pices et l\u2019ambiance f\u00e9\u00e9rique. Repens\u00e9 en 2025, et reconduit en 2026 ce march\u00e9 de No\u00ebl s\u2019\u00e9tendre dans des lieux magiques de la ville. Rendez-vous notamment, au Jardin de l\u2019Europe, au bord du lac, pour profiter de la patinoire \u00e9ph\u00e9m\u00e8re et d\u2019une zone festive.<\/p>\n\n\n\n<h4 class=\"wp-block-heading\" id=\"des-animations-pour-tous\">Des Animations pour Tous<\/h4>\n\n\n\n<p>Le No\u00ebl des Alpes \u00e0 Annecy ne se limite pas aux march\u00e9s. La ville propose une programmation culturelle riche et vari\u00e9e, avec des spectacles, des concerts, des ateliers et bien plus encore. Ne manquez pas la patinoire pour des moments conviviaux en famille. Profitez des illuminations sur l\u2019H\u00f4tel de Ville lorsque la nuit tombe, pour d\u00e9couvrir des animations qui raviront petits en grands.<\/p>\n\n\n\n<h4 class=\"wp-block-heading\" id=\"informations-pratiques\"><span id=\"informations-pratiques-5\">Informations Pratiques<\/span><\/h4>\n\n\n\n<ul class=\"wp-block-list\">\n<li>Dates : De fin novembre 2026 \u00e0 d\u00e9but janvier 2027.<\/li>\n\n\n\n<li>Tarifs : Acc\u00e8s libre.<\/li>\n\n\n\n<li>Lieux : Annecy : Vieille ville, Jardins de l\u2019Europe, Esplanade de l\u2019H\u00f4tel de Ville, Bonlieu, Place Fran\u00e7ois de Menthon\u2026<\/li>\n<\/ul>\n\n\n\n<p>A lire :&nbsp;<a href=\"https:\/\/toploc.com\/blog\/france\/marches-de-noel-haute-savoie\">Les 10 plus beaux March\u00e9s de No\u00ebl Haute-Savoie \u00e0 explorer<\/a><\/p>\n\n\n\n<h4 class=\"wp-block-heading\" id=\"pourquoi-visiter\">Pourquoi Visiter ?<\/h4>\n\n\n\n<p>L\u2019attrait de ce march\u00e9 r\u00e9side \u00e9galement dans l\u2019atmosph\u00e8re chaleureuse cr\u00e9\u00e9e par les chalets en bois et les illuminations, qui transforment la vieille ville d\u2019Annecy en un village de No\u00ebl f\u00e9erique. Des illuminations sur la cath\u00e9drale Notre-Dame et sur la Mairie ont lieu toutes les 30 minutes de 17h \u00e0 minuit. Le march\u00e9 est particuli\u00e8rement appr\u00e9ci\u00e9 pour sa convivialit\u00e9 et ses activit\u00e9s familiales\u200b. Ainsi, venez vous immerg\u00e9 dans un No\u00ebl purement haut-savoyard avec des th\u00e9s dansants, des bals de No\u00ebl, des lectures de contes de No\u00ebl, des ateliers cr\u00e9atifs, des chants de No\u00ebl, des concerts, et des expositions de cr\u00e8ches de No\u00ebl. Sur la place de l\u2019ancienne Grenette, venez rencontrer le P\u00e8re No\u00ebl pour des photos et pour que les enfants puissent partager leurs listes de cadeaux et leurs souhaits.<\/p>\n\n\n\n<h3 class=\"wp-block-heading\" id=\"foire-de-la-saint-andre\">Foire de la Saint-Andr\u00e9<\/h3>\n\n\n\n<p>Vous \u00eates \u00e0 la recherche d\u2019une exp\u00e9rience authentique et traditionnelle \u00e0 Annecy ? Ne manquez pas la Foire de la Saint-Andr\u00e9, un \u00e9v\u00e9nement historique et vibrant qui se d\u00e9roule le premier mardi de d\u00e9cembre, cette ann\u00e9e, en 2026, cela tombera d\u00e8s le 1er d\u00e9cembre, de 9h \u00e0 19h. Cette foire, qui a travers\u00e9 cinq si\u00e8cles d\u2019histoire, est un rendez-vous incontournable pour les chalands et les amateurs de bonnes affaires.<\/p>\n\n\n\n<figure class=\"wp-block-image\"><img loading=\"lazy\" decoding=\"async\" width=\"1220\" height=\"570\" src=\"https:\/\/blog.toploc.com\/wp-content\/uploads\/2024\/01\/image-808.png\" alt=\"Foire de la Saint-Andr\u00e9 \u00e0 Annecy en D\u00e9cembre \u00a9 Ville-Annecy\" class=\"wp-image-141003\" style=\"aspect-ratio:16\/9;object-fit:cover\"\/><figcaption class=\"wp-element-caption\">Foire de la Saint-Andr\u00e9 \u00e0 Annecy en D\u00e9cembre \u00a9 Ville-Annecy<\/figcaption><\/figure>\n\n\n\n<h4 class=\"wp-block-heading\" id=\"un-evenement-historique-et-populaire\">Un \u00c9v\u00e9nement Historique et Populaire<\/h4>\n\n\n\n<p>La Foire de la Saint-Andr\u00e9 est bien plus qu\u2019une simple foire commerciale. Avec ses 1100 commer\u00e7ants et ses 5,5 km d\u2019\u00e9talage, elle transforme le centre-ville d\u2019Annecy en un immense march\u00e9 \u00e0 ciel ouvert. Les rues pi\u00e9tonnes et les rues proches du P\u00e2quier s\u2019animent, offrant une atmosph\u00e8re unique o\u00f9 tradition et modernit\u00e9 se rencontrent. Ce march\u00e9 date du Moyen Age, o\u00f9 des marchands venaient de loin pour vendre des produits introuvables dans les montagnes. C\u2019\u00e9tait aussi et surtout l\u2019occasion de pr\u00e9parer des provisions \u00e0 l\u2019approche de l\u2019hiver, souvent rugueux.<\/p>\n\n\n\n<h4 class=\"wp-block-heading\" id=\"une-journee-de-decouvertes-et-de-bonnes-affaires\">Une Journ\u00e9e de D\u00e9couvertes et de Bonnes Affaires<\/h4>\n\n\n\n<ul class=\"wp-block-list\">\n<li><strong>Diversit\u00e9 des Stands\u00a0<\/strong>: Fl\u00e2nez parmi les milliers de stands \u00e0 travers la ville, allant des produits artisanaux aux articles de mode, en passant par des produits locaux et des objets de d\u00e9coration.<\/li>\n\n\n\n<li><strong>Ambiance Festive\u00a0<\/strong>: Profitez de l\u2019ambiance conviviale et anim\u00e9e de la foire, o\u00f9 se m\u00ealent habitants et visiteurs dans une qu\u00eate commune de d\u00e9couvertes et de bonnes affaires. La Foire de la Saint-Andr\u00e9 est aussi accompagn\u00e9 de la f\u00eate foraine de la Saint-Andr\u00e9, qui d\u00e9bute peu de temps avant, et ce, durant 2 semaines.<\/li>\n<\/ul>\n\n\n\n<h4 class=\"wp-block-heading\" id=\"informations-pratiques-2\"><span id=\"informations-pratiques-9\">Informations Pratiques<\/span><\/h4>\n\n\n\n<ul class=\"wp-block-list\">\n<li><strong>Date<\/strong>\u00a0: 1er d\u00e9cembre 2026<\/li>\n\n\n\n<li><strong>Horaires<\/strong>\u00a0: De 9h \u00e0 19h<\/li>\n\n\n\n<li><strong>Lieu<\/strong>\u00a0: Centre-ville d\u2019Annecy, de la gare \u00e0 la vieille ville, jusqu\u2019en bordure du P\u00e2quier<\/li>\n\n\n\n<li><strong>Tarif<\/strong>\u00a0: Acc\u00e8s libre<\/li>\n<\/ul>\n\n\n\n<h4 class=\"wp-block-heading\" id=\"pour-tous-les-gouts-et-tous-les-ages\">Pour Tous les Go\u00fbts et Tous les \u00c2ges<\/h4>\n\n\n\n<p>Que vous soyez un chineur exp\u00e9riment\u00e9 ou un visiteur curieux, la Foire de la Saint-Andr\u00e9 est l\u2019endroit parfait pour d\u00e9couvrir le charme d\u2019Annecy sous un jour diff\u00e9rent. C\u2019est une occasion id\u00e9ale pour faire des achats uniques, d\u00e9nicher des tr\u00e9sors cach\u00e9s et vivre une exp\u00e9rience authentique au c\u0153ur de la ville.<\/p>\n\n\n\n<p>La Foire de la Saint-Andr\u00e9 \u00e0 Annecy, c\u2019est votre rendez-vous avec l\u2019histoire, la culture et le commerce dans une atmosph\u00e8re festive et conviviale. Pr\u00e9parez-vous pour une journ\u00e9e m\u00e9morable o\u00f9 le pass\u00e9 et le pr\u00e9sent se rencontrent dans les rues anim\u00e9es d\u2019Annecy.<\/p>\n\n\n\n<h3 class=\"wp-block-heading\" id=\"la-feerie-de-noel\">La F\u00e9\u00e9rie de No\u00ebl<\/h3>\n\n\n\n<figure class=\"wp-block-image\"><img loading=\"lazy\" decoding=\"async\" width=\"1024\" height=\"512\" src=\"https:\/\/toploc.com\/blog\/wp-content\/uploads\/2025\/01\/cdf-noel-1500x750-1-1024x512.jpg\" alt=\"Le P\u00e8re No\u00ebl pr\u00e9sent lors de la F\u00e9\u00e9rie de No\u00ebl \u00e0 Annecy-le-Vieux \u00a9Comit\u00e9 des F\u00eates d'Annecy-le-Vieux\" class=\"wp-image-163282\" style=\"aspect-ratio:16\/9;object-fit:cover\" srcset=\"https:\/\/toploc.com\/blog\/wp-content\/uploads\/2025\/01\/cdf-noel-1500x750-1-1024x512.jpg 1024w, https:\/\/toploc.com\/blog\/wp-content\/uploads\/2025\/01\/cdf-noel-1500x750-1-300x150.jpg 300w, https:\/\/toploc.com\/blog\/wp-content\/uploads\/2025\/01\/cdf-noel-1500x750-1-768x384.jpg 768w, https:\/\/toploc.com\/blog\/wp-content\/uploads\/2025\/01\/cdf-noel-1500x750-1-380x190.jpg 380w, https:\/\/toploc.com\/blog\/wp-content\/uploads\/2025\/01\/cdf-noel-1500x750-1-800x400.jpg 800w, https:\/\/toploc.com\/blog\/wp-content\/uploads\/2025\/01\/cdf-noel-1500x750-1-1160x580.jpg 1160w, https:\/\/toploc.com\/blog\/wp-content\/uploads\/2025\/01\/cdf-noel-1500x750-1.jpg 1500w\" sizes=\"auto, (max-width: 1024px) 100vw, 1024px\" \/><figcaption class=\"wp-element-caption\">Le P\u00e8re No\u00ebl pr\u00e9sent lors de la F\u00e9\u00e9rie de No\u00ebl \u00e0 Annecy-le-Vieux \u00a9Comit\u00e9 des F\u00eates d\u2019Annecy-le-Vieux<\/figcaption><\/figure>\n\n\n\n<p>La traditionnelle f\u00eate \u201cLa F\u00e9\u00e9rie de No\u00ebl\u201d prend place dans la quartier d\u2019Albigny \u00e0 Annecy-le-Vieux de 14h \u00e0 18h30. G\u00e9n\u00e9ralement se d\u00e9roulant le deuxi\u00e8me samedi du mois, cette c\u00e9l\u00e9bration marque l\u2019arriv\u00e9 des f\u00eates de fin d\u2019ann\u00e9e.<\/p>\n\n\n\n<p>Cet apr\u00e8s-midi festif, c\u2019est d\u2019abord de la musique, et des spectacles dans le th\u00e8me de No\u00ebl. Tout le long de l\u2019apr\u00e8s-midi , les enfants pourront profiter d\u2019un man\u00e8ge gratuit, mais aussi participer et des animations et des d\u00e9ambulations sur le th\u00e8me du P\u00f4le Nord. Pour les plus grands, la buvette sera ouverte, vous pourrez y d\u00e9guster des douceurs sucr\u00e9es ou sal\u00e9es, ou du vin chaud pour r\u00e9chauffer les c\u0153urs. Enfin, \u00e0 17h, le p\u00e8re No\u00ebl sera de passage, l\u2019occasion pour les enfants de prendre des photos et de d\u00e9poser leurs lettres dans sa bo\u00eete au lettres magique. Un bonne ambiance festive qui permet de d\u00e9buter la derni\u00e8re semaine avant No\u00ebl avec le sourire.<\/p>\n\n\n\n<h3 class=\"wp-block-heading\" id=\"hivernal-festival-2026\">Hivernal Festival 2026<\/h3>\n\n\n\n<figure class=\"wp-block-image\"><img loading=\"lazy\" decoding=\"async\" width=\"1024\" height=\"538\" src=\"https:\/\/toploc.com\/blog\/wp-content\/uploads\/2025\/01\/photo-1760112751-1024x538.jpg\" alt=\"Assistez \u00e0 l'Hivernal Festival pour d\u00e9couvrir des production locales \u00a9Le Dauphin\u00e9 Lib\u00e9r\u00e9\" class=\"wp-image-163284\" style=\"aspect-ratio:16\/9;object-fit:cover\" srcset=\"https:\/\/toploc.com\/blog\/wp-content\/uploads\/2025\/01\/photo-1760112751-1024x538.jpg 1024w, https:\/\/toploc.com\/blog\/wp-content\/uploads\/2025\/01\/photo-1760112751-300x158.jpg 300w, https:\/\/toploc.com\/blog\/wp-content\/uploads\/2025\/01\/photo-1760112751-768x403.jpg 768w, https:\/\/toploc.com\/blog\/wp-content\/uploads\/2025\/01\/photo-1760112751-380x200.jpg 380w, https:\/\/toploc.com\/blog\/wp-content\/uploads\/2025\/01\/photo-1760112751-800x420.jpg 800w, https:\/\/toploc.com\/blog\/wp-content\/uploads\/2025\/01\/photo-1760112751-1160x609.jpg 1160w, https:\/\/toploc.com\/blog\/wp-content\/uploads\/2025\/01\/photo-1760112751.jpg 1200w\" sizes=\"auto, (max-width: 1024px) 100vw, 1024px\" \/><figcaption class=\"wp-element-caption\">Assistez \u00e0 l\u2019Hivernal Festival pour d\u00e9couvrir des production locales \u00a9Le Dauphin\u00e9 Lib\u00e9r\u00e9<\/figcaption><\/figure>\n\n\n\n<p>Comme pour pr\u00e9parer le Festival International du Film d\u2019Animation qui a lieu au printemps, l\u2019Hivernal Festival met en avant le meilleur du cin\u00e9ma d\u2019animation issu du bassin d\u2019Annecy et de la Haute-Savoie. Ce Festival, lanc\u00e9 en 2019, est plus intimiste, et surtout plus local, mais s\u00e9duit chaque ann\u00e9e des milliers de spectateurs.<\/p>\n\n\n\n<p>Si vous aimez le Festival International du Film d\u2019Animation d\u2019Annecy, vous aimerez sans doute l\u2019Hivernal Festival. Vous pourrez d\u00e9couvrir une vingtaine de films d\u2019animations classiques mais aussi des avant-premi\u00e8res, des \u0153uvres en r\u00e9alit\u00e9 virtuelle, des ateliers et des rencontres avec les \u00e9quipes aux manettes pour cr\u00e9er et produire des films ou des conf\u00e9rences.<\/p>\n\n\n\n<p>Si vous voulez y prendre part, rendez-vous dans les lieux de projections participants : Centre Bonlieu et cin\u00e9mas Path\u00e9, cin\u00e9ma de Novel, Le Mikado, cin\u00e9ma Les Nemours pour Annecy Centre, Cin\u00e9ma La Turbine \u00e0 Cran-Gevrier et auditorium de Seynod.<\/p>\n\n\n\n<h4 class=\"wp-block-heading\" id=\"informations-pratiques-6\"><span id=\"informations-pratiques-3\">Informations pratiques<\/span><\/h4>\n\n\n\n<ul class=\"wp-block-list\">\n<li>Dates : 6 jours, d\u00e9but d\u00e9cembre (dates \u00e0 confirmer)<\/li>\n\n\n\n<li>Lieux : les cin\u00e9mas d\u2019Annecy : Centre Bonlieu, cin\u00e9mas Path\u00e9, cin\u00e9ma de Novel, Le Mikado, cin\u00e9ma Les Nemours, Cin\u00e9ma La Turbine, Auditorium de Seynod.<\/li>\n\n\n\n<li>Tarif : De gratuit jusqu\u2019\u00e0 plein tarif \u00e0 7,5 \u20ac<\/li>\n\n\n\n<li>Contacts : 04 50 10 09 00<\/li>\n<\/ul>\n\n\n\n<h3 class=\"wp-block-heading\" id=\"cross-des-glaisins\">Cross des Glaisins<\/h3>\n\n\n\n<figure class=\"wp-block-image\"><img loading=\"lazy\" decoding=\"async\" width=\"1024\" height=\"768\" src=\"https:\/\/toploc.com\/blog\/wp-content\/uploads\/2025\/01\/20251214_090106-2-scaled-1-1024x768.jpg\" alt=\"Les sportifs, participez au Cross des Glaisins, entre lac, montagnes et for\u00eat \u00a9Crossdesglaisins.fr\" class=\"wp-image-163285\" style=\"aspect-ratio:16\/9;object-fit:cover\" srcset=\"https:\/\/toploc.com\/blog\/wp-content\/uploads\/2025\/01\/20251214_090106-2-scaled-1-1024x768.jpg 1024w, https:\/\/toploc.com\/blog\/wp-content\/uploads\/2025\/01\/20251214_090106-2-scaled-1-300x225.jpg 300w, https:\/\/toploc.com\/blog\/wp-content\/uploads\/2025\/01\/20251214_090106-2-scaled-1-768x576.jpg 768w, https:\/\/toploc.com\/blog\/wp-content\/uploads\/2025\/01\/20251214_090106-2-scaled-1-1536x1152.jpg 1536w, https:\/\/toploc.com\/blog\/wp-content\/uploads\/2025\/01\/20251214_090106-2-scaled-1.jpg 2048w, https:\/\/toploc.com\/blog\/wp-content\/uploads\/2025\/01\/20251214_090106-2-scaled-1-200x150.jpg 200w, https:\/\/toploc.com\/blog\/wp-content\/uploads\/2025\/01\/20251214_090106-2-scaled-1-380x285.jpg 380w, https:\/\/toploc.com\/blog\/wp-content\/uploads\/2025\/01\/20251214_090106-2-scaled-1-800x600.jpg 800w, https:\/\/toploc.com\/blog\/wp-content\/uploads\/2025\/01\/20251214_090106-2-scaled-1-1160x870.jpg 1160w\" sizes=\"auto, (max-width: 1024px) 100vw, 1024px\" \/><figcaption class=\"wp-element-caption\">Les sportifs, participez au Cross des Glaisins, entre lac, montagnes et for\u00eat \u00a9Crossdesglaisins.fr<\/figcaption><\/figure>\n\n\n\n<p>M\u00eame en d\u00e9cembre, on cours \u00e0 Annecy. Le cross des Glaisins est une \u00e0 cinq boucles qui partent du Parc des Glaisins Espace Rencontre et qui arrivent devant le Complexe Sportif des Glaisins. Le cross est ouvert \u00e0 tous car il permet de courir 7 parcours diff\u00e9rents, selon les \u00e2ges.<\/p>\n\n\n\n<h4 class=\"wp-block-heading\" id=\"des-courses-pour-tous\">Des Courses pour Tous<\/h4>\n\n\n\n<p>Le Cross des Glaisins propose plusieurs courses adapt\u00e9es \u00e0 tous les \u00e2ges :<\/p>\n\n\n\n<ul class=\"wp-block-list\">\n<li>Cross long Hommes : 9,31km \/ Cross long Femmes : 7,04km<\/li>\n\n\n\n<li>Cross Cadets Hommes et Juniors Femmes : 4,5km \/ Juniors Hommes : 5,6km.<\/li>\n\n\n\n<li>Cross cadettes et Minimes : 3,5km<\/li>\n\n\n\n<li>Cross Benjamins : 2,4km<\/li>\n\n\n\n<li>Cross Poussins : 1,4km<\/li>\n\n\n\n<li>Ecoles Athl\u00e9 : 0,980km<\/li>\n<\/ul>\n\n\n\n<h4 class=\"wp-block-heading\" id=\"un-cadre-idyllique\">Un Cadre Idyllique<\/h4>\n\n\n\n<p>Se d\u00e9roulant entre 9h et 13h, les courses se d\u00e9roulent \u00e0 quelques m\u00e8tres du lac, dans un espace nature, offrant une vue magnifique sur le lac d\u2019Annecy et les montagnes environnantes. C\u2019est l\u2019occasion de profiter de l\u2019air pur et du cadre naturel tout en participant \u00e0 une comp\u00e9tition amicale. Le Parc des Glaisins est un espace id\u00e9al pour les balades ou pour y faire du sport, c\u2019est naturellement que ce cross permet de le traverser.<\/p>\n\n\n\n<h4 class=\"wp-block-heading\" id=\"informations-pratiques-7\"><span id=\"informations-pratiques-4\">Informations Pratiques<\/span><\/h4>\n\n\n\n<ul class=\"wp-block-list\">\n<li><strong>Date<\/strong>\u00a0: Mi-D\u00e9cembre 2026 (\u00e0 confirmer).<\/li>\n\n\n\n<li><strong>Lieu<\/strong>\u00a0: Parc des Glaisins Espace Rencontre, 74940 Annecy.<\/li>\n\n\n\n<li><strong>Inscriptions et Tarifs<\/strong>\u00a0: \u00c0 confirmer sur le site officiel.<\/li>\n\n\n\n<li><strong>Contacts<\/strong>\u00a0: AVOC \u2013 Cross des Glaisins : Parc des sport d\u2019Albigny, Rue du Pr\u00e9 Vernet, 74940 Annecy-le-Vieux \/ contact@avoc.fr<\/li>\n<\/ul>\n\n\n\n<h2 id=\"les-evenements-a-ne-pas-rater-a-annecy-au-mois-de-janvier\" class=\"wp-block-heading\">Les \u00e9v\u00e9nements \u00e0 ne pas rater \u00e0 Annecy au mois de janvier<\/h2>\n\n\n\n<p>Annecy, avec son charme hivernal et son atmosph\u00e8re f\u00e9erique, se transforme en un v\u00e9ritable terrain de jeu pour les amateurs de culture, de nature et d&#8217;aventure. Cette p\u00e9riode de l&#8217;ann\u00e9e offre une palette d&#8217;activit\u00e9s diverses et captivantes, parfaites pour ceux qui cherchent \u00e0 enrichir leur exp\u00e9rience avec des \u00e9v\u00e9nements uniques et m\u00e9morables. Pour une exp\u00e9rience hivernale riche et vari\u00e9e dans la magnifique ville d&#8217;Annecy, d\u00e9couvrez notre s\u00e9lection soigneusement choisie des <a href=\"https:\/\/toploc.com\/blog\/france\/annecy-en-janvier\">meilleurs \u00e9v\u00e9nements \u00e0 Annecy en janvier<\/a>.<\/p>\n\n\n\n<h3 id=\"les-secrets-du-palais-de-lile\" class=\"wp-block-heading\">Les Secrets du Palais de l\u2019\u00cele<\/h3>\n\n\n\n<p>Plongez dans un voyage historique et ludique en famille au c\u0153ur d\u2019Annecy ! Le Palais de l\u2019\u00cele, un monument embl\u00e9matique de la ville, vous ouvre ses portes pour une exp\u00e9rience unique. Du 20 d\u00e9cembre au 4 janvier 2026, d\u00e9couvrez les secrets de ce lieu charg\u00e9 d\u2019histoire \u00e0 travers une visite interactive et captivante.<\/p>\n\n\n\n<figure class=\"wp-block-image\"><img loading=\"lazy\" decoding=\"async\" width=\"1280\" height=\"960\" src=\"https:\/\/toploc.com\/blog\/wp-content\/uploads\/2024\/11\/IMG_2178.jpeg\" alt=\"Palais de l'Isle sous la neige \u00e0 Annecy en Janvier \u00a9Shutterstock\" class=\"wp-image-159898\" style=\"aspect-ratio:16\/9;object-fit:cover\" srcset=\"https:\/\/toploc.com\/blog\/wp-content\/uploads\/2024\/11\/IMG_2178.jpeg 1280w, https:\/\/toploc.com\/blog\/wp-content\/uploads\/2024\/11\/IMG_2178-300x225.jpeg 300w, https:\/\/toploc.com\/blog\/wp-content\/uploads\/2024\/11\/IMG_2178-1024x768.jpeg 1024w, https:\/\/toploc.com\/blog\/wp-content\/uploads\/2024\/11\/IMG_2178-768x576.jpeg 768w, https:\/\/toploc.com\/blog\/wp-content\/uploads\/2024\/11\/IMG_2178-200x150.jpeg 200w, https:\/\/toploc.com\/blog\/wp-content\/uploads\/2024\/11\/IMG_2178-380x285.jpeg 380w, https:\/\/toploc.com\/blog\/wp-content\/uploads\/2024\/11\/IMG_2178-800x600.jpeg 800w, https:\/\/toploc.com\/blog\/wp-content\/uploads\/2024\/11\/IMG_2178-1160x870.jpeg 1160w\" sizes=\"auto, (max-width: 1280px) 100vw, 1280px\" \/><figcaption class=\"wp-element-caption\">Palais de l\u2019Isle sous la neige \u00e0 Annecy en Janvier \u00a9Shutterstock<\/figcaption><\/figure>\n\n\n\n<h4 class=\"wp-block-heading\" id=\"un-parcours-enrichissant-pour-petits-et-grands\">Un Parcours Enrichissant pour Petits et Grands<\/h4>\n\n\n\n<ul class=\"wp-block-list\">\n<li><strong>P\u00e9riode d\u2019Ouverture<\/strong>\u00a0: Du 20\/12\/2025 au 04\/01\/2026, ouvert tous les jours sauf le mardi, de 10h \u00e0 12h30 et de 14h \u00e0 17h30.<\/li>\n\n\n\n<li><strong>Activit\u00e9s<\/strong>\u00a0: Jeux, \u00e9nigmes, et visites interactives con\u00e7us sp\u00e9cialement pour les familles.<\/li>\n<\/ul>\n\n\n\n<h4 class=\"wp-block-heading\" id=\"tarifs-accessibles\">Tarifs Accessibles<\/h4>\n\n\n\n<ul class=\"wp-block-list\">\n<li>Gratuit pour les moins de 12 ans.<\/li>\n\n\n\n<li><strong>Plein Tarif<\/strong>\u00a0: 4\u20ac<\/li>\n\n\n\n<li><strong>Tarif R\u00e9duit\u00a0<\/strong>: 2\u20ac<\/li>\n<\/ul>\n\n\n\n<h4 class=\"wp-block-heading\" id=\"un-carnet-de-decouverte-illustre\">Un Carnet de D\u00e9couverte Illustr\u00e9<\/h4>\n\n\n\n<p>Munissez-vous du carnet de visite, illustr\u00e9 par les \u00e9l\u00e8ves du Lyc\u00e9e La Fontaine \u00e0 Faverges, pour une aventure autonome au sein du Palais. Ce guide ludique est disponible \u00e0 l\u2019accueil du Palais de l\u2019\u00cele, dans la limite des stocks disponibles.<\/p>\n\n\n\n<h4 class=\"wp-block-heading\" id=\"un-lieu-charge-dhistoire\">Un Lieu Charg\u00e9 d\u2019Histoire<\/h4>\n\n\n\n<p>Le Palais de l\u2019\u00cele, situ\u00e9 au 3 passage de l\u2019\u00cele, 74000 Annecy, est un joyau historique. Avec ses murs qui ont abrit\u00e9 de nombreux personnages au fil des si\u00e8cles, ce lieu est une fen\u00eatre sur le pass\u00e9 fascinant d\u2019Annecy.<\/p>\n\n\n\n<h4 class=\"wp-block-heading\" id=\"informations-pratiques\">Informations Pratiques<\/h4>\n\n\n\n<ul class=\"wp-block-list\">\n<li><strong>Lieu<\/strong>\u00a0: Palais de l\u2019\u00cele, 3 passage de l\u2019\u00cele, 74000 Annecy.<\/li>\n\n\n\n<li><strong>Contact<\/strong>\u00a0: 04 85 46 76 80 ou patrimoine@annecy.fr<\/li>\n<\/ul>\n\n\n\n<p>La visite en famille \u201cLes Secrets du Palais de l\u2019\u00cele\u201d est une occasion parfaite pour allier divertissement et apprentissage. C\u2019est une exp\u00e9rience enrichissante qui ravira les curieux de tous \u00e2ges, offrant un aper\u00e7u unique de l\u2019histoire d\u2019Annecy. Pr\u00e9parez-vous \u00e0 explorer ce tr\u00e9sor historique et \u00e0 cr\u00e9er des souvenirs inoubliables avec votre famille.<\/p>\n\n\n\n<h3 class=\"wp-block-heading\" id=\"court-circuit\">Court Circuit<\/h3>\n\n\n\n<p>En janvier 2026, Annecy s\u2019illumine avec la 6<sup>\u00e8me<\/sup>&nbsp;\u00e9dition du festival Court Circuit. Du 20 au 23 janvier, le Th\u00e9\u00e2tre des collines devient le point de rencontre des artistes locaux et des amateurs d\u2019art. C\u2019est une occasion unique de d\u00e9couvrir la richesse culturelle d\u2019Annecy \u00e0 travers une s\u00e9rie de spectacles vari\u00e9s.<\/p>\n\n\n\n<figure class=\"wp-block-image\"><img loading=\"lazy\" decoding=\"async\" width=\"800\" height=\"600\" src=\"https:\/\/blog.toploc.com\/wp-content\/uploads\/2024\/01\/image-416.png\" alt=\"Vue de l'int\u00e9rieur de la salle du Th\u00e9atre des Collines \u00a9 Lac-Annecy-Tourisme\" class=\"wp-image-139840\"\/><figcaption class=\"wp-element-caption\">Vue de l\u2019int\u00e9rieur de la salle du Th\u00e9atre des Collines \u00a9 Lac-Annecy-Tourisme<\/figcaption><\/figure>\n\n\n\n<h4 class=\"wp-block-heading\" id=\"votre-programme-une-diversite-artistique\">Votre Programme : Une Diversit\u00e9 Artistique<\/h4>\n\n\n\n<p>Court Circuit pr\u00e9sente 7 compagnies locales, offrant un \u00e9ventail de spectacles allant du th\u00e9\u00e2tre \u00e0 la danse, en passant par des repr\u00e9sentations musicales et visuelles. Que vous soyez passionn\u00e9 de th\u00e9\u00e2tre, amateur de danse ou simplement curieux, vous trouverez un spectacle \u00e0 votre go\u00fbt. Pour en apprendre plus sur chaque oeuvres et chaque repr\u00e9sentations, tous les spectacles en soir\u00e9e sont suivis d\u2019un temps d\u2019\u00e9change avec les artistes.<\/p>\n\n\n\n<h4 class=\"wp-block-heading\" id=\"les-compagnies-a-lhonneur\">Les Compagnies \u00e0 l\u2019Honneur :<\/h4>\n\n\n\n<ul class=\"wp-block-list\">\n<li>Collectif La Piraterie<\/li>\n\n\n\n<li>Cie la Maison et Loyzeau<\/li>\n\n\n\n<li>Cie D\u00e9o<\/li>\n\n\n\n<li>Cie n\u00fc<\/li>\n\n\n\n<li>Cie Les G\u00e9antes Bleues<\/li>\n\n\n\n<li>Cie Nejma<\/li>\n\n\n\n<li>Cie les Eternels Errants\u00a0<\/li>\n<\/ul>\n\n\n\n<h4 class=\"wp-block-heading\" id=\"informations-pratiques-2\"><span id=\"informations-pratiques-6\">Informations Pratiques :<\/span><\/h4>\n\n\n\n<ul class=\"wp-block-list\">\n<li><strong>Dates<\/strong>\u00a0: Du 20 au 23 janvier 2026.<\/li>\n\n\n\n<li><strong>Lieu<\/strong>\u00a0: Th\u00e9\u00e2tre des collines, Annecy.<\/li>\n\n\n\n<li><strong>Tarif<\/strong>\u00a0: 10 \u20ac par spectacle.<\/li>\n\n\n\n<li><strong>R\u00e9servations<\/strong>\u00a0: Billetterie en ligne ou par t\u00e9l\u00e9phone au 04 85 46 75 81.<\/li>\n\n\n\n<li><strong>Accessibilit\u00e9<\/strong>\u00a0: Accessible en fauteuil roulant avec aide.<\/li>\n<\/ul>\n\n\n\n<h4 class=\"wp-block-heading\" id=\"une-experience-culturelle-inedite\">Une Exp\u00e9rience Culturelle In\u00e9dite<\/h4>\n\n\n\n<p>Court Circuit est plus qu\u2019un festival, c\u2019est une c\u00e9l\u00e9bration de la cr\u00e9ativit\u00e9 et du talent local. C\u2019est une opportunit\u00e9 pour les habitants et les visiteurs de s\u2019immerger dans l\u2019univers artistique d\u2019Annecy et de soutenir les artistes de la r\u00e9gion, entre danse, th\u00e9\u00e2tre, cirque et musique.<\/p>\n\n\n\n<p>R\u00e9servez vos places d\u00e8s maintenant et pr\u00e9parez-vous \u00e0 \u00eatre \u00e9merveill\u00e9 par la diversit\u00e9 et la qualit\u00e9 des spectacles propos\u00e9s !<\/p>\n\n\n\n<h3 class=\"wp-block-heading\" id=\"comptage-wetlands-au-lac-dannecy\">Comptage Wetlands au Lac d\u2019Annecy<\/h3>\n\n\n\n<p>Vous \u00eates un amoureux de la nature et des oiseaux ? Participez au Comptage Wetlands au Lac d\u2019Annecy, une initiative passionnante qui se d\u00e9roulera le dimanche 18 janvier 2026. Cet \u00e9v\u00e9nement est une occasion unique de contribuer \u00e0 une cause environnementale importante tout en profitant de la beaut\u00e9 naturelle du lac d\u2019Annecy.<\/p>\n\n\n\n<figure class=\"wp-block-image\"><img loading=\"lazy\" decoding=\"async\" width=\"1000\" height=\"665\" src=\"https:\/\/toploc.com\/blog\/wp-content\/uploads\/2024\/11\/shutterstock_1321085000.jpg\" alt=\"Comptage Wetlands au bord du Lac d\u2019Annecy \u00a9Shutterstock\" class=\"wp-image-159899\" style=\"aspect-ratio:16\/9;object-fit:cover\" srcset=\"https:\/\/toploc.com\/blog\/wp-content\/uploads\/2024\/11\/shutterstock_1321085000.jpg 1000w, https:\/\/toploc.com\/blog\/wp-content\/uploads\/2024\/11\/shutterstock_1321085000-300x200.jpg 300w, https:\/\/toploc.com\/blog\/wp-content\/uploads\/2024\/11\/shutterstock_1321085000-768x511.jpg 768w, https:\/\/toploc.com\/blog\/wp-content\/uploads\/2024\/11\/shutterstock_1321085000-380x253.jpg 380w, https:\/\/toploc.com\/blog\/wp-content\/uploads\/2024\/11\/shutterstock_1321085000-800x532.jpg 800w\" sizes=\"auto, (max-width: 1000px) 100vw, 1000px\" \/><figcaption class=\"wp-element-caption\">Comptage Wetlands au bord du Lac d\u2019Annecy \u00a9Shutterstock<\/figcaption><\/figure>\n\n\n\n<h4 class=\"wp-block-heading\" id=\"une-initiative-ecologique-et-educative\">Une Initiative \u00c9cologique et \u00c9ducative<\/h4>\n\n\n\n<p>Organis\u00e9 par Wetlands International en collaboration avec la Ligue pour la Protection des Oiseaux (LPO), ce d\u00e9nombrement simultan\u00e9 des oiseaux d\u2019eau dans toute l\u2019Europe est une activit\u00e9 \u00e0 la fois \u00e9ducative et essentielle pour la pr\u00e9servation des esp\u00e8ces. Les b\u00e9n\u00e9voles et les participants se rassemblent pour recenser les oiseaux, contribuant ainsi \u00e0 suivre l\u2019\u00e9tat des populations et \u00e0 mieux comprendre les enjeux \u00e9cologiques du lac.<\/p>\n\n\n\n<h4 class=\"wp-block-heading\" id=\"ouvert-a-tous\">Ouvert \u00e0 Tous<\/h4>\n\n\n\n<p>Que vous soyez un ornithologue chevronn\u00e9 ou simplement curieux de d\u00e9couvrir le monde des oiseaux, cet \u00e9v\u00e9nement est ouvert \u00e0 tous. C\u2019est une excellente occasion de se connecter avec la nature et de rencontrer d\u2019autres passionn\u00e9s d\u2019oiseaux et de conservation.<\/p>\n\n\n\n<h4 class=\"wp-block-heading\" id=\"informations-pratiques-3\"><span id=\"informations-pratiques-7\">Informations Pratiques<\/span><\/h4>\n\n\n\n<ul class=\"wp-block-list\">\n<li><strong>Date<\/strong>\u00a0: d\u00e8s 8h, le 18 Janvier 2026 (Inscription avant le 16 janvier 2026).<\/li>\n\n\n\n<li><strong>Lieu<\/strong>\u00a0: Parking des Marquisats, 74000 Annecy.<\/li>\n\n\n\n<li><strong>Tarifs<\/strong>\u00a0: Gratuit.<\/li>\n\n\n\n<li><strong>Inscription<\/strong>\u00a0: Obligatoire en ligne via le formulaire sur le site de la LPO.<\/li>\n<\/ul>\n\n\n\n<p>Le Comptage Wetlands au Lac d\u2019Annecy est une exp\u00e9rience enrichissante pour tous ceux qui souhaitent s\u2019impliquer dans la protection de l\u2019environnement et observer la faune locale. Rejoignez cette initiative pour une matin\u00e9e de d\u00e9couverte et de contribution \u00e0 la conservation des oiseaux d\u2019eau. A pr\u00e9voir : des v\u00eatements chauds et du mat\u00e9riel optique.<\/p>\n\n\n\n<h3 class=\"wp-block-heading\" id=\"glagla-race\">GlaGla Race<\/h3>\n\n\n\n<figure class=\"wp-block-image\"><img loading=\"lazy\" decoding=\"async\" width=\"2048\" height=\"1366\" src=\"https:\/\/toploc.com\/blog\/wp-content\/uploads\/2024\/11\/glagla-race-alexis-fernet-copyright-Alpine-lakes-tour_DSC5329-scaled-1.jpg\" alt=\"Souvenir de la 9\u00e8me \u00e9dition de la Gla Gla Race en 2023 \u00a9 Gla Gla Race - Alexis Fernet\" class=\"wp-image-159891\" style=\"aspect-ratio:16\/9;object-fit:cover\" srcset=\"https:\/\/toploc.com\/blog\/wp-content\/uploads\/2024\/11\/glagla-race-alexis-fernet-copyright-Alpine-lakes-tour_DSC5329-scaled-1.jpg 2048w, https:\/\/toploc.com\/blog\/wp-content\/uploads\/2024\/11\/glagla-race-alexis-fernet-copyright-Alpine-lakes-tour_DSC5329-scaled-1-300x200.jpg 300w, https:\/\/toploc.com\/blog\/wp-content\/uploads\/2024\/11\/glagla-race-alexis-fernet-copyright-Alpine-lakes-tour_DSC5329-scaled-1-1024x683.jpg 1024w, https:\/\/toploc.com\/blog\/wp-content\/uploads\/2024\/11\/glagla-race-alexis-fernet-copyright-Alpine-lakes-tour_DSC5329-scaled-1-768x512.jpg 768w, https:\/\/toploc.com\/blog\/wp-content\/uploads\/2024\/11\/glagla-race-alexis-fernet-copyright-Alpine-lakes-tour_DSC5329-scaled-1-1536x1024.jpg 1536w, https:\/\/toploc.com\/blog\/wp-content\/uploads\/2024\/11\/glagla-race-alexis-fernet-copyright-Alpine-lakes-tour_DSC5329-scaled-1-380x253.jpg 380w, https:\/\/toploc.com\/blog\/wp-content\/uploads\/2024\/11\/glagla-race-alexis-fernet-copyright-Alpine-lakes-tour_DSC5329-scaled-1-800x533.jpg 800w, https:\/\/toploc.com\/blog\/wp-content\/uploads\/2024\/11\/glagla-race-alexis-fernet-copyright-Alpine-lakes-tour_DSC5329-scaled-1-1160x773.jpg 1160w\" sizes=\"auto, (max-width: 2048px) 100vw, 2048px\" \/><figcaption class=\"wp-element-caption\">Souvenir de la 9\u00e8me \u00e9dition de la Gla Gla Race en 2023 \u00a9 Gla Gla Race \u2013 Alexis Fernet<\/figcaption><\/figure>\n\n\n\n<p>La Gla Gla Race est une course bien connu par les ann\u00e9ciens. Il s\u2019agit d\u2019une course unique de stand up paddle en plein hiver, qui se d\u00e9roule sur le lac d\u2019Annecy, alors que celui-ci atteint des temp\u00e9rature de 6\u00b0 \u00e0 -2\u00b0C en janvier. C\u2019est donc une course ouverte \u00e0 tous qui rassemble les professionnels et les pratiquants loisir durant un weekend. Chaque ann\u00e9e, c\u2019est une centaine de participants venus du monde entier qui se jette \u00e0 l\u2019eau dans cette course unique et loufoque. Rendez-vous le weekend du 17 au 18 janvier pour la 11<sup>\u00e8me<\/sup>&nbsp;\u00e9dition de la Gla Gla Race.<\/p>\n\n\n\n<h4 class=\"wp-block-heading\" id=\"infos-pratiques-3\"><span id=\"infos-pratiques\">Infos pratiques<\/span><\/h4>\n\n\n\n<ul class=\"wp-block-list\">\n<li>Dates : Du samedi 17 au dimanche 18 janvier 2026<\/li>\n\n\n\n<li>Lieu : Plage Municipale, Route du Port, 74290 Talloires-Montmin<\/li>\n\n\n\n<li>Pour plus d\u2019infos : info@alpinelakestour.com<\/li>\n<\/ul>\n\n\n\n<h3 class=\"wp-block-heading\" id=\"le-belier-blanc\">Le B\u00e9lier Blanc<\/h3>\n\n\n\n<p>Pr\u00e9parez-vous pour le B\u00e9lier Blanc, une exp\u00e9rience unique de trail en plein hiver \u00e0 La Clusaz. Le 9 et 10 janvier 2026, rejoignez plus de 3 000 passionn\u00e9s pour cette course spectaculaire, en pleine nuit d\u2019hiver.<\/p>\n\n\n\n<figure class=\"wp-block-image\"><img loading=\"lazy\" decoding=\"async\" width=\"2048\" height=\"1227\" src=\"https:\/\/blog.toploc.com\/wp-content\/uploads\/2024\/01\/belier-blanc-4643-min-scaled-1.jpg\" alt=\"Le B\u00e9lier Blanc de La Cluzaz \u00a9 Belier de la Cluzaz\" class=\"wp-image-151901\" style=\"aspect-ratio:16\/9;object-fit:cover\"\/><figcaption class=\"wp-element-caption\">Le B\u00e9lier Blanc de La Cluzaz \u00a9 Belier de la Cluzaz<\/figcaption><\/figure>\n\n\n\n<h4 class=\"wp-block-heading\" id=\"votre-defi-grimper-dans-des-conditions-glaciales\">Votre D\u00e9fi : Grimper dans des Conditions Glaciales<\/h4>\n\n\n\n<p>Imaginez-vous parcourir un trac\u00e9 de 8 ou 24 km, entour\u00e9 de montagnes enneig\u00e9es. Le B\u00e9lier Blanc est une aventure hors du commun qui attire des participants du monde entier, pr\u00eats \u00e0 relever ce d\u00e9fi hivernal. C\u2019est l\u2019un des&nbsp;<a href=\"https:\/\/toploc.com\/blog\/france\/trails-annecy\">meilleurs trails d\u2019Annecy<\/a>&nbsp;\u00e0 faire en Janvier. En parall\u00e8le de la course, un trac\u00e9 est aussi d\u00e9di\u00e9 \u00e0 la randonn\u00e9e ou encore, \u00e0 une balade en raquette.<\/p>\n\n\n\n<h4 class=\"wp-block-heading\" id=\"programme-du-belier-blanc\">Programme du B\u00e9lier Blanc :<\/h4>\n\n\n\n<ul class=\"wp-block-list\">\n<li><strong>Vendredi 9 janvier<\/strong>\u00a0: Accueil des participants, retrait des dossards, et Pasta Party en soir\u00e9e.<\/li>\n\n\n\n<li><strong>Samedi 10 janvier<\/strong>\u00a0: Journ\u00e9e principale avec diff\u00e9rentes courses : 19h30 : D\u00e9part Trail 14 km, 19h45 : D\u00e9part Trail 8 km, suivie de la remise des prix.<\/li>\n<\/ul>\n\n\n\n<h4 class=\"wp-block-heading\" id=\"courses-variees-pour-tous-les-niveaux\">Courses Vari\u00e9es pour Tous les Niveaux :<\/h4>\n\n\n\n<ul class=\"wp-block-list\">\n<li><strong>Longue Distance<\/strong>\u00a0: 24 km.<\/li>\n\n\n\n<li><strong>Moyenne Distance<\/strong>\u00a0: 14 km.<\/li>\n\n\n\n<li><strong>Courte Distance\u00a0<\/strong>: 8 km.<\/li>\n\n\n\n<li><strong>Rando<\/strong>\u00a0: 6 km<\/li>\n<\/ul>\n\n\n\n<h4 class=\"wp-block-heading\" id=\"informations-pratiques-4\"><span id=\"informations-pratiques-8\">Informations Pratiques :<\/span><\/h4>\n\n\n\n<ul class=\"wp-block-list\">\n<li><strong>Dates<\/strong>\u00a0: Le 9 et 10 janvier 2026.<\/li>\n\n\n\n<li><strong>Lieu<\/strong>\u00a0: La Cluzaz<\/li>\n\n\n\n<li><strong>Tarifs<\/strong>\u00a0: Diff\u00e9rents tarifs selon les courses.<\/li>\n\n\n\n<li><strong>Inscriptions<\/strong>\u00a0: Ouvertes en ligne.<\/li>\n<\/ul>\n\n\n\n<h4 class=\"wp-block-heading\" id=\"un-evenement-convivial-et-festif\">Un \u00c9v\u00e9nement Convivial et Festif :<\/h4>\n\n\n\n<p>En plus des courses, la station de la Clusaz et le B\u00e9lier Blanc offre une ambiance festive avec une tartiflette organis\u00e9e \u00e0 la suite de la course. C\u2019est l\u2019occasion de partager un moment convivial et chaleureux, malgr\u00e9 le froid hivernal.<\/p>\n\n\n\n<p>Rejoignez l\u2019Aventure B\u00e9lier Blanc pour une Exp\u00e9rience Inoubliable sur les montagnes d\u2019Annecy et ses alentours !<\/p>\n\n\n\n<h2 id=\"les-evenements-a-ne-pas-rater-a-annecy-au-mois-de-fevrier\" class=\"wp-block-heading\">Les \u00e9v\u00e9nements \u00e0 ne pas rater \u00e0 Annecy au mois de f\u00e9vrier<\/h2>\n\n\n\n<p>D\u00e9couvrez <a href=\"https:\/\/toploc.com\/blog\/france\/annecy-en-fevrier\">quoi faire \u00e0 Annecy en f\u00e9vrier<\/a> : un mois o\u00f9 la ville se transforme en un v\u00e9ritable terrain de jeu pour les amateurs de nature, de culture et de festivit\u00e9s. En janvier, Annecy offre un cadre hivernal enchanteur, id\u00e9al pour une multitude d&#8217;aventures et de d\u00e9couvertes. Voici une s\u00e9lection des meilleurs \u00e9v\u00e9nements \u00e0 ne pas manquer, garantissant une exp\u00e9rience riche et vari\u00e9e pour tous les visiteurs.<\/p>\n\n\n\n<h3 id=\"carnaval-venitien-dannecy\" class=\"wp-block-heading\">Carnaval V\u00e9nitien d\u2019Annecy<\/h3>\n\n\n\n<figure class=\"wp-block-image\"><img loading=\"lazy\" decoding=\"async\" width=\"870\" height=\"580\" src=\"https:\/\/toploc.com\/blog\/wp-content\/uploads\/2025\/02\/f_prg_img_66993344c5dc1.jpg\" alt=\"Une multitude de masques et de d\u00e9guisement au bord du lac d'Annecy pendant le Carnaval V\u00e9nitien \u00a9Shutterstock - Alla Khananashvili\" class=\"wp-image-159960\" style=\"aspect-ratio:16\/9;object-fit:cover\" srcset=\"https:\/\/toploc.com\/blog\/wp-content\/uploads\/2025\/02\/f_prg_img_66993344c5dc1.jpg 870w, https:\/\/toploc.com\/blog\/wp-content\/uploads\/2025\/02\/f_prg_img_66993344c5dc1-300x200.jpg 300w, https:\/\/toploc.com\/blog\/wp-content\/uploads\/2025\/02\/f_prg_img_66993344c5dc1-768x512.jpg 768w, https:\/\/toploc.com\/blog\/wp-content\/uploads\/2025\/02\/f_prg_img_66993344c5dc1-380x253.jpg 380w, https:\/\/toploc.com\/blog\/wp-content\/uploads\/2025\/02\/f_prg_img_66993344c5dc1-800x533.jpg 800w\" sizes=\"auto, (max-width: 870px) 100vw, 870px\" \/><figcaption class=\"wp-element-caption\">Une multitude de masques et de d\u00e9guisement au bord du lac d\u2019Annecy pendant le Carnaval V\u00e9nitien \u00a9Shutterstock \u2013 Alla Khananashvili<\/figcaption><\/figure>\n\n\n\n<p>Organis\u00e9 chaque ann\u00e9e par \u201cl\u2019Association Rencontres Italie Annecy\u201d, le Carnaval V\u00e9nitien d\u2019Annecy permet de mettre en avant les similitudes entre&nbsp;<a href=\"https:\/\/toploc.com\/blog\/europe\/visiter-venise\">Venise<\/a>&nbsp;et \u201cla Venise des Alpes\u201d : Annecy. En 2026, d\u00e9ambulez dans les rues d\u2019Annecy pour profiter de la 29\u00e8me \u00e9dition du Carnaval V\u00e9nitien d\u2019Annecy. A chaque \u00e9dition, plusieurs centaines de masques d\u00e9ambulent lentement et librement dans les rues du Vieil Annecy, posent et paradent. Les lieux embl\u00e9matiques de la ville, comme le P\u00e2quier, les Jardins de l\u2019Europe, et le long des canaux de la vieille ville, sont plong\u00e9s dans une atmosph\u00e8re de silence, de myst\u00e8re et de raffinement propre au carnaval v\u00e9nitien.<\/p>\n\n\n\n<h4 class=\"wp-block-heading\" id=\"les-moments-cles\">Les moments cl\u00e9s<\/h4>\n\n\n\n<ul class=\"wp-block-list\">\n<li>D\u00e9but du carnaval : le 27 f\u00e9vrier 2026 \u00e0 17h30 avec une balade vesp\u00e9rale.<\/li>\n\n\n\n<li>D\u00e9fil\u00e9 en Vieille Ville pour les masques inscrits aupr\u00e8s : le 28 f\u00e9vrier 2026 \u00e0 14h.<\/li>\n\n\n\n<li>D\u00e9ambulation libre en journ\u00e9e pendant toute la dur\u00e9e du festival.<\/li>\n\n\n\n<li>Fin du festival le 1er Mars \u00e0 17h.<\/li>\n<\/ul>\n\n\n\n<h3 class=\"wp-block-heading\" id=\"festival-hors-pistes\">Festival Hors Pistes<\/h3>\n\n\n\n<figure class=\"wp-block-image\"><img loading=\"lazy\" decoding=\"async\" width=\"1024\" height=\"684\" src=\"https:\/\/toploc.com\/blog\/wp-content\/uploads\/2025\/02\/2022-02-11-Balladur-13-1800x1202-1-1024x684.jpg\" alt=\"Le Festival Hors Pistes de 2022 par le Brise-Glace \u00a9Le Brise Glace\" class=\"wp-image-159962\" style=\"aspect-ratio:16\/9;object-fit:cover\" srcset=\"https:\/\/toploc.com\/blog\/wp-content\/uploads\/2025\/02\/2022-02-11-Balladur-13-1800x1202-1-1024x684.jpg 1024w, https:\/\/toploc.com\/blog\/wp-content\/uploads\/2025\/02\/2022-02-11-Balladur-13-1800x1202-1-300x200.jpg 300w, https:\/\/toploc.com\/blog\/wp-content\/uploads\/2025\/02\/2022-02-11-Balladur-13-1800x1202-1-768x513.jpg 768w, https:\/\/toploc.com\/blog\/wp-content\/uploads\/2025\/02\/2022-02-11-Balladur-13-1800x1202-1-1536x1026.jpg 1536w, https:\/\/toploc.com\/blog\/wp-content\/uploads\/2025\/02\/2022-02-11-Balladur-13-1800x1202-1-380x254.jpg 380w, https:\/\/toploc.com\/blog\/wp-content\/uploads\/2025\/02\/2022-02-11-Balladur-13-1800x1202-1-800x534.jpg 800w, https:\/\/toploc.com\/blog\/wp-content\/uploads\/2025\/02\/2022-02-11-Balladur-13-1800x1202-1-1160x775.jpg 1160w, https:\/\/toploc.com\/blog\/wp-content\/uploads\/2025\/02\/2022-02-11-Balladur-13-1800x1202-1.jpg 1800w\" sizes=\"auto, (max-width: 1024px) 100vw, 1024px\" \/><figcaption class=\"wp-element-caption\">Le Festival Hors Pistes de 2022 par le Brise-Glace \u00a9Le Brise Glace<\/figcaption><\/figure>\n\n\n\n<p>La 15<sup>\u00e8me<\/sup>&nbsp;\u00e9dition du Festival Hors Pistes, port\u00e9 par le Brise-Glace, propose 20 concerts, dont 12 gratuits, consacr\u00e9es \u00e0 l\u2019avant-garde musicale, qu\u2019elle soit locale, nationale ou internationale. Du 17 au 22 f\u00e9vrier 2026, rendez-vous dans 11 salles diff\u00e9rentes dans la ville d\u2019Annecy. L\u2019occasion d\u2019assister \u00e0 des concerts dans des lieux atypiques comme Angine de Poitrine et son Garage Psych\u00e9 au Bistro des Tilleuls, de l\u2019Indie Pop et de l\u2019\u00e9lectro Pop dans la Chapelle des Forges ou de la Dark Pop au Ch\u00e2teau d\u2019Annecy. Cette ann\u00e9e, d\u00e9couvrez une ambiance m\u00e9di\u00e9vale, imaginaire, et color\u00e9e lors de ces aventures musicales.<\/p>\n\n\n\n<h4 class=\"wp-block-heading\" id=\"info-pratiques\">Info pratiques :<\/h4>\n\n\n\n<ul class=\"wp-block-list\">\n<li>Plus d\u2019infos : accueil@le-brise-glace.com ou 04 50 33 65 10<\/li>\n\n\n\n<li>Dates : du 17 au 22 f\u00e9vrier 2026<\/li>\n\n\n\n<li>Lieux : L\u2019\u00c9toile Rouge, La Chapelle des Forges, L\u2019Auditorium de Seynod, L\u2019Il\u00f4t-S, Le Bistro des Tilleuls, La M\u00e9diath\u00e8que de Bonlieu, le Conservatoire d\u2019Annecy, La Coloc, le Cin\u00e9ma La Turbine, le Ch\u00e2teau d\u2019Annecy, et le Brise-Glace.<\/li>\n\n\n\n<li>Tarifs : de gratuit \u00e0 21\u20ac selon le concert<\/li>\n<\/ul>\n\n\n\n<h3 class=\"wp-block-heading\" id=\"festival-de-science-fiction-les-myceliades\">Festival de Science-Fiction : Les Myc\u00e9liades<\/h3>\n\n\n\n<p>Plongez dans le th\u00e8me de la&nbsp;<em>R\u00e9siliences<\/em>&nbsp;lors du festival de science-fiction \u201cLes Myc\u00e9liades\u201d \u00e0 Annecy, du 31 janvier au 16 f\u00e9vrier 2026. L\u2019Auditorium et la m\u00e9diath\u00e8que de Seynod vous invitent \u00e0 une exp\u00e9rience cin\u00e9matographique unique avec de multiples projections et activit\u00e9s culturelles.<\/p>\n\n\n\n<figure class=\"wp-block-image\"><img loading=\"lazy\" decoding=\"async\" width=\"720\" height=\"600\" src=\"https:\/\/toploc.com\/blog\/wp-content\/uploads\/2025\/02\/MYCELIADES26-BANNIERE-1200x895px_Page_1-720x600-1.jpg\" alt=\"Affiche des Myc\u00e9liades \u00e0 Annecy en F\u00e9vrier \u00a9L'Auditorium Seynod\" class=\"wp-image-159973\" style=\"aspect-ratio:16\/9;object-fit:cover\" srcset=\"https:\/\/toploc.com\/blog\/wp-content\/uploads\/2025\/02\/MYCELIADES26-BANNIERE-1200x895px_Page_1-720x600-1.jpg 720w, https:\/\/toploc.com\/blog\/wp-content\/uploads\/2025\/02\/MYCELIADES26-BANNIERE-1200x895px_Page_1-720x600-1-300x250.jpg 300w, https:\/\/toploc.com\/blog\/wp-content\/uploads\/2025\/02\/MYCELIADES26-BANNIERE-1200x895px_Page_1-720x600-1-380x317.jpg 380w\" sizes=\"auto, (max-width: 720px) 100vw, 720px\" \/><figcaption class=\"wp-element-caption\">Affiche des Myc\u00e9liades \u00e0 Annecy en F\u00e9vrier \u00a9L\u2019Auditorium Seynod<\/figcaption><\/figure>\n\n\n\n<h4 class=\"wp-block-heading\" id=\"plus-quun-visionnage-une-experience-et-des-reflexions\">Plus qu\u2019un Visionnage, une Exp\u00e9rience et des r\u00e9flexions<\/h4>\n\n\n\n<p>Venez assister \u00e0 la projections de 11 films durant les 2 semaines des Myc\u00e9liades, autour de la R\u00e9siliences et de la science-fiction. Ce festival de Science-fiction permet \u00e9galement d\u2019assister \u00e0 des activit\u00e9s comme un Blind-Test, un \u00e9veil musical, des lectures, des rencontres, des ateliers d\u2019\u00e9critures, des spectacles et des initiations. Certaines activit\u00e9s sont d\u00e9di\u00e9s \u00e0 certains publics, tandis que d\u2019autres sont accessibles \u00e0 toutes les tranches d\u2019\u00e2ges.<\/p>\n\n\n\n<h4 class=\"wp-block-heading\" id=\"informations-pratiques-2\">Informations Pratiques<\/h4>\n\n\n\n<ul class=\"wp-block-list\">\n<li><strong>Tarifs Cin\u00e9ma<\/strong>\u00a0: De 5\u20ac \u00e0 7\u20ac par s\u00e9ance.<\/li>\n\n\n\n<li><strong>Lieu<\/strong>\u00a0: Auditorium Cin\u00e9ma Seynod, 1 place de l\u2019H\u00f4tel de ville, Seynod, 74600 Annecy<\/li>\n\n\n\n<li><strong>Contact<\/strong>\u00a0: 0450520520 ou cinema@auditoriumseynod.com<\/li>\n<\/ul>\n\n\n\n<p>Annecy vous attend pour une immersion dans le monde de la R\u00e9silience en science-fiction. Ne manquez pas cette occasion unique de d\u00e9couvrir ou red\u00e9couvrir des chefs-d\u2019\u0153uvre tel que Terminator 2, Dernier Train pour Busan, les Enfants de la mer, ou encore, Nausic\u00e4\u00e4 de la Vall\u00e9e du vent, dans une ambiance conviviale et passionn\u00e9e.<\/p>\n\n\n\n<h3 class=\"wp-block-heading\" id=\"jeu-de-piste-le-tresor-de-philibert\">Jeu de piste : Le tr\u00e9sor de Philibert<\/h3>\n\n\n\n<p>Venez r\u00e9soudre des \u00e9nigmes pour d\u00e9couvrir le tr\u00e9sor cach\u00e9 par Philibert, seigneur de l\u2019\u00eele, dans le Palais de l\u2019\u00cele. Ce jeu de piste interactif, con\u00e7u pour les enfants d\u00e8s 7 ans, plonge les participants dans l\u2019histoire fascinante des anciennes prisons d\u2019Annecy. Une aventure amusante et \u00e9ducative \u00e0 vivre en famille !<\/p>\n\n\n\n<figure class=\"wp-block-image\"><img loading=\"lazy\" decoding=\"async\" width=\"1000\" height=\"741\" src=\"https:\/\/toploc.com\/blog\/wp-content\/uploads\/2025\/02\/shutterstock_2428193049.jpg\" alt=\"Le Palais de l'Ille devient un lieu de jeu de piste en F\u00e9vrier, \u00e0 Annecy \u00a9Shutterstock\" class=\"wp-image-159975\" style=\"aspect-ratio:16\/9;object-fit:cover\" srcset=\"https:\/\/toploc.com\/blog\/wp-content\/uploads\/2025\/02\/shutterstock_2428193049.jpg 1000w, https:\/\/toploc.com\/blog\/wp-content\/uploads\/2025\/02\/shutterstock_2428193049-300x222.jpg 300w, https:\/\/toploc.com\/blog\/wp-content\/uploads\/2025\/02\/shutterstock_2428193049-768x569.jpg 768w, https:\/\/toploc.com\/blog\/wp-content\/uploads\/2025\/02\/shutterstock_2428193049-380x282.jpg 380w, https:\/\/toploc.com\/blog\/wp-content\/uploads\/2025\/02\/shutterstock_2428193049-800x593.jpg 800w\" sizes=\"auto, (max-width: 1000px) 100vw, 1000px\" \/><figcaption class=\"wp-element-caption\">Le Palais de l\u2019Ille devient un lieu de jeu de piste en F\u00e9vrier, \u00e0 Annecy \u00a9Shutterstock<\/figcaption><\/figure>\n\n\n\n<h4 class=\"wp-block-heading\" id=\"informations-pratiques-5\"><span id=\"informations-pratiques-10\">Informations pratiques<\/span><\/h4>\n\n\n\n<ul class=\"wp-block-list\">\n<li><strong>Date et Heure<\/strong>\u00a0: Lundi 9 f\u00e9vrier 2026, de 14h00 \u00e0 15h30, et autres dates disponibles (le 13\/02\/2026, le 16\/02\/2026, 20\/02\/2026)<\/li>\n\n\n\n<li><strong>Lieu<\/strong>\u00a0: Palais de l\u2019\u00cele, 3 Passage de l\u2019\u00cele, 74000 Annecy<\/li>\n\n\n\n<li><strong>Tarif<\/strong>\u00a0: Plein tarif : 7 \u20ac (par enfant), Tarif r\u00e9duit : 4 \u20ac (par adulte accompagnant).<\/li>\n<\/ul>\n\n\n\n<p><strong>Pourquoi participer ?<\/strong><\/p>\n\n\n\n<p>Le jeu de piste est une mani\u00e8re ludique et captivante de d\u00e9couvrir l\u2019histoire d\u2019Annecy en famille. Accompagn\u00e9s d\u2019un guide, les enfants comme les adultes peuvent explorer le Palais de l\u2019\u00cele tout en r\u00e9solvant des \u00e9nigmes qui les rapprochent d\u2019un tr\u00e9sor cach\u00e9. Une excellente activit\u00e9 pour stimuler la curiosit\u00e9 et l\u2019esprit d\u2019\u00e9quipe dans un cadre historique unique. Une exp\u00e9rience \u00e0 ne pas manquer pour les petits explorateurs !<\/p>\n\n\n\n<h3 class=\"wp-block-heading\" id=\"trail-blanc-dragonale-givree\">Trail Blanc \u201cDragonale Givr\u00e9e\u201d<\/h3>\n\n\n\n<figure class=\"wp-block-image\"><img loading=\"lazy\" decoding=\"async\" width=\"960\" height=\"540\" src=\"https:\/\/toploc.com\/blog\/wp-content\/uploads\/2025\/02\/IMGP2794.jpg\" alt=\"D\u00e9part de la &quot;Dragonale Givr\u00e9e&quot; depuis Prza-sur-Arly \u00a9Betrail\" class=\"wp-image-159976\" style=\"aspect-ratio:16\/9;object-fit:cover\" srcset=\"https:\/\/toploc.com\/blog\/wp-content\/uploads\/2025\/02\/IMGP2794.jpg 960w, https:\/\/toploc.com\/blog\/wp-content\/uploads\/2025\/02\/IMGP2794-300x169.jpg 300w, https:\/\/toploc.com\/blog\/wp-content\/uploads\/2025\/02\/IMGP2794-768x432.jpg 768w, https:\/\/toploc.com\/blog\/wp-content\/uploads\/2025\/02\/IMGP2794-380x214.jpg 380w, https:\/\/toploc.com\/blog\/wp-content\/uploads\/2025\/02\/IMGP2794-800x450.jpg 800w\" sizes=\"auto, (max-width: 960px) 100vw, 960px\" \/><figcaption class=\"wp-element-caption\">D\u00e9part de la \u201cDragonale Givr\u00e9e\u201d depuis Prza-sur-Arly \u00a9Betrail<\/figcaption><\/figure>\n\n\n\n<p>Aux alentours d\u2019Annecy, le trail se pratique aussi en hiver. La \u201cDragonale Givr\u00e9e\u201d prend place \u00e0 Praz-sur-Arly et r\u00e9unis plus de 200 participants. Pour 2026 et sa 3<sup>\u00e8me<\/sup>&nbsp;\u00e9dition, 350 places sont disponibles et deux parcours sont disponibles en plus d\u2019une course pour les enfants.<\/p>\n\n\n\n<h4 class=\"wp-block-heading\" id=\"les-parcours\">Les parcours<\/h4>\n\n\n\n<ul class=\"wp-block-list\">\n<li>Grand parcours : 12km pour 688m de d\u00e9nivel\u00e9, exigeant et sur neige, les grosses ascension permettent de profiter de magnifiques points de vue sur Praz-sur-Arly. D\u00e9part \u00e0 7h30 pour 3h30 de courses maximum.<\/li>\n\n\n\n<li>Petit parcours : 8km pour 330m de d\u00e9nivel\u00e9, un parcours ludique 100% sur neige traversant de beaux paysages avec de belles petites mont\u00e9es et descentes \u00e0 bien n\u00e9gocier. D\u00e9part \u00e0 8h30 pour 2h30 de course maximum.<\/li>\n\n\n\n<li>1 course Kids \u00e0 d\u00e9couvrir sur place.<\/li>\n<\/ul>\n\n\n\n<h4 class=\"wp-block-heading\" id=\"infos-pratiques-3\"><span id=\"infos-pratiques-2\">Infos pratiques<\/span><\/h4>\n\n\n\n<ul class=\"wp-block-list\">\n<li>Date : le Dimanche 1<sup>er<\/sup>\u00a0f\u00e9vrier 2026.<\/li>\n\n\n\n<li>Mat\u00e9riel \u00e0 amener : V\u00eatements chaud, imperm\u00e9ables, gourdes pleines, t\u00e9l\u00e9phone portable charg\u00e9, couverture de survie, \u00e9pingle pour le dossard, lampe frontales avec batterie ou piles de rechange. Les b\u00e2tons sont conseill\u00e9s.<\/li>\n\n\n\n<li>Restauration sur place, amener un gobelet.<\/li>\n\n\n\n<li>3 parkings gratuits \u00e0 disposition<\/li>\n\n\n\n<li>Inscriptions sur le site : https:\/\/www.prazsurarly.com\/fr\/trail-1<\/li>\n<\/ul>\n\n\n\n<p>Nous vous recommandons ces autres articles :<\/p>\n\n\n\n<ul class=\"wp-block-list\">\n<li><a href=\"https:\/\/toploc.com\/blog\/france\/visiter-annecy-en-1-jour\">Visiter Annecy en 1 jour<\/a><\/li>\n\n\n\n<li><a href=\"https:\/\/toploc.com\/blog\/france\/visiter-annecy-en-2-jours\">Visiter Annecy en 2 jours<\/a><\/li>\n\n\n\n<li><a href=\"https:\/\/toploc.com\/blog\/france\/visiter-annecy-en-3-jours\">Visiter Annecy en 3 jours<\/a><\/li>\n\n\n\n<li><a href=\"https:\/\/toploc.com\/blog\/france\/visiter-annecy-en-4-jours\">Visiter Annecy en 4 jours<\/a><\/li>\n\n\n\n<li><a href=\"https:\/\/toploc.com\/blog\/france\/visiter-annecy-en-5-jours\">Visiter Annecy en 5 jours<\/a><\/li>\n\n\n\n<li><a href=\"https:\/\/toploc.com\/blog\/france\/annecy-en-famille\">Que faire \u00e0 Annecy en famille<\/a><\/li>\n\n\n\n<li><a href=\"https:\/\/toploc.com\/blog\/france\/visiter-annecy-en-ete\">Que faire \u00e0 Annecy en \u00e9t\u00e9<\/a><\/li>\n\n\n\n<li><a href=\"https:\/\/toploc.com\/blog\/france\/visiter-annecy-au-printemps\">Que faire \u00e0 Annecy au printemps<\/a><\/li>\n\n\n\n<li><a href=\"https:\/\/toploc.com\/blog\/france\/visiter-annecy-en-automne\">Que faire \u00e0 Annecy en automne<\/a><\/li>\n\n\n\n<li><a href=\"https:\/\/toploc.com\/blog\/france\/annecy-en-couple\">Que faire \u00e0 Annecy en amoureux\u00a0<\/a><\/li>\n<\/ul>\n\n\n\n<h2 class=\"wp-block-heading\" id=\"ou-reserver-un-airbnb-annecy-septembre\"><span id=\"ou-reserver-un-airbnb-annecy-hiver\">O\u00f9 r\u00e9server un airbnb Annecy Hiver ?<\/span><\/h2>\n\n\n\n<p>Toploc r\u00e9f\u00e9rence des h\u00e9bergements nature sur Annecy, autour du lac Bleu et en Haute-Savoie. Voici nos suggestions de\u00a0<a href=\"https:\/\/toploc.com\/locations-vacances\/annecy\" target=\"_blank\" rel=\"noreferrer noopener\">location Annecy Hiver<\/a>\u00a0et\u00a0<a href=\"https:\/\/toploc.com\/locations-vacances\/haute-savoie\" target=\"_blank\" rel=\"noreferrer noopener\">locations de vacances Haute-Savoie<\/a>\u00a0disponibles durant la saison hivernale. R\u00e9servez directement depuis la carte suivante en contactant nos gentils h\u00f4tes Toploc :<\/p>\n\n\n\n<iframe loading=\"lazy\" width=\"100%\" height=\"450px\" frameborder=\"0\" src=\"https:\/\/toploc.com\/embed\/maps?location=Annecy&amp;bbox_area=6.0484121%2C45.8280024%2C6.2043932%2C45.9766928\"><\/iframe>\n\n\n\n<p>Guillaume pour Toploc<\/p>\n","protected":false},"excerpt":{"rendered":"L&#8217;hiver transforme Annecy en un paysage f\u00e9erique, offrant une multitude d&#8217;activit\u00e9s pour tous les go\u00fbts. Que vous soyez&hellip;\n","protected":false},"author":2,"featured_media":140147,"comment_status":"open","ping_status":"open","sticky":false,"template":"","format":"standard","meta":{"footnotes":""},"categories":[114],"tags":[7390],"class_list":{"0":"post-141200","1":"post","2":"type-post","3":"status-publish","4":"format-standard","5":"has-post-thumbnail","7":"category-france","8":"tag-annecy-en-hiver"},"yoast_head":"<!-- This site is optimized with the Yoast SEO plugin v26.9 - https:\/\/yoast.com\/product\/yoast-seo-wordpress\/ -->\n<title>Les 25 choses \u00e0 faire absolument \u00e0 Annecy en hiver<\/title>\n<meta name=\"description\" content=\"Annecy en hiver : No\u00ebl des Alpes . Foire Saint-Andr\u00e9 . F\u00e9\u00e9rie de No\u00ebl . Hivernal Festival 2026 . Palais de l\u2019\u00cele . GlaGla Race . B\u00e9lier Blanc\" \/>\n<meta name=\"robots\" content=\"index, follow, max-snippet:-1, max-image-preview:large, max-video-preview:-1\" \/>\n<link rel=\"canonical\" href=\"https:\/\/toploc.com\/blog\/france\/visiter-annecy-en-hiver\" \/>\n<meta property=\"og:locale\" content=\"fr_FR\" \/>\n<meta property=\"og:type\" content=\"article\" \/>\n<meta property=\"og:title\" content=\"Les 25 choses \u00e0 faire absolument \u00e0 Annecy en hiver\" \/>\n<meta property=\"og:description\" content=\"Annecy en hiver : No\u00ebl des Alpes . Foire Saint-Andr\u00e9 . F\u00e9\u00e9rie de No\u00ebl . Hivernal Festival 2026 . Palais de l\u2019\u00cele . GlaGla Race . B\u00e9lier Blanc\" \/>\n<meta property=\"og:url\" content=\"https:\/\/toploc.com\/blog\/france\/visiter-annecy-en-hiver\" \/>\n<meta property=\"og:site_name\" content=\"Toploc\" \/>\n<meta property=\"article:publisher\" content=\"https:\/\/www.facebook.com\/locationfrancophone\" \/>\n<meta property=\"article:published_time\" content=\"2026-04-28T12:54:29+00:00\" \/>\n<meta property=\"article:modified_time\" content=\"2026-04-28T12:54:30+00:00\" \/>\n<meta property=\"og:image\" content=\"https:\/\/toploc.com\/blog\/wp-content\/uploads\/2024\/01\/Capture-decran-2024-01-15-a-11.24.48.png\" \/>\n\t<meta property=\"og:image:width\" content=\"704\" \/>\n\t<meta property=\"og:image:height\" content=\"472\" \/>\n\t<meta property=\"og:image:type\" content=\"image\/png\" \/>\n<meta name=\"author\" content=\"Guillaume\" \/>\n<meta name=\"twitter:card\" content=\"summary_large_image\" \/>\n<meta name=\"twitter:label1\" content=\"\u00c9crit par\" \/>\n\t<meta name=\"twitter:data1\" content=\"Guillaume\" \/>\n\t<meta name=\"twitter:label2\" content=\"Dur\u00e9e de lecture estim\u00e9e\" \/>\n\t<meta name=\"twitter:data2\" content=\"27 minutes\" \/>\n<script type=\"application\/ld+json\" class=\"yoast-schema-graph\">{\"@context\":\"https:\/\/schema.org\",\"@graph\":[{\"@type\":\"Article\",\"@id\":\"https:\/\/toploc.com\/blog\/france\/visiter-annecy-en-hiver#article\",\"isPartOf\":{\"@id\":\"https:\/\/toploc.com\/blog\/france\/visiter-annecy-en-hiver\"},\"author\":{\"name\":\"Guillaume\",\"@id\":\"https:\/\/toploc.com\/blog\/#\/schema\/person\/ab9993aff7c3d37b3a2f20d2a57e2e66\"},\"headline\":\"Les 25 choses \u00e0 faire absolument \u00e0 Annecy en hiver\",\"datePublished\":\"2026-04-28T12:54:29+00:00\",\"dateModified\":\"2026-04-28T12:54:30+00:00\",\"mainEntityOfPage\":{\"@id\":\"https:\/\/toploc.com\/blog\/france\/visiter-annecy-en-hiver\"},\"wordCount\":4925,\"commentCount\":0,\"publisher\":{\"@id\":\"https:\/\/toploc.com\/blog\/#organization\"},\"image\":{\"@id\":\"https:\/\/toploc.com\/blog\/france\/visiter-annecy-en-hiver#primaryimage\"},\"thumbnailUrl\":\"https:\/\/toploc.com\/blog\/wp-content\/uploads\/2024\/01\/Capture-decran-2024-01-15-a-11.24.48.png\",\"keywords\":[\"Annecy en hiver\"],\"articleSection\":[\"Itin\u00e9raires France\"],\"inLanguage\":\"fr-FR\",\"potentialAction\":[{\"@type\":\"CommentAction\",\"name\":\"Comment\",\"target\":[\"https:\/\/toploc.com\/blog\/france\/visiter-annecy-en-hiver#respond\"]}]},{\"@type\":\"WebPage\",\"@id\":\"https:\/\/toploc.com\/blog\/france\/visiter-annecy-en-hiver\",\"url\":\"https:\/\/toploc.com\/blog\/france\/visiter-annecy-en-hiver\",\"name\":\"Les 25 choses \u00e0 faire absolument \u00e0 Annecy en hiver\",\"isPartOf\":{\"@id\":\"https:\/\/toploc.com\/blog\/#website\"},\"primaryImageOfPage\":{\"@id\":\"https:\/\/toploc.com\/blog\/france\/visiter-annecy-en-hiver#primaryimage\"},\"image\":{\"@id\":\"https:\/\/toploc.com\/blog\/france\/visiter-annecy-en-hiver#primaryimage\"},\"thumbnailUrl\":\"https:\/\/toploc.com\/blog\/wp-content\/uploads\/2024\/01\/Capture-decran-2024-01-15-a-11.24.48.png\",\"datePublished\":\"2026-04-28T12:54:29+00:00\",\"dateModified\":\"2026-04-28T12:54:30+00:00\",\"description\":\"Annecy en hiver : No\u00ebl des Alpes . Foire Saint-Andr\u00e9 . F\u00e9\u00e9rie de No\u00ebl . Hivernal Festival 2026 . Palais de l\u2019\u00cele . GlaGla Race . B\u00e9lier Blanc\",\"breadcrumb\":{\"@id\":\"https:\/\/toploc.com\/blog\/france\/visiter-annecy-en-hiver#breadcrumb\"},\"inLanguage\":\"fr-FR\",\"potentialAction\":[{\"@type\":\"ReadAction\",\"target\":[\"https:\/\/toploc.com\/blog\/france\/visiter-annecy-en-hiver\"]}]},{\"@type\":\"ImageObject\",\"inLanguage\":\"fr-FR\",\"@id\":\"https:\/\/toploc.com\/blog\/france\/visiter-annecy-en-hiver#primaryimage\",\"url\":\"https:\/\/toploc.com\/blog\/wp-content\/uploads\/2024\/01\/Capture-decran-2024-01-15-a-11.24.48.png\",\"contentUrl\":\"https:\/\/toploc.com\/blog\/wp-content\/uploads\/2024\/01\/Capture-decran-2024-01-15-a-11.24.48.png\",\"width\":704,\"height\":472,\"caption\":\"Palais de l'Isle sous la neige \u00e0 Annecy en Janvier \u00a9 DR\"},{\"@type\":\"BreadcrumbList\",\"@id\":\"https:\/\/toploc.com\/blog\/france\/visiter-annecy-en-hiver#breadcrumb\",\"itemListElement\":[{\"@type\":\"ListItem\",\"position\":1,\"name\":\"Accueil\",\"item\":\"https:\/\/toploc.com\/blog\"},{\"@type\":\"ListItem\",\"position\":2,\"name\":\"Les 25 choses \u00e0 faire absolument \u00e0 Annecy en hiver\"}]},{\"@type\":\"WebSite\",\"@id\":\"https:\/\/toploc.com\/blog\/#website\",\"url\":\"https:\/\/toploc.com\/blog\/\",\"name\":\"Toploc\",\"description\":\"Itin\u00e9raires natures et locations de vacances en groupe\",\"publisher\":{\"@id\":\"https:\/\/toploc.com\/blog\/#organization\"},\"potentialAction\":[{\"@type\":\"SearchAction\",\"target\":{\"@type\":\"EntryPoint\",\"urlTemplate\":\"https:\/\/toploc.com\/blog\/?s={search_term_string}\"},\"query-input\":{\"@type\":\"PropertyValueSpecification\",\"valueRequired\":true,\"valueName\":\"search_term_string\"}}],\"inLanguage\":\"fr-FR\"},{\"@type\":\"Organization\",\"@id\":\"https:\/\/toploc.com\/blog\/#organization\",\"name\":\"Toploc\",\"url\":\"https:\/\/toploc.com\/blog\/\",\"logo\":{\"@type\":\"ImageObject\",\"inLanguage\":\"fr-FR\",\"@id\":\"https:\/\/toploc.com\/blog\/#\/schema\/logo\/image\/\",\"url\":\"https:\/\/blog.toploc.com\/wp-content\/uploads\/2022\/03\/toploc_facebook_5.png\",\"contentUrl\":\"https:\/\/blog.toploc.com\/wp-content\/uploads\/2022\/03\/toploc_facebook_5.png\",\"width\":600,\"height\":600,\"caption\":\"Toploc\"},\"image\":{\"@id\":\"https:\/\/toploc.com\/blog\/#\/schema\/logo\/image\/\"},\"sameAs\":[\"https:\/\/www.facebook.com\/locationfrancophone\",\"https:\/\/www.instagram.com\/toploc_\",\"https:\/\/www.pinterest.fr\/Toploc_\/\"]},{\"@type\":\"Person\",\"@id\":\"https:\/\/toploc.com\/blog\/#\/schema\/person\/ab9993aff7c3d37b3a2f20d2a57e2e66\",\"name\":\"Guillaume\",\"image\":{\"@type\":\"ImageObject\",\"inLanguage\":\"fr-FR\",\"@id\":\"https:\/\/toploc.com\/blog\/#\/schema\/person\/image\/\",\"url\":\"https:\/\/secure.gravatar.com\/avatar\/d80553a7f7ac9459767da9b2359979a62070bea95c2826cda6a65908541bf9e6?s=96&d=mm&r=g\",\"contentUrl\":\"https:\/\/secure.gravatar.com\/avatar\/d80553a7f7ac9459767da9b2359979a62070bea95c2826cda6a65908541bf9e6?s=96&d=mm&r=g\",\"caption\":\"Guillaume\"},\"description\":\"Je suis passionn\u00e9 de grands espaces, de montagnes et de trail running. Je suis aussi le co-fondateur de Toploc, une plateforme de voyage nature. Pourquoi ? pour partager mon go\u00fbt pour les aventures en plein air, les itin\u00e9raires de voyages et la nature.\",\"url\":\"https:\/\/toploc.com\/blog\/author\/guillaume\"}]}<\/script>\n<!-- \/ Yoast SEO plugin. -->","yoast_head_json":{"title":"Les 25 choses \u00e0 faire absolument \u00e0 Annecy en hiver","description":"Annecy en hiver : No\u00ebl des Alpes . Foire Saint-Andr\u00e9 . F\u00e9\u00e9rie de No\u00ebl . Hivernal Festival 2026 . Palais de l\u2019\u00cele . GlaGla Race . B\u00e9lier Blanc","robots":{"index":"index","follow":"follow","max-snippet":"max-snippet:-1","max-image-preview":"max-image-preview:large","max-video-preview":"max-video-preview:-1"},"canonical":"https:\/\/toploc.com\/blog\/france\/visiter-annecy-en-hiver","og_locale":"fr_FR","og_type":"article","og_title":"Les 25 choses \u00e0 faire absolument \u00e0 Annecy en hiver","og_description":"Annecy en hiver : No\u00ebl des Alpes . Foire Saint-Andr\u00e9 . F\u00e9\u00e9rie de No\u00ebl . Hivernal Festival 2026 . Palais de l\u2019\u00cele . GlaGla Race . B\u00e9lier Blanc","og_url":"https:\/\/toploc.com\/blog\/france\/visiter-annecy-en-hiver","og_site_name":"Toploc","article_publisher":"https:\/\/www.facebook.com\/locationfrancophone","article_published_time":"2026-04-28T12:54:29+00:00","article_modified_time":"2026-04-28T12:54:30+00:00","og_image":[{"width":704,"height":472,"url":"https:\/\/toploc.com\/blog\/wp-content\/uploads\/2024\/01\/Capture-decran-2024-01-15-a-11.24.48.png","type":"image\/png"}],"author":"Guillaume","twitter_card":"summary_large_image","twitter_misc":{"\u00c9crit par":"Guillaume","Dur\u00e9e de lecture estim\u00e9e":"27 minutes"},"schema":{"@context":"https:\/\/schema.org","@graph":[{"@type":"Article","@id":"https:\/\/toploc.com\/blog\/france\/visiter-annecy-en-hiver#article","isPartOf":{"@id":"https:\/\/toploc.com\/blog\/france\/visiter-annecy-en-hiver"},"author":{"name":"Guillaume","@id":"https:\/\/toploc.com\/blog\/#\/schema\/person\/ab9993aff7c3d37b3a2f20d2a57e2e66"},"headline":"Les 25 choses \u00e0 faire absolument \u00e0 Annecy en hiver","datePublished":"2026-04-28T12:54:29+00:00","dateModified":"2026-04-28T12:54:30+00:00","mainEntityOfPage":{"@id":"https:\/\/toploc.com\/blog\/france\/visiter-annecy-en-hiver"},"wordCount":4925,"commentCount":0,"publisher":{"@id":"https:\/\/toploc.com\/blog\/#organization"},"image":{"@id":"https:\/\/toploc.com\/blog\/france\/visiter-annecy-en-hiver#primaryimage"},"thumbnailUrl":"https:\/\/toploc.com\/blog\/wp-content\/uploads\/2024\/01\/Capture-decran-2024-01-15-a-11.24.48.png","keywords":["Annecy en hiver"],"articleSection":["Itin\u00e9raires France"],"inLanguage":"fr-FR","potentialAction":[{"@type":"CommentAction","name":"Comment","target":["https:\/\/toploc.com\/blog\/france\/visiter-annecy-en-hiver#respond"]}]},{"@type":"WebPage","@id":"https:\/\/toploc.com\/blog\/france\/visiter-annecy-en-hiver","url":"https:\/\/toploc.com\/blog\/france\/visiter-annecy-en-hiver","name":"Les 25 choses \u00e0 faire absolument \u00e0 Annecy en hiver","isPartOf":{"@id":"https:\/\/toploc.com\/blog\/#website"},"primaryImageOfPage":{"@id":"https:\/\/toploc.com\/blog\/france\/visiter-annecy-en-hiver#primaryimage"},"image":{"@id":"https:\/\/toploc.com\/blog\/france\/visiter-annecy-en-hiver#primaryimage"},"thumbnailUrl":"https:\/\/toploc.com\/blog\/wp-content\/uploads\/2024\/01\/Capture-decran-2024-01-15-a-11.24.48.png","datePublished":"2026-04-28T12:54:29+00:00","dateModified":"2026-04-28T12:54:30+00:00","description":"Annecy en hiver : No\u00ebl des Alpes . Foire Saint-Andr\u00e9 . F\u00e9\u00e9rie de No\u00ebl . Hivernal Festival 2026 . Palais de l\u2019\u00cele . GlaGla Race . B\u00e9lier Blanc","breadcrumb":{"@id":"https:\/\/toploc.com\/blog\/france\/visiter-annecy-en-hiver#breadcrumb"},"inLanguage":"fr-FR","potentialAction":[{"@type":"ReadAction","target":["https:\/\/toploc.com\/blog\/france\/visiter-annecy-en-hiver"]}]},{"@type":"ImageObject","inLanguage":"fr-FR","@id":"https:\/\/toploc.com\/blog\/france\/visiter-annecy-en-hiver#primaryimage","url":"https:\/\/toploc.com\/blog\/wp-content\/uploads\/2024\/01\/Capture-decran-2024-01-15-a-11.24.48.png","contentUrl":"https:\/\/toploc.com\/blog\/wp-content\/uploads\/2024\/01\/Capture-decran-2024-01-15-a-11.24.48.png","width":704,"height":472,"caption":"Palais de l'Isle sous la neige \u00e0 Annecy en Janvier \u00a9 DR"},{"@type":"BreadcrumbList","@id":"https:\/\/toploc.com\/blog\/france\/visiter-annecy-en-hiver#breadcrumb","itemListElement":[{"@type":"ListItem","position":1,"name":"Accueil","item":"https:\/\/toploc.com\/blog"},{"@type":"ListItem","position":2,"name":"Les 25 choses \u00e0 faire absolument \u00e0 Annecy en hiver"}]},{"@type":"WebSite","@id":"https:\/\/toploc.com\/blog\/#website","url":"https:\/\/toploc.com\/blog\/","name":"Toploc","description":"Itin\u00e9raires natures et locations de vacances en groupe","publisher":{"@id":"https:\/\/toploc.com\/blog\/#organization"},"potentialAction":[{"@type":"SearchAction","target":{"@type":"EntryPoint","urlTemplate":"https:\/\/toploc.com\/blog\/?s={search_term_string}"},"query-input":{"@type":"PropertyValueSpecification","valueRequired":true,"valueName":"search_term_string"}}],"inLanguage":"fr-FR"},{"@type":"Organization","@id":"https:\/\/toploc.com\/blog\/#organization","name":"Toploc","url":"https:\/\/toploc.com\/blog\/","logo":{"@type":"ImageObject","inLanguage":"fr-FR","@id":"https:\/\/toploc.com\/blog\/#\/schema\/logo\/image\/","url":"https:\/\/blog.toploc.com\/wp-content\/uploads\/2022\/03\/toploc_facebook_5.png","contentUrl":"https:\/\/blog.toploc.com\/wp-content\/uploads\/2022\/03\/toploc_facebook_5.png","width":600,"height":600,"caption":"Toploc"},"image":{"@id":"https:\/\/toploc.com\/blog\/#\/schema\/logo\/image\/"},"sameAs":["https:\/\/www.facebook.com\/locationfrancophone","https:\/\/www.instagram.com\/toploc_","https:\/\/www.pinterest.fr\/Toploc_\/"]},{"@type":"Person","@id":"https:\/\/toploc.com\/blog\/#\/schema\/person\/ab9993aff7c3d37b3a2f20d2a57e2e66","name":"Guillaume","image":{"@type":"ImageObject","inLanguage":"fr-FR","@id":"https:\/\/toploc.com\/blog\/#\/schema\/person\/image\/","url":"https:\/\/secure.gravatar.com\/avatar\/d80553a7f7ac9459767da9b2359979a62070bea95c2826cda6a65908541bf9e6?s=96&d=mm&r=g","contentUrl":"https:\/\/secure.gravatar.com\/avatar\/d80553a7f7ac9459767da9b2359979a62070bea95c2826cda6a65908541bf9e6?s=96&d=mm&r=g","caption":"Guillaume"},"description":"Je suis passionn\u00e9 de grands espaces, de montagnes et de trail running. Je suis aussi le co-fondateur de Toploc, une plateforme de voyage nature. Pourquoi ? pour partager mon go\u00fbt pour les aventures en plein air, les itin\u00e9raires de voyages et la nature.","url":"https:\/\/toploc.com\/blog\/author\/guillaume"}]}},"_links":{"self":[{"href":"https:\/\/toploc.com\/blog\/wp-json\/wp\/v2\/posts\/141200","targetHints":{"allow":["GET"]}}],"collection":[{"href":"https:\/\/toploc.com\/blog\/wp-json\/wp\/v2\/posts"}],"about":[{"href":"https:\/\/toploc.com\/blog\/wp-json\/wp\/v2\/types\/post"}],"author":[{"embeddable":true,"href":"https:\/\/toploc.com\/blog\/wp-json\/wp\/v2\/users\/2"}],"replies":[{"embeddable":true,"href":"https:\/\/toploc.com\/blog\/wp-json\/wp\/v2\/comments?post=141200"}],"version-history":[{"count":15,"href":"https:\/\/toploc.com\/blog\/wp-json\/wp\/v2\/posts\/141200\/revisions"}],"predecessor-version":[{"id":163651,"href":"https:\/\/toploc.com\/blog\/wp-json\/wp\/v2\/posts\/141200\/revisions\/163651"}],"wp:featuredmedia":[{"embeddable":true,"href":"https:\/\/toploc.com\/blog\/wp-json\/wp\/v2\/media\/140147"}],"wp:attachment":[{"href":"https:\/\/toploc.com\/blog\/wp-json\/wp\/v2\/media?parent=141200"}],"wp:term":[{"taxonomy":"category","embeddable":true,"href":"https:\/\/toploc.com\/blog\/wp-json\/wp\/v2\/categories?post=141200"},{"taxonomy":"post_tag","embeddable":true,"href":"https:\/\/toploc.com\/blog\/wp-json\/wp\/v2\/tags?post=141200"}],"curies":[{"name":"wp","href":"https:\/\/api.w.org\/{rel}","templated":true}]}}