{"id":140985,"date":"2026-04-03T15:03:48","date_gmt":"2026-04-03T13:03:48","guid":{"rendered":"https:\/\/blog.toploc.com\/?p=140985"},"modified":"2026-04-03T15:37:25","modified_gmt":"2026-04-03T13:37:25","slug":"annecy-en-novembre","status":"publish","type":"post","link":"https:\/\/toploc.com\/blog\/france\/annecy-en-novembre","title":{"rendered":"10 choses \u00e0 faire absolument \u00e0 Annecy en Novembre"},"content":{"rendered":"\n<p>Novembre \u00e0 Annecy se d\u00e9voile \u00e0 travers des \u00e9v\u00e9nements uniques, vous invitant \u00e0 vivre la ville sous des angles diff\u00e9rents. Chaque moment est une opportunit\u00e9 de s&#8217;immerger dans les traditions, la nature et la culture locale. Ces \u00e9v\u00e9nements vari\u00e9s vous promettent des exp\u00e9riences inoubliables, que vous soyez amateur de nature, passionn\u00e9 de culture ou simplement en qu\u00eate de nouvelles d\u00e9couvertes. <a href=\"https:\/\/toploc.com\/blog\/france\/visiter-annecy-en-automne\" type=\"link\" id=\"https:\/\/toploc.com\/blog\/france\/visiter-annecy-en-automne\">Annecy en automne<\/a>, c&#8217;est un kal\u00e9idoscope d&#8217;activit\u00e9s qui \u00e9veillent les sens et enrichissent l&#8217;esprit.<\/p>\n\n\n\n<div class=\"wp-block-buttons is-content-justification-center is-layout-flex wp-container-core-buttons-is-layout-16018d1d wp-block-buttons-is-layout-flex\">\n<div class=\"wp-block-button\"><a class=\"wp-block-button__link has-background has-small-font-size has-custom-font-size wp-element-button\" href=\"https:\/\/toploc.com\/location\/s\/Annecy--Alpes-occidentales--France\" style=\"background-color:#006b52\" target=\"_blank\" rel=\"noreferrer noopener\"><strong>\ud83d\udc49\u00a0LOCATION VACANCES ANNECY<\/strong><\/a><\/div>\n<\/div>\n\n\n\n<h2 id=\"noel-des-alpes\" class=\"wp-block-heading\">No\u00ebl des Alpes<\/h2>\n\n\n\n<p>Plongez dans la f\u00e9erie des f\u00eates de fin d&#8217;ann\u00e9e avec le March\u00e9 de No\u00ebl d&#8217;Annecy, le fameux No\u00ebl des Alpes, un \u00e9v\u00e9nement magique qui transforme la ville en un v\u00e9ritable conte de f\u00e9es hivernal. De novembre 2026 \u00e0 janvier 2027, Annecy s&#8217;illumine et s&#8217;anime pour offrir une exp\u00e9rience inoubliable aux visiteurs de tous \u00e2ges.<\/p>\n\n\n\n<figure class=\"wp-block-image size-full\"><img loading=\"lazy\" decoding=\"async\" width=\"1000\" height=\"679\" src=\"https:\/\/toploc.com\/blog\/wp-content\/uploads\/2025\/01\/shutterstock_2616178585.jpg\" alt=\"Le march\u00e9 &quot;No\u00ebl des Alpes&quot; au c\u0153ur d'Annecy \u00a9Shutterstock\" class=\"wp-image-162743\" style=\"aspect-ratio:16\/9;object-fit:cover\" srcset=\"https:\/\/toploc.com\/blog\/wp-content\/uploads\/2025\/01\/shutterstock_2616178585.jpg 1000w, https:\/\/toploc.com\/blog\/wp-content\/uploads\/2025\/01\/shutterstock_2616178585-300x204.jpg 300w, https:\/\/toploc.com\/blog\/wp-content\/uploads\/2025\/01\/shutterstock_2616178585-768x521.jpg 768w, https:\/\/toploc.com\/blog\/wp-content\/uploads\/2025\/01\/shutterstock_2616178585-380x258.jpg 380w, https:\/\/toploc.com\/blog\/wp-content\/uploads\/2025\/01\/shutterstock_2616178585-800x543.jpg 800w\" sizes=\"auto, (max-width: 1000px) 100vw, 1000px\" \/><figcaption class=\"wp-element-caption\">Le march\u00e9 &#8220;No\u00ebl des Alpes&#8221; au c\u0153ur d&#8217;Annecy \u00a9Shutterstock<\/figcaption><\/figure>\n\n\n\n<h3 id=\"un-marche-feerique-et-diversifie\" class=\"wp-block-heading\">Un March\u00e9 F\u00e9erique et Diversifi\u00e9<\/h3>\n\n\n\n<p>Le march\u00e9 de No\u00ebl de Alpes d\u2019Annecy est l\u2019un des plus accueillants de France, offrant une vue splendide sur le lac et les montagnes environnantes. C\u2019est une des villes qui incarne le mieux l\u2019esprit de No\u00ebl. Il se compose de plusieurs petits march\u00e9s diss\u00e9min\u00e9s dans le centre-ville, o\u00f9 les visiteurs peuvent d\u00e9couvrir des produits artisanaux et des sp\u00e9cialit\u00e9s savoyardes, comme la tartiflette et les fromages locaux. D\u00e9ambulez le long des chalets d\u2019artisanat et de gastronomie et laissez-vous porter par l\u2019odeur des \u00e9pices et l\u2019ambiance f\u00e9\u00e9rique. Repens\u00e9 en 2025, et reconduit en 2026 ce march\u00e9 de No\u00ebl s\u2019\u00e9tendre dans des lieux magiques de la ville. Rendez-vous notamment, au Jardin de l\u2019Europe, au bord du lac, pour profiter de la patinoire et d\u2019une zone festive.<\/p>\n\n\n\n<h3 id=\"des-animations-pour-tous\" class=\"wp-block-heading\">Des Animations pour Tous<\/h3>\n\n\n\n<p>Le No\u00ebl des Alpes \u00e0 Annecy ne se limite pas aux march\u00e9s. La ville propose une programmation culturelle riche et vari\u00e9e, avec des spectacles, des concerts, des ateliers et bien plus encore. Ne manquez pas la patinoire pour des moments conviviaux en famille.<\/p>\n\n\n\n<h3 id=\"informations-pratiques\" class=\"wp-block-heading\">Informations Pratiques<\/h3>\n\n\n\n<ul class=\"wp-block-list\">\n<li>Dates : De fin novembre 2026 \u00e0 d\u00e9but janvier 2027.<\/li>\n\n\n\n<li>Tarifs : Acc\u00e8s libre.<\/li>\n\n\n\n<li>Contact : Site Web No\u00ebl des Alpes<\/li>\n<\/ul>\n\n\n\n<p>A lire : <a href=\"https:\/\/toploc.com\/blog\/france\/marches-de-noel-haute-savoie\" type=\"link\" id=\"https:\/\/toploc.com\/blog\/france\/marches-de-noel-haute-savoie\">Les 10 plus beaux March\u00e9s de No\u00ebl Haute-Savoie \u00e0 explorer<\/a><\/p>\n\n\n\n<h3 id=\"pourquoi-visiter\" class=\"wp-block-heading\">Pourquoi Visiter ?<\/h3>\n\n\n\n<p>L\u2019attrait de ce march\u00e9 r\u00e9side \u00e9galement dans l\u2019atmosph\u00e8re chaleureuse cr\u00e9\u00e9e par les chalets en bois et les illuminations, qui transforment la vieille ville d\u2019Annecy en un village de No\u00ebl f\u00e9erique. Des illuminations sur la cath\u00e9drale Notre-Dame et sur la Mairie ont lieu toutes les 30 minutes de 17h \u00e0 minuit. Le march\u00e9 est particuli\u00e8rement appr\u00e9ci\u00e9 pour sa convivialit\u00e9 et ses activit\u00e9s familiales\u200b. Ainsi, venez vous immerg\u00e9 dans un No\u00ebl purement haut-savoyard avec des th\u00e9s dansants, des bals de No\u00ebl, des lectures de contes de No\u00ebl, des ateliers cr\u00e9atifs, des chants de No\u00ebl, des concerts, et des expositions de cr\u00e8ches de No\u00ebl. Sur la place de l\u2019ancienne Grenette, venez rencontrer le P\u00e8re No\u00ebl pour des photos et pour que les enfants puissent partager leurs listes de cadeaux et leurs souhaits.<\/p>\n\n\n\n<h2 id=\"le-salon-des-vins-et-produits-du-terroir\" class=\"wp-block-heading\">Le salon des vins et produits du Terroir<\/h2>\n\n\n\n<p>Lors du 2\u00e8me week-end de novembre 2026, Annecy vous invite \u00e0 d\u00e9couvrir la richesse de ses vins et produits du terroir lors de la Foire aux Vin et du Terroir, organis\u00e9e par le Lions Club Annecy-Lac. La 27<sup>\u00e8me<\/sup> \u00e9dition de cet \u00e9v\u00e9nement se tiendra au Complexe d\u2019Animation de Sevrier (\u00e0 10 minutes d&#8217;Annecy) offrant une exp\u00e9rience gustative unique dans une ambiance chaleureuse et conviviale.<\/p>\n\n\n\n<figure class=\"wp-block-image size-full\"><img loading=\"lazy\" decoding=\"async\" width=\"640\" height=\"425\" src=\"https:\/\/blog.toploc.com\/wp-content\/uploads\/2024\/01\/image-796.png\" alt=\"La Foire aux Vin et du Terroir \u00e0 Annecy \u00a9 Foire aux vins\" class=\"wp-image-140987\" style=\"aspect-ratio:16\/9;object-fit:cover\"\/><figcaption class=\"wp-element-caption\">La Foire aux Vin et du Terroir \u00e0 Annecy \u00a9 Foire aux vins<\/figcaption><\/figure>\n\n\n\n<h3 id=\"une-rencontre-avec-les-saveurs-regionales\" class=\"wp-block-heading\">Une Rencontre avec les Saveurs R\u00e9gionales<\/h3>\n\n\n\n<p>La Foire aux Vin et du Terroir est l&#8217;occasion parfaite pour les amateurs de vin et de gastronomie de d\u00e9couvrir une vari\u00e9t\u00e9 de produits r\u00e9gionaux. Plusieurs r\u00e9gions de France seront repr\u00e9sent\u00e9es, sur une surface de 1000 m\u00b2, r\u00e9partie en 90 stands, qui vous permettront de d\u00e9guster et d&#8217;appr\u00e9cier la diversit\u00e9 des vins et sp\u00e9cialit\u00e9s culinaires fran\u00e7aises et \u00e9trang\u00e8res.<\/p>\n\n\n\n<h3 id=\"degustations-et-restaurations\" class=\"wp-block-heading\">D\u00e9gustations et Restaurations<\/h3>\n\n\n\n<ul class=\"wp-block-list\">\n<li>D\u00e9gustations de Vin : Explorez une s\u00e9lection de vins fins provenant de diff\u00e9rentes r\u00e9gions viticoles. D\u00e9couvrez des vins d&#8217;origine fran\u00e7aise, mais aussi quelques vins provenant de l&#8217;\u00e9tranger.<\/li>\n\n\n\n<li>Restauration sur Place : Savourez des plats et des produits du terroir, pr\u00e9par\u00e9s pour compl\u00e9ter votre exp\u00e9rience de d\u00e9gustation.<\/li>\n\n\n\n<li>Ambiance Chaleureuse : Profitez d&#8217;une atmosph\u00e8re accueillante et conviviale, id\u00e9ale pour partager des moments agr\u00e9ables entre amis ou en famille.<\/li>\n<\/ul>\n\n\n\n<h3 id=\"informations-pratiques-2\" class=\"wp-block-heading\">Informations Pratiques<\/h3>\n\n\n\n<ul class=\"wp-block-list\">\n<li>Date : du 6 au 8 Novembre 2026.<\/li>\n\n\n\n<li>Lieu : Complexe d\u2019Animation de Sevrier (RN 508 proche d\u2019Annecy) 74320 Sevrier.<\/li>\n\n\n\n<li>Tarif : 5\u20ac par adultes.<\/li>\n\n\n\n<li>Public : Ouvert \u00e0 tous, id\u00e9al pour les amateurs de vin et de gastronomie. Les enfants doivent \u00eatre accompagn\u00e9s d&#8217;un adulte.<\/li>\n\n\n\n<li>Contact : www.salondesvins.org<\/li>\n<\/ul>\n\n\n\n<p>La Foire aux Vin et du Terroir \u00e0 Annecy est une c\u00e9l\u00e9bration de la culture viticole et gastronomique, offrant une exp\u00e9rience enrichissante pour les \u00e9picuriens et les curieux. Que vous soyez un connaisseur de vin ou simplement \u00e0 la recherche d&#8217;une sortie agr\u00e9able, cet \u00e9v\u00e9nement est une occasion parfaite pour explorer les saveurs uniques de la r\u00e9gion. Venez vivre une journ\u00e9e de d\u00e9couverte et de plaisir gustatif au c\u0153ur d&#8217;Annecy ! <\/p>\n\n\n\n<h3 id=\"un-salon-qui-a-du-sens\" class=\"wp-block-heading\">Un salon qui a du sens<\/h3>\n\n\n\n<p>Ce salon s&#8217;organise au profit des \u0153uvres sociales du Lions Club Annecy-Lac. Le Lions Club est une association caritative internationale, fond\u00e9 en 1917. Le Lions Club Annecy-Lac fut fond\u00e9 en 1979 et est engag\u00e9 concr\u00e8tement dans des actions humanitaires, sociales et culturelles port\u00e9es par l\u2019humanisme et le b\u00e9n\u00e9volat. En France, on comptabilise 1 200 clubs, qui organisent 5 000 manifestations partout en France, afin de r\u00e9colter des fonds.<\/p>\n\n\n\n<h2 id=\"fete-de-caion\" class=\"wp-block-heading\">F\u00eate de Ca\u00efon<\/h2>\n\n\n\n<p>Plongez dans la tradition savoyarde avec la F\u00eate du Ca\u00efon \u00e0 Annecy, une c\u00e9l\u00e9bration annuelle qui rend hommage au cochon, un \u00e9l\u00e9ment central de l&#8217;agriculture montagnarde. Cette f\u00eate traditionnelle se d\u00e9roule chaque ann\u00e9e le deuxi\u00e8me samedi de novembre, offrant une exp\u00e9rience culturelle et gastronomique authentique.<\/p>\n\n\n\n<figure class=\"wp-block-image size-full\"><img loading=\"lazy\" decoding=\"async\" width=\"1600\" height=\"1200\" src=\"https:\/\/blog.toploc.com\/wp-content\/uploads\/2024\/01\/image-797.png\" alt=\"F\u00eate de Ca\u00efon \u00e0 Annecy en Novembre \u00a9 Dauphin\u00e9 Lib\u00e9r\u00e9\" class=\"wp-image-140988\" style=\"aspect-ratio:16\/9;object-fit:cover\"\/><figcaption class=\"wp-element-caption\">F\u00eate de Ca\u00efon \u00e0 Annecy en Novembre \u00a9 Dauphin\u00e9 Lib\u00e9r\u00e9<\/figcaption><\/figure>\n\n\n\n<h3 id=\"votre-experience-une-celebration-savoyarde\" class=\"wp-block-heading\">Votre Exp\u00e9rience : Une C\u00e9l\u00e9bration Savoyarde<\/h3>\n\n\n\n<p>La F\u00eate du Ca\u00efon est l&#8217;occasion de savourer une vari\u00e9t\u00e9 de mets \u00e0 base de porc tels que saucissons, saucisses, diots au vin blanc, queues de cochon, et boudins. Profitez de cette journ\u00e9e pour vous retrouver autour de grandes tables, d\u00e9guster ces sp\u00e9cialit\u00e9s locales et savourer du vin chaud. Imagin\u00e9e en 2015 par le restaurateur Michel Chevallay, elle s\u2019inspire d\u2019une tradition ancienne o\u00f9 les paysans des montagnes descendaient en ville pour pr\u00e9senter leurs cochons. C\u2019est une occasion unique de d\u00e9couvrir les traditions rurales de la r\u00e9gion et de go\u00fbter \u00e0 des produits authentiques, pr\u00e9par\u00e9s selon des m\u00e9thodes traditionnelles.<\/p>\n\n\n\n<h3 id=\"animations-et-ambiance\" class=\"wp-block-heading\">Animations et Ambiance :<\/h3>\n\n\n\n<p>Un des moments forts de la f\u00eate est le concours d\u2019imitation du cri du cochon, un \u00e9v\u00e9nement populaire qui attire de nombreux participants. La musique est assur\u00e9e par le groupe La Ripaille \u00e0 Sons, ajoutant une touche festive \u00e0 l&#8217;\u00e9v\u00e9nement. Le nom Ca\u00efon vient du mot &#8220;cochon&#8221; en patois savoyard. La 11<sup>\u00e8me<\/sup> \u00e9dition reste une occasion de rendre hommage aux traditions locales, tout en partageant un moment de convivialit\u00e9.<\/p>\n\n\n\n<h3 id=\"infos-pratiques\" class=\"wp-block-heading\">Infos Pratiques :<\/h3>\n\n\n\n<ul class=\"wp-block-list\">\n<li>Date : 14 novembre 2026, de 9h \u00e0 18h.<\/li>\n\n\n\n<li>Lieu : Place Notre Dame et rue Filaterie d\u2019Annecy.<\/li>\n\n\n\n<li>Tarifs : Acc\u00e8s libre.<\/li>\n<\/ul>\n\n\n\n<h3 id=\"engagement-social\" class=\"wp-block-heading\">Engagement Social :<\/h3>\n\n\n\n<p>Les b\u00e9n\u00e9fices de cette journ\u00e9e, g\u00e9n\u00e9r\u00e9s par les ventes de certains produits et l\u2019affiche officielle de l\u2019\u00e9v\u00e9nement sont utilis\u00e9s pour soutenir des associations \u00e0 Madagascar, ajoutant une dimension solidaire \u00e0 cette f\u00eate traditionnelle. Cela renforce l&#8217;aspect d&#8217;entraide et d&#8217;\u00e9change de cet \u00e9v\u00e9nement.<\/p>\n\n\n\n<p>La F\u00eate du Ca\u00efon \u00e0 Annecy est une exp\u00e9rience incontournable pour ceux qui souhaitent d\u00e9couvrir les traditions et la gastronomie savoyarde. Ne manquez pas cette occasion unique de c\u00e9l\u00e9brer la culture locale dans une ambiance conviviale et authentique !<\/p>\n\n\n\n<h2 id=\"le-chateau-du-pere-noel\" class=\"wp-block-heading\">Le Ch\u00e2teau du P\u00e8re No\u00ebl<\/h2>\n\n\n\n<figure class=\"wp-block-image size-large\"><img loading=\"lazy\" decoding=\"async\" width=\"1024\" height=\"823\" src=\"https:\/\/toploc.com\/blog\/wp-content\/uploads\/2025\/01\/caption-1024x823.jpg\" alt=\"Le ch\u00e2teau de Menthon-Saint-Bernard devient le ch\u00e2teau du P\u00e8re No\u00ebl en novembre \u00a9Tripadvisor\" class=\"wp-image-162673\" style=\"aspect-ratio:3\/2;object-fit:cover\" srcset=\"https:\/\/toploc.com\/blog\/wp-content\/uploads\/2025\/01\/caption-1024x823.jpg 1024w, https:\/\/toploc.com\/blog\/wp-content\/uploads\/2025\/01\/caption-300x241.jpg 300w, https:\/\/toploc.com\/blog\/wp-content\/uploads\/2025\/01\/caption-768x617.jpg 768w, https:\/\/toploc.com\/blog\/wp-content\/uploads\/2025\/01\/caption-380x305.jpg 380w, https:\/\/toploc.com\/blog\/wp-content\/uploads\/2025\/01\/caption-800x643.jpg 800w, https:\/\/toploc.com\/blog\/wp-content\/uploads\/2025\/01\/caption-1160x932.jpg 1160w, https:\/\/toploc.com\/blog\/wp-content\/uploads\/2025\/01\/caption.jpg 1200w\" sizes=\"auto, (max-width: 1024px) 100vw, 1024px\" \/><figcaption class=\"wp-element-caption\">Le ch\u00e2teau de Menthon-Saint-Bernard devient le ch\u00e2teau du P\u00e8re No\u00ebl en novembre \u00a9Tripadvisor<\/figcaption><\/figure>\n\n\n\n<p>En novembre 2026, le ch\u00e2teau de Menthon-Saint-Bernard devient le ch\u00e2teau du P\u00e8re No\u00ebl. Ce ch\u00e2teau historique reprend vie et ouvre ses portes, enti\u00e8rement d\u00e9cor\u00e9 aux couleurs de No\u00ebl. De nombreuses activit\u00e9s sont organis\u00e9s en plus du traditionnel march\u00e9 de No\u00ebl. De quoi faire r\u00eaver petits et grands. <\/p>\n\n\n\n<h3 id=\"une-experience-feerique-pour-toute-la-famille\" class=\"wp-block-heading\">Une Exp\u00e9rience F\u00e9erique pour Toute la Famille<\/h3>\n\n\n\n<p>Venez glisser sur la patinoire \u00e0 l&#8217;ext\u00e9rieur, ou prenez part \u00e0 une chasse au tr\u00e9sor au c\u00f4t\u00e9 d&#8217;Eden, l\u2019elfe jardinier du P\u00e8re No\u00ebl, qui a \u00e9gar\u00e9 ses pr\u00e9cieuses graines magiques. Enfin, les enfants pourront s&#8217;arr\u00eater dans l&#8217;Atelier du P\u00e8re No\u00ebl, o\u00f9 ils pourront&nbsp;\u00e9crire leur lettre au P\u00e8re No\u00ebl avec une r\u00e9ponse personnalis\u00e9e,&nbsp;participer \u00e0 la recyclerie des&nbsp;cadeaux et d&#8217;autres surprises qui les raviront en leur cr\u00e9eront de superbes souvenirs.<\/p>\n\n\n\n<h3 id=\"une-visite-et-une-balade-feerique\" class=\"wp-block-heading\">Une visite et une balade f\u00e9\u00e9rique<\/h3>\n\n\n\n<p>Visitez \u00e9galement le ch\u00e2teau et ses pi\u00e8ces d\u00e9cor\u00e9es, qui font du lieu un v\u00e9ritable refuge du P\u00e8re No\u00ebl. En parcourant le parc et les all\u00e9es, vous retrouverez les espaces embl\u00e9matiques que petits et grands aiment tant : la maison du P\u00e8re No\u00ebl et son bureau d\u00e9bordant de lettres, la for\u00eat enchant\u00e9e aux allures de contes, ou encore le march\u00e9 artisanal. Des jeux de lumi\u00e8res livreront \u00e9galement un spectacles \u00e0 observer sur les pierres du ch\u00e2teau.<\/p>\n\n\n\n<h3 id=\"informations-pratiques-3\" class=\"wp-block-heading\">Informations Pratiques :<\/h3>\n\n\n\n<ul class=\"wp-block-list\">\n<li>Dates : D\u00e8s mi-novembre 2026 \u00e0 d\u00e9but janvier 2027.<\/li>\n\n\n\n<li>Lieu : All\u00e9e du Ch\u00e2teau, 74290 Menthon-Saint-Bernard.<\/li>\n\n\n\n<li>Tarif : Entr\u00e9e gratuite \u00e0 18h ou 3\u20ac pour les enfants, et 5\u20ac pour les adultes.<\/li>\n\n\n\n<li>Contact : https:\/\/www.lechateauduperenoel.com\/<\/li>\n<\/ul>\n\n\n\n<h2 id=\"fete-du-beaujolais-nouveau-a-annecy\" class=\"wp-block-heading\">F\u00eate du Beaujolais Nouveau \u00e0 Annecy<\/h2>\n\n\n\n<p>Chaque troisi\u00e8me jeudi de novembre, Annecy s&#8217;illumine pour c\u00e9l\u00e9brer la F\u00eate du Beaujolais Nouveau. En 2026, cette f\u00eate traditionnelle aura donc lieu fin novembre, marquant la fin de la vinification et le d\u00e9but de la commercialisation du c\u00e9l\u00e8bre vin primeur. Cet \u00e9v\u00e9nement permet alors de s\u2019immerger dans la culture viticole fran\u00e7aise.<\/p>\n\n\n\n<figure class=\"wp-block-image size-full\"><img loading=\"lazy\" decoding=\"async\" width=\"1600\" height=\"850\" src=\"https:\/\/blog.toploc.com\/wp-content\/uploads\/2024\/01\/image-800.png\" alt=\"Les compagnons du Beaujolais f\u00eatent le nouveau cru \u00e0 Annecy en Novembre \u00a9 Dauphin\u00e9 Lib\u00e9r\u00e9\" class=\"wp-image-140991\" style=\"aspect-ratio:16\/9;object-fit:cover\"\/><figcaption class=\"wp-element-caption\">Les compagnons du Beaujolais f\u00eatent le nouveau cru \u00e0 Annecy en Novembre \u00a9 Dauphin\u00e9 Lib\u00e9r\u00e9<\/figcaption><\/figure>\n\n\n\n<h3 id=\"un-evenement-festif-et-gourmand\" class=\"wp-block-heading\">Un \u00c9v\u00e9nement Festif et Gourmand<\/h3>\n\n\n\n<ul class=\"wp-block-list\">\n<li>D\u00e9gustation de Vin : D\u00e9couvrez le mill\u00e9sime 2026 du Beaujolais Nouveau, un vin fruit\u00e9 et l\u00e9ger, appr\u00e9ci\u00e9 pour son caract\u00e8re jovial. Ce vin est destin\u00e9 \u00e0 \u00eatre bu jeune pour c\u00e9l\u00e9brer la fin des r\u00e9coltes.<\/li>\n\n\n\n<li>Animations Locales : Profitez des festivit\u00e9s organis\u00e9es dans toute la ville, avec des d\u00e9gustations, des menus th\u00e9matiques dans les restaurants, et des \u00e9v\u00e9nements conviviaux. La journ\u00e9e du Beaujolais Nouveau permet ainsi de pr\u00e9parer de menus sp\u00e9ciaux pour honorer la tradition. Les bars, restaurants et caves de la ville proposent des d\u00e9gustations de ce vin, souvent accompagn\u00e9es de planches de charcuteries et de fromages.<\/li>\n<\/ul>\n\n\n\n<h3 id=\"une-tradition-celebree-dans-la-joie\" class=\"wp-block-heading\">Une Tradition C\u00e9l\u00e9br\u00e9e dans la Joie<\/h3>\n\n\n\n<ul class=\"wp-block-list\">\n<li>Origine : La tradition du Beaujolais Nouveau remonte \u00e0 1951, avec une date de sortie officiellement fix\u00e9e au troisi\u00e8me jeudi de novembre depuis 1985.<\/li>\n\n\n\n<li>Production : Ce vin est produit dans l&#8217;appellation beaujolais et beaujolais-villages, principalement \u00e0 partir du c\u00e9page gamay noir.<\/li>\n<\/ul>\n\n\n\n<h3 id=\"informations-pratiques-4\" class=\"wp-block-heading\">Informations Pratiques<\/h3>\n\n\n\n<ul class=\"wp-block-list\">\n<li>Date : jeudi 19 novembre 2026<\/li>\n\n\n\n<li>Lieu : Divers endroits \u00e0 Annecy (et en France)<\/li>\n\n\n\n<li>Tarif : Variable selon les lieux de d\u00e9gustation et les \u00e9v\u00e9nements<\/li>\n\n\n\n<li>\u00c0 Savoir : Le Beaujolais Nouveau est un vin \u00e0 consommer jeune, id\u00e9al pour une soir\u00e9e entre amis ou en famille, que vous soyez amateur de vin ou consommateur occasionnel. <\/li>\n<\/ul>\n\n\n\n<p>La F\u00eate du Beaujolais Nouveau \u00e0 Annecy est une occasion parfaite pour se plonger dans la culture viticole fran\u00e7aise et c\u00e9l\u00e9brer l&#8217;arriv\u00e9e du vin nouveau. Que vous soyez un connaisseur ou simplement curieux de d\u00e9couvrir cette tradition, vous serez charm\u00e9 par l&#8217;atmosph\u00e8re festive et les saveurs uniques du Beaujolais Nouveau. Des animations musicales et des soir\u00e9es \u00e0 th\u00e8me viennent compl\u00e9ter cette tradition, qui marque symboliquement l\u2019entr\u00e9e dans la saison hivernale. C\u2019est un rendez-vous appr\u00e9ci\u00e9 pour son esprit festif et sa simplicit\u00e9.<\/p>\n\n\n\n<h2 id=\"fete-foraine-de-la-saint-andre\" class=\"wp-block-heading\">F\u00eate foraine de la Saint-Andr\u00e9<\/h2>\n\n\n\n<p>La F\u00eate foraine de la Saint-Andr\u00e9 anime Annecy \u00e0 la fin du mois de novembre avec ses attractions et son ambiance festive. Install\u00e9e sur plusieurs jours, elle propose une trentaine de man\u00e8ges, jeux, stands gourmands et animations pour tous les \u00e2ges. <\/p>\n\n\n\n<figure class=\"wp-block-image size-large\"><img loading=\"lazy\" decoding=\"async\" width=\"1024\" height=\"576\" src=\"https:\/\/toploc.com\/blog\/wp-content\/uploads\/2025\/01\/maxresdefault-1024x576.jpg\" alt=\"La F\u00eate foraine de la Saint-Andr\u00e9, un incontournable d'Annecy en novembre \u00a9Thismafair\" class=\"wp-image-162745\" srcset=\"https:\/\/toploc.com\/blog\/wp-content\/uploads\/2025\/01\/maxresdefault-1024x576.jpg 1024w, https:\/\/toploc.com\/blog\/wp-content\/uploads\/2025\/01\/maxresdefault-300x169.jpg 300w, https:\/\/toploc.com\/blog\/wp-content\/uploads\/2025\/01\/maxresdefault-768x432.jpg 768w, https:\/\/toploc.com\/blog\/wp-content\/uploads\/2025\/01\/maxresdefault-380x214.jpg 380w, https:\/\/toploc.com\/blog\/wp-content\/uploads\/2025\/01\/maxresdefault-800x450.jpg 800w, https:\/\/toploc.com\/blog\/wp-content\/uploads\/2025\/01\/maxresdefault-1160x653.jpg 1160w, https:\/\/toploc.com\/blog\/wp-content\/uploads\/2025\/01\/maxresdefault.jpg 1280w\" sizes=\"auto, (max-width: 1024px) 100vw, 1024px\" \/><figcaption class=\"wp-element-caption\">La F\u00eate foraine de la Saint-Andr\u00e9, un incontournable d&#8217;Annecy en novembre \u00a9Thismafair<\/figcaption><\/figure>\n\n\n\n<p>Dans un cadre charmant et proche d&#8217;autres activit\u00e9s \u00e0 Annecy, les familles viennent profiter des attractions sur la Place des Romains, tandis que les amateurs de sensations fortes trouvent leur bonheur parmi les man\u00e8ges \u00e0 sensations. Profitez donc de ce mini-parc d&#8217;attraction pour vous amuser dans les autos-tamponneuses classiques aux grands huit \u00e0 sensations et grande roue, en passant par des jeux d\u2019adresse, des petits trains, chaises volantes, tout le monde trouvera son compte.<\/p>\n\n\n\n<p>Barbe \u00e0 papa, churros et autres douceurs compl\u00e8tent l\u2019exp\u00e9rience, dans une atmosph\u00e8re typique de f\u00eate foraine. Loin de n&#8217;\u00eatre qu&#8217;une simple f\u00eate foraine, c&#8217;est historiquement une extension de la foire de la Saint-Andr\u00e9, un grand march\u00e9 national en pr\u00e9visions des hivers rugueux de Haute-Savoie, depuis le Moyen-Age. Cet \u00e9v\u00e9nement marque une transition joyeuse entre l\u2019automne et les festivit\u00e9s de No\u00ebl.<\/p>\n\n\n\n<h3 id=\"infos-pratiques-2\" class=\"wp-block-heading\">Infos pratiques<\/h3>\n\n\n\n<ul class=\"wp-block-list\">\n<li>Dates : samedi 21 novembre au dimanche 3 d\u00e9cembre 2026 &#8211; 14h \u00e0 21h<\/li>\n\n\n\n<li>Lieu : Place des Romains, 10 avenue des Romains, 74 000 Annecy<\/li>\n\n\n\n<li>Tarifs : entr\u00e9e gratuite, prix selon les attractions<\/li>\n<\/ul>\n\n\n\n<h2 id=\"la-nuit-de-la-glisse\" class=\"wp-block-heading\">La Nuit de la Glisse<\/h2>\n\n\n\n<p>Assistez \u00e0 la La Nuit de la Glisse est un \u00e9v\u00e9nement d\u00e9di\u00e9 aux passionn\u00e9s de sports de glisse et de sensations fortes, cr\u00e9\u00e9 en 1979. Organis\u00e9e en novembre, elle propose des projections de films spectaculaires mettant en sc\u00e8ne ski, snowboard, surf et autres disciplines extr\u00eames. <\/p>\n\n\n\n<figure class=\"wp-block-image size-large\"><img loading=\"lazy\" decoding=\"async\" width=\"1024\" height=\"683\" src=\"https:\/\/toploc.com\/blog\/wp-content\/uploads\/2025\/01\/unnamed-1-1024x683.jpg\" alt=\"Extrait de NDGCINEMA HUMAN X \u2013 SPEED FLYING \u2013 sur le lac d'Annecy @Hugo Gerola \u00a9SRickards-1248\" class=\"wp-image-162746\" style=\"aspect-ratio:16\/9;object-fit:cover\" srcset=\"https:\/\/toploc.com\/blog\/wp-content\/uploads\/2025\/01\/unnamed-1-1024x683.jpg 1024w, https:\/\/toploc.com\/blog\/wp-content\/uploads\/2025\/01\/unnamed-1-300x200.jpg 300w, https:\/\/toploc.com\/blog\/wp-content\/uploads\/2025\/01\/unnamed-1-768x512.jpg 768w, https:\/\/toploc.com\/blog\/wp-content\/uploads\/2025\/01\/unnamed-1-1536x1024.jpg 1536w, https:\/\/toploc.com\/blog\/wp-content\/uploads\/2025\/01\/unnamed-1-380x253.jpg 380w, https:\/\/toploc.com\/blog\/wp-content\/uploads\/2025\/01\/unnamed-1-800x534.jpg 800w, https:\/\/toploc.com\/blog\/wp-content\/uploads\/2025\/01\/unnamed-1-1160x774.jpg 1160w, https:\/\/toploc.com\/blog\/wp-content\/uploads\/2025\/01\/unnamed-1.jpg 1600w\" sizes=\"auto, (max-width: 1024px) 100vw, 1024px\" \/><figcaption class=\"wp-element-caption\">Extrait de NDGCINEMA HUMAN X \u2013 SPEED FLYING \u2013 sur le lac d&#8217;Annecy @Hugo Gerola \u00a9SRickards-1248<\/figcaption><\/figure>\n\n\n\n<p>M\u00eame si cet \u00e9v\u00e9nement se d\u00e9roule partout en France, \u00e0 Annecy, il \u00e0 une saveur toute particuli\u00e8re, en prenant place dans les Alpes. Les images impressionnantes et sans trucages, ainsi que les r\u00e9cits d\u2019aventure transportent les spectateurs aux quatre coins du monde, au c\u0153ur des plus beaux paysages de haute montagne. L\u2019\u00e9v\u00e9nement attire aussi bien les sportifs que les amateurs de belles images et d\u2019\u00e9motions fortes. C\u2019est un moment inspirant qui lance la saison hivernale et donne envie de partir \u00e0 la montagne.<\/p>\n\n\n\n<h3 id=\"du-sport-extreme-et-du-cinema\" class=\"wp-block-heading\">Du sport extr\u00eame et du cin\u00e9ma<\/h3>\n\n\n\n<p>Ce festival permet de d\u00e9couvrir chaque ann\u00e9e un long-m\u00e9trage de Thierry Donard (aux commandes de l&#8217;\u00e9v\u00e9nement) ainsi que des courts-m\u00e9trages s\u00e9lectionn\u00e9s dans le cadre du NDG Cin\u00e9ma (qui fa\u00e7onne le cin\u00e9ma de sports d\u2019action avec des films embl\u00e9matiques qui m\u00ealent aventure humaine, \u00e9motion et images \u00e0 couper le souffle). Mais c&#8217;est aussi l&#8217;occasion de rencontrer des athl\u00e8tes et r\u00e9alisateurs li\u00e9 au monde de la montagne.<\/p>\n\n\n\n<p><strong>Contact : <\/strong>NDG CINEMA, Chemin de la Vaudaire 6, 1297 Founex, Switzerland ; contact@ndgcinema.com<\/p>\n\n\n\n<h2 id=\"fetons-chuseok\" class=\"wp-block-heading\">F\u00eatons Chuseok<\/h2>\n\n\n\n<figure class=\"wp-block-image size-large\"><img loading=\"lazy\" decoding=\"async\" width=\"1024\" height=\"431\" src=\"https:\/\/toploc.com\/blog\/wp-content\/uploads\/2025\/01\/492805496_3503320316466863_67337020700337151_n-1024x431.jpg\" alt=\"Page de couverture de KoreAnnecy sur Facebook \u00a9Facebook - KoreAnnecy\" class=\"wp-image-162748\" style=\"aspect-ratio:16\/9;object-fit:cover\" srcset=\"https:\/\/toploc.com\/blog\/wp-content\/uploads\/2025\/01\/492805496_3503320316466863_67337020700337151_n-1024x431.jpg 1024w, https:\/\/toploc.com\/blog\/wp-content\/uploads\/2025\/01\/492805496_3503320316466863_67337020700337151_n-300x126.jpg 300w, https:\/\/toploc.com\/blog\/wp-content\/uploads\/2025\/01\/492805496_3503320316466863_67337020700337151_n-768x323.jpg 768w, https:\/\/toploc.com\/blog\/wp-content\/uploads\/2025\/01\/492805496_3503320316466863_67337020700337151_n-1536x647.jpg 1536w, https:\/\/toploc.com\/blog\/wp-content\/uploads\/2025\/01\/492805496_3503320316466863_67337020700337151_n-380x160.jpg 380w, https:\/\/toploc.com\/blog\/wp-content\/uploads\/2025\/01\/492805496_3503320316466863_67337020700337151_n-800x337.jpg 800w, https:\/\/toploc.com\/blog\/wp-content\/uploads\/2025\/01\/492805496_3503320316466863_67337020700337151_n-1160x488.jpg 1160w, https:\/\/toploc.com\/blog\/wp-content\/uploads\/2025\/01\/492805496_3503320316466863_67337020700337151_n.jpg 1900w\" sizes=\"auto, (max-width: 1024px) 100vw, 1024px\" \/><figcaption class=\"wp-element-caption\">Page de couverture de KoreAnnecy sur Facebook \u00a9Facebook &#8211; KoreAnnecy<\/figcaption><\/figure>\n\n\n\n<p>Apr\u00e8s une premi\u00e8re \u00e9dition plus que r\u00e9ussie en 2025, le festival culturel cor\u00e9en organis\u00e9 par Koreannecy, inspir\u00e9 de la f\u00eate traditionnelle de Chuseok. &#8220;F\u00eatons Chuseok&#8221; propose une immersion dans la culture cor\u00e9enne, en mettant en avant des acteurs qui permettent de faire d\u00e9couvrir la culture cor\u00e9enne en France, comme Annecy Taekwondo. Chuseok est la f\u00eate des r\u00e9coltes et de la pleine lune. C&#8217;est l&#8217;une des plus importantes f\u00eates traditionnelles en Cor\u00e9e. <\/p>\n\n\n\n<h3 id=\"decouverte-pratique-de-la-culture-coreenne\" class=\"wp-block-heading\">D\u00e9couverte pratique de la culture cor\u00e9enne<\/h3>\n\n\n\n<p>\u00c0 travers des spectacles, des ateliers de dessins ou d&#8217;\u00e9criture, des expositions, des d\u00e9monstration de Taekwondo, des \u00e9changes et des d\u00e9gustations culinaires, les visiteurs d\u00e9couvrent les richesses de cette culture asiatique. Une premi\u00e8re approche de la culture cor\u00e9enne au c\u0153ur d&#8217;Annecy, offrant une exp\u00e9rience d\u00e9paysante et enrichissante.  Cet \u00e9v\u00e9nement favorise les \u00e9changes culturels et attire un public curieux de nouvelles d\u00e9couvertes. C\u2019est une belle occasion de voyager sans quitter les rives du lac d\u2019Annecy.<\/p>\n\n\n\n<p>Bien que pas encore annonc\u00e9, il est fort probable qu&#8217;une deuxi\u00e8me \u00e9dition puisse voire le jour tant la premi\u00e8re \u00e9dition fut un succ\u00e8s. <\/p>\n\n\n\n<h3 id=\"informations-pratiques-5\" class=\"wp-block-heading\">Informations pratiques<\/h3>\n\n\n\n<ul class=\"wp-block-list\">\n<li>Dates : mi-novembre 2026 &#8211; 10h \u00e0 19h<\/li>\n\n\n\n<li>Tarifs : entre 0 et 15\u20ac selon options<\/li>\n\n\n\n<li>Lieu : Annecy (salle Eaux &amp; For\u00eats), 113 Boulevard du Fier Annecy,&nbsp;74000&nbsp;France<\/li>\n\n\n\n<li>Contact : https:\/\/www.instagram.com\/koreannecy\/<\/li>\n<\/ul>\n\n\n\n<h2 id=\"annecy-beer-fest\" class=\"wp-block-heading\">Annecy Beer Fest<\/h2>\n\n\n\n<p>L\u2019Annecy Beer Fest est un rendez-vous incontournable pour les amateurs de bi\u00e8res artisanales. Organis\u00e9 d\u00e9but novembre, il rassemble brasseurs locaux et nationaux venus faire d\u00e9couvrir leurs cr\u00e9ations. <\/p>\n\n\n\n<figure class=\"wp-block-image size-full\"><img loading=\"lazy\" decoding=\"async\" width=\"864\" height=\"486\" src=\"https:\/\/toploc.com\/blog\/wp-content\/uploads\/2025\/01\/29022253.jpeg\" alt=\"Passez un moment convivial autour d'un pinte de bi\u00e8re lors du Annecy Beer Festival \u00a9L'Essor Savoyard\" class=\"wp-image-162749\" style=\"aspect-ratio:16\/9;object-fit:cover\" srcset=\"https:\/\/toploc.com\/blog\/wp-content\/uploads\/2025\/01\/29022253.jpeg 864w, https:\/\/toploc.com\/blog\/wp-content\/uploads\/2025\/01\/29022253-300x169.jpeg 300w, https:\/\/toploc.com\/blog\/wp-content\/uploads\/2025\/01\/29022253-768x432.jpeg 768w, https:\/\/toploc.com\/blog\/wp-content\/uploads\/2025\/01\/29022253-380x214.jpeg 380w, https:\/\/toploc.com\/blog\/wp-content\/uploads\/2025\/01\/29022253-800x450.jpeg 800w\" sizes=\"auto, (max-width: 864px) 100vw, 864px\" \/><figcaption class=\"wp-element-caption\">Passez un moment convivial autour d&#8217;un pinte de bi\u00e8re lors du Annecy Beer Festival \u00a9L&#8217;Essor Savoyard<\/figcaption><\/figure>\n\n\n\n<p>Les visiteurs peuvent d\u00e9guster une grande vari\u00e9t\u00e9 de bi\u00e8res, proposer par 20 brasseries, micro-brasseries locales et sp\u00e9cialistes de la r\u00e9gion, \u00e9changer avec les producteurs et en apprendre davantage sur les techniques de brassage. Organis\u00e9 par le Rotary Club Annecy, l\u2019\u00e9v\u00e9nement propose \u00e9galement des animations, des concerts, des espaces de restauration, ou m\u00eame des stands tatouage pour prolonger l\u2019exp\u00e9rience dans une ambiance festive. D\u00e9gustez une choucroute royale, des burgers maison, des frites ou des planches de fromage ou de charcuterie pour accompagner vos d\u00e9gustations. C\u2019est une occasion unique de d\u00e9couvrir la richesse de la sc\u00e8ne brassicole haut savoyarde tout en partageant un moment convivial.<\/p>\n\n\n\n<h3 id=\"un-evenement-a-but-non-lucratif\" class=\"wp-block-heading\">Un \u00e9v\u00e9nement \u00e0 but non lucratif<\/h3>\n\n\n\n<p>Le Rotary Club Annecy organise cet \u00e9v\u00e9nement, et les b\u00e9n\u00e9fices de ce dernier sont int\u00e9gralement revers\u00e9s au profit de nos actions : aide \u00e0 l\u2019enfance, acc\u00e8s \u00e0 l\u2019eau et aux soins de sant\u00e9, construction de la paix. Cet ONG existe depuis 1939 et permettent d&#8217;organiser des \u00e9v\u00e9nements qui favorisent le partage, la d\u00e9couverte et la convivialit\u00e9, afin de pouvoir agir dans des causes justes et responsables.   <\/p>\n\n\n\n<h3 id=\"informations-pratiques-6\" class=\"wp-block-heading\">Informations pratiques<\/h3>\n\n\n\n<ul class=\"wp-block-list\">\n<li>Dates : d\u00e9but novembre (2 jours)<\/li>\n\n\n\n<li>Tarif : 9\u20ac <\/li>\n\n\n\n<li>Lieu : Espace Rencontre, 39 Route de Th\u00f4nes, 74940 Annecy<\/li>\n\n\n\n<li>Contact : annecy.rotary1780@gmail.com<\/li>\n<\/ul>\n\n\n\n<h2 class=\"wp-block-heading\" id=\"marches-de-lart-et-des-createurs-a-annecy\">March\u00e9s de l\u2019Art et des Cr\u00e9ateurs \u00e0 Annecy<\/h2>\n\n\n\n<p>Vous \u00eates \u00e0 la recherche d\u2019une exp\u00e9rience culturelle unique \u00e0 Annecy en novembre 2026 ? Ne manquez pas les March\u00e9s de l\u2019Art et des Cr\u00e9ateurs, un rendez-vous mensuel incontournable pour les amateurs d\u2019art et de cr\u00e9ation artisanale. Situ\u00e9s au c\u0153ur de la zone pi\u00e9tonne d\u2019Annecy, ces march\u00e9s se tiennent le dernier samedi du mois, de 8h \u00e0 18h, offrant une escapade artistique et inspirante.<\/p>\n\n\n\n<figure class=\"wp-block-image\"><img loading=\"lazy\" decoding=\"async\" width=\"1920\" height=\"1546\" src=\"https:\/\/toploc.com\/blog\/wp-content\/uploads\/2024\/01\/image-540.png\" alt=\"March\u00e9 de l'Art et des Cr\u00e9ateurs \u00e0 Annecy chaque mois \u00a9 Ville-Annecy\" class=\"wp-image-140130\" style=\"aspect-ratio:16\/9;object-fit:cover\"\/><figcaption class=\"wp-element-caption\">March\u00e9 de l\u2019Art et des Cr\u00e9ateurs \u00e0 Annecy chaque mois \u00a9 Ville-Annecy<\/figcaption><\/figure>\n\n\n\n<p>Envie de d\u00e9couvrir le c\u0153ur artistique d\u2019Annecy ? Les March\u00e9s de l\u2019Art et des Cr\u00e9ateurs vous attendent pour une exp\u00e9rience unique en son genre. Situ\u00e9s dans le charmant cadre du Quai Vicenza, ces march\u00e9s se tiennent le dernier samedi de chaque mois, de 8h \u00e0 18h, tout au long de l\u2019ann\u00e9e. Ce mois-ci, rendez-vous le samedi 28 novembre 2026.<\/p>\n\n\n\n<h3 class=\"wp-block-heading\" id=\"une-mosaique-dart-et-de-creativite\">Une Mosa\u00efque d\u2019Art et de Cr\u00e9ativit\u00e9<\/h3>\n\n\n\n<p>Imaginez-vous fl\u00e2ner parmi une trentaine d\u2019artistes peintres, \u00e0 la fois amateurs et professionnels, admirant leurs \u0153uvres qui capturent l\u2019essence d\u2019Annecy. Mais ce n\u2019est pas tout. Vous d\u00e9couvrirez \u00e9galement des cr\u00e9ateurs de bijoux, de v\u00eatements et de mobiliers, tous uniques et faits \u00e0 la main. Chaque stand est une fen\u00eatre ouverte sur l\u2019univers personnel et cr\u00e9atif de l\u2019artiste.<\/p>\n\n\n\n<p>Que vous soyez un connaisseur d\u2019art ou simplement \u00e0 la recherche d\u2019une pi\u00e8ce unique pour votre maison, les March\u00e9s de l\u2019Art et des Cr\u00e9ateurs sont l\u2019endroit id\u00e9al. Vous pourrez rencontrer directement les artistes, discuter de leur travail et m\u00eame acqu\u00e9rir des pi\u00e8ces qui vous parlent.<\/p>\n\n\n\n<h3 class=\"wp-block-heading\" id=\"pourquoi-visiter-les-marches-de-lart-et-des-createurs\">Pourquoi Visiter les March\u00e9s de l\u2019Art et des Cr\u00e9ateurs ?<\/h3>\n\n\n\n<ul class=\"wp-block-list\">\n<li>D\u00e9couverte: Une occasion unique de d\u00e9couvrir des talents locaux et des \u0153uvres d\u2019art originales.<\/li>\n\n\n\n<li>Atmosph\u00e8re: Profitez de l\u2019ambiance conviviale et inspirante du march\u00e9, en plein c\u0153ur d\u2019Annecy.<\/li>\n\n\n\n<li>Achat direct: Achetez directement aupr\u00e8s des cr\u00e9ateurs, soutenant ainsi l\u2019art et l\u2019artisanat local.<\/li>\n<\/ul>\n\n\n\n<p>Les March\u00e9s de l\u2019Art et des Cr\u00e9ateurs d\u2019Annecy vous promettent une exp\u00e9rience m\u00e9morable, alliant la beaut\u00e9 de l\u2019art \u00e0 l\u2019authenticit\u00e9 de la cr\u00e9ation. Ne manquez pas cette occasion de plonger dans un monde de couleurs, de textures et d\u2019inspiration lors de votre visite \u00e0 Annecy en novembre 2026.<\/p>\n\n\n\n<p>Nous vous recommandons ces autres articles :<\/p>\n\n\n\n<ul class=\"wp-block-list\">\n<li><a href=\"https:\/\/toploc.com\/blog\/france\/annecy-en-octobre\" type=\"link\" id=\"https:\/\/toploc.com\/blog\/france\/annecy-en-octobre\">Que faire \u00e0 Annecy en octobre<\/a><\/li>\n\n\n\n<li><a href=\"https:\/\/toploc.com\/blog\/france\/annecy-en-decembre\" type=\"link\" id=\"https:\/\/toploc.com\/blog\/france\/annecy-en-decembre\">Que faire \u00e0 Annecy en d\u00e9cembre<\/a><\/li>\n<\/ul>\n\n\n\n<h2 id=\"ou-reserver-une-location-annecy\" class=\"wp-block-heading\">O\u00f9 r\u00e9server une location Annecy ?<\/h2>\n\n\n\n<p>Toploc r\u00e9f\u00e9rence des h\u00e9bergements nature sur Annecy, autour du lac Bleu et en Haute-Savoie. Voici nos suggestions de\u00a0<a href=\"https:\/\/toploc.com\/locations-vacances\/annecy\" target=\"_blank\" rel=\"noreferrer noopener\">location Annecy<\/a>\u00a0et\u00a0<a href=\"https:\/\/toploc.com\/locations-vacances\/haute-savoie\" target=\"_blank\" rel=\"noreferrer noopener\">locations de vacances Haute-Savoie<\/a>\u00a0disponibles au mois de Septembre. R\u00e9servez directement depuis la carte suivante en contactant nos gentils h\u00f4tes Toploc :<br><\/p>\n\n\n\n<p>Ma\u00ebl pour Toploc<\/p>\n","protected":false},"excerpt":{"rendered":"Novembre \u00e0 Annecy se d\u00e9voile \u00e0 travers des \u00e9v\u00e9nements uniques, vous invitant \u00e0 vivre la ville sous des&hellip;\n","protected":false},"author":15,"featured_media":162746,"comment_status":"open","ping_status":"open","sticky":false,"template":"","format":"standard","meta":{"footnotes":""},"categories":[114],"tags":[7412],"class_list":{"0":"post-140985","1":"post","2":"type-post","3":"status-publish","4":"format-standard","5":"has-post-thumbnail","7":"category-france","8":"tag-annecy-en-novembre"},"yoast_head":"<!-- This site is optimized with the Yoast SEO plugin v26.9 - https:\/\/yoast.com\/product\/yoast-seo-wordpress\/ -->\n<title>10 choses \u00e0 faire absolument \u00e0 Annecy en Novembre<\/title>\n<meta name=\"description\" content=\"Annecy en Novembre : No\u00ebl des Alpes . Foire aux Vins . La Nuit de la Glisse . Annecy Beer Fest . F\u00eate du Beaujolais Nouveau .\" \/>\n<meta name=\"robots\" content=\"index, follow, max-snippet:-1, max-image-preview:large, max-video-preview:-1\" \/>\n<link rel=\"canonical\" href=\"https:\/\/toploc.com\/blog\/france\/annecy-en-novembre\" \/>\n<meta property=\"og:locale\" content=\"fr_FR\" \/>\n<meta property=\"og:type\" content=\"article\" \/>\n<meta property=\"og:title\" content=\"10 choses \u00e0 faire absolument \u00e0 Annecy en Novembre\" \/>\n<meta property=\"og:description\" content=\"Annecy en Novembre : No\u00ebl des Alpes . Foire aux Vins . La Nuit de la Glisse . Annecy Beer Fest . F\u00eate du Beaujolais Nouveau .\" \/>\n<meta property=\"og:url\" content=\"https:\/\/toploc.com\/blog\/france\/annecy-en-novembre\" \/>\n<meta property=\"og:site_name\" content=\"Toploc\" \/>\n<meta property=\"article:publisher\" content=\"https:\/\/www.facebook.com\/locationfrancophone\" \/>\n<meta property=\"article:published_time\" content=\"2026-04-03T13:03:48+00:00\" \/>\n<meta property=\"article:modified_time\" content=\"2026-04-03T13:37:25+00:00\" \/>\n<meta property=\"og:image\" content=\"https:\/\/toploc.com\/blog\/wp-content\/uploads\/2025\/01\/unnamed-1.jpg\" \/>\n\t<meta property=\"og:image:width\" content=\"1600\" \/>\n\t<meta property=\"og:image:height\" content=\"1067\" \/>\n\t<meta property=\"og:image:type\" content=\"image\/jpeg\" \/>\n<meta name=\"author\" content=\"Ma\u00ebl\" \/>\n<meta name=\"twitter:card\" content=\"summary_large_image\" \/>\n<meta name=\"twitter:label1\" content=\"\u00c9crit par\" \/>\n\t<meta name=\"twitter:data1\" content=\"Ma\u00ebl\" \/>\n\t<meta name=\"twitter:label2\" content=\"Dur\u00e9e de lecture estim\u00e9e\" \/>\n\t<meta name=\"twitter:data2\" content=\"19 minutes\" \/>\n<script type=\"application\/ld+json\" class=\"yoast-schema-graph\">{\"@context\":\"https:\/\/schema.org\",\"@graph\":[{\"@type\":\"Article\",\"@id\":\"https:\/\/toploc.com\/blog\/france\/annecy-en-novembre#article\",\"isPartOf\":{\"@id\":\"https:\/\/toploc.com\/blog\/france\/annecy-en-novembre\"},\"author\":{\"name\":\"Ma\u00ebl\",\"@id\":\"https:\/\/toploc.com\/blog\/#\/schema\/person\/7e2ebe289a733b81b04b07f6ec2e3b93\"},\"headline\":\"10 choses \u00e0 faire absolument \u00e0 Annecy en Novembre\",\"datePublished\":\"2026-04-03T13:03:48+00:00\",\"dateModified\":\"2026-04-03T13:37:25+00:00\",\"mainEntityOfPage\":{\"@id\":\"https:\/\/toploc.com\/blog\/france\/annecy-en-novembre\"},\"wordCount\":3611,\"commentCount\":0,\"publisher\":{\"@id\":\"https:\/\/toploc.com\/blog\/#organization\"},\"image\":{\"@id\":\"https:\/\/toploc.com\/blog\/france\/annecy-en-novembre#primaryimage\"},\"thumbnailUrl\":\"https:\/\/toploc.com\/blog\/wp-content\/uploads\/2025\/01\/unnamed-1.jpg\",\"keywords\":[\"Annecy en Novembre\"],\"articleSection\":[\"Itin\u00e9raires France\"],\"inLanguage\":\"fr-FR\",\"potentialAction\":[{\"@type\":\"CommentAction\",\"name\":\"Comment\",\"target\":[\"https:\/\/toploc.com\/blog\/france\/annecy-en-novembre#respond\"]}]},{\"@type\":\"WebPage\",\"@id\":\"https:\/\/toploc.com\/blog\/france\/annecy-en-novembre\",\"url\":\"https:\/\/toploc.com\/blog\/france\/annecy-en-novembre\",\"name\":\"10 choses \u00e0 faire absolument \u00e0 Annecy en Novembre\",\"isPartOf\":{\"@id\":\"https:\/\/toploc.com\/blog\/#website\"},\"primaryImageOfPage\":{\"@id\":\"https:\/\/toploc.com\/blog\/france\/annecy-en-novembre#primaryimage\"},\"image\":{\"@id\":\"https:\/\/toploc.com\/blog\/france\/annecy-en-novembre#primaryimage\"},\"thumbnailUrl\":\"https:\/\/toploc.com\/blog\/wp-content\/uploads\/2025\/01\/unnamed-1.jpg\",\"datePublished\":\"2026-04-03T13:03:48+00:00\",\"dateModified\":\"2026-04-03T13:37:25+00:00\",\"description\":\"Annecy en Novembre : No\u00ebl des Alpes . Foire aux Vins . La Nuit de la Glisse . Annecy Beer Fest . F\u00eate du Beaujolais Nouveau .\",\"breadcrumb\":{\"@id\":\"https:\/\/toploc.com\/blog\/france\/annecy-en-novembre#breadcrumb\"},\"inLanguage\":\"fr-FR\",\"potentialAction\":[{\"@type\":\"ReadAction\",\"target\":[\"https:\/\/toploc.com\/blog\/france\/annecy-en-novembre\"]}]},{\"@type\":\"ImageObject\",\"inLanguage\":\"fr-FR\",\"@id\":\"https:\/\/toploc.com\/blog\/france\/annecy-en-novembre#primaryimage\",\"url\":\"https:\/\/toploc.com\/blog\/wp-content\/uploads\/2025\/01\/unnamed-1.jpg\",\"contentUrl\":\"https:\/\/toploc.com\/blog\/wp-content\/uploads\/2025\/01\/unnamed-1.jpg\",\"width\":1600,\"height\":1067,\"caption\":\"Extrait de NDGCINEMA HUMAN X \u2013 SPEED FLYING \u2013 sur le lac d'Annecy @Hugo Gerola \u00a9SRickards-1248\"},{\"@type\":\"BreadcrumbList\",\"@id\":\"https:\/\/toploc.com\/blog\/france\/annecy-en-novembre#breadcrumb\",\"itemListElement\":[{\"@type\":\"ListItem\",\"position\":1,\"name\":\"Accueil\",\"item\":\"https:\/\/toploc.com\/blog\"},{\"@type\":\"ListItem\",\"position\":2,\"name\":\"10 choses \u00e0 faire absolument \u00e0 Annecy en Novembre\"}]},{\"@type\":\"WebSite\",\"@id\":\"https:\/\/toploc.com\/blog\/#website\",\"url\":\"https:\/\/toploc.com\/blog\/\",\"name\":\"Toploc\",\"description\":\"Itin\u00e9raires natures et locations de vacances en groupe\",\"publisher\":{\"@id\":\"https:\/\/toploc.com\/blog\/#organization\"},\"potentialAction\":[{\"@type\":\"SearchAction\",\"target\":{\"@type\":\"EntryPoint\",\"urlTemplate\":\"https:\/\/toploc.com\/blog\/?s={search_term_string}\"},\"query-input\":{\"@type\":\"PropertyValueSpecification\",\"valueRequired\":true,\"valueName\":\"search_term_string\"}}],\"inLanguage\":\"fr-FR\"},{\"@type\":\"Organization\",\"@id\":\"https:\/\/toploc.com\/blog\/#organization\",\"name\":\"Toploc\",\"url\":\"https:\/\/toploc.com\/blog\/\",\"logo\":{\"@type\":\"ImageObject\",\"inLanguage\":\"fr-FR\",\"@id\":\"https:\/\/toploc.com\/blog\/#\/schema\/logo\/image\/\",\"url\":\"https:\/\/blog.toploc.com\/wp-content\/uploads\/2022\/03\/toploc_facebook_5.png\",\"contentUrl\":\"https:\/\/blog.toploc.com\/wp-content\/uploads\/2022\/03\/toploc_facebook_5.png\",\"width\":600,\"height\":600,\"caption\":\"Toploc\"},\"image\":{\"@id\":\"https:\/\/toploc.com\/blog\/#\/schema\/logo\/image\/\"},\"sameAs\":[\"https:\/\/www.facebook.com\/locationfrancophone\",\"https:\/\/www.instagram.com\/toploc_\",\"https:\/\/www.pinterest.fr\/Toploc_\/\"]},{\"@type\":\"Person\",\"@id\":\"https:\/\/toploc.com\/blog\/#\/schema\/person\/7e2ebe289a733b81b04b07f6ec2e3b93\",\"name\":\"Ma\u00ebl\",\"image\":{\"@type\":\"ImageObject\",\"inLanguage\":\"fr-FR\",\"@id\":\"https:\/\/toploc.com\/blog\/#\/schema\/person\/image\/\",\"url\":\"https:\/\/secure.gravatar.com\/avatar\/2d32fb95c878a284cc9e8236b8664651ac94ad0d82c0f4811eac0717c9548669?s=96&d=mm&r=g\",\"contentUrl\":\"https:\/\/secure.gravatar.com\/avatar\/2d32fb95c878a284cc9e8236b8664651ac94ad0d82c0f4811eac0717c9548669?s=96&d=mm&r=g\",\"caption\":\"Ma\u00ebl\"},\"description\":\"Bonjour, moi c'est Ma\u00ebl. J'adore voyager et d\u00e9couvrir de nouveaux coins nature autour de chez moi. Je partage avec vous des activit\u00e9s et des lieux \u00e0 visiter en famille ou entre amis !\",\"url\":\"https:\/\/toploc.com\/blog\/author\/maeltoploc-com\"}]}<\/script>\n<!-- \/ Yoast SEO plugin. -->","yoast_head_json":{"title":"10 choses \u00e0 faire absolument \u00e0 Annecy en Novembre","description":"Annecy en Novembre : No\u00ebl des Alpes . Foire aux Vins . La Nuit de la Glisse . Annecy Beer Fest . F\u00eate du Beaujolais Nouveau .","robots":{"index":"index","follow":"follow","max-snippet":"max-snippet:-1","max-image-preview":"max-image-preview:large","max-video-preview":"max-video-preview:-1"},"canonical":"https:\/\/toploc.com\/blog\/france\/annecy-en-novembre","og_locale":"fr_FR","og_type":"article","og_title":"10 choses \u00e0 faire absolument \u00e0 Annecy en Novembre","og_description":"Annecy en Novembre : No\u00ebl des Alpes . Foire aux Vins . La Nuit de la Glisse . Annecy Beer Fest . F\u00eate du Beaujolais Nouveau .","og_url":"https:\/\/toploc.com\/blog\/france\/annecy-en-novembre","og_site_name":"Toploc","article_publisher":"https:\/\/www.facebook.com\/locationfrancophone","article_published_time":"2026-04-03T13:03:48+00:00","article_modified_time":"2026-04-03T13:37:25+00:00","og_image":[{"width":1600,"height":1067,"url":"https:\/\/toploc.com\/blog\/wp-content\/uploads\/2025\/01\/unnamed-1.jpg","type":"image\/jpeg"}],"author":"Ma\u00ebl","twitter_card":"summary_large_image","twitter_misc":{"\u00c9crit par":"Ma\u00ebl","Dur\u00e9e de lecture estim\u00e9e":"19 minutes"},"schema":{"@context":"https:\/\/schema.org","@graph":[{"@type":"Article","@id":"https:\/\/toploc.com\/blog\/france\/annecy-en-novembre#article","isPartOf":{"@id":"https:\/\/toploc.com\/blog\/france\/annecy-en-novembre"},"author":{"name":"Ma\u00ebl","@id":"https:\/\/toploc.com\/blog\/#\/schema\/person\/7e2ebe289a733b81b04b07f6ec2e3b93"},"headline":"10 choses \u00e0 faire absolument \u00e0 Annecy en Novembre","datePublished":"2026-04-03T13:03:48+00:00","dateModified":"2026-04-03T13:37:25+00:00","mainEntityOfPage":{"@id":"https:\/\/toploc.com\/blog\/france\/annecy-en-novembre"},"wordCount":3611,"commentCount":0,"publisher":{"@id":"https:\/\/toploc.com\/blog\/#organization"},"image":{"@id":"https:\/\/toploc.com\/blog\/france\/annecy-en-novembre#primaryimage"},"thumbnailUrl":"https:\/\/toploc.com\/blog\/wp-content\/uploads\/2025\/01\/unnamed-1.jpg","keywords":["Annecy en Novembre"],"articleSection":["Itin\u00e9raires France"],"inLanguage":"fr-FR","potentialAction":[{"@type":"CommentAction","name":"Comment","target":["https:\/\/toploc.com\/blog\/france\/annecy-en-novembre#respond"]}]},{"@type":"WebPage","@id":"https:\/\/toploc.com\/blog\/france\/annecy-en-novembre","url":"https:\/\/toploc.com\/blog\/france\/annecy-en-novembre","name":"10 choses \u00e0 faire absolument \u00e0 Annecy en Novembre","isPartOf":{"@id":"https:\/\/toploc.com\/blog\/#website"},"primaryImageOfPage":{"@id":"https:\/\/toploc.com\/blog\/france\/annecy-en-novembre#primaryimage"},"image":{"@id":"https:\/\/toploc.com\/blog\/france\/annecy-en-novembre#primaryimage"},"thumbnailUrl":"https:\/\/toploc.com\/blog\/wp-content\/uploads\/2025\/01\/unnamed-1.jpg","datePublished":"2026-04-03T13:03:48+00:00","dateModified":"2026-04-03T13:37:25+00:00","description":"Annecy en Novembre : No\u00ebl des Alpes . Foire aux Vins . La Nuit de la Glisse . Annecy Beer Fest . F\u00eate du Beaujolais Nouveau .","breadcrumb":{"@id":"https:\/\/toploc.com\/blog\/france\/annecy-en-novembre#breadcrumb"},"inLanguage":"fr-FR","potentialAction":[{"@type":"ReadAction","target":["https:\/\/toploc.com\/blog\/france\/annecy-en-novembre"]}]},{"@type":"ImageObject","inLanguage":"fr-FR","@id":"https:\/\/toploc.com\/blog\/france\/annecy-en-novembre#primaryimage","url":"https:\/\/toploc.com\/blog\/wp-content\/uploads\/2025\/01\/unnamed-1.jpg","contentUrl":"https:\/\/toploc.com\/blog\/wp-content\/uploads\/2025\/01\/unnamed-1.jpg","width":1600,"height":1067,"caption":"Extrait de NDGCINEMA HUMAN X \u2013 SPEED FLYING \u2013 sur le lac d'Annecy @Hugo Gerola \u00a9SRickards-1248"},{"@type":"BreadcrumbList","@id":"https:\/\/toploc.com\/blog\/france\/annecy-en-novembre#breadcrumb","itemListElement":[{"@type":"ListItem","position":1,"name":"Accueil","item":"https:\/\/toploc.com\/blog"},{"@type":"ListItem","position":2,"name":"10 choses \u00e0 faire absolument \u00e0 Annecy en Novembre"}]},{"@type":"WebSite","@id":"https:\/\/toploc.com\/blog\/#website","url":"https:\/\/toploc.com\/blog\/","name":"Toploc","description":"Itin\u00e9raires natures et locations de vacances en groupe","publisher":{"@id":"https:\/\/toploc.com\/blog\/#organization"},"potentialAction":[{"@type":"SearchAction","target":{"@type":"EntryPoint","urlTemplate":"https:\/\/toploc.com\/blog\/?s={search_term_string}"},"query-input":{"@type":"PropertyValueSpecification","valueRequired":true,"valueName":"search_term_string"}}],"inLanguage":"fr-FR"},{"@type":"Organization","@id":"https:\/\/toploc.com\/blog\/#organization","name":"Toploc","url":"https:\/\/toploc.com\/blog\/","logo":{"@type":"ImageObject","inLanguage":"fr-FR","@id":"https:\/\/toploc.com\/blog\/#\/schema\/logo\/image\/","url":"https:\/\/blog.toploc.com\/wp-content\/uploads\/2022\/03\/toploc_facebook_5.png","contentUrl":"https:\/\/blog.toploc.com\/wp-content\/uploads\/2022\/03\/toploc_facebook_5.png","width":600,"height":600,"caption":"Toploc"},"image":{"@id":"https:\/\/toploc.com\/blog\/#\/schema\/logo\/image\/"},"sameAs":["https:\/\/www.facebook.com\/locationfrancophone","https:\/\/www.instagram.com\/toploc_","https:\/\/www.pinterest.fr\/Toploc_\/"]},{"@type":"Person","@id":"https:\/\/toploc.com\/blog\/#\/schema\/person\/7e2ebe289a733b81b04b07f6ec2e3b93","name":"Ma\u00ebl","image":{"@type":"ImageObject","inLanguage":"fr-FR","@id":"https:\/\/toploc.com\/blog\/#\/schema\/person\/image\/","url":"https:\/\/secure.gravatar.com\/avatar\/2d32fb95c878a284cc9e8236b8664651ac94ad0d82c0f4811eac0717c9548669?s=96&d=mm&r=g","contentUrl":"https:\/\/secure.gravatar.com\/avatar\/2d32fb95c878a284cc9e8236b8664651ac94ad0d82c0f4811eac0717c9548669?s=96&d=mm&r=g","caption":"Ma\u00ebl"},"description":"Bonjour, moi c'est Ma\u00ebl. J'adore voyager et d\u00e9couvrir de nouveaux coins nature autour de chez moi. Je partage avec vous des activit\u00e9s et des lieux \u00e0 visiter en famille ou entre amis !","url":"https:\/\/toploc.com\/blog\/author\/maeltoploc-com"}]}},"_links":{"self":[{"href":"https:\/\/toploc.com\/blog\/wp-json\/wp\/v2\/posts\/140985","targetHints":{"allow":["GET"]}}],"collection":[{"href":"https:\/\/toploc.com\/blog\/wp-json\/wp\/v2\/posts"}],"about":[{"href":"https:\/\/toploc.com\/blog\/wp-json\/wp\/v2\/types\/post"}],"author":[{"embeddable":true,"href":"https:\/\/toploc.com\/blog\/wp-json\/wp\/v2\/users\/15"}],"replies":[{"embeddable":true,"href":"https:\/\/toploc.com\/blog\/wp-json\/wp\/v2\/comments?post=140985"}],"version-history":[{"count":35,"href":"https:\/\/toploc.com\/blog\/wp-json\/wp\/v2\/posts\/140985\/revisions"}],"predecessor-version":[{"id":162757,"href":"https:\/\/toploc.com\/blog\/wp-json\/wp\/v2\/posts\/140985\/revisions\/162757"}],"wp:featuredmedia":[{"embeddable":true,"href":"https:\/\/toploc.com\/blog\/wp-json\/wp\/v2\/media\/162746"}],"wp:attachment":[{"href":"https:\/\/toploc.com\/blog\/wp-json\/wp\/v2\/media?parent=140985"}],"wp:term":[{"taxonomy":"category","embeddable":true,"href":"https:\/\/toploc.com\/blog\/wp-json\/wp\/v2\/categories?post=140985"},{"taxonomy":"post_tag","embeddable":true,"href":"https:\/\/toploc.com\/blog\/wp-json\/wp\/v2\/tags?post=140985"}],"curies":[{"name":"wp","href":"https:\/\/api.w.org\/{rel}","templated":true}]}}