{"id":140726,"date":"2026-03-12T15:00:03","date_gmt":"2026-03-12T14:00:03","guid":{"rendered":"https:\/\/blog.toploc.com\/?p=140726"},"modified":"2026-04-28T14:11:36","modified_gmt":"2026-04-28T12:11:36","slug":"annecy-en-septembre","status":"publish","type":"post","link":"https:\/\/toploc.com\/blog\/france\/annecy-en-septembre","title":{"rendered":"10 choses \u00e0 faire absolument \u00e0 Annecy en Septembre"},"content":{"rendered":"\n<p>Septembre \u00e0 Annecy est un mois vibrant d&#8217;activit\u00e9s et de d\u00e9couvertes. Ce guide met en lumi\u00e8re 10 \u00e9v\u00e9nements incontournables qui animent la Annecy, offrant une palette d&#8217;exp\u00e9riences vari\u00e9es pour tous les go\u00fbts. Des comp\u00e9titions sportives aux festivit\u00e9s culturelles, en passant par des rendez-vous artistiques et des moments de d\u00e9tente au bord du lac, chaque \u00e9v\u00e9nement est une invitation \u00e0 profiter pleinement d&#8217;<a href=\"https:\/\/toploc.com\/blog\/france\/visiter-annecy-en-automne\" type=\"link\" id=\"https:\/\/toploc.com\/blog\/france\/visiter-annecy-en-automne\">Annecy en automne<\/a>. Pr\u00e9parez-vous \u00e0 explorer, \u00e0 vous \u00e9merveiller et \u00e0 vivre des instants uniques dans l&#8217;un des cadres les plus enchanteurs de France.<\/p>\n\n\n\n<div class=\"wp-block-buttons is-content-justification-center is-layout-flex wp-container-core-buttons-is-layout-16018d1d wp-block-buttons-is-layout-flex\">\n<div class=\"wp-block-button\"><a class=\"wp-block-button__link has-background has-small-font-size has-custom-font-size wp-element-button\" href=\"https:\/\/toploc.com\/location\/s\/Annecy--Alpes-occidentales--France\" style=\"background-color:#006b52\" target=\"_blank\" rel=\"noreferrer noopener\"><strong>\ud83d\udc49&nbsp;R\u00c9SERVER LOCATION ANNECY SEPTEMBRE<\/strong><\/a><\/div>\n<\/div>\n\n\n\n<h2 id=\"lancilevienne\" class=\"wp-block-heading\">L&#8217;Ancilevienne<\/h2>\n\n\n\n<figure class=\"wp-block-image size-full\"><img loading=\"lazy\" decoding=\"async\" width=\"1630\" height=\"860\" src=\"https:\/\/toploc.com\/blog\/wp-content\/uploads\/2025\/01\/course_photo6-1630x860-1.png\" alt=\"Image de l'Ancilevienne en couple \u00a9Ancilevienne\" class=\"wp-image-161849\" style=\"aspect-ratio:16\/9;object-fit:cover\" srcset=\"https:\/\/toploc.com\/blog\/wp-content\/uploads\/2025\/01\/course_photo6-1630x860-1.png 1630w, https:\/\/toploc.com\/blog\/wp-content\/uploads\/2025\/01\/course_photo6-1630x860-1-300x158.png 300w, https:\/\/toploc.com\/blog\/wp-content\/uploads\/2025\/01\/course_photo6-1630x860-1-1024x540.png 1024w, https:\/\/toploc.com\/blog\/wp-content\/uploads\/2025\/01\/course_photo6-1630x860-1-768x405.png 768w, https:\/\/toploc.com\/blog\/wp-content\/uploads\/2025\/01\/course_photo6-1630x860-1-1536x810.png 1536w, https:\/\/toploc.com\/blog\/wp-content\/uploads\/2025\/01\/course_photo6-1630x860-1-380x200.png 380w, https:\/\/toploc.com\/blog\/wp-content\/uploads\/2025\/01\/course_photo6-1630x860-1-800x422.png 800w, https:\/\/toploc.com\/blog\/wp-content\/uploads\/2025\/01\/course_photo6-1630x860-1-1160x612.png 1160w\" sizes=\"auto, (max-width: 1630px) 100vw, 1630px\" \/><figcaption class=\"wp-element-caption\">Image de l&#8217;Ancilevienne en couple \u00a9Ancilevienne<\/figcaption><\/figure>\n\n\n\n<p>Vous \u00eates passionn\u00e9 de sport et de nature ? L&#8217;Ancilevienne, pr\u00e9vue le 13 septembre de 6h30 \u00e0 13h30, est l&#8217;\u00e9v\u00e9nement \u00e0 ne pas manquer \u00e0 Annecy. Cette course conviviale et unique en son genre vous invite \u00e0 faire le tour du lac d&#8217;Annecy en bin\u00f4me, combinant course \u00e0 pied et cyclisme. Cette course met avant tout en lumi\u00e8re la solidarit\u00e9, symbolis\u00e9 par un relais entre \u00e9quipiers, mais aussi envers les personnes en situation de handicap.<\/p>\n\n\n\n<h3 id=\"un-parcours-exaltant-autour-du-lac\" class=\"wp-block-heading\">Un Parcours Exaltant autour du Lac<\/h3>\n\n\n\n<p>L&#8217;Ancilevienne est une course de 46 km qui se d\u00e9roule en duo : un coureur \u00e0 pied et un cycliste. Vous et votre partenaire vous relayez tout au long du parcours, en inversant les r\u00f4les, sans jamais vous arr\u00eater. L&#8217;objectif ? Franchir la ligne d&#8217;arriv\u00e9e ensemble. Le parcours traverse une dizaine de communes, s&#8217;effectuant \u00e0 70 % sur des pistes cyclables, offrant des vues imprenables sur le lac et les montagnes environnantes.<\/p>\n\n\n\n<h3 id=\"un-evenement-sportif-et-solidaire\" class=\"wp-block-heading\">Un \u00c9v\u00e9nement Sportif et Solidaire<\/h3>\n\n\n\n<p>Chaque ann\u00e9e, 1 000 duos participent \u00e0 cette \u00e9preuve sportive, qui se distingue par son fort esprit d&#8217;\u00e9quipe et son ambiance bon enfant. Depuis sa cr\u00e9ation en 1988, l&#8217;Ancilevienne s&#8217;associe \u00e0 des projets caritatifs li\u00e9s au handicap, soutenant diverses associations.<\/p>\n\n\n\n<h3 id=\"informations-pratiques\" class=\"wp-block-heading\">Informations Pratiques<\/h3>\n\n\n\n<ul class=\"wp-block-list\">\n<li><strong>Date et Heure<\/strong> : 13 septembre 2026, de 6h30 \u00e0 13h30.<\/li>\n\n\n\n<li><strong>Lieu<\/strong> : D\u00e9part et arriv\u00e9e \u00e0 la place Gabriel Faur\u00e9, 74940 Annecy.<\/li>\n\n\n\n<li><strong>Tarif<\/strong> : 66,50 \u20ac par \u00e9quipe, gratuit pour les spectateurs.<\/li>\n\n\n\n<li><strong>Contact<\/strong> : Email : contact@ancilevienne.fr.<\/li>\n<\/ul>\n\n\n\n<p>L&#8217;Ancilevienne est bien plus qu&#8217;une course, c&#8217;est une aventure sportive et humaine au c\u0153ur des paysages \u00e9poustouflants d&#8217;Annecy. Que vous soyez coureur, cycliste ou simplement spectateur, cet \u00e9v\u00e9nement promet des moments de partage, de d\u00e9passement de soi et de solidarit\u00e9. Pr\u00e9parez-vous pour une exp\u00e9rience inoubliable !<\/p>\n\n\n\n<h2 id=\"semi-marathon-des-sources-du-lac-dannecy-2026\" class=\"wp-block-heading\">Semi-Marathon des Sources du Lac d&#8217;Annecy 2026<\/h2>\n\n\n\n<figure class=\"wp-block-image size-large\"><img loading=\"lazy\" decoding=\"async\" width=\"1024\" height=\"621\" src=\"https:\/\/toploc.com\/blog\/wp-content\/uploads\/2025\/01\/Capture-decran-2026-03-12-122643-1024x621.jpg\" alt=\"Une partie du semi-marathon des Sources du Lac passant au bord du lac, \u00e0 Saint-Jorioz \u00a9Ahotu\" class=\"wp-image-161851\" style=\"aspect-ratio:16\/9;object-fit:cover\" srcset=\"https:\/\/toploc.com\/blog\/wp-content\/uploads\/2025\/01\/Capture-decran-2026-03-12-122643-1024x621.jpg 1024w, https:\/\/toploc.com\/blog\/wp-content\/uploads\/2025\/01\/Capture-decran-2026-03-12-122643-300x182.jpg 300w, https:\/\/toploc.com\/blog\/wp-content\/uploads\/2025\/01\/Capture-decran-2026-03-12-122643-768x466.jpg 768w, https:\/\/toploc.com\/blog\/wp-content\/uploads\/2025\/01\/Capture-decran-2026-03-12-122643-380x230.jpg 380w, https:\/\/toploc.com\/blog\/wp-content\/uploads\/2025\/01\/Capture-decran-2026-03-12-122643-800x485.jpg 800w, https:\/\/toploc.com\/blog\/wp-content\/uploads\/2025\/01\/Capture-decran-2026-03-12-122643-1160x703.jpg 1160w, https:\/\/toploc.com\/blog\/wp-content\/uploads\/2025\/01\/Capture-decran-2026-03-12-122643.jpg 1422w\" sizes=\"auto, (max-width: 1024px) 100vw, 1024px\" \/><figcaption class=\"wp-element-caption\">Une partie du semi-marathon des Sources du Lac passant au bord du lac, \u00e0 Saint-Jorioz \u00a9Ahotu<\/figcaption><\/figure>\n\n\n\n<p>Le Semi-Marathon des Sources du Lac permet de participer \u00e0 une course dans un environnement spectaculaire au bord du lac d&#8217;Annecy. Divis\u00e9 en 2 courses, vous pourrez courir un semi-marathon, soit 21,1km, ou une courses plus tranquille de 10km. Les deux courses se d\u00e9roulent sur la rive gauche du lac, entre Doussard et Saint-Jorioz en ligne droite.<\/p>\n\n\n\n<p>Le semi-marathon donne l&#8217;opportunit\u00e9 \u00e0 1 200 coureurs de prendre le d\u00e9part, tandis que le 10km accueille 1 000 coureurs. <\/p>\n\n\n\n<h3 id=\"infos-pratiques\" class=\"wp-block-heading\">Infos pratiques <\/h3>\n\n\n\n<ul class=\"wp-block-list\">\n<li><strong>Lieux : <\/strong>D\u00e9part : Salle Polyvalente, 74210 Doussard ou Route du Laudon, Plage de Saint-Jorioz 74410. Arriv\u00e9e : Salle Polyvalente, 74210 Doussard.<\/li>\n<\/ul>\n\n\n\n<ul class=\"wp-block-list\">\n<li><strong>Tarif :<\/strong> 20\u20ac ou 40\u20ac<\/li>\n<\/ul>\n\n\n\n<ul class=\"wp-block-list\">\n<li><strong>Contact : <\/strong>contact@annecyrunning.org\/Annecy Running Organisation : 8 Avenue du Pr\u00e9 Closet, Z.A.E. des Glaisins, Annecy-le-Vieux, 74940 Annecy.<\/li>\n<\/ul>\n\n\n\n<h2 id=\"triathlon-international-dannecy\" class=\"wp-block-heading\">Triathlon International d&#8217;Annecy<\/h2>\n\n\n\n<figure class=\"wp-block-image size-large\"><img loading=\"lazy\" decoding=\"async\" width=\"1024\" height=\"575\" src=\"https:\/\/toploc.com\/blog\/wp-content\/uploads\/2025\/01\/l-epreuve-dont-les-inscriptions-devraient-s-ouvrir-le-1er-mai-depasse-chaque-annee-le-millier-de-participants-le-dl-k-b-1587395489-1024x575.jpg\" alt=\"Le Triathlon d'Annecy qui passe sous le pont des Amours \u00a9Le Dauphin\u00e9 Lib\u00e9r\u00e9\" class=\"wp-image-161854\" style=\"aspect-ratio:16\/9;object-fit:cover\" srcset=\"https:\/\/toploc.com\/blog\/wp-content\/uploads\/2025\/01\/l-epreuve-dont-les-inscriptions-devraient-s-ouvrir-le-1er-mai-depasse-chaque-annee-le-millier-de-participants-le-dl-k-b-1587395489-1024x575.jpg 1024w, https:\/\/toploc.com\/blog\/wp-content\/uploads\/2025\/01\/l-epreuve-dont-les-inscriptions-devraient-s-ouvrir-le-1er-mai-depasse-chaque-annee-le-millier-de-participants-le-dl-k-b-1587395489-300x168.jpg 300w, https:\/\/toploc.com\/blog\/wp-content\/uploads\/2025\/01\/l-epreuve-dont-les-inscriptions-devraient-s-ouvrir-le-1er-mai-depasse-chaque-annee-le-millier-de-participants-le-dl-k-b-1587395489-768x431.jpg 768w, https:\/\/toploc.com\/blog\/wp-content\/uploads\/2025\/01\/l-epreuve-dont-les-inscriptions-devraient-s-ouvrir-le-1er-mai-depasse-chaque-annee-le-millier-de-participants-le-dl-k-b-1587395489-1536x862.jpg 1536w, https:\/\/toploc.com\/blog\/wp-content\/uploads\/2025\/01\/l-epreuve-dont-les-inscriptions-devraient-s-ouvrir-le-1er-mai-depasse-chaque-annee-le-millier-de-participants-le-dl-k-b-1587395489-380x213.jpg 380w, https:\/\/toploc.com\/blog\/wp-content\/uploads\/2025\/01\/l-epreuve-dont-les-inscriptions-devraient-s-ouvrir-le-1er-mai-depasse-chaque-annee-le-millier-de-participants-le-dl-k-b-1587395489-800x449.jpg 800w, https:\/\/toploc.com\/blog\/wp-content\/uploads\/2025\/01\/l-epreuve-dont-les-inscriptions-devraient-s-ouvrir-le-1er-mai-depasse-chaque-annee-le-millier-de-participants-le-dl-k-b-1587395489-1160x651.jpg 1160w, https:\/\/toploc.com\/blog\/wp-content\/uploads\/2025\/01\/l-epreuve-dont-les-inscriptions-devraient-s-ouvrir-le-1er-mai-depasse-chaque-annee-le-millier-de-participants-le-dl-k-b-1587395489.jpg 1600w\" sizes=\"auto, (max-width: 1024px) 100vw, 1024px\" \/><figcaption class=\"wp-element-caption\">Le Triathlon d&#8217;Annecy qui passe sous le pont des Amours \u00a9Le Dauphin\u00e9 Lib\u00e9r\u00e9<\/figcaption><\/figure>\n\n\n\n<p>Le d\u00e9but de l&#8217;automne permet de faire du sport, lorsqu&#8217;il fait plus frais, mais avec le beau temps. Septembre est un moment opportun pour le sport autour d&#8217;Annecy. Le Triathlon international du lac d\u2019Annecy le prouve. Cette comp\u00e9tition attire des athl\u00e8tes venus de toute l\u2019Europe. Les participants encha\u00eenent 1,5 km de natation dans le lac, 47 km de v\u00e9lo avec l\u2019ascension du col de Leschaux et 10 km de course \u00e0 pied sur les rives du P\u00e2quier. Un parcours id\u00e9al pour profiter des paysages alpins et un d\u00e9fi sportif. Cet \u00e9v\u00e9nement offre un spectacle impressionnant pour les spectateurs comme pour les comp\u00e9titeurs.<\/p>\n\n\n\n<p>Le Triathlon international du lac d&#8217;Annecy se d\u00e9roule sur un wekkend, le 26 et 27 septembre 2026. Le premier jour est d\u00e9di\u00e9 \u00e0 la course adapt\u00e9, un triathlon accessible pour d\u00e9couvrir ce sport. Ce triathlon simplifi\u00e9 se compose de 200m de nage, 2km de v\u00e9lo, et 700m de course \u00e0 pied. Toujours le samedi, c&#8217;est ce jour que se d\u00e9roule les \u00e9preuves enfants, avec des parcours qui s&#8217;adaptent selon les \u00e2ges : 6 \u00e0 9 ans pour les poussins, 10 et 11 ans pour les pupilles, et 11 et 12 pour les benjamins. Enfin, c&#8217;est dimanche que d\u00e9bute le v\u00e9ritable triathlon olympique, en solo ou en relais.<\/p>\n\n\n\n<h3 id=\"infos-pratiques-2\" class=\"wp-block-heading\">Infos pratiques  <\/h3>\n\n\n\n<ul class=\"wp-block-list\">\n<li><strong>Dates :<\/strong> 26 et 27 septembre 2026 : Samedi : \u00e0 partir de 12h30. Dimanche : d\u00e8s 6h.<\/li>\n\n\n\n<li><strong>Lieux :<\/strong> Le P\u00e2quier, Avenue d&#8217;Albigny, 74000 Annecy<\/li>\n\n\n\n<li><strong>Tarifs :<\/strong> 10\u20ac pour les courses du samedi. Pour le triathlon olympique : 55\u20ac+22\u20ac pour les non licenci\u00e9s, 60 \u20ac pour les licenci\u00e9s, 90\u20ac pour les relais.<\/li>\n<\/ul>\n\n\n\n<h2 id=\"la-fete-du-vieux-seynod\" class=\"wp-block-heading\">La F\u00eate du Vieux Seynod<\/h2>\n\n\n\n<figure class=\"wp-block-image size-large\"><img loading=\"lazy\" decoding=\"async\" width=\"1024\" height=\"576\" src=\"https:\/\/toploc.com\/blog\/wp-content\/uploads\/2025\/01\/B9724304332Z.1_20200817123441_000GVSGGF9F4.2-0-1024x576.jpg\" alt=\"Les traditions savoyardes au centre de la f\u00eate du Vieux Seynod \u00a9L'Essor Savoyard\" class=\"wp-image-161856\" style=\"aspect-ratio:16\/9;object-fit:cover\" srcset=\"https:\/\/toploc.com\/blog\/wp-content\/uploads\/2025\/01\/B9724304332Z.1_20200817123441_000GVSGGF9F4.2-0-1024x576.jpg 1024w, https:\/\/toploc.com\/blog\/wp-content\/uploads\/2025\/01\/B9724304332Z.1_20200817123441_000GVSGGF9F4.2-0-300x169.jpg 300w, https:\/\/toploc.com\/blog\/wp-content\/uploads\/2025\/01\/B9724304332Z.1_20200817123441_000GVSGGF9F4.2-0-768x432.jpg 768w, https:\/\/toploc.com\/blog\/wp-content\/uploads\/2025\/01\/B9724304332Z.1_20200817123441_000GVSGGF9F4.2-0-380x214.jpg 380w, https:\/\/toploc.com\/blog\/wp-content\/uploads\/2025\/01\/B9724304332Z.1_20200817123441_000GVSGGF9F4.2-0-800x450.jpg 800w, https:\/\/toploc.com\/blog\/wp-content\/uploads\/2025\/01\/B9724304332Z.1_20200817123441_000GVSGGF9F4.2-0-1160x652.jpg 1160w, https:\/\/toploc.com\/blog\/wp-content\/uploads\/2025\/01\/B9724304332Z.1_20200817123441_000GVSGGF9F4.2-0.jpg 1350w\" sizes=\"auto, (max-width: 1024px) 100vw, 1024px\" \/><figcaption class=\"wp-element-caption\">Les traditions savoyardes au centre de la f\u00eate du Vieux Seynod \u00a9L&#8217;Essor Savoyard<\/figcaption><\/figure>\n\n\n\n<p>Le 5 et 6 septembre 2026, venez vivre la 41<sup>\u00e8me<\/sup> f\u00eate du Vieux Seynod. Seynod, est une ancienne commune, aujourd\u2019hui rattach\u00e9 \u00e0 Annecy, qui c\u00e9l\u00e8bre son patrimoine lors de la F\u00eate du Vieux Seynod. Cet \u00e9v\u00e9nement populaire plonge les visiteurs dans l\u2019ambiance de la Haute-Savoie d\u2019autrefois. Au programme : d\u00e9monstrations d\u2019artisanat traditionnel, musique folklorique, animations pour les familles, mini-ferme et d\u00e9gustations de sp\u00e9cialit\u00e9s locales. C\u2019est un moment convivial, le temps d&#8217;un weekend, qui permet de d\u00e9couvrir l\u2019histoire et les traditions de la r\u00e9gion dans une atmosph\u00e8re festive, dans une ambiance purement savoyarde.<\/p>\n\n\n\n<h3 id=\"infos-pratiques-3\" class=\"wp-block-heading\">Infos pratiques<\/h3>\n\n\n\n<p><strong>Contacts : <\/strong>Les Amis du Vieux Seynod&nbsp;67 avenue des Neiges, 74600 Seynod,&nbsp;04 56 20 23 04,&nbsp;amisduvieuxseynod@gmail.com.<\/p>\n\n\n\n<p><strong>Lieu : <\/strong>67 avenue des Neigeos, Seynod.<\/p>\n\n\n\n<h2 id=\"lirolac\" class=\"wp-block-heading\">Lir\u00d4lac<\/h2>\n\n\n\n<figure class=\"wp-block-image size-full\"><img loading=\"lazy\" decoding=\"async\" width=\"1000\" height=\"562\" src=\"https:\/\/toploc.com\/blog\/wp-content\/uploads\/2025\/01\/P1120228-e1631781055648.jpg\" alt=\"Les festival Lir\u00d4lac, pour d\u00e9couvrir vos prochaines id\u00e9es lecture \u00a9Groupe Ecomedia\" class=\"wp-image-161857\" style=\"aspect-ratio:16\/9;object-fit:cover\" srcset=\"https:\/\/toploc.com\/blog\/wp-content\/uploads\/2025\/01\/P1120228-e1631781055648.jpg 1000w, https:\/\/toploc.com\/blog\/wp-content\/uploads\/2025\/01\/P1120228-e1631781055648-300x169.jpg 300w, https:\/\/toploc.com\/blog\/wp-content\/uploads\/2025\/01\/P1120228-e1631781055648-768x432.jpg 768w, https:\/\/toploc.com\/blog\/wp-content\/uploads\/2025\/01\/P1120228-e1631781055648-380x214.jpg 380w, https:\/\/toploc.com\/blog\/wp-content\/uploads\/2025\/01\/P1120228-e1631781055648-800x450.jpg 800w\" sizes=\"auto, (max-width: 1000px) 100vw, 1000px\" \/><figcaption class=\"wp-element-caption\">Les festival Lir\u00d4lac, pour d\u00e9couvrir vos prochaines id\u00e9es lecture \u00a9Groupe Ecomedia<\/figcaption><\/figure>\n\n\n\n<p>Chaque ann\u00e9e, vers la fin du mois de septembre, le village de Talloires-Montmin, \u00e0 c\u00f4t\u00e9 d&#8217;Annecy, organise ce festival qui r\u00e9uni une vingtaine d&#8217;auteurs et d&#8217;autrices, ainsi que les lecteurs passionn\u00e9s. Avec de nombreuses activit\u00e9s cr\u00e9atives, des rencontres et entretiens, des s\u00e9ances de d\u00e9dicaces&#8230; Le festival permet de d\u00e9couvrir ou red\u00e9couvrir le monde de la litt\u00e9rature, o\u00f9 petits et grands se retrouvent dans un cadre f\u00e9\u00e9rique qui stimule l&#8217;imagination. Lors de cet \u00e9v\u00e9nement, c&#8217;est toute le village qui se transforme en biblioth\u00e8que g\u00e9ante, avec des \u00e9v\u00e9nements en plein centre de la commune, et dans la baie au bord du lac. C&#8217;est \u00e9galement l&#8217;occasion pour les jeunes auteures de se faire conna\u00eetre, \u00e0 l&#8217;occasion du&nbsp; concours d&#8217;\u00e9criture Lir\u00d4lac Jeunesse, \u00e0 destination des lyc\u00e9ens et des \u00e9tudiants. <\/p>\n\n\n\n<p>Rendez-vous le 26 et 27 septembre 2026, \u00e0 Talloires-Montmin (74210) pour assister \u00e0 ce festival gratuit, o\u00f9 l&#8217;imagination n&#8217;a plus de limite, et o\u00f9 tout le monde se r\u00e9unit autour de l&#8217;univers du livre.<\/p>\n\n\n\n<h2 id=\"coup-de-theatre\" class=\"wp-block-heading\">Coup de Th\u00e9\u00e2tre<\/h2>\n\n\n\n<figure class=\"wp-block-image size-full is-resized\"><img loading=\"lazy\" decoding=\"async\" width=\"624\" height=\"416\" src=\"https:\/\/toploc.com\/blog\/wp-content\/uploads\/2025\/01\/74970320-52435224.jpg\" alt=\"Le Festival Coup de Th\u00e9\u00e2tre, quand Annecy devient une sc\u00e8ne g\u00e9ante \u00a9arts-spectacles.com\" class=\"wp-image-161858\" style=\"aspect-ratio:1.7777777777777777;object-fit:cover;width:680px;height:auto\" srcset=\"https:\/\/toploc.com\/blog\/wp-content\/uploads\/2025\/01\/74970320-52435224.jpg 624w, https:\/\/toploc.com\/blog\/wp-content\/uploads\/2025\/01\/74970320-52435224-300x200.jpg 300w, https:\/\/toploc.com\/blog\/wp-content\/uploads\/2025\/01\/74970320-52435224-380x253.jpg 380w\" sizes=\"auto, (max-width: 624px) 100vw, 624px\" \/><figcaption class=\"wp-element-caption\">Le Festival Coup de Th\u00e9\u00e2tre, quand Annecy devient une sc\u00e8ne g\u00e9ante \u00a9arts-spectacles.com<\/figcaption><\/figure>\n\n\n\n<p>Chaque ann\u00e9e, le Festival Coup de Th\u00e9\u00e2tre transforme Annecy en v\u00e9ritable sc\u00e8ne artistique. Pendant plus d\u2019une semaine, la ville accueille des spectacles de th\u00e9\u00e2tre contemporain, cr\u00e9ations originales et performances artistiques dans diff\u00e9rents lieux culturels. Plongez dans une aventure culturelle inoubliable o\u00f9 le th\u00e9\u00e2tre, la musique et la cr\u00e9ativit\u00e9 se rencontrent. La programmation m\u00eale artistes \u00e9mergents et compagnies reconnues, offrant une exp\u00e9rience th\u00e9\u00e2trale vari\u00e9e et accessible \u00e0 tous les publics. Pendant le festival, les &#8220;Actions Cultur\u00eaves&#8221; permettent de mettre en avant des jeunes talents locaux, des repr\u00e9sentations scolaires et interg\u00e9n\u00e9rationnelles, des ateliers de pratiques artistiques, un moment festif \u00e0 destination des familles, un Temps Danse, et bien d&#8217;autres&#8230;.<\/p>\n\n\n\n<p>En 2026, il s&#8217;agit de la 15\u1d49 \u00e9dition, qui se d\u00e9roulera du 5 au 13 septembre 2026, promettant une nouvelle immersion dans l\u2019univers du spectacle vivant dans les rues de la Venise des Alpes.<\/p>\n\n\n\n<h2 id=\"festival-de-theatre-sur-un-plateau\" class=\"wp-block-heading\">Festival de th\u00e9\u00e2tre \u00ab Sur un Plateau \u00bb<\/h2>\n\n\n\n<figure class=\"wp-block-image size-full\"><img loading=\"lazy\" decoding=\"async\" width=\"1500\" height=\"1000\" src=\"https:\/\/toploc.com\/blog\/wp-content\/uploads\/2025\/01\/Bonlieu-Annecy-salle.jpg\" alt=\"Remplissez la salle de Bonlieu durant le festival &quot;Sur un plateau&quot; \u00e0 Annecy \u00a9Lac Annecy Congr\u00e8s\" class=\"wp-image-161860\" style=\"aspect-ratio:16\/9;object-fit:cover\" srcset=\"https:\/\/toploc.com\/blog\/wp-content\/uploads\/2025\/01\/Bonlieu-Annecy-salle.jpg 1500w, https:\/\/toploc.com\/blog\/wp-content\/uploads\/2025\/01\/Bonlieu-Annecy-salle-300x200.jpg 300w, https:\/\/toploc.com\/blog\/wp-content\/uploads\/2025\/01\/Bonlieu-Annecy-salle-1024x683.jpg 1024w, https:\/\/toploc.com\/blog\/wp-content\/uploads\/2025\/01\/Bonlieu-Annecy-salle-768x512.jpg 768w, https:\/\/toploc.com\/blog\/wp-content\/uploads\/2025\/01\/Bonlieu-Annecy-salle-380x253.jpg 380w, https:\/\/toploc.com\/blog\/wp-content\/uploads\/2025\/01\/Bonlieu-Annecy-salle-800x533.jpg 800w, https:\/\/toploc.com\/blog\/wp-content\/uploads\/2025\/01\/Bonlieu-Annecy-salle-1160x773.jpg 1160w\" sizes=\"auto, (max-width: 1500px) 100vw, 1500px\" \/><figcaption class=\"wp-element-caption\">Remplissez la salle de Bonlieu durant le festival &#8220;Sur un plateau&#8221; \u00e0 Annecy \u00a9Lac Annecy Congr\u00e8s<\/figcaption><\/figure>\n\n\n\n<p>Les amateurs de th\u00e9\u00e2tre pourront aussi assister au festival \u00ab Sur un Plateau \u00bb, consacr\u00e9 au th\u00e9\u00e2tre amateur et \u00e0 la cr\u00e9ation artistique locale. Pendant 3 jours, du 23 au 26 septembre 2026, diff\u00e9rentes troupes se succ\u00e8dent sur sc\u00e8ne pour proposer des pi\u00e8ces vari\u00e9es : com\u00e9dies, spectacles contemporains ou performances originales. L\u2019\u00e9v\u00e9nement se veut accessible et convivial, offrant un moment d\u2019\u00e9change entre artistes et spectateurs. L&#8217;occasion pour les voyageurs de d\u00e9couvrir les salles de th\u00e9\u00e2tre ann\u00e9ciennes, tel que Bonlieu sc\u00e8ne nationale, le Th\u00e9\u00e2tre de l&#8217;\u00e9change, ainsi que la salle Pierre Lamy.<\/p>\n\n\n\n<h2 id=\"festival-annecy-paysages\" class=\"wp-block-heading\">Festival Annecy Paysages<\/h2>\n\n\n\n<figure class=\"wp-block-image\"><img loading=\"lazy\" decoding=\"async\" width=\"1200\" height=\"675\" src=\"https:\/\/toploc.com\/blog\/wp-content\/uploads\/2025\/01\/phpbDfLW3.jpg\" alt=\"Cherchez les \u0153uvres d'arts diss\u00e9min\u00e9es dans les rues d'Annecy dans la cadre de Annecy Paysages \u00a9France Info\" class=\"wp-image-161321\" srcset=\"https:\/\/toploc.com\/blog\/wp-content\/uploads\/2025\/01\/phpbDfLW3.jpg 1200w, https:\/\/toploc.com\/blog\/wp-content\/uploads\/2025\/01\/phpbDfLW3-300x169.jpg 300w, https:\/\/toploc.com\/blog\/wp-content\/uploads\/2025\/01\/phpbDfLW3-1024x576.jpg 1024w, https:\/\/toploc.com\/blog\/wp-content\/uploads\/2025\/01\/phpbDfLW3-768x432.jpg 768w, https:\/\/toploc.com\/blog\/wp-content\/uploads\/2025\/01\/phpbDfLW3-380x214.jpg 380w, https:\/\/toploc.com\/blog\/wp-content\/uploads\/2025\/01\/phpbDfLW3-800x450.jpg 800w, https:\/\/toploc.com\/blog\/wp-content\/uploads\/2025\/01\/phpbDfLW3-1160x653.jpg 1160w\" sizes=\"auto, (max-width: 1200px) 100vw, 1200px\" \/><figcaption class=\"wp-element-caption\">Cherchez les \u0153uvres d\u2019arts diss\u00e9min\u00e9es dans les rues d\u2019Annecy dans la cadre de Annecy Paysages \u00a9France Info<\/figcaption><\/figure>\n\n\n\n<p>Toute l\u2019ann\u00e9e, des installations artistiques d\u00e9corent la ville d\u2019Annecy, mais en ao\u00fbt, c\u2019est le moment id\u00e9al pour les d\u00e9couvrir. Laissez-vous porter par l\u2019effervescence artistique que la Venise des Alpes vous inspire et explorez la ville \u00e0 la d\u00e9couverte d\u2019une trentaine d\u2019installations aussi remarquables les unes que les autres. Les \u0153uvres permettent un mariage entre l\u2019art et les paysages de la ville, que ce soit les paysages urbains ou les paysages naturels. Ce festival singulier illumine les rues d\u2019Annecy, ses rives et ses parcs, offrant une exp\u00e9rience culturelle inoubliable. Ainsi, venez admirez 5 \u0153uvres dans les Jardins de l\u2019Europe, 2 \u0153uvres autour de Bonlieu, 2 \u0153uvres devant l\u2019Imp\u00e9rial Palace, 6 \u0153uvres le long du Thiou (de Cran-G\u00e9vrier jusqu\u2019\u00e0 la promenade du Thiou), 1 \u0153uvre \u00e0 la Gare, et 1 \u0153uvre au Square Bernard Bosson.<\/p>\n\n\n\n<h2 id=\"marches-de-lart-et-des-createurs-a-annecy\" class=\"wp-block-heading\">March\u00e9s de l&#8217;Art et des Cr\u00e9ateurs \u00e0 Annecy<\/h2>\n\n\n\n<p>Vous \u00eates \u00e0 la recherche d&#8217;une exp\u00e9rience culturelle unique \u00e0 Annecy en septembre 2026 ? Ne manquez pas les March\u00e9s de l&#8217;Art et des Cr\u00e9ateurs, un rendez-vous mensuel incontournable pour les amateurs d&#8217;art et de cr\u00e9ation artisanale. Situ\u00e9s au c\u0153ur de la zone pi\u00e9tonne d&#8217;Annecy, ces march\u00e9s se tiennent le dernier samedi du mois, de 8h \u00e0 18h, offrant une escapade artistique et inspirante.<\/p>\n\n\n\n<figure class=\"wp-block-image size-full\"><img loading=\"lazy\" decoding=\"async\" width=\"1920\" height=\"1546\" src=\"https:\/\/toploc.com\/blog\/wp-content\/uploads\/2024\/01\/image-540.png\" alt=\"March\u00e9 de l'Art et des Cr\u00e9ateurs \u00e0 Annecy chaque mois \u00a9 Ville-Annecy\" class=\"wp-image-140130\" style=\"aspect-ratio:16\/9;object-fit:cover\"\/><figcaption class=\"wp-element-caption\">March\u00e9 de l&#8217;Art et des Cr\u00e9ateurs \u00e0 Annecy chaque mois \u00a9 Ville-Annecy<\/figcaption><\/figure>\n\n\n\n<p>Envie de d\u00e9couvrir le c\u0153ur artistique d\u2019Annecy ? Les March\u00e9s de l\u2019Art et des Cr\u00e9ateurs vous attendent pour une exp\u00e9rience unique en son genre. Situ\u00e9s dans le charmant cadre du Quai Vicenza, ces march\u00e9s se tiennent le dernier samedi de chaque mois, de 8h \u00e0 18h, tout au long de l\u2019ann\u00e9e.<\/p>\n\n\n\n<h3 class=\"wp-block-heading\" id=\"une-mosaique-dart-et-de-creativite\">Une Mosa\u00efque d\u2019Art et de Cr\u00e9ativit\u00e9<\/h3>\n\n\n\n<p>Imaginez-vous fl\u00e2ner parmi une trentaine d\u2019artistes peintres, \u00e0 la fois amateurs et professionnels, admirant leurs \u0153uvres qui capturent l\u2019essence d\u2019Annecy. Mais ce n\u2019est pas tout. Vous d\u00e9couvrirez \u00e9galement des cr\u00e9ateurs de bijoux, de v\u00eatements et de mobiliers, tous uniques et faits \u00e0 la main. Chaque stand est une fen\u00eatre ouverte sur l\u2019univers personnel et cr\u00e9atif de l\u2019artiste.<\/p>\n\n\n\n<p>Que vous soyez un connaisseur d\u2019art ou simplement \u00e0 la recherche d\u2019une pi\u00e8ce unique pour votre maison, les March\u00e9s de l\u2019Art et des Cr\u00e9ateurs sont l\u2019endroit id\u00e9al. Vous pourrez rencontrer directement les artistes, discuter de leur travail et m\u00eame acqu\u00e9rir des pi\u00e8ces qui vous parlent.<\/p>\n\n\n\n<h3 class=\"wp-block-heading\" id=\"pourquoi-visiter-les-marches-de-lart-et-des-createurs\">Pourquoi Visiter les March\u00e9s de l\u2019Art et des Cr\u00e9ateurs ?<\/h3>\n\n\n\n<ul class=\"wp-block-list\">\n<li><strong>D\u00e9couverte<\/strong>: Une occasion unique de d\u00e9couvrir des talents locaux et des \u0153uvres d\u2019art originales.<\/li>\n\n\n\n<li><strong>Atmosph\u00e8re<\/strong>: Profitez de l\u2019ambiance conviviale et inspirante du march\u00e9, en plein c\u0153ur d\u2019Annecy.<\/li>\n\n\n\n<li><strong>Achat direct<\/strong>: Achetez directement aupr\u00e8s des cr\u00e9ateurs, soutenant ainsi l\u2019art et l\u2019artisanat local.<\/li>\n<\/ul>\n\n\n\n<p>Les March\u00e9s de l\u2019Art et des Cr\u00e9ateurs d\u2019Annecy vous promettent une exp\u00e9rience m\u00e9morable, alliant la beaut\u00e9 de l\u2019art \u00e0 l\u2019authenticit\u00e9 de la cr\u00e9ation. Ne manquez pas cette occasion de plonger dans un monde de couleurs, de textures et d\u2019inspiration lors de votre visite \u00e0 Annecy en septembre 2026.<\/p>\n\n\n\n<h2 id=\"brocante\" class=\"wp-block-heading\">Brocante<\/h2>\n\n\n\n<figure class=\"wp-block-image size-large\"><img loading=\"lazy\" decoding=\"async\" width=\"1024\" height=\"559\" src=\"https:\/\/toploc.com\/blog\/wp-content\/uploads\/2025\/01\/645810717_1550273783771021_1830953553360918827_n-1024x559.jpg\" alt=\"Participez \u00e0 la brocante d'Annecy et d\u00e9nichez des tr\u00e9sor oubli\u00e9s \u00a9Canard du Lac Annecy - Facebook\" class=\"wp-image-161862\" style=\"aspect-ratio:16\/9;object-fit:cover\" srcset=\"https:\/\/toploc.com\/blog\/wp-content\/uploads\/2025\/01\/645810717_1550273783771021_1830953553360918827_n-1024x559.jpg 1024w, https:\/\/toploc.com\/blog\/wp-content\/uploads\/2025\/01\/645810717_1550273783771021_1830953553360918827_n-300x164.jpg 300w, https:\/\/toploc.com\/blog\/wp-content\/uploads\/2025\/01\/645810717_1550273783771021_1830953553360918827_n-768x419.jpg 768w, https:\/\/toploc.com\/blog\/wp-content\/uploads\/2025\/01\/645810717_1550273783771021_1830953553360918827_n-380x207.jpg 380w, https:\/\/toploc.com\/blog\/wp-content\/uploads\/2025\/01\/645810717_1550273783771021_1830953553360918827_n-800x436.jpg 800w, https:\/\/toploc.com\/blog\/wp-content\/uploads\/2025\/01\/645810717_1550273783771021_1830953553360918827_n-1160x633.jpg 1160w, https:\/\/toploc.com\/blog\/wp-content\/uploads\/2025\/01\/645810717_1550273783771021_1830953553360918827_n.jpg 1408w\" sizes=\"auto, (max-width: 1024px) 100vw, 1024px\" \/><figcaption class=\"wp-element-caption\">Participez \u00e0 la brocante d&#8217;Annecy et d\u00e9nichez des tr\u00e9sor oubli\u00e9s \u00a9Canard du Lac Annecy &#8211; Facebook<\/figcaption><\/figure>\n\n\n\n<p>Chaque dernier samedi du mois, de 8h \u00e0 18h, une brocante conviviale s\u2019installe dans la vieille ville et sur certaines places d\u2019Annecy, offrant aux habitants comme aux visiteurs une belle occasion de chiner tout en profitant de l\u2019atmosph\u00e8re unique de la ville. Situ\u00e9e entre les canaux et les montagnes, cette manifestation attire collectionneurs, amateurs d\u2019objets anciens et simples curieux venus fl\u00e2ner parmi les stands. <\/p>\n\n\n\n<h3 id=\"quest-ce-quon-y-trouve\" class=\"wp-block-heading\">Qu&#8217;est-ce qu&#8217;on y trouve ?<\/h3>\n\n\n\n<p>Les 150 exposants, souvent des antiquaires professionnels ou des particuliers passionn\u00e9s, proposent une grande vari\u00e9t\u00e9 d\u2019objets : meubles anciens, livres, vaisselle vintage, affiches, bijoux r\u00e9tro, jouets d\u2019\u00e9poque ou encore objets d\u00e9coratifs. Chaque stand r\u00e9serve son lot de d\u00e9couvertes et parfois de v\u00e9ritables tr\u00e9sors \u00e0 d\u00e9nicher. C\u2019est aussi l\u2019occasion id\u00e9ale d\u2019\u00e9changer avec les vendeurs, qui partagent volontiers l\u2019histoire ou l\u2019origine de leurs objets.<\/p>\n\n\n\n<h3 id=\"plus-quune-chasse-aux-bonnes-affaires\" class=\"wp-block-heading\">Plus qu&#8217;une chasse aux bonnes affaires<\/h3>\n\n\n\n<p>Au-del\u00e0 de la chasse aux bonnes affaires, la brocante est \u00e9galement un moment de promenade agr\u00e9able. Les visiteurs peuvent parcourir les all\u00e9es \u00e0 leur rythme, profiter des terrasses de caf\u00e9s et admirer les paysages autour du lac tout proche. L\u2019ambiance est g\u00e9n\u00e9ralement anim\u00e9e et chaleureuse, avec des familles, des touristes et des habitants qui se croisent dans une atmosph\u00e8re d\u00e9tendue. Participer \u00e0 une brocante \u00e0 Annecy en septembre, c\u2019est donc combiner d\u00e9couverte, patrimoine et plaisir de chiner. Que l\u2019on cherche un objet rare ou simplement une sortie originale, cet \u00e9v\u00e9nement constitue une activit\u00e9 incontournable pour profiter pleinement de la ville \u00e0 la fin de l\u2019\u00e9t\u00e9.<\/p>\n\n\n\n<p>Nous vous recommandons ces autres articles :<\/p>\n\n\n\n<ul class=\"wp-block-list\">\n<li><a href=\"https:\/\/toploc.com\/blog\/france\/annecy-en-aout\" type=\"link\" id=\"https:\/\/toploc.com\/blog\/france\/annecy-en-aout\">Que faire \u00e0 Annecy en ao\u00fbt<\/a><\/li>\n\n\n\n<li><a href=\"https:\/\/toploc.com\/blog\/france\/annecy-en-octobre\" type=\"link\" id=\"https:\/\/toploc.com\/blog\/france\/annecy-en-octobre\">Que faire \u00e0 Annecy en octobre<\/a><\/li>\n<\/ul>\n\n\n\n<h2 id=\"ou-reserver-un-airbnb-annecy-septembre\" class=\"wp-block-heading\">O\u00f9 r\u00e9server un airbnb Annecy Septembre ?<\/h2>\n\n\n\n<p>Toploc r\u00e9f\u00e9rence des h\u00e9bergements nature sur Annecy, autour du lac Bleu et en Haute-Savoie. Voici nos suggestions de <a href=\"https:\/\/toploc.com\/locations-vacances\/annecy\">location Annecy Septembre<\/a> et <a href=\"https:\/\/toploc.com\/locations-vacances\/haute-savoie\">locations de vacances Haute-Savoie<\/a> disponibles au mois de Septembre. R\u00e9servez directement depuis la carte suivante en contactant nos gentils h\u00f4tes Toploc :<\/p>\n\n\n\n<iframe loading=\"lazy\" width=\"100%\" height=\"450px\" frameborder=\"0\" src=\"https:\/\/toploc.com\/embed\/maps?location=Annecy&amp;bbox_area=6.0484121%2C45.8280024%2C6.2043932%2C45.9766928\"><\/iframe>\n\n\n\n<p>Ma\u00ebl pour Toploc<\/p>\n","protected":false},"excerpt":{"rendered":"Septembre \u00e0 Annecy est un mois vibrant d&#8217;activit\u00e9s et de d\u00e9couvertes. Ce guide met en lumi\u00e8re 10 \u00e9v\u00e9nements&hellip;\n","protected":false},"author":15,"featured_media":161849,"comment_status":"open","ping_status":"closed","sticky":false,"template":"","format":"standard","meta":{"footnotes":""},"categories":[114],"tags":[7371],"class_list":{"0":"post-140726","1":"post","2":"type-post","3":"status-publish","4":"format-standard","5":"has-post-thumbnail","7":"category-france","8":"tag-annecy-en-septembre"},"yoast_head":"<!-- This site is optimized with the Yoast SEO plugin v26.9 - https:\/\/yoast.com\/product\/yoast-seo-wordpress\/ -->\n<title>10 choses \u00e0 faire absolument \u00e0 Annecy en Septembre<\/title>\n<meta name=\"description\" content=\"Annecy en Septembre : L\u2019Ancilevienne . West my Jam \u00e0 Annecy . March\u00e9s de l\u2019Art et des Cr\u00e9ateurs . Num\u00e9rique Associatif\" \/>\n<meta name=\"robots\" content=\"index, follow, max-snippet:-1, max-image-preview:large, max-video-preview:-1\" \/>\n<link rel=\"canonical\" href=\"https:\/\/toploc.com\/blog\/france\/annecy-en-septembre\" \/>\n<meta property=\"og:locale\" content=\"fr_FR\" \/>\n<meta property=\"og:type\" content=\"article\" \/>\n<meta property=\"og:title\" content=\"10 choses \u00e0 faire absolument \u00e0 Annecy en Septembre\" \/>\n<meta property=\"og:description\" content=\"Annecy en Septembre : L\u2019Ancilevienne . West my Jam \u00e0 Annecy . March\u00e9s de l\u2019Art et des Cr\u00e9ateurs . Num\u00e9rique Associatif\" \/>\n<meta property=\"og:url\" content=\"https:\/\/toploc.com\/blog\/france\/annecy-en-septembre\" \/>\n<meta property=\"og:site_name\" content=\"Toploc\" \/>\n<meta property=\"article:publisher\" content=\"https:\/\/www.facebook.com\/locationfrancophone\" \/>\n<meta property=\"article:published_time\" content=\"2026-03-12T14:00:03+00:00\" \/>\n<meta property=\"article:modified_time\" content=\"2026-04-28T12:11:36+00:00\" \/>\n<meta property=\"og:image\" content=\"https:\/\/toploc.com\/blog\/wp-content\/uploads\/2025\/01\/course_photo6-1630x860-1.png\" \/>\n\t<meta property=\"og:image:width\" content=\"1630\" \/>\n\t<meta property=\"og:image:height\" content=\"860\" \/>\n\t<meta property=\"og:image:type\" content=\"image\/png\" \/>\n<meta name=\"author\" content=\"Ma\u00ebl\" \/>\n<meta name=\"twitter:card\" content=\"summary_large_image\" \/>\n<meta name=\"twitter:label1\" content=\"\u00c9crit par\" \/>\n\t<meta name=\"twitter:data1\" content=\"Ma\u00ebl\" \/>\n\t<meta name=\"twitter:label2\" content=\"Dur\u00e9e de lecture estim\u00e9e\" \/>\n\t<meta name=\"twitter:data2\" content=\"14 minutes\" \/>\n<script type=\"application\/ld+json\" class=\"yoast-schema-graph\">{\"@context\":\"https:\/\/schema.org\",\"@graph\":[{\"@type\":\"Article\",\"@id\":\"https:\/\/toploc.com\/blog\/france\/annecy-en-septembre#article\",\"isPartOf\":{\"@id\":\"https:\/\/toploc.com\/blog\/france\/annecy-en-septembre\"},\"author\":{\"name\":\"Ma\u00ebl\",\"@id\":\"https:\/\/toploc.com\/blog\/#\/schema\/person\/7e2ebe289a733b81b04b07f6ec2e3b93\"},\"headline\":\"10 choses \u00e0 faire absolument \u00e0 Annecy en Septembre\",\"datePublished\":\"2026-03-12T14:00:03+00:00\",\"dateModified\":\"2026-04-28T12:11:36+00:00\",\"mainEntityOfPage\":{\"@id\":\"https:\/\/toploc.com\/blog\/france\/annecy-en-septembre\"},\"wordCount\":2410,\"commentCount\":0,\"publisher\":{\"@id\":\"https:\/\/toploc.com\/blog\/#organization\"},\"image\":{\"@id\":\"https:\/\/toploc.com\/blog\/france\/annecy-en-septembre#primaryimage\"},\"thumbnailUrl\":\"https:\/\/toploc.com\/blog\/wp-content\/uploads\/2025\/01\/course_photo6-1630x860-1.png\",\"keywords\":[\"Annecy en Septembre\"],\"articleSection\":[\"Itin\u00e9raires France\"],\"inLanguage\":\"fr-FR\",\"potentialAction\":[{\"@type\":\"CommentAction\",\"name\":\"Comment\",\"target\":[\"https:\/\/toploc.com\/blog\/france\/annecy-en-septembre#respond\"]}]},{\"@type\":\"WebPage\",\"@id\":\"https:\/\/toploc.com\/blog\/france\/annecy-en-septembre\",\"url\":\"https:\/\/toploc.com\/blog\/france\/annecy-en-septembre\",\"name\":\"10 choses \u00e0 faire absolument \u00e0 Annecy en Septembre\",\"isPartOf\":{\"@id\":\"https:\/\/toploc.com\/blog\/#website\"},\"primaryImageOfPage\":{\"@id\":\"https:\/\/toploc.com\/blog\/france\/annecy-en-septembre#primaryimage\"},\"image\":{\"@id\":\"https:\/\/toploc.com\/blog\/france\/annecy-en-septembre#primaryimage\"},\"thumbnailUrl\":\"https:\/\/toploc.com\/blog\/wp-content\/uploads\/2025\/01\/course_photo6-1630x860-1.png\",\"datePublished\":\"2026-03-12T14:00:03+00:00\",\"dateModified\":\"2026-04-28T12:11:36+00:00\",\"description\":\"Annecy en Septembre : L\u2019Ancilevienne . West my Jam \u00e0 Annecy . March\u00e9s de l\u2019Art et des Cr\u00e9ateurs . Num\u00e9rique Associatif\",\"breadcrumb\":{\"@id\":\"https:\/\/toploc.com\/blog\/france\/annecy-en-septembre#breadcrumb\"},\"inLanguage\":\"fr-FR\",\"potentialAction\":[{\"@type\":\"ReadAction\",\"target\":[\"https:\/\/toploc.com\/blog\/france\/annecy-en-septembre\"]}]},{\"@type\":\"ImageObject\",\"inLanguage\":\"fr-FR\",\"@id\":\"https:\/\/toploc.com\/blog\/france\/annecy-en-septembre#primaryimage\",\"url\":\"https:\/\/toploc.com\/blog\/wp-content\/uploads\/2025\/01\/course_photo6-1630x860-1.png\",\"contentUrl\":\"https:\/\/toploc.com\/blog\/wp-content\/uploads\/2025\/01\/course_photo6-1630x860-1.png\",\"width\":1630,\"height\":860,\"caption\":\"Image de l'Ancilevienne en couple \u00a9Ancilevienne\"},{\"@type\":\"BreadcrumbList\",\"@id\":\"https:\/\/toploc.com\/blog\/france\/annecy-en-septembre#breadcrumb\",\"itemListElement\":[{\"@type\":\"ListItem\",\"position\":1,\"name\":\"Accueil\",\"item\":\"https:\/\/toploc.com\/blog\"},{\"@type\":\"ListItem\",\"position\":2,\"name\":\"10 choses \u00e0 faire absolument \u00e0 Annecy en Septembre\"}]},{\"@type\":\"WebSite\",\"@id\":\"https:\/\/toploc.com\/blog\/#website\",\"url\":\"https:\/\/toploc.com\/blog\/\",\"name\":\"Toploc\",\"description\":\"Itin\u00e9raires natures et locations de vacances en groupe\",\"publisher\":{\"@id\":\"https:\/\/toploc.com\/blog\/#organization\"},\"potentialAction\":[{\"@type\":\"SearchAction\",\"target\":{\"@type\":\"EntryPoint\",\"urlTemplate\":\"https:\/\/toploc.com\/blog\/?s={search_term_string}\"},\"query-input\":{\"@type\":\"PropertyValueSpecification\",\"valueRequired\":true,\"valueName\":\"search_term_string\"}}],\"inLanguage\":\"fr-FR\"},{\"@type\":\"Organization\",\"@id\":\"https:\/\/toploc.com\/blog\/#organization\",\"name\":\"Toploc\",\"url\":\"https:\/\/toploc.com\/blog\/\",\"logo\":{\"@type\":\"ImageObject\",\"inLanguage\":\"fr-FR\",\"@id\":\"https:\/\/toploc.com\/blog\/#\/schema\/logo\/image\/\",\"url\":\"https:\/\/blog.toploc.com\/wp-content\/uploads\/2022\/03\/toploc_facebook_5.png\",\"contentUrl\":\"https:\/\/blog.toploc.com\/wp-content\/uploads\/2022\/03\/toploc_facebook_5.png\",\"width\":600,\"height\":600,\"caption\":\"Toploc\"},\"image\":{\"@id\":\"https:\/\/toploc.com\/blog\/#\/schema\/logo\/image\/\"},\"sameAs\":[\"https:\/\/www.facebook.com\/locationfrancophone\",\"https:\/\/www.instagram.com\/toploc_\",\"https:\/\/www.pinterest.fr\/Toploc_\/\"]},{\"@type\":\"Person\",\"@id\":\"https:\/\/toploc.com\/blog\/#\/schema\/person\/7e2ebe289a733b81b04b07f6ec2e3b93\",\"name\":\"Ma\u00ebl\",\"image\":{\"@type\":\"ImageObject\",\"inLanguage\":\"fr-FR\",\"@id\":\"https:\/\/toploc.com\/blog\/#\/schema\/person\/image\/\",\"url\":\"https:\/\/secure.gravatar.com\/avatar\/2d32fb95c878a284cc9e8236b8664651ac94ad0d82c0f4811eac0717c9548669?s=96&d=mm&r=g\",\"contentUrl\":\"https:\/\/secure.gravatar.com\/avatar\/2d32fb95c878a284cc9e8236b8664651ac94ad0d82c0f4811eac0717c9548669?s=96&d=mm&r=g\",\"caption\":\"Ma\u00ebl\"},\"description\":\"Bonjour, moi c'est Ma\u00ebl. J'adore voyager et d\u00e9couvrir de nouveaux coins nature autour de chez moi. Je partage avec vous des activit\u00e9s et des lieux \u00e0 visiter en famille ou entre amis !\",\"url\":\"https:\/\/toploc.com\/blog\/author\/maeltoploc-com\"}]}<\/script>\n<!-- \/ Yoast SEO plugin. -->","yoast_head_json":{"title":"10 choses \u00e0 faire absolument \u00e0 Annecy en Septembre","description":"Annecy en Septembre : L\u2019Ancilevienne . West my Jam \u00e0 Annecy . March\u00e9s de l\u2019Art et des Cr\u00e9ateurs . Num\u00e9rique Associatif","robots":{"index":"index","follow":"follow","max-snippet":"max-snippet:-1","max-image-preview":"max-image-preview:large","max-video-preview":"max-video-preview:-1"},"canonical":"https:\/\/toploc.com\/blog\/france\/annecy-en-septembre","og_locale":"fr_FR","og_type":"article","og_title":"10 choses \u00e0 faire absolument \u00e0 Annecy en Septembre","og_description":"Annecy en Septembre : L\u2019Ancilevienne . West my Jam \u00e0 Annecy . March\u00e9s de l\u2019Art et des Cr\u00e9ateurs . Num\u00e9rique Associatif","og_url":"https:\/\/toploc.com\/blog\/france\/annecy-en-septembre","og_site_name":"Toploc","article_publisher":"https:\/\/www.facebook.com\/locationfrancophone","article_published_time":"2026-03-12T14:00:03+00:00","article_modified_time":"2026-04-28T12:11:36+00:00","og_image":[{"width":1630,"height":860,"url":"https:\/\/toploc.com\/blog\/wp-content\/uploads\/2025\/01\/course_photo6-1630x860-1.png","type":"image\/png"}],"author":"Ma\u00ebl","twitter_card":"summary_large_image","twitter_misc":{"\u00c9crit par":"Ma\u00ebl","Dur\u00e9e de lecture estim\u00e9e":"14 minutes"},"schema":{"@context":"https:\/\/schema.org","@graph":[{"@type":"Article","@id":"https:\/\/toploc.com\/blog\/france\/annecy-en-septembre#article","isPartOf":{"@id":"https:\/\/toploc.com\/blog\/france\/annecy-en-septembre"},"author":{"name":"Ma\u00ebl","@id":"https:\/\/toploc.com\/blog\/#\/schema\/person\/7e2ebe289a733b81b04b07f6ec2e3b93"},"headline":"10 choses \u00e0 faire absolument \u00e0 Annecy en Septembre","datePublished":"2026-03-12T14:00:03+00:00","dateModified":"2026-04-28T12:11:36+00:00","mainEntityOfPage":{"@id":"https:\/\/toploc.com\/blog\/france\/annecy-en-septembre"},"wordCount":2410,"commentCount":0,"publisher":{"@id":"https:\/\/toploc.com\/blog\/#organization"},"image":{"@id":"https:\/\/toploc.com\/blog\/france\/annecy-en-septembre#primaryimage"},"thumbnailUrl":"https:\/\/toploc.com\/blog\/wp-content\/uploads\/2025\/01\/course_photo6-1630x860-1.png","keywords":["Annecy en Septembre"],"articleSection":["Itin\u00e9raires France"],"inLanguage":"fr-FR","potentialAction":[{"@type":"CommentAction","name":"Comment","target":["https:\/\/toploc.com\/blog\/france\/annecy-en-septembre#respond"]}]},{"@type":"WebPage","@id":"https:\/\/toploc.com\/blog\/france\/annecy-en-septembre","url":"https:\/\/toploc.com\/blog\/france\/annecy-en-septembre","name":"10 choses \u00e0 faire absolument \u00e0 Annecy en Septembre","isPartOf":{"@id":"https:\/\/toploc.com\/blog\/#website"},"primaryImageOfPage":{"@id":"https:\/\/toploc.com\/blog\/france\/annecy-en-septembre#primaryimage"},"image":{"@id":"https:\/\/toploc.com\/blog\/france\/annecy-en-septembre#primaryimage"},"thumbnailUrl":"https:\/\/toploc.com\/blog\/wp-content\/uploads\/2025\/01\/course_photo6-1630x860-1.png","datePublished":"2026-03-12T14:00:03+00:00","dateModified":"2026-04-28T12:11:36+00:00","description":"Annecy en Septembre : L\u2019Ancilevienne . West my Jam \u00e0 Annecy . March\u00e9s de l\u2019Art et des Cr\u00e9ateurs . Num\u00e9rique Associatif","breadcrumb":{"@id":"https:\/\/toploc.com\/blog\/france\/annecy-en-septembre#breadcrumb"},"inLanguage":"fr-FR","potentialAction":[{"@type":"ReadAction","target":["https:\/\/toploc.com\/blog\/france\/annecy-en-septembre"]}]},{"@type":"ImageObject","inLanguage":"fr-FR","@id":"https:\/\/toploc.com\/blog\/france\/annecy-en-septembre#primaryimage","url":"https:\/\/toploc.com\/blog\/wp-content\/uploads\/2025\/01\/course_photo6-1630x860-1.png","contentUrl":"https:\/\/toploc.com\/blog\/wp-content\/uploads\/2025\/01\/course_photo6-1630x860-1.png","width":1630,"height":860,"caption":"Image de l'Ancilevienne en couple \u00a9Ancilevienne"},{"@type":"BreadcrumbList","@id":"https:\/\/toploc.com\/blog\/france\/annecy-en-septembre#breadcrumb","itemListElement":[{"@type":"ListItem","position":1,"name":"Accueil","item":"https:\/\/toploc.com\/blog"},{"@type":"ListItem","position":2,"name":"10 choses \u00e0 faire absolument \u00e0 Annecy en Septembre"}]},{"@type":"WebSite","@id":"https:\/\/toploc.com\/blog\/#website","url":"https:\/\/toploc.com\/blog\/","name":"Toploc","description":"Itin\u00e9raires natures et locations de vacances en groupe","publisher":{"@id":"https:\/\/toploc.com\/blog\/#organization"},"potentialAction":[{"@type":"SearchAction","target":{"@type":"EntryPoint","urlTemplate":"https:\/\/toploc.com\/blog\/?s={search_term_string}"},"query-input":{"@type":"PropertyValueSpecification","valueRequired":true,"valueName":"search_term_string"}}],"inLanguage":"fr-FR"},{"@type":"Organization","@id":"https:\/\/toploc.com\/blog\/#organization","name":"Toploc","url":"https:\/\/toploc.com\/blog\/","logo":{"@type":"ImageObject","inLanguage":"fr-FR","@id":"https:\/\/toploc.com\/blog\/#\/schema\/logo\/image\/","url":"https:\/\/blog.toploc.com\/wp-content\/uploads\/2022\/03\/toploc_facebook_5.png","contentUrl":"https:\/\/blog.toploc.com\/wp-content\/uploads\/2022\/03\/toploc_facebook_5.png","width":600,"height":600,"caption":"Toploc"},"image":{"@id":"https:\/\/toploc.com\/blog\/#\/schema\/logo\/image\/"},"sameAs":["https:\/\/www.facebook.com\/locationfrancophone","https:\/\/www.instagram.com\/toploc_","https:\/\/www.pinterest.fr\/Toploc_\/"]},{"@type":"Person","@id":"https:\/\/toploc.com\/blog\/#\/schema\/person\/7e2ebe289a733b81b04b07f6ec2e3b93","name":"Ma\u00ebl","image":{"@type":"ImageObject","inLanguage":"fr-FR","@id":"https:\/\/toploc.com\/blog\/#\/schema\/person\/image\/","url":"https:\/\/secure.gravatar.com\/avatar\/2d32fb95c878a284cc9e8236b8664651ac94ad0d82c0f4811eac0717c9548669?s=96&d=mm&r=g","contentUrl":"https:\/\/secure.gravatar.com\/avatar\/2d32fb95c878a284cc9e8236b8664651ac94ad0d82c0f4811eac0717c9548669?s=96&d=mm&r=g","caption":"Ma\u00ebl"},"description":"Bonjour, moi c'est Ma\u00ebl. J'adore voyager et d\u00e9couvrir de nouveaux coins nature autour de chez moi. Je partage avec vous des activit\u00e9s et des lieux \u00e0 visiter en famille ou entre amis !","url":"https:\/\/toploc.com\/blog\/author\/maeltoploc-com"}]}},"_links":{"self":[{"href":"https:\/\/toploc.com\/blog\/wp-json\/wp\/v2\/posts\/140726","targetHints":{"allow":["GET"]}}],"collection":[{"href":"https:\/\/toploc.com\/blog\/wp-json\/wp\/v2\/posts"}],"about":[{"href":"https:\/\/toploc.com\/blog\/wp-json\/wp\/v2\/types\/post"}],"author":[{"embeddable":true,"href":"https:\/\/toploc.com\/blog\/wp-json\/wp\/v2\/users\/15"}],"replies":[{"embeddable":true,"href":"https:\/\/toploc.com\/blog\/wp-json\/wp\/v2\/comments?post=140726"}],"version-history":[{"count":42,"href":"https:\/\/toploc.com\/blog\/wp-json\/wp\/v2\/posts\/140726\/revisions"}],"predecessor-version":[{"id":163647,"href":"https:\/\/toploc.com\/blog\/wp-json\/wp\/v2\/posts\/140726\/revisions\/163647"}],"wp:featuredmedia":[{"embeddable":true,"href":"https:\/\/toploc.com\/blog\/wp-json\/wp\/v2\/media\/161849"}],"wp:attachment":[{"href":"https:\/\/toploc.com\/blog\/wp-json\/wp\/v2\/media?parent=140726"}],"wp:term":[{"taxonomy":"category","embeddable":true,"href":"https:\/\/toploc.com\/blog\/wp-json\/wp\/v2\/categories?post=140726"},{"taxonomy":"post_tag","embeddable":true,"href":"https:\/\/toploc.com\/blog\/wp-json\/wp\/v2\/tags?post=140726"}],"curies":[{"name":"wp","href":"https:\/\/api.w.org\/{rel}","templated":true}]}}