{"id":140349,"date":"2026-01-09T15:44:47","date_gmt":"2026-01-09T14:44:47","guid":{"rendered":"https:\/\/blog.toploc.com\/?p=140349"},"modified":"2026-02-11T15:43:47","modified_gmt":"2026-02-11T14:43:47","slug":"annecy-en-fevrier","status":"publish","type":"post","link":"https:\/\/toploc.com\/blog\/france\/annecy-en-fevrier","title":{"rendered":"10 choses \u00e0 faire absolument \u00e0 Annecy en F\u00e9vrier 2026"},"content":{"rendered":"\n<p>F\u00e9vrier \u00e0 Annecy, c&#8217;est bien plus qu&#8217;une simple escapade hivernale ; c&#8217;est une invitation \u00e0 vivre des exp\u00e9riences uniques o\u00f9 nature, culture et aventures se m\u00ealent dans un d\u00e9cor f\u00e9erique. Des rives paisibles du lac aux sommets enneig\u00e9s, <a href=\"https:\/\/toploc.com\/blog\/france\/visiter-annecy-en-hiver\">Annecy en hiver<\/a> vous promet des moments inoubliables, qu&#8217;il s&#8217;agisse de c\u00e9l\u00e9brer la biodiversit\u00e9, de frissonner dans les eaux glac\u00e9es du lac, ou de vous \u00e9merveiller devant un ciel \u00e9toil\u00e9. Pr\u00e9parez-vous \u00e0 d\u00e9couvrir un Annecy vibrant, riche en \u00e9v\u00e9nements et activit\u00e9s qui sauront ravir tous les go\u00fbts et tous les \u00e2ges. Que vous soyez un passionn\u00e9 de nature, un amateur de culture, ou simplement \u00e0 la recherche d&#8217;une aventure hivernale, Annecy en f\u00e9vrier est votre destination id\u00e9ale. Suivez-nous dans ce voyage \u00e0 travers les multiples facettes d&#8217;Annecy, o\u00f9 chaque jour vous r\u00e9serve une nouvelle d\u00e9couverte et de nombreuses activit\u00e9s.<\/p>\n\n\n\n<div class=\"wp-block-buttons is-content-justification-center is-layout-flex wp-container-core-buttons-is-layout-16018d1d wp-block-buttons-is-layout-flex\">\n<div class=\"wp-block-button\"><a class=\"wp-block-button__link has-background has-small-font-size has-custom-font-size wp-element-button\" href=\"https:\/\/toploc.com\/locations-vacances\/annecy?utm_source=blog&amp;utm_medium=CTA&amp;utm_campaign=annecy-en-fevrier\" style=\"background-color:#006b52\"><strong>\ud83d\udc49&nbsp;NOS H\u00c9BERGEMENTS \u00c0 ANNECY<\/strong><\/a><\/div>\n<\/div>\n\n\n\n<h2 id=\"carnaval-venitien-dannecy\" class=\"wp-block-heading\">Carnaval V\u00e9nitien d\u2019Annecy<\/h2>\n\n\n\n<figure class=\"wp-block-image size-full\"><img loading=\"lazy\" decoding=\"async\" width=\"870\" height=\"580\" src=\"https:\/\/toploc.com\/blog\/wp-content\/uploads\/2025\/02\/f_prg_img_66993344c5dc1.jpg\" alt=\"Une multitude de masques et de d\u00e9guisement au bord du lac d'Annecy pendant le Carnaval V\u00e9nitien \u00a9Shutterstock - Alla Khananashvili\" class=\"wp-image-159960\" style=\"aspect-ratio:16\/9;object-fit:cover\" srcset=\"https:\/\/toploc.com\/blog\/wp-content\/uploads\/2025\/02\/f_prg_img_66993344c5dc1.jpg 870w, https:\/\/toploc.com\/blog\/wp-content\/uploads\/2025\/02\/f_prg_img_66993344c5dc1-300x200.jpg 300w, https:\/\/toploc.com\/blog\/wp-content\/uploads\/2025\/02\/f_prg_img_66993344c5dc1-768x512.jpg 768w, https:\/\/toploc.com\/blog\/wp-content\/uploads\/2025\/02\/f_prg_img_66993344c5dc1-380x253.jpg 380w, https:\/\/toploc.com\/blog\/wp-content\/uploads\/2025\/02\/f_prg_img_66993344c5dc1-800x533.jpg 800w\" sizes=\"auto, (max-width: 870px) 100vw, 870px\" \/><figcaption class=\"wp-element-caption\">Une multitude de masques et de d\u00e9guisement au bord du lac d&#8217;Annecy pendant le Carnaval V\u00e9nitien \u00a9Shutterstock &#8211; Alla Khananashvili<\/figcaption><\/figure>\n\n\n\n<p>Organis\u00e9 chaque ann\u00e9e par &#8220;l&#8217;Association Rencontres Italie Annecy&#8221;, le Carnaval V\u00e9nitien d&#8217;Annecy permet de mettre en avant les similitudes entre <a href=\"https:\/\/toploc.com\/blog\/europe\/visiter-venise\" type=\"link\" id=\"https:\/\/toploc.com\/blog\/europe\/visiter-venise\">Venise<\/a> et &#8220;la Venise des Alpes&#8221; : Annecy. En 2026, d\u00e9ambulez dans les rues d&#8217;Annecy pour profiter de la 29\u00e8me \u00e9dition du Carnaval V\u00e9nitien d&#8217;Annecy. A chaque \u00e9dition, plusieurs centaines de masques d\u00e9ambulent lentement et librement dans les rues du Vieil Annecy, posent et paradent. Les lieux embl\u00e9matiques de la ville, comme le P\u00e2quier, les Jardins de l\u2019Europe, et le long des canaux de la vieille ville, sont plong\u00e9s dans une atmosph\u00e8re de silence, de myst\u00e8re et de raffinement propre au carnaval v\u00e9nitien.<\/p>\n\n\n\n<h3 id=\"les-moments-cles\" class=\"wp-block-heading\">Les moments cl\u00e9s<\/h3>\n\n\n\n<ul class=\"wp-block-list\">\n<li>D\u00e9but du carnaval : le 27 f\u00e9vrier 2026 \u00e0 17h30 avec une balade vesp\u00e9rale.<\/li>\n\n\n\n<li>D\u00e9fil\u00e9 en Vieille Ville pour les masques inscrits aupr\u00e8s : le 28 f\u00e9vrier 2026 \u00e0 14h.<\/li>\n\n\n\n<li>D\u00e9ambulation libre en journ\u00e9e pendant toute la dur\u00e9e du festival.<\/li>\n\n\n\n<li>Fin du festival le 1er Mars \u00e0 17h.<\/li>\n<\/ul>\n\n\n\n<h2 id=\"festival-hors-pistes\" class=\"wp-block-heading\">Festival Hors Pistes<\/h2>\n\n\n\n<figure class=\"wp-block-image size-large\"><img loading=\"lazy\" decoding=\"async\" width=\"1024\" height=\"684\" src=\"https:\/\/toploc.com\/blog\/wp-content\/uploads\/2025\/02\/2022-02-11-Balladur-13-1800x1202-1-1024x684.jpg\" alt=\"Le Festival Hors Pistes de 2022 par le Brise-Glace \u00a9Le Brise Glace\" class=\"wp-image-159962\" style=\"aspect-ratio:16\/9;object-fit:cover\" srcset=\"https:\/\/toploc.com\/blog\/wp-content\/uploads\/2025\/02\/2022-02-11-Balladur-13-1800x1202-1-1024x684.jpg 1024w, https:\/\/toploc.com\/blog\/wp-content\/uploads\/2025\/02\/2022-02-11-Balladur-13-1800x1202-1-300x200.jpg 300w, https:\/\/toploc.com\/blog\/wp-content\/uploads\/2025\/02\/2022-02-11-Balladur-13-1800x1202-1-768x513.jpg 768w, https:\/\/toploc.com\/blog\/wp-content\/uploads\/2025\/02\/2022-02-11-Balladur-13-1800x1202-1-1536x1026.jpg 1536w, https:\/\/toploc.com\/blog\/wp-content\/uploads\/2025\/02\/2022-02-11-Balladur-13-1800x1202-1-380x254.jpg 380w, https:\/\/toploc.com\/blog\/wp-content\/uploads\/2025\/02\/2022-02-11-Balladur-13-1800x1202-1-800x534.jpg 800w, https:\/\/toploc.com\/blog\/wp-content\/uploads\/2025\/02\/2022-02-11-Balladur-13-1800x1202-1-1160x775.jpg 1160w, https:\/\/toploc.com\/blog\/wp-content\/uploads\/2025\/02\/2022-02-11-Balladur-13-1800x1202-1.jpg 1800w\" sizes=\"auto, (max-width: 1024px) 100vw, 1024px\" \/><figcaption class=\"wp-element-caption\">Le Festival Hors Pistes de 2022 par le Brise-Glace \u00a9Le Brise Glace<\/figcaption><\/figure>\n\n\n\n<p>La 15<sup>\u00e8me<\/sup> \u00e9dition du Festival Hors Pistes, port\u00e9 par le Brise-Glace, propose 20 concerts, dont 12 gratuits, consacr\u00e9es \u00e0 l\u2019avant-garde musicale, qu\u2019elle soit locale, nationale ou internationale. Du 17 au 22 f\u00e9vrier 2026, rendez-vous dans 11 salles diff\u00e9rentes dans la ville d&#8217;Annecy. L&#8217;occasion d&#8217;assister \u00e0 des concerts dans des lieux atypiques comme Angine de Poitrine et son Garage Psych\u00e9 au Bistro des Tilleuls, de l&#8217;Indie Pop et de l&#8217;\u00e9lectro Pop dans la Chapelle des Forges ou de la Dark Pop au Ch\u00e2teau d&#8217;Annecy. Cette ann\u00e9e, d\u00e9couvrez une ambiance m\u00e9di\u00e9vale, imaginaire, et color\u00e9e lors de ces aventures musicales.<\/p>\n\n\n\n<h3 id=\"info-pratiques\" class=\"wp-block-heading\">Info pratiques :<\/h3>\n\n\n\n<ul class=\"wp-block-list\">\n<li>Dates : du 17 au 22 f\u00e9vrier 2026<\/li>\n\n\n\n<li>Lieux : L&#8217;\u00c9toile Rouge, La Chapelle des Forges, L&#8217;Auditorium de Seynod, L&#8217;Il\u00f4t-S, Le Bistro des Tilleuls, La M\u00e9diath\u00e8que de Bonlieu, le Conservatoire d&#8217;Annecy, La Coloc, le Cin\u00e9ma La Turbine, le Ch\u00e2teau d&#8217;Annecy, et le Brise-Glace.<\/li>\n\n\n\n<li>Tarifs : de gratuit \u00e0 21\u20ac selon le concert<\/li>\n\n\n\n<li>Plus d&#8217;infos : accueil@le-brise-glace.com ou 04 50 33 65 10<\/li>\n<\/ul>\n\n\n\n<h2 id=\"expositions-au-mikado\" class=\"wp-block-heading\">Expositions au Mikado <\/h2>\n\n\n\n<figure class=\"wp-block-image size-large\"><img loading=\"lazy\" decoding=\"async\" width=\"1024\" height=\"768\" src=\"https:\/\/toploc.com\/blog\/wp-content\/uploads\/2025\/02\/la-mjc-du-mikado-rayonne-dans-tout-le-quartier-novel-teppes-a-annecy-photo-le-dl-jean-baptiste-serron-1713107156-1024x768.jpg\" alt=\"D\u00e9couvrez des expositions au Mikado MJC Centre Social \u00e0 Annecy durant le mois de f\u00e9vrier \u00a9Le Dauphin\u00e9 Lib\u00e9r\u00e9\" class=\"wp-image-159968\" style=\"aspect-ratio:16\/9;object-fit:cover\" srcset=\"https:\/\/toploc.com\/blog\/wp-content\/uploads\/2025\/02\/la-mjc-du-mikado-rayonne-dans-tout-le-quartier-novel-teppes-a-annecy-photo-le-dl-jean-baptiste-serron-1713107156-1024x768.jpg 1024w, https:\/\/toploc.com\/blog\/wp-content\/uploads\/2025\/02\/la-mjc-du-mikado-rayonne-dans-tout-le-quartier-novel-teppes-a-annecy-photo-le-dl-jean-baptiste-serron-1713107156-300x225.jpg 300w, https:\/\/toploc.com\/blog\/wp-content\/uploads\/2025\/02\/la-mjc-du-mikado-rayonne-dans-tout-le-quartier-novel-teppes-a-annecy-photo-le-dl-jean-baptiste-serron-1713107156-768x576.jpg 768w, https:\/\/toploc.com\/blog\/wp-content\/uploads\/2025\/02\/la-mjc-du-mikado-rayonne-dans-tout-le-quartier-novel-teppes-a-annecy-photo-le-dl-jean-baptiste-serron-1713107156-1536x1152.jpg 1536w, https:\/\/toploc.com\/blog\/wp-content\/uploads\/2025\/02\/la-mjc-du-mikado-rayonne-dans-tout-le-quartier-novel-teppes-a-annecy-photo-le-dl-jean-baptiste-serron-1713107156-200x150.jpg 200w, https:\/\/toploc.com\/blog\/wp-content\/uploads\/2025\/02\/la-mjc-du-mikado-rayonne-dans-tout-le-quartier-novel-teppes-a-annecy-photo-le-dl-jean-baptiste-serron-1713107156-380x285.jpg 380w, https:\/\/toploc.com\/blog\/wp-content\/uploads\/2025\/02\/la-mjc-du-mikado-rayonne-dans-tout-le-quartier-novel-teppes-a-annecy-photo-le-dl-jean-baptiste-serron-1713107156-800x600.jpg 800w, https:\/\/toploc.com\/blog\/wp-content\/uploads\/2025\/02\/la-mjc-du-mikado-rayonne-dans-tout-le-quartier-novel-teppes-a-annecy-photo-le-dl-jean-baptiste-serron-1713107156-1160x870.jpg 1160w, https:\/\/toploc.com\/blog\/wp-content\/uploads\/2025\/02\/la-mjc-du-mikado-rayonne-dans-tout-le-quartier-novel-teppes-a-annecy-photo-le-dl-jean-baptiste-serron-1713107156.jpg 1600w\" sizes=\"auto, (max-width: 1024px) 100vw, 1024px\" \/><figcaption class=\"wp-element-caption\">D\u00e9couvrez des expositions au Mikado MJC Centre Social \u00e0 Annecy durant le mois de f\u00e9vrier \u00a9Le Dauphin\u00e9 Lib\u00e9r\u00e9<\/figcaption><\/figure>\n\n\n\n<h3 id=\"exposition-photographique-flou\" class=\"wp-block-heading\">Exposition photographique : Flou<\/h3>\n\n\n\n<p>Une exposition qui se focalise sur le &#8220;Flou&#8221; en photographie, propos\u00e9 par le Photoclub d&#8217;Annecy. Ici, le questionnement se base sur la contrainte de normaliser notre regard \u00e0 travers cet \u00e9tat de nettet\u00e9 qui s\u2019impose, notamment \u00e0 cause des t\u00e9l\u00e9phones. En se basant sur des \u0153uvres picturales du XIX\u00e8me si\u00e8cle, d\u00e9couvrez comment l\u2019expression des \u00e9motions intimes peut se d\u00e9finir par le \u00ab flou \u00bb plut\u00f4t que sur la nettet\u00e9.<\/p>\n\n\n\n<h3 id=\"infos-pratiques\" class=\"wp-block-heading\">Infos Pratiques<\/h3>\n\n\n\n<ul class=\"wp-block-list\">\n<li>Dates : du 7 janvier au 14 f\u00e9vrier 2026<\/li>\n\n\n\n<li>Lieu : Le Mikado MJC Centre Social (Site Novel) : 2 Place de l&#8217;Annapurna, 74000 Annecy<\/li>\n\n\n\n<li>Tarif : Gratuit<\/li>\n\n\n\n<li>Plus d&#8217;infos : 0450575655 ou accueil@lemikado.org<\/li>\n<\/ul>\n\n\n\n<h3 id=\"exposition-jeune-public-lart-nous-touche-alors-touchons-lart-2\" class=\"wp-block-heading\">Exposition jeune public : L\u2019art nous touche alors touchons l\u2019art #2<\/h3>\n\n\n\n<p>Cette exposition, \u00e0 destination des jeunes enfants, est une exposition ludique bas\u00e9 sur des jeux de motricit\u00e9 et de plusieurs activit\u00e9s autour du th\u00e8me de la vague et de la mer. En effet, l&#8217;\u0153uvre de r\u00e9f\u00e9rence de cette exposition sera La grande vague de Kanagawa de&nbsp;Katsushika&nbsp;Hokusai. Avec des activit\u00e9 manuelles, des jeux ou de la lecture, le th\u00e8me de &#8220;la grande vague&#8221; sera d\u00e9clin\u00e9 sous toutes ses formes. La visite se fera au rythme souhait\u00e9 par l&#8217;enfant et au gr\u00e9 de ses envies, dans des espaces de m\u00e9diation tactiles, sonores et visuelles. Il s\u2019immergera dans les th\u00e9matiques de la mer, de l\u2019eau et les nuances bleues de la grande vague. L&#8217;exposition sera aussi adapt\u00e9e pour le public malvoyant par le biais de modules adapt\u00e9s.<\/p>\n\n\n\n<ul class=\"wp-block-list\">\n<li>Dates :  du 14 janvier au 6 avril 2026<\/li>\n\n\n\n<li>Lieu : Le Mikado MJC Centre Social (Site Teppes) : Place des Rhododendrons, 74000 Annecy<\/li>\n\n\n\n<li>Tarifs : Gratuit<\/li>\n\n\n\n<li>Plus d&#8217;infos : 0450575655 ou accueil@lemikado.org<\/li>\n<\/ul>\n\n\n\n<h2 id=\"brasserie-des-sciences-comment-etudier-un-cerveau-en-action-une-plongee-dans-le-quotidien-dun-chercheur\" class=\"wp-block-heading\">Brasserie des sciences : Comment \u00e9tudier un cerveau en action ? Une plong\u00e9e dans le quotidien d\u2019un chercheur<\/h2>\n\n\n\n<figure class=\"wp-block-image size-full\"><img loading=\"lazy\" decoding=\"async\" width=\"640\" height=\"357\" src=\"https:\/\/toploc.com\/blog\/wp-content\/uploads\/2025\/02\/640x480_1602-brasserie_apidae.jpg\" alt=\"La Brasserie des Sciences au Bistrot des Tilleuls \u00a9Annecy\" class=\"wp-image-159970\" style=\"aspect-ratio:16\/9;object-fit:cover\" srcset=\"https:\/\/toploc.com\/blog\/wp-content\/uploads\/2025\/02\/640x480_1602-brasserie_apidae.jpg 640w, https:\/\/toploc.com\/blog\/wp-content\/uploads\/2025\/02\/640x480_1602-brasserie_apidae-300x167.jpg 300w, https:\/\/toploc.com\/blog\/wp-content\/uploads\/2025\/02\/640x480_1602-brasserie_apidae-380x212.jpg 380w\" sizes=\"auto, (max-width: 640px) 100vw, 640px\" \/><figcaption class=\"wp-element-caption\">La Brasserie des Sciences au Bistrot des Tilleuls \u00a9Annecy<\/figcaption><\/figure>\n\n\n\n<p>Comme chaque mois, la Turbine organise une soir\u00e9e d&#8217;\u00e9changes et de pr\u00e9sentations sur la sciences ou le travail scientifique. Pour le mois de f\u00e9vrier, ce sera Ronan Ch\u00e9reau, Enseignant-chercheur \u00e0 la Facult\u00e9 de M\u00e9decine de l\u2019Universit\u00e9 de Gen\u00e8ve, qui pr\u00e9sentera &#8220;comment se r\u00e9alise l&#8217;\u00e9tude du cerveau qui apprend ?&#8221;. En plus de comprendre les processus scientifique de ses recherches, il abordera les enjeux de la recherche fondamentale dans la compr\u00e9hension des troubles neurologiques.<\/p>\n\n\n\n<h3 id=\"informations-pratiques\" class=\"wp-block-heading\">Informations Pratiques<\/h3>\n\n\n\n<ul class=\"wp-block-list\">\n<li><strong>Date et Heure<\/strong> : Lundi 2 f\u00e9vrier 2026, 19h30-20h30<\/li>\n\n\n\n<li><strong>Lieu<\/strong> : Bistrot des Tilleuls, 13 chemin de la Prairie, 74000 Annecy<\/li>\n\n\n\n<li><strong>Tarif<\/strong> : Gratuit<\/li>\n\n\n\n<li><strong>Contact<\/strong> : 04 85 46 74 30 | laturbine.annecy.fr<\/li>\n<\/ul>\n\n\n\n<p><strong>Pourquoi Participer ?<\/strong><\/p>\n\n\n\n<p>Ce moment est un moment convivial et tr\u00e8s enrichissant, sur des questions scientifiques. La Turbine organise ces rencontres pour \u00e9changer, s\u2019interroger, comprendre et d\u00e9crypter l\u2019actualit\u00e9 ou des questions qui concernent tout le monde.<\/p>\n\n\n\n<h2 id=\"visite-du-palais-de-lile-tout-public\" class=\"wp-block-heading\">Visite du Palais de l&#8217;Ile tout public<\/h2>\n\n\n\n<figure class=\"wp-block-image size-full\"><img loading=\"lazy\" decoding=\"async\" width=\"1000\" height=\"666\" src=\"https:\/\/toploc.com\/blog\/wp-content\/uploads\/2025\/02\/shutterstock_2381367195.jpg\" alt=\"Le Palais de l'Ile monument embl\u00e9matique \u00e0 Annecy \u00a9Shutterstock\" class=\"wp-image-159972\" style=\"aspect-ratio:16\/9;object-fit:cover\" srcset=\"https:\/\/toploc.com\/blog\/wp-content\/uploads\/2025\/02\/shutterstock_2381367195.jpg 1000w, https:\/\/toploc.com\/blog\/wp-content\/uploads\/2025\/02\/shutterstock_2381367195-300x200.jpg 300w, https:\/\/toploc.com\/blog\/wp-content\/uploads\/2025\/02\/shutterstock_2381367195-768x511.jpg 768w, https:\/\/toploc.com\/blog\/wp-content\/uploads\/2025\/02\/shutterstock_2381367195-380x253.jpg 380w, https:\/\/toploc.com\/blog\/wp-content\/uploads\/2025\/02\/shutterstock_2381367195-800x533.jpg 800w\" sizes=\"auto, (max-width: 1000px) 100vw, 1000px\" \/><figcaption class=\"wp-element-caption\">Le Palais de l&#8217;Ile monument embl\u00e9matique \u00e0 Annecy \u00a9Shutterstock<\/figcaption><\/figure>\n\n\n\n<p>Si vous d\u00e9cidez de venir \u00e0 Annecy en couple pour la Saint-Valentin, vous passerez par le pont des amours. Mais avant cela, vous ne manquerez pas de visiter l&#8217;un des monuments les plus importants de la ville : le Palais de l&#8217;Ile, class\u00e9 monument historique en 1900. D\u00e9couvrez cet embl\u00e8me de la ville par une lecture de ses fa\u00e7ades avec son histoire coupl\u00e9e \u00e0 celle de la ville, des origines m\u00e9di\u00e9vales (XII<sup>\u00e8me<\/sup> si\u00e8cle) \u00e0 aujourd&#8217;hui. Etant, entre autre, une ancienne prison, vous traversez les cellules \u00e0 l&#8217;int\u00e9rieur vous comprendrez bien mieux le pass\u00e9 d&#8217;Annecy.<\/p>\n\n\n\n<h3 id=\"infos-pratiques-2\" class=\"wp-block-heading\">Infos pratiques<\/h3>\n\n\n\n<ul class=\"wp-block-list\">\n<li><strong>Dates et Heure<\/strong> : du lundi 12 f\u00e9vrier au 13 f\u00e9vrier 2026 et du 19 f\u00e9vrier au 20 f\u00e9vrier 2026. De 10h30 \u00e0 11h15.<\/li>\n\n\n\n<li><strong>Lieu<\/strong> : Palais de l&#8217;\u00cele, 3 passage de l&#8217;\u00cele, 74000 Annecy<\/li>\n\n\n\n<li><strong>Tarifs<\/strong> : 2 \u00e0 4 \u20ac<\/li>\n\n\n\n<li><strong>Contact<\/strong> : patrimoine@annecy.fr ou 0485467670<\/li>\n<\/ul>\n\n\n\n<h2 id=\"festival-de-science-fiction-les-myceliades\" class=\"wp-block-heading\">Festival de Science-Fiction : Les Myc\u00e9liades<\/h2>\n\n\n\n<p>Plongez dans le th\u00e8me de la <em>R\u00e9siliences<\/em> lors du festival de science-fiction &#8220;Les Myc\u00e9liades&#8221; \u00e0 Annecy, du 31 janvier au 16 f\u00e9vrier 2026. L&#8217;Auditorium et la m\u00e9diath\u00e8que de Seynod vous invitent \u00e0 une exp\u00e9rience cin\u00e9matographique unique avec de multiples projections et activit\u00e9s culturelles.<\/p>\n\n\n\n<figure class=\"wp-block-image size-full\"><img loading=\"lazy\" decoding=\"async\" width=\"720\" height=\"600\" src=\"https:\/\/toploc.com\/blog\/wp-content\/uploads\/2025\/02\/MYCELIADES26-BANNIERE-1200x895px_Page_1-720x600-1.jpg\" alt=\"Affiche des Myc\u00e9liades \u00e0 Annecy en F\u00e9vrier \u00a9L'Auditorium Seynod\" class=\"wp-image-159973\" style=\"aspect-ratio:16\/9;object-fit:cover\" srcset=\"https:\/\/toploc.com\/blog\/wp-content\/uploads\/2025\/02\/MYCELIADES26-BANNIERE-1200x895px_Page_1-720x600-1.jpg 720w, https:\/\/toploc.com\/blog\/wp-content\/uploads\/2025\/02\/MYCELIADES26-BANNIERE-1200x895px_Page_1-720x600-1-300x250.jpg 300w, https:\/\/toploc.com\/blog\/wp-content\/uploads\/2025\/02\/MYCELIADES26-BANNIERE-1200x895px_Page_1-720x600-1-380x317.jpg 380w\" sizes=\"auto, (max-width: 720px) 100vw, 720px\" \/><figcaption class=\"wp-element-caption\">Affiche des Myc\u00e9liades \u00e0 Annecy en F\u00e9vrier \u00a9L&#8217;Auditorium Seynod<\/figcaption><\/figure>\n\n\n\n<h3 id=\"plus-quun-visionnage-une-experience-et-des-reflexions\" class=\"wp-block-heading\">Plus qu&#8217;un Visionnage, une Exp\u00e9rience et des r\u00e9flexions<\/h3>\n\n\n\n<p>Venez assister \u00e0 la projections de 11 films durant les 2 semaines des Myc\u00e9liades, autour de la R\u00e9siliences et de la science-fiction. Ce festival de Science-fiction permet \u00e9galement d&#8217;assister \u00e0 des activit\u00e9s comme un Blind-Test, un \u00e9veil musical, des lectures, des rencontres, des ateliers d&#8217;\u00e9critures, des spectacles et des initiations. Certaines activit\u00e9s sont d\u00e9di\u00e9s \u00e0 certains publics, tandis que d&#8217;autres sont accessibles \u00e0 toutes les tranches d&#8217;\u00e2ges.<\/p>\n\n\n\n<h3 id=\"informations-pratiques-2\" class=\"wp-block-heading\">Informations Pratiques<\/h3>\n\n\n\n<ul class=\"wp-block-list\">\n<li><strong>Tarifs Cin\u00e9ma<\/strong> : De 5\u20ac \u00e0 7\u20ac par s\u00e9ance.<\/li>\n\n\n\n<li><strong>Lieu<\/strong> : Auditorium Cin\u00e9ma Seynod, 1 place de l&#8217;H\u00f4tel de ville, Seynod, 74600 Annecy<\/li>\n\n\n\n<li><strong>Contact<\/strong> : 0450520520 ou cinema@auditoriumseynod.com<\/li>\n<\/ul>\n\n\n\n<p>Annecy vous attend pour une immersion dans le monde de la R\u00e9silience en science-fiction. Ne manquez pas cette occasion unique de d\u00e9couvrir ou red\u00e9couvrir des chefs-d&#8217;\u0153uvre tel que Terminator 2, Dernier Train pour Busan, les Enfants de la mer, ou encore, Nausic\u00e4\u00e4 de la Vall\u00e9e du vent, dans une ambiance conviviale et passionn\u00e9e.<\/p>\n\n\n\n<h2 id=\"concert-candlelight-les-quatre-saisons-de-vivaldi-a-annecy\" class=\"wp-block-heading\">Concert Candlelight: Les Quatre Saisons de Vivaldi \u00e0 Annecy<\/h2>\n\n\n\n<figure class=\"wp-block-image size-large\"><img loading=\"lazy\" decoding=\"async\" width=\"1024\" height=\"683\" src=\"https:\/\/toploc.com\/blog\/wp-content\/uploads\/2025\/02\/2024_03_22_Centre-Cultural-la-Beneficencia_VALENCIA_SP_49_fnbe3x-1-1024x683.jpg\" alt=\"Repr\u00e9sentation des Quatre Saisons de Vivaldi  \u00e0 Gen\u00e8ve, en f\u00e9vrier \u00e0 Annecy \u00a9Gen\u00e8ve Secr\u00e8te\" class=\"wp-image-159974\" style=\"aspect-ratio:16\/9;object-fit:cover\" srcset=\"https:\/\/toploc.com\/blog\/wp-content\/uploads\/2025\/02\/2024_03_22_Centre-Cultural-la-Beneficencia_VALENCIA_SP_49_fnbe3x-1-1024x683.jpg 1024w, https:\/\/toploc.com\/blog\/wp-content\/uploads\/2025\/02\/2024_03_22_Centre-Cultural-la-Beneficencia_VALENCIA_SP_49_fnbe3x-1-300x200.jpg 300w, https:\/\/toploc.com\/blog\/wp-content\/uploads\/2025\/02\/2024_03_22_Centre-Cultural-la-Beneficencia_VALENCIA_SP_49_fnbe3x-1-768x512.jpg 768w, https:\/\/toploc.com\/blog\/wp-content\/uploads\/2025\/02\/2024_03_22_Centre-Cultural-la-Beneficencia_VALENCIA_SP_49_fnbe3x-1-380x253.jpg 380w, https:\/\/toploc.com\/blog\/wp-content\/uploads\/2025\/02\/2024_03_22_Centre-Cultural-la-Beneficencia_VALENCIA_SP_49_fnbe3x-1-800x533.jpg 800w, https:\/\/toploc.com\/blog\/wp-content\/uploads\/2025\/02\/2024_03_22_Centre-Cultural-la-Beneficencia_VALENCIA_SP_49_fnbe3x-1-1160x773.jpg 1160w, https:\/\/toploc.com\/blog\/wp-content\/uploads\/2025\/02\/2024_03_22_Centre-Cultural-la-Beneficencia_VALENCIA_SP_49_fnbe3x-1.jpg 1200w\" sizes=\"auto, (max-width: 1024px) 100vw, 1024px\" \/><figcaption class=\"wp-element-caption\">Repr\u00e9sentation des Quatre Saisons de Vivaldi  \u00e0 Gen\u00e8ve, en f\u00e9vrier \u00e0 Annecy \u00a9Gen\u00e8ve Secr\u00e8te<\/figcaption><\/figure>\n\n\n\n<p>D\u00e9couvrez ou red\u00e9couvrez les concertos baroques compos\u00e9s par Antonio Vivaldi en 1723. Vivez cette exp\u00e9rience \u00e0 Annecy, au centre des congr\u00e8s, une b\u00e2tisse historique situ\u00e9e face au lac. Interpr\u00e9t\u00e9 par String Quartet et Evasion pendant 1h, laissez-vous transportez dans les concertos pour violons Printemps, \u00c9t\u00e9, Automne et Hiver, ainsi que La Follia, dans une ambiance magiques, dans une salle \u00e9clair\u00e9s \u00e0 la bougie.<\/p>\n\n\n\n<h3 id=\"informations-pratiques-3\" class=\"wp-block-heading\">Informations Pratiques<\/h3>\n\n\n\n<ul class=\"wp-block-list\">\n<li><strong>Date et Heure<\/strong> : le 7 et 20 f\u00e9vrier 2026 &#8211; 19h et 21h<\/li>\n\n\n\n<li><strong>Lieu<\/strong> : Centre de Congr\u00e8s Imp\u00e9rial-Grand Annecy : All\u00e9e de l&#8217;Imp\u00e9rial, Annecy 74000<\/li>\n\n\n\n<li><strong>Tarif<\/strong> : 29 \u00e0 57,50 \u20ac<\/li>\n\n\n\n<li><strong>Accessibilit\u00e9<\/strong> : acc\u00e8s PMR disponible pour cet \u00e9v\u00e9nement et \u00e0 partir de 8 ans.<\/li>\n<\/ul>\n\n\n\n<h2 id=\"soiree-jeu-a-la-ludotheque-a-annecy-en-fevrier\" class=\"wp-block-heading\">Soir\u00e9e jeu \u00e0 la Ludoth\u00e8que \u00e0 Annecy en F\u00e9vrier<\/h2>\n\n\n\n<p>Participez \u00e0 une soir\u00e9e jeux de soci\u00e9t\u00e9 conviviale \u00e0 la Ludoth\u00e8que des Romains ! Que vous veniez entre amis ou en famille, explorez une large s\u00e9lection de jeux, des classiques aux nouveaut\u00e9s. Pas d\u2019inqui\u00e9tude pour les r\u00e8gles compliqu\u00e9es : les animateurs sont l\u00e0 pour vous les expliquer. Une soir\u00e9e id\u00e9ale pour d\u00e9couvrir de nouveaux jeux et partager un moment de d\u00e9tente.<\/p>\n\n\n\n<figure class=\"wp-block-image size-full is-resized\"><img loading=\"lazy\" decoding=\"async\" width=\"2048\" height=\"1536\" src=\"https:\/\/toploc.com\/blog\/wp-content\/uploads\/2026\/01\/2023-11-18-Soiree-Jeux-1.jpg\" alt=\"Soir\u00e9e jeu \u00e0 Annecy 2023 \u00a9Forum des Romains MJC Centre Social\" class=\"wp-image-159979\" style=\"aspect-ratio:16\/9;object-fit:cover;width:680px;height:auto\" srcset=\"https:\/\/toploc.com\/blog\/wp-content\/uploads\/2026\/01\/2023-11-18-Soiree-Jeux-1.jpg 2048w, https:\/\/toploc.com\/blog\/wp-content\/uploads\/2026\/01\/2023-11-18-Soiree-Jeux-1-300x225.jpg 300w, https:\/\/toploc.com\/blog\/wp-content\/uploads\/2026\/01\/2023-11-18-Soiree-Jeux-1-1024x768.jpg 1024w, https:\/\/toploc.com\/blog\/wp-content\/uploads\/2026\/01\/2023-11-18-Soiree-Jeux-1-768x576.jpg 768w, https:\/\/toploc.com\/blog\/wp-content\/uploads\/2026\/01\/2023-11-18-Soiree-Jeux-1-1536x1152.jpg 1536w, https:\/\/toploc.com\/blog\/wp-content\/uploads\/2026\/01\/2023-11-18-Soiree-Jeux-1-200x150.jpg 200w, https:\/\/toploc.com\/blog\/wp-content\/uploads\/2026\/01\/2023-11-18-Soiree-Jeux-1-380x285.jpg 380w, https:\/\/toploc.com\/blog\/wp-content\/uploads\/2026\/01\/2023-11-18-Soiree-Jeux-1-800x600.jpg 800w, https:\/\/toploc.com\/blog\/wp-content\/uploads\/2026\/01\/2023-11-18-Soiree-Jeux-1-1160x870.jpg 1160w\" sizes=\"auto, (max-width: 2048px) 100vw, 2048px\" \/><figcaption class=\"wp-element-caption\">Soir\u00e9e jeu \u00e0 Annecy 2023 \u00a9Forum des Romains MJC Centre Social<\/figcaption><\/figure>\n\n\n\n<h3 id=\"informations-pratiques-4\" class=\"wp-block-heading\">Informations Pratiques<\/h3>\n\n\n\n<ul class=\"wp-block-list\">\n<li><strong>Dates<\/strong> : Plusieurs jeudi dans le mois<\/li>\n\n\n\n<li><strong>Lieu<\/strong> : Ludoth\u00e8que des Romains, 9 rue de la Solidarit\u00e9, Annecy<\/li>\n\n\n\n<li><strong>Tarif<\/strong> : Gratuit<\/li>\n<\/ul>\n\n\n\n<p><strong>Pourquoi Participer ?<\/strong><\/p>\n\n\n\n<p>La soir\u00e9e jeux \u00e0 la Ludoth\u00e8que des Romains est une excellente occasion de partager un moment ludique et chaleureux. Que vous soyez un passionn\u00e9 de jeux de soci\u00e9t\u00e9 ou simplement curieux de d\u00e9couvrir de nouveaux jeux, cette soir\u00e9e est faite pour vous ! Avec des animateurs pour expliquer les r\u00e8gles et une ambiance conviviale, c\u2019est l\u2019occasion parfaite pour se d\u00e9tendre et s\u2019amuser en famille ou entre amis. Un rendez-vous \u00e0 ne pas manquer pour tous les amateurs de jeux \u00e0 Annecy en F\u00e9vrier !<\/p>\n\n\n\n<h2 id=\"jeu-de-piste-le-tresor-de-philibert\" class=\"wp-block-heading\">Jeu de piste : Le tr\u00e9sor de Philibert<\/h2>\n\n\n\n<p>Venez r\u00e9soudre des \u00e9nigmes pour d\u00e9couvrir le tr\u00e9sor cach\u00e9 par Philibert, seigneur de l&#8217;\u00eele, dans le Palais de l&#8217;\u00cele. Ce jeu de piste interactif, con\u00e7u pour les enfants d\u00e8s 7 ans, plonge les participants dans l&#8217;histoire fascinante des anciennes prisons d&#8217;Annecy. Une aventure amusante et \u00e9ducative \u00e0 vivre en famille !<\/p>\n\n\n\n<figure class=\"wp-block-image size-full\"><img loading=\"lazy\" decoding=\"async\" width=\"1000\" height=\"741\" src=\"https:\/\/toploc.com\/blog\/wp-content\/uploads\/2025\/02\/shutterstock_2428193049.jpg\" alt=\"Le Palais de l'Ille devient un lieu de jeu de piste en F\u00e9vrier, \u00e0 Annecy \u00a9Shutterstock\" class=\"wp-image-159975\" style=\"aspect-ratio:16\/9;object-fit:cover\" srcset=\"https:\/\/toploc.com\/blog\/wp-content\/uploads\/2025\/02\/shutterstock_2428193049.jpg 1000w, https:\/\/toploc.com\/blog\/wp-content\/uploads\/2025\/02\/shutterstock_2428193049-300x222.jpg 300w, https:\/\/toploc.com\/blog\/wp-content\/uploads\/2025\/02\/shutterstock_2428193049-768x569.jpg 768w, https:\/\/toploc.com\/blog\/wp-content\/uploads\/2025\/02\/shutterstock_2428193049-380x282.jpg 380w, https:\/\/toploc.com\/blog\/wp-content\/uploads\/2025\/02\/shutterstock_2428193049-800x593.jpg 800w\" sizes=\"auto, (max-width: 1000px) 100vw, 1000px\" \/><figcaption class=\"wp-element-caption\">Le Palais de l&#8217;Ille devient un lieu de jeu de piste en F\u00e9vrier, \u00e0 Annecy \u00a9Shutterstock<\/figcaption><\/figure>\n\n\n\n<h3 id=\"informations-pratiques-5\" class=\"wp-block-heading\">Informations pratiques<\/h3>\n\n\n\n<ul class=\"wp-block-list\">\n<li><strong>Date et Heure<\/strong> : Lundi 9 f\u00e9vrier 2026, de 14h00 \u00e0 15h30, et autres dates disponibles (le 13\/02\/2026, le 16\/02\/2026, 20\/02\/2026)<\/li>\n\n\n\n<li><strong>Lieu<\/strong> : Palais de l&#8217;\u00cele, 3 Passage de l&#8217;\u00cele, 74000 Annecy<\/li>\n\n\n\n<li><strong>Tarif<\/strong> : Plein tarif : 7 \u20ac (par enfant), Tarif r\u00e9duit : 4 \u20ac (par adulte accompagnant).<\/li>\n<\/ul>\n\n\n\n<p><strong>Pourquoi participer ?<\/strong><\/p>\n\n\n\n<p>Le jeu de piste est une mani\u00e8re ludique et captivante de d\u00e9couvrir l\u2019histoire d&#8217;Annecy en famille. Accompagn\u00e9s d&#8217;un guide, les enfants comme les adultes peuvent explorer le Palais de l&#8217;\u00cele tout en r\u00e9solvant des \u00e9nigmes qui les rapprochent d&#8217;un tr\u00e9sor cach\u00e9. Une excellente activit\u00e9 pour stimuler la curiosit\u00e9 et l\u2019esprit d\u2019\u00e9quipe dans un cadre historique unique. Une exp\u00e9rience \u00e0 ne pas manquer pour les petits explorateurs !<\/p>\n\n\n\n<h2 id=\"trail-blanc-dragonale-givree\" class=\"wp-block-heading\">Trail Blanc &#8220;Dragonale Givr\u00e9e&#8221;<\/h2>\n\n\n\n<figure class=\"wp-block-image size-full\"><img loading=\"lazy\" decoding=\"async\" width=\"960\" height=\"540\" src=\"https:\/\/toploc.com\/blog\/wp-content\/uploads\/2025\/02\/IMGP2794.jpg\" alt=\"D\u00e9part de la &quot;Dragonale Givr\u00e9e&quot; depuis Prza-sur-Arly \u00a9Betrail\" class=\"wp-image-159976\" style=\"aspect-ratio:16\/9;object-fit:cover\" srcset=\"https:\/\/toploc.com\/blog\/wp-content\/uploads\/2025\/02\/IMGP2794.jpg 960w, https:\/\/toploc.com\/blog\/wp-content\/uploads\/2025\/02\/IMGP2794-300x169.jpg 300w, https:\/\/toploc.com\/blog\/wp-content\/uploads\/2025\/02\/IMGP2794-768x432.jpg 768w, https:\/\/toploc.com\/blog\/wp-content\/uploads\/2025\/02\/IMGP2794-380x214.jpg 380w, https:\/\/toploc.com\/blog\/wp-content\/uploads\/2025\/02\/IMGP2794-800x450.jpg 800w\" sizes=\"auto, (max-width: 960px) 100vw, 960px\" \/><figcaption class=\"wp-element-caption\">D\u00e9part de la &#8220;Dragonale Givr\u00e9e&#8221; depuis Prza-sur-Arly \u00a9Betrail<\/figcaption><\/figure>\n\n\n\n<p>Aux alentours d&#8217;Annecy, le trail se pratique aussi en hiver. La &#8220;Dragonale Givr\u00e9e&#8221; prend place \u00e0 Praz-sur-Arly et r\u00e9unis plus de 200 participants. Pour 2026 et sa 3<sup>\u00e8me<\/sup> \u00e9dition, 350 places sont disponibles et deux parcours sont disponibles en plus d&#8217;une course pour les enfants.<\/p>\n\n\n\n<h3 id=\"les-parcours\" class=\"wp-block-heading\">Les parcours<\/h3>\n\n\n\n<ul class=\"wp-block-list\">\n<li>Grand parcours : 12km pour 688m de d\u00e9nivel\u00e9, exigeant et sur neige, les grosses ascension permettent de profiter de magnifiques points de vue sur Praz-sur-Arly. D\u00e9part \u00e0 7h30 pour 3h30 de courses maximum.<\/li>\n\n\n\n<li>Petit parcours : 8km pour 330m de d\u00e9nivel\u00e9, un parcours ludique 100% sur neige traversant de beaux paysages avec de belles petites mont\u00e9es et descentes \u00e0 bien n\u00e9gocier. D\u00e9part \u00e0 8h30 pour 2h30 de course maximum.<\/li>\n\n\n\n<li>1 course Kids \u00e0 d\u00e9couvrir sur place.<\/li>\n<\/ul>\n\n\n\n<h3 id=\"infos-pratiques-3\" class=\"wp-block-heading\">Infos pratiques<\/h3>\n\n\n\n<ul class=\"wp-block-list\">\n<li>Date : le Dimanche 1<sup>er<\/sup> f\u00e9vrier 2026.<\/li>\n\n\n\n<li>Mat\u00e9riel \u00e0 amener : V\u00eatements chaud, imperm\u00e9ables, gourdes pleines, t\u00e9l\u00e9phone portable charg\u00e9, couverture de survie, \u00e9pingle pour le dossard, lampe frontales avec batterie ou piles de rechange. Les b\u00e2tons sont conseill\u00e9s.<\/li>\n\n\n\n<li>Restauration sur place, amener un gobelet.<\/li>\n\n\n\n<li>3 parkings gratuits \u00e0 disposition<\/li>\n\n\n\n<li>Inscriptions sur le site : https:\/\/www.prazsurarly.com\/fr\/trail-1<\/li>\n<\/ul>\n\n\n\n<p>Nous vous recommandons ces autres articles :<\/p>\n\n\n\n<ul class=\"wp-block-list\">\n<li><a href=\"https:\/\/toploc.com\/blog\/france\/annecy-en-decembre\">Que faire \u00e0 Annecy en d\u00e9cembre<\/a><\/li>\n\n\n\n<li><a href=\"https:\/\/toploc.com\/blog\/france\/annecy-en-janvier\">Que faire \u00e0 Annecy en janvier<\/a><\/li>\n<\/ul>\n\n\n\n<p>Ma\u00ebl pour Toploc<\/p>\n","protected":false},"excerpt":{"rendered":"F\u00e9vrier \u00e0 Annecy, c&#8217;est bien plus qu&#8217;une simple escapade hivernale ; c&#8217;est une invitation \u00e0 vivre des exp\u00e9riences&hellip;\n","protected":false},"author":15,"featured_media":151941,"comment_status":"open","ping_status":"open","sticky":false,"template":"","format":"standard","meta":{"footnotes":""},"categories":[114,6882],"tags":[7358],"class_list":{"0":"post-140349","1":"post","2":"type-post","3":"status-publish","4":"format-standard","5":"has-post-thumbnail","7":"category-france","8":"category-montagne","9":"tag-annecy-en-fevrier"},"yoast_head":"<!-- This site is optimized with the Yoast SEO plugin v26.9 - https:\/\/yoast.com\/product\/yoast-seo-wordpress\/ -->\n<title>10 choses \u00e0 faire absolument \u00e0 Annecy en F\u00e9vrier 2026<\/title>\n<meta name=\"description\" content=\"Annecy en F\u00e9vrier : Conf\u00e9rence : Imaginer le montagne en 2100 . Quartier de Novel . Cin\u00e9mino . Cam\u00e9ra Club . Jeu de Piste . C comme cin\u00e9ma\" \/>\n<meta name=\"robots\" content=\"index, follow, max-snippet:-1, max-image-preview:large, max-video-preview:-1\" \/>\n<link rel=\"canonical\" href=\"https:\/\/toploc.com\/blog\/france\/annecy-en-fevrier\" \/>\n<meta property=\"og:locale\" content=\"fr_FR\" \/>\n<meta property=\"og:type\" content=\"article\" \/>\n<meta property=\"og:title\" content=\"10 choses \u00e0 faire absolument \u00e0 Annecy en F\u00e9vrier 2026\" \/>\n<meta property=\"og:description\" content=\"Annecy en F\u00e9vrier : Conf\u00e9rence : Imaginer le montagne en 2100 . Quartier de Novel . Cin\u00e9mino . Cam\u00e9ra Club . Jeu de Piste . C comme cin\u00e9ma\" \/>\n<meta property=\"og:url\" content=\"https:\/\/toploc.com\/blog\/france\/annecy-en-fevrier\" \/>\n<meta property=\"og:site_name\" content=\"Toploc\" \/>\n<meta property=\"article:publisher\" content=\"https:\/\/www.facebook.com\/locationfrancophone\" \/>\n<meta property=\"article:published_time\" content=\"2026-01-09T14:44:47+00:00\" \/>\n<meta property=\"article:modified_time\" content=\"2026-02-11T14:43:47+00:00\" \/>\n<meta property=\"og:image\" content=\"https:\/\/toploc.com\/blog\/wp-content\/uploads\/2024\/01\/shutterstock_2267819501-scaled-1.jpg\" \/>\n\t<meta property=\"og:image:width\" content=\"2048\" \/>\n\t<meta property=\"og:image:height\" content=\"1365\" \/>\n\t<meta property=\"og:image:type\" content=\"image\/jpeg\" \/>\n<meta name=\"author\" content=\"Ma\u00ebl\" \/>\n<meta name=\"twitter:card\" content=\"summary_large_image\" \/>\n<meta name=\"twitter:label1\" content=\"\u00c9crit par\" \/>\n\t<meta name=\"twitter:data1\" content=\"Ma\u00ebl\" \/>\n\t<meta name=\"twitter:label2\" content=\"Dur\u00e9e de lecture estim\u00e9e\" \/>\n\t<meta name=\"twitter:data2\" content=\"13 minutes\" \/>\n<script type=\"application\/ld+json\" class=\"yoast-schema-graph\">{\"@context\":\"https:\/\/schema.org\",\"@graph\":[{\"@type\":\"Article\",\"@id\":\"https:\/\/toploc.com\/blog\/france\/annecy-en-fevrier#article\",\"isPartOf\":{\"@id\":\"https:\/\/toploc.com\/blog\/france\/annecy-en-fevrier\"},\"author\":{\"name\":\"Ma\u00ebl\",\"@id\":\"https:\/\/toploc.com\/blog\/#\/schema\/person\/7e2ebe289a733b81b04b07f6ec2e3b93\"},\"headline\":\"10 choses \u00e0 faire absolument \u00e0 Annecy en F\u00e9vrier 2026\",\"datePublished\":\"2026-01-09T14:44:47+00:00\",\"dateModified\":\"2026-02-11T14:43:47+00:00\",\"mainEntityOfPage\":{\"@id\":\"https:\/\/toploc.com\/blog\/france\/annecy-en-fevrier\"},\"wordCount\":2186,\"commentCount\":0,\"publisher\":{\"@id\":\"https:\/\/toploc.com\/blog\/#organization\"},\"image\":{\"@id\":\"https:\/\/toploc.com\/blog\/france\/annecy-en-fevrier#primaryimage\"},\"thumbnailUrl\":\"https:\/\/toploc.com\/blog\/wp-content\/uploads\/2024\/01\/shutterstock_2267819501-scaled-1.jpg\",\"keywords\":[\"Annecy en F\u00e9vrier\"],\"articleSection\":[\"Itin\u00e9raires France\",\"Montagne\"],\"inLanguage\":\"fr-FR\",\"potentialAction\":[{\"@type\":\"CommentAction\",\"name\":\"Comment\",\"target\":[\"https:\/\/toploc.com\/blog\/france\/annecy-en-fevrier#respond\"]}]},{\"@type\":\"WebPage\",\"@id\":\"https:\/\/toploc.com\/blog\/france\/annecy-en-fevrier\",\"url\":\"https:\/\/toploc.com\/blog\/france\/annecy-en-fevrier\",\"name\":\"10 choses \u00e0 faire absolument \u00e0 Annecy en F\u00e9vrier 2026\",\"isPartOf\":{\"@id\":\"https:\/\/toploc.com\/blog\/#website\"},\"primaryImageOfPage\":{\"@id\":\"https:\/\/toploc.com\/blog\/france\/annecy-en-fevrier#primaryimage\"},\"image\":{\"@id\":\"https:\/\/toploc.com\/blog\/france\/annecy-en-fevrier#primaryimage\"},\"thumbnailUrl\":\"https:\/\/toploc.com\/blog\/wp-content\/uploads\/2024\/01\/shutterstock_2267819501-scaled-1.jpg\",\"datePublished\":\"2026-01-09T14:44:47+00:00\",\"dateModified\":\"2026-02-11T14:43:47+00:00\",\"description\":\"Annecy en F\u00e9vrier : Conf\u00e9rence : Imaginer le montagne en 2100 . Quartier de Novel . Cin\u00e9mino . Cam\u00e9ra Club . Jeu de Piste . C comme cin\u00e9ma\",\"breadcrumb\":{\"@id\":\"https:\/\/toploc.com\/blog\/france\/annecy-en-fevrier#breadcrumb\"},\"inLanguage\":\"fr-FR\",\"potentialAction\":[{\"@type\":\"ReadAction\",\"target\":[\"https:\/\/toploc.com\/blog\/france\/annecy-en-fevrier\"]}]},{\"@type\":\"ImageObject\",\"inLanguage\":\"fr-FR\",\"@id\":\"https:\/\/toploc.com\/blog\/france\/annecy-en-fevrier#primaryimage\",\"url\":\"https:\/\/toploc.com\/blog\/wp-content\/uploads\/2024\/01\/shutterstock_2267819501-scaled-1.jpg\",\"contentUrl\":\"https:\/\/toploc.com\/blog\/wp-content\/uploads\/2024\/01\/shutterstock_2267819501-scaled-1.jpg\",\"width\":2048,\"height\":1365,\"caption\":\"Le Lac d'Annecy en hiver \u00a9 Shutterstock\"},{\"@type\":\"BreadcrumbList\",\"@id\":\"https:\/\/toploc.com\/blog\/france\/annecy-en-fevrier#breadcrumb\",\"itemListElement\":[{\"@type\":\"ListItem\",\"position\":1,\"name\":\"Accueil\",\"item\":\"https:\/\/toploc.com\/blog\"},{\"@type\":\"ListItem\",\"position\":2,\"name\":\"10 choses \u00e0 faire absolument \u00e0 Annecy en F\u00e9vrier 2026\"}]},{\"@type\":\"WebSite\",\"@id\":\"https:\/\/toploc.com\/blog\/#website\",\"url\":\"https:\/\/toploc.com\/blog\/\",\"name\":\"Toploc\",\"description\":\"Itin\u00e9raires natures et locations de vacances en groupe\",\"publisher\":{\"@id\":\"https:\/\/toploc.com\/blog\/#organization\"},\"potentialAction\":[{\"@type\":\"SearchAction\",\"target\":{\"@type\":\"EntryPoint\",\"urlTemplate\":\"https:\/\/toploc.com\/blog\/?s={search_term_string}\"},\"query-input\":{\"@type\":\"PropertyValueSpecification\",\"valueRequired\":true,\"valueName\":\"search_term_string\"}}],\"inLanguage\":\"fr-FR\"},{\"@type\":\"Organization\",\"@id\":\"https:\/\/toploc.com\/blog\/#organization\",\"name\":\"Toploc\",\"url\":\"https:\/\/toploc.com\/blog\/\",\"logo\":{\"@type\":\"ImageObject\",\"inLanguage\":\"fr-FR\",\"@id\":\"https:\/\/toploc.com\/blog\/#\/schema\/logo\/image\/\",\"url\":\"https:\/\/blog.toploc.com\/wp-content\/uploads\/2022\/03\/toploc_facebook_5.png\",\"contentUrl\":\"https:\/\/blog.toploc.com\/wp-content\/uploads\/2022\/03\/toploc_facebook_5.png\",\"width\":600,\"height\":600,\"caption\":\"Toploc\"},\"image\":{\"@id\":\"https:\/\/toploc.com\/blog\/#\/schema\/logo\/image\/\"},\"sameAs\":[\"https:\/\/www.facebook.com\/locationfrancophone\",\"https:\/\/www.instagram.com\/toploc_\",\"https:\/\/www.pinterest.fr\/Toploc_\/\"]},{\"@type\":\"Person\",\"@id\":\"https:\/\/toploc.com\/blog\/#\/schema\/person\/7e2ebe289a733b81b04b07f6ec2e3b93\",\"name\":\"Ma\u00ebl\",\"image\":{\"@type\":\"ImageObject\",\"inLanguage\":\"fr-FR\",\"@id\":\"https:\/\/toploc.com\/blog\/#\/schema\/person\/image\/\",\"url\":\"https:\/\/secure.gravatar.com\/avatar\/2d32fb95c878a284cc9e8236b8664651ac94ad0d82c0f4811eac0717c9548669?s=96&d=mm&r=g\",\"contentUrl\":\"https:\/\/secure.gravatar.com\/avatar\/2d32fb95c878a284cc9e8236b8664651ac94ad0d82c0f4811eac0717c9548669?s=96&d=mm&r=g\",\"caption\":\"Ma\u00ebl\"},\"description\":\"Bonjour, moi c'est Ma\u00ebl. J'adore voyager et d\u00e9couvrir de nouveaux coins nature autour de chez moi. Je partage avec vous des activit\u00e9s et des lieux \u00e0 visiter en famille ou entre amis !\",\"url\":\"https:\/\/toploc.com\/blog\/author\/maeltoploc-com\"}]}<\/script>\n<!-- \/ Yoast SEO plugin. -->","yoast_head_json":{"title":"10 choses \u00e0 faire absolument \u00e0 Annecy en F\u00e9vrier 2026","description":"Annecy en F\u00e9vrier : Conf\u00e9rence : Imaginer le montagne en 2100 . Quartier de Novel . Cin\u00e9mino . Cam\u00e9ra Club . Jeu de Piste . C comme cin\u00e9ma","robots":{"index":"index","follow":"follow","max-snippet":"max-snippet:-1","max-image-preview":"max-image-preview:large","max-video-preview":"max-video-preview:-1"},"canonical":"https:\/\/toploc.com\/blog\/france\/annecy-en-fevrier","og_locale":"fr_FR","og_type":"article","og_title":"10 choses \u00e0 faire absolument \u00e0 Annecy en F\u00e9vrier 2026","og_description":"Annecy en F\u00e9vrier : Conf\u00e9rence : Imaginer le montagne en 2100 . Quartier de Novel . Cin\u00e9mino . Cam\u00e9ra Club . Jeu de Piste . C comme cin\u00e9ma","og_url":"https:\/\/toploc.com\/blog\/france\/annecy-en-fevrier","og_site_name":"Toploc","article_publisher":"https:\/\/www.facebook.com\/locationfrancophone","article_published_time":"2026-01-09T14:44:47+00:00","article_modified_time":"2026-02-11T14:43:47+00:00","og_image":[{"width":2048,"height":1365,"url":"https:\/\/toploc.com\/blog\/wp-content\/uploads\/2024\/01\/shutterstock_2267819501-scaled-1.jpg","type":"image\/jpeg"}],"author":"Ma\u00ebl","twitter_card":"summary_large_image","twitter_misc":{"\u00c9crit par":"Ma\u00ebl","Dur\u00e9e de lecture estim\u00e9e":"13 minutes"},"schema":{"@context":"https:\/\/schema.org","@graph":[{"@type":"Article","@id":"https:\/\/toploc.com\/blog\/france\/annecy-en-fevrier#article","isPartOf":{"@id":"https:\/\/toploc.com\/blog\/france\/annecy-en-fevrier"},"author":{"name":"Ma\u00ebl","@id":"https:\/\/toploc.com\/blog\/#\/schema\/person\/7e2ebe289a733b81b04b07f6ec2e3b93"},"headline":"10 choses \u00e0 faire absolument \u00e0 Annecy en F\u00e9vrier 2026","datePublished":"2026-01-09T14:44:47+00:00","dateModified":"2026-02-11T14:43:47+00:00","mainEntityOfPage":{"@id":"https:\/\/toploc.com\/blog\/france\/annecy-en-fevrier"},"wordCount":2186,"commentCount":0,"publisher":{"@id":"https:\/\/toploc.com\/blog\/#organization"},"image":{"@id":"https:\/\/toploc.com\/blog\/france\/annecy-en-fevrier#primaryimage"},"thumbnailUrl":"https:\/\/toploc.com\/blog\/wp-content\/uploads\/2024\/01\/shutterstock_2267819501-scaled-1.jpg","keywords":["Annecy en F\u00e9vrier"],"articleSection":["Itin\u00e9raires France","Montagne"],"inLanguage":"fr-FR","potentialAction":[{"@type":"CommentAction","name":"Comment","target":["https:\/\/toploc.com\/blog\/france\/annecy-en-fevrier#respond"]}]},{"@type":"WebPage","@id":"https:\/\/toploc.com\/blog\/france\/annecy-en-fevrier","url":"https:\/\/toploc.com\/blog\/france\/annecy-en-fevrier","name":"10 choses \u00e0 faire absolument \u00e0 Annecy en F\u00e9vrier 2026","isPartOf":{"@id":"https:\/\/toploc.com\/blog\/#website"},"primaryImageOfPage":{"@id":"https:\/\/toploc.com\/blog\/france\/annecy-en-fevrier#primaryimage"},"image":{"@id":"https:\/\/toploc.com\/blog\/france\/annecy-en-fevrier#primaryimage"},"thumbnailUrl":"https:\/\/toploc.com\/blog\/wp-content\/uploads\/2024\/01\/shutterstock_2267819501-scaled-1.jpg","datePublished":"2026-01-09T14:44:47+00:00","dateModified":"2026-02-11T14:43:47+00:00","description":"Annecy en F\u00e9vrier : Conf\u00e9rence : Imaginer le montagne en 2100 . Quartier de Novel . Cin\u00e9mino . Cam\u00e9ra Club . Jeu de Piste . C comme cin\u00e9ma","breadcrumb":{"@id":"https:\/\/toploc.com\/blog\/france\/annecy-en-fevrier#breadcrumb"},"inLanguage":"fr-FR","potentialAction":[{"@type":"ReadAction","target":["https:\/\/toploc.com\/blog\/france\/annecy-en-fevrier"]}]},{"@type":"ImageObject","inLanguage":"fr-FR","@id":"https:\/\/toploc.com\/blog\/france\/annecy-en-fevrier#primaryimage","url":"https:\/\/toploc.com\/blog\/wp-content\/uploads\/2024\/01\/shutterstock_2267819501-scaled-1.jpg","contentUrl":"https:\/\/toploc.com\/blog\/wp-content\/uploads\/2024\/01\/shutterstock_2267819501-scaled-1.jpg","width":2048,"height":1365,"caption":"Le Lac d'Annecy en hiver \u00a9 Shutterstock"},{"@type":"BreadcrumbList","@id":"https:\/\/toploc.com\/blog\/france\/annecy-en-fevrier#breadcrumb","itemListElement":[{"@type":"ListItem","position":1,"name":"Accueil","item":"https:\/\/toploc.com\/blog"},{"@type":"ListItem","position":2,"name":"10 choses \u00e0 faire absolument \u00e0 Annecy en F\u00e9vrier 2026"}]},{"@type":"WebSite","@id":"https:\/\/toploc.com\/blog\/#website","url":"https:\/\/toploc.com\/blog\/","name":"Toploc","description":"Itin\u00e9raires natures et locations de vacances en groupe","publisher":{"@id":"https:\/\/toploc.com\/blog\/#organization"},"potentialAction":[{"@type":"SearchAction","target":{"@type":"EntryPoint","urlTemplate":"https:\/\/toploc.com\/blog\/?s={search_term_string}"},"query-input":{"@type":"PropertyValueSpecification","valueRequired":true,"valueName":"search_term_string"}}],"inLanguage":"fr-FR"},{"@type":"Organization","@id":"https:\/\/toploc.com\/blog\/#organization","name":"Toploc","url":"https:\/\/toploc.com\/blog\/","logo":{"@type":"ImageObject","inLanguage":"fr-FR","@id":"https:\/\/toploc.com\/blog\/#\/schema\/logo\/image\/","url":"https:\/\/blog.toploc.com\/wp-content\/uploads\/2022\/03\/toploc_facebook_5.png","contentUrl":"https:\/\/blog.toploc.com\/wp-content\/uploads\/2022\/03\/toploc_facebook_5.png","width":600,"height":600,"caption":"Toploc"},"image":{"@id":"https:\/\/toploc.com\/blog\/#\/schema\/logo\/image\/"},"sameAs":["https:\/\/www.facebook.com\/locationfrancophone","https:\/\/www.instagram.com\/toploc_","https:\/\/www.pinterest.fr\/Toploc_\/"]},{"@type":"Person","@id":"https:\/\/toploc.com\/blog\/#\/schema\/person\/7e2ebe289a733b81b04b07f6ec2e3b93","name":"Ma\u00ebl","image":{"@type":"ImageObject","inLanguage":"fr-FR","@id":"https:\/\/toploc.com\/blog\/#\/schema\/person\/image\/","url":"https:\/\/secure.gravatar.com\/avatar\/2d32fb95c878a284cc9e8236b8664651ac94ad0d82c0f4811eac0717c9548669?s=96&d=mm&r=g","contentUrl":"https:\/\/secure.gravatar.com\/avatar\/2d32fb95c878a284cc9e8236b8664651ac94ad0d82c0f4811eac0717c9548669?s=96&d=mm&r=g","caption":"Ma\u00ebl"},"description":"Bonjour, moi c'est Ma\u00ebl. J'adore voyager et d\u00e9couvrir de nouveaux coins nature autour de chez moi. Je partage avec vous des activit\u00e9s et des lieux \u00e0 visiter en famille ou entre amis !","url":"https:\/\/toploc.com\/blog\/author\/maeltoploc-com"}]}},"_links":{"self":[{"href":"https:\/\/toploc.com\/blog\/wp-json\/wp\/v2\/posts\/140349","targetHints":{"allow":["GET"]}}],"collection":[{"href":"https:\/\/toploc.com\/blog\/wp-json\/wp\/v2\/posts"}],"about":[{"href":"https:\/\/toploc.com\/blog\/wp-json\/wp\/v2\/types\/post"}],"author":[{"embeddable":true,"href":"https:\/\/toploc.com\/blog\/wp-json\/wp\/v2\/users\/15"}],"replies":[{"embeddable":true,"href":"https:\/\/toploc.com\/blog\/wp-json\/wp\/v2\/comments?post=140349"}],"version-history":[{"count":52,"href":"https:\/\/toploc.com\/blog\/wp-json\/wp\/v2\/posts\/140349\/revisions"}],"predecessor-version":[{"id":160660,"href":"https:\/\/toploc.com\/blog\/wp-json\/wp\/v2\/posts\/140349\/revisions\/160660"}],"wp:featuredmedia":[{"embeddable":true,"href":"https:\/\/toploc.com\/blog\/wp-json\/wp\/v2\/media\/151941"}],"wp:attachment":[{"href":"https:\/\/toploc.com\/blog\/wp-json\/wp\/v2\/media?parent=140349"}],"wp:term":[{"taxonomy":"category","embeddable":true,"href":"https:\/\/toploc.com\/blog\/wp-json\/wp\/v2\/categories?post=140349"},{"taxonomy":"post_tag","embeddable":true,"href":"https:\/\/toploc.com\/blog\/wp-json\/wp\/v2\/tags?post=140349"}],"curies":[{"name":"wp","href":"https:\/\/api.w.org\/{rel}","templated":true}]}}