{"id":139326,"date":"2026-03-23T15:41:24","date_gmt":"2026-03-23T14:41:24","guid":{"rendered":"https:\/\/blog.toploc.com\/?p=139326"},"modified":"2026-04-01T15:47:52","modified_gmt":"2026-04-01T13:47:52","slug":"visiter-annecy-a-pied","status":"publish","type":"post","link":"https:\/\/toploc.com\/blog\/france\/visiter-annecy-a-pied","title":{"rendered":"Itin\u00e9raire complet pour visiter Annecy \u00e0 pied en 14 \u00e9tapes"},"content":{"rendered":"\n<p>Imaginez une ville o\u00f9 chaque pas r\u00e9v\u00e8le un nouveau chapitre d&#8217;une histoire fascinante, o\u00f9 les eaux cristallines du lac se m\u00ealent aux sommets alpins majestueux, et o\u00f9 les ruelles pav\u00e9es racontent des si\u00e8cles d&#8217;histoires. Bienvenue \u00e0 Annecy, un joyau nich\u00e9 au c\u0153ur des Alpes fran\u00e7aises, une destination o\u00f9 chaque recoin invite \u00e0 l&#8217;\u00e9merveillement et \u00e0 la d\u00e9couverte. Comment visiter Annecy \u00e0 pied ? Que vous visitiez <a href=\"https:\/\/blog.toploc.com\/blog\/france\/annecy-en-famille\">Annecy en famille<\/a> ou en solo, embarquez pour une aventure \u00e0 pied \u00e0 travers cette ville enchanteresse, un p\u00e9riple o\u00f9 la beaut\u00e9 de la nature se conjugue harmonieusement avec le riche patrimoine culturel et historique. Suivez-nous dans cette odyss\u00e9e urbaine, une promenade inoubliable qui vous fera tomber amoureux d&#8217;Annecy \u00e0 chaque tournant.<\/p>\n\n\n\n<div class=\"wp-block-buttons is-content-justification-center is-layout-flex wp-container-core-buttons-is-layout-16018d1d wp-block-buttons-is-layout-flex\">\n<div class=\"wp-block-button\"><a class=\"wp-block-button__link has-background has-small-font-size has-custom-font-size wp-element-button\" href=\"https:\/\/toploc.com\/location\/s\/Annecy--Alpes-occidentales--France\" style=\"background-color:#006b52\" target=\"_blank\" rel=\"noreferrer noopener\"><strong>\ud83d\udc49&nbsp;R\u00c9SERVER UN AIRBNB ANNECY<\/strong><\/a><\/div>\n<\/div>\n\n\n\n<h2 id=\"le-lac-dannecy-commencez-par-une-promenade-le-long-du-lac\" class=\"wp-block-heading\">Le lac d\u2019Annecy : Commencez par une promenade le long du lac<\/h2>\n\n\n\n<p>Envie d&#8217;une escapade pittoresque au c\u0153ur des Alpes fran\u00e7aises ? Le tour du lac d&#8217;Annecy \u00e0 pied est une aventure incontournable. Depuis 2013, l&#8217;Office de Tourisme et le SILA ont cr\u00e9\u00e9 un parcours p\u00e9destre de 43 kilom\u00e8tres qui vous fera d\u00e9couvrir la beaut\u00e9 et la diversit\u00e9 des paysages ann\u00e9ciens.<\/p>\n\n\n\n<h3 id=\"votre-itineraire-entre-nature-et-culture\" class=\"wp-block-heading\">Votre Itin\u00e9raire : Entre Nature et Culture<\/h3>\n\n\n\n<p>Le parcours, long mais accessible, vous invite \u00e0 longer le lac, traversant champs, marais, r\u00e9serves naturelles, et zones urbaines. Avec des portions adapt\u00e9es aux personnes \u00e0 mobilit\u00e9 r\u00e9duite, ce tour est une exp\u00e9rience pour tous. Vous pouvez le commencer \u00e0 n&#8217;importe quel point, et des panneaux d&#8217;information jalonnent le chemin pour enrichir votre d\u00e9couverte.<\/p>\n\n\n\n<figure class=\"wp-block-image size-full\"><img loading=\"lazy\" decoding=\"async\" width=\"900\" height=\"600\" src=\"https:\/\/blog.toploc.com\/wp-content\/uploads\/2024\/01\/image-3.png\" alt=\"Vue panoramique sur le Lac. Utile pour visiter Annecy \u00e0 pied en faisant le tour du lac \u00a9 Th\u00f4nes\" class=\"wp-image-138700\"\/><figcaption class=\"wp-element-caption\">Vue panoramique sur le Lac. Utile pour visiter Annecy \u00e0 pied en faisant le tour du lac \u00a9 Th\u00f4nes<\/figcaption><\/figure>\n\n\n\n<h3 id=\"etapes-cles-et-conseils-pratiques\" class=\"wp-block-heading\">\u00c9tapes Cl\u00e9s et Conseils Pratiques<\/h3>\n\n\n\n<ul class=\"wp-block-list\">\n<li><strong>Dur\u00e9e<\/strong>: R\u00e9alisable en une journ\u00e9e intense de 9-10h, mais id\u00e9alement en plusieurs \u00e9tapes pour savourer chaque moment.<\/li>\n\n\n\n<li><strong>Meilleure p\u00e9riode<\/strong>: Printemps et automne pour des conditions id\u00e9ales, \u00e9vitez l&#8217;\u00e9t\u00e9 pour son soleil ardent.<\/li>\n\n\n\n<li><strong>Accessibilit\u00e9<\/strong>: 10km adapt\u00e9s aux personnes \u00e0 mobilit\u00e9 r\u00e9duite.<\/li>\n\n\n\n<li><strong>Restauration<\/strong>: Des aires de repos et petits restaurants ponctuent le parcours. N&#8217;oubliez pas de go\u00fbter aux sp\u00e9cialit\u00e9s locales !<\/li>\n<\/ul>\n\n\n\n<h3 id=\"votre-experience-un-melange-de-serenite-et-daventure\" class=\"wp-block-heading\">Votre Exp\u00e9rience : Un M\u00e9lange de S\u00e9r\u00e9nit\u00e9 et d&#8217;Aventure<\/h3>\n\n\n\n<p>Imaginez-vous marchant le long des rives, avec des vues imprenables sur les eaux turquoises et les montagnes environnantes. Le parcours vous m\u00e8ne \u00e0 travers des for\u00eats ombrag\u00e9es, des plages tranquilles, et des villages pittoresques. Chaque \u00e9tape est une d\u00e9couverte, que ce soit la r\u00e9serve naturelle du Bout-du-Lac ou le charmant village de Talloires.<\/p>\n\n\n\n<h3 id=\"hebergement-et-restauration-confort-et-gastronomie\" class=\"wp-block-heading\">H\u00e9bergement et Restauration : Confort et Gastronomie<\/h3>\n\n\n\n<p>Pour une exp\u00e9rience compl\u00e8te, optez pour un h\u00e9bergement en camping le long du parcours, ou choisissez parmi les h\u00f4tels et auberges de la r\u00e9gion. Les restaurants locaux offrent une cuisine savoureuse, avec des options pour tous les go\u00fbts et budgets.<\/p>\n\n\n\n<h3 id=\"conseils-pour-une-randonnee-reussie\" class=\"wp-block-heading\">Conseils pour une Randonn\u00e9e R\u00e9ussie<\/h3>\n\n\n\n<ul class=\"wp-block-list\">\n<li><strong>Planification<\/strong>: Consultez le plan d\u00e9taill\u00e9 disponible en ligne ou \u00e0 l&#8217;Office de Tourisme.<\/li>\n\n\n\n<li><strong>Transport<\/strong>: Utilisez les navettes bateau pour certaines portions du parcours.<\/li>\n\n\n\n<li><strong>Pr\u00e9paration<\/strong>: Emportez de bonnes chaussures de marche, de l&#8217;eau, et un appareil photo pour capturer les paysages \u00e9poustouflants.<\/li>\n<\/ul>\n\n\n\n<h3 id=\"le-lac-dannecy-a-pied-une-aventure-pour-tous\" class=\"wp-block-heading\">Le Lac d&#8217;Annecy \u00e0 Pied : Une Aventure pour Tous<\/h3>\n\n\n\n<p>Que vous soyez un randonneur aguerri ou simplement \u00e0 la recherche d&#8217;une promenade relaxante, le tour du lac d&#8217;Annecy est une exp\u00e9rience \u00e0 ne pas manquer. Avec sa facilit\u00e9 d&#8217;acc\u00e8s et ses paysages vari\u00e9s, c&#8217;est une invitation \u00e0 d\u00e9couvrir la beaut\u00e9 naturelle et culturelle de cette r\u00e9gion exceptionnelle.<\/p>\n\n\n\n<p><strong>Informations Pratiques :<\/strong><\/p>\n\n\n\n<ul class=\"wp-block-list\">\n<li><strong>Ouverture<\/strong>: Accessible toute l&#8217;ann\u00e9e.<\/li>\n\n\n\n<li><strong>Tarifs<\/strong>: Gratuit, sauf pour les services de restauration et h\u00e9bergement.<\/li>\n\n\n\n<li><strong>Situation<\/strong>: Autour du Lac d&#8217;Annecy, en Haute-Savoie.<\/li>\n<\/ul>\n\n\n\n<p>Pr\u00e9parez-vous pour une aventure inoubliable au Lac d&#8217;Annecy, o\u00f9 nature, d\u00e9tente et d\u00e9couvertes se m\u00ealent dans un cadre spectaculaire.<\/p>\n\n\n\n<h2 id=\"le-paquier-poursuivez-le-long-du-lac-jusquau-paquier\" class=\"wp-block-heading\">Le P\u00e2quier : Poursuivez le long du lac jusqu&#8217;au P\u00e2quier<\/h2>\n\n\n\n<p>Le P\u00e2quier, v\u00e9ritable poumon vert d&#8217;Annecy, vous invite \u00e0 une promenade inoubliable le long du lac. Ce vaste espace de plus de 7 hectares, autrefois p\u00e2turage et aujourd&#8217;hui lieu de vie et de d\u00e9tente, est un incontournable pour tout visiteur.<\/p>\n\n\n\n<figure class=\"wp-block-image size-full\"><img loading=\"lazy\" decoding=\"async\" width=\"2000\" height=\"1334\" src=\"https:\/\/toploc.com\/blog\/wp-content\/uploads\/2024\/01\/image-1109.png\" alt=\"Le P\u00e2quier pendant le High Five Festival \u00e0 Annecy en Octobre \u00a9 High-Five Festival\" class=\"wp-image-142011\"\/><figcaption class=\"wp-element-caption\">Le P\u00e2quier pendant le High Five Festival \u00e0 Annecy en Octobre \u00a9 High-Five Festival<\/figcaption><\/figure>\n\n\n\n<h3 id=\"activites-et-detente-pour-tous-les-gouts\" class=\"wp-block-heading\">Activit\u00e9s et D\u00e9tente : Pour Tous les Go\u00fbts<\/h3>\n\n\n\n<p>Le P\u00e2quier se transforme au gr\u00e9 des saisons et des heures. D\u00e8s les premiers rayons du soleil, il s&#8217;anime : joggeurs, cyclistes sur la piste cyclable, familles et groupes d&#8217;amis se retrouvent pour profiter de ce cadre idyllique. Les enfants s&#8217;\u00e9merveillent devant les mini chevaux et le man\u00e8ge historique, tandis que les amateurs de sports nautiques louent p\u00e9dalos et bateaux sans permis pour explorer le lac.<\/p>\n\n\n\n<h3 id=\"un-lieu-de-rencontre-et-de-culture\" class=\"wp-block-heading\">Un Lieu de Rencontre et de Culture<\/h3>\n\n\n\n<p>Le P\u00e2quier n&#8217;est pas seulement un espace de loisirs, c&#8217;est aussi un lieu de culture et de rassemblement. Il accueille des \u00e9v\u00e9nements majeurs comme le Festival International du Film d&#8217;Animation, transformant l&#8217;espace en une salle de cin\u00e9ma \u00e0 ciel ouvert, ainsi que des \u00e9v\u00e9nements sportifs et musicaux, cr\u00e9ant une atmosph\u00e8re vibrante et conviviale.<\/p>\n\n\n\n<h3 id=\"le-pont-des-amours-un-passage-incontournable\" class=\"wp-block-heading\"><strong>Le Pont des Amours : Un Passage Incontournable<\/strong><\/h3>\n\n\n\n<p>Votre balade vous m\u00e8nera in\u00e9vitablement au c\u00e9l\u00e8bre Pont des Amours. Ce lieu embl\u00e9matique offre une vue spectaculaire sur le lac et les montagnes environnantes, un cadre parfait pour immortaliser votre visite.<\/p>\n\n\n\n<h3 id=\"savourer-linstant-pause-gourmande-et-detente\" class=\"wp-block-heading\">Savourer l&#8217;Instant : Pause Gourmande et D\u00e9tente<\/h3>\n\n\n\n<p>Apr\u00e8s une agr\u00e9able promenade, accordez-vous une pause gourmande. Les marchands ambulants proposent glaces, cr\u00eapes, et boissons rafra\u00eechissantes. Installez-vous sur un banc face au lac et laissez-vous emporter par la beaut\u00e9 du paysage.<\/p>\n\n\n\n<p><strong>Informations Pratiques :<\/strong><\/p>\n\n\n\n<ul class=\"wp-block-list\">\n<li><strong>Acc\u00e8s<\/strong> : Facilement accessible \u00e0 pied depuis le centre-ville d&#8217;Annecy.<\/li>\n\n\n\n<li><strong>Activit\u00e9s<\/strong> : Location de p\u00e9dalos, bateaux, man\u00e8ge pour enfants, pistes cyclables.<\/li>\n\n\n\n<li><strong>\u00c9v\u00e9nements<\/strong> : Festival du Film d&#8217;Animation, concerts, \u00e9v\u00e9nements sportifs.<\/li>\n\n\n\n<li><strong>Tarifs<\/strong> : Acc\u00e8s gratuit, activit\u00e9s vari\u00e9es selon les prestataires.<\/li>\n<\/ul>\n\n\n\n<p>Le P\u00e2quier d&#8217;Annecy, c&#8217;est l&#8217;assurance d&#8217;un moment de d\u00e9tente et de plaisir, o\u00f9 nature, culture et loisirs se rencontrent harmonieusement. Que vous soyez en qu\u00eate d&#8217;une activit\u00e9 sportive, d&#8217;une balade romantique ou d&#8217;un moment familial, le P\u00e2quier est votre destination id\u00e9ale.<\/p>\n\n\n\n<h2 id=\"le-gnomon-du-frere-arsene-un-tresor-cache-sur-lile-des-cygnes\" class=\"wp-block-heading\">Le Gnomon du fr\u00e8re Ars\u00e8ne : Un Tr\u00e9sor Cach\u00e9 sur l&#8217;\u00cele des Cygnes<\/h2>\n\n\n\n<p>Apr\u00e8s une promenade apaisante sur le P\u00e2quier, laissez-vous tenter par la d\u00e9couverte du Gnomon du Fr\u00e8re Ars\u00e8ne, un joyau d&#8217;ing\u00e9niosit\u00e9 situ\u00e9 sur l&#8217;\u00eele des Cygnes, au bord du lac d&#8217;Annecy. Ce cadran solaire multiple, unique en son genre, est une \u0153uvre d&#8217;art autant qu&#8217;un instrument scientifique, con\u00e7u par le moine capucin Jean-Marie Dumurgier, connu sous le nom de Fr\u00e8re Ars\u00e8ne, en 1874.<\/p>\n\n\n\n<figure class=\"wp-block-image size-full\"><img loading=\"lazy\" decoding=\"async\" width=\"5184\" height=\"3456\" src=\"https:\/\/blog.toploc.com\/wp-content\/uploads\/2024\/01\/image-222.png\" alt=\"Le Gnomon du fr\u00e8re Ars\u00e8ne un cadran solaire multiple unique \u00e0 d\u00e9couvrir si vous venez visiter Annecy \u00e0 pied \u00a9 WikiCommons\" class=\"wp-image-139327\"\/><figcaption class=\"wp-element-caption\">Le Gnomon du fr\u00e8re Ars\u00e8ne un cadran solaire multiple unique \u00e0 d\u00e9couvrir si vous venez visiter Annecy \u00e0 pied \u00a9 WikiCommons<\/figcaption><\/figure>\n\n\n\n<h3 id=\"un-cadran-solaire-pas-comme-les-autres\" class=\"wp-block-heading\">Un Cadran Solaire Pas Comme les Autres<\/h3>\n\n\n\n<p>Imaginez une \u00e9toile \u00e0 sept branches, chacune r\u00e9v\u00e9lant un secret du temps. Le Gnomon, en forme d&#8217;\u00e9toile, est orient\u00e9 et inclin\u00e9 pr\u00e9cis\u00e9ment selon la latitude locale, offrant une pr\u00e9cision remarquable. Chaque branche de l&#8217;\u00e9toile projette son ombre pour indiquer l&#8217;heure sur les c\u00f4t\u00e9s des branches voisines. Ce cadran solaire n&#8217;est pas seulement un objet de contemplation mais aussi un outil p\u00e9dagogique fascinant pour comprendre le mouvement du soleil.<\/p>\n\n\n\n<h3 id=\"une-experience-unique-a-chaque-saison\" class=\"wp-block-heading\">Une Exp\u00e9rience Unique \u00e0 Chaque Saison<\/h3>\n\n\n\n<p>En \u00e9t\u00e9, admirez le cadran \u00e9quinoxial au centre de l&#8217;\u00e9toile, tandis qu&#8217;en hiver, les cadrans situ\u00e9s sur la face inf\u00e9rieure prennent le relais. Chaque saison offre une perspective diff\u00e9rente et un nouveau myst\u00e8re \u00e0 r\u00e9soudre. C&#8217;est une invitation \u00e0 revenir tout au long de l&#8217;ann\u00e9e pour d\u00e9couvrir toutes ses facettes.<\/p>\n\n\n\n<h3 id=\"restauration-et-mystere\" class=\"wp-block-heading\">Restauration et Myst\u00e8re<\/h3>\n\n\n\n<p>Bien que certains styles aient \u00e9t\u00e9 perdus avec le temps, la restauration originale a permis de pr\u00e9server l&#8217;essence de cette \u0153uvre. Le cadran septentrional, notamment, pose une \u00e9nigme captivante sur son fonctionnement, ajoutant une touche de myst\u00e8re \u00e0 votre visite.<\/p>\n\n\n\n<p><strong>Informations Pratiques :<\/strong><\/p>\n\n\n\n<ul class=\"wp-block-list\">\n<li><strong>Acc\u00e8s<\/strong> : Facilement accessible \u00e0 pied depuis le P\u00e2quier.<\/li>\n\n\n\n<li><strong>Horaires<\/strong> : Visible \u00e0 tout moment, mais id\u00e9al en journ\u00e9e pour une meilleure exp\u00e9rience.<\/li>\n\n\n\n<li><strong>Tarif<\/strong> : Gratuit, une merveille accessible \u00e0 tous.<\/li>\n\n\n\n<li><strong>Conseil<\/strong> : Apportez un appareil photo pour capturer ce chef-d&#8217;\u0153uvre unique.<\/li>\n<\/ul>\n\n\n\n<p>Le Gnomon du Fr\u00e8re Ars\u00e8ne \u00e0 Annecy est une \u00e9tape incontournable pour les amateurs d&#8217;histoire, d&#8217;art et de science. C&#8217;est une invitation \u00e0 ralentir et \u00e0 appr\u00e9cier le temps d&#8217;une mani\u00e8re totalement nouvelle. Ne manquez pas cette exp\u00e9rience enrichissante lors de votre prochaine visite \u00e0 Annecy.<\/p>\n\n\n\n<h2 id=\"les-canaux-et-le-thiou-dirigez-vous-vers-le-centre-historique-pour-decouvrir-les-canaux\" class=\"wp-block-heading\">Les canaux et le Thiou : Dirigez-vous vers le centre historique pour d\u00e9couvrir les canaux.<\/h2>\n\n\n\n<p>Plongez dans l&#8217;atmosph\u00e8re unique d&#8217;Annecy en explorant ses canaux enchanteurs. Le Thiou, cette petite rivi\u00e8re de 5 kilom\u00e8tres, est un v\u00e9ritable tr\u00e9sor cach\u00e9. N\u00e9e au port du lac d&#8217;Annecy, elle serpente \u00e0 travers la vieille ville et Cran-Gevrier, offrant un parcours idyllique jalonn\u00e9 de canaux et d&#8217;\u00e9cluses.<\/p>\n\n\n\n<figure class=\"wp-block-image size-full\"><img loading=\"lazy\" decoding=\"async\" width=\"2259\" height=\"1760\" src=\"https:\/\/blog.toploc.com\/wp-content\/uploads\/2024\/01\/image-223.png\" alt=\"Les canaux du Thiou \u00e0 Annecy se visitent \u00e0 pied \u00a9 Wikipedia\" class=\"wp-image-139328\"\/><figcaption class=\"wp-element-caption\">Les canaux du Thiou \u00e0 Annecy se visitent \u00e0 pied \u00a9 Wikipedia<\/figcaption><\/figure>\n\n\n\n<h3 id=\"votre-itineraire-entre-histoire-et-nature\" class=\"wp-block-heading\">Votre Itin\u00e9raire : Entre Histoire et Nature<\/h3>\n\n\n\n<p>Votre aventure commence au port d&#8217;Annecy. Choisissez de partir d&#8217;Annecy centre, Annecy-le-Vieux ou Cran-Gevrier, selon votre convenance. Si vous optez pour Annecy-le-Vieux, vous longerez le lac, offrant des vues imprenables. Le parcours vous m\u00e8ne pr\u00e8s du Palais de l&#8217;Ile, le long de la rive droite du Thiou, traversant des ponts historiques comme le pont Morens et le Pont de l&#8217;Ev\u00each\u00e9.<\/p>\n\n\n\n<h3 id=\"pause-gourmande-le-bar-roux-dheure\" class=\"wp-block-heading\">Pause Gourmande : Le Bar Roux d&#8217;Heure<\/h3>\n\n\n\n<p>Au milieu de votre balade, pourquoi ne pas faire une halte gourmande au Bar Roux d&#8217;Heure ? Que ce soit pour un brunch, un d\u00e9jeuner ou un go\u00fbter, c&#8217;est l&#8217;endroit parfait pour savourer l&#8217;instant pr\u00e9sent.<\/p>\n\n\n\n<h3 id=\"decouverte-culturelle-cran-gevrier-chorus-la-vieille-ville\" class=\"wp-block-heading\">D\u00e9couverte Culturelle : Cran-Gevrier, Chorus, la Vieille Ville<\/h3>\n\n\n\n<p>En continuant votre chemin sur la promenade Thiou, vous d\u00e9couvrirez Cran-Gevrier et la place Chorus, partie int\u00e9grante du Grand Annecy, connue pour son engagement dans le tourisme culturel. La vieille ville d&#8217;Annecy, avec ses ruelles pittoresques et ses b\u00e2timents historiques, vous attend pour r\u00e9v\u00e9ler ses secrets.<\/p>\n\n\n\n<p><strong>Informations Pratiques :<\/strong><\/p>\n\n\n\n<ul class=\"wp-block-list\">\n<li><strong>Dur\u00e9e<\/strong> : Environ 3 heures aller-retour.<\/li>\n\n\n\n<li><strong>Accessibilit\u00e9<\/strong> : Adapt\u00e9 aux pi\u00e9tons et aux v\u00e9los.<\/li>\n\n\n\n<li><strong>Tarifs<\/strong> : Acc\u00e8s libre et gratuit.<\/li>\n\n\n\n<li><strong>Meilleure p\u00e9riode<\/strong> : Toute l&#8217;ann\u00e9e, pour profiter des diff\u00e9rentes saisons.<\/li>\n<\/ul>\n\n\n\n<p>Le Thiou et ses canaux sont une invitation \u00e0 d\u00e9couvrir Annecy sous un angle diff\u00e9rent. Que ce soit pour une promenade tranquille, une pause culinaire ou une immersion culturelle, cette balade est un incontournable pour tous les visiteurs.<\/p>\n\n\n\n<h2 id=\"le-palais-de-lile-visitez-ce-monument-historique-emblematique\" class=\"wp-block-heading\">Le Palais de l&#8217;\u00cele : Visitez ce monument historique embl\u00e9matique<\/h2>\n\n\n\n<p>Nich\u00e9 sur une petite \u00eele rocheuse naturelle au milieu du Thiou, le Palais de l&#8217;\u00cele, \u00e9galement connu sous le nom de vieilles prisons d\u2019Annecy, est un joyau m\u00e9di\u00e9val incontournable. Situ\u00e9 \u00e0 deux pas de l&#8217;\u00e9glise Saint Fran\u00e7ois de Sales, ce monument historique class\u00e9 depuis 1900 vous invite \u00e0 un voyage dans le temps.<\/p>\n\n\n\n<figure class=\"wp-block-image size-full\"><img loading=\"lazy\" decoding=\"async\" width=\"650\" height=\"368\" src=\"https:\/\/blog.toploc.com\/wp-content\/uploads\/2017\/07\/Palais-de-lIsle-a-Annecy.jpg\" alt=\"Palais de l'Isle \u00e0 Annecy \u00a9 Toploc\" class=\"wp-image-12863\"\/><figcaption class=\"wp-element-caption\">Palais de l&#8217;Isle \u00e0 Annecy \u00a9 Toploc<\/figcaption><\/figure>\n\n\n\n<h3 id=\"un-edifice-aux-multiples-vies\" class=\"wp-block-heading\">Un \u00e9difice aux multiples vies<\/h3>\n\n\n\n<p>Ce b\u00e2timent de 12m de large, compos\u00e9 de petites pi\u00e8ces et d&#8217;une cour exigu\u00eb, a servi de prison, tribunal, caserne, cadastre, entrep\u00f4t, asile de vieillards et m\u00eame \u00e9cole de dessin. Sa forme unique et sa position centrale lui ont valu le surnom de &#8220;gal\u00e8re de pierre&#8221;.<\/p>\n\n\n\n<h3 id=\"un-musee-vivant-et-accessible\" class=\"wp-block-heading\">Un mus\u00e9e vivant et accessible<\/h3>\n\n\n\n<p>Aujourd&#8217;hui transform\u00e9 en mus\u00e9e, le Palais de l&#8217;\u00cele attire plus de 30 000 visiteurs chaque ann\u00e9e. Il abrite le Centre d\u2019Interpr\u00e9tation de l\u2019Architecture et du Patrimoine, proposant des expositions vari\u00e9es et adapt\u00e9es aux familles. D\u00e9couvrez des cellules humides, une cour int\u00e9rieure, une chapelle, ainsi que les anciennes salles d\u2019audience.<\/p>\n\n\n\n<p><strong>Informations Pratiques :<\/strong><\/p>\n\n\n\n<ul class=\"wp-block-list\">\n<li><strong>Lieu<\/strong> : Palais de l&#8217;Isle, Passage de l&#8217;Isle, 74000 Annecy<\/li>\n\n\n\n<li><strong>Ouverture<\/strong> : Toute l&#8217;ann\u00e9e<\/li>\n\n\n\n<li><strong>T\u00e9l\u00e9phone<\/strong> : 04 50 33 87 30<\/li>\n<\/ul>\n\n\n\n<p>Le Palais de l&#8217;\u00cele d&#8217;Annecy est une \u00e9tape incontournable pour les amateurs d&#8217;histoire et d&#8217;architecture. Une exp\u00e9rience enrichissante vous attend dans ce lieu charg\u00e9 d&#8217;histoire, o\u00f9 chaque pierre raconte une partie du pass\u00e9 d&#8217;Annecy.<\/p>\n\n\n\n<h2 id=\"le-musee-chateau-montez-vers-le-chateau-qui-surplombe-la-ville\" class=\"wp-block-heading\">Le mus\u00e9e-ch\u00e2teau : Montez vers le ch\u00e2teau qui surplombe la ville<\/h2>\n\n\n\n<p>Perch\u00e9 majestueusement au-dessus de la charmante ville d&#8217;Annecy, le Mus\u00e9e-Ch\u00e2teau d&#8217;Annecy vous invite \u00e0 un voyage fascinant \u00e0 travers l&#8217;histoire et l&#8217;arch\u00e9ologie. Situ\u00e9 dans la pittoresque Haute-Savoie, ce lieu embl\u00e9matique est une \u00e9tape incontournable pour les amateurs de culture et d&#8217;histoire.<\/p>\n\n\n\n<figure class=\"wp-block-image size-full\"><img loading=\"lazy\" decoding=\"async\" width=\"1000\" height=\"710\" src=\"https:\/\/toploc.com\/blog\/wp-content\/uploads\/2024\/01\/image-1164.png\" alt=\"Vue panoramique du Mus\u00e9e-Ch\u00e2teau d'Annecy \u00a9 Auvergne-Rh\u00f4ne-Alpes Tourisme\" class=\"wp-image-152750\"\/><figcaption class=\"wp-element-caption\">Vue panoramique du Mus\u00e9e-Ch\u00e2teau d&#8217;Annecy \u00a9 Auvergne-Rh\u00f4ne-Alpes Tourisme<\/figcaption><\/figure>\n\n\n\n<h3 id=\"decouvrez-les-tresors-du-passe\" class=\"wp-block-heading\">D\u00e9couvrez les Tr\u00e9sors du Pass\u00e9<\/h3>\n\n\n\n<p>Au Mus\u00e9e-Ch\u00e2teau d&#8217;Annecy, vous explorerez des collections et expositions captivantes sur l&#8217;arch\u00e9ologie et l&#8217;histoire. C&#8217;est une occasion unique de plonger dans le pass\u00e9, de d\u00e9couvrir la vie des anciennes civilisations et de comprendre l&#8217;\u00e9volution de cette r\u00e9gion fascinante.<\/p>\n\n\n\n<p><strong>Informations Pratiques pour votre Visite<\/strong><\/p>\n\n\n\n<ul class=\"wp-block-list\">\n<li><strong>Horaires<\/strong>: Ouvert tous les jours de 10h30 \u00e0 18h de juin \u00e0 septembre et du mercredi au lundi de 10h \u00e0 12h et de 14h \u00e0 17h d&#8217;octobre \u00e0 mai.<\/li>\n\n\n\n<li><strong>Tarifs<\/strong>: Adultes 5,5 \u20ac, Groupes (plus de 5 personnes) 4,20 \u20ac par personne, Tarif r\u00e9duit (\u00e9tudiants, moins de 25 ans, etc.) 3 \u20ac.<\/li>\n\n\n\n<li><strong>Fermeture annuelle<\/strong>: 1er janvier, dimanche et lundi de P\u00e2ques, 1er mai, 1er &amp; 11 novembre, 25 d\u00e9cembre.<\/li>\n<\/ul>\n\n\n\n<h3 id=\"votre-experience-au-musee-chateau\" class=\"wp-block-heading\">Votre Exp\u00e9rience au Mus\u00e9e-Ch\u00e2teau<\/h3>\n\n\n\n<p>Imaginez-vous d\u00e9ambuler dans les salles historiques du ch\u00e2teau, admirant des artefacts qui racontent des histoires s\u00e9culaires. Chaque pi\u00e8ce du mus\u00e9e est une fen\u00eatre ouverte sur le pass\u00e9, offrant des perspectives uniques sur les \u00e9poques r\u00e9volues.<\/p>\n\n\n\n<h3 id=\"services-et-accessibilite\" class=\"wp-block-heading\">Services et Accessibilit\u00e9<\/h3>\n\n\n\n<p>Le mus\u00e9e propose des visites guid\u00e9es et des audioguides pour enrichir votre exp\u00e9rience. Pour les visiteurs internationaux, des visites dans diff\u00e9rentes langues peuvent \u00eatre organis\u00e9es. N&#8217;h\u00e9sitez pas \u00e0 contacter le mus\u00e9e pour plus d&#8217;informations.<\/p>\n\n\n\n<h3 id=\"pourquoi-visiter-le-musee-chateau-dannecy\" class=\"wp-block-heading\">Pourquoi Visiter le Mus\u00e9e-Ch\u00e2teau d&#8217;Annecy ?<\/h3>\n\n\n\n<ul class=\"wp-block-list\">\n<li><strong>\u00c9ducatif et Inspirant<\/strong>: Parfait pour les familles, les \u00e9tudiants et les passionn\u00e9s d&#8217;histoire.<\/li>\n\n\n\n<li><strong>Accessible et Abordable<\/strong>: Avec des tarifs attractifs et des horaires pratiques.<\/li>\n\n\n\n<li><strong>Emplacement Id\u00e9al<\/strong>: Situ\u00e9 au c\u0153ur d&#8217;Annecy, facilement accessible et proche d&#8217;autres attractions.<\/li>\n<\/ul>\n\n\n\n<h3 id=\"votre-prochaine-aventure-culturelle\" class=\"wp-block-heading\">Votre Prochaine Aventure Culturelle<\/h3>\n\n\n\n<p>Le Mus\u00e9e-Ch\u00e2teau d&#8217;Annecy est plus qu&#8217;un mus\u00e9e, c&#8217;est une porte ouverte sur l&#8217;histoire vivante. Que vous soyez un passionn\u00e9 d&#8217;histoire, un amoureux de l&#8217;architecture ou simplement \u00e0 la recherche d&#8217;une exp\u00e9rience culturelle enrichissante, ce lieu embl\u00e9matique vous promet une visite m\u00e9morable.<\/p>\n\n\n\n<p><strong>Adresse et Contact<\/strong><\/p>\n\n\n\n<ul class=\"wp-block-list\">\n<li><strong>Adresse<\/strong>: Place du Ch\u00e2teau, 74000 Annecy<\/li>\n\n\n\n<li><strong>T\u00e9l\u00e9phone<\/strong>: 04.50.33.87.30<\/li>\n\n\n\n<li><strong>Fax<\/strong>: 04.50.33.00.84<\/li>\n\n\n\n<li><strong>Site Web<\/strong>: Visiter le site internet du mus\u00e9e<\/li>\n<\/ul>\n\n\n\n<p>Pr\u00e9parez-vous \u00e0 \u00eatre \u00e9merveill\u00e9 par le Mus\u00e9e-Ch\u00e2teau d&#8217;Annecy, un joyau culturel qui surplombe la ville avec gr\u00e2ce et histoire. Votre visite sera un moment inoubliable, o\u00f9 le pass\u00e9 rencontre le pr\u00e9sent dans un cadre spectaculaire.<\/p>\n\n\n\n<h2 id=\"porte-perriere-redescendez-vers-la-vieille-ville\" class=\"wp-block-heading\">Porte Perri\u00e8re : Redescendez vers la vieille ville.<\/h2>\n\n\n\n<p>Lors de votre promenade dans la vieille ville d&#8217;Annecy, un arr\u00eat \u00e0 la Porte Perri\u00e8re s&#8217;impose. Ce monument historique, datant de 1337, est un t\u00e9moin privil\u00e9gi\u00e9 du pass\u00e9 m\u00e9di\u00e9val de la ville. Imaginez-vous traversant cette porte \u00e9troite et peu \u00e9lev\u00e9e, autrefois l&#8217;une des quatre entr\u00e9es principales des remparts d&#8217;Annecy, prot\u00e9geant la ville des attaques et des \u00e9pid\u00e9mies comme la peste.<\/p>\n\n\n\n<figure class=\"wp-block-image size-full\"><img loading=\"lazy\" decoding=\"async\" width=\"1024\" height=\"683\" src=\"https:\/\/blog.toploc.com\/wp-content\/uploads\/2024\/01\/image-224.png\" alt=\"La Porte Perri\u00e8re d'Annecy \u00a9 Booking\" class=\"wp-image-139330\"\/><figcaption class=\"wp-element-caption\">La Porte Perri\u00e8re d&#8217;Annecy \u00a9 Booking<\/figcaption><\/figure>\n\n\n\n<p><strong>Architecture et Histoire : Un Vestige du Moyen \u00c2ge<\/strong><\/p>\n\n\n\n<p>La Porte Perri\u00e8re, avec son style roman et ses m\u00e2chicoulis caract\u00e9ristiques, est un exemple remarquable de l&#8217;architecture m\u00e9di\u00e9vale. Surmont\u00e9e du blason de la ville repr\u00e9sentant un poisson, elle d\u00e9limite le Sud-Est d&#8217;Annecy. Jadis, cette porte jouait un r\u00f4le crucial dans la surveillance des all\u00e9es et venues et dans la perception des taxes aupr\u00e8s des voyageurs et commer\u00e7ants.<\/p>\n\n\n\n<p><strong>Une Balade Historique : De la Porte au Lac<\/strong><\/p>\n\n\n\n<p>En sortant de la Porte Perri\u00e8re, vous d\u00e9couvrirez l&#8217;ancien chemin emprunt\u00e9 par les seigneurs pour rejoindre le jeu de paume, montant par des marches et longeant le ch\u00e2teau. \u00c0 l&#8217;int\u00e9rieur des remparts, le Faubourg des Annonciades vous m\u00e8nera vers le lac d&#8217;Annecy via la rue de la Providence, offrant une agr\u00e9able promenade entre histoire et nature.<\/p>\n\n\n\n<p><strong>Informations Pratiques :<\/strong><\/p>\n\n\n\n<ul class=\"wp-block-list\">\n<li><strong>Acc\u00e8s<\/strong> : La Porte Perri\u00e8re est situ\u00e9e au Sud-Est de la vieille ville d&#8217;Annecy.<\/li>\n\n\n\n<li><strong>Visite<\/strong> : Libre et gratuite, id\u00e9ale pour les amateurs d&#8217;histoire et d&#8217;architecture.<\/li>\n\n\n\n<li><strong>\u00c0 Proximit\u00e9<\/strong> : Nombreux caf\u00e9s, restaurants et boutiques dans la vieille ville.<\/li>\n<\/ul>\n\n\n\n<p>La Porte Perri\u00e8re d&#8217;Annecy est une \u00e9tape incontournable pour les passionn\u00e9s d&#8217;histoire et les fl\u00e2neurs curieux. Elle offre un aper\u00e7u fascinant du pass\u00e9 m\u00e9di\u00e9val de la ville et constitue le point de d\u00e9part parfait pour explorer les charmes de la vieille ville. Que vous soyez en qu\u00eate d&#8217;une exp\u00e9rience culturelle ou simplement d&#8217;une balade pittoresque, la Porte Perri\u00e8re vous promet un voyage dans le temps m\u00e9morable.<\/p>\n\n\n\n<h2 id=\"rue-sainte-claire-flanez-dans-cette-rue-pittoresque\" class=\"wp-block-heading\">Rue Sainte-Claire : Fl\u00e2nez dans cette rue pittoresque<\/h2>\n\n\n\n<p>Imaginez-vous d\u00e9ambulant dans la rue Sainte-Claire, la plus pittoresque du vieil Annecy. Cette rue embl\u00e9matique, bord\u00e9e de maisons \u00e0 arcades aux teintes chaudes, est un v\u00e9ritable voyage dans le temps. Les arcades, larges et vo\u00fbt\u00e9es, offrent un abri bienvenu, que ce soit sous le soleil d&#8217;\u00e9t\u00e9 ou lors des jours pluvieux.<\/p>\n\n\n\n<figure class=\"wp-block-image size-full\"><img loading=\"lazy\" decoding=\"async\" width=\"2000\" height=\"1332\" src=\"https:\/\/blog.toploc.com\/wp-content\/uploads\/2024\/01\/image-225.png\" alt=\"La rue Sainte-Claire est rue une pi\u00e9tonne avec des arcades \u00a9\u00a0Paris-Match\" class=\"wp-image-139331\"\/><figcaption class=\"wp-element-caption\">La rue Sainte-Claire est rue une pi\u00e9tonne avec des arcades \u00a9&nbsp;Paris-Match<\/figcaption><\/figure>\n\n\n\n<h3 id=\"un-parcours-entre-histoire-et-modernite\" class=\"wp-block-heading\">Un Parcours Entre Histoire et Modernit\u00e9<\/h3>\n\n\n\n<p>La rue Sainte-Claire, avec ses anciens h\u00f4tels particuliers et ses passages secrets menant aux rives du Thiou, est un m\u00e9lange parfait d&#8217;histoire et de modernit\u00e9. Les boutiques contemporaines s&#8217;alignent dans un d\u00e9cor charg\u00e9 d&#8217;histoire, offrant une exp\u00e9rience de shopping unique. C&#8217;est l&#8217;endroit id\u00e9al pour s&#8217;arr\u00eater boire un caf\u00e9 ou savourer une glace tout en s&#8217;impr\u00e9gnant de l&#8217;atmosph\u00e8re historique.<\/p>\n\n\n\n<h3 id=\"decouvrez-les-tresors-caches\" class=\"wp-block-heading\">D\u00e9couvrez les Tr\u00e9sors Cach\u00e9s<\/h3>\n\n\n\n<p>Ne manquez pas la Maison Gallo, un joyau architectural du 18e si\u00e8cle, et la Maison Bagnorea, construite en 1582 et ayant appartenu \u00e0 Antoine Favre. Ces b\u00e2timents historiques ajoutent une richesse culturelle \u00e0 votre promenade. La rue se transforme et vous m\u00e8ne vers la vieille ville d&#8217;Annecy et la petite place Sainte-Claire, un lieu parfait pour une pause photo.<\/p>\n\n\n\n<p><strong>Informations Pratiques :<\/strong><\/p>\n\n\n\n<ul class=\"wp-block-list\">\n<li><strong>Acc\u00e8s<\/strong> : Facilement accessible \u00e0 pied depuis le centre d&#8217;Annecy.<\/li>\n\n\n\n<li><strong>Horaires<\/strong> : Ouverte toute l&#8217;ann\u00e9e, id\u00e9ale pour une promenade en journ\u00e9e.<\/li>\n\n\n\n<li><strong>Tarif<\/strong> : Acc\u00e8s libre, une exp\u00e9rience enrichissante sans frais.<\/li>\n\n\n\n<li><strong>Conseil<\/strong> : Portez des chaussures confortables pour profiter pleinement de votre balade.<\/li>\n<\/ul>\n\n\n\n<p>La rue Sainte-Claire est une \u00e9tape incontournable pour ceux qui souhaitent d\u00e9couvrir le charme authentique d&#8217;Annecy. Que vous soyez amateur d&#8217;histoire, de shopping ou simplement en qu\u00eate d&#8217;une agr\u00e9able promenade, cette rue vous promet une exp\u00e9rience m\u00e9morable. Fl\u00e2nez dans cette rue pittoresque et laissez-vous transporter par son ambiance unique.<\/p>\n\n\n\n<h2 id=\"place-et-porte-sainte-claire-decouvrez-cette-place-historique\" class=\"wp-block-heading\">Place et Porte Sainte-Claire : D\u00e9couvrez cette place historique<\/h2>\n\n\n\n<p>Imaginez-vous fl\u00e2ner dans les ruelles pav\u00e9es d&#8217;Annecy, o\u00f9 chaque pas vous transporte dans un pass\u00e9 riche et vibrant. La Place et la Porte Sainte-Claire, nich\u00e9es au c\u0153ur de la vieille ville, sont des joyaux de l&#8217;histoire ann\u00e9cienne.<\/p>\n\n\n\n<figure class=\"wp-block-image size-full\"><img loading=\"lazy\" decoding=\"async\" width=\"2250\" height=\"1500\" src=\"https:\/\/blog.toploc.com\/wp-content\/uploads\/2024\/01\/image-226.png\" alt=\"Place et porte Sainte-Claire \u00a9\u00a0Trip.com\" class=\"wp-image-139332\"\/><figcaption class=\"wp-element-caption\">Place et porte Sainte-Claire \u00a9&nbsp;Trip.com<\/figcaption><\/figure>\n\n\n\n<h3 id=\"la-porte-sainte-claire-un-temoin-du-passe\" class=\"wp-block-heading\">La Porte Sainte-Claire : Un T\u00e9moin du Pass\u00e9<\/h3>\n\n\n\n<p>La Porte Sainte-Claire, orient\u00e9e vers Chamb\u00e9ry, est un vestige de l&#8217;ancienne ville fortifi\u00e9e. Avec son ouverture en ogive, ses m\u00e2chicoulis et son clocheton, elle raconte l&#8217;histoire d&#8217;une \u00e9poque r\u00e9volue. Imaginez les caravanes et les voyageurs d&#8217;autrefois franchissant cette porte, s&#8217;acquittant d&#8217;une taxe pour entrer dans la cit\u00e9.<\/p>\n\n\n\n<h3 id=\"la-place-sainte-claire-un-carrefour-de-vie\" class=\"wp-block-heading\">La Place Sainte-Claire : Un Carrefour de Vie<\/h3>\n\n\n\n<p>La Place Sainte-Claire, aujourd&#8217;hui un lieu de rencontre et de vie, \u00e9tait autrefois le site d&#8217;une importante manufacture de coton. Install\u00e9e dans les locaux d&#8217;un ancien couvent de Clarisses, cette industrie textile a marqu\u00e9 l&#8217;histoire \u00e9conomique de la ville.<\/p>\n\n\n\n<h3 id=\"architecture-et-histoire\" class=\"wp-block-heading\">Architecture et Histoire<\/h3>\n\n\n\n<p>En vous promenant, admirez la fa\u00e7ade ouvrag\u00e9e d&#8217;un petit immeuble du XVIII\u00e8me si\u00e8cle, la maison Gallo, \u0153uvre de l&#8217;architecte \u00e9ponyme. Ne manquez pas non plus la fontaine Quiberet, un tr\u00e9sor de 1635, avec son dispositif ing\u00e9nieux et le blason d&#8217;Annecy ornant sa cl\u00e9 de vo\u00fbte.<\/p>\n\n\n\n<p><strong>Informations Pratiques :<\/strong><\/p>\n\n\n\n<ul class=\"wp-block-list\">\n<li><strong>Acc\u00e8s<\/strong> : Facilement accessible \u00e0 pied depuis le centre d&#8217;Annecy.<\/li>\n\n\n\n<li><strong>Tarifs<\/strong> : Visite libre et gratuite.<\/li>\n\n\n\n<li><strong>Meilleure p\u00e9riode<\/strong> : Toute l&#8217;ann\u00e9e, pour profiter de l&#8217;ambiance unique de la vieille ville.<\/li>\n<\/ul>\n\n\n\n<p>La Place et la Porte Sainte-Claire ne sont pas seulement des sites historiques, elles sont le c\u0153ur battant d&#8217;Annecy, o\u00f9 le pass\u00e9 rencontre le pr\u00e9sent. Que vous soyez passionn\u00e9 d&#8217;histoire, amateur d&#8217;architecture ou simplement en qu\u00eate d&#8217;une promenade agr\u00e9able, ce lieu est incontournable.<\/p>\n\n\n\n<h2 id=\"quai-de-leveche-continuez-le-long-de-ce-quai\" class=\"wp-block-heading\">Quai de l\u2019\u00c9v\u00each\u00e9 : Continuez le long de ce quai<\/h2>\n\n\n\n<p>Prolongez votre d\u00e9couverte d&#8217;Annecy en vous aventurant sur le Quai de l\u2019\u00c9v\u00each\u00e9, une extension naturelle du Quai de l\u2019\u00cele. Ce parcours vous m\u00e8ne le long de la rivi\u00e8re Thiou, o\u00f9 l&#8217;architecture color\u00e9e et typique de la vieille ville cr\u00e9e un tableau vivant d&#8217;une beaut\u00e9 rare.<\/p>\n\n\n\n<figure class=\"wp-block-image size-full\"><img loading=\"lazy\" decoding=\"async\" width=\"1024\" height=\"680\" src=\"https:\/\/blog.toploc.com\/wp-content\/uploads\/2024\/01\/image-227.png\" alt=\"Promenez-vous sur le quai de l'Ev\u00each\u00e9 \u00a9 Flickr\" class=\"wp-image-139335\"\/><figcaption class=\"wp-element-caption\">Promenez-vous sur le quai de l&#8217;Ev\u00each\u00e9 \u00a9 Flickr<\/figcaption><\/figure>\n\n\n\n<h3 id=\"un-lieu-de-detente-et-de-plaisir\" class=\"wp-block-heading\">Un lieu de d\u00e9tente et de plaisir<\/h3>\n\n\n\n<p>Le Quai de l\u2019\u00c9v\u00each\u00e9 est bord\u00e9 de nombreux caf\u00e9s et restaurants accueillants, offrant des espaces parfaits pour se d\u00e9tendre et profiter de l&#8217;atmosph\u00e8re unique d&#8217;Annecy. Laissez-vous tenter par une pause gourmande ou un caf\u00e9 en terrasse, tout en admirant la vue sur le Thiou.<\/p>\n\n\n\n<h3 id=\"la-venise-des-alpes\" class=\"wp-block-heading\">La Venise des Alpes<\/h3>\n\n\n\n<p>En vous promenant ici, vous comprendrez rapidement pourquoi Annecy est surnomm\u00e9e la \u00ab Venise des Alpes \u00bb. L&#8217;eau qui serpente \u00e0 travers la ville, les ponts charmants et les fa\u00e7ades color\u00e9es cr\u00e9ent une ambiance romantique et apaisante, id\u00e9ale pour une balade en amoureux ou une sortie en famille.<\/p>\n\n\n\n<p><strong>Informations Pratiques :<\/strong><\/p>\n\n\n\n<ul class=\"wp-block-list\">\n<li><strong>Situation<\/strong> : Prolongement du Quai de l\u2019\u00cele, apr\u00e8s le pont Morens<\/li>\n\n\n\n<li><strong>Attractions<\/strong> : Caf\u00e9s, restaurants, architecture pittoresque<\/li>\n\n\n\n<li><strong>Id\u00e9al pour<\/strong> : Balades, d\u00e9tente, gastronomie<\/li>\n<\/ul>\n\n\n\n<p>Le Quai de l\u2019\u00c9v\u00each\u00e9 est un incontournable pour tous ceux qui visitent Annecy. Que vous soyez \u00e0 la recherche d&#8217;un moment de d\u00e9tente, d&#8217;une exp\u00e9rience culinaire ou simplement d&#8217;une promenade agr\u00e9able, ce quai a tout pour plaire. Venez d\u00e9couvrir pourquoi Annecy est tant appr\u00e9ci\u00e9e, et laissez-vous charmer par son ambiance unique.<\/p>\n\n\n\n<h2 id=\"maison-lambert-et-cathedrale-saint-pierre-admirez-ces-batiments-historiques\" class=\"wp-block-heading\">Maison Lambert et Cath\u00e9drale Saint-Pierre : Admirez ces b\u00e2timents historiques<\/h2>\n\n\n\n<p>Face \u00e0 la majestueuse Cath\u00e9drale Saint-Pierre, la Maison Lambert se dresse fi\u00e8rement, t\u00e9moignant de l&#8217;histoire riche d&#8217;Annecy. Datant du 15\u00e8me si\u00e8cle, cette demeure historique, inscrite comme monument historique depuis 1936, refl\u00e8te l&#8217;architecture de la cath\u00e9drale voisine, avec ses pierres et d\u00e9corations similaires.<\/p>\n\n\n\n<figure class=\"wp-block-image size-full\"><img loading=\"lazy\" decoding=\"async\" width=\"710\" height=\"599\" src=\"https:\/\/blog.toploc.com\/wp-content\/uploads\/2024\/01\/image-228.png\" alt=\"Fa\u00e7ade de la maison Lambert \u00e0 d\u00e9couvrir pour visiter Annecy \u00e0 pied \u00a9 Wikicommons\" class=\"wp-image-139336\"\/><figcaption class=\"wp-element-caption\">Fa\u00e7ade de la maison Lambert \u00e0 d\u00e9couvrir pour visiter Annecy \u00e0 pied \u00a9 Wikicommons<\/figcaption><\/figure>\n\n\n\n<h3 id=\"un-voyage-dans-le-temps\" class=\"wp-block-heading\">Un Voyage dans le Temps<\/h3>\n\n\n\n<ul class=\"wp-block-list\">\n<li><strong>Architecture<\/strong>: B\u00e2timent de deux \u00e9tages en pierre de taille, agr\u00e9ment\u00e9 d&#8217;une belle porte en bois et d\u2019un fronton triangulaire.<\/li>\n\n\n\n<li><strong>Histoire<\/strong>: Ancienne demeure de Fran\u00e7ois de Sales et premi\u00e8re demeure \u00e9piscopale, la Maison Lambert a jou\u00e9 un r\u00f4le cl\u00e9 dans l&#8217;histoire religieuse et culturelle d&#8217;Annecy.<\/li>\n\n\n\n<li><strong>Visite<\/strong>: Bien que la Maison Lambert soit une propri\u00e9t\u00e9 priv\u00e9e et ne se visite pas, sa fa\u00e7ade reste un incontournable pour les passionn\u00e9s d&#8217;histoire et d&#8217;architecture.<\/li>\n<\/ul>\n\n\n\n<p><strong>Cath\u00e9drale Saint-Pierre : Un Joyau de la Renaissance<\/strong><\/p>\n\n\n\n<p>Juste en face, la Cath\u00e9drale Saint-Pierre, \u00e9rig\u00e9e au 16\u00e8me si\u00e8cle, se r\u00e9v\u00e8le dans toute sa splendeur. Ce monument historique, m\u00e9langeant les styles gothique et Renaissance, a \u00e9t\u00e9 le t\u00e9moin de nombreux \u00e9v\u00e9nements historiques, de la R\u00e9volution Fran\u00e7aise \u00e0 nos jours.<\/p>\n\n\n\n<figure class=\"wp-block-image size-full\"><img loading=\"lazy\" decoding=\"async\" width=\"1200\" height=\"900\" src=\"https:\/\/blog.toploc.com\/wp-content\/uploads\/2024\/01\/image-229.png\" alt=\"Vue ext\u00e9rieure de la Cath\u00e9drale Saint-Pierre \u00a9 Tripadvisor\" class=\"wp-image-139337\"\/><figcaption class=\"wp-element-caption\">Vue ext\u00e9rieure de la Cath\u00e9drale Saint-Pierre \u00a9 Tripadvisor<\/figcaption><\/figure>\n\n\n\n<h3 id=\"decouvrez-la-cathedrale\" class=\"wp-block-heading\">D\u00e9couvrez la Cath\u00e9drale<\/h3>\n\n\n\n<ul class=\"wp-block-list\">\n<li><strong>Architecture<\/strong>: Fa\u00e7ade orn\u00e9e de pilastres toscans et d&#8217;une grande rosace en vitraux, avec un clocher unique visible depuis la place du Quai de la cath\u00e9drale.<\/li>\n\n\n\n<li><strong>Int\u00e9rieur<\/strong>: Style gothique avec trois nefs et cinq trav\u00e9es, un ch\u0153ur n\u00e9o-classique lumineux et un orgue imposant class\u00e9 monument historique.<\/li>\n\n\n\n<li><strong>Visite<\/strong>: Acc\u00e8s gratuit, la cath\u00e9drale offre une atmosph\u00e8re paisible et spirituelle, id\u00e9ale pour les amateurs d&#8217;art et d&#8217;histoire.<\/li>\n<\/ul>\n\n\n\n<h3 id=\"votre-experience-culturelle-a-annecy\" class=\"wp-block-heading\">Votre Exp\u00e9rience Culturelle \u00e0 Annecy<\/h3>\n\n\n\n<p>Imaginez-vous fl\u00e2nant dans les rues \u00e9troites d&#8217;Annecy, d\u00e9couvrant ces deux joyaux architecturaux. La Maison Lambert, avec sa fa\u00e7ade \u00e9l\u00e9gante, et la Cath\u00e9drale Saint-Pierre, avec son int\u00e9rieur somptueux, sont des arr\u00eats incontournables pour comprendre le riche patrimoine d&#8217;Annecy.<\/p>\n\n\n\n<p><strong>Informations Pratiques<\/strong><\/p>\n\n\n\n<ul class=\"wp-block-list\">\n<li><strong>Maison Lambert<\/strong>: 15 rue Jean-Jacques Rousseau, 74000 Annecy. Ne se visite pas.<\/li>\n\n\n\n<li><strong>Cath\u00e9drale Saint-Pierre<\/strong>: Rue Jean-Jacques Rousseau, 74000 Annecy. Entr\u00e9e gratuite.<\/li>\n<\/ul>\n\n\n\n<p>La Maison Lambert et la Cath\u00e9drale Saint-Pierre d&#8217;Annecy sont des t\u00e9moins privil\u00e9gi\u00e9s de l&#8217;histoire et de l&#8217;art. Lors de votre visite \u00e0 Annecy, prenez un moment pour admirer ces b\u00e2timents historiques, symboles de la richesse culturelle de la ville.<\/p>\n\n\n\n<h2 id=\"puits-saint-jean-visitez-ce-puits-historique\" class=\"wp-block-heading\">Puits Saint-Jean : Visitez ce puits historique<\/h2>\n\n\n\n<p>Le Puits Saint-Jean, situ\u00e9 \u00e0 l&#8217;intersection des rues pi\u00e9tonnes et commer\u00e7antes d&#8217;Annecy, est un vestige fascinant du XV\u00e8me si\u00e8cle. \u00c9rig\u00e9 par les chevaliers de Saint-Jean de J\u00e9rusalem, ce puits historique \u00e9tait non seulement une source d&#8217;eau potable mais aussi un symbole du bapt\u00eame du Christ.<\/p>\n\n\n\n<figure class=\"wp-block-image size-full\"><img loading=\"lazy\" decoding=\"async\" width=\"800\" height=\"600\" src=\"https:\/\/blog.toploc.com\/wp-content\/uploads\/2024\/01\/image-230.png\" alt=\"D\u00e9couvrez le Puits Saint-Jean si vous venez visiter Annecy \u00e0 pied \u00a9 Minist\u00e8re de la Culture\" class=\"wp-image-139338\"\/><figcaption class=\"wp-element-caption\">D\u00e9couvrez le Puits Saint-Jean si vous venez visiter Annecy \u00e0 pied \u00a9 Minist\u00e8re de la Culture<\/figcaption><\/figure>\n\n\n\n<h3 id=\"histoire-et-restauration-un-patrimoine-preserve\" class=\"wp-block-heading\">Histoire et Restauration : Un Patrimoine Pr\u00e9serv\u00e9<\/h3>\n\n\n\n<p>Ce puits, initialement construit en 1453, a subi plusieurs transformations au fil des si\u00e8cles. La margelle actuelle, datant de 1689, t\u00e9moigne de l&#8217;une de ces restaurations, comme l&#8217;indique l&#8217;inscription latine grav\u00e9e sur sa surface. Apr\u00e8s avoir \u00e9t\u00e9 combl\u00e9 en 1805 pour des raisons d&#8217;assainissement, les pierres de la margelle furent d\u00e9plac\u00e9es au parc du Clos Berthet \u00e0 S\u00e9vrier. Heureusement, gr\u00e2ce aux efforts de conservation, la margelle a \u00e9t\u00e9 restitu\u00e9e \u00e0 Annecy lors de la pi\u00e9tonnisation du centre-ville.<\/p>\n\n\n\n<h3 id=\"un-point-de-rencontre-historique-et-culturel\" class=\"wp-block-heading\">Un Point de Rencontre Historique et Culturel<\/h3>\n\n\n\n<p>Aujourd&#8217;hui, le Puits Saint-Jean est non seulement un monument historique class\u00e9 depuis 1976, mais aussi un lieu de rencontre populaire pour les habitants et les visiteurs. Entour\u00e9 de rues anim\u00e9es, il offre un cadre pittoresque pour d\u00e9couvrir l&#8217;histoire vivante d&#8217;Annecy.<\/p>\n\n\n\n<p><strong>Informations Pratiques :<\/strong><\/p>\n\n\n\n<ul class=\"wp-block-list\">\n<li><strong>Localisation<\/strong> : Intersection des rues Notre-Dame, P\u00e2quier, Carnot et Royale.<\/li>\n\n\n\n<li><strong>Acc\u00e8s<\/strong> : Libre et gratuit, accessible \u00e0 tout moment.<\/li>\n\n\n\n<li><strong>\u00c0 Proximit\u00e9<\/strong> : Caf\u00e9s, boutiques, et autres attractions de la vieille ville.<\/li>\n<\/ul>\n\n\n\n<p>Le Puits Saint-Jean est un incontournable pour ceux qui souhaitent plonger dans le pass\u00e9 m\u00e9di\u00e9val d&#8217;Annecy. Que vous soyez un passionn\u00e9 d&#8217;histoire ou simplement \u00e0 la recherche d&#8217;un lieu charmant pour une pause, ce puits historique vous promet une exp\u00e9rience enrichissante et m\u00e9morable.<\/p>\n\n\n\n<h2 id=\"hotel-de-ville-et-eglise-saint-maurice-des-etapes-cles-a-annecy\" class=\"wp-block-heading\">H\u00f4tel de ville et \u00c9glise Saint-Maurice : Des \u00c9tapes Cl\u00e9s \u00e0 Annecy<\/h2>\n\n\n\n<p>Lors de votre visite \u00e0 Annecy, ne manquez pas de d\u00e9couvrir l&#8217;H\u00f4tel de Ville et l&#8217;\u00c9glise Saint-Maurice, deux sites embl\u00e9matiques situ\u00e9s \u00e0 proximit\u00e9 l&#8217;un de l&#8217;autre. Ces \u00e9difices, t\u00e9moins de l&#8217;histoire riche et vari\u00e9e de la ville, offrent une exp\u00e9rience culturelle inoubliable.<\/p>\n\n\n\n<figure class=\"wp-block-image size-full\"><img loading=\"lazy\" decoding=\"async\" width=\"800\" height=\"542\" src=\"https:\/\/blog.toploc.com\/wp-content\/uploads\/2024\/01\/image-231.png\" alt=\"L'esplanade de l'h\u00f4tel de ville d'Annecy se visite \u00e0 pied \u00a9 Wikipedia\" class=\"wp-image-139339\"\/><figcaption class=\"wp-element-caption\">L&#8217;esplanade de l&#8217;h\u00f4tel de ville d&#8217;Annecy se visite \u00e0 pied \u00a9 Wikipedia<\/figcaption><\/figure>\n\n\n\n<h3 id=\"lhotel-de-ville-dannecy-un-symbole-de-lepoque-sarde\" class=\"wp-block-heading\">L&#8217;H\u00f4tel de Ville d&#8217;Annecy : Un Symbole de l&#8217;\u00c9poque Sarde<\/h3>\n\n\n\n<p>L&#8217;H\u00f4tel de Ville d&#8217;Annecy, abritant la mairie, est un magnifique exemple de l&#8217;architecture n\u00e9oclassique du 19e si\u00e8cle. Construit pendant la p\u00e9riode sarde, il se distingue par sa fa\u00e7ade imposante avec des colonnes monumentales et un fronton triangulaire. Bien que l&#8217;H\u00f4tel de Ville ne soit pas ouvert aux visites quotidiennes, il est possible d&#8217;admirer son hall et sa verri\u00e8re lors des journ\u00e9es du patrimoine. Le b\u00e2timent a subi un incendie majeur en 2019, mais des travaux de r\u00e9habilitation sont en cours pour restaurer sa splendeur.<\/p>\n\n\n\n<h3 id=\"eglise-saint-maurice-un-tresor-de-lart-flamboyant-savoyard\" class=\"wp-block-heading\">\u00c9glise Saint-Maurice : Un Tr\u00e9sor de l&#8217;Art Flamboyant Savoyard<\/h3>\n\n\n\n<p>Face \u00e0 l&#8217;H\u00f4tel de Ville, l&#8217;\u00c9glise Saint-Maurice, la plus ancienne \u00e9glise d&#8217;Annecy, m\u00e9rite une visite attentive. Mentionn\u00e9e d\u00e8s le 12e si\u00e8cle, elle a \u00e9t\u00e9 initialement construite comme une chapelle des Dominicains. Son architecture flamboyante savoyarde et ses restaurations successives r\u00e9v\u00e8lent des peintures murales du 15e si\u00e8cle, une chaire sculpt\u00e9e de 1715, et des vitraux \u00e9clatants. Class\u00e9e monument historique, elle offre un aper\u00e7u fascinant de l&#8217;histoire religieuse et artistique de la r\u00e9gion.<\/p>\n\n\n\n<p><strong>Informations Pratiques :<\/strong><\/p>\n\n\n\n<ul class=\"wp-block-list\">\n<li><strong>Acc\u00e8s<\/strong> : Facilement accessible \u00e0 pied depuis le centre d&#8217;Annecy.<\/li>\n\n\n\n<li><strong>Horaires<\/strong> : Ouvert toute l&#8217;ann\u00e9e, id\u00e9al pour une visite en journ\u00e9e.<\/li>\n\n\n\n<li><strong>Tarif<\/strong> : Entr\u00e9e libre pour l&#8217;\u00e9glise, H\u00f4tel de Ville accessible lors des journ\u00e9es du patrimoine.<\/li>\n\n\n\n<li><strong>Conseil<\/strong> : Pr\u00e9voyez du temps pour explorer les deux sites et leurs alentours.<\/li>\n<\/ul>\n\n\n\n<p>L&#8217;H\u00f4tel de Ville et l&#8217;\u00c9glise Saint-Maurice d&#8217;Annecy sont des \u00e9tapes incontournables pour les passionn\u00e9s d&#8217;histoire et d&#8217;architecture. Leur proximit\u00e9 permet une immersion facile dans le patrimoine culturel de la ville. Que vous soyez un amateur d&#8217;art, un passionn\u00e9 d&#8217;histoire, ou simplement en qu\u00eate de beaut\u00e9, ces sites enrichiront votre exp\u00e9rience \u00e0 Annecy.<\/p>\n\n\n\n<h2 id=\"le-conservatoire-dart-et-dhistoire-une-etape-culturelle-incontournable-sur-lavenue-de-tresum\" class=\"wp-block-heading\">Le Conservatoire d&#8217;art et d&#8217;histoire : Une \u00c9tape Culturelle Incontournable sur l&#8217;Avenue de Tresum<\/h2>\n\n\n\n<p>Situ\u00e9 sur l&#8217;avenue de Tresum, le Conservatoire d&#8217;Art et d&#8217;Histoire d&#8217;Annecy est une halte culturelle enrichissante. Ce b\u00e2timent historique, ancien Grand s\u00e9minaire du dioc\u00e8se de Gen\u00e8ve puis d&#8217;Annecy, est un tr\u00e9sor architectural et historique.<\/p>\n\n\n\n<figure class=\"wp-block-image size-full\"><img loading=\"lazy\" decoding=\"async\" width=\"640\" height=\"360\" src=\"https:\/\/blog.toploc.com\/wp-content\/uploads\/2024\/01\/image-232.png\" alt=\"Le Conservatoire d'art et d'histoire \u00a9 Maptsr\" class=\"wp-image-139340\"\/><figcaption class=\"wp-element-caption\">Le Conservatoire d&#8217;art et d&#8217;histoire \u00a9 Maptsr<\/figcaption><\/figure>\n\n\n\n<h3 id=\"un-batiment-charge-dhistoire\" class=\"wp-block-heading\">Un B\u00e2timent Charg\u00e9 d&#8217;Histoire<\/h3>\n\n\n\n<p>Construit \u00e0 la fin du 17e si\u00e8cle, le Conservatoire a jou\u00e9 un r\u00f4le cl\u00e9 dans l&#8217;\u00e9vang\u00e9lisation et la r\u00e9novation chr\u00e9tienne. Il fut \u00e9rig\u00e9 sous l&#8217;impulsion de Jean d&#8217;Arenthon d&#8217;Alex, \u00e9v\u00eaque de Gen\u00e8ve r\u00e9sidant \u00e0 Annecy, et financ\u00e9 par des rentes de commanderies en Pi\u00e9mont.<\/p>\n\n\n\n<h3 id=\"architecture-et-evolution\" class=\"wp-block-heading\">Architecture et \u00c9volution<\/h3>\n\n\n\n<p>Le b\u00e2timent original se compose d&#8217;un corps central flanqu\u00e9 de deux ailes, avec une porte majestueuse ouvrant sur une terrasse. Au 18e si\u00e8cle, il fut sur\u00e9lev\u00e9 et \u00e9tendu, et au 19e si\u00e8cle, une aile suppl\u00e9mentaire et un perron \u00e0 colonnes furent ajout\u00e9s, enrichissant son architecture.<\/p>\n\n\n\n<h3 id=\"jean-jacques-rousseau-un-ancien-eleve\" class=\"wp-block-heading\">Jean-Jacques Rousseau : Un Ancien \u00c9l\u00e8ve<\/h3>\n\n\n\n<p>Le c\u00e9l\u00e8bre philosophe Jean-Jacques Rousseau fut \u00e9l\u00e8ve au s\u00e9minaire pendant quelques mois en 1729. Cette p\u00e9riode influen\u00e7a fortement ses \u00e9crits, notamment dans &#8220;Les Confessions&#8221;.<\/p>\n\n\n\n<h3 id=\"un-conservatoire-multifacette\" class=\"wp-block-heading\">Un Conservatoire Multifacette<\/h3>\n\n\n\n<p>Aujourd&#8217;hui, le Conservatoire abrite les collections d\u00e9partementales, des centres de ressources documentaires, la biblioth\u00e8que de l&#8217;ancien Grand S\u00e9minaire, ainsi que des espaces d\u00e9di\u00e9s \u00e0 la culture et au patrimoine. Il accueille \u00e9galement CITIA (Cit\u00e9 de l&#8217;image en mouvement), une salle d&#8217;exposition consacr\u00e9e au cin\u00e9ma d&#8217;animation, et une salle de r\u00e9p\u00e9tition pour l&#8217;Orchestre des Pays de Savoie.<\/p>\n\n\n\n<p><strong>Informations Pratiques :<\/strong><\/p>\n\n\n\n<ul class=\"wp-block-list\">\n<li><strong>Adresse<\/strong> : Avenue de Tresum, Annecy.<\/li>\n\n\n\n<li><strong>Horaires<\/strong> : Veuillez consulter le site officiel pour les horaires actuels.<\/li>\n\n\n\n<li><strong>Tarifs<\/strong> : Entr\u00e9e gratuite ou tarifs sp\u00e9cifiques pour certaines expositions.<\/li>\n\n\n\n<li><strong>Accessibilit\u00e9<\/strong> : Adapt\u00e9 aux personnes \u00e0 mobilit\u00e9 r\u00e9duite.<\/li>\n<\/ul>\n\n\n\n<p>Le Conservatoire d&#8217;Art et d&#8217;Histoire est un lieu o\u00f9 l&#8217;art, l&#8217;histoire et la culture se rencontrent. Que vous soyez passionn\u00e9 d&#8217;histoire, amateur d&#8217;art ou simplement curieux, ce lieu offre une exp\u00e9rience culturelle riche et vari\u00e9e.<\/p>\n\n\n\n<p>Cet itin\u00e9raire peut \u00eatre ajust\u00e9 selon vos pr\u00e9f\u00e9rences et le temps dont vous disposez. Chaque lieu offre un aper\u00e7u unique de l&#8217;histoire et de la culture d&#8217;Annecy. Bonne visite !<\/p>\n\n\n\n<p>Nous vous recommandons ces autres articles :<\/p>\n\n\n\n<ul class=\"wp-block-list\">\n<li><a href=\"https:\/\/blog.toploc.com\/blog\/france\/visiter-annecy-quand-il-pleut\">Que faire \u00e0 Annecy quand il pleut<\/a><\/li>\n\n\n\n<li><a href=\"https:\/\/blog.toploc.com\/blog\/france\/que-faire-autour-d-annecy\">Que visiter autour d&#8217;Annecy<\/a><\/li>\n\n\n\n<li><a href=\"https:\/\/blog.toploc.com\/blog\/france\/que-faire-a-annecy-le-soir\">Que faire \u00e0 Annecy le soir<\/a><\/li>\n\n\n\n<li><a href=\"https:\/\/blog.toploc.com\/blog\/france\/annecy-le-dimanche\">Que faire \u00e0 Annecy le dimanche<\/a><\/li>\n<\/ul>\n\n\n\n<p>Guillaume pour Toploc<\/p>\n","protected":false},"excerpt":{"rendered":"Imaginez une ville o\u00f9 chaque pas r\u00e9v\u00e8le un nouveau chapitre d&#8217;une histoire fascinante, o\u00f9 les eaux cristallines du&hellip;\n","protected":false},"author":2,"featured_media":139328,"comment_status":"open","ping_status":"open","sticky":false,"template":"","format":"standard","meta":{"footnotes":""},"categories":[114],"tags":[7322],"class_list":{"0":"post-139326","1":"post","2":"type-post","3":"status-publish","4":"format-standard","5":"has-post-thumbnail","7":"category-france","8":"tag-visiter-annecy-a-pied"},"yoast_head":"<!-- This site is optimized with the Yoast SEO plugin v26.9 - https:\/\/yoast.com\/product\/yoast-seo-wordpress\/ -->\n<title>Itin\u00e9raire complet pour visiter Annecy \u00e0 pied en 14 \u00e9tapes<\/title>\n<meta name=\"description\" content=\"Visiter Annecy \u00e0 pied : P\u00e2quier . Gnomon Fr\u00e8re Ars\u00e8ne . Canaux . Thiou . Quai Ev\u00each\u00e9 . Porte Perri\u00e8re . Rue Sainte-Claire . Puits Saint-Jean .\" \/>\n<meta name=\"robots\" content=\"index, follow, max-snippet:-1, max-image-preview:large, max-video-preview:-1\" \/>\n<link rel=\"canonical\" href=\"https:\/\/toploc.com\/blog\/france\/visiter-annecy-a-pied\" \/>\n<meta property=\"og:locale\" content=\"fr_FR\" \/>\n<meta property=\"og:type\" content=\"article\" \/>\n<meta property=\"og:title\" content=\"Itin\u00e9raire complet pour visiter Annecy \u00e0 pied en 14 \u00e9tapes\" \/>\n<meta property=\"og:description\" content=\"Visiter Annecy \u00e0 pied : P\u00e2quier . Gnomon Fr\u00e8re Ars\u00e8ne . Canaux . Thiou . Quai Ev\u00each\u00e9 . Porte Perri\u00e8re . Rue Sainte-Claire . Puits Saint-Jean .\" \/>\n<meta property=\"og:url\" content=\"https:\/\/toploc.com\/blog\/france\/visiter-annecy-a-pied\" \/>\n<meta property=\"og:site_name\" content=\"Toploc\" \/>\n<meta property=\"article:publisher\" content=\"https:\/\/www.facebook.com\/locationfrancophone\" \/>\n<meta property=\"article:published_time\" content=\"2026-03-23T14:41:24+00:00\" \/>\n<meta property=\"article:modified_time\" content=\"2026-04-01T13:47:52+00:00\" \/>\n<meta property=\"og:image\" content=\"https:\/\/toploc.com\/blog\/wp-content\/uploads\/2024\/01\/image-223.png\" \/>\n\t<meta property=\"og:image:width\" content=\"1024\" \/>\n\t<meta property=\"og:image:height\" content=\"798\" \/>\n\t<meta property=\"og:image:type\" content=\"image\/png\" \/>\n<meta name=\"author\" content=\"Guillaume\" \/>\n<meta name=\"twitter:card\" content=\"summary_large_image\" \/>\n<meta name=\"twitter:label1\" content=\"\u00c9crit par\" \/>\n\t<meta name=\"twitter:data1\" content=\"Guillaume\" \/>\n\t<meta name=\"twitter:label2\" content=\"Dur\u00e9e de lecture estim\u00e9e\" \/>\n\t<meta name=\"twitter:data2\" content=\"27 minutes\" \/>\n<script type=\"application\/ld+json\" class=\"yoast-schema-graph\">{\"@context\":\"https:\/\/schema.org\",\"@graph\":[{\"@type\":\"Article\",\"@id\":\"https:\/\/toploc.com\/blog\/france\/visiter-annecy-a-pied#article\",\"isPartOf\":{\"@id\":\"https:\/\/toploc.com\/blog\/france\/visiter-annecy-a-pied\"},\"author\":{\"name\":\"Guillaume\",\"@id\":\"https:\/\/toploc.com\/blog\/#\/schema\/person\/ab9993aff7c3d37b3a2f20d2a57e2e66\"},\"headline\":\"Itin\u00e9raire complet pour visiter Annecy \u00e0 pied en 14 \u00e9tapes\",\"datePublished\":\"2026-03-23T14:41:24+00:00\",\"dateModified\":\"2026-04-01T13:47:52+00:00\",\"mainEntityOfPage\":{\"@id\":\"https:\/\/toploc.com\/blog\/france\/visiter-annecy-a-pied\"},\"wordCount\":5365,\"commentCount\":0,\"publisher\":{\"@id\":\"https:\/\/toploc.com\/blog\/#organization\"},\"image\":{\"@id\":\"https:\/\/toploc.com\/blog\/france\/visiter-annecy-a-pied#primaryimage\"},\"thumbnailUrl\":\"https:\/\/toploc.com\/blog\/wp-content\/uploads\/2024\/01\/image-223.png\",\"keywords\":[\"Visiter Annecy \u00e0 pied\"],\"articleSection\":[\"Itin\u00e9raires France\"],\"inLanguage\":\"fr-FR\",\"potentialAction\":[{\"@type\":\"CommentAction\",\"name\":\"Comment\",\"target\":[\"https:\/\/toploc.com\/blog\/france\/visiter-annecy-a-pied#respond\"]}]},{\"@type\":\"WebPage\",\"@id\":\"https:\/\/toploc.com\/blog\/france\/visiter-annecy-a-pied\",\"url\":\"https:\/\/toploc.com\/blog\/france\/visiter-annecy-a-pied\",\"name\":\"Itin\u00e9raire complet pour visiter Annecy \u00e0 pied en 14 \u00e9tapes\",\"isPartOf\":{\"@id\":\"https:\/\/toploc.com\/blog\/#website\"},\"primaryImageOfPage\":{\"@id\":\"https:\/\/toploc.com\/blog\/france\/visiter-annecy-a-pied#primaryimage\"},\"image\":{\"@id\":\"https:\/\/toploc.com\/blog\/france\/visiter-annecy-a-pied#primaryimage\"},\"thumbnailUrl\":\"https:\/\/toploc.com\/blog\/wp-content\/uploads\/2024\/01\/image-223.png\",\"datePublished\":\"2026-03-23T14:41:24+00:00\",\"dateModified\":\"2026-04-01T13:47:52+00:00\",\"description\":\"Visiter Annecy \u00e0 pied : P\u00e2quier . Gnomon Fr\u00e8re Ars\u00e8ne . Canaux . Thiou . Quai Ev\u00each\u00e9 . Porte Perri\u00e8re . Rue Sainte-Claire . Puits Saint-Jean .\",\"breadcrumb\":{\"@id\":\"https:\/\/toploc.com\/blog\/france\/visiter-annecy-a-pied#breadcrumb\"},\"inLanguage\":\"fr-FR\",\"potentialAction\":[{\"@type\":\"ReadAction\",\"target\":[\"https:\/\/toploc.com\/blog\/france\/visiter-annecy-a-pied\"]}]},{\"@type\":\"ImageObject\",\"inLanguage\":\"fr-FR\",\"@id\":\"https:\/\/toploc.com\/blog\/france\/visiter-annecy-a-pied#primaryimage\",\"url\":\"https:\/\/toploc.com\/blog\/wp-content\/uploads\/2024\/01\/image-223.png\",\"contentUrl\":\"https:\/\/toploc.com\/blog\/wp-content\/uploads\/2024\/01\/image-223.png\",\"width\":2259,\"height\":1760,\"caption\":\"Les canaux du Thiou \u00e0 Annecy se visitent \u00e0 pied \u00a9 Wikipedia\"},{\"@type\":\"BreadcrumbList\",\"@id\":\"https:\/\/toploc.com\/blog\/france\/visiter-annecy-a-pied#breadcrumb\",\"itemListElement\":[{\"@type\":\"ListItem\",\"position\":1,\"name\":\"Accueil\",\"item\":\"https:\/\/toploc.com\/blog\"},{\"@type\":\"ListItem\",\"position\":2,\"name\":\"Itin\u00e9raire complet pour visiter Annecy \u00e0 pied en 14 \u00e9tapes\"}]},{\"@type\":\"WebSite\",\"@id\":\"https:\/\/toploc.com\/blog\/#website\",\"url\":\"https:\/\/toploc.com\/blog\/\",\"name\":\"Toploc\",\"description\":\"Itin\u00e9raires natures et locations de vacances en groupe\",\"publisher\":{\"@id\":\"https:\/\/toploc.com\/blog\/#organization\"},\"potentialAction\":[{\"@type\":\"SearchAction\",\"target\":{\"@type\":\"EntryPoint\",\"urlTemplate\":\"https:\/\/toploc.com\/blog\/?s={search_term_string}\"},\"query-input\":{\"@type\":\"PropertyValueSpecification\",\"valueRequired\":true,\"valueName\":\"search_term_string\"}}],\"inLanguage\":\"fr-FR\"},{\"@type\":\"Organization\",\"@id\":\"https:\/\/toploc.com\/blog\/#organization\",\"name\":\"Toploc\",\"url\":\"https:\/\/toploc.com\/blog\/\",\"logo\":{\"@type\":\"ImageObject\",\"inLanguage\":\"fr-FR\",\"@id\":\"https:\/\/toploc.com\/blog\/#\/schema\/logo\/image\/\",\"url\":\"https:\/\/blog.toploc.com\/wp-content\/uploads\/2022\/03\/toploc_facebook_5.png\",\"contentUrl\":\"https:\/\/blog.toploc.com\/wp-content\/uploads\/2022\/03\/toploc_facebook_5.png\",\"width\":600,\"height\":600,\"caption\":\"Toploc\"},\"image\":{\"@id\":\"https:\/\/toploc.com\/blog\/#\/schema\/logo\/image\/\"},\"sameAs\":[\"https:\/\/www.facebook.com\/locationfrancophone\",\"https:\/\/www.instagram.com\/toploc_\",\"https:\/\/www.pinterest.fr\/Toploc_\/\"]},{\"@type\":\"Person\",\"@id\":\"https:\/\/toploc.com\/blog\/#\/schema\/person\/ab9993aff7c3d37b3a2f20d2a57e2e66\",\"name\":\"Guillaume\",\"image\":{\"@type\":\"ImageObject\",\"inLanguage\":\"fr-FR\",\"@id\":\"https:\/\/toploc.com\/blog\/#\/schema\/person\/image\/\",\"url\":\"https:\/\/secure.gravatar.com\/avatar\/d80553a7f7ac9459767da9b2359979a62070bea95c2826cda6a65908541bf9e6?s=96&d=mm&r=g\",\"contentUrl\":\"https:\/\/secure.gravatar.com\/avatar\/d80553a7f7ac9459767da9b2359979a62070bea95c2826cda6a65908541bf9e6?s=96&d=mm&r=g\",\"caption\":\"Guillaume\"},\"description\":\"Je suis passionn\u00e9 de grands espaces, de montagnes et de trail running. Je suis aussi le co-fondateur de Toploc, une plateforme de voyage nature. Pourquoi ? pour partager mon go\u00fbt pour les aventures en plein air, les itin\u00e9raires de voyages et la nature.\",\"url\":\"https:\/\/toploc.com\/blog\/author\/guillaume\"}]}<\/script>\n<!-- \/ Yoast SEO plugin. -->","yoast_head_json":{"title":"Itin\u00e9raire complet pour visiter Annecy \u00e0 pied en 14 \u00e9tapes","description":"Visiter Annecy \u00e0 pied : P\u00e2quier . Gnomon Fr\u00e8re Ars\u00e8ne . Canaux . Thiou . Quai Ev\u00each\u00e9 . Porte Perri\u00e8re . Rue Sainte-Claire . Puits Saint-Jean .","robots":{"index":"index","follow":"follow","max-snippet":"max-snippet:-1","max-image-preview":"max-image-preview:large","max-video-preview":"max-video-preview:-1"},"canonical":"https:\/\/toploc.com\/blog\/france\/visiter-annecy-a-pied","og_locale":"fr_FR","og_type":"article","og_title":"Itin\u00e9raire complet pour visiter Annecy \u00e0 pied en 14 \u00e9tapes","og_description":"Visiter Annecy \u00e0 pied : P\u00e2quier . Gnomon Fr\u00e8re Ars\u00e8ne . Canaux . Thiou . Quai Ev\u00each\u00e9 . Porte Perri\u00e8re . Rue Sainte-Claire . Puits Saint-Jean .","og_url":"https:\/\/toploc.com\/blog\/france\/visiter-annecy-a-pied","og_site_name":"Toploc","article_publisher":"https:\/\/www.facebook.com\/locationfrancophone","article_published_time":"2026-03-23T14:41:24+00:00","article_modified_time":"2026-04-01T13:47:52+00:00","og_image":[{"url":"https:\/\/toploc.com\/blog\/wp-content\/uploads\/2024\/01\/image-223.png","width":1024,"height":798,"type":"image\/png"}],"author":"Guillaume","twitter_card":"summary_large_image","twitter_misc":{"\u00c9crit par":"Guillaume","Dur\u00e9e de lecture estim\u00e9e":"27 minutes"},"schema":{"@context":"https:\/\/schema.org","@graph":[{"@type":"Article","@id":"https:\/\/toploc.com\/blog\/france\/visiter-annecy-a-pied#article","isPartOf":{"@id":"https:\/\/toploc.com\/blog\/france\/visiter-annecy-a-pied"},"author":{"name":"Guillaume","@id":"https:\/\/toploc.com\/blog\/#\/schema\/person\/ab9993aff7c3d37b3a2f20d2a57e2e66"},"headline":"Itin\u00e9raire complet pour visiter Annecy \u00e0 pied en 14 \u00e9tapes","datePublished":"2026-03-23T14:41:24+00:00","dateModified":"2026-04-01T13:47:52+00:00","mainEntityOfPage":{"@id":"https:\/\/toploc.com\/blog\/france\/visiter-annecy-a-pied"},"wordCount":5365,"commentCount":0,"publisher":{"@id":"https:\/\/toploc.com\/blog\/#organization"},"image":{"@id":"https:\/\/toploc.com\/blog\/france\/visiter-annecy-a-pied#primaryimage"},"thumbnailUrl":"https:\/\/toploc.com\/blog\/wp-content\/uploads\/2024\/01\/image-223.png","keywords":["Visiter Annecy \u00e0 pied"],"articleSection":["Itin\u00e9raires France"],"inLanguage":"fr-FR","potentialAction":[{"@type":"CommentAction","name":"Comment","target":["https:\/\/toploc.com\/blog\/france\/visiter-annecy-a-pied#respond"]}]},{"@type":"WebPage","@id":"https:\/\/toploc.com\/blog\/france\/visiter-annecy-a-pied","url":"https:\/\/toploc.com\/blog\/france\/visiter-annecy-a-pied","name":"Itin\u00e9raire complet pour visiter Annecy \u00e0 pied en 14 \u00e9tapes","isPartOf":{"@id":"https:\/\/toploc.com\/blog\/#website"},"primaryImageOfPage":{"@id":"https:\/\/toploc.com\/blog\/france\/visiter-annecy-a-pied#primaryimage"},"image":{"@id":"https:\/\/toploc.com\/blog\/france\/visiter-annecy-a-pied#primaryimage"},"thumbnailUrl":"https:\/\/toploc.com\/blog\/wp-content\/uploads\/2024\/01\/image-223.png","datePublished":"2026-03-23T14:41:24+00:00","dateModified":"2026-04-01T13:47:52+00:00","description":"Visiter Annecy \u00e0 pied : P\u00e2quier . Gnomon Fr\u00e8re Ars\u00e8ne . Canaux . Thiou . Quai Ev\u00each\u00e9 . Porte Perri\u00e8re . Rue Sainte-Claire . Puits Saint-Jean .","breadcrumb":{"@id":"https:\/\/toploc.com\/blog\/france\/visiter-annecy-a-pied#breadcrumb"},"inLanguage":"fr-FR","potentialAction":[{"@type":"ReadAction","target":["https:\/\/toploc.com\/blog\/france\/visiter-annecy-a-pied"]}]},{"@type":"ImageObject","inLanguage":"fr-FR","@id":"https:\/\/toploc.com\/blog\/france\/visiter-annecy-a-pied#primaryimage","url":"https:\/\/toploc.com\/blog\/wp-content\/uploads\/2024\/01\/image-223.png","contentUrl":"https:\/\/toploc.com\/blog\/wp-content\/uploads\/2024\/01\/image-223.png","width":2259,"height":1760,"caption":"Les canaux du Thiou \u00e0 Annecy se visitent \u00e0 pied \u00a9 Wikipedia"},{"@type":"BreadcrumbList","@id":"https:\/\/toploc.com\/blog\/france\/visiter-annecy-a-pied#breadcrumb","itemListElement":[{"@type":"ListItem","position":1,"name":"Accueil","item":"https:\/\/toploc.com\/blog"},{"@type":"ListItem","position":2,"name":"Itin\u00e9raire complet pour visiter Annecy \u00e0 pied en 14 \u00e9tapes"}]},{"@type":"WebSite","@id":"https:\/\/toploc.com\/blog\/#website","url":"https:\/\/toploc.com\/blog\/","name":"Toploc","description":"Itin\u00e9raires natures et locations de vacances en groupe","publisher":{"@id":"https:\/\/toploc.com\/blog\/#organization"},"potentialAction":[{"@type":"SearchAction","target":{"@type":"EntryPoint","urlTemplate":"https:\/\/toploc.com\/blog\/?s={search_term_string}"},"query-input":{"@type":"PropertyValueSpecification","valueRequired":true,"valueName":"search_term_string"}}],"inLanguage":"fr-FR"},{"@type":"Organization","@id":"https:\/\/toploc.com\/blog\/#organization","name":"Toploc","url":"https:\/\/toploc.com\/blog\/","logo":{"@type":"ImageObject","inLanguage":"fr-FR","@id":"https:\/\/toploc.com\/blog\/#\/schema\/logo\/image\/","url":"https:\/\/blog.toploc.com\/wp-content\/uploads\/2022\/03\/toploc_facebook_5.png","contentUrl":"https:\/\/blog.toploc.com\/wp-content\/uploads\/2022\/03\/toploc_facebook_5.png","width":600,"height":600,"caption":"Toploc"},"image":{"@id":"https:\/\/toploc.com\/blog\/#\/schema\/logo\/image\/"},"sameAs":["https:\/\/www.facebook.com\/locationfrancophone","https:\/\/www.instagram.com\/toploc_","https:\/\/www.pinterest.fr\/Toploc_\/"]},{"@type":"Person","@id":"https:\/\/toploc.com\/blog\/#\/schema\/person\/ab9993aff7c3d37b3a2f20d2a57e2e66","name":"Guillaume","image":{"@type":"ImageObject","inLanguage":"fr-FR","@id":"https:\/\/toploc.com\/blog\/#\/schema\/person\/image\/","url":"https:\/\/secure.gravatar.com\/avatar\/d80553a7f7ac9459767da9b2359979a62070bea95c2826cda6a65908541bf9e6?s=96&d=mm&r=g","contentUrl":"https:\/\/secure.gravatar.com\/avatar\/d80553a7f7ac9459767da9b2359979a62070bea95c2826cda6a65908541bf9e6?s=96&d=mm&r=g","caption":"Guillaume"},"description":"Je suis passionn\u00e9 de grands espaces, de montagnes et de trail running. Je suis aussi le co-fondateur de Toploc, une plateforme de voyage nature. Pourquoi ? pour partager mon go\u00fbt pour les aventures en plein air, les itin\u00e9raires de voyages et la nature.","url":"https:\/\/toploc.com\/blog\/author\/guillaume"}]}},"_links":{"self":[{"href":"https:\/\/toploc.com\/blog\/wp-json\/wp\/v2\/posts\/139326","targetHints":{"allow":["GET"]}}],"collection":[{"href":"https:\/\/toploc.com\/blog\/wp-json\/wp\/v2\/posts"}],"about":[{"href":"https:\/\/toploc.com\/blog\/wp-json\/wp\/v2\/types\/post"}],"author":[{"embeddable":true,"href":"https:\/\/toploc.com\/blog\/wp-json\/wp\/v2\/users\/2"}],"replies":[{"embeddable":true,"href":"https:\/\/toploc.com\/blog\/wp-json\/wp\/v2\/comments?post=139326"}],"version-history":[{"count":16,"href":"https:\/\/toploc.com\/blog\/wp-json\/wp\/v2\/posts\/139326\/revisions"}],"predecessor-version":[{"id":162562,"href":"https:\/\/toploc.com\/blog\/wp-json\/wp\/v2\/posts\/139326\/revisions\/162562"}],"wp:featuredmedia":[{"embeddable":true,"href":"https:\/\/toploc.com\/blog\/wp-json\/wp\/v2\/media\/139328"}],"wp:attachment":[{"href":"https:\/\/toploc.com\/blog\/wp-json\/wp\/v2\/media?parent=139326"}],"wp:term":[{"taxonomy":"category","embeddable":true,"href":"https:\/\/toploc.com\/blog\/wp-json\/wp\/v2\/categories?post=139326"},{"taxonomy":"post_tag","embeddable":true,"href":"https:\/\/toploc.com\/blog\/wp-json\/wp\/v2\/tags?post=139326"}],"curies":[{"name":"wp","href":"https:\/\/api.w.org\/{rel}","templated":true}]}}