{"id":139064,"date":"2025-04-20T12:18:36","date_gmt":"2025-04-20T10:18:36","guid":{"rendered":"https:\/\/blog.toploc.com\/?p=139064"},"modified":"2026-04-01T15:29:20","modified_gmt":"2026-04-01T13:29:20","slug":"visiter-annecy-en-5-jours","status":"publish","type":"post","link":"https:\/\/toploc.com\/blog\/france\/visiter-annecy-en-5-jours","title":{"rendered":"Itin\u00e9raire complet pour visiter Annecy en 5 jours"},"content":{"rendered":"\n<p>Annecy est une invitation \u00e0 un voyage enchanteur. Cette ville pittoresque, nich\u00e9e entre un lac \u00e9tincelant et des montagnes majestueuses, est le cadre parfait pour une escapade de cinq jours m\u00e9morable. Imaginez-vous fl\u00e2nant le long des canaux sereins, admirant les fa\u00e7ades color\u00e9es et vous laissant bercer par l&#8217;atmosph\u00e8re paisible de la ville. Comment <a href=\"https:\/\/blog.toploc.com\/blog\/france\/visiter-annecy\">visiter Annecy <\/a>en 5 jours ? Pour vous, explorateurs dans l&#8217;\u00e2me, Annecy est un tr\u00e9sor \u00e0 ciel ouvert. Que vous soyez un passionn\u00e9 de randonn\u00e9es en montagne, un cycliste chevronn\u00e9 autour du lac, ou un adepte des croisi\u00e8res, chaque jour \u00e0 Annecy est une nouvelle promesse d&#8217;\u00e9merveillement. Les amateurs d&#8217;art et d&#8217;histoire trouveront \u00e9galement leur bonheur, avec un patrimoine riche et des mus\u00e9es captivants.<\/p>\n\n\n\n<div class=\"wp-block-buttons is-content-justification-center is-layout-flex wp-container-core-buttons-is-layout-16018d1d wp-block-buttons-is-layout-flex\">\n<div class=\"wp-block-button\"><a class=\"wp-block-button__link has-background has-small-font-size has-custom-font-size wp-element-button\" href=\"https:\/\/toploc.com\/location\/s\/Annecy--Alpes-occidentales--France\" style=\"background-color:#006b52\" target=\"_blank\" rel=\"noreferrer noopener\"><strong>\ud83d\udc49\u00a0R\u00c9SERVER UN AIRBNB ANNECY<\/strong><\/a><\/div>\n<\/div>\n\n\n\n<h2 id=\"notre-carte-interactive-pour-visiter-annecy-en-5-jours\" class=\"wp-block-heading\">Notre carte interactive pour visiter Annecy en 5 jours<\/h2>\n\n\n\n<p>Dans cet article, nous vous guidons \u00e0 travers un itin\u00e9raire de cinq jours pour explorer Annecy et ses environs. Chaque journ\u00e9e est une aventure \u00e0 part enti\u00e8re, vous permettant de d\u00e9couvrir les merveilles de la ville et de ses paysages. Des incontournables aux tr\u00e9sors cach\u00e9s, votre s\u00e9jour \u00e0 Annecy sera un kal\u00e9idoscope de d\u00e9couvertes et d&#8217;\u00e9motions. Pr\u00e9parez-vous pour une exp\u00e9rience inoubliable, o\u00f9 chaque instant sera un enrichissement pour votre voyage. Suivez-nous dans cette exploration d\u00e9taill\u00e9e d&#8217;Annecy, une destination de r\u00eave qui vous attend.<\/p>\n\n\n\n<iframe loading=\"lazy\" src=\"https:\/\/www.google.com\/maps\/d\/embed?mid=1uiTESc6VUAdC7v5CwokCPEC1oE_YRXs&#038;hl=fr&#038;ehbc=2E312F\" width=\"640\" height=\"480\"><\/iframe>\n\n\n\n<h2 id=\"jour-1-exploration-dannecy\" class=\"wp-block-heading\"><strong>Jour 1 : Exploration d\u2019Annecy<\/strong><\/h2>\n\n\n\n<p>Votre premi\u00e8re journ\u00e9e \u00e0 Annecy sera une plong\u00e9e envo\u00fbtante dans le c\u0153ur historique de la ville. Imaginez-vous d\u00e9ambuler dans des ruelles bord\u00e9es de canaux, o\u00f9 chaque pas vous r\u00e9v\u00e8le un pan de l&#8217;histoire et de la culture locales.&nbsp;Voici nos conseils pour votre 1\u00e8re journ\u00e9e d&#8217;exploration \u00e0 Annecy :<\/p>\n\n\n\n<ul class=\"wp-block-list\">\n<li>Commencez par le Palais de l\u2019Isle, un monument embl\u00e9matique situ\u00e9 au milieu du canal du Thiou. Ce b\u00e2timent, datant du 12\u00e8me si\u00e8cle, a servi de prison, de palais de justice et de r\u00e9sidence administrative. Aujourd&#8217;hui, il abrite un mus\u00e9e d\u00e9di\u00e9 \u00e0 l&#8217;histoire d&#8217;Annecy.<\/li>\n\n\n\n<li>Poursuivez ensuite vers le Ch\u00e2teau d\u2019Annecy, perch\u00e9 sur une colline et offrant une vue imprenable sur la ville et le lac. Ce ch\u00e2teau, ancienne r\u00e9sidence des comtes de Gen\u00e8ve et des ducs de Savoie, est un m\u00e9lange fascinant d&#8217;architecture m\u00e9di\u00e9vale et renaissance.<\/li>\n\n\n\n<li>Fl\u00e2nez dans le Jardin de l\u2019Europe, un havre de paix verdoyant, id\u00e9al pour une pause d\u00e9tente. Ce jardin, situ\u00e9 au bord du lac, est parfait pour admirer la nature et faire le plein d&#8217;\u00e9nergie.<\/li>\n\n\n\n<li>Enfin, traversez le Pont des Amours, un lieu embl\u00e9matique d&#8217;Annecy. Selon la l\u00e9gende, un baiser \u00e9chang\u00e9 sur ce pont garantit un amour \u00e9ternel. C&#8217;est l&#8217;endroit id\u00e9al pour immortaliser votre visite avec une photo m\u00e9morable.<\/li>\n\n\n\n<li>Terminez votre journ\u00e9e \u00e0 l\u2019Imp\u00e9rial Palace, un h\u00f4tel de luxe offrant une vue spectaculaire sur le lac. C&#8217;est l&#8217;endroit parfait pour se d\u00e9tendre apr\u00e8s une journ\u00e9e riche en d\u00e9couvertes. <\/li>\n<\/ul>\n\n\n\n<figure class=\"wp-block-image size-full\"><img decoding=\"async\" src=\"https:\/\/blog.toploc.com\/wp-content\/uploads\/2023\/09\/Capture-de\u0301cran-2023-09-01-a\u0300-10.46.39.png\" alt=\"L'Imperial Palace a Annecy, h\u00f4tel de luxe, salle d'\u00e9v\u00e8nements et casino \u00a9 Wikipedia\" class=\"wp-image-130887\"\/><figcaption class=\"wp-element-caption\">L&#8217;Imperial Palace a Annecy, h\u00f4tel de luxe, salle d&#8217;\u00e9v\u00e8nements et casino \u00a9 Wikipedia<\/figcaption><\/figure>\n\n\n\n<p>Cette premi\u00e8re journ\u00e9e \u00e0 Annecy vous aura permis de vous immerger dans l&#8217;atmosph\u00e8re unique de la ville, m\u00ealant histoire, culture et nature. Immanquable pour visiter Annecy en 5 jours.<\/p>\n\n\n\n<h3 id=\"balade-dans-le-centre-historique-dannecy\" class=\"wp-block-heading\"><strong>Balade dans le centre historique d\u2019Annecy<\/strong><\/h3>\n\n\n\n<p>Le c\u0153ur historique d&#8217;Annecy est un labyrinthe de beaut\u00e9 et d&#8217;histoire, o\u00f9 chaque coin de rue raconte une histoire. Voici les incontournables \u00e0 d\u00e9couvrir lors de votre promenade :<\/p>\n\n\n\n<ul class=\"wp-block-list\">\n<li><strong>Le quartier des vieilles prisons<\/strong> : Ce quartier pittoresque est c\u00e9l\u00e8bre pour ses maisons color\u00e9es et ses arcades charmantes. Ici, l&#8217;ancienne prison sur le Palais de l\u2019Isle se dresse fi\u00e8rement, t\u00e9moignant du riche pass\u00e9 d&#8217;Annecy. <\/li>\n<\/ul>\n\n\n\n<figure class=\"wp-block-image size-full\"><img loading=\"lazy\" decoding=\"async\" width=\"1400\" height=\"1050\" src=\"https:\/\/blog.toploc.com\/wp-content\/uploads\/2024\/01\/image-128.png\" alt=\"Le quartier des vieilles prisons \u00e9tape incontournable pour visiter Annecy en 5 jours \u00a9\u00a0Annecy Explorer\" class=\"wp-image-139065\"\/><figcaption class=\"wp-element-caption\">Le quartier des vieilles prisons \u00e9tape incontournable pour visiter Annecy en 5 jours \u00a9&nbsp;Annecy Explorer<\/figcaption><\/figure>\n\n\n\n<ul class=\"wp-block-list\">\n<li><strong>La rue Sainte-Claire<\/strong> : Fl\u00e2nez dans cette rue historique, bord\u00e9e d&#8217;arcades du XVIIe si\u00e8cle. C&#8217;est un lieu parfait pour d\u00e9couvrir des boutiques uniques, des caf\u00e9s accueillants et pour sentir le pouls de la ville.<\/li>\n\n\n\n<li><strong>La place Notre-Dame <\/strong>: Au c\u0153ur de la ville, cette place est domin\u00e9e par l&#8217;\u00e9glise Notre-Dame-de-Liesse, un joyau de l&#8217;art baroque. La fontaine de Saint-Jean ajoute \u00e0 l&#8217;atmosph\u00e8re paisible de la place. <\/li>\n<\/ul>\n\n\n\n<figure class=\"wp-block-image size-full\"><img loading=\"lazy\" decoding=\"async\" width=\"2560\" height=\"1440\" src=\"https:\/\/blog.toploc.com\/wp-content\/uploads\/2024\/01\/image-129.png\" alt=\"l'\u00e9glise Notre-Dame-de-Liesse \u00a9 Abritel\" class=\"wp-image-139067\"\/><figcaption class=\"wp-element-caption\">l&#8217;\u00e9glise Notre-Dame-de-Liesse \u00a9 Abritel<\/figcaption><\/figure>\n\n\n\n<ul class=\"wp-block-list\">\n<li><strong>La rue Royale <\/strong>: Cette rue \u00e9l\u00e9gante abrite des h\u00f4tels particuliers du XVIIIe si\u00e8cle et des galeries d&#8217;art. C&#8217;est un endroit id\u00e9al pour admirer l&#8217;architecture et l&#8217;art local.<\/li>\n\n\n\n<li><strong>Le quai de l\u2019\u00c9v\u00each\u00e9<\/strong> : Longeant le Thiou, ce quai est parfait pour une promenade relaxante. Les terrasses des caf\u00e9s offrent une vue magnifique sur le canal, id\u00e9ale pour une pause rafra\u00eechissante.<\/li>\n\n\n\n<li><strong>Le quai Perri\u00e8re<\/strong> : Ce quai est un tableau vivant avec ses fleurs color\u00e9es et ses bateaux naviguant sur le lac. C&#8217;est l&#8217;endroit r\u00eav\u00e9 pour une photo souvenir ou pour simplement profiter de la s\u00e9r\u00e9nit\u00e9 du lac.<\/li>\n<\/ul>\n\n\n\n<p>Chaque \u00e9tape de cette balade dans le centre historique d&#8217;Annecy est une invitation \u00e0 s&#8217;immerger dans l&#8217;ambiance romantique et historique de la ville. Prenez le temps de vous impr\u00e9gner de chaque d\u00e9tail, chaque couleur, et chaque son, pour une exp\u00e9rience inoubliable.<\/p>\n\n\n\n<h3 id=\"visite-du-palais-de-lisle-un-voyage-a-travers-lhistoire-et-larchitecture\" class=\"wp-block-heading\"><strong>Visite du Palais de l\u2019Isle : <\/strong><strong>Un Voyage \u00e0 Travers l&#8217;Histoire et l&#8217;Architecture<\/strong><\/h3>\n\n\n\n<p>Imaginez-vous en train de d\u00e9couvrir le Palais de l\u2019Isle, ce monument historique unique nich\u00e9 sur une petite \u00eele au milieu du Thiou. Avec son allure de maison en forme de gal\u00e8re, ce b\u00e2timent du 12e si\u00e8cle est un v\u00e9ritable bijou d&#8217;architecture au c\u0153ur de la ville.<\/p>\n\n\n\n<figure class=\"wp-block-image size-full\"><img loading=\"lazy\" decoding=\"async\" width=\"650\" height=\"368\" src=\"https:\/\/blog.toploc.com\/wp-content\/uploads\/2017\/07\/Palais-de-lIsle-a-Annecy.jpg\" alt=\"Palais de l'Isle \u00e0 Annecy \u00a9 Toploc\" class=\"wp-image-12863\"\/><figcaption class=\"wp-element-caption\">Palais de l&#8217;Isle \u00e0 Annecy \u00a9 Toploc<\/figcaption><\/figure>\n\n\n\n<p><strong>Votre Voyage dans le Temps<\/strong> : Le Palais de l\u2019Isle, class\u00e9 monument historique en 1900, a \u00e9t\u00e9 tour \u00e0 tour prison, palais de justice et centre administratif. Sa structure m\u00e9di\u00e9vale et son histoire fascinante vous transporteront dans le pass\u00e9 d&#8217;Annecy.<\/p>\n\n\n\n<p><strong>Un Mus\u00e9e Captivant<\/strong> : Aujourd&#8217;hui, ce lieu embl\u00e9matique est un mus\u00e9e qui vous invite \u00e0 explorer le patrimoine et l&#8217;architecture d&#8217;Annecy. Vous y d\u00e9couvrirez des expositions temporaires et des activit\u00e9s p\u00e9dagogiques qui enrichiront votre visite.<\/p>\n\n\n\n<figure class=\"wp-block-image size-full\"><img loading=\"lazy\" decoding=\"async\" width=\"2560\" height=\"1440\" src=\"https:\/\/blog.toploc.com\/wp-content\/uploads\/2024\/01\/image-130.png\" alt=\"Vue int\u00e9rieure du Palais de l'Isle \u00a9 Expedia\" class=\"wp-image-139068\"\/><figcaption class=\"wp-element-caption\">Vue int\u00e9rieure du Palais de l&#8217;Isle \u00a9 Expedia<\/figcaption><\/figure>\n\n\n\n<p><strong>Infos Utiles pour Vous<\/strong> :<\/p>\n\n\n\n<ul class=\"wp-block-list\">\n<li><strong>Horaires<\/strong> : Le Palais est ouvert toute l&#8217;ann\u00e9e, avec des horaires adapt\u00e9s \u00e0 chaque saison.<\/li>\n\n\n\n<li><strong>Tarifs<\/strong> :\n<ul class=\"wp-block-list\">\n<li>Adultes : environ 3,80 \u20ac.<\/li>\n\n\n\n<li>Tarif r\u00e9duit (\u00e9tudiants, seniors) : environ 2 \u20ac.<\/li>\n\n\n\n<li>Gratuit pour les enfants de moins de 12 ans.<\/li>\n<\/ul>\n<\/li>\n\n\n\n<li><strong>Petit Plus<\/strong> : Des visites guid\u00e9es sont disponibles pour une exp\u00e9rience encore plus enrichissante.<\/li>\n<\/ul>\n\n\n\n<p>Le Palais de l\u2019Isle \u00e0 Annecy est l&#8217;endroit parfait pour les curieux d&#8217;histoire et d&#8217;architecture. C&#8217;est une \u00e9tape incontournable de votre visite \u00e0 Annecy, o\u00f9 chaque pierre raconte une histoire. Pr\u00e9parez-vous \u00e0 \u00eatre charm\u00e9 par ce lieu historique unique !<\/p>\n\n\n\n<h3 id=\"chateau-dannecy-un-voyage-a-travers-lhistoire-et-lart\" class=\"wp-block-heading\"><strong>Ch\u00e2teau d\u2019Annecy : Un Voyage \u00e0 Travers l&#8217;Histoire et l&#8217;Art<\/strong><\/h3>\n\n\n\n<p>Venez d\u00e9couvrir le Ch\u00e2teau d\u2019Annecy, un joyau historique nich\u00e9 au c\u0153ur de la ville. Ce ch\u00e2teau, ancienne demeure des comtes de Gen\u00e8ve et des ducs de Genevois-Nemours, vous invite \u00e0 un voyage captivant \u00e0 travers le temps et l&#8217;art.<\/p>\n\n\n\n<figure class=\"wp-block-image size-full\"><img loading=\"lazy\" decoding=\"async\" width=\"3264\" height=\"2448\" src=\"https:\/\/blog.toploc.com\/wp-content\/uploads\/2023\/08\/Cha\u0302teau_dAnnecy.jpg\" alt=\"Le Mus\u00e9e Ch\u00e2teau d'Annecy surplombe la vieille ville \u00a9 Wikipedia\" class=\"wp-image-130862\"\/><figcaption class=\"wp-element-caption\">Le Mus\u00e9e Ch\u00e2teau d&#8217;Annecy surplombe la vieille ville \u00a9 Wikipedia <\/figcaption><\/figure>\n\n\n\n<h4 id=\"un-brin-dhistoire-et-darchitecture\" class=\"wp-block-heading\"><strong>Un Brin d&#8217;Histoire et d&#8217;Architecture<\/strong><\/h4>\n\n\n\n<p>Class\u00e9 monument historique en 1959, le ch\u00e2teau d\u2019Annecy vous r\u00e9v\u00e8le les secrets de l&#8217;architecture du 13e au 16e si\u00e8cle. Imaginez-vous d\u00e9ambuler pr\u00e8s de la tour de la Reine, dominant autrefois la porte du ch\u00e2teau, ou vous \u00e9merveiller devant l&#8217;\u00e9l\u00e9gance du vieux logis. Chaque pierre du ch\u00e2teau raconte une histoire, de la grandeur m\u00e9di\u00e9vale \u00e0 la finesse de la Renaissance fran\u00e7aise.<\/p>\n\n\n\n<h4 id=\"le-musee-un-tresor-a-explorer\" class=\"wp-block-heading\"><strong>Le Mus\u00e9e : Un Tr\u00e9sor \u00e0 Explorer<\/strong><\/h4>\n\n\n\n<p>En 1953, la Ville d\u2019Annecy transforme ce lieu historique en un mus\u00e9e fascinant. Depuis, le mus\u00e9e vous accueille avec des expositions temporaires vari\u00e9es et des collections permanentes. Vous y trouverez des tr\u00e9sors du patrimoine r\u00e9gional, des pi\u00e8ces d&#8217;arch\u00e9ologie lacustre, et m\u00eame des \u0153uvres d&#8217;art contemporain.<\/p>\n\n\n\n<h4 id=\"informations-pratiques-pour-votre-visite\" class=\"wp-block-heading\"><strong>Informations Pratiques pour Votre Visite<\/strong><\/h4>\n\n\n\n<ul class=\"wp-block-list\">\n<li><strong>Horaires<\/strong> : Ouvert toute l&#8217;ann\u00e9e, avec des horaires adapt\u00e9s aux saisons. En hiver (1er octobre &#8211; 31 mai), de 10h \u00e0 12h et de 14h \u00e0 17h. En \u00e9t\u00e9 (1er juin &#8211; 30 septembre), de 10h30 \u00e0 18h. Ferm\u00e9 les mardis et certains jours f\u00e9ri\u00e9s.<\/li>\n\n\n\n<li><strong>Dur\u00e9e de la visite<\/strong> : Pr\u00e9voyez environ 60 minutes pour profiter pleinement de votre visite.<\/li>\n\n\n\n<li><strong>Tarifs<\/strong> : Plein tarif varie entre 6,50 \u20ac et 7 \u20ac selon la saison. Tarif r\u00e9duit et tarifs de groupe disponibles. Gratuit pour les moins de 12 ans et certains autres cas.<\/li>\n\n\n\n<li><strong>Services<\/strong> : Des visites guid\u00e9es individuelles ou en groupe sont propos\u00e9es pour enrichir votre exp\u00e9rience.<\/li>\n<\/ul>\n\n\n\n<p>Le Ch\u00e2teau d\u2019Annecy est l&#8217;endroit id\u00e9al pour vous, amateurs d&#8217;histoire et d&#8217;art, cherchant une exp\u00e9rience riche et immersive dans le patrimoine culturel de la r\u00e9gion. Venez et laissez-vous transporter dans un autre temps !<\/p>\n\n\n\n<h3 id=\"promenade-au-jardin-de-leurope\" class=\"wp-block-heading\"><strong>Promenade au Jardin de l\u2019Europe<\/strong><\/h3>\n\n\n\n<p>Au c\u0153ur d&#8217;Annecy, le Jardin de l\u2019Europe vous attend comme un havre de paix, un lieu o\u00f9 la nature et la tranquillit\u00e9 se rencontrent. Imaginez-vous fl\u00e2nant dans ce jardin pittoresque, avec une vue magnifique sur le lac d&#8217;Annecy et les montagnes alentour.<\/p>\n\n\n\n<figure class=\"wp-block-image size-full\"><img loading=\"lazy\" decoding=\"async\" width=\"2560\" height=\"1440\" src=\"https:\/\/blog.toploc.com\/wp-content\/uploads\/2024\/01\/image-7.png\" alt=\"Vue sur le lac d'Annecy depuis les jardins de l'Europe pour visiter Annecy en 1 jour \u00a9 Expedia\" class=\"wp-image-138712\"\/><figcaption class=\"wp-element-caption\">Vue sur le lac d&#8217;Annecy depuis les jardins de l&#8217;Europe pour visiter Annecy en 1 jour \u00a9 Expedia<\/figcaption><\/figure>\n\n\n\n<h4 id=\"votre-decouverte-du-jardin\" class=\"wp-block-heading\"><strong>Votre D\u00e9couverte du Jardin<\/strong> : <\/h4>\n\n\n\n<p>Cr\u00e9\u00e9 en 1863, ce jardin est un m\u00e9lange harmonieux d&#8217;arbres majestueux, de pelouses verdoyantes et de parterres fleuris. C&#8217;est l&#8217;endroit parfait pour vous d\u00e9tendre, que ce soit sur un banc \u00e0 l&#8217;ombre ou sur l&#8217;herbe pour un pique-nique improvis\u00e9.<\/p>\n\n\n\n<h4 id=\"loisirs-et-detente\" class=\"wp-block-heading\"><strong>Loisirs et D\u00e9tente<\/strong> : <\/h4>\n\n\n\n<p>Vous cherchez un coin pour lire tranquillement ou simplement pour admirer le paysage ? Le Jardin de l\u2019Europe est fait pour vous. Et si vous visitez Annecy lors d&#8217;un \u00e9v\u00e9nement culturel, vous aurez peut-\u00eatre la chance de profiter d&#8217;une ambiance festive en plein air.<\/p>\n\n\n\n<h4 id=\"infos-pratiques-pour-vous\" class=\"wp-block-heading\"><strong>Infos Pratiques pour Vous<\/strong> :<\/h4>\n\n\n\n<ul class=\"wp-block-list\">\n<li><strong>Acc\u00e8s<\/strong> : Une promenade agr\u00e9able depuis le centre-ville d&#8217;Annecy.<\/li>\n\n\n\n<li><strong>Horaires<\/strong> : Toujours ouvert, et c&#8217;est gratuit !<\/li>\n\n\n\n<li><strong>Petits Plus<\/strong> : Aires de jeux pour les enfants, bancs pour se reposer, toilettes publiques.<\/li>\n<\/ul>\n\n\n\n<h4 id=\"a-deux-pas\" class=\"wp-block-heading\"><strong>\u00c0 Deux Pas<\/strong> :<\/h4>\n\n\n\n<ul class=\"wp-block-list\">\n<li><strong>Le Pont des Amours<\/strong> : Juste \u00e0 c\u00f4t\u00e9, ce pont romantique est un must pour les amoureux.<\/li>\n\n\n\n<li><strong>Le P\u00e2quier<\/strong> : Une grande esplanade verte, id\u00e9ale pour se balader et profiter de la vue sur le lac.<\/li>\n<\/ul>\n\n\n\n<p>Le Jardin de l\u2019Europe, c&#8217;est votre coin de nature en plein c\u0153ur d&#8217;Annecy. Que vous soyez l\u00e8ve-t\u00f4t pour une promenade matinale ou que vous pr\u00e9f\u00e9riez une pause d\u00e9tente l&#8217;apr\u00e8s-midi, ce jardin est l&#8217;endroit parfait pour respirer et profiter de l&#8217;instant.<\/p>\n\n\n\n<h3 id=\"traversee-du-pont-des-amours\" class=\"wp-block-heading\"><strong>Travers\u00e9e du Pont des Amours<\/strong><\/h3>\n\n\n\n<p>Le Pont des Amours, un symbole embl\u00e9matique d&#8217;Annecy, vous attend pour une exp\u00e9rience romantique et pittoresque. <\/p>\n\n\n\n<figure class=\"wp-block-image size-full\"><img loading=\"lazy\" decoding=\"async\" width=\"800\" height=\"600\" src=\"https:\/\/blog.toploc.com\/wp-content\/uploads\/2015\/03\/Optez-pour-un-weekend-romantique-a-Annecy-France-pont-des-amours-1.jpg\" alt=\"Vue sur le pont des amours si vous venez visiter Annecy en 3 jours \u00a9 Toploc\" class=\"wp-image-117450\"\/><figcaption class=\"wp-element-caption\">Vue sur le pont des amours si vous venez visiter Annecy en 3 jours \u00a9 Toploc<\/figcaption><\/figure>\n\n\n\n<ul class=\"wp-block-list\">\n<li><strong>Un pont charg\u00e9 d&#8217;histoire<\/strong> : Construit en 1907, ce pont m\u00e9tallique relie le Jardin de l\u2019Europe au Champ de Mars, deux espaces verts majeurs de la ville.<\/li>\n\n\n\n<li><strong>Une l\u00e9gende romantique<\/strong> : Le pont tire son nom d&#8217;une l\u00e9gende locale qui promet aux amoureux s&#8217;embrassant sur ce pont une union \u00e9ternelle. C&#8217;est un lieu pris\u00e9 par les couples d\u00e9sireux de sceller leur amour.<\/li>\n\n\n\n<li><strong>Un lieu d&#8217;inspiration<\/strong> : Le Pont des Amours est \u00e9galement un endroit favori des photographes et des peintres, attir\u00e9s par la beaut\u00e9 et la tranquillit\u00e9 du lieu.<\/li>\n\n\n\n<li><strong>Un panorama exceptionnel<\/strong> : Depuis le pont, vous b\u00e9n\u00e9ficierez d&#8217;une vue magnifique sur le lac, les canaux et les montagnes environnantes, offrant un cadre id\u00e9al pour des photos m\u00e9morables.&nbsp;<\/li>\n<\/ul>\n\n\n\n<p>Votre passage sur le Pont des Amours sera un moment fort de votre visite \u00e0 Annecy. Que vous soyez en couple ou simplement amateur de beaux paysages, ce pont vous offrira une exp\u00e9rience unique, empreinte de romantisme et de beaut\u00e9 naturelle.<\/p>\n\n\n\n<h3 id=\"detente-a-limperial-palace\" class=\"wp-block-heading\"><strong>D\u00e9tente \u00e0 l\u2019Imp\u00e9rial Palace<\/strong><\/h3>\n\n\n\n<p>Vous r\u00eavez d&#8217;une \u00e9chapp\u00e9e belle entre lac et montagnes ? L&#8217;Imp\u00e9rial Palace, situ\u00e9 au c\u0153ur d&#8217;un parc bois\u00e9 sur les rives du lac d&#8217;Annecy, vous attend pour une exp\u00e9rience unique. \u00c0 seulement 30 minutes de l&#8217;a\u00e9roport de Gen\u00e8ve, ce lieu est une invitation \u00e0 la d\u00e9tente dans un cadre exceptionnel.<\/p>\n\n\n\n<figure class=\"wp-block-image size-full\"><img decoding=\"async\" src=\"https:\/\/blog.toploc.com\/wp-content\/uploads\/2023\/09\/Capture-de\u0301cran-2023-09-01-a\u0300-10.46.39.png\" alt=\"L'Imperial Palace a Annecy, h\u00f4tel de luxe, salle d'\u00e9v\u00e8nements et casino \u00a9 Wikipedia\" class=\"wp-image-130887\"\/><figcaption class=\"wp-element-caption\">L&#8217;Imperial Palace a Annecy, h\u00f4tel de luxe, salle d&#8217;\u00e9v\u00e8nements et casino \u00a9 Wikipedia<\/figcaption><\/figure>\n\n\n\n<h4 id=\"votre-chambre-un-havre-de-paix\" class=\"wp-block-heading\"><strong>Votre Chambre : Un Havre de Paix<\/strong><\/h4>\n\n\n\n<p>Imaginez-vous vous r\u00e9veiller dans l&#8217;une des 90 chambres ou 14 suites au design contemporain, avec une vue imprenable sur le lac ou les montagnes. Chaque chambre est une promesse de confort et de s\u00e9r\u00e9nit\u00e9, parfait pour vous ressourcer.<\/p>\n\n\n\n<h4 id=\"gastronomie-et-ambiance-plaisirs-des-sens\" class=\"wp-block-heading\"><strong>Gastronomie et Ambiance : Plaisirs des Sens<\/strong><\/h4>\n\n\n\n<p>Au Hip Bar, laissez-vous emporter par une ambiance jazz relaxante. Vous \u00eates plut\u00f4t gourmand ? Trois restaurants, dont un gastronomique, vous promettent une aventure culinaire inoubliable. Et pour une soir\u00e9e magique, ne manquez pas l&#8217;Imp\u00e9rial Circus et ses spectacles \u00e9poustouflants.<\/p>\n\n\n\n<h4 id=\"cristal-spa-votre-bulle-de-bien-etre\" class=\"wp-block-heading\"><strong>Cristal Spa : Votre Bulle de Bien-\u00catre<\/strong><\/h4>\n\n\n\n<p>Au Cristal Spa, offrez-vous un moment de pure d\u00e9tente. Entre la piscine relaxante, le sauna, le hammam et les soins en cabine, vous trouverez votre bonheur pour une pause bien m\u00e9rit\u00e9e, face au lac.<\/p>\n\n\n\n<h4 id=\"divertissements-et-evenements-lanimation-a-votre-portee\" class=\"wp-block-heading\"><strong>Divertissements et \u00c9v\u00e9nements : L&#8217;Animation \u00e0 Votre Port\u00e9e<\/strong><\/h4>\n\n\n\n<p>Envie de frissons ? Le Casino Imp\u00e9rial vous accueille pour des soir\u00e9es anim\u00e9es autour de ses jeux. Et si vous organisez un \u00e9v\u00e9nement, le Centre de Congr\u00e8s d&#8217;Annecy, avec sa vue sublime sur le lac, est l&#8217;endroit id\u00e9al.<\/p>\n\n\n\n<h4 id=\"eco-responsabilite-un-engagement-pour-la-planete\" class=\"wp-block-heading\"><strong>\u00c9co-Responsabilit\u00e9 : Un Engagement pour la Plan\u00e8te<\/strong><\/h4>\n\n\n\n<p>L&#8217;Imp\u00e9rial Palace prend soin de l&#8217;environnement. Avec son label &#8220;Etiquette Environnementale&#8221;, il assure une gestion \u00e9co-responsable de l&#8217;\u00e9nergie, de l&#8217;eau et des d\u00e9chets.<\/p>\n\n\n\n<h4 id=\"informations-pratiques\" class=\"wp-block-heading\"><strong>Informations Pratiques :<\/strong><\/h4>\n\n\n\n<ul class=\"wp-block-list\">\n<li><strong>Ouverture<\/strong> : Toute l&#8217;ann\u00e9e.<\/li>\n\n\n\n<li><strong>Tarifs<\/strong> : Chambres doubles de 165 \u00e0 2\u202f500 \u20ac, petit d\u00e9jeuner \u00e0 29 \u20ac.<\/li>\n\n\n\n<li><strong>Accessibilit\u00e9<\/strong> : Adapt\u00e9 aux personnes \u00e0 mobilit\u00e9 r\u00e9duite.<\/li>\n\n\n\n<li><strong>Situation<\/strong> : \u00c0 moins de 300 m d&#8217;un lac, avec vue imprenable.<\/li>\n<\/ul>\n\n\n\n<p>L&#8217;Imp\u00e9rial Palace d&#8217;Annecy, c&#8217;est votre prochaine destination pour un s\u00e9jour o\u00f9 luxe, d\u00e9tente et nature se m\u00ealent harmonieusement. Que ce soit pour un moment de relaxation, une escapade gourmande ou un \u00e9v\u00e9nement sp\u00e9cial, vous y trouverez votre bonheur.<\/p>\n\n\n\n<h2 id=\"jour-2-visites-et-croisiere-sur-le-lac\" class=\"wp-block-heading\"><strong>Jour 2 : Visites et croisi\u00e8re sur le lac<\/strong><\/h2>\n\n\n\n<p>Pour votre deuxi\u00e8me jour \u00e0 Annecy, pr\u00e9parez-vous \u00e0 une journ\u00e9e riche en d\u00e9couvertes culturelles et en plaisirs nautiques. Commencez par une immersion dans le monde fascinant de l&#8217;animation au Mus\u00e9e du Film d\u2019Animation, puis laissez-vous s\u00e9duire par une croisi\u00e8re relaxante sur le lac d&#8217;Annecy, avant de terminer votre journ\u00e9e par une visite historique au Ch\u00e2teau de Duingt et un d\u00eener exquis \u00e0 l&#8217;Abbaye de Talloires.<\/p>\n\n\n\n<h3 id=\"musee-du-film-danimation-un-monde-dillusions-et-de-creativite\" class=\"wp-block-heading\"><strong>Mus\u00e9e du Film d\u2019Animation : Un Monde d&#8217;Illusions et de Cr\u00e9ativit\u00e9<\/strong><\/h3>\n\n\n\n<p>Situ\u00e9 \u00e0 deux pas du Ch\u00e2teau d&#8217;Annecy, le Mus\u00e9e du Film d\u2019Animation est un lieu fascinant qui vous invite \u00e0 explorer les pr\u00e9mices et le d\u00e9veloppement de l&#8217;art du cin\u00e9ma d&#8217;animation. C&#8217;est une exp\u00e9rience unique pour tous les passionn\u00e9s d&#8217;animation et de cr\u00e9ativit\u00e9.<\/p>\n\n\n\n<figure class=\"wp-block-image size-full\"><img loading=\"lazy\" decoding=\"async\" width=\"1200\" height=\"690\" src=\"https:\/\/blog.toploc.com\/wp-content\/uploads\/2024\/01\/image-22.png\" alt=\"Mus\u00e9e du Film d'Animation \u00e0 Annecy \u00a9 Le Dauphin\u00e9\" class=\"wp-image-138732\"\/><figcaption class=\"wp-element-caption\">Mus\u00e9e du Film d&#8217;Animation \u00e0 Annecy \u00a9 Le Dauphin\u00e9<\/figcaption><\/figure>\n\n\n\n<h4 id=\"votre-voyage-dans-lunivers-de-lanimation\" class=\"wp-block-heading\"><strong>Votre Voyage dans l&#8217;Univers de l&#8217;Animation <\/strong>:<\/h4>\n\n\n\n<p>L&#8217;exposition du mus\u00e9e vous conduit au c\u0153ur du processus de cr\u00e9ation de l&#8217;image anim\u00e9e. Vous d\u00e9couvrirez des appareils, des cr\u00e9ations originales et des univers d&#8217;auteurs qui ont marqu\u00e9 l&#8217;histoire de cet art.<\/p>\n\n\n\n<h4 id=\"decouverte-des-objets-historiques\" class=\"wp-block-heading\"><strong>D\u00e9couverte des Objets Historiques<\/strong> : <\/h4>\n\n\n\n<p>Le mus\u00e9e abrite des pi\u00e8ces rares comme le th\u00e9\u00e2tre optique d\u2019\u00c9mile Reynaud, des jouets d\u2019optique tels que le praxinoscope ou le thaumatrope, et de nombreux objets, peintures et dessins qui jalonnent l&#8217;histoire du cin\u00e9ma d&#8217;animation.<\/p>\n\n\n\n<h4 id=\"informations-pratiques-pour-vous\" class=\"wp-block-heading\"><strong>Informations Pratiques pour Vous<\/strong> :<\/h4>\n\n\n\n<ul class=\"wp-block-list\">\n<li><strong>Horaires<\/strong> :\n<ul class=\"wp-block-list\">\n<li><strong>Du 1er octobre au 31 mai<\/strong> : 10h-12h et 14h-17h.<\/li>\n\n\n\n<li><strong>Du 1er juin au 30 septembre<\/strong> : 10h30-18h.<\/li>\n\n\n\n<li>Ferm\u00e9 le mardi, le samedi et le dimanche.<\/li>\n<\/ul>\n<\/li>\n\n\n\n<li><strong>Tarifs<\/strong> : L&#8217;entr\u00e9e au mus\u00e9e est gratuite.<\/li>\n\n\n\n<li><strong>Accessibilit\u00e9<\/strong> : Accessible en fauteuil roulant avec aide.<\/li>\n\n\n\n<li><strong>Services<\/strong> : Visites individuelles guid\u00e9es, visites de groupes libres ou guid\u00e9es.<\/li>\n<\/ul>\n\n\n\n<h4 id=\"a-venir\" class=\"wp-block-heading\"><strong>\u00c0 Venir<\/strong> : <\/h4>\n\n\n\n<p>En 2025, le projet du haras h\u00e9bergera la Cit\u00e9 du Cin\u00e9ma d&#8217;Animation, o\u00f9 le Mus\u00e9e du Film d&#8217;Animation sera install\u00e9, promettant une exp\u00e9rience encore plus immersive. <\/p>\n\n\n\n<p>Le Mus\u00e9e du Film d\u2019Animation \u00e0 Annecy est votre porte d&#8217;entr\u00e9e dans un monde o\u00f9 l&#8217;illusion et la cr\u00e9ativit\u00e9 se rencontrent. Que vous soyez un amateur d&#8217;animation, un \u00e9tudiant en art, ou simplement curieux, ce mus\u00e9e vous offrira une exp\u00e9rience enrichissante et inspirante.<\/p>\n\n\n\n<h3 id=\"croisiere-sur-le-lac-dannecy-votre-evasion-pittoresque\" class=\"wp-block-heading\"><strong>Croisi\u00e8re sur le Lac d\u2019Annecy : Votre \u00c9vasion Pittoresque<\/strong><\/h3>\n\n\n\n<p>Vous cherchez une exp\u00e9rience unique sur le Lac d&#8217;Annecy ? Une croisi\u00e8re sur ses eaux cristallines est l&#8217;occasion parfaite pour vous immerger dans la beaut\u00e9 naturelle de la r\u00e9gion et d\u00e9couvrir ses charmantes plages et activit\u00e9s nautiques.<\/p>\n\n\n\n<figure class=\"wp-block-image size-full\"><img loading=\"lazy\" decoding=\"async\" width=\"691\" height=\"518\" src=\"https:\/\/blog.toploc.com\/wp-content\/uploads\/2024\/01\/image-131.png\" alt=\"Croisi\u00e8re en bateau sur le lac bleu \u00a9 Croisi\u00e8res Annecy\" class=\"wp-image-139069\"\/><figcaption class=\"wp-element-caption\">Croisi\u00e8re en bateau sur le lac bleu \u00a9 Croisi\u00e8res Annecy<\/figcaption><\/figure>\n\n\n\n<h4 id=\"croisieres-touristiques-un-panorama-a-couper-le-souffle\" class=\"wp-block-heading\"><strong>Croisi\u00e8res Touristiques : Un Panorama \u00e0 Couper le Souffle<\/strong><\/h4>\n\n\n\n<p>La Compagnie des Bateaux du Lac d\u2019Annecy vous propose des formules vari\u00e9es pour explorer le lac selon vos envies et votre budget. Avec des tarifs allant de 16 \u00e0 28 \u20ac, ces croisi\u00e8res incluent des arr\u00eats \u00e0 Veyrier du Lac, Menthon St Bernard, Talloires, et bien d&#8217;autres, avant de revenir \u00e0 Annecy. Vous pouvez m\u00eame opter pour une visite guid\u00e9e pour en apprendre davantage sur les villages pittoresques autour du lac. N&#8217;oubliez pas de v\u00e9rifier les horaires et de r\u00e9server votre place \u00e0 l&#8217;avance sur leur site web.<\/p>\n\n\n\n<h4 id=\"croisieres-restaurants-gastronomie-et-vues-imprenables\" class=\"wp-block-heading\"><strong>Croisi\u00e8res-Restaurants : Gastronomie et Vues Imprenables<\/strong><\/h4>\n\n\n\n<p>Pour une exp\u00e9rience culinaire inoubliable, embarquez \u00e0 bord du restaurant flottant d\u2019Annecy. Savourez des plats raffin\u00e9s \u00e0 base d&#8217;ingr\u00e9dients locaux, disponibles en menus de 3 ou 4 plats, avec des options pour enfants \u00e9galement.<\/p>\n\n\n\n<h4 id=\"tours-prives-votre-croisiere-personnalisee\" class=\"wp-block-heading\"><strong>Tours Priv\u00e9s : Votre Croisi\u00e8re Personnalis\u00e9e<\/strong><\/h4>\n\n\n\n<ul class=\"wp-block-list\">\n<li><strong>Le \u00ab Blue Diamond \u00bb bateau-taxi<\/strong> : Disponible du 01\/03 au 30\/11, ce service vous permet d&#8217;embarquer depuis tous les embarcad\u00e8res du lac, avec la possibilit\u00e9 d&#8217;un repas gastronomique \u00e0 bord.<\/li>\n\n\n\n<li><strong>\u00ab Water Taxi \u00bb Annecy<\/strong> : Profitez d&#8217;une mini-croisi\u00e8re priv\u00e9e \u00e0 bord d&#8217;un \u00ab bateau lounge \u00bb, id\u00e9al pour des \u00e9v\u00e9nements sp\u00e9ciaux.<\/li>\n\n\n\n<li><strong>Activ\u2019Annecy bateau avec chauffeur <\/strong>: Choisissez une croisi\u00e8re priv\u00e9e de 4 ou 12 places pour explorer les grottes du lac ou vous d\u00e9tendre lors d\u2019une visite ap\u00e9ritive.<\/li>\n\n\n\n<li><strong>\u00ab The Boat \u00bb <\/strong>: Embarquez sur le seul catamaran privatis\u00e9 du lac, pouvant accueillir jusqu&#8217;\u00e0 12 passagers. Plusieurs tours guid\u00e9s sont disponibles, y compris des croisi\u00e8res au coucher du soleil.<\/li>\n<\/ul>\n\n\n\n<h4 id=\"informations-pratiques-2\" class=\"wp-block-heading\"><strong>Informations Pratiques<\/strong><\/h4>\n\n\n\n<ul class=\"wp-block-list\">\n<li><strong>P\u00e9riode<\/strong> : Disponible toute l&#8217;ann\u00e9e, avec des options sp\u00e9cifiques selon la saison.<\/li>\n\n\n\n<li><strong>Tarifs<\/strong> : Varient selon le type de croisi\u00e8re et les services choisis.<\/li>\n\n\n\n<li><strong>R\u00e9servation<\/strong> : Recommand\u00e9e, surtout pour les croisi\u00e8res-restaurants et les tours priv\u00e9s.<\/li>\n<\/ul>\n\n\n\n<p>Votre croisi\u00e8re sur le Lac d\u2019Annecy vous promet des moments de d\u00e9tente, de d\u00e9couverte et de plaisir gastronomique, le tout dans un cadre naturel \u00e9poustouflant. Que vous choisissiez une croisi\u00e8re publique ou une exp\u00e9rience plus intime, vous \u00eates s\u00fbr de repartir avec des souvenirs inoubliables.<\/p>\n\n\n\n<h3 id=\"visite-du-chateau-de-duingt\" class=\"wp-block-heading\"><strong>Visite du Ch\u00e2teau de Duingt<\/strong><\/h3>\n\n\n\n<p>Vous \u00eates passionn\u00e9 d&#8217;histoire et de myst\u00e8res du Moyen \u00c2ge ? Le Ch\u00e2teau de Duingt, \u00e9galement connu sous les noms de Ch\u00e2teau de l&#8217;Esplanade, Ch\u00e2teauneuf, ou Ch\u00e2teau du Roc, vous invite \u00e0 un voyage dans le temps. Situ\u00e9 dans la pittoresque r\u00e9gion d&#8217;Auvergne-Rh\u00f4ne-Alpes, dans la ville de Duingt, ce ch\u00e2teau est un t\u00e9moin fascinant de l&#8217;\u00e9poque m\u00e9di\u00e9vale.<\/p>\n\n\n\n<figure class=\"wp-block-image size-full\"><img loading=\"lazy\" decoding=\"async\" width=\"2560\" height=\"1920\" src=\"https:\/\/blog.toploc.com\/wp-content\/uploads\/2024\/01\/image-132.png\" alt=\"Vue A\u00e9rienne sur le Ch\u00e2teau de Duingt \u00a9 Drone Photography\" class=\"wp-image-139070\"\/><figcaption class=\"wp-element-caption\">Vue A\u00e9rienne sur le Ch\u00e2teau de Duingt \u00a9 Drone Photography<\/figcaption><\/figure>\n\n\n\n<h4 id=\"un-monument-historique-a-decouvrir\" class=\"wp-block-heading\"><strong>Un Monument Historique \u00e0 D\u00e9couvrir<\/strong><\/h4>\n\n\n\n<p>Construit aux alentours de 1103, le Ch\u00e2teau de Duingt est un exemple remarquable de l&#8217;architecture m\u00e9di\u00e9vale. Bien qu&#8217;il ne b\u00e9n\u00e9ficie pas de la protection de l&#8217;\u00c9tat comme monument historique ou mondial, il conserve un charme et une authenticit\u00e9 qui vous transporteront \u00e0 une autre \u00e9poque. Retrouvez toutes nos <a href=\"https:\/\/toploc.com\/locations-vacances\/duingt\">locations vacances Duingt<\/a>.<\/p>\n\n\n\n<h4 id=\"visites-guidees-plongez-dans-lhistoire\" class=\"wp-block-heading\"><strong>Visites Guid\u00e9es : Plongez dans l&#8217;Histoire<\/strong><\/h4>\n\n\n\n<p>Pour enrichir votre exp\u00e9rience, pourquoi ne pas opter pour une visite guid\u00e9e ? Bien que cela repr\u00e9sente un co\u00fbt suppl\u00e9mentaire, les guides-conf\u00e9renciers, parfois m\u00eame le ch\u00e2telain, vous feront d\u00e9couvrir les myst\u00e8res et anecdotes cach\u00e9s de ce lieu historique.<\/p>\n\n\n\n<h4 id=\"photographie-immortalisez-votre-visite\" class=\"wp-block-heading\"><strong>Photographie : Immortalisez Votre Visite<\/strong><\/h4>\n\n\n\n<p>Si prendre des photos \u00e0 l&#8217;int\u00e9rieur du ch\u00e2teau peut \u00eatre tentant, n&#8217;oubliez pas de v\u00e9rifier les r\u00e8gles en vigueur. Demandez toujours la permission aux agents d&#8217;accueil ou au guide avant de capturer ces moments m\u00e9morables.<\/p>\n\n\n\n<h4 id=\"a-proximite-explorez-plus\" class=\"wp-block-heading\"><strong>\u00c0 Proximit\u00e9 : Explorez Plus<\/strong><\/h4>\n\n\n\n<p>Votre visite au Ch\u00e2teau de Duingt peut \u00eatre le point de d\u00e9part pour explorer d&#8217;autres ch\u00e2teaux fascinants de la r\u00e9gion. Le Ch\u00e2teau de Menthon-Saint-Bernard, \u00e0 seulement 2,1 km, est une autre merveille du Moyen \u00c2ge \u00e0 ne pas manquer.<\/p>\n\n\n\n<h4 id=\"conseils-pratiques\" class=\"wp-block-heading\"><strong>Conseils Pratiques<\/strong><\/h4>\n\n\n\n<ul class=\"wp-block-list\">\n<li><strong>Adresse<\/strong> : Ch\u00e2teau de Duingt, 74410 Duingt.<\/li>\n\n\n\n<li><strong>P\u00e9riode ou Style<\/strong> : Moyen \u00c2ge.<\/li>\n\n\n\n<li><strong>Type<\/strong> : Ch\u00e2teau fort.<\/li>\n\n\n\n<li><strong>\u00c9tat<\/strong> : Ruin\u00e9.<\/li>\n<\/ul>\n\n\n\n<p>Le Ch\u00e2teau de Duingt est une \u00e9tape incontournable pour les amateurs d&#8217;histoire et d&#8217;architecture m\u00e9di\u00e9vale. Sa position unique et son histoire fascinante en font un lieu \u00e0 d\u00e9couvrir lors de votre s\u00e9jour dans la r\u00e9gion d&#8217;Annecy. N&#8217;oubliez pas de v\u00e9rifier les horaires d&#8217;ouverture avant de planifier votre visite, surtout en hiver, car ils peuvent varier.<\/p>\n\n\n\n<h3 id=\"detente-et-diner-a-labbaye-de-talloires\" class=\"wp-block-heading\"><strong>D\u00e9tente et d\u00eener \u00e0 l\u2019Abbaye de Talloires<\/strong><\/h3>\n\n\n\n<p>Bienvenue \u00e0 l&#8217;Abbaye de Talloires, un lieu enchanteur o\u00f9 la gastronomie rencontre la beaut\u00e9 naturelle. Situ\u00e9 au bord du lac d&#8217;Annecy, ce restaurant bistronomique vous offre une exp\u00e9rience culinaire inoubliable, avec les pieds presque dans l&#8217;eau.<\/p>\n\n\n\n<figure class=\"wp-block-image size-full\"><img loading=\"lazy\" decoding=\"async\" width=\"1024\" height=\"646\" src=\"https:\/\/blog.toploc.com\/wp-content\/uploads\/2024\/01\/image-12.png\" alt=\"Abbaye de Talloires \u00a9 Booking\" class=\"wp-image-138720\"\/><figcaption class=\"wp-element-caption\">Abbaye de Talloires \u00a9 Booking<\/figcaption><\/figure>\n\n\n\n<h4 id=\"votre-table-un-panorama-epoustouflant\" class=\"wp-block-heading\"><strong>Votre Table : Un Panorama \u00c9poustouflant<\/strong><\/h4>\n\n\n\n<p>Imaginez-vous d\u00e9jeunant sur une terrasse intimiste, surplombant les eaux turquoise du lac d&#8217;Annecy ou install\u00e9 sur les planches en bois, face \u00e0 un panorama \u00e0 couper le souffle. Chaque table vous promet une vue imprenable sur le lac et les montagnes environnantes, cr\u00e9ant un cadre idyllique pour votre repas.<\/p>\n\n\n\n<h4 id=\"gastronomie-et-fraicheur-un-voyage-des-sens\" class=\"wp-block-heading\"><strong>Gastronomie et Fra\u00eecheur : Un Voyage des Sens<\/strong><\/h4>\n\n\n\n<p>Le restaurant bistronomique de l&#8217;Abbaye de Talloires c\u00e9l\u00e8bre la cuisine locale et de saison. Commencez par un rafra\u00eechissant gaspacho de tomate miell\u00e9e, accompagn\u00e9 de sa Burrata et tomates \u00e0 l&#8217;ancienne. Poursuivez avec un poisson fra\u00eechement p\u00each\u00e9 du Lac d&#8217;Annecy, po\u00eal\u00e9 \u00e0 la perfection, et terminez par une coupe de glaces savoureuse de l&#8217;Abbaye. Chaque plat est une invitation \u00e0 d\u00e9couvrir les tr\u00e9sors culinaires de notre r\u00e9gion.<\/p>\n\n\n\n<h4 id=\"horaires-et-service-pour-un-dejeuner-parfait\" class=\"wp-block-heading\"><strong>Horaires et Service : Pour un D\u00e9jeuner Parfait<\/strong><\/h4>\n\n\n\n<p>Le restaurant vous accueille tous les jours pour le d\u00e9jeuner, du 7 juin au 30 septembre. Le service est assur\u00e9 de 12h00 \u00e0 14h00, vous permettant de profiter pleinement de votre apr\u00e8s-midi au bord du lac.<\/p>\n\n\n\n<h4 id=\"apres-midi-detente-transats-face-au-lac\" class=\"wp-block-heading\"><strong>Apr\u00e8s-midi D\u00e9tente : Transats Face au Lac<\/strong><\/h4>\n\n\n\n<p>Apr\u00e8s votre d\u00e9jeuner, prolongez l&#8217;exp\u00e9rience en vous relaxant sur leurs transats, situ\u00e9s dans les jardins ou sur le ponton de leur h\u00f4tel-restaurant. Cette prestation est offerte pour toute r\u00e9servation au restaurant bistronomique (sous r\u00e9serve de disponibilit\u00e9s).<\/p>\n\n\n\n<h4 id=\"une-equipe-dediee-a-votre-bien-etre\" class=\"wp-block-heading\"><strong>Une \u00c9quipe D\u00e9di\u00e9e \u00e0 Votre Bien-\u00catre<\/strong><\/h4>\n\n\n\n<p>Leur \u00e9quipe, en cuisine comme en salle, est enti\u00e8rement d\u00e9di\u00e9e \u00e0 votre exp\u00e9rience. Leur chef de cuisine vous propose une cuisine de brasserie \u00e9labor\u00e9e et authentique, tandis que leur \u00e9quipe de salle saura vous guider \u00e0 travers leur carte estivale, selon vos go\u00fbts et envies du moment.<\/p>\n\n\n\n<h4 id=\"informations-pratiques-3\" class=\"wp-block-heading\"><strong>Informations Pratiques :<\/strong><\/h4>\n\n\n\n<ul class=\"wp-block-list\">\n<li><strong>Ouverture<\/strong> : Tous les jours pour le d\u00e9jeuner, du 7 juin au 30 septembre.<\/li>\n\n\n\n<li><strong>Service<\/strong> : De 12h00 \u00e0 14h00.<\/li>\n\n\n\n<li><strong>R\u00e9servation<\/strong> : Recommand\u00e9e pour garantir votre table avec vue.<\/li>\n<\/ul>\n\n\n\n<p>L&#8217;Abbaye de Talloires, c&#8217;est votre prochaine halte pour un d\u00eener o\u00f9 s&#8217;entrem\u00ealent saveurs, d\u00e9tente et vues spectaculaires. Que ce soit pour un moment gourmand ou une apr\u00e8s-midi de relaxation, vous y trouverez votre bonheur.<\/p>\n\n\n\n<h2 id=\"jour-3-excursion-et-randonnee\" class=\"wp-block-heading\"><strong>Jour 3 : Excursion et randonn\u00e9e<\/strong><\/h2>\n\n\n\n<p>Le troisi\u00e8me jour de votre s\u00e9jour \u00e0 Annecy vous emm\u00e8ne vers les hauteurs pour une journ\u00e9e d&#8217;aventure et de d\u00e9couverte. Pr\u00e9parez-vous pour une excursion m\u00e9morable au Col de la Forclaz, o\u00f9 vous pourrez profiter d&#8217;une randonn\u00e9e \u00e9poustouflante ou d&#8217;une exp\u00e9rience de parapente inoubliable. Ensuite, savourez un d\u00e9jeuner traditionnel savoyard dans l&#8217;un des restaurants pittoresques du col, avant de terminer votre journ\u00e9e par une visite historique au Ch\u00e2teau de Menthon-Saint-Bernard, un tr\u00e9sor d&#8217;architecture savoyarde nich\u00e9 entre lac et montagnes.<\/p>\n\n\n\n<h3 id=\"excursion-au-col-de-la-forclaz-votre-aventure-entre-lac-et-montagne\" class=\"wp-block-heading\"><strong>Excursion au Col de la Forclaz : Votre Aventure entre Lac et Montagne<\/strong><\/h3>\n\n\n\n<p>Vous cherchez une escapade m\u00e9morable dans les Alpes fran\u00e7aises ? Le Col de la Forclaz de Montmin, situ\u00e9 juste \u00e0 l&#8217;Est du Lac d&#8217;Annecy, est une destination parfaite pour les amateurs de cyclisme, de randonn\u00e9e, ou simplement pour ceux qui souhaitent profiter d&#8217;un panorama \u00e9poustouflant.<\/p>\n\n\n\n<figure class=\"wp-block-image size-full\"><img loading=\"lazy\" decoding=\"async\" width=\"900\" height=\"600\" src=\"https:\/\/blog.toploc.com\/wp-content\/uploads\/2024\/01\/image-3.png\" alt=\"Le Col de la Forclaz, situ\u00e9 \u00e0 une altitude de 1147 m\u00e8tres pour visiter Annecy en 3 jours hors des sentiers battus \u00a9 Th\u00f4nes\" class=\"wp-image-138700\"\/><figcaption class=\"wp-element-caption\">Le Col de la Forclaz, situ\u00e9 \u00e0 une altitude de 1147 m\u00e8tres pour visiter Annecy en 3 jours hors des sentiers battus \u00a9 Th\u00f4nes<\/figcaption><\/figure>\n\n\n\n<p><strong>Votre Ascension<\/strong> : Le Col de la Forclaz de Montmin, culminant \u00e0 environ 1150 m\u00e8tres, offre deux versants pour l&#8217;ascension. Le versant Nord, avec ses variantes partant de Menthon-St-Bernard ou de Talloires, propose une mont\u00e9e progressive suivie d&#8217;un final exigeant. Le versant Sud, au d\u00e9part de Vesonne, est r\u00e9put\u00e9 pour sa difficult\u00e9, avec une pente moyenne de 8,5% et des passages encore plus raides.<\/p>\n\n\n\n<p><strong>Le Panorama au Sommet<\/strong> : Une fois au sommet, vous serez r\u00e9compens\u00e9 par une vue imprenable sur le Lac d&#8217;Annecy et la Montagne du Semnoz. C&#8217;est l&#8217;endroit id\u00e9al pour capturer des photos inoubliables ou simplement pour admirer la beaut\u00e9 naturelle des Alpes.<\/p>\n\n\n\n<p><strong>Informations Pratiques pour Vous <\/strong>:<\/p>\n\n\n\n<ul class=\"wp-block-list\">\n<li><strong>Acc\u00e8s<\/strong> : Le Col est accessible en voiture, \u00e0 v\u00e9lo ou \u00e0 pied.<\/li>\n\n\n\n<li><strong>Activit\u00e9s<\/strong> : En plus de la randonn\u00e9e et du cyclisme, le Col est un spot pris\u00e9 pour le parapente.<\/li>\n\n\n\n<li><strong>Restauration<\/strong> : Des restaurants et des aires de pique-nique sont disponibles au sommet pour une pause bien m\u00e9rit\u00e9e.<\/li>\n<\/ul>\n\n\n\n<p>Le Col de la Forclaz de Montmin est une aventure \u00e0 ne pas manquer lors de votre visite \u00e0 Annecy. Que vous soyez un cycliste chevronn\u00e9 ou un amoureux de la nature, ce col offre une exp\u00e9rience riche en \u00e9motions et en paysages spectaculaires.<\/p>\n\n\n\n<h3 id=\"randonnee-ou-parapente-au-col-de-la-forclaz-votre-aventure-au-coeur-des-alpes\" class=\"wp-block-heading\"><strong>Randonn\u00e9e ou Parapente au Col de la Forclaz : Votre Aventure au C\u0153ur des Alpes<\/strong><\/h3>\n\n\n\n<p>Le Col de la Forclaz, situ\u00e9 \u00e0 1147 m\u00e8tres d&#8217;altitude, est un paradis pour les amateurs de randonn\u00e9e et de parapente. Avec un panorama \u00e9poustouflant sur le Lac d&#8217;Annecy et les montagnes environnantes, c&#8217;est l&#8217;endroit id\u00e9al pour une aventure inoubliable.<\/p>\n\n\n\n<h4 id=\"randonnee-des-sentiers-a-couper-le-souffle\" class=\"wp-block-heading\"><strong>Randonn\u00e9e : Des Sentiers \u00e0 Couper le Souffle<\/strong><\/h4>\n\n\n\n<p>Le Col de la Forclaz offre plusieurs itin\u00e9raires de randonn\u00e9e, chacun promettant des vues magnifiques et des rencontres avec la nature. Parmi eux, la randonn\u00e9e du Col de la Forclaz au Chalet de l&#8217;Aulp est particuli\u00e8rement populaire. Cette balade de col en col vous emm\u00e8ne \u00e0 travers des paysages alpins typiques, o\u00f9 vous pouvez admirer les parapentes qui planent au-dessus du lac.<\/p>\n\n\n\n<h4 id=\"parapente-volez-au-dessus-du-lac-dannecy\" class=\"wp-block-heading\"><strong>Parapente : Volez au-dessus du Lac d&#8217;Annecy<\/strong><\/h4>\n\n\n\n<p>Le Col de la Forclaz est mondialement reconnu pour le parapente. Avec plus de 1000 d\u00e9collages par jour, c&#8217;est un spectacle color\u00e9 \u00e0 ne pas manquer. Vous pouvez m\u00eame rejoindre l&#8217;aventure avec un vol biplace, offrant une vue imprenable sur le Lac d&#8217;Annecy, la Montagne du Semnoz, et bien plus. Delta Evasion propose diff\u00e9rentes prestations de vols biplaces, allant de 10 \u00e0 40 minutes, pour une exp\u00e9rience a\u00e9rienne magique.<\/p>\n\n\n\n<h4 id=\"informations-pratiques-4\" class=\"wp-block-heading\"><strong>Informations Pratiques<\/strong><\/h4>\n\n\n\n<ul class=\"wp-block-list\">\n<li><strong>Randonn\u00e9e<\/strong> : Plusieurs itin\u00e9raires disponibles, adapt\u00e9s \u00e0 diff\u00e9rents niveaux de randonneurs.<\/li>\n\n\n\n<li><strong>Parapente<\/strong> : Vols biplaces disponibles avec Delta Evasion. Contactez-les au 06 08 32 49 59 pour plus d&#8217;informations et r\u00e9servations.<\/li>\n\n\n\n<li><strong>Restauration<\/strong> : Profitez des restaurants et fermes d\u2019alpages au col pour une pause gourmande avec vue.<\/li>\n<\/ul>\n\n\n\n<p>Le Col de la Forclaz est votre destination parfaite pour une journ\u00e9e d&#8217;\u00e9vasion, que vous soyez \u00e0 la recherche d&#8217;une randonn\u00e9e paisible ou d&#8217;une exp\u00e9rience de vol libre exaltante. Pr\u00e9parez-vous \u00e0 \u00eatre \u00e9merveill\u00e9 par la beaut\u00e9 naturelle et les vues \u00e0 couper le souffle de cette r\u00e9gion exceptionnelle des Alpes fran\u00e7aises.<\/p>\n\n\n\n<h3 id=\"dejeuner-au-restaurant-du-col\" class=\"wp-block-heading\"><strong>D\u00e9jeuner au restaurant du Col<\/strong><\/h3>\n\n\n\n<p>Vous \u00eates \u00e0 la recherche d&#8217;une exp\u00e9rience culinaire authentique dans un cadre idyllique ? Les restaurants du Col de la Forclaz, Le Balcon du Lac et Chalet La Pricaz, vous invitent \u00e0 un festin savoyard avec une vue imprenable sur le Lac d&#8217;Annecy et ses montagnes.<\/p>\n\n\n\n<figure class=\"wp-block-image size-full\"><img loading=\"lazy\" decoding=\"async\" width=\"3200\" height=\"1700\" src=\"https:\/\/blog.toploc.com\/wp-content\/uploads\/2024\/01\/image-133.png\" alt=\"Le Balcon du Lac depuis le col de la Forclaz \u00a9 Balcon-du-lac\" class=\"wp-image-139071\"\/><figcaption class=\"wp-element-caption\">Le Balcon du Lac depuis le col de la Forclaz \u00a9 Balcon-du-lac<\/figcaption><\/figure>\n\n\n\n<h4 id=\"le-balcon-du-lac-cuisine-traditionnelle-et-savoyarde\" class=\"wp-block-heading\"><strong>Le Balcon du Lac : Cuisine Traditionnelle et Savoyarde<\/strong><\/h4>\n\n\n\n<p>Au Balcon du Lac, pr\u00e9parez-vous \u00e0 savourer une cuisine traditionnelle et savoyarde, \u00e9labor\u00e9e avec des produits locaux et de saison. Que ce soit pour un repas entre amis, une f\u00eate de famille ou un repas de groupe, leur terrasse ensoleill\u00e9e vous offre un panorama exceptionnel. Et si le temps se g\u00e2te, un espace int\u00e9rieur vitr\u00e9 vous garantit une exp\u00e9rience tout aussi agr\u00e9able.<\/p>\n\n\n\n<ul class=\"wp-block-list\">\n<li><strong>Horaires d&#8217;Ouverture<\/strong> :\n<ul class=\"wp-block-list\">\n<li><strong>Haute saison (mai \u00e0 septembre)<\/strong> : Midi et soir, 7\/7, brasserie ouverte \u00e0 partir de 10h.<\/li>\n\n\n\n<li><strong>Basse saison (octobre \u00e0 avril)<\/strong> : Semaine &amp; dimanche 11h-17h, vendredi &amp; samedi 11h-23h.<\/li>\n<\/ul>\n<\/li>\n\n\n\n<li><strong>Sp\u00e9cialit\u00e9s<\/strong> : Tartiflette maison, charcuterie, gaufres, coupes glac\u00e9es.<\/li>\n\n\n\n<li><strong>Capacit\u00e9<\/strong> : Int\u00e9rieur &#8211; 90 personnes, Terrasse &#8211; 250 personnes.<\/li>\n<\/ul>\n\n\n\n<h4 id=\"chalet-la-pricaz-un-siecle-de-tradition\" class=\"wp-block-heading\"><strong>Chalet La Pricaz : Un Si\u00e8cle de Tradition<\/strong><\/h4>\n\n\n\n<p>Le Chalet La Pricaz, riche d&#8217;une histoire remontant au Moyen \u00c2ge, continue de charmer ses visiteurs avec ses sp\u00e9cialit\u00e9s savoyardes. Ici, vous d\u00e9gusterez des plats typiques dans un chalet au charme d&#8217;\u00e9poque, entour\u00e9 d&#8217;un paysage \u00e0 couper le souffle.<\/p>\n\n\n\n<ul class=\"wp-block-list\">\n<li><strong>Sp\u00e9cialit\u00e9s<\/strong> : Tartiflette, fondue savoyarde, planche de raclette, reblochonade.<\/li>\n\n\n\n<li><strong>Adresse<\/strong> : 135 Route de la Rochette, Col de la Forclaz, 74210 Talloires &#8211; Montmin.<\/li>\n\n\n\n<li><strong>Contact<\/strong> : Tel : 04 50 60 72 61, Email : lapricazlaforclaz@gmail.com.<\/li>\n<\/ul>\n\n\n\n<p>Ces deux \u00e9tablissements vous promettent une exp\u00e9rience culinaire m\u00e9morable, o\u00f9 les saveurs de la Savoie se m\u00ealent \u00e0 la beaut\u00e9 du paysage. Que vous soyez randonneur, promeneur ou simplement \u00e0 la recherche d&#8217;un moment de d\u00e9tente, un d\u00e9jeuner au Col de la Forclaz est une \u00e9tape incontournable de votre visite dans la r\u00e9gion d&#8217;Annecy.<\/p>\n\n\n\n<h3 id=\"chateau-de-menthon-saint-bernard-un-voyage-dans-le-temps-au-coeur-de-la-savoie\" class=\"wp-block-heading\"><strong>Ch\u00e2teau de Menthon-Saint-Bernard : Un Voyage dans le Temps au C\u0153ur de la Savoie<\/strong><\/h3>\n\n\n\n<p>D\u00e9couvrez le Ch\u00e2teau de Menthon-Saint-Bernard, un tr\u00e9sor d&#8217;architecture savoyarde nich\u00e9 entre lac et montagnes. Habit\u00e9 depuis le XI\u00e8me si\u00e8cle par la m\u00eame famille, ce ch\u00e2teau historique vous invite \u00e0 un voyage dans le temps, offrant une vue sublime sur le lac d&#8217;Annecy et les sommets alentour.<\/p>\n\n\n\n<figure class=\"wp-block-image size-full\"><img loading=\"lazy\" decoding=\"async\" width=\"1410\" height=\"940\" src=\"https:\/\/blog.toploc.com\/wp-content\/uploads\/2023\/11\/image-176.png\" alt=\"Le ch\u00e2teau de Menthon-Saint-Bernard \u00a9 Savoie Mont Blanc\" class=\"wp-image-135223\"\/><figcaption class=\"wp-element-caption\">Le ch\u00e2teau de Menthon-Saint-Bernard incontournable pour visiter Annecy en 5 jours \u00a9 Savoie Mont Blanc<\/figcaption><\/figure>\n\n\n\n<h4 id=\"votre-exploration-un-patrimoine-vivant\" class=\"wp-block-heading\"><strong>Votre Exploration : Un Patrimoine Vivant<\/strong><\/h4>\n\n\n\n<p>Le ch\u00e2teau, avec ses 105 pi\u00e8ces, a \u00e9volu\u00e9 du XII\u00e8me au XX\u00e8me si\u00e8cle. Commencez votre visite par la grande cour pav\u00e9e, entour\u00e9e de hautes tours et de remparts \u00e9pais. Chaque pi\u00e8ce, de la cuisine \u00e0 la chambre d&#8217;amis, raconte une histoire, celle d&#8217;une demeure qui a v\u00e9cu et vit encore aujourd&#8217;hui.<\/p>\n\n\n\n<h4 id=\"histoire-et-legendes-un-lieu-charge-de-mysteres\" class=\"wp-block-heading\"><strong>Histoire et L\u00e9gendes : Un Lieu Charg\u00e9 de Myst\u00e8res<\/strong><\/h4>\n\n\n\n<p>Le ch\u00e2teau de Menthon-Saint-Bernard est un livre ouvert sur l&#8217;histoire. D\u00e9couvrez la l\u00e9gende de Saint-Bernard-de-Menthon, n\u00e9 au ch\u00e2teau en l&#8217;an 1008, et inspirateur des c\u00e9l\u00e8bres chiens sauveteurs. La biblioth\u00e8que, avec ses 12 000 volumes, dont certains tr\u00e8s rares, est un incontournable pour les amoureux des lettres.<\/p>\n\n\n\n<h4 id=\"horaires-et-tarifs-planifiez-votre-visite\" class=\"wp-block-heading\"><strong>Horaires et Tarifs : Planifiez Votre Visite<\/strong><\/h4>\n\n\n\n<ul class=\"wp-block-list\">\n<li><strong>Ouverture<\/strong> : Du 1er avril au 30 juin, les vendredis, samedis, dimanches et jours f\u00e9ri\u00e9s de 14h \u00e0 18h. Du 1er juillet au 31 ao\u00fbt, tous les jours de 10h \u00e0 19h, avec des visites nocturnes et th\u00e9\u00e2tralis\u00e9es.<\/li>\n\n\n\n<li><strong>Tarifs<\/strong> : Adulte 11 \u20ac, Enfant 6 \u20ac (5-14 ans), Gratuit pour les moins de 5 ans. Jardin et belv\u00e9d\u00e8re : 3 \u20ac.<\/li>\n<\/ul>\n\n\n\n<h4 id=\"un-cadre-majestueux-entre-lac-et-montagnes\" class=\"wp-block-heading\"><strong>Un Cadre Majestueux : Entre Lac et Montagnes<\/strong><\/h4>\n\n\n\n<p>Le ch\u00e2teau, lov\u00e9 dans son parc, offre une exp\u00e9rience unique, o\u00f9 le sol pav\u00e9 de l&#8217;immense cour r\u00e9sonne sous vos pas. Les vues sur le lac d&#8217;Annecy et les Dents de Lanfon ajoutent \u00e0 la magie du lieu.<\/p>\n\n\n\n<h4 id=\"tradition-et-avenir-un-heritage-a-preserver\" class=\"wp-block-heading\"><strong>Tradition et Avenir : Un H\u00e9ritage \u00e0 Pr\u00e9server<\/strong><\/h4>\n\n\n\n<p>Le Comte Olivier de Menthon, actuel propri\u00e9taire, partage son attachement \u00e0 ce lieu familial. Chaque ann\u00e9e, de nombreux visiteurs viennent d\u00e9couvrir ce patrimoine unique, perp\u00e9tuant ainsi la tradition de partager son histoire.<\/p>\n\n\n\n<h4 id=\"informations-pratiques-5\" class=\"wp-block-heading\"><strong>Informations Pratiques<\/strong> :<\/h4>\n\n\n\n<ul class=\"wp-block-list\">\n<li><strong>Accessibilit\u00e9<\/strong> : Adapt\u00e9 aux enfants et adolescents. Animaux non accept\u00e9s.<\/li>\n\n\n\n<li><strong>Langues<\/strong> : Visites en anglais et fran\u00e7ais.<\/li>\n\n\n\n<li><strong>Services<\/strong> : 1 salle de r\u00e9ception disponible, capacit\u00e9 de 130 personnes.<\/li>\n<\/ul>\n\n\n\n<p>Le Ch\u00e2teau de Menthon-Saint-Bernard est une invitation \u00e0 d\u00e9couvrir un joyau d&#8217;histoire et de culture, un lieu o\u00f9 le pass\u00e9 rencontre le pr\u00e9sent dans un cadre spectaculaire. Que ce soit pour une exploration historique ou simplement pour admirer la beaut\u00e9 du lieu, ce ch\u00e2teau est une destination incontournable.<\/p>\n\n\n\n<h2 id=\"jour-4-decouverte-du-plateau-des-glieres\" class=\"wp-block-heading\"><strong>Jour 4 : D\u00e9couverte du plateau des Gli\u00e8res<\/strong><\/h2>\n\n\n\n<p>Le quatri\u00e8me jour de votre s\u00e9jour vous emm\u00e8ne au Plateau des Gli\u00e8res, un lieu embl\u00e9matique alliant nature pr\u00e9serv\u00e9e et histoire poignante. Situ\u00e9 \u00e0 une altitude de 1440 m\u00e8tres, ce site offre une escapade parfaite pour les amateurs de randonn\u00e9e, de ski de fond, et pour ceux qui souhaitent s&#8217;immerger dans un chapitre important de l&#8217;histoire fran\u00e7aise. Pr\u00e9parez-vous \u00e0 une journ\u00e9e d&#8217;aventure, de d\u00e9couverte culinaire et de d\u00e9tente dans un cadre alpin exceptionnel.<\/p>\n\n\n\n<h3 id=\"plateau-des-glieres-votre-escapade-nature-et-histoire\" class=\"wp-block-heading\"><strong>Plateau des Gli\u00e8res : Votre Escapade Nature et Histoire<\/strong><\/h3>\n\n\n\n<p>Envie d&#8217;une immersion dans la nature et l&#8217;histoire ? Le Plateau des Gli\u00e8res, situ\u00e9 \u00e0 une altitude de 1440 m\u00e8tres et \u00e0 environ 30 km d&#8217;Annecy, est l&#8217;endroit id\u00e9al. Ce haut lieu de la R\u00e9sistance et site Natura 2000 vous promet une exp\u00e9rience riche en d\u00e9couvertes.<\/p>\n\n\n\n<figure class=\"wp-block-image size-full\"><img loading=\"lazy\" decoding=\"async\" width=\"1745\" height=\"982\" src=\"https:\/\/blog.toploc.com\/wp-content\/uploads\/2023\/11\/image-175.png\" alt=\"Le Plateau des Gli\u00e8res un lieu de la R\u00e9sistance en Haute-Savoie \u00a9 Savoie Mont Blanc\" class=\"wp-image-135222\"\/><figcaption class=\"wp-element-caption\">Le Plateau des Gli\u00e8res un lieu de la R\u00e9sistance en Haute-Savoie \u00a9 Savoie Mont Blanc<\/figcaption><\/figure>\n\n\n\n<h4 id=\"votre-aventure-au-coeur-de-la-nature\" class=\"wp-block-heading\"><strong>Votre Aventure au C\u0153ur de la Nature<\/strong> : <\/h4>\n\n\n\n<p>Le Plateau des Gli\u00e8res est un espace naturel sensible, offrant des paysages \u00e0 couper le souffle, une faune et une flore remarquables, et des produits locaux authentiques. C&#8217;est un lieu parfait pour se reconnecter avec la nature.<\/p>\n\n\n\n<h4 id=\"decouverte-historique\" class=\"wp-block-heading\"><strong>D\u00e9couverte Historique<\/strong> : <\/h4>\n\n\n\n<p>Le plateau a jou\u00e9 un r\u00f4le crucial pendant la Seconde Guerre mondiale en tant que terrain de parachutage pour les Alli\u00e9s. Un circuit de d\u00e9couverte historique, ponctu\u00e9 de panneaux, retrace la vie quotidienne des R\u00e9sistants. Le Monument national \u00e0 la R\u00e9sistance, une sculpture monumentale cr\u00e9\u00e9e par l&#8217;artiste Emile Gilioli, rend hommage \u00e0 leur action.<\/p>\n\n\n\n<h4 id=\"activites-pour-tous\" class=\"wp-block-heading\"><strong>Activit\u00e9s pour Tous<\/strong> :<\/h4>\n\n\n\n<ul class=\"wp-block-list\">\n<li><strong>En \u00c9t\u00e9<\/strong> : Randonn\u00e9es p\u00e9destres, v\u00e9lo, escalade, et d\u00e9couverte de l&#8217;histoire du plateau.<\/li>\n\n\n\n<li><strong>En Hiver<\/strong> : Ski de fond, chiens de tra\u00eeneaux, itin\u00e9raires pi\u00e9tons et raquettes, et pistes de luges am\u00e9nag\u00e9es.<\/li>\n<\/ul>\n\n\n\n<h4 id=\"informations-pratiques-pour-vous-2\" class=\"wp-block-heading\"><strong>Informations Pratiques pour Vous<\/strong> :<\/h4>\n\n\n\n<ul class=\"wp-block-list\">\n<li><strong>Acc\u00e8s<\/strong> : Facilement accessible depuis Annecy, avec un parking gratuit.<\/li>\n\n\n\n<li><strong>Restauration et H\u00e9bergements<\/strong> : Profitez de la cuisine du terroir dans les restaurants d&#8217;alpage et des nuits paisibles dans les refuges.<\/li>\n<\/ul>\n\n\n\n<p>Le Plateau des Gli\u00e8res est une destination incontournable pour les amoureux de la nature et de l&#8217;histoire. Que vous soyez randonneur, amateur d&#8217;histoire ou simplement en qu\u00eate de tranquillit\u00e9, ce plateau vous offre une \u00e9vasion unique entre paysages alpins et r\u00e9cits historiques.<\/p>\n\n\n\n<h3 id=\"ski-de-fond-ou-randonnee-sur-le-plateau-votre-evasion-nature\" class=\"wp-block-heading\"><strong>Ski de fond ou randonn\u00e9e sur le Plateau : Votre \u00c9vasion Nature<\/strong><\/h3>\n\n\n\n<p>Le Plateau des Gli\u00e8res, situ\u00e9 \u00e0 1500 m\u00e8tres d&#8217;altitude dans le massif des Bornes, est un lieu id\u00e9al pour les amateurs de ski de fond et de randonn\u00e9e. Avec ses vastes \u00e9tendues d\u2019alpages et ses secteurs en for\u00eat, c&#8217;est un v\u00e9ritable paradis pour les activit\u00e9s en plein air.<\/p>\n\n\n\n<figure class=\"wp-block-image size-full\"><img loading=\"lazy\" decoding=\"async\" width=\"3888\" height=\"2592\" src=\"https:\/\/blog.toploc.com\/wp-content\/uploads\/2024\/01\/image-15.png\" alt=\"Le plateau des Gli\u00e8res, incontournable pour visiter Annecy en 4 jours \u00a9 Wikipedia\" class=\"wp-image-138723\"\/><figcaption class=\"wp-element-caption\">Le plateau des Gli\u00e8res, incontournable pour visiter Annecy en 5 jours \u00a9 Wikipedia<\/figcaption><\/figure>\n\n\n\n<h4 id=\"ski-de-fond-glissez-dans-un-paysage-enneige\" class=\"wp-block-heading\"><strong>Ski de fond : Glissez dans un Paysage Enneig\u00e9<\/strong><strong><br><\/strong><\/h4>\n\n\n\n<p>Le domaine nordique des Gli\u00e8res offre 29 km de pistes de ski de fond, comprenant 2 pistes vertes, 1 bleue, 2 rouges et 3 noires. Que vous soyez d\u00e9butant ou exp\u00e9riment\u00e9, vous trouverez des pistes adapt\u00e9es \u00e0 votre niveau. Les forfaits sont disponibles \u00e0 la journ\u00e9e, hebdomadaire, pour la saison compl\u00e8te, et m\u00eame pour les nuits nordiques qui ont lieu tous les jeudis soir.<\/p>\n\n\n\n<h4 id=\"randonnee-nordique-tracez-votre-chemin\" class=\"wp-block-heading\"><strong>Randonn\u00e9e Nordique : Tracez Votre Chemin<\/strong><\/h4>\n\n\n\n<p>Pour une exp\u00e9rience plus sauvage, d\u00e9couvrez la randonn\u00e9e nordique. Cette activit\u00e9 s&#8217;adresse aux skieurs ma\u00eetrisant les descentes en ski alpin et le pas alternatif du ski de fond. C&#8217;est l&#8217;occasion parfaite pour explorer les coins recul\u00e9s du plateau, loin des pistes fr\u00e9quent\u00e9es.<\/p>\n\n\n\n<h4 id=\"randonnee-pedestre-decouvrez-lhistoire-et-la-nature\" class=\"wp-block-heading\"><strong>Randonn\u00e9e P\u00e9destre : D\u00e9couvrez l&#8217;Histoire et la Nature<\/strong><\/h4>\n\n\n\n<p>Le Plateau des Gli\u00e8res est \u00e9galement un lieu majeur de la r\u00e9sistance en Haute-Savoie. Une balade p\u00e9destre de 7,9 km vous permet de d\u00e9couvrir l&#8217;histoire des maquisards et les milieux naturels du plateau. Le sentier, facile et accessible toute l&#8217;ann\u00e9e, vous m\u00e8ne jusqu&#8217;au monument historique embl\u00e9matique du plateau.<\/p>\n\n\n\n<h4 id=\"informations-pratiques-6\" class=\"wp-block-heading\"><strong>Informations Pratiques<\/strong><\/h4>\n\n\n\n<ul class=\"wp-block-list\">\n<li><strong>Ski de fond<\/strong> : Domaine ouvert en hiver, selon les conditions d&#8217;enneigement.<\/li>\n\n\n\n<li><strong>Randonn\u00e9e Nordique<\/strong> : Mat\u00e9riel sp\u00e9cifique requis, tarifs sur demande.<\/li>\n\n\n\n<li><strong>Randonn\u00e9e P\u00e9destre<\/strong> : Itin\u00e9raire accessible toute l&#8217;ann\u00e9e, gratuit.<\/li>\n\n\n\n<li><strong>Restauration<\/strong> : Plusieurs restaurants sur le plateau pour d\u00e9guster des sp\u00e9cialit\u00e9s savoyardes.<\/li>\n<\/ul>\n\n\n\n<p>Le Plateau des Gli\u00e8res est votre destination id\u00e9ale pour une escapade hivernale ou estivale, offrant des activit\u00e9s vari\u00e9es dans un cadre naturel exceptionnel. Que vous choisissiez le ski de fond, la randonn\u00e9e nordique ou une balade p\u00e9destre, vous serez entour\u00e9 de panoramas somptueux et d&#8217;une histoire riche. Pr\u00e9parez-vous \u00e0 vivre une exp\u00e9rience inoubliable au c\u0153ur des Alpes fran\u00e7aises.<\/p>\n\n\n\n<h3 id=\"dejeuner-au-plateau-des-glieres\" class=\"wp-block-heading\"><strong>D\u00e9jeuner au plateau des Gli\u00e8res<\/strong><\/h3>\n\n\n\n<p>Vous envisagez une journ\u00e9e de ski de fond ou une balade en raquette sur le magnifique Plateau des Gli\u00e8res ? Pour parfaire cette exp\u00e9rience, d\u00e9couvrez les restaurants et g\u00eetes du domaine, offrant des sp\u00e9cialit\u00e9s savoureuses dans un cadre convivial et unique.<\/p>\n\n\n\n<h4 id=\"restaurant-des-fretes-chez-constance\" class=\"wp-block-heading\"><strong>Restaurant des Fr\u00eates \u00ab Chez Constance \u00bb<\/strong><\/h4>\n\n\n\n<ul class=\"wp-block-list\">\n<li><strong>Sp\u00e9cialit\u00e9s<\/strong> : Cuisine traditionnelle et locale.<\/li>\n\n\n\n<li><strong>Contact<\/strong> : T\u00e9l. 04 50 22 45 61<\/li>\n\n\n\n<li><strong>Site Web<\/strong> : Les Gli\u00e8res<\/li>\n<\/ul>\n\n\n\n<h4 id=\"chez-regina\" class=\"wp-block-heading\"><strong>\u00ab Chez Regina \u00bb<\/strong><\/h4>\n\n\n\n<ul class=\"wp-block-list\">\n<li><strong>Ambiance<\/strong> : Conviviale et chaleureuse.<\/li>\n\n\n\n<li><strong>Contact<\/strong> : T\u00e9l. 04 50 22 80 46<\/li>\n\n\n\n<li><strong>Site Web<\/strong> : Chez Regina<\/li>\n<\/ul>\n\n\n\n<h4 id=\"refuge-de-spee\" class=\"wp-block-heading\"><strong>\u00ab Refuge de Sp\u00e9e \u00bb<\/strong><\/h4>\n\n\n\n<ul class=\"wp-block-list\">\n<li><strong>Cadre<\/strong> : Authentique et accueillant.<\/li>\n\n\n\n<li><strong>Contact<\/strong> : T\u00e9l. 06 79 03 75 87<\/li>\n\n\n\n<li><strong>Facebook<\/strong> : Refuge de Sp\u00e9e<\/li>\n<\/ul>\n\n\n\n<h4 id=\"gite-chez-merlin\" class=\"wp-block-heading\"><strong>\u00ab G\u00eete Chez Merlin \u00bb<\/strong><\/h4>\n\n\n\n<ul class=\"wp-block-list\">\n<li><strong>Atmosph\u00e8re<\/strong> : Familiale et d\u00e9tendue.<\/li>\n\n\n\n<li><strong>Contact<\/strong> : T\u00e9l. 06 78 41 79 48<\/li>\n\n\n\n<li><strong>Site Web<\/strong> : G\u00eete Merlin Gli\u00e8res<\/li>\n<\/ul>\n\n\n\n<h4 id=\"auberge-des-glieres\" class=\"wp-block-heading\"><strong>\u00ab Auberge des Gli\u00e8res \u00bb<\/strong><\/h4>\n\n\n\n<ul class=\"wp-block-list\">\n<li><strong>Sp\u00e9cialit\u00e9s<\/strong> : Cuisine savoyarde authentique.<\/li>\n\n\n\n<li><strong>Contact<\/strong> : T\u00e9l 04 50 24 83 14<\/li>\n\n\n\n<li><strong>Site Web<\/strong> : Auberge des Gli\u00e8res<\/li>\n<\/ul>\n\n\n\n<h4 id=\"restaurant-gautard-chez-nathalie-et-jean-claude\" class=\"wp-block-heading\"><strong>Restaurant \u201dGautard chez Nathalie et Jean-Claude\u201d<\/strong><\/h4>\n\n\n\n<ul class=\"wp-block-list\">\n<li><strong>Cuisine<\/strong> : Savoureuse et g\u00e9n\u00e9reuse.<\/li>\n\n\n\n<li><strong>Contact<\/strong> : T\u00e9l. 04 50 24 40 71<\/li>\n\n\n\n<li><strong>Site Web<\/strong> : Restaurant Gautard<\/li>\n<\/ul>\n\n\n\n<h4 id=\"restaurant-les-lanfiannes\" class=\"wp-block-heading\"><strong>Restaurant \u00ab Les Lanfiannes \u00bb<\/strong><\/h4>\n\n\n\n<ul class=\"wp-block-list\">\n<li><strong>Ambiance<\/strong> : Accueillante et pittoresque.<\/li>\n\n\n\n<li><strong>Contact<\/strong> : T\u00e9l. 04 50 22 45 65<\/li>\n\n\n\n<li><strong>Site Web<\/strong> : Les Lanfiannes<\/li>\n<\/ul>\n\n\n\n<h4 id=\"gite-les-augets\" class=\"wp-block-heading\"><strong>G\u00eete \u00ab Les Augets \u00bb<\/strong><\/h4>\n\n\n\n<ul class=\"wp-block-list\">\n<li><strong>Cadre<\/strong> : Paisible et charmant.<\/li>\n\n\n\n<li><strong>Contact<\/strong> : T\u00e9l. 06 07 02 30 10<\/li>\n\n\n\n<li><strong>Site Web<\/strong> : Les Augets<\/li>\n<\/ul>\n\n\n\n<h4 id=\"refuge-restaurant-notre-dame-des-neiges\" class=\"wp-block-heading\"><strong>Refuge \/Restaurant \u00ab Notre Dame des Neiges \u00bb<\/strong><\/h4>\n\n\n\n<ul class=\"wp-block-list\">\n<li><strong>Sp\u00e9cialit\u00e9s<\/strong> : Cuisine locale dans un cadre montagnard.<\/li>\n\n\n\n<li><strong>Contact<\/strong> : T\u00e9l. 04 50 22 80 88<\/li>\n\n\n\n<li><strong>Site Web<\/strong> : Notre Dame des Neiges<\/li>\n<\/ul>\n\n\n\n<p>Chaque \u00e9tablissement sur le Plateau des Gli\u00e8res vous promet une exp\u00e9rience culinaire authentique, agr\u00e9ment\u00e9e de la beaut\u00e9 naturelle et de la tranquillit\u00e9 des montagnes. Que vous soyez en qu\u00eate de d\u00e9tente apr\u00e8s une journ\u00e9e active ou simplement \u00e0 la recherche d&#8217;un repas convivial, ces adresses sont des incontournables pour savourer la richesse culinaire de la r\u00e9gion.<\/p>\n\n\n\n<h3 id=\"degustation-de-fromages-et-vins-locaux-une-experience-culinaire-authentique\" class=\"wp-block-heading\"><strong>D\u00e9gustation de fromages et vins locaux : Une Exp\u00e9rience Culinaire Authentique<\/strong><\/h3>\n\n\n\n<p>Envie de d\u00e9couvrir les saveurs authentiques de la Haute-Savoie ? Le Plateau des Gli\u00e8res vous invite \u00e0 une d\u00e9gustation inoubliable de fromages et vins locaux, une v\u00e9ritable c\u00e9l\u00e9bration du terroir savoyard.<\/p>\n\n\n\n<h4 id=\"fromages-dexception-un-voyage-au-coeur-du-gout\" class=\"wp-block-heading\"><strong>Fromages d&#8217;Exception : Un Voyage au C\u0153ur du Go\u00fbt<\/strong><\/h4>\n\n\n\n<p>Le Plateau des Gli\u00e8res est renomm\u00e9 pour ses fromages d&#8217;exception comme le Reblochon, la Tomme, l&#8217;Abondance, ou la Raclette. Ces fromages, fabriqu\u00e9s dans les chalets d&#8217;alpage, sont le fruit d&#8217;un savoir-faire ancestral. Le reblochon fermier, star du plateau, b\u00e9n\u00e9ficie des appellations AOC et AOP, garantissant son authenticit\u00e9 et sa qualit\u00e9.<\/p>\n\n\n\n<h4 id=\"vins-de-savoie-lelegance-des-bulles-en-montagne\" class=\"wp-block-heading\"><strong>Vins de Savoie : L&#8217;\u00c9l\u00e9gance des Bulles en Montagne<\/strong><\/h4>\n\n\n\n<p>D\u00e9couvrez les vins d&#8217;Ayze, un tr\u00e9sor viticole de la r\u00e9gion. Ce vignoble, situ\u00e9 entre 450 et 550 m\u00e8tres d&#8217;altitude, produit des vins p\u00e9tillants de m\u00e9thode traditionnelle, notamment \u00e0 partir du c\u00e9page unique Gringet. La Cuv\u00e9e Prestige et le ros\u00e9 p\u00e9tillant sont des incontournables pour les amateurs de fines bulles.<\/p>\n\n\n\n<h4 id=\"ou-deguster\" class=\"wp-block-heading\"><strong>O\u00f9 D\u00e9guster ?<\/strong><\/h4>\n\n\n\n<ul class=\"wp-block-list\">\n<li><strong>Chez Constance<\/strong> : Un chalet-refuge d&#8217;alpage o\u00f9 vous pourrez savourer des sp\u00e9cialit\u00e9s locales accompagn\u00e9es de vins de Savoie.<\/li>\n\n\n\n<li><strong>Domaine du Clos la Merziere <\/strong>: Visitez ce domaine familial pour une d\u00e9gustation de vins d&#8217;Ayze. Situ\u00e9 \u00e0 Ayze, le domaine propose des visites sur rendez-vous.<\/li>\n<\/ul>\n\n\n\n<h4 id=\"horaires-et-informations-pratiques\" class=\"wp-block-heading\"><strong>Horaires et Informations Pratiques :<\/strong><\/h4>\n\n\n\n<ul class=\"wp-block-list\">\n<li>Les fromages et vins sont disponibles \u00e0 la vente directe dans les chalets d&#8217;alpage.<\/li>\n\n\n\n<li>Pour les visites de vignobles, il est recommand\u00e9 de prendre rendez-vous \u00e0 l&#8217;avance.<\/li>\n<\/ul>\n\n\n\n<h4 id=\"un-terroir-riche-et-varie-entre-tradition-et-modernite\" class=\"wp-block-heading\"><strong>Un Terroir Riche et Vari\u00e9 : Entre Tradition et Modernit\u00e9<\/strong><\/h4>\n\n\n\n<p>Le Plateau des Gli\u00e8res, avec son histoire riche et son cadre naturel pr\u00e9serv\u00e9, offre une exp\u00e9rience culinaire unique. Que ce soit pour d\u00e9guster un reblochon onctueux ou pour savourer un vin p\u00e9tillant \u00e9l\u00e9gant, vous \u00eates assur\u00e9 de vivre un moment de pur plaisir gustatif.<\/p>\n\n\n\n<h4 id=\"informations-pratiques-7\" class=\"wp-block-heading\"><strong>Informations Pratiques :<\/strong><\/h4>\n\n\n\n<ul class=\"wp-block-list\">\n<li><strong>Accessibilit\u00e9<\/strong> : Adapt\u00e9 \u00e0 tous les amateurs de gastronomie.<\/li>\n\n\n\n<li><strong>Contact<\/strong> : Syndicat Mixte des Gli\u00e8res &#8211; 04 50 33 51 53.<\/li>\n<\/ul>\n\n\n\n<p>Le Plateau des Gli\u00e8res est votre prochaine destination pour une escapade gourmande o\u00f9 les saveurs authentiques du terroir savoyard vous attendent. Que ce soit pour une pause fromag\u00e8re ou une d\u00e9couverte viticole, vous y trouverez votre bonheur.<\/p>\n\n\n\n<h2 id=\"jour-5-decouverte-de-la-clusaz\" class=\"wp-block-heading\"><strong>Jour 5 : D\u00e9couverte de La Clusaz<\/strong><\/h2>\n\n\n\n<p>Pour votre cinqui\u00e8me et dernier jour \u00e0 Annecy, partez \u00e0 la d\u00e9couverte de La Clusaz, une charmante station de montagne offrant un parfait m\u00e9lange d&#8217;activit\u00e9s sportives et de d\u00e9tente. Situ\u00e9e \u00e0 une courte distance d&#8217;Annecy, La Clusaz vous accueille dans un cadre alpin magnifique pour une journ\u00e9e pleine d&#8217;aventures hivernales et de plaisirs culinaires. Terminez votre s\u00e9jour par un d\u00eener de cl\u00f4ture m\u00e9morable dans l&#8217;un des restaurants gastronomiques d&#8217;Annecy, c\u00e9l\u00e9brant la richesse de la cuisine locale dans un cadre enchanteur.<\/p>\n\n\n\n<h3 id=\"depart-pour-la-clusaz-pour-des-vacances-actives-et-detendues\" class=\"wp-block-heading\"><strong>D\u00e9part pour La Clusaz : pour des Vacances Actives et D\u00e9tendues<\/strong><\/h3>\n\n\n\n<p>Envie d&#8217;une escapade \u00e0 la montagne ? La Clusaz, nich\u00e9e entre 1100m et 2600m d&#8217;altitude, est la destination parfaite pour ceux qui cherchent \u00e0 combiner activit\u00e9s sportives et d\u00e9tente. \u00c0 seulement une courte distance d&#8217;Annecy, cette station de Haute-Savoie vous promet une exp\u00e9rience inoubliable.<\/p>\n\n\n\n<figure class=\"wp-block-image size-full\"><img loading=\"lazy\" decoding=\"async\" width=\"3072\" height=\"2304\" src=\"https:\/\/blog.toploc.com\/wp-content\/uploads\/2023\/08\/La_Clusaz_Haute-Savoie.jpeg\" alt=\"La Clusaz la station de ski de Haute-Savoie la plus proche d'Annecy \u00a9 Wikipedia\" class=\"wp-image-130579\"\/><figcaption class=\"wp-element-caption\">La Clusaz la station de ski de Haute-Savoie la plus proche d&#8217;Annecy \u00a9 Wikipedia<\/figcaption><\/figure>\n\n\n\n<h4 id=\"votre-sejour-a-la-clusaz\" class=\"wp-block-heading\"><strong>Votre S\u00e9jour \u00e0 La Clusaz <\/strong>:<\/h4>\n\n\n\n<ul class=\"wp-block-list\">\n<li><strong>Pour les Amateurs de Ski <\/strong>: Avec ses 85 pistes, La Clusaz est un paradis pour les skieurs de tous niveaux. Mais ce n&#8217;est pas tout, la station offre bien plus que du ski.<\/li>\n\n\n\n<li><strong>Shopping et Gastronomie<\/strong> : Faites les boutiques dans la station pour d\u00e9nicher des v\u00eatements de sport tendance ou des produits locaux. Ne manquez pas de visiter le Repaire du Dahu pour des sp\u00e9cialit\u00e9s savoyardes ou la Distillerie des Aravis pour une d\u00e9gustation de g\u00e9n\u00e9pi.<\/li>\n\n\n\n<li><strong>Activit\u00e9s en Famille<\/strong> : Essayez le yooner et le paret pour une descente amusante en famille. Partez en randonn\u00e9e raquettes aux pieds pour admirer la faune locale ou profitez de la patinoire pour une session de Bumper, des auto tamponneuses sur glace.<\/li>\n<\/ul>\n\n\n\n<h4 id=\"detente-et-bien-etre\" class=\"wp-block-heading\"><strong>D\u00e9tente et Bien-\u00catre :<\/strong><\/h4>\n\n\n\n<ul class=\"wp-block-list\">\n<li><strong>Spa et Relaxation<\/strong> : Offrez-vous un moment de d\u00e9tente au Cristal Spa ou au Spa Payot \u2013 le chamois. Profitez des bienfaits des cristaux et des soins relaxants pour une pause bien m\u00e9rit\u00e9e.<\/li>\n<\/ul>\n\n\n\n<h4 id=\"gastronomie-et-plaisirs-des-papilles\" class=\"wp-block-heading\"><strong>Gastronomie et Plaisirs des Papilles :<\/strong><\/h4>\n\n\n\n<ul class=\"wp-block-list\">\n<li>Restaurants : La Clusaz regorge de bonnes tables. Que vous soyez tent\u00e9 par un hamburger gourmet \u00e0 la Chavinette, un repas classique fran\u00e7ais \u00e0 la Brasserie Centrale, ou des plats typiques savoyards \u00e0 l\u2019Outa, vos papilles seront combl\u00e9es.<\/li>\n<\/ul>\n\n\n\n<h4 id=\"quand-il-pleut\" class=\"wp-block-heading\"><strong>Quand il Pleut :<\/strong><\/h4>\n\n\n\n<ul class=\"wp-block-list\">\n<li>Culture et D\u00e9couverte : Visitez le Hameau des Alpes pour en apprendre plus sur la fabrication du reblochon ou assistez \u00e0 des op\u00e9ras et des ballets au Th\u00e9\u00e2tre des Beaux Arts.<\/li>\n<\/ul>\n\n\n\n<h4 id=\"informations-pratiques-8\" class=\"wp-block-heading\"><strong>Informations Pratiques :<\/strong><\/h4>\n\n\n\n<ul class=\"wp-block-list\">\n<li><strong>Acc\u00e8s<\/strong> : Facilement accessible depuis Annecy.<\/li>\n\n\n\n<li><strong>Activit\u00e9s<\/strong> : Ski, shopping, randonn\u00e9es, spa, gastronomie, et bien plus.<\/li>\n\n\n\n<li><strong>H\u00e9bergement<\/strong> : La Clusaz propose une large gamme d&#8217;h\u00e9bergements pour tous les budgets.<\/li>\n<\/ul>\n\n\n\n<p>La Clusaz est votre destination id\u00e9ale pour un s\u00e9jour o\u00f9 activit\u00e9s de montagne, d\u00e9tente et plaisirs culinaires se rencontrent. Que vous soyez un passionn\u00e9 de ski, un amateur de bien-\u00eatre ou un \u00e9picurien, cette station a tout pour vous s\u00e9duire.<\/p>\n\n\n\n<h4 id=\"activites-de-sports-dhiver-a-la-clusaz\" class=\"wp-block-heading\"><strong>Activit\u00e9s de sports d\u2019hiver \u00e0 La Clusaz<\/strong><\/h4>\n\n\n\n<p>La Clusaz, nich\u00e9e au c\u0153ur des Alpes fran\u00e7aises, est une destination de choix pour les amoureux de sports d&#8217;hiver. Avec un m\u00e9lange parfait de traditions montagnardes et de modernit\u00e9, cette station offre un terrain de jeu id\u00e9al pour une multitude d&#8217;activit\u00e9s hivernales.<\/p>\n\n\n\n<figure class=\"wp-block-image size-full\"><img loading=\"lazy\" decoding=\"async\" width=\"585\" height=\"392\" src=\"https:\/\/blog.toploc.com\/wp-content\/uploads\/2023\/04\/clusaz.jpg\" alt=\"Profiter du magnifique paysage de la Clusaz en hiver \u00a9 Toploc\" class=\"wp-image-128330\"\/><figcaption class=\"wp-element-caption\">Profiter du magnifique paysage de la Clusaz en hiver \u00a9 Toploc<\/figcaption><\/figure>\n\n\n\n<h4 id=\"ski-et-snowboard-des-pistes-pour-tous-les-niveaux\" class=\"wp-block-heading\"><strong>Ski et Snowboard : Des Pistes pour Tous les Niveaux<\/strong><\/h4>\n\n\n\n<p>Le domaine skiable de La Clusaz, s&#8217;\u00e9tendant sur cinq massifs, est un paradis pour les skieurs et snowboardeurs. Avec plus de 84 pistes repr\u00e9sentant 125 kilom\u00e8tres, il y a des descentes pour tous les niveaux. Les cours de ski priv\u00e9s ou en groupe propos\u00e9s par l&#8217;\u00e9cole Evolution 2 La Clusaz sont parfaits pour les d\u00e9butants ou pour perfectionner vos comp\u00e9tences.<\/p>\n\n\n\n<h4 id=\"yooner-une-luge-moderne-et-amusante\" class=\"wp-block-heading\"><strong>Yooner : Une Luge Moderne et Amusante<\/strong><\/h4>\n\n\n\n<p>D\u00e9couvrez le yooner, une version moderne de la luge traditionnelle des Aravis. Assis \u00e0 quelques centim\u00e8tres du sol, vivez une exp\u00e9rience de glisse unique et pleine de fun sur les pentes enneig\u00e9es de La Clusaz.<\/p>\n\n\n\n<h4 id=\"raquettes-a-neige-explorez-la-nature-enchantee\" class=\"wp-block-heading\"><strong>Raquettes \u00e0 Neige : Explorez la Nature Enchant\u00e9e<\/strong><\/h4>\n\n\n\n<p>La randonn\u00e9e en raquettes \u00e0 La Clusaz est une invitation \u00e0 d\u00e9couvrir la beaut\u00e9 hivernale des montagnes. Accompagn\u00e9 par des professionnels, explorez les grands espaces, la faune et la flore, loin de l&#8217;agitation des pistes de ski.<\/p>\n\n\n\n<h4 id=\"informations-pratiques-9\" class=\"wp-block-heading\"><strong>Informations Pratiques<\/strong><\/h4>\n\n\n\n<ul class=\"wp-block-list\">\n<li><strong>Ski et Snowboard <\/strong>: Domaine ouvert en hiver, avec des cours disponibles pour tous les niveaux.<\/li>\n\n\n\n<li><strong>Yooner<\/strong> : Une activit\u00e9 ludique pour d\u00e9couvrir les pistes sous un autre angle.<\/li>\n\n\n\n<li><strong>Raquettes \u00e0 Neige<\/strong> : Sorties guid\u00e9es disponibles, parfaites pour les amoureux de la nature.<\/li>\n<\/ul>\n\n\n\n<p>La Clusaz est votre destination id\u00e9ale pour un s\u00e9jour hivernal o\u00f9 aventure, plaisir et d\u00e9couverte se m\u00ealent dans un cadre montagnard authentique. Que vous soyez un skieur chevronn\u00e9, un amateur de sensations fortes ou un explorateur de la nature, La Clusaz a quelque chose \u00e0 vous offrir. Pr\u00e9parez-vous \u00e0 vivre des moments inoubliables dans l&#8217;un des plus beaux coins des Alpes fran\u00e7aises.<\/p>\n\n\n\n<h3 id=\"dejeuner-a-la-clusaz\" class=\"wp-block-heading\"><strong>D\u00e9jeuner \u00e0 La Clusaz<\/strong><\/h3>\n\n\n\n<p>Pour compl\u00e9ter votre exp\u00e9rience dans le charmant village de La Clusaz, d\u00e9couvrez les meilleurs restaurants de la station, o\u00f9 vous pourrez savourer des plats d\u00e9licieux dans une ambiance chaleureuse et accueillante.<\/p>\n\n\n\n<h4 id=\"les-2-mules\" class=\"wp-block-heading\"><strong>Les 2 Mules<\/strong><\/h4>\n\n\n\n<ul class=\"wp-block-list\">\n<li><strong>Ambiance<\/strong> : Chic et d\u00e9contract\u00e9e, id\u00e9ale apr\u00e8s une journ\u00e9e sur les pistes.<\/li>\n\n\n\n<li><strong>Adresse<\/strong> : 180 route de la Gralli\u00e8re, La Clusaz.<\/li>\n\n\n\n<li><strong>Contact<\/strong> : 04.50.10.47.81<\/li>\n<\/ul>\n\n\n\n<h4 id=\"le-pur\" class=\"wp-block-heading\"><strong>Le Pur<\/strong><\/h4>\n\n\n\n<ul class=\"wp-block-list\">\n<li><strong>Sp\u00e9cialit\u00e9s<\/strong> : Cuisine moderne avec des produits locaux, recommand\u00e9 par le Guide Michelin.<\/li>\n\n\n\n<li><strong>Cadre<\/strong> : Contemporain et \u00e9l\u00e9gant.<\/li>\n\n\n\n<li><strong>Adresse<\/strong> : 27 passage du Mont-Blanc, La Clusaz.<\/li>\n\n\n\n<li><strong>Contact<\/strong> : 04.50.68.64.89<\/li>\n<\/ul>\n\n\n\n<h4 id=\"le-cinq\" class=\"wp-block-heading\"><strong>Le Cinq<\/strong><\/h4>\n\n\n\n<ul class=\"wp-block-list\">\n<li><strong>Cuisine<\/strong> : Inspirations des Alpes et de l&#8217;Oc\u00e9an Indien, avec des produits de saison.<\/li>\n\n\n\n<li><strong>Adresse<\/strong> : 26 mont\u00e9e de Ch\u00e2teau, La Clusaz.<\/li>\n\n\n\n<li><strong>Contact<\/strong> : 04.50.01.50.01<\/li>\n<\/ul>\n\n\n\n<h4 id=\"la-ferme-restaurant\" class=\"wp-block-heading\"><strong>La Ferme Restaurant<\/strong><\/h4>\n\n\n\n<ul class=\"wp-block-list\">\n<li><strong>Sp\u00e9cialit\u00e9s<\/strong> : Cuisine traditionnelle savoyarde.<\/li>\n\n\n\n<li><strong>Adresse<\/strong> : 1 078 route du col des Aravis, La Clusaz.<\/li>\n\n\n\n<li><strong>Contact<\/strong> : 04.50.02.50.50<\/li>\n<\/ul>\n\n\n\n<h4 id=\"restaurants-daltitude\" class=\"wp-block-heading\"><strong>Restaurants d\u2019Altitude<\/strong><\/h4>\n\n\n\n<ul class=\"wp-block-list\">\n<li><strong>Chalet des Praz<\/strong> : Ambiance festive et halte id\u00e9ale durant votre journ\u00e9e de ski.\n<ul class=\"wp-block-list\">\n<li>Contact : 04.50.02.59.84<\/li>\n<\/ul>\n<\/li>\n\n\n\n<li><strong>Le Relais de l\u2019Aiguille<\/strong> : Terrasse panoramique avec vue sur les montagnes.\n<ul class=\"wp-block-list\">\n<li>Contact : 06.63.42.04.00 ou 06.19.34.29.91<\/li>\n<\/ul>\n<\/li>\n\n\n\n<li><strong>La \u00d4<\/strong> : Cuisine traditionnelle sur les pistes du massif de l\u2019\u00c9tale.\n<ul class=\"wp-block-list\">\n<li>Contact : 04.82.77.74.74<\/li>\n<\/ul>\n<\/li>\n<\/ul>\n\n\n\n<h4 id=\"restauration-rapide\" class=\"wp-block-heading\"><strong>Restauration Rapide<\/strong><\/h4>\n\n\n\n<ul class=\"wp-block-list\">\n<li><strong>Chez Papaz<\/strong> : Cuisine m\u00e9diterran\u00e9enne et italienne, parfait pour une pause rapide.\n<ul class=\"wp-block-list\">\n<li><strong>Adresse<\/strong> : 35 place du Pr\u00e9 de Foire, La Clusaz.<\/li>\n\n\n\n<li><strong>Contact<\/strong> : 04.50.02.40.14<\/li>\n<\/ul>\n<\/li>\n\n\n\n<li><strong>Le Scrapeur<\/strong> : Snack id\u00e9al pour un repas sur le pouce entre deux descentes.\n<ul class=\"wp-block-list\">\n<li><strong>Horaires<\/strong> : 8 h 30 \u00e0 17 h 30.<\/li>\n<\/ul>\n<\/li>\n<\/ul>\n\n\n\n<h4 id=\"restaurants-au-bon-rapport-qualite-prix\" class=\"wp-block-heading\"><strong>Restaurants au Bon Rapport Qualit\u00e9-Prix<\/strong><\/h4>\n\n\n\n<ul class=\"wp-block-list\">\n<li><strong>Le Refuge<\/strong> : Cr\u00eaperie conviviale avec terrasse ensoleill\u00e9e.\n<ul class=\"wp-block-list\">\n<li><strong>Adresse<\/strong> : 49 place du Pr\u00e9 de Foire, La Clusaz.<\/li>\n\n\n\n<li><strong>Contact<\/strong> : 04.50.02.42.72<\/li>\n<\/ul>\n<\/li>\n\n\n\n<li><strong>Candide Store <\/strong>: Burgers et salades dans un cadre moderne.\n<ul class=\"wp-block-list\">\n<li><strong>Adresse<\/strong> : 26 route de l\u2019\u00c9tale, La Clusaz.<\/li>\n\n\n\n<li><strong>Contact<\/strong> : 04.50.27.90.20<\/li>\n<\/ul>\n<\/li>\n\n\n\n<li><strong>Chez Moi <\/strong>: Cuisine fran\u00e7aise traditionnelle avec des sp\u00e9cialit\u00e9s locales.\n<ul class=\"wp-block-list\">\n<li><strong>Adresse<\/strong> : 21 route des Confins, La Clusaz.<\/li>\n\n\n\n<li><strong>Contact<\/strong> : 04.50.19.63.04<\/li>\n<\/ul>\n<\/li>\n<\/ul>\n\n\n\n<p>La Clusaz vous offre une vari\u00e9t\u00e9 de restaurants pour tous les go\u00fbts, que vous cherchiez une exp\u00e9rience gastronomique raffin\u00e9e, un repas rapide sur les pistes, ou un d\u00e9jeuner de qualit\u00e9 \u00e0 un prix abordable. Profitez de ces adresses gourmandes pour faire de votre journ\u00e9e \u00e0 La Clusaz un moment inoubliable.<\/p>\n\n\n\n<h3 id=\"diner-de-cloture-a-annecy-une-soiree-gastronomique-au-coeur-de-la-venise-des-alpes\" class=\"wp-block-heading\"><strong>D\u00eener de cl\u00f4ture \u00e0 Annecy : Une Soir\u00e9e Gastronomique au C\u0153ur de la &#8220;Venise des Alpes&#8221;<\/strong><\/h3>\n\n\n\n<p>Votre s\u00e9jour \u00e0 Annecy se termine, et pour le cl\u00f4turer en beaut\u00e9, rien de tel qu&#8217;un d\u00eener dans l&#8217;un des prestigieux restaurants gastronomiques de la ville. Annecy, surnomm\u00e9e la &#8220;Venise des Alpes&#8221;, est non seulement c\u00e9l\u00e8bre pour son cadre pittoresque mais aussi pour sa sc\u00e8ne culinaire riche et vari\u00e9e.<\/p>\n\n\n\n<figure class=\"wp-block-image size-full\"><img loading=\"lazy\" decoding=\"async\" width=\"1406\" height=\"940\" src=\"https:\/\/blog.toploc.com\/wp-content\/uploads\/2023\/12\/68901f20aeb130213825913103240872-2212833-1407x940-1.jpg\" alt=\"Douss'Plage (Annecy) \u00a9 Savoie Mont Blanc\" class=\"wp-image-137763\"\/><figcaption class=\"wp-element-caption\">Douss&#8217;Plage (Annecy) \u00a9 Savoie Mont Blanc<\/figcaption><\/figure>\n\n\n\n<h3 id=\"votre-table-entre-lac-et-montagnes\" class=\"wp-block-heading\"><strong>Votre Table : Entre Lac et Montagnes<\/strong><\/h3>\n\n\n\n<p>Choisissez parmi les meilleurs restaurants gastronomiques d&#8217;Annecy pour une exp\u00e9rience culinaire inoubliable. Que ce soit au bord du lac ou dans le cadre historique de la vieille ville, chaque restaurant offre une atmosph\u00e8re unique et une cuisine raffin\u00e9e.<\/p>\n\n\n\n<h3 id=\"gastronomie-et-excellence-un-festin-pour-les-sens\" class=\"wp-block-heading\"><strong>Gastronomie et Excellence : Un Festin pour les Sens<\/strong><\/h3>\n\n\n\n<p>Les chefs \u00e9toil\u00e9s d&#8217;Annecy, tels que Marc Veyrat, Jean Sulpice, Laurent Petit et Vincent Favre Felix, vous invitent \u00e0 d\u00e9couvrir des plats innovants et savoureux, pr\u00e9par\u00e9s avec des produits locaux de saison. Attendez-vous \u00e0 des menus cr\u00e9atifs qui mettent en valeur le terroir savoyard.<\/p>\n\n\n\n<h3 id=\"quelques-adresses-incontournables\" class=\"wp-block-heading\"><strong>Quelques Adresses Incontournables :<\/strong><\/h3>\n\n\n\n<ul class=\"wp-block-list\">\n<li><strong>La Boussole<\/strong> : Situ\u00e9 au bord du lac, ce restaurant propose une cuisine saine et gourmande, avec des options bios et sans gluten. Profitez d&#8217;une vue imprenable sur le lac et les montagnes depuis sa terrasse Lounge Bar.<\/li>\n\n\n\n<li><strong>Vincent Favre F\u00e9lix<\/strong> : Ce restaurant \u00e9toil\u00e9 Michelin \u00e0 Annecy-le-Vieux offre une cuisine fran\u00e7aise moderne avec des produits frais. D\u00e9couvrez des menus vari\u00e9s dans un cadre \u00e9l\u00e9gant.<\/li>\n\n\n\n<li><strong>Le Clos des Sens<\/strong> : Triplement \u00e9toil\u00e9 au guide Michelin, ce restaurant \u00e0 Annecy-le-Vieux est connu pour sa cuisine lacustre et 100 % locavore. Laurent Petit cr\u00e9e des plats inspir\u00e9s par la nature et les produits du lac.<\/li>\n\n\n\n<li><strong>Auberge du P\u00e8re Bise, Jean Sulpice<\/strong> : Ce restaurant 2 \u00e9toiles Michelin propose une cuisine ancr\u00e9e dans les ressources naturelles de la Savoie, avec une carte vari\u00e9e et des vins s\u00e9lectionn\u00e9s.<\/li>\n<\/ul>\n\n\n\n<h3 id=\"informations-pratiques-10\" class=\"wp-block-heading\"><strong>Informations Pratiques :<\/strong><\/h3>\n\n\n\n<ul class=\"wp-block-list\">\n<li><strong>R\u00e9servation<\/strong> : Fortement recommand\u00e9e pour garantir votre table.<\/li>\n\n\n\n<li><strong>Tenue<\/strong> : Chic et \u00e9l\u00e9gante pour ces \u00e9tablissements haut de gamme.<\/li>\n<\/ul>\n\n\n\n<p>Annecy, avec son cadre enchanteur et sa cuisine exquise, est l&#8217;endroit parfait pour un d\u00eener de cl\u00f4ture m\u00e9morable. Que ce soit pour c\u00e9l\u00e9brer un \u00e9v\u00e9nement sp\u00e9cial ou simplement pour profiter d&#8217;une exp\u00e9rience gastronomique, la ville promet une soir\u00e9e inoubliable.<\/p>\n\n\n\n<p>Nous vous recommandons ces autres articles :<\/p>\n\n\n\n<ul class=\"wp-block-list\">\n<li><a href=\"https:\/\/blog.toploc.com\/blog\/france\/visiter-annecy-en-1-jour\">Visiter Annecy en 1 jour<\/a><\/li>\n\n\n\n<li><a href=\"https:\/\/blog.toploc.com\/blog\/france\/visiter-annecy-en-2-jours\">Visiter Annecy en 2 jours<\/a><\/li>\n\n\n\n<li><a href=\"https:\/\/blog.toploc.com\/blog\/france\/visiter-annecy-en-3-jours\">Visiter Annecy en 3 jours<\/a><\/li>\n\n\n\n<li><a href=\"https:\/\/blog.toploc.com\/blog\/france\/visiter-annecy-en-4-jours\">Visiter Annecy en 4 jours<\/a><\/li>\n\n\n\n<li><a href=\"https:\/\/blog.toploc.com\/blog\/france\/annecy-en-famille\">Que faire \u00e0 Annecy en famille<\/a><\/li>\n\n\n\n<li><a href=\"https:\/\/blog.toploc.com\/blog\/france\/visiter-annecy-en-ete\">Que faire \u00e0 Annecy en \u00e9t\u00e9<\/a><\/li>\n\n\n\n<li><a href=\"https:\/\/blog.toploc.com\/blog\/france\/visiter-annecy-au-printemps\">Que faire \u00e0 Annecy au printemps<\/a><\/li>\n\n\n\n<li><a href=\"https:\/\/blog.toploc.com\/blog\/france\/visiter-annecy-en-automne\">Que faire \u00e0 Annecy en automne<\/a><\/li>\n\n\n\n<li><a href=\"https:\/\/blog.toploc.com\/blog\/france\/visiter-annecy-en-hiver\">Que faire \u00e0 Annecy en hiver<\/a><\/li>\n\n\n\n<li><a href=\"https:\/\/blog.toploc.com\/blog\/france\/annecy-en-couple\">Que faire \u00e0 Annecy en amoureux&nbsp;<\/a><\/li>\n<\/ul>\n\n\n\n<p>Guillaume pour Toploc<\/p>\n","protected":false},"excerpt":{"rendered":"Annecy est une invitation \u00e0 un voyage enchanteur. Cette ville pittoresque, nich\u00e9e entre un lac \u00e9tincelant et des&hellip;\n","protected":false},"author":2,"featured_media":139070,"comment_status":"open","ping_status":"closed","sticky":false,"template":"","format":"standard","meta":{"footnotes":""},"categories":[114],"tags":[7313],"class_list":{"0":"post-139064","1":"post","2":"type-post","3":"status-publish","4":"format-standard","5":"has-post-thumbnail","7":"category-france","8":"tag-visiter-annecy-en-5-jours"},"yoast_head":"<!-- This site is optimized with the Yoast SEO plugin v26.9 - https:\/\/yoast.com\/product\/yoast-seo-wordpress\/ -->\n<title>Itin\u00e9raire complet pour visiter Annecy en 5 jours<\/title>\n<meta name=\"description\" content=\"Visiter Annecy en 5 jours : J1 : D\u00e9couverte d\u2019Annecy . J2 : Croisi\u00e8re sur le lac . J3 : Randonn\u00e9e . J4 : Plateau des Gli\u00e8res . J5 : La Clusaz\" \/>\n<meta name=\"robots\" content=\"index, follow, max-snippet:-1, max-image-preview:large, max-video-preview:-1\" \/>\n<link rel=\"canonical\" href=\"https:\/\/toploc.com\/blog\/france\/visiter-annecy-en-5-jours\" \/>\n<meta property=\"og:locale\" content=\"fr_FR\" \/>\n<meta property=\"og:type\" content=\"article\" \/>\n<meta property=\"og:title\" content=\"Itin\u00e9raire complet pour visiter Annecy en 5 jours\" \/>\n<meta property=\"og:description\" content=\"Visiter Annecy en 5 jours : J1 : D\u00e9couverte d\u2019Annecy . J2 : Croisi\u00e8re sur le lac . J3 : Randonn\u00e9e . J4 : Plateau des Gli\u00e8res . J5 : La Clusaz\" \/>\n<meta property=\"og:url\" content=\"https:\/\/toploc.com\/blog\/france\/visiter-annecy-en-5-jours\" \/>\n<meta property=\"og:site_name\" content=\"Toploc\" \/>\n<meta property=\"article:publisher\" content=\"https:\/\/www.facebook.com\/locationfrancophone\" \/>\n<meta property=\"article:published_time\" content=\"2025-04-20T10:18:36+00:00\" \/>\n<meta property=\"article:modified_time\" content=\"2026-04-01T13:29:20+00:00\" \/>\n<meta property=\"og:image\" content=\"https:\/\/toploc.com\/blog\/wp-content\/uploads\/2024\/01\/image-132.png\" \/>\n\t<meta property=\"og:image:width\" content=\"1024\" \/>\n\t<meta property=\"og:image:height\" content=\"768\" \/>\n\t<meta property=\"og:image:type\" content=\"image\/png\" \/>\n<meta name=\"author\" content=\"Guillaume\" \/>\n<meta name=\"twitter:card\" content=\"summary_large_image\" \/>\n<meta name=\"twitter:label1\" content=\"\u00c9crit par\" \/>\n\t<meta name=\"twitter:data1\" content=\"Guillaume\" \/>\n\t<meta name=\"twitter:label2\" content=\"Dur\u00e9e de lecture estim\u00e9e\" \/>\n\t<meta name=\"twitter:data2\" content=\"45 minutes\" \/>\n<script type=\"application\/ld+json\" class=\"yoast-schema-graph\">{\"@context\":\"https:\/\/schema.org\",\"@graph\":[{\"@type\":\"Article\",\"@id\":\"https:\/\/toploc.com\/blog\/france\/visiter-annecy-en-5-jours#article\",\"isPartOf\":{\"@id\":\"https:\/\/toploc.com\/blog\/france\/visiter-annecy-en-5-jours\"},\"author\":{\"name\":\"Guillaume\",\"@id\":\"https:\/\/toploc.com\/blog\/#\/schema\/person\/ab9993aff7c3d37b3a2f20d2a57e2e66\"},\"headline\":\"Itin\u00e9raire complet pour visiter Annecy en 5 jours\",\"datePublished\":\"2025-04-20T10:18:36+00:00\",\"dateModified\":\"2026-04-01T13:29:20+00:00\",\"mainEntityOfPage\":{\"@id\":\"https:\/\/toploc.com\/blog\/france\/visiter-annecy-en-5-jours\"},\"wordCount\":8620,\"commentCount\":0,\"publisher\":{\"@id\":\"https:\/\/toploc.com\/blog\/#organization\"},\"image\":{\"@id\":\"https:\/\/toploc.com\/blog\/france\/visiter-annecy-en-5-jours#primaryimage\"},\"thumbnailUrl\":\"https:\/\/toploc.com\/blog\/wp-content\/uploads\/2024\/01\/image-132.png\",\"keywords\":[\"Visiter Annecy en 5 jours\"],\"articleSection\":[\"Itin\u00e9raires France\"],\"inLanguage\":\"fr-FR\",\"potentialAction\":[{\"@type\":\"CommentAction\",\"name\":\"Comment\",\"target\":[\"https:\/\/toploc.com\/blog\/france\/visiter-annecy-en-5-jours#respond\"]}]},{\"@type\":\"WebPage\",\"@id\":\"https:\/\/toploc.com\/blog\/france\/visiter-annecy-en-5-jours\",\"url\":\"https:\/\/toploc.com\/blog\/france\/visiter-annecy-en-5-jours\",\"name\":\"Itin\u00e9raire complet pour visiter Annecy en 5 jours\",\"isPartOf\":{\"@id\":\"https:\/\/toploc.com\/blog\/#website\"},\"primaryImageOfPage\":{\"@id\":\"https:\/\/toploc.com\/blog\/france\/visiter-annecy-en-5-jours#primaryimage\"},\"image\":{\"@id\":\"https:\/\/toploc.com\/blog\/france\/visiter-annecy-en-5-jours#primaryimage\"},\"thumbnailUrl\":\"https:\/\/toploc.com\/blog\/wp-content\/uploads\/2024\/01\/image-132.png\",\"datePublished\":\"2025-04-20T10:18:36+00:00\",\"dateModified\":\"2026-04-01T13:29:20+00:00\",\"description\":\"Visiter Annecy en 5 jours : J1 : D\u00e9couverte d\u2019Annecy . J2 : Croisi\u00e8re sur le lac . J3 : Randonn\u00e9e . J4 : Plateau des Gli\u00e8res . J5 : La Clusaz\",\"breadcrumb\":{\"@id\":\"https:\/\/toploc.com\/blog\/france\/visiter-annecy-en-5-jours#breadcrumb\"},\"inLanguage\":\"fr-FR\",\"potentialAction\":[{\"@type\":\"ReadAction\",\"target\":[\"https:\/\/toploc.com\/blog\/france\/visiter-annecy-en-5-jours\"]}]},{\"@type\":\"ImageObject\",\"inLanguage\":\"fr-FR\",\"@id\":\"https:\/\/toploc.com\/blog\/france\/visiter-annecy-en-5-jours#primaryimage\",\"url\":\"https:\/\/toploc.com\/blog\/wp-content\/uploads\/2024\/01\/image-132.png\",\"contentUrl\":\"https:\/\/toploc.com\/blog\/wp-content\/uploads\/2024\/01\/image-132.png\",\"width\":2560,\"height\":1920,\"caption\":\"Vue A\u00e9rienne sur le Ch\u00e2teau de Duingt \u00a9 Drone Photography\"},{\"@type\":\"BreadcrumbList\",\"@id\":\"https:\/\/toploc.com\/blog\/france\/visiter-annecy-en-5-jours#breadcrumb\",\"itemListElement\":[{\"@type\":\"ListItem\",\"position\":1,\"name\":\"Accueil\",\"item\":\"https:\/\/toploc.com\/blog\"},{\"@type\":\"ListItem\",\"position\":2,\"name\":\"Itin\u00e9raire complet pour visiter Annecy en 5 jours\"}]},{\"@type\":\"WebSite\",\"@id\":\"https:\/\/toploc.com\/blog\/#website\",\"url\":\"https:\/\/toploc.com\/blog\/\",\"name\":\"Toploc\",\"description\":\"Itin\u00e9raires natures et locations de vacances en groupe\",\"publisher\":{\"@id\":\"https:\/\/toploc.com\/blog\/#organization\"},\"potentialAction\":[{\"@type\":\"SearchAction\",\"target\":{\"@type\":\"EntryPoint\",\"urlTemplate\":\"https:\/\/toploc.com\/blog\/?s={search_term_string}\"},\"query-input\":{\"@type\":\"PropertyValueSpecification\",\"valueRequired\":true,\"valueName\":\"search_term_string\"}}],\"inLanguage\":\"fr-FR\"},{\"@type\":\"Organization\",\"@id\":\"https:\/\/toploc.com\/blog\/#organization\",\"name\":\"Toploc\",\"url\":\"https:\/\/toploc.com\/blog\/\",\"logo\":{\"@type\":\"ImageObject\",\"inLanguage\":\"fr-FR\",\"@id\":\"https:\/\/toploc.com\/blog\/#\/schema\/logo\/image\/\",\"url\":\"https:\/\/blog.toploc.com\/wp-content\/uploads\/2022\/03\/toploc_facebook_5.png\",\"contentUrl\":\"https:\/\/blog.toploc.com\/wp-content\/uploads\/2022\/03\/toploc_facebook_5.png\",\"width\":600,\"height\":600,\"caption\":\"Toploc\"},\"image\":{\"@id\":\"https:\/\/toploc.com\/blog\/#\/schema\/logo\/image\/\"},\"sameAs\":[\"https:\/\/www.facebook.com\/locationfrancophone\",\"https:\/\/www.instagram.com\/toploc_\",\"https:\/\/www.pinterest.fr\/Toploc_\/\"]},{\"@type\":\"Person\",\"@id\":\"https:\/\/toploc.com\/blog\/#\/schema\/person\/ab9993aff7c3d37b3a2f20d2a57e2e66\",\"name\":\"Guillaume\",\"image\":{\"@type\":\"ImageObject\",\"inLanguage\":\"fr-FR\",\"@id\":\"https:\/\/toploc.com\/blog\/#\/schema\/person\/image\/\",\"url\":\"https:\/\/secure.gravatar.com\/avatar\/d80553a7f7ac9459767da9b2359979a62070bea95c2826cda6a65908541bf9e6?s=96&d=mm&r=g\",\"contentUrl\":\"https:\/\/secure.gravatar.com\/avatar\/d80553a7f7ac9459767da9b2359979a62070bea95c2826cda6a65908541bf9e6?s=96&d=mm&r=g\",\"caption\":\"Guillaume\"},\"description\":\"Je suis passionn\u00e9 de grands espaces, de montagnes et de trail running. Je suis aussi le co-fondateur de Toploc, une plateforme de voyage nature. Pourquoi ? pour partager mon go\u00fbt pour les aventures en plein air, les itin\u00e9raires de voyages et la nature.\",\"url\":\"https:\/\/toploc.com\/blog\/author\/guillaume\"}]}<\/script>\n<!-- \/ Yoast SEO plugin. -->","yoast_head_json":{"title":"Itin\u00e9raire complet pour visiter Annecy en 5 jours","description":"Visiter Annecy en 5 jours : J1 : D\u00e9couverte d\u2019Annecy . J2 : Croisi\u00e8re sur le lac . J3 : Randonn\u00e9e . J4 : Plateau des Gli\u00e8res . J5 : La Clusaz","robots":{"index":"index","follow":"follow","max-snippet":"max-snippet:-1","max-image-preview":"max-image-preview:large","max-video-preview":"max-video-preview:-1"},"canonical":"https:\/\/toploc.com\/blog\/france\/visiter-annecy-en-5-jours","og_locale":"fr_FR","og_type":"article","og_title":"Itin\u00e9raire complet pour visiter Annecy en 5 jours","og_description":"Visiter Annecy en 5 jours : J1 : D\u00e9couverte d\u2019Annecy . J2 : Croisi\u00e8re sur le lac . J3 : Randonn\u00e9e . J4 : Plateau des Gli\u00e8res . J5 : La Clusaz","og_url":"https:\/\/toploc.com\/blog\/france\/visiter-annecy-en-5-jours","og_site_name":"Toploc","article_publisher":"https:\/\/www.facebook.com\/locationfrancophone","article_published_time":"2025-04-20T10:18:36+00:00","article_modified_time":"2026-04-01T13:29:20+00:00","og_image":[{"url":"https:\/\/toploc.com\/blog\/wp-content\/uploads\/2024\/01\/image-132.png","width":1024,"height":768,"type":"image\/png"}],"author":"Guillaume","twitter_card":"summary_large_image","twitter_misc":{"\u00c9crit par":"Guillaume","Dur\u00e9e de lecture estim\u00e9e":"45 minutes"},"schema":{"@context":"https:\/\/schema.org","@graph":[{"@type":"Article","@id":"https:\/\/toploc.com\/blog\/france\/visiter-annecy-en-5-jours#article","isPartOf":{"@id":"https:\/\/toploc.com\/blog\/france\/visiter-annecy-en-5-jours"},"author":{"name":"Guillaume","@id":"https:\/\/toploc.com\/blog\/#\/schema\/person\/ab9993aff7c3d37b3a2f20d2a57e2e66"},"headline":"Itin\u00e9raire complet pour visiter Annecy en 5 jours","datePublished":"2025-04-20T10:18:36+00:00","dateModified":"2026-04-01T13:29:20+00:00","mainEntityOfPage":{"@id":"https:\/\/toploc.com\/blog\/france\/visiter-annecy-en-5-jours"},"wordCount":8620,"commentCount":0,"publisher":{"@id":"https:\/\/toploc.com\/blog\/#organization"},"image":{"@id":"https:\/\/toploc.com\/blog\/france\/visiter-annecy-en-5-jours#primaryimage"},"thumbnailUrl":"https:\/\/toploc.com\/blog\/wp-content\/uploads\/2024\/01\/image-132.png","keywords":["Visiter Annecy en 5 jours"],"articleSection":["Itin\u00e9raires France"],"inLanguage":"fr-FR","potentialAction":[{"@type":"CommentAction","name":"Comment","target":["https:\/\/toploc.com\/blog\/france\/visiter-annecy-en-5-jours#respond"]}]},{"@type":"WebPage","@id":"https:\/\/toploc.com\/blog\/france\/visiter-annecy-en-5-jours","url":"https:\/\/toploc.com\/blog\/france\/visiter-annecy-en-5-jours","name":"Itin\u00e9raire complet pour visiter Annecy en 5 jours","isPartOf":{"@id":"https:\/\/toploc.com\/blog\/#website"},"primaryImageOfPage":{"@id":"https:\/\/toploc.com\/blog\/france\/visiter-annecy-en-5-jours#primaryimage"},"image":{"@id":"https:\/\/toploc.com\/blog\/france\/visiter-annecy-en-5-jours#primaryimage"},"thumbnailUrl":"https:\/\/toploc.com\/blog\/wp-content\/uploads\/2024\/01\/image-132.png","datePublished":"2025-04-20T10:18:36+00:00","dateModified":"2026-04-01T13:29:20+00:00","description":"Visiter Annecy en 5 jours : J1 : D\u00e9couverte d\u2019Annecy . J2 : Croisi\u00e8re sur le lac . J3 : Randonn\u00e9e . J4 : Plateau des Gli\u00e8res . J5 : La Clusaz","breadcrumb":{"@id":"https:\/\/toploc.com\/blog\/france\/visiter-annecy-en-5-jours#breadcrumb"},"inLanguage":"fr-FR","potentialAction":[{"@type":"ReadAction","target":["https:\/\/toploc.com\/blog\/france\/visiter-annecy-en-5-jours"]}]},{"@type":"ImageObject","inLanguage":"fr-FR","@id":"https:\/\/toploc.com\/blog\/france\/visiter-annecy-en-5-jours#primaryimage","url":"https:\/\/toploc.com\/blog\/wp-content\/uploads\/2024\/01\/image-132.png","contentUrl":"https:\/\/toploc.com\/blog\/wp-content\/uploads\/2024\/01\/image-132.png","width":2560,"height":1920,"caption":"Vue A\u00e9rienne sur le Ch\u00e2teau de Duingt \u00a9 Drone Photography"},{"@type":"BreadcrumbList","@id":"https:\/\/toploc.com\/blog\/france\/visiter-annecy-en-5-jours#breadcrumb","itemListElement":[{"@type":"ListItem","position":1,"name":"Accueil","item":"https:\/\/toploc.com\/blog"},{"@type":"ListItem","position":2,"name":"Itin\u00e9raire complet pour visiter Annecy en 5 jours"}]},{"@type":"WebSite","@id":"https:\/\/toploc.com\/blog\/#website","url":"https:\/\/toploc.com\/blog\/","name":"Toploc","description":"Itin\u00e9raires natures et locations de vacances en groupe","publisher":{"@id":"https:\/\/toploc.com\/blog\/#organization"},"potentialAction":[{"@type":"SearchAction","target":{"@type":"EntryPoint","urlTemplate":"https:\/\/toploc.com\/blog\/?s={search_term_string}"},"query-input":{"@type":"PropertyValueSpecification","valueRequired":true,"valueName":"search_term_string"}}],"inLanguage":"fr-FR"},{"@type":"Organization","@id":"https:\/\/toploc.com\/blog\/#organization","name":"Toploc","url":"https:\/\/toploc.com\/blog\/","logo":{"@type":"ImageObject","inLanguage":"fr-FR","@id":"https:\/\/toploc.com\/blog\/#\/schema\/logo\/image\/","url":"https:\/\/blog.toploc.com\/wp-content\/uploads\/2022\/03\/toploc_facebook_5.png","contentUrl":"https:\/\/blog.toploc.com\/wp-content\/uploads\/2022\/03\/toploc_facebook_5.png","width":600,"height":600,"caption":"Toploc"},"image":{"@id":"https:\/\/toploc.com\/blog\/#\/schema\/logo\/image\/"},"sameAs":["https:\/\/www.facebook.com\/locationfrancophone","https:\/\/www.instagram.com\/toploc_","https:\/\/www.pinterest.fr\/Toploc_\/"]},{"@type":"Person","@id":"https:\/\/toploc.com\/blog\/#\/schema\/person\/ab9993aff7c3d37b3a2f20d2a57e2e66","name":"Guillaume","image":{"@type":"ImageObject","inLanguage":"fr-FR","@id":"https:\/\/toploc.com\/blog\/#\/schema\/person\/image\/","url":"https:\/\/secure.gravatar.com\/avatar\/d80553a7f7ac9459767da9b2359979a62070bea95c2826cda6a65908541bf9e6?s=96&d=mm&r=g","contentUrl":"https:\/\/secure.gravatar.com\/avatar\/d80553a7f7ac9459767da9b2359979a62070bea95c2826cda6a65908541bf9e6?s=96&d=mm&r=g","caption":"Guillaume"},"description":"Je suis passionn\u00e9 de grands espaces, de montagnes et de trail running. Je suis aussi le co-fondateur de Toploc, une plateforme de voyage nature. Pourquoi ? pour partager mon go\u00fbt pour les aventures en plein air, les itin\u00e9raires de voyages et la nature.","url":"https:\/\/toploc.com\/blog\/author\/guillaume"}]}},"_links":{"self":[{"href":"https:\/\/toploc.com\/blog\/wp-json\/wp\/v2\/posts\/139064","targetHints":{"allow":["GET"]}}],"collection":[{"href":"https:\/\/toploc.com\/blog\/wp-json\/wp\/v2\/posts"}],"about":[{"href":"https:\/\/toploc.com\/blog\/wp-json\/wp\/v2\/types\/post"}],"author":[{"embeddable":true,"href":"https:\/\/toploc.com\/blog\/wp-json\/wp\/v2\/users\/2"}],"replies":[{"embeddable":true,"href":"https:\/\/toploc.com\/blog\/wp-json\/wp\/v2\/comments?post=139064"}],"version-history":[{"count":15,"href":"https:\/\/toploc.com\/blog\/wp-json\/wp\/v2\/posts\/139064\/revisions"}],"predecessor-version":[{"id":162544,"href":"https:\/\/toploc.com\/blog\/wp-json\/wp\/v2\/posts\/139064\/revisions\/162544"}],"wp:featuredmedia":[{"embeddable":true,"href":"https:\/\/toploc.com\/blog\/wp-json\/wp\/v2\/media\/139070"}],"wp:attachment":[{"href":"https:\/\/toploc.com\/blog\/wp-json\/wp\/v2\/media?parent=139064"}],"wp:term":[{"taxonomy":"category","embeddable":true,"href":"https:\/\/toploc.com\/blog\/wp-json\/wp\/v2\/categories?post=139064"},{"taxonomy":"post_tag","embeddable":true,"href":"https:\/\/toploc.com\/blog\/wp-json\/wp\/v2\/tags?post=139064"}],"curies":[{"name":"wp","href":"https:\/\/api.w.org\/{rel}","templated":true}]}}