{"id":138857,"date":"2026-03-15T15:30:16","date_gmt":"2026-03-15T14:30:16","guid":{"rendered":"https:\/\/blog.toploc.com\/?p=138857"},"modified":"2026-03-20T15:32:14","modified_gmt":"2026-03-20T14:32:14","slug":"trails-de-laveyron","status":"publish","type":"post","link":"https:\/\/toploc.com\/blog\/france\/trails-de-laveyron","title":{"rendered":"Les 10 meilleurs trails de l&#8217;Aveyron \u00e0 faire en 2026"},"content":{"rendered":"\n<p>Voici notre s\u00e9lection des meilleurs trails pour courir dans l&#8217;Aubrac ou les Grandes Causses. Si vous souhaitez participer \u00e0 un trail en Aveyron vous chercherez certainement un h\u00e9bergement pour \u00eatre dans les meilleures conditions et profiter de la course. Pour chaque course il vous faudra vous munir d&#8217;un certificat m\u00e9dical. Le reste de l&#8217;\u00e9quipement obligatoire diff\u00e8re d&#8217;une course \u00e0 l&#8217;autre. Attention \u00e0 bien consulter toutes les informations avant de vous inscrire. Vous trouverez dans cet article tout ce que vous devez savoir pour choisir les meilleurs trails de l&#8217;Aveyron.<\/p>\n\n\n\n<div class=\"wp-block-buttons is-content-justification-center is-layout-flex wp-container-core-buttons-is-layout-16018d1d wp-block-buttons-is-layout-flex\">\n<div class=\"wp-block-button\"><a class=\"wp-block-button__link has-background has-small-font-size has-custom-font-size wp-element-button\" href=\"https:\/\/toploc.com\/locations-vacances\/aveyron\/?utm_source=blog&amp;utm_medium=CTA&amp;utm_campaign=trail-aveyron\" style=\"background-color:#006b52\"><strong>\ud83d\udc49NOS LOCATIONS VACANCES AVEYRON<\/strong><\/a><\/div>\n<\/div>\n\n\n\n<p>A lire : <a href=\"https:\/\/toploc.com\/blog\/france\/lacs-aveyron\" type=\"link\" id=\"https:\/\/toploc.com\/blog\/france\/lacs-aveyron\">Les 10 plus beaux lacs d\u2019Aveyron \u00e0 explorer en vacances<\/a><\/p>\n\n\n\n<h2 class=\"wp-block-heading\" id=\"ou-se-baigner-a-saint-cyr-sur-mer\"><span id=\"ou-faire-un-trail-dans-laveyron\">O\u00f9 faire un trail dans l&#8217;Aveyron ?<\/span><\/h2>\n\n\n\n<p>Voici la liste des trails de l&#8217;Aveyron. Nous avons synth\u00e9tis\u00e9 les informations essentielles pour que vous puissiez trouver les trails de l&#8217;Aveyron qui vous conviennent le mieux. Notez que les informations relatives \u00e0 la distance et au d\u00e9nivel\u00e9 peuvent changer d\u2019une ann\u00e9e \u00e0 l\u2019autre. Il est important de v\u00e9rifier aupr\u00e8s du site du trail de l&#8217;Aveyron en question.<\/p>\n\n\n\n<table id=\"tablepress-144\" class=\"tablepress tablepress-id-144\">\n<thead>\n<tr class=\"row-1 odd\">\n\t<th class=\"column-1\">Trail<\/th><th class=\"column-2\">Date<\/th><th class=\"column-3\">Distance<\/th><th class=\"column-4\">D\u00e9nivel\u00e9<\/th><th class=\"column-5\">Type<\/th>\n<\/tr>\n<\/thead>\n<tbody class=\"row-hover\">\n<tr class=\"row-2 even\">\n\t<td class=\"column-1\">Festival des Templiers<\/td><td class=\"column-2\">Octobre<\/td><td class=\"column-3\">104km, 81km, 66km, 47km, 36km, 35km, 29km, 23km, 17km, 11km 7km<\/td><td class=\"column-4\">4 550m, 3 530m, 2 660m, 2 180m, 1 420m, 1 585m, 1 091m, 1 260m, 680m, 540m, 290m D+<\/td><td class=\"column-5\">Trail de montagne<\/td>\n<\/tr>\n<tr class=\"row-3 odd\">\n\t<td class=\"column-1\">Festival des Hospitaliers<\/td><td class=\"column-2\">Fin octobre<\/td><td class=\"column-3\">75km,30km, 14km<\/td><td class=\"column-4\">3 500m D+, 1400m D+, 540m D+<\/td><td class=\"column-5\">Trail de montagne<\/td>\n<\/tr>\n<tr class=\"row-4 even\">\n\t<td class=\"column-1\">Hivernale des Templiers<\/td><td class=\"column-2\">D\u00e9but d\u00e9cembre<\/td><td class=\"column-3\">5km,13km, 17km, 26km, 35km, 64km<\/td><td class=\"column-4\">190m D+, 540m D+, 750m D+, 1 130m D+, 1 500m D+,2 200m D+<\/td><td class=\"column-5\">Trail de campagne et montagne<\/td>\n<\/tr>\n<tr class=\"row-5 odd\">\n\t<td class=\"column-1\">Fest'Trail Causses &amp; Rougier<\/td><td class=\"column-2\">Mi-septembre<\/td><td class=\"column-3\">8km, 15km, 31km, 48km<\/td><td class=\"column-4\">300m D+, 500m D+, 1 300m D+, 2 300m D+<\/td><td class=\"column-5\">Trail de montagne<\/td>\n<\/tr>\n<tr class=\"row-6 even\">\n\t<td class=\"column-1\">Trans'Aubrac<\/td><td class=\"column-2\">Avril<\/td><td class=\"column-3\">107km, 75km, 53km, 13km<\/td><td class=\"column-4\">3 420m D+, 2 500m D+, 1 350m D+, 525m D+<\/td><td class=\"column-5\">Trail de montagne<\/td>\n<\/tr>\n<tr class=\"row-7 odd\">\n\t<td class=\"column-1\">Trail des Ruth\u00e8nes<\/td><td class=\"column-2\">F\u00e9vrier<\/td><td class=\"column-3\">12km, 19km, 31km, 58km<\/td><td class=\"column-4\">350m D+, 950m D+, 1 500m D+, 2 500m D+<\/td><td class=\"column-5\">Trail de campagne<\/td>\n<\/tr>\n<tr class=\"row-8 even\">\n\t<td class=\"column-1\">Trail hivernal du L\u00e9v\u00e9zou<\/td><td class=\"column-2\">Fin janvier<\/td><td class=\"column-3\">12km, 24km<\/td><td class=\"column-4\">300m D+, 800m D+<\/td><td class=\"column-5\">Trail de campagne<\/td>\n<\/tr>\n<tr class=\"row-9 odd\">\n\t<td class=\"column-1\">Trail de la Cit\u00e9 des Pierres<\/td><td class=\"column-2\">Fin mars<\/td><td class=\"column-3\">10km, 16km, 31km<\/td><td class=\"column-4\">500m D+, 800m D+, 1 650m D+<\/td><td class=\"column-5\">Trail de campagne<\/td>\n<\/tr>\n<tr class=\"row-10 even\">\n\t<td class=\"column-1\">Trail des Cal\u00e8s<\/td><td class=\"column-2\">Mi-avril<\/td><td class=\"column-3\">8km, 14km<\/td><td class=\"column-4\">330m D+, 530m D+<\/td><td class=\"column-5\">Trail de campagne<\/td>\n<\/tr>\n<tr class=\"row-11 odd\">\n\t<td class=\"column-1\">La Ronde de No\u00ebl de Rodez<\/td><td class=\"column-2\">D\u00e9cembre<\/td><td class=\"column-3\">4km, 8km<\/td><td class=\"column-4\">\/<\/td><td class=\"column-5\">Trail urbain<\/td>\n<\/tr>\n<\/tbody>\n<\/table>\n<!-- #tablepress-144 from cache -->\n\n\n\n<h2 class=\"wp-block-heading\" id=\"festival-des-templiers\">Festival des Templiers<\/h2>\n\n\n\n<figure class=\"wp-block-image size-full\"><img loading=\"lazy\" decoding=\"async\" width=\"1000\" height=\"687\" src=\"https:\/\/blog.toploc.com\/wp-content\/uploads\/2024\/01\/image-79.png\" alt=\"Les falaises du Rajol au dessus des gorges de la Dourbie, l'un des plus beaux passages du Grand Trail des Templier \u00a9 Pinterest\" class=\"wp-image-138892\"\/><figcaption class=\"wp-element-caption\">Les falaises du Rajol au dessus des gorges de la Dourbie, l&#8217;un des plus beaux passages du Grand Trail des Templier \u00a9 Pinterest<\/figcaption><\/figure>\n\n\n\n<h3 class=\"wp-block-heading\" id=\"pourquoi-le-festival-des-templiers--fait-partie-des-meilleurs-trails-de-laveyron-\"><span id=\"pourquoi-le-festival-des-templiers-fait-partie-des-meilleurs-trails-de-laveyron\">Pourquoi le Festival des Templiers fait partie des meilleurs Trails de l&#8217;Aveyron ?<\/span><\/h3>\n\n\n\n<p>Le Festival des Templiers propose un ultra de 104km pour 4 550m de d\u00e9nivel\u00e9 dans l&#8217;univers sauvage de 3 Causses, de 3 vall\u00e9es (le Tarn, la Jonte, la Dourbie), du Balcon du Vertige&#8230;pour en prendre plein les yeux sur tout le parcours. Ce trail de Millau propose un autre ultra de 81km pour 3 530m de d\u00e9nivel\u00e9 positif, l&#8217;\u00e9preuve phare du week-end, le Grand Trail des Templiers. Grimpez sur le Larzac, admirez la vall\u00e9e de la Dourbie, le Causse Noir, les falaises du Rajol&#8230;Des cadeaux finishers attendent tous les arrivants. Le repas est offert \u00e0 l&#8217;arriv\u00e9e. Ensuite, d&#8217;autres trails longs de 66 et 47km pour des d\u00e9nivel\u00e9s de 2 660m et 2 180m de d\u00e9nivel\u00e9 positif, des trails moyens de 36 et 35km, et les marathons du Larzac et des Causses pour 1 420m et 1 585m de d\u00e9nivel\u00e9 positif. Enfin des trails courts de 29, 23, 17, 11 et 7km pour les amateurs qui souhaitent commencer se mettre au trail de fa\u00e7on conviviale.<\/p>\n\n\n\n<p>A lire : <a href=\"https:\/\/toploc.com\/blog\/france\/visiter-l-aveyron\" type=\"link\" id=\"https:\/\/toploc.com\/blog\/france\/visiter-l-aveyron\">Les 12 choses \u00e0 voir et \u00e0 faire pour visiter l&#8217;Aveyron<\/a><\/p>\n\n\n\n<h3 class=\"wp-block-heading\" id=\"infos-cl\u00e9s---festival-des-templiers--\"><span id=\"infos-cles-festival-des-templiers\">Infos cl\u00e9s &#8211; Festival des Templiers :<\/span><\/h3>\n\n\n\n<p>Voici toutes les informations utiles pour participer au Festival des Templiers qui fait partie des meilleurs Trails de l&#8217;Aveyron :<\/p>\n\n\n\n<ul class=\"wp-block-list\">\n<li><strong>Dates<\/strong>&nbsp;: Octobre<\/li>\n\n\n\n<li><strong>Distances<\/strong>&nbsp;: 104km, 81km, 66km, 47km, 36km, 35km, 29km, 23km, 17km, 11km 7km<\/li>\n\n\n\n<li><strong>D\u00e9nivel\u00e9 + \/ &#8211;<\/strong> : 4 550m, 3 530m, 2 660m, 2 180m, 1 420m, 1 585m, 1 091m, 1 260m, 680m, 540m, 290m D+<\/li>\n\n\n\n<li><strong>Type<\/strong>&nbsp;: Trail de montagne<\/li>\n\n\n\n<li><strong>O\u00f9 s&#8217;inscrire ?<\/strong>&nbsp;:&nbsp;Festival des Templiers<\/li>\n\n\n\n<li><strong>O\u00f9 se loger pendant les Templiers ?<\/strong> : retrouvez toutes nos <a href=\"https:\/\/toploc.com\/locations-vacances\/millau\">locations vacances Millau<\/a><\/li>\n\n\n\n<li><strong>Tarifs<\/strong>&nbsp;: 20 \u00e0 115\u20ac<\/li>\n<\/ul>\n\n\n\n<h2 class=\"wp-block-heading\" id=\"festival-des-hospitaliers\">Festival des Hospitaliers<\/h2>\n\n\n\n<figure class=\"wp-block-image size-full\"><img loading=\"lazy\" decoding=\"async\" width=\"696\" height=\"417\" src=\"https:\/\/blog.toploc.com\/wp-content\/uploads\/2024\/01\/nant-festival-hospitaliers.jpg\" alt=\"Festival des Hospitaliers \u00a9 Millavois.com\" class=\"wp-image-138861\"\/><figcaption class=\"wp-element-caption\">Festival des Hospitaliers \u00a9 Millavois.com<\/figcaption><\/figure>\n\n\n\n<h3 class=\"wp-block-heading\" id=\"pourquoi-le-festival-des-hospitaliers-fait-partie-des-meilleurs-trails-de-laveyron-\"><span id=\"pourquoi-le-festival-des-hospitaliers-fait-partie-des-meilleurs-trails-de-laveyron\">Pourquoi le Festival des Hospitaliers fait partie des meilleurs Trails de l&#8217;Aveyron ?<\/span><\/h3>\n\n\n\n<p>Le Festival des Hospialiers est une course qui a lieu fin octobre au d\u00e9part du village du Nant, \u00e0 l&#8217;Est du parc des Grands Causses, proche du Gard, au nord-ouest de Montpellier. Cette course de 75km pour 3 500m de d\u00e9nivel\u00e9 positif vous fera profiterer de panoramas \u00e0 360\u00b0 sur la r\u00e9gion des C\u00e9vennes, la M\u00e9diterrann\u00e9e si le temps le permet, le Causse Noir, le Causse du Larzac, et bien d&#8217;autres ! Des courses de 30km et 14km pour 1400m et 540m de d\u00e9nivel\u00e9 positif sont \u00e9galement disponibles. Pour garder une atmosph\u00e8re conviviale et familiale, le club du festival des Hospitaliers choisit de limiter le nombre de participants, entre 400 et 540 personnes par courses. De plus, ils proposent \u00e9galement des courses pour les plus jeunes.<\/p>\n\n\n\n<h3 class=\"wp-block-heading\" id=\"infos-cl\u00e9s---festival-des-hospitaliers-\"><span id=\"infos-cles-festival-des-hospitaliers\">Infos cl\u00e9s &#8211; Festival des Hospitaliers :<\/span><\/h3>\n\n\n\n<p>Voici toutes les informations utiles pour participer au Festival des Hospitaliers qui fait partie des meilleurs Trails de l&#8217;Aveyron :<\/p>\n\n\n\n<ul class=\"wp-block-list\">\n<li><strong>Dates<\/strong>&nbsp;: Fin octobre<\/li>\n\n\n\n<li><strong>Distances<\/strong>&nbsp;: 75km,30km, 14km<\/li>\n\n\n\n<li><strong>D\u00e9nivel\u00e9 + \/ &#8211; <\/strong> : 3 500m D+, 1400m D+, 540m D+<\/li>\n\n\n\n<li><strong>Type<\/strong>&nbsp;: Trail de montagne<\/li>\n\n\n\n<li><strong>O\u00f9 s&#8217;inscrire ?<\/strong>&nbsp;:&nbsp;Festival des Hospitaliers<\/li>\n\n\n\n<li><strong>O\u00f9 se loger pendant le trail des Hospitaliers ? <\/strong>: retrouvez toutes nos <a href=\"https:\/\/toploc.com\/locations-vacances\/aveyron\">locations vacances Aveyron<\/a><\/li>\n\n\n\n<li><strong>Tarifs<\/strong>&nbsp;: 19 \u00e0 50\u20ac<\/li>\n<\/ul>\n\n\n\n<h2 class=\"wp-block-heading\" id=\"hivernale-des-templiers\">Hivernale des Templiers<\/h2>\n\n\n\n<figure class=\"wp-block-image size-full\"><img loading=\"lazy\" decoding=\"async\" width=\"846\" height=\"450\" src=\"https:\/\/blog.toploc.com\/wp-content\/uploads\/2024\/01\/5850.jpg\" alt=\"L'Hivernale des Templiers \u00a9 Le Progr\u00e8s Saint-Africain\" class=\"wp-image-138862\"\/><figcaption class=\"wp-element-caption\">L&#8217;Hivernale des Templiers \u00a9 Le Progr\u00e8s Saint-Africain<\/figcaption><\/figure>\n\n\n\n<h3 class=\"wp-block-heading\" id=\"pourquoi-le-hivernale-des-templiers-fait-partie-des-meilleurs-trails-de-laveyron-\"><span id=\"pourquoi-lhivernale-des-templiers-fait-partie-des-meilleurs-trails-de-laveyron\">Pourquoi l&#8217;Hivernale des Templiers fait partie des meilleurs Trails de l&#8217;Aveyron ?<\/span><\/h3>\n\n\n\n<p>L&#8217;Astragale Trail, la course de 64km de l&#8217;hivernale des templiers qui a lieu d\u00e9but d\u00e9cembre, a un d\u00e9nivel\u00e9 positif de 2 200m. Au d\u00e9part de Roquefort-sur-Soulzon, au sud-ouest du parc des Grands Causses, au nord-ouest de Montpellier, cette course technique et sauvage vous emm\u00e8nera dans la cit\u00e9 templi\u00e8re de Sainte-Eulalie de Cernon, le rocher de Roucangel, les chaos du S\u00e9galas et du Rajal de Peyre, le cirque de Sainte Beaulize, la ferme fortifi\u00e9e du Viala du Pas de Jaux, le cirque de Tournemire et tant d&#8217;autres ! La course est limit\u00e9e \u00e0 600 dossards et des cadeau de d\u00e9part et finisher attendent les arrivants, en plus d&#8217;un buffet ! Le club de l&#8217;Hivernale des Templiers proposent \u00e9galement des trails d\u00e9couvertes, court et moyen avec des parcours de 5, 13, 17, 26 et 35km pour des d\u00e9nivel\u00e9s positifs respectifs de 190m, 540m, 750m, 1 130m et 1 500m. A noter que la course de 5km se fait en nocturne.<\/p>\n\n\n\n<h3 class=\"wp-block-heading\" id=\"infos-cl\u00e9s---hivernale-des-templiers-\"><span id=\"infos-cles-hivernale-des-templiers\">Infos cl\u00e9s &#8211; Hivernale des Templiers :<\/span><\/h3>\n\n\n\n<p>Voici toutes les informations utiles pour participer \u00e0 l&#8217;Hivernale des Templiers qui fait partie des meilleurs Trails de l&#8217;Aveyron :<\/p>\n\n\n\n<ul class=\"wp-block-list\">\n<li><strong>Dates<\/strong>&nbsp;: D\u00e9but d\u00e9cembre<\/li>\n\n\n\n<li><strong>Distances<\/strong>&nbsp;: 5km,13km, 17km, 26km, 35km, 64km<\/li>\n\n\n\n<li><strong>D\u00e9nivel\u00e9 + \/ &#8211;<\/strong> : 190m D+, 540m D+, 750m D+, 1 130m D+, 1 500m D+,2 200m D+<\/li>\n\n\n\n<li><strong>Type<\/strong>&nbsp;: Trail de campagne et montagne<\/li>\n\n\n\n<li><strong>O\u00f9 s&#8217;inscrire ?<\/strong>&nbsp;:&nbsp;Hivernale des Templiers<\/li>\n\n\n\n<li><strong>O\u00f9 se loger pendant l&#8217;Hivernale des Templiers ? <\/strong>: retrouvez toutes nos <a href=\"https:\/\/toploc.com\/locations-vacances\/millau\">locations vacances Millau<\/a><\/li>\n\n\n\n<li><strong>Tarifs<\/strong>&nbsp;: 12 \u00e0 69\u20ac<\/li>\n<\/ul>\n\n\n\n<h2 class=\"wp-block-heading\" id=\"festtrail-causses--rougier\"><span id=\"festtrail-causses-rougier\">Fest&#8217;Trail Causses &amp; Rougier<\/span><\/h2>\n\n\n\n<figure class=\"wp-block-image size-full\"><img loading=\"lazy\" decoding=\"async\" width=\"2048\" height=\"1365\" src=\"https:\/\/blog.toploc.com\/wp-content\/uploads\/2024\/01\/358523836_658453362970013_7278650489115603803_n.jpg\" alt=\"Fest'Trail Causses &amp; Rougier \u00a9 Facebook - Fest'Trail Causses &amp; Rougier\" class=\"wp-image-138863\"\/><figcaption class=\"wp-element-caption\">Fest&#8217;Trail Causses &amp; Rougier \u00a9 Facebook &#8211; Fest&#8217;Trail Causses &amp; Rougier<\/figcaption><\/figure>\n\n\n\n<h3 class=\"wp-block-heading\" id=\"pourquoi-le-festtrail-causses--rougier-fait-partie-des-meilleurs-trails-de-laveyron-\"><span id=\"pourquoi-le-festtrail-causses-rougier-fait-partie-des-meilleurs-trails-de-laveyron\">Pourquoi le Fest&#8217;Trail Causses &amp; Rougier fait partie des meilleurs Trails de l&#8217;Aveyron ?<\/span><\/h3>\n\n\n\n<p>Au d\u00e9part de Gissac, au nord du parc naturel r\u00e9gional du Haut Languedoc, et \u00e0 l&#8217;ouest de Montpellier, la Cardabelle, la course de 48km pour 2 300m de d\u00e9nivel\u00e9 positif du Fest&#8217;Trail Causses &amp; Rougier vous emm\u00e8nera dans la vall\u00e9e du Versolet. Puis vous vous dirigerez vers les  balcons d&#8217;Hemilix, des pistes ocres, des pierriers, des ascensions cassantes et autres passages techniques. Des trails courts et d\u00e9couvertes de 8, 15 et 31km pour des d\u00e9nivel\u00e9s positifs respectifs de 300m, 500m et 1 300m sont \u00e9galement propos\u00e9s.<\/p>\n\n\n\n<h3 class=\"wp-block-heading\" id=\"infos-cl\u00e9s---festtrail-causses--rougier-\"><span id=\"infos-cles-festtrail-causses-rougier\">Infos cl\u00e9s &#8211; Fest&#8217;Trail Causses &amp; Rougier :<\/span><\/h3>\n\n\n\n<p>Voici toutes les informations utiles pour participer au Fest&#8217;Trail Causses &amp; Rougier qui fait partie des meilleurs Trails de l&#8217;Aveyron :<\/p>\n\n\n\n<ul class=\"wp-block-list\">\n<li><strong>Dates<\/strong>&nbsp;: Mi-septembre<\/li>\n\n\n\n<li><strong>Distances<\/strong>&nbsp;: 8km, 15km, 31km, 48km<\/li>\n\n\n\n<li><strong>D\u00e9nivel\u00e9 + \/ &#8211;<\/strong>&nbsp;: 300m D+, 500m D+, 1 300m D+, 2 300m D+<\/li>\n\n\n\n<li><strong>Type<\/strong>&nbsp;: Trail de montagne<\/li>\n\n\n\n<li><strong>O\u00f9 s&#8217;inscrire ?<\/strong>&nbsp;: Fest&#8217;Trail Causses &amp; Rougier<\/li>\n\n\n\n<li><strong>Tarifs<\/strong>&nbsp;: 8 \u00e0 40\u20ac<\/li>\n<\/ul>\n\n\n\n<h2 class=\"wp-block-heading\" id=\"transaubrac\">Trans&#8217;Aubrac<\/h2>\n\n\n\n<figure class=\"wp-block-image size-full\"><img loading=\"lazy\" decoding=\"async\" width=\"1920\" height=\"1080\" src=\"https:\/\/blog.toploc.com\/wp-content\/uploads\/2024\/01\/2-2-2-transaubrac.jpg\" alt=\"Trans'Aubrac trails de l'Aveyron  \u00a9 Betrail\" class=\"wp-image-138864\"\/><figcaption class=\"wp-element-caption\">Trans&#8217;Aubrac  \u00a9 Betrail<\/figcaption><\/figure>\n\n\n\n<h3 class=\"wp-block-heading\" id=\"pourquoi-le-transaubrac-fait-partie-des-meilleurs-trails-de-laveyron-\"><span id=\"pourquoi-le-transaubrac-fait-partie-des-meilleurs-trails-de-laveyron\">Pourquoi le Trans&#8217;Aubrac fait partie des meilleurs Trails de l&#8217;Aveyron ?<\/span><\/h3>\n\n\n\n<p>L&#8217;ultra Trans Aubrac se d\u00e9roule au coeur de l&#8217;Aveyron, au d\u00e9part de Berthol\u00e8ne, \u00e0 l&#8217;ouest du parc des C\u00e9vennes, au nord-ouest de Montpellier. Vous courrez de l&#8217;abbaye de Bonneval \u00e0 la cascade de Lacessat pour une distance de 107km et un d\u00e9nivel\u00e9 positif de 3 420m. Cette course est limit\u00e9e \u00e0 500 inscrits. L&#8217;association Trans&#8217;Aubrac propose des trails d\u00e9couverte moyen et long de 13, 53 et 75km pour 525m, 1 350m et 2 500m de d\u00e9nivel\u00e9 positif, ainsi qu&#8217;un relais \u00e0 4 de 105km.<\/p>\n\n\n\n<h3 class=\"wp-block-heading\" id=\"infos-cl\u00e9s---transaubrac-\"><span id=\"infos-cles-transaubrac\">Infos cl\u00e9s &#8211; Trans&#8217;Aubrac :<\/span><\/h3>\n\n\n\n<p>Voici toutes les informations utiles pour participer au Trans&#8217;Aubrac qui fait partie des meilleurs Trails de l&#8217;Aveyron :<\/p>\n\n\n\n<ul class=\"wp-block-list\">\n<li><strong>Dates<\/strong>&nbsp;: Avril<\/li>\n\n\n\n<li><strong>Distances<\/strong>&nbsp;: 107km, 75km, 53km, 13km <\/li>\n\n\n\n<li><strong>D\u00e9nivel\u00e9 + \/ &#8211;<\/strong>&nbsp;: 3 420m D+, 2 500m D+, 1 350m D+, 525m D+<\/li>\n\n\n\n<li><strong>Type<\/strong>&nbsp;: Trail de montagne<\/li>\n\n\n\n<li><strong>O\u00f9 s&#8217;inscrire ?<\/strong>&nbsp;:&nbsp;Trans&#8217;Aubrac<\/li>\n\n\n\n<li><strong>Tarifs<\/strong>&nbsp;: 14 \u00e0 133\u20ac<\/li>\n<\/ul>\n\n\n\n<h2 class=\"wp-block-heading\" id=\"trail-des-ruth\u00e8nes\"><span id=\"trail-des-ruthenes\">Trail des Ruth\u00e8nes<\/span><\/h2>\n\n\n\n<figure class=\"wp-block-image size-full\"><img loading=\"lazy\" decoding=\"async\" width=\"700\" height=\"525\" src=\"https:\/\/blog.toploc.com\/wp-content\/uploads\/2024\/01\/96273189.700x525.jpg\" alt=\"Salles-la-Source trails de l'Aveyron \u00a9 Wikiloc\" class=\"wp-image-138865\"\/><figcaption class=\"wp-element-caption\">Salles-la-Source  \u00a9 Wikiloc<\/figcaption><\/figure>\n\n\n\n<h3 class=\"wp-block-heading\" id=\"pourquoi-le-trail-des-ruth\u00e8nes-fait-partie-des-meilleurs-trails-de-laveyron-\"><span id=\"pourquoi-le-trail-des-ruthenes-fait-partie-des-meilleurs-trails-de-laveyron\">Pourquoi le Trail des Ruth\u00e8nes fait partie des meilleurs Trails de l&#8217;Aveyron ?<\/span><\/h3>\n\n\n\n<p>Le Trail des Ruth\u00e8nes, se d\u00e9roule en f\u00e9vrier, au d\u00e9part de Souyri entre le g\u00e9oparc des Causses et le parc des C\u00e9vennes sera un formidable terrain de jeux des plus vari\u00e9s sur des sols de type rougier typiques de la r\u00e9gion, et argilo-calcaire, au croisement de trois zones climatiques. Cette course exigeante de 58km vous fera visiter les cascades de la r\u00e9gion, ses plus beaux sentiers et des petits villages typiques de la r\u00e9gion. Les repas sont inclus dans les prix d&#8217;inscription. L&#8217;association du Trail des Ruth\u00e8nes propose aussi des trails d\u00e9couvertes de 12 et 19km pour des d\u00e9nivel\u00e9s positifs de 350m et 950m ainsi qu&#8217;un trail long de 58km pour 2 500m de d\u00e9nivel\u00e9 positif.<\/p>\n\n\n\n<h3 class=\"wp-block-heading\" id=\"infos-cl\u00e9s---trail-des-ruth\u00e8nes-\"><span id=\"infos-cles-trail-des-ruthenes\">Infos cl\u00e9s &#8211; Trail des Ruth\u00e8nes :<\/span><\/h3>\n\n\n\n<p>Voici toutes les informations utiles pour participer au Trail des Ruth\u00e8nes qui fait partie des meilleurs Trails de l&#8217;Aveyron :<\/p>\n\n\n\n<ul class=\"wp-block-list\">\n<li><strong>Dates<\/strong>&nbsp;: F\u00e9vrier<\/li>\n\n\n\n<li><strong>Distances<\/strong>&nbsp;: 12km, 19km, 31km, 58km<\/li>\n\n\n\n<li><strong>D\u00e9nivel\u00e9 + \/ &#8211;<\/strong> : 350m D+, 950m D+, 1 500m D+, 2 500m D+<\/li>\n\n\n\n<li><strong>Type<\/strong>&nbsp;: Trail de campagne<\/li>\n\n\n\n<li><strong>O\u00f9 s&#8217;inscrire ?<\/strong>&nbsp;:&nbsp;Trail des Ruth\u00e8nes<\/li>\n\n\n\n<li><strong>Tarifs<\/strong>&nbsp;: 12 \u00e0 48\u20ac<\/li>\n<\/ul>\n\n\n\n<h2 class=\"wp-block-heading\" id=\"trail-hivernal-du-l\u00e9v\u00e9zou\"><span id=\"trail-hivernal-du-levezou\">Trail hivernal du L\u00e9v\u00e9zou<\/span><\/h2>\n\n\n\n<figure class=\"wp-block-image size-full\"><img loading=\"lazy\" decoding=\"async\" width=\"1920\" height=\"1080\" src=\"https:\/\/blog.toploc.com\/wp-content\/uploads\/2024\/01\/FMTU5lrzQGuVY7vC7WQX7DPgRD6ysy9aJvbXsgu3ciI-1829x2048-1.jpg\" alt=\"trail Hivernal du L\u00e9v\u00e9zou \u00a9 Betrail\" class=\"wp-image-138866\"\/><figcaption class=\"wp-element-caption\">trail Hivernal du L\u00e9v\u00e9zou \u00a9 Betrail<\/figcaption><\/figure>\n\n\n\n<h3 class=\"wp-block-heading\" id=\"pourquoi-le-trail-hivernal-du-l\u00e9v\u00e9zou-fait-partie-des-meilleurs-trails-de-laveyron-\"><span id=\"pourquoi-le-trail-hivernal-du-levezou-fait-partie-des-meilleurs-trails-de-laveyron\">Pourquoi le Trail hivernal du L\u00e9v\u00e9zou fait partie des meilleurs Trails de l&#8217;Aveyron ?<\/span><\/h3>\n\n\n\n<p>Le trail hivernal du Levezou se d\u00e9roule fin janvier au d\u00e9part de Pont de Salars, au nord-ouest du parc des Grands Causses et de Montpellier, au coeur de l&#8217;Aveyron. Ces deux courses de 12 et 24km pour des d\u00e9nivel\u00e9s positifs respectifs de 300 et 800m vous feront passer par Saint Georges et Camboulas. L&#8217;association du trail hivernal du L\u00e9v\u00e9zou propose un &#8220;burger-bi\u00e8re&#8221; aux participants et leurs accompagnateurs.<\/p>\n\n\n\n<h3 class=\"wp-block-heading\" id=\"infos-cl\u00e9s---trail-hivernal-du-l\u00e9v\u00e9zou-\"><span id=\"infos-cles-trail-hivernal-du-levezou\">Infos cl\u00e9s &#8211; Trail hivernal du L\u00e9v\u00e9zou :<\/span><\/h3>\n\n\n\n<p>Voici toutes les informations utiles pour participer au Trail hivernal du L\u00e9v\u00e9zou qui fait partie des meilleurs Trails de l&#8217;Aveyron :<\/p>\n\n\n\n<ul class=\"wp-block-list\">\n<li><strong>Dates<\/strong>&nbsp;: Fin janvier<\/li>\n\n\n\n<li><strong>Distances<\/strong>&nbsp;: 12km, 24km<\/li>\n\n\n\n<li><strong>D\u00e9nivel\u00e9 + \/ &#8211;<\/strong> : 300m D+, 800m D+<\/li>\n\n\n\n<li><strong>Type<\/strong>&nbsp;: Trail de campagne<\/li>\n\n\n\n<li><strong>O\u00f9 s&#8217;inscrire ?<\/strong>&nbsp;:&nbsp;Trail hivernal du L\u00e9v\u00e9zou<\/li>\n\n\n\n<li><strong>O\u00f9 se loger pendant le Trail de L\u00e9v\u00e9zou ?<\/strong> : retrouvez toutes nos <a href=\"https:\/\/toploc.com\/locations-vacances\/massegros-causses-gorges\">locations vacances Massegros Causses Gorges<\/a><\/li>\n\n\n\n<li><strong>Tarifs<\/strong>&nbsp;: 19 \u00e0 25\u20ac<\/li>\n<\/ul>\n\n\n\n<h2 class=\"wp-block-heading\" id=\"trail-de-la-cit\u00e9-des-pierres\"><span id=\"trail-de-la-cite-des-pierres\">Trail de la Cit\u00e9 des Pierres<\/span><\/h2>\n\n\n\n<figure class=\"wp-block-image size-full\"><img loading=\"lazy\" decoding=\"async\" width=\"728\" height=\"409\" src=\"https:\/\/blog.toploc.com\/wp-content\/uploads\/2024\/01\/parcours-trail-de-la-cite-de-pierres.jpg\" alt=\"trail de la Cit\u00e9 des Pierres trails de l'Aveyron \u00a9 Distances Plus\" class=\"wp-image-138867\"\/><figcaption class=\"wp-element-caption\">trail de la Cit\u00e9 des Pierres \u00a9 Distances Plus<\/figcaption><\/figure>\n\n\n\n<h3 class=\"wp-block-heading\" id=\"pourquoi-le-trail-de-la-cit\u00e9-des-pierres-fait-partie-des-meilleurs-trails-de-laveyron-\"><span id=\"pourquoi-le-trail-de-la-cite-des-pierres-fait-partie-des-meilleurs-trails-de-laveyron\">Pourquoi le Trail de la Cit\u00e9 des Pierres fait partie des meilleurs Trails de l&#8217;Aveyron ?<\/span><\/h3>\n\n\n\n<p>Le trail de la cit\u00e9 des Pierres se d\u00e9roule fin mars au d\u00e9part de la Roque Sainte-Marguerite, dans le parc des Grands Causses, \u00e0 la fronti\u00e8re du d\u00e9partement du Gard. Cette course de 31km pour 1 650m de d\u00e9nivel\u00e9 positif vous fera passer par les ravins des Chenevi\u00e8res, du Riou Sec et de Combescure, ainsi que le ch\u00e2teau de la Roque. L&#8217;association du trail de la cit\u00e9 des Pierres propose \u00e9galement des trails d\u00e9couvertes de 10 et 16km pour 500 et 800m de d\u00e9nivel\u00e9 positif ainsi qu&#8217;une version pour les plus jeunes.<\/p>\n\n\n\n<h3 class=\"wp-block-heading\" id=\"infos-cl\u00e9s---trail-de-la-cit\u00e9-des-pierres-\"><span id=\"infos-cles-trail-de-la-cite-des-pierres\">Infos cl\u00e9s &#8211; Trail de la Cit\u00e9 des Pierres :<\/span><\/h3>\n\n\n\n<p>Voici toutes les informations utiles pour participer au Trail de la Cit\u00e9 des Pierres qui fait partie des meilleurs Trails de l&#8217;Aveyron :<\/p>\n\n\n\n<ul class=\"wp-block-list\">\n<li><strong>Dates<\/strong>&nbsp;: Fin mars<\/li>\n\n\n\n<li><strong>Distances<\/strong>&nbsp;: 10km, 16km, 31km<\/li>\n\n\n\n<li><strong>D\u00e9nivel\u00e9 + \/ &#8211; <\/strong>: 500m D+, 800m D+, 1 650m D+<\/li>\n\n\n\n<li><strong>Type<\/strong>&nbsp;: Trail de campagne<\/li>\n\n\n\n<li><strong>O\u00f9 s&#8217;inscrire ?<\/strong>&nbsp;:&nbsp;Trail de la Cit\u00e9 des Pierres<\/li>\n\n\n\n<li><strong>Tarifs<\/strong>&nbsp;: 12 \u00e0 35\u20ac<\/li>\n<\/ul>\n\n\n\n<h2 class=\"wp-block-heading\" id=\"trail-des-cal\u00e8s\"><span id=\"trail-des-cales\">Trail des Cal\u00e8s<\/span><\/h2>\n\n\n\n<figure class=\"wp-block-image size-full\"><img loading=\"lazy\" decoding=\"async\" width=\"3000\" height=\"2250\" src=\"https:\/\/blog.toploc.com\/wp-content\/uploads\/2024\/01\/gsmp-4.jpg\" alt=\"Viaduc de Millau trails de l'Aveyron \u00a9 Rando Grands Causses\" class=\"wp-image-138868\"\/><figcaption class=\"wp-element-caption\">Viaduc de Millau \u00a9 Rando Grands Causses<\/figcaption><\/figure>\n\n\n\n<h3 class=\"wp-block-heading\" id=\"pourquoi-le-trail-des-cal\u00e8s-fait-partie-des-meilleurs-trails-de-laveyron-\"><span id=\"pourquoi-le-trail-des-cales-fait-partie-des-meilleurs-trails-de-laveyron\">Pourquoi le Trail des Cal\u00e8s fait partie des meilleurs Trails de l&#8217;Aveyron ?<\/span><\/h3>\n\n\n\n<p>Rendez-vous mi-avril \u00e0 Millau, au parc des Grands Causses au nord-ouest de Montpellier, pour le trail de Cal\u00e8s. Au programme, deux trails d\u00e9couvertes de 8 et 14km pour 330 et 530m de d\u00e9nivel\u00e9 positif, ainsi que des courses enfants. Le parcours vous fera voir le viaduc de Millau sous tous les angles, passage de buissi\u00e8re, ruisseau&#8230;Ambiance des plus conviviale et familiale avec un d\u00e9part et arriv\u00e9e \u00e0 l&#8217;\u00e9cole du Puits de Cal\u00e8s, un relais parents\/enfants et une rando, le tout organis\u00e9 par&#8230; l&#8217;\u00e9cole et les parents d&#8217;\u00e9l\u00e8ves ! Les b\u00e9n\u00e9fices financeront les voyages et \u00e9quipements scolaires.<\/p>\n\n\n\n<h3 class=\"wp-block-heading\" id=\"infos-cl\u00e9s---trail-des-cal\u00e8s-\"><span id=\"infos-cles-trail-des-cales\">Infos cl\u00e9s &#8211; Trail des Cal\u00e8s :<\/span><\/h3>\n\n\n\n<p>Voici toutes les informations utiles pour participer au Trail des Cal\u00e8s qui fait partie des meilleurs Trails de l&#8217;Aveyron :<\/p>\n\n\n\n<ul class=\"wp-block-list\">\n<li><strong>Dates<\/strong>&nbsp;: Mi-avril<\/li>\n\n\n\n<li><strong>Distances<\/strong>&nbsp;: 8km, 14km<\/li>\n\n\n\n<li><strong>D\u00e9nivel\u00e9 + \/ &#8211; <\/strong>: 330m D+, 530m D+<\/li>\n\n\n\n<li><strong>Type<\/strong>&nbsp;: Trail de campagne<\/li>\n\n\n\n<li><strong>O\u00f9 s&#8217;inscrire ?<\/strong>&nbsp;: Trail des Cal\u00e8s<\/li>\n\n\n\n<li><strong>Tarifs<\/strong>&nbsp;: 10 \u00e0 15\u20ac<\/li>\n<\/ul>\n\n\n\n<h2 class=\"wp-block-heading\" id=\"la-ronde-de-no\u00ebl-de-rodez\"><span id=\"la-ronde-de-noel-de-rodez\">La Ronde de No\u00ebl de Rodez<\/span><\/h2>\n\n\n\n<figure class=\"wp-block-image size-full\"><img loading=\"lazy\" decoding=\"async\" width=\"885\" height=\"500\" src=\"https:\/\/blog.toploc.com\/wp-content\/uploads\/2024\/01\/image.jpg\" alt=\"Ronde de No\u00ebl de Rodez dans l'Aveyron \u00a9 LaDepeche.fr\" class=\"wp-image-138869\"\/><figcaption class=\"wp-element-caption\">Ronde de No\u00ebl de Rodez \u00a9 LaDepeche.fr<\/figcaption><\/figure>\n\n\n\n<h3 class=\"wp-block-heading\" id=\"pourquoi-le-la-ronde-de-no\u00ebl-de-rodez-fait-partie-des-meilleurs-trails-de-laveyron-\"><span id=\"pourquoi-la-ronde-de-noel-de-rodez-fait-partie-des-meilleurs-trails-de-laveyron\">Pourquoi La Ronde de No\u00ebl de Rodez fait partie des meilleurs Trails de l&#8217;Aveyron ?<\/span><\/h3>\n\n\n\n<p>Rendez-vous en d\u00e9cembre \u00e0 Rodez, au sud du parc de l&#8217;Aubrac, au nord-ouest de Montpellier, pour deux courses d&#8217;initiation au trail urbain avec des distances de 4km pour les enfants et 8km pour les adultes. Anim\u00e9e par le P\u00e8re-No\u00ebl en personne, ces courses adultes et enfants vous feront traverses la villes et ses \u00e9coles, gravir des escaliers, le viaduc de Bourran&#8230;L&#8217;association de la ronde de No\u00ebl de Rodez fait prolonger l&#8217;ambiance conviviale et familiale avec un bon brunch !<\/p>\n\n\n\n<h3 class=\"wp-block-heading\" id=\"infos-cl\u00e9s---la-ronde-de-no\u00ebl-de-rodez-\"><span id=\"infos-cles-la-ronde-de-noel-de-rodez\">Infos cl\u00e9s &#8211; La Ronde de No\u00ebl de Rodez :<\/span><\/h3>\n\n\n\n<p>Voici toutes les informations utiles pour participer \u00e0 La Ronde de No\u00ebl de Rodez qui fait partie des meilleurs Trails de l&#8217;Aveyron :<\/p>\n\n\n\n<ul class=\"wp-block-list\">\n<li><strong>Dates<\/strong>&nbsp;: D\u00e9cembre<\/li>\n\n\n\n<li><strong>Distances<\/strong>&nbsp;: 4km, 8km<\/li>\n\n\n\n<li><strong>D\u00e9nivel\u00e9 + \/ &#8211;<\/strong>  : \/<\/li>\n\n\n\n<li><strong>Type<\/strong>&nbsp;: Trail urbain<\/li>\n\n\n\n<li><strong>O\u00f9 s&#8217;inscrire ?<\/strong>&nbsp;:&nbsp;La Ronde de No\u00ebl de Rodez<\/li>\n\n\n\n<li><strong>Tarifs<\/strong>&nbsp;: 5 \u00e0 10\u20ac<\/li>\n<\/ul>\n\n\n\n<h2 class=\"wp-block-heading\" id=\"ou-se-loger-et-profiter-des-plages-de-saint-cyr-sur-mer\"><span id=\"ou-se-loger-et-courir-lun-des-trails-de-laveyron\">O\u00f9 se loger et courir l\u2019un des trails de l&#8217;Aveyron ?<\/span><\/h2>\n\n\n\n<p>Si vous souhaitez profiter des trails de l&#8217;Aveyron vous chercherez certainement des <a href=\"https:\/\/toploc.com\/mobil-home\/aveyron\">mobil-home Aveyron<\/a> et des&nbsp;locations de vacances en Aveyron.&nbsp;Pour r\u00e9server c\u2019est tr\u00e8s simple, vous pouvez contactez nos h\u00f4tes en direct.<\/p>\n\n\n\n<iframe loading=\"lazy\" width=\"100%\" height=\"450px\" frameborder=\"0\" src=\"https:\/\/toploc.com\/embed\/maps?location=Zone%20carte;bbox_area=1.9165163775781764%2C43.83299611170156%2C3.3341307885349067%2C44.68487969890924&#038;order=\"><\/iframe>\n\n\n\n<p>Alexandra pour Toploc<\/p>\n","protected":false},"excerpt":{"rendered":"Voici notre s\u00e9lection des meilleurs trails pour courir dans l&#8217;Aubrac ou les Grandes Causses. Si vous souhaitez participer&hellip;\n","protected":false},"author":12,"featured_media":138892,"comment_status":"open","ping_status":"open","sticky":false,"template":"","format":"standard","meta":{"footnotes":""},"categories":[6859,114,7353],"tags":[7305],"class_list":{"0":"post-138857","1":"post","2":"type-post","3":"status-publish","4":"format-standard","5":"has-post-thumbnail","7":"category-campagne","8":"category-france","9":"category-trails","10":"tag-trails-de-laveyron"},"yoast_head":"<!-- This site is optimized with the Yoast SEO plugin v26.9 - https:\/\/yoast.com\/product\/yoast-seo-wordpress\/ -->\n<title>Les 10 meilleurs trails de l&#039;Aveyron \u00e0 faire en 2026<\/title>\n<meta name=\"description\" content=\"Trails de l&#039;Aveyron : Festival des Templiers . Festival des Hospitaliers . Trans&#039;Aubrac . Fest&#039;Trail Causses &amp; Rougier . Trail des Cal\u00e8s\" \/>\n<meta name=\"robots\" content=\"index, follow, max-snippet:-1, max-image-preview:large, max-video-preview:-1\" \/>\n<link rel=\"canonical\" href=\"https:\/\/toploc.com\/blog\/france\/trails-de-laveyron\" \/>\n<meta property=\"og:locale\" content=\"fr_FR\" \/>\n<meta property=\"og:type\" content=\"article\" \/>\n<meta property=\"og:title\" content=\"Les 10 meilleurs trails de l&#039;Aveyron \u00e0 faire en 2026\" \/>\n<meta property=\"og:description\" content=\"Trails de l&#039;Aveyron : Festival des Templiers . Festival des Hospitaliers . Trans&#039;Aubrac . Fest&#039;Trail Causses &amp; Rougier . Trail des Cal\u00e8s\" \/>\n<meta property=\"og:url\" content=\"https:\/\/toploc.com\/blog\/france\/trails-de-laveyron\" \/>\n<meta property=\"og:site_name\" content=\"Toploc\" \/>\n<meta property=\"article:publisher\" content=\"https:\/\/www.facebook.com\/locationfrancophone\" \/>\n<meta property=\"article:published_time\" content=\"2026-03-15T14:30:16+00:00\" \/>\n<meta property=\"article:modified_time\" content=\"2026-03-20T14:32:14+00:00\" \/>\n<meta property=\"og:image\" content=\"https:\/\/toploc.com\/blog\/wp-content\/uploads\/2024\/01\/image-79.png\" \/>\n\t<meta property=\"og:image:width\" content=\"1000\" \/>\n\t<meta property=\"og:image:height\" content=\"687\" \/>\n\t<meta property=\"og:image:type\" content=\"image\/png\" \/>\n<meta name=\"author\" content=\"Alexandra\" \/>\n<meta name=\"twitter:card\" content=\"summary_large_image\" \/>\n<meta name=\"twitter:label1\" content=\"\u00c9crit par\" \/>\n\t<meta name=\"twitter:data1\" content=\"Alexandra\" \/>\n\t<meta name=\"twitter:label2\" content=\"Dur\u00e9e de lecture estim\u00e9e\" \/>\n\t<meta name=\"twitter:data2\" content=\"14 minutes\" \/>\n<script type=\"application\/ld+json\" class=\"yoast-schema-graph\">{\"@context\":\"https:\/\/schema.org\",\"@graph\":[{\"@type\":\"Article\",\"@id\":\"https:\/\/toploc.com\/blog\/france\/trails-de-laveyron#article\",\"isPartOf\":{\"@id\":\"https:\/\/toploc.com\/blog\/france\/trails-de-laveyron\"},\"author\":{\"name\":\"Alexandra\",\"@id\":\"https:\/\/toploc.com\/blog\/#\/schema\/person\/e493e6ec213b1c6de6b8e3ab3794d7b0\"},\"headline\":\"Les 10 meilleurs trails de l&#8217;Aveyron \u00e0 faire en 2026\",\"datePublished\":\"2026-03-15T14:30:16+00:00\",\"dateModified\":\"2026-03-20T14:32:14+00:00\",\"mainEntityOfPage\":{\"@id\":\"https:\/\/toploc.com\/blog\/france\/trails-de-laveyron\"},\"wordCount\":2379,\"commentCount\":0,\"publisher\":{\"@id\":\"https:\/\/toploc.com\/blog\/#organization\"},\"image\":{\"@id\":\"https:\/\/toploc.com\/blog\/france\/trails-de-laveyron#primaryimage\"},\"thumbnailUrl\":\"https:\/\/toploc.com\/blog\/wp-content\/uploads\/2024\/01\/image-79.png\",\"keywords\":[\"Trails de l'Aveyron\"],\"articleSection\":[\"Campagne\",\"Itin\u00e9raires France\",\"Trails\"],\"inLanguage\":\"fr-FR\",\"potentialAction\":[{\"@type\":\"CommentAction\",\"name\":\"Comment\",\"target\":[\"https:\/\/toploc.com\/blog\/france\/trails-de-laveyron#respond\"]}]},{\"@type\":\"WebPage\",\"@id\":\"https:\/\/toploc.com\/blog\/france\/trails-de-laveyron\",\"url\":\"https:\/\/toploc.com\/blog\/france\/trails-de-laveyron\",\"name\":\"Les 10 meilleurs trails de l'Aveyron \u00e0 faire en 2026\",\"isPartOf\":{\"@id\":\"https:\/\/toploc.com\/blog\/#website\"},\"primaryImageOfPage\":{\"@id\":\"https:\/\/toploc.com\/blog\/france\/trails-de-laveyron#primaryimage\"},\"image\":{\"@id\":\"https:\/\/toploc.com\/blog\/france\/trails-de-laveyron#primaryimage\"},\"thumbnailUrl\":\"https:\/\/toploc.com\/blog\/wp-content\/uploads\/2024\/01\/image-79.png\",\"datePublished\":\"2026-03-15T14:30:16+00:00\",\"dateModified\":\"2026-03-20T14:32:14+00:00\",\"description\":\"Trails de l'Aveyron : Festival des Templiers . Festival des Hospitaliers . Trans'Aubrac . Fest'Trail Causses & Rougier . Trail des Cal\u00e8s\",\"breadcrumb\":{\"@id\":\"https:\/\/toploc.com\/blog\/france\/trails-de-laveyron#breadcrumb\"},\"inLanguage\":\"fr-FR\",\"potentialAction\":[{\"@type\":\"ReadAction\",\"target\":[\"https:\/\/toploc.com\/blog\/france\/trails-de-laveyron\"]}]},{\"@type\":\"ImageObject\",\"inLanguage\":\"fr-FR\",\"@id\":\"https:\/\/toploc.com\/blog\/france\/trails-de-laveyron#primaryimage\",\"url\":\"https:\/\/toploc.com\/blog\/wp-content\/uploads\/2024\/01\/image-79.png\",\"contentUrl\":\"https:\/\/toploc.com\/blog\/wp-content\/uploads\/2024\/01\/image-79.png\",\"width\":1000,\"height\":687,\"caption\":\"Les falaises du Rajol au dessus des gorges de la Dourbie, l'un des plus beaux passages du Grand Trail des Templier \u00a9 Pinterest\"},{\"@type\":\"BreadcrumbList\",\"@id\":\"https:\/\/toploc.com\/blog\/france\/trails-de-laveyron#breadcrumb\",\"itemListElement\":[{\"@type\":\"ListItem\",\"position\":1,\"name\":\"Accueil\",\"item\":\"https:\/\/toploc.com\/blog\"},{\"@type\":\"ListItem\",\"position\":2,\"name\":\"Les 10 meilleurs trails de l&#8217;Aveyron \u00e0 faire en 2026\"}]},{\"@type\":\"WebSite\",\"@id\":\"https:\/\/toploc.com\/blog\/#website\",\"url\":\"https:\/\/toploc.com\/blog\/\",\"name\":\"Toploc\",\"description\":\"Itin\u00e9raires natures et locations de vacances en groupe\",\"publisher\":{\"@id\":\"https:\/\/toploc.com\/blog\/#organization\"},\"potentialAction\":[{\"@type\":\"SearchAction\",\"target\":{\"@type\":\"EntryPoint\",\"urlTemplate\":\"https:\/\/toploc.com\/blog\/?s={search_term_string}\"},\"query-input\":{\"@type\":\"PropertyValueSpecification\",\"valueRequired\":true,\"valueName\":\"search_term_string\"}}],\"inLanguage\":\"fr-FR\"},{\"@type\":\"Organization\",\"@id\":\"https:\/\/toploc.com\/blog\/#organization\",\"name\":\"Toploc\",\"url\":\"https:\/\/toploc.com\/blog\/\",\"logo\":{\"@type\":\"ImageObject\",\"inLanguage\":\"fr-FR\",\"@id\":\"https:\/\/toploc.com\/blog\/#\/schema\/logo\/image\/\",\"url\":\"https:\/\/blog.toploc.com\/wp-content\/uploads\/2022\/03\/toploc_facebook_5.png\",\"contentUrl\":\"https:\/\/blog.toploc.com\/wp-content\/uploads\/2022\/03\/toploc_facebook_5.png\",\"width\":600,\"height\":600,\"caption\":\"Toploc\"},\"image\":{\"@id\":\"https:\/\/toploc.com\/blog\/#\/schema\/logo\/image\/\"},\"sameAs\":[\"https:\/\/www.facebook.com\/locationfrancophone\",\"https:\/\/www.instagram.com\/toploc_\",\"https:\/\/www.pinterest.fr\/Toploc_\/\"]},{\"@type\":\"Person\",\"@id\":\"https:\/\/toploc.com\/blog\/#\/schema\/person\/e493e6ec213b1c6de6b8e3ab3794d7b0\",\"name\":\"Alexandra\",\"image\":{\"@type\":\"ImageObject\",\"inLanguage\":\"fr-FR\",\"@id\":\"https:\/\/toploc.com\/blog\/#\/schema\/person\/image\/\",\"url\":\"https:\/\/secure.gravatar.com\/avatar\/a42119a3a40440a91ac2a1d3c6d8eb86030f32d77fc402a054e43badfb40c5f2?s=96&d=mm&r=g\",\"contentUrl\":\"https:\/\/secure.gravatar.com\/avatar\/a42119a3a40440a91ac2a1d3c6d8eb86030f32d77fc402a054e43badfb40c5f2?s=96&d=mm&r=g\",\"caption\":\"Alexandra\"},\"description\":\"Passionn\u00e9e de grands espaces j'ai \u00e0 coeur de partager mes recherches et d\u00e9couvertes \u00e0 la mer, la montagne et la campagne.\",\"url\":\"https:\/\/toploc.com\/blog\/author\/alexandratoploc-com\"}]}<\/script>\n<!-- \/ Yoast SEO plugin. -->","yoast_head_json":{"title":"Les 10 meilleurs trails de l'Aveyron \u00e0 faire en 2026","description":"Trails de l'Aveyron : Festival des Templiers . Festival des Hospitaliers . Trans'Aubrac . Fest'Trail Causses & Rougier . Trail des Cal\u00e8s","robots":{"index":"index","follow":"follow","max-snippet":"max-snippet:-1","max-image-preview":"max-image-preview:large","max-video-preview":"max-video-preview:-1"},"canonical":"https:\/\/toploc.com\/blog\/france\/trails-de-laveyron","og_locale":"fr_FR","og_type":"article","og_title":"Les 10 meilleurs trails de l'Aveyron \u00e0 faire en 2026","og_description":"Trails de l'Aveyron : Festival des Templiers . Festival des Hospitaliers . Trans'Aubrac . Fest'Trail Causses & Rougier . Trail des Cal\u00e8s","og_url":"https:\/\/toploc.com\/blog\/france\/trails-de-laveyron","og_site_name":"Toploc","article_publisher":"https:\/\/www.facebook.com\/locationfrancophone","article_published_time":"2026-03-15T14:30:16+00:00","article_modified_time":"2026-03-20T14:32:14+00:00","og_image":[{"width":1000,"height":687,"url":"https:\/\/toploc.com\/blog\/wp-content\/uploads\/2024\/01\/image-79.png","type":"image\/png"}],"author":"Alexandra","twitter_card":"summary_large_image","twitter_misc":{"\u00c9crit par":"Alexandra","Dur\u00e9e de lecture estim\u00e9e":"14 minutes"},"schema":{"@context":"https:\/\/schema.org","@graph":[{"@type":"Article","@id":"https:\/\/toploc.com\/blog\/france\/trails-de-laveyron#article","isPartOf":{"@id":"https:\/\/toploc.com\/blog\/france\/trails-de-laveyron"},"author":{"name":"Alexandra","@id":"https:\/\/toploc.com\/blog\/#\/schema\/person\/e493e6ec213b1c6de6b8e3ab3794d7b0"},"headline":"Les 10 meilleurs trails de l&#8217;Aveyron \u00e0 faire en 2026","datePublished":"2026-03-15T14:30:16+00:00","dateModified":"2026-03-20T14:32:14+00:00","mainEntityOfPage":{"@id":"https:\/\/toploc.com\/blog\/france\/trails-de-laveyron"},"wordCount":2379,"commentCount":0,"publisher":{"@id":"https:\/\/toploc.com\/blog\/#organization"},"image":{"@id":"https:\/\/toploc.com\/blog\/france\/trails-de-laveyron#primaryimage"},"thumbnailUrl":"https:\/\/toploc.com\/blog\/wp-content\/uploads\/2024\/01\/image-79.png","keywords":["Trails de l'Aveyron"],"articleSection":["Campagne","Itin\u00e9raires France","Trails"],"inLanguage":"fr-FR","potentialAction":[{"@type":"CommentAction","name":"Comment","target":["https:\/\/toploc.com\/blog\/france\/trails-de-laveyron#respond"]}]},{"@type":"WebPage","@id":"https:\/\/toploc.com\/blog\/france\/trails-de-laveyron","url":"https:\/\/toploc.com\/blog\/france\/trails-de-laveyron","name":"Les 10 meilleurs trails de l'Aveyron \u00e0 faire en 2026","isPartOf":{"@id":"https:\/\/toploc.com\/blog\/#website"},"primaryImageOfPage":{"@id":"https:\/\/toploc.com\/blog\/france\/trails-de-laveyron#primaryimage"},"image":{"@id":"https:\/\/toploc.com\/blog\/france\/trails-de-laveyron#primaryimage"},"thumbnailUrl":"https:\/\/toploc.com\/blog\/wp-content\/uploads\/2024\/01\/image-79.png","datePublished":"2026-03-15T14:30:16+00:00","dateModified":"2026-03-20T14:32:14+00:00","description":"Trails de l'Aveyron : Festival des Templiers . Festival des Hospitaliers . Trans'Aubrac . Fest'Trail Causses & Rougier . Trail des Cal\u00e8s","breadcrumb":{"@id":"https:\/\/toploc.com\/blog\/france\/trails-de-laveyron#breadcrumb"},"inLanguage":"fr-FR","potentialAction":[{"@type":"ReadAction","target":["https:\/\/toploc.com\/blog\/france\/trails-de-laveyron"]}]},{"@type":"ImageObject","inLanguage":"fr-FR","@id":"https:\/\/toploc.com\/blog\/france\/trails-de-laveyron#primaryimage","url":"https:\/\/toploc.com\/blog\/wp-content\/uploads\/2024\/01\/image-79.png","contentUrl":"https:\/\/toploc.com\/blog\/wp-content\/uploads\/2024\/01\/image-79.png","width":1000,"height":687,"caption":"Les falaises du Rajol au dessus des gorges de la Dourbie, l'un des plus beaux passages du Grand Trail des Templier \u00a9 Pinterest"},{"@type":"BreadcrumbList","@id":"https:\/\/toploc.com\/blog\/france\/trails-de-laveyron#breadcrumb","itemListElement":[{"@type":"ListItem","position":1,"name":"Accueil","item":"https:\/\/toploc.com\/blog"},{"@type":"ListItem","position":2,"name":"Les 10 meilleurs trails de l&#8217;Aveyron \u00e0 faire en 2026"}]},{"@type":"WebSite","@id":"https:\/\/toploc.com\/blog\/#website","url":"https:\/\/toploc.com\/blog\/","name":"Toploc","description":"Itin\u00e9raires natures et locations de vacances en groupe","publisher":{"@id":"https:\/\/toploc.com\/blog\/#organization"},"potentialAction":[{"@type":"SearchAction","target":{"@type":"EntryPoint","urlTemplate":"https:\/\/toploc.com\/blog\/?s={search_term_string}"},"query-input":{"@type":"PropertyValueSpecification","valueRequired":true,"valueName":"search_term_string"}}],"inLanguage":"fr-FR"},{"@type":"Organization","@id":"https:\/\/toploc.com\/blog\/#organization","name":"Toploc","url":"https:\/\/toploc.com\/blog\/","logo":{"@type":"ImageObject","inLanguage":"fr-FR","@id":"https:\/\/toploc.com\/blog\/#\/schema\/logo\/image\/","url":"https:\/\/blog.toploc.com\/wp-content\/uploads\/2022\/03\/toploc_facebook_5.png","contentUrl":"https:\/\/blog.toploc.com\/wp-content\/uploads\/2022\/03\/toploc_facebook_5.png","width":600,"height":600,"caption":"Toploc"},"image":{"@id":"https:\/\/toploc.com\/blog\/#\/schema\/logo\/image\/"},"sameAs":["https:\/\/www.facebook.com\/locationfrancophone","https:\/\/www.instagram.com\/toploc_","https:\/\/www.pinterest.fr\/Toploc_\/"]},{"@type":"Person","@id":"https:\/\/toploc.com\/blog\/#\/schema\/person\/e493e6ec213b1c6de6b8e3ab3794d7b0","name":"Alexandra","image":{"@type":"ImageObject","inLanguage":"fr-FR","@id":"https:\/\/toploc.com\/blog\/#\/schema\/person\/image\/","url":"https:\/\/secure.gravatar.com\/avatar\/a42119a3a40440a91ac2a1d3c6d8eb86030f32d77fc402a054e43badfb40c5f2?s=96&d=mm&r=g","contentUrl":"https:\/\/secure.gravatar.com\/avatar\/a42119a3a40440a91ac2a1d3c6d8eb86030f32d77fc402a054e43badfb40c5f2?s=96&d=mm&r=g","caption":"Alexandra"},"description":"Passionn\u00e9e de grands espaces j'ai \u00e0 coeur de partager mes recherches et d\u00e9couvertes \u00e0 la mer, la montagne et la campagne.","url":"https:\/\/toploc.com\/blog\/author\/alexandratoploc-com"}]}},"_links":{"self":[{"href":"https:\/\/toploc.com\/blog\/wp-json\/wp\/v2\/posts\/138857","targetHints":{"allow":["GET"]}}],"collection":[{"href":"https:\/\/toploc.com\/blog\/wp-json\/wp\/v2\/posts"}],"about":[{"href":"https:\/\/toploc.com\/blog\/wp-json\/wp\/v2\/types\/post"}],"author":[{"embeddable":true,"href":"https:\/\/toploc.com\/blog\/wp-json\/wp\/v2\/users\/12"}],"replies":[{"embeddable":true,"href":"https:\/\/toploc.com\/blog\/wp-json\/wp\/v2\/comments?post=138857"}],"version-history":[{"count":12,"href":"https:\/\/toploc.com\/blog\/wp-json\/wp\/v2\/posts\/138857\/revisions"}],"predecessor-version":[{"id":162127,"href":"https:\/\/toploc.com\/blog\/wp-json\/wp\/v2\/posts\/138857\/revisions\/162127"}],"wp:featuredmedia":[{"embeddable":true,"href":"https:\/\/toploc.com\/blog\/wp-json\/wp\/v2\/media\/138892"}],"wp:attachment":[{"href":"https:\/\/toploc.com\/blog\/wp-json\/wp\/v2\/media?parent=138857"}],"wp:term":[{"taxonomy":"category","embeddable":true,"href":"https:\/\/toploc.com\/blog\/wp-json\/wp\/v2\/categories?post=138857"},{"taxonomy":"post_tag","embeddable":true,"href":"https:\/\/toploc.com\/blog\/wp-json\/wp\/v2\/tags?post=138857"}],"curies":[{"name":"wp","href":"https:\/\/api.w.org\/{rel}","templated":true}]}}