{"id":138711,"date":"2024-01-30T16:37:27","date_gmt":"2024-01-30T15:37:27","guid":{"rendered":"https:\/\/blog.toploc.com\/?p=138711"},"modified":"2024-04-29T16:56:43","modified_gmt":"2024-04-29T14:56:43","slug":"visiter-annecy-en-2-jours","status":"publish","type":"post","link":"https:\/\/toploc.com\/blog\/france\/visiter-annecy-en-2-jours","title":{"rendered":"Itin\u00e9raire complet pour visiter Annecy en 2 jours"},"content":{"rendered":"\n<p>Embarquez pour un voyage inoubliable \u00e0 Annecy, un joyau nich\u00e9 au c\u0153ur des Alpes fran\u00e7aises. Cette escapade de deux jours vous invite \u00e0 d\u00e9couvrir les charmes d&#8217;une ville o\u00f9 l&#8217;histoire, la culture et la beaut\u00e9 naturelle se rencontrent harmonieusement. Comment <a href=\"https:\/\/blog.toploc.com\/blog\/france\/visiter-annecy\">visiter Annecy<\/a> en 2 jours ? Du calme des Jardins de l\u2019Europe au bord du lac aux rives anim\u00e9es id\u00e9ales pour le v\u00e9lo, en passant par les plaisirs d&#8217;un pique-nique avec vue imprenable, chaque moment \u00e0 Annecy promet d&#8217;\u00eatre sp\u00e9cial. Laissez-vous s\u00e9duire par la magie d&#8217;un coucher de soleil sur le lac et capturez des souvenirs qui dureront toute une vie. <\/p>\n\n\n\n<div class=\"wp-block-buttons is-content-justification-center is-layout-flex wp-container-core-buttons-is-layout-16018d1d wp-block-buttons-is-layout-flex\">\n<div class=\"wp-block-button has-custom-font-size has-small-font-size\"><a class=\"wp-block-button__link has-background wp-element-button\" href=\"https:\/\/toploc.com\/locations-vacances\/annecy?utm_source=blog&amp;utm_medium=CTA&amp;utm_campaign=visiter-annecy-en-2-jours\" style=\"background-color:#006b52\"><strong>\ud83d\udc49\u00a0NOS H\u00c9BERGEMENTS \u00c0 ANNECY<\/strong><\/a><\/div>\n<\/div>\n\n\n\n<h2 id=\"notre-carte-interactive-pour-visiter-annecy-en-2-jours\" class=\"wp-block-heading\">Notre carte interactive pour visiter Annecy en 2 jours<\/h2>\n\n\n\n<p>Voici notre carte carte interactive pour visiter Annecy en 2 jours. Pr\u00e9parez-vous pour une aventure riche en couleurs, en saveurs et en \u00e9motions dans cette ville alpine captivante.<\/p>\n\n\n\n<iframe loading=\"lazy\" src=\"https:\/\/www.google.com\/maps\/d\/embed?mid=1SVAMgVzT-W-idsQqdQR6Ne5PQscz-Bk&#038;ehbc=2E312F\" width=\"640\" height=\"480\"><\/iframe>\n\n\n\n<div class=\"wp-block-buttons is-content-justification-center is-layout-flex wp-container-core-buttons-is-layout-16018d1d wp-block-buttons-is-layout-flex\"><\/div>\n\n\n\n<h2 id=\"jour-1-a-annecy\" class=\"wp-block-heading\"><strong>Jour 1 \u00e0 Annecy<\/strong><\/h2>\n\n\n\n<p>Votre premi\u00e8re journ\u00e9e \u00e0 Annecy promet d&#8217;\u00eatre riche en d\u00e9couvertes et en \u00e9merveillement. Imaginez-vous fl\u00e2nant dans les jardins luxuriants au bord du lac, pique-niquant face \u00e0 des panoramas \u00e0 couper le souffle, et parcourant les rives \u00e0 v\u00e9lo sous un ciel azur. Et pour couronner le tout, assistez \u00e0 un coucher de soleil spectaculaire, immortalisant ces moments magiques avec votre appareil photo.<\/p>\n\n\n\n<div class=\"wp-block-buttons is-content-justification-center is-layout-flex wp-container-core-buttons-is-layout-16018d1d wp-block-buttons-is-layout-flex\">\n<div class=\"wp-block-button has-custom-font-size has-small-font-size\"><a class=\"wp-block-button__link has-background wp-element-button\" href=\"https:\/\/toploc.com\/locations-vacances\/annecy?utm_source=blog&amp;utm_medium=CTA&amp;utm_campaign=visiter-annecy-en-2-jours\" style=\"background-color:#006b52\"><strong>\ud83d\udc49&nbsp;NOS H\u00c9BERGEMENTS \u00c0 ANNECY<\/strong><\/a><\/div>\n<\/div>\n\n\n\n<h3 id=\"flaner-dans-les-jardins-de-leurope-au-bord-du-lac\" class=\"wp-block-heading\"><strong>Fl\u00e2ner dans les jardins de l\u2019Europe, au bord du lac<\/strong><\/h3>\n\n\n\n<p>Les Jardins de l\u2019Europe \u00e0 Annecy, situ\u00e9s au bord du lac, offrent une exp\u00e9rience de promenade unique dans un cadre historique et naturellement magnifique. Ce jardin, appr\u00e9ci\u00e9 pour sa tranquillit\u00e9 et sa beaut\u00e9, est un lieu charg\u00e9 d&#8217;histoire, ayant servi \u00e0 divers usages depuis le Moyen \u00c2ge.<\/p>\n\n\n\n<figure class=\"wp-block-image size-full\"><img loading=\"lazy\" decoding=\"async\" width=\"2560\" height=\"1440\" src=\"https:\/\/blog.toploc.com\/wp-content\/uploads\/2024\/01\/image-7.png\" alt=\"Vue sur le lac d'Annecy depuis les jardins de l'Europe pour visiter Annecy en 2 jours \u00a9 Expedia\" class=\"wp-image-138712\"\/><figcaption class=\"wp-element-caption\">Vue sur le lac d&#8217;Annecy depuis les jardins de l&#8217;Europe pour visiter Annecy en 2 jours \u00a9 Expedia<\/figcaption><\/figure>\n\n\n\n<p><strong>Histoire et Transformation<\/strong><\/p>\n\n\n\n<ul class=\"wp-block-list\">\n<li><strong>Origines M\u00e9di\u00e9vales<\/strong> : \u00c0 l&#8217;origine, l&#8217;emplacement des Jardins de l\u2019Europe \u00e9tait occup\u00e9 par des \u00eelots mar\u00e9cageux, utilis\u00e9s pour des &#8220;cabanes de sant\u00e9&#8221; durant les \u00e9pid\u00e9mies.<\/li>\n\n\n\n<li><strong>Le Clos Lombard et les Visitandines<\/strong> : Au 14e si\u00e8cle, le terrain appartenait \u00e0 la famille Asinari, banquiers lombards, puis \u00e0 l\u2019ordre religieux de la Visitation. Les s\u0153urs transform\u00e8rent le lieu en jardin clos, reli\u00e9 au couvent par un pont couvert.<\/li>\n\n\n\n<li><strong>Devenu Bien National<\/strong> : \u00c0 la R\u00e9volution, le jardin devint un bien national.<\/li>\n<\/ul>\n\n\n\n<p><strong>Am\u00e9nagement et D\u00e9veloppement<\/strong><\/p>\n\n\n\n<ul class=\"wp-block-list\">\n<li><strong>Achat par la Mairie<\/strong> : En 1834, la mairie d&#8217;Annecy acheta le terrain et lan\u00e7a un concours d&#8217;am\u00e9nagement.<\/li>\n\n\n\n<li><strong>Cr\u00e9ation du Jardin du Rond-Point<\/strong> : Le jardin du Rond-Point fut r\u00e9alis\u00e9 entre 1855 et 1859.<\/li>\n\n\n\n<li><strong>Jardin Paysager de Style Anglais<\/strong> : Apr\u00e8s la construction de l\u2019h\u00f4tel de ville, un jardin paysager de style anglais fut cr\u00e9\u00e9, avec la plantation de pr\u00e8s de 650 arbres et de plus de 1000 arbustes, achev\u00e9e en 1864.<\/li>\n<\/ul>\n\n\n\n<p><strong>Equipements et Services<\/strong><\/p>\n\n\n\n<ul class=\"wp-block-list\">\n<li><strong>Accessibilit\u00e9<\/strong> : Le jardin est \u00e9quip\u00e9 de WC publics et se trouve \u00e0 proximit\u00e9 de parkings payants et d&#8217;un parking autocar.<\/li>\n\n\n\n<li><strong>Animaux<\/strong> : Les animaux sont accept\u00e9s dans le jardin.<\/li>\n\n\n\n<li><strong>Visites<\/strong> : Il est possible de faire des visites individuelles guid\u00e9es ainsi que des visites en groupe, libres ou guid\u00e9es.<\/li>\n<\/ul>\n\n\n\n<p><strong>Environnement et Vue<\/strong><\/p>\n\n\n\n<ul class=\"wp-block-list\">\n<li><strong>Vue Lac et Montagne<\/strong> : Le jardin offre une vue imprenable sur le lac d&#8217;Annecy et les montagnes environnantes, offrant un cadre id\u00e9al pour la d\u00e9tente et la contemplation.<\/li>\n\n\n\n<li><strong>Emplacement en Ville<\/strong> : Situ\u00e9 en ville, le jardin est facilement accessible et constitue une oasis de verdure au c\u0153ur d&#8217;Annecy.<\/li>\n<\/ul>\n\n\n\n<p>Les Jardins de l\u2019Europe sont un lieu gratuit et ouvert toute l&#8217;ann\u00e9e, offrant une exp\u00e9rience paisible et enrichissante pour tous les visiteurs. Que vous soyez \u00e0 la recherche d&#8217;un moment de calme, int\u00e9ress\u00e9 par l&#8217;histoire ou simplement d\u00e9sireux de profiter d&#8217;une vue magnifique, ces jardins sont un incontournable lors de votre visite \u00e0 Annecy.<\/p>\n\n\n\n<div class=\"wp-block-buttons is-content-justification-center is-layout-flex wp-container-core-buttons-is-layout-16018d1d wp-block-buttons-is-layout-flex\">\n<div class=\"wp-block-button has-custom-font-size has-small-font-size\"><a class=\"wp-block-button__link has-background wp-element-button\" href=\"https:\/\/toploc.com\/locations-vacances\/annecy?utm_source=blog&amp;utm_medium=CTA&amp;utm_campaign=visiter-annecy-en-2-jours\" style=\"background-color:#006b52\"><strong>\ud83d\udc49&nbsp;NOS H\u00c9BERGEMENTS \u00c0 ANNECY<\/strong><\/a><\/div>\n<\/div>\n\n\n\n<h3 id=\"pique-niquer-face-au-lac\" class=\"wp-block-heading\"><strong>Pique-niquer face au lac<\/strong><\/h3>\n\n\n\n<p>Pique-niquer au bord du lac d&#8217;Annecy est une exp\u00e9rience charmante, combinant la d\u00e9gustation de d\u00e9licieux mets locaux avec une vue imprenable sur le lac et les montagnes environnantes. C&#8217;est une option \u00e0 la fois conviviale et \u00e9conomique pour profiter d&#8217;un repas en plein air dans un cadre naturel exceptionnel.<\/p>\n\n\n\n<figure class=\"wp-block-image size-full\"><img loading=\"lazy\" decoding=\"async\" width=\"1024\" height=\"576\" src=\"https:\/\/blog.toploc.com\/wp-content\/uploads\/2023\/09\/Albigny_01_25-1024x576-1.jpg\" alt=\"Visiter Annecy en 2 jours et faire un pique-nique face au lac. Profitez d'un instant baignade \u00e0 la plage d'Albigny \u00a9 OVO Network\" class=\"wp-image-130879\"\/><figcaption class=\"wp-element-caption\">Visiter Annecy en 2 jours et faire un pique-nique face au lac. Profitez d&#8217;un instant baignade \u00e0 la plage d&#8217;Albigny \u00a9 OVO Network<\/figcaption><\/figure>\n\n\n\n<p><strong>Lieux Id\u00e9aux pour un Pique-Nique<\/strong><\/p>\n\n\n\n<ul class=\"wp-block-list\">\n<li><strong>L\u2019Esplanade du P\u00e2quier<\/strong> : Cette vaste \u00e9tendue d&#8217;herbe offre un espace parfait pour \u00e9taler votre nappe et profiter de la vue sur le lac. C&#8217;est un lieu populaire pour les familles et les groupes d&#8217;amis.<\/li>\n\n\n\n<li><strong>La Plage d\u2019Albigny<\/strong> : Si vous pr\u00e9f\u00e9rez \u00eatre pr\u00e8s de l&#8217;eau, la plage d&#8217;Albigny est l&#8217;endroit id\u00e9al. Avec sa combinaison de sable et de galets, elle offre un cadre magnifique pour un pique-nique sur l&#8217;une des plus <a href=\"https:\/\/blog.toploc.com\/blog\/france\/plages-annecy\">belles plages d&#8217;Annecy pour se baigner<\/a>.<\/li>\n\n\n\n<li><strong>Le Parc Charles Bosson <\/strong>: Pour ceux qui cherchent un peu plus d&#8217;ombre et de tranquillit\u00e9, le parc Charles Bosson est une excellente option. Ses zones ombrag\u00e9es et ses bancs en font un lieu de d\u00e9tente id\u00e9al.<\/li>\n<\/ul>\n\n\n\n<p><strong>Conseils Pratiques pour un Pique-Nique R\u00e9ussi<\/strong><\/p>\n\n\n\n<ul class=\"wp-block-list\">\n<li><strong>Pr\u00e9paration<\/strong> : Apportez un panier de pique-nique rempli de sp\u00e9cialit\u00e9s locales comme le fromage savoyard, la charcuterie, et pourquoi pas une bouteille de vin de la r\u00e9gion.<\/li>\n\n\n\n<li><strong>Respect de l&#8217;Environnement <\/strong>: Veillez \u00e0 laisser l&#8217;endroit aussi propre que vous l&#8217;avez trouv\u00e9. Utilisez des sacs poubelles pour emporter vos d\u00e9chets.<\/li>\n\n\n\n<li><strong>S\u00e9curit\u00e9 et Confort <\/strong>: N&#8217;oubliez pas la cr\u00e8me solaire et un chapeau pour vous prot\u00e9ger du soleil, surtout en \u00e9t\u00e9.<\/li>\n<\/ul>\n\n\n\n<p>Un pique-nique au bord du lac d&#8217;Annecy est l&#8217;occasion parfaite de se d\u00e9tendre et de profiter de la beaut\u00e9 naturelle de la r\u00e9gion. Que vous choisissiez un endroit anim\u00e9 comme l&#8217;Esplanade du P\u00e2quier ou un coin plus tranquille comme le Parc Charles Bosson, vous \u00eates s\u00fbr de passer un moment agr\u00e9able et m\u00e9morable. Bon app\u00e9tit et profitez pleinement de la splendeur d&#8217;Annecy !<\/p>\n\n\n\n<div class=\"wp-block-buttons is-content-justification-center is-layout-flex wp-container-core-buttons-is-layout-16018d1d wp-block-buttons-is-layout-flex\">\n<div class=\"wp-block-button has-custom-font-size has-small-font-size\"><a class=\"wp-block-button__link has-background wp-element-button\" href=\"https:\/\/toploc.com\/locations-vacances\/annecy?utm_source=blog&amp;utm_medium=CTA&amp;utm_campaign=visiter-annecy-en-2-jours\" style=\"background-color:#006b52\"><strong>\ud83d\udc49&nbsp;NOS H\u00c9BERGEMENTS \u00c0 ANNECY<\/strong><\/a><\/div>\n<\/div>\n\n\n\n<h3 id=\"faire-le-tour-du-lac-a-velo\" class=\"wp-block-heading\"><strong>Faire le tour du lac \u00e0 v\u00e9lo<\/strong><\/h3>\n\n\n\n<p>Le tour du lac d&#8217;Annecy \u00e0 v\u00e9lo est une exp\u00e9rience inoubliable, offrant des vues spectaculaires et une immersion dans la nature et la culture locales. Voici quelques informations pratiques pour profiter pleinement de cette aventure.<\/p>\n\n\n\n<figure class=\"wp-block-image size-full\"><img loading=\"lazy\" decoding=\"async\" width=\"730\" height=\"420\" src=\"https:\/\/blog.toploc.com\/wp-content\/uploads\/2024\/01\/image-5.png\" alt=\"Vue du lac depuis la voie verte praticable en v\u00e9lo ou \u00e0 pied \u00a9 Savoie Mont Blanc\" class=\"wp-image-138708\"\/><figcaption class=\"wp-element-caption\">Vue du lac depuis la voie verte praticable en v\u00e9lo ou \u00e0 pied \u00a9 Savoie Mont Blanc<\/figcaption><\/figure>\n\n\n\n<p><strong>Caract\u00e9ristiques du Parcours<\/strong><\/p>\n\n\n\n<ul class=\"wp-block-list\">\n<li><strong>Distance<\/strong> : 40 km<\/li>\n\n\n\n<li><strong>D\u00e9nivel\u00e9<\/strong> : 300 m<\/li>\n\n\n\n<li><strong>Difficult\u00e9<\/strong> : Facile, avec une seule mont\u00e9e notable \u00e0 Talloires<\/li>\n\n\n\n<li><strong>Sens de Parcours<\/strong> : Sens des aiguilles d&#8217;une montre recommand\u00e9 pour une exp\u00e9rience optimale<\/li>\n<\/ul>\n\n\n\n<p><strong>Itin\u00e9raire et Points d&#8217;Int\u00e9r\u00eat<\/strong><\/p>\n\n\n\n<ul class=\"wp-block-list\">\n<li><strong>Voie Verte<\/strong> : La majorit\u00e9 du parcours se fait sur la voie verte, une des plus anciennes de France, offrant une exp\u00e9rience s\u00e9curis\u00e9e et agr\u00e9able.<\/li>\n\n\n\n<li><strong>Rive Ouest<\/strong> : D\u00e9couvrez un environnement exceptionnel entre lac et montagnes, avec des plages et des petits villages.<\/li>\n\n\n\n<li><strong>Rive Est<\/strong> : Plus de relief avec un d\u00e9nivel\u00e9 d&#8217;une centaine de m\u00e8tres sur la commune de Talloires-Montmin.<\/li>\n<\/ul>\n\n\n\n<p><strong>Services et Commodit\u00e9s<\/strong><\/p>\n\n\n\n<ul class=\"wp-block-list\">\n<li><strong>Ravitaillement<\/strong> : Bornes d&#8217;eau potable, caf\u00e9s et restaurants le long du parcours.<\/li>\n\n\n\n<li><strong>Location de V\u00e9los<\/strong> : Plusieurs options disponibles pour louer des v\u00e9los adapt\u00e9s \u00e0 vos besoins.<\/li>\n<\/ul>\n\n\n\n<p><strong>Conseils Pratiques<\/strong><\/p>\n\n\n\n<ul class=\"wp-block-list\">\n<li><strong>Pr\u00e9paration<\/strong> : Emportez de l&#8217;eau, des encas, un kit de r\u00e9paration, et un casque.<\/li>\n\n\n\n<li><strong>Protection Solaire<\/strong> : N&#8217;oubliez pas la cr\u00e8me solaire, surtout en \u00e9t\u00e9.<\/li>\n\n\n\n<li><strong>Baignade<\/strong> : Pr\u00e9voyez un maillot et une serviette si vous souhaitez vous arr\u00eater sur les plages.<\/li>\n<\/ul>\n\n\n\n<p><strong>Arr\u00eats Recommand\u00e9s<\/strong><\/p>\n\n\n\n<ul class=\"wp-block-list\">\n<li><strong>Plages du Lac d\u2019Annecy<\/strong> : Parfaites pour une pause pique-nique ou une baignade rafra\u00eechissante.<\/li>\n\n\n\n<li><strong>Talloires<\/strong> : Un charmant village avec des restaurants offrant une vue sur le lac.<\/li>\n\n\n\n<li><strong>Ch\u00e2teau Duingt<\/strong> : Un arr\u00eat pittoresque pour admirer l&#8217;architecture et le paysage.<\/li>\n\n\n\n<li><strong>Col de la Forclaz<\/strong> et <strong>Montagne de Semnoz<\/strong> : Pour les cyclistes plus exp\u00e9riment\u00e9s, ces cols offrent des vues \u00e0 couper le souffle.<\/li>\n<\/ul>\n\n\n\n<p>Le tour du lac d&#8217;Annecy \u00e0 v\u00e9lo est une activit\u00e9 parfaite pour tous, des familles aux cyclistes exp\u00e9riment\u00e9s. C&#8217;est une occasion unique de d\u00e9couvrir la beaut\u00e9 naturelle et la richesse culturelle de la r\u00e9gion d&#8217;Annecy. Pr\u00e9parez-vous pour une journ\u00e9e m\u00e9morable de d\u00e9couverte et d&#8217;aventure !<\/p>\n\n\n\n<div class=\"wp-block-buttons is-content-justification-center is-layout-flex wp-container-core-buttons-is-layout-16018d1d wp-block-buttons-is-layout-flex\">\n<div class=\"wp-block-button has-custom-font-size has-small-font-size\"><a class=\"wp-block-button__link has-background wp-element-button\" href=\"https:\/\/toploc.com\/locations-vacances\/annecy?utm_source=blog&amp;utm_medium=CTA&amp;utm_campaign=visiter-annecy-en-2-jours\" style=\"background-color:#006b52\"><strong>\ud83d\udc49&nbsp;NOS H\u00c9BERGEMENTS \u00c0 ANNECY<\/strong><\/a><\/div>\n<\/div>\n\n\n\n<h3 id=\"regarder-le-coucher-de-soleil-et-faire-des-photos\" class=\"wp-block-heading\"><strong>Regarder le coucher de soleil et faire des photos<\/strong><\/h3>\n\n\n\n<p>Le coucher de soleil \u00e0 Annecy offre un spectacle magnifique, avec des couleurs et des lumi\u00e8res exceptionnelles sur le lac et les montagnes. Voici les meilleurs spots pour admirer et photographier ce moment magique, ainsi que quelques conseils pratiques.<\/p>\n\n\n\n<figure class=\"wp-block-image size-full\"><img loading=\"lazy\" decoding=\"async\" width=\"1410\" height=\"940\" src=\"https:\/\/blog.toploc.com\/wp-content\/uploads\/2024\/01\/image-8.png\" alt=\"Coucher de soleil sur Annecy vue depuis le Mont Veyrier \u00a9 Savoie Mont Blanc\" class=\"wp-image-138713\"\/><figcaption class=\"wp-element-caption\">Coucher de soleil sur Annecy vue depuis le Mont Veyrier \u00a9 Savoie Mont Blanc<\/figcaption><\/figure>\n\n\n\n<p><strong>Meilleurs Spots pour le Coucher de Soleil<\/strong><\/p>\n\n\n\n<ul class=\"wp-block-list\">\n<li><strong>Col Pr\u00e9 Vernet &#8211; Mont Veyrier<\/strong> : Accessible et offrant une vue en hauteur sur le lac.<\/li>\n\n\n\n<li><strong>Aire de D\u00e9collage du Col de La Forclaz<\/strong> : Vue imprenable sur le lac avec le passage des parapentes. Pr\u00e9voyez une lampe pour le retour.<\/li>\n\n\n\n<li><strong>Vieille Ville d&#8217;Annecy<\/strong> : Les ponts et les berges du Thiou offrent de belles perspectives, surtout en face du palais de l&#8217;\u00eele.<\/li>\n\n\n\n<li><strong>Mont Baron<\/strong> : Vue similaire au Mont Veyrier mais plus tranquille apr\u00e8s une courte randonn\u00e9e.<\/li>\n\n\n\n<li><strong>Rive de S\u00e9vrier<\/strong> : La lumi\u00e8re orang\u00e9e du soleil se refl\u00e9tant sur le lac illumine les montagnes de la rive oppos\u00e9e.<\/li>\n\n\n\n<li><strong>Depuis un Bateau sur le Lac<\/strong> : Une perspective unique et probablement la meilleure pour admirer le coucher de soleil.<\/li>\n<\/ul>\n\n\n\n<p><strong>Conseils pour la Photographie<\/strong><\/p>\n\n\n\n<ul class=\"wp-block-list\">\n<li><strong>Heure Dor\u00e9e <\/strong>: Le meilleur moment pour les photos est pendant l&#8217;heure dor\u00e9e, juste avant et apr\u00e8s le coucher du soleil.<\/li>\n\n\n\n<li><strong>Mat\u00e9riel<\/strong> : Un appareil photo de bonne qualit\u00e9 ou un smartphone avec une bonne r\u00e9solution. Un tr\u00e9pied peut \u00eatre utile pour des images plus nettes.<\/li>\n\n\n\n<li><strong>Cadrage et Composition<\/strong> : Jouez avec les reflets, les silhouettes et les contre-jours pour des effets int\u00e9ressants.<\/li>\n<\/ul>\n\n\n\n<p><strong>Autres Spots Recommand\u00e9s<\/strong><\/p>\n\n\n\n<ul class=\"wp-block-list\">\n<li><strong>L\u2019Ermitage Saint-Germain<\/strong> : Une vue atypique du c\u00f4t\u00e9 de Talloires avec plusieurs points de vue sur le chemin.<\/li>\n\n\n\n<li><strong>Belv\u00e9d\u00e8re Saint-Michel<\/strong> : Situ\u00e9 sur les hauteurs de Duingt, offrant un panorama sur le lac.<\/li>\n\n\n\n<li><strong>Petit Port \u00e0 Annecy-le-Vieux<\/strong> : Id\u00e9al pour un pique-nique face au coucher de soleil, surtout sur les pontons en bois.<\/li>\n<\/ul>\n\n\n\n<p>Ces spots offrent des vues \u00e9poustouflantes sur le lac d&#8217;Annecy au coucher du soleil, cr\u00e9ant des opportunit\u00e9s parfaites pour des photos m\u00e9morables. Que vous soyez un photographe amateur ou simplement \u00e0 la recherche d&#8217;un moment paisible, ces lieux vous garantissent une exp\u00e9rience inoubliable.<\/p>\n\n\n\n<h2 id=\"jour-2-a-annecy\" class=\"wp-block-heading\"><strong>Jour 2 \u00e0 Annecy<\/strong><\/h2>\n\n\n\n<p>Votre deuxi\u00e8me journ\u00e9e \u00e0 Annecy s&#8217;annonce aussi exaltante que la premi\u00e8re, avec des activit\u00e9s qui vous feront d\u00e9couvrir la ville sous de nouveaux angles. Commencez par une randonn\u00e9e revigorante au Mont Veyrier, o\u00f9 des panoramas \u00e9poustouflants sur le lac et les Alpes vous attendent. Puis, d\u00e9tendez-vous avec une balade en p\u00e9dalo sur les eaux cristallines du lac, une exp\u00e9rience \u00e0 la fois amusante et apaisante.&nbsp;<\/p>\n\n\n\n<div class=\"wp-block-buttons is-content-justification-center is-layout-flex wp-container-core-buttons-is-layout-16018d1d wp-block-buttons-is-layout-flex\">\n<div class=\"wp-block-button has-custom-font-size has-small-font-size\"><a class=\"wp-block-button__link has-background wp-element-button\" href=\"https:\/\/toploc.com\/locations-vacances\/annecy?utm_source=blog&amp;utm_medium=CTA&amp;utm_campaign=visiter-annecy-en-2-jours\" style=\"background-color:#006b52\"><strong>\ud83d\udc49&nbsp;NOS H\u00c9BERGEMENTS \u00c0 ANNECY<\/strong><\/a><\/div>\n<\/div>\n\n\n\n<h3 id=\"faire-une-randonnee-au-mont-veyrier\" class=\"wp-block-heading\"><strong>Faire une randonn\u00e9e au Mont Veyrier<\/strong><\/h3>\n\n\n\n<p>Le Mont Veyrier, surplombant le lac d&#8217;Annecy, est une destination de choix pour les randonneurs. Voici quelques informations pratiques pour entreprendre cette randonn\u00e9e.<\/p>\n\n\n\n<figure class=\"wp-block-image size-full\"><img loading=\"lazy\" decoding=\"async\" width=\"1440\" height=\"1082\" src=\"https:\/\/blog.toploc.com\/wp-content\/uploads\/2023\/08\/A78377FE-1D20-4530-B852-081CA7221AD6.jpg\" alt=\"Vue sur le Mont Baron et le Mont Veyrier une rando accessible depuis le petit Port \u00a9 Toploc\" class=\"wp-image-130880\"\/><figcaption class=\"wp-element-caption\">Vue sur le Mont Baron et le Mont Veyrier une rando accessible depuis le petit Port \u00a9 Toploc<\/figcaption><\/figure>\n\n\n\n<p><strong>Caract\u00e9ristiques de la Randonn\u00e9e<\/strong><\/p>\n\n\n\n<ul class=\"wp-block-list\">\n<li><strong>Altitude<\/strong> : 1291 m<\/li>\n\n\n\n<li><strong>Difficult\u00e9<\/strong> : Moyenne \u00e0 difficile, selon le parcours choisi<\/li>\n\n\n\n<li><strong>Points de D\u00e9part<\/strong> : Plusieurs options, dont Annecy et le Petit Port, le Pr\u00e9 Vernet, le Col des Contrebandiers, et Veyrier-du-lac<\/li>\n<\/ul>\n\n\n\n<p><strong>Itin\u00e9raires et Points d&#8217;Int\u00e9r\u00eat<\/strong><\/p>\n\n\n\n<ul class=\"wp-block-list\">\n<li><strong>Depuis Annecy et le Petit Port<\/strong> : Un parcours avec un d\u00e9nivel\u00e9 positif d&#8217;environ 1000 m, offrant une exp\u00e9rience compl\u00e8te avec une possible baignade au retour.<\/li>\n\n\n\n<li><strong>Depuis le Pr\u00e9 Vernet<\/strong> : Un point de d\u00e9part accessible en voiture, avec un parking am\u00e9nag\u00e9 et un belv\u00e9d\u00e8re.<\/li>\n\n\n\n<li><strong>Depuis le Col des Contrebandiers<\/strong> : Un itin\u00e9raire plus court mais raide, offrant des vues spectaculaires.<\/li>\n\n\n\n<li><strong>Depuis Veyrier-du-lac<\/strong> : Un parcours qui suit en partie l\u2019ancien trac\u00e9 du t\u00e9l\u00e9ph\u00e9rique, offrant une mont\u00e9e progressive dans la for\u00eat.<\/li>\n<\/ul>\n\n\n\n<p><strong>Conseils Pratiques<\/strong><\/p>\n\n\n\n<ul class=\"wp-block-list\">\n<li><strong>\u00c9quipement<\/strong> : Chaussures de marche, eau, nourriture, et \u00e9ventuellement des b\u00e2tons de marche.<\/li>\n\n\n\n<li><strong>S\u00e9curit\u00e9<\/strong> : Soyez prudents sur les terrains rocheux et avancez \u00e0 votre rythme.<\/li>\n\n\n\n<li><strong>Saison<\/strong> : La randonn\u00e9e est agr\u00e9able en \u00e9t\u00e9, mais assurez-vous d&#8217;avoir une protection solaire et suffisamment d&#8217;eau.<\/li>\n<\/ul>\n\n\n\n<p><strong>Points de Vue<\/strong><\/p>\n\n\n\n<ul class=\"wp-block-list\">\n<li><strong>Belv\u00e9d\u00e8re du Mont Baron<\/strong> : Offre une vue panoramique sur le lac d\u2019Annecy, le massif des Bauges, et le Mont-Blanc.<\/li>\n\n\n\n<li><strong>Sommet du Mont Veyrier<\/strong> : Vue \u00e0 360\u00b0 sur le lac et les Alpes.<\/li>\n<\/ul>\n\n\n\n<p>Cette randonn\u00e9e au Mont Veyrier est une opportunit\u00e9 fantastique pour d\u00e9couvrir les paysages alpins et le lac d&#8217;Annecy sous un angle diff\u00e9rent. Que vous soyez un randonneur exp\u00e9riment\u00e9 ou un amateur, cette aventure promet des vues \u00e9poustouflantes et des souvenirs inoubliables.<\/p>\n\n\n\n<div class=\"wp-block-buttons is-content-justification-center is-layout-flex wp-container-core-buttons-is-layout-16018d1d wp-block-buttons-is-layout-flex\">\n<div class=\"wp-block-button has-custom-font-size has-small-font-size\"><a class=\"wp-block-button__link has-background wp-element-button\" href=\"https:\/\/toploc.com\/locations-vacances\/annecy?utm_source=blog&amp;utm_medium=CTA&amp;utm_campaign=visiter-annecy-en-2-jours\" style=\"background-color:#006b52\"><strong>\ud83d\udc49&nbsp;NOS H\u00c9BERGEMENTS \u00c0 ANNECY<\/strong><\/a><\/div>\n<\/div>\n\n\n\n<h3 id=\"faire-du-pedalo-au-lac-dannecy\" class=\"wp-block-heading\"><strong>Faire du p\u00e9dalo au lac d\u2019Annecy<\/strong><\/h3>\n\n\n\n<p>Le lac d&#8217;Annecy, avec ses eaux cristallines et ses paysages \u00e0 couper le souffle, est le lieu id\u00e9al pour une sortie en p\u00e9dalo. Profitez de cette activit\u00e9 rafra\u00eechissante et amusante.<\/p>\n\n\n\n<figure class=\"wp-block-image size-full\"><img loading=\"lazy\" decoding=\"async\" width=\"1407\" height=\"940\" src=\"https:\/\/blog.toploc.com\/wp-content\/uploads\/2024\/01\/image-9.png\" alt=\"Faire du p\u00e9dalo au lac d\u2019Annecy \u00a9 Savoie Mont Blanc\" class=\"wp-image-138714\"\/><figcaption class=\"wp-element-caption\">Faire du p\u00e9dalo au lac d\u2019Annecy \u00a9 Savoie Mont Blanc<\/figcaption><\/figure>\n\n\n\n<p><strong>Location de P\u00e9dalos<\/strong><\/p>\n\n\n\n<ul class=\"wp-block-list\">\n<li><strong>Vari\u00e9t\u00e9<\/strong> : Des p\u00e9dalos simples aux mod\u00e8les plus fantaisistes, disponibles en diff\u00e9rentes tailles (2, 4, ou 6 places), certains avec toboggan pour se baigner \u00e0 quelques m\u00e8tres du rivage.<\/li>\n\n\n\n<li><strong>Confort<\/strong> : Certains p\u00e9dalos sont \u00e9quip\u00e9s de toiles pour se prot\u00e9ger du soleil, de transats confortables, et d&#8217;un rev\u00eatement anti-d\u00e9rapant avec solarium sur l&#8217;avant.<\/li>\n\n\n\n<li><strong>Disponibilit\u00e9<\/strong> : Les p\u00e9dalos sont disponibles d\u00e8s les beaux weekends de printemps (d\u00e8s avril) jusqu&#8217;\u00e0 la fin de l&#8217;\u00e9t\u00e9 indien. En \u00e9t\u00e9, ils sont ouverts tous les jours.<\/li>\n<\/ul>\n\n\n\n<p><strong>Emplacements de Location<\/strong><\/p>\n\n\n\n<ul class=\"wp-block-list\">\n<li><strong>Annecy<\/strong> : Plusieurs points de location autour du lac, notamment au P\u00e2quier, \u00e0 la promenade Jacquet, aux jardins de l\u2019Europe, et au quai de la Tournette.<\/li>\n\n\n\n<li><strong>Autres Villages<\/strong> : Locations disponibles \u00e9galement \u00e0 Annecy-le-Vieux, Veyrier-du-Lac, Menthon-Saint-Bernard, Talloires, Doussard, Duingt, Saint-Jorioz, et Sevrier.<\/li>\n<\/ul>\n\n\n\n<p><strong>Tarifs<\/strong><\/p>\n\n\n\n<ul class=\"wp-block-list\">\n<li><strong>P\u00e9dalos<\/strong> : \u00c0 partir de 15 euros pour 30 minutes.<\/li>\n<\/ul>\n\n\n\n<p><strong>Conseils pour une Sortie R\u00e9ussie<\/strong><\/p>\n\n\n\n<ul class=\"wp-block-list\">\n<li><strong>Dur\u00e9e<\/strong> : Il est conseill\u00e9 de louer le p\u00e9dalo pour au moins 1 heure pour profiter pleinement de l&#8217;exp\u00e9rience.<\/li>\n\n\n\n<li><strong>Affluence<\/strong> : Les p\u00e9dalos sont tr\u00e8s demand\u00e9s les jours de forte chaleur. Il est recommand\u00e9 de r\u00e9server \u00e0 l&#8217;avance ou de choisir un point de d\u00e9part moins fr\u00e9quent\u00e9.<\/li>\n\n\n\n<li><strong>Meilleurs Endroits <\/strong>: Les zones o\u00f9 le lac n&#8217;est pas trop profond et le fond est sablonneux offrent la plus belle couleur de l&#8217;eau, comme au P\u00e2quier, au Petit port, pr\u00e8s de la plage de Duingt, au nord de la plage de Saint-Jorioz, et \u00e0 Sevrier.<\/li>\n\n\n\n<li><strong>Protection Solaire<\/strong> : N&#8217;oubliez pas les lunettes de soleil et la cr\u00e8me solaire, car le soleil se refl\u00e8te sur l&#8217;eau.<\/li>\n<\/ul>\n\n\n\n<p>Une sortie en p\u00e9dalo sur le lac d&#8217;Annecy est l&#8217;occasion id\u00e9ale de se d\u00e9tendre, de s&#8217;amuser et de profiter de la beaut\u00e9 naturelle de la r\u00e9gion. Que vous soyez en famille, en couple ou entre amis, cette activit\u00e9 offre des moments de plaisir et de d\u00e9tente inoubliables. Bonne balade sur le lac d&#8217;Annecy !<\/p>\n\n\n\n<div class=\"wp-block-buttons is-content-justification-center is-layout-flex wp-container-core-buttons-is-layout-16018d1d wp-block-buttons-is-layout-flex\">\n<div class=\"wp-block-button has-custom-font-size has-small-font-size\"><a class=\"wp-block-button__link has-background wp-element-button\" href=\"https:\/\/toploc.com\/locations-vacances\/annecy?utm_source=blog&amp;utm_medium=CTA&amp;utm_campaign=visiter-annecy-en-2-jours\" style=\"background-color:#006b52\"><strong>\ud83d\udc49&nbsp;NOS H\u00c9BERGEMENTS \u00c0 ANNECY<\/strong><\/a><\/div>\n<\/div>\n\n\n\n<p>Nous vous recommandons ces autres articles :<\/p>\n\n\n\n<ul class=\"wp-block-list\">\n<li><a href=\"https:\/\/blog.toploc.com\/blog\/france\/visiter-annecy-en-1-jour\">Visiter Annecy en 1 jour<\/a><\/li>\n\n\n\n<li><a href=\"https:\/\/blog.toploc.com\/blog\/france\/visiter-annecy-en-3-jours\">Visiter Annecy en 3 jours<\/a><\/li>\n\n\n\n<li><a href=\"https:\/\/blog.toploc.com\/blog\/france\/visiter-annecy-en-4-jours\">Visiter Annecy en 4 jours<\/a><\/li>\n\n\n\n<li><a href=\"https:\/\/blog.toploc.com\/blog\/france\/visiter-annecy-en-5-jours\">Visiter Annecy en 5 jours<\/a><\/li>\n\n\n\n<li><a href=\"https:\/\/blog.toploc.com\/blog\/france\/annecy-en-famille\">Que faire \u00e0 Annecy en famille<\/a><\/li>\n\n\n\n<li><a href=\"https:\/\/blog.toploc.com\/blog\/france\/visiter-annecy-en-ete\">Que faire \u00e0 Annecy en \u00e9t\u00e9<\/a><\/li>\n\n\n\n<li><a href=\"https:\/\/blog.toploc.com\/blog\/france\/visiter-annecy-au-printemps\">Que faire \u00e0 Annecy au printemps<\/a><\/li>\n\n\n\n<li><a href=\"https:\/\/blog.toploc.com\/blog\/france\/visiter-annecy-en-automne\">Que faire \u00e0 Annecy en automne<\/a><\/li>\n\n\n\n<li><a href=\"https:\/\/blog.toploc.com\/blog\/france\/visiter-annecy-en-hiver\">Que faire \u00e0 Annecy en hiver<\/a><\/li>\n\n\n\n<li><a href=\"https:\/\/blog.toploc.com\/blog\/france\/annecy-en-couple\">Que faire \u00e0 Annecy en amoureux&nbsp;<\/a><\/li>\n<\/ul>\n\n\n\n<p>Guillaume pour <a href=\"https:\/\/toploc.com\">Toploc<\/a><\/p>\n","protected":false},"excerpt":{"rendered":"Embarquez pour un voyage inoubliable \u00e0 Annecy, un joyau nich\u00e9 au c\u0153ur des Alpes fran\u00e7aises. Cette escapade de&hellip;\n","protected":false},"author":2,"featured_media":138712,"comment_status":"open","ping_status":"open","sticky":false,"template":"","format":"standard","meta":{"footnotes":""},"categories":[114],"tags":[7299],"class_list":{"0":"post-138711","1":"post","2":"type-post","3":"status-publish","4":"format-standard","5":"has-post-thumbnail","7":"category-france","8":"tag-visiter-annecy-en-2-jours"},"yoast_head":"<!-- This site is optimized with the Yoast SEO plugin v26.9 - https:\/\/yoast.com\/product\/yoast-seo-wordpress\/ -->\n<title>Itin\u00e9raire complet pour visiter Annecy en 2 jours<\/title>\n<meta name=\"description\" content=\"visiter Annecy en 2 jours : Jardins de l\u2019Europe . Pique-nique au P\u00e2quier .Tour du lac \u00e0 v\u00e9lo . P\u00e9dalo Lac d&#039;Annecy . Randonn\u00e9e Mont Veyrier\" \/>\n<meta name=\"robots\" content=\"index, follow, max-snippet:-1, max-image-preview:large, max-video-preview:-1\" \/>\n<link rel=\"canonical\" href=\"https:\/\/toploc.com\/blog\/france\/visiter-annecy-en-2-jours\" \/>\n<meta property=\"og:locale\" content=\"fr_FR\" \/>\n<meta property=\"og:type\" content=\"article\" \/>\n<meta property=\"og:title\" content=\"Itin\u00e9raire complet pour visiter Annecy en 2 jours\" \/>\n<meta property=\"og:description\" content=\"visiter Annecy en 2 jours : Jardins de l\u2019Europe . Pique-nique au P\u00e2quier .Tour du lac \u00e0 v\u00e9lo . P\u00e9dalo Lac d&#039;Annecy . Randonn\u00e9e Mont Veyrier\" \/>\n<meta property=\"og:url\" content=\"https:\/\/toploc.com\/blog\/france\/visiter-annecy-en-2-jours\" \/>\n<meta property=\"og:site_name\" content=\"Toploc\" \/>\n<meta property=\"article:publisher\" content=\"https:\/\/www.facebook.com\/locationfrancophone\" \/>\n<meta property=\"article:published_time\" content=\"2024-01-30T15:37:27+00:00\" \/>\n<meta property=\"article:modified_time\" content=\"2024-04-29T14:56:43+00:00\" \/>\n<meta property=\"og:image\" content=\"https:\/\/toploc.com\/blog\/wp-content\/uploads\/2024\/01\/image-7.png\" \/>\n\t<meta property=\"og:image:width\" content=\"1024\" \/>\n\t<meta property=\"og:image:height\" content=\"576\" \/>\n\t<meta property=\"og:image:type\" content=\"image\/png\" \/>\n<meta name=\"author\" content=\"Guillaume\" \/>\n<meta name=\"twitter:card\" content=\"summary_large_image\" \/>\n<meta name=\"twitter:label1\" content=\"\u00c9crit par\" \/>\n\t<meta name=\"twitter:data1\" content=\"Guillaume\" \/>\n\t<meta name=\"twitter:label2\" content=\"Dur\u00e9e de lecture estim\u00e9e\" \/>\n\t<meta name=\"twitter:data2\" content=\"14 minutes\" \/>\n<script type=\"application\/ld+json\" class=\"yoast-schema-graph\">{\"@context\":\"https:\/\/schema.org\",\"@graph\":[{\"@type\":\"Article\",\"@id\":\"https:\/\/toploc.com\/blog\/france\/visiter-annecy-en-2-jours#article\",\"isPartOf\":{\"@id\":\"https:\/\/toploc.com\/blog\/france\/visiter-annecy-en-2-jours\"},\"author\":{\"name\":\"Guillaume\",\"@id\":\"https:\/\/toploc.com\/blog\/#\/schema\/person\/ab9993aff7c3d37b3a2f20d2a57e2e66\"},\"headline\":\"Itin\u00e9raire complet pour visiter Annecy en 2 jours\",\"datePublished\":\"2024-01-30T15:37:27+00:00\",\"dateModified\":\"2024-04-29T14:56:43+00:00\",\"mainEntityOfPage\":{\"@id\":\"https:\/\/toploc.com\/blog\/france\/visiter-annecy-en-2-jours\"},\"wordCount\":2627,\"commentCount\":0,\"publisher\":{\"@id\":\"https:\/\/toploc.com\/blog\/#organization\"},\"image\":{\"@id\":\"https:\/\/toploc.com\/blog\/france\/visiter-annecy-en-2-jours#primaryimage\"},\"thumbnailUrl\":\"https:\/\/toploc.com\/blog\/wp-content\/uploads\/2024\/01\/image-7.png\",\"keywords\":[\"Visiter Annecy en 2 jours\"],\"articleSection\":[\"Itin\u00e9raires France\"],\"inLanguage\":\"fr-FR\",\"potentialAction\":[{\"@type\":\"CommentAction\",\"name\":\"Comment\",\"target\":[\"https:\/\/toploc.com\/blog\/france\/visiter-annecy-en-2-jours#respond\"]}]},{\"@type\":\"WebPage\",\"@id\":\"https:\/\/toploc.com\/blog\/france\/visiter-annecy-en-2-jours\",\"url\":\"https:\/\/toploc.com\/blog\/france\/visiter-annecy-en-2-jours\",\"name\":\"Itin\u00e9raire complet pour visiter Annecy en 2 jours\",\"isPartOf\":{\"@id\":\"https:\/\/toploc.com\/blog\/#website\"},\"primaryImageOfPage\":{\"@id\":\"https:\/\/toploc.com\/blog\/france\/visiter-annecy-en-2-jours#primaryimage\"},\"image\":{\"@id\":\"https:\/\/toploc.com\/blog\/france\/visiter-annecy-en-2-jours#primaryimage\"},\"thumbnailUrl\":\"https:\/\/toploc.com\/blog\/wp-content\/uploads\/2024\/01\/image-7.png\",\"datePublished\":\"2024-01-30T15:37:27+00:00\",\"dateModified\":\"2024-04-29T14:56:43+00:00\",\"description\":\"visiter Annecy en 2 jours : Jardins de l\u2019Europe . Pique-nique au P\u00e2quier .Tour du lac \u00e0 v\u00e9lo . P\u00e9dalo Lac d'Annecy . Randonn\u00e9e Mont Veyrier\",\"breadcrumb\":{\"@id\":\"https:\/\/toploc.com\/blog\/france\/visiter-annecy-en-2-jours#breadcrumb\"},\"inLanguage\":\"fr-FR\",\"potentialAction\":[{\"@type\":\"ReadAction\",\"target\":[\"https:\/\/toploc.com\/blog\/france\/visiter-annecy-en-2-jours\"]}]},{\"@type\":\"ImageObject\",\"inLanguage\":\"fr-FR\",\"@id\":\"https:\/\/toploc.com\/blog\/france\/visiter-annecy-en-2-jours#primaryimage\",\"url\":\"https:\/\/toploc.com\/blog\/wp-content\/uploads\/2024\/01\/image-7.png\",\"contentUrl\":\"https:\/\/toploc.com\/blog\/wp-content\/uploads\/2024\/01\/image-7.png\",\"width\":2560,\"height\":1440,\"caption\":\"Vue sur le lac d'Annecy depuis les jardins de l'Europe pour visiter Annecy en 1 jour \u00a9 Expedia\"},{\"@type\":\"BreadcrumbList\",\"@id\":\"https:\/\/toploc.com\/blog\/france\/visiter-annecy-en-2-jours#breadcrumb\",\"itemListElement\":[{\"@type\":\"ListItem\",\"position\":1,\"name\":\"Accueil\",\"item\":\"https:\/\/toploc.com\/blog\"},{\"@type\":\"ListItem\",\"position\":2,\"name\":\"Itin\u00e9raire complet pour visiter Annecy en 2 jours\"}]},{\"@type\":\"WebSite\",\"@id\":\"https:\/\/toploc.com\/blog\/#website\",\"url\":\"https:\/\/toploc.com\/blog\/\",\"name\":\"Toploc\",\"description\":\"Itin\u00e9raires natures et locations de vacances en groupe\",\"publisher\":{\"@id\":\"https:\/\/toploc.com\/blog\/#organization\"},\"potentialAction\":[{\"@type\":\"SearchAction\",\"target\":{\"@type\":\"EntryPoint\",\"urlTemplate\":\"https:\/\/toploc.com\/blog\/?s={search_term_string}\"},\"query-input\":{\"@type\":\"PropertyValueSpecification\",\"valueRequired\":true,\"valueName\":\"search_term_string\"}}],\"inLanguage\":\"fr-FR\"},{\"@type\":\"Organization\",\"@id\":\"https:\/\/toploc.com\/blog\/#organization\",\"name\":\"Toploc\",\"url\":\"https:\/\/toploc.com\/blog\/\",\"logo\":{\"@type\":\"ImageObject\",\"inLanguage\":\"fr-FR\",\"@id\":\"https:\/\/toploc.com\/blog\/#\/schema\/logo\/image\/\",\"url\":\"https:\/\/blog.toploc.com\/wp-content\/uploads\/2022\/03\/toploc_facebook_5.png\",\"contentUrl\":\"https:\/\/blog.toploc.com\/wp-content\/uploads\/2022\/03\/toploc_facebook_5.png\",\"width\":600,\"height\":600,\"caption\":\"Toploc\"},\"image\":{\"@id\":\"https:\/\/toploc.com\/blog\/#\/schema\/logo\/image\/\"},\"sameAs\":[\"https:\/\/www.facebook.com\/locationfrancophone\",\"https:\/\/www.instagram.com\/toploc_\",\"https:\/\/www.pinterest.fr\/Toploc_\/\"]},{\"@type\":\"Person\",\"@id\":\"https:\/\/toploc.com\/blog\/#\/schema\/person\/ab9993aff7c3d37b3a2f20d2a57e2e66\",\"name\":\"Guillaume\",\"image\":{\"@type\":\"ImageObject\",\"inLanguage\":\"fr-FR\",\"@id\":\"https:\/\/toploc.com\/blog\/#\/schema\/person\/image\/\",\"url\":\"https:\/\/secure.gravatar.com\/avatar\/d80553a7f7ac9459767da9b2359979a62070bea95c2826cda6a65908541bf9e6?s=96&d=mm&r=g\",\"contentUrl\":\"https:\/\/secure.gravatar.com\/avatar\/d80553a7f7ac9459767da9b2359979a62070bea95c2826cda6a65908541bf9e6?s=96&d=mm&r=g\",\"caption\":\"Guillaume\"},\"description\":\"Je suis passionn\u00e9 de grands espaces, de montagnes et de trail running. Je suis aussi le co-fondateur de Toploc, une plateforme de voyage nature. Pourquoi ? pour partager mon go\u00fbt pour les aventures en plein air, les itin\u00e9raires de voyages et la nature.\",\"url\":\"https:\/\/toploc.com\/blog\/author\/guillaume\"}]}<\/script>\n<!-- \/ Yoast SEO plugin. -->","yoast_head_json":{"title":"Itin\u00e9raire complet pour visiter Annecy en 2 jours","description":"visiter Annecy en 2 jours : Jardins de l\u2019Europe . Pique-nique au P\u00e2quier .Tour du lac \u00e0 v\u00e9lo . P\u00e9dalo Lac d'Annecy . Randonn\u00e9e Mont Veyrier","robots":{"index":"index","follow":"follow","max-snippet":"max-snippet:-1","max-image-preview":"max-image-preview:large","max-video-preview":"max-video-preview:-1"},"canonical":"https:\/\/toploc.com\/blog\/france\/visiter-annecy-en-2-jours","og_locale":"fr_FR","og_type":"article","og_title":"Itin\u00e9raire complet pour visiter Annecy en 2 jours","og_description":"visiter Annecy en 2 jours : Jardins de l\u2019Europe . Pique-nique au P\u00e2quier .Tour du lac \u00e0 v\u00e9lo . P\u00e9dalo Lac d'Annecy . Randonn\u00e9e Mont Veyrier","og_url":"https:\/\/toploc.com\/blog\/france\/visiter-annecy-en-2-jours","og_site_name":"Toploc","article_publisher":"https:\/\/www.facebook.com\/locationfrancophone","article_published_time":"2024-01-30T15:37:27+00:00","article_modified_time":"2024-04-29T14:56:43+00:00","og_image":[{"url":"https:\/\/toploc.com\/blog\/wp-content\/uploads\/2024\/01\/image-7.png","width":1024,"height":576,"type":"image\/png"}],"author":"Guillaume","twitter_card":"summary_large_image","twitter_misc":{"\u00c9crit par":"Guillaume","Dur\u00e9e de lecture estim\u00e9e":"14 minutes"},"schema":{"@context":"https:\/\/schema.org","@graph":[{"@type":"Article","@id":"https:\/\/toploc.com\/blog\/france\/visiter-annecy-en-2-jours#article","isPartOf":{"@id":"https:\/\/toploc.com\/blog\/france\/visiter-annecy-en-2-jours"},"author":{"name":"Guillaume","@id":"https:\/\/toploc.com\/blog\/#\/schema\/person\/ab9993aff7c3d37b3a2f20d2a57e2e66"},"headline":"Itin\u00e9raire complet pour visiter Annecy en 2 jours","datePublished":"2024-01-30T15:37:27+00:00","dateModified":"2024-04-29T14:56:43+00:00","mainEntityOfPage":{"@id":"https:\/\/toploc.com\/blog\/france\/visiter-annecy-en-2-jours"},"wordCount":2627,"commentCount":0,"publisher":{"@id":"https:\/\/toploc.com\/blog\/#organization"},"image":{"@id":"https:\/\/toploc.com\/blog\/france\/visiter-annecy-en-2-jours#primaryimage"},"thumbnailUrl":"https:\/\/toploc.com\/blog\/wp-content\/uploads\/2024\/01\/image-7.png","keywords":["Visiter Annecy en 2 jours"],"articleSection":["Itin\u00e9raires France"],"inLanguage":"fr-FR","potentialAction":[{"@type":"CommentAction","name":"Comment","target":["https:\/\/toploc.com\/blog\/france\/visiter-annecy-en-2-jours#respond"]}]},{"@type":"WebPage","@id":"https:\/\/toploc.com\/blog\/france\/visiter-annecy-en-2-jours","url":"https:\/\/toploc.com\/blog\/france\/visiter-annecy-en-2-jours","name":"Itin\u00e9raire complet pour visiter Annecy en 2 jours","isPartOf":{"@id":"https:\/\/toploc.com\/blog\/#website"},"primaryImageOfPage":{"@id":"https:\/\/toploc.com\/blog\/france\/visiter-annecy-en-2-jours#primaryimage"},"image":{"@id":"https:\/\/toploc.com\/blog\/france\/visiter-annecy-en-2-jours#primaryimage"},"thumbnailUrl":"https:\/\/toploc.com\/blog\/wp-content\/uploads\/2024\/01\/image-7.png","datePublished":"2024-01-30T15:37:27+00:00","dateModified":"2024-04-29T14:56:43+00:00","description":"visiter Annecy en 2 jours : Jardins de l\u2019Europe . Pique-nique au P\u00e2quier .Tour du lac \u00e0 v\u00e9lo . P\u00e9dalo Lac d'Annecy . Randonn\u00e9e Mont Veyrier","breadcrumb":{"@id":"https:\/\/toploc.com\/blog\/france\/visiter-annecy-en-2-jours#breadcrumb"},"inLanguage":"fr-FR","potentialAction":[{"@type":"ReadAction","target":["https:\/\/toploc.com\/blog\/france\/visiter-annecy-en-2-jours"]}]},{"@type":"ImageObject","inLanguage":"fr-FR","@id":"https:\/\/toploc.com\/blog\/france\/visiter-annecy-en-2-jours#primaryimage","url":"https:\/\/toploc.com\/blog\/wp-content\/uploads\/2024\/01\/image-7.png","contentUrl":"https:\/\/toploc.com\/blog\/wp-content\/uploads\/2024\/01\/image-7.png","width":2560,"height":1440,"caption":"Vue sur le lac d'Annecy depuis les jardins de l'Europe pour visiter Annecy en 1 jour \u00a9 Expedia"},{"@type":"BreadcrumbList","@id":"https:\/\/toploc.com\/blog\/france\/visiter-annecy-en-2-jours#breadcrumb","itemListElement":[{"@type":"ListItem","position":1,"name":"Accueil","item":"https:\/\/toploc.com\/blog"},{"@type":"ListItem","position":2,"name":"Itin\u00e9raire complet pour visiter Annecy en 2 jours"}]},{"@type":"WebSite","@id":"https:\/\/toploc.com\/blog\/#website","url":"https:\/\/toploc.com\/blog\/","name":"Toploc","description":"Itin\u00e9raires natures et locations de vacances en groupe","publisher":{"@id":"https:\/\/toploc.com\/blog\/#organization"},"potentialAction":[{"@type":"SearchAction","target":{"@type":"EntryPoint","urlTemplate":"https:\/\/toploc.com\/blog\/?s={search_term_string}"},"query-input":{"@type":"PropertyValueSpecification","valueRequired":true,"valueName":"search_term_string"}}],"inLanguage":"fr-FR"},{"@type":"Organization","@id":"https:\/\/toploc.com\/blog\/#organization","name":"Toploc","url":"https:\/\/toploc.com\/blog\/","logo":{"@type":"ImageObject","inLanguage":"fr-FR","@id":"https:\/\/toploc.com\/blog\/#\/schema\/logo\/image\/","url":"https:\/\/blog.toploc.com\/wp-content\/uploads\/2022\/03\/toploc_facebook_5.png","contentUrl":"https:\/\/blog.toploc.com\/wp-content\/uploads\/2022\/03\/toploc_facebook_5.png","width":600,"height":600,"caption":"Toploc"},"image":{"@id":"https:\/\/toploc.com\/blog\/#\/schema\/logo\/image\/"},"sameAs":["https:\/\/www.facebook.com\/locationfrancophone","https:\/\/www.instagram.com\/toploc_","https:\/\/www.pinterest.fr\/Toploc_\/"]},{"@type":"Person","@id":"https:\/\/toploc.com\/blog\/#\/schema\/person\/ab9993aff7c3d37b3a2f20d2a57e2e66","name":"Guillaume","image":{"@type":"ImageObject","inLanguage":"fr-FR","@id":"https:\/\/toploc.com\/blog\/#\/schema\/person\/image\/","url":"https:\/\/secure.gravatar.com\/avatar\/d80553a7f7ac9459767da9b2359979a62070bea95c2826cda6a65908541bf9e6?s=96&d=mm&r=g","contentUrl":"https:\/\/secure.gravatar.com\/avatar\/d80553a7f7ac9459767da9b2359979a62070bea95c2826cda6a65908541bf9e6?s=96&d=mm&r=g","caption":"Guillaume"},"description":"Je suis passionn\u00e9 de grands espaces, de montagnes et de trail running. Je suis aussi le co-fondateur de Toploc, une plateforme de voyage nature. Pourquoi ? pour partager mon go\u00fbt pour les aventures en plein air, les itin\u00e9raires de voyages et la nature.","url":"https:\/\/toploc.com\/blog\/author\/guillaume"}]}},"_links":{"self":[{"href":"https:\/\/toploc.com\/blog\/wp-json\/wp\/v2\/posts\/138711","targetHints":{"allow":["GET"]}}],"collection":[{"href":"https:\/\/toploc.com\/blog\/wp-json\/wp\/v2\/posts"}],"about":[{"href":"https:\/\/toploc.com\/blog\/wp-json\/wp\/v2\/types\/post"}],"author":[{"embeddable":true,"href":"https:\/\/toploc.com\/blog\/wp-json\/wp\/v2\/users\/2"}],"replies":[{"embeddable":true,"href":"https:\/\/toploc.com\/blog\/wp-json\/wp\/v2\/comments?post=138711"}],"version-history":[{"count":8,"href":"https:\/\/toploc.com\/blog\/wp-json\/wp\/v2\/posts\/138711\/revisions"}],"predecessor-version":[{"id":148368,"href":"https:\/\/toploc.com\/blog\/wp-json\/wp\/v2\/posts\/138711\/revisions\/148368"}],"wp:featuredmedia":[{"embeddable":true,"href":"https:\/\/toploc.com\/blog\/wp-json\/wp\/v2\/media\/138712"}],"wp:attachment":[{"href":"https:\/\/toploc.com\/blog\/wp-json\/wp\/v2\/media?parent=138711"}],"wp:term":[{"taxonomy":"category","embeddable":true,"href":"https:\/\/toploc.com\/blog\/wp-json\/wp\/v2\/categories?post=138711"},{"taxonomy":"post_tag","embeddable":true,"href":"https:\/\/toploc.com\/blog\/wp-json\/wp\/v2\/tags?post=138711"}],"curies":[{"name":"wp","href":"https:\/\/api.w.org\/{rel}","templated":true}]}}