{"id":138695,"date":"2026-04-05T16:24:59","date_gmt":"2026-04-05T14:24:59","guid":{"rendered":"https:\/\/blog.toploc.com\/?p=138695"},"modified":"2026-04-09T16:26:10","modified_gmt":"2026-04-09T14:26:10","slug":"visiter-annecy-en-3-jours","status":"publish","type":"post","link":"https:\/\/toploc.com\/blog\/france\/visiter-annecy-en-3-jours","title":{"rendered":"Itin\u00e9raire complet pour visiter Annecy en 3 jours"},"content":{"rendered":"\n<p>Si vous \u00eates \u00e0 la recherche d&#8217;une escapade qui allie charme et d\u00e9paysement, Annecy est la destination parfaite pour vous. Surnomm\u00e9e la &#8220;Venise des Alpes&#8221;, cette ville enchanteuse offre un cadre spectaculaire, nich\u00e9e entre lac et montagnes, et regorge de tr\u00e9sors historiques et culturels. Comment <a href=\"https:\/\/toploc.com\/blog\/france\/visiter-annecy\">visiter Annecy<\/a> en 3 jours ? Que vous soyez un aventurier sportif, un gourmet passionn\u00e9, un explorateur curieux ou un romantique dans l&#8217;\u00e2me, Annecy saura r\u00e9pondre \u00e0 toutes vos attentes.<\/p>\n\n\n\n<div class=\"wp-block-buttons is-content-justification-center is-layout-flex wp-container-core-buttons-is-layout-16018d1d wp-block-buttons-is-layout-flex\">\n<div class=\"wp-block-button\"><a class=\"wp-block-button__link has-background has-small-font-size has-custom-font-size wp-element-button\" href=\"https:\/\/toploc.com\/location\/s\/Annecy--Alpes-occidentales--France\" style=\"background-color:#006b52\" target=\"_blank\" rel=\"noreferrer noopener\"><strong>\ud83d\udc49\u00a0R\u00c9SERVER UN AIRBNB ANNECY<\/strong><\/a><\/div>\n<\/div>\n\n\n\n<h2 id=\"carte-interactive-pour-visiter-annecy-en-3-jours\" class=\"wp-block-heading\">Carte interactive pour visiter Annecy en 3 jours<\/h2>\n\n\n\n<p>Dans cet article, nous vous invitons \u00e0 d\u00e9couvrir un itin\u00e9raire sur mesure pour un s\u00e9jour de 3 jours \u00e0 Annecy et ses alentours. Adapt\u00e9 \u00e0 tous les centres d&#8217;int\u00e9r\u00eat et \u00e0 tous les budgets, ce parcours vous guidera \u00e0 travers les incontournables de la r\u00e9gion. Vous y trouverez des conseils pratiques et des suggestions d&#8217;activit\u00e9s pour enrichir votre exp\u00e9rience. Que ce soit pour fl\u00e2ner dans les ruelles pittoresques de la vieille ville, vous d\u00e9tendre au bord du lac, explorer les montagnes environnantes ou visiter les charmants villages alentours, chaque moment de votre s\u00e9jour sera une occasion de d\u00e9couvrir les multiples facettes d&#8217;Annecy.<\/p>\n\n\n\n<iframe loading=\"lazy\" src=\"https:\/\/www.google.com\/maps\/d\/embed?mid=11dexJX2LtZAk_EPAJSdO3rQgL3IChCU&#038;ehbc=2E312F\" width=\"640\" height=\"480\"><\/iframe>\n\n\n\n<p>Pr\u00e9parez-vous \u00e0 vivre une exp\u00e9rience unique et \u00e0 plonger dans la richesse de cette r\u00e9gion exceptionnelle. \u00cates-vous pr\u00eat \u00e0 embarquer pour cette aventure ? Suivez le guide pour un voyage inoubliable \u00e0 Annecy !<\/p>\n\n\n\n<h2 id=\"jour-1-a-la-vieille-ville-dannecy\" class=\"wp-block-heading\"><strong>Jour 1 \u00e0 la vieille ville d\u2019Annecy<\/strong><\/h2>\n\n\n\n<p>La vieille ville d&#8217;Annecy, c\u0153ur historique et touristique, est un v\u00e9ritable joyau \u00e0 explorer. Avec ses rues pi\u00e9tonnes, ses canaux sinueux, ses ponts pittoresques et ses monuments charg\u00e9s d&#8217;histoire, elle offre une exp\u00e9rience unique. En fl\u00e2nant dans la vieille ville, vous aurez \u00e9galement l&#8217;occasion de faire du shopping, de vous restaurer dans des \u00e9tablissements locaux et d&#8217;admirer l&#8217;architecture unique d&#8217;Annecy. Chaque coin de rue r\u00e9v\u00e8le une part de l&#8217;histoire et de la culture de cette ville fascinante. Profitez de cette premi\u00e8re journ\u00e9e pour vous immerger dans l&#8217;ambiance et le charme d&#8217;Annecy.<\/p>\n\n\n\n<h3 id=\"le-palais-de-lile\" class=\"wp-block-heading\"><strong>Le Palais de l\u2019Ile<\/strong><\/h3>\n\n\n\n<p>Le Palais de l&#8217;\u00cele, souvent qualifi\u00e9 de \u00ab maison en forme de gal\u00e8re \u00bb, est un monument historique class\u00e9 en 1900. Situ\u00e9 au c\u0153ur d&#8217;Annecy, ce b\u00e2timent du 12e si\u00e8cle a servi de prison, de palais de justice et de centre administratif. Aujourd&#8217;hui, il accueille des expositions et des visites guid\u00e9es, offrant un aper\u00e7u fascinant de l&#8217;histoire locale.<\/p>\n\n\n\n<figure class=\"wp-block-image size-full\"><img loading=\"lazy\" decoding=\"async\" width=\"650\" height=\"368\" src=\"https:\/\/blog.toploc.com\/wp-content\/uploads\/2017\/07\/Palais-de-lIsle-a-Annecy.jpg\" alt=\"Palais de l'Isle \u00e0 Annecy \u00a9 Toploc\" class=\"wp-image-12863\"\/><figcaption class=\"wp-element-caption\">Palais de l&#8217;Isle \u00e0 Annecy \u00a9 Toploc<\/figcaption><\/figure>\n\n\n\n<p><strong>Histoire et Architecture<\/strong><\/p>\n\n\n\n<ul class=\"wp-block-list\">\n<li><strong>Origines<\/strong>: Le Palais de l&#8217;\u00cele, initialement une maison forte, a \u00e9t\u00e9 cit\u00e9 pour la premi\u00e8re fois en 1325 comme prison.<\/li>\n\n\n\n<li><strong>Fonctions vari\u00e9es<\/strong>: Au fil des si\u00e8cles, il a servi de palais de justice, d&#8217;atelier mon\u00e9taire, et m\u00eame d&#8217;asile de vieillards.<\/li>\n\n\n\n<li><strong>Restauration<\/strong>: Des campagnes de restauration ont \u00e9t\u00e9 men\u00e9es, la derni\u00e8re datant de 1983-1985, pour pr\u00e9server ce t\u00e9moin de l&#8217;histoire m\u00e9di\u00e9vale.<\/li>\n<\/ul>\n\n\n\n<p><strong>Visites et Expositions<\/strong><\/p>\n\n\n\n<ul class=\"wp-block-list\">\n<li><strong>Visites guid\u00e9es<\/strong>: Des visites guid\u00e9es sont disponibles, offrant des r\u00e9cits captivants sur l&#8217;histoire, les l\u00e9gendes et les anecdotes du Palais.<\/li>\n\n\n\n<li><strong>Expositions<\/strong>: Le Palais propose des expositions temporaires et des animations culturelles.<\/li>\n<\/ul>\n\n\n\n<p><strong>Informations Pratiques<\/strong><\/p>\n\n\n\n<ul class=\"wp-block-list\">\n<li><strong>Adresse<\/strong>: 3 passage de l&#8217;\u00cele, 74000 Annecy.<\/li>\n\n\n\n<li><strong>Horaires<\/strong>:\n<ul class=\"wp-block-list\">\n<li>Hiver (1er octobre &#8211; 31 mai): 10h-12h et 14h-17h.<\/li>\n\n\n\n<li>\u00c9t\u00e9 (1er juin &#8211; 30 septembre): 10h30-18h.<\/li>\n\n\n\n<li>Ferm\u00e9 le mardi toute l&#8217;ann\u00e9e et certains jours f\u00e9ri\u00e9s.<\/li>\n<\/ul>\n<\/li>\n\n\n\n<li><strong>Tarifs<\/strong>:\n<ul class=\"wp-block-list\">\n<li>Hiver et Printemps\/Automne: Adulte &#8211; 4 \u20ac, Enfant &#8211; 2 \u20ac.<\/li>\n\n\n\n<li>\u00c9t\u00e9: Adulte &#8211; 5 \u20ac, Enfant &#8211; 2,50 \u20ac.<\/li>\n\n\n\n<li>Gratuit pour les moins de 12 ans.<\/li>\n\n\n\n<li>Tarif groupe \u00e0 partir de 5 personnes.<\/li>\n<\/ul>\n<\/li>\n<\/ul>\n\n\n\n<p><strong>\u00c0 Noter<\/strong><\/p>\n\n\n\n<ul class=\"wp-block-list\">\n<li>Le Palais de l&#8217;\u00cele est accessible aux personnes \u00e0 mobilit\u00e9 r\u00e9duite.<\/li>\n\n\n\n<li>Il est recommand\u00e9 de v\u00e9rifier les horaires et tarifs avant la visite, car ils peuvent varier selon les expositions et \u00e9v\u00e9nements.<\/li>\n<\/ul>\n\n\n\n<h3 id=\"le-thiou-et-ses-canaux\" class=\"wp-block-heading\"><strong>Le Thiou et ses canaux<\/strong><\/h3>\n\n\n\n<p>Le Thiou, une petite rivi\u00e8re d&#8217;\u00e0 peine 5 kilom\u00e8tres, est le d\u00e9versoir du lac d&#8217;Annecy. Elle traverse la vieille ville d&#8217;Annecy et Cran-Gevrier, offrant une balade pittoresque le long de ses canaux et \u00e9cluses. Cette promenade bucolique est parfaite pour une journ\u00e9e de d\u00e9couverte \u00e0 pied ou en v\u00e9lo, permettant d&#8217;explorer Annecy et ses environs.<\/p>\n\n\n\n<figure class=\"wp-block-image size-full\"><img loading=\"lazy\" decoding=\"async\" width=\"800\" height=\"532\" src=\"https:\/\/blog.toploc.com\/wp-content\/uploads\/2023\/08\/Beatrice-Cafieri_CAUE74_Refernce-2019_Berges-du-Thiou-Annecy-_DSC1491.jpg\" alt=\"Visiter Annecy et les berges du Thiou pour une promenade nature \u00a9 Beatrice Cafieri CAUE74\" class=\"wp-image-130878\"\/><figcaption class=\"wp-element-caption\">Visiter Annecy et les berges du Thiou pour une promenade nature \u00a9 Beatrice Cafieri CAUE74<\/figcaption><\/figure>\n\n\n\n<p><strong>Itin\u00e9raire de Balade<\/strong>:<\/p>\n\n\n\n<ul class=\"wp-block-list\">\n<li><strong>D\u00e9part<\/strong>: Vous pouvez commencer votre balade \u00e0 diff\u00e9rents points: Cran-Gevrier, Annecy centre, ou Annecy-le-Vieux. Le point de d\u00e9part r\u00e9el est le port d&#8217;Annecy.<\/li>\n\n\n\n<li><strong>Parcours<\/strong>: Longez la rive droite du Thiou, en passant pr\u00e8s du Palais de l&#8217;Ile. Continuez tout droit, traversant le pont Morens et le Pont de l&#8217;Ev\u00each\u00e9. Rejoignez ensuite le quai des Cordeliers, suivi de la promenade Louis Lachenal. Vous traverserez plusieurs intersections, menant \u00e0 Cran-Gevrier via la promenade Sainte-Th\u00e9r\u00e8se du Qu\u00e9bec.<\/li>\n\n\n\n<li><strong>Points d&#8217;Int\u00e9r\u00eat<\/strong>: Sur votre chemin, vous passerez sous l&#8217;ancien chemin de fer et des pontons et passerelles am\u00e9nag\u00e9es le long du Thiou. La zone des \u00e9cluses \u00e0 Cran-Gevrier, connue sous le nom de La Turbine, marque la fin de la balade aller.<\/li>\n<\/ul>\n\n\n\n<p><strong>Retour<\/strong>:<\/p>\n\n\n\n<ul class=\"wp-block-list\">\n<li>Pour le retour, suivez le m\u00eame chemin jusqu&#8217;au pont m\u00e9tallique, puis continuez sur la rive oppos\u00e9e jusqu&#8217;\u00e0 la vieille ville.<\/li>\n<\/ul>\n\n\n\n<p><strong>Conseils Pratiques<\/strong>:<\/p>\n\n\n\n<ul class=\"wp-block-list\">\n<li><strong>Dur\u00e9e<\/strong>: Comptez environ 3 heures pour l&#8217;aller-retour.<\/li>\n\n\n\n<li><strong>Activit\u00e9s<\/strong>: Id\u00e9al pour une promenade \u00e0 pied ou en v\u00e9lo.<\/li>\n\n\n\n<li><strong>Restauration<\/strong>: Une pause chez l&#8217;excellent Bar Roux d&#8217;Heure pour un brunch, d\u00e9jeuner ou go\u00fbter est recommand\u00e9e.<\/li>\n\n\n\n<li><strong>Acc\u00e8s<\/strong>: Accessible en voiture, bus ou v\u00e9lo. Plusieurs options de parking sont disponibles.<\/li>\n\n\n\n<li><strong>S\u00e9curit\u00e9<\/strong>: La baignade ou la navigation sur le Thiou est interdite pour des raisons de s\u00e9curit\u00e9 et de sant\u00e9 publique.<\/li>\n<\/ul>\n\n\n\n<p><strong>\u00c0 Savoir<\/strong>:<\/p>\n\n\n\n<ul class=\"wp-block-list\">\n<li>Le Thiou a \u00e9t\u00e9 utilis\u00e9 par le pass\u00e9 pour alimenter de nombreux ateliers gr\u00e2ce \u00e0 son d\u00e9bit constant.<\/li>\n\n\n\n<li>Historiquement, il y avait 3 canaux principaux : le \u00ab grand Thiou \u00bb, le canal du Vass\u00e9, et le canal Notre Dame (aujourd&#8217;hui disparu).<\/li>\n\n\n\n<li>Le syst\u00e8me de vannes du Thiou, mis en place en 1874, permet de r\u00e9guler le niveau du lac.<\/li>\n<\/ul>\n\n\n\n<p>La balade le long du Thiou offre une exp\u00e9rience unique pour d\u00e9couvrir Annecy sous un autre angle, m\u00ealant histoire, nature et culture. C&#8217;est une activit\u00e9 parfaite pour ceux qui cherchent \u00e0 s&#8217;\u00e9loigner de l&#8217;agitation touristique et \u00e0 profiter de la tranquillit\u00e9 de la r\u00e9gion.<\/p>\n\n\n\n<h3 id=\"le-chateau-dannecy\" class=\"wp-block-heading\"><strong>Le ch\u00e2teau d\u2019Annecy<\/strong><\/h3>\n\n\n\n<p>Le Ch\u00e2teau d&#8217;Annecy, un monument historique embl\u00e9matique, offre une exp\u00e9rience culturelle riche. Ancien ch\u00e2teau fort du XIIe si\u00e8cle, il a servi de r\u00e9sidence aux Ducs de Savoie et de caserne militaire. Aujourd&#8217;hui, il abrite un mus\u00e9e avec des collections permanentes et des expositions temporaires.<\/p>\n\n\n\n<figure class=\"wp-block-image size-full\"><img loading=\"lazy\" decoding=\"async\" width=\"1900\" height=\"1426\" src=\"https:\/\/toploc.com\/blog\/wp-content\/uploads\/2024\/01\/image-1155.png\" alt=\"Mus\u00e9e chateau d'Annecy \u00a9 Mus\u00e9es D'Annecy\" class=\"wp-image-152035\"\/><figcaption class=\"wp-element-caption\">Mus\u00e9e chateau d&#8217;Annecy \u00a9 Mus\u00e9es D&#8217;Annecy<\/figcaption><\/figure>\n\n\n\n<p><strong>Architecture et Histoire<\/strong><\/p>\n\n\n\n<ul class=\"wp-block-list\">\n<li><strong>\u00c9volution architecturale<\/strong>: Le ch\u00e2teau illustre l&#8217;\u00e9volution d&#8217;une r\u00e9sidence princi\u00e8re du 13e au 16e si\u00e8cle, m\u00e9langeant architecture m\u00e9di\u00e9vale d\u00e9fensive et \u00e9l\u00e9gance inspir\u00e9e du style des ch\u00e2teaux de l&#8217;\u00cele de France.<\/li>\n\n\n\n<li><strong>Composantes<\/strong>: Le ch\u00e2teau comprend la tour de la Reine, le vieux logis, le logis Perri\u00e8re, et le logis Nemours, chacun repr\u00e9sentant une \u00e9poque diff\u00e9rente.<\/li>\n<\/ul>\n\n\n\n<p><strong>Le Mus\u00e9e<\/strong><\/p>\n\n\n\n<ul class=\"wp-block-list\">\n<li><strong>Collections permanentes<\/strong>: Le mus\u00e9e pr\u00e9sente des collections sur les beaux-arts, l&#8217;arch\u00e9ologie, l&#8217;histoire naturelle, et des expositions temporaires sur l&#8217;art contemporain et le cin\u00e9ma d&#8217;animation.<\/li>\n\n\n\n<li><strong>Observatoire des lacs alpins<\/strong>: Situ\u00e9 dans le logis Perri\u00e8re, il offre une vue sur la faune lacustre avec des aquariums pr\u00e9sentant poissons et \u00e9crevisses.<\/li>\n<\/ul>\n\n\n\n<p><strong>Informations Pratiques<\/strong><\/p>\n\n\n\n<ul class=\"wp-block-list\">\n<li><strong>Adresse<\/strong>: Place du Ch\u00e2teau, Annecy.<\/li>\n\n\n\n<li><strong>Horaires<\/strong>:\n<ul class=\"wp-block-list\">\n<li>Hiver (2 janvier &#8211; 31 mai, 1er octobre &#8211; 31 d\u00e9cembre): Ouvert tous les jours sauf mardi, de 10h \u00e0 12h et de 14h \u00e0 17h.<\/li>\n\n\n\n<li>\u00c9t\u00e9 (1er juin &#8211; 30 septembre): Ouvert tous les jours de 10h30 \u00e0 18h.<\/li>\n\n\n\n<li>Ferm\u00e9 certains jours f\u00e9ri\u00e9s.<\/li>\n<\/ul>\n<\/li>\n\n\n\n<li><strong>Tarifs<\/strong>:\n<ul class=\"wp-block-list\">\n<li>Plein Tarif: 5,50 \u20ac<\/li>\n\n\n\n<li>Tarif de groupe: 4,20 \u20ac par personne (plus de 5 personnes)<\/li>\n\n\n\n<li>Tarif r\u00e9duit: 3 \u20ac<\/li>\n\n\n\n<li>Billet jumel\u00e9 Mus\u00e9e ch\u00e2teau \/ Palais de l\u2019Isle: 7,20 \u20ac<\/li>\n\n\n\n<li>Gratuit pour les moins de 12 ans et certains jours sp\u00e9ciaux.<\/li>\n<\/ul>\n<\/li>\n\n\n\n<li><strong>Dur\u00e9e de la visite<\/strong>: Environ 60 minutes.<\/li>\n<\/ul>\n\n\n\n<p><strong>\u00c0 Noter<\/strong><\/p>\n\n\n\n<ul class=\"wp-block-list\">\n<li>L&#8217;acc\u00e8s \u00e0 l&#8217;Observatoire des lacs alpins est gratuit.<\/li>\n\n\n\n<li>Des expositions temporaires de grande qualit\u00e9 sont r\u00e9guli\u00e8rement organis\u00e9es.<\/li>\n\n\n\n<li>Un nouveau dispositif de m\u00e9diation culturelle est disponible pour une exp\u00e9rience immersive.<\/li>\n<\/ul>\n\n\n\n<h3 id=\"jardins-de-leurope\" class=\"wp-block-heading\"><strong>Jardins de l\u2019Europe<\/strong><\/h3>\n\n\n\n<p>Les Jardins de l&#8217;Europe, situ\u00e9s au bord du Lac d&#8217;Annecy, offrent un cadre magnifique pour une promenade ou un moment de d\u00e9tente.&nbsp;<\/p>\n\n\n\n<figure class=\"wp-block-image size-full\"><img loading=\"lazy\" decoding=\"async\" width=\"2048\" height=\"1536\" src=\"https:\/\/blog.toploc.com\/wp-content\/uploads\/2023\/09\/Jardin_de_lEurope_-_Annecy.jpeg\" alt=\"Visiter Annecy et le Jardin de l'Europe \u00a9 Wikipedia\" class=\"wp-image-130884\"\/><figcaption class=\"wp-element-caption\">Visiter Annecy et le Jardin de l&#8217;Europe \u00a9 Wikipedia<\/figcaption><\/figure>\n\n\n\n<p><strong>Histoire et Signification<\/strong><\/p>\n\n\n\n<ul class=\"wp-block-list\">\n<li><strong>Origine<\/strong> : Le site, utilis\u00e9 depuis le Moyen \u00c2ge, a servi \u00e0 divers usages, notamment comme \u00ab cabanes de sant\u00e9 \u00bb durant les \u00e9pid\u00e9mies.<\/li>\n\n\n\n<li><strong>\u00c9volution<\/strong> : Propri\u00e9t\u00e9 religieuse jusqu&#8217;\u00e0 la R\u00e9volution, le jardin a \u00e9t\u00e9 transform\u00e9 en espace public au 19\u00e8me si\u00e8cle.<\/li>\n<\/ul>\n\n\n\n<p><strong>Emplacement et Acc\u00e8s<\/strong><\/p>\n\n\n\n<ul class=\"wp-block-list\">\n<li><strong>Localisation<\/strong> : Situ\u00e9 au Quai Napol\u00e9on III, 74000 Annecy, le jardin est facilement accessible depuis le centre-ville.<\/li>\n\n\n\n<li><strong>Acc\u00e8s<\/strong> : Proche de l&#8217;h\u00f4tel de ville, le jardin est \u00e0 quelques minutes de marche du centre-ville, avec des parkings \u00e0 proximit\u00e9.<\/li>\n<\/ul>\n\n\n\n<p><strong>Exp\u00e9rience dans les Jardins<\/strong><\/p>\n\n\n\n<ul class=\"wp-block-list\">\n<li><strong>Nature et D\u00e9tente<\/strong> : Profitez de la verdure, des arbres centenaires et des espaces fleuris pour une pause relaxante.<\/li>\n\n\n\n<li><strong>Vue Sc\u00e9nique<\/strong> : Le jardin offre une vue imprenable sur le lac et les montagnes environnantes, id\u00e9ale pour la photographie.<\/li>\n\n\n\n<li><strong>Activit\u00e9s Familiales<\/strong> : Parfait pour les pique-niques, les jeux avec les enfants, ou simplement pour lire un livre au soleil.<\/li>\n<\/ul>\n\n\n\n<p><strong>Services et Commodit\u00e9s<\/strong><\/p>\n\n\n\n<ul class=\"wp-block-list\">\n<li><strong>WC Publics<\/strong> : Des toilettes publiques sont disponibles pour les visiteurs.<\/li>\n\n\n\n<li><strong>Animaux Accept\u00e9s<\/strong> : Le jardin est ouvert aux animaux de compagnie, permettant une promenade avec votre compagnon \u00e0 quatre pattes.<\/li>\n\n\n\n<li><strong>Visites Guid\u00e9es<\/strong> : Des visites individuelles ou en groupe sont propos\u00e9es pour d\u00e9couvrir l&#8217;histoire et les secrets du jardin.<\/li>\n<\/ul>\n\n\n\n<p><strong>Conseils Pratiques<\/strong><\/p>\n\n\n\n<ul class=\"wp-block-list\">\n<li><strong>Meilleurs Moments pour Visiter<\/strong> : Le jardin est agr\u00e9able toute l&#8217;ann\u00e9e, mais particuli\u00e8rement beau au printemps et en \u00e9t\u00e9.<\/li>\n\n\n\n<li><strong>Respect de l&#8217;Environnement<\/strong> : Aidez \u00e0 pr\u00e9server la beaut\u00e9 du jardin en ne laissant aucun d\u00e9chet et en respectant la faune et la flore.<\/li>\n<\/ul>\n\n\n\n<p>Les Jardins de l&#8217;Europe \u00e0 Annecy sont un havre de paix et de beaut\u00e9 naturelle, offrant une \u00e9chapp\u00e9e verte au c\u0153ur de la ville. Que vous soyez r\u00e9sident ou visiteur, une promenade dans ces jardins est un incontournable pour appr\u00e9cier la tranquillit\u00e9 et la beaut\u00e9 d&#8217;Annecy.<\/p>\n\n\n\n<h3 id=\"pont-des-amours\" class=\"wp-block-heading\"><strong>Pont des Amours<\/strong><\/h3>\n\n\n\n<p>Le Pont des Amours, situ\u00e9 \u00e0 Annecy, est un lieu embl\u00e9matique et romantique, parfait pour une promenade ou une s\u00e9ance photo m\u00e9morable.&nbsp;<\/p>\n\n\n\n<figure class=\"wp-block-image size-full\"><img loading=\"lazy\" decoding=\"async\" width=\"800\" height=\"600\" src=\"https:\/\/blog.toploc.com\/wp-content\/uploads\/2015\/03\/Optez-pour-un-weekend-romantique-a-Annecy-France-pont-des-amours-1.jpg\" alt=\"Vue sur le pont des amours si vous venez visiter Annecy en 3 jours \u00a9 Toploc\" class=\"wp-image-117450\"\/><figcaption class=\"wp-element-caption\">Vue sur le pont des amours si vous venez visiter Annecy en 3 jours \u00a9 Toploc<\/figcaption><\/figure>\n\n\n\n<p><strong>Histoire et Signification<\/strong><\/p>\n\n\n\n<ul class=\"wp-block-list\">\n<li><strong>Origine du Nom<\/strong> : Le pont tire son nom de son association avec les amoureux et, selon une l\u00e9gende urbaine, \u00e9tait autrefois un lieu de rencontre pour les prostitu\u00e9es.<\/li>\n\n\n\n<li><strong>Construction<\/strong> : Le pont actuel, construit en 1907, est une structure en fer qui remplace les versions ant\u00e9rieures en bois et en fonte.<\/li>\n<\/ul>\n\n\n\n<h3 id=\"emplacement-et-acces\" class=\"wp-block-heading\"><strong>Emplacement et Acc\u00e8s<\/strong><\/h3>\n\n\n\n<ul class=\"wp-block-list\">\n<li><strong>Localisation<\/strong> : Reliant les Jardins de l&#8217;Europe \u00e0 l&#8217;Esplanade du P\u00e2quier, le pont est facilement accessible depuis le centre-ville d&#8217;Annecy.<\/li>\n\n\n\n<li><strong>Acc\u00e8s<\/strong> : Situ\u00e9 derri\u00e8re la mairie, le pont est \u00e0 moins de 10 minutes de marche du centre-ville, avec des parkings \u00e0 proximit\u00e9.<\/li>\n<\/ul>\n\n\n\n<h3 id=\"experience-sur-le-pont\" class=\"wp-block-heading\"><strong>Exp\u00e9rience sur le Pont<\/strong><\/h3>\n\n\n\n<ul class=\"wp-block-list\">\n<li><strong>Vue Panoramique <\/strong>: Profitez d&#8217;une vue \u00e0 180 degr\u00e9s sur le lac et l&#8217;\u00cele aux Cygnes depuis le pont.<\/li>\n\n\n\n<li><strong>Photographie<\/strong> : Le pont, tr\u00e8s pris\u00e9 pour les photos de mariage, offre un cadre id\u00e9al pour capturer des moments sp\u00e9ciaux avec le lac et les montagnes en arri\u00e8re-plan.<\/li>\n\n\n\n<li><strong>Accessibilit\u00e9<\/strong> : Le pont est accessible aux poussettes et aux v\u00e9los (tenus \u00e0 la main), avec des rampes d&#8217;acc\u00e8s et des bancs \u00e0 proximit\u00e9 pour se reposer.<\/li>\n<\/ul>\n\n\n\n<p><strong>Conseils Pratiques<\/strong><\/p>\n\n\n\n<ul class=\"wp-block-list\">\n<li><strong>Meilleurs Moments pour Visiter<\/strong> : Pour \u00e9viter la foule, privil\u00e9giez le d\u00e9but de matin\u00e9e ou la soir\u00e9e. Les couleurs du lever ou du coucher du soleil offrent un cadre magnifique.<\/li>\n\n\n\n<li><strong>\u00c9v\u00e9nements<\/strong> : Pendant les grands \u00e9v\u00e9nements, le pont peut \u00eatre tr\u00e8s fr\u00e9quent\u00e9. Il est conseill\u00e9 de longer le Canal du Vass\u00e9 pour \u00e9viter les embouteillages.<\/li>\n<\/ul>\n\n\n\n<p>Le Pont des Amours est un incontournable pour tout visiteur \u00e0 Annecy, offrant une exp\u00e9rience romantique et pittoresque. Que vous soyez un photographe \u00e0 la recherche du clich\u00e9 parfait ou simplement en qu\u00eate d&#8217;une promenade agr\u00e9able, ce pont est un lieu \u00e0 ne pas manquer.<\/p>\n\n\n\n<h3 id=\"canal-du-vasse\" class=\"wp-block-heading\"><strong>Canal du Vass\u00e9<\/strong><\/h3>\n\n\n\n<p>Le Canal du Vass\u00e9, situ\u00e9 \u00e0 Annecy, est un lieu charmant et paisible, parfait pour une promenade relaxante ou une activit\u00e9 en plein air.&nbsp;<\/p>\n\n\n\n<figure class=\"wp-block-image size-full\"><img loading=\"lazy\" decoding=\"async\" width=\"2560\" height=\"1918\" src=\"https:\/\/blog.toploc.com\/wp-content\/uploads\/2024\/01\/image.png\" alt=\"Le Canal du Vass\u00e9, situ\u00e9 \u00e0 Annecy, est un lieu charmant et paisible \u00a9\u00a0Wikicommons\" class=\"wp-image-138697\"\/><figcaption class=\"wp-element-caption\">Le Canal du Vass\u00e9, situ\u00e9 \u00e0 Annecy, est un lieu charmant et paisible \u00a9&nbsp;Wikicommons<\/figcaption><\/figure>\n\n\n\n<p><strong>Promenade le Long du Canal<\/strong><\/p>\n\n\n\n<ul class=\"wp-block-list\">\n<li><strong>Chemin Pittoresque<\/strong> : Le canal est bord\u00e9 d&#8217;un sentier agr\u00e9able, id\u00e9al pour une promenade \u00e0 pied ou en v\u00e9lo.<\/li>\n\n\n\n<li><strong>Vue Sc\u00e9nique<\/strong> : Profitez de la vue sur les eaux calmes du canal, entour\u00e9 de verdure et de b\u00e2timents historiques.<\/li>\n<\/ul>\n\n\n\n<p><strong>Activit\u00e9s sur le Canal<\/strong><\/p>\n\n\n\n<ul class=\"wp-block-list\">\n<li><strong>Pique-nique et D\u00e9tente<\/strong> : Des espaces verts le long du canal offrent des spots parfaits pour un pique-nique ou simplement pour se d\u00e9tendre au soleil.<\/li>\n\n\n\n<li><strong>Photographie<\/strong> : Le canal, avec ses ponts pittoresques et son cadre naturel, est un excellent sujet pour les photographes amateurs et professionnels.<\/li>\n<\/ul>\n\n\n\n<p><strong>Proximit\u00e9 avec des Attractions Locales<\/strong><\/p>\n\n\n\n<ul class=\"wp-block-list\">\n<li><strong>Acc\u00e8s Facile<\/strong> : Le canal est situ\u00e9 \u00e0 proximit\u00e9 de la vieille ville d&#8217;Annecy, permettant un acc\u00e8s facile \u00e0 d&#8217;autres attractions touristiques.<\/li>\n\n\n\n<li><strong>Restaurants et Caf\u00e9s<\/strong> : Plusieurs restaurants et caf\u00e9s se trouvent \u00e0 proximit\u00e9, offrant une vari\u00e9t\u00e9 de choix pour se restaurer ou prendre un verre.<\/li>\n<\/ul>\n\n\n\n<p><strong>Conseils Pratiques<\/strong><\/p>\n\n\n\n<ul class=\"wp-block-list\">\n<li><strong>Meilleur Moment pour Visiter<\/strong> : Le canal est particuli\u00e8rement agr\u00e9able au printemps et en \u00e9t\u00e9, mais offre un charme unique toute l&#8217;ann\u00e9e.<\/li>\n\n\n\n<li><strong>Respect de l&#8217;Environnement<\/strong> : Gardez le canal propre en \u00e9vitant de jeter des d\u00e9chets et en respectant la faune et la flore locales.<\/li>\n<\/ul>\n\n\n\n<p>Le Canal du Vass\u00e9 est un joyau cach\u00e9 d&#8217;Annecy, offrant une exp\u00e9rience tranquille et pittoresque loin de l&#8217;agitation de la ville. Que vous soyez un local ou un visiteur, une promenade le long de ce canal est un moyen id\u00e9al de d\u00e9couvrir le charme paisible d&#8217;Annecy.<\/p>\n\n\n\n<h2 id=\"jour-2-au-lac-dannecy\" class=\"wp-block-heading\"><strong>Jour 2 au Lac d\u2019Annecy<\/strong><\/h2>\n\n\n\n<p>Pour votre deuxi\u00e8me jour, d\u00e9couvrez le magnifique Lac d&#8217;Annecy, reconnu pour \u00eatre l&#8217;un des lacs les plus purs du monde. Ce joyau naturel, deuxi\u00e8me plus grand lac de France, est un paradis pour les amateurs d&#8217;activit\u00e9s nautiques et de nature.&nbsp;<\/p>\n\n\n\n<figure class=\"wp-block-image size-full\"><img loading=\"lazy\" decoding=\"async\" width=\"1024\" height=\"576\" src=\"https:\/\/blog.toploc.com\/wp-content\/uploads\/2023\/09\/Albigny_01_25-1024x576-1.jpg\" alt=\"Visiter Annecy et profiter d'un instant baignade \u00e0 la plage d'Albigny \u00a9 OVO Network\" class=\"wp-image-130879\"\/><figcaption class=\"wp-element-caption\">Visiter Annecy et profiter d&#8217;un instant baignade \u00e0 la plage d&#8217;Albigny \u00a9 OVO Network<\/figcaption><\/figure>\n\n\n\n<p>Voici une s\u00e9lection d&#8217;activit\u00e9s \u00e0 ne pas manquer sur le lac :<\/p>\n\n\n\n<ul class=\"wp-block-list\">\n<li><strong>Activit\u00e9s Nautiques<\/strong> : Profitez d&#8217;une large gamme d&#8217;activit\u00e9s nautiques. Louez des p\u00e9dalos ou des bateaux pour explorer le lac \u00e0 votre rythme. Pour les amateurs de sensations fortes, essayez-vous au ski nautique, wakeboard ou paddle. Des clubs et \u00e9coles sur place proposent des cours et de la location de mat\u00e9riel.<\/li>\n\n\n\n<li><strong>Plage et Baignade<\/strong> : Le lac offre de nombreuses plages am\u00e9nag\u00e9es et surveill\u00e9es, parfaites pour la baignade et la d\u00e9tente. Profitez \u00e9galement des aires de jeux, terrains de sport et des points de restauration \u00e0 proximit\u00e9.<\/li>\n\n\n\n<li><strong>P\u00eache<\/strong> : D\u00e9couvrez la richesse aquatique du lac en pratiquant la p\u00eache. Attrapez des truites, brochets, perches, lavarets ou ombles chevaliers. Des guides de p\u00eache sont disponibles pour vous conseiller et partager leurs astuces.<\/li>\n\n\n\n<li><strong>R\u00e9serve Naturelle du Bout du Lac <\/strong>: Explorez cette r\u00e9serve naturelle exceptionnelle, abritant une faune et une flore diversifi\u00e9es. Visitez-la \u00e0 pied, \u00e0 v\u00e9lo ou en bateau, en suivant les sentiers balis\u00e9s et les panneaux informatifs.&nbsp;<\/li>\n<\/ul>\n\n\n\n<p>Le Lac d&#8217;Annecy n&#8217;est pas seulement un lieu de loisirs, mais aussi un espace de d\u00e9couverte et de pr\u00e9servation de la nature. Participez \u00e0 des animations et ateliers pour en apprendre davantage sur la protection de l&#8217;environnement. Cette journ\u00e9e au lac vous promet des moments de plaisir, de d\u00e9tente et de d\u00e9couverte, dans un cadre naturel \u00e9poustouflant.<\/p>\n\n\n\n<p>Le Lac d&#8217;Annecy, c\u00e9l\u00e8bre pour sa beaut\u00e9 naturelle et ses eaux calmes, offre une exp\u00e9rience nautique inoubliable avec une vari\u00e9t\u00e9 d&#8217;options de location de p\u00e9dalos et de bateaux. <\/p>\n\n\n\n<h3 id=\"location-de-pedalos-et-bateaux\" class=\"wp-block-heading\"><strong>Location de p\u00e9dalos et bateaux<\/strong><\/h3>\n\n\n\n<figure class=\"wp-block-image size-full\"><img loading=\"lazy\" decoding=\"async\" width=\"650\" height=\"749\" src=\"https:\/\/blog.toploc.com\/wp-content\/uploads\/2017\/07\/Vue-magnifique-sur-le-lac-dAnnecy.jpg\" alt=\"Vue magnifique sur le lac d'Annecy o\u00f9 vous pouvez louer un bateau \u00a9 Toploc\" class=\"wp-image-12864\"\/><figcaption class=\"wp-element-caption\">Vue magnifique sur le lac d&#8217;Annecy o\u00f9 vous pouvez louer un bateau \u00a9 Toploc<\/figcaption><\/figure>\n\n\n\n<p><strong>Location de P\u00e9dalos<\/strong><\/p>\n\n\n\n<ul class=\"wp-block-list\">\n<li><strong>Options<\/strong> : P\u00e9dalos classiques pour 2 \u00e0 6 personnes, certains \u00e9quip\u00e9s de toboggans pour plus de fun.<\/li>\n\n\n\n<li><strong>Dur\u00e9e<\/strong> : Location g\u00e9n\u00e9ralement \u00e0 l&#8217;heure, id\u00e9ale pour une balade d\u00e9tendue sur le lac.<\/li>\n\n\n\n<li><strong>S\u00e9curit\u00e9<\/strong> : Gilets de sauvetage fournis pour assurer la s\u00e9curit\u00e9, surtout pour les enfants.<\/li>\n<\/ul>\n\n\n\n<p><strong>Types de Bateaux \u00e0 Louer<\/strong><\/p>\n\n\n\n<figure class=\"wp-block-table\"><table><tbody><tr><td><strong>Type de Bateau<\/strong><\/td><td><strong>Description<\/strong><\/td><td><strong>Permis Requis<\/strong><\/td><td><strong>Particularit\u00e9s<\/strong><\/td><\/tr><tr><td>Bateaux \u00e0 Moteur Sans Permis<\/td><td>Id\u00e9aux pour les d\u00e9butants, vitesse mod\u00e9r\u00e9e.<\/td><td>Non<\/td><td>Parfaits pour une exploration tranquille du lac.<\/td><\/tr><tr><td>Hors-Bords<\/td><td>Pour une exp\u00e9rience de navigation plus rapide.<\/td><td>Oui<\/td><td>Adapt\u00e9s aux navigateurs exp\u00e9riment\u00e9s.<\/td><\/tr><tr><td>JetCycle Max (P\u00e9dalo \u00e0 Foil)<\/td><td>P\u00e9dalo innovant pour une sensation de vitesse.<\/td><td>Non<\/td><td>Exp\u00e9rience unique de glisse sur l&#8217;eau.<\/td><\/tr><tr><td>Bateaux \u00c9lectriques<\/td><td>\u00c9cologiques, silencieux, propuls\u00e9s par moteur \u00e9lectrique.<\/td><td>Non<\/td><td>Exploration respectueuse de l&#8217;environnement.<\/td><\/tr><\/tbody><\/table><\/figure>\n\n\n\n<p><strong>Conseils de Location<\/strong><\/p>\n\n\n\n<ul class=\"wp-block-list\">\n<li><strong>R\u00e9servation<\/strong> : Recommand\u00e9e en haute saison pour garantir la disponibilit\u00e9.<\/li>\n\n\n\n<li><strong>S\u00e9curit\u00e9<\/strong> : Port obligatoire des gilets de sauvetage et respect des r\u00e8gles de navigation.<\/li>\n\n\n\n<li><strong>Accessibilit\u00e9<\/strong> : La plupart des points de location sont facilement accessibles depuis les principales plages et ports du lac.<\/li>\n<\/ul>\n\n\n\n<p>Le Lac d&#8217;Annecy est l&#8217;endroit id\u00e9al pour ceux qui cherchent \u00e0 profiter d&#8217;une journ\u00e9e sur l&#8217;eau, que ce soit pour une balade paisible en p\u00e9dalo ou une aventure plus dynamique en bateau \u00e0 moteur. Avec des options adapt\u00e9es \u00e0 tous les \u00e2ges et niveaux d&#8217;exp\u00e9rience, la location de p\u00e9dalos et de bateaux sur le Lac d&#8217;Annecy promet des moments m\u00e9morables en pleine nature.<\/p>\n\n\n\n<h3 id=\"sports-nautiques-sur-le-lac-dannecy\" class=\"wp-block-heading\"><strong>Sports nautiques sur le lac d\u2019Annecy<\/strong><\/h3>\n\n\n\n<p>Le Lac d&#8217;Annecy, avec ses eaux cristallines et son cadre naturel \u00e9poustouflant, est un paradis pour les amateurs de sports nautiques.<\/p>\n\n\n\n<figure class=\"wp-block-image size-full\"><img loading=\"lazy\" decoding=\"async\" width=\"605\" height=\"465\" src=\"https:\/\/blog.toploc.com\/wp-content\/uploads\/2024\/01\/image-1.png\" alt=\"Sport nautique \u00e0 Annecy - location stand-up paddle et canoe \u00a9 activites-nautiques74\" class=\"wp-image-138698\"\/><figcaption class=\"wp-element-caption\">Sport nautique \u00e0 Annecy &#8211; location stand-up paddle et canoe \u00a9 activites-nautiques74<\/figcaption><\/figure>\n\n\n\n<p><strong>Diversit\u00e9 des Activit\u00e9s Nautiques<\/strong><\/p>\n\n\n\n<ul class=\"wp-block-list\">\n<li><strong>Stand Up Paddle (SUP) <\/strong>: Explorez le lac d&#8217;une mani\u00e8re unique, en pagayant debout sur une planche de paddle. Id\u00e9al pour une balade tranquille ou pour admirer le coucher de soleil.<\/li>\n\n\n\n<li><strong>P\u00eache<\/strong> : D\u00e9couvrez la diversit\u00e9 des poissons du lac et profitez de la beaut\u00e9 des paysages. Des permis de p\u00eache journaliers ou hebdomadaires sont disponibles.<\/li>\n\n\n\n<li><strong>Natation<\/strong> : Avec une dizaine de plages bordant le lac, la natation est une activit\u00e9 populaire, surtout en \u00e9t\u00e9.<\/li>\n\n\n\n<li><strong>Voile<\/strong> : Que vous soyez d\u00e9butant ou expert, naviguez sur le lac en catamaran, d\u00e9riveur ou planche \u00e0 voile.<\/li>\n<\/ul>\n\n\n\n<p><strong>Exploration Sous-Marine<\/strong><\/p>\n\n\n\n<ul class=\"wp-block-list\">\n<li><strong>Snorkeling, Apn\u00e9e et Plong\u00e9e Sous-Marine<\/strong> : Explorez les fonds marins du lac, peupl\u00e9s de plantes aquatiques, coquillages, crustac\u00e9s et poissons vari\u00e9s. D\u00e9couvrez \u00e9galement des sites arch\u00e9ologiques lacustres class\u00e9s au patrimoine mondial de l&#8217;UNESCO.<\/li>\n<\/ul>\n\n\n\n<p><strong>Cano\u00eb Kayak<\/strong><\/p>\n\n\n\n<p>Une mani\u00e8re intime de d\u00e9couvrir les rives et les fonds marins du lac, avec des petites grottes cach\u00e9es \u00e0 explorer.<\/p>\n\n\n\n<p><strong>Canyoning et Sports d&#8217;Eaux Vives<\/strong><\/p>\n\n\n\n<ul class=\"wp-block-list\">\n<li><strong>Canyoning<\/strong> : Progressez dans des cours d&#8217;eau aux d\u00e9bits variables, encadr\u00e9s par des professionnels.<\/li>\n\n\n\n<li><strong>Sports d&#8217;Eaux Vives<\/strong> : Autour du lac, essayez le rafting, l&#8217;hydrospeed, le canoraft ou le kayak de mer pour des sensations rafra\u00eechissantes.<\/li>\n<\/ul>\n\n\n\n<p><strong>Bateaux \u00e0 P\u00e9dales et Aviron<\/strong><\/p>\n\n\n\n<ul class=\"wp-block-list\">\n<li><strong>Bateaux \u00e0 P\u00e9dales<\/strong> : Une activit\u00e9 d\u00e9tente pour naviguer \u00e0 votre rythme, avec possibilit\u00e9 de baignade et de toboggan.<\/li>\n\n\n\n<li><strong>Aviron<\/strong> : D\u00e9couvrez ce sport de pleine nature, alliant endurance et coordination, dans un cadre exceptionnel.<\/li>\n<\/ul>\n\n\n\n<p><strong>Marche Aquatique et Glisse<\/strong><\/p>\n\n\n\n<ul class=\"wp-block-list\">\n<li><strong>Marche Aquatique<\/strong> : Renforcez vos d\u00e9fenses immunitaires et d\u00e9tendez-vous avec cette activit\u00e9 douce.<\/li>\n\n\n\n<li><strong>Ski Nautique, Wakeboard et Wakesurf <\/strong>: Pour les amateurs de glisse, ces activit\u00e9s offrent adr\u00e9naline et fous rires sur le lac.<\/li>\n<\/ul>\n\n\n\n<p>Le Lac d&#8217;Annecy est un lieu id\u00e9al pour s&#8217;adonner \u00e0 une vari\u00e9t\u00e9 de sports nautiques, offrant \u00e0 la fois d\u00e9tente et sensations fortes. Que vous soyez un passionn\u00e9 de sports nautiques ou simplement \u00e0 la recherche d&#8217;une nouvelle exp\u00e9rience, le lac d&#8217;Annecy a de quoi satisfaire tous les go\u00fbts.<\/p>\n\n\n\n<h3 id=\"plage-et-baignade\" class=\"wp-block-heading\"><strong>Plage et baignade<\/strong><\/h3>\n\n\n\n<p>Annecy, avec son lac magnifique, offre une multitude d&#8217;options de baignade, allant des plages publiques aux rivi\u00e8res, en passant par les piscines et les parcs aquatiques.&nbsp;<\/p>\n\n\n\n<figure class=\"wp-block-image size-full\"><img loading=\"lazy\" decoding=\"async\" width=\"1200\" height=\"690\" src=\"https:\/\/blog.toploc.com\/wp-content\/uploads\/2023\/12\/annecy-ils-volent-deux-trottinettes-sur-la-plage-des-marquisats-1689934271.jpg\" alt=\"La plage des Marquisats (Annecy) \u00a9 Le Dauphin\u00e9 Lib\u00e9r\u00e9\" class=\"wp-image-137729\"\/><figcaption class=\"wp-element-caption\">La plage des Marquisats (Annecy) \u00a9 Le Dauphin\u00e9 Lib\u00e9r\u00e9<\/figcaption><\/figure>\n\n\n\n<p><strong>Plages du Lac d&#8217;Annecy<\/strong><\/p>\n\n\n\n<ul class=\"wp-block-list\">\n<li><strong>Plage des Marquisats<\/strong> : Situ\u00e9e \u00e0 Annecy, cette plage est populaire pour sa proximit\u00e9 avec la ville.<\/li>\n\n\n\n<li><strong>Plage de l&#8217;Imp\u00e9rial <\/strong>: \u00c9galement \u00e0 Annecy, connue pour son cadre \u00e9l\u00e9gant et ses installations.<\/li>\n\n\n\n<li><strong>Plage d&#8217;Albigny<\/strong> : Une grande plage offrant diverses activit\u00e9s et espaces de d\u00e9tente.<\/li>\n\n\n\n<li><strong>Plages de Veyrier-du-Lac, Menthon-Saint-Bernard, Talloires, Angon, Duingt, Doussard, Saint-Jorioz, S\u00e9vrier <\/strong>: Ces plages, situ\u00e9es autour du lac, offrent chacune un charme unique, des vues imprenables et des activit\u00e9s vari\u00e9es.<\/li>\n<\/ul>\n\n\n\n<p>A lire :<a href=\"https:\/\/toploc.com\/blog\/france\/plages-annecy\">Les 10 meilleures plages d\u2019Annecy pour se baigner<\/a><\/p>\n\n\n\n<p><strong>Activit\u00e9s sur la Plage<\/strong><\/p>\n\n\n\n<ul class=\"wp-block-list\">\n<li><strong>Sports Nautiques<\/strong> : Voile, paddle, plong\u00e9e, ski nautique et p\u00e9dalo sont disponibles sur plusieurs plages.<\/li>\n\n\n\n<li><strong>Baignade et Bronzage<\/strong> : Profitez de l&#8217;eau pure du lac et des espaces pour se d\u00e9tendre au soleil.<\/li>\n\n\n\n<li><strong>Aires de Jeux et Sports de Plage<\/strong> : Certaines plages disposent d&#8217;\u00e9quipements pour le beach-volley, le beach-soccer, etc.<\/li>\n<\/ul>\n\n\n\n<p><strong>Acc\u00e8s et Commodit\u00e9s<\/strong><\/p>\n\n\n\n<ul class=\"wp-block-list\">\n<li>Accessibilit\u00e9 : La plupart des plages sont facilement accessibles en voiture, en bus ou \u00e0 v\u00e9lo.<\/li>\n\n\n\n<li>Services : Des snack-bars, des restaurants et des toilettes sont g\u00e9n\u00e9ralement disponibles \u00e0 proximit\u00e9 des plages.<\/li>\n\n\n\n<li>S\u00e9curit\u00e9 : Les plages publiques b\u00e9n\u00e9ficient de la surveillance de ma\u00eetres-nageurs durant l&#8217;\u00e9t\u00e9.<\/li>\n<\/ul>\n\n\n\n<p><strong>Baignade en Rivi\u00e8re<\/strong><\/p>\n\n\n\n<ul class=\"wp-block-list\">\n<li>Le Fier : Offre des lieux de baignade de juin \u00e0 septembre, mais attention au courant et aux crues soudaines.<\/li>\n\n\n\n<li>Le Thiou : La baignade y est interdite en raison du courant souvent puissant.<\/li>\n<\/ul>\n\n\n\n<p><strong>Piscines \u00e0 Annecy<\/strong><\/p>\n\n\n\n<ul class=\"wp-block-list\">\n<li>Piscine Jean R\u00e9gis : Piscine couverte situ\u00e9e aux Fins \u00e0 Annecy.<\/li>\n\n\n\n<li>Piscine des Marquisats : Actuellement ferm\u00e9e pour r\u00e9novation.<\/li>\n\n\n\n<li>Piscine l&#8217;Ile Bleue : Piscine couverte \u00e0 Seynod.<\/li>\n<\/ul>\n\n\n\n<p><strong>Parcs Aquatiques en Haute-Savoie<\/strong><\/p>\n\n\n\n<ul class=\"wp-block-list\">\n<li><strong>Vitam Parc<\/strong> : Situ\u00e9 \u00e0 20 minutes d&#8217;Annecy, ce parc aquatique priv\u00e9 offre des bassins chauff\u00e9s et diverses activit\u00e9s aquatiques.<\/li>\n<\/ul>\n\n\n\n<p>Pour une exp\u00e9rience de baignade compl\u00e8te \u00e0 Annecy, explorez les plages pittoresques du lac, les rivi\u00e8res rafra\u00eechissantes et les piscines accueillantes de la ville. Que vous pr\u00e9f\u00e9riez les plages anim\u00e9es ou les coins tranquilles, Annecy a quelque chose \u00e0 offrir \u00e0 tous les amateurs de baignade.<\/p>\n\n\n\n<h3 id=\"reserve-naturelle-du-bout-du-lac\" class=\"wp-block-heading\"><strong>R\u00e9serve naturelle du bout du lac<\/strong><\/h3>\n\n\n\n<p>La R\u00e9serve Naturelle du Bout du Lac, situ\u00e9e \u00e0 l&#8217;extr\u00e9mit\u00e9 sud du Lac d&#8217;Annecy, est un sanctuaire \u00e9cologique s&#8217;\u00e9tendant sur 84 hectares. Cet espace prot\u00e9g\u00e9 est un havre de paix pour la faune et la flore, offrant un aper\u00e7u unique de la biodiversit\u00e9 de la r\u00e9gion.&nbsp;<\/p>\n\n\n\n<figure class=\"wp-block-image size-full\"><img loading=\"lazy\" decoding=\"async\" width=\"1407\" height=\"940\" src=\"https:\/\/blog.toploc.com\/wp-content\/uploads\/2024\/01\/image-2.png\" alt=\"R\u00e9serve naturelle du bout du lac \u00a9\u00a0Savoie Mont Blanc\" class=\"wp-image-138699\"\/><figcaption class=\"wp-element-caption\">R\u00e9serve naturelle du bout du lac \u00a9&nbsp;Savoie Mont Blanc<\/figcaption><\/figure>\n\n\n\n<p><strong>D\u00e9couverte des Milieux Naturels<\/strong><\/p>\n\n\n\n<p>La r\u00e9serve se compose de divers habitats :<\/p>\n\n\n\n<ul class=\"wp-block-list\">\n<li><strong>Roseli\u00e8res<\/strong> : Zones humides essentielles pour les oiseaux comme le h\u00e9ron cendr\u00e9 ou le martin-p\u00eacheur.<\/li>\n\n\n\n<li><strong>Prairies<\/strong> : Espaces ouverts abritant mammif\u00e8res, reptiles et une multitude d&#8217;insectes.<\/li>\n\n\n\n<li><strong>Marais<\/strong> : Zones inond\u00e9es riches en plantes aquatiques et refuge pour des esp\u00e8ces rares.<\/li>\n\n\n\n<li><strong>For\u00eats<\/strong> : Zones bois\u00e9es offrant ombre et fra\u00eecheur, essentielles pour l&#8217;\u00e9cosyst\u00e8me local.<\/li>\n<\/ul>\n\n\n\n<p><strong>Faune et Flore<\/strong><\/p>\n\n\n\n<ul class=\"wp-block-list\">\n<li><strong>Esp\u00e8ces Animales<\/strong> : La r\u00e9serve est un refuge pour des esp\u00e8ces comme le crapaud commun, le castor d&#8217;Europe et divers reptiles.<\/li>\n\n\n\n<li><strong>Oiseaux<\/strong> : Les amateurs d&#8217;ornithologie peuvent observer des oiseaux nicheurs tels que le bruant des roseaux et le butor \u00e9toil\u00e9, ainsi que des oiseaux hivernants comme les fuligules morillon et milouin.<\/li>\n<\/ul>\n\n\n\n<p><strong>Visite et Activit\u00e9s<\/strong><\/p>\n\n\n\n<ul class=\"wp-block-list\">\n<li><strong>Accessibilit\u00e9<\/strong> : La r\u00e9serve accueille les personnes \u00e0 mobilit\u00e9 r\u00e9duite et malentendantes, rendant la nature accessible \u00e0 tous.<\/li>\n\n\n\n<li><strong>Sentiers P\u00e9dagogiques<\/strong> : Des sentiers balis\u00e9s permettent de d\u00e9couvrir la r\u00e9serve \u00e0 pied, offrant une exp\u00e9rience \u00e9ducative et immersive dans la nature.<\/li>\n\n\n\n<li><strong>Visites Guid\u00e9es<\/strong> : Des visites guid\u00e9es sont disponibles toute l&#8217;ann\u00e9e, permettant d&#8217;explorer la r\u00e9serve avec des experts.<\/li>\n<\/ul>\n\n\n\n<p><strong>Informations Pratiques<\/strong><\/p>\n\n\n\n<ul class=\"wp-block-list\">\n<li><strong>P\u00e9riode d&#8217;Ouverture <\/strong>: La r\u00e9serve est ouverte toute l&#8217;ann\u00e9e, sous r\u00e9serve de conditions m\u00e9t\u00e9o favorables.<\/li>\n\n\n\n<li><strong>Services<\/strong> : Des parkings pour autocars sont disponibles, ainsi que des visites guid\u00e9es pour une exp\u00e9rience enrichissante.<\/li>\n<\/ul>\n\n\n\n<p>La R\u00e9serve Naturelle du Bout du Lac est un lieu d&#8217;\u00e9merveillement et d&#8217;apprentissage, o\u00f9 les visiteurs peuvent se connecter avec la nature tout en contribuant \u00e0 sa pr\u00e9servation. C&#8217;est une exp\u00e9rience enrichissante pour tous ceux qui souhaitent d\u00e9couvrir la beaut\u00e9 naturelle du Lac d&#8217;Annecy.<\/p>\n\n\n\n<h2 id=\"jour-3-hors-des-sentiers-battus\" class=\"wp-block-heading\"><strong>Jour 3 hors des sentiers battus<\/strong><\/h2>\n\n\n\n<p>Pour votre dernier jour, partez \u00e0 la d\u00e9couverte des joyaux environnants d&#8217;Annecy, des sites embl\u00e9matiques qui enrichiront votre exp\u00e9rience de la r\u00e9gion. Chacun de ces lieux offre une perspective unique et compl\u00e8te la beaut\u00e9 et l&#8217;histoire d&#8217;Annecy.<\/p>\n\n\n\n<p><strong>Matin\u00e9e : Ch\u00e2teau de Menthon Saint-Bernard<\/strong><\/p>\n\n\n\n<p>Votre journ\u00e9e commence par une visite au Ch\u00e2teau de Menthon Saint-Bernard. Ce ch\u00e2teau m\u00e9di\u00e9val, riche en histoire, tr\u00f4ne majestueusement au-dessus du lac, offrant des vues spectaculaires et un aper\u00e7u fascinant dans le pass\u00e9.<\/p>\n\n\n\n<p><strong>Apr\u00e8s-Midi : Col de la Forclaz<\/strong><\/p>\n\n\n\n<p>Poursuivez votre aventure en vous rendant au Col de la Forclaz. Ce point de vue \u00e9lev\u00e9 est c\u00e9l\u00e8bre pour ses panoramas \u00e0 couper le souffle sur le lac d&#8217;Annecy et les montagnes alentour. C&#8217;est \u00e9galement un lieu appr\u00e9ci\u00e9 des amateurs de parapente.<\/p>\n\n\n\n<p><strong>Fin d&#8217;Apr\u00e8s-Midi : Grotte des Sarrasins<\/strong><\/p>\n\n\n\n<p>Terminez votre exploration par une randonn\u00e9e vers la Grotte des Sarrasins. Cette grotte myst\u00e9rieuse, cach\u00e9e dans les falaises, promet une aventure passionnante et offre un regard sur les merveilles naturelles de la r\u00e9gion.<\/p>\n\n\n\n<p>Cette journ\u00e9e vous emm\u00e8ne \u00e0 travers des sites d&#8217;une beaut\u00e9 exceptionnelle et d&#8217;une richesse historique, compl\u00e9tant votre exp\u00e9rience d&#8217;Annecy par des d\u00e9couvertes m\u00e9morables. Ces destinations, bien que populaires, offrent une perspective diff\u00e9rente de la ville et du lac, enrichissant votre compr\u00e9hension et appr\u00e9ciation de cette r\u00e9gion magnifique.<\/p>\n\n\n\n<h3 id=\"chateau-de-menthon-saint-bernard\" class=\"wp-block-heading\"><strong>Ch\u00e2teau de Menthon Saint-Bernard<\/strong><\/h3>\n\n\n\n<p>Le Ch\u00e2teau de Menthon Saint-Bernard, un site historique fascinant, se dresse majestueusement sur un \u00e9peron rocheux offrant une vue sublime sur le Lac d&#8217;Annecy.&nbsp;<\/p>\n\n\n\n<figure class=\"wp-block-image size-full\"><img loading=\"lazy\" decoding=\"async\" width=\"1410\" height=\"940\" src=\"https:\/\/blog.toploc.com\/wp-content\/uploads\/2023\/11\/image-176.png\" alt=\"Le ch\u00e2teau de Menthon-Saint-Bernard \u00a9 Savoie Mont Blanc\" class=\"wp-image-135223\"\/><figcaption class=\"wp-element-caption\">Le ch\u00e2teau de Menthon-Saint-Bernard \u00a9 Savoie Mont Blanc<\/figcaption><\/figure>\n\n\n\n<p><strong>Histoire et Architecture<\/strong><\/p>\n\n\n\n<ul class=\"wp-block-list\">\n<li><strong>Origines<\/strong> : Construit d\u00e8s le XII\u00e8me si\u00e8cle, le ch\u00e2teau a subi plusieurs transformations, passant d&#8217;une forteresse m\u00e9di\u00e9vale \u00e0 une demeure de charme romantique.<\/li>\n\n\n\n<li><strong>\u00c9volution<\/strong> : Au cours de la Renaissance, le ch\u00e2teau s&#8217;est transform\u00e9 en lieu d&#8217;habitation. Puis, \u00e0 la fin du XVIIIe si\u00e8cle, une fa\u00e7ade a \u00e9t\u00e9 ajout\u00e9e, cr\u00e9ant un vis-\u00e0-vis avec le lac. Au XIXe si\u00e8cle, sous l&#8217;impulsion de Ren\u00e9 de Menthon, le ch\u00e2teau a connu une grande m\u00e9tamorphose, lui conf\u00e9rant son charme actuel.<\/li>\n<\/ul>\n\n\n\n<p><strong>Visite et Exp\u00e9rience<\/strong><\/p>\n\n\n\n<ul class=\"wp-block-list\">\n<li><strong>Visites Guid\u00e9es<\/strong> : Les visites guid\u00e9es, d&#8217;une dur\u00e9e moyenne d&#8217;une heure, sont obligatoires pour d\u00e9couvrir l&#8217;int\u00e9rieur du ch\u00e2teau, riche en mobilier et d\u00e9coration d&#8217;\u00e9poque.<\/li>\n\n\n\n<li><strong>Animations et \u00c9v\u00e9nements<\/strong> : Le ch\u00e2teau propose des visites nocturnes, des visites th\u00e9\u00e2tralis\u00e9es, et accueille divers \u00e9v\u00e9nements tout au long de l&#8217;ann\u00e9e.<\/li>\n<\/ul>\n\n\n\n<p><strong>Informations Pratiques<\/strong><\/p>\n\n\n\n<ul class=\"wp-block-list\">\n<li><strong>Tarifs<\/strong> : Adulte : 11 \u20ac, Enfant (5-14 ans) : 6 \u20ac, Gratuit pour les moins de 5 ans. Jardin et belv\u00e9d\u00e8re : 3 \u20ac.<\/li>\n\n\n\n<li><strong>Horaires<\/strong> : Ouvert du 1er avril au 30 juin les vendredis, samedis, dimanches et jours f\u00e9ri\u00e9s de 14h \u00e0 18h. Du 1er juillet au 31 ao\u00fbt, tous les jours de 10h \u00e0 19h. Du 1er septembre \u00e0 la mi-novembre, les vendredis, samedis, dimanches et jours f\u00e9ri\u00e9s de 14h \u00e0 18h. En d\u00e9cembre, le ch\u00e2teau se transforme en Ch\u00e2teau du P\u00e8re No\u00ebl.<\/li>\n<\/ul>\n\n\n\n<p>Le Ch\u00e2teau de Menthon Saint-Bernard est un lieu charg\u00e9 d&#8217;histoire, offrant aux visiteurs un voyage dans le temps et une vue imprenable sur le Lac d&#8217;Annecy. C&#8217;est une exp\u00e9rience incontournable pour les amateurs d&#8217;histoire, d&#8217;architecture et de nature.<\/p>\n\n\n\n<h3 id=\"col-de-la-forclaz\" class=\"wp-block-heading\"><strong>Col de la Forclaz<\/strong><\/h3>\n\n\n\n<p>Le Col de la Forclaz, situ\u00e9 \u00e0 une altitude de 1147 m\u00e8tres dans le massif des Bornes, est un incontournable pour les amoureux de la nature et les amateurs d&#8217;activit\u00e9s en plein air.<\/p>\n\n\n\n<figure class=\"wp-block-image size-full is-resized\"><img loading=\"lazy\" decoding=\"async\" width=\"900\" height=\"600\" src=\"https:\/\/blog.toploc.com\/wp-content\/uploads\/2024\/01\/image-3.png\" alt=\"Le Col de la Forclaz, situ\u00e9 \u00e0 une altitude de 1147 m\u00e8tres pour visiter Annecy en 3 jours hors des sentiers battus \u00a9 Th\u00f4nes\" class=\"wp-image-138700\" style=\"width:681px;height:auto\"\/><figcaption class=\"wp-element-caption\">Le Col de la Forclaz, situ\u00e9 \u00e0 une altitude de 1147 m\u00e8tres pour visiter Annecy en 3 jours hors des sentiers battus \u00a9 Th\u00f4nes<\/figcaption><\/figure>\n\n\n\n<p><strong>D\u00e9couverte et Activit\u00e9s<\/strong><\/p>\n\n\n\n<ul class=\"wp-block-list\">\n<li><strong>Randonn\u00e9es et V\u00e9lo<\/strong> : Le col offre de nombreux sentiers balis\u00e9s pour tous les niveaux. Que vous soyez un randonneur exp\u00e9riment\u00e9 ou un cycliste, vous y trouverez des parcours adapt\u00e9s \u00e0 vos envies et capacit\u00e9s.<\/li>\n\n\n\n<li><strong>Camping et Pique-nique<\/strong> : Avec ses aires de pique-nique et ses espaces de camping, le Col de la Forclaz est parfait pour une journ\u00e9e en famille ou un s\u00e9jour en pleine nature.<\/li>\n<\/ul>\n\n\n\n<p><strong>Parapente<\/strong><\/p>\n\n\n\n<ul class=\"wp-block-list\">\n<li><strong>Spot de Renomm\u00e9e <\/strong>: Le Col de la Forclaz est c\u00e9l\u00e8bre pour \u00eatre l&#8217;un des meilleurs spots de parapente en Europe. Offrant des vues spectaculaires sur le Lac d&#8217;Annecy, c&#8217;est l&#8217;endroit id\u00e9al pour s&#8217;envoler et vivre une exp\u00e9rience unique.<\/li>\n\n\n\n<li><strong>Pour les D\u00e9butants et les Exp\u00e9riment\u00e9s<\/strong> : Des vols d&#8217;initiation sont disponibles pour les d\u00e9butants, tandis que les parapentistes exp\u00e9riment\u00e9s peuvent profiter de conditions de vol exceptionnelles.<\/li>\n<\/ul>\n\n\n\n<p><strong>Acc\u00e8s et Conseils Pratiques<\/strong><\/p>\n\n\n\n<ul class=\"wp-block-list\">\n<li><strong>Acc\u00e8s<\/strong> : Le col est accessible en voiture, en bus ou \u00e0 v\u00e9lo. La route sinueuse menant au col offre des vues panoramiques \u00e9poustouflantes.<\/li>\n\n\n\n<li><strong>Pr\u00e9paration<\/strong> : N&#8217;oubliez pas de v\u00e9rifier les conditions m\u00e9t\u00e9orologiques avant de partir et de vous \u00e9quiper en cons\u00e9quence, surtout si vous pr\u00e9voyez de faire de la randonn\u00e9e ou du camping.<\/li>\n<\/ul>\n\n\n\n<p><strong>\u00c0 Savoir<\/strong><\/p>\n\n\n\n<ul class=\"wp-block-list\">\n<li><strong>Restauration<\/strong> : Des restaurants et des refuges sont disponibles au col, offrant des sp\u00e9cialit\u00e9s locales et des produits frais.<\/li>\n\n\n\n<li><strong>Respect de la Nature <\/strong>: Le Col de la Forclaz est un environnement naturel \u00e0 pr\u00e9server. Respectez la faune et la flore, et suivez les r\u00e8gles de bonne conduite en montagne.<\/li>\n<\/ul>\n\n\n\n<p>Le Col de la Forclaz est un lieu d&#8217;\u00e9vasion et de d\u00e9couverte, offrant des activit\u00e9s vari\u00e9es et des panoramas \u00e0 couper le souffle. Que vous soyez l\u00e0 pour la randonn\u00e9e, le v\u00e9lo, le camping ou le parapente, chaque visiteur repart avec des souvenirs inoubliables de ce site exceptionnel.<\/p>\n\n\n\n<h3 id=\"grotte-des-sarrasins\" class=\"wp-block-heading\"><strong>Grotte des Sarrasins<\/strong><\/h3>\n\n\n\n<p>La Grotte des Sarrasins, un lieu secret et enchanteur situ\u00e9 au-dessus du Lac d&#8217;Annecy, est un v\u00e9ritable joyau pour les aventuriers. <\/p>\n\n\n\n<figure class=\"wp-block-image size-full\"><img loading=\"lazy\" decoding=\"async\" width=\"800\" height=\"600\" src=\"https:\/\/blog.toploc.com\/wp-content\/uploads\/2024\/01\/image-4.png\" alt=\"La Grotte des Sarrasins, un lieu secret et enchanteur au-dessus du Lac pour visiter Annecy en 3 jours \u00a9\u00a0Monte Medio\" class=\"wp-image-138701\"\/><figcaption class=\"wp-element-caption\">La Grotte des Sarrasins, un lieu secret et enchanteur au-dessus du Lac pour visiter Annecy en 3 jours \u00a9&nbsp;Monte Medio<\/figcaption><\/figure>\n\n\n\n<p><strong>Itin\u00e9raire pour la Grotte<\/strong><\/p>\n\n\n\n<ul class=\"wp-block-list\">\n<li><strong>Point de D\u00e9part <\/strong>: L&#8217;aventure commence entre le 46 et le 48 route de la Corniche \u00e0 Veyrier-du-Lac.<\/li>\n\n\n\n<li><strong>Mont\u00e9e<\/strong> : Prenez le chemin montant avec des graviers blancs. Apr\u00e8s environ 15 minutes de mont\u00e9e, vous devrez prendre un chemin sur la gauche, le deuxi\u00e8me et non le premier, en face d&#8217;un petit pierrier.<\/li>\n\n\n\n<li><strong>Chemin<\/strong> : Le sentier n&#8217;est pas toujours \u00e9vident, pouvant \u00eatre couvert de feuilles ou de branches. Soyez attentif et utilisez les cordes si n\u00e9cessaire.<\/li>\n<\/ul>\n\n\n\n<p><strong>Conseils Pratiques<\/strong><\/p>\n\n\n\n<ul class=\"wp-block-list\">\n<li><strong>\u00c9quipement<\/strong> : Portez des chaussures adapt\u00e9es, non lisses, pour une meilleure adh\u00e9rence.<\/li>\n\n\n\n<li><strong>Hydratation<\/strong> : Emmenez de l&#8217;eau avec vous pour rester hydrat\u00e9 pendant la mont\u00e9e.<\/li>\n\n\n\n<li><strong>Meilleur Moment pour Visiter<\/strong> : Envisagez de visiter la grotte en fin de journ\u00e9e pour profiter du coucher de soleil.<\/li>\n\n\n\n<li><strong>Ap\u00e9ro<\/strong> : N&#8217;oubliez pas de pr\u00e9voir un petit ap\u00e9ritif dans votre sac pour savourer le moment au sommet.<\/li>\n<\/ul>\n\n\n\n<p><strong>S\u00e9curit\u00e9 et Respect de l&#8217;Environnement<\/strong><\/p>\n\n\n\n<ul class=\"wp-block-list\">\n<li><strong>Prudence<\/strong> : La mont\u00e9e peut \u00eatre difficile, donc patience et pers\u00e9v\u00e9rance sont de mise.<\/li>\n\n\n\n<li><strong>Respect de la Nature<\/strong> : Gardez la grotte propre et intacte pour que d&#8217;autres puissent \u00e9galement profiter de sa beaut\u00e9.<\/li>\n<\/ul>\n\n\n\n<p>La Grotte des Sarrasins est un endroit magique qui offre une exp\u00e9rience unique et m\u00e9morable. Avec ses vues imprenables et son ambiance hors du temps, c&#8217;est l&#8217;endroit parfait pour les amoureux de la nature et les aventuriers \u00e0 la recherche d&#8217;un lieu sp\u00e9cial au Lac d&#8217;Annecy.<\/p>\n\n\n\n<p>Nous vous recommandons ces autres articles :<\/p>\n\n\n\n<ul class=\"wp-block-list\">\n<li>Les meilleures <a href=\"https:\/\/toploc.com\/locations-vacances\/annecy\" target=\"_blank\" rel=\"noreferrer noopener\">location vacances Annecy<\/a><\/li>\n\n\n\n<li><a href=\"https:\/\/toploc.com\/blog\/france\/visiter-annecy-en-1-jour\">Visiter Annecy en 1 jour<\/a><\/li>\n\n\n\n<li><a href=\"https:\/\/toploc.com\/blog\/france\/visiter-annecy-en-2-jours\">Visiter Annecy en 2 jours<\/a><\/li>\n\n\n\n<li><a href=\"https:\/\/toploc.com\/blog\/france\/visiter-annecy-en-4-jours\">Visiter Annecy en 4 jours<\/a><\/li>\n\n\n\n<li><a href=\"https:\/\/toploc.com\/blog\/france\/visiter-annecy-en-5-jours\">Visiter Annecy en 5 jours<\/a><\/li>\n\n\n\n<li><a href=\"https:\/\/toploc.com\/blog\/france\/annecy-en-famille\">Que faire \u00e0 Annecy en famille<\/a><\/li>\n\n\n\n<li><a href=\"https:\/\/toploc.com\/blog\/france\/visiter-annecy-en-ete\">Que faire \u00e0 Annecy en \u00e9t\u00e9<\/a><\/li>\n\n\n\n<li><a href=\"https:\/\/toploc.com\/blog\/france\/visiter-annecy-au-printemps\">Que faire \u00e0 Annecy au printemps<\/a><\/li>\n\n\n\n<li><a href=\"https:\/\/toploc.com\/blog\/france\/visiter-annecy-en-automne\">Que faire \u00e0 Annecy en automne<\/a><\/li>\n\n\n\n<li><a href=\"https:\/\/toploc.com\/blog\/france\/visiter-annecy-en-hiver\">Que faire \u00e0 Annecy en hiver<\/a><\/li>\n\n\n\n<li><a href=\"https:\/\/toploc.com\/blog\/france\/annecy-en-couple\">Que faire \u00e0 Annecy en amoureux<\/a><\/li>\n<\/ul>\n\n\n\n<p>Guillaume pour Toploc<\/p>\n","protected":false},"excerpt":{"rendered":"Si vous \u00eates \u00e0 la recherche d&#8217;une escapade qui allie charme et d\u00e9paysement, Annecy est la destination parfaite&hellip;\n","protected":false},"author":2,"featured_media":138697,"comment_status":"open","ping_status":"open","sticky":false,"template":"","format":"standard","meta":{"footnotes":""},"categories":[114],"tags":[7301],"class_list":{"0":"post-138695","1":"post","2":"type-post","3":"status-publish","4":"format-standard","5":"has-post-thumbnail","7":"category-france","8":"tag-visiter-annecy-en-3-jours"},"yoast_head":"<!-- This site is optimized with the Yoast SEO plugin v26.9 - https:\/\/yoast.com\/product\/yoast-seo-wordpress\/ -->\n<title>Itin\u00e9raire complet pour visiter Annecy en 3 jours - Toploc<\/title>\n<meta name=\"robots\" content=\"index, follow, max-snippet:-1, max-image-preview:large, max-video-preview:-1\" \/>\n<link rel=\"canonical\" href=\"https:\/\/toploc.com\/blog\/france\/visiter-annecy-en-3-jours\" \/>\n<meta property=\"og:locale\" content=\"fr_FR\" \/>\n<meta property=\"og:type\" content=\"article\" \/>\n<meta property=\"og:title\" content=\"Itin\u00e9raire complet pour visiter Annecy en 3 jours - Toploc\" \/>\n<meta property=\"og:description\" content=\"Si vous \u00eates \u00e0 la recherche d&#8217;une escapade qui allie charme et d\u00e9paysement, Annecy est la destination parfaite&hellip;\" \/>\n<meta property=\"og:url\" content=\"https:\/\/toploc.com\/blog\/france\/visiter-annecy-en-3-jours\" \/>\n<meta property=\"og:site_name\" content=\"Toploc\" \/>\n<meta property=\"article:publisher\" content=\"https:\/\/www.facebook.com\/locationfrancophone\" \/>\n<meta property=\"article:published_time\" content=\"2026-04-05T14:24:59+00:00\" \/>\n<meta property=\"article:modified_time\" content=\"2026-04-09T14:26:10+00:00\" \/>\n<meta property=\"og:image\" content=\"https:\/\/toploc.com\/blog\/wp-content\/uploads\/2024\/01\/image.png\" \/>\n\t<meta property=\"og:image:width\" content=\"1024\" \/>\n\t<meta property=\"og:image:height\" content=\"767\" \/>\n\t<meta property=\"og:image:type\" content=\"image\/png\" \/>\n<meta name=\"author\" content=\"Guillaume\" \/>\n<meta name=\"twitter:card\" content=\"summary_large_image\" \/>\n<meta name=\"twitter:label1\" content=\"\u00c9crit par\" \/>\n\t<meta name=\"twitter:data1\" content=\"Guillaume\" \/>\n\t<meta name=\"twitter:label2\" content=\"Dur\u00e9e de lecture estim\u00e9e\" \/>\n\t<meta name=\"twitter:data2\" content=\"29 minutes\" \/>\n<script type=\"application\/ld+json\" class=\"yoast-schema-graph\">{\"@context\":\"https:\/\/schema.org\",\"@graph\":[{\"@type\":\"Article\",\"@id\":\"https:\/\/toploc.com\/blog\/france\/visiter-annecy-en-3-jours#article\",\"isPartOf\":{\"@id\":\"https:\/\/toploc.com\/blog\/france\/visiter-annecy-en-3-jours\"},\"author\":{\"name\":\"Guillaume\",\"@id\":\"https:\/\/toploc.com\/blog\/#\/schema\/person\/ab9993aff7c3d37b3a2f20d2a57e2e66\"},\"headline\":\"Itin\u00e9raire complet pour visiter Annecy en 3 jours\",\"datePublished\":\"2026-04-05T14:24:59+00:00\",\"dateModified\":\"2026-04-09T14:26:10+00:00\",\"mainEntityOfPage\":{\"@id\":\"https:\/\/toploc.com\/blog\/france\/visiter-annecy-en-3-jours\"},\"wordCount\":5473,\"commentCount\":0,\"publisher\":{\"@id\":\"https:\/\/toploc.com\/blog\/#organization\"},\"image\":{\"@id\":\"https:\/\/toploc.com\/blog\/france\/visiter-annecy-en-3-jours#primaryimage\"},\"thumbnailUrl\":\"https:\/\/toploc.com\/blog\/wp-content\/uploads\/2024\/01\/image.png\",\"keywords\":[\"Visiter Annecy en 3 jours\"],\"articleSection\":[\"Itin\u00e9raires France\"],\"inLanguage\":\"fr-FR\",\"potentialAction\":[{\"@type\":\"CommentAction\",\"name\":\"Comment\",\"target\":[\"https:\/\/toploc.com\/blog\/france\/visiter-annecy-en-3-jours#respond\"]}]},{\"@type\":\"WebPage\",\"@id\":\"https:\/\/toploc.com\/blog\/france\/visiter-annecy-en-3-jours\",\"url\":\"https:\/\/toploc.com\/blog\/france\/visiter-annecy-en-3-jours\",\"name\":\"Itin\u00e9raire complet pour visiter Annecy en 3 jours - Toploc\",\"isPartOf\":{\"@id\":\"https:\/\/toploc.com\/blog\/#website\"},\"primaryImageOfPage\":{\"@id\":\"https:\/\/toploc.com\/blog\/france\/visiter-annecy-en-3-jours#primaryimage\"},\"image\":{\"@id\":\"https:\/\/toploc.com\/blog\/france\/visiter-annecy-en-3-jours#primaryimage\"},\"thumbnailUrl\":\"https:\/\/toploc.com\/blog\/wp-content\/uploads\/2024\/01\/image.png\",\"datePublished\":\"2026-04-05T14:24:59+00:00\",\"dateModified\":\"2026-04-09T14:26:10+00:00\",\"breadcrumb\":{\"@id\":\"https:\/\/toploc.com\/blog\/france\/visiter-annecy-en-3-jours#breadcrumb\"},\"inLanguage\":\"fr-FR\",\"potentialAction\":[{\"@type\":\"ReadAction\",\"target\":[\"https:\/\/toploc.com\/blog\/france\/visiter-annecy-en-3-jours\"]}]},{\"@type\":\"ImageObject\",\"inLanguage\":\"fr-FR\",\"@id\":\"https:\/\/toploc.com\/blog\/france\/visiter-annecy-en-3-jours#primaryimage\",\"url\":\"https:\/\/toploc.com\/blog\/wp-content\/uploads\/2024\/01\/image.png\",\"contentUrl\":\"https:\/\/toploc.com\/blog\/wp-content\/uploads\/2024\/01\/image.png\",\"width\":2560,\"height\":1918,\"caption\":\"Le Canal du Vass\u00e9, situ\u00e9 \u00e0 Annecy, est un lieu charmant et paisible \u00a9\u00a0Wikicommons\"},{\"@type\":\"BreadcrumbList\",\"@id\":\"https:\/\/toploc.com\/blog\/france\/visiter-annecy-en-3-jours#breadcrumb\",\"itemListElement\":[{\"@type\":\"ListItem\",\"position\":1,\"name\":\"Accueil\",\"item\":\"https:\/\/toploc.com\/blog\"},{\"@type\":\"ListItem\",\"position\":2,\"name\":\"Itin\u00e9raire complet pour visiter Annecy en 3 jours\"}]},{\"@type\":\"WebSite\",\"@id\":\"https:\/\/toploc.com\/blog\/#website\",\"url\":\"https:\/\/toploc.com\/blog\/\",\"name\":\"Toploc\",\"description\":\"Itin\u00e9raires natures et locations de vacances en groupe\",\"publisher\":{\"@id\":\"https:\/\/toploc.com\/blog\/#organization\"},\"potentialAction\":[{\"@type\":\"SearchAction\",\"target\":{\"@type\":\"EntryPoint\",\"urlTemplate\":\"https:\/\/toploc.com\/blog\/?s={search_term_string}\"},\"query-input\":{\"@type\":\"PropertyValueSpecification\",\"valueRequired\":true,\"valueName\":\"search_term_string\"}}],\"inLanguage\":\"fr-FR\"},{\"@type\":\"Organization\",\"@id\":\"https:\/\/toploc.com\/blog\/#organization\",\"name\":\"Toploc\",\"url\":\"https:\/\/toploc.com\/blog\/\",\"logo\":{\"@type\":\"ImageObject\",\"inLanguage\":\"fr-FR\",\"@id\":\"https:\/\/toploc.com\/blog\/#\/schema\/logo\/image\/\",\"url\":\"https:\/\/blog.toploc.com\/wp-content\/uploads\/2022\/03\/toploc_facebook_5.png\",\"contentUrl\":\"https:\/\/blog.toploc.com\/wp-content\/uploads\/2022\/03\/toploc_facebook_5.png\",\"width\":600,\"height\":600,\"caption\":\"Toploc\"},\"image\":{\"@id\":\"https:\/\/toploc.com\/blog\/#\/schema\/logo\/image\/\"},\"sameAs\":[\"https:\/\/www.facebook.com\/locationfrancophone\",\"https:\/\/www.instagram.com\/toploc_\",\"https:\/\/www.pinterest.fr\/Toploc_\/\"]},{\"@type\":\"Person\",\"@id\":\"https:\/\/toploc.com\/blog\/#\/schema\/person\/ab9993aff7c3d37b3a2f20d2a57e2e66\",\"name\":\"Guillaume\",\"image\":{\"@type\":\"ImageObject\",\"inLanguage\":\"fr-FR\",\"@id\":\"https:\/\/toploc.com\/blog\/#\/schema\/person\/image\/\",\"url\":\"https:\/\/secure.gravatar.com\/avatar\/d80553a7f7ac9459767da9b2359979a62070bea95c2826cda6a65908541bf9e6?s=96&d=mm&r=g\",\"contentUrl\":\"https:\/\/secure.gravatar.com\/avatar\/d80553a7f7ac9459767da9b2359979a62070bea95c2826cda6a65908541bf9e6?s=96&d=mm&r=g\",\"caption\":\"Guillaume\"},\"description\":\"Je suis passionn\u00e9 de grands espaces, de montagnes et de trail running. Je suis aussi le co-fondateur de Toploc, une plateforme de voyage nature. Pourquoi ? pour partager mon go\u00fbt pour les aventures en plein air, les itin\u00e9raires de voyages et la nature.\",\"url\":\"https:\/\/toploc.com\/blog\/author\/guillaume\"}]}<\/script>\n<!-- \/ Yoast SEO plugin. -->","yoast_head_json":{"title":"Itin\u00e9raire complet pour visiter Annecy en 3 jours - Toploc","robots":{"index":"index","follow":"follow","max-snippet":"max-snippet:-1","max-image-preview":"max-image-preview:large","max-video-preview":"max-video-preview:-1"},"canonical":"https:\/\/toploc.com\/blog\/france\/visiter-annecy-en-3-jours","og_locale":"fr_FR","og_type":"article","og_title":"Itin\u00e9raire complet pour visiter Annecy en 3 jours - Toploc","og_description":"Si vous \u00eates \u00e0 la recherche d&#8217;une escapade qui allie charme et d\u00e9paysement, Annecy est la destination parfaite&hellip;","og_url":"https:\/\/toploc.com\/blog\/france\/visiter-annecy-en-3-jours","og_site_name":"Toploc","article_publisher":"https:\/\/www.facebook.com\/locationfrancophone","article_published_time":"2026-04-05T14:24:59+00:00","article_modified_time":"2026-04-09T14:26:10+00:00","og_image":[{"url":"https:\/\/toploc.com\/blog\/wp-content\/uploads\/2024\/01\/image.png","width":1024,"height":767,"type":"image\/png"}],"author":"Guillaume","twitter_card":"summary_large_image","twitter_misc":{"\u00c9crit par":"Guillaume","Dur\u00e9e de lecture estim\u00e9e":"29 minutes"},"schema":{"@context":"https:\/\/schema.org","@graph":[{"@type":"Article","@id":"https:\/\/toploc.com\/blog\/france\/visiter-annecy-en-3-jours#article","isPartOf":{"@id":"https:\/\/toploc.com\/blog\/france\/visiter-annecy-en-3-jours"},"author":{"name":"Guillaume","@id":"https:\/\/toploc.com\/blog\/#\/schema\/person\/ab9993aff7c3d37b3a2f20d2a57e2e66"},"headline":"Itin\u00e9raire complet pour visiter Annecy en 3 jours","datePublished":"2026-04-05T14:24:59+00:00","dateModified":"2026-04-09T14:26:10+00:00","mainEntityOfPage":{"@id":"https:\/\/toploc.com\/blog\/france\/visiter-annecy-en-3-jours"},"wordCount":5473,"commentCount":0,"publisher":{"@id":"https:\/\/toploc.com\/blog\/#organization"},"image":{"@id":"https:\/\/toploc.com\/blog\/france\/visiter-annecy-en-3-jours#primaryimage"},"thumbnailUrl":"https:\/\/toploc.com\/blog\/wp-content\/uploads\/2024\/01\/image.png","keywords":["Visiter Annecy en 3 jours"],"articleSection":["Itin\u00e9raires France"],"inLanguage":"fr-FR","potentialAction":[{"@type":"CommentAction","name":"Comment","target":["https:\/\/toploc.com\/blog\/france\/visiter-annecy-en-3-jours#respond"]}]},{"@type":"WebPage","@id":"https:\/\/toploc.com\/blog\/france\/visiter-annecy-en-3-jours","url":"https:\/\/toploc.com\/blog\/france\/visiter-annecy-en-3-jours","name":"Itin\u00e9raire complet pour visiter Annecy en 3 jours - Toploc","isPartOf":{"@id":"https:\/\/toploc.com\/blog\/#website"},"primaryImageOfPage":{"@id":"https:\/\/toploc.com\/blog\/france\/visiter-annecy-en-3-jours#primaryimage"},"image":{"@id":"https:\/\/toploc.com\/blog\/france\/visiter-annecy-en-3-jours#primaryimage"},"thumbnailUrl":"https:\/\/toploc.com\/blog\/wp-content\/uploads\/2024\/01\/image.png","datePublished":"2026-04-05T14:24:59+00:00","dateModified":"2026-04-09T14:26:10+00:00","breadcrumb":{"@id":"https:\/\/toploc.com\/blog\/france\/visiter-annecy-en-3-jours#breadcrumb"},"inLanguage":"fr-FR","potentialAction":[{"@type":"ReadAction","target":["https:\/\/toploc.com\/blog\/france\/visiter-annecy-en-3-jours"]}]},{"@type":"ImageObject","inLanguage":"fr-FR","@id":"https:\/\/toploc.com\/blog\/france\/visiter-annecy-en-3-jours#primaryimage","url":"https:\/\/toploc.com\/blog\/wp-content\/uploads\/2024\/01\/image.png","contentUrl":"https:\/\/toploc.com\/blog\/wp-content\/uploads\/2024\/01\/image.png","width":2560,"height":1918,"caption":"Le Canal du Vass\u00e9, situ\u00e9 \u00e0 Annecy, est un lieu charmant et paisible \u00a9\u00a0Wikicommons"},{"@type":"BreadcrumbList","@id":"https:\/\/toploc.com\/blog\/france\/visiter-annecy-en-3-jours#breadcrumb","itemListElement":[{"@type":"ListItem","position":1,"name":"Accueil","item":"https:\/\/toploc.com\/blog"},{"@type":"ListItem","position":2,"name":"Itin\u00e9raire complet pour visiter Annecy en 3 jours"}]},{"@type":"WebSite","@id":"https:\/\/toploc.com\/blog\/#website","url":"https:\/\/toploc.com\/blog\/","name":"Toploc","description":"Itin\u00e9raires natures et locations de vacances en groupe","publisher":{"@id":"https:\/\/toploc.com\/blog\/#organization"},"potentialAction":[{"@type":"SearchAction","target":{"@type":"EntryPoint","urlTemplate":"https:\/\/toploc.com\/blog\/?s={search_term_string}"},"query-input":{"@type":"PropertyValueSpecification","valueRequired":true,"valueName":"search_term_string"}}],"inLanguage":"fr-FR"},{"@type":"Organization","@id":"https:\/\/toploc.com\/blog\/#organization","name":"Toploc","url":"https:\/\/toploc.com\/blog\/","logo":{"@type":"ImageObject","inLanguage":"fr-FR","@id":"https:\/\/toploc.com\/blog\/#\/schema\/logo\/image\/","url":"https:\/\/blog.toploc.com\/wp-content\/uploads\/2022\/03\/toploc_facebook_5.png","contentUrl":"https:\/\/blog.toploc.com\/wp-content\/uploads\/2022\/03\/toploc_facebook_5.png","width":600,"height":600,"caption":"Toploc"},"image":{"@id":"https:\/\/toploc.com\/blog\/#\/schema\/logo\/image\/"},"sameAs":["https:\/\/www.facebook.com\/locationfrancophone","https:\/\/www.instagram.com\/toploc_","https:\/\/www.pinterest.fr\/Toploc_\/"]},{"@type":"Person","@id":"https:\/\/toploc.com\/blog\/#\/schema\/person\/ab9993aff7c3d37b3a2f20d2a57e2e66","name":"Guillaume","image":{"@type":"ImageObject","inLanguage":"fr-FR","@id":"https:\/\/toploc.com\/blog\/#\/schema\/person\/image\/","url":"https:\/\/secure.gravatar.com\/avatar\/d80553a7f7ac9459767da9b2359979a62070bea95c2826cda6a65908541bf9e6?s=96&d=mm&r=g","contentUrl":"https:\/\/secure.gravatar.com\/avatar\/d80553a7f7ac9459767da9b2359979a62070bea95c2826cda6a65908541bf9e6?s=96&d=mm&r=g","caption":"Guillaume"},"description":"Je suis passionn\u00e9 de grands espaces, de montagnes et de trail running. Je suis aussi le co-fondateur de Toploc, une plateforme de voyage nature. Pourquoi ? pour partager mon go\u00fbt pour les aventures en plein air, les itin\u00e9raires de voyages et la nature.","url":"https:\/\/toploc.com\/blog\/author\/guillaume"}]}},"_links":{"self":[{"href":"https:\/\/toploc.com\/blog\/wp-json\/wp\/v2\/posts\/138695","targetHints":{"allow":["GET"]}}],"collection":[{"href":"https:\/\/toploc.com\/blog\/wp-json\/wp\/v2\/posts"}],"about":[{"href":"https:\/\/toploc.com\/blog\/wp-json\/wp\/v2\/types\/post"}],"author":[{"embeddable":true,"href":"https:\/\/toploc.com\/blog\/wp-json\/wp\/v2\/users\/2"}],"replies":[{"embeddable":true,"href":"https:\/\/toploc.com\/blog\/wp-json\/wp\/v2\/comments?post=138695"}],"version-history":[{"count":15,"href":"https:\/\/toploc.com\/blog\/wp-json\/wp\/v2\/posts\/138695\/revisions"}],"predecessor-version":[{"id":162968,"href":"https:\/\/toploc.com\/blog\/wp-json\/wp\/v2\/posts\/138695\/revisions\/162968"}],"wp:featuredmedia":[{"embeddable":true,"href":"https:\/\/toploc.com\/blog\/wp-json\/wp\/v2\/media\/138697"}],"wp:attachment":[{"href":"https:\/\/toploc.com\/blog\/wp-json\/wp\/v2\/media?parent=138695"}],"wp:term":[{"taxonomy":"category","embeddable":true,"href":"https:\/\/toploc.com\/blog\/wp-json\/wp\/v2\/categories?post=138695"},{"taxonomy":"post_tag","embeddable":true,"href":"https:\/\/toploc.com\/blog\/wp-json\/wp\/v2\/tags?post=138695"}],"curies":[{"name":"wp","href":"https:\/\/api.w.org\/{rel}","templated":true}]}}