{"id":138375,"date":"2026-03-08T14:42:29","date_gmt":"2026-03-08T13:42:29","guid":{"rendered":"https:\/\/blog.toploc.com\/?p=138375"},"modified":"2026-03-20T14:42:32","modified_gmt":"2026-03-20T13:42:32","slug":"trails-du-jura","status":"publish","type":"post","link":"https:\/\/toploc.com\/blog\/france\/trails-du-jura","title":{"rendered":"Les 10 meilleurs trails du Jura \u00e0 faire en 2026"},"content":{"rendered":"\n<p>Voici notre s\u00e9lection des meilleurs trails pour courir dans le Jura. Si vous souhaitez participer \u00e0 l&#8217;un des trails du Jura vous chercherez certainement un h\u00e9bergement pour \u00eatre dans les meilleures conditions pour profiter de la course. Pour chaque course, il vous faudra vous munir d&#8217;un certificat m\u00e9dical, le reste de l&#8217;\u00e9quipement obligatoire diff\u00e8re d&#8217;une course \u00e0 l&#8217;autre. Attention \u00e0 bien consulter les toutes les informations avant de vous inscrire. Vous trouverez dans cet article tout ce que vous devez savoir pour choisir sur les meilleurs trails du Jura.<\/p>\n\n\n\n<div class=\"wp-block-buttons is-content-justification-center is-layout-flex wp-container-core-buttons-is-layout-16018d1d wp-block-buttons-is-layout-flex\">\n<div class=\"wp-block-button\"><a class=\"wp-block-button__link has-background has-small-font-size has-custom-font-size wp-element-button\" href=\"https:\/\/toploc.com\/gite\/jura\/?utm_source=blog&amp;utm_medium=CTA&amp;utm_campaign=trail-jura\" style=\"background-color:#006b52\"><strong>\ud83d\udc49NOS GITES JURA<\/strong><\/a><\/div>\n<\/div>\n\n\n\n<p>A lire : <a href=\"https:\/\/toploc.com\/blog\/france\/lacs-du-jura\" type=\"link\" id=\"https:\/\/toploc.com\/blog\/france\/lacs-du-jura\">Les 10 plus beaux lacs du Jura \u00e0 explorer<\/a><\/p>\n\n\n\n<h2 class=\"wp-block-heading\" id=\"ou-se-baigner-a-saint-cyr-sur-mer\"><span id=\"ou-faire-un-trail-dans-le-jura\">O\u00f9 faire un trail dans le Jura ?<\/span><\/h2>\n\n\n\n<p>Voici la liste des trails dans le Jura. Nous avons synth\u00e9tis\u00e9 les informations essentielles pour que vous puissiez trouver les trails du Jura qui vous conviennent le mieux. Notez que les informations relatives \u00e0 la distance et au d\u00e9nivel\u00e9 peuvent changer d\u2019une ann\u00e9e \u00e0 l\u2019autre. Il est important de v\u00e9rifier aupr\u00e8s du site du trail du Jura en question.<\/p>\n\n\n\n<table id=\"tablepress-134\" class=\"tablepress tablepress-id-134\">\n<thead>\n<tr class=\"row-1 odd\">\n\t<th class=\"column-1\">Trail<\/th><th class=\"column-2\">Date<\/th><th class=\"column-3\">Distance<\/th><th class=\"column-4\">D\u00e9nivel\u00e9<\/th><th class=\"column-5\">Type<\/th>\n<\/tr>\n<\/thead>\n<tbody class=\"row-hover\">\n<tr class=\"row-2 even\">\n\t<td class=\"column-1\">UTTJ - Un tour en Terre du Jura<\/td><td class=\"column-2\">Mi-Juillet<\/td><td class=\"column-3\">80km, 50km, 26km, 9km<\/td><td class=\"column-4\">5 100m D+, 3 100m D+, 1 500m D+, 450m D+<\/td><td class=\"column-5\">Trail en montagne<\/td>\n<\/tr>\n<tr class=\"row-3 odd\">\n\t<td class=\"column-1\">Trail Volodalen du Jura<\/td><td class=\"column-2\">Fin Juillet<\/td><td class=\"column-3\">70km, 43km, 27km, 17km, 10km<\/td><td class=\"column-4\">2 000m D+, 1 200m D+, 900m D+, 500m D+, 250m D+<\/td><td class=\"column-5\">Trail de montagne<\/td>\n<\/tr>\n<tr class=\"row-4 even\">\n\t<td class=\"column-1\">Trail des Recul\u00e9es<\/td><td class=\"column-2\">D\u00e9but avril<\/td><td class=\"column-3\">50km, 34km, 20km, 13km<\/td><td class=\"column-4\">1 700m D+, 1 000m D+, 700m D+, 320m D+<\/td><td class=\"column-5\">Trail de campagne<\/td>\n<\/tr>\n<tr class=\"row-5 odd\">\n\t<td class=\"column-1\">Le Trail du Cirque du Fer \u00e0 Cheval<\/td><td class=\"column-2\">Mi-mars<\/td><td class=\"column-3\">10km, 22km, 32km, 46km<\/td><td class=\"column-4\">400m D+, 780m D+, 1 400m D+, 2 000m D+<\/td><td class=\"column-5\">Trail de montagne<\/td>\n<\/tr>\n<tr class=\"row-6 even\">\n\t<td class=\"column-1\">Trail Trait Morbier<\/td><td class=\"column-2\">Mi-mai<\/td><td class=\"column-3\">40km, 26km, 13km, 5km<\/td><td class=\"column-4\">1 530m D+, 960m D+, 200m D+, 110m D+<\/td><td class=\"column-5\">Trail de campagne et montagne<\/td>\n<\/tr>\n<tr class=\"row-7 odd\">\n\t<td class=\"column-1\">Trail de l'Ours<\/td><td class=\"column-2\">Fin septembre<\/td><td class=\"column-3\">19km, 9km<\/td><td class=\"column-4\">950m D+, 450m D+<\/td><td class=\"column-5\">Trail  de campagne<\/td>\n<\/tr>\n<tr class=\"row-8 even\">\n\t<td class=\"column-1\">Trail des 7 Monts<\/td><td class=\"column-2\">D\u00e9but octobre<\/td><td class=\"column-3\">34km, 15km, 7km<\/td><td class=\"column-4\">1 900m D+, 590m D+, 360m D+<\/td><td class=\"column-5\">Trail de moyenne montagne<\/td>\n<\/tr>\n<tr class=\"row-9 odd\">\n\t<td class=\"column-1\">Dark Trail<\/td><td class=\"column-2\">Le 11 Novembre<\/td><td class=\"column-3\">10km, 20km, 31km<\/td><td class=\"column-4\">310m D+, 780m D+, 1 130m D+<\/td><td class=\"column-5\">Trail de campagne<\/td>\n<\/tr>\n<tr class=\"row-10 even\">\n\t<td class=\"column-1\">Trail des Comm\u00e8res<\/td><td class=\"column-2\">Fin octobre<\/td><td class=\"column-3\">7km, 11km, 23km<\/td><td class=\"column-4\">230m D+, 380m D+, 1 120m D+<\/td><td class=\"column-5\">Trail de campagne<\/td>\n<\/tr>\n<tr class=\"row-11 odd\">\n\t<td class=\"column-1\">Trail de la Croix du Dan<\/td><td class=\"column-2\">D\u00e9but mars<\/td><td class=\"column-3\">31km, 24km, 12km<\/td><td class=\"column-4\">927m D+, 854m D+, 423m D+<\/td><td class=\"column-5\">Trail de campagne<\/td>\n<\/tr>\n<\/tbody>\n<\/table>\n<!-- #tablepress-134 from cache -->\n\n\n\n<h2 class=\"wp-block-heading\" id=\"uttj---un-tour-en-terre-du-jura\"><span id=\"uttj-un-tour-en-terre-du-jura\">UTTJ &#8211; Un tour en Terre du Jura<\/span><\/h2>\n\n\n\n<figure class=\"wp-block-image size-full\"><img loading=\"lazy\" decoding=\"async\" width=\"800\" height=\"535\" src=\"https:\/\/blog.toploc.com\/wp-content\/uploads\/2023\/12\/image-344.png\" alt=\"UN tour en Terre du Jura \u00a9 Facebook - UTTJ Un Tour en Terre du Jura\" class=\"wp-image-138461\"\/><figcaption class=\"wp-element-caption\">UN tour en Terre du Jura \u00a9 Facebook &#8211; UTTJ Un Tour en Terre du Jura<\/figcaption><\/figure>\n\n\n\n<h3 class=\"wp-block-heading\" id=\"pourquoi-la-uttj---un-tour-en-terre-du-jura-fait-partie-des-meilleurs-trails-du-jura-\"><span id=\"pourquoi-luttj-un-tour-en-terre-du-jura-fait-partie-des-meilleurs-trails-du-jura\">Pourquoi l&#8217;UTTJ &#8211; Un tour en Terre du Jura fait partie des meilleurs trails du Jura ?<\/span><\/h3>\n\n\n\n<p>Un Tour en Terre du Jura est une aventure qui d\u00e9marre \u00e0 Saint-Claude, au c\u0153ur du massif du Jura, \u00e0 environ 5km de la Suisse. Tu courras \u00e0 travers le magnifique massif du Jura. Pour que le week-end soit accessible \u00e0 tous, l&#8217;association de l&#8217;UTTJ propose des courses pour tous les niveaux : 9km, 26km, 50km et 80km pour des d\u00e9nivel\u00e9s de 450m, 1 500m, 3 100m et 5 100m D+. Vous traverserez donc le Cr\u00eat pourri, le Mont Bayard, Rocheblanche&#8230; Les courses ayant lieu mi-juillet, pensez aux casquettes !<\/p>\n\n\n\n<p>A lire : <a href=\"https:\/\/toploc.com\/blog\/france\/visiter-le-jura\" type=\"link\" id=\"https:\/\/toploc.com\/blog\/france\/visiter-le-jura\">Les 18 choses \u00e0 voir et \u00e0 faire pour visiter le Jura<\/a><\/p>\n\n\n\n<h3 class=\"wp-block-heading\" id=\"infos-cl\u00e9s---uttj---un-tour-en-terre-du-jura-\"><span id=\"infos-cles-uttj-un-tour-en-terre-du-jura\">Infos cl\u00e9s &#8211; UTTJ &#8211; Un tour en Terre du Jura :<\/span><\/h3>\n\n\n\n<p>Voici toutes les informations utiles pour participer \u00e0 l&#8217;UTTJ &#8211; Un tour en Terre du Jura qui fait partie des meilleurs Trails du Jura :<\/p>\n\n\n\n<ul class=\"wp-block-list\">\n<li><strong>Dates<\/strong>&nbsp;: Mi-Juillet<\/li>\n\n\n\n<li><strong>Distances<\/strong>&nbsp;: 80km, 50km, 26km, 9km<\/li>\n\n\n\n<li><strong>D\u00e9nivel\u00e9 + \/ &#8211;<\/strong> : 5 100m D+, 3 100m D+, 1 500m D+, 450m D+<\/li>\n\n\n\n<li><strong>Type<\/strong>&nbsp;: Trail de montagne<\/li>\n\n\n\n<li><strong>O\u00f9 s&#8217;inscrire ?<\/strong>&nbsp;: Trail UTTJ<\/li>\n\n\n\n<li><strong>Tarifs<\/strong>&nbsp;: 10 \u00e0 90\u20ac<\/li>\n<\/ul>\n\n\n\n<h2 class=\"wp-block-heading\" id=\"trail-volodalen-du-jura\">Trail Volodalen du Jura<\/h2>\n\n\n\n<figure class=\"wp-block-image size-full\"><img loading=\"lazy\" decoding=\"async\" width=\"1024\" height=\"768\" src=\"https:\/\/blog.toploc.com\/wp-content\/uploads\/2023\/12\/LacVouglang-1024x768-1.jpg\" alt=\"Lac de Vouglans \u00a9 Trail Volodalen\" class=\"wp-image-138377\"\/><figcaption class=\"wp-element-caption\">Lac de Vouglans \u00a9 Trail Volodalen<\/figcaption><\/figure>\n\n\n\n<h3 class=\"wp-block-heading\" id=\"pourquoi-la-trail-volodalen-du-jura-fait-partie-des-meilleurs-trails-du-jura-\"><span id=\"pourquoi-le-trail-volodalen-du-jura-fait-partie-des-meilleurs-trails-du-jura\">Pourquoi le Trail Volodalen du Jura fait partie des meilleurs trails du Jura ?<\/span><\/h3>\n\n\n\n<p>Le Trail Volodalen du Jura se d\u00e9roule \u00e0 Orgelet, \u00e0 l&#8217;ouest du Haut-Jura, autour du formidable terrain de jeux du lac de Vouglans. L&#8217;association du Trail Volodalen vous propose 6 \u00e9preuves ! L&#8217;ultra du Lac, l&#8217;\u00e9preuve phare du week-end, un parcours de 70km pour 2 000m de D+, mais aussi des trails moyens de 43km et 1 200m D+ ; un 27km et 900m D+, un trail court de 17km et 500m D+ et un d\u00e9couverte de 10km et 250m D+. Ce rendez-vous sportif est surtout organis\u00e9 dans la bonne humeur et d\u00e9contractation. Des animations sportives ont lieu tout le week-end gratuitement au centre sportif.<\/p>\n\n\n\n<h3 class=\"wp-block-heading\" id=\"infos-cl\u00e9s---trail-volodalen-du-jura-\"><span id=\"infos-cles-trail-volodalen-du-jura\">Infos cl\u00e9s &#8211; Trail Volodalen du Jura :<\/span><\/h3>\n\n\n\n<p>Voici toutes les informations utiles pour participer au Trail Volodalen du Jura qui fait partie des meilleurs Trails du Jura :<\/p>\n\n\n\n<ul class=\"wp-block-list\">\n<li><strong>Dates<\/strong>&nbsp;: Fin Juillet<\/li>\n\n\n\n<li><strong>Distances<\/strong>&nbsp;: 70km, 43km, 27km, 17km, 10km<\/li>\n\n\n\n<li><strong>D\u00e9nivel\u00e9 + \/ &#8211; :<\/strong> 2 000m D+, 1 200m D+, 900m D+, 500m D+, 250m D+<\/li>\n\n\n\n<li><strong>Type<\/strong>&nbsp;: Trail de montagne<\/li>\n\n\n\n<li><strong>O\u00f9 s&#8217;inscrire ?<\/strong>&nbsp;:&nbsp;Trail du Volodalen du Jura<\/li>\n\n\n\n<li><strong>Tarifs<\/strong>&nbsp;: 12 \u00e0 50\u20ac<\/li>\n<\/ul>\n\n\n\n<h2 class=\"wp-block-heading\" id=\"trail-des-recul\u00e9es\"><span id=\"trail-des-reculees\">Trail des Recul\u00e9es<\/span><\/h2>\n\n\n\n<figure class=\"wp-block-image size-full\"><img loading=\"lazy\" decoding=\"async\" width=\"600\" height=\"399\" src=\"https:\/\/blog.toploc.com\/wp-content\/uploads\/2023\/12\/320001668-11-d275be6c49a846ada0d29c9f3b0ab23f-600x399-1.jpg\" alt=\"Les environs de Lons-le-Saunier \u00a9 Jura Tourisme\" class=\"wp-image-138378\"\/><figcaption class=\"wp-element-caption\">Les environs de Lons-le-Saunier \u00a9 Jura Tourisme<\/figcaption><\/figure>\n\n\n\n<h3 class=\"wp-block-heading\" id=\"pourquoi-la-trail-des-recul\u00e9es-fait-partie-des-meilleurs-trails-du-jura-\"><span id=\"pourquoi-le-trail-des-reculees-fait-partie-des-meilleurs-trails-du-jura\">Pourquoi le Trail des Recul\u00e9es fait partie des meilleurs trails du Jura ?<\/span><\/h3>\n\n\n\n<p>L&#8217;association du All Jura Trail vous propose 4 circuits, il y en a au moins un qui VOUS est adapt\u00e9 ! Ils vous emm\u00e8nent \u00e0 la d\u00e9couverte du Jura et de ses Recul\u00e9es au d\u00e9part de Lons-le-Saunier, \u00e0 l&#8217;ouest du Jura, proche de la Sa\u00f4ne-et-Loire. 13km pour 320m D+, 20km pour 700m D+, 34km pour 1 000mD+ ou 50km pour 1 700m D+, lequel vous correspond le mieux ? De la difficult\u00e9 des sentiers \u00e0 la qualit\u00e9 des paysages, ses courses ont tout pour vous pr\u00e9parer \u00e0 des courses plus longues au cours de la saison !<\/p>\n\n\n\n<h3 class=\"wp-block-heading\" id=\"infos-cl\u00e9s---trail-des-recul\u00e9es-\"><span id=\"infos-cles-trail-des-reculees\">Infos cl\u00e9s &#8211; Trail des Recul\u00e9es :<\/span><\/h3>\n\n\n\n<p>Voici toutes les informations utiles pour participer au Trail des Recul\u00e9es qui fait partie des meilleurs Trails du Jura :<\/p>\n\n\n\n<ul class=\"wp-block-list\">\n<li><strong>Dates<\/strong>&nbsp;: D\u00e9but avril<\/li>\n\n\n\n<li><strong>Distances<\/strong>&nbsp;: 50km, 34km, 20km, 13km<\/li>\n\n\n\n<li><strong>D\u00e9nivel\u00e9 + \/ &#8211;  <\/strong>: 1 700m D+, 1 000m D+, 700m D+, 320m D+<\/li>\n\n\n\n<li><strong>Type<\/strong>&nbsp;: Trail de campagne<\/li>\n\n\n\n<li><strong>O\u00f9 s&#8217;inscrire ?<\/strong>&nbsp;:&nbsp;Trail des Recul\u00e9es<\/li>\n\n\n\n<li><strong>Tarifs<\/strong>&nbsp;: 13 \u00e0 50\u20ac<\/li>\n<\/ul>\n\n\n\n<h2 class=\"wp-block-heading\" id=\"le-trail-du-cirque-du-fer-\u00e0-cheval\"><span id=\"le-trail-du-cirque-du-fer-a-cheval\">Le Trail du Cirque du Fer \u00e0 Cheval<\/span><\/h2>\n\n\n\n<figure class=\"wp-block-image size-full\"><img loading=\"lazy\" decoding=\"async\" width=\"1488\" height=\"992\" src=\"https:\/\/blog.toploc.com\/wp-content\/uploads\/2023\/12\/img_7820.jpg\" alt=\"Trail du Cirque du Fer \u00e0 Cheval \u00a9 Jura Tourisme\" class=\"wp-image-138379\"\/><figcaption class=\"wp-element-caption\">Trail du Cirque du Fer \u00e0 Cheval \u00a9 Jura Tourisme<\/figcaption><\/figure>\n\n\n\n<h3 class=\"wp-block-heading\" id=\"pourquoi-la-le-trail-du-cirque-du-fer-\u00e0-cheval-fait-partie-des-meilleurs-trails-du-jura-\"><span id=\"pourquoi-le-trail-du-cirque-du-fer-a-cheval-fait-partie-des-meilleurs-trails-du-jura\">Pourquoi Le Trail du Cirque du Fer \u00e0 Cheval fait partie des meilleurs trails du Jura ?<\/span><\/h3>\n\n\n\n<p>Le Trail du Cirque du Fer \u00e0 Cheval vous donne rendez-vous mi-mars \u00e0 Arbois, dans le Jura, au sud de Besan\u00e7on. L&#8217;association du trail du Cirque du Fer \u00e0 Cheval vous propose 4 parcours de petits et moyens trails : 46km, 32km, 22km et 10km pour des d\u00e9nivel\u00e9s respectifs de 2 000m, 1 400m, 780m et 400m D+. Le 46km est parfait pour s&#8217;\u00e9chauffer en vue d&#8217;un trail long, il vous fera traverser des villages du vignoble arboisien, un bout du GR59, le belv\u00e9d\u00e8re du Cirque du Fer \u00e0 Cheval&#8230; L&#8217;association vous propose \u00e9galement un trail nocturne et urbain en novembre : le Noct&#8217;urbain !<\/p>\n\n\n\n<h3 class=\"wp-block-heading\" id=\"infos-cl\u00e9s---le-trail-du-cirque-du-fer-\u00e0-cheval-\"><span id=\"infos-cles-le-trail-du-cirque-du-fer-a-cheval\">Infos cl\u00e9s &#8211; Le Trail du Cirque du Fer \u00e0 Cheval :<\/span><\/h3>\n\n\n\n<p>Voici toutes les informations utiles pour participer au Trail du Cirque du Fer \u00e0 Cheval qui fait partie des meilleurs Trails du Jura :<\/p>\n\n\n\n<ul class=\"wp-block-list\">\n<li><strong>Dates<\/strong>&nbsp;: Mi-mars<\/li>\n\n\n\n<li><strong>Distances<\/strong>&nbsp;: 10km, 22km, 32km, 46km<\/li>\n\n\n\n<li><strong>D\u00e9nivel\u00e9 + \/ &#8211;<\/strong> : 400m D+, 780m D+, 1 400m D+, 2 000m D+<\/li>\n\n\n\n<li><strong>Type<\/strong>&nbsp;: Trail de montagne<\/li>\n\n\n\n<li><strong>O\u00f9 s&#8217;inscrire ?<\/strong>&nbsp;:&nbsp;Trail du Cirque du Fer \u00e0 Cheval<\/li>\n\n\n\n<li><strong>Tarifs<\/strong>&nbsp;: 12 \u00e0 46\u20ac<\/li>\n<\/ul>\n\n\n\n<h2 class=\"wp-block-heading\" id=\"trail-trait-morbier\">Trail Trait Morbier<\/h2>\n\n\n\n<figure class=\"wp-block-image size-full\"><img loading=\"lazy\" decoding=\"async\" width=\"1920\" height=\"1080\" src=\"https:\/\/blog.toploc.com\/wp-content\/uploads\/2023\/12\/lacs.jpg\" alt=\"Trail Trait du Morbier \u00a9 Betrail\" class=\"wp-image-138380\"\/><figcaption class=\"wp-element-caption\">Trail Trait du Morbier \u00a9 Betrail<\/figcaption><\/figure>\n\n\n\n<h3 class=\"wp-block-heading\" id=\"pourquoi-la-trail-trait-morbier-fait-partie-des-meilleurs-trails-du-jura-\"><span id=\"pourquoi-le-trail-trait-morbier-fait-partie-des-meilleurs-trails-du-jura\">Pourquoi le Trail Trait Morbier fait partie des meilleurs trails du Jura ?<\/span><\/h3>\n\n\n\n<p>Le trail Trait Morbier est une aventure qui commence au Frasnois, \u00e0 quelques kilom\u00e8tres de la Suisse, au nord du parc naturel r\u00e9gional du Haut Jura et proche des c\u00e9l\u00e8bres cascades du Herisson. Parcourez ces sentiers et montagnes et d\u00e9couvrez la r\u00e9gion \u00e0 travers ses lacs, ses falaises et le Pic de l&#8217;Aigle. Convivialit\u00e9 oblige, chaque participant recevra une part de Morbier ! Des trails de d\u00e9couverte de 13km ou 5km, entre 100 et 200m de d\u00e9nivel\u00e9 positif, un trail court de 26km pour 960m de d\u00e9nivel\u00e9 positif ou encore un trail moyen de 40km pour 1 530m de d\u00e9nivel\u00e9 positif, vous tentez lequel ? Il y a m\u00eame des parcours pour les enfants et des relais !<\/p>\n\n\n\n<h3 class=\"wp-block-heading\" id=\"infos-cl\u00e9s---trail-trait-morbier-\"><span id=\"infos-cles-trail-trait-morbier\">Infos cl\u00e9s &#8211; Trail Trait Morbier :<\/span><\/h3>\n\n\n\n<p>Voici toutes les informations utiles pour participer au Trail Trait Morbier qui fait partie des meilleurs Trails du Jura :<\/p>\n\n\n\n<ul class=\"wp-block-list\">\n<li><strong>Dates<\/strong>&nbsp;: Mi-mai<\/li>\n\n\n\n<li><strong>Distances<\/strong>&nbsp;: 40km, 26km, 13km, 5km<\/li>\n\n\n\n<li><strong>D\u00e9nivel\u00e9 + \/ &#8211; :<\/strong> 1 530m D+, 960m D+, 200m D+, 110m D+<\/li>\n\n\n\n<li><strong>Type<\/strong>&nbsp;: Trail de campagne et montagne<\/li>\n\n\n\n<li><strong>O\u00f9 s&#8217;inscrire ?<\/strong>&nbsp;:&nbsp;Trail Trait du Morbier<\/li>\n\n\n\n<li><strong>Tarifs<\/strong>&nbsp;: 5 \u00e0 40\u20ac<\/li>\n<\/ul>\n\n\n\n<h2 class=\"wp-block-heading\" id=\"trail-de-lours\">Trail de l&#8217;Ours<\/h2>\n\n\n\n<figure class=\"wp-block-image size-full\"><img loading=\"lazy\" decoding=\"async\" width=\"2048\" height=\"1536\" src=\"https:\/\/blog.toploc.com\/wp-content\/uploads\/2023\/12\/342868345_200826519403443_8031779788736074892_n.jpg\" alt=\"Traileurs Val'O Jura \u00a9 Facebook - Traileurs Val'O Jura\" class=\"wp-image-138381\"\/><figcaption class=\"wp-element-caption\">Traileurs Val&#8217;O Jura \u00a9 Facebook &#8211; Traileurs Val&#8217;O Jura<\/figcaption><\/figure>\n\n\n\n<h3 class=\"wp-block-heading\" id=\"pourquoi-la-trail-de-lours-fait-partie-des-meilleurs-trails-du-jura-\"><span id=\"pourquoi-le-trail-de-lours-fait-partie-des-meilleurs-trails-du-jura\">Pourquoi le Trail de l&#8217;Ours fait partie des meilleurs trails du Jura ?<\/span><\/h3>\n\n\n\n<p>L&#8217;association des Traileurs Val&#8217;O Jura a pour objectif de proposer des \u00e9preuves \u00e0 tous, c&#8217;est de l\u00e0 qu&#8217;est n\u00e9 le Trail de l&#8217;Ours avec de la marche et du trail tout niveau. Ces trails court et d\u00e9couverte de 19 et 9km pour respectivement 950m et 450m de d\u00e9nivel\u00e9 positif sont des semi-nocturnes, ils ont lieu en fin de journ\u00e9e et fin septembre, o\u00f9 le climat peut encore \u00eatre cl\u00e9ment. Les courses se d\u00e9roulent dans le parc naturel r\u00e9gional du Haut-Jura et vous invite \u00e0 un moment convivial \u00e0 l&#8217;arriv\u00e9e avec musique et food trucks !<\/p>\n\n\n\n<h3 class=\"wp-block-heading\" id=\"infos-cl\u00e9s---trail-de-lours-\"><span id=\"infos-cles-trail-de-lours\">Infos cl\u00e9s &#8211; Trail de l&#8217;Ours :<\/span><\/h3>\n\n\n\n<p>Voici toutes les informations utiles pour participer au Trail de l&#8217;Ours qui fait partie des meilleurs Trails du Jura :<\/p>\n\n\n\n<ul class=\"wp-block-list\">\n<li><strong>Dates<\/strong>&nbsp;: Fin septembre<\/li>\n\n\n\n<li><strong>Distances<\/strong>&nbsp;: 19km, 9km<\/li>\n\n\n\n<li><strong>D\u00e9nivel\u00e9 + \/ &#8211; :<\/strong> 950m D+, 450m D+<\/li>\n\n\n\n<li><strong>Type<\/strong>&nbsp;: Trail de campagne<\/li>\n\n\n\n<li><strong>O\u00f9 s&#8217;inscrire ?<\/strong>&nbsp;:&nbsp;Trail de l&#8217;Ours<\/li>\n\n\n\n<li><strong>Tarifs<\/strong>&nbsp;: 10 \u00e0 22\u20ac<\/li>\n<\/ul>\n\n\n\n<h2 class=\"wp-block-heading\" id=\"trail-des-7-monts\">Trail des 7 Monts<\/h2>\n\n\n\n<figure class=\"wp-block-image size-full\"><img loading=\"lazy\" decoding=\"async\" width=\"1024\" height=\"768\" src=\"https:\/\/blog.toploc.com\/wp-content\/uploads\/2023\/12\/p1180217-1024x768-1.jpg\" alt=\"Trail des 7 monts \u00a9 Jura Tourisme\" class=\"wp-image-138383\"\/><figcaption class=\"wp-element-caption\">Trail des 7 monts \u00a9 Jura Tourisme<\/figcaption><\/figure>\n\n\n\n<h3 class=\"wp-block-heading\" id=\"pourquoi-la-trail-des-7-monts-fait-partie-des-meilleurs-trails-du-jura-\"><span id=\"pourquoi-le-trail-des-7-monts-fait-partie-des-meilleurs-trails-du-jura\">Pourquoi le Trail des 7 Monts fait partie des meilleurs trails du Jura ?<\/span><\/h3>\n\n\n\n<p>Le trail des 7 Monts est un trail de moyenne montagne relativement technique, mais avec de beaux sentiers et une ambiance TR\u00c8S conviviale ! Les parcours font d\u00e9couvrir le Haut-Jura \u00e0 tous les traileurs de tous niveaux. Le 34km vous propose de nombreux belv\u00e9d\u00e8res ainsi que des descentes techniques et des mont\u00e9es s\u00e8ches, les Gorges du Flumen, les Plati\u00e8res&#8230; L&#8217;ambiance est festive et conviviale \u00e0 Septmoncel qui foisonne d&#8217;animations pour l&#8217;occasion ! Une version courte de 15km pour 590m de d\u00e9nivel\u00e9 positif et une version d\u00e9couverte de 9km pour 360m de d\u00e9nivel\u00e9 positif. Ce trail se situe au c\u0153ur du parc naturel r\u00e9gional du Haut-Jura, \u00e0 5km de la Suisse.<\/p>\n\n\n\n<h3 class=\"wp-block-heading\" id=\"infos-cl\u00e9s---trail-des-7-monts-\"><span id=\"infos-cles-trail-des-7-monts\">Infos cl\u00e9s &#8211; Trail des 7 Monts :<\/span><\/h3>\n\n\n\n<p>Voici toutes les informations utiles pour participer au Trail des 7 Monts qui fait partie des meilleurs Trails du Jura :<\/p>\n\n\n\n<ul class=\"wp-block-list\">\n<li><strong>Dates<\/strong>&nbsp;: D\u00e9but octobre<\/li>\n\n\n\n<li><strong>Distances<\/strong>&nbsp;: 34km, 15km, 7km<\/li>\n\n\n\n<li><strong>D\u00e9nivel\u00e9 + \/ &#8211;<\/strong> : 1 900m D+, 590m D+, 360m D+<\/li>\n\n\n\n<li><strong>Type<\/strong>&nbsp;: Trail de moyenne montagne<\/li>\n\n\n\n<li><strong>O\u00f9 s&#8217;inscrire ?<\/strong>&nbsp;:&nbsp;Trail des 7 Monts<\/li>\n\n\n\n<li><strong>Tarifs<\/strong>&nbsp;: 10 \u00e0 35\u20ac<\/li>\n<\/ul>\n\n\n\n<h2 class=\"wp-block-heading\" id=\"dark-trail\">Dark Trail<\/h2>\n\n\n\n<figure class=\"wp-block-image size-full\"><img loading=\"lazy\" decoding=\"async\" width=\"1080\" height=\"1080\" src=\"https:\/\/blog.toploc.com\/wp-content\/uploads\/2023\/12\/407745739_843933641066130_4989183250129359989_n.jpg\" alt=\"Dark Trail \u00a9 Facebook - Dark Trail\" class=\"wp-image-138385\"\/><figcaption class=\"wp-element-caption\">Dark Trail \u00a9 Facebook &#8211; Dark Trail<\/figcaption><\/figure>\n\n\n\n<h3 class=\"wp-block-heading\" id=\"pourquoi-la-dark-trail-fait-partie-des-meilleurs-trails-du-jura-\"><span id=\"pourquoi-le-dark-trail-fait-partie-des-meilleurs-trails-du-jura\">Pourquoi le Dark Trail fait partie des meilleurs trails du Jura ?<\/span><\/h3>\n\n\n\n<p>Le Dark Trail propose 3 courses sur des sentiers vari\u00e9s et un terrain vallonn\u00e9 pour tester le trail de nuit ou en \u00e9chauffement pour les trails nocturnes de l&#8217;hiver ! Le d\u00e9part se fait \u00e0 Orgelet, \u00e0 l&#8217;ouest du Jura, proche de la Sa\u00f4ne-et-Loire, \u00e0 la fraiche, en fin de journ\u00e9e du 11 novembre ! Pour la course de 30km, vous irez jusqu&#8217;\u00e0 la Recul\u00e9e en passant par le bois de Vara et la montagne d&#8217;\u00c9crille. Malgr\u00e9 la fraicheur de cette soir\u00e9e du 11 novembre, une tartiflette et un vin chaud vous seront propos\u00e9s \u00e0 l&#8217;arriv\u00e9e ! Diff\u00e9rentes courses de petits et moyens trails vous sont propos\u00e9es : 10km pour 310m D+, 20km pour 780m D+ et 31km pour 1 130m D+.<\/p>\n\n\n\n<h3 class=\"wp-block-heading\" id=\"infos-cl\u00e9s---dark-trail-\"><span id=\"infos-cles-dark-trail\">Infos cl\u00e9s &#8211; Dark Trail :<\/span><\/h3>\n\n\n\n<p>Voici toutes les informations utiles pour participer au Dark Trail qui fait partie des meilleurs Trails du Jura :<\/p>\n\n\n\n<ul class=\"wp-block-list\">\n<li><strong>Dates<\/strong>&nbsp;: Le 11 Novembre<\/li>\n\n\n\n<li><strong>Distances<\/strong>&nbsp;: 10km, 20km, 31km<\/li>\n\n\n\n<li><strong>D\u00e9nivel\u00e9 + \/ &#8211; :<\/strong> 310m D+, 780m D+, 1 130m D+<\/li>\n\n\n\n<li><strong>Type<\/strong>&nbsp;: Trail de campagne<\/li>\n\n\n\n<li><strong>O\u00f9 s&#8217;inscrire ?<\/strong>&nbsp;:&nbsp;Dark Trail<\/li>\n\n\n\n<li><strong>Tarifs<\/strong>&nbsp;: 15 \u00e0 25\u20ac<\/li>\n<\/ul>\n\n\n\n<h2 class=\"wp-block-heading\" id=\"trail-des-comm\u00e8res\"><span id=\"trail-des-commeres\">Trail des Comm\u00e8res<\/span><\/h2>\n\n\n\n<figure class=\"wp-block-image size-full\"><img loading=\"lazy\" decoding=\"async\" width=\"5616\" height=\"3744\" src=\"https:\/\/blog.toploc.com\/wp-content\/uploads\/2023\/12\/Sirod_-_img_43939.jpg\" alt=\"Sirod \u00a9 Wikipedia\" class=\"wp-image-138386\"\/><figcaption class=\"wp-element-caption\">Sirod \u00a9 Wikipedia<\/figcaption><\/figure>\n\n\n\n<h3 class=\"wp-block-heading\" id=\"pourquoi-la-trail-des-comm\u00e8res-fait-partie-des-meilleurs-trails-du-jura-\"><span id=\"pourquoi-le-trail-des-commeres-fait-partie-des-meilleurs-trails-du-jura\">Pourquoi le Trail des Comm\u00e8res fait partie des meilleurs trails du Jura ?<\/span><\/h3>\n\n\n\n<p>Le trail des Comm\u00e8res repr\u00e9sente une tr\u00e8s belle d\u00e9couverte du monde du trail gr\u00e2ce \u00e0 des trails de d\u00e9couvertes et trails courts de 6km, 11km et 23 km pour des d\u00e9nivel\u00e9s respectifs de 230m, 380m et 1 120m de d\u00e9nivel\u00e9 positif. Comptez 10\u20ac de plus au tarif d&#8217;inscription pour avoir le repas inclus. Des parcours enfants et des randonn\u00e9es sont \u00e9galement propos\u00e9s, le tout au d\u00e9part de Sirod, au nord du parc naturel r\u00e9gional du Haut-Jura, proche du Doubs et de la Suisse.<\/p>\n\n\n\n<div class=\"wp-block-buttons is-content-justification-center is-layout-flex wp-container-core-buttons-is-layout-16018d1d wp-block-buttons-is-layout-flex\">\n<div class=\"wp-block-button\"><a class=\"wp-block-button__link has-background has-small-font-size has-custom-font-size wp-element-button\" href=\"https:\/\/toploc.com\/locations-vacances\/jura\/?utm_source=blog&amp;utm_medium=CTA&amp;utm_campaign=trail-jura\" style=\"background-color:#006b52\"><strong>\ud83d\udc49NOS H\u00c9BERGEMENTS JURA<\/strong><\/a><\/div>\n<\/div>\n\n\n\n<h3 class=\"wp-block-heading\" id=\"infos-cl\u00e9s---trail-des-comm\u00e8res-\"><span id=\"infos-cles-trail-des-commeres\">Infos cl\u00e9s &#8211; Trail des Comm\u00e8res :<\/span><\/h3>\n\n\n\n<p>Voici toutes les informations utiles pour participer au Trail des Comm\u00e8res qui fait partie des meilleurs Trails du Jura :<\/p>\n\n\n\n<ul class=\"wp-block-list\">\n<li><strong>Dates<\/strong>&nbsp;: Fin octobre<\/li>\n\n\n\n<li><strong>Distances<\/strong>&nbsp;: 7km, 11km, 23km<\/li>\n\n\n\n<li><strong>D\u00e9nivel\u00e9 + \/ &#8211; <\/strong> : 230m D+, 380m D+, 1 120m D+<\/li>\n\n\n\n<li><strong>Type<\/strong>&nbsp;: Trail de campagne<\/li>\n\n\n\n<li><strong>O\u00f9 s&#8217;inscrire ?<\/strong>&nbsp;:&nbsp;Trail des Comm\u00e8res<\/li>\n\n\n\n<li><strong>Tarifs<\/strong>&nbsp;: 10 \u00e0 23\u20ac<\/li>\n<\/ul>\n\n\n\n<h2 class=\"wp-block-heading\" id=\"trail-de-la-croix-du-dan\">Trail de la Croix du Dan<\/h2>\n\n\n\n<figure class=\"wp-block-image size-full\"><img loading=\"lazy\" decoding=\"async\" width=\"560\" height=\"420\" src=\"https:\/\/blog.toploc.com\/wp-content\/uploads\/2023\/12\/m-la-croix-du-dan-visorando-102415.jpg\" alt=\"Trail de la Croix du Dan \u00a9 Visorando\" class=\"wp-image-138387\"\/><figcaption class=\"wp-element-caption\">Trail de la Croix du Dan \u00a9 Visorando<\/figcaption><\/figure>\n\n\n\n<h3 class=\"wp-block-heading\" id=\"pourquoi-la-trail-de-la-croix-du-dan-fait-partie-des-meilleurs-trails-du-jura-\"><span id=\"pourquoi-le-trail-de-la-croix-du-dan-fait-partie-des-meilleurs-trails-du-jura\">Pourquoi le Trail de la Croix du Dan fait partie des meilleurs trails du Jura ?<\/span><\/h3>\n\n\n\n<p>L&#8217;association de l&#8217;Entente Jura Centre Athl\u00e9tisme vous propose d\u00e9but mars le Trail de la Croix du Dan. Au d\u00e9part de Poligny, dans le Jura, au nord du parc naturel r\u00e9gional du Haut-Jura, proche de la Suisse, le parcours aux paysages vari\u00e9s vous fait traverser le comt\u00e9 de Grimont, les recul\u00e9es, les grottes mais aussi ses monast\u00e8res et toutes les richesses du territoire. Au programme : 3 courses de 31km pour 927m de d\u00e9nivel\u00e9 positif, 24km pour 854m de d\u00e9nivel\u00e9 positif, et 12km pour 423m de d\u00e9nivel\u00e9 positif. Le club vous propose une restauration sur place, tout en convivialit\u00e9, ainsi qu&#8217;une dotation de produits r\u00e9gionaux !<\/p>\n\n\n\n<h3 class=\"wp-block-heading\" id=\"infos-cl\u00e9s---trail-de-la-croix-du-dan-\"><span id=\"infos-cles-trail-de-la-croix-du-dan\">Infos cl\u00e9s &#8211; Trail de la Croix du Dan :<\/span><\/h3>\n\n\n\n<p>Voici toutes les informations utiles pour participer au Trail de la Croix du Dan qui fait partie des meilleurs Trails du Jura :<\/p>\n\n\n\n<ul class=\"wp-block-list\">\n<li><strong>Dates<\/strong>&nbsp;: D\u00e9but mars<\/li>\n\n\n\n<li><strong>Distances<\/strong>&nbsp;: 31km, 24km, 12km<\/li>\n\n\n\n<li><strong>D\u00e9nivel\u00e9 + \/ &#8211;  :<\/strong> 927m D+, 854m D+, 423m D+<\/li>\n\n\n\n<li><strong>Type<\/strong>&nbsp;: Trail de campagne<\/li>\n\n\n\n<li><strong>O\u00f9 s&#8217;inscrire ?<\/strong>&nbsp;:&nbsp;Trail de la Croix de Dan<\/li>\n\n\n\n<li><strong>Tarifs<\/strong>&nbsp;: 15 \u00e0 26\u20ac<\/li>\n<\/ul>\n\n\n\n<h2 class=\"wp-block-heading\" id=\"ou-se-loger-et-profiter-des-plages-de-saint-cyr-sur-mer\"><span id=\"ou-se-loger-et-profiter-des-trails-du-jura\">O\u00f9 se loger et profiter des trails du Jura ?<\/span><\/h2>\n\n\n\n<p>Si vous souhaitez profiter des trails du Jura vous chercherez certainement des\u00a0<a href=\"https:\/\/www.toploc.com\/locations-vacances\/jura\" type=\"link\" id=\"https:\/\/www.toploc.com\/locations-vacances\/jura\">locations de vacances dans le Jura<\/a> ou un <a href=\"https:\/\/toploc.com\/chalet\/jura\">chalet Jura<\/a>. Pour r\u00e9server c\u2019est tr\u00e8s simple, vous pouvez contactez nos h\u00f4tes en direct.<\/p>\n\n\n\n<iframe loading=\"lazy\" width=\"100%\" height=\"450px\" frameborder=\"0\" src=\"https:\/\/toploc.com\/embed\/maps?location=Bourgogne%20Franche%20Comte;bbox_area=2.9683220255353433%2C45.91380495650992%2C6.996682825535146%2C48.582104101133865\"><\/iframe>\n\n\n\n<p>Alexandra pour Toploc<\/p>\n","protected":false},"excerpt":{"rendered":"Voici notre s\u00e9lection des meilleurs trails pour courir dans le Jura. Si vous souhaitez participer \u00e0 l&#8217;un des&hellip;\n","protected":false},"author":12,"featured_media":138379,"comment_status":"open","ping_status":"closed","sticky":false,"template":"","format":"standard","meta":{"footnotes":""},"categories":[114,6882,7353],"tags":[7289],"class_list":{"0":"post-138375","1":"post","2":"type-post","3":"status-publish","4":"format-standard","5":"has-post-thumbnail","7":"category-france","8":"category-montagne","9":"category-trails","10":"tag-trail-du-jura"},"yoast_head":"<!-- This site is optimized with the Yoast SEO plugin v26.9 - https:\/\/yoast.com\/product\/yoast-seo-wordpress\/ -->\n<title>Les 10 meilleurs trails du Jura \u00e0 faire en 2026<\/title>\n<meta name=\"description\" content=\"Trails du Jura : UTTJ Un tour en Terre du Jura . Trail Volodalen du Jura . Trail des Recul\u00e9es . Trail du Cirque du Fer \u00e0 Cheval . Dark Trail\" \/>\n<meta name=\"robots\" content=\"index, follow, max-snippet:-1, max-image-preview:large, max-video-preview:-1\" \/>\n<link rel=\"canonical\" href=\"https:\/\/toploc.com\/blog\/france\/trails-du-jura\" \/>\n<meta property=\"og:locale\" content=\"fr_FR\" \/>\n<meta property=\"og:type\" content=\"article\" \/>\n<meta property=\"og:title\" content=\"Les 10 meilleurs trails du Jura \u00e0 faire en 2026\" \/>\n<meta property=\"og:description\" content=\"Trails du Jura : UTTJ Un tour en Terre du Jura . Trail Volodalen du Jura . Trail des Recul\u00e9es . Trail du Cirque du Fer \u00e0 Cheval . Dark Trail\" \/>\n<meta property=\"og:url\" content=\"https:\/\/toploc.com\/blog\/france\/trails-du-jura\" \/>\n<meta property=\"og:site_name\" content=\"Toploc\" \/>\n<meta property=\"article:publisher\" content=\"https:\/\/www.facebook.com\/locationfrancophone\" \/>\n<meta property=\"article:published_time\" content=\"2026-03-08T13:42:29+00:00\" \/>\n<meta property=\"article:modified_time\" content=\"2026-03-20T13:42:32+00:00\" \/>\n<meta property=\"og:image\" content=\"https:\/\/toploc.com\/blog\/wp-content\/uploads\/2023\/12\/img_7820.jpg\" \/>\n\t<meta property=\"og:image:width\" content=\"1488\" \/>\n\t<meta property=\"og:image:height\" content=\"992\" \/>\n\t<meta property=\"og:image:type\" content=\"image\/jpeg\" \/>\n<meta name=\"author\" content=\"Alexandra\" \/>\n<meta name=\"twitter:card\" content=\"summary_large_image\" \/>\n<meta name=\"twitter:label1\" content=\"\u00c9crit par\" \/>\n\t<meta name=\"twitter:data1\" content=\"Alexandra\" \/>\n\t<meta name=\"twitter:label2\" content=\"Dur\u00e9e de lecture estim\u00e9e\" \/>\n\t<meta name=\"twitter:data2\" content=\"13 minutes\" \/>\n<script type=\"application\/ld+json\" class=\"yoast-schema-graph\">{\"@context\":\"https:\/\/schema.org\",\"@graph\":[{\"@type\":\"Article\",\"@id\":\"https:\/\/toploc.com\/blog\/france\/trails-du-jura#article\",\"isPartOf\":{\"@id\":\"https:\/\/toploc.com\/blog\/france\/trails-du-jura\"},\"author\":{\"name\":\"Alexandra\",\"@id\":\"https:\/\/toploc.com\/blog\/#\/schema\/person\/e493e6ec213b1c6de6b8e3ab3794d7b0\"},\"headline\":\"Les 10 meilleurs trails du Jura \u00e0 faire en 2026\",\"datePublished\":\"2026-03-08T13:42:29+00:00\",\"dateModified\":\"2026-03-20T13:42:32+00:00\",\"mainEntityOfPage\":{\"@id\":\"https:\/\/toploc.com\/blog\/france\/trails-du-jura\"},\"wordCount\":2217,\"commentCount\":0,\"publisher\":{\"@id\":\"https:\/\/toploc.com\/blog\/#organization\"},\"image\":{\"@id\":\"https:\/\/toploc.com\/blog\/france\/trails-du-jura#primaryimage\"},\"thumbnailUrl\":\"https:\/\/toploc.com\/blog\/wp-content\/uploads\/2023\/12\/img_7820.jpg\",\"keywords\":[\"trail du Jura\"],\"articleSection\":[\"Itin\u00e9raires France\",\"Montagne\",\"Trails\"],\"inLanguage\":\"fr-FR\",\"potentialAction\":[{\"@type\":\"CommentAction\",\"name\":\"Comment\",\"target\":[\"https:\/\/toploc.com\/blog\/france\/trails-du-jura#respond\"]}]},{\"@type\":\"WebPage\",\"@id\":\"https:\/\/toploc.com\/blog\/france\/trails-du-jura\",\"url\":\"https:\/\/toploc.com\/blog\/france\/trails-du-jura\",\"name\":\"Les 10 meilleurs trails du Jura \u00e0 faire en 2026\",\"isPartOf\":{\"@id\":\"https:\/\/toploc.com\/blog\/#website\"},\"primaryImageOfPage\":{\"@id\":\"https:\/\/toploc.com\/blog\/france\/trails-du-jura#primaryimage\"},\"image\":{\"@id\":\"https:\/\/toploc.com\/blog\/france\/trails-du-jura#primaryimage\"},\"thumbnailUrl\":\"https:\/\/toploc.com\/blog\/wp-content\/uploads\/2023\/12\/img_7820.jpg\",\"datePublished\":\"2026-03-08T13:42:29+00:00\",\"dateModified\":\"2026-03-20T13:42:32+00:00\",\"description\":\"Trails du Jura : UTTJ Un tour en Terre du Jura . Trail Volodalen du Jura . Trail des Recul\u00e9es . Trail du Cirque du Fer \u00e0 Cheval . Dark Trail\",\"breadcrumb\":{\"@id\":\"https:\/\/toploc.com\/blog\/france\/trails-du-jura#breadcrumb\"},\"inLanguage\":\"fr-FR\",\"potentialAction\":[{\"@type\":\"ReadAction\",\"target\":[\"https:\/\/toploc.com\/blog\/france\/trails-du-jura\"]}]},{\"@type\":\"ImageObject\",\"inLanguage\":\"fr-FR\",\"@id\":\"https:\/\/toploc.com\/blog\/france\/trails-du-jura#primaryimage\",\"url\":\"https:\/\/toploc.com\/blog\/wp-content\/uploads\/2023\/12\/img_7820.jpg\",\"contentUrl\":\"https:\/\/toploc.com\/blog\/wp-content\/uploads\/2023\/12\/img_7820.jpg\",\"width\":1488,\"height\":992,\"caption\":\"Trail du Cirque du Fer \u00e0 Cheval \u00a9 Jura Tourisme\"},{\"@type\":\"BreadcrumbList\",\"@id\":\"https:\/\/toploc.com\/blog\/france\/trails-du-jura#breadcrumb\",\"itemListElement\":[{\"@type\":\"ListItem\",\"position\":1,\"name\":\"Accueil\",\"item\":\"https:\/\/toploc.com\/blog\"},{\"@type\":\"ListItem\",\"position\":2,\"name\":\"Les 10 meilleurs trails du Jura \u00e0 faire en 2026\"}]},{\"@type\":\"WebSite\",\"@id\":\"https:\/\/toploc.com\/blog\/#website\",\"url\":\"https:\/\/toploc.com\/blog\/\",\"name\":\"Toploc\",\"description\":\"Itin\u00e9raires natures et locations de vacances en groupe\",\"publisher\":{\"@id\":\"https:\/\/toploc.com\/blog\/#organization\"},\"potentialAction\":[{\"@type\":\"SearchAction\",\"target\":{\"@type\":\"EntryPoint\",\"urlTemplate\":\"https:\/\/toploc.com\/blog\/?s={search_term_string}\"},\"query-input\":{\"@type\":\"PropertyValueSpecification\",\"valueRequired\":true,\"valueName\":\"search_term_string\"}}],\"inLanguage\":\"fr-FR\"},{\"@type\":\"Organization\",\"@id\":\"https:\/\/toploc.com\/blog\/#organization\",\"name\":\"Toploc\",\"url\":\"https:\/\/toploc.com\/blog\/\",\"logo\":{\"@type\":\"ImageObject\",\"inLanguage\":\"fr-FR\",\"@id\":\"https:\/\/toploc.com\/blog\/#\/schema\/logo\/image\/\",\"url\":\"https:\/\/blog.toploc.com\/wp-content\/uploads\/2022\/03\/toploc_facebook_5.png\",\"contentUrl\":\"https:\/\/blog.toploc.com\/wp-content\/uploads\/2022\/03\/toploc_facebook_5.png\",\"width\":600,\"height\":600,\"caption\":\"Toploc\"},\"image\":{\"@id\":\"https:\/\/toploc.com\/blog\/#\/schema\/logo\/image\/\"},\"sameAs\":[\"https:\/\/www.facebook.com\/locationfrancophone\",\"https:\/\/www.instagram.com\/toploc_\",\"https:\/\/www.pinterest.fr\/Toploc_\/\"]},{\"@type\":\"Person\",\"@id\":\"https:\/\/toploc.com\/blog\/#\/schema\/person\/e493e6ec213b1c6de6b8e3ab3794d7b0\",\"name\":\"Alexandra\",\"image\":{\"@type\":\"ImageObject\",\"inLanguage\":\"fr-FR\",\"@id\":\"https:\/\/toploc.com\/blog\/#\/schema\/person\/image\/\",\"url\":\"https:\/\/secure.gravatar.com\/avatar\/a42119a3a40440a91ac2a1d3c6d8eb86030f32d77fc402a054e43badfb40c5f2?s=96&d=mm&r=g\",\"contentUrl\":\"https:\/\/secure.gravatar.com\/avatar\/a42119a3a40440a91ac2a1d3c6d8eb86030f32d77fc402a054e43badfb40c5f2?s=96&d=mm&r=g\",\"caption\":\"Alexandra\"},\"description\":\"Passionn\u00e9e de grands espaces j'ai \u00e0 coeur de partager mes recherches et d\u00e9couvertes \u00e0 la mer, la montagne et la campagne.\",\"url\":\"https:\/\/toploc.com\/blog\/author\/alexandratoploc-com\"}]}<\/script>\n<!-- \/ Yoast SEO plugin. -->","yoast_head_json":{"title":"Les 10 meilleurs trails du Jura \u00e0 faire en 2026","description":"Trails du Jura : UTTJ Un tour en Terre du Jura . Trail Volodalen du Jura . Trail des Recul\u00e9es . Trail du Cirque du Fer \u00e0 Cheval . Dark Trail","robots":{"index":"index","follow":"follow","max-snippet":"max-snippet:-1","max-image-preview":"max-image-preview:large","max-video-preview":"max-video-preview:-1"},"canonical":"https:\/\/toploc.com\/blog\/france\/trails-du-jura","og_locale":"fr_FR","og_type":"article","og_title":"Les 10 meilleurs trails du Jura \u00e0 faire en 2026","og_description":"Trails du Jura : UTTJ Un tour en Terre du Jura . Trail Volodalen du Jura . Trail des Recul\u00e9es . Trail du Cirque du Fer \u00e0 Cheval . Dark Trail","og_url":"https:\/\/toploc.com\/blog\/france\/trails-du-jura","og_site_name":"Toploc","article_publisher":"https:\/\/www.facebook.com\/locationfrancophone","article_published_time":"2026-03-08T13:42:29+00:00","article_modified_time":"2026-03-20T13:42:32+00:00","og_image":[{"width":1488,"height":992,"url":"https:\/\/toploc.com\/blog\/wp-content\/uploads\/2023\/12\/img_7820.jpg","type":"image\/jpeg"}],"author":"Alexandra","twitter_card":"summary_large_image","twitter_misc":{"\u00c9crit par":"Alexandra","Dur\u00e9e de lecture estim\u00e9e":"13 minutes"},"schema":{"@context":"https:\/\/schema.org","@graph":[{"@type":"Article","@id":"https:\/\/toploc.com\/blog\/france\/trails-du-jura#article","isPartOf":{"@id":"https:\/\/toploc.com\/blog\/france\/trails-du-jura"},"author":{"name":"Alexandra","@id":"https:\/\/toploc.com\/blog\/#\/schema\/person\/e493e6ec213b1c6de6b8e3ab3794d7b0"},"headline":"Les 10 meilleurs trails du Jura \u00e0 faire en 2026","datePublished":"2026-03-08T13:42:29+00:00","dateModified":"2026-03-20T13:42:32+00:00","mainEntityOfPage":{"@id":"https:\/\/toploc.com\/blog\/france\/trails-du-jura"},"wordCount":2217,"commentCount":0,"publisher":{"@id":"https:\/\/toploc.com\/blog\/#organization"},"image":{"@id":"https:\/\/toploc.com\/blog\/france\/trails-du-jura#primaryimage"},"thumbnailUrl":"https:\/\/toploc.com\/blog\/wp-content\/uploads\/2023\/12\/img_7820.jpg","keywords":["trail du Jura"],"articleSection":["Itin\u00e9raires France","Montagne","Trails"],"inLanguage":"fr-FR","potentialAction":[{"@type":"CommentAction","name":"Comment","target":["https:\/\/toploc.com\/blog\/france\/trails-du-jura#respond"]}]},{"@type":"WebPage","@id":"https:\/\/toploc.com\/blog\/france\/trails-du-jura","url":"https:\/\/toploc.com\/blog\/france\/trails-du-jura","name":"Les 10 meilleurs trails du Jura \u00e0 faire en 2026","isPartOf":{"@id":"https:\/\/toploc.com\/blog\/#website"},"primaryImageOfPage":{"@id":"https:\/\/toploc.com\/blog\/france\/trails-du-jura#primaryimage"},"image":{"@id":"https:\/\/toploc.com\/blog\/france\/trails-du-jura#primaryimage"},"thumbnailUrl":"https:\/\/toploc.com\/blog\/wp-content\/uploads\/2023\/12\/img_7820.jpg","datePublished":"2026-03-08T13:42:29+00:00","dateModified":"2026-03-20T13:42:32+00:00","description":"Trails du Jura : UTTJ Un tour en Terre du Jura . Trail Volodalen du Jura . Trail des Recul\u00e9es . Trail du Cirque du Fer \u00e0 Cheval . Dark Trail","breadcrumb":{"@id":"https:\/\/toploc.com\/blog\/france\/trails-du-jura#breadcrumb"},"inLanguage":"fr-FR","potentialAction":[{"@type":"ReadAction","target":["https:\/\/toploc.com\/blog\/france\/trails-du-jura"]}]},{"@type":"ImageObject","inLanguage":"fr-FR","@id":"https:\/\/toploc.com\/blog\/france\/trails-du-jura#primaryimage","url":"https:\/\/toploc.com\/blog\/wp-content\/uploads\/2023\/12\/img_7820.jpg","contentUrl":"https:\/\/toploc.com\/blog\/wp-content\/uploads\/2023\/12\/img_7820.jpg","width":1488,"height":992,"caption":"Trail du Cirque du Fer \u00e0 Cheval \u00a9 Jura Tourisme"},{"@type":"BreadcrumbList","@id":"https:\/\/toploc.com\/blog\/france\/trails-du-jura#breadcrumb","itemListElement":[{"@type":"ListItem","position":1,"name":"Accueil","item":"https:\/\/toploc.com\/blog"},{"@type":"ListItem","position":2,"name":"Les 10 meilleurs trails du Jura \u00e0 faire en 2026"}]},{"@type":"WebSite","@id":"https:\/\/toploc.com\/blog\/#website","url":"https:\/\/toploc.com\/blog\/","name":"Toploc","description":"Itin\u00e9raires natures et locations de vacances en groupe","publisher":{"@id":"https:\/\/toploc.com\/blog\/#organization"},"potentialAction":[{"@type":"SearchAction","target":{"@type":"EntryPoint","urlTemplate":"https:\/\/toploc.com\/blog\/?s={search_term_string}"},"query-input":{"@type":"PropertyValueSpecification","valueRequired":true,"valueName":"search_term_string"}}],"inLanguage":"fr-FR"},{"@type":"Organization","@id":"https:\/\/toploc.com\/blog\/#organization","name":"Toploc","url":"https:\/\/toploc.com\/blog\/","logo":{"@type":"ImageObject","inLanguage":"fr-FR","@id":"https:\/\/toploc.com\/blog\/#\/schema\/logo\/image\/","url":"https:\/\/blog.toploc.com\/wp-content\/uploads\/2022\/03\/toploc_facebook_5.png","contentUrl":"https:\/\/blog.toploc.com\/wp-content\/uploads\/2022\/03\/toploc_facebook_5.png","width":600,"height":600,"caption":"Toploc"},"image":{"@id":"https:\/\/toploc.com\/blog\/#\/schema\/logo\/image\/"},"sameAs":["https:\/\/www.facebook.com\/locationfrancophone","https:\/\/www.instagram.com\/toploc_","https:\/\/www.pinterest.fr\/Toploc_\/"]},{"@type":"Person","@id":"https:\/\/toploc.com\/blog\/#\/schema\/person\/e493e6ec213b1c6de6b8e3ab3794d7b0","name":"Alexandra","image":{"@type":"ImageObject","inLanguage":"fr-FR","@id":"https:\/\/toploc.com\/blog\/#\/schema\/person\/image\/","url":"https:\/\/secure.gravatar.com\/avatar\/a42119a3a40440a91ac2a1d3c6d8eb86030f32d77fc402a054e43badfb40c5f2?s=96&d=mm&r=g","contentUrl":"https:\/\/secure.gravatar.com\/avatar\/a42119a3a40440a91ac2a1d3c6d8eb86030f32d77fc402a054e43badfb40c5f2?s=96&d=mm&r=g","caption":"Alexandra"},"description":"Passionn\u00e9e de grands espaces j'ai \u00e0 coeur de partager mes recherches et d\u00e9couvertes \u00e0 la mer, la montagne et la campagne.","url":"https:\/\/toploc.com\/blog\/author\/alexandratoploc-com"}]}},"_links":{"self":[{"href":"https:\/\/toploc.com\/blog\/wp-json\/wp\/v2\/posts\/138375","targetHints":{"allow":["GET"]}}],"collection":[{"href":"https:\/\/toploc.com\/blog\/wp-json\/wp\/v2\/posts"}],"about":[{"href":"https:\/\/toploc.com\/blog\/wp-json\/wp\/v2\/types\/post"}],"author":[{"embeddable":true,"href":"https:\/\/toploc.com\/blog\/wp-json\/wp\/v2\/users\/12"}],"replies":[{"embeddable":true,"href":"https:\/\/toploc.com\/blog\/wp-json\/wp\/v2\/comments?post=138375"}],"version-history":[{"count":13,"href":"https:\/\/toploc.com\/blog\/wp-json\/wp\/v2\/posts\/138375\/revisions"}],"predecessor-version":[{"id":162110,"href":"https:\/\/toploc.com\/blog\/wp-json\/wp\/v2\/posts\/138375\/revisions\/162110"}],"wp:featuredmedia":[{"embeddable":true,"href":"https:\/\/toploc.com\/blog\/wp-json\/wp\/v2\/media\/138379"}],"wp:attachment":[{"href":"https:\/\/toploc.com\/blog\/wp-json\/wp\/v2\/media?parent=138375"}],"wp:term":[{"taxonomy":"category","embeddable":true,"href":"https:\/\/toploc.com\/blog\/wp-json\/wp\/v2\/categories?post=138375"},{"taxonomy":"post_tag","embeddable":true,"href":"https:\/\/toploc.com\/blog\/wp-json\/wp\/v2\/tags?post=138375"}],"curies":[{"name":"wp","href":"https:\/\/api.w.org\/{rel}","templated":true}]}}