{"id":138113,"date":"2026-04-01T15:19:28","date_gmt":"2026-04-01T13:19:28","guid":{"rendered":"https:\/\/blog.toploc.com\/?p=138113"},"modified":"2026-04-01T15:19:29","modified_gmt":"2026-04-01T13:19:29","slug":"trails-annecy","status":"publish","type":"post","link":"https:\/\/toploc.com\/blog\/france\/trails-annecy","title":{"rendered":"Les 11 meilleurs trails d&#8217;Annecy \u00e0 faire en 2026"},"content":{"rendered":"\n<p>Voici notre s\u00e9lection des meilleurs trails d&#8217;Annecy pour courir dans les Alpes et en Haute-Savoie. Si vous souhaitez participer \u00e0 un trail en Haute-Savoie vous chercherez certainement un h\u00e9bergement pour \u00eatre dans les meilleures conditions pour profiter de la course. Pour chaque course, il vous faudra vous munir d&#8217;un certificat m\u00e9dical. Il est important de noter que l&#8217;\u00e9quipement obligatoire diff\u00e8re d&#8217;une course \u00e0 l&#8217;autre. Attention \u00e0 bien consulter toutes les informations avant de vous inscrire. Vous trouverez dans cet article tout ce que vous devez savoir pour choisir votre course parmi les meilleurs trails d&#8217;Annecy.<\/p>\n\n\n\n<div class=\"wp-block-buttons is-content-justification-center is-layout-flex wp-container-core-buttons-is-layout-16018d1d wp-block-buttons-is-layout-flex\">\n<div class=\"wp-block-button\"><a class=\"wp-block-button__link has-background has-small-font-size has-custom-font-size wp-element-button\" href=\"https:\/\/toploc.com\/location\/s\/Annecy--Alpes-occidentales--France\" style=\"background-color:#006b52\" target=\"_blank\" rel=\"noreferrer noopener\"><strong>\u00a0\ud83d\udc49 R\u00c9SERVEZ UN AIRBNB ANNECY<\/strong><\/a><\/div>\n<\/div>\n\n\n\n<p>A lire : <a href=\"https:\/\/toploc.com\/blog\/france\/visiter-annecy\" type=\"link\" id=\"https:\/\/toploc.com\/blog\/france\/visiter-annecy\">Visiter Annecy : que faire et que voir en 1, 2, 3, 4 jours ?<\/a><\/p>\n\n\n\n<h2 class=\"wp-block-heading\" id=\"ou-se-baigner-a-saint-cyr-sur-mer\"><span id=\"ou-faire-du-trail-a-annecy\">O\u00f9 faire du trail \u00e0 Annecy ?<\/span><\/h2>\n\n\n\n<p>Voici la liste des trails que vous pouvez faire \u00e0 Annecy et dans les proches alentours. Nous avons synth\u00e9tis\u00e9 les informations essentielles pour que vous puissiez trouver le trail d&#8217;Annecy qui vous convient le mieux. Notez que les informations relatives \u00e0 la longueur et au d\u00e9nivel\u00e9 peuvent changer d\u2019une ann\u00e9e \u00e0 l\u2019autre. Il est important de v\u00e9rifier aupr\u00e8s du site du trail.<\/p>\n\n\n\n<table id=\"tablepress-130\" class=\"tablepress tablepress-id-130\">\n<thead>\n<tr class=\"row-1 odd\">\n\t<th class=\"column-1\">Trail<\/th><th class=\"column-2\">Date<\/th><th class=\"column-3\">Distance<\/th><th class=\"column-4\">D\u00e9nivel\u00e9<\/th><th class=\"column-5\">Type<\/th>\n<\/tr>\n<\/thead>\n<tbody class=\"row-hover\">\n<tr class=\"row-2 even\">\n\t<td class=\"column-1\">Maxi Race<\/td><td class=\"column-2\">Fin mai\/ d\u00e9but juin<\/td><td class=\"column-3\">16km, 42km, 61km et 94km<\/td><td class=\"column-4\">1 000m D+, 2 500m D+, 3 500m D+ et 5 500m D+<\/td><td class=\"column-5\">Trail en montagne<\/td>\n<\/tr>\n<tr class=\"row-3 odd\">\n\t<td class=\"column-1\">Trail du Laudon<\/td><td class=\"column-2\">D\u00e9but mai<\/td><td class=\"column-3\">14km, 25km et 42km<\/td><td class=\"column-4\">400m D+, 1 100m D+ , 2 100m D+<\/td><td class=\"column-5\">Trail en montagne<\/td>\n<\/tr>\n<tr class=\"row-4 even\">\n\t<td class=\"column-1\">KM Vertical de Manigod<\/td><td class=\"column-2\">Septembre<\/td><td class=\"column-3\">27km, 18km, 10km, 3km<\/td><td class=\"column-4\">2 200m D+, 1 450m D+, 370m D+, 1 000m D+<\/td><td class=\"column-5\">Trail en montagne<\/td>\n<\/tr>\n<tr class=\"row-5 odd\">\n\t<td class=\"column-1\">Trail de Faverges<\/td><td class=\"column-2\">Octobre<\/td><td class=\"column-3\">43km, 26km, 15km<\/td><td class=\"column-4\">3 350m D+, 1 700m D+, 575m D+<\/td><td class=\"column-5\">Trail en montagne<\/td>\n<\/tr>\n<tr class=\"row-6 even\">\n\t<td class=\"column-1\">Trail Blanc du Semnoz<\/td><td class=\"column-2\">Fin janvier<\/td><td class=\"column-3\">11,5km<\/td><td class=\"column-4\">460m D+<\/td><td class=\"column-5\">Trail en montagne<\/td>\n<\/tr>\n<tr class=\"row-7 odd\">\n\t<td class=\"column-1\">Trail du B\u00e9lier<\/td><td class=\"column-2\">Fin aout<\/td><td class=\"column-3\">7km, 15km, 27km, 42km, 84km<\/td><td class=\"column-4\">180m D+, 650m D+, 1000m D+, 1 980m D+, 3 630m D+<\/td><td class=\"column-5\">Trail en montagne<\/td>\n<\/tr>\n<tr class=\"row-8 even\">\n\t<td class=\"column-1\">Trail d'Annecy - Les Glaisins<\/td><td class=\"column-2\">Fin mars<\/td><td class=\"column-3\">10km 18km, 31km<\/td><td class=\"column-4\">450m D+, 1 000m D+, 2 300m D+<\/td><td class=\"column-5\">Trail en montagne<\/td>\n<\/tr>\n<tr class=\"row-9 odd\">\n\t<td class=\"column-1\">Trail de la Mandallaz<\/td><td class=\"column-2\">Avril<\/td><td class=\"column-3\">10,4km et 21,6km<\/td><td class=\"column-4\">10,4km et 21,6km<\/td><td class=\"column-5\">Trail en montagne<\/td>\n<\/tr>\n<tr class=\"row-10 even\">\n\t<td class=\"column-1\">Trail de l'Aigle<\/td><td class=\"column-2\">Juillet<\/td><td class=\"column-3\">11 et 26km<\/td><td class=\"column-4\">11 et 26km<\/td><td class=\"column-5\">Trail en montagne<\/td>\n<\/tr>\n<tr class=\"row-11 odd\">\n\t<td class=\"column-1\">Les 24h de la Balme<\/td><td class=\"column-2\">Septembre<\/td><td class=\"column-3\">1 700m<\/td><td class=\"column-4\">Quasiment plat<\/td><td class=\"column-5\">Trail en montagne<\/td>\n<\/tr>\n<\/tbody>\n<\/table>\n<!-- #tablepress-130 from cache -->\n\n\n\n<h2 class=\"wp-block-heading\" id=\"maxi-race\">Maxi Race<\/h2>\n\n\n\n<figure class=\"wp-block-image size-full is-resized\"><img loading=\"lazy\" decoding=\"async\" width=\"1437\" height=\"914\" src=\"https:\/\/blog.toploc.com\/wp-content\/uploads\/2022\/07\/vue-lac-annecy-depuis-la-cochette-toploc.png\" alt=\"Vue sur le lac d'Annecy depuis la Cochette pendant la Maxi Race 2022 \u00a9 Toploc\" class=\"wp-image-121794\" style=\"width:680px;height:auto\"\/><figcaption class=\"wp-element-caption\">Vue sur le lac d&#8217;Annecy depuis la Cochette pendant la Maxi Race 2022 \u00a9 Toploc<\/figcaption><\/figure>\n\n\n\n<h3 class=\"wp-block-heading\" id=\"pourquoi-la-maxi-race-fait-partie-des-meilleurs-trail-dannecy-\"><span id=\"pourquoi-la-maxi-race-fait-partie-des-meilleurs-trails-dannecy\">Pourquoi la Maxi Race fait partie des meilleurs trails d&#8217;Annecy ?<\/span><\/h3>\n\n\n\n<p>La Maxi Race d&#8217;Annecy c&#8217;est 94km autour du lac \u00e0 enchainer les sommets pour un d\u00e9nivel\u00e9 total de 5 100M D+ ! D&#8217;autres courses sont propos\u00e9es : courses enfants, 42km, 16 km (une versione femme et une version homme) et 61km. Le d\u00e9part\/arriv\u00e9e de ce trail d&#8217;Annecy se fait sur la plage d&#8217;Albigny. L&#8217;\u00e9v\u00e9nement est organis\u00e9 par l&#8217;association de la Maxi Race d&#8217;Annecy.<\/p>\n\n\n\n<p>A lire : <a href=\"https:\/\/toploc.com\/blog\/montagne\/maxi-race-annecy\" type=\"link\" id=\"https:\/\/toploc.com\/blog\/montagne\/maxi-race-annecy\">Maxi Race 88km de trail running autour du lac d&#8217;Annecy en solo<\/a><\/p>\n\n\n\n<h3 class=\"wp-block-heading\" id=\"infos-cl\u00e9s---maxi-race-\"><span id=\"infos-cles-maxi-race\">Infos cl\u00e9s &#8211; Maxi Race :<\/span><\/h3>\n\n\n\n<p>Voici toutes les informations utiles pour participer \u00e0 la Maxi Race qui fait partie des meilleurs trail d&#8217;Annecy :<\/p>\n\n\n\n<ul class=\"wp-block-list\">\n<li><strong>Dates<\/strong>&nbsp;: Fin mai\/ d\u00e9but juin<\/li>\n\n\n\n<li><strong>Distances<\/strong>&nbsp;: 9km 16km, 42km, 61km et 94km<\/li>\n\n\n\n<li><strong>D\u00e9nivel\u00e9 + \/ &#8211; <\/strong>: 990m D+, 1 000m D+, 2 500m D+, 3 500mD+, 5 100m D+<\/li>\n\n\n\n<li><strong>Type<\/strong>&nbsp;: Trail de montagne<\/li>\n\n\n\n<li><strong>O\u00f9 s&#8217;inscrire ?<\/strong>&nbsp;: Maxi-Race&nbsp;<\/li>\n\n\n\n<li><strong>Tarifs<\/strong>&nbsp;: 22 \u00e0 150\u20ac<\/li>\n\n\n\n<li><strong>Avis<\/strong>&nbsp;: 4\/5 selon 12 avis Runagora<\/li>\n<\/ul>\n\n\n\n<h2 class=\"wp-block-heading\" id=\"trail-du-laudon\">Trail du Laudon<\/h2>\n\n\n\n<figure class=\"wp-block-image size-full\"><img loading=\"lazy\" decoding=\"async\" width=\"2000\" height=\"1334\" src=\"https:\/\/blog.toploc.com\/wp-content\/uploads\/2023\/12\/image-293.png\" alt=\"Trail du Laudon 2021 \u00a9 Ski-nordique.net Trail du Laudon\" class=\"wp-image-138192\"\/><figcaption class=\"wp-element-caption\">Trail du Laudon 2021 \u00a9 Ski-nordique.net Trail du Laudon<\/figcaption><\/figure>\n\n\n\n<h3 class=\"wp-block-heading\" id=\"pourquoi-la-trail-du-laudon-fait-partie-des-meilleurs--\"><span id=\"pourquoi-le-trail-du-laudon-fait-partie-des-meilleurs-trails-dannecy\">Pourquoi le Trail du Laudon fait partie des meilleurs trails d&#8217;Annecy ?<\/span><\/h3>\n\n\n\n<p>Le trail du Laudon c&#8217;est 42km de bonheur qui font le tour de Saint-Jorioz, du bord du lac aux ravito&#8217; sur les hauteurs, avec un manifique cadre aux couleurs printani\u00e8res. Ce trail d&#8217;Annecy se d\u00e9roule au sud de celle-ci, au bord du lac du m\u00eame nom. L&#8217;\u00e9v\u00e9nement est coorganis\u00e9 par l&#8217;association du Trail du Laudon, une agence d&#8217;\u00e9v\u00e9nementiel sportif bas\u00e9e \u00e0 Saint-Jorioz.<\/p>\n\n\n\n<p>A lire : <a href=\"https:\/\/toploc.com\/blog\/france\/visiter-la-haute-savoie\" type=\"link\" id=\"https:\/\/toploc.com\/blog\/france\/visiter-la-haute-savoie\">Les 20 choses \u00e0 voir et \u00e0 faire pour visiter la Haute-Savoie<\/a><\/p>\n\n\n\n<h3 class=\"wp-block-heading\" id=\"infos-cl\u00e9s---trail-du-laudon-\"><span id=\"infos-cles-trail-du-laudon\">Infos cl\u00e9s &#8211; Trail du Laudon :<\/span><\/h3>\n\n\n\n<p>Voici toutes les informations utiles pour participer \u00e0 la Trail du Laudon qui fait partie des meilleurs trail d&#8217;Annecy :<\/p>\n\n\n\n<ul class=\"wp-block-list\">\n<li><strong>Dates<\/strong>&nbsp;: D\u00e9but mai<\/li>\n\n\n\n<li><strong>Distances<\/strong>&nbsp;: 14km, 25km et 42km<\/li>\n\n\n\n<li><strong>D\u00e9nivel\u00e9 + \/ &#8211; <\/strong>: 40m D+,1 100m D+, 2 100m D+<\/li>\n\n\n\n<li><strong>Type<\/strong>&nbsp;: Trail de montagne<\/li>\n\n\n\n<li><strong>O\u00f9 s&#8217;inscrire ?<\/strong>&nbsp;:&nbsp;Trail du Laudon<\/li>\n\n\n\n<li><strong>Tarifs<\/strong>&nbsp;: 15 \u00e0 45\u20ac<\/li>\n\n\n\n<li><strong>Avis<\/strong>&nbsp;: 4,7\/5 selon 3 avis Google<\/li>\n<\/ul>\n\n\n\n<h2 class=\"wp-block-heading\" id=\"km-vertical-de-manigod\">KM Vertical de Manigod<\/h2>\n\n\n\n<figure class=\"wp-block-image size-full\"><img loading=\"lazy\" decoding=\"async\" width=\"1600\" height=\"1067\" src=\"https:\/\/blog.toploc.com\/wp-content\/uploads\/2023\/12\/resultat-KVmanigod.jpg\" alt=\"KM Vertical de Manigod \u00a9 u-Trail\" class=\"wp-image-138116\"\/><figcaption class=\"wp-element-caption\">KM Vertical de Manigod \u00a9 u-Trail<\/figcaption><\/figure>\n\n\n\n<h3 class=\"wp-block-heading\" id=\"pourquoi-la-km-vertical-de-manigod-fait-partie-des-meilleurs--\"><span id=\"pourquoi-le-km-vertical-de-manigod-fait-partie-des-meilleurs-trails-dannecy\">Pourquoi le KM Vertical de Manigod fait partie des meilleurs trails d&#8217;Annecy?<\/span><\/h3>\n\n\n\n<p>De Manigod \u00e0 La Giettaz, le KM Vertical c&#8217;est un d\u00e9fi \u00e0 relev\u00e9 ! Ce trail d&#8217;Annecy c&#8217;est 3km de mont\u00e9e avec une pente \u00e0 plus de 32% de moyenne ! Il se d\u00e9roule \u00e0 proximit\u00e9 du col des Aravis, non loin d&#8217;Annecy, au coeur des montagnes de la Haute-Savoie. Organis\u00e9 par les traileurs du massif des Aravis, ce week-end est support\u00e9 par des partenaires locaux (Versant Nord, TSL, Manigod&#8230;). Les tarifs des dossards incluent les repas qui suivent les courses.<\/p>\n\n\n\n<h3 class=\"wp-block-heading\" id=\"infos-cl\u00e9s---km-vertical-de-manigod-\"><span id=\"infos-cles-km-vertical-de-manigod\">Infos cl\u00e9s &#8211; KM Vertical de Manigod :<\/span><\/h3>\n\n\n\n<p>Voici toutes les informations utiles pour participer \u00e0 la KM Vertical de Manigod qui fait partie des meilleurs trail d&#8217;Annecy :<\/p>\n\n\n\n<ul class=\"wp-block-list\">\n<li><strong>Dates<\/strong>&nbsp;: Septembre<\/li>\n\n\n\n<li><strong>Distances<\/strong>&nbsp;: 27km, 18km, 10km, 3km<\/li>\n\n\n\n<li><strong>D\u00e9nivel\u00e9 + \/ &#8211;<\/strong> : 2 200m D+, 1 450m D+, 370m D+, 1000m D+<\/li>\n\n\n\n<li><strong>Type<\/strong>&nbsp;: Trail en montagne<\/li>\n\n\n\n<li><strong>O\u00f9 s&#8217;inscrire ?<\/strong>&nbsp;:&nbsp;Kilom\u00e8tre Vertical Manigod<\/li>\n\n\n\n<li><strong>Tarifs<\/strong>&nbsp;: 17 \u00e0 65\u20ac<\/li>\n\n\n\n<li><strong>Avis<\/strong>&nbsp;: 5\/5 selon 2 avis Facebook<\/li>\n<\/ul>\n\n\n\n<h2 class=\"wp-block-heading\" id=\"trail-de-faverges\">Trail de Faverges<\/h2>\n\n\n\n<figure class=\"wp-block-image size-full\"><img loading=\"lazy\" decoding=\"async\" width=\"640\" height=\"427\" src=\"https:\/\/blog.toploc.com\/wp-content\/uploads\/2023\/12\/tfs23-selectionwebfil-140.jpg\" alt=\"Trail de Faverges \u00a9 Trails Endurance Mag\" class=\"wp-image-138120\"\/><figcaption class=\"wp-element-caption\">Trail de Faverges \u00a9 Trails Endurance Mag<\/figcaption><\/figure>\n\n\n\n<h3 class=\"wp-block-heading\" id=\"pourquoi-la-trail-de-faverges-fait-partie-des-meilleurs--\"><span id=\"pourquoi-le-trail-de-faverges-fait-partie-des-meilleurs-trails-dannecy\">Pourquoi le Trail de Faverges fait partie des meilleurs trails d&#8217;Annecy ?<\/span><\/h3>\n\n\n\n<p>Le trail de Faverges c&#8217;est le tour de la Sambuy en 43km et 3 350m D+ et D-. Plusieurs courses et parcours sont propos\u00e9s (enfants, 15 et 26km). L&#8217;association du trail de Faverges est l&#8217;organisateur officiel de ce week-end de trail d&#8217;Annecy. Situ\u00e9 au sud du lac d&#8217;Annecy, vous aurez une vue imprenable d&#8217;une part sur le lac, mais \u00e9galement sur le massif des Bauges et la vall\u00e9e d&#8217;Albertville.<\/p>\n\n\n\n<h3 class=\"wp-block-heading\" id=\"infos-cl\u00e9s---trail-de-faverges-\"><span id=\"infos-cles-trail-de-faverges\">Infos cl\u00e9s &#8211; Trail de Faverges :<\/span><\/h3>\n\n\n\n<p>Voici toutes les informations utiles pour participer \u00e0 la Trail de Faverges qui fait partie des meilleurs trail d&#8217;Annecy :<\/p>\n\n\n\n<ul class=\"wp-block-list\">\n<li><strong>Dates<\/strong>&nbsp;: Octobre<\/li>\n\n\n\n<li><strong>Distances<\/strong>&nbsp;: 43km, 26km, 15km<\/li>\n\n\n\n<li><strong>D\u00e9nivel\u00e9 + \/ &#8211;<\/strong> : 2 200m D+, 1 450m D+, 370m D+ 1 000m D+<\/li>\n\n\n\n<li><strong>Type<\/strong>&nbsp;: Trail en montagne<\/li>\n\n\n\n<li><strong>O\u00f9 s&#8217;inscrire ?<\/strong>&nbsp;:&nbsp;Trail de Faverges<\/li>\n\n\n\n<li><strong>Tarifs<\/strong>&nbsp;: 15 \u00e0 45\u20ac<\/li>\n\n\n\n<li><strong>Avis<\/strong>&nbsp;: 4,7\/5 sur 13 avis Facebook<\/li>\n<\/ul>\n\n\n\n<h2 class=\"wp-block-heading\" id=\"trail-blanc-du-semnoz\">Trail Blanc du Semnoz<\/h2>\n\n\n\n<figure class=\"wp-block-image size-full\"><img loading=\"lazy\" decoding=\"async\" width=\"1024\" height=\"683\" src=\"https:\/\/blog.toploc.com\/wp-content\/uploads\/2023\/12\/image-296.png\" alt=\"Trail Blanc du Semnoz \u00a9 Ski-nordique.net\" class=\"wp-image-138195\"\/><figcaption class=\"wp-element-caption\">Trail Blanc du Semnoz \u00a9 Ski-nordique.net<\/figcaption><\/figure>\n\n\n\n<h3 class=\"wp-block-heading\" id=\"pourquoi-la-trail-blanc-du-semnoz-fait-partie-des-meilleurs--\"><span id=\"pourquoi-le-trail-blanc-du-semnoz-fait-partie-des-meilleurs-trails-dannecy\">Pourquoi le Trail Blanc du Semnoz fait partie des meilleurs trails d&#8217;Annecy ?<\/span><\/h3>\n\n\n\n<p>Assistez \u00e0 votre plus beau coucher de soleil de l&#8217;hiver depuis le plateau sommital du Semnoz avec une vue sur le Mont-Blanc et les massifs alpins ! Cette course nocturne de 11,5km et 460m de D+ se fait dans la neige (b\u00e2tons interdits, frontale obligatoire). Ce trail d&#8217;Annecy est organis\u00e9 par l&#8217;association du Trail Blanc du Semnoz et ce d\u00e9roule au sud de l&#8217;agglom\u00e9ration dans une ambiance festive avec vin chaud \u00e0 l&#8217;arriv\u00e9e !<\/p>\n\n\n\n<h3 class=\"wp-block-heading\" id=\"infos-cl\u00e9s---trail-blanc-du-semnoz-\"><span id=\"infos-cles-trail-blanc-du-semnoz\">Infos cl\u00e9s &#8211; Trail Blanc du Semnoz :<\/span><\/h3>\n\n\n\n<p>Voici toutes les informations utiles pour participer \u00e0 la Trail Blanc du Semnoz qui fait partie des meilleurs trail d&#8217;Annecy :<\/p>\n\n\n\n<ul class=\"wp-block-list\">\n<li><strong>Dates<\/strong>&nbsp;: Fin janvier<\/li>\n\n\n\n<li><strong>Distances<\/strong>&nbsp;: 11,5km<\/li>\n\n\n\n<li><strong>D\u00e9nivel\u00e9 + \/ &#8211;<\/strong> : 460m D+<\/li>\n\n\n\n<li><strong>Type<\/strong>&nbsp;: Trail en montagne<\/li>\n\n\n\n<li><strong>O\u00f9 s&#8217;inscrire ?<\/strong>&nbsp;: Trail Blanc Semnoz &nbsp;<\/li>\n\n\n\n<li><strong>Tarifs<\/strong>&nbsp;: 20<\/li>\n\n\n\n<li><strong>Avis<\/strong>&nbsp;: 4,8\/5 selon 2 avis Runagora<\/li>\n<\/ul>\n\n\n\n<h2 class=\"wp-block-heading\" id=\"trail-du-b\u00e9lier\"><span id=\"trail-du-belier\">Trail du B\u00e9lier<\/span><\/h2>\n\n\n\n<figure class=\"wp-block-image size-full\"><img loading=\"lazy\" decoding=\"async\" width=\"2048\" height=\"1309\" src=\"https:\/\/blog.toploc.com\/wp-content\/uploads\/2023\/12\/belier-dimanche-c.hudry-22-scaled-e1690365921386-2048x1309-1.jpg\" alt=\"Trail du B\u00e9lier \u00a9 lebelier-laclusaz.fr\" class=\"wp-image-138126\"\/><figcaption class=\"wp-element-caption\">Trail du B\u00e9lier \u00a9 lebelier-laclusaz.fr<\/figcaption><\/figure>\n\n\n\n<h3 class=\"wp-block-heading\" id=\"pourquoi-la-trail-du-b\u00e9lier-fait-partie-des-meilleurs--\"><span id=\"pourquoi-le-trail-du-belier-fait-partie-des-meilleurs-trails-dannecy\">Pourquoi le Trail du B\u00e9lier fait partie des meilleurs trails d&#8217;Annecy ?<\/span><\/h3>\n\n\n\n<p>Le super b\u00e9lier est une course originale qui se d\u00e9roule sur un week-end, dont le but est d&#8217;enchainer les courses de 15km le vendredi, 27km le samedi et 42km le dimanche ! L&#8217;association du B\u00e9lier vous fait d\u00e9couvrir le massif des aravis jusqu&#8217;au Danay. A partir de 7km pour 180m de d\u00e9nivel\u00e9, ce trail d&#8217;Annecy est accessible \u00e0 tout niveau ! Une version Trail blanc (8 ou 14km en janvier dans la neige) et VTT existent ausi.<\/p>\n\n\n\n<h3 class=\"wp-block-heading\" id=\"infos-cl\u00e9s---trail-du-b\u00e9lier-\"><span id=\"infos-cles-trail-du-belier\">Infos cl\u00e9s &#8211; Trail du B\u00e9lier :<\/span><\/h3>\n\n\n\n<p>Voici toutes les informations utiles pour participer \u00e0 la Trail du B\u00e9lier qui fait partie des meilleurs trail d&#8217;Annecy :<\/p>\n\n\n\n<ul class=\"wp-block-list\">\n<li><strong>Dates<\/strong>&nbsp;: Fin aout<\/li>\n\n\n\n<li><strong>Distances<\/strong>&nbsp;: 7km, 15km, 27km, 42km, 84km<\/li>\n\n\n\n<li><strong>D\u00e9nivel\u00e9 + \/ &#8211;<\/strong> : 180m D+, 650m D+, 1 000m D+, 1 980m D+, 3 630m D+<\/li>\n\n\n\n<li><strong>Type<\/strong>&nbsp;: Trail en montagne<\/li>\n\n\n\n<li><strong>O\u00f9 s&#8217;inscrire ?<\/strong>&nbsp;: Le B\u00e9lier la Clusaz<\/li>\n\n\n\n<li><strong>Tarifs<\/strong>&nbsp;: 15 \u00e0 49\u20ac<\/li>\n\n\n\n<li><strong>Avis<\/strong>&nbsp;: 4,9\/5 selon 56 avis Google<\/li>\n<\/ul>\n\n\n\n<h2 class=\"wp-block-heading\" id=\"trail-dannecy---les-glaisins\"><span id=\"trail-dannecy-les-glaisins\">Trail d&#8217;Annecy &#8211; Les Glaisins<\/span><\/h2>\n\n\n\n<figure class=\"wp-block-image size-full\"><img loading=\"lazy\" decoding=\"async\" width=\"1350\" height=\"900\" src=\"https:\/\/blog.toploc.com\/wp-content\/uploads\/2023\/12\/image-295.png\" alt=\"Trail d'Annecy aux Glaisins \u00a9 Facebook trail Annecy\" class=\"wp-image-138194\"\/><figcaption class=\"wp-element-caption\">Trail d&#8217;Annecy aux Glaisins \u00a9 Facebook trail Annecy<\/figcaption><\/figure>\n\n\n\n<h3 class=\"wp-block-heading\" id=\"pourquoi-la-trail-dannecy---les-glaisins-fait-partie-des-meilleurs--\"><span id=\"pourquoi-le-trail-dannecy-les-glaisins-fait-partie-des-meilleurs-trails-dannecy\">Pourquoi le Trail d&#8217;Annecy &#8211; Les Glaisins fait partie des meilleurs trails d&#8217;Annecy?<\/span><\/h3>\n\n\n\n<p>Ce trail d&#8217;Annecy vous fera parcourir les hauteurs d&#8217;Annecy-le-Vieux de la base du Mont-Veyrier au bord du Fier. 10, 18 ou 31km pour 450 \u00e0 2300m D+ avec des courses pour les plus jeunes \u00e9galement. L&#8217;association du Trail d&#8217;Annecy &#8211; Les Glaisins vous propose ce trail de montagne pour bien commencer la saison des trails !<\/p>\n\n\n\n<h3 class=\"wp-block-heading\" id=\"infos-cl\u00e9s---trail-dannecy---les-glaisins-\"><span id=\"infos-cles-trail-dannecy-les-glaisins\">Infos cl\u00e9s &#8211; Trail d&#8217;Annecy &#8211; Les Glaisins :<\/span><\/h3>\n\n\n\n<p>Voici toutes les informations utiles pour participer \u00e0 la Trail d&#8217;Annecy &#8211; Les Glaisins qui fait partie des meilleurs trail d&#8217;Annecy :<\/p>\n\n\n\n<ul class=\"wp-block-list\">\n<li><strong>Dates<\/strong>&nbsp;: Fin mars<\/li>\n\n\n\n<li><strong>Distances<\/strong>&nbsp;: 10km 18km, 31km<\/li>\n\n\n\n<li><strong>D\u00e9nivel\u00e9 + \/ &#8211;<\/strong>  : 450m D+, 1000m D+, 2 300m D+<\/li>\n\n\n\n<li><strong>Type<\/strong>&nbsp;: Trail en montagne<\/li>\n\n\n\n<li><strong>O\u00f9 s&#8217;inscrire ?<\/strong>&nbsp;: Trail les Glaisins \u00e0 Annecy<\/li>\n\n\n\n<li><strong>Tarifs<\/strong>&nbsp;: 15 \u00e0 35\u20ac<\/li>\n\n\n\n<li><strong>Avis<\/strong>&nbsp;: 5\/5 selon 2 avis Facebook<\/li>\n<\/ul>\n\n\n\n<h2 class=\"wp-block-heading\" id=\"trail-de-la-mandallaz\">Trail de la Mandallaz<\/h2>\n\n\n\n<figure class=\"wp-block-image size-full\"><img loading=\"lazy\" decoding=\"async\" width=\"1407\" height=\"940\" src=\"https:\/\/blog.toploc.com\/wp-content\/uploads\/2023\/12\/9f4ddd8b4806bb7d5ce4eb112bb0d92f-10979499-1407x940-1.jpg\" alt=\"T\u00eate de la Mandallaz \u00a9 Savoie Mont Blanc\" class=\"wp-image-138130\"\/><figcaption class=\"wp-element-caption\">T\u00eate de la Mandallaz \u00a9 Savoie Mont Blanc<\/figcaption><\/figure>\n\n\n\n<h3 class=\"wp-block-heading\" id=\"pourquoi-la-trail-de-la-mandallaz-fait-partie-des-meilleurs--\"><span id=\"pourquoi-le-trail-de-la-mandallaz-fait-partie-des-meilleurs-trails-dannecy\">Pourquoi le Trail de la Mandallaz fait partie des meilleurs trails d&#8217;Annecy ?<\/span><\/h3>\n\n\n\n<p>En avril, l&#8217;association du Trail de la Mandallaz vous propose 2 trails de 10,4km et 21,6km pour respectivement 440m et 900m de D+ au d\u00e9part de la Balme de Sillingy. D\u00e9couvrez le belv\u00e9d\u00e8re et la vue qu&#8217;offre la Mandallaz sur le lac d&#8217;Annecy ! Ambiance conviviale et familiale, chaque participant repart avec un lot !<\/p>\n\n\n\n<h3 class=\"wp-block-heading\" id=\"infos-cl\u00e9s---trail-de-la-mandallaz-\"><span id=\"infos-cles-trail-de-la-mandallaz\">Infos cl\u00e9s &#8211; Trail de la Mandallaz :<\/span><\/h3>\n\n\n\n<p>Voici toutes les informations utiles pour participer \u00e0 la Trail de la Mandallaz qui fait partie des meilleurs trail d&#8217;Annecy :<\/p>\n\n\n\n<ul class=\"wp-block-list\">\n<li><strong>Dates<\/strong>&nbsp;: Avril<\/li>\n\n\n\n<li><strong>Distances<\/strong>&nbsp;: 10,4km et 21,6km<\/li>\n\n\n\n<li><strong>D\u00e9nivel\u00e9 + \/ &#8211;<\/strong> : 440m D+, 900m D+<\/li>\n\n\n\n<li><strong>Type<\/strong>&nbsp;: Trail en montagne<\/li>\n\n\n\n<li><strong>O\u00f9 s&#8217;inscrire ?<\/strong>&nbsp;:&nbsp;Trail de la Mandallaz<\/li>\n\n\n\n<li><strong>Tarifs<\/strong>&nbsp;: 12 et 18\u20ac<\/li>\n\n\n\n<li><strong>Avis<\/strong>&nbsp;: Pas d&#8217;avis<\/li>\n<\/ul>\n\n\n\n<h2 class=\"wp-block-heading\" id=\"trail-de-laigle\"><span id=\"trail-de-laigle-a-manigod\">Trail de l&#8217;Aigle \u00e0 Manigod<\/span><\/h2>\n\n\n\n<figure class=\"wp-block-image size-full\"><img loading=\"lazy\" decoding=\"async\" width=\"2048\" height=\"1536\" src=\"https:\/\/blog.toploc.com\/wp-content\/uploads\/2023\/12\/image-3-2.jpg\" alt=\"Trail de l'Aigle \u00a9 www.aiglemanigod.com\" class=\"wp-image-138131\"\/><figcaption class=\"wp-element-caption\">Trail de l&#8217;Aigle \u00a9 www.aiglemanigod.com<\/figcaption><\/figure>\n\n\n\n<h3 class=\"wp-block-heading\" id=\"pourquoi-la-trail-de-laigle-fait-partie-des-meilleurs--\"><span id=\"pourquoi-le-trail-de-laigle-fait-partie-des-meilleurs-trails-dannecy\">Pourquoi le Trail de l&#8217;Aigle fait partie des meilleurs trails d&#8217;Annecy ?<\/span><\/h3>\n\n\n\n<p>Organis\u00e9 par le club des sports de Manigod, le trail de l&#8217;aigle vous fait traverser le massif des Aravis avec des trails de 11 et 26km pour des d\u00e9nivel\u00e9s respectifs de 460m D+ et 1 300m D+. L&#8217;organisation 100% b\u00e9n\u00e9vole vous offre un repas chaud et un reblochon \u00e0 l&#8217;arriv\u00e9e !<\/p>\n\n\n\n<h3 class=\"wp-block-heading\" id=\"infos-cl\u00e9s---trail-de-laigle-\"><span id=\"infos-cles-trail-de-laigle\">Infos cl\u00e9s &#8211; Trail de l&#8217;Aigle :<\/span><\/h3>\n\n\n\n<p>Voici toutes les informations utiles pour participer \u00e0 la Trail de l&#8217;Aigle qui fait partie des meilleurs trail d&#8217;Annecy :<\/p>\n\n\n\n<ul class=\"wp-block-list\">\n<li><strong>Dates<\/strong>&nbsp;: Juillet<\/li>\n\n\n\n<li><strong>Distances<\/strong>&nbsp;: 11 et 26km<\/li>\n\n\n\n<li><strong>D\u00e9nivel\u00e9 + \/ &#8211;<\/strong> : 460m D+ et 1 300m D+<\/li>\n\n\n\n<li><strong>Type<\/strong>&nbsp;: Trail en montagne<\/li>\n\n\n\n<li><strong>O\u00f9 s&#8217;inscrire ?<\/strong>&nbsp;: Trail de l&#8217;Aigle \u00e0 Manigod<\/li>\n\n\n\n<li><strong>Tarifs<\/strong>&nbsp;: 20\u20ac<\/li>\n\n\n\n<li><strong>Avis<\/strong>&nbsp;: Pas d&#8217;avis<\/li>\n<\/ul>\n\n\n\n<h2 class=\"wp-block-heading\" id=\"les-24h-de-la-balme\">Les 24h de la Balme<\/h2>\n\n\n\n<figure class=\"wp-block-image size-full\"><img loading=\"lazy\" decoding=\"async\" width=\"2048\" height=\"939\" src=\"https:\/\/blog.toploc.com\/wp-content\/uploads\/2023\/12\/image-294.png\" alt=\"Les 24h de la Balme \u00a9 Facebook\" class=\"wp-image-138193\"\/><figcaption class=\"wp-element-caption\">Les 24h de la Balme \u00a9 Facebook<\/figcaption><\/figure>\n\n\n\n<h3 class=\"wp-block-heading\" id=\"pourquoi-la-les-24h-de-la-balme-fait-partie-des-meilleurs--\"><span id=\"pourquoi-la-les-24h-de-la-balme-fait-partie-des-meilleurs-trails-dannecy\">Pourquoi la Les 24h de la Balme fait partie des meilleurs trails d&#8217;Annecy ?<\/span><\/h3>\n\n\n\n<p>Les 24h de la Balme est un \u00e9v\u00e9nement caritatif et familial et donc un trail un peu original. Au lieu de faire le moins de temps possible pour une distance donn\u00e9e, le but est de faire le plus de km possible en une dur\u00e9e donn\u00e9e ! L&#8217;\u00e9v\u00e9nement se d\u00e9roule autour du lac de la Balme et vous courrez 1, 3, 6 ou 24h, seul ou en \u00e9quipe. Vous courrez pour l&#8217;association Kvalentin (recherche des tumeurs de l&#8217;nefant)<\/p>\n\n\n\n<h3 class=\"wp-block-heading\" id=\"infos-cl\u00e9s---les-24h-de-la-balme-\"><span id=\"infos-cles-les-24h-de-la-balme\">Infos cl\u00e9s &#8211; Les 24h de la Balme :<\/span><\/h3>\n\n\n\n<p>Voici toutes les informations utiles pour participer \u00e0 la Les 24h de la Balme qui fait partie des meilleurs trail d&#8217;Annecy :<\/p>\n\n\n\n<ul class=\"wp-block-list\">\n<li><strong>Dates<\/strong>&nbsp;: Septembre<\/li>\n\n\n\n<li><strong>Distances<\/strong>&nbsp;: 1 700m<\/li>\n\n\n\n<li><strong>D\u00e9nivel\u00e9 + \/ &#8211; <\/strong> : En fonction de la dur\u00e9e de votre effort<\/li>\n\n\n\n<li><strong>Type<\/strong>&nbsp;: Trail en montagne<\/li>\n\n\n\n<li><strong>O\u00f9 s&#8217;inscrire ?<\/strong>&nbsp;: 24H de la Balme&nbsp;<\/li>\n\n\n\n<li><strong>Tarifs<\/strong>&nbsp;: Non pr\u00e9cis\u00e9 sur le site de la course<\/li>\n\n\n\n<li><strong>Avis<\/strong>&nbsp;: Pas d&#8217;avis<\/li>\n<\/ul>\n\n\n\n<h2 class=\"wp-block-heading\" id=\"ou-se-loger-et-profiter-des-plages-de-saint-cyr-sur-mer\"><span id=\"ou-reserver-un-airbnb-annecy\">O\u00f9 r\u00e9server un airbnb Annecy ?<\/span><\/h2>\n\n\n\n<p>Toploc r\u00e9f\u00e9rence des airbnb Annecy pas cher bord du lac Bleu et en Haute-Savoie. Voici quelques suggestions de&nbsp;<a href=\"https:\/\/toploc.com\/locations-vacances\/annecy\" target=\"_blank\" rel=\"noreferrer noopener\">location vacances Annecy airbnb<\/a>&nbsp;et&nbsp;<a href=\"https:\/\/toploc.com\/location\/s\/Annecy--Alpes-occidentales--France?adults=4&amp;propertyViews=VIEW_LAKE\" target=\"_blank\" rel=\"noreferrer noopener\">airbnb annecy vue lac<\/a>. Retrouvez toutes nos locations airbnb Annecy centre et airbnb Annecy et alentours sur notre carte interactive :<\/p>\n\n\n\n<iframe loading=\"lazy\" width=\"100%\" height=\"450px\" frameborder=\"0\" src=\"https:\/\/toploc.com\/embed\/maps?mlocation=Zone+carte&#038;dates=&#038;start_date=&#038;end_date=&#038;bbox_area=5.633628445664414%2C45.660788323480205%2C7.168584102520299%2C46.40214374140737&#038;page=1&#038;order=&#038;curated_list_id=\"><\/iframe>\n\n\n\n<h2 id=\"ou-se-baigner-a-annecy-apres-un-trail\" class=\"wp-block-heading\">O\u00f9 se baigner \u00e0 Annecy apr\u00e8s un trail ? <\/h2>\n\n\n\n<p>Si vous profiter des chemins de trails Annecy voici la liste des <a href=\"https:\/\/toploc.com\/blog\/france\/plages-annecy\" type=\"link\" id=\"https:\/\/toploc.com\/blog\/france\/plages-annecy\">plages Annecy<\/a> o\u00f9 vous baigner pour vous rafra\u00eechir apr\u00e8s votre effort en montagne :<\/p>\n\n\n\n<ol class=\"wp-block-list\">\n<li>Plages des Marquisats<\/li>\n\n\n\n<li>Plage de l\u2019Imp\u00e9rial<\/li>\n\n\n\n<li>Plage d\u2019Albigny<\/li>\n\n\n\n<li>Plage de la Brune<\/li>\n\n\n\n<li>Plage de Menthon-Saint-Bernard<\/li>\n\n\n\n<li>Plage de Talloires<\/li>\n\n\n\n<li>Plage d\u2019Angon<\/li>\n\n\n\n<li>Douss\u2019Plage<\/li>\n\n\n\n<li>Plage de Sevrier<\/li>\n\n\n\n<li>Plage de Saint-Jorioz<\/li>\n<\/ol>\n\n\n\n<p>Alexandra pour Toploc<\/p>\n","protected":false},"excerpt":{"rendered":"Voici notre s\u00e9lection des meilleurs trails d&#8217;Annecy pour courir dans les Alpes et en Haute-Savoie. Si vous souhaitez&hellip;\n","protected":false},"author":12,"featured_media":138120,"comment_status":"open","ping_status":"open","sticky":false,"template":"","format":"standard","meta":{"footnotes":""},"categories":[114,6882,7353],"tags":[7282],"class_list":{"0":"post-138113","1":"post","2":"type-post","3":"status-publish","4":"format-standard","5":"has-post-thumbnail","7":"category-france","8":"category-montagne","9":"category-trails","10":"tag-trail-dannecy"},"yoast_head":"<!-- This site is optimized with the Yoast SEO plugin v26.9 - https:\/\/yoast.com\/product\/yoast-seo-wordpress\/ -->\n<title>Les 11 meilleurs trails d&#039;Annecy \u00e0 faire en 2026<\/title>\n<meta name=\"description\" content=\"trails d&#039;Annecy : Maxi Race . Trail du Laudon . KM Vertical Manigod . Trail Faverges . Trail Blanc Semnoz . Trail du B\u00e9lier . 24h la Balme .\" \/>\n<meta name=\"robots\" content=\"index, follow, max-snippet:-1, max-image-preview:large, max-video-preview:-1\" \/>\n<link rel=\"canonical\" href=\"https:\/\/toploc.com\/blog\/france\/trails-annecy\" \/>\n<meta property=\"og:locale\" content=\"fr_FR\" \/>\n<meta property=\"og:type\" content=\"article\" \/>\n<meta property=\"og:title\" content=\"Les 11 meilleurs trails d&#039;Annecy \u00e0 faire en 2026\" \/>\n<meta property=\"og:description\" content=\"trails d&#039;Annecy : Maxi Race . Trail du Laudon . KM Vertical Manigod . Trail Faverges . Trail Blanc Semnoz . Trail du B\u00e9lier . 24h la Balme .\" \/>\n<meta property=\"og:url\" content=\"https:\/\/toploc.com\/blog\/france\/trails-annecy\" \/>\n<meta property=\"og:site_name\" content=\"Toploc\" \/>\n<meta property=\"article:publisher\" content=\"https:\/\/www.facebook.com\/locationfrancophone\" \/>\n<meta property=\"article:published_time\" content=\"2026-04-01T13:19:28+00:00\" \/>\n<meta property=\"article:modified_time\" content=\"2026-04-01T13:19:29+00:00\" \/>\n<meta property=\"og:image\" content=\"https:\/\/toploc.com\/blog\/wp-content\/uploads\/2023\/12\/tfs23-selectionwebfil-140.jpg\" \/>\n\t<meta property=\"og:image:width\" content=\"640\" \/>\n\t<meta property=\"og:image:height\" content=\"427\" \/>\n\t<meta property=\"og:image:type\" content=\"image\/jpeg\" \/>\n<meta name=\"author\" content=\"Alexandra\" \/>\n<meta name=\"twitter:card\" content=\"summary_large_image\" \/>\n<meta name=\"twitter:label1\" content=\"\u00c9crit par\" \/>\n\t<meta name=\"twitter:data1\" content=\"Alexandra\" \/>\n\t<meta name=\"twitter:label2\" content=\"Dur\u00e9e de lecture estim\u00e9e\" \/>\n\t<meta name=\"twitter:data2\" content=\"12 minutes\" \/>\n<script type=\"application\/ld+json\" class=\"yoast-schema-graph\">{\"@context\":\"https:\/\/schema.org\",\"@graph\":[{\"@type\":\"Article\",\"@id\":\"https:\/\/toploc.com\/blog\/france\/trails-annecy#article\",\"isPartOf\":{\"@id\":\"https:\/\/toploc.com\/blog\/france\/trails-annecy\"},\"author\":{\"name\":\"Alexandra\",\"@id\":\"https:\/\/toploc.com\/blog\/#\/schema\/person\/e493e6ec213b1c6de6b8e3ab3794d7b0\"},\"headline\":\"Les 11 meilleurs trails d&#8217;Annecy \u00e0 faire en 2026\",\"datePublished\":\"2026-04-01T13:19:28+00:00\",\"dateModified\":\"2026-04-01T13:19:29+00:00\",\"mainEntityOfPage\":{\"@id\":\"https:\/\/toploc.com\/blog\/france\/trails-annecy\"},\"wordCount\":1983,\"commentCount\":0,\"publisher\":{\"@id\":\"https:\/\/toploc.com\/blog\/#organization\"},\"image\":{\"@id\":\"https:\/\/toploc.com\/blog\/france\/trails-annecy#primaryimage\"},\"thumbnailUrl\":\"https:\/\/toploc.com\/blog\/wp-content\/uploads\/2023\/12\/tfs23-selectionwebfil-140.jpg\",\"keywords\":[\"trail d'Annecy\"],\"articleSection\":[\"Itin\u00e9raires France\",\"Montagne\",\"Trails\"],\"inLanguage\":\"fr-FR\",\"potentialAction\":[{\"@type\":\"CommentAction\",\"name\":\"Comment\",\"target\":[\"https:\/\/toploc.com\/blog\/france\/trails-annecy#respond\"]}]},{\"@type\":\"WebPage\",\"@id\":\"https:\/\/toploc.com\/blog\/france\/trails-annecy\",\"url\":\"https:\/\/toploc.com\/blog\/france\/trails-annecy\",\"name\":\"Les 11 meilleurs trails d'Annecy \u00e0 faire en 2026\",\"isPartOf\":{\"@id\":\"https:\/\/toploc.com\/blog\/#website\"},\"primaryImageOfPage\":{\"@id\":\"https:\/\/toploc.com\/blog\/france\/trails-annecy#primaryimage\"},\"image\":{\"@id\":\"https:\/\/toploc.com\/blog\/france\/trails-annecy#primaryimage\"},\"thumbnailUrl\":\"https:\/\/toploc.com\/blog\/wp-content\/uploads\/2023\/12\/tfs23-selectionwebfil-140.jpg\",\"datePublished\":\"2026-04-01T13:19:28+00:00\",\"dateModified\":\"2026-04-01T13:19:29+00:00\",\"description\":\"trails d'Annecy : Maxi Race . Trail du Laudon . KM Vertical Manigod . Trail Faverges . Trail Blanc Semnoz . Trail du B\u00e9lier . 24h la Balme .\",\"breadcrumb\":{\"@id\":\"https:\/\/toploc.com\/blog\/france\/trails-annecy#breadcrumb\"},\"inLanguage\":\"fr-FR\",\"potentialAction\":[{\"@type\":\"ReadAction\",\"target\":[\"https:\/\/toploc.com\/blog\/france\/trails-annecy\"]}]},{\"@type\":\"ImageObject\",\"inLanguage\":\"fr-FR\",\"@id\":\"https:\/\/toploc.com\/blog\/france\/trails-annecy#primaryimage\",\"url\":\"https:\/\/toploc.com\/blog\/wp-content\/uploads\/2023\/12\/tfs23-selectionwebfil-140.jpg\",\"contentUrl\":\"https:\/\/toploc.com\/blog\/wp-content\/uploads\/2023\/12\/tfs23-selectionwebfil-140.jpg\",\"width\":640,\"height\":427,\"caption\":\"Trail de Faverges \u00a9 Trails Endurance Mag\"},{\"@type\":\"BreadcrumbList\",\"@id\":\"https:\/\/toploc.com\/blog\/france\/trails-annecy#breadcrumb\",\"itemListElement\":[{\"@type\":\"ListItem\",\"position\":1,\"name\":\"Accueil\",\"item\":\"https:\/\/toploc.com\/blog\"},{\"@type\":\"ListItem\",\"position\":2,\"name\":\"Les 11 meilleurs trails d&#8217;Annecy \u00e0 faire en 2026\"}]},{\"@type\":\"WebSite\",\"@id\":\"https:\/\/toploc.com\/blog\/#website\",\"url\":\"https:\/\/toploc.com\/blog\/\",\"name\":\"Toploc\",\"description\":\"Itin\u00e9raires natures et locations de vacances en groupe\",\"publisher\":{\"@id\":\"https:\/\/toploc.com\/blog\/#organization\"},\"potentialAction\":[{\"@type\":\"SearchAction\",\"target\":{\"@type\":\"EntryPoint\",\"urlTemplate\":\"https:\/\/toploc.com\/blog\/?s={search_term_string}\"},\"query-input\":{\"@type\":\"PropertyValueSpecification\",\"valueRequired\":true,\"valueName\":\"search_term_string\"}}],\"inLanguage\":\"fr-FR\"},{\"@type\":\"Organization\",\"@id\":\"https:\/\/toploc.com\/blog\/#organization\",\"name\":\"Toploc\",\"url\":\"https:\/\/toploc.com\/blog\/\",\"logo\":{\"@type\":\"ImageObject\",\"inLanguage\":\"fr-FR\",\"@id\":\"https:\/\/toploc.com\/blog\/#\/schema\/logo\/image\/\",\"url\":\"https:\/\/blog.toploc.com\/wp-content\/uploads\/2022\/03\/toploc_facebook_5.png\",\"contentUrl\":\"https:\/\/blog.toploc.com\/wp-content\/uploads\/2022\/03\/toploc_facebook_5.png\",\"width\":600,\"height\":600,\"caption\":\"Toploc\"},\"image\":{\"@id\":\"https:\/\/toploc.com\/blog\/#\/schema\/logo\/image\/\"},\"sameAs\":[\"https:\/\/www.facebook.com\/locationfrancophone\",\"https:\/\/www.instagram.com\/toploc_\",\"https:\/\/www.pinterest.fr\/Toploc_\/\"]},{\"@type\":\"Person\",\"@id\":\"https:\/\/toploc.com\/blog\/#\/schema\/person\/e493e6ec213b1c6de6b8e3ab3794d7b0\",\"name\":\"Alexandra\",\"image\":{\"@type\":\"ImageObject\",\"inLanguage\":\"fr-FR\",\"@id\":\"https:\/\/toploc.com\/blog\/#\/schema\/person\/image\/\",\"url\":\"https:\/\/secure.gravatar.com\/avatar\/a42119a3a40440a91ac2a1d3c6d8eb86030f32d77fc402a054e43badfb40c5f2?s=96&d=mm&r=g\",\"contentUrl\":\"https:\/\/secure.gravatar.com\/avatar\/a42119a3a40440a91ac2a1d3c6d8eb86030f32d77fc402a054e43badfb40c5f2?s=96&d=mm&r=g\",\"caption\":\"Alexandra\"},\"description\":\"Passionn\u00e9e de grands espaces j'ai \u00e0 coeur de partager mes recherches et d\u00e9couvertes \u00e0 la mer, la montagne et la campagne.\",\"url\":\"https:\/\/toploc.com\/blog\/author\/alexandratoploc-com\"}]}<\/script>\n<!-- \/ Yoast SEO plugin. -->","yoast_head_json":{"title":"Les 11 meilleurs trails d'Annecy \u00e0 faire en 2026","description":"trails d'Annecy : Maxi Race . Trail du Laudon . KM Vertical Manigod . Trail Faverges . Trail Blanc Semnoz . Trail du B\u00e9lier . 24h la Balme .","robots":{"index":"index","follow":"follow","max-snippet":"max-snippet:-1","max-image-preview":"max-image-preview:large","max-video-preview":"max-video-preview:-1"},"canonical":"https:\/\/toploc.com\/blog\/france\/trails-annecy","og_locale":"fr_FR","og_type":"article","og_title":"Les 11 meilleurs trails d'Annecy \u00e0 faire en 2026","og_description":"trails d'Annecy : Maxi Race . Trail du Laudon . KM Vertical Manigod . Trail Faverges . Trail Blanc Semnoz . Trail du B\u00e9lier . 24h la Balme .","og_url":"https:\/\/toploc.com\/blog\/france\/trails-annecy","og_site_name":"Toploc","article_publisher":"https:\/\/www.facebook.com\/locationfrancophone","article_published_time":"2026-04-01T13:19:28+00:00","article_modified_time":"2026-04-01T13:19:29+00:00","og_image":[{"width":640,"height":427,"url":"https:\/\/toploc.com\/blog\/wp-content\/uploads\/2023\/12\/tfs23-selectionwebfil-140.jpg","type":"image\/jpeg"}],"author":"Alexandra","twitter_card":"summary_large_image","twitter_misc":{"\u00c9crit par":"Alexandra","Dur\u00e9e de lecture estim\u00e9e":"12 minutes"},"schema":{"@context":"https:\/\/schema.org","@graph":[{"@type":"Article","@id":"https:\/\/toploc.com\/blog\/france\/trails-annecy#article","isPartOf":{"@id":"https:\/\/toploc.com\/blog\/france\/trails-annecy"},"author":{"name":"Alexandra","@id":"https:\/\/toploc.com\/blog\/#\/schema\/person\/e493e6ec213b1c6de6b8e3ab3794d7b0"},"headline":"Les 11 meilleurs trails d&#8217;Annecy \u00e0 faire en 2026","datePublished":"2026-04-01T13:19:28+00:00","dateModified":"2026-04-01T13:19:29+00:00","mainEntityOfPage":{"@id":"https:\/\/toploc.com\/blog\/france\/trails-annecy"},"wordCount":1983,"commentCount":0,"publisher":{"@id":"https:\/\/toploc.com\/blog\/#organization"},"image":{"@id":"https:\/\/toploc.com\/blog\/france\/trails-annecy#primaryimage"},"thumbnailUrl":"https:\/\/toploc.com\/blog\/wp-content\/uploads\/2023\/12\/tfs23-selectionwebfil-140.jpg","keywords":["trail d'Annecy"],"articleSection":["Itin\u00e9raires France","Montagne","Trails"],"inLanguage":"fr-FR","potentialAction":[{"@type":"CommentAction","name":"Comment","target":["https:\/\/toploc.com\/blog\/france\/trails-annecy#respond"]}]},{"@type":"WebPage","@id":"https:\/\/toploc.com\/blog\/france\/trails-annecy","url":"https:\/\/toploc.com\/blog\/france\/trails-annecy","name":"Les 11 meilleurs trails d'Annecy \u00e0 faire en 2026","isPartOf":{"@id":"https:\/\/toploc.com\/blog\/#website"},"primaryImageOfPage":{"@id":"https:\/\/toploc.com\/blog\/france\/trails-annecy#primaryimage"},"image":{"@id":"https:\/\/toploc.com\/blog\/france\/trails-annecy#primaryimage"},"thumbnailUrl":"https:\/\/toploc.com\/blog\/wp-content\/uploads\/2023\/12\/tfs23-selectionwebfil-140.jpg","datePublished":"2026-04-01T13:19:28+00:00","dateModified":"2026-04-01T13:19:29+00:00","description":"trails d'Annecy : Maxi Race . Trail du Laudon . KM Vertical Manigod . Trail Faverges . Trail Blanc Semnoz . Trail du B\u00e9lier . 24h la Balme .","breadcrumb":{"@id":"https:\/\/toploc.com\/blog\/france\/trails-annecy#breadcrumb"},"inLanguage":"fr-FR","potentialAction":[{"@type":"ReadAction","target":["https:\/\/toploc.com\/blog\/france\/trails-annecy"]}]},{"@type":"ImageObject","inLanguage":"fr-FR","@id":"https:\/\/toploc.com\/blog\/france\/trails-annecy#primaryimage","url":"https:\/\/toploc.com\/blog\/wp-content\/uploads\/2023\/12\/tfs23-selectionwebfil-140.jpg","contentUrl":"https:\/\/toploc.com\/blog\/wp-content\/uploads\/2023\/12\/tfs23-selectionwebfil-140.jpg","width":640,"height":427,"caption":"Trail de Faverges \u00a9 Trails Endurance Mag"},{"@type":"BreadcrumbList","@id":"https:\/\/toploc.com\/blog\/france\/trails-annecy#breadcrumb","itemListElement":[{"@type":"ListItem","position":1,"name":"Accueil","item":"https:\/\/toploc.com\/blog"},{"@type":"ListItem","position":2,"name":"Les 11 meilleurs trails d&#8217;Annecy \u00e0 faire en 2026"}]},{"@type":"WebSite","@id":"https:\/\/toploc.com\/blog\/#website","url":"https:\/\/toploc.com\/blog\/","name":"Toploc","description":"Itin\u00e9raires natures et locations de vacances en groupe","publisher":{"@id":"https:\/\/toploc.com\/blog\/#organization"},"potentialAction":[{"@type":"SearchAction","target":{"@type":"EntryPoint","urlTemplate":"https:\/\/toploc.com\/blog\/?s={search_term_string}"},"query-input":{"@type":"PropertyValueSpecification","valueRequired":true,"valueName":"search_term_string"}}],"inLanguage":"fr-FR"},{"@type":"Organization","@id":"https:\/\/toploc.com\/blog\/#organization","name":"Toploc","url":"https:\/\/toploc.com\/blog\/","logo":{"@type":"ImageObject","inLanguage":"fr-FR","@id":"https:\/\/toploc.com\/blog\/#\/schema\/logo\/image\/","url":"https:\/\/blog.toploc.com\/wp-content\/uploads\/2022\/03\/toploc_facebook_5.png","contentUrl":"https:\/\/blog.toploc.com\/wp-content\/uploads\/2022\/03\/toploc_facebook_5.png","width":600,"height":600,"caption":"Toploc"},"image":{"@id":"https:\/\/toploc.com\/blog\/#\/schema\/logo\/image\/"},"sameAs":["https:\/\/www.facebook.com\/locationfrancophone","https:\/\/www.instagram.com\/toploc_","https:\/\/www.pinterest.fr\/Toploc_\/"]},{"@type":"Person","@id":"https:\/\/toploc.com\/blog\/#\/schema\/person\/e493e6ec213b1c6de6b8e3ab3794d7b0","name":"Alexandra","image":{"@type":"ImageObject","inLanguage":"fr-FR","@id":"https:\/\/toploc.com\/blog\/#\/schema\/person\/image\/","url":"https:\/\/secure.gravatar.com\/avatar\/a42119a3a40440a91ac2a1d3c6d8eb86030f32d77fc402a054e43badfb40c5f2?s=96&d=mm&r=g","contentUrl":"https:\/\/secure.gravatar.com\/avatar\/a42119a3a40440a91ac2a1d3c6d8eb86030f32d77fc402a054e43badfb40c5f2?s=96&d=mm&r=g","caption":"Alexandra"},"description":"Passionn\u00e9e de grands espaces j'ai \u00e0 coeur de partager mes recherches et d\u00e9couvertes \u00e0 la mer, la montagne et la campagne.","url":"https:\/\/toploc.com\/blog\/author\/alexandratoploc-com"}]}},"_links":{"self":[{"href":"https:\/\/toploc.com\/blog\/wp-json\/wp\/v2\/posts\/138113","targetHints":{"allow":["GET"]}}],"collection":[{"href":"https:\/\/toploc.com\/blog\/wp-json\/wp\/v2\/posts"}],"about":[{"href":"https:\/\/toploc.com\/blog\/wp-json\/wp\/v2\/types\/post"}],"author":[{"embeddable":true,"href":"https:\/\/toploc.com\/blog\/wp-json\/wp\/v2\/users\/12"}],"replies":[{"embeddable":true,"href":"https:\/\/toploc.com\/blog\/wp-json\/wp\/v2\/comments?post=138113"}],"version-history":[{"count":14,"href":"https:\/\/toploc.com\/blog\/wp-json\/wp\/v2\/posts\/138113\/revisions"}],"predecessor-version":[{"id":162536,"href":"https:\/\/toploc.com\/blog\/wp-json\/wp\/v2\/posts\/138113\/revisions\/162536"}],"wp:featuredmedia":[{"embeddable":true,"href":"https:\/\/toploc.com\/blog\/wp-json\/wp\/v2\/media\/138120"}],"wp:attachment":[{"href":"https:\/\/toploc.com\/blog\/wp-json\/wp\/v2\/media?parent=138113"}],"wp:term":[{"taxonomy":"category","embeddable":true,"href":"https:\/\/toploc.com\/blog\/wp-json\/wp\/v2\/categories?post=138113"},{"taxonomy":"post_tag","embeddable":true,"href":"https:\/\/toploc.com\/blog\/wp-json\/wp\/v2\/tags?post=138113"}],"curies":[{"name":"wp","href":"https:\/\/api.w.org\/{rel}","templated":true}]}}