{"id":12919,"date":"2017-08-12T08:00:09","date_gmt":"2017-08-12T06:00:09","guid":{"rendered":"https:\/\/www.location-francophone.com\/blog\/?p=12919"},"modified":"2026-04-10T11:14:35","modified_gmt":"2026-04-10T09:14:35","slug":"vacances-nature-en-france","status":"publish","type":"post","link":"https:\/\/toploc.com\/blog\/france\/vacances-nature-en-france","title":{"rendered":"O\u00f9 planter son bivouac durant ses vacances nature en France ?"},"content":{"rendered":"\n<p>Si vous souhaitez \u00eatre en parfaite symbiose avec la nature pour vos prochaines vacances estivales, exp\u00e9rimentez le bivouac durant vos vacances nature en France. Notons que le bivouac est un campement temporaire qui avantage surtout les amateurs d&#8217;activit\u00e9s en plein air. Que ce soit dans les Alpes ou dans les Pyr\u00e9n\u00e9es, vous vivrez des instants magiques dans des lieux d\u2019exception\u00a0!<\/p>\n\n\n<div class=\"wp-block-image wp-image-12920 size-full\">\n<figure class=\"aligncenter\"><img loading=\"lazy\" decoding=\"async\" width=\"650\" height=\"431\" src=\"https:\/\/blog.toploc.com\/wp-content\/uploads\/2017\/08\/Camping-sauvage-en-montagne.jpg\" alt=\"Camping sauvage en montagne\" class=\"wp-image-12920\"\/><figcaption class=\"wp-element-caption\"><small>Camping sauvage en montagne<\/small><\/figcaption><\/figure>\n<\/div>\n\n\n<p><br><\/p>\n\n\n\n<!--more-->\n\n\n\n<h2 id=\"faire-du-bivouac-dans-le-parc-national-des-ecrins-pour-ses-vacances-nature-en-france\" class=\"wp-block-heading\"><strong>Faire du bivouac dans le parc national des \u00c9crins pour ses vacances nature en France<\/strong><\/h2>\n\n\n\n<p>Si vous \u00eates un amoureux inconditionnel de la nature, essayez donc le bivouac au c\u0153ur du parc national des \u00c9crins au cours de vos vacances nature en France. Ce type de campement est autoris\u00e9 sur ce site.<\/p>\n\n\n\n<p>Ce sera aussi une excellente occasion de savourer autrement ses vacances \u00e0 la montagne dans les Alpes. Les amateurs de randonn\u00e9e prendront en effet beaucoup de plaisir \u00e0 photographier la faune locale, comme les chamois, bouquetins des Alpes et marmottes des Alpes.<\/p>\n\n\n<div class=\"wp-block-image wp-image-12921 size-full\">\n<figure class=\"aligncenter\"><img loading=\"lazy\" decoding=\"async\" width=\"650\" height=\"448\" src=\"https:\/\/blog.toploc.com\/wp-content\/uploads\/2017\/08\/Balade-dans-le-massif-des-Ecrins.jpg\" alt=\"Balade dans le massif des \u00c9crins\" class=\"wp-image-12921\"\/><figcaption class=\"wp-element-caption\"><small>Balade dans le massif des \u00c9crins<\/small><\/figcaption><\/figure>\n<\/div>\n\n\n<p>&nbsp;<\/p>\n\n\n<div class=\"wp-block-image wp-image-12922 size-full\">\n<figure class=\"aligncenter\"><img loading=\"lazy\" decoding=\"async\" width=\"650\" height=\"408\" src=\"https:\/\/blog.toploc.com\/wp-content\/uploads\/2017\/08\/Randonnee-dans-le-Parc-National-des-Ecrins.jpg\" alt=\"Randonn\u00e9e dans le Parc National des \u00c9crins\" class=\"wp-image-12922\"\/><figcaption class=\"wp-element-caption\"><small>Randonn\u00e9e dans le Parc National des \u00c9crins<\/small><\/figcaption><\/figure>\n<\/div>\n\n\n<p>Leurs nuits seront, quant \u00e0 elle, illumin\u00e9es par le ciel \u00e9toil\u00e9 des Alpes d\u00e9voilant une nature paisible. \u00c0 la recherche d\u2019un splendide panorama&nbsp;? Passez par le lac de l&#8217;Eychauda avant de rejoindre le col de la Montagnole o\u00f9 vous pourrez planter votre petite tente. Une vue magnifique sur lac vous attend au lever du jour.<\/p>\n\n\n\n<h2 id=\"passez-vos-nuits-dans-le-parc-national-des-pyrenees\" class=\"wp-block-heading\"><strong>Passez vos nuits dans le parc national des Pyr\u00e9n\u00e9es<\/strong><\/h2>\n\n\n\n<p>Envie d\u2019immortaliser vos prochaines vacances nature en France\u00a0? Optez pour une inoubliable randonn\u00e9e au c\u0153ur du parc national des Pyr\u00e9n\u00e9es. Randonn\u00e9es, escalades et vues panoramiques seront au rendez-vous durant vos vacances \u00e0 la montagne dans les Pyr\u00e9n\u00e9es. Le soir venu, plantez votre petit bivouac \u00e0 quelques minutes des refuges ou d\u2019un acc\u00e8s routier par s\u00e9curit\u00e9.<\/p>\n\n\n<div class=\"wp-block-image wp-image-12923 size-full\">\n<figure class=\"aligncenter\"><img loading=\"lazy\" decoding=\"async\" width=\"650\" height=\"399\" src=\"https:\/\/blog.toploc.com\/wp-content\/uploads\/2017\/08\/Balade-dans-le-Parc-national-des-Pyrenees-pour-des-vacances-nature-en-France.jpg\" alt=\"Balade dans le Parc national des Pyr\u00e9n\u00e9es pour des vacances nature en France\" class=\"wp-image-12923\"\/><figcaption class=\"wp-element-caption\"><small>Balade dans le Parc national des Pyr\u00e9n\u00e9es pour des vacances nature en France<\/small><\/figcaption><\/figure>\n<\/div>\n\n\n<p>&nbsp;<\/p>\n\n\n<div class=\"wp-block-image wp-image-12924 size-full\">\n<figure class=\"aligncenter\"><img loading=\"lazy\" decoding=\"async\" width=\"650\" height=\"642\" src=\"https:\/\/blog.toploc.com\/wp-content\/uploads\/2017\/08\/Magnifique-chute-deau-a-Pont-dEspagne-dans-le-Parc-national-des-Pyrenees.jpg\" alt=\"Magnifique chute d'eau \u00e0 Pont d'Espagne dans le Parc national des Pyr\u00e9n\u00e9es\" class=\"wp-image-12924\"\/><figcaption class=\"wp-element-caption\"><small>Magnifique chute d&#8217;eau \u00e0 Pont d&#8217;Espagne dans le Parc national des Pyr\u00e9n\u00e9es<\/small><\/figcaption><\/figure>\n<\/div>\n\n\n<p>De nombreux sommets se pr\u00eatent volontiers au campement provisoire, comme le Pic Long, situ\u00e9 \u00e0 plus de 3\u00a0298 m\u00e8tres d\u2019altitude. Envie de sensations fortes durant votre week-end \u00e0 la montagne dans les Pyr\u00e9n\u00e9es\u00a0? Prenez la direction du lac de la Fache, situ\u00e9 \u00e0 2\u00a0430 m\u00e8tres d\u2019altitude. Vous pourrez ainsi admirer un magistral coucher de soleil avant de profiter d\u2019une agr\u00e9able nuit \u00e0 la belle \u00e9toile\u00a0!<\/p>\n","protected":false},"excerpt":{"rendered":"Si vous souhaitez \u00eatre en parfaite symbiose avec la nature pour vos prochaines vacances estivales, exp\u00e9rimentez le bivouac&hellip;\n","protected":false},"author":3,"featured_media":12923,"comment_status":"open","ping_status":"closed","sticky":false,"template":"","format":"standard","meta":{"footnotes":""},"categories":[114],"tags":[2420,2422],"class_list":{"0":"post-12919","1":"post","2":"type-post","3":"status-publish","4":"format-standard","5":"has-post-thumbnail","7":"category-france","8":"tag-bivouac-dans-les-alpes","9":"tag-campement-en-france"},"yoast_head":"<!-- This site is optimized with the Yoast SEO plugin v26.9 - https:\/\/yoast.com\/product\/yoast-seo-wordpress\/ -->\n<title>O\u00f9 planter son bivouac pour passer d&#039;agr\u00e9ables vacances nature en France ?<\/title>\n<meta name=\"description\" content=\"Vous souhaitez faire du bivouac et passer vos nuits \u00e0 la belle \u00e9toile durant vos vacances nature en France, d\u00e9couvrez ces deux parcs...\" \/>\n<meta name=\"robots\" content=\"index, follow, max-snippet:-1, max-image-preview:large, max-video-preview:-1\" \/>\n<link rel=\"canonical\" href=\"https:\/\/toploc.com\/blog\/france\/vacances-nature-en-france\" \/>\n<meta property=\"og:locale\" content=\"fr_FR\" \/>\n<meta property=\"og:type\" content=\"article\" \/>\n<meta property=\"og:title\" content=\"O\u00f9 planter son bivouac pour passer d&#039;agr\u00e9ables vacances nature en France ?\" \/>\n<meta property=\"og:description\" content=\"Vous souhaitez faire du bivouac et passer vos nuits \u00e0 la belle \u00e9toile durant vos vacances nature en France, d\u00e9couvrez ces deux parcs...\" \/>\n<meta property=\"og:url\" content=\"https:\/\/toploc.com\/blog\/france\/vacances-nature-en-france\" \/>\n<meta property=\"og:site_name\" content=\"Toploc\" \/>\n<meta property=\"article:publisher\" content=\"https:\/\/www.facebook.com\/locationfrancophone\" \/>\n<meta property=\"article:published_time\" content=\"2017-08-12T06:00:09+00:00\" \/>\n<meta property=\"article:modified_time\" content=\"2026-04-10T09:14:35+00:00\" \/>\n<meta property=\"og:image\" content=\"https:\/\/toploc.com\/blog\/wp-content\/uploads\/2017\/08\/Balade-dans-le-Parc-national-des-Pyrenees-pour-des-vacances-nature-en-France.jpg\" \/>\n\t<meta property=\"og:image:width\" content=\"650\" \/>\n\t<meta property=\"og:image:height\" content=\"399\" \/>\n\t<meta property=\"og:image:type\" content=\"image\/jpeg\" \/>\n<meta name=\"author\" content=\"Julien\" \/>\n<meta name=\"twitter:card\" content=\"summary_large_image\" \/>\n<meta name=\"twitter:label1\" content=\"\u00c9crit par\" \/>\n\t<meta name=\"twitter:data1\" content=\"Julien\" \/>\n\t<meta name=\"twitter:label2\" content=\"Dur\u00e9e de lecture estim\u00e9e\" \/>\n\t<meta name=\"twitter:data2\" content=\"4 minutes\" \/>\n<script type=\"application\/ld+json\" class=\"yoast-schema-graph\">{\"@context\":\"https:\/\/schema.org\",\"@graph\":[{\"@type\":\"Article\",\"@id\":\"https:\/\/toploc.com\/blog\/france\/vacances-nature-en-france#article\",\"isPartOf\":{\"@id\":\"https:\/\/toploc.com\/blog\/france\/vacances-nature-en-france\"},\"author\":{\"name\":\"Julien\",\"@id\":\"https:\/\/toploc.com\/blog\/#\/schema\/person\/b66f845e3e2106301dee05e5bc776788\"},\"headline\":\"O\u00f9 planter son bivouac durant ses vacances nature en France ?\",\"datePublished\":\"2017-08-12T06:00:09+00:00\",\"dateModified\":\"2026-04-10T09:14:35+00:00\",\"mainEntityOfPage\":{\"@id\":\"https:\/\/toploc.com\/blog\/france\/vacances-nature-en-france\"},\"wordCount\":421,\"commentCount\":0,\"publisher\":{\"@id\":\"https:\/\/toploc.com\/blog\/#organization\"},\"image\":{\"@id\":\"https:\/\/toploc.com\/blog\/france\/vacances-nature-en-france#primaryimage\"},\"thumbnailUrl\":\"https:\/\/toploc.com\/blog\/wp-content\/uploads\/2017\/08\/Balade-dans-le-Parc-national-des-Pyrenees-pour-des-vacances-nature-en-France.jpg\",\"keywords\":[\"bivouac dans les Alpes\",\"campement en France\"],\"articleSection\":[\"Itin\u00e9raires France\"],\"inLanguage\":\"fr-FR\",\"potentialAction\":[{\"@type\":\"CommentAction\",\"name\":\"Comment\",\"target\":[\"https:\/\/toploc.com\/blog\/france\/vacances-nature-en-france#respond\"]}]},{\"@type\":\"WebPage\",\"@id\":\"https:\/\/toploc.com\/blog\/france\/vacances-nature-en-france\",\"url\":\"https:\/\/toploc.com\/blog\/france\/vacances-nature-en-france\",\"name\":\"O\u00f9 planter son bivouac pour passer d'agr\u00e9ables vacances nature en France ?\",\"isPartOf\":{\"@id\":\"https:\/\/toploc.com\/blog\/#website\"},\"primaryImageOfPage\":{\"@id\":\"https:\/\/toploc.com\/blog\/france\/vacances-nature-en-france#primaryimage\"},\"image\":{\"@id\":\"https:\/\/toploc.com\/blog\/france\/vacances-nature-en-france#primaryimage\"},\"thumbnailUrl\":\"https:\/\/toploc.com\/blog\/wp-content\/uploads\/2017\/08\/Balade-dans-le-Parc-national-des-Pyrenees-pour-des-vacances-nature-en-France.jpg\",\"datePublished\":\"2017-08-12T06:00:09+00:00\",\"dateModified\":\"2026-04-10T09:14:35+00:00\",\"description\":\"Vous souhaitez faire du bivouac et passer vos nuits \u00e0 la belle \u00e9toile durant vos vacances nature en France, d\u00e9couvrez ces deux parcs...\",\"breadcrumb\":{\"@id\":\"https:\/\/toploc.com\/blog\/france\/vacances-nature-en-france#breadcrumb\"},\"inLanguage\":\"fr-FR\",\"potentialAction\":[{\"@type\":\"ReadAction\",\"target\":[\"https:\/\/toploc.com\/blog\/france\/vacances-nature-en-france\"]}]},{\"@type\":\"ImageObject\",\"inLanguage\":\"fr-FR\",\"@id\":\"https:\/\/toploc.com\/blog\/france\/vacances-nature-en-france#primaryimage\",\"url\":\"https:\/\/toploc.com\/blog\/wp-content\/uploads\/2017\/08\/Balade-dans-le-Parc-national-des-Pyrenees-pour-des-vacances-nature-en-France.jpg\",\"contentUrl\":\"https:\/\/toploc.com\/blog\/wp-content\/uploads\/2017\/08\/Balade-dans-le-Parc-national-des-Pyrenees-pour-des-vacances-nature-en-France.jpg\",\"width\":650,\"height\":399,\"caption\":\"Balade dans le Parc national des Pyr\u00e9n\u00e9es pour des vacances nature en France\"},{\"@type\":\"BreadcrumbList\",\"@id\":\"https:\/\/toploc.com\/blog\/france\/vacances-nature-en-france#breadcrumb\",\"itemListElement\":[{\"@type\":\"ListItem\",\"position\":1,\"name\":\"Accueil\",\"item\":\"https:\/\/toploc.com\/blog\"},{\"@type\":\"ListItem\",\"position\":2,\"name\":\"O\u00f9 planter son bivouac durant ses vacances nature en France ?\"}]},{\"@type\":\"WebSite\",\"@id\":\"https:\/\/toploc.com\/blog\/#website\",\"url\":\"https:\/\/toploc.com\/blog\/\",\"name\":\"Toploc\",\"description\":\"Itin\u00e9raires natures et locations de vacances en groupe\",\"publisher\":{\"@id\":\"https:\/\/toploc.com\/blog\/#organization\"},\"potentialAction\":[{\"@type\":\"SearchAction\",\"target\":{\"@type\":\"EntryPoint\",\"urlTemplate\":\"https:\/\/toploc.com\/blog\/?s={search_term_string}\"},\"query-input\":{\"@type\":\"PropertyValueSpecification\",\"valueRequired\":true,\"valueName\":\"search_term_string\"}}],\"inLanguage\":\"fr-FR\"},{\"@type\":\"Organization\",\"@id\":\"https:\/\/toploc.com\/blog\/#organization\",\"name\":\"Toploc\",\"url\":\"https:\/\/toploc.com\/blog\/\",\"logo\":{\"@type\":\"ImageObject\",\"inLanguage\":\"fr-FR\",\"@id\":\"https:\/\/toploc.com\/blog\/#\/schema\/logo\/image\/\",\"url\":\"https:\/\/blog.toploc.com\/wp-content\/uploads\/2022\/03\/toploc_facebook_5.png\",\"contentUrl\":\"https:\/\/blog.toploc.com\/wp-content\/uploads\/2022\/03\/toploc_facebook_5.png\",\"width\":600,\"height\":600,\"caption\":\"Toploc\"},\"image\":{\"@id\":\"https:\/\/toploc.com\/blog\/#\/schema\/logo\/image\/\"},\"sameAs\":[\"https:\/\/www.facebook.com\/locationfrancophone\",\"https:\/\/www.instagram.com\/toploc_\",\"https:\/\/www.pinterest.fr\/Toploc_\/\"]},{\"@type\":\"Person\",\"@id\":\"https:\/\/toploc.com\/blog\/#\/schema\/person\/b66f845e3e2106301dee05e5bc776788\",\"name\":\"Julien\",\"image\":{\"@type\":\"ImageObject\",\"inLanguage\":\"fr-FR\",\"@id\":\"https:\/\/toploc.com\/blog\/#\/schema\/person\/image\/\",\"url\":\"https:\/\/secure.gravatar.com\/avatar\/642d3d11687b291bb0ade289db2c7d821a72910624f4eb86cab555b4c6a3ed15?s=96&d=mm&r=g\",\"contentUrl\":\"https:\/\/secure.gravatar.com\/avatar\/642d3d11687b291bb0ade289db2c7d821a72910624f4eb86cab555b4c6a3ed15?s=96&d=mm&r=g\",\"caption\":\"Julien\"},\"description\":\"Julien est un passionn\u00e9 de nature et de grands espaces. Guide de moyenne montagne en Andorre, il a partag\u00e9 ses r\u00e9cits de voyage pendant plusieurs ann\u00e9es. Aujourd'hui il est co-auteur de plusieurs articles pour Toploc.\",\"url\":\"https:\/\/toploc.com\/blog\/author\/julien\"}]}<\/script>\n<!-- \/ Yoast SEO plugin. -->","yoast_head_json":{"title":"O\u00f9 planter son bivouac pour passer d'agr\u00e9ables vacances nature en France ?","description":"Vous souhaitez faire du bivouac et passer vos nuits \u00e0 la belle \u00e9toile durant vos vacances nature en France, d\u00e9couvrez ces deux parcs...","robots":{"index":"index","follow":"follow","max-snippet":"max-snippet:-1","max-image-preview":"max-image-preview:large","max-video-preview":"max-video-preview:-1"},"canonical":"https:\/\/toploc.com\/blog\/france\/vacances-nature-en-france","og_locale":"fr_FR","og_type":"article","og_title":"O\u00f9 planter son bivouac pour passer d'agr\u00e9ables vacances nature en France ?","og_description":"Vous souhaitez faire du bivouac et passer vos nuits \u00e0 la belle \u00e9toile durant vos vacances nature en France, d\u00e9couvrez ces deux parcs...","og_url":"https:\/\/toploc.com\/blog\/france\/vacances-nature-en-france","og_site_name":"Toploc","article_publisher":"https:\/\/www.facebook.com\/locationfrancophone","article_published_time":"2017-08-12T06:00:09+00:00","article_modified_time":"2026-04-10T09:14:35+00:00","og_image":[{"width":650,"height":399,"url":"https:\/\/toploc.com\/blog\/wp-content\/uploads\/2017\/08\/Balade-dans-le-Parc-national-des-Pyrenees-pour-des-vacances-nature-en-France.jpg","type":"image\/jpeg"}],"author":"Julien","twitter_card":"summary_large_image","twitter_misc":{"\u00c9crit par":"Julien","Dur\u00e9e de lecture estim\u00e9e":"4 minutes"},"schema":{"@context":"https:\/\/schema.org","@graph":[{"@type":"Article","@id":"https:\/\/toploc.com\/blog\/france\/vacances-nature-en-france#article","isPartOf":{"@id":"https:\/\/toploc.com\/blog\/france\/vacances-nature-en-france"},"author":{"name":"Julien","@id":"https:\/\/toploc.com\/blog\/#\/schema\/person\/b66f845e3e2106301dee05e5bc776788"},"headline":"O\u00f9 planter son bivouac durant ses vacances nature en France ?","datePublished":"2017-08-12T06:00:09+00:00","dateModified":"2026-04-10T09:14:35+00:00","mainEntityOfPage":{"@id":"https:\/\/toploc.com\/blog\/france\/vacances-nature-en-france"},"wordCount":421,"commentCount":0,"publisher":{"@id":"https:\/\/toploc.com\/blog\/#organization"},"image":{"@id":"https:\/\/toploc.com\/blog\/france\/vacances-nature-en-france#primaryimage"},"thumbnailUrl":"https:\/\/toploc.com\/blog\/wp-content\/uploads\/2017\/08\/Balade-dans-le-Parc-national-des-Pyrenees-pour-des-vacances-nature-en-France.jpg","keywords":["bivouac dans les Alpes","campement en France"],"articleSection":["Itin\u00e9raires France"],"inLanguage":"fr-FR","potentialAction":[{"@type":"CommentAction","name":"Comment","target":["https:\/\/toploc.com\/blog\/france\/vacances-nature-en-france#respond"]}]},{"@type":"WebPage","@id":"https:\/\/toploc.com\/blog\/france\/vacances-nature-en-france","url":"https:\/\/toploc.com\/blog\/france\/vacances-nature-en-france","name":"O\u00f9 planter son bivouac pour passer d'agr\u00e9ables vacances nature en France ?","isPartOf":{"@id":"https:\/\/toploc.com\/blog\/#website"},"primaryImageOfPage":{"@id":"https:\/\/toploc.com\/blog\/france\/vacances-nature-en-france#primaryimage"},"image":{"@id":"https:\/\/toploc.com\/blog\/france\/vacances-nature-en-france#primaryimage"},"thumbnailUrl":"https:\/\/toploc.com\/blog\/wp-content\/uploads\/2017\/08\/Balade-dans-le-Parc-national-des-Pyrenees-pour-des-vacances-nature-en-France.jpg","datePublished":"2017-08-12T06:00:09+00:00","dateModified":"2026-04-10T09:14:35+00:00","description":"Vous souhaitez faire du bivouac et passer vos nuits \u00e0 la belle \u00e9toile durant vos vacances nature en France, d\u00e9couvrez ces deux parcs...","breadcrumb":{"@id":"https:\/\/toploc.com\/blog\/france\/vacances-nature-en-france#breadcrumb"},"inLanguage":"fr-FR","potentialAction":[{"@type":"ReadAction","target":["https:\/\/toploc.com\/blog\/france\/vacances-nature-en-france"]}]},{"@type":"ImageObject","inLanguage":"fr-FR","@id":"https:\/\/toploc.com\/blog\/france\/vacances-nature-en-france#primaryimage","url":"https:\/\/toploc.com\/blog\/wp-content\/uploads\/2017\/08\/Balade-dans-le-Parc-national-des-Pyrenees-pour-des-vacances-nature-en-France.jpg","contentUrl":"https:\/\/toploc.com\/blog\/wp-content\/uploads\/2017\/08\/Balade-dans-le-Parc-national-des-Pyrenees-pour-des-vacances-nature-en-France.jpg","width":650,"height":399,"caption":"Balade dans le Parc national des Pyr\u00e9n\u00e9es pour des vacances nature en France"},{"@type":"BreadcrumbList","@id":"https:\/\/toploc.com\/blog\/france\/vacances-nature-en-france#breadcrumb","itemListElement":[{"@type":"ListItem","position":1,"name":"Accueil","item":"https:\/\/toploc.com\/blog"},{"@type":"ListItem","position":2,"name":"O\u00f9 planter son bivouac durant ses vacances nature en France ?"}]},{"@type":"WebSite","@id":"https:\/\/toploc.com\/blog\/#website","url":"https:\/\/toploc.com\/blog\/","name":"Toploc","description":"Itin\u00e9raires natures et locations de vacances en groupe","publisher":{"@id":"https:\/\/toploc.com\/blog\/#organization"},"potentialAction":[{"@type":"SearchAction","target":{"@type":"EntryPoint","urlTemplate":"https:\/\/toploc.com\/blog\/?s={search_term_string}"},"query-input":{"@type":"PropertyValueSpecification","valueRequired":true,"valueName":"search_term_string"}}],"inLanguage":"fr-FR"},{"@type":"Organization","@id":"https:\/\/toploc.com\/blog\/#organization","name":"Toploc","url":"https:\/\/toploc.com\/blog\/","logo":{"@type":"ImageObject","inLanguage":"fr-FR","@id":"https:\/\/toploc.com\/blog\/#\/schema\/logo\/image\/","url":"https:\/\/blog.toploc.com\/wp-content\/uploads\/2022\/03\/toploc_facebook_5.png","contentUrl":"https:\/\/blog.toploc.com\/wp-content\/uploads\/2022\/03\/toploc_facebook_5.png","width":600,"height":600,"caption":"Toploc"},"image":{"@id":"https:\/\/toploc.com\/blog\/#\/schema\/logo\/image\/"},"sameAs":["https:\/\/www.facebook.com\/locationfrancophone","https:\/\/www.instagram.com\/toploc_","https:\/\/www.pinterest.fr\/Toploc_\/"]},{"@type":"Person","@id":"https:\/\/toploc.com\/blog\/#\/schema\/person\/b66f845e3e2106301dee05e5bc776788","name":"Julien","image":{"@type":"ImageObject","inLanguage":"fr-FR","@id":"https:\/\/toploc.com\/blog\/#\/schema\/person\/image\/","url":"https:\/\/secure.gravatar.com\/avatar\/642d3d11687b291bb0ade289db2c7d821a72910624f4eb86cab555b4c6a3ed15?s=96&d=mm&r=g","contentUrl":"https:\/\/secure.gravatar.com\/avatar\/642d3d11687b291bb0ade289db2c7d821a72910624f4eb86cab555b4c6a3ed15?s=96&d=mm&r=g","caption":"Julien"},"description":"Julien est un passionn\u00e9 de nature et de grands espaces. Guide de moyenne montagne en Andorre, il a partag\u00e9 ses r\u00e9cits de voyage pendant plusieurs ann\u00e9es. Aujourd'hui il est co-auteur de plusieurs articles pour Toploc.","url":"https:\/\/toploc.com\/blog\/author\/julien"}]}},"_links":{"self":[{"href":"https:\/\/toploc.com\/blog\/wp-json\/wp\/v2\/posts\/12919","targetHints":{"allow":["GET"]}}],"collection":[{"href":"https:\/\/toploc.com\/blog\/wp-json\/wp\/v2\/posts"}],"about":[{"href":"https:\/\/toploc.com\/blog\/wp-json\/wp\/v2\/types\/post"}],"author":[{"embeddable":true,"href":"https:\/\/toploc.com\/blog\/wp-json\/wp\/v2\/users\/3"}],"replies":[{"embeddable":true,"href":"https:\/\/toploc.com\/blog\/wp-json\/wp\/v2\/comments?post=12919"}],"version-history":[{"count":1,"href":"https:\/\/toploc.com\/blog\/wp-json\/wp\/v2\/posts\/12919\/revisions"}],"predecessor-version":[{"id":162994,"href":"https:\/\/toploc.com\/blog\/wp-json\/wp\/v2\/posts\/12919\/revisions\/162994"}],"wp:featuredmedia":[{"embeddable":true,"href":"https:\/\/toploc.com\/blog\/wp-json\/wp\/v2\/media\/12923"}],"wp:attachment":[{"href":"https:\/\/toploc.com\/blog\/wp-json\/wp\/v2\/media?parent=12919"}],"wp:term":[{"taxonomy":"category","embeddable":true,"href":"https:\/\/toploc.com\/blog\/wp-json\/wp\/v2\/categories?post=12919"},{"taxonomy":"post_tag","embeddable":true,"href":"https:\/\/toploc.com\/blog\/wp-json\/wp\/v2\/tags?post=12919"}],"curies":[{"name":"wp","href":"https:\/\/api.w.org\/{rel}","templated":true}]}}