{"id":12705,"date":"2017-07-21T08:00:52","date_gmt":"2017-07-21T06:00:52","guid":{"rendered":"https:\/\/www.location-francophone.com\/blog\/?p=12705"},"modified":"2017-07-21T08:00:52","modified_gmt":"2017-07-21T06:00:52","slug":"location-de-vacances-a-belem","status":"publish","type":"post","link":"https:\/\/toploc.com\/blog\/amerique\/location-de-vacances-a-belem","title":{"rendered":"Trois bonnes raisons pour privil\u00e9gier la location de vacances \u00e0 Bel\u00e9m"},"content":{"rendered":"<p style=\"text-align: justify;\">Si vous souhaitez ajouter une touche d\u2019authenticit\u00e9 \u00e0 votre s\u00e9jour au Br\u00e9sil, privil\u00e9giez la location de vacances \u00e0 Bel\u00e9m. Localis\u00e9e au nord du Br\u00e9sil, la ville de Bel\u00e9m se pare d\u2019un patrimoine naturel et culturel captivant qui en enchantera plus d\u2019un. Appartenant \u00e0 l\u2019estuaire de l\u2019Amazonie, Bel\u00e9m s\u00e9duit en effet les amateurs de l\u2019\u00e9cotourisme. Son architecture ancienne et sa gastronomie fascinent les historiens en herbe et les fins gourmets.<\/p>\n<figure id=\"attachment_12707\" aria-describedby=\"caption-attachment-12707\" style=\"width: 650px\" class=\"wp-caption aligncenter\"><img loading=\"lazy\" decoding=\"async\" class=\"wp-image-12707 size-full\" src=\"https:\/\/blog.toploc.com\/wp-content\/uploads\/2017\/07\/Coucher-de-soleil-sur-le-fleuve-Amazone-a-admirer-lors-de-votre-location-de-vacances-a-Belem.jpg\" alt=\"Coucher de soleil sur le fleuve Amazone \u00e0 admirer lors de votre location de vacances \u00e0 Bel\u00e9m\" width=\"650\" height=\"375\" \/><figcaption id=\"caption-attachment-12707\" class=\"wp-caption-text\"><small>Coucher de soleil sur le fleuve Amazone \u00e0 admirer lors de votre location de vacances \u00e0 Bel\u00e9m<\/small><\/figcaption><\/figure>\n<!--more--><\/p>\n<h2 id=\"plus-proche-de-la-nature-grace-a-la-location-de-vacances-a-belem\" style=\"text-align: justify;\"><strong>Plus proche de la nature gr\u00e2ce \u00e0 la location de vacances \u00e0 Bel\u00e9m<\/strong><\/h2>\n<p style=\"text-align: justify;\">En optant pour une location de vacances \u00e0 Bel\u00e9m, vous pourrez en effet rejoindre facilement et rapidement la for\u00eat amazonienne. Pour les amoureux de la nature, privil\u00e9gier une <a href=\"https:\/\/www.location-francophone.com\/blog\/maison-a-louer-a-la-semaine\/\">maison \u00e0 louer \u00e0 la semaine<\/a> \u00e0 Bel\u00e9m leur permettra de faire une petite excursion en bateau le long du fleuve Rio Tocantins et rejoindre ainsi les magnifiques \u00eeles caract\u00e9risant la r\u00e9gion.<\/p>\n<figure id=\"attachment_12708\" aria-describedby=\"caption-attachment-12708\" style=\"width: 650px\" class=\"wp-caption aligncenter\"><img loading=\"lazy\" decoding=\"async\" class=\"wp-image-12708 size-full\" src=\"https:\/\/blog.toploc.com\/wp-content\/uploads\/2017\/07\/Bateau-sur-le-fleuve-Amazone.jpg\" alt=\"Bateau sur le fleuve Amazone au Br\u00e9sil\" width=\"650\" height=\"374\" \/><figcaption id=\"caption-attachment-12708\" class=\"wp-caption-text\"><small>Bateau sur le fleuve Amazone au Br\u00e9sil<\/small><\/figcaption><\/figure>\n<p style=\"text-align: justify;\">Vous serez notamment s\u00e9duit par le caract\u00e8re sauvage de l\u2019\u00eele de Maraj\u00f3. Consid\u00e9r\u00e9e comme la plus importante \u00eele c\u00f4ti\u00e8re du Br\u00e9sil, celle-ci vous invite \u00e0 d\u00e9couvrir la faune locale compos\u00e9e de reptiles, de mammif\u00e8res (loutres g\u00e9antes, singes, etc.) et d\u2019oiseaux. Flamants, \u00e9chassiers, perroquets et \u00e9perviers feront la joie des amateurs de l\u2019avifaune.<\/p>\n<h2 id=\"un-petit-voyage-dans-le-temps\" style=\"text-align: justify;\"><strong>Un petit voyage dans le temps<\/strong><\/h2>\n<p style=\"text-align: justify;\">Les f\u00e9rus d\u2019histoire trouveront \u00e9galement comment s\u2019occuper durant leur s\u00e9jour \u00e0 Bel\u00e9m. La location de vacances \u00e0 Bel\u00e9m vous offre aussi l\u2019occasion de d\u00e9ambuler dans le quartier de la vieille ville. Pr\u00eatez-vous donc \u00e0 une agr\u00e9able randonn\u00e9e dans la ville durant vos <a href=\"https:\/\/www.location-francophone.com\/blog\/vacances-familiales\/\">vacances familiales<\/a> \u00e0 Bel\u00e9m.<\/p>\n<figure id=\"attachment_12709\" aria-describedby=\"caption-attachment-12709\" style=\"width: 650px\" class=\"wp-caption aligncenter\"><img loading=\"lazy\" decoding=\"async\" class=\"wp-image-12709 size-full\" src=\"https:\/\/blog.toploc.com\/wp-content\/uploads\/2017\/07\/Cathedrale-de-Belem-au-Bresil.jpg\" alt=\"Cath\u00e9drale de Belem au Br\u00e9sil\" width=\"650\" height=\"466\" \/><figcaption id=\"caption-attachment-12709\" class=\"wp-caption-text\"><small>Cath\u00e9drale de Belem au Br\u00e9sil<\/small><\/figcaption><\/figure>\n<figure id=\"attachment_12711\" aria-describedby=\"caption-attachment-12711\" style=\"width: 650px\" class=\"wp-caption aligncenter\"><img loading=\"lazy\" decoding=\"async\" class=\"wp-image-12711 size-full\" src=\"https:\/\/blog.toploc.com\/wp-content\/uploads\/2017\/07\/Fort-de-Belem-au-Bresil.jpg\" alt=\"Fort de Belem au Br\u00e9sil\" width=\"650\" height=\"780\" \/><figcaption id=\"caption-attachment-12711\" class=\"wp-caption-text\"><small>Fort de Belem au Br\u00e9sil<\/small><\/figcaption><\/figure>\n<p style=\"text-align: justify;\">Vous pourrez ainsi admirer son ancienne architecture rehaussant son caract\u00e8re pittoresque. En d\u00e9ambulant le long des fa\u00e7ades color\u00e9es, vous tomberez sur de charmantes \u00e9glises et d\u2019agr\u00e9ables parcs avant de rejoindre le fameux march\u00e9 Ver-o-Peso. Celui-ci fait partie des incontournables et se trouve sur les rives du fleuve Amazone. Artisanat, fruits et l\u00e9gumes, poissons frais, v\u00eatements\u2026, tout y est\u00a0!<\/p>\n<h2 id=\"decouvrez-belem-en-video-avec-echappees-belles\" style=\"text-align: justify;\"><strong>D\u00e9couvrez Bel\u00e9m en vid\u00e9o avec Echapp\u00e9es Belles<\/strong><\/h2>\n<p style=\"text-align: justify;\"><iframe loading=\"lazy\" title=\"Br\u00e9sil, Bel\u00e9m -  \u00c9chapp\u00e9es belles\" width=\"1200\" height=\"900\" src=\"https:\/\/www.youtube.com\/embed\/Va4yXgZdgas?start=6&#038;feature=oembed\" frameborder=\"0\" allow=\"accelerometer; autoplay; clipboard-write; encrypted-media; gyroscope; picture-in-picture\" allowfullscreen><\/iframe><\/p>\n<h2 id=\"agreable-parenthese-gastronomique\" style=\"text-align: justify;\"><strong>Agr\u00e9able parenth\u00e8se gastronomique<\/strong><\/h2>\n<p style=\"text-align: justify;\">Si vous avez profit\u00e9 de vos <a href=\"https:\/\/www.location-francophone.com\/blog\/de-belles-vacances-famille-perou\/\">belles vacances en famille au P\u00e9rou<\/a>, vous oublierez difficilement vos vacances au Br\u00e9sil. Vous ne r\u00e9sisterez pas non plus \u00e0 l\u2019envie de go\u00fbter \u00e0 la gastronomie br\u00e9silienne en d\u00e9ambulant sur le march\u00e9. La location de vacances \u00e0 Bel\u00e9m vous offre d\u2019ailleurs l\u2019opportunit\u00e9 de vous attarder dans l\u2019un de ses nombreux restaurants familiaux.<\/p>\n<figure id=\"attachment_12710\" aria-describedby=\"caption-attachment-12710\" style=\"width: 650px\" class=\"wp-caption aligncenter\"><img loading=\"lazy\" decoding=\"async\" class=\"wp-image-12710 size-full\" src=\"https:\/\/blog.toploc.com\/wp-content\/uploads\/2017\/07\/Gastronomie-du-Bresil.jpg\" alt=\"Gastronomie du Br\u00e9sil\" width=\"650\" height=\"875\" \/><figcaption id=\"caption-attachment-12710\" class=\"wp-caption-text\"><small>Gastronomie du Br\u00e9sil<\/small><\/figcaption><\/figure>\n<p style=\"text-align: justify;\">Vous pourrez y savourer quelques d\u00e9lices amazoniens. Soupe de poisson, canard au tucupi (extrait de feuilles de manioc), tacac\u00e1 (une sorte de rago\u00fbt) et autres saveurs \u00e0 base de manioc vous feront d\u00e9couvrir la cuisine paraense traditionnelle et unique. Envie de pimenter votre petit voyage culinaire\u00a0? Go\u00fbtez au riz aromatis\u00e9 au jambu, une plante qui ressemble un peu aux \u00e9pinards et \u00e0 la roquette.<\/p>\n","protected":false},"excerpt":{"rendered":"Si vous souhaitez ajouter une touche d\u2019authenticit\u00e9 \u00e0 votre s\u00e9jour au Br\u00e9sil, privil\u00e9giez la location de vacances \u00e0&hellip;\n","protected":false},"author":3,"featured_media":12707,"comment_status":"open","ping_status":"closed","sticky":false,"template":"","format":"standard","meta":{"footnotes":""},"categories":[83],"tags":[2373,2374,2375,2376,2377,2378],"class_list":{"0":"post-12705","1":"post","2":"type-post","3":"status-publish","4":"format-standard","5":"has-post-thumbnail","7":"category-amerique","8":"tag-architecture-a-belem","9":"tag-foret-amazonienne","10":"tag-gastronomie-amazonienne","11":"tag-sejour-a-belem","12":"tag-vacances-en-amazonie","13":"tag-vacances-en-famille-au-bresil"},"yoast_head":"<!-- This site is optimized with the Yoast SEO plugin v26.9 - https:\/\/yoast.com\/product\/yoast-seo-wordpress\/ -->\n<title>Trois bonnes raisons pour privil\u00e9gier la location de vacances \u00e0 Bel\u00e9m<\/title>\n<meta name=\"description\" content=\"Optez pour la location de vacances \u00e0 Bel\u00e9m et d\u00e9couvrez tout ce qui fait le charme et l\u2019authenticit\u00e9 de l\u2019Amazonie durant votre...\" \/>\n<meta name=\"robots\" content=\"index, follow, max-snippet:-1, max-image-preview:large, max-video-preview:-1\" \/>\n<link rel=\"canonical\" href=\"https:\/\/toploc.com\/blog\/amerique\/location-de-vacances-a-belem\" \/>\n<meta property=\"og:locale\" content=\"fr_FR\" \/>\n<meta property=\"og:type\" content=\"article\" \/>\n<meta property=\"og:title\" content=\"Trois bonnes raisons pour privil\u00e9gier la location de vacances \u00e0 Bel\u00e9m\" \/>\n<meta property=\"og:description\" content=\"Optez pour la location de vacances \u00e0 Bel\u00e9m et d\u00e9couvrez tout ce qui fait le charme et l\u2019authenticit\u00e9 de l\u2019Amazonie durant votre...\" \/>\n<meta property=\"og:url\" content=\"https:\/\/toploc.com\/blog\/amerique\/location-de-vacances-a-belem\" \/>\n<meta property=\"og:site_name\" content=\"Toploc\" \/>\n<meta property=\"article:publisher\" content=\"https:\/\/www.facebook.com\/locationfrancophone\" \/>\n<meta property=\"article:published_time\" content=\"2017-07-21T06:00:52+00:00\" \/>\n<meta property=\"og:image\" content=\"https:\/\/toploc.com\/blog\/wp-content\/uploads\/2017\/07\/Coucher-de-soleil-sur-le-fleuve-Amazone-a-admirer-lors-de-votre-location-de-vacances-a-Belem.jpg\" \/>\n\t<meta property=\"og:image:width\" content=\"650\" \/>\n\t<meta property=\"og:image:height\" content=\"375\" \/>\n\t<meta property=\"og:image:type\" content=\"image\/jpeg\" \/>\n<meta name=\"author\" content=\"Julien\" \/>\n<meta name=\"twitter:card\" content=\"summary_large_image\" \/>\n<meta name=\"twitter:label1\" content=\"\u00c9crit par\" \/>\n\t<meta name=\"twitter:data1\" content=\"Julien\" \/>\n\t<meta name=\"twitter:label2\" content=\"Dur\u00e9e de lecture estim\u00e9e\" \/>\n\t<meta name=\"twitter:data2\" content=\"3 minutes\" \/>\n<script type=\"application\/ld+json\" class=\"yoast-schema-graph\">{\"@context\":\"https:\/\/schema.org\",\"@graph\":[{\"@type\":\"Article\",\"@id\":\"https:\/\/toploc.com\/blog\/amerique\/location-de-vacances-a-belem#article\",\"isPartOf\":{\"@id\":\"https:\/\/toploc.com\/blog\/amerique\/location-de-vacances-a-belem\"},\"author\":{\"name\":\"Julien\",\"@id\":\"https:\/\/toploc.com\/blog\/#\/schema\/person\/b66f845e3e2106301dee05e5bc776788\"},\"headline\":\"Trois bonnes raisons pour privil\u00e9gier la location de vacances \u00e0 Bel\u00e9m\",\"datePublished\":\"2017-07-21T06:00:52+00:00\",\"mainEntityOfPage\":{\"@id\":\"https:\/\/toploc.com\/blog\/amerique\/location-de-vacances-a-belem\"},\"wordCount\":594,\"commentCount\":0,\"publisher\":{\"@id\":\"https:\/\/toploc.com\/blog\/#organization\"},\"image\":{\"@id\":\"https:\/\/toploc.com\/blog\/amerique\/location-de-vacances-a-belem#primaryimage\"},\"thumbnailUrl\":\"https:\/\/toploc.com\/blog\/wp-content\/uploads\/2017\/07\/Coucher-de-soleil-sur-le-fleuve-Amazone-a-admirer-lors-de-votre-location-de-vacances-a-Belem.jpg\",\"keywords\":[\"architecture \u00e0 Bel\u00e9m\",\"for\u00eat amazonienne\",\"gastronomie amazonienne\",\"s\u00e9jour \u00e0 Bel\u00e9m\",\"vacances en Amazonie\",\"vacances en famille au Br\u00e9sil\"],\"articleSection\":[\"Itin\u00e9raires Am\u00e9rique\"],\"inLanguage\":\"fr-FR\",\"potentialAction\":[{\"@type\":\"CommentAction\",\"name\":\"Comment\",\"target\":[\"https:\/\/toploc.com\/blog\/amerique\/location-de-vacances-a-belem#respond\"]}]},{\"@type\":\"WebPage\",\"@id\":\"https:\/\/toploc.com\/blog\/amerique\/location-de-vacances-a-belem\",\"url\":\"https:\/\/toploc.com\/blog\/amerique\/location-de-vacances-a-belem\",\"name\":\"Trois bonnes raisons pour privil\u00e9gier la location de vacances \u00e0 Bel\u00e9m\",\"isPartOf\":{\"@id\":\"https:\/\/toploc.com\/blog\/#website\"},\"primaryImageOfPage\":{\"@id\":\"https:\/\/toploc.com\/blog\/amerique\/location-de-vacances-a-belem#primaryimage\"},\"image\":{\"@id\":\"https:\/\/toploc.com\/blog\/amerique\/location-de-vacances-a-belem#primaryimage\"},\"thumbnailUrl\":\"https:\/\/toploc.com\/blog\/wp-content\/uploads\/2017\/07\/Coucher-de-soleil-sur-le-fleuve-Amazone-a-admirer-lors-de-votre-location-de-vacances-a-Belem.jpg\",\"datePublished\":\"2017-07-21T06:00:52+00:00\",\"description\":\"Optez pour la location de vacances \u00e0 Bel\u00e9m et d\u00e9couvrez tout ce qui fait le charme et l\u2019authenticit\u00e9 de l\u2019Amazonie durant votre...\",\"breadcrumb\":{\"@id\":\"https:\/\/toploc.com\/blog\/amerique\/location-de-vacances-a-belem#breadcrumb\"},\"inLanguage\":\"fr-FR\",\"potentialAction\":[{\"@type\":\"ReadAction\",\"target\":[\"https:\/\/toploc.com\/blog\/amerique\/location-de-vacances-a-belem\"]}]},{\"@type\":\"ImageObject\",\"inLanguage\":\"fr-FR\",\"@id\":\"https:\/\/toploc.com\/blog\/amerique\/location-de-vacances-a-belem#primaryimage\",\"url\":\"https:\/\/toploc.com\/blog\/wp-content\/uploads\/2017\/07\/Coucher-de-soleil-sur-le-fleuve-Amazone-a-admirer-lors-de-votre-location-de-vacances-a-Belem.jpg\",\"contentUrl\":\"https:\/\/toploc.com\/blog\/wp-content\/uploads\/2017\/07\/Coucher-de-soleil-sur-le-fleuve-Amazone-a-admirer-lors-de-votre-location-de-vacances-a-Belem.jpg\",\"width\":650,\"height\":375,\"caption\":\"Coucher de soleil sur le fleuve Amazone \u00e0 admirer lors de votre location de vacances \u00e0 Bel\u00e9m\"},{\"@type\":\"BreadcrumbList\",\"@id\":\"https:\/\/toploc.com\/blog\/amerique\/location-de-vacances-a-belem#breadcrumb\",\"itemListElement\":[{\"@type\":\"ListItem\",\"position\":1,\"name\":\"Accueil\",\"item\":\"https:\/\/toploc.com\/blog\"},{\"@type\":\"ListItem\",\"position\":2,\"name\":\"Trois bonnes raisons pour privil\u00e9gier la location de vacances \u00e0 Bel\u00e9m\"}]},{\"@type\":\"WebSite\",\"@id\":\"https:\/\/toploc.com\/blog\/#website\",\"url\":\"https:\/\/toploc.com\/blog\/\",\"name\":\"Toploc\",\"description\":\"Itin\u00e9raires natures et locations de vacances en groupe\",\"publisher\":{\"@id\":\"https:\/\/toploc.com\/blog\/#organization\"},\"potentialAction\":[{\"@type\":\"SearchAction\",\"target\":{\"@type\":\"EntryPoint\",\"urlTemplate\":\"https:\/\/toploc.com\/blog\/?s={search_term_string}\"},\"query-input\":{\"@type\":\"PropertyValueSpecification\",\"valueRequired\":true,\"valueName\":\"search_term_string\"}}],\"inLanguage\":\"fr-FR\"},{\"@type\":\"Organization\",\"@id\":\"https:\/\/toploc.com\/blog\/#organization\",\"name\":\"Toploc\",\"url\":\"https:\/\/toploc.com\/blog\/\",\"logo\":{\"@type\":\"ImageObject\",\"inLanguage\":\"fr-FR\",\"@id\":\"https:\/\/toploc.com\/blog\/#\/schema\/logo\/image\/\",\"url\":\"https:\/\/blog.toploc.com\/wp-content\/uploads\/2022\/03\/toploc_facebook_5.png\",\"contentUrl\":\"https:\/\/blog.toploc.com\/wp-content\/uploads\/2022\/03\/toploc_facebook_5.png\",\"width\":600,\"height\":600,\"caption\":\"Toploc\"},\"image\":{\"@id\":\"https:\/\/toploc.com\/blog\/#\/schema\/logo\/image\/\"},\"sameAs\":[\"https:\/\/www.facebook.com\/locationfrancophone\",\"https:\/\/www.instagram.com\/toploc_\",\"https:\/\/www.pinterest.fr\/Toploc_\/\"]},{\"@type\":\"Person\",\"@id\":\"https:\/\/toploc.com\/blog\/#\/schema\/person\/b66f845e3e2106301dee05e5bc776788\",\"name\":\"Julien\",\"image\":{\"@type\":\"ImageObject\",\"inLanguage\":\"fr-FR\",\"@id\":\"https:\/\/toploc.com\/blog\/#\/schema\/person\/image\/\",\"url\":\"https:\/\/secure.gravatar.com\/avatar\/642d3d11687b291bb0ade289db2c7d821a72910624f4eb86cab555b4c6a3ed15?s=96&d=mm&r=g\",\"contentUrl\":\"https:\/\/secure.gravatar.com\/avatar\/642d3d11687b291bb0ade289db2c7d821a72910624f4eb86cab555b4c6a3ed15?s=96&d=mm&r=g\",\"caption\":\"Julien\"},\"description\":\"Julien est un passionn\u00e9 de nature et de grands espaces. Guide de moyenne montagne en Andorre, il a partag\u00e9 ses r\u00e9cits de voyage pendant plusieurs ann\u00e9es. Aujourd'hui il est co-auteur de plusieurs articles pour Toploc.\",\"url\":\"https:\/\/toploc.com\/blog\/author\/julien\"}]}<\/script>\n<!-- \/ Yoast SEO plugin. -->","yoast_head_json":{"title":"Trois bonnes raisons pour privil\u00e9gier la location de vacances \u00e0 Bel\u00e9m","description":"Optez pour la location de vacances \u00e0 Bel\u00e9m et d\u00e9couvrez tout ce qui fait le charme et l\u2019authenticit\u00e9 de l\u2019Amazonie durant votre...","robots":{"index":"index","follow":"follow","max-snippet":"max-snippet:-1","max-image-preview":"max-image-preview:large","max-video-preview":"max-video-preview:-1"},"canonical":"https:\/\/toploc.com\/blog\/amerique\/location-de-vacances-a-belem","og_locale":"fr_FR","og_type":"article","og_title":"Trois bonnes raisons pour privil\u00e9gier la location de vacances \u00e0 Bel\u00e9m","og_description":"Optez pour la location de vacances \u00e0 Bel\u00e9m et d\u00e9couvrez tout ce qui fait le charme et l\u2019authenticit\u00e9 de l\u2019Amazonie durant votre...","og_url":"https:\/\/toploc.com\/blog\/amerique\/location-de-vacances-a-belem","og_site_name":"Toploc","article_publisher":"https:\/\/www.facebook.com\/locationfrancophone","article_published_time":"2017-07-21T06:00:52+00:00","og_image":[{"width":650,"height":375,"url":"https:\/\/toploc.com\/blog\/wp-content\/uploads\/2017\/07\/Coucher-de-soleil-sur-le-fleuve-Amazone-a-admirer-lors-de-votre-location-de-vacances-a-Belem.jpg","type":"image\/jpeg"}],"author":"Julien","twitter_card":"summary_large_image","twitter_misc":{"\u00c9crit par":"Julien","Dur\u00e9e de lecture estim\u00e9e":"3 minutes"},"schema":{"@context":"https:\/\/schema.org","@graph":[{"@type":"Article","@id":"https:\/\/toploc.com\/blog\/amerique\/location-de-vacances-a-belem#article","isPartOf":{"@id":"https:\/\/toploc.com\/blog\/amerique\/location-de-vacances-a-belem"},"author":{"name":"Julien","@id":"https:\/\/toploc.com\/blog\/#\/schema\/person\/b66f845e3e2106301dee05e5bc776788"},"headline":"Trois bonnes raisons pour privil\u00e9gier la location de vacances \u00e0 Bel\u00e9m","datePublished":"2017-07-21T06:00:52+00:00","mainEntityOfPage":{"@id":"https:\/\/toploc.com\/blog\/amerique\/location-de-vacances-a-belem"},"wordCount":594,"commentCount":0,"publisher":{"@id":"https:\/\/toploc.com\/blog\/#organization"},"image":{"@id":"https:\/\/toploc.com\/blog\/amerique\/location-de-vacances-a-belem#primaryimage"},"thumbnailUrl":"https:\/\/toploc.com\/blog\/wp-content\/uploads\/2017\/07\/Coucher-de-soleil-sur-le-fleuve-Amazone-a-admirer-lors-de-votre-location-de-vacances-a-Belem.jpg","keywords":["architecture \u00e0 Bel\u00e9m","for\u00eat amazonienne","gastronomie amazonienne","s\u00e9jour \u00e0 Bel\u00e9m","vacances en Amazonie","vacances en famille au Br\u00e9sil"],"articleSection":["Itin\u00e9raires Am\u00e9rique"],"inLanguage":"fr-FR","potentialAction":[{"@type":"CommentAction","name":"Comment","target":["https:\/\/toploc.com\/blog\/amerique\/location-de-vacances-a-belem#respond"]}]},{"@type":"WebPage","@id":"https:\/\/toploc.com\/blog\/amerique\/location-de-vacances-a-belem","url":"https:\/\/toploc.com\/blog\/amerique\/location-de-vacances-a-belem","name":"Trois bonnes raisons pour privil\u00e9gier la location de vacances \u00e0 Bel\u00e9m","isPartOf":{"@id":"https:\/\/toploc.com\/blog\/#website"},"primaryImageOfPage":{"@id":"https:\/\/toploc.com\/blog\/amerique\/location-de-vacances-a-belem#primaryimage"},"image":{"@id":"https:\/\/toploc.com\/blog\/amerique\/location-de-vacances-a-belem#primaryimage"},"thumbnailUrl":"https:\/\/toploc.com\/blog\/wp-content\/uploads\/2017\/07\/Coucher-de-soleil-sur-le-fleuve-Amazone-a-admirer-lors-de-votre-location-de-vacances-a-Belem.jpg","datePublished":"2017-07-21T06:00:52+00:00","description":"Optez pour la location de vacances \u00e0 Bel\u00e9m et d\u00e9couvrez tout ce qui fait le charme et l\u2019authenticit\u00e9 de l\u2019Amazonie durant votre...","breadcrumb":{"@id":"https:\/\/toploc.com\/blog\/amerique\/location-de-vacances-a-belem#breadcrumb"},"inLanguage":"fr-FR","potentialAction":[{"@type":"ReadAction","target":["https:\/\/toploc.com\/blog\/amerique\/location-de-vacances-a-belem"]}]},{"@type":"ImageObject","inLanguage":"fr-FR","@id":"https:\/\/toploc.com\/blog\/amerique\/location-de-vacances-a-belem#primaryimage","url":"https:\/\/toploc.com\/blog\/wp-content\/uploads\/2017\/07\/Coucher-de-soleil-sur-le-fleuve-Amazone-a-admirer-lors-de-votre-location-de-vacances-a-Belem.jpg","contentUrl":"https:\/\/toploc.com\/blog\/wp-content\/uploads\/2017\/07\/Coucher-de-soleil-sur-le-fleuve-Amazone-a-admirer-lors-de-votre-location-de-vacances-a-Belem.jpg","width":650,"height":375,"caption":"Coucher de soleil sur le fleuve Amazone \u00e0 admirer lors de votre location de vacances \u00e0 Bel\u00e9m"},{"@type":"BreadcrumbList","@id":"https:\/\/toploc.com\/blog\/amerique\/location-de-vacances-a-belem#breadcrumb","itemListElement":[{"@type":"ListItem","position":1,"name":"Accueil","item":"https:\/\/toploc.com\/blog"},{"@type":"ListItem","position":2,"name":"Trois bonnes raisons pour privil\u00e9gier la location de vacances \u00e0 Bel\u00e9m"}]},{"@type":"WebSite","@id":"https:\/\/toploc.com\/blog\/#website","url":"https:\/\/toploc.com\/blog\/","name":"Toploc","description":"Itin\u00e9raires natures et locations de vacances en groupe","publisher":{"@id":"https:\/\/toploc.com\/blog\/#organization"},"potentialAction":[{"@type":"SearchAction","target":{"@type":"EntryPoint","urlTemplate":"https:\/\/toploc.com\/blog\/?s={search_term_string}"},"query-input":{"@type":"PropertyValueSpecification","valueRequired":true,"valueName":"search_term_string"}}],"inLanguage":"fr-FR"},{"@type":"Organization","@id":"https:\/\/toploc.com\/blog\/#organization","name":"Toploc","url":"https:\/\/toploc.com\/blog\/","logo":{"@type":"ImageObject","inLanguage":"fr-FR","@id":"https:\/\/toploc.com\/blog\/#\/schema\/logo\/image\/","url":"https:\/\/blog.toploc.com\/wp-content\/uploads\/2022\/03\/toploc_facebook_5.png","contentUrl":"https:\/\/blog.toploc.com\/wp-content\/uploads\/2022\/03\/toploc_facebook_5.png","width":600,"height":600,"caption":"Toploc"},"image":{"@id":"https:\/\/toploc.com\/blog\/#\/schema\/logo\/image\/"},"sameAs":["https:\/\/www.facebook.com\/locationfrancophone","https:\/\/www.instagram.com\/toploc_","https:\/\/www.pinterest.fr\/Toploc_\/"]},{"@type":"Person","@id":"https:\/\/toploc.com\/blog\/#\/schema\/person\/b66f845e3e2106301dee05e5bc776788","name":"Julien","image":{"@type":"ImageObject","inLanguage":"fr-FR","@id":"https:\/\/toploc.com\/blog\/#\/schema\/person\/image\/","url":"https:\/\/secure.gravatar.com\/avatar\/642d3d11687b291bb0ade289db2c7d821a72910624f4eb86cab555b4c6a3ed15?s=96&d=mm&r=g","contentUrl":"https:\/\/secure.gravatar.com\/avatar\/642d3d11687b291bb0ade289db2c7d821a72910624f4eb86cab555b4c6a3ed15?s=96&d=mm&r=g","caption":"Julien"},"description":"Julien est un passionn\u00e9 de nature et de grands espaces. Guide de moyenne montagne en Andorre, il a partag\u00e9 ses r\u00e9cits de voyage pendant plusieurs ann\u00e9es. Aujourd'hui il est co-auteur de plusieurs articles pour Toploc.","url":"https:\/\/toploc.com\/blog\/author\/julien"}]}},"_links":{"self":[{"href":"https:\/\/toploc.com\/blog\/wp-json\/wp\/v2\/posts\/12705","targetHints":{"allow":["GET"]}}],"collection":[{"href":"https:\/\/toploc.com\/blog\/wp-json\/wp\/v2\/posts"}],"about":[{"href":"https:\/\/toploc.com\/blog\/wp-json\/wp\/v2\/types\/post"}],"author":[{"embeddable":true,"href":"https:\/\/toploc.com\/blog\/wp-json\/wp\/v2\/users\/3"}],"replies":[{"embeddable":true,"href":"https:\/\/toploc.com\/blog\/wp-json\/wp\/v2\/comments?post=12705"}],"version-history":[{"count":0,"href":"https:\/\/toploc.com\/blog\/wp-json\/wp\/v2\/posts\/12705\/revisions"}],"wp:featuredmedia":[{"embeddable":true,"href":"https:\/\/toploc.com\/blog\/wp-json\/wp\/v2\/media\/12707"}],"wp:attachment":[{"href":"https:\/\/toploc.com\/blog\/wp-json\/wp\/v2\/media?parent=12705"}],"wp:term":[{"taxonomy":"category","embeddable":true,"href":"https:\/\/toploc.com\/blog\/wp-json\/wp\/v2\/categories?post=12705"},{"taxonomy":"post_tag","embeddable":true,"href":"https:\/\/toploc.com\/blog\/wp-json\/wp\/v2\/tags?post=12705"}],"curies":[{"name":"wp","href":"https:\/\/api.w.org\/{rel}","templated":true}]}}