{"id":12514,"date":"2023-11-28T08:00:00","date_gmt":"2023-11-28T07:00:00","guid":{"rendered":"https:\/\/www.location-francophone.com\/blog\/?p=12514"},"modified":"2023-11-29T12:05:29","modified_gmt":"2023-11-29T11:05:29","slug":"vacances-a-la-montagne","status":"publish","type":"post","link":"https:\/\/toploc.com\/blog\/voyageurs\/vacances-a-la-montagne","title":{"rendered":"10 bonnes raisons de passer vos vacances \u00e0 la montagne"},"content":{"rendered":"\n<p>C\u2019est toujours la question que l\u2019on se pose avant de pr\u00e9parer ses vacances d\u2019\u00e9t\u00e9. Plut\u00f4t la mer ou plut\u00f4t la montagne\u00a0? Si vous \u00eates \u00e0 la recherche de calme, de nature et de fr\u00e2icher nous vous recommandons vivement la montagne. Avec 6 cha\u00eenes montagneuses en France tels que les Alpes, les Pyr\u00e9n\u00e9es, le Jura, les Vosges, le Massif Central et la Corse, nous n&#8217;avons que l&#8217;embarras du choix. Tours d&#8217;horizon des 10 bonnes raisons de passer vos vacances \u00e0 la montagne.<\/p>\n\n\n\n<div class=\"wp-block-buttons is-content-justification-center is-layout-flex wp-container-core-buttons-is-layout-16018d1d wp-block-buttons-is-layout-flex\">\n<div class=\"wp-block-button has-custom-font-size has-small-font-size\"><a class=\"wp-block-button__link has-background wp-element-button\" href=\"https:\/\/toploc.com\/locations-vacances\/france?utm_source=blog&amp;utm_medium=vacances-montagne\" style=\"background-color:#006b52\">\ud83d\udc49<strong>NOS H\u00c9BERGEMENTS MONTAGNE<\/strong><\/a><\/div>\n<\/div>\n\n\n\n<p>A lire : <a href=\"https:\/\/blog.toploc.com\/blog\/france\/destinations-entre-mer-et-montagne\">4 destinations entre mer et montagne en France (2023)<\/a><\/p>\n\n\n\n<h2 id=\"la-mer-ou-la-montagne-pour-vos-vacances\" class=\"wp-block-heading\">La mer ou la montagne pour vos vacances&nbsp;?<\/h2>\n\n\n<div class=\"wp-block-image wp-image-12516 size-full\">\n<figure class=\"aligncenter\"><img loading=\"lazy\" decoding=\"async\" width=\"650\" height=\"380\" src=\"https:\/\/blog.toploc.com\/wp-content\/uploads\/2017\/06\/Lever-de-soleil-sur-une-mer-de-nuage-dans-les-Alpes.jpg\" alt=\"Lever de soleil sur une mer de nuage dans les Alpes\" class=\"wp-image-12516\"\/><figcaption class=\"wp-element-caption\"><small>Lever de soleil sur une mer de nuage dans les Alpes<\/small><\/figcaption><\/figure>\n<\/div>\n\n\n<h2 id=\"avantages-des-vacances-a-la-mer\" class=\"wp-block-heading\">Avantages des vacances \u00e0 la mer<\/h2>\n\n\n\n<p>Apr\u00e8s un hiver parfois long et rigoureux, il est clair que la mer poss\u00e8de des atouts de charme&nbsp;:<\/p>\n\n\n\n<ul class=\"wp-block-list\">\n<li>baignade \u00e0 la mer<\/li>\n\n\n\n<li>chaleur du soleil estival<\/li>\n\n\n\n<li>march\u00e9s de fruits et l\u00e9gumes du Sud <\/li>\n\n\n\n<li>ou encore simplicit\u00e9 et prix des activit\u00e9s, si on a des enfants\u2026<\/li>\n<\/ul>\n\n\n\n<h3 id=\"avantage-des-vacances-a-la-montagne\" class=\"wp-block-heading\">Avantage des vacances \u00e0 la montagne<\/h3>\n\n\n\n<p>Cependant, la montagne connait depuis plusieurs ann\u00e9es un second souffle en \u00e9t\u00e9. Voici les avantages de passer ses vacances \u00e0 la montagne :<\/p>\n\n\n\n<ul class=\"wp-block-list\">\n<li>fuir la foule sur les plages et fuir les grandes chaleurs du sud de la France<\/li>\n\n\n\n<li>profiter du calme, de la nature environnante et des <a href=\"https:\/\/blog.toploc.com\/blog\/france\/paysage-montagne-france\">paysages de montagne<\/a><\/li>\n\n\n\n<li>passer des vacances sportives avec de la randonn\u00e9e, du vtt ou des sports d&#8217;hiver<\/li>\n\n\n\n<li>profiter des sports d&#8217;hiver et d\u00e9couvrir des <a href=\"https:\/\/blog.toploc.com\/blog\/montagne\/sports-dhiver-insolites\">sports d&#8217;hiver insolites<\/a><\/li>\n<\/ul>\n\n\n\n<p>Les destinations ne manquent d\u2019ailleurs pas en France, les Alpes et les Pyr\u00e9n\u00e9es sont aujourd\u2019hui totalement \u00e9quip\u00e9es pour accueillir un tourisme estival.<\/p>\n\n\n\n<div class=\"wp-block-buttons is-content-justification-center is-layout-flex wp-container-core-buttons-is-layout-16018d1d wp-block-buttons-is-layout-flex\">\n<div class=\"wp-block-button has-custom-font-size has-small-font-size\"><a class=\"wp-block-button__link has-background wp-element-button\" href=\"https:\/\/toploc.com\/locations-vacances\/france?utm_source=blog&amp;utm_medium=vacances-montagne\" style=\"background-color:#006b52\">\ud83d\udc49<strong>NOS H\u00c9BERGEMENTS MONTAGNE<\/strong><\/a><\/div>\n<\/div>\n\n\n\n<h2 id=\"une-nature-omnipresente-a-la-montagne\" class=\"wp-block-heading\">Une nature omnipr\u00e9sente&nbsp;\u00e0 la montagne<\/h2>\n\n\n<div class=\"wp-block-image wp-image-12518 size-full\">\n<figure class=\"aligncenter\"><img loading=\"lazy\" decoding=\"async\" width=\"650\" height=\"406\" src=\"https:\/\/blog.toploc.com\/wp-content\/uploads\/2017\/06\/Une-marmotte-dans-les-Alpes.jpg\" alt=\"Une marmotte dans les Alpes\" class=\"wp-image-12518\"\/><figcaption class=\"wp-element-caption\"><small>Une marmotte dans les Alpes<\/small><\/figcaption><\/figure>\n<\/div>\n\n\n<p>Un lac de montagne, une visite de <a href=\"https:\/\/blog.toploc.com\/blog\/france\/visiter-chamonix\">la mer de glace \u00e0 Chamonix<\/a>, des glaciers en Tarentaise ou encore partir t\u00f4t le matin \u00e0 la recherche des chamois, des marmottes, des bouquetins\u00a0: Vous l\u2019avez compris, la nature est absolument partout en montagne et elle offre des paysages aussi beaux que diversifi\u00e9s\u00a0! Ouvrez grand les yeux et pr\u00e9parez vos poumons pour un grand bol d\u2019air frais.<\/p>\n\n\n\n<h2 id=\"un-formidable-terrain-de-jeux\" class=\"wp-block-heading\">Un formidable terrain de jeux&nbsp;<\/h2>\n\n\n<div class=\"wp-block-image wp-image-12519 size-full\">\n<figure class=\"aligncenter\"><img loading=\"lazy\" decoding=\"async\" width=\"650\" height=\"412\" src=\"https:\/\/blog.toploc.com\/wp-content\/uploads\/2017\/06\/Pratique-du-vtt-a-la-montagne.jpg\" alt=\"Pratique du vtt \u00e0 la montagne\" class=\"wp-image-12519\"\/><figcaption class=\"wp-element-caption\"><small>Pratique du vtt \u00e0 la montagne<\/small> \u00a9 DR<\/figcaption><\/figure>\n<\/div>\n\n\n<h3 id=\"vacances-a-la-montagne-lete-randonnees-et-vtt\" class=\"wp-block-heading\">Vacances \u00e0 la montagne l&#8217;\u00e9t\u00e9 : Randonn\u00e9es et VTT <\/h3>\n\n\n\n<p>Des vacances \u00e0 la montagne, c\u2019est avant tout des vacances actives&nbsp;! Randonn\u00e9es, VTT, rafting mais aussi parapente, les activit\u00e9s estivales en montagne sont nombreuses&nbsp;! Toujours dans le respect de la nature, en suivant les chemins balis\u00e9s et en essayant de d\u00e9ranger le moins possible la faune locale, ces activit\u00e9s vous permettent de faire corps avec la nature et de vous retrouver.<\/p>\n\n\n\n<div class=\"wp-block-buttons is-content-justification-center is-layout-flex wp-container-core-buttons-is-layout-16018d1d wp-block-buttons-is-layout-flex\">\n<div class=\"wp-block-button has-custom-font-size has-small-font-size\"><a class=\"wp-block-button__link has-background wp-element-button\" href=\"https:\/\/toploc.com\/locations-vacances\/france?utm_source=blog&amp;utm_medium=vacances-montagne\" style=\"background-color:#006b52\">\ud83d\udc49<strong>NOS H\u00c9BERGEMENTS MONTAGNE<\/strong><\/a><\/div>\n<\/div>\n\n\n\n<h3 id=\"vacances-a-la-montagne-lete-via-ferrata\" class=\"wp-block-heading\">Vacances \u00e0 la montagne l&#8217;\u00e9t\u00e9 : via Ferrata<\/h3>\n\n\n\n<p>Une activit\u00e9 qui a de plus en plus le vent en poupe est la Via Ferrata. De plus en plus de voies sont d\u00e9sormais \u00e9quip\u00e9es et il existe des sites internet qui permettent de conna\u00eetre la longueur de ces sorties et leurs difficult\u00e9s.<\/p>\n\n\n<div class=\"wp-block-image wp-image-12520 size-full\">\n<figure class=\"aligncenter\"><img loading=\"lazy\" decoding=\"async\" width=\"650\" height=\"402\" src=\"https:\/\/blog.toploc.com\/wp-content\/uploads\/2017\/06\/Decouverte-du-Lac-Cornu-situe-dans-les-Alpes-en-Haute-Savoie-sur-la-commune-de-Chamonix.jpg\" alt=\"D\u00e9couverte du Lac Cornu situ\u00e9 dans les Alpes, en Haute-Savoie, sur la commune de Chamonix\" class=\"wp-image-12520\"\/><figcaption class=\"wp-element-caption\"><small>D\u00e9couverte du Lac Cornu situ\u00e9 dans les Alpes, en Haute-Savoie, sur la commune de Chamonix<\/small><\/figcaption><\/figure>\n<\/div>\n\n\n<h3 id=\"vacances-a-la-montagne-lhiver-sports-dhiver\" class=\"wp-block-heading\">Vacances \u00e0 la montagne l&#8217;Hiver : Sports d&#8217;hiver <\/h3>\n\n\n\n<p>Pour ceux qui adorent les vacances \u00e0 la montagne, certaines stations de ski, comme <a href=\"http:\/\/www.tignes.net\/\">Tignes<\/a>, propose m\u00eame du ski l\u2019\u00e9t\u00e9 sur le Glacier de la Grande Motte\u00a0! Une sensation incroyable que de d\u00e9valer des pistes de ski \u00e0 plus de 3 000 m\u00e8tres d\u2019altitude en t-shirt\u00a0! Et bien s\u00fbr, n\u2019oubliez pas de profiter des terrasses qu\u2019offrent certaines restaurants d\u2019altitude, mais pensez \u00e0 la cr\u00e8me solaire\u00a0!<\/p>\n\n\n\n<h3 id=\"ou-skier-a-la-montagne-lhiver\" class=\"wp-block-heading\">O\u00f9 skier \u00e0 la montagne l&#8217;hiver ? <\/h3>\n\n\n\n<p>Retrouvez nos guides sur les meilleures stations de ski en France : <\/p>\n\n\n\n<ul class=\"wp-block-list\">\n<li><a href=\"https:\/\/blog.toploc.com\/blog\/france\/stations-de-ski-de-haute-savoie\">Stations de ski Haute-Savoie<\/a><\/li>\n\n\n\n<li><a href=\"https:\/\/blog.toploc.com\/blog\/france\/stations-de-ski-savoie\">Stations de ski Savoie<\/a><\/li>\n\n\n\n<li><a href=\"https:\/\/blog.toploc.com\/blog\/france\/stations-de-ski-grenoble\">Stations de ski pr\u00e8s de Grenoble<\/a><\/li>\n\n\n\n<li><a href=\"https:\/\/blog.toploc.com\/blog\/france\/stations-de-ski-des-pyrenees\">Stations de ski Pyr\u00e9n\u00e9es<\/a><\/li>\n\n\n\n<li><a href=\"https:\/\/blog.toploc.com\/blog\/france\/stations-ski-vosges\">Stations de ski Vosges<\/a><\/li>\n\n\n\n<li><a href=\"https:\/\/blog.toploc.com\/blog\/france\/stations-de-ski-jura\">Stations de ski Jura<\/a><\/li>\n\n\n\n<li><a href=\"https:\/\/blog.toploc.com\/blog\/france\/stations-de-ski-du-massif-central\">Stations de ski Massif-Central<\/a><\/li>\n\n\n\n<li><a href=\"https:\/\/blog.toploc.com\/blog\/france\/hors-piste-en-france\">Ski hors-piste en France<\/a><\/li>\n<\/ul>\n\n\n\n<h2 id=\"ou-se-loger-pendant-les-vacances-a-la-montagne\" class=\"wp-block-heading\">O\u00f9 se loger pendant les vacances \u00e0 la montagne ?<\/h2>\n\n\n\n<p>L\u2019offre de logement en montagne l\u2019\u00e9t\u00e9 s\u2019est clairement d\u00e9velopp\u00e9e et les propri\u00e9taires ont bien compris l\u2019int\u00e9r\u00eat des fran\u00e7ais pour ce type de vacances. La location de chalets en bois, dans un pur style refuge de montagne, a bien s\u00fbr le vent en poupe.La d\u00e9coration savoyarde, la fraicheur de la pierre pour vos nuits, la beaut\u00e9 du bois et l\u2019impression d\u2019\u00eatre seul au monde finissent de convaincre les derniers septiques. Et franchement, quoi de mieux que de prendre le soleil sur un joli banc en bois, adoss\u00e9 au mur d\u2019un chalet en pierre apr\u00e8s une belle matin\u00e9e de randonn\u00e9e\u00a0? Veillez \u00e0 demander des photos de l\u2019ext\u00e9rieur de votre location. Vous verrez qu\u2019un peu de mobilier de jardin sera tr\u00e8s appr\u00e9ci\u00e9 pendant les soir\u00e9es d\u2019\u00e9t\u00e9.<\/p>\n\n\n\n<div class=\"wp-block-buttons is-content-justification-center is-layout-flex wp-container-core-buttons-is-layout-16018d1d wp-block-buttons-is-layout-flex\">\n<div class=\"wp-block-button has-custom-font-size has-small-font-size\"><a class=\"wp-block-button__link has-background wp-element-button\" href=\"https:\/\/toploc.com\/locations-vacances\/france?utm_source=blog&amp;utm_medium=vacances-montagne\" style=\"background-color:#006b52\">\ud83d\udc49<strong>NOS H\u00c9BERGEMENTS MONTAGNE<\/strong><\/a><\/div>\n<\/div>\n\n\n\n<p>Julien pour <a href=\"https:\/\/toploc.com\">Toploc<\/a><\/p>\n","protected":false},"excerpt":{"rendered":"C\u2019est toujours la question que l\u2019on se pose avant de pr\u00e9parer ses vacances d\u2019\u00e9t\u00e9. Plut\u00f4t la mer ou&hellip;\n","protected":false},"author":3,"featured_media":12517,"comment_status":"open","ping_status":"closed","sticky":false,"template":"","format":"standard","meta":{"footnotes":""},"categories":[103,6882],"tags":[6448],"class_list":{"0":"post-12514","1":"post","2":"type-post","3":"status-publish","4":"format-standard","5":"has-post-thumbnail","7":"category-voyageurs","8":"category-montagne","9":"tag-vacances-a-la-montagne"},"yoast_head":"<!-- This site is optimized with the Yoast SEO plugin v26.9 - https:\/\/yoast.com\/product\/yoast-seo-wordpress\/ -->\n<title>10 bonnes raisons de passer vos vacances \u00e0 la montagne<\/title>\n<meta name=\"description\" content=\"Tours d&#039;horizon des 10 bonnes raisons de passer vos vacances \u00e0 la montagne : Alpes, Pyr\u00e9n\u00e9es, Jura, Vosges, Massif Central et la Corse\" \/>\n<meta name=\"robots\" content=\"index, follow, max-snippet:-1, max-image-preview:large, max-video-preview:-1\" \/>\n<link rel=\"canonical\" href=\"https:\/\/toploc.com\/blog\/voyageurs\/vacances-a-la-montagne\" \/>\n<meta property=\"og:locale\" content=\"fr_FR\" \/>\n<meta property=\"og:type\" content=\"article\" \/>\n<meta property=\"og:title\" content=\"10 bonnes raisons de passer vos vacances \u00e0 la montagne\" \/>\n<meta property=\"og:description\" content=\"Tours d&#039;horizon des 10 bonnes raisons de passer vos vacances \u00e0 la montagne : Alpes, Pyr\u00e9n\u00e9es, Jura, Vosges, Massif Central et la Corse\" \/>\n<meta property=\"og:url\" content=\"https:\/\/toploc.com\/blog\/voyageurs\/vacances-a-la-montagne\" \/>\n<meta property=\"og:site_name\" content=\"Toploc\" \/>\n<meta property=\"article:publisher\" content=\"https:\/\/www.facebook.com\/locationfrancophone\" \/>\n<meta property=\"article:published_time\" content=\"2023-11-28T07:00:00+00:00\" \/>\n<meta property=\"article:modified_time\" content=\"2023-11-29T11:05:29+00:00\" \/>\n<meta property=\"og:image\" content=\"https:\/\/toploc.com\/blog\/wp-content\/uploads\/2017\/06\/Vacances-a-la-montagne-dans-un-chalet-dalpage.jpg\" \/>\n\t<meta property=\"og:image:width\" content=\"650\" \/>\n\t<meta property=\"og:image:height\" content=\"408\" \/>\n\t<meta property=\"og:image:type\" content=\"image\/jpeg\" \/>\n<meta name=\"author\" content=\"Julien\" \/>\n<meta name=\"twitter:card\" content=\"summary_large_image\" \/>\n<meta name=\"twitter:label1\" content=\"\u00c9crit par\" \/>\n\t<meta name=\"twitter:data1\" content=\"Julien\" \/>\n\t<meta name=\"twitter:label2\" content=\"Dur\u00e9e de lecture estim\u00e9e\" \/>\n\t<meta name=\"twitter:data2\" content=\"5 minutes\" \/>\n<script type=\"application\/ld+json\" class=\"yoast-schema-graph\">{\"@context\":\"https:\/\/schema.org\",\"@graph\":[{\"@type\":\"Article\",\"@id\":\"https:\/\/toploc.com\/blog\/voyageurs\/vacances-a-la-montagne#article\",\"isPartOf\":{\"@id\":\"https:\/\/toploc.com\/blog\/voyageurs\/vacances-a-la-montagne\"},\"author\":{\"name\":\"Julien\",\"@id\":\"https:\/\/toploc.com\/blog\/#\/schema\/person\/b66f845e3e2106301dee05e5bc776788\"},\"headline\":\"10 bonnes raisons de passer vos vacances \u00e0 la montagne\",\"datePublished\":\"2023-11-28T07:00:00+00:00\",\"dateModified\":\"2023-11-29T11:05:29+00:00\",\"mainEntityOfPage\":{\"@id\":\"https:\/\/toploc.com\/blog\/voyageurs\/vacances-a-la-montagne\"},\"wordCount\":839,\"commentCount\":0,\"publisher\":{\"@id\":\"https:\/\/toploc.com\/blog\/#organization\"},\"image\":{\"@id\":\"https:\/\/toploc.com\/blog\/voyageurs\/vacances-a-la-montagne#primaryimage\"},\"thumbnailUrl\":\"https:\/\/toploc.com\/blog\/wp-content\/uploads\/2017\/06\/Vacances-a-la-montagne-dans-un-chalet-dalpage.jpg\",\"keywords\":[\"vacances \u00e0 la montagne\"],\"articleSection\":[\"Astuces Voyageurs\",\"Montagne\"],\"inLanguage\":\"fr-FR\",\"potentialAction\":[{\"@type\":\"CommentAction\",\"name\":\"Comment\",\"target\":[\"https:\/\/toploc.com\/blog\/voyageurs\/vacances-a-la-montagne#respond\"]}]},{\"@type\":\"WebPage\",\"@id\":\"https:\/\/toploc.com\/blog\/voyageurs\/vacances-a-la-montagne\",\"url\":\"https:\/\/toploc.com\/blog\/voyageurs\/vacances-a-la-montagne\",\"name\":\"10 bonnes raisons de passer vos vacances \u00e0 la montagne\",\"isPartOf\":{\"@id\":\"https:\/\/toploc.com\/blog\/#website\"},\"primaryImageOfPage\":{\"@id\":\"https:\/\/toploc.com\/blog\/voyageurs\/vacances-a-la-montagne#primaryimage\"},\"image\":{\"@id\":\"https:\/\/toploc.com\/blog\/voyageurs\/vacances-a-la-montagne#primaryimage\"},\"thumbnailUrl\":\"https:\/\/toploc.com\/blog\/wp-content\/uploads\/2017\/06\/Vacances-a-la-montagne-dans-un-chalet-dalpage.jpg\",\"datePublished\":\"2023-11-28T07:00:00+00:00\",\"dateModified\":\"2023-11-29T11:05:29+00:00\",\"description\":\"Tours d'horizon des 10 bonnes raisons de passer vos vacances \u00e0 la montagne : Alpes, Pyr\u00e9n\u00e9es, Jura, Vosges, Massif Central et la Corse\",\"breadcrumb\":{\"@id\":\"https:\/\/toploc.com\/blog\/voyageurs\/vacances-a-la-montagne#breadcrumb\"},\"inLanguage\":\"fr-FR\",\"potentialAction\":[{\"@type\":\"ReadAction\",\"target\":[\"https:\/\/toploc.com\/blog\/voyageurs\/vacances-a-la-montagne\"]}]},{\"@type\":\"ImageObject\",\"inLanguage\":\"fr-FR\",\"@id\":\"https:\/\/toploc.com\/blog\/voyageurs\/vacances-a-la-montagne#primaryimage\",\"url\":\"https:\/\/toploc.com\/blog\/wp-content\/uploads\/2017\/06\/Vacances-a-la-montagne-dans-un-chalet-dalpage.jpg\",\"contentUrl\":\"https:\/\/toploc.com\/blog\/wp-content\/uploads\/2017\/06\/Vacances-a-la-montagne-dans-un-chalet-dalpage.jpg\",\"width\":650,\"height\":408,\"caption\":\"Vacances \u00e0 la montagne dans un chalet d'alpage\"},{\"@type\":\"BreadcrumbList\",\"@id\":\"https:\/\/toploc.com\/blog\/voyageurs\/vacances-a-la-montagne#breadcrumb\",\"itemListElement\":[{\"@type\":\"ListItem\",\"position\":1,\"name\":\"Accueil\",\"item\":\"https:\/\/toploc.com\/blog\"},{\"@type\":\"ListItem\",\"position\":2,\"name\":\"10 bonnes raisons de passer vos vacances \u00e0 la montagne\"}]},{\"@type\":\"WebSite\",\"@id\":\"https:\/\/toploc.com\/blog\/#website\",\"url\":\"https:\/\/toploc.com\/blog\/\",\"name\":\"Toploc\",\"description\":\"Itin\u00e9raires natures et locations de vacances en groupe\",\"publisher\":{\"@id\":\"https:\/\/toploc.com\/blog\/#organization\"},\"potentialAction\":[{\"@type\":\"SearchAction\",\"target\":{\"@type\":\"EntryPoint\",\"urlTemplate\":\"https:\/\/toploc.com\/blog\/?s={search_term_string}\"},\"query-input\":{\"@type\":\"PropertyValueSpecification\",\"valueRequired\":true,\"valueName\":\"search_term_string\"}}],\"inLanguage\":\"fr-FR\"},{\"@type\":\"Organization\",\"@id\":\"https:\/\/toploc.com\/blog\/#organization\",\"name\":\"Toploc\",\"url\":\"https:\/\/toploc.com\/blog\/\",\"logo\":{\"@type\":\"ImageObject\",\"inLanguage\":\"fr-FR\",\"@id\":\"https:\/\/toploc.com\/blog\/#\/schema\/logo\/image\/\",\"url\":\"https:\/\/blog.toploc.com\/wp-content\/uploads\/2022\/03\/toploc_facebook_5.png\",\"contentUrl\":\"https:\/\/blog.toploc.com\/wp-content\/uploads\/2022\/03\/toploc_facebook_5.png\",\"width\":600,\"height\":600,\"caption\":\"Toploc\"},\"image\":{\"@id\":\"https:\/\/toploc.com\/blog\/#\/schema\/logo\/image\/\"},\"sameAs\":[\"https:\/\/www.facebook.com\/locationfrancophone\",\"https:\/\/www.instagram.com\/toploc_\",\"https:\/\/www.pinterest.fr\/Toploc_\/\"]},{\"@type\":\"Person\",\"@id\":\"https:\/\/toploc.com\/blog\/#\/schema\/person\/b66f845e3e2106301dee05e5bc776788\",\"name\":\"Julien\",\"image\":{\"@type\":\"ImageObject\",\"inLanguage\":\"fr-FR\",\"@id\":\"https:\/\/toploc.com\/blog\/#\/schema\/person\/image\/\",\"url\":\"https:\/\/secure.gravatar.com\/avatar\/642d3d11687b291bb0ade289db2c7d821a72910624f4eb86cab555b4c6a3ed15?s=96&d=mm&r=g\",\"contentUrl\":\"https:\/\/secure.gravatar.com\/avatar\/642d3d11687b291bb0ade289db2c7d821a72910624f4eb86cab555b4c6a3ed15?s=96&d=mm&r=g\",\"caption\":\"Julien\"},\"description\":\"Julien est un passionn\u00e9 de nature et de grands espaces. Guide de moyenne montagne en Andorre, il a partag\u00e9 ses r\u00e9cits de voyage pendant plusieurs ann\u00e9es. Aujourd'hui il est co-auteur de plusieurs articles pour Toploc.\",\"url\":\"https:\/\/toploc.com\/blog\/author\/julien\"}]}<\/script>\n<!-- \/ Yoast SEO plugin. -->","yoast_head_json":{"title":"10 bonnes raisons de passer vos vacances \u00e0 la montagne","description":"Tours d'horizon des 10 bonnes raisons de passer vos vacances \u00e0 la montagne : Alpes, Pyr\u00e9n\u00e9es, Jura, Vosges, Massif Central et la Corse","robots":{"index":"index","follow":"follow","max-snippet":"max-snippet:-1","max-image-preview":"max-image-preview:large","max-video-preview":"max-video-preview:-1"},"canonical":"https:\/\/toploc.com\/blog\/voyageurs\/vacances-a-la-montagne","og_locale":"fr_FR","og_type":"article","og_title":"10 bonnes raisons de passer vos vacances \u00e0 la montagne","og_description":"Tours d'horizon des 10 bonnes raisons de passer vos vacances \u00e0 la montagne : Alpes, Pyr\u00e9n\u00e9es, Jura, Vosges, Massif Central et la Corse","og_url":"https:\/\/toploc.com\/blog\/voyageurs\/vacances-a-la-montagne","og_site_name":"Toploc","article_publisher":"https:\/\/www.facebook.com\/locationfrancophone","article_published_time":"2023-11-28T07:00:00+00:00","article_modified_time":"2023-11-29T11:05:29+00:00","og_image":[{"width":650,"height":408,"url":"https:\/\/toploc.com\/blog\/wp-content\/uploads\/2017\/06\/Vacances-a-la-montagne-dans-un-chalet-dalpage.jpg","type":"image\/jpeg"}],"author":"Julien","twitter_card":"summary_large_image","twitter_misc":{"\u00c9crit par":"Julien","Dur\u00e9e de lecture estim\u00e9e":"5 minutes"},"schema":{"@context":"https:\/\/schema.org","@graph":[{"@type":"Article","@id":"https:\/\/toploc.com\/blog\/voyageurs\/vacances-a-la-montagne#article","isPartOf":{"@id":"https:\/\/toploc.com\/blog\/voyageurs\/vacances-a-la-montagne"},"author":{"name":"Julien","@id":"https:\/\/toploc.com\/blog\/#\/schema\/person\/b66f845e3e2106301dee05e5bc776788"},"headline":"10 bonnes raisons de passer vos vacances \u00e0 la montagne","datePublished":"2023-11-28T07:00:00+00:00","dateModified":"2023-11-29T11:05:29+00:00","mainEntityOfPage":{"@id":"https:\/\/toploc.com\/blog\/voyageurs\/vacances-a-la-montagne"},"wordCount":839,"commentCount":0,"publisher":{"@id":"https:\/\/toploc.com\/blog\/#organization"},"image":{"@id":"https:\/\/toploc.com\/blog\/voyageurs\/vacances-a-la-montagne#primaryimage"},"thumbnailUrl":"https:\/\/toploc.com\/blog\/wp-content\/uploads\/2017\/06\/Vacances-a-la-montagne-dans-un-chalet-dalpage.jpg","keywords":["vacances \u00e0 la montagne"],"articleSection":["Astuces Voyageurs","Montagne"],"inLanguage":"fr-FR","potentialAction":[{"@type":"CommentAction","name":"Comment","target":["https:\/\/toploc.com\/blog\/voyageurs\/vacances-a-la-montagne#respond"]}]},{"@type":"WebPage","@id":"https:\/\/toploc.com\/blog\/voyageurs\/vacances-a-la-montagne","url":"https:\/\/toploc.com\/blog\/voyageurs\/vacances-a-la-montagne","name":"10 bonnes raisons de passer vos vacances \u00e0 la montagne","isPartOf":{"@id":"https:\/\/toploc.com\/blog\/#website"},"primaryImageOfPage":{"@id":"https:\/\/toploc.com\/blog\/voyageurs\/vacances-a-la-montagne#primaryimage"},"image":{"@id":"https:\/\/toploc.com\/blog\/voyageurs\/vacances-a-la-montagne#primaryimage"},"thumbnailUrl":"https:\/\/toploc.com\/blog\/wp-content\/uploads\/2017\/06\/Vacances-a-la-montagne-dans-un-chalet-dalpage.jpg","datePublished":"2023-11-28T07:00:00+00:00","dateModified":"2023-11-29T11:05:29+00:00","description":"Tours d'horizon des 10 bonnes raisons de passer vos vacances \u00e0 la montagne : Alpes, Pyr\u00e9n\u00e9es, Jura, Vosges, Massif Central et la Corse","breadcrumb":{"@id":"https:\/\/toploc.com\/blog\/voyageurs\/vacances-a-la-montagne#breadcrumb"},"inLanguage":"fr-FR","potentialAction":[{"@type":"ReadAction","target":["https:\/\/toploc.com\/blog\/voyageurs\/vacances-a-la-montagne"]}]},{"@type":"ImageObject","inLanguage":"fr-FR","@id":"https:\/\/toploc.com\/blog\/voyageurs\/vacances-a-la-montagne#primaryimage","url":"https:\/\/toploc.com\/blog\/wp-content\/uploads\/2017\/06\/Vacances-a-la-montagne-dans-un-chalet-dalpage.jpg","contentUrl":"https:\/\/toploc.com\/blog\/wp-content\/uploads\/2017\/06\/Vacances-a-la-montagne-dans-un-chalet-dalpage.jpg","width":650,"height":408,"caption":"Vacances \u00e0 la montagne dans un chalet d'alpage"},{"@type":"BreadcrumbList","@id":"https:\/\/toploc.com\/blog\/voyageurs\/vacances-a-la-montagne#breadcrumb","itemListElement":[{"@type":"ListItem","position":1,"name":"Accueil","item":"https:\/\/toploc.com\/blog"},{"@type":"ListItem","position":2,"name":"10 bonnes raisons de passer vos vacances \u00e0 la montagne"}]},{"@type":"WebSite","@id":"https:\/\/toploc.com\/blog\/#website","url":"https:\/\/toploc.com\/blog\/","name":"Toploc","description":"Itin\u00e9raires natures et locations de vacances en groupe","publisher":{"@id":"https:\/\/toploc.com\/blog\/#organization"},"potentialAction":[{"@type":"SearchAction","target":{"@type":"EntryPoint","urlTemplate":"https:\/\/toploc.com\/blog\/?s={search_term_string}"},"query-input":{"@type":"PropertyValueSpecification","valueRequired":true,"valueName":"search_term_string"}}],"inLanguage":"fr-FR"},{"@type":"Organization","@id":"https:\/\/toploc.com\/blog\/#organization","name":"Toploc","url":"https:\/\/toploc.com\/blog\/","logo":{"@type":"ImageObject","inLanguage":"fr-FR","@id":"https:\/\/toploc.com\/blog\/#\/schema\/logo\/image\/","url":"https:\/\/blog.toploc.com\/wp-content\/uploads\/2022\/03\/toploc_facebook_5.png","contentUrl":"https:\/\/blog.toploc.com\/wp-content\/uploads\/2022\/03\/toploc_facebook_5.png","width":600,"height":600,"caption":"Toploc"},"image":{"@id":"https:\/\/toploc.com\/blog\/#\/schema\/logo\/image\/"},"sameAs":["https:\/\/www.facebook.com\/locationfrancophone","https:\/\/www.instagram.com\/toploc_","https:\/\/www.pinterest.fr\/Toploc_\/"]},{"@type":"Person","@id":"https:\/\/toploc.com\/blog\/#\/schema\/person\/b66f845e3e2106301dee05e5bc776788","name":"Julien","image":{"@type":"ImageObject","inLanguage":"fr-FR","@id":"https:\/\/toploc.com\/blog\/#\/schema\/person\/image\/","url":"https:\/\/secure.gravatar.com\/avatar\/642d3d11687b291bb0ade289db2c7d821a72910624f4eb86cab555b4c6a3ed15?s=96&d=mm&r=g","contentUrl":"https:\/\/secure.gravatar.com\/avatar\/642d3d11687b291bb0ade289db2c7d821a72910624f4eb86cab555b4c6a3ed15?s=96&d=mm&r=g","caption":"Julien"},"description":"Julien est un passionn\u00e9 de nature et de grands espaces. Guide de moyenne montagne en Andorre, il a partag\u00e9 ses r\u00e9cits de voyage pendant plusieurs ann\u00e9es. Aujourd'hui il est co-auteur de plusieurs articles pour Toploc.","url":"https:\/\/toploc.com\/blog\/author\/julien"}]}},"_links":{"self":[{"href":"https:\/\/toploc.com\/blog\/wp-json\/wp\/v2\/posts\/12514","targetHints":{"allow":["GET"]}}],"collection":[{"href":"https:\/\/toploc.com\/blog\/wp-json\/wp\/v2\/posts"}],"about":[{"href":"https:\/\/toploc.com\/blog\/wp-json\/wp\/v2\/types\/post"}],"author":[{"embeddable":true,"href":"https:\/\/toploc.com\/blog\/wp-json\/wp\/v2\/users\/3"}],"replies":[{"embeddable":true,"href":"https:\/\/toploc.com\/blog\/wp-json\/wp\/v2\/comments?post=12514"}],"version-history":[{"count":3,"href":"https:\/\/toploc.com\/blog\/wp-json\/wp\/v2\/posts\/12514\/revisions"}],"predecessor-version":[{"id":136062,"href":"https:\/\/toploc.com\/blog\/wp-json\/wp\/v2\/posts\/12514\/revisions\/136062"}],"wp:featuredmedia":[{"embeddable":true,"href":"https:\/\/toploc.com\/blog\/wp-json\/wp\/v2\/media\/12517"}],"wp:attachment":[{"href":"https:\/\/toploc.com\/blog\/wp-json\/wp\/v2\/media?parent=12514"}],"wp:term":[{"taxonomy":"category","embeddable":true,"href":"https:\/\/toploc.com\/blog\/wp-json\/wp\/v2\/categories?post=12514"},{"taxonomy":"post_tag","embeddable":true,"href":"https:\/\/toploc.com\/blog\/wp-json\/wp\/v2\/tags?post=12514"}],"curies":[{"name":"wp","href":"https:\/\/api.w.org\/{rel}","templated":true}]}}