{"id":11372,"date":"2017-03-14T08:00:54","date_gmt":"2017-03-14T06:00:54","guid":{"rendered":"https:\/\/www.location-francophone.com\/blog\/?p=11372"},"modified":"2017-03-14T08:00:54","modified_gmt":"2017-03-14T06:00:54","slug":"maison-passive-autoconstruite","status":"publish","type":"post","link":"https:\/\/toploc.com\/blog\/mini-maison\/maison-passive-autoconstruite","title":{"rendered":"Une maison passive autoconstruite dans le Colorado"},"content":{"rendered":"<p style=\"text-align: justify;\">Aujourd\u2019hui, direction les montagnes du Colorado pour d\u00e9couvrir une maison passive autoconstruite par Andrew Michler.<\/p>\n<figure id=\"attachment_11376\" aria-describedby=\"caption-attachment-11376\" style=\"width: 650px\" class=\"wp-caption aligncenter\"><img loading=\"lazy\" decoding=\"async\" class=\"wp-image-11376 size-full\" src=\"https:\/\/blog.toploc.com\/wp-content\/uploads\/2017\/03\/Une-maison-passive-agreable-en-toutes-saisons.jpg\" alt=\"Une maison passive agr\u00e9able en toutes saisons \u00a9Andrew Michler\" width=\"650\" height=\"401\" \/><figcaption id=\"caption-attachment-11376\" class=\"wp-caption-text\"><small>Une maison passive agr\u00e9able en toutes saisons \u00a9Andrew Michler<\/small><\/figcaption><\/figure>\n<p style=\"text-align: justify;\"><!--more--><\/p>\n<p style=\"text-align: justify;\">De nos jours, le chauffage est un luxe que malheureusement certaines personnes ne peuvent plus se payer. Que ce soit par conviction ou bien encore par n\u00e9cessit\u00e9, la <a href=\"https:\/\/www.location-francophone.com\/blog\/maison-passive\/\">maison passive<\/a> s\u2019av\u00e8re \u00eatre un choix judicieux pour ceux qui ne souhaitent plus d\u00e9penser des fortunes dans le chauffage.<\/p>\n<figure id=\"attachment_11385\" aria-describedby=\"caption-attachment-11385\" style=\"width: 650px\" class=\"wp-caption aligncenter\"><img loading=\"lazy\" decoding=\"async\" class=\"wp-image-11385 size-full\" src=\"https:\/\/blog.toploc.com\/wp-content\/uploads\/2017\/03\/Vue-de-la-maison-passive-de-Andrew-Michler-1.jpg\" alt=\"Vue de la maison passive de Andrew Michler \u00a9Andrew Michler\" width=\"650\" height=\"369\" \/><figcaption id=\"caption-attachment-11385\" class=\"wp-caption-text\"><small>Vue de la maison passive de Andrew Michler \u00a9Andrew Michler<\/small><\/figcaption><\/figure>\n<p style=\"text-align: justify;\">Ainsi, en utilisant de bons mat\u00e9riaux, en implantant sa maison de fa\u00e7on r\u00e9fl\u00e9chie et en construisant celle-ci de telle mani\u00e8re \u00e0 avoir le moins de d\u00e9perdition possible, il est d\u00e9sormais facile de vivre sans chauffage.<\/p>\n<h2 id=\"une-temperature-agreable-en-toute-saison-grace-a-une-maison-passive-autoconstruite\" style=\"text-align: justify;\"><strong>Une temp\u00e9rature agr\u00e9able en toute saison gr\u00e2ce \u00e0 une maison passive autoconstruite<\/strong><\/h2>\n<p style=\"text-align: justify;\">Le fait d\u2019opter pour l\u2019<a href=\"https:\/\/www.location-francophone.com\/blog\/autoconstruction\/\">autoconstruction<\/a> permet avant tout de choisir les bons mat\u00e9riaux, mais \u00e9galement de conjuguer de nombreuses techniques, nouvelles ou anciennes, afin d\u2019obtenir une maison passive performante, mais \u00e9galement agr\u00e9able \u00e0 regarder. C\u2019est ainsi que Andrew Michler arrive, sans chauffage, \u00e0 profiter d\u2019une temp\u00e9rature de 20 degr\u00e9s dans sa maison et cela quelque soit la saison.<\/p>\n<figure id=\"attachment_11378\" aria-describedby=\"caption-attachment-11378\" style=\"width: 650px\" class=\"wp-caption aligncenter\"><img loading=\"lazy\" decoding=\"async\" class=\"wp-image-11378 size-full\" src=\"https:\/\/blog.toploc.com\/wp-content\/uploads\/2017\/03\/Le-salon-lumineux-dune-maison-passive-dans-le-Colorado-1.png\" alt=\"Le salon lumineux d'une maison passive dans le Colorado \u00a9Andrew Michler\" width=\"650\" height=\"369\" \/><figcaption id=\"caption-attachment-11378\" class=\"wp-caption-text\"><small>Le salon lumineux d&#8217;une maison passive dans le Colorado \u00a9Andrew Michler<\/small><\/figcaption><\/figure>\n<figure id=\"attachment_11379\" aria-describedby=\"caption-attachment-11379\" style=\"width: 650px\" class=\"wp-caption aligncenter\"><img loading=\"lazy\" decoding=\"async\" class=\"wp-image-11379 size-full\" src=\"https:\/\/blog.toploc.com\/wp-content\/uploads\/2017\/03\/Optimisation-de-lespace-avec-cet-escalier-avec-des-rangements-1.png\" alt=\"Optimisation de l'espace avec cet escalier avec des rangements \u00a9Andrew Michler\" width=\"650\" height=\"363\" \/><figcaption id=\"caption-attachment-11379\" class=\"wp-caption-text\"><small>Optimisation de l&#8217;espace avec cet escalier avec des rangements \u00a9Andrew Michler<\/small><\/figcaption><\/figure>\n<figure id=\"attachment_11380\" aria-describedby=\"caption-attachment-11380\" style=\"width: 650px\" class=\"wp-caption aligncenter\"><img loading=\"lazy\" decoding=\"async\" class=\"wp-image-11380 size-full\" src=\"https:\/\/blog.toploc.com\/wp-content\/uploads\/2017\/03\/Agencement-de-la-maison-optimise-pour-garder-la-chaleur-1.png\" alt=\"Agencement de la maison optimis\u00e9 pour garder la chaleur \u00a9Andrew Michler\" width=\"650\" height=\"333\" \/><figcaption id=\"caption-attachment-11380\" class=\"wp-caption-text\"><small>Agencement de la maison optimis\u00e9 pour garder la chaleur \u00a9Andrew Michler<\/small><\/figcaption><\/figure>\n<p style=\"text-align: justify;\">Pour construire cette <a href=\"https:\/\/www.location-francophone.com\/blog\/maison-ecologique\/\">maison \u00e9cologique<\/a>, Andre Michler s\u2019est inspir\u00e9 de Needbased, un cabinet de design mexicain. Le but premier \u00e9tait de b\u00e9n\u00e9ficier d\u2019une temp\u00e9rature agr\u00e9able en tout temps et d\u2019un ensoleillement maximum en choisissant la meilleure exposition possible.<\/p>\n<figure id=\"attachment_11381\" aria-describedby=\"caption-attachment-11381\" style=\"width: 650px\" class=\"wp-caption aligncenter\"><img loading=\"lazy\" decoding=\"async\" class=\"wp-image-11381 size-full\" src=\"https:\/\/blog.toploc.com\/wp-content\/uploads\/2017\/03\/Un-salon-avec-vue-exceptionnelle-1.jpg\" alt=\"Un salon avec vue exceptionnelle \u00a9Andrew Michler\" width=\"650\" height=\"398\" \/><figcaption id=\"caption-attachment-11381\" class=\"wp-caption-text\"><small>Un salon avec vue exceptionnelle \u00a9Andrew Michler<\/small><\/figcaption><\/figure>\n<figure id=\"attachment_11382\" aria-describedby=\"caption-attachment-11382\" style=\"width: 650px\" class=\"wp-caption aligncenter\"><img loading=\"lazy\" decoding=\"async\" class=\"wp-image-11382 size-full\" src=\"https:\/\/blog.toploc.com\/wp-content\/uploads\/2017\/03\/Une-salle-de-bain-bien-agencee-1.jpg\" alt=\"Une salle de bain bien agenc\u00e9e \u00a9Andrew Michler\" width=\"650\" height=\"404\" \/><figcaption id=\"caption-attachment-11382\" class=\"wp-caption-text\"><small>Une salle de bain bien agenc\u00e9e \u00a9Andrew Michler<\/small><\/figcaption><\/figure>\n<p style=\"text-align: justify;\">Pour conserver cette chaleur naturelle, il \u00e9tait important d\u2019opter pour des murs \u00e9pais, ainsi que des fen\u00eatres triple-vitrages, mais \u00e9galement une bonne ventilation. Il \u00e9tait important de garder, mais \u00e9galement de valoriser les calories qu\u2019apporte le soleil afin de ne pas utiliser d\u2019autre source de chauffage.<\/p>\n<h2 id=\"un-hiver-sans-chauffage\" style=\"text-align: justify;\"><strong>Un hiver sans chauffage<\/strong><\/h2>\n<p style=\"text-align: justify;\">Cette maison passive en autoconstruction est surprenante, car m\u00eame avec moins dix degr\u00e9s \u00e0 l\u2019ext\u00e9rieur, la temp\u00e9rature \u00e0 l\u2019int\u00e9rieur de celle-ci est plus que raisonnable puisqu\u2019elle affichait seize degr\u00e9s selon Andrew Michler. Bien s\u00fbr, pour avoir une <a href=\"https:\/\/www.location-francophone.com\/blog\/maison-autosuffisante\/\">maison autosuffisante<\/a> en chauffage, il vous faut utiliser quelques astuces d\u00e9j\u00e0 employ\u00e9es sur d\u2019autres projets comme l\u2019Eartship.<\/p>\n<p style=\"text-align: justify;\">Ainsi, il est important de cr\u00e9er le minimum d\u2019ouverture sur la fa\u00e7ade nord de votre maison. C\u2019est ainsi, que Andrew a d\u00e9cid\u00e9 de ne faire aucune ouverture du cot\u00e9 nord, tandis que le cot\u00e9 sud, b\u00e9n\u00e9ficie quant \u00e0 lui d\u2019un cinqui\u00e8me de surface vitr\u00e9e afin de faire entrer la chaleur.<\/p>\n<figure id=\"attachment_11383\" aria-describedby=\"caption-attachment-11383\" style=\"width: 650px\" class=\"wp-caption aligncenter\"><img loading=\"lazy\" decoding=\"async\" class=\"wp-image-11383 size-full\" src=\"https:\/\/blog.toploc.com\/wp-content\/uploads\/2017\/03\/Un-hamac-dans-une-maison-1.jpg\" alt=\"Un hamac dans une maison \u00a9Andrew Michler\" width=\"650\" height=\"390\" \/><figcaption id=\"caption-attachment-11383\" class=\"wp-caption-text\"><small>Un hamac dans une maison \u00a9Andrew Michler<\/small><\/figcaption><\/figure>\n<figure id=\"attachment_11384\" aria-describedby=\"caption-attachment-11384\" style=\"width: 650px\" class=\"wp-caption aligncenter\"><img loading=\"lazy\" decoding=\"async\" class=\"wp-image-11384 size-full\" src=\"https:\/\/blog.toploc.com\/wp-content\/uploads\/2017\/03\/Un-hamac-suspendu-dans-la-maison-de-Andrew-Michler-1.jpg\" alt=\"Un hamac suspendu dans la maison de Andrew Michler \u00a9Andrew Michler\" width=\"650\" height=\"326\" \/><figcaption id=\"caption-attachment-11384\" class=\"wp-caption-text\"><small>Un hamac suspendu dans la maison de Andrew Michler \u00a9Andrew Michler<\/small><\/figcaption><\/figure>\n<p style=\"text-align: justify;\">L\u2019isolation est \u00e9galement tr\u00e8s importante pour garder la chaleur cr\u00e9\u00e9e par le soleil. Il a donc fait attention \u00e0 ce qu\u2019il n\u2019y ait aucun pont thermique. La chaleur que d\u00e9gagent les appareils m\u00e9nagers a \u00e9galement \u00e9t\u00e9\u00a0r\u00e9cup\u00e9r\u00e9e afin de la r\u00e9utiliser.<\/p>\n<figure id=\"attachment_11377\" aria-describedby=\"caption-attachment-11377\" style=\"width: 650px\" class=\"wp-caption aligncenter\"><img loading=\"lazy\" decoding=\"async\" class=\"wp-image-11377 size-full\" src=\"https:\/\/blog.toploc.com\/wp-content\/uploads\/2017\/03\/La-maison-passive-autoconstruite-par-Andrew-Michler-dans-le-Colorado-1.png\" alt=\"La maison passive autoconstruite par Andrew Michler dans le Colorado \u00a9Andrew Michler\" width=\"650\" height=\"353\" \/><figcaption id=\"caption-attachment-11377\" class=\"wp-caption-text\"><small>La maison passive autoconstruite par Andrew Michler dans le Colorado \u00a9Andrew Michler<\/small><\/figcaption><\/figure>\n<p style=\"text-align: justify;\">Cette maison atypique propose ainsi un faible co\u00fbt d\u2019utilisation au quotidien. Ce qui permet, par cons\u00e9quent, de belles \u00e9conomies en plus d\u2019\u00eatre agr\u00e9able \u00e0 regarder.<\/p>\n<p style=\"text-align: justify;\">Et vous\u00a0? Qu\u2019en pensez-vous\u00a0? Quelle est la technique de construction que vous pr\u00e9f\u00e9rez\u00a0?<\/p>\n","protected":false},"excerpt":{"rendered":"Aujourd\u2019hui, direction les montagnes du Colorado pour d\u00e9couvrir une maison passive autoconstruite par Andrew Michler.\n","protected":false},"author":3,"featured_media":11376,"comment_status":"open","ping_status":"closed","sticky":false,"template":"","format":"standard","meta":{"footnotes":""},"categories":[37],"tags":[1860,1861,1862,1863,1864],"class_list":{"0":"post-11372","1":"post","2":"type-post","3":"status-publish","4":"format-standard","5":"has-post-thumbnail","7":"category-mini-maison","8":"tag-fenetres-avec-triple-vitrages","9":"tag-maison-ecologique-dans-le-colorado","10":"tag-maison-passive-avec-baies-vitrees","11":"tag-maison-passive-dans-le-colorado","12":"tag-maison-passive-sans-chauffage"},"yoast_head":"<!-- This site is optimized with the Yoast SEO plugin v26.9 - https:\/\/yoast.com\/product\/yoast-seo-wordpress\/ -->\n<title>D\u00e9couvrez cette maison passive autoconstruite dans le Colorado<\/title>\n<meta name=\"description\" content=\"Aujourd\u2019hui, direction les montagnes du Colorado aux \u00c9tats-Unis pour d\u00e9couvrir une maison passive autoconstruite par Andrew...\" \/>\n<meta name=\"robots\" content=\"index, follow, max-snippet:-1, max-image-preview:large, max-video-preview:-1\" \/>\n<link rel=\"canonical\" href=\"https:\/\/toploc.com\/blog\/mini-maison\/maison-passive-autoconstruite\" \/>\n<meta property=\"og:locale\" content=\"fr_FR\" \/>\n<meta property=\"og:type\" content=\"article\" \/>\n<meta property=\"og:title\" content=\"D\u00e9couvrez cette maison passive autoconstruite dans le Colorado\" \/>\n<meta property=\"og:description\" content=\"Aujourd\u2019hui, direction les montagnes du Colorado aux \u00c9tats-Unis pour d\u00e9couvrir une maison passive autoconstruite par Andrew...\" \/>\n<meta property=\"og:url\" content=\"https:\/\/toploc.com\/blog\/mini-maison\/maison-passive-autoconstruite\" \/>\n<meta property=\"og:site_name\" content=\"Toploc\" \/>\n<meta property=\"article:publisher\" content=\"https:\/\/www.facebook.com\/locationfrancophone\" \/>\n<meta property=\"article:published_time\" content=\"2017-03-14T06:00:54+00:00\" \/>\n<meta property=\"og:image\" content=\"https:\/\/toploc.com\/blog\/wp-content\/uploads\/2017\/03\/Une-maison-passive-agreable-en-toutes-saisons.jpg\" \/>\n\t<meta property=\"og:image:width\" content=\"650\" \/>\n\t<meta property=\"og:image:height\" content=\"401\" \/>\n\t<meta property=\"og:image:type\" content=\"image\/jpeg\" \/>\n<meta name=\"author\" content=\"Julien\" \/>\n<meta name=\"twitter:card\" content=\"summary_large_image\" \/>\n<meta name=\"twitter:label1\" content=\"\u00c9crit par\" \/>\n\t<meta name=\"twitter:data1\" content=\"Julien\" \/>\n\t<meta name=\"twitter:label2\" content=\"Dur\u00e9e de lecture estim\u00e9e\" \/>\n\t<meta name=\"twitter:data2\" content=\"3 minutes\" \/>\n<script type=\"application\/ld+json\" class=\"yoast-schema-graph\">{\"@context\":\"https:\/\/schema.org\",\"@graph\":[{\"@type\":\"Article\",\"@id\":\"https:\/\/toploc.com\/blog\/mini-maison\/maison-passive-autoconstruite#article\",\"isPartOf\":{\"@id\":\"https:\/\/toploc.com\/blog\/mini-maison\/maison-passive-autoconstruite\"},\"author\":{\"name\":\"Julien\",\"@id\":\"https:\/\/toploc.com\/blog\/#\/schema\/person\/b66f845e3e2106301dee05e5bc776788\"},\"headline\":\"Une maison passive autoconstruite dans le Colorado\",\"datePublished\":\"2017-03-14T06:00:54+00:00\",\"mainEntityOfPage\":{\"@id\":\"https:\/\/toploc.com\/blog\/mini-maison\/maison-passive-autoconstruite\"},\"wordCount\":685,\"commentCount\":0,\"publisher\":{\"@id\":\"https:\/\/toploc.com\/blog\/#organization\"},\"image\":{\"@id\":\"https:\/\/toploc.com\/blog\/mini-maison\/maison-passive-autoconstruite#primaryimage\"},\"thumbnailUrl\":\"https:\/\/toploc.com\/blog\/wp-content\/uploads\/2017\/03\/Une-maison-passive-agreable-en-toutes-saisons.jpg\",\"keywords\":[\"fen\u00eatres avec triple-vitrages\",\"maison \u00e9cologique dans le Colorado\",\"maison passive avec baies vitr\u00e9es\",\"maison passive dans le Colorado\",\"maison passive sans chauffage\"],\"articleSection\":[\"Tiny House\"],\"inLanguage\":\"fr-FR\",\"potentialAction\":[{\"@type\":\"CommentAction\",\"name\":\"Comment\",\"target\":[\"https:\/\/toploc.com\/blog\/mini-maison\/maison-passive-autoconstruite#respond\"]}]},{\"@type\":\"WebPage\",\"@id\":\"https:\/\/toploc.com\/blog\/mini-maison\/maison-passive-autoconstruite\",\"url\":\"https:\/\/toploc.com\/blog\/mini-maison\/maison-passive-autoconstruite\",\"name\":\"D\u00e9couvrez cette maison passive autoconstruite dans le Colorado\",\"isPartOf\":{\"@id\":\"https:\/\/toploc.com\/blog\/#website\"},\"primaryImageOfPage\":{\"@id\":\"https:\/\/toploc.com\/blog\/mini-maison\/maison-passive-autoconstruite#primaryimage\"},\"image\":{\"@id\":\"https:\/\/toploc.com\/blog\/mini-maison\/maison-passive-autoconstruite#primaryimage\"},\"thumbnailUrl\":\"https:\/\/toploc.com\/blog\/wp-content\/uploads\/2017\/03\/Une-maison-passive-agreable-en-toutes-saisons.jpg\",\"datePublished\":\"2017-03-14T06:00:54+00:00\",\"description\":\"Aujourd\u2019hui, direction les montagnes du Colorado aux \u00c9tats-Unis pour d\u00e9couvrir une maison passive autoconstruite par Andrew...\",\"breadcrumb\":{\"@id\":\"https:\/\/toploc.com\/blog\/mini-maison\/maison-passive-autoconstruite#breadcrumb\"},\"inLanguage\":\"fr-FR\",\"potentialAction\":[{\"@type\":\"ReadAction\",\"target\":[\"https:\/\/toploc.com\/blog\/mini-maison\/maison-passive-autoconstruite\"]}]},{\"@type\":\"ImageObject\",\"inLanguage\":\"fr-FR\",\"@id\":\"https:\/\/toploc.com\/blog\/mini-maison\/maison-passive-autoconstruite#primaryimage\",\"url\":\"https:\/\/toploc.com\/blog\/wp-content\/uploads\/2017\/03\/Une-maison-passive-agreable-en-toutes-saisons.jpg\",\"contentUrl\":\"https:\/\/toploc.com\/blog\/wp-content\/uploads\/2017\/03\/Une-maison-passive-agreable-en-toutes-saisons.jpg\",\"width\":650,\"height\":401,\"caption\":\"Une maison passive agr\u00e9able en toutes saisons \u00a9Andrew Michler\"},{\"@type\":\"BreadcrumbList\",\"@id\":\"https:\/\/toploc.com\/blog\/mini-maison\/maison-passive-autoconstruite#breadcrumb\",\"itemListElement\":[{\"@type\":\"ListItem\",\"position\":1,\"name\":\"Accueil\",\"item\":\"https:\/\/toploc.com\/blog\"},{\"@type\":\"ListItem\",\"position\":2,\"name\":\"Une maison passive autoconstruite dans le Colorado\"}]},{\"@type\":\"WebSite\",\"@id\":\"https:\/\/toploc.com\/blog\/#website\",\"url\":\"https:\/\/toploc.com\/blog\/\",\"name\":\"Toploc\",\"description\":\"Itin\u00e9raires natures et locations de vacances en groupe\",\"publisher\":{\"@id\":\"https:\/\/toploc.com\/blog\/#organization\"},\"potentialAction\":[{\"@type\":\"SearchAction\",\"target\":{\"@type\":\"EntryPoint\",\"urlTemplate\":\"https:\/\/toploc.com\/blog\/?s={search_term_string}\"},\"query-input\":{\"@type\":\"PropertyValueSpecification\",\"valueRequired\":true,\"valueName\":\"search_term_string\"}}],\"inLanguage\":\"fr-FR\"},{\"@type\":\"Organization\",\"@id\":\"https:\/\/toploc.com\/blog\/#organization\",\"name\":\"Toploc\",\"url\":\"https:\/\/toploc.com\/blog\/\",\"logo\":{\"@type\":\"ImageObject\",\"inLanguage\":\"fr-FR\",\"@id\":\"https:\/\/toploc.com\/blog\/#\/schema\/logo\/image\/\",\"url\":\"https:\/\/blog.toploc.com\/wp-content\/uploads\/2022\/03\/toploc_facebook_5.png\",\"contentUrl\":\"https:\/\/blog.toploc.com\/wp-content\/uploads\/2022\/03\/toploc_facebook_5.png\",\"width\":600,\"height\":600,\"caption\":\"Toploc\"},\"image\":{\"@id\":\"https:\/\/toploc.com\/blog\/#\/schema\/logo\/image\/\"},\"sameAs\":[\"https:\/\/www.facebook.com\/locationfrancophone\",\"https:\/\/www.instagram.com\/toploc_\",\"https:\/\/www.pinterest.fr\/Toploc_\/\"]},{\"@type\":\"Person\",\"@id\":\"https:\/\/toploc.com\/blog\/#\/schema\/person\/b66f845e3e2106301dee05e5bc776788\",\"name\":\"Julien\",\"image\":{\"@type\":\"ImageObject\",\"inLanguage\":\"fr-FR\",\"@id\":\"https:\/\/toploc.com\/blog\/#\/schema\/person\/image\/\",\"url\":\"https:\/\/secure.gravatar.com\/avatar\/642d3d11687b291bb0ade289db2c7d821a72910624f4eb86cab555b4c6a3ed15?s=96&d=mm&r=g\",\"contentUrl\":\"https:\/\/secure.gravatar.com\/avatar\/642d3d11687b291bb0ade289db2c7d821a72910624f4eb86cab555b4c6a3ed15?s=96&d=mm&r=g\",\"caption\":\"Julien\"},\"description\":\"Julien est un passionn\u00e9 de nature et de grands espaces. Guide de moyenne montagne en Andorre, il a partag\u00e9 ses r\u00e9cits de voyage pendant plusieurs ann\u00e9es. Aujourd'hui il est co-auteur de plusieurs articles pour Toploc.\",\"url\":\"https:\/\/toploc.com\/blog\/author\/julien\"}]}<\/script>\n<!-- \/ Yoast SEO plugin. -->","yoast_head_json":{"title":"D\u00e9couvrez cette maison passive autoconstruite dans le Colorado","description":"Aujourd\u2019hui, direction les montagnes du Colorado aux \u00c9tats-Unis pour d\u00e9couvrir une maison passive autoconstruite par Andrew...","robots":{"index":"index","follow":"follow","max-snippet":"max-snippet:-1","max-image-preview":"max-image-preview:large","max-video-preview":"max-video-preview:-1"},"canonical":"https:\/\/toploc.com\/blog\/mini-maison\/maison-passive-autoconstruite","og_locale":"fr_FR","og_type":"article","og_title":"D\u00e9couvrez cette maison passive autoconstruite dans le Colorado","og_description":"Aujourd\u2019hui, direction les montagnes du Colorado aux \u00c9tats-Unis pour d\u00e9couvrir une maison passive autoconstruite par Andrew...","og_url":"https:\/\/toploc.com\/blog\/mini-maison\/maison-passive-autoconstruite","og_site_name":"Toploc","article_publisher":"https:\/\/www.facebook.com\/locationfrancophone","article_published_time":"2017-03-14T06:00:54+00:00","og_image":[{"width":650,"height":401,"url":"https:\/\/toploc.com\/blog\/wp-content\/uploads\/2017\/03\/Une-maison-passive-agreable-en-toutes-saisons.jpg","type":"image\/jpeg"}],"author":"Julien","twitter_card":"summary_large_image","twitter_misc":{"\u00c9crit par":"Julien","Dur\u00e9e de lecture estim\u00e9e":"3 minutes"},"schema":{"@context":"https:\/\/schema.org","@graph":[{"@type":"Article","@id":"https:\/\/toploc.com\/blog\/mini-maison\/maison-passive-autoconstruite#article","isPartOf":{"@id":"https:\/\/toploc.com\/blog\/mini-maison\/maison-passive-autoconstruite"},"author":{"name":"Julien","@id":"https:\/\/toploc.com\/blog\/#\/schema\/person\/b66f845e3e2106301dee05e5bc776788"},"headline":"Une maison passive autoconstruite dans le Colorado","datePublished":"2017-03-14T06:00:54+00:00","mainEntityOfPage":{"@id":"https:\/\/toploc.com\/blog\/mini-maison\/maison-passive-autoconstruite"},"wordCount":685,"commentCount":0,"publisher":{"@id":"https:\/\/toploc.com\/blog\/#organization"},"image":{"@id":"https:\/\/toploc.com\/blog\/mini-maison\/maison-passive-autoconstruite#primaryimage"},"thumbnailUrl":"https:\/\/toploc.com\/blog\/wp-content\/uploads\/2017\/03\/Une-maison-passive-agreable-en-toutes-saisons.jpg","keywords":["fen\u00eatres avec triple-vitrages","maison \u00e9cologique dans le Colorado","maison passive avec baies vitr\u00e9es","maison passive dans le Colorado","maison passive sans chauffage"],"articleSection":["Tiny House"],"inLanguage":"fr-FR","potentialAction":[{"@type":"CommentAction","name":"Comment","target":["https:\/\/toploc.com\/blog\/mini-maison\/maison-passive-autoconstruite#respond"]}]},{"@type":"WebPage","@id":"https:\/\/toploc.com\/blog\/mini-maison\/maison-passive-autoconstruite","url":"https:\/\/toploc.com\/blog\/mini-maison\/maison-passive-autoconstruite","name":"D\u00e9couvrez cette maison passive autoconstruite dans le Colorado","isPartOf":{"@id":"https:\/\/toploc.com\/blog\/#website"},"primaryImageOfPage":{"@id":"https:\/\/toploc.com\/blog\/mini-maison\/maison-passive-autoconstruite#primaryimage"},"image":{"@id":"https:\/\/toploc.com\/blog\/mini-maison\/maison-passive-autoconstruite#primaryimage"},"thumbnailUrl":"https:\/\/toploc.com\/blog\/wp-content\/uploads\/2017\/03\/Une-maison-passive-agreable-en-toutes-saisons.jpg","datePublished":"2017-03-14T06:00:54+00:00","description":"Aujourd\u2019hui, direction les montagnes du Colorado aux \u00c9tats-Unis pour d\u00e9couvrir une maison passive autoconstruite par Andrew...","breadcrumb":{"@id":"https:\/\/toploc.com\/blog\/mini-maison\/maison-passive-autoconstruite#breadcrumb"},"inLanguage":"fr-FR","potentialAction":[{"@type":"ReadAction","target":["https:\/\/toploc.com\/blog\/mini-maison\/maison-passive-autoconstruite"]}]},{"@type":"ImageObject","inLanguage":"fr-FR","@id":"https:\/\/toploc.com\/blog\/mini-maison\/maison-passive-autoconstruite#primaryimage","url":"https:\/\/toploc.com\/blog\/wp-content\/uploads\/2017\/03\/Une-maison-passive-agreable-en-toutes-saisons.jpg","contentUrl":"https:\/\/toploc.com\/blog\/wp-content\/uploads\/2017\/03\/Une-maison-passive-agreable-en-toutes-saisons.jpg","width":650,"height":401,"caption":"Une maison passive agr\u00e9able en toutes saisons \u00a9Andrew Michler"},{"@type":"BreadcrumbList","@id":"https:\/\/toploc.com\/blog\/mini-maison\/maison-passive-autoconstruite#breadcrumb","itemListElement":[{"@type":"ListItem","position":1,"name":"Accueil","item":"https:\/\/toploc.com\/blog"},{"@type":"ListItem","position":2,"name":"Une maison passive autoconstruite dans le Colorado"}]},{"@type":"WebSite","@id":"https:\/\/toploc.com\/blog\/#website","url":"https:\/\/toploc.com\/blog\/","name":"Toploc","description":"Itin\u00e9raires natures et locations de vacances en groupe","publisher":{"@id":"https:\/\/toploc.com\/blog\/#organization"},"potentialAction":[{"@type":"SearchAction","target":{"@type":"EntryPoint","urlTemplate":"https:\/\/toploc.com\/blog\/?s={search_term_string}"},"query-input":{"@type":"PropertyValueSpecification","valueRequired":true,"valueName":"search_term_string"}}],"inLanguage":"fr-FR"},{"@type":"Organization","@id":"https:\/\/toploc.com\/blog\/#organization","name":"Toploc","url":"https:\/\/toploc.com\/blog\/","logo":{"@type":"ImageObject","inLanguage":"fr-FR","@id":"https:\/\/toploc.com\/blog\/#\/schema\/logo\/image\/","url":"https:\/\/blog.toploc.com\/wp-content\/uploads\/2022\/03\/toploc_facebook_5.png","contentUrl":"https:\/\/blog.toploc.com\/wp-content\/uploads\/2022\/03\/toploc_facebook_5.png","width":600,"height":600,"caption":"Toploc"},"image":{"@id":"https:\/\/toploc.com\/blog\/#\/schema\/logo\/image\/"},"sameAs":["https:\/\/www.facebook.com\/locationfrancophone","https:\/\/www.instagram.com\/toploc_","https:\/\/www.pinterest.fr\/Toploc_\/"]},{"@type":"Person","@id":"https:\/\/toploc.com\/blog\/#\/schema\/person\/b66f845e3e2106301dee05e5bc776788","name":"Julien","image":{"@type":"ImageObject","inLanguage":"fr-FR","@id":"https:\/\/toploc.com\/blog\/#\/schema\/person\/image\/","url":"https:\/\/secure.gravatar.com\/avatar\/642d3d11687b291bb0ade289db2c7d821a72910624f4eb86cab555b4c6a3ed15?s=96&d=mm&r=g","contentUrl":"https:\/\/secure.gravatar.com\/avatar\/642d3d11687b291bb0ade289db2c7d821a72910624f4eb86cab555b4c6a3ed15?s=96&d=mm&r=g","caption":"Julien"},"description":"Julien est un passionn\u00e9 de nature et de grands espaces. Guide de moyenne montagne en Andorre, il a partag\u00e9 ses r\u00e9cits de voyage pendant plusieurs ann\u00e9es. Aujourd'hui il est co-auteur de plusieurs articles pour Toploc.","url":"https:\/\/toploc.com\/blog\/author\/julien"}]}},"_links":{"self":[{"href":"https:\/\/toploc.com\/blog\/wp-json\/wp\/v2\/posts\/11372","targetHints":{"allow":["GET"]}}],"collection":[{"href":"https:\/\/toploc.com\/blog\/wp-json\/wp\/v2\/posts"}],"about":[{"href":"https:\/\/toploc.com\/blog\/wp-json\/wp\/v2\/types\/post"}],"author":[{"embeddable":true,"href":"https:\/\/toploc.com\/blog\/wp-json\/wp\/v2\/users\/3"}],"replies":[{"embeddable":true,"href":"https:\/\/toploc.com\/blog\/wp-json\/wp\/v2\/comments?post=11372"}],"version-history":[{"count":0,"href":"https:\/\/toploc.com\/blog\/wp-json\/wp\/v2\/posts\/11372\/revisions"}],"wp:featuredmedia":[{"embeddable":true,"href":"https:\/\/toploc.com\/blog\/wp-json\/wp\/v2\/media\/11376"}],"wp:attachment":[{"href":"https:\/\/toploc.com\/blog\/wp-json\/wp\/v2\/media?parent=11372"}],"wp:term":[{"taxonomy":"category","embeddable":true,"href":"https:\/\/toploc.com\/blog\/wp-json\/wp\/v2\/categories?post=11372"},{"taxonomy":"post_tag","embeddable":true,"href":"https:\/\/toploc.com\/blog\/wp-json\/wp\/v2\/tags?post=11372"}],"curies":[{"name":"wp","href":"https:\/\/api.w.org\/{rel}","templated":true}]}}