{"id":103818,"date":"2024-10-11T09:55:00","date_gmt":"2024-10-11T07:55:00","guid":{"rendered":"https:\/\/www.location-francophone.com\/?p=103818"},"modified":"2024-10-11T09:55:00","modified_gmt":"2024-10-11T07:55:00","slug":"randonnee-en-hiver","status":"publish","type":"post","link":"https:\/\/toploc.com\/blog\/montagne\/randonnee-en-hiver","title":{"rendered":"\u00cates-vous skis de randonn\u00e9e en hiver ou raquettes ?"},"content":{"rendered":"\n<p>Il existe une panoplie d\u2019activit\u00e9s hivernales, mais la randonn\u00e9e en hiver reste un incontournable. Bien s\u00fbr, les v\u00eatements et \u00e9quipements utilis\u00e9s sont diff\u00e9rents de ceux d&#8217;\u00e9t\u00e9. Voici notre petite <span style=\"color: #0071af;\"><mark style=\"background-color:rgba(0, 0, 0, 0)\" class=\"has-inline-color has-black-color\">liste des indispensables pour faire de la randonn\u00e9e en hive<\/mark><\/span>. Des conseils simples mais \u00e0 ne pas n\u00e9gliger lors de vos prochaines ballades, en skis ou en raquettes.<\/p>\n\n\n\n<div class=\"wp-block-buttons is-content-justification-center is-layout-flex wp-container-core-buttons-is-layout-16018d1d wp-block-buttons-is-layout-flex\">\n<div class=\"wp-block-button has-custom-font-size has-small-font-size\"><a class=\"wp-block-button__link has-background wp-element-button\" href=\"https:\/\/toploc.com\/chalet\/france\" style=\"background-color:#006b52\">\ud83d\udc49 <strong>NOS CHALETS MONTAGNE<\/strong><\/a><\/div>\n<\/div>\n\n\n\n<p>A lire : <a href=\"https:\/\/blog.toploc.com\/blog\/france\/hors-piste-en-france\">Les meilleures stations de ski hors piste en France<\/a><\/p>\n\n\n\n<h2 id=\"bien-se-couvrir-quand-on-pratique-la-randonnee-en-hiver\" class=\"wp-block-heading\">Bien se couvrir quand on pratique la randonn\u00e9e en hiver<\/h2>\n\n\n\n<p>Puisqu\u2019il est question de se balader peut-\u00eatre sous la neige, il est bien s\u00fbr tr\u00e8s important de se prot\u00e9ger contre le froid. Si en \u00e9t\u00e9, le d\u00e9bardeur et le chapeau sont \u00e0 privil\u00e9gier, les v\u00eatements imperm\u00e9ables au froid et \u00e0 l\u2019humidit\u00e9 sont de rigueur pour la randonn\u00e9e d\u2019hiver.<\/p>\n\n\n<div class=\"wp-block-image\">\n<figure class=\"aligncenter\"><a href=\"https:\/\/blog.toploc.com\/wp-content\/uploads\/2020\/11\/Optez-pour-une-randonnee-en-hiver-et-decouvrez-des-paysages-a-couper-le-souffle.jpg\"><img loading=\"lazy\" decoding=\"async\" width=\"700\" height=\"450\" src=\"https:\/\/blog.toploc.com\/wp-content\/uploads\/2020\/11\/Optez-pour-une-randonnee-en-hiver-et-decouvrez-des-paysages-a-couper-le-souffle.jpg\" alt=\"Randonn\u00e9e en hiver\" class=\"wp-image-103819\"\/><\/a><figcaption class=\"wp-element-caption\"><small>Optez pour une randonn\u00e9e en hiver et d\u00e9couvrez des paysages \u00e0 couper le souffle<\/small><\/figcaption><\/figure>\n<\/div>\n\n\n<h2 id=\"appliquer-le-systeme-des-3-couches\" class=\"wp-block-heading\">Appliquer le syst\u00e8me des 3 couches<\/h2>\n\n\n\n<p>Il vous faudra appliquer le syst\u00e8me des 3 couches, qui consiste tout simplement \u00e0 empiler successivement 3 couches de v\u00eatements.<\/p>\n\n\n\n<ul class=\"wp-block-list\">\n<li>La couche de base, n\u00e9cessaire pour garder justement la peau au sec, se trouve directement coll\u00e9e sur votre corps. On choisit g\u00e9n\u00e9ralement les v\u00eatements en fibres synth\u00e9tiques ou v\u00eatements respirants.<\/li>\n\n\n\n<li>La couche interm\u00e9diaire permet d&#8217;isoler, c\u2019est-\u00e0-dire qu&#8217;elle ne laisse pas la chaleur corporelle se dissiper. Qu\u2019il soit en duvet ou en fibre synth\u00e9tique, le v\u00eatement choisi doit \u00e9galement permettre la transpiration.<\/li>\n\n\n\n<li>La derni\u00e8re est la couche superficielle \u00e9galement appel\u00e9e couche de protection, c\u2019est-\u00e0-dire qui prot\u00e8ge du vent, de la neige, et d\u2019autres agressions ext\u00e9rieures.<\/li>\n<\/ul>\n\n\n\n<h2 id=\"raquettes-ou-skis-de-randonnee-que-choisir\" class=\"wp-block-heading\">Raquettes ou skis de randonn\u00e9e&nbsp;: que choisir&nbsp;?<\/h2>\n\n\n\n<h3 id=\"les-raquettes-a-neige-sont-pratiques-pour-debuter-la-randonnee-en-hiver\" class=\"wp-block-heading\">Les raquettes \u00e0 neige sont pratiques pour d\u00e9buter la randonn\u00e9e en hiver<\/h3>\n\n\n\n<p>En randonn\u00e9e d&#8217;hiver, les fameuses chaussures de randonn\u00e9e sont toujours indispensables. Mais vous pouvez les associer avec un \u00e9quipement en plus, <a href=\"https:\/\/fr.wikipedia.org\/wiki\/Raquette_%C3%A0_neige\">les raquettes \u00e0 neige<\/a>. A fixer sous les chaussures, ces derni\u00e8res permettent de marcher sur des couches de neige \u00e9paisses. Et cela pendant plusieurs heures sans trop se fatiguer puisqu\u2019elles sont g\u00e9n\u00e9ralement l\u00e9g\u00e8res.<\/p>\n\n\n<div class=\"wp-block-image wp-image-116402\">\n<figure class=\"aligncenter\"><img decoding=\"async\" src=\"https:\/\/blog.toploc.com\/wp-content\/uploads\/2021\/11\/randonne\u0301e-en-hiver-raquettes-a\u0300-neige.jpeg\" alt=\"Randonn\u00e9e en hiver : pratiquer les raquettes \u00e0 neige\" class=\"wp-image-116402\"\/><figcaption class=\"wp-element-caption\"><small> Raquettes \u00e0 neige pour la randonn\u00e9e en hiver (MARIDAV\/SHUTTERSTOCK) <\/small><\/figcaption><\/figure>\n<\/div>\n\n\n<h3 id=\"les-skis-de-randonnee-pour-les-plus-experimentes\" class=\"wp-block-heading\">Les skis de randonn\u00e9e pour les plus exp\u00e9riment\u00e9s<\/h3>\n\n\n\n<p>Mais si votre objectif est de partir explorer les sommets nous vous recommandons de remplacer les raquettes par des <a href=\"https:\/\/fr.wikipedia.org\/wiki\/Ski_de_montagne\">skis de randonn\u00e9e<\/a>.&nbsp; Ces derniers vous permettront de monter partout et d\u2019attaquer la descente plus rapidement et sans trop d\u2019efforts.<br>Quelque soit les conditions de neige. Pensez \u00e0 choisir un sac \u00e0 dos sp\u00e9cial randonn\u00e9e d\u2019hiver, sur lequel vous pourrez accrochez vos raquettes ou vos skis en fonction de la situation.<\/p>\n\n\n<div class=\"wp-block-image wp-image-116404\">\n<figure class=\"aligncenter\"><img decoding=\"async\" src=\"https:\/\/blog.toploc.com\/wp-content\/uploads\/2021\/11\/ski-de-randonne\u0301e-location-francophone.jpeg\" alt=\"Randonn\u00e9e en hiver : pratiquer le ski de randonn\u00e9e\" class=\"wp-image-116404\"\/><figcaption class=\"wp-element-caption\"><small> Le ski de randonn\u00e9e permet de gravir les sommets <\/small><\/figcaption><\/figure>\n<\/div>\n\n\n<p>&nbsp;<br>Attention le niveau d&#8217;exp\u00e9rience requis n&#8217;est pas le m\u00eame. La pratique du ski de randos n\u00e9cessite une bonne (voir tr\u00e8s bonne) condition physique. Ainsi qu&#8217;un bon niveau g\u00e9n\u00e9ral en ski alpin. Le ski de randonn\u00e9e fait partie des <a href=\"https:\/\/blog.toploc.com\/blog\/voyageurs\/sports-dhiver-insolites\">sports d&#8217;hiver insolites<\/a>.<\/p>\n\n\n\n<h2 id=\"choisir-le-bon-itineraire-pour-la-randonnee-en-hiver\" class=\"wp-block-heading\">Choisir le bon itin\u00e9raire pour la randonn\u00e9e en hiver<\/h2>\n\n\n\n<p>Si vous avez par exemple choisi de partir dans les Alpes pour faire de la randonn\u00e9e en hiver, on vous conseille de bien rep\u00e9rer \u00e0 l\u2019avance les sentiers \u00e0 faire. Pour cela, vous pouvez vous renseigner aupr\u00e8s du bureau du tourisme de la r\u00e9gion qui vous proposera des itin\u00e9raires \u00e0 choisir.<\/p>\n\n\n\n<p>Pensez \u00e0 choisir les sentiers de randonn\u00e9e \u00e0 parcourir en fonction de vos aptitudes physiques et celles des membres de votre famille. C\u2019est-\u00e0-dire, si vous partez \u00e0 l\u2019aventure avec des enfants de moins de 10 ans, oubliez les parcours difficiles avec beaucoup de mont\u00e9es.<\/p>\n\n\n<div class=\"wp-block-image\">\n<figure class=\"aligncenter\"><a href=\"https:\/\/blog.toploc.com\/wp-content\/uploads\/2020\/11\/Randonnee-au-coeur-des-montagnes.jpg\"><img loading=\"lazy\" decoding=\"async\" width=\"700\" height=\"450\" src=\"https:\/\/blog.toploc.com\/wp-content\/uploads\/2020\/11\/Randonnee-au-coeur-des-montagnes.jpg\" alt=\"Randonn\u00e9e en hiver en couple\" class=\"wp-image-103820\"\/><\/a><figcaption class=\"wp-element-caption\"><small>Randonn\u00e9e au c\u0153ur des montagnes<\/small><\/figcaption><\/figure>\n<\/div>\n\n\n<p>Julien pour <a href=\"https:\/\/toploc.com\">Toploc<\/a><\/p>\n","protected":false},"excerpt":{"rendered":"Il existe une panoplie d\u2019activit\u00e9s hivernales, mais la randonn\u00e9e en hiver reste un incontournable. Bien s\u00fbr, les v\u00eatements&hellip;\n","protected":false},"author":3,"featured_media":116407,"comment_status":"open","ping_status":"closed","sticky":false,"template":"","format":"standard","meta":{"footnotes":""},"categories":[6882],"tags":[6884,11],"class_list":{"0":"post-103818","1":"post","2":"type-post","3":"status-publish","4":"format-standard","5":"has-post-thumbnail","7":"category-montagne","8":"tag-alpes","9":"tag-france"},"yoast_head":"<!-- This site is optimized with the Yoast SEO plugin v26.9 - https:\/\/yoast.com\/product\/yoast-seo-wordpress\/ -->\n<title>Randonn\u00e9e en hiver : skis de randonn\u00e9e ou raquettes ?<\/title>\n<meta name=\"description\" content=\"La randonn\u00e9e en hiver fait partie des activit\u00e9s pr\u00e9f\u00e9r\u00e9es des vacanciers. Notamment entre novembre et avril. Pour vous aider ...\" \/>\n<meta name=\"robots\" content=\"index, follow, max-snippet:-1, max-image-preview:large, max-video-preview:-1\" \/>\n<link rel=\"canonical\" href=\"https:\/\/toploc.com\/blog\/montagne\/randonnee-en-hiver\" \/>\n<meta property=\"og:locale\" content=\"fr_FR\" \/>\n<meta property=\"og:type\" content=\"article\" \/>\n<meta property=\"og:title\" content=\"Randonn\u00e9e en hiver : skis de randonn\u00e9e ou raquettes ?\" \/>\n<meta property=\"og:description\" content=\"La randonn\u00e9e en hiver fait partie des activit\u00e9s pr\u00e9f\u00e9r\u00e9es des vacanciers. Notamment entre novembre et avril. Pour vous aider ...\" \/>\n<meta property=\"og:url\" content=\"https:\/\/toploc.com\/blog\/montagne\/randonnee-en-hiver\" \/>\n<meta property=\"og:site_name\" content=\"Toploc\" \/>\n<meta property=\"article:publisher\" content=\"https:\/\/www.facebook.com\/locationfrancophone\" \/>\n<meta property=\"article:published_time\" content=\"2024-10-11T07:55:00+00:00\" \/>\n<meta property=\"og:image\" content=\"https:\/\/toploc.com\/blog\/wp-content\/uploads\/2021\/11\/ski-de-randonn\u00e9e-location-francophone-1.jpeg\" \/>\n\t<meta property=\"og:image:width\" content=\"1\" \/>\n\t<meta property=\"og:image:height\" content=\"1\" \/>\n\t<meta property=\"og:image:type\" content=\"image\/jpeg\" \/>\n<meta name=\"author\" content=\"Julien\" \/>\n<meta name=\"twitter:card\" content=\"summary_large_image\" \/>\n<meta name=\"twitter:label1\" content=\"\u00c9crit par\" \/>\n\t<meta name=\"twitter:data1\" content=\"Julien\" \/>\n\t<meta name=\"twitter:label2\" content=\"Dur\u00e9e de lecture estim\u00e9e\" \/>\n\t<meta name=\"twitter:data2\" content=\"4 minutes\" \/>\n<script type=\"application\/ld+json\" class=\"yoast-schema-graph\">{\"@context\":\"https:\/\/schema.org\",\"@graph\":[{\"@type\":\"Article\",\"@id\":\"https:\/\/toploc.com\/blog\/montagne\/randonnee-en-hiver#article\",\"isPartOf\":{\"@id\":\"https:\/\/toploc.com\/blog\/montagne\/randonnee-en-hiver\"},\"author\":{\"name\":\"Julien\",\"@id\":\"https:\/\/toploc.com\/blog\/#\/schema\/person\/b66f845e3e2106301dee05e5bc776788\"},\"headline\":\"\u00cates-vous skis de randonn\u00e9e en hiver ou raquettes ?\",\"datePublished\":\"2024-10-11T07:55:00+00:00\",\"mainEntityOfPage\":{\"@id\":\"https:\/\/toploc.com\/blog\/montagne\/randonnee-en-hiver\"},\"wordCount\":668,\"commentCount\":0,\"publisher\":{\"@id\":\"https:\/\/toploc.com\/blog\/#organization\"},\"image\":{\"@id\":\"https:\/\/toploc.com\/blog\/montagne\/randonnee-en-hiver#primaryimage\"},\"thumbnailUrl\":\"https:\/\/toploc.com\/blog\/wp-content\/uploads\/2021\/11\/ski-de-randonn\u00e9e-location-francophone-1.jpeg\",\"keywords\":[\"Alpes\",\"France\"],\"articleSection\":[\"Montagne\"],\"inLanguage\":\"fr-FR\",\"potentialAction\":[{\"@type\":\"CommentAction\",\"name\":\"Comment\",\"target\":[\"https:\/\/toploc.com\/blog\/montagne\/randonnee-en-hiver#respond\"]}]},{\"@type\":\"WebPage\",\"@id\":\"https:\/\/toploc.com\/blog\/montagne\/randonnee-en-hiver\",\"url\":\"https:\/\/toploc.com\/blog\/montagne\/randonnee-en-hiver\",\"name\":\"Randonn\u00e9e en hiver : skis de randonn\u00e9e ou raquettes ?\",\"isPartOf\":{\"@id\":\"https:\/\/toploc.com\/blog\/#website\"},\"primaryImageOfPage\":{\"@id\":\"https:\/\/toploc.com\/blog\/montagne\/randonnee-en-hiver#primaryimage\"},\"image\":{\"@id\":\"https:\/\/toploc.com\/blog\/montagne\/randonnee-en-hiver#primaryimage\"},\"thumbnailUrl\":\"https:\/\/toploc.com\/blog\/wp-content\/uploads\/2021\/11\/ski-de-randonn\u00e9e-location-francophone-1.jpeg\",\"datePublished\":\"2024-10-11T07:55:00+00:00\",\"description\":\"La randonn\u00e9e en hiver fait partie des activit\u00e9s pr\u00e9f\u00e9r\u00e9es des vacanciers. Notamment entre novembre et avril. Pour vous aider ...\",\"breadcrumb\":{\"@id\":\"https:\/\/toploc.com\/blog\/montagne\/randonnee-en-hiver#breadcrumb\"},\"inLanguage\":\"fr-FR\",\"potentialAction\":[{\"@type\":\"ReadAction\",\"target\":[\"https:\/\/toploc.com\/blog\/montagne\/randonnee-en-hiver\"]}]},{\"@type\":\"ImageObject\",\"inLanguage\":\"fr-FR\",\"@id\":\"https:\/\/toploc.com\/blog\/montagne\/randonnee-en-hiver#primaryimage\",\"url\":\"https:\/\/toploc.com\/blog\/wp-content\/uploads\/2021\/11\/ski-de-randonn\u00e9e-location-francophone-1.jpeg\",\"contentUrl\":\"https:\/\/toploc.com\/blog\/wp-content\/uploads\/2021\/11\/ski-de-randonn\u00e9e-location-francophone-1.jpeg\",\"caption\":\"Randonn\u00e9e en hiver : ski de randonn\u00e9es pour gravir des sommets\"},{\"@type\":\"BreadcrumbList\",\"@id\":\"https:\/\/toploc.com\/blog\/montagne\/randonnee-en-hiver#breadcrumb\",\"itemListElement\":[{\"@type\":\"ListItem\",\"position\":1,\"name\":\"Accueil\",\"item\":\"https:\/\/toploc.com\/blog\"},{\"@type\":\"ListItem\",\"position\":2,\"name\":\"\u00cates-vous skis de randonn\u00e9e en hiver ou raquettes ?\"}]},{\"@type\":\"WebSite\",\"@id\":\"https:\/\/toploc.com\/blog\/#website\",\"url\":\"https:\/\/toploc.com\/blog\/\",\"name\":\"Toploc\",\"description\":\"Itin\u00e9raires natures et locations de vacances en groupe\",\"publisher\":{\"@id\":\"https:\/\/toploc.com\/blog\/#organization\"},\"potentialAction\":[{\"@type\":\"SearchAction\",\"target\":{\"@type\":\"EntryPoint\",\"urlTemplate\":\"https:\/\/toploc.com\/blog\/?s={search_term_string}\"},\"query-input\":{\"@type\":\"PropertyValueSpecification\",\"valueRequired\":true,\"valueName\":\"search_term_string\"}}],\"inLanguage\":\"fr-FR\"},{\"@type\":\"Organization\",\"@id\":\"https:\/\/toploc.com\/blog\/#organization\",\"name\":\"Toploc\",\"url\":\"https:\/\/toploc.com\/blog\/\",\"logo\":{\"@type\":\"ImageObject\",\"inLanguage\":\"fr-FR\",\"@id\":\"https:\/\/toploc.com\/blog\/#\/schema\/logo\/image\/\",\"url\":\"https:\/\/blog.toploc.com\/wp-content\/uploads\/2022\/03\/toploc_facebook_5.png\",\"contentUrl\":\"https:\/\/blog.toploc.com\/wp-content\/uploads\/2022\/03\/toploc_facebook_5.png\",\"width\":600,\"height\":600,\"caption\":\"Toploc\"},\"image\":{\"@id\":\"https:\/\/toploc.com\/blog\/#\/schema\/logo\/image\/\"},\"sameAs\":[\"https:\/\/www.facebook.com\/locationfrancophone\",\"https:\/\/www.instagram.com\/toploc_\",\"https:\/\/www.pinterest.fr\/Toploc_\/\"]},{\"@type\":\"Person\",\"@id\":\"https:\/\/toploc.com\/blog\/#\/schema\/person\/b66f845e3e2106301dee05e5bc776788\",\"name\":\"Julien\",\"image\":{\"@type\":\"ImageObject\",\"inLanguage\":\"fr-FR\",\"@id\":\"https:\/\/toploc.com\/blog\/#\/schema\/person\/image\/\",\"url\":\"https:\/\/secure.gravatar.com\/avatar\/642d3d11687b291bb0ade289db2c7d821a72910624f4eb86cab555b4c6a3ed15?s=96&d=mm&r=g\",\"contentUrl\":\"https:\/\/secure.gravatar.com\/avatar\/642d3d11687b291bb0ade289db2c7d821a72910624f4eb86cab555b4c6a3ed15?s=96&d=mm&r=g\",\"caption\":\"Julien\"},\"description\":\"Julien est un passionn\u00e9 de nature et de grands espaces. Guide de moyenne montagne en Andorre, il a partag\u00e9 ses r\u00e9cits de voyage pendant plusieurs ann\u00e9es. Aujourd'hui il est co-auteur de plusieurs articles pour Toploc.\",\"url\":\"https:\/\/toploc.com\/blog\/author\/julien\"}]}<\/script>\n<!-- \/ Yoast SEO plugin. -->","yoast_head_json":{"title":"Randonn\u00e9e en hiver : skis de randonn\u00e9e ou raquettes ?","description":"La randonn\u00e9e en hiver fait partie des activit\u00e9s pr\u00e9f\u00e9r\u00e9es des vacanciers. Notamment entre novembre et avril. Pour vous aider ...","robots":{"index":"index","follow":"follow","max-snippet":"max-snippet:-1","max-image-preview":"max-image-preview:large","max-video-preview":"max-video-preview:-1"},"canonical":"https:\/\/toploc.com\/blog\/montagne\/randonnee-en-hiver","og_locale":"fr_FR","og_type":"article","og_title":"Randonn\u00e9e en hiver : skis de randonn\u00e9e ou raquettes ?","og_description":"La randonn\u00e9e en hiver fait partie des activit\u00e9s pr\u00e9f\u00e9r\u00e9es des vacanciers. Notamment entre novembre et avril. Pour vous aider ...","og_url":"https:\/\/toploc.com\/blog\/montagne\/randonnee-en-hiver","og_site_name":"Toploc","article_publisher":"https:\/\/www.facebook.com\/locationfrancophone","article_published_time":"2024-10-11T07:55:00+00:00","og_image":[{"url":"https:\/\/toploc.com\/blog\/wp-content\/uploads\/2021\/11\/ski-de-randonn\u00e9e-location-francophone-1.jpeg","width":1,"height":1,"type":"image\/jpeg"}],"author":"Julien","twitter_card":"summary_large_image","twitter_misc":{"\u00c9crit par":"Julien","Dur\u00e9e de lecture estim\u00e9e":"4 minutes"},"schema":{"@context":"https:\/\/schema.org","@graph":[{"@type":"Article","@id":"https:\/\/toploc.com\/blog\/montagne\/randonnee-en-hiver#article","isPartOf":{"@id":"https:\/\/toploc.com\/blog\/montagne\/randonnee-en-hiver"},"author":{"name":"Julien","@id":"https:\/\/toploc.com\/blog\/#\/schema\/person\/b66f845e3e2106301dee05e5bc776788"},"headline":"\u00cates-vous skis de randonn\u00e9e en hiver ou raquettes ?","datePublished":"2024-10-11T07:55:00+00:00","mainEntityOfPage":{"@id":"https:\/\/toploc.com\/blog\/montagne\/randonnee-en-hiver"},"wordCount":668,"commentCount":0,"publisher":{"@id":"https:\/\/toploc.com\/blog\/#organization"},"image":{"@id":"https:\/\/toploc.com\/blog\/montagne\/randonnee-en-hiver#primaryimage"},"thumbnailUrl":"https:\/\/toploc.com\/blog\/wp-content\/uploads\/2021\/11\/ski-de-randonn\u00e9e-location-francophone-1.jpeg","keywords":["Alpes","France"],"articleSection":["Montagne"],"inLanguage":"fr-FR","potentialAction":[{"@type":"CommentAction","name":"Comment","target":["https:\/\/toploc.com\/blog\/montagne\/randonnee-en-hiver#respond"]}]},{"@type":"WebPage","@id":"https:\/\/toploc.com\/blog\/montagne\/randonnee-en-hiver","url":"https:\/\/toploc.com\/blog\/montagne\/randonnee-en-hiver","name":"Randonn\u00e9e en hiver : skis de randonn\u00e9e ou raquettes ?","isPartOf":{"@id":"https:\/\/toploc.com\/blog\/#website"},"primaryImageOfPage":{"@id":"https:\/\/toploc.com\/blog\/montagne\/randonnee-en-hiver#primaryimage"},"image":{"@id":"https:\/\/toploc.com\/blog\/montagne\/randonnee-en-hiver#primaryimage"},"thumbnailUrl":"https:\/\/toploc.com\/blog\/wp-content\/uploads\/2021\/11\/ski-de-randonn\u00e9e-location-francophone-1.jpeg","datePublished":"2024-10-11T07:55:00+00:00","description":"La randonn\u00e9e en hiver fait partie des activit\u00e9s pr\u00e9f\u00e9r\u00e9es des vacanciers. Notamment entre novembre et avril. Pour vous aider ...","breadcrumb":{"@id":"https:\/\/toploc.com\/blog\/montagne\/randonnee-en-hiver#breadcrumb"},"inLanguage":"fr-FR","potentialAction":[{"@type":"ReadAction","target":["https:\/\/toploc.com\/blog\/montagne\/randonnee-en-hiver"]}]},{"@type":"ImageObject","inLanguage":"fr-FR","@id":"https:\/\/toploc.com\/blog\/montagne\/randonnee-en-hiver#primaryimage","url":"https:\/\/toploc.com\/blog\/wp-content\/uploads\/2021\/11\/ski-de-randonn\u00e9e-location-francophone-1.jpeg","contentUrl":"https:\/\/toploc.com\/blog\/wp-content\/uploads\/2021\/11\/ski-de-randonn\u00e9e-location-francophone-1.jpeg","caption":"Randonn\u00e9e en hiver : ski de randonn\u00e9es pour gravir des sommets"},{"@type":"BreadcrumbList","@id":"https:\/\/toploc.com\/blog\/montagne\/randonnee-en-hiver#breadcrumb","itemListElement":[{"@type":"ListItem","position":1,"name":"Accueil","item":"https:\/\/toploc.com\/blog"},{"@type":"ListItem","position":2,"name":"\u00cates-vous skis de randonn\u00e9e en hiver ou raquettes ?"}]},{"@type":"WebSite","@id":"https:\/\/toploc.com\/blog\/#website","url":"https:\/\/toploc.com\/blog\/","name":"Toploc","description":"Itin\u00e9raires natures et locations de vacances en groupe","publisher":{"@id":"https:\/\/toploc.com\/blog\/#organization"},"potentialAction":[{"@type":"SearchAction","target":{"@type":"EntryPoint","urlTemplate":"https:\/\/toploc.com\/blog\/?s={search_term_string}"},"query-input":{"@type":"PropertyValueSpecification","valueRequired":true,"valueName":"search_term_string"}}],"inLanguage":"fr-FR"},{"@type":"Organization","@id":"https:\/\/toploc.com\/blog\/#organization","name":"Toploc","url":"https:\/\/toploc.com\/blog\/","logo":{"@type":"ImageObject","inLanguage":"fr-FR","@id":"https:\/\/toploc.com\/blog\/#\/schema\/logo\/image\/","url":"https:\/\/blog.toploc.com\/wp-content\/uploads\/2022\/03\/toploc_facebook_5.png","contentUrl":"https:\/\/blog.toploc.com\/wp-content\/uploads\/2022\/03\/toploc_facebook_5.png","width":600,"height":600,"caption":"Toploc"},"image":{"@id":"https:\/\/toploc.com\/blog\/#\/schema\/logo\/image\/"},"sameAs":["https:\/\/www.facebook.com\/locationfrancophone","https:\/\/www.instagram.com\/toploc_","https:\/\/www.pinterest.fr\/Toploc_\/"]},{"@type":"Person","@id":"https:\/\/toploc.com\/blog\/#\/schema\/person\/b66f845e3e2106301dee05e5bc776788","name":"Julien","image":{"@type":"ImageObject","inLanguage":"fr-FR","@id":"https:\/\/toploc.com\/blog\/#\/schema\/person\/image\/","url":"https:\/\/secure.gravatar.com\/avatar\/642d3d11687b291bb0ade289db2c7d821a72910624f4eb86cab555b4c6a3ed15?s=96&d=mm&r=g","contentUrl":"https:\/\/secure.gravatar.com\/avatar\/642d3d11687b291bb0ade289db2c7d821a72910624f4eb86cab555b4c6a3ed15?s=96&d=mm&r=g","caption":"Julien"},"description":"Julien est un passionn\u00e9 de nature et de grands espaces. Guide de moyenne montagne en Andorre, il a partag\u00e9 ses r\u00e9cits de voyage pendant plusieurs ann\u00e9es. Aujourd'hui il est co-auteur de plusieurs articles pour Toploc.","url":"https:\/\/toploc.com\/blog\/author\/julien"}]}},"_links":{"self":[{"href":"https:\/\/toploc.com\/blog\/wp-json\/wp\/v2\/posts\/103818","targetHints":{"allow":["GET"]}}],"collection":[{"href":"https:\/\/toploc.com\/blog\/wp-json\/wp\/v2\/posts"}],"about":[{"href":"https:\/\/toploc.com\/blog\/wp-json\/wp\/v2\/types\/post"}],"author":[{"embeddable":true,"href":"https:\/\/toploc.com\/blog\/wp-json\/wp\/v2\/users\/3"}],"replies":[{"embeddable":true,"href":"https:\/\/toploc.com\/blog\/wp-json\/wp\/v2\/comments?post=103818"}],"version-history":[{"count":8,"href":"https:\/\/toploc.com\/blog\/wp-json\/wp\/v2\/posts\/103818\/revisions"}],"predecessor-version":[{"id":151723,"href":"https:\/\/toploc.com\/blog\/wp-json\/wp\/v2\/posts\/103818\/revisions\/151723"}],"wp:featuredmedia":[{"embeddable":true,"href":"https:\/\/toploc.com\/blog\/wp-json\/wp\/v2\/media\/116407"}],"wp:attachment":[{"href":"https:\/\/toploc.com\/blog\/wp-json\/wp\/v2\/media?parent=103818"}],"wp:term":[{"taxonomy":"category","embeddable":true,"href":"https:\/\/toploc.com\/blog\/wp-json\/wp\/v2\/categories?post=103818"},{"taxonomy":"post_tag","embeddable":true,"href":"https:\/\/toploc.com\/blog\/wp-json\/wp\/v2\/tags?post=103818"}],"curies":[{"name":"wp","href":"https:\/\/api.w.org\/{rel}","templated":true}]}}