{"id":10316,"date":"2026-02-19T11:22:56","date_gmt":"2026-02-19T10:22:56","guid":{"rendered":"https:\/\/www.location-francophone.com\/blog\/?p=10316"},"modified":"2026-02-26T11:42:24","modified_gmt":"2026-02-26T10:42:24","slug":"visiter-vienne","status":"publish","type":"post","link":"https:\/\/toploc.com\/blog\/europe\/visiter-vienne","title":{"rendered":"Les 14 choses \u00e0 voir et \u00e0 faire pour visiter Vienne"},"content":{"rendered":"\n<p>Apparaissant comme une capitale \u00e9l\u00e9gante et raffin\u00e9e, Vienne (ou localement nomm\u00e9 Wien) s\u00e9duit par la richesse de son patrimoine, l\u2019harmonie de son architecture et la douceur de son art de vivre. Ancienne capitale des Habsbourg, la ville vous invite \u00e0 parcourir un d\u00e9cor majestueux o\u00f9 palais somptueux, caf\u00e9s historiques et avenues grandioses promettent un v\u00e9ritable voyage \u00e0 travers les si\u00e8cles. D\u00e9couvrez son h\u00e9ritage musical exceptionnel, ses mus\u00e9es prestigieux et l\u2019atmosph\u00e8re sophistiqu\u00e9e qui r\u00e8gne dans ses quartiers anim\u00e9s. Entre jardins, b\u00e2timents baroques, et rives paisibles du Danube, Vienne offre un \u00e9quilibre unique entre culture, nature et modernit\u00e9. Terre de musique classique, de traditions viennoises et de gastronomie raffin\u00e9e, la capitale autrichienne est aussi une destination id\u00e9ale pour les amateurs d\u2019histoire, d\u2019art, de concerts et de balades urbaines. \u00c9l\u00e9gante, culturelle et profond\u00e9ment inspirante, elle promet une exp\u00e9rience de voyage marqu\u00e9e par la d\u00e9couverte, l\u2019\u00e9motion et des instants inoubliables. Quelles sont les choses \u00e0 voir et \u00e0 faire pour visiter Vienne ? D\u00e9couvrez un patrimoine somptueux comme avec le ch\u00e2teau de Sch\u00f6nbrunn, le Palais du Belv\u00e9d\u00e8re ou la cath\u00e9drale Saint-\u00c9tienne. Ensuite, d\u00e9couvrez des lieux culturellement forts tel que l&#8217;Op\u00e9ra national de Vienne ou les nombreux mus\u00e9es. Enfin, d\u00e9couvrez des espaces de nature et de d\u00e9couvertes avec le parc national Danube-Auen ou les Landes de Perchtoldsdorf.<\/p>\n\n\n\n<div class=\"wp-block-buttons is-content-justification-center is-layout-flex wp-container-core-buttons-is-layout-16018d1d wp-block-buttons-is-layout-flex\">\n<div class=\"wp-block-button\"><a class=\"wp-block-button__link has-background has-small-font-size has-custom-font-size wp-element-button\" href=\"https:\/\/toploc.com\/location\/s\/Vienne-(Autriche)--%C3%89tat-de-Vienne--Autriche?adults=4&amp;ctx=6V34C8cTND\" style=\"background-color:#006b52\"><strong>\ud83d\udc49 NOS LOCATIONS VACANCES VIENNE<\/strong><\/a><\/div>\n<\/div>\n\n\n\n<p>A lire : <a href=\"https:\/\/toploc.com\/blog\/europe\/visiter-autriche\">Les 15 choses \u00e0 voir et \u00e0 faire pour visiter l\u2019Autriche<\/a><\/p>\n\n\n\n<h2 id=\"le-chateau-de-schonbrunn-schloss-schonbrunn\" class=\"wp-block-heading\">Le ch\u00e2teau de Sch\u00f6nbrunn (Schloss Sch\u00f6nbrunn)<\/h2>\n\n\n\n<figure class=\"wp-block-image size-full\"><img loading=\"lazy\" decoding=\"async\" width=\"1000\" height=\"667\" src=\"https:\/\/toploc.com\/blog\/wp-content\/uploads\/2016\/12\/shutterstock_1117347032.jpg\" alt=\"Le Schloss Sch\u00f6nbrunn, un ch\u00e2teau dans la ville de Vienne \u00a9Shutterstock\" class=\"wp-image-160874\" style=\"aspect-ratio:16\/9;object-fit:cover\" srcset=\"https:\/\/toploc.com\/blog\/wp-content\/uploads\/2016\/12\/shutterstock_1117347032.jpg 1000w, https:\/\/toploc.com\/blog\/wp-content\/uploads\/2016\/12\/shutterstock_1117347032-300x200.jpg 300w, https:\/\/toploc.com\/blog\/wp-content\/uploads\/2016\/12\/shutterstock_1117347032-768x512.jpg 768w, https:\/\/toploc.com\/blog\/wp-content\/uploads\/2016\/12\/shutterstock_1117347032-380x253.jpg 380w, https:\/\/toploc.com\/blog\/wp-content\/uploads\/2016\/12\/shutterstock_1117347032-800x534.jpg 800w\" sizes=\"auto, (max-width: 1000px) 100vw, 1000px\" \/><figcaption class=\"wp-element-caption\">Le Schloss Sch\u00f6nbrunn, un ch\u00e2teau dans la ville de Vienne \u00a9Shutterstock<\/figcaption><\/figure>\n\n\n\n<h3 id=\"pourquoi-visiter-le-chateau-de-schonbrunn\" class=\"wp-block-heading\">Pourquoi visiter le ch\u00e2teau de Sch\u00f6nbrunn ?<\/h3>\n\n\n\n<p>Ancienne r\u00e9sidence d\u2019\u00e9t\u00e9 des Habsbourg, le ch\u00e2teau de Sch\u00f6nbrunn est l\u2019un des symboles majeurs de Vienne. Construit de 1696 \u00e0 1699, il est class\u00e9 au patrimoine mondial de l\u2019UNESCO depuis 1996. Cette ancienne demeure impressionne par sa fa\u00e7ade jaune embl\u00e9matique et ses somptueux appartements imp\u00e9riaux dans un style Rococo. Les visiteurs d\u00e9couvrent les salles o\u00f9 v\u00e9curent Marie-Th\u00e9r\u00e8se et l\u2019empereur Fran\u00e7ois-Joseph, richement d\u00e9cor\u00e9es de dorures et de fresques. Le congr\u00e8s de Vienne si\u00e9gea dans la grande galerie de ce lieu de 1814 \u00e0 1815. Les jardins \u00e0 la fran\u00e7aise, d\u00e9cor\u00e9s par des fontaines, statues, monuments, arbres, plantes ainsi que la superbe Gloriette et le plus ancien zoo du monde compl\u00e8tent la visite. Sch\u00f6nbrunn incarne le faste et la grandeur de l\u2019Empire austro-hongrois.<\/p>\n\n\n\n<h2 id=\"le-hofburg\" class=\"wp-block-heading\">Le Hofburg<\/h2>\n\n\n\n<figure class=\"wp-block-image size-full\"><img loading=\"lazy\" decoding=\"async\" width=\"1000\" height=\"667\" src=\"https:\/\/toploc.com\/blog\/wp-content\/uploads\/2016\/12\/shutterstock_391591339.jpg\" alt=\"Le Hofburg \u00e9clair\u00e9 par le soleil autrichien \u00a9Shutterstock\" class=\"wp-image-160876\" style=\"aspect-ratio:16\/9;object-fit:cover\" srcset=\"https:\/\/toploc.com\/blog\/wp-content\/uploads\/2016\/12\/shutterstock_391591339.jpg 1000w, https:\/\/toploc.com\/blog\/wp-content\/uploads\/2016\/12\/shutterstock_391591339-300x200.jpg 300w, https:\/\/toploc.com\/blog\/wp-content\/uploads\/2016\/12\/shutterstock_391591339-768x512.jpg 768w, https:\/\/toploc.com\/blog\/wp-content\/uploads\/2016\/12\/shutterstock_391591339-380x253.jpg 380w, https:\/\/toploc.com\/blog\/wp-content\/uploads\/2016\/12\/shutterstock_391591339-800x534.jpg 800w\" sizes=\"auto, (max-width: 1000px) 100vw, 1000px\" \/><figcaption class=\"wp-element-caption\">Le Hofburg \u00e9clair\u00e9 par le soleil autrichien \u00a9Shutterstock<\/figcaption><\/figure>\n\n\n\n<h3 id=\"pourquoi-visiter-le-hofburg\" class=\"wp-block-heading\">Pourquoi visiter le Hofburg ?<\/h3>\n\n\n\n<p>Le Hofburg fut pendant des si\u00e8cles le centre du pouvoir imp\u00e9rial autrichien. Ancienne r\u00e9sidence des Habsbourg pendant plus de 600 ans, ce vaste complexe architectural abrite aujourd\u2019hui plusieurs mus\u00e9es, tel que l&#8217;Argenterie de la Cour ou Le mus\u00e9e de Sissi permettant de mieux appr\u00e9hender la vie de la cour lors du XIII<sup>\u00e8me<\/sup> si\u00e8cle. Vous pourrez aussi visiter les appartements imp\u00e9riaux et voir le tr\u00e9sor imp\u00e9rial : la&nbsp;couronne imp\u00e9riale autrichienne, et la couronne du&nbsp;Saint Empire romain germanique. Cette salle abrite \u00e9galement le tr\u00e9sor de l&#8217;H\u00e9ritage bourguignon et le tr\u00e9sor de l&#8217;Ordre de la Toison d&#8217;Or. Le Hofburg est aussi le lieu o\u00f9 \u00e0 pris place la biblioth\u00e8que nationale et est d\u00e9sormais la r\u00e9sidence officielle du pr\u00e9sident autrichien depuis 1946. Situ\u00e9 au c\u0153ur de la ville, le Hofburg illustre la puissance politique et culturelle de Vienne \u00e0 travers les \u00e2ges, et ce, depuis sa construction entre 1220 et 1279.<\/p>\n\n\n\n<h2 id=\"le-palais-du-belvedere-le-schloss-belvedere\" class=\"wp-block-heading\">Le Palais du Belv\u00e9d\u00e8re (Le Schloss Belvedere)<\/h2>\n\n\n\n<figure class=\"wp-block-image size-full\"><img loading=\"lazy\" decoding=\"async\" width=\"1000\" height=\"667\" src=\"https:\/\/toploc.com\/blog\/wp-content\/uploads\/2016\/12\/shutterstock_1850377945.jpg\" alt=\"Le Palais du Belv\u00e9d\u00e8re, r\u00e9sidence d'\u00e9t\u00e9 pour le prince Eug\u00e8ne de Savoie \u00a9Shutterstock\" class=\"wp-image-160877\" style=\"aspect-ratio:16\/9;object-fit:cover\" srcset=\"https:\/\/toploc.com\/blog\/wp-content\/uploads\/2016\/12\/shutterstock_1850377945.jpg 1000w, https:\/\/toploc.com\/blog\/wp-content\/uploads\/2016\/12\/shutterstock_1850377945-300x200.jpg 300w, https:\/\/toploc.com\/blog\/wp-content\/uploads\/2016\/12\/shutterstock_1850377945-768x512.jpg 768w, https:\/\/toploc.com\/blog\/wp-content\/uploads\/2016\/12\/shutterstock_1850377945-380x253.jpg 380w, https:\/\/toploc.com\/blog\/wp-content\/uploads\/2016\/12\/shutterstock_1850377945-800x534.jpg 800w\" sizes=\"auto, (max-width: 1000px) 100vw, 1000px\" \/><figcaption class=\"wp-element-caption\">Le Palais du Belv\u00e9d\u00e8re, r\u00e9sidence d&#8217;\u00e9t\u00e9 pour le prince Eug\u00e8ne de Savoie \u00a9Shutterstock<\/figcaption><\/figure>\n\n\n\n<h3 id=\"pourquoi-visiter-le-palais-du-belvedere\" class=\"wp-block-heading\">Pourquoi visiter le Palais du Belv\u00e9d\u00e8re ?<\/h3>\n\n\n\n<p>Compos\u00e9 de deux palais baroques reli\u00e9s par des jardins \u00e9l\u00e9gants, faisant de lui le plus grand palais baroque de Vienne, le Belv\u00e9d\u00e8re est un chef-d\u2019\u0153uvre architectural. Construit au XVIII\u00e8me si\u00e8cle pour Eug\u00e8ne de Savoie-Carignan, il abrite depuis 1903, une importante collection d\u2019art autrichien de 420 \u0153uvres, dont le c\u00e9l\u00e8bre tableau <em>Le Baiser<\/em> de Klimt. C&#8217;est aussi un lieu historique pour l&#8217;ind\u00e9pendance autrichienne car c&#8217;est entre ces murs que fut sign\u00e9 le&nbsp;Trait\u00e9 d&#8217;\u00c9tat autrichien, gr\u00e2ce auquel l&#8217;Autriche retrouva son ind\u00e9pendance apr\u00e8s la&nbsp;Seconde Guerre mondiale. Les terrasses offrent une vue magnifique sur la ville et le jardins offrent une balade reposante. Le Belv\u00e9d\u00e8re allie harmonieusement patrimoine imp\u00e9rial et richesse artistique. Profitez de votre passage vers le Palais du Belv\u00e9d\u00e8re pour d\u00e9couvrir l&#8217;Orangerie, un&nbsp;\u00e9l\u00e9gant b\u00e2timent qui servait de serre. Il h\u00e9berge maintenant&nbsp;diff\u00e9rentes expositions temporaires.<\/p>\n\n\n\n<h2 id=\"la-cathedrale-saint-etienne-stephansdom\" class=\"wp-block-heading\">La cath\u00e9drale Saint-\u00c9tienne (Stephansdom)<\/h2>\n\n\n\n<figure class=\"wp-block-image size-full\"><img loading=\"lazy\" decoding=\"async\" width=\"1000\" height=\"667\" src=\"https:\/\/toploc.com\/blog\/wp-content\/uploads\/2016\/12\/shutterstock_1026748456.jpg\" alt=\"La cath\u00e9drale Saint-\u00c9tienne, une beaut\u00e9 gothique du XIII\u00e8me si\u00e8cle \u00a9Shutterstock\" class=\"wp-image-160878\" style=\"aspect-ratio:16\/9;object-fit:cover\" srcset=\"https:\/\/toploc.com\/blog\/wp-content\/uploads\/2016\/12\/shutterstock_1026748456.jpg 1000w, https:\/\/toploc.com\/blog\/wp-content\/uploads\/2016\/12\/shutterstock_1026748456-300x200.jpg 300w, https:\/\/toploc.com\/blog\/wp-content\/uploads\/2016\/12\/shutterstock_1026748456-768x512.jpg 768w, https:\/\/toploc.com\/blog\/wp-content\/uploads\/2016\/12\/shutterstock_1026748456-380x253.jpg 380w, https:\/\/toploc.com\/blog\/wp-content\/uploads\/2016\/12\/shutterstock_1026748456-800x534.jpg 800w\" sizes=\"auto, (max-width: 1000px) 100vw, 1000px\" \/><figcaption class=\"wp-element-caption\">La cath\u00e9drale Saint-\u00c9tienne, une beaut\u00e9 gothique du XIII\u00e8me si\u00e8cle \u00a9Shutterstock<\/figcaption><\/figure>\n\n\n\n<h3 id=\"pourquoi-visiter-la-cathedrale-saint-etienne\" class=\"wp-block-heading\">Pourquoi visiter la cath\u00e9drale Saint-\u00c9tienne ?<\/h3>\n\n\n\n<p>Au c\u0153ur du centre historique, la cath\u00e9drale Saint-\u00c9tienne est le monument gothique le plus embl\u00e9matique de Vienne. Edifi\u00e9 entre 1137 et 1263, et restaur\u00e9 en 1952, et se remarque par sa taille, avec sa fl\u00e8che la plus haute qui culmine \u00e0 136 m\u00e8tres de hauteur. Son toit color\u00e9 en tuiles verniss\u00e9es, dispos\u00e9es en motifs lin\u00e9aires, en diagonale lui donne une apparence unique. L\u2019int\u00e9rieur impressionne par ses autels, ses vitraux et ses catacombes. Monter dans la tour permet d\u2019admirer un panorama exceptionnel. Stephansdom est un symbole fort de l\u2019identit\u00e9 viennoise.<\/p>\n\n\n\n<h2 id=\"lopera-national-de-vienne-wiener-staatsoper\" class=\"wp-block-heading\">L&#8217;Op\u00e9ra national de Vienne (Wiener Staatsoper)<\/h2>\n\n\n\n<figure class=\"wp-block-image size-full\"><img loading=\"lazy\" decoding=\"async\" width=\"1000\" height=\"667\" src=\"https:\/\/toploc.com\/blog\/wp-content\/uploads\/2016\/12\/shutterstock_2600041855.jpg\" alt=\"L'Op\u00e9ra national de Vienne, l'une des sc\u00e8nes les plus prestigieuse au monde \u00a9Shutterstock\" class=\"wp-image-160882\" style=\"aspect-ratio:16\/9;object-fit:cover\" srcset=\"https:\/\/toploc.com\/blog\/wp-content\/uploads\/2016\/12\/shutterstock_2600041855.jpg 1000w, https:\/\/toploc.com\/blog\/wp-content\/uploads\/2016\/12\/shutterstock_2600041855-300x200.jpg 300w, https:\/\/toploc.com\/blog\/wp-content\/uploads\/2016\/12\/shutterstock_2600041855-768x512.jpg 768w, https:\/\/toploc.com\/blog\/wp-content\/uploads\/2016\/12\/shutterstock_2600041855-380x253.jpg 380w, https:\/\/toploc.com\/blog\/wp-content\/uploads\/2016\/12\/shutterstock_2600041855-800x534.jpg 800w\" sizes=\"auto, (max-width: 1000px) 100vw, 1000px\" \/><figcaption class=\"wp-element-caption\">L&#8217;Op\u00e9ra national de Vienne, l&#8217;une des sc\u00e8nes les plus prestigieuse au monde \u00a9Shutterstock<\/figcaption><\/figure>\n\n\n\n<h3 id=\"pourquoi-visiter-lopera-national-de-vienne\" class=\"wp-block-heading\">Pourquoi visiter l&#8217;Op\u00e9ra national de Vienne ?<\/h3>\n\n\n\n<p>L\u2019Op\u00e9ra national de Vienne est l\u2019une des sc\u00e8nes lyriques les plus prestigieuses au monde avec ses 1709 places. La compagnie fut cr\u00e9\u00e9e en 1810, et en 1869, fut inaugur\u00e9 le b\u00e2timent dans lequel il r\u00e9side et qui accueille chaque saison un programme riche d\u2019op\u00e9ras et de ballets. Son architecture n\u00e9o-Renaissance et son int\u00e9rieur raffin\u00e9 t\u00e9moignent du prestige culturel de la capitale autrichienne. Il fut n\u00e9anmoins reconstruit en apr\u00e8s le Seconde Guerre Mondiale apr\u00e8s avoir \u00e9t\u00e9 d\u00e9truit lors de bombardements.  Assister \u00e0 une repr\u00e9sentation est une exp\u00e9rience inoubliable pour les amateurs de musique classique.<\/p>\n\n\n\n<h2 id=\"le-museumsquartier-wien-mq\" class=\"wp-block-heading\">Le MuseumsQuartier Wien (MQ)<\/h2>\n\n\n\n<figure class=\"wp-block-image size-full\"><img loading=\"lazy\" decoding=\"async\" width=\"1000\" height=\"667\" src=\"https:\/\/toploc.com\/blog\/wp-content\/uploads\/2016\/12\/shutterstock_318705530.jpg\" alt=\"Le Museumsquartier, un acc\u00e8s \u00e0 6 mus\u00e9es viennois \u00a9Shutterstock\" class=\"wp-image-160880\" style=\"aspect-ratio:16\/9;object-fit:cover\" srcset=\"https:\/\/toploc.com\/blog\/wp-content\/uploads\/2016\/12\/shutterstock_318705530.jpg 1000w, https:\/\/toploc.com\/blog\/wp-content\/uploads\/2016\/12\/shutterstock_318705530-300x200.jpg 300w, https:\/\/toploc.com\/blog\/wp-content\/uploads\/2016\/12\/shutterstock_318705530-768x512.jpg 768w, https:\/\/toploc.com\/blog\/wp-content\/uploads\/2016\/12\/shutterstock_318705530-380x253.jpg 380w, https:\/\/toploc.com\/blog\/wp-content\/uploads\/2016\/12\/shutterstock_318705530-800x534.jpg 800w\" sizes=\"auto, (max-width: 1000px) 100vw, 1000px\" \/><figcaption class=\"wp-element-caption\">Le Museumsquartier, un acc\u00e8s \u00e0 6 mus\u00e9es viennois \u00a9Shutterstock<\/figcaption><\/figure>\n\n\n\n<h3 id=\"pourquoi-visiter-le-museumsquartier-wien\" class=\"wp-block-heading\">Pourquoi visiter le MuseumsQuartier Wien ?<\/h3>\n\n\n\n<p>Un des plus grands complexes culturels d\u2019Europe. Vous y retrouverez des mus\u00e9es de renomm\u00e9e mondiale regroup\u00e9s sur 60 000m\u00b2. Au total, il y a 6 mus\u00e9es \u00e0 d\u00e9couvrir, \u00e0 savoir le Tanzquartier Wien&nbsp;: un centre consacr\u00e9 \u00e0 la danse, le <em>ZOOM Kindermuseum<\/em> : un mus\u00e9e pour les enfants, Architekturzentrum Wien&nbsp;: consacr\u00e9 \u00e0 des expositions d\u2019architecture du XX<sup>\u00e8me<\/sup> et XXI<sup>\u00e8me<\/sup> si\u00e8cle, le Kunsthalle Vienne&nbsp;: pour l\u2019art contemporain, le Leopold Museum : d\u00e9di\u00e9 \u00e0 Egon Schiele, \u00e0 la S\u00e9cession viennoise le moderniste et l&#8217;expressionniste locale, et enfin, le Museum moderner Kunst Sammlung Ludwig Wien, mumok : un mus\u00e9e consacr\u00e9 \u00e0 l&#8217;art des&nbsp;XX<sup>\u00e8me<\/sup>&nbsp;et&nbsp;XXI<sup>\u00e8me<\/sup>&nbsp;si\u00e8cles.<\/p>\n\n\n\n<h2 id=\"kunsthistorisches-museum\" class=\"wp-block-heading\">Kunsthistorisches Museum<\/h2>\n\n\n\n<figure class=\"wp-block-image size-full\"><img loading=\"lazy\" decoding=\"async\" width=\"1000\" height=\"667\" src=\"https:\/\/toploc.com\/blog\/wp-content\/uploads\/2016\/12\/shutterstock_2600051709-1.jpg\" alt=\"Le Kunsthistorisches Museum, l\u2019un des plus importants mus\u00e9es d\u2019art d\u2019Europe \u00a9Shutterstock\" class=\"wp-image-160884\" style=\"aspect-ratio:16\/9;object-fit:cover\" srcset=\"https:\/\/toploc.com\/blog\/wp-content\/uploads\/2016\/12\/shutterstock_2600051709-1.jpg 1000w, https:\/\/toploc.com\/blog\/wp-content\/uploads\/2016\/12\/shutterstock_2600051709-1-300x200.jpg 300w, https:\/\/toploc.com\/blog\/wp-content\/uploads\/2016\/12\/shutterstock_2600051709-1-768x512.jpg 768w, https:\/\/toploc.com\/blog\/wp-content\/uploads\/2016\/12\/shutterstock_2600051709-1-380x253.jpg 380w, https:\/\/toploc.com\/blog\/wp-content\/uploads\/2016\/12\/shutterstock_2600051709-1-800x534.jpg 800w\" sizes=\"auto, (max-width: 1000px) 100vw, 1000px\" \/><figcaption class=\"wp-element-caption\">Le Kunsthistorisches Museum, l\u2019un des plus importants mus\u00e9es d\u2019art d\u2019Europe \u00a9Shutterstock<\/figcaption><\/figure>\n\n\n\n<h3 id=\"pourquoi-visiter-le-kunsthistorisches-museum\" class=\"wp-block-heading\">Pourquoi visiter le Kunsthistorisches Museum ?<\/h3>\n\n\n\n<p>Face au mus\u00e9e d\u2019histoire naturelle, le Kunsthistorisches Museum est l\u2019un des plus importants mus\u00e9es d\u2019art d\u2019Europe depuis son ouverture en 1891. C&#8217;est aussi l&#8217;un des premiers mus\u00e9es d&#8217;art ancien du monde. Il conserve d\u2019exceptionnelles collections r\u00e9unies par les Habsbourg, notamment des \u0153uvres de Bruegel, Rapha\u00ebl et Vel\u00e1zquez. Mais on y d\u00e9couvre \u00e9galement des \u0153uvres de l&#8217;antiquit\u00e9s grecques et romaines, ainsi qu&#8217;un cabinet d&#8217;Art et de monnaies. Son b\u00e2timent monumental style Renaissance, richement d\u00e9cor\u00e9, est \u00e0 lui seul une \u0153uvre d\u2019art. Sa coupole et ses impressionnants grands escalier sont en eux-m\u00eames des \u0153uvres d&#8217;arts architecturales. Une visite incontournable pour les passionn\u00e9s de peinture et d\u2019histoire. <\/p>\n\n\n\n<h2 id=\"naturhistorisches-museum\" class=\"wp-block-heading\">Naturhistorisches Museum<\/h2>\n\n\n\n<figure class=\"wp-block-image size-full\"><img loading=\"lazy\" decoding=\"async\" width=\"1000\" height=\"667\" src=\"https:\/\/toploc.com\/blog\/wp-content\/uploads\/2016\/12\/shutterstock_1592525302.jpg\" alt=\"Le Naturhistorisches Museum situ\u00e9 dans la ville de Vienne en Autriche \u00a9Shutterstock\" class=\"wp-image-160885\" style=\"aspect-ratio:16\/9;object-fit:cover\" srcset=\"https:\/\/toploc.com\/blog\/wp-content\/uploads\/2016\/12\/shutterstock_1592525302.jpg 1000w, https:\/\/toploc.com\/blog\/wp-content\/uploads\/2016\/12\/shutterstock_1592525302-300x200.jpg 300w, https:\/\/toploc.com\/blog\/wp-content\/uploads\/2016\/12\/shutterstock_1592525302-768x512.jpg 768w, https:\/\/toploc.com\/blog\/wp-content\/uploads\/2016\/12\/shutterstock_1592525302-380x253.jpg 380w, https:\/\/toploc.com\/blog\/wp-content\/uploads\/2016\/12\/shutterstock_1592525302-800x534.jpg 800w\" sizes=\"auto, (max-width: 1000px) 100vw, 1000px\" \/><figcaption class=\"wp-element-caption\">Le Naturhistorisches Museum situ\u00e9 dans la ville de Vienne en Autriche \u00a9Shutterstock<\/figcaption><\/figure>\n\n\n\n<h3 id=\"pourquoi-visiter-le-naturhistorisches-museum\" class=\"wp-block-heading\">Pourquoi visiter le Naturhistorisches Museum ?<\/h3>\n\n\n\n<p>Face au Kunsthistorisches Museum, son fr\u00e8re jumeau, le mus\u00e9e d\u2019histoire naturelle, s\u00e9duit autant par son architecture que par ses collections fascinantes de 20 millions d&#8217;objets. Fossiles, min\u00e9raux, squelettes de dinosaures et la c\u00e9l\u00e8bre V\u00e9nus de Willendorf, dat\u00e9e d&#8217;il y a statuette de 29 500 ans, trouv\u00e9 en 1908, attirent un large public. Les salles majestueuses et les expositions interactives en font une visite enrichissante pour tous les \u00e2ges. La salle des dinosaures propose, un Allosaurus plus vrai que nature, qui bouge et rugit, en plus des squelettes et restes des animaux pr\u00e9historiques. Le premier mod\u00e8le vivant au monde d&#8217;un oiseau de terreur grandeur d&#8217;origine et de nouvelles pi\u00e8ces d&#8217;exposition d&#8217;un cr\u00e2ne de dinosaure \u00e0 cornes viennent compl\u00e9ter l&#8217;exposition permanente impressionnante. La plus grande et la plus ancienne collection de m\u00e9t\u00e9orites au monde vaut \u00e9galement le d\u00e9tour dans la salle des m\u00e9t\u00e9orites. 1100 pierres, \u00ab tomb\u00e9es du ciel \u00bb, peuvent y \u00eatre d\u00e9couvertes.<\/p>\n\n\n\n<h2 id=\"le-kunst-haus-wien\" class=\"wp-block-heading\">Le Kunst Haus Wien<\/h2>\n\n\n\n<figure class=\"wp-block-image size-full\"><img loading=\"lazy\" decoding=\"async\" width=\"1000\" height=\"667\" src=\"https:\/\/toploc.com\/blog\/wp-content\/uploads\/2016\/12\/shutterstock_563383465.jpg\" alt=\"Le Kunst Haus Wien, lieu atypique, excentrique et culturelle de Vienne \u00a9Shutterstock\" class=\"wp-image-160889\" style=\"aspect-ratio:16\/9;object-fit:cover\" srcset=\"https:\/\/toploc.com\/blog\/wp-content\/uploads\/2016\/12\/shutterstock_563383465.jpg 1000w, https:\/\/toploc.com\/blog\/wp-content\/uploads\/2016\/12\/shutterstock_563383465-300x200.jpg 300w, https:\/\/toploc.com\/blog\/wp-content\/uploads\/2016\/12\/shutterstock_563383465-768x512.jpg 768w, https:\/\/toploc.com\/blog\/wp-content\/uploads\/2016\/12\/shutterstock_563383465-380x253.jpg 380w, https:\/\/toploc.com\/blog\/wp-content\/uploads\/2016\/12\/shutterstock_563383465-800x534.jpg 800w\" sizes=\"auto, (max-width: 1000px) 100vw, 1000px\" \/><figcaption class=\"wp-element-caption\">Le Kunst Haus Wien, lieu atypique, excentrique et culturelle de Vienne \u00a9Shutterstock<\/figcaption><\/figure>\n\n\n\n<h3 id=\"pourquoi-visiter-le-le-kunst-haus-wien\" class=\"wp-block-heading\">Pourquoi visiter le Le Kunst Haus Wien ?<\/h3>\n\n\n\n<p>Con\u00e7u par l\u2019artiste Friedensreich Hundertwasser, le Kunst Haus Wien se distingue par son architecture originale aux lignes ondul\u00e9es et color\u00e9es entour\u00e9e de plantes. A la base, il s&#8217;agit d&#8217;une ancienne usine de meubles en bois, lui donnant d\u00e9j\u00e0 un style bien particulier : Des \u00e9l\u00e9ments irr\u00e9guliers en verre, m\u00e9tal, brique, bois et carreaux de c\u00e9ramique aux couleurs chatoyantes se d\u00e9ploient \u00e0 chaque recoin. Lignes droites et surfaces planes y sont quasiment absentes. Le mus\u00e9e pr\u00e9sente des expositions d\u2019art contemporain et d\u2019\u00e9cologie. Le mus\u00e9e ouvre en 1991 et abrite depuis 260 esp\u00e8ces v\u00e9g\u00e9tales qui y sont cultiv\u00e9es. Dix \u00ab&nbsp;arbres locataires&nbsp;\u00bb, v\u00e9ritables ambassadeurs de la for\u00eat, poussent sur les fen\u00eatres du b\u00e2timent.&nbsp;A l&#8217;int\u00e9rieur les quatre niveaux du mus\u00e9e rendent hommage \u00e0 l&#8217;artiste et designer visionnaire John Hundertwasser, avec 170 \u0153uvres en tout genre. C\u2019est un lieu atypique, excentrique et culturelle, qui refl\u00e8te la cr\u00e9ativit\u00e9 viennoise moderne.<\/p>\n\n\n\n<h2 id=\"la-tour-du-danube-la-donauturm\" class=\"wp-block-heading\">La Tour du Danube (La Donauturm)<\/h2>\n\n\n\n<figure class=\"wp-block-image size-full\"><img loading=\"lazy\" decoding=\"async\" width=\"1000\" height=\"667\" src=\"https:\/\/toploc.com\/blog\/wp-content\/uploads\/2016\/12\/shutterstock_337626728.jpg\" alt=\"La Tour du Danube qui surplombe Vienne \u00a9Shutterstock \" class=\"wp-image-160894\" style=\"aspect-ratio:16\/9;object-fit:cover\" srcset=\"https:\/\/toploc.com\/blog\/wp-content\/uploads\/2016\/12\/shutterstock_337626728.jpg 1000w, https:\/\/toploc.com\/blog\/wp-content\/uploads\/2016\/12\/shutterstock_337626728-300x200.jpg 300w, https:\/\/toploc.com\/blog\/wp-content\/uploads\/2016\/12\/shutterstock_337626728-768x512.jpg 768w, https:\/\/toploc.com\/blog\/wp-content\/uploads\/2016\/12\/shutterstock_337626728-380x253.jpg 380w, https:\/\/toploc.com\/blog\/wp-content\/uploads\/2016\/12\/shutterstock_337626728-800x534.jpg 800w\" sizes=\"auto, (max-width: 1000px) 100vw, 1000px\" \/><figcaption class=\"wp-element-caption\">La Tour du Danube qui surplombe Vienne \u00a9Shutterstock <\/figcaption><\/figure>\n\n\n\n<h3 id=\"pourquoi-monter-dans-la-tour-du-danube\" class=\"wp-block-heading\">Pourquoi monter dans La Tour du Danube ?<\/h3>\n\n\n\n<p>La Donauturm est la plus haute structure d\u2019Autriche destin\u00e9 \u00e0 la radio-t\u00e9l\u00e9communication, depuis ses 252 m\u00e8tres de haut. Depuis sa plateforme panoramique, la vue sur Vienne et le Danube est spectaculaire. On peut acc\u00e9der \u00e0 ses 170&nbsp;m\u00e8tres gr\u00e2ce \u00e0 ses 2&nbsp;ascenseurs&nbsp;rapides, ou par un escalier de 775 marches. Par temps d\u00e9gag\u00e9, la vue atteint 80&nbsp;km&nbsp;alentour. \u00c0 160&nbsp;m\u00e8tres se trouve un&nbsp;caf\u00e9&nbsp;viennois, pour d\u00e9guster cette sp\u00e9cialit\u00e9 locale, et \u00e0 170&nbsp;m\u00e8tres se trouve le&nbsp;restaurant&nbsp;panoramique tournant (une premi\u00e8re mondiale \u00e0 l&#8217;\u00e9poque de sa construction). C\u2019est un point de vue id\u00e9al pour admirer la ville sous un autre angle.<\/p>\n\n\n\n<h2 id=\"le-parc-national-danube-auen-nationalpark-donau-auen\" class=\"wp-block-heading\">Le parc national Danube-Auen (Nationalpark Donau-Auen)<\/h2>\n\n\n\n<figure class=\"wp-block-image size-full\"><img loading=\"lazy\" decoding=\"async\" width=\"1000\" height=\"664\" src=\"https:\/\/toploc.com\/blog\/wp-content\/uploads\/2016\/12\/shutterstock_658508815.jpg\" alt=\"Le parc national Danube-Auen, zone naturelle pr\u00e8s de Vienne \u00a9Shutterstock\" class=\"wp-image-160895\" style=\"aspect-ratio:16\/9;object-fit:cover\" srcset=\"https:\/\/toploc.com\/blog\/wp-content\/uploads\/2016\/12\/shutterstock_658508815.jpg 1000w, https:\/\/toploc.com\/blog\/wp-content\/uploads\/2016\/12\/shutterstock_658508815-300x199.jpg 300w, https:\/\/toploc.com\/blog\/wp-content\/uploads\/2016\/12\/shutterstock_658508815-768x510.jpg 768w, https:\/\/toploc.com\/blog\/wp-content\/uploads\/2016\/12\/shutterstock_658508815-380x252.jpg 380w, https:\/\/toploc.com\/blog\/wp-content\/uploads\/2016\/12\/shutterstock_658508815-800x531.jpg 800w\" sizes=\"auto, (max-width: 1000px) 100vw, 1000px\" \/><figcaption class=\"wp-element-caption\">Le parc national Danube-Auen, zone naturelle pr\u00e8s de Vienne \u00a9Shutterstock<\/figcaption><\/figure>\n\n\n\n<h3 id=\"pourquoi-visiter-le-parc-national-danube-auen\" class=\"wp-block-heading\">Pourquoi visiter le parc national Danube-Auen  ?<\/h3>\n\n\n\n<p>\u00c0 l\u2019est de la ville, le parc national Danube-Auen prot\u00e8ge des zones humides le long du Danube sur 2 300 hectares, depuis 1996. Accessible depuis le quartier de Lobau, il offre un cadre naturel exceptionnel pour la randonn\u00e9e et le v\u00e9lo. La faune, avec ses castors, aigles marins, mantes religieuses, h\u00e9rons cendr\u00e9s, petits paons de nuit et petits gravelots, et la flore de 800 plantes y sont particuli\u00e8rement riches. En terme de faune, on retrouve 30 esp\u00e8ces de mammif\u00e8res, 100 esp\u00e8ces d&#8217;oiseaux nicheurs, 8 esp\u00e8ces de reptiles, 13 esp\u00e8ces de batraciens et 60 esp\u00e8ces de poissons qui vivent ici. C\u2019est une escapade id\u00e9ale pour s\u2019\u00e9loigner de l\u2019agitation urbaine. On y trouve notamment le Lobau, une vaste r\u00e9serve inondable du Danube qui abrite des martins-p\u00eacheurs, embl\u00e8me national.<\/p>\n\n\n\n<h2 id=\"les-landes-de-perchtoldsdorf-perchtoldsdorfer-heide\" class=\"wp-block-heading\">Les Landes de Perchtoldsdorf (Perchtoldsdorfer Heide)<\/h2>\n\n\n\n<figure class=\"wp-block-image size-full\"><img loading=\"lazy\" decoding=\"async\" width=\"1024\" height=\"768\" src=\"https:\/\/toploc.com\/blog\/wp-content\/uploads\/2016\/12\/Heide_Richtung_suedost.jpg\" alt=\"Balade en v\u00e9lo dans les Lande de Perchtoldsdorf avec vue sur Vienne \u00a9OE1IAH\" class=\"wp-image-160897\" style=\"aspect-ratio:16\/9;object-fit:cover\" srcset=\"https:\/\/toploc.com\/blog\/wp-content\/uploads\/2016\/12\/Heide_Richtung_suedost.jpg 1024w, https:\/\/toploc.com\/blog\/wp-content\/uploads\/2016\/12\/Heide_Richtung_suedost-300x225.jpg 300w, https:\/\/toploc.com\/blog\/wp-content\/uploads\/2016\/12\/Heide_Richtung_suedost-768x576.jpg 768w, https:\/\/toploc.com\/blog\/wp-content\/uploads\/2016\/12\/Heide_Richtung_suedost-200x150.jpg 200w, https:\/\/toploc.com\/blog\/wp-content\/uploads\/2016\/12\/Heide_Richtung_suedost-380x285.jpg 380w, https:\/\/toploc.com\/blog\/wp-content\/uploads\/2016\/12\/Heide_Richtung_suedost-800x600.jpg 800w\" sizes=\"auto, (max-width: 1024px) 100vw, 1024px\" \/><figcaption class=\"wp-element-caption\">Balade en v\u00e9lo dans les Lande de Perchtoldsdorf avec vue sur Vienne \u00a9OE1IAH<\/figcaption><\/figure>\n\n\n\n<h3 id=\"pourquoi-visiter-la-lande-de-perchtoldsdorf\" class=\"wp-block-heading\">Pourquoi visiter la Lande de Perchtoldsdorf ?<\/h3>\n\n\n\n<p>Situ\u00e9e au sud de Vienne, la Perchtoldsdorfer Heide, traduisible par Les Landes de Perchtoldsdorf, est une vaste lande offrant de superbes panoramas sur la r\u00e9gion. Tr\u00e8s appr\u00e9ci\u00e9e des randonneurs, elle combine prairies, vignobles et collines bois\u00e9es. C\u2019est un lieu paisible, parfait pour une sortie nature aux portes de la capitale. Etant une zone pr\u00e9serv\u00e9e, cet espace est accessible mais des r\u00e8gles sont \u00e0 respecter pour ne pas nuire \u00e0 cet espace naturel.<\/p>\n\n\n\n<h2 id=\"le-prater-wiener-prater\" class=\"wp-block-heading\">Le Prater (Wiener Prater)<\/h2>\n\n\n\n<figure class=\"wp-block-image size-full\"><img loading=\"lazy\" decoding=\"async\" width=\"1000\" height=\"749\" src=\"https:\/\/toploc.com\/blog\/wp-content\/uploads\/2016\/12\/shutterstock_1318632575.jpg\" alt=\"Le Prater, le parc d\u2019attractions historique de Vienne \u00a9Shutterstock\" class=\"wp-image-160898\" style=\"aspect-ratio:16\/9;object-fit:cover\" srcset=\"https:\/\/toploc.com\/blog\/wp-content\/uploads\/2016\/12\/shutterstock_1318632575.jpg 1000w, https:\/\/toploc.com\/blog\/wp-content\/uploads\/2016\/12\/shutterstock_1318632575-300x225.jpg 300w, https:\/\/toploc.com\/blog\/wp-content\/uploads\/2016\/12\/shutterstock_1318632575-768x575.jpg 768w, https:\/\/toploc.com\/blog\/wp-content\/uploads\/2016\/12\/shutterstock_1318632575-200x150.jpg 200w, https:\/\/toploc.com\/blog\/wp-content\/uploads\/2016\/12\/shutterstock_1318632575-380x285.jpg 380w, https:\/\/toploc.com\/blog\/wp-content\/uploads\/2016\/12\/shutterstock_1318632575-800x599.jpg 800w\" sizes=\"auto, (max-width: 1000px) 100vw, 1000px\" \/><figcaption class=\"wp-element-caption\">Le Prater, le parc d\u2019attractions historique de Vienne \u00a9Shutterstock<\/figcaption><\/figure>\n\n\n\n<h3 id=\"pourquoi-visiter-le-prater\" class=\"wp-block-heading\">Pourquoi visiter le Prater ?<\/h3>\n\n\n\n<p>Le Prater est \u00e0 la fois un immense parc public de 6km\u00b2 et un parc d\u2019attractions historique. Le parc public fut ouvert au public 1766, et fut inaugur\u00e9 en 1895. Sa grande roue embl\u00e9matique, haute de 60 m\u00e8tres, la Riesenrad, offre une vue romantique sur la ville. Les vastes all\u00e9es arbor\u00e9es invitent \u00e0 la promenade ou au v\u00e9lo. Le parc d&#8217;attractions \u00e0 ouvert en 1948 et s&#8217;agrandit en rajoutant des attractions jusqu&#8217;en 2020. Le Prater m\u00eale d\u00e9tente, loisirs et tradition populaire viennois.<\/p>\n\n\n\n<h2 id=\"promenade-sur-le-ring-ringstrase\" class=\"wp-block-heading\">Promenade sur le Ring (Ringstra\u00dfe)<\/h2>\n\n\n\n<figure class=\"wp-block-image size-full\"><img loading=\"lazy\" decoding=\"async\" width=\"1000\" height=\"667\" src=\"https:\/\/toploc.com\/blog\/wp-content\/uploads\/2016\/12\/shutterstock_533960494.jpg\" alt=\"Les mus\u00e9es sont des monuments majeurs \u00e0 voir lors de votre balade sur le Ring de Vienne \u00a9Shutterstock\" class=\"wp-image-160899\" style=\"aspect-ratio:16\/9;object-fit:cover\" srcset=\"https:\/\/toploc.com\/blog\/wp-content\/uploads\/2016\/12\/shutterstock_533960494.jpg 1000w, https:\/\/toploc.com\/blog\/wp-content\/uploads\/2016\/12\/shutterstock_533960494-300x200.jpg 300w, https:\/\/toploc.com\/blog\/wp-content\/uploads\/2016\/12\/shutterstock_533960494-768x512.jpg 768w, https:\/\/toploc.com\/blog\/wp-content\/uploads\/2016\/12\/shutterstock_533960494-380x253.jpg 380w, https:\/\/toploc.com\/blog\/wp-content\/uploads\/2016\/12\/shutterstock_533960494-800x534.jpg 800w\" sizes=\"auto, (max-width: 1000px) 100vw, 1000px\" \/><figcaption class=\"wp-element-caption\">Les mus\u00e9es sont des monuments majeurs \u00e0 voir lors de votre balade sur le Ring de Vienne \u00a9Shutterstock<\/figcaption><\/figure>\n\n\n\n<h3 id=\"pourquoi-faire-une-promenade-sur-le-ring\" class=\"wp-block-heading\">Pourquoi faire une promenade sur le Ring ?<\/h3>\n\n\n\n<p>La Ringstra\u00dfe est le grand boulevard circulaire qui entoure le centre historique de Vienne, sur une distance de 5,3km. Bord\u00e9e de monuments prestigieux comme l\u2019Op\u00e9ra, le Palais Hofburg, le Kunsthistorisches Museum, le Parlement et l\u2019H\u00f4tel de Ville, elle refl\u00e8te le prestige imp\u00e9rial du XIX<sup>\u00e8me<\/sup> si\u00e8cle. Une promenade \u00e0 pied, \u00e0 v\u00e9lo ou en tram permet d\u2019admirer l\u2019architecture monumentale et de saisir l\u2019ampleur du projet urbain des Habsbourg. Ce parcours est parfait pour avoir un premier aper\u00e7u de la ville, ou un r\u00e9capitulatif en fin de s\u00e9jour.<\/p>\n\n\n\n<p>A lire : <a href=\"https:\/\/toploc.com\/blog\/europe\/voyage-a-vienne\">Les 5 plus beaux march\u00e9 de No\u00ebl de Vienne<\/a><\/p>\n\n\n\n<h2 class=\"wp-block-heading\" id=\"ou-se-loger-en-finlande\"><span id=\"ou-se-loger-a-vienne\">O\u00f9 se loger \u00e0 Vienne ?<\/span><\/h2>\n\n\n\n<p>La mission de Toploc est de vous aider \u00e0 reconnecter avec le plein air en organisant des s\u00e9jours nature. Pour vous aider \u00e0 visiter Vienne en Autriche, Toploc r\u00e9f\u00e9rence des&nbsp;<a href=\"https:\/\/toploc.com\/locations-vacances\/wien\" type=\"link\" id=\"https:\/\/toploc.com\/locations-vacances\/wien\">locations vacances \u00e0 Vienne<\/a>&nbsp;ou des&nbsp;<a href=\"https:\/\/toploc.com\/locations-vacances\/autriche\" type=\"link\" id=\"https:\/\/toploc.com\/locations-vacances\/autriche\">locations vacances en Autriche<\/a>. Parcourez nos annonces d\u2019h\u00e9bergements&nbsp;avec Toploc et rencontrez nos h\u00f4tes. Avec Toploc, d\u00e9couvrez des lieux et des liens.<\/p>\n\n\n\n<h2 id=\"faq-tout-savoir-pour-visiter-vienne\" class=\"wp-block-heading\">FAQ : tout savoir pour visiter Vienne<\/h2>\n\n\n\n<h3 id=\"ou-se-situe-vienne\" class=\"wp-block-heading\">O\u00f9 se situe Vienne ?<\/h3>\n\n\n\n<p>Vienne est la capitale de l\u2019Autriche, situ\u00e9e \u00e0 l\u2019est du pays, sur les rives du Danube. Ancienne capitale de l\u2019Empire austro-hongrois, elle est aujourd\u2019hui r\u00e9put\u00e9e pour son patrimoine imp\u00e9rial, sa sc\u00e8ne culturelle dynamique et sa qualit\u00e9 de vie exceptionnelle.<\/p>\n\n\n\n<h3 id=\"quelle-est-la-meilleure-periode-pour-visiter-vienne\" class=\"wp-block-heading\">Quelle est la meilleure p\u00e9riode pour visiter Vienne ?<\/h3>\n\n\n\n<p>Vienne se visite toute l\u2019ann\u00e9e :<\/p>\n\n\n\n<ul class=\"wp-block-list\">\n<li>Printemps (avril-juin) : temp\u00e9ratures douces et parcs en fleurs.<\/li>\n\n\n\n<li>\u00c9t\u00e9 (juillet-ao\u00fbt) : festivals en plein air et concerts, ambiance anim\u00e9e.<\/li>\n\n\n\n<li>Automne (septembre-octobre) : climat agr\u00e9able et moins de touristes.<\/li>\n\n\n\n<li>Hiver (novembre-d\u00e9cembre) : march\u00e9s de No\u00ebl f\u00e9\u00e9riques et ambiance romantique.<\/li>\n<\/ul>\n\n\n\n<h3 id=\"quels-sont-les-incontournables-a-vienne\" class=\"wp-block-heading\">Quels sont les incontournables \u00e0 Vienne ?<\/h3>\n\n\n\n<ul class=\"wp-block-list\">\n<li>Schloss Sch\u00f6nbrunn : ancien palais imp\u00e9rial et ses jardins class\u00e9s UNESCO.<\/li>\n\n\n\n<li>Hofburg : r\u00e9sidence historique des Habsbourg.<\/li>\n\n\n\n<li>Cath\u00e9drale Saint-\u00c9tienne (Stephansdom) : symbole gothique de la ville.<\/li>\n\n\n\n<li>Belv\u00e9d\u00e8re : palais baroque abritant \u00ab Le Baiser \u00bb de Klimt.<\/li>\n\n\n\n<li>Op\u00e9ra d&#8217;\u00c9tat de Vienne : haut lieu de la musique classique.<\/li>\n\n\n\n<li>Prater : c\u00e9l\u00e8bre pour sa grande roue.<\/li>\n<\/ul>\n\n\n\n<h3 id=\"comment-se-deplacer-a-vienne\" class=\"wp-block-heading\">Comment se d\u00e9placer \u00e0 Vienne ?<\/h3>\n\n\n\n<p>Le r\u00e9seau de transports en commun est excellent : m\u00e9tro (U-Bahn), tramways et bus.<br>La ville est \u00e9galement agr\u00e9able \u00e0 parcourir \u00e0 pied ou \u00e0 v\u00e9lo.<\/p>\n\n\n\n<h3 id=\"que-manger-a-vienne\" class=\"wp-block-heading\">Que manger \u00e0 Vienne ?<\/h3>\n\n\n\n<ul class=\"wp-block-list\">\n<li>Wiener Schnitzel (escalope pan\u00e9e)<\/li>\n\n\n\n<li>Sachertorte (g\u00e2teau au chocolat embl\u00e9matique)<\/li>\n\n\n\n<li>Apfelstrudel<\/li>\n\n\n\n<li>Caf\u00e9 viennois dans un caf\u00e9 traditionnel<\/li>\n<\/ul>\n\n\n\n<h3 id=\"quels-musees-visiter-a-vienne\" class=\"wp-block-heading\">Quels mus\u00e9es visiter \u00e0 Vienne ?<\/h3>\n\n\n\n<ul class=\"wp-block-list\">\n<li>Kunsthistorisches Museum : collections d\u2019art imp\u00e9rial.<\/li>\n\n\n\n<li>Naturhistorisches Museum Wien : mus\u00e9e d\u2019histoire naturelle.<\/li>\n\n\n\n<li>Mus\u00e9e Albertina : chefs-d\u2019\u0153uvre graphiques et impressionnistes.<\/li>\n\n\n\n<li>Kunst Haus Wien : univers color\u00e9 de Hundertwasser.<\/li>\n<\/ul>\n\n\n\n<h3 id=\"peut-on-visiter-vienne-avec-des-enfants\" class=\"wp-block-heading\">Peut-on visiter Vienne avec des enfants ?<\/h3>\n\n\n\n<p>Oui, Vienne est tr\u00e8s familiale :<\/p>\n\n\n\n<ul class=\"wp-block-list\">\n<li>Le parc du Prater<\/li>\n\n\n\n<li>Le zoo de Sch\u00f6nbrunn<\/li>\n\n\n\n<li>Mus\u00e9es interactifs<\/li>\n\n\n\n<li>Espaces verts nombreux et s\u00e9curis\u00e9s<\/li>\n<\/ul>\n\n\n\n<h3 id=\"vienne-est-elle-une-destination-romantique\" class=\"wp-block-heading\">Vienne est-elle une destination romantique ?<\/h3>\n\n\n\n<p>Absolument. Entre ses palais, ses concerts de musique classique, ses caf\u00e9s historiques et ses promenades le long du Danube, Vienne est id\u00e9ale pour un s\u00e9jour \u00e0 deux.<\/p>\n\n\n\n<h3 class=\"wp-block-heading\" id=\"comment-visiter-berlin-en-5-jours\"><span id=\"comment-visiter-vienne-en-5-jours\">Comment visiter Vienne en 5 jours ?<\/span><\/h3>\n\n\n\n<p>Voici l\u2019itin\u00e9raire Toploc pour visiter Vienne en 5 jours :<\/p>\n\n\n\n<ul class=\"wp-block-list\">\n<li>Jour 1 : Commencez par le palais de la Hofburg, ancienne r\u00e9sidence des Habsbourg, o\u00f9 vous pourrez visiter les appartements imp\u00e9riaux et le mus\u00e9e Sissi. Rejoignez ensuite la cath\u00e9drale Saint-\u00c9tienne (Stephansdom), symbole gothique de la ville, puis fl\u00e2nez sur la Graben et le Kohlmarkt, \u00e9l\u00e9gantes art\u00e8res commer\u00e7antes. Terminez la journ\u00e9e \u00e0 l\u2019Op\u00e9ra national de Vienne (Wiener Staatsoper) pour assister \u00e0 une repr\u00e9sentation ou simplement admirer son architecture.<\/li>\n\n\n\n<li>Jour 2 : Continuez votre s\u00e9jour au ch\u00e2teau de Sch\u00f6nbrunn, ancienne r\u00e9sidence d\u2019\u00e9t\u00e9 imp\u00e9riale, et promenez-vous dans ses somptueux jardins jusqu\u2019\u00e0 la Gloriette pour une vue panoramique sur la ville. L\u2019apr\u00e8s-midi, d\u00e9couvrez le palais du Belv\u00e9d\u00e8re, qui abrite notamment des \u0153uvres de Gustav Klimt, dont \u00ab Le Baiser \u00bb.<\/li>\n\n\n\n<li>Jour 3 : Explorez le Kunsthistorisches Museum, l\u2019un des plus beaux mus\u00e9es d\u2019Europe, puis traversez la place pour visiter le Naturhistorisches Museum. Poursuivez avec le MuseumsQuartier, espace culturel moderne regroupant galeries et mus\u00e9es contemporains. Profitez aussi devotre balade en ville pour d\u00e9guster un v\u00e9ritable caf\u00e9 viennois traditionnel accompagn\u00e9 d\u2019une Sachertorte.<\/li>\n\n\n\n<li>Jour 4 : Montez \u00e0 la Tour du Danube (Donauturm) pour profiter d\u2019une vue spectaculaire sur Vienne et le Danube. Ensuite, partez vous balader le long du fleuve ou dans le parc du Prater, c\u00e9l\u00e8bre pour sa grande roue historique. Pour une ambiance plus verte et sauvage, dirigez-vous vers le parc national Danube-Auen.<\/li>\n\n\n\n<li>Jour 5 : Commencez par le Kunst Haus Wien, mus\u00e9e d\u00e9di\u00e9 \u00e0 Friedensreich Hundertwasser, puis explorez les quartiers plus alternatifs comme Neubau. Terminez votre s\u00e9jour avec un ultime tour complet du centre historique en empruntant la Promenade sur le Ring (Ringstra\u00dfe).<\/li>\n<\/ul>\n\n\n\n<p>Ma\u00ebl pour Toploc <\/p>\n","protected":false},"excerpt":{"rendered":"Apparaissant comme une capitale \u00e9l\u00e9gante et raffin\u00e9e, Vienne (ou localement nomm\u00e9 Wien) s\u00e9duit par la richesse de son&hellip;\n","protected":false},"author":15,"featured_media":160899,"comment_status":"open","ping_status":"closed","sticky":false,"template":"","format":"standard","meta":{"footnotes":""},"categories":[6859,5],"tags":[1604,1605,1606,1607,1608],"class_list":{"0":"post-10316","1":"post","2":"type-post","3":"status-publish","4":"format-standard","5":"has-post-thumbnail","7":"category-campagne","8":"category-europe","9":"tag-festivites-a-vienne","10":"tag-feu-dartifice-a-vienne","11":"tag-gastronomie-a-vienne","12":"tag-nouvel-an-en-autriche","13":"tag-vacances-de-fin-dannee-a-vienne"},"yoast_head":"<!-- This site is optimized with the Yoast SEO plugin v26.9 - https:\/\/yoast.com\/product\/yoast-seo-wordpress\/ -->\n<title>Les 14 choses \u00e0 voir et \u00e0 faire pour visiter Vienne<\/title>\n<meta name=\"description\" content=\"Visiter Vienne : ch\u00e2teau de Sch\u00f6nbrunn . Le Hofburg . La cath\u00e9drale Saint-\u00c9tienne . Op\u00e9ra national de Vienne . Tour du Danube . Le Prater\" \/>\n<meta name=\"robots\" content=\"index, follow, max-snippet:-1, max-image-preview:large, max-video-preview:-1\" \/>\n<link rel=\"canonical\" href=\"https:\/\/toploc.com\/blog\/europe\/visiter-vienne\" \/>\n<meta property=\"og:locale\" content=\"fr_FR\" \/>\n<meta property=\"og:type\" content=\"article\" \/>\n<meta property=\"og:title\" content=\"Les 14 choses \u00e0 voir et \u00e0 faire pour visiter Vienne\" \/>\n<meta property=\"og:description\" content=\"Visiter Vienne : ch\u00e2teau de Sch\u00f6nbrunn . Le Hofburg . La cath\u00e9drale Saint-\u00c9tienne . Op\u00e9ra national de Vienne . Tour du Danube . Le Prater\" \/>\n<meta property=\"og:url\" content=\"https:\/\/toploc.com\/blog\/europe\/visiter-vienne\" \/>\n<meta property=\"og:site_name\" content=\"Toploc\" \/>\n<meta property=\"article:publisher\" content=\"https:\/\/www.facebook.com\/locationfrancophone\" \/>\n<meta property=\"article:published_time\" content=\"2026-02-19T10:22:56+00:00\" \/>\n<meta property=\"article:modified_time\" content=\"2026-02-26T10:42:24+00:00\" \/>\n<meta property=\"og:image\" content=\"https:\/\/toploc.com\/blog\/wp-content\/uploads\/2016\/12\/shutterstock_533960494.jpg\" \/>\n\t<meta property=\"og:image:width\" content=\"1000\" \/>\n\t<meta property=\"og:image:height\" content=\"667\" \/>\n\t<meta property=\"og:image:type\" content=\"image\/jpeg\" \/>\n<meta name=\"author\" content=\"Ma\u00ebl\" \/>\n<meta name=\"twitter:card\" content=\"summary_large_image\" \/>\n<meta name=\"twitter:label1\" content=\"\u00c9crit par\" \/>\n\t<meta name=\"twitter:data1\" content=\"Ma\u00ebl\" \/>\n\t<meta name=\"twitter:label2\" content=\"Dur\u00e9e de lecture estim\u00e9e\" \/>\n\t<meta name=\"twitter:data2\" content=\"17 minutes\" \/>\n<script type=\"application\/ld+json\" class=\"yoast-schema-graph\">{\"@context\":\"https:\/\/schema.org\",\"@graph\":[{\"@type\":\"Article\",\"@id\":\"https:\/\/toploc.com\/blog\/europe\/visiter-vienne#article\",\"isPartOf\":{\"@id\":\"https:\/\/toploc.com\/blog\/europe\/visiter-vienne\"},\"author\":{\"name\":\"Ma\u00ebl\",\"@id\":\"https:\/\/toploc.com\/blog\/#\/schema\/person\/7e2ebe289a733b81b04b07f6ec2e3b93\"},\"headline\":\"Les 14 choses \u00e0 voir et \u00e0 faire pour visiter Vienne\",\"datePublished\":\"2026-02-19T10:22:56+00:00\",\"dateModified\":\"2026-02-26T10:42:24+00:00\",\"mainEntityOfPage\":{\"@id\":\"https:\/\/toploc.com\/blog\/europe\/visiter-vienne\"},\"wordCount\":3121,\"commentCount\":0,\"publisher\":{\"@id\":\"https:\/\/toploc.com\/blog\/#organization\"},\"image\":{\"@id\":\"https:\/\/toploc.com\/blog\/europe\/visiter-vienne#primaryimage\"},\"thumbnailUrl\":\"https:\/\/toploc.com\/blog\/wp-content\/uploads\/2016\/12\/shutterstock_533960494.jpg\",\"keywords\":[\"festivit\u00e9s \u00e0 Vienne\",\"feu d\u2019artifice \u00e0 Vienne\",\"gastronomie \u00e0 Vienne\",\"Nouvel An en Autriche\",\"vacances de fin d\u2019ann\u00e9e \u00e0 Vienne\"],\"articleSection\":[\"Campagne\",\"Itin\u00e9raires Europe\"],\"inLanguage\":\"fr-FR\",\"potentialAction\":[{\"@type\":\"CommentAction\",\"name\":\"Comment\",\"target\":[\"https:\/\/toploc.com\/blog\/europe\/visiter-vienne#respond\"]}]},{\"@type\":\"WebPage\",\"@id\":\"https:\/\/toploc.com\/blog\/europe\/visiter-vienne\",\"url\":\"https:\/\/toploc.com\/blog\/europe\/visiter-vienne\",\"name\":\"Les 14 choses \u00e0 voir et \u00e0 faire pour visiter Vienne\",\"isPartOf\":{\"@id\":\"https:\/\/toploc.com\/blog\/#website\"},\"primaryImageOfPage\":{\"@id\":\"https:\/\/toploc.com\/blog\/europe\/visiter-vienne#primaryimage\"},\"image\":{\"@id\":\"https:\/\/toploc.com\/blog\/europe\/visiter-vienne#primaryimage\"},\"thumbnailUrl\":\"https:\/\/toploc.com\/blog\/wp-content\/uploads\/2016\/12\/shutterstock_533960494.jpg\",\"datePublished\":\"2026-02-19T10:22:56+00:00\",\"dateModified\":\"2026-02-26T10:42:24+00:00\",\"description\":\"Visiter Vienne : ch\u00e2teau de Sch\u00f6nbrunn . Le Hofburg . La cath\u00e9drale Saint-\u00c9tienne . Op\u00e9ra national de Vienne . Tour du Danube . Le Prater\",\"breadcrumb\":{\"@id\":\"https:\/\/toploc.com\/blog\/europe\/visiter-vienne#breadcrumb\"},\"inLanguage\":\"fr-FR\",\"potentialAction\":[{\"@type\":\"ReadAction\",\"target\":[\"https:\/\/toploc.com\/blog\/europe\/visiter-vienne\"]}]},{\"@type\":\"ImageObject\",\"inLanguage\":\"fr-FR\",\"@id\":\"https:\/\/toploc.com\/blog\/europe\/visiter-vienne#primaryimage\",\"url\":\"https:\/\/toploc.com\/blog\/wp-content\/uploads\/2016\/12\/shutterstock_533960494.jpg\",\"contentUrl\":\"https:\/\/toploc.com\/blog\/wp-content\/uploads\/2016\/12\/shutterstock_533960494.jpg\",\"width\":1000,\"height\":667,\"caption\":\"Les mus\u00e9es sont des monuments majeurs \u00e0 voir lors de votre balade sur le Ring de Vienne \u00a9Shutterstock\"},{\"@type\":\"BreadcrumbList\",\"@id\":\"https:\/\/toploc.com\/blog\/europe\/visiter-vienne#breadcrumb\",\"itemListElement\":[{\"@type\":\"ListItem\",\"position\":1,\"name\":\"Accueil\",\"item\":\"https:\/\/toploc.com\/blog\"},{\"@type\":\"ListItem\",\"position\":2,\"name\":\"Les 14 choses \u00e0 voir et \u00e0 faire pour visiter Vienne\"}]},{\"@type\":\"WebSite\",\"@id\":\"https:\/\/toploc.com\/blog\/#website\",\"url\":\"https:\/\/toploc.com\/blog\/\",\"name\":\"Toploc\",\"description\":\"Itin\u00e9raires natures et locations de vacances en groupe\",\"publisher\":{\"@id\":\"https:\/\/toploc.com\/blog\/#organization\"},\"potentialAction\":[{\"@type\":\"SearchAction\",\"target\":{\"@type\":\"EntryPoint\",\"urlTemplate\":\"https:\/\/toploc.com\/blog\/?s={search_term_string}\"},\"query-input\":{\"@type\":\"PropertyValueSpecification\",\"valueRequired\":true,\"valueName\":\"search_term_string\"}}],\"inLanguage\":\"fr-FR\"},{\"@type\":\"Organization\",\"@id\":\"https:\/\/toploc.com\/blog\/#organization\",\"name\":\"Toploc\",\"url\":\"https:\/\/toploc.com\/blog\/\",\"logo\":{\"@type\":\"ImageObject\",\"inLanguage\":\"fr-FR\",\"@id\":\"https:\/\/toploc.com\/blog\/#\/schema\/logo\/image\/\",\"url\":\"https:\/\/blog.toploc.com\/wp-content\/uploads\/2022\/03\/toploc_facebook_5.png\",\"contentUrl\":\"https:\/\/blog.toploc.com\/wp-content\/uploads\/2022\/03\/toploc_facebook_5.png\",\"width\":600,\"height\":600,\"caption\":\"Toploc\"},\"image\":{\"@id\":\"https:\/\/toploc.com\/blog\/#\/schema\/logo\/image\/\"},\"sameAs\":[\"https:\/\/www.facebook.com\/locationfrancophone\",\"https:\/\/www.instagram.com\/toploc_\",\"https:\/\/www.pinterest.fr\/Toploc_\/\"]},{\"@type\":\"Person\",\"@id\":\"https:\/\/toploc.com\/blog\/#\/schema\/person\/7e2ebe289a733b81b04b07f6ec2e3b93\",\"name\":\"Ma\u00ebl\",\"image\":{\"@type\":\"ImageObject\",\"inLanguage\":\"fr-FR\",\"@id\":\"https:\/\/toploc.com\/blog\/#\/schema\/person\/image\/\",\"url\":\"https:\/\/secure.gravatar.com\/avatar\/2d32fb95c878a284cc9e8236b8664651ac94ad0d82c0f4811eac0717c9548669?s=96&d=mm&r=g\",\"contentUrl\":\"https:\/\/secure.gravatar.com\/avatar\/2d32fb95c878a284cc9e8236b8664651ac94ad0d82c0f4811eac0717c9548669?s=96&d=mm&r=g\",\"caption\":\"Ma\u00ebl\"},\"description\":\"Bonjour, moi c'est Ma\u00ebl. J'adore voyager et d\u00e9couvrir de nouveaux coins nature autour de chez moi. Je partage avec vous des activit\u00e9s et des lieux \u00e0 visiter en famille ou entre amis !\",\"url\":\"https:\/\/toploc.com\/blog\/author\/maeltoploc-com\"}]}<\/script>\n<!-- \/ Yoast SEO plugin. -->","yoast_head_json":{"title":"Les 14 choses \u00e0 voir et \u00e0 faire pour visiter Vienne","description":"Visiter Vienne : ch\u00e2teau de Sch\u00f6nbrunn . Le Hofburg . La cath\u00e9drale Saint-\u00c9tienne . Op\u00e9ra national de Vienne . Tour du Danube . Le Prater","robots":{"index":"index","follow":"follow","max-snippet":"max-snippet:-1","max-image-preview":"max-image-preview:large","max-video-preview":"max-video-preview:-1"},"canonical":"https:\/\/toploc.com\/blog\/europe\/visiter-vienne","og_locale":"fr_FR","og_type":"article","og_title":"Les 14 choses \u00e0 voir et \u00e0 faire pour visiter Vienne","og_description":"Visiter Vienne : ch\u00e2teau de Sch\u00f6nbrunn . Le Hofburg . La cath\u00e9drale Saint-\u00c9tienne . Op\u00e9ra national de Vienne . Tour du Danube . Le Prater","og_url":"https:\/\/toploc.com\/blog\/europe\/visiter-vienne","og_site_name":"Toploc","article_publisher":"https:\/\/www.facebook.com\/locationfrancophone","article_published_time":"2026-02-19T10:22:56+00:00","article_modified_time":"2026-02-26T10:42:24+00:00","og_image":[{"width":1000,"height":667,"url":"https:\/\/toploc.com\/blog\/wp-content\/uploads\/2016\/12\/shutterstock_533960494.jpg","type":"image\/jpeg"}],"author":"Ma\u00ebl","twitter_card":"summary_large_image","twitter_misc":{"\u00c9crit par":"Ma\u00ebl","Dur\u00e9e de lecture estim\u00e9e":"17 minutes"},"schema":{"@context":"https:\/\/schema.org","@graph":[{"@type":"Article","@id":"https:\/\/toploc.com\/blog\/europe\/visiter-vienne#article","isPartOf":{"@id":"https:\/\/toploc.com\/blog\/europe\/visiter-vienne"},"author":{"name":"Ma\u00ebl","@id":"https:\/\/toploc.com\/blog\/#\/schema\/person\/7e2ebe289a733b81b04b07f6ec2e3b93"},"headline":"Les 14 choses \u00e0 voir et \u00e0 faire pour visiter Vienne","datePublished":"2026-02-19T10:22:56+00:00","dateModified":"2026-02-26T10:42:24+00:00","mainEntityOfPage":{"@id":"https:\/\/toploc.com\/blog\/europe\/visiter-vienne"},"wordCount":3121,"commentCount":0,"publisher":{"@id":"https:\/\/toploc.com\/blog\/#organization"},"image":{"@id":"https:\/\/toploc.com\/blog\/europe\/visiter-vienne#primaryimage"},"thumbnailUrl":"https:\/\/toploc.com\/blog\/wp-content\/uploads\/2016\/12\/shutterstock_533960494.jpg","keywords":["festivit\u00e9s \u00e0 Vienne","feu d\u2019artifice \u00e0 Vienne","gastronomie \u00e0 Vienne","Nouvel An en Autriche","vacances de fin d\u2019ann\u00e9e \u00e0 Vienne"],"articleSection":["Campagne","Itin\u00e9raires Europe"],"inLanguage":"fr-FR","potentialAction":[{"@type":"CommentAction","name":"Comment","target":["https:\/\/toploc.com\/blog\/europe\/visiter-vienne#respond"]}]},{"@type":"WebPage","@id":"https:\/\/toploc.com\/blog\/europe\/visiter-vienne","url":"https:\/\/toploc.com\/blog\/europe\/visiter-vienne","name":"Les 14 choses \u00e0 voir et \u00e0 faire pour visiter Vienne","isPartOf":{"@id":"https:\/\/toploc.com\/blog\/#website"},"primaryImageOfPage":{"@id":"https:\/\/toploc.com\/blog\/europe\/visiter-vienne#primaryimage"},"image":{"@id":"https:\/\/toploc.com\/blog\/europe\/visiter-vienne#primaryimage"},"thumbnailUrl":"https:\/\/toploc.com\/blog\/wp-content\/uploads\/2016\/12\/shutterstock_533960494.jpg","datePublished":"2026-02-19T10:22:56+00:00","dateModified":"2026-02-26T10:42:24+00:00","description":"Visiter Vienne : ch\u00e2teau de Sch\u00f6nbrunn . Le Hofburg . La cath\u00e9drale Saint-\u00c9tienne . Op\u00e9ra national de Vienne . Tour du Danube . Le Prater","breadcrumb":{"@id":"https:\/\/toploc.com\/blog\/europe\/visiter-vienne#breadcrumb"},"inLanguage":"fr-FR","potentialAction":[{"@type":"ReadAction","target":["https:\/\/toploc.com\/blog\/europe\/visiter-vienne"]}]},{"@type":"ImageObject","inLanguage":"fr-FR","@id":"https:\/\/toploc.com\/blog\/europe\/visiter-vienne#primaryimage","url":"https:\/\/toploc.com\/blog\/wp-content\/uploads\/2016\/12\/shutterstock_533960494.jpg","contentUrl":"https:\/\/toploc.com\/blog\/wp-content\/uploads\/2016\/12\/shutterstock_533960494.jpg","width":1000,"height":667,"caption":"Les mus\u00e9es sont des monuments majeurs \u00e0 voir lors de votre balade sur le Ring de Vienne \u00a9Shutterstock"},{"@type":"BreadcrumbList","@id":"https:\/\/toploc.com\/blog\/europe\/visiter-vienne#breadcrumb","itemListElement":[{"@type":"ListItem","position":1,"name":"Accueil","item":"https:\/\/toploc.com\/blog"},{"@type":"ListItem","position":2,"name":"Les 14 choses \u00e0 voir et \u00e0 faire pour visiter Vienne"}]},{"@type":"WebSite","@id":"https:\/\/toploc.com\/blog\/#website","url":"https:\/\/toploc.com\/blog\/","name":"Toploc","description":"Itin\u00e9raires natures et locations de vacances en groupe","publisher":{"@id":"https:\/\/toploc.com\/blog\/#organization"},"potentialAction":[{"@type":"SearchAction","target":{"@type":"EntryPoint","urlTemplate":"https:\/\/toploc.com\/blog\/?s={search_term_string}"},"query-input":{"@type":"PropertyValueSpecification","valueRequired":true,"valueName":"search_term_string"}}],"inLanguage":"fr-FR"},{"@type":"Organization","@id":"https:\/\/toploc.com\/blog\/#organization","name":"Toploc","url":"https:\/\/toploc.com\/blog\/","logo":{"@type":"ImageObject","inLanguage":"fr-FR","@id":"https:\/\/toploc.com\/blog\/#\/schema\/logo\/image\/","url":"https:\/\/blog.toploc.com\/wp-content\/uploads\/2022\/03\/toploc_facebook_5.png","contentUrl":"https:\/\/blog.toploc.com\/wp-content\/uploads\/2022\/03\/toploc_facebook_5.png","width":600,"height":600,"caption":"Toploc"},"image":{"@id":"https:\/\/toploc.com\/blog\/#\/schema\/logo\/image\/"},"sameAs":["https:\/\/www.facebook.com\/locationfrancophone","https:\/\/www.instagram.com\/toploc_","https:\/\/www.pinterest.fr\/Toploc_\/"]},{"@type":"Person","@id":"https:\/\/toploc.com\/blog\/#\/schema\/person\/7e2ebe289a733b81b04b07f6ec2e3b93","name":"Ma\u00ebl","image":{"@type":"ImageObject","inLanguage":"fr-FR","@id":"https:\/\/toploc.com\/blog\/#\/schema\/person\/image\/","url":"https:\/\/secure.gravatar.com\/avatar\/2d32fb95c878a284cc9e8236b8664651ac94ad0d82c0f4811eac0717c9548669?s=96&d=mm&r=g","contentUrl":"https:\/\/secure.gravatar.com\/avatar\/2d32fb95c878a284cc9e8236b8664651ac94ad0d82c0f4811eac0717c9548669?s=96&d=mm&r=g","caption":"Ma\u00ebl"},"description":"Bonjour, moi c'est Ma\u00ebl. J'adore voyager et d\u00e9couvrir de nouveaux coins nature autour de chez moi. Je partage avec vous des activit\u00e9s et des lieux \u00e0 visiter en famille ou entre amis !","url":"https:\/\/toploc.com\/blog\/author\/maeltoploc-com"}]}},"_links":{"self":[{"href":"https:\/\/toploc.com\/blog\/wp-json\/wp\/v2\/posts\/10316","targetHints":{"allow":["GET"]}}],"collection":[{"href":"https:\/\/toploc.com\/blog\/wp-json\/wp\/v2\/posts"}],"about":[{"href":"https:\/\/toploc.com\/blog\/wp-json\/wp\/v2\/types\/post"}],"author":[{"embeddable":true,"href":"https:\/\/toploc.com\/blog\/wp-json\/wp\/v2\/users\/15"}],"replies":[{"embeddable":true,"href":"https:\/\/toploc.com\/blog\/wp-json\/wp\/v2\/comments?post=10316"}],"version-history":[{"count":21,"href":"https:\/\/toploc.com\/blog\/wp-json\/wp\/v2\/posts\/10316\/revisions"}],"predecessor-version":[{"id":161105,"href":"https:\/\/toploc.com\/blog\/wp-json\/wp\/v2\/posts\/10316\/revisions\/161105"}],"wp:featuredmedia":[{"embeddable":true,"href":"https:\/\/toploc.com\/blog\/wp-json\/wp\/v2\/media\/160899"}],"wp:attachment":[{"href":"https:\/\/toploc.com\/blog\/wp-json\/wp\/v2\/media?parent=10316"}],"wp:term":[{"taxonomy":"category","embeddable":true,"href":"https:\/\/toploc.com\/blog\/wp-json\/wp\/v2\/categories?post=10316"},{"taxonomy":"post_tag","embeddable":true,"href":"https:\/\/toploc.com\/blog\/wp-json\/wp\/v2\/tags?post=10316"}],"curies":[{"name":"wp","href":"https:\/\/api.w.org\/{rel}","templated":true}]}}