{"id":103072,"date":"2025-07-06T16:41:11","date_gmt":"2025-07-06T14:41:11","guid":{"rendered":"https:\/\/www.location-francophone.com\/?p=103072"},"modified":"2025-07-09T16:41:28","modified_gmt":"2025-07-09T14:41:28","slug":"visiter-le-territoire-de-belfort","status":"publish","type":"post","link":"https:\/\/toploc.com\/blog\/france\/visiter-le-territoire-de-belfort","title":{"rendered":"Les 13 choses \u00e0 voir \u00e0 faire pour visiter le Territoire de Belfort"},"content":{"rendered":"\n<p>Bien qu\u2019il soit petit en surface (609km\u00b2), visiter le Territoire de Belfort (90) en r\u00e9gion Bourgogne-Franche-Comt\u00e9 abrite pourtant d\u2019innombrables merveilles et joyaux \u00e0 d\u00e9couvrir le temps d\u2019un weekend ou de quelques jours de vacances. Quelles sont les choses \u00e0 voir et \u00e0 faire pour visiter le Territoire de Belfort ? D\u00e9couvrez les immanquables&nbsp;: Belfort, Giromagny ou Delle. Puis visitez de lieux importants comme le massif du Salbert, la presqu\u2019\u00eele ou le lac du Malsaucy et l&#8217;\u00e9tang des Forges. En bonus, t\u00e9l\u00e9chargez la carte touristique du Territoire de Belfort au format .pdf dans la FAQ de l\u2019article.<\/p>\n\n\n\n<div class=\"wp-block-buttons is-content-justification-center is-layout-flex wp-container-core-buttons-is-layout-16018d1d wp-block-buttons-is-layout-flex\">\n<div class=\"wp-block-button has-custom-font-size has-small-font-size\"><a class=\"wp-block-button__link has-background wp-element-button\" href=\"https:\/\/toploc.com\/locations-vacances\/territoire-de-belfort\/?utm_source=blog&amp;utm_medium=CTA&amp;utm_campaign=visiter-belfort\" style=\"background-color:#006b52\"><strong>\ud83d\udc49 LOCATIONS VACANCES BELFORT<\/strong><\/a><\/div>\n<\/div>\n\n\n\n<p>A lire : <a href=\"https:\/\/blog.toploc.com\/blog\/france\/visiter-la-franche-comte\">Les 10 choses \u00e0 voir et \u00e0 faire pour visiter la Franche-Comt\u00e9<\/a><\/p>\n\n\n\n<h2 id=\"belfort\" class=\"wp-block-heading\">Belfort<\/h2>\n\n\n<div class=\"wp-block-image is-resized\">\n<figure class=\"aligncenter size-full\"><img loading=\"lazy\" decoding=\"async\" width=\"2000\" height=\"1333\" src=\"https:\/\/blog.toploc.com\/wp-content\/uploads\/2024\/05\/ville-et-citadelle-de-belfort.1612072.jpg\" alt=\"La citadelle de Belfort, recouverte de verdure \u00a9Guide du Routard\" class=\"wp-image-149103\" style=\"aspect-ratio:16\/9;object-fit:cover\"\/><figcaption class=\"wp-element-caption\">La citadelle de Belfort, recouverte de verdure \u00a9Guide du Routard<\/figcaption><\/figure>\n<\/div>\n\n\n<h3 id=\"pourquoi-visiter-belfort\" class=\"wp-block-heading\">Pourquoi visiter Belfort ?<\/h3>\n\n\n\n<p>Comme tout autre d\u00e9partement de la r\u00e9gion Bourgogne-Franche-Comt\u00e9, le Territoire de Belfort poss\u00e8de \u00e9galement un chef-lieu exceptionnel, Belfort. Situ\u00e9e entre Montb\u00e9liard et Mulhouse, cette ville franc-comtoise doit surtout sa r\u00e9putation \u00e0 sa superbe citadelle o\u00f9 vous pourrez vous offrir une belle balade historique. En fl\u00e2nant dans les rues de la citadelle, vous passerez par le tunnel pav\u00e9, puis la porte pont-levis, jusqu\u2019\u00e0 la Cour d\u2019Honneur. Incontournable pour visiter le Territoire de Belfort. Son allure de ville m\u00e9di\u00e9vale lui donne un aspect tr\u00e8s agr\u00e9able pour se ressourcer et profiter de la nature environnante.<\/p>\n\n\n\n<h3 id=\"que-voir-et-que-faire-a-belfort\" class=\"wp-block-heading\">Que voir et que faire \u00e0 Belfort ?<\/h3>\n\n\n\n<p>Parmi les activit\u00e9s phares pour visiter le Territoire de Belfort, voici la liste des choses \u00e0 voir et \u00e0 faire \u00e0 Belfort :&nbsp;<\/p>\n\n\n\n<ul class=\"wp-block-list\">\n<li>D\u00e9couvrez le Fort de la Miotte, ce bastion triangulaire a \u00e9t\u00e9 construit d\u00e8s 1831, destin\u00e9 \u00e0 accueillir des canons \u00e0 l&#8217;air libre et un observatoire. Apr\u00e8s avoir \u00e9t\u00e9 touch\u00e9 par des obus en 1870, 1871 et 1940, elle \u00e9tait toujours reconstruite pour son aspect symbolique.<\/li>\n\n\n\n<li>Visitez la Citadelle de Belfort, ancienne forteresse imprenable du XVII\u00e8me si\u00e8cle, cette citadelle \u00e9tait devenue un haut lieu militaire d\u00e9fensif. Passez par la cour d&#8217;honneur, prenez un caf\u00e9, observez la vue et visitez le mus\u00e9e d&#8217;histoire qui y r\u00e9side, avec ses collections historiques, arch\u00e9ologiques et ethnographiques.<\/li>\n\n\n\n<li>Arpentez le March\u00e9 couvert Fr\u00e9ry, le march\u00e9 couvert le plus remarquable de la Franche-Comt\u00e9. Ouvert du jeudi au dimanche, le matin. Venez rencontrez des commer\u00e7ants et des producteurs locaux.<\/li>\n\n\n\n<li>Rencontrez les passionn\u00e9s du Plan\u00e9tarium, venez observer les \u00e9toiles avec ce club d&#8217;astronomie ou participez aux \u00e9v\u00e9nements et animations que propose le club au cours de l&#8217;ann\u00e9e.<\/li>\n\n\n\n<li>Admirez la Cath\u00e9drale Saint-Christophe de Belfort, \u00e9difi\u00e9e en 1727, dans un style classique, avec du gr\u00e8s rose. Cet \u00e9difice est remarquable et est class\u00e9 Monument Historique en 1930.<\/li>\n\n\n\n<li>Visitez le Mus\u00e9e d&#8217;Art Moderne de Belfort, lieu d&#8217;exposition des donations de Maurice Jardot depuis 1999 avec des \u0153uvres de Georges Braque, Andr\u00e9 Beaudin, Le Corbusier ou Pablo Picasso, d\u00e9couvrez des \u0153uvres qui ont marqu\u00e9s leurs \u00e9poques au XX\u00e8me si\u00e8cle.<\/li>\n\n\n\n<li>Fl\u00e2nez au Square de la Roseraie, un square qui abrite une centaine de vari\u00e9t\u00e9s de fleurs, et est ouvert depuis 1930 avec une statue &#8220;Tendresse&#8221; de Jean Camus venant d\u00e9corer les lieux en 1932.<\/li>\n\n\n\n<li>Baladez-vous au Square de Lechten.<\/li>\n\n\n\n<li>Admirez le Lion de Bartholdi.<\/li>\n<\/ul>\n\n\n\n<h2 id=\"giromagny\" class=\"wp-block-heading\">Giromagny<\/h2>\n\n\n\n<figure class=\"wp-block-image size-full\"><img loading=\"lazy\" decoding=\"async\" width=\"1600\" height=\"900\" src=\"https:\/\/blog.toploc.com\/wp-content\/uploads\/2024\/05\/85cdfb6729d39b1e6163762fdaca2341-Cour-centrale-en-coeur-2018-5-1600x900-1.jpg\" alt=\"Le Fort de Giromagny \u00a9Bourgogne-Franche-Comt\u00e9 Tourisme\" class=\"wp-image-149093\"\/><figcaption class=\"wp-element-caption\">Le Fort de Giromagny \u00a9Bourgogne-Franche-Comt\u00e9 Tourisme<\/figcaption><\/figure>\n\n\n\n<h3 id=\"pourquoi-visiter-giromagny\" class=\"wp-block-heading\">Pourquoi visiter Giromagny ?<\/h3>\n\n\n\n<p>Cette ville de 2 908 habitants est reconnue pour son fort souterrain mais surtout pour ses espaces de natures qui entourent la ville. Giromagny est une ancienne ville exploit\u00e9e pour ses ressources de minerais pr\u00e9cieux. C&#8217;est aussi une ville qui permet le d\u00e9part de nombreuses randonn\u00e9es.<\/p>\n\n\n\n<h3 id=\"que-voir-et-que-faire-a-giromagny\" class=\"wp-block-heading\">Que voir et que faire \u00e0 Giromagny ?<\/h3>\n\n\n\n<p>Voici la liste des choses \u00e0 voir et \u00e0 faire \u00e0 Giromagny :\u00a0<\/p>\n\n\n\n<ul class=\"wp-block-list\">\n<li>D\u00e9couvrez le Fort Dorsner de Giromagny, portant le nom du g\u00e9n\u00e9ral d&#8217;Empire Jean-Philippe Raymond Dorsner, cet \u00e9difice fut construit entre 1875 et 1879. Il faisait partie des \u00e9difices du rideau de d\u00e9fense de la haute-Moselle, pouvant contenir une garnison de 645 hommes.<\/li>\n\n\n\n<li>Admirez l&#8217;\u00c9glise Saint-Jean-Baptiste, \u00e9difice termin\u00e9 en 1862, dans un style gothique et mesurant 57 m\u00e8tres de long pour 52 m\u00e8tres de haut. On y retrouve une statue de Saint-Jean Baptiste de 1.60m qui est le dernier signe de l&#8217;ancienne \u00e9glise de mineurs qui tr\u00f4nait sur les lieux avant l&#8217;\u00c9glise Saint-Jean-Baptiste.<\/li>\n\n\n\n<li>Arpentez le Sentier minier et forestier de Giromagny, suivez les chemins emprunt\u00e9s par les mineurs charg\u00e9s de trouver de l&#8217;argent et du cuivre lors du XVI\u00e8me si\u00e8cle, un sentier balis\u00e9 de 7.32 km.<\/li>\n\n\n\n<li>Rendez-vous dans Les Pres Heyd, partagez la passion du cheval avec cette structure familiale, accessible, que vous soyez d\u00e9butant, ou comp\u00e9titeur.<\/li>\n\n\n\n<li>Randonnez sur le parcours de la boucle en Montagne de Giromagny \u00e0 partir de Lepuix pour parcourir 6.95km tout en montant sur les hauteurs de Giromagny avec un d\u00e9nivel\u00e9 positif de 210 m\u00e8tres.<\/li>\n<\/ul>\n\n\n\n<h2 id=\"delle\" class=\"wp-block-heading\">Delle<\/h2>\n\n\n\n<figure class=\"wp-block-image size-full\"><img loading=\"lazy\" decoding=\"async\" width=\"1600\" height=\"1067\" src=\"https:\/\/blog.toploc.com\/wp-content\/uploads\/2024\/05\/14-cDelle-maisonfeltin-ECayot.jpg\" alt=\"La Mairie de Delle, sur une belle place \u00e0 Delle \u00a9Belfort Tourisme \" class=\"wp-image-149092\"\/><figcaption class=\"wp-element-caption\">La Mairie de Delle, sur une belle place \u00e0 Delle \u00a9Belfort Tourisme <\/figcaption><\/figure>\n\n\n\n<h3 id=\"pourquoi-visiter-delle\" class=\"wp-block-heading\">Pourquoi visiter Delle ?<\/h3>\n\n\n\n<p>La ville de Delle est une ville vivante, sportive et tr\u00e8s li\u00e9e \u00e0 la nature environnante. Des b\u00e2timents avec des architectures vari\u00e9es qui t\u00e9moignent d&#8217;une histoire ainsi qu&#8217;une culture riche qui a grandement \u00e9volu\u00e9e au fil des ann\u00e9es.<\/p>\n\n\n\n<h3 id=\"que-voir-et-que-faire-a-delle\" class=\"wp-block-heading\">Que voir et que faire \u00e0 Delle ?<\/h3>\n\n\n\n<p>Voici la liste des choses \u00e0 voir et \u00e0 faire \u00e0 Delle :\u00a0<\/p>\n\n\n\n<ul class=\"wp-block-list\">\n<li>Grimpez dans la Tour de Milandre, en Suisse, mais \u00e0 quelques pas de Delle, un ancien point strat\u00e9gique incomparable gr\u00e2ce \u00e0 la vue qu&#8217;elle offre si vous montez en haut, en s&#8217;\u00e9levant jusqu&#8217;\u00e0 20 m\u00e8tres. Elle appartenait \u00e0 un ch\u00e2teau qui fut construit en 1260 et incendi\u00e9 en 1974.<\/li>\n\n\n\n<li>Toujours en Suisse \u00e0 Boncourt visitez le Parc \u00e0 bisons, un grand espace o\u00f9 vous pourrez observer des bisons en libert\u00e9 et en toute tranquillit\u00e9.<\/li>\n\n\n\n<li>D\u00e9couvrez la M\u00e9diath\u00e8que de Delle, acc\u00e9der \u00e0 des animations culturels ou venez simplement lire, \u00e9couter, ou regarder les nombreuses ressources culturels \u00e0 dispositions.<\/li>\n\n\n\n<li>Posez-vous aux Jardins du ch\u00e2teau, un lieu o\u00f9 se trouvent des jardins partag\u00e9s dans un principe de Permaculture. Un espace vert entretenu par des associations.<\/li>\n\n\n\n<li>D\u00e9couvrez les anciennes ruines du Ch\u00e2teau de Delle, un \u00e9difice qui date du XIII\u00e8me si\u00e8cle et fut d\u00e9moli en 1673 sur ordre de Louis XIV pour que le ch\u00e2teau ne tombe pas \u00e0 de potentiels mains ennemis. Le site reste n\u00e9anmoins tr\u00e8s beau \u00e0 visiter.<\/li>\n<\/ul>\n\n\n\n<h2 id=\"bavilliers\" class=\"wp-block-heading\">Bavilliers<\/h2>\n\n\n\n<figure class=\"wp-block-image size-full\"><img loading=\"lazy\" decoding=\"async\" width=\"993\" height=\"689\" src=\"https:\/\/blog.toploc.com\/wp-content\/uploads\/2024\/05\/Capture-decran-2024-05-23-142100.png\" alt=\"La Douce, en aval du pont de Bavilliers \u00a9 J.E\" class=\"wp-image-149104\" style=\"aspect-ratio:16\/9;object-fit:cover\"\/><figcaption class=\"wp-element-caption\">La Douce, en aval du pont de Bavilliers \u00a9 J.E<\/figcaption><\/figure>\n\n\n\n<h3 id=\"pourquoi-visiter-bavilliers\" class=\"wp-block-heading\">Pourquoi visiter Bavilliers?<\/h3>\n\n\n\n<p>Cette ville resplendissante se d\u00e9marque par ses fleurs et ses parcs. La ville s&#8217;est beaucoup d\u00e9velopp\u00e9e gr\u00e2ce \u00e0 la famille Engel qui, par l&#8217;industrie du textile et par quelques financements de travaux, a rendu la ville plus prosp\u00e8re depuis la fin de la Premi\u00e8re Guerre Mondiale. Ces activit\u00e9s sont surtout reli\u00e9es aux c\u00f4t\u00e9s nature, un des points fort de cette commune entour\u00e9e de verdure.<\/p>\n\n\n\n<h3 id=\"que-voir-et-que-faire-a-bavilliers\" class=\"wp-block-heading\">Que voir et que faire \u00e0 Bavilliers ?<\/h3>\n\n\n\n<p>Voici la liste des choses \u00e0 voir et \u00e0 faire \u00e0 Bavilliers :<\/p>\n\n\n\n<ul class=\"wp-block-list\">\n<li>Profitez du Parc de la Douce, sur 20 hectares, parcourez ce parc dot\u00e9 de nombreux \u00e9quipements de sport et de jeux ou de d\u00e9tente. En \u00e9t\u00e9, une piscine et un pentaglisse est accessible et un jardin \u00e9ducatif est aussi pr\u00e9sent sur place.<\/li>\n\n\n\n<li>Profitez de la piscine du Grand Belfort du Parc, une grande zone d&#8217;activit\u00e9s aquatiques, avec un bassin sportif, un bassin ludique et un espace bien-\u00eatre. En \u00e9t\u00e9, profitez de la piscine d&#8217;\u00e9t\u00e9 qui est dot\u00e9 de toboggans, de pentaglisse, d&#8217;une pataugeoire et d&#8217;autre \u00e9quipements de jeux d&#8217;eau. Un espace de pelouse pour la d\u00e9tente et les pique-niques est aussi ouvert avec un snack.<\/li>\n\n\n\n<li>D\u00e9pensez-vous avec Bavilliers Aventures et Bavilliers Escalade, pour profiter de la nature du coin, faites de l&#8217;accrobranche dans les arbres de Bavilliers. Ou faites de l&#8217;escalade \u00e0 l&#8217;ext\u00e9rieur ou \u00e0 l&#8217;int\u00e9rieur. Bien s\u00fbr toutes les activit\u00e9s sont adapt\u00e9es selon les niveaux.<\/li>\n\n\n\n<li>Admirez le Trou La Dame, entre Essert et Bavilliers dans un vallon, La Douce s&#8217;\u00e9coule dans une sorte d&#8217;entonnoir naturel form\u00e9 par le tronc d&#8217;un ch\u00eane. Un spectacle qui s&#8217;observe dans un lieu bucolique, en pleine for\u00eat.<\/li>\n\n\n\n<li>Observez l&#8217;\u00c9glise Saint-Ambroise, originellement pr\u00e9sente depuis 1731, elle est d\u00e9molie en 1843 et reconstruite en 1846 dans une inspiration romane, elle culmine jusqu&#8217;\u00e0 18 m\u00e8tres de haut.<\/li>\n<\/ul>\n\n\n\n<h2 id=\"beaucourt\" class=\"wp-block-heading\">Beaucourt<\/h2>\n\n\n\n<figure class=\"wp-block-image size-full\"><img loading=\"lazy\" decoding=\"async\" width=\"1024\" height=\"683\" src=\"https:\/\/blog.toploc.com\/wp-content\/uploads\/2024\/05\/coq-beaucourt-eglise01.jpg\" alt=\"Le coq Japy et l'\u00e9glise Saint-Fran\u00e7ois de Sales en arri\u00e8re-plan \u00a9mail.ophirah\" class=\"wp-image-149105\" style=\"aspect-ratio:16\/9;object-fit:cover\"\/><figcaption class=\"wp-element-caption\">Le coq Japy et l&#8217;\u00e9glise Saint-Fran\u00e7ois de Sales en arri\u00e8re-plan \u00a9mail.ophirah<\/figcaption><\/figure>\n\n\n\n<h3 id=\"pourquoi-visiter-beaucourt\" class=\"wp-block-heading\">Pourquoi visiter Beaucourt ?<\/h3>\n\n\n\n<p>Beaucourt est une commune fran\u00e7aise situ\u00e9e dans le d\u00e9partement du Territoire de Belfort, la r\u00e9gion culturelle et historique de Franche-Comt\u00e9. Cette ville est un commune avec un pass\u00e9 industriel fort, incarn\u00e9 par Fr\u00e9d\u00e9ric Japy et sa famille qui a permis \u00e0 la ville de se d\u00e9velopper tr\u00e8s fortement \u00e0 partir de 1777.<\/p>\n\n\n\n<h3 id=\"que-voir-et-que-faire-a-beaucourt\" class=\"wp-block-heading\">Que voir et que faire \u00e0 Beaucourt ?<\/h3>\n\n\n\n<p>Voici la liste des choses \u00e0 voir et \u00e0 faire \u00e0 Beaucourt :<\/p>\n\n\n\n<ul class=\"wp-block-list\">\n<li>Visitez le Mus\u00e9e Japy, un lieu consacr\u00e9 \u00e0 la dynastie industrielle Japy, Fr\u00e9d\u00e9ric Japy s&#8217;installa \u00e0 Beaucourt en 1777 et produit des montres et des machines-outils pour m\u00e9caniser la fabrication de montres, de r\u00e9veils et d&#8217;horloges. Puis ses successeurs d\u00e9velopp\u00e8rent la visserie et la boulonnerie. Le mus\u00e9e met en avant cet histoire avec des productions et des \u00e9bauches de cette famille qui est devenue un symbole de la ville.<\/li>\n\n\n\n<li>D\u00e9couvrez le Ch\u00e2teau Fernand Japy, \u00e9difi\u00e9 en 1800, il est habit\u00e9 par certains membres de la famille Japy. Il a \u00e9t\u00e9 partiellement d\u00e9truit par un incendie en 1995. Apr\u00e8s avoir subi des pillages et avoir \u00e9t\u00e9 abandonn\u00e9, il a \u00e9t\u00e9 r\u00e9habilit\u00e9 pour y accueillir aujourd&#8217;hui un restaurant.<\/li>\n\n\n\n<li>Venez voir le Coq Japy, cr\u00e9\u00e9 par Patrick Choffat et Denis Lucaselli, le coq se situe place Salengro, au milieu d&#8217;un parterre de fleurs, devant la mairie. C&#8217;est une sculpture m\u00e9tallique de 3.80 m\u00e8tres de haut, r\u00e9alis\u00e9e en 2009 et rend hommage aux anciennes activit\u00e9s industrielles de la ville, donc le m\u00e9tal provient des chantiers de d\u00e9molition des usines locales.<\/li>\n\n\n\n<li>Profitez du jardin des Moissonni\u00e8res, un jardin \u00e0 la fran\u00e7aise comprenant des structures \u00e0 l&#8217;anglaise, acquis en 2000 et abritant une maison bourgeoise de 1875, on y retrouve des massifs de fleurs, un bassin, une voili\u00e8re, une serre de maraicher avec plusieurs arbres.<\/li>\n\n\n\n<li>Observez l&#8217;\u00c9glise Saint-Fran\u00e7ois de Sales, construite en 1856, dans un style gothique et mesure 13.50 m\u00e8tres de haut pour une longueur de 31 m\u00e8tres. <\/li>\n\n\n\n<li>Participez \u00e0 la marche gustative de Beaucourt omnisport, une balade dans la ville, compos\u00e9e d&#8217;\u00e9tapes gourmandes pour d\u00e9couvrir et d\u00e9guster des produits du terroir. <\/li>\n<\/ul>\n\n\n\n<h2 id=\"le-lion-de-bartholdi\" class=\"wp-block-heading\">Le Lion de Bartholdi<\/h2>\n\n\n<div class=\"wp-block-image\">\n<figure class=\"aligncenter\"><a href=\"https:\/\/blog.toploc.com\/wp-content\/uploads\/2020\/09\/Decouvrez-le-tres-celebre-Lion-de-Bartholdi-lors-de-votre-escapade-a-Belfort.jpg\"><img loading=\"lazy\" decoding=\"async\" width=\"700\" height=\"450\" src=\"https:\/\/blog.toploc.com\/wp-content\/uploads\/2020\/09\/Decouvrez-le-tres-celebre-Lion-de-Bartholdi-lors-de-votre-escapade-a-Belfort.jpg\" alt=\"D\u00e9couvrez le tr\u00e8s c\u00e9l\u00e8bre Lion de Bartholdi visiter le territoire de Belfort\" class=\"wp-image-103074\"\/><\/a><figcaption class=\"wp-element-caption\"><small>D\u00e9couvrez le tr\u00e8s c\u00e9l\u00e8bre Lion de Bartholdi lors de votre escapade \u00e0 Belfort<\/small> \u00a9 DR<\/figcaption><\/figure>\n<\/div>\n\n\n<h3 id=\"pourquoi-admirer-le-lion-de-bartholdi\" class=\"wp-block-heading\">Pourquoi admirer le Lion de Bartholdi ?<\/h3>\n\n\n\n<p>Il est impossible de visiter le Territoire de Belfort sans passer par le site du Lion de Bartholdi. En d\u2019autres mots, Belfort ne serait pas aussi populaire aujourd\u2019hui sans son joyau, qui est m\u00eame qualifi\u00e9 d\u2019embl\u00e8me du d\u00e9partement. Le magnifique f\u00e9lin sculpt\u00e9 qui veille sur la cit\u00e9 depuis environ 130 ann\u00e9es impressionne par sa taille&nbsp;: 22 m\u00e8tres de long sur 11 m\u00e8tres de haut. Le Lion de Belfort a \u00e9t\u00e9 construit par le sculpteur Auguste Bartholdi afin de comm\u00e9morer la r\u00e9sistance de la ville pendant les conflits franco-allemand d\u2019autrefois. L\u2019artiste n\u2019a pas choisi son emplacement par hasard, c\u2019est-\u00e0-dire bien visible au pied de la falaise de la citadelle, afin qu\u2019il s\u2019identifie \u00e0 la ville, et donne l&#8217;impression de veiller sur Belfort.<\/p>\n\n\n\n<h2 id=\"le-massif-du-salbert\" class=\"wp-block-heading\">Le Massif du Salbert<\/h2>\n\n\n\n<figure class=\"wp-block-image size-full\"><img loading=\"lazy\" decoding=\"async\" width=\"1200\" height=\"800\" src=\"https:\/\/blog.toploc.com\/wp-content\/uploads\/2024\/05\/panorama-malsaucy-salbert-1200x800-1.jpg\" alt=\"La vue depuis le massif du Salbert \u00a9Belfort Tourisme\" class=\"wp-image-149106\" style=\"aspect-ratio:16\/9;object-fit:cover\"\/><figcaption class=\"wp-element-caption\">La vue depuis le massif du Salbert \u00a9Belfort Tourisme<\/figcaption><\/figure>\n\n\n\n<h3 id=\"pourquoi-randonner-dans-le-massif-du-salbert\" class=\"wp-block-heading\">Pourquoi randonner dans le Massif du Salbert ?<\/h3>\n\n\n\n<p>La colline la plus \u00e9lev\u00e9e de la ville de Belfort et premier sommet du d\u00e9partement du Territoire de Belfort et du massif des Vosges, c&#8217;est le lieu parfait pour des pique-niques avec une vue magnifique. De nombreux parcours de randonn\u00e9es passent par le massif, il est aussi long\u00e9 par le GR5, entre Valdoie et le site de Malsaucy. Des parcours de VTT, en mont\u00e9e et en descente, sont accessibles et balis\u00e9es, avec notamment 5 pistes de descente. Une course \u00e0 pied &#8220;la ronde de Salbert&#8221; et une corse de v\u00e9lo &#8220;l&#8217;enduro Lion&#8221; ainsi que &#8220;La Mont\u00e9e du Salbert&#8221;, en v\u00e9lo \u00e9galement, se d\u00e9roulent aussi dans ce massif. Enfin, il y a aussi un patrimoine militaire, avec le fort de l&#8217;OTAN, une ancienne station radar souterraine de l\u2019arm\u00e9e de l\u2019air fran\u00e7aise du temps de la Guerre Froide, et le fort Lefebvre construit entre 1874 et 1877 pour pr\u00e8s de 500 hommes et 44 pi\u00e8ces d\u2019artillerie.<\/p>\n\n\n\n<h2 id=\"square-de-lechten\" class=\"wp-block-heading\">Square de Lechten<\/h2>\n\n\n\n<figure class=\"wp-block-image size-full is-resized\"><img loading=\"lazy\" decoding=\"async\" width=\"800\" height=\"531\" src=\"https:\/\/blog.toploc.com\/wp-content\/uploads\/2024\/05\/Publi_Photo2.jpg\" alt=\"La beaut\u00e9 du Square Emile Lechten \u00a9sbe-asso\" class=\"wp-image-149107\" style=\"width:699px;height:auto\"\/><figcaption class=\"wp-element-caption\">La beaut\u00e9 du Square Emile Lechten \u00a9sbe-asso<\/figcaption><\/figure>\n\n\n\n<h3 id=\"pourquoi-visiter-le-square-de-lechten\" class=\"wp-block-heading\">Pourquoi visiter le Square de Lechten ?<\/h3>\n\n\n\n<p>Le Square de Lechten ou Square Emile Lechten, anciennement Square Jean Jaur\u00e8s est situ\u00e9 \u00e0 Belfort et a \u00e9t\u00e9 inaugur\u00e9 en 1923 en \u00e9tant am\u00e9nag\u00e9 par Emile Lechten, jardinier et ma\u00eetre d&#8217;\u0153uvre, le square sera renomm\u00e9 en son nom au moment de sa retraite. On y retrouve aussi deux magnifiques statues, l'&#8221;Age de Pierre&#8221; et la &#8220;Fin de la Danse&#8221;, avec des cr\u00e9ations annuelles de mosa\u00efques florales pour parterres de fleurs. Sa grille d&#8217;entr\u00e9e au sud-ouest est aussi remarquable et imposante, avec ses arceaux m\u00e9talliques. Le jardin et ses composants sont inscrits en tant que Monument Historique depuis 1992.<\/p>\n\n\n\n<h2 id=\"letang-des-forges\" class=\"wp-block-heading\">L\u2019\u00e9tang des Forges<\/h2>\n\n\n<div class=\"wp-block-image\">\n<figure class=\"aligncenter\"><a href=\"https:\/\/blog.toploc.com\/wp-content\/uploads\/2020\/09\/Offrez-vous-une-balade-au-bord-de-leau-a-letang-des-Forges-sur-le-Territoire-de-Belfort.jpg\"><img loading=\"lazy\" decoding=\"async\" width=\"700\" height=\"450\" src=\"https:\/\/blog.toploc.com\/wp-content\/uploads\/2020\/09\/Offrez-vous-une-balade-au-bord-de-leau-a-letang-des-Forges-sur-le-Territoire-de-Belfort.jpg\" alt=\"Offrez-vous une balade au bord de l'eau \u00e0 l\u2019\u00e9tang des Forges et visiter le territoire de Belfort\" class=\"wp-image-103076\"\/><\/a><figcaption class=\"wp-element-caption\"><small>Offrez-vous une balade au bord de l&#8217;eau \u00e0 l\u2019\u00e9tang des Forges sur le Territoire de Belfort<\/small> \u00a9 DR<\/figcaption><\/figure>\n<\/div>\n\n\n<h3 id=\"pourquoi-visiter-letang-des-forges\" class=\"wp-block-heading\">Pourquoi visiter l&#8217;\u00e9tang des Forges ?<\/h3>\n\n\n\n<p>Les amoureux de la nature et les passionn\u00e9s de randonn\u00e9e trouveront aussi leur bonheur du c\u00f4t\u00e9 de l\u2019\u00e9tang des Forges. Calme et tranquillit\u00e9 r\u00e8gnent dans cet endroit pr\u00e9serv\u00e9 de la r\u00e9gion Franche-Comt\u00e9, ce qui est parfait pour ceux qui cherchent \u00e0 fuir un moment les vacarmes des grandes villes. Situ\u00e9 non loin de Belfort, l\u2019endroit est choisi par les belfortains pour faire du jogging, se balader en v\u00e9lo mais aussi <a href=\"https:\/\/blog.toploc.com\/blog\/voyageurs\/sejour-en-camping\">faire du camping<\/a>. Les randonneurs eux privil\u00e9gient surtout le sentier de la Roseli\u00e8re, un parcours passionnant adapt\u00e9 \u00e0 toute la famille, longeant l\u2019\u00e9tang sur une distance d\u2019environ 4 km. Ceux qui viennent visiter le Territoire de Belfort tomberont facilement amoureux de ce site naturel pr\u00e9serv\u00e9 qui alterne prairies, zones bois\u00e9es, roseaux et passerelles, tout cela formant un d\u00e9cor \u00e0 couper le souffle. L\u2019\u00e9tang des Forges est aussi l\u2019habitat naturel de nombreuses esp\u00e8ces d\u2019oiseaux, ce qui explique la pr\u00e9sence sur place d\u2019un observatoire de la LPO (ligue pour la protection des oiseaux).<\/p>\n\n\n\n<h2 id=\"la-presquile-et-le-lac-du-malsaucy\" class=\"wp-block-heading\">La presqu\u2019\u00eele et le lac du Malsaucy<\/h2>\n\n\n<div class=\"wp-block-image\">\n<figure class=\"aligncenter\"><a href=\"https:\/\/blog.toploc.com\/wp-content\/uploads\/2020\/09\/Profitez-dune-balade-au-bord-du-lac-de-Malsaucy.jpg\"><img loading=\"lazy\" decoding=\"async\" width=\"700\" height=\"450\" src=\"https:\/\/blog.toploc.com\/wp-content\/uploads\/2020\/09\/Profitez-dune-balade-au-bord-du-lac-de-Malsaucy.jpg\" alt=\"Profitez d'une balade au bord du lac de Malsaucy et visiter le territoire de Belfort\" class=\"wp-image-103075\"\/><\/a><figcaption class=\"wp-element-caption\"><small>Profitez d&#8217;une balade au bord du lac de Malsaucy<\/small> \u00a9 DR<\/figcaption><\/figure>\n<\/div>\n\n\n<h3 id=\"pourquoi-visiter-le-lac-de-malsaucy\" class=\"wp-block-heading\">Pourquoi visiter le lac de Malsaucy ?<\/h3>\n\n\n\n<p>Si vous recherchez une destination pour passer de belles vacances en famille, venez visiter le Territoire de Belfort et profiter des divers territoires naturels qui s\u2019y trouvent. On fait ici allusion \u00e0 la presqu\u2019\u00eele de Malsaucy qui r\u00e9unit de nombreuses familles chaque ann\u00e9e. Ces derni\u00e8res choisissent le site tout simplement parce qu\u2019on y trouve de nombreuses activit\u00e9s divertissantes autour de l\u2019\u00e9tang du Malsaucy. En plus du magnifique paysage, ce plan d\u2019eau d\u2019une cinquantaine d\u2019hectares offre aux vacanciers la possibilit\u00e9 de pratiquer des sports nautiques en tout genre, mais \u00e9galement des animations sur la plage. Gr\u00e2ce \u00e0 son environnement naturel verdoyant, le site de la presqu\u2019\u00eele de Malsaucy est aussi un endroit parfait pour la randonn\u00e9e, que ce soit \u00e0 pied ou \u00e0 v\u00e9lo. Choisissez parmi les nombreux sentiers p\u00e9destres et de VTT propos\u00e9s sur place. Profitez en m\u00eame temps d\u2019autres mini-activit\u00e9s, comme l\u2019observation d\u2019oiseaux ou encore la p\u00eache. Si vous cherchez un endroit o\u00f9 vous loger \u00e0 Belfort, vous trouverez s\u00fbrement une location de vacances adapt\u00e9es \u00e0 vos besoins sur les rives du Malsaucy ou un peu plus loin.<\/p>\n\n\n\n<h2 id=\"musee-de-lartisanat-de-brebotte\" class=\"wp-block-heading\">Mus\u00e9e de l&#8217;Artisanat de Brebotte<\/h2>\n\n\n\n<figure class=\"wp-block-image size-full\"><img loading=\"lazy\" decoding=\"async\" width=\"960\" height=\"720\" src=\"https:\/\/blog.toploc.com\/wp-content\/uploads\/2024\/05\/l-ete-les-fleurs-embellissent.jpg\" alt=\"D\u00e9couvrez le mus\u00e9e de l'artisanat de Brebotte dans cette maison d'un autre temps \u00a9Tripadvisor\" class=\"wp-image-149108\" style=\"aspect-ratio:16\/9;object-fit:cover\"\/><figcaption class=\"wp-element-caption\">D\u00e9couvrez le mus\u00e9e de l&#8217;artisanat de Brebotte dans cette maison d&#8217;un autre temps \u00a9Tripadvisor<\/figcaption><\/figure>\n\n\n\n<h3 id=\"pourquoi-visiter-le-musee-de-lartisanat-de-brebotte\" class=\"wp-block-heading\">Pourquoi visiter le Mus\u00e9e de l&#8217;Artisanat de Brebotte ?<\/h3>\n\n\n\n<p>Dans cette ferme typique du XIX\u00e8me si\u00e8cle, d\u00e9couvrez le mus\u00e9e de l&#8217;artisanat, qui existe depuis 1986. Ce mus\u00e9e \u00e9voque les savoir-faire (de 1850 \u00e0 1950) en voie de disparition et illustre le quotidien de nos anc\u00eatres \u00e0 travers des mises en sc\u00e8ne. D\u00e9couvrez le m\u00e9tier de tisserand, de tailleur, de couturier, de sabotier, de tonnelier, de menuisier, de forgeron et d&#8217;autres m\u00e9tiers. Observez aussi comment les machines ont pu \u00e9voluer au fil du temps et comment elles \u00e9taient utilis\u00e9es. Le mus\u00e9e organise aussi des spectacles dans un th\u00e8me m\u00e9di\u00e9val.<\/p>\n\n\n\n<h2 id=\"grotte-de-cravanche\" class=\"wp-block-heading\">Grotte de Cravanche<\/h2>\n\n\n\n<figure class=\"wp-block-image size-full\"><img loading=\"lazy\" decoding=\"async\" width=\"1600\" height=\"1200\" src=\"https:\/\/blog.toploc.com\/wp-content\/uploads\/2024\/05\/20201022-IMG-3421.jpg\" alt=\"D\u00e9couvrez les secrets renferm\u00e9s dans la Grotte de Cravanche \u00a9 Belfort Tourisme\" class=\"wp-image-149110\" style=\"aspect-ratio:16\/9;object-fit:cover\"\/><figcaption class=\"wp-element-caption\">D\u00e9couvrez les secrets renferm\u00e9s dans la Grotte de Cravanche \u00a9Belfort Tourisme<\/figcaption><\/figure>\n\n\n\n<h3 id=\"pourquoi-visiter-la-grotte-de-cravanche\" class=\"wp-block-heading\">Pourquoi visiter la grotte de Cravanche ?<\/h3>\n\n\n\n<p>D\u00e9couvrez cet ensemble de grottes, proche de Belfort. La grotte en question a \u00e9t\u00e9 d\u00e9couverte en 1876, suite \u00e0 un tir de mine qui devait permettre de r\u00e9colter la pierre n\u00e9cessaire \u00e0 la construction du fort de Salbert. La grotte semble avoir \u00e9t\u00e9 une n\u00e9cropole n\u00e9olithique entre -3 000 et -4 000 avant J-C. d&#8217;apr\u00e8s les squelettes et objets retrouv\u00e9s \u00e0 l&#8217;int\u00e9rieur. Le site a \u00e9t\u00e9 class\u00e9 site \u00e0 caract\u00e8re artistique en 1911. Les visites sont tr\u00e8s limit\u00e9es \u00e0 cause des d\u00e9gradations que la grotte a pu subir, mais, elles restent possibles pendant les journ\u00e9es du patrimoine ou pour des visites de groupes avec l&#8217;Office du Tourisme. Sinon le coin reste tr\u00e8s agr\u00e9able, en pleine nature, avec les autres grottes de cet ensemble qui ont, elles, \u00e9t\u00e9 d\u00e9couvertes en 1835.<\/p>\n\n\n\n<h2 id=\"francovelosuisse\" class=\"wp-block-heading\">FrancoV\u00e9loSuisse<\/h2>\n\n\n\n<figure class=\"wp-block-image size-full\"><img loading=\"lazy\" decoding=\"async\" width=\"1620\" height=\"1080\" src=\"https:\/\/blog.toploc.com\/wp-content\/uploads\/2024\/05\/pause-velo-lac-giromagny.jpg\" alt=\"Empruntez la FrancoV\u00e9loSuisse et traversez des paysage remarquable \u00a9France V\u00e9lo Tourisme\" class=\"wp-image-149120\" style=\"aspect-ratio:16\/9;object-fit:cover\"\/><figcaption class=\"wp-element-caption\">Empruntez la FrancoV\u00e9loSuisse et traversez des paysage remarquable \u00a9France V\u00e9lo Tourisme<\/figcaption><\/figure>\n\n\n\n<h3 id=\"pourquoi-parcourir-la-francovelosuisse-a-velo\" class=\"wp-block-heading\">Pourquoi parcourir la FrancoV\u00e9loSuisse \u00e0 v\u00e9lo ?<\/h3>\n\n\n\n<p>Parcourez cette piste cyclable, partag\u00e9e entre la France et la Suisse, en grande majorit\u00e9 compos\u00e9 \u00e0 90% de voie verte. En partant de Giromagny, jusqu&#8217;\u00e0 Porentruy en Suisse, cette piste cyclable est un parcours de 55km qui vous fera passer par des beaux paysages typiques des environs. Et si vous avez un coup de mou ou que vous voulez revenir au point de d\u00e9part sans remonter la piste, sachez qu&#8217;elle suit une voie de train en France et en Suisse. Evidemment, le parcours peut permettre de voyagez parmi toutes les villes d&#8217;int\u00e9r\u00eats du Territoire de Belfort.<\/p>\n\n\n\n<h2 id=\"ou-sejourner-et-visiter-le-territoire-de-belfort\" class=\"wp-block-heading\">O\u00f9 s\u00e9journer et visiter le Territoire de Belfort ?<\/h2>\n\n\n\n<p>Vous avez d\u00e9cid\u00e9 de visiter le Territoire de Belfort et vous cherchez un logement ? \u00c7a tombe bien chez Toploc notre mission c&#8217;est de vous aider \u00e0 cr\u00e9er vos s\u00e9jours nature. Pour cela nous r\u00e9f\u00e9ren\u00e7ons <a href=\"https:\/\/toploc.com\/locations-vacances\/territoire-de-belfort\">des locations vacances \u00e0 Belfort<\/a> mais aussi en <a href=\"https:\/\/toploc.com\/locations-vacances\/bourgogne-franche-comte\">Bourgogne-Franche-Comt\u00e9<\/a>. Vous trouverez des gites, des maisons et des logements insolites. Comment r\u00e9server ? C&#8217;est simple, il suffit de contacter nos gentils h\u00f4tes en direct en cliquant sur les curseurs verts de la carte. Le petit bonus ? Il n&#8217;y a pas de frais de services pour les voyageurs \ud83d\ude42<\/p>\n\n\n\n<iframe loading=\"lazy\" width=\"100%\" height=\"450px\" frameborder=\"0\" src=\"https:\/\/toploc.com\/embed\/maps?location=Zone%20carte&#038;dates=&#038;people=1&#038;start_date=&#038;end_date=&#038;bbox_area=6.2706774553921605%2C47.145340410716244%2C7.56303022976212%2C48.0402946177571&#038;order=\"><\/iframe>\n\n\n\n<h2 id=\"faq-tout-savoir-pour-visiter-le-territoire-de-belfort\" class=\"wp-block-heading\">FAQ : tout savoir pour visiter le Territoire de Belfort&nbsp;<\/h2>\n\n\n\n<h3 id=\"ou-telecharger-une-carte-touristique-du-territoire-de-belfort-pdf\" class=\"wp-block-heading\">O\u00f9 t\u00e9l\u00e9charger une carte touristique du Territoire de Belfort .pdf ?<\/h3>\n\n\n\n<p>Si vous venez visiter le Territoire de Belfort vous aurez certainement besoin d\u2019une carte touristique du Territoire de Belfort. Nous avons repris la carte touristique du Territoire de Belfort propos\u00e9e par le site de l&#8217;office du tourisme \u00e0 t\u00e9l\u00e9charger ci-dessous au format PDF.<\/p>\n\n\n\n<div class=\"wp-block-buttons is-content-justification-center is-layout-flex wp-container-core-buttons-is-layout-16018d1d wp-block-buttons-is-layout-flex\">\n<div class=\"wp-block-button has-custom-font-size has-small-font-size\"><a class=\"wp-block-button__link has-background wp-element-button\" href=\"https:\/\/blog.toploc.com\/wp-content\/uploads\/2023\/05\/carte_vosgesdusud_web.pdf\" style=\"background-color:#006b52\"><strong>\ud83d\udc49<\/strong> <strong>CARTE TOURISTIQUE BELFORT<\/strong><\/a><\/div>\n<\/div>\n\n\n\n<h3 id=\"quels-sont-les-10-plus-beaux-villages-autour-de-belfort\" class=\"wp-block-heading\">Quels sont les 10 plus beaux villages autour de Belfort ?<\/h3>\n\n\n\n<p>Les 10 plus beaux villages du Territoire de Belfort sont :&nbsp;1. Auxelles-Haut, 2. Bermont, 3. Croix, 4. Evette-Salbert, 5. Montbouton, 6. Suarce, 7. Delle, 8. Giromagny, 9. Bourogne et 10. Lepuix.<\/p>\n\n\n\n<h3 id=\"quels-sont-les-beaux-endroits-a-visiter-du-territoire-de-belfort\" class=\"wp-block-heading\">Quels sont les beaux endroits \u00e0 visiter du Territoire de Belfort ?<\/h3>\n\n\n\n<p>Les beaux endroits \u00e0 visiter \u00e0 Belfort sont :&nbsp;<\/p>\n\n\n\n<ul class=\"wp-block-list\">\n<li>La citadelle de Belfort<\/li>\n\n\n\n<li>Le Lion de Bartholdi<\/li>\n\n\n\n<li>La cascade du Rummel<\/li>\n\n\n\n<li>Le march\u00e9 Fr\u00e9ry<\/li>\n<\/ul>\n\n\n\n<h3 id=\"ou-se-promener-du-territoire-de-belfort\" class=\"wp-block-heading\">O\u00f9 se promener du Territoire de Belfort ?<\/h3>\n\n\n\n<p>Les meilleurs endroits pour se promener du Territoire de Belfort sont :&nbsp;<\/p>\n\n\n\n<ul class=\"wp-block-list\">\n<li>Le sentier de la Roseli\u00e8re \u00e0 Belfort<\/li>\n\n\n\n<li>Promenade de la for\u00eat du Mont<\/li>\n\n\n\n<li>Les Hauts de Belfort<\/li>\n\n\n\n<li>La for\u00eat du Salbert<\/li>\n<\/ul>\n\n\n\n<h3 id=\"comment-sappelle-le-point-culminant-du-territoire-de-belfort\" class=\"wp-block-heading\">Comment s\u2019appelle le point culminant du Territoire de Belfort ?<\/h3>\n\n\n\n<p>Le point culminant de Belfort est le Trou\u00e9e de Belfort, implant\u00e9 entre les <a href=\"https:\/\/blog.toploc.com\/blog\/france\/stations-ski-vosges\">stations de ski des Vosges<\/a> et les <a href=\"https:\/\/blog.toploc.com\/blog\/france\/stations-de-ski-jura\">stations de ski du Jura<\/a> il se situe au Ballon d\u2019Alsace et s\u2019\u00e9l\u00e8ve \u00e0 1247 m\u00e8tres d\u2019altitude.<\/p>\n\n\n\n<h3 id=\"quelle-est-la-capitale-du-territoire-de-belfort\" class=\"wp-block-heading\">Quelle est la capitale du Territoire de Belfort ?<\/h3>\n\n\n\n<p>La capitale est la ville de Belfort, elle est connue pour son mus\u00e9e d\u2019Art et sa citadelle et sa sculpture de Lion de Belfort.&nbsp;&nbsp;<\/p>\n\n\n\n<h3 id=\"comment-visiter-le-territoire-de-belfort-en-5-jours\" class=\"wp-block-heading\">&nbsp;Comment visiter le Territoire de Belfort en 5 jours ?<\/h3>\n\n\n\n<p>Voici l\u2019itin\u00e9raire Toploc pour visiter le Territoire de Belfort en 5 jours :&nbsp;<\/p>\n\n\n\n<ul class=\"wp-block-list\">\n<li><strong>Jour 1 :<\/strong> Entrez sur le Territoire de Belfort par Beaucourt avec le mus\u00e9e et le ch\u00e2teau Japy.<\/li>\n\n\n\n<li><strong>Jour 2 : <\/strong>Continuez vers Delle, et d\u00e9couvrez les vestiges du ch\u00e2teau de la ville ainsi que son jardin.<\/li>\n\n\n\n<li><strong>Jour 3 :<\/strong> Passez une journ\u00e9e sport au massif du Salbert.<\/li>\n\n\n\n<li><strong>Jour 4 :<\/strong> Visitez Belfort, avec son fort et sa citadelle.<\/li>\n\n\n\n<li><strong>Jour 5 :<\/strong> Enfin, terminez \u00e0 Giromagny pour voir son fort \u00e0 travers ses parcours de randonn\u00e9es.<\/li>\n<\/ul>\n\n\n\n<h3 id=\"quelles-sont-les-choses-a-faire-dans-le-territoire-de-belfort\" class=\"wp-block-heading\">Quelles sont les choses \u00e0 faire dans le Territoire de Belfort ?<\/h3>\n\n\n\n<p>Les choses dans le Territoire de Belfort \u00e0 faire sont :&nbsp;<\/p>\n\n\n\n<ul class=\"wp-block-list\">\n<li>La place d\u2019Armes<\/li>\n\n\n\n<li>L\u2019Etang des Forges<\/li>\n\n\n\n<li>La cath\u00e9drale de Belfort<\/li>\n\n\n\n<li>Le lac de Malsaucy<\/li>\n\n\n\n<li>Le Ballon d\u2019Alsace<\/li>\n<\/ul>\n\n\n\n<h3 id=\"quels-sont-les-5-musees-a-visiter\" class=\"wp-block-heading\">Quels sont les 5 mus\u00e9es \u00e0 visiter ?<\/h3>\n\n\n\n<p>Les 5 mus\u00e9es \u00e0 visiter sont :&nbsp;<\/p>\n\n\n\n<ul class=\"wp-block-list\">\n<li>Forge-Mus\u00e9e<\/li>\n\n\n\n<li>Le mus\u00e9e Gantner<\/li>\n\n\n\n<li>le mus\u00e9e Japy<\/li>\n\n\n\n<li>Le mus\u00e9e d\u2019Art Moderne de Belfort<\/li>\n\n\n\n<li>Le mus\u00e9e de l\u2019Artisanat de Brebotte<\/li>\n<\/ul>\n\n\n\n<p>Ma\u00ebl pour Toploc<\/p>\n","protected":false},"excerpt":{"rendered":"Bien qu\u2019il soit petit en surface (609km\u00b2), visiter le Territoire de Belfort (90) en r\u00e9gion Bourgogne-Franche-Comt\u00e9 abrite pourtant&hellip;\n","protected":false},"author":15,"featured_media":149120,"comment_status":"open","ping_status":"open","sticky":false,"template":"","format":"standard","meta":{"footnotes":""},"categories":[6859,114],"tags":[7010],"class_list":{"0":"post-103072","1":"post","2":"type-post","3":"status-publish","4":"format-standard","5":"has-post-thumbnail","7":"category-campagne","8":"category-france","9":"tag-territoire-de-belfort"},"yoast_head":"<!-- This site is optimized with the Yoast SEO plugin v26.9 - https:\/\/yoast.com\/product\/yoast-seo-wordpress\/ -->\n<title>Les 13 choses \u00e0 voir \u00e0 faire pour visiter le Territoire de Belfort<\/title>\n<meta name=\"description\" content=\"Visiter le Territoire de Belfort : Citadelle Belfort . le Lion de Bartholdi . \u00c9tang des Forges . Lac de Malsaucy . Ballon d&#039;Alsace . Rummel\" \/>\n<meta name=\"robots\" content=\"index, follow, max-snippet:-1, max-image-preview:large, max-video-preview:-1\" \/>\n<link rel=\"canonical\" href=\"https:\/\/toploc.com\/blog\/france\/visiter-le-territoire-de-belfort\" \/>\n<meta property=\"og:locale\" content=\"fr_FR\" \/>\n<meta property=\"og:type\" content=\"article\" \/>\n<meta property=\"og:title\" content=\"Les 13 choses \u00e0 voir \u00e0 faire pour visiter le Territoire de Belfort\" \/>\n<meta property=\"og:description\" content=\"Visiter le Territoire de Belfort : Citadelle Belfort . le Lion de Bartholdi . \u00c9tang des Forges . Lac de Malsaucy . Ballon d&#039;Alsace . Rummel\" \/>\n<meta property=\"og:url\" content=\"https:\/\/toploc.com\/blog\/france\/visiter-le-territoire-de-belfort\" \/>\n<meta property=\"og:site_name\" content=\"Toploc\" \/>\n<meta property=\"article:publisher\" content=\"https:\/\/www.facebook.com\/locationfrancophone\" \/>\n<meta property=\"article:published_time\" content=\"2025-07-06T14:41:11+00:00\" \/>\n<meta property=\"article:modified_time\" content=\"2025-07-09T14:41:28+00:00\" \/>\n<meta property=\"og:image\" content=\"https:\/\/toploc.com\/blog\/wp-content\/uploads\/2024\/05\/pause-velo-lac-giromagny.jpg\" \/>\n\t<meta property=\"og:image:width\" content=\"1620\" \/>\n\t<meta property=\"og:image:height\" content=\"1080\" \/>\n\t<meta property=\"og:image:type\" content=\"image\/jpeg\" \/>\n<meta name=\"author\" content=\"Ma\u00ebl\" \/>\n<meta name=\"twitter:card\" content=\"summary_large_image\" \/>\n<meta name=\"twitter:label1\" content=\"\u00c9crit par\" \/>\n\t<meta name=\"twitter:data1\" content=\"Ma\u00ebl\" \/>\n\t<meta name=\"twitter:label2\" content=\"Dur\u00e9e de lecture estim\u00e9e\" \/>\n\t<meta name=\"twitter:data2\" content=\"21 minutes\" \/>\n<script type=\"application\/ld+json\" class=\"yoast-schema-graph\">{\"@context\":\"https:\/\/schema.org\",\"@graph\":[{\"@type\":\"Article\",\"@id\":\"https:\/\/toploc.com\/blog\/france\/visiter-le-territoire-de-belfort#article\",\"isPartOf\":{\"@id\":\"https:\/\/toploc.com\/blog\/france\/visiter-le-territoire-de-belfort\"},\"author\":{\"name\":\"Ma\u00ebl\",\"@id\":\"https:\/\/toploc.com\/blog\/#\/schema\/person\/7e2ebe289a733b81b04b07f6ec2e3b93\"},\"headline\":\"Les 13 choses \u00e0 voir \u00e0 faire pour visiter le Territoire de Belfort\",\"datePublished\":\"2025-07-06T14:41:11+00:00\",\"dateModified\":\"2025-07-09T14:41:28+00:00\",\"mainEntityOfPage\":{\"@id\":\"https:\/\/toploc.com\/blog\/france\/visiter-le-territoire-de-belfort\"},\"wordCount\":3656,\"commentCount\":1,\"publisher\":{\"@id\":\"https:\/\/toploc.com\/blog\/#organization\"},\"image\":{\"@id\":\"https:\/\/toploc.com\/blog\/france\/visiter-le-territoire-de-belfort#primaryimage\"},\"thumbnailUrl\":\"https:\/\/toploc.com\/blog\/wp-content\/uploads\/2024\/05\/pause-velo-lac-giromagny.jpg\",\"keywords\":[\"Territoire de Belfort\"],\"articleSection\":[\"Campagne\",\"Itin\u00e9raires France\"],\"inLanguage\":\"fr-FR\",\"potentialAction\":[{\"@type\":\"CommentAction\",\"name\":\"Comment\",\"target\":[\"https:\/\/toploc.com\/blog\/france\/visiter-le-territoire-de-belfort#respond\"]}]},{\"@type\":\"WebPage\",\"@id\":\"https:\/\/toploc.com\/blog\/france\/visiter-le-territoire-de-belfort\",\"url\":\"https:\/\/toploc.com\/blog\/france\/visiter-le-territoire-de-belfort\",\"name\":\"Les 13 choses \u00e0 voir \u00e0 faire pour visiter le Territoire de Belfort\",\"isPartOf\":{\"@id\":\"https:\/\/toploc.com\/blog\/#website\"},\"primaryImageOfPage\":{\"@id\":\"https:\/\/toploc.com\/blog\/france\/visiter-le-territoire-de-belfort#primaryimage\"},\"image\":{\"@id\":\"https:\/\/toploc.com\/blog\/france\/visiter-le-territoire-de-belfort#primaryimage\"},\"thumbnailUrl\":\"https:\/\/toploc.com\/blog\/wp-content\/uploads\/2024\/05\/pause-velo-lac-giromagny.jpg\",\"datePublished\":\"2025-07-06T14:41:11+00:00\",\"dateModified\":\"2025-07-09T14:41:28+00:00\",\"description\":\"Visiter le Territoire de Belfort : Citadelle Belfort . le Lion de Bartholdi . \u00c9tang des Forges . Lac de Malsaucy . Ballon d'Alsace . Rummel\",\"breadcrumb\":{\"@id\":\"https:\/\/toploc.com\/blog\/france\/visiter-le-territoire-de-belfort#breadcrumb\"},\"inLanguage\":\"fr-FR\",\"potentialAction\":[{\"@type\":\"ReadAction\",\"target\":[\"https:\/\/toploc.com\/blog\/france\/visiter-le-territoire-de-belfort\"]}]},{\"@type\":\"ImageObject\",\"inLanguage\":\"fr-FR\",\"@id\":\"https:\/\/toploc.com\/blog\/france\/visiter-le-territoire-de-belfort#primaryimage\",\"url\":\"https:\/\/toploc.com\/blog\/wp-content\/uploads\/2024\/05\/pause-velo-lac-giromagny.jpg\",\"contentUrl\":\"https:\/\/toploc.com\/blog\/wp-content\/uploads\/2024\/05\/pause-velo-lac-giromagny.jpg\",\"width\":1620,\"height\":1080,\"caption\":\"Empruntez la FrancoV\u00e9loSuisse et traversez des paysage remarquable \u00a9France V\u00e9lo Tourisme\"},{\"@type\":\"BreadcrumbList\",\"@id\":\"https:\/\/toploc.com\/blog\/france\/visiter-le-territoire-de-belfort#breadcrumb\",\"itemListElement\":[{\"@type\":\"ListItem\",\"position\":1,\"name\":\"Accueil\",\"item\":\"https:\/\/toploc.com\/blog\"},{\"@type\":\"ListItem\",\"position\":2,\"name\":\"Les 13 choses \u00e0 voir \u00e0 faire pour visiter le Territoire de Belfort\"}]},{\"@type\":\"WebSite\",\"@id\":\"https:\/\/toploc.com\/blog\/#website\",\"url\":\"https:\/\/toploc.com\/blog\/\",\"name\":\"Toploc\",\"description\":\"Itin\u00e9raires natures et locations de vacances en groupe\",\"publisher\":{\"@id\":\"https:\/\/toploc.com\/blog\/#organization\"},\"potentialAction\":[{\"@type\":\"SearchAction\",\"target\":{\"@type\":\"EntryPoint\",\"urlTemplate\":\"https:\/\/toploc.com\/blog\/?s={search_term_string}\"},\"query-input\":{\"@type\":\"PropertyValueSpecification\",\"valueRequired\":true,\"valueName\":\"search_term_string\"}}],\"inLanguage\":\"fr-FR\"},{\"@type\":\"Organization\",\"@id\":\"https:\/\/toploc.com\/blog\/#organization\",\"name\":\"Toploc\",\"url\":\"https:\/\/toploc.com\/blog\/\",\"logo\":{\"@type\":\"ImageObject\",\"inLanguage\":\"fr-FR\",\"@id\":\"https:\/\/toploc.com\/blog\/#\/schema\/logo\/image\/\",\"url\":\"https:\/\/blog.toploc.com\/wp-content\/uploads\/2022\/03\/toploc_facebook_5.png\",\"contentUrl\":\"https:\/\/blog.toploc.com\/wp-content\/uploads\/2022\/03\/toploc_facebook_5.png\",\"width\":600,\"height\":600,\"caption\":\"Toploc\"},\"image\":{\"@id\":\"https:\/\/toploc.com\/blog\/#\/schema\/logo\/image\/\"},\"sameAs\":[\"https:\/\/www.facebook.com\/locationfrancophone\",\"https:\/\/www.instagram.com\/toploc_\",\"https:\/\/www.pinterest.fr\/Toploc_\/\"]},{\"@type\":\"Person\",\"@id\":\"https:\/\/toploc.com\/blog\/#\/schema\/person\/7e2ebe289a733b81b04b07f6ec2e3b93\",\"name\":\"Ma\u00ebl\",\"image\":{\"@type\":\"ImageObject\",\"inLanguage\":\"fr-FR\",\"@id\":\"https:\/\/toploc.com\/blog\/#\/schema\/person\/image\/\",\"url\":\"https:\/\/secure.gravatar.com\/avatar\/2d32fb95c878a284cc9e8236b8664651ac94ad0d82c0f4811eac0717c9548669?s=96&d=mm&r=g\",\"contentUrl\":\"https:\/\/secure.gravatar.com\/avatar\/2d32fb95c878a284cc9e8236b8664651ac94ad0d82c0f4811eac0717c9548669?s=96&d=mm&r=g\",\"caption\":\"Ma\u00ebl\"},\"description\":\"Bonjour, moi c'est Ma\u00ebl. J'adore voyager et d\u00e9couvrir de nouveaux coins nature autour de chez moi. Je partage avec vous des activit\u00e9s et des lieux \u00e0 visiter en famille ou entre amis !\",\"url\":\"https:\/\/toploc.com\/blog\/author\/maeltoploc-com\"}]}<\/script>\n<!-- \/ Yoast SEO plugin. -->","yoast_head_json":{"title":"Les 13 choses \u00e0 voir \u00e0 faire pour visiter le Territoire de Belfort","description":"Visiter le Territoire de Belfort : Citadelle Belfort . le Lion de Bartholdi . \u00c9tang des Forges . Lac de Malsaucy . Ballon d'Alsace . Rummel","robots":{"index":"index","follow":"follow","max-snippet":"max-snippet:-1","max-image-preview":"max-image-preview:large","max-video-preview":"max-video-preview:-1"},"canonical":"https:\/\/toploc.com\/blog\/france\/visiter-le-territoire-de-belfort","og_locale":"fr_FR","og_type":"article","og_title":"Les 13 choses \u00e0 voir \u00e0 faire pour visiter le Territoire de Belfort","og_description":"Visiter le Territoire de Belfort : Citadelle Belfort . le Lion de Bartholdi . \u00c9tang des Forges . Lac de Malsaucy . Ballon d'Alsace . Rummel","og_url":"https:\/\/toploc.com\/blog\/france\/visiter-le-territoire-de-belfort","og_site_name":"Toploc","article_publisher":"https:\/\/www.facebook.com\/locationfrancophone","article_published_time":"2025-07-06T14:41:11+00:00","article_modified_time":"2025-07-09T14:41:28+00:00","og_image":[{"width":1620,"height":1080,"url":"https:\/\/toploc.com\/blog\/wp-content\/uploads\/2024\/05\/pause-velo-lac-giromagny.jpg","type":"image\/jpeg"}],"author":"Ma\u00ebl","twitter_card":"summary_large_image","twitter_misc":{"\u00c9crit par":"Ma\u00ebl","Dur\u00e9e de lecture estim\u00e9e":"21 minutes"},"schema":{"@context":"https:\/\/schema.org","@graph":[{"@type":"Article","@id":"https:\/\/toploc.com\/blog\/france\/visiter-le-territoire-de-belfort#article","isPartOf":{"@id":"https:\/\/toploc.com\/blog\/france\/visiter-le-territoire-de-belfort"},"author":{"name":"Ma\u00ebl","@id":"https:\/\/toploc.com\/blog\/#\/schema\/person\/7e2ebe289a733b81b04b07f6ec2e3b93"},"headline":"Les 13 choses \u00e0 voir \u00e0 faire pour visiter le Territoire de Belfort","datePublished":"2025-07-06T14:41:11+00:00","dateModified":"2025-07-09T14:41:28+00:00","mainEntityOfPage":{"@id":"https:\/\/toploc.com\/blog\/france\/visiter-le-territoire-de-belfort"},"wordCount":3656,"commentCount":1,"publisher":{"@id":"https:\/\/toploc.com\/blog\/#organization"},"image":{"@id":"https:\/\/toploc.com\/blog\/france\/visiter-le-territoire-de-belfort#primaryimage"},"thumbnailUrl":"https:\/\/toploc.com\/blog\/wp-content\/uploads\/2024\/05\/pause-velo-lac-giromagny.jpg","keywords":["Territoire de Belfort"],"articleSection":["Campagne","Itin\u00e9raires France"],"inLanguage":"fr-FR","potentialAction":[{"@type":"CommentAction","name":"Comment","target":["https:\/\/toploc.com\/blog\/france\/visiter-le-territoire-de-belfort#respond"]}]},{"@type":"WebPage","@id":"https:\/\/toploc.com\/blog\/france\/visiter-le-territoire-de-belfort","url":"https:\/\/toploc.com\/blog\/france\/visiter-le-territoire-de-belfort","name":"Les 13 choses \u00e0 voir \u00e0 faire pour visiter le Territoire de Belfort","isPartOf":{"@id":"https:\/\/toploc.com\/blog\/#website"},"primaryImageOfPage":{"@id":"https:\/\/toploc.com\/blog\/france\/visiter-le-territoire-de-belfort#primaryimage"},"image":{"@id":"https:\/\/toploc.com\/blog\/france\/visiter-le-territoire-de-belfort#primaryimage"},"thumbnailUrl":"https:\/\/toploc.com\/blog\/wp-content\/uploads\/2024\/05\/pause-velo-lac-giromagny.jpg","datePublished":"2025-07-06T14:41:11+00:00","dateModified":"2025-07-09T14:41:28+00:00","description":"Visiter le Territoire de Belfort : Citadelle Belfort . le Lion de Bartholdi . \u00c9tang des Forges . Lac de Malsaucy . Ballon d'Alsace . Rummel","breadcrumb":{"@id":"https:\/\/toploc.com\/blog\/france\/visiter-le-territoire-de-belfort#breadcrumb"},"inLanguage":"fr-FR","potentialAction":[{"@type":"ReadAction","target":["https:\/\/toploc.com\/blog\/france\/visiter-le-territoire-de-belfort"]}]},{"@type":"ImageObject","inLanguage":"fr-FR","@id":"https:\/\/toploc.com\/blog\/france\/visiter-le-territoire-de-belfort#primaryimage","url":"https:\/\/toploc.com\/blog\/wp-content\/uploads\/2024\/05\/pause-velo-lac-giromagny.jpg","contentUrl":"https:\/\/toploc.com\/blog\/wp-content\/uploads\/2024\/05\/pause-velo-lac-giromagny.jpg","width":1620,"height":1080,"caption":"Empruntez la FrancoV\u00e9loSuisse et traversez des paysage remarquable \u00a9France V\u00e9lo Tourisme"},{"@type":"BreadcrumbList","@id":"https:\/\/toploc.com\/blog\/france\/visiter-le-territoire-de-belfort#breadcrumb","itemListElement":[{"@type":"ListItem","position":1,"name":"Accueil","item":"https:\/\/toploc.com\/blog"},{"@type":"ListItem","position":2,"name":"Les 13 choses \u00e0 voir \u00e0 faire pour visiter le Territoire de Belfort"}]},{"@type":"WebSite","@id":"https:\/\/toploc.com\/blog\/#website","url":"https:\/\/toploc.com\/blog\/","name":"Toploc","description":"Itin\u00e9raires natures et locations de vacances en groupe","publisher":{"@id":"https:\/\/toploc.com\/blog\/#organization"},"potentialAction":[{"@type":"SearchAction","target":{"@type":"EntryPoint","urlTemplate":"https:\/\/toploc.com\/blog\/?s={search_term_string}"},"query-input":{"@type":"PropertyValueSpecification","valueRequired":true,"valueName":"search_term_string"}}],"inLanguage":"fr-FR"},{"@type":"Organization","@id":"https:\/\/toploc.com\/blog\/#organization","name":"Toploc","url":"https:\/\/toploc.com\/blog\/","logo":{"@type":"ImageObject","inLanguage":"fr-FR","@id":"https:\/\/toploc.com\/blog\/#\/schema\/logo\/image\/","url":"https:\/\/blog.toploc.com\/wp-content\/uploads\/2022\/03\/toploc_facebook_5.png","contentUrl":"https:\/\/blog.toploc.com\/wp-content\/uploads\/2022\/03\/toploc_facebook_5.png","width":600,"height":600,"caption":"Toploc"},"image":{"@id":"https:\/\/toploc.com\/blog\/#\/schema\/logo\/image\/"},"sameAs":["https:\/\/www.facebook.com\/locationfrancophone","https:\/\/www.instagram.com\/toploc_","https:\/\/www.pinterest.fr\/Toploc_\/"]},{"@type":"Person","@id":"https:\/\/toploc.com\/blog\/#\/schema\/person\/7e2ebe289a733b81b04b07f6ec2e3b93","name":"Ma\u00ebl","image":{"@type":"ImageObject","inLanguage":"fr-FR","@id":"https:\/\/toploc.com\/blog\/#\/schema\/person\/image\/","url":"https:\/\/secure.gravatar.com\/avatar\/2d32fb95c878a284cc9e8236b8664651ac94ad0d82c0f4811eac0717c9548669?s=96&d=mm&r=g","contentUrl":"https:\/\/secure.gravatar.com\/avatar\/2d32fb95c878a284cc9e8236b8664651ac94ad0d82c0f4811eac0717c9548669?s=96&d=mm&r=g","caption":"Ma\u00ebl"},"description":"Bonjour, moi c'est Ma\u00ebl. J'adore voyager et d\u00e9couvrir de nouveaux coins nature autour de chez moi. Je partage avec vous des activit\u00e9s et des lieux \u00e0 visiter en famille ou entre amis !","url":"https:\/\/toploc.com\/blog\/author\/maeltoploc-com"}]}},"_links":{"self":[{"href":"https:\/\/toploc.com\/blog\/wp-json\/wp\/v2\/posts\/103072","targetHints":{"allow":["GET"]}}],"collection":[{"href":"https:\/\/toploc.com\/blog\/wp-json\/wp\/v2\/posts"}],"about":[{"href":"https:\/\/toploc.com\/blog\/wp-json\/wp\/v2\/types\/post"}],"author":[{"embeddable":true,"href":"https:\/\/toploc.com\/blog\/wp-json\/wp\/v2\/users\/15"}],"replies":[{"embeddable":true,"href":"https:\/\/toploc.com\/blog\/wp-json\/wp\/v2\/comments?post=103072"}],"version-history":[{"count":43,"href":"https:\/\/toploc.com\/blog\/wp-json\/wp\/v2\/posts\/103072\/revisions"}],"predecessor-version":[{"id":155622,"href":"https:\/\/toploc.com\/blog\/wp-json\/wp\/v2\/posts\/103072\/revisions\/155622"}],"wp:featuredmedia":[{"embeddable":true,"href":"https:\/\/toploc.com\/blog\/wp-json\/wp\/v2\/media\/149120"}],"wp:attachment":[{"href":"https:\/\/toploc.com\/blog\/wp-json\/wp\/v2\/media?parent=103072"}],"wp:term":[{"taxonomy":"category","embeddable":true,"href":"https:\/\/toploc.com\/blog\/wp-json\/wp\/v2\/categories?post=103072"},{"taxonomy":"post_tag","embeddable":true,"href":"https:\/\/toploc.com\/blog\/wp-json\/wp\/v2\/tags?post=103072"}],"curies":[{"name":"wp","href":"https:\/\/api.w.org\/{rel}","templated":true}]}}