{"id":102117,"date":"2025-10-03T16:53:58","date_gmt":"2025-10-03T14:53:58","guid":{"rendered":"https:\/\/www.location-francophone.com\/?p=102117"},"modified":"2025-10-03T16:54:01","modified_gmt":"2025-10-03T14:54:01","slug":"visiter-la-drome","status":"publish","type":"post","link":"https:\/\/toploc.com\/blog\/france\/visiter-la-drome","title":{"rendered":"Les 10 choses \u00e0 faire et \u00e0 voir pour visiter la Dr\u00f4me"},"content":{"rendered":"\n<p>Au c\u0153ur de la r\u00e9gion Auvergne-Rh\u00f4ne-Alpes, la Dr\u00f4me s\u00e9duit par la diversit\u00e9 de ses paysages et la douceur de son art de vivre. Entre les reliefs pr\u00e9alpins du Vercors, les plaines fertiles de la vall\u00e9e du Rh\u00f4ne et les collines baign\u00e9es de lavande de la Dr\u00f4me proven\u00e7ale, chaque territoire d\u00e9voile son caract\u00e8re unique. Quelles sont les choses \u00e0 voir et \u00e0 faire pour visiter la Dr\u00f4me ?  De villages perch\u00e9s en march\u00e9s color\u00e9s, de routes des vins en champs de lavande, elle promet une escapade o\u00f9 se m\u00ealent harmonieusement d\u00e9couverte, d\u00e9tente et \u00e9merveillement. Nous vous conseillons de visiter les villes de Grignan, de Mont\u00e9limar, de Valence, de Suze-la-Rousse ou encore, de Tain l\u2019Hermitage. Puis, n\u2019oubliez pas de voir le tr\u00e8s c\u00e9l\u00e8bre Palais Id\u00e9al du Facteur Cheval, de visiter les r\u00e9serves naturelles Vercors et du Baronnies, avant de monter en haut du plateau d&#8217;Ambel ou de courir l&#8217;un des nombreux trail de la Dr\u00f4me. Voici notre liste des choses \u00e0 voir et \u00e0 faire pour visiter la Dr\u00f4me. En bonus, t\u00e9l\u00e9chargez la carte touristique de la Dr\u00f4me .pdf dans la FAQ de l\u2019article.<\/p>\n\n\n\n<div class=\"wp-block-buttons is-content-justification-center is-layout-flex wp-container-core-buttons-is-layout-16018d1d wp-block-buttons-is-layout-flex\">\n<div class=\"wp-block-button\"><a class=\"wp-block-button__link has-background has-small-font-size has-custom-font-size wp-element-button\" href=\"https:\/\/toploc.com\/locations-vacances\/drome?utm_source=blog&amp;utm_medium=CTA&amp;utm_campaign=visiter-drome\" style=\"background-color:#006b52\"><strong>\ud83d\udc49 NOS LOCATIONS DANS LA DR\u00d4ME<\/strong><\/a><\/div>\n<\/div>\n\n\n\n<h2 id=\"grignan\" class=\"wp-block-heading\">Grignan <\/h2>\n\n\n<div class=\"wp-block-image\">\n<figure class=\"aligncenter size-full is-resized\"><img loading=\"lazy\" decoding=\"async\" width=\"1532\" height=\"860\" src=\"https:\/\/blog.toploc.com\/wp-content\/uploads\/2024\/04\/Capture-decran-2024-04-11-144056.jpg\" alt=\"Partez \u00e0 la d\u00e9couverte du ch\u00e2teau de Grignan lors de votre visite de la Dr\u00f4me \u00a9\u00a0Notre Temps\" class=\"wp-image-147537\" style=\"width:688px;height:auto\"\/><figcaption class=\"wp-element-caption\">Partez \u00e0 la d\u00e9couverte du ch\u00e2teau de Grignan lors de votre visite de la Dr\u00f4me \u00a9&nbsp;Notre Temps<\/figcaption><\/figure>\n<\/div>\n\n\n<h3 id=\"pourquoi-visiter-grignan\" class=\"wp-block-heading\">Pourquoi visiter Grignan ?<\/h3>\n\n\n\n<p>Grignan est une commune de la Dr\u00f4me \u00e0 77 kilom\u00e8tres au sud de Valence. La ville est situ\u00e9e sur un piton rocheux \u00e0 197m d\u2019altitude au milieu de la plaine du Tricastin. Si vous venez visiter la Dr\u00f4me, Grignan est c\u00e9l\u00e8bre car on y trouve le plus grand ch\u00e2teau de la Renaissance du sud-est de la France. Le ch\u00e2teau de Grignan fait partie des\u00a0<a href=\"https:\/\/toploc.com\/blog\/france\/chateaux-drome\">plus beaux ch\u00e2teaux de la Dr\u00f4me<\/a>. Il a \u00e9t\u00e9 rendu c\u00e9l\u00e8bre par la grande femme de lettres\u00a0Madame de S\u00e9vign\u00e9\u00a0qui y fit 3 s\u00e9jours pour une dur\u00e9e totale de 4 ans dans la seconde moiti\u00e9 du 17\u00e8me si\u00e8cle. A Grignan, vous aurez la possibilit\u00e9 de d\u00e9couvrir la culture sudiste, d\u2019abord avec le village proven\u00e7ale miniature, puis avec le domaine viticole Montine, qui vous permettra de d\u00e9couvrir le savoir-faire de la Dr\u00f4me dans la production de vin.<\/p>\n\n\n\n<h3 id=\"ou-se-loger-a-grignan\" class=\"wp-block-heading\">O\u00f9 se loger \u00e0 Grignan ?<\/h3>\n\n\n\n<p>Si vous venez visiter les ch\u00e2teaux de la Dr\u00f4me vous chercherez certainement une <a href=\"https:\/\/toploc.com\/locations-vacances\/grignan\">location de vacances Grignan<\/a> et dans les alentours. R\u00e9servez en direct et sans frais aupr\u00e8s de nos h\u00f4tes Toploc.<\/p>\n\n\n\n<h3 id=\"que-voir-et-que-faire-a-grignan\" class=\"wp-block-heading\">Que voir et que faire \u00e0 Grignan ?<\/h3>\n\n\n\n<p>Voici la liste des choses \u00e0 voir et \u00e0 faire \u00e0 Grignan :<\/p>\n\n\n\n<ul class=\"wp-block-list\">\n<li>Visitez le ch\u00e2teau de Grignan, construit au 12\u00e8me si\u00e8cle, il est le plus grand ch\u00e2teau de la Renaissance du sud-est. Surnomm\u00e9 <a href=\"https:\/\/toploc.com\/blog\/france\/visite-du-chateau-de-versailles\">le Versailles<\/a> de la Dr\u00f4me, le ch\u00e2teau de Grignan impressionne par son architecture m\u00e9di\u00e9vale. Vous pourrez y admirer ses hautes fa\u00e7ades d\u00e9cor\u00e9es de dizaines de fen\u00eatres, ses grands escaliers et ses fontaines.<\/li>\n\n\n\n<li>D\u00e9couvrez le Domaine viticole de Montine, o\u00f9 vous pourrez visiter la cave ou d\u00e9guster du vin de qualit\u00e9, produit par un savoir-faire unique.<\/li>\n\n\n\n<li>Entrez au sein de la grotte de Rochecourbi\u00e8re qui fait partie des\u00a0<a href=\"https:\/\/toploc.com\/blog\/france\/grottes-de-la-drome\">plus belles grottes de la Dr\u00f4me<\/a>.<\/li>\n\n\n\n<li>Prenez du recul on observant Le village proven\u00e7al miniature, qui vous fera d\u00e9couvrir la vie proven\u00e7ale du d\u00e9but du si\u00e8cle dernier.<\/li>\n\n\n\n<li>Faites un tour dans Le Coll\u00e9giale Saint-Sauveur, construite entre 1535 et 1543, c\u2019est ici que Madame de S\u00e9vign\u00e9 est enterr\u00e9e.<\/li>\n\n\n\n<li>Rendez-vous \u00e0 La Chapelle Saint-Vincent de Grignan, une chapelle romane du 12<sup>\u00e8me<\/sup> si\u00e8cle.<\/li>\n<\/ul>\n\n\n\n<h2 id=\"montelimar\" class=\"wp-block-heading\">Mont\u00e9limar <\/h2>\n\n\n\n<figure class=\"wp-block-image size-full is-resized\"><img loading=\"lazy\" decoding=\"async\" width=\"1600\" height=\"1067\" src=\"https:\/\/blog.toploc.com\/wp-content\/uploads\/2024\/04\/13060738-diaporama.jpg\" alt=\"Vue sur le chemin des Fileuses, \u00e0 Marsanne, \u00e0 c\u00f4t\u00e9 de Mont\u00e9limar \u00a9Montelimar tourisme\" class=\"wp-image-147567\" style=\"width:692px;height:auto\"\/><figcaption class=\"wp-element-caption\">Vue sur le chemin des Fileuses, \u00e0 Marsanne, \u00e0 c\u00f4t\u00e9 de Mont\u00e9limar \u00a9Montelimar tourisme<\/figcaption><\/figure>\n\n\n\n<h3 id=\"pourquoi-visiter-montelimar\" class=\"wp-block-heading\">Pourquoi visiter Mont\u00e9limar ?<\/h3>\n\n\n\n<p>Mont\u00e9limar est une ville d&#8217;environ 40 000 habitants. C&#8217;est la deuxi\u00e8me ville de notre circuit pour visiter la Dr\u00f4me. Elle se situe \u00e0 une cinquantaine de kilom\u00e8tres de la pr\u00e9fecture de Valence et abrite une merveille architecturale de la Dr\u00f4me. Il s\u2019agit du ch\u00e2teau des Adh\u00e9mar, que l\u2019on appelle tout simplement ch\u00e2teau de Mont\u00e9limar. C\u2019est un \u00e9difice dans un style m\u00e9di\u00e9val qui a tenu de nombreuses fonctions durant des si\u00e8cles. Mont\u00e9limar est aussi connu pour ses confiseries, notamment le nougat. La ville est aussi souvent associ\u00e9e aux champs de lavande et \u00e0 ses villages suspendus. Mont\u00e9limar se d\u00e9marque comme une ville touristique id\u00e9ale lorsque l\u2019on veut visiter la Dr\u00f4me.<\/p>\n\n\n\n<h3 id=\"ou-se-loger-a-montelimar-et-visiter-la-drome\" class=\"wp-block-heading\">O\u00f9 se loger \u00e0 Mont\u00e9limar et visiter la Dr\u00f4me ?<\/h3>\n\n\n\n<p>Vous chercherez certainement une <a href=\"https:\/\/toploc.com\/locations-vacances\/montelimar\">location de vacances Mont\u00e9limar<\/a> pour visiter les villages perch\u00e9s. R\u00e9servez en direct et sans frais aupr\u00e8s de nos h\u00f4tes Toploc.<\/p>\n\n\n\n<h3 id=\"que-voir-et-que-faire-a-montelimar\" class=\"wp-block-heading\">Que voir et que faire \u00e0 Mont\u00e9limar ?<\/h3>\n\n\n\n<p>Voici la liste des choses \u00e0 voir et \u00e0 faire \u00e0 Mont\u00e9limar :<\/p>\n\n\n\n<ul class=\"wp-block-list\">\n<li>Visitez le Ch\u00e2teau des Adh\u00e9mar, ou ch\u00e2teau de Mont\u00e9limar, un joyau de l\u2019architecture romane, accessible, \u00e0 pied, depuis le centre-ville, offrant un superbe panorama.<\/li>\n\n\n\n<li>Venez vous balader sur les All\u00e9es Proven\u00e7ales, une balade embl\u00e9matique de Mont\u00e9limar.<\/li>\n\n\n\n<li>Croquez le Nougat de Mont\u00e9limar, directement chez des nougatiers au savoir-faire unique.<\/li>\n\n\n\n<li>Visitez les 8 villages perch\u00e9s du territoire de Mont\u00e9limar : Marsanne, Puygiron, La Laupie, Saint-Gervais-sur-Roubion\u2026<\/li>\n\n\n\n<li>Parcourir les 30 kilom\u00e8tres de la ViaRh\u00f4na, proche de Mont\u00e9limar, \u00e0 v\u00e9lo.<\/li>\n\n\n\n<li>Parcourez les expositions du mus\u00e9e d\u2019art contemporain de Mont\u00e9limar, avec des renouvellements de la collection chaque ann\u00e9e, d\u00e9cor\u00e9 d\u2019\u0153uvre de C\u00e9zanne, Dufy, Bonnard\u2026<\/li>\n<\/ul>\n\n\n\n<h2 id=\"ombleze\" class=\"wp-block-heading\">Ombl\u00e8ze<\/h2>\n\n\n\n<figure class=\"wp-block-image size-full\"><img loading=\"lazy\" decoding=\"async\" width=\"1024\" height=\"675\" src=\"https:\/\/blog.toploc.com\/wp-content\/uploads\/2024\/04\/randonnee-plateau-ambel-l-pascale.jpg\" alt=\"Randonn\u00e9e sur le Plateau d'Ambel \u00a9La Dr\u00f4me\" class=\"wp-image-147540\"\/><figcaption class=\"wp-element-caption\">Randonn\u00e9e sur le Plateau d&#8217;Ambel \u00a9La Dr\u00f4me<\/figcaption><\/figure>\n\n\n\n<h3 id=\"pourquoi-visiter-ombleze\" class=\"wp-block-heading\">Pourquoi visiter Ombl\u00e8ze ?<\/h3>\n\n\n\n<p>Ombl\u00e8ze est un village d\u2019une beaut\u00e9 remarquable pour visiter la Dr\u00f4me, dot\u00e9 de sites d\u2019escalades et de randonn\u00e9es, c&#8217;est id\u00e9al pour visiter la Dr\u00f4me par son c\u00f4t\u00e9 nature et sportif. En passant par Ombl\u00e8ze, vous pourrez d\u00e9couvrir de superbes chutes d\u2019eau en vous aventurant dans les Gorges d\u2019Ombl\u00e8ze. Pour repartir avec des paysages naturels extraordinaires en t\u00eate, ce lieu est incontournable.<\/p>\n\n\n\n<h3 id=\"ou-se-loger-a-ombleze\" class=\"wp-block-heading\">O\u00f9 se loger \u00e0 Ombl\u00e8ze ?<\/h3>\n\n\n\n<p>Vous chercherez certainement un chalet dans la Dr\u00f4me vers Ombl\u00e8ze pour voir les Gorges d&#8217;Ombl\u00e8ze. R\u00e9servez en direct et sans frais aupr\u00e8s de nos h\u00f4tes Toploc.<\/p>\n\n\n\n<p>A lire : <a href=\"https:\/\/toploc.com\/blog\/france\/marches-de-noel-drome\">Les plus beaux march\u00e9s de No\u00ebl de la Dr\u00f4me<\/a><\/p>\n\n\n\n<h3 id=\"que-voir-et-que-faire-a-ombleze\" class=\"wp-block-heading\">Que voir et que faire \u00e0 Ombl\u00e8ze ?<\/h3>\n\n\n\n<p>Voici la liste des choses \u00e0 voir et \u00e0 faire pour visiter Ombl\u00e8ze&nbsp;:<\/p>\n\n\n\n<ul class=\"wp-block-list\">\n<li>Visitez les Gorges d\u2019Ombl\u00e8ze, pour une journ\u00e9e en pleine nature. Ombl\u00e8ze est un lieu id\u00e9al pour les randonneurs et autres amoureux de nature ainsi que de paysages magnifiques. <\/li>\n\n\n\n<li>Admirez les cascades, principalement la Chute de la Druise, de 72 m\u00e8tres.<\/li>\n\n\n\n<li>Montez observer le Plateau d\u2019Ambel, pour une randonn\u00e9e revigorante et une vue \u00e0 couper le souffle.<\/li>\n\n\n\n<li>Venez visiter l\u2019Abbaye Cistercienne de L\u00e9oncel, fond\u00e9 en 1137, dans une architecture romane, elle se trouve \u00e0 quelques kilom\u00e8tres du village d\u2019Ombl\u00e8ze.<\/li>\n<\/ul>\n\n\n\n<h2 id=\"suze-la-rousse-et-sa-forteresse-medievale\" class=\"wp-block-heading\">Suze-la-Rousse et sa forteresse m\u00e9di\u00e9vale<\/h2>\n\n\n\n<figure class=\"wp-block-image size-full\"><img loading=\"lazy\" decoding=\"async\" width=\"2048\" height=\"1365\" src=\"https:\/\/blog.toploc.com\/wp-content\/uploads\/2024\/04\/image-48.png\" alt=\"Vue a\u00e9rienne sur la forteresse m\u00e9di\u00e9vale de Suze-la-Rousse \u00a9 Loic Julien &amp; Dr\u00f4me Sud Provence\" class=\"wp-image-147716\"\/><figcaption class=\"wp-element-caption\">Vue a\u00e9rienne sur la forteresse m\u00e9di\u00e9vale de Suze-la-Rousse \u00a9 Loic Julien &amp; Dr\u00f4me Sud Provence<\/figcaption><\/figure>\n\n\n\n<h3 id=\"pourquoi-visiter-suze-la-rousse-et-sa-forteresse-medievale\" class=\"wp-block-heading\">Pourquoi visiter Suze-la-Rousse et sa forteresse m\u00e9di\u00e9vale ?<\/h3>\n\n\n\n<p>Suze-la-Rousse ou \u201cla Suze\u201d est une commune de la Dr\u00f4me qui compte 2 197 habitants. Moins populaire que celui de Grignan, le ch\u00e2teau de Suze-la-Rousse est une forteresse m\u00e9di\u00e9vale du 11\u00e8me si\u00e8cle \u00e0 voir absolument si vous venez visiter la Dr\u00f4me. Au 15\u00e8me si\u00e8cle il est agr\u00e9ment\u00e9 d\u2019une Cour Renaissance avant d\u2019\u00eatre transform\u00e9 en palais lumineux \u00e0 l\u2019\u00e9poque de la Renaissance. On trouve aujourd\u2019hui plusieurs monuments religieux que vous pourrez d\u00e9couvrir durant votre s\u00e9jour \u00e0 Suze-la-Rousse.<\/p>\n\n\n\n<h3 id=\"ou-se-loger-a-suze-la-rousse\" class=\"wp-block-heading\">O\u00f9 se loger \u00e0 Suze-la-Rousse ?<\/h3>\n\n\n\n<p>Si vous venez visiter la forteresse m\u00e9di\u00e9vale chercherez certainement une <a href=\"https:\/\/toploc.com\/locations-vacances\/suze-la-rousse\">location vacances Suze-la-Rousse<\/a> et dans les alentours. R\u00e9servez en direct et sans frais aupr\u00e8s de nos h\u00f4tes Toploc.<\/p>\n\n\n\n<h3 id=\"que-voir-et-que-faire-a-suze-la-rousse\" class=\"wp-block-heading\">Que voir et que faire \u00e0 Suze-la-Rousse ?<\/h3>\n\n\n\n<p>Voici la liste des choses \u00e0 voir et \u00e0 faire \u00e0 Suze-la-Rousse :<\/p>\n\n\n\n<ul class=\"wp-block-list\">\n<li>D\u00e9couvrez Le ch\u00e2teau de Suze-la-Rousse, t\u00e9moin de 800 ans d\u2019histoire, fl\u00e2nez \u00e0 travers son parc bois\u00e9 et d\u00e9couvrez un lieu de jeu de Paume parfaitement pr\u00e9serv\u00e9. Le ch\u00e2teau raconte lui-m\u00eame son pass\u00e9 m\u00e9di\u00e9val \u00e0 travers ses murs \u00e9pais, ses douves, ses hautes fa\u00e7ades et sa vaste cour centrale style Renaissance.<\/li>\n\n\n\n<li>Arpentez le Jardin des vignes cr\u00e9\u00e9 en 1989, vous permet de visiter des c\u00e9pages de cuve de la production viticole actuelle.<\/li>\n\n\n\n<li>Promenez vous dans L\u2019espace bois\u00e9 de la Garenne sur 23 hectares, parsem\u00e9 de vestiges li\u00e9s au ch\u00e2teau.<\/li>\n\n\n\n<li>Entrez dans l\u2019\u00c9glise Saint-Bach, \u00e9dit\u00e9 en 1848, qui abrite 3 magnifiques tableaux et des expositions temporaires.<\/li>\n\n\n\n<li>Passez faire un tour \u00e0 l\u2019Universit\u00e9 du Vin, dans le ch\u00e2teau, il est possible de faire de cours stage dans le monde du vin, ou simplement de faire des d\u00e9gustations.<\/li>\n<\/ul>\n\n\n\n<h2 id=\"valence\" class=\"wp-block-heading\">Valence<\/h2>\n\n\n\n<figure class=\"wp-block-image size-full\"><img loading=\"lazy\" decoding=\"async\" width=\"800\" height=\"533\" src=\"https:\/\/blog.toploc.com\/wp-content\/uploads\/2024\/04\/image-50.png\" alt=\"Valence est la pr\u00e9fecture de la Dr\u00f4me \u00a9 The Good Life France\" class=\"wp-image-147718\"\/><figcaption class=\"wp-element-caption\">Valence est la pr\u00e9fecture de la Dr\u00f4me \u00a9 The Good Life France<\/figcaption><\/figure>\n\n\n\n<h3 id=\"pourquoi-visiter-valence\" class=\"wp-block-heading\">Pourquoi visiter Valence ?<\/h3>\n\n\n\n<p>Valence est une ville qui recense environ 64&nbsp;483 habitants, il s\u2019agit de la pr\u00e9fecture de la Dr\u00f4me. La ville poss\u00e8de un riche h\u00e9ritage historique et culturel, que l\u2019on peut apercevoir par l\u2019architecture de la ville et certains ouvrages. Mais la ville de Valence poss\u00e8de des parcs et des chemins agr\u00e9ables, proche d\u2019espaces naturels remarquables, comme le parc naturel r\u00e9gional du Vercors, ce qui offre des sorties natures extraordinaires. La ville, pr\u00e9fecture de la Dr\u00f4me, est donc un lieu de passage \u00e0 privil\u00e9gier quand vous voyagez dans la Dr\u00f4me.<\/p>\n\n\n\n<h3 id=\"ou-se-loger-a-valence\" class=\"wp-block-heading\">O\u00f9 se loger \u00e0 Valence ?<\/h3>\n\n\n\n<p>Vous chercherez certainement un gite de groupe en famille \u00e0 Valence pour profiter du Parc Jouvet. R\u00e9servez en direct et sans frais aupr\u00e8s de nos h\u00f4tes Toploc.<\/p>\n\n\n\n<h3 id=\"que-voir-et-que-faire-a-valence\" class=\"wp-block-heading\">Que voir et que faire \u00e0 Valence ?<\/h3>\n\n\n\n<p>Voici la liste des choses \u00e0 voir et \u00e0 faire \u00e0 Valence :<\/p>\n\n\n\n<ul class=\"wp-block-list\">\n<li>Parcourez Le Parc Jouvet, dans le centre-ville de Valence, est un remarquable jardin \u00ab&nbsp;\u00e0 la fran\u00e7aise&nbsp;\u00bb o\u00f9 se m\u00e9lange la nature et l\u2019art.<\/li>\n\n\n\n<li>Arpentez Le Champ de Mars, une esplanade de 3 hectares, avec un kiosque \u00e0 musique et une statue monumentale de Championnet, le tout avec une vue sur le Parc Jouvet.<\/li>\n\n\n\n<li>Allez voir le Pendentif, construit en 1548, ce monument suppos\u00e9 \u00eatre un lieu fun\u00e9raire tient son nom de son syst\u00e8me de vo\u00fbtement dont la d\u00e9nomination est \u00ab&nbsp;pendentif&nbsp;\u00bb.<\/li>\n\n\n\n<li>Observez la Maison des t\u00eates, symbole de l\u2019architecture du d\u00e9but du 16<sup>\u00e8me<\/sup> si\u00e8cle, il s\u2019agit d\u2019un ancien h\u00f4tel o\u00f9 figurent plusieurs t\u00eates sculpt\u00e9es sur la fa\u00e7ade.<\/li>\n\n\n\n<li>Admirez la grande Cath\u00e9drale Saint-Apollinaire, consacr\u00e9e en 1095, d\u00e9truite, puis reconstruite \u00e0 l\u2019identique au 17<sup>\u00e8me<\/sup> si\u00e8cle est inspir\u00e9 du style romain et des b\u00e2timents auvergnats.<\/li>\n\n\n\n<li>Admirez l&#8217;\u00c9glise Saint-Jean-Baptiste, termin\u00e9e avant 1189, la construction avait d\u00e9but\u00e9 avant l\u2019an 374, l\u2019\u00e9glise arbore un style roman.<\/li>\n<\/ul>\n\n\n\n<h2 id=\"tain-lhermitage\" class=\"wp-block-heading\">Tain-l&#8217;Hermitage <\/h2>\n\n\n\n<figure class=\"wp-block-image size-full is-resized\"><img loading=\"lazy\" decoding=\"async\" width=\"2400\" height=\"1419\" src=\"https:\/\/blog.toploc.com\/wp-content\/uploads\/2023\/04\/tain-hermitage-tournon-sur-rhone-vignobles.webp\" alt=\"Visiter la Dr\u00f4me et Tain-l'Hermitage \u00a9 Richard Semik\" class=\"wp-image-127022\" style=\"width:650px;height:undefinedpx\"\/><figcaption class=\"wp-element-caption\">Visiter la Dr\u00f4me et Tain-l&#8217;Hermitage \u00a9 Richard Semik<\/figcaption><\/figure>\n\n\n\n<h3 id=\"pourquoi-visiter-la-cite-du-chocolat-a-tain-lhermitage\" class=\"wp-block-heading\">Pourquoi visiter la cit\u00e9 du chocolat \u00e0 Tain-l&#8217;Hermitage ?<\/h3>\n\n\n\n<p>Tain-l&#8217;Hermitage est une commune fran\u00e7aise et ses habitants s&#8217;appellent les Tainois(es). Tain-l&#8217;Hermitage est depuis plus de 90 ans le centre historique du chocolatier Valrhona. La r\u00e9putation du chocolatier Valrhona n\u2019est plus \u00e0 faire tant il est pl\u00e9biscit\u00e9 par les professionnels et grands noms de la p\u00e2tisserie. Riche de son terroir, Tain-l\u2019Hermitage partage un savoir-faire historique pour la fabrication du vin et du chocolat, en plus d\u2019avoir une histoire riche et une nature verdoyante. D\u00e9couvrez ce qui fait la richesse du d\u00e9partement de la Dr\u00f4me.<\/p>\n\n\n\n<h3 id=\"ou-se-loger-a-tain-lhermitage\" class=\"wp-block-heading\">O\u00f9 se loger \u00e0 Tain-l&#8217;Hermitage ?<\/h3>\n\n\n\n<p>Si vous venez visiter la cit\u00e9 du chocolat Valrhona vous chercherez certainement une location de vacances \u00e0 Tain-l&#8217;Hermitage. R\u00e9servez en direct et sans frais aupr\u00e8s de nos h\u00f4tes Toploc.<\/p>\n\n\n\n<h3 id=\"que-voir-et-que-faire-a-tain-lhermitage\" class=\"wp-block-heading\">Que voir et que faire \u00e0 Tain l&#8217;Hermitage ?<\/h3>\n\n\n\n<p>Voici les choses incontournables \u00e0 voir et \u00e0 faire \u00e0 Tain-l&#8217;Hermitage :<\/p>\n\n\n\n<ul class=\"wp-block-list\">\n<li>Visitez la cit\u00e9 du chocolat Valrhona, pour en apprendre plus sur l\u2019histoire et la fabrication du chocolat Valrhona, mais aussi pour les d\u00e9gustations.<\/li>\n\n\n\n<li>D\u00e9couvrez le caveau de M. Chapoutier, depuis 1808, d\u00e9couvrez le savoir faire d\u2019un vin respectant la nature, partag\u00e9 par une maison d\u2019exception.<\/li>\n\n\n\n<li>Explorez la colline de l\u2019Hermitage, avec 140 hectares de vignes.<\/li>\n\n\n\n<li>Allez admirer l\u2019\u00c9glise Notre-Dame, reconstruite entre 1811 et 1838, utilis\u00e9e pour des cours des offices religieux, et \u00e9galement, pour des concerts.<\/li>\n\n\n\n<li>Montez voir la chapelle Saint-Christophe, construite au 12<sup>\u00e8me<\/sup> si\u00e8cle, qui s\u2019illumine, le soir, et domine le vignoble de l\u2019Hermitage.<\/li>\n\n\n\n<li>Participez \u00e0 l&#8217;un des <a href=\"https:\/\/toploc.com\/blog\/france\/trails-de-la-drome\">plus beaux trails de la Dr\u00f4me<\/a><\/li>\n<\/ul>\n\n\n\n<h2 id=\"le-palais-ideal-du-facteur-cheval\" class=\"wp-block-heading\">Le Palais Id\u00e9al du Facteur Cheval<\/h2>\n\n\n\n<figure class=\"wp-block-image size-full is-resized\"><img loading=\"lazy\" decoding=\"async\" width=\"1280\" height=\"865\" src=\"https:\/\/blog.toploc.com\/wp-content\/uploads\/2023\/04\/palais-ideal-4073997_1280.jpg\" alt=\"Visiter la Dr\u00f4me et le Palais Id\u00e9al du Facteur Cheval \u00e0 Hautes-Rives \u00a9 Pixabay Olzheim\" class=\"wp-image-126999\" style=\"width:650px;height:undefinedpx\"\/><figcaption class=\"wp-element-caption\">Visiter la Dr\u00f4me et le Palais Id\u00e9al du Facteur Cheval \u00e0 Hautes-Rives \u00a9 Pixabay Olzheim<\/figcaption><\/figure>\n\n\n\n<h3 id=\"pourquoi-visiter-le-palais-ideal-du-facteur-cheval\" class=\"wp-block-heading\">Pourquoi visiter le Palais Id\u00e9al du Facteur Cheval ?<\/h3>\n\n\n\n<p>Construit entre 1879 et 1912 par Joseph Ferdinand Cheval, \u00e0 Hauterives, le Palais Id\u00e9al du Facteur Cheval est un incontournable des choses \u00e0 faire si vous venez visiter la Dr\u00f4me. Class\u00e9 aux monuments historiques depuis 1969 le Palais Id\u00e9al du Facteur Cheval c\u2019est le travail d\u2019un seul homme pendant 33 ann\u00e9es ! Repris par la suite par plusieurs artistes. Ce monument ne ressemble \u00e0 aucun autre, mais est d\u00e9fini comme \u00e9tant dans le style de l\u2019art na\u00eff. Une fois arriv\u00e9 \u00e0 Hautes-Rives on ne peut que vous recommander de profiter de la visite guid\u00e9e du Palais Id\u00e9al, en hommage \u00e0 son cr\u00e9ateur Joseph Ferdinand Cheval. Ce dernier a \u00e9rig\u00e9 le palais de 12 m\u00e8tres de haut, pierre par pierre gr\u00e2ce \u00e0 un m\u00e9lange de chaux, de mortier, de ciment et de coquillages.<\/p>\n\n\n\n<h2 id=\"le-parc-naturel-regional-du-vercors\" class=\"wp-block-heading\">Le Parc Naturel R\u00e9gional du Vercors<\/h2>\n\n\n<div class=\"wp-block-image\">\n<figure class=\"aligncenter size-full\"><img loading=\"lazy\" decoding=\"async\" width=\"1600\" height=\"1068\" src=\"https:\/\/blog.toploc.com\/wp-content\/uploads\/2024\/04\/en-venant-du-parking-du-plateau-de-beure-l-une-des-portes-d-entree-de-la-reserve-naturelle-des-hauts-plateaux-photo-le-dl-tristan-bonhoure-1627825565.jpg\" alt=\"D\u00e9but de randonn\u00e9e dans le parc naturel r\u00e9gional du Vercors \u00a9Le Dauphin\u00e9 Lib\u00e9r\u00e9\" class=\"wp-image-147552\"\/><figcaption class=\"wp-element-caption\">D\u00e9but de randonn\u00e9e dans le parc naturel r\u00e9gional du Vercors \u00a9Le Dauphin\u00e9 Lib\u00e9r\u00e9<\/figcaption><\/figure>\n<\/div>\n\n\n<h3 id=\"pourquoi-explorer-le-parc-naturel-regional-du-vercors\" class=\"wp-block-heading\">Pourquoi explorer le parc naturel r\u00e9gional du Vercors ?<\/h3>\n\n\n\n<p>Le d\u00e9partement de la Dr\u00f4me propose aux voyageurs une nature fascinante et des paysages \u00e0 couper le souffle. On retrouve en grande partie des territoires montagneux constitu\u00e9s des massifs du Vercors et du Diois, des ruisseaux et des rivi\u00e8res, ainsi que des parcs naturels. Si vous venez visiter la Dr\u00f4me vous ne pouvez pas passer \u00e0 c\u00f4t\u00e9 du Parc Naturel R\u00e9gional du Vercors, qui fait la renomm\u00e9e de la Dr\u00f4me partout dans le monde. On trouve son point culminant, le Rocher Rond (2 453m) sur la commune de Lus-la-Croix.<\/p>\n\n\n\n<p>On vous conseille d\u2019explorer le Parc Naturel R\u00e9gional du Vercors o\u00f9 un environnement exceptionnel vous attend. Id\u00e9al pour des vacances \u201cd\u00e9couverte en famille\u201d et des \u201caventures en groupe\u201d, le parc est constitu\u00e9 d\u2019une faune riche en esp\u00e8ces end\u00e9miques et d\u2019une flore verdoyante. De nombreuses activit\u00e9s captivantes vous attendent dans ce coin de paradis de la Dr\u00f4me :<\/p>\n\n\n\n<ul class=\"wp-block-list\">\n<li>Course de VTT, Randonn\u00e9e et Promenade \u00e0 cheval en \u00e9t\u00e9,<\/li>\n\n\n\n<li>Ski et autres sports en hiver<\/li>\n<\/ul>\n\n\n\n<p>Pour en savoir plus sur les choses \u00e0 voir et \u00e0 faire au\u00a0Parc Naturel R\u00e9gional du Vercors\u00a0rendez-vous \u00e0 la Maison du Parc \u00e0 Lans-en-Vercors.<\/p>\n\n\n\n<h2 id=\"le-parc-naturel-regional-des-baronnies\" class=\"wp-block-heading\">Le Parc Naturel R\u00e9gional des Baronnies <\/h2>\n\n\n<div class=\"wp-block-image\">\n<figure class=\"aligncenter size-full\"><img loading=\"lazy\" decoding=\"async\" width=\"1024\" height=\"682\" src=\"https:\/\/blog.toploc.com\/wp-content\/uploads\/2024\/04\/1W6A5359-1024x682-1.jpg\" alt=\"Balade du Parc Naturel R\u00e9gional des Baronnies \u00a9 Itinera Magica\" class=\"wp-image-147554\"\/><figcaption class=\"wp-element-caption\">Balade du Parc Naturel R\u00e9gional des Baronnies \u00a9 Itinera Magica<\/figcaption><\/figure>\n<\/div>\n\n\n<h3 id=\"pourquoi-visiter-la-drome-et-le-parc-naturel-regional-des-baronnies\" class=\"wp-block-heading\">Pourquoi visiter la Dr\u00f4me et le parc naturel r\u00e9gional des Baronnies ?<\/h3>\n\n\n\n<p>Situ\u00e9 au sud de la Dr\u00f4me proven\u00e7ale, <a href=\"https:\/\/toploc.com\/blog\/campagne\/baronnies-provencales\">le Parc Naturel R\u00e9gional des Baronnies Proven\u00e7ales<\/a> est aussi un endroit privil\u00e9gi\u00e9 des amoureux de la nature. Les falaises d\u2019un c\u00f4t\u00e9 et les champs de lavande de l\u2019autre. Le territoire des baronnies proven\u00e7ales constitue l\u2019habitat naturel de plus de 200 esp\u00e8ces d\u2019animaux. Le parc des Baronnies est aussi\u00a0un endroit parfait pour la randonn\u00e9e, avec divers sentiers et parcours au choix. Enfin, les amateurs de sensation forte y trouveront leur bonheur en y pratiquant de l\u2019escalade de montagne, du parapente et du vol libre.<\/p>\n\n\n\n<h2 id=\"la-tour-de-crest\" class=\"wp-block-heading\">La Tour de Crest <\/h2>\n\n\n<div class=\"wp-block-image\">\n<figure class=\"aligncenter size-full is-resized\"><img loading=\"lazy\" decoding=\"async\" width=\"1000\" height=\"560\" src=\"https:\/\/blog.toploc.com\/wp-content\/uploads\/2024\/04\/Tour-Drome-4-1000x560-1.jpg\" alt=\"Vue sur la Tour du Crest au milieu des arbres \u00a9La Tour du Crest\" class=\"wp-image-147572\" style=\"width:688px;height:auto\"\/><figcaption class=\"wp-element-caption\">Vue sur la Tour du Crest au milieu des arbres \u00a9La Tour du Crest<\/figcaption><\/figure>\n<\/div>\n\n\n<h3 id=\"pourquoi-visiter-la-tour-du-crest\" class=\"wp-block-heading\">Pourquoi visiter la Tour du Crest ?<\/h3>\n\n\n\n<p>Difficile de manquer la tour de Crest si vous venez visiter la Dr\u00f4me. Avec une hauteur de 52 m\u00e8tres, il s\u2019agit tout simplement du plus haut donjon m\u00e9di\u00e9val de France. L\u2019\u00e9t\u00e9 c\u2019est un monument historique pris d\u2019assaut par de nombreux vacanciers (pr\u00e9voyez une visite t\u00f4t le matin). Cet imposant vestige poss\u00e8de une fascinante histoire, servant autrefois de prison d\u2019\u00e9tat et d\u2019ancien lieu de pouvoir f\u00e9odal. Construite au 12\u00e8 si\u00e8cle, la mythique tour surplombe aujourd\u2019hui la ville de Crest, comme si elle surveillait la belle cit\u00e9.<\/p>\n\n\n\n<p>Pour en savoir plus sur l\u2019histoire du donjon et du ch\u00e2teau de Crest, on vous conseille d\u2019opter pour une visite guid\u00e9e des 15 salles r\u00e9parties sur 5 \u00e9tages, et aussi de participer \u00e0 des ateliers p\u00e9dagogiques sur r\u00e9servation.<\/p>\n\n\n\n<h2 id=\"ou-se-loger-pour-visiter-la-drome\" class=\"wp-block-heading\">O\u00f9 se loger pour visiter la Dr\u00f4me ?<\/h2>\n\n\n\n<p>Toploc r\u00e9f\u00e9rence des <a href=\"https:\/\/toploc.com\/locations-vacances\/drome\">locations vacances Dr\u00f4me<\/a>, des <a href=\"https:\/\/toploc.com\/gite\/drome\">gites Dr\u00f4me<\/a> et aux alentours. Notre mission, vous aider \u00e0 reconnecter avec le plein air en vous accompagnant dans la cr\u00e9ation de s\u00e9jour nature. Surtout lorsque vous irez visiter la Dr\u00f4me que nous adorons.<\/p>\n\n\n\n<iframe loading=\"lazy\" width=\"100%\" height=\"450px\" frameborder=\"0\" src=\"https:\/\/toploc.com\/embed\/maps?location=Dr\u00f4me&#038;dates=&#038;people=1&#038;from_home=true&#038;start_date=&#038;end_date=&#038;bbox_area=&#038;commit=Je+cr\u00e9e+mon+s\u00e9jour+nature\"><\/iframe>\n\n\n\n<h2 id=\"faq-tout-savoir-pour-visiter-la-drome\" class=\"wp-block-heading\">FAQ : tout savoir pour visiter la Dr\u00f4me<\/h2>\n\n\n\n<h3 id=\"ou-telecharger-une-carte-touristique-de-la-drome-en-pdf\" class=\"wp-block-heading\">O\u00f9 t\u00e9l\u00e9charger une carte touristique de la Dr\u00f4me en .pdf ?<\/h3>\n\n\n\n<p>Vous aurez certainement besoin d\u2019une carte touristique de la Dr\u00f4me. Nous avons repris la carte touristique de la Dr\u00f4me propos\u00e9e par le site La Dr\u00f4me Tourisme \u00e0 t\u00e9l\u00e9charger ci-dessous \ud83d\udc47 au format PDF.<\/p>\n\n\n\n<div class=\"wp-block-buttons is-content-justification-center is-layout-flex wp-container-core-buttons-is-layout-16018d1d wp-block-buttons-is-layout-flex\">\n<div class=\"wp-block-button\"><a class=\"wp-block-button__link has-background has-small-font-size has-custom-font-size wp-element-button\" href=\"https:\/\/blog.toploc.com\/wp-content\/uploads\/2023\/04\/bd-carte-drome-tourisme-2022.pdf\" style=\"background-color:#006b52\"><strong>CARTE TOURISTIQUE DR\u00d4ME .PDF<\/strong><\/a><\/div>\n<\/div>\n\n\n\n<h3 id=\"quelles-sont-les-montagnes-a-voir-dans-la-drome\" class=\"wp-block-heading\">Quelles sont les montagnes \u00e0 voir dans la Dr\u00f4me?<\/h3>\n\n\n\n<p>Les montagnes \u00e0 voir dans la Dr\u00f4me sont le massif du Vercors \u00e0 cheval entre l\u2019Is\u00e8re et la Dr\u00f4me, la montagne de la Lance, la montagne de Couspeau ou encore le massif des Baronnies.<\/p>\n\n\n\n<h3 id=\"comment-sappelle-le-plus-haut-sommet-de-la-drome\" class=\"wp-block-heading\">Comment s\u2019appelle le plus haut sommet de la Dr\u00f4me ?<\/h3>\n\n\n\n<p>\u200b\u200bLe point culminant du d\u00e9partement de la Dr\u00f4me est le Rocher Rond. C&#8217;est aussi le point culminant du parc naturel r\u00e9gional du Vercors. Il se dresse au-dessus du site class\u00e9 du vallon de la Jarjatte \u00e0 2 453 m\u00e8tres. Il se trouve \u00e0 cheval sur le territoire de Lus-la-Croix-Haute dans la Dr\u00f4me et de D\u00e9voluy dans les Hautes-Alpes.<\/p>\n\n\n\n<h3 id=\"quels-sont-les-espaces-naturels-preserves\" class=\"wp-block-heading\">Quels sont les espaces naturels pr\u00e9serv\u00e9s&nbsp;?<\/h3>\n\n\n\n<p>Les espaces naturels \u00e0 pr\u00e9server&nbsp;:<\/p>\n\n\n\n<ul class=\"wp-block-list\">\n<li>Parc naturel r\u00e9gional du Vercors<\/li>\n\n\n\n<li>Parc naturel r\u00e9gional des baronnies proven\u00e7ales<\/li>\n\n\n\n<li>R\u00e9serve naturelle nationale des Rami\u00e8res Val de Dr\u00f4me<\/li>\n\n\n\n<li>Marais des Bouligons<\/li>\n\n\n\n<li>For\u00eat de Sao\u00fb<\/li>\n\n\n\n<li>Le Belv\u00e9d\u00e8re de Pierre Aiguille<\/li>\n\n\n\n<li>Le Plateau D\u2019ambel<\/li>\n\n\n\n<li>Espace naturel sensible des mares de Bachassier<\/li>\n\n\n\n<li>Espace naturel sensible de Font D\u2019Urle<\/li>\n<\/ul>\n\n\n\n<h3 id=\"comment-visiter-la-drome-en-5-jours\" class=\"wp-block-heading\">Comment visiter la Dr\u00f4me en 5 jours ?<\/h3>\n\n\n\n<p>Voici l\u2019itin\u00e9raire Toploc pour visiter la Dr\u00f4me en 5 jours :&nbsp;<\/p>\n\n\n\n<ul class=\"wp-block-list\">\n<li>Jour 1 : D\u00e9marrez votre s\u00e9jour par la visite de Valence, c&#8217;est la pr\u00e9fecture et la plus grande ville de la Dr\u00f4me. Pique-niquez au parc Jouvet.<\/li>\n\n\n\n<li>Jour 2 : Prenez la direction de Tain l\u2019Hermitage et visitez le mus\u00e9e du chocolat. Profitez-en pour faire une d\u00e9gustation de vin chez M. Chapoutier.<\/li>\n\n\n\n<li>Jour 3 :&nbsp;Visitez la ville de Mont\u00e9limar et sa sp\u00e9cialit\u00e9 : le nougat. Rendez-vous ensuite au Mus\u00e9e d&#8217;art contemporain.<\/li>\n\n\n\n<li>Jour 4 : Explorez le village perch\u00e9 de La Garde-Adh\u00e9mar. Visitez le ch\u00e2teau et la chapelle romane de la ville.<\/li>\n\n\n\n<li>Jour 5 : Terminez votre s\u00e9jour en explorant Hauterives. Vous y trouverez le le Palais Id\u00e9al du Facteur Cheval. Une visite agr\u00e9able en famille pour d\u00e9couvrir un monument in\u00e9dit. <\/li>\n<\/ul>\n\n\n\n<h3 id=\"quelles-sont-les-meilleures-visites-religieuses-de-la-drome\" class=\"wp-block-heading\">Quelles sont les meilleures visites religieuses de la Dr\u00f4me&nbsp;?<\/h3>\n\n\n\n<p>On trouve de nombreux \u00e9difices religieux dans la Dr\u00f4me. Alors si vous voulez les visiter, voici une petite liste afin de vous guider :<\/p>\n\n\n\n<ul class=\"wp-block-list\">\n<li>&nbsp;&nbsp;&nbsp;&nbsp;&nbsp;&nbsp;&nbsp;&nbsp;&nbsp;&nbsp; Le Coll\u00e9giale Saint-Sauveur, \u00e0 Grignan<\/li>\n\n\n\n<li>&nbsp;&nbsp;&nbsp;&nbsp;&nbsp;&nbsp;&nbsp;&nbsp;&nbsp;&nbsp; Le Coll\u00e9giale Saint-Pierre-et-Saint-Paul, \u00e0 Saint-Donat-sur-l\u2019Herbasse<\/li>\n\n\n\n<li>&nbsp;&nbsp;&nbsp;&nbsp;&nbsp;&nbsp;&nbsp;&nbsp;&nbsp;&nbsp; La Chapelle Saint-Vincent de Grignan, \u00e0 Grignan<\/li>\n\n\n\n<li>&nbsp;&nbsp;&nbsp;&nbsp;&nbsp;&nbsp;&nbsp;&nbsp;&nbsp;&nbsp; La Chapelle Saint-Christophe, \u00e0 Tain L\u2019Hermitage<\/li>\n\n\n\n<li>&nbsp;&nbsp;&nbsp;&nbsp;&nbsp;&nbsp;&nbsp;&nbsp;&nbsp;&nbsp; La Chapelle Saint-Torquat, \u00e0 Suze-la-Rousse<\/li>\n\n\n\n<li>&nbsp;&nbsp;&nbsp;&nbsp;&nbsp;&nbsp;&nbsp;&nbsp;&nbsp;&nbsp; La Chapelle des Carmes, \u00e0 Mont\u00e9limar<\/li>\n\n\n\n<li>&nbsp;&nbsp;&nbsp;&nbsp;&nbsp;&nbsp;&nbsp;&nbsp;&nbsp;&nbsp; L\u2019Abbaye Cistercienne de L\u00e9oncel, \u00e0 L\u00e9oncel<\/li>\n\n\n\n<li>&nbsp;&nbsp;&nbsp;&nbsp;&nbsp;&nbsp;&nbsp;&nbsp;&nbsp;&nbsp; La grande Cath\u00e9drale Saint-Apollinaire, \u00e0 Valence<\/li>\n\n\n\n<li>&nbsp;&nbsp;&nbsp;&nbsp;&nbsp;&nbsp;&nbsp;&nbsp;&nbsp;&nbsp; L\u2019\u00c9glise Saint-Bach, \u00e0 Suze-la-Rousse<\/li>\n\n\n\n<li>&nbsp;&nbsp;&nbsp;&nbsp;&nbsp;&nbsp;&nbsp;&nbsp;&nbsp;&nbsp; L\u2019\u00c9glise Saint-Jean-Baptiste, \u00e0 Valence<\/li>\n\n\n\n<li>&nbsp;&nbsp;&nbsp;&nbsp;&nbsp;&nbsp;&nbsp;&nbsp;&nbsp;&nbsp; L\u2019\u00c9glise Notre-Dame, \u00e0 Tain L\u2019Hermitage<\/li>\n\n\n\n<li>&nbsp;&nbsp;&nbsp;&nbsp;&nbsp;&nbsp;&nbsp;&nbsp;&nbsp;&nbsp; L\u2019\u00c9glise Saint-Philibert, \u00e0 Donz\u00e8re<\/li>\n\n\n\n<li>&nbsp;&nbsp;&nbsp;&nbsp;&nbsp;&nbsp;&nbsp;&nbsp;&nbsp;&nbsp; L\u2019\u00c9glise Romane de Comps, \u00e0 Comps<\/li>\n\n\n\n<li>&nbsp;&nbsp;&nbsp;&nbsp;&nbsp;&nbsp;&nbsp;&nbsp;&nbsp;&nbsp; L\u2019\u00c9glise Notre-Dame de Lourdes, Romans-sur-Is\u00e8re<\/li>\n\n\n\n<li>&nbsp;&nbsp;&nbsp;&nbsp;&nbsp;&nbsp;&nbsp;&nbsp;&nbsp;&nbsp; L\u2019\u00c9glise de la Nativit\u00e9, \u00e0 Montbrun-les-Bains<\/li>\n\n\n\n<li>&nbsp;&nbsp;&nbsp;&nbsp;&nbsp;&nbsp;&nbsp;&nbsp;&nbsp;&nbsp; L\u2019\u00c9glise de l\u2019Assomption, \u00e0 Moras-en-Valloire<\/li>\n\n\n\n<li>&nbsp;&nbsp;&nbsp;&nbsp;&nbsp;&nbsp;&nbsp;&nbsp;&nbsp;&nbsp; L\u2019\u00c9glise Orthodoxe, \u00e0 Saint-Laurent-en-Royans<\/li>\n\n\n\n<li>&nbsp;&nbsp;&nbsp;&nbsp;&nbsp;&nbsp;&nbsp;&nbsp;&nbsp;&nbsp; L\u2019\u00c9glise Saint-Michel, \u00e0 La Garde-Adh\u00e9mar<\/li>\n\n\n\n<li>&nbsp;&nbsp;&nbsp;&nbsp;&nbsp;&nbsp;&nbsp;&nbsp;&nbsp;&nbsp; Cath\u00e9drale Notre-Dame de Die, \u00e0 Die<\/li>\n<\/ul>\n\n\n\n<h3 id=\"quels-sont-les-plus-beaux-chateaux-de-la-drome\" class=\"wp-block-heading\">Quels sont les plus beaux ch\u00e2teaux de la Dr\u00f4me&nbsp;?<\/h3>\n\n\n\n<p>Voici la liste des plus beaux ch\u00e2teaux que vous pourriez visiter dans la Dr\u00f4me&nbsp;:<\/p>\n\n\n\n<ul class=\"wp-block-list\">\n<li>Ch\u00e2teau de Grignan, \u00e0 Grignan<\/li>\n\n\n\n<li>Ch\u00e2teau de Charmes, \u00e0 Charmes-sur-l\u2019Herbasse<\/li>\n\n\n\n<li>La Tour de Crest, \u00e0 Crest<\/li>\n\n\n\n<li>Ch\u00e2teau de Suze-la-Rousse, \u00e0 Suze-la-Rousse<\/li>\n\n\n\n<li>Palais Ideal du Facteur Cheval, \u00e0 Hauterives<\/li>\n\n\n\n<li>Ch\u00e2teau d&#8217;Aulan, \u00e0 Aulan<\/li>\n\n\n\n<li>Ch\u00e2teau des Adh\u00e9mar, \u00e0 Mont\u00e9limar<\/li>\n\n\n\n<li>Tour de Chamaret, \u00e0 Chamaret<\/li>\n\n\n\n<li>Ch\u00e2teau de la Roche en Valdaine, \u00e0 Rochefort-en-Valdaine<\/li>\n\n\n\n<li>Ch\u00e2teau du Po\u00ebt-Laval, \u00e0 Po\u00ebt-Laval<\/li>\n<\/ul>\n\n\n\n<h3 id=\"quels-sont-les-5-plus-belles-grottes-de-la-drome\" class=\"wp-block-heading\">Quels sont les 5 plus belles grottes de la Dr\u00f4me&nbsp;?<\/h3>\n\n\n\n<p>Voici la liste des plus belles grottes de la Dr\u00f4me\u00a0:<\/p>\n\n\n\n<ul class=\"wp-block-list\">\n<li>La grotte de Tha\u00efs<\/li>\n\n\n\n<li>La grotte de la Draye Blanche<\/li>\n\n\n\n<li>La grotte de la Luire<\/li>\n\n\n\n<li>La grotte de la Dame<\/li>\n\n\n\n<li>La grotte de Rochecourbi\u00e8re<\/li>\n<\/ul>\n\n\n\n<h3 id=\"quels-sont-les-10-meilleurs-trails-de-la-drome\" class=\"wp-block-heading\">Quels sont les 10 meilleurs trails de la Dr\u00f4me ?<\/h3>\n\n\n\n<p>Voici la liste des 10 meilleurs trails de la Dr\u00f4me : <\/p>\n\n\n\n<ol class=\"wp-block-list\">\n<li>Challenge Vall\u00e9e de la Dr\u00f4me<\/li>\n\n\n\n<li>Glandass\u2019Trail<\/li>\n\n\n\n<li>UTMC \u2013 Ultra Tour de la Motte-Chalan\u00e7on<\/li>\n\n\n\n<li>Trail de Mirmande<\/li>\n\n\n\n<li>Duo de l\u2019Hermitage<\/li>\n\n\n\n<li>Les Drayes du Vercors<\/li>\n\n\n\n<li>Trail des Truffi\u00e8res<\/li>\n\n\n\n<li>Trail Dr\u00f4me<\/li>\n\n\n\n<li>Trail Roche Colombe de la Paix<\/li>\n\n\n\n<li>Trail de Bathernay<\/li>\n<\/ol>\n\n\n\n<h3 id=\"quels-sont-les-5-musees-drome-a-visiter\" class=\"wp-block-heading\">Quels sont les 5 mus\u00e9es Dr\u00f4me \u00e0 visiter ?<\/h3>\n\n\n\n<p>Les 5 mus\u00e9es \u00e0 voir dans la Dr\u00f4me sont :<\/p>\n\n\n\n<ol class=\"wp-block-list\">\n<li>Le mus\u00e9e de la Chaussure \u00e0 Romans-sur-Is\u00e8re<\/li>\n\n\n\n<li>Le mus\u00e9e de la R\u00e9sistance \u00e0 Vassieux-en-Vercors<\/li>\n\n\n\n<li>Le mus\u00e9e de l\u2019eau \u00e0 Pont-en-Royans<\/li>\n\n\n\n<li>Le mus\u00e9e d\u2019arch\u00e9ologie tricastine \u00e0 Saint-Paul-Trois-ch\u00e2teaux<\/li>\n\n\n\n<li>Le mus\u00e9e d&#8217;art et d&#8217;arch\u00e9ologie de Valence<\/li>\n<\/ol>\n\n\n\n<p>Ma\u00ebl pour Toploc<\/p>\n","protected":false},"excerpt":{"rendered":"Au c\u0153ur de la r\u00e9gion Auvergne-Rh\u00f4ne-Alpes, la Dr\u00f4me s\u00e9duit par la diversit\u00e9 de ses paysages et la douceur&hellip;\n","protected":false},"author":15,"featured_media":147540,"comment_status":"open","ping_status":"closed","sticky":false,"template":"","format":"standard","meta":{"footnotes":""},"categories":[6859,114],"tags":[6892,11],"class_list":{"0":"post-102117","1":"post","2":"type-post","3":"status-publish","4":"format-standard","5":"has-post-thumbnail","7":"category-campagne","8":"category-france","9":"tag-drome","10":"tag-france"},"yoast_head":"<!-- This site is optimized with the Yoast SEO plugin v26.9 - https:\/\/yoast.com\/product\/yoast-seo-wordpress\/ -->\n<title>Les 10 choses \u00e0 faire et \u00e0 voir pour visiter la Dr\u00f4me<\/title>\n<meta name=\"description\" content=\"Visiter la Dr\u00f4me : Valence . Grignan . Suze-la-Rousse. Tour du Crest . Vercors . Baronnies Proven\u00e7ale . Palais Id\u00e9al Facteur Cheval\" \/>\n<meta name=\"robots\" content=\"index, follow, max-snippet:-1, max-image-preview:large, max-video-preview:-1\" \/>\n<link rel=\"canonical\" href=\"https:\/\/toploc.com\/blog\/france\/visiter-la-drome\" \/>\n<meta property=\"og:locale\" content=\"fr_FR\" \/>\n<meta property=\"og:type\" content=\"article\" \/>\n<meta property=\"og:title\" content=\"Les 10 choses \u00e0 faire et \u00e0 voir pour visiter la Dr\u00f4me\" \/>\n<meta property=\"og:description\" content=\"Visiter la Dr\u00f4me : Valence . Grignan . Suze-la-Rousse. Tour du Crest . Vercors . Baronnies Proven\u00e7ale . Palais Id\u00e9al Facteur Cheval\" \/>\n<meta property=\"og:url\" content=\"https:\/\/toploc.com\/blog\/france\/visiter-la-drome\" \/>\n<meta property=\"og:site_name\" content=\"Toploc\" \/>\n<meta property=\"article:publisher\" content=\"https:\/\/www.facebook.com\/locationfrancophone\" \/>\n<meta property=\"article:published_time\" content=\"2025-10-03T14:53:58+00:00\" \/>\n<meta property=\"article:modified_time\" content=\"2025-10-03T14:54:01+00:00\" \/>\n<meta property=\"og:image\" content=\"https:\/\/toploc.com\/blog\/wp-content\/uploads\/2024\/04\/randonnee-plateau-ambel-l-pascale.jpg\" \/>\n\t<meta property=\"og:image:width\" content=\"1024\" \/>\n\t<meta property=\"og:image:height\" content=\"675\" \/>\n\t<meta property=\"og:image:type\" content=\"image\/jpeg\" \/>\n<meta name=\"author\" content=\"Ma\u00ebl\" \/>\n<meta name=\"twitter:card\" content=\"summary_large_image\" \/>\n<meta name=\"twitter:label1\" content=\"\u00c9crit par\" \/>\n\t<meta name=\"twitter:data1\" content=\"Ma\u00ebl\" \/>\n\t<meta name=\"twitter:label2\" content=\"Dur\u00e9e de lecture estim\u00e9e\" \/>\n\t<meta name=\"twitter:data2\" content=\"20 minutes\" \/>\n<script type=\"application\/ld+json\" class=\"yoast-schema-graph\">{\"@context\":\"https:\/\/schema.org\",\"@graph\":[{\"@type\":\"Article\",\"@id\":\"https:\/\/toploc.com\/blog\/france\/visiter-la-drome#article\",\"isPartOf\":{\"@id\":\"https:\/\/toploc.com\/blog\/france\/visiter-la-drome\"},\"author\":{\"name\":\"Ma\u00ebl\",\"@id\":\"https:\/\/toploc.com\/blog\/#\/schema\/person\/7e2ebe289a733b81b04b07f6ec2e3b93\"},\"headline\":\"Les 10 choses \u00e0 faire et \u00e0 voir pour visiter la Dr\u00f4me\",\"datePublished\":\"2025-10-03T14:53:58+00:00\",\"dateModified\":\"2025-10-03T14:54:01+00:00\",\"mainEntityOfPage\":{\"@id\":\"https:\/\/toploc.com\/blog\/france\/visiter-la-drome\"},\"wordCount\":3898,\"commentCount\":0,\"publisher\":{\"@id\":\"https:\/\/toploc.com\/blog\/#organization\"},\"image\":{\"@id\":\"https:\/\/toploc.com\/blog\/france\/visiter-la-drome#primaryimage\"},\"thumbnailUrl\":\"https:\/\/toploc.com\/blog\/wp-content\/uploads\/2024\/04\/randonnee-plateau-ambel-l-pascale.jpg\",\"keywords\":[\"Dr\u00f4me\",\"France\"],\"articleSection\":[\"Campagne\",\"Itin\u00e9raires France\"],\"inLanguage\":\"fr-FR\",\"potentialAction\":[{\"@type\":\"CommentAction\",\"name\":\"Comment\",\"target\":[\"https:\/\/toploc.com\/blog\/france\/visiter-la-drome#respond\"]}]},{\"@type\":\"WebPage\",\"@id\":\"https:\/\/toploc.com\/blog\/france\/visiter-la-drome\",\"url\":\"https:\/\/toploc.com\/blog\/france\/visiter-la-drome\",\"name\":\"Les 10 choses \u00e0 faire et \u00e0 voir pour visiter la Dr\u00f4me\",\"isPartOf\":{\"@id\":\"https:\/\/toploc.com\/blog\/#website\"},\"primaryImageOfPage\":{\"@id\":\"https:\/\/toploc.com\/blog\/france\/visiter-la-drome#primaryimage\"},\"image\":{\"@id\":\"https:\/\/toploc.com\/blog\/france\/visiter-la-drome#primaryimage\"},\"thumbnailUrl\":\"https:\/\/toploc.com\/blog\/wp-content\/uploads\/2024\/04\/randonnee-plateau-ambel-l-pascale.jpg\",\"datePublished\":\"2025-10-03T14:53:58+00:00\",\"dateModified\":\"2025-10-03T14:54:01+00:00\",\"description\":\"Visiter la Dr\u00f4me : Valence . Grignan . Suze-la-Rousse. Tour du Crest . Vercors . Baronnies Proven\u00e7ale . Palais Id\u00e9al Facteur Cheval\",\"breadcrumb\":{\"@id\":\"https:\/\/toploc.com\/blog\/france\/visiter-la-drome#breadcrumb\"},\"inLanguage\":\"fr-FR\",\"potentialAction\":[{\"@type\":\"ReadAction\",\"target\":[\"https:\/\/toploc.com\/blog\/france\/visiter-la-drome\"]}]},{\"@type\":\"ImageObject\",\"inLanguage\":\"fr-FR\",\"@id\":\"https:\/\/toploc.com\/blog\/france\/visiter-la-drome#primaryimage\",\"url\":\"https:\/\/toploc.com\/blog\/wp-content\/uploads\/2024\/04\/randonnee-plateau-ambel-l-pascale.jpg\",\"contentUrl\":\"https:\/\/toploc.com\/blog\/wp-content\/uploads\/2024\/04\/randonnee-plateau-ambel-l-pascale.jpg\",\"width\":1024,\"height\":675,\"caption\":\"Randonn\u00e9e sur le Plateau d'Ambel \u00a9La Dr\u00f4me\"},{\"@type\":\"BreadcrumbList\",\"@id\":\"https:\/\/toploc.com\/blog\/france\/visiter-la-drome#breadcrumb\",\"itemListElement\":[{\"@type\":\"ListItem\",\"position\":1,\"name\":\"Accueil\",\"item\":\"https:\/\/toploc.com\/blog\"},{\"@type\":\"ListItem\",\"position\":2,\"name\":\"Les 10 choses \u00e0 faire et \u00e0 voir pour visiter la Dr\u00f4me\"}]},{\"@type\":\"WebSite\",\"@id\":\"https:\/\/toploc.com\/blog\/#website\",\"url\":\"https:\/\/toploc.com\/blog\/\",\"name\":\"Toploc\",\"description\":\"Itin\u00e9raires natures et locations de vacances en groupe\",\"publisher\":{\"@id\":\"https:\/\/toploc.com\/blog\/#organization\"},\"potentialAction\":[{\"@type\":\"SearchAction\",\"target\":{\"@type\":\"EntryPoint\",\"urlTemplate\":\"https:\/\/toploc.com\/blog\/?s={search_term_string}\"},\"query-input\":{\"@type\":\"PropertyValueSpecification\",\"valueRequired\":true,\"valueName\":\"search_term_string\"}}],\"inLanguage\":\"fr-FR\"},{\"@type\":\"Organization\",\"@id\":\"https:\/\/toploc.com\/blog\/#organization\",\"name\":\"Toploc\",\"url\":\"https:\/\/toploc.com\/blog\/\",\"logo\":{\"@type\":\"ImageObject\",\"inLanguage\":\"fr-FR\",\"@id\":\"https:\/\/toploc.com\/blog\/#\/schema\/logo\/image\/\",\"url\":\"https:\/\/blog.toploc.com\/wp-content\/uploads\/2022\/03\/toploc_facebook_5.png\",\"contentUrl\":\"https:\/\/blog.toploc.com\/wp-content\/uploads\/2022\/03\/toploc_facebook_5.png\",\"width\":600,\"height\":600,\"caption\":\"Toploc\"},\"image\":{\"@id\":\"https:\/\/toploc.com\/blog\/#\/schema\/logo\/image\/\"},\"sameAs\":[\"https:\/\/www.facebook.com\/locationfrancophone\",\"https:\/\/www.instagram.com\/toploc_\",\"https:\/\/www.pinterest.fr\/Toploc_\/\"]},{\"@type\":\"Person\",\"@id\":\"https:\/\/toploc.com\/blog\/#\/schema\/person\/7e2ebe289a733b81b04b07f6ec2e3b93\",\"name\":\"Ma\u00ebl\",\"image\":{\"@type\":\"ImageObject\",\"inLanguage\":\"fr-FR\",\"@id\":\"https:\/\/toploc.com\/blog\/#\/schema\/person\/image\/\",\"url\":\"https:\/\/secure.gravatar.com\/avatar\/2d32fb95c878a284cc9e8236b8664651ac94ad0d82c0f4811eac0717c9548669?s=96&d=mm&r=g\",\"contentUrl\":\"https:\/\/secure.gravatar.com\/avatar\/2d32fb95c878a284cc9e8236b8664651ac94ad0d82c0f4811eac0717c9548669?s=96&d=mm&r=g\",\"caption\":\"Ma\u00ebl\"},\"description\":\"Bonjour, moi c'est Ma\u00ebl. J'adore voyager et d\u00e9couvrir de nouveaux coins nature autour de chez moi. Je partage avec vous des activit\u00e9s et des lieux \u00e0 visiter en famille ou entre amis !\",\"url\":\"https:\/\/toploc.com\/blog\/author\/maeltoploc-com\"}]}<\/script>\n<!-- \/ Yoast SEO plugin. -->","yoast_head_json":{"title":"Les 10 choses \u00e0 faire et \u00e0 voir pour visiter la Dr\u00f4me","description":"Visiter la Dr\u00f4me : Valence . Grignan . Suze-la-Rousse. Tour du Crest . Vercors . Baronnies Proven\u00e7ale . Palais Id\u00e9al Facteur Cheval","robots":{"index":"index","follow":"follow","max-snippet":"max-snippet:-1","max-image-preview":"max-image-preview:large","max-video-preview":"max-video-preview:-1"},"canonical":"https:\/\/toploc.com\/blog\/france\/visiter-la-drome","og_locale":"fr_FR","og_type":"article","og_title":"Les 10 choses \u00e0 faire et \u00e0 voir pour visiter la Dr\u00f4me","og_description":"Visiter la Dr\u00f4me : Valence . Grignan . Suze-la-Rousse. Tour du Crest . Vercors . Baronnies Proven\u00e7ale . Palais Id\u00e9al Facteur Cheval","og_url":"https:\/\/toploc.com\/blog\/france\/visiter-la-drome","og_site_name":"Toploc","article_publisher":"https:\/\/www.facebook.com\/locationfrancophone","article_published_time":"2025-10-03T14:53:58+00:00","article_modified_time":"2025-10-03T14:54:01+00:00","og_image":[{"width":1024,"height":675,"url":"https:\/\/toploc.com\/blog\/wp-content\/uploads\/2024\/04\/randonnee-plateau-ambel-l-pascale.jpg","type":"image\/jpeg"}],"author":"Ma\u00ebl","twitter_card":"summary_large_image","twitter_misc":{"\u00c9crit par":"Ma\u00ebl","Dur\u00e9e de lecture estim\u00e9e":"20 minutes"},"schema":{"@context":"https:\/\/schema.org","@graph":[{"@type":"Article","@id":"https:\/\/toploc.com\/blog\/france\/visiter-la-drome#article","isPartOf":{"@id":"https:\/\/toploc.com\/blog\/france\/visiter-la-drome"},"author":{"name":"Ma\u00ebl","@id":"https:\/\/toploc.com\/blog\/#\/schema\/person\/7e2ebe289a733b81b04b07f6ec2e3b93"},"headline":"Les 10 choses \u00e0 faire et \u00e0 voir pour visiter la Dr\u00f4me","datePublished":"2025-10-03T14:53:58+00:00","dateModified":"2025-10-03T14:54:01+00:00","mainEntityOfPage":{"@id":"https:\/\/toploc.com\/blog\/france\/visiter-la-drome"},"wordCount":3898,"commentCount":0,"publisher":{"@id":"https:\/\/toploc.com\/blog\/#organization"},"image":{"@id":"https:\/\/toploc.com\/blog\/france\/visiter-la-drome#primaryimage"},"thumbnailUrl":"https:\/\/toploc.com\/blog\/wp-content\/uploads\/2024\/04\/randonnee-plateau-ambel-l-pascale.jpg","keywords":["Dr\u00f4me","France"],"articleSection":["Campagne","Itin\u00e9raires France"],"inLanguage":"fr-FR","potentialAction":[{"@type":"CommentAction","name":"Comment","target":["https:\/\/toploc.com\/blog\/france\/visiter-la-drome#respond"]}]},{"@type":"WebPage","@id":"https:\/\/toploc.com\/blog\/france\/visiter-la-drome","url":"https:\/\/toploc.com\/blog\/france\/visiter-la-drome","name":"Les 10 choses \u00e0 faire et \u00e0 voir pour visiter la Dr\u00f4me","isPartOf":{"@id":"https:\/\/toploc.com\/blog\/#website"},"primaryImageOfPage":{"@id":"https:\/\/toploc.com\/blog\/france\/visiter-la-drome#primaryimage"},"image":{"@id":"https:\/\/toploc.com\/blog\/france\/visiter-la-drome#primaryimage"},"thumbnailUrl":"https:\/\/toploc.com\/blog\/wp-content\/uploads\/2024\/04\/randonnee-plateau-ambel-l-pascale.jpg","datePublished":"2025-10-03T14:53:58+00:00","dateModified":"2025-10-03T14:54:01+00:00","description":"Visiter la Dr\u00f4me : Valence . Grignan . Suze-la-Rousse. Tour du Crest . Vercors . Baronnies Proven\u00e7ale . Palais Id\u00e9al Facteur Cheval","breadcrumb":{"@id":"https:\/\/toploc.com\/blog\/france\/visiter-la-drome#breadcrumb"},"inLanguage":"fr-FR","potentialAction":[{"@type":"ReadAction","target":["https:\/\/toploc.com\/blog\/france\/visiter-la-drome"]}]},{"@type":"ImageObject","inLanguage":"fr-FR","@id":"https:\/\/toploc.com\/blog\/france\/visiter-la-drome#primaryimage","url":"https:\/\/toploc.com\/blog\/wp-content\/uploads\/2024\/04\/randonnee-plateau-ambel-l-pascale.jpg","contentUrl":"https:\/\/toploc.com\/blog\/wp-content\/uploads\/2024\/04\/randonnee-plateau-ambel-l-pascale.jpg","width":1024,"height":675,"caption":"Randonn\u00e9e sur le Plateau d'Ambel \u00a9La Dr\u00f4me"},{"@type":"BreadcrumbList","@id":"https:\/\/toploc.com\/blog\/france\/visiter-la-drome#breadcrumb","itemListElement":[{"@type":"ListItem","position":1,"name":"Accueil","item":"https:\/\/toploc.com\/blog"},{"@type":"ListItem","position":2,"name":"Les 10 choses \u00e0 faire et \u00e0 voir pour visiter la Dr\u00f4me"}]},{"@type":"WebSite","@id":"https:\/\/toploc.com\/blog\/#website","url":"https:\/\/toploc.com\/blog\/","name":"Toploc","description":"Itin\u00e9raires natures et locations de vacances en groupe","publisher":{"@id":"https:\/\/toploc.com\/blog\/#organization"},"potentialAction":[{"@type":"SearchAction","target":{"@type":"EntryPoint","urlTemplate":"https:\/\/toploc.com\/blog\/?s={search_term_string}"},"query-input":{"@type":"PropertyValueSpecification","valueRequired":true,"valueName":"search_term_string"}}],"inLanguage":"fr-FR"},{"@type":"Organization","@id":"https:\/\/toploc.com\/blog\/#organization","name":"Toploc","url":"https:\/\/toploc.com\/blog\/","logo":{"@type":"ImageObject","inLanguage":"fr-FR","@id":"https:\/\/toploc.com\/blog\/#\/schema\/logo\/image\/","url":"https:\/\/blog.toploc.com\/wp-content\/uploads\/2022\/03\/toploc_facebook_5.png","contentUrl":"https:\/\/blog.toploc.com\/wp-content\/uploads\/2022\/03\/toploc_facebook_5.png","width":600,"height":600,"caption":"Toploc"},"image":{"@id":"https:\/\/toploc.com\/blog\/#\/schema\/logo\/image\/"},"sameAs":["https:\/\/www.facebook.com\/locationfrancophone","https:\/\/www.instagram.com\/toploc_","https:\/\/www.pinterest.fr\/Toploc_\/"]},{"@type":"Person","@id":"https:\/\/toploc.com\/blog\/#\/schema\/person\/7e2ebe289a733b81b04b07f6ec2e3b93","name":"Ma\u00ebl","image":{"@type":"ImageObject","inLanguage":"fr-FR","@id":"https:\/\/toploc.com\/blog\/#\/schema\/person\/image\/","url":"https:\/\/secure.gravatar.com\/avatar\/2d32fb95c878a284cc9e8236b8664651ac94ad0d82c0f4811eac0717c9548669?s=96&d=mm&r=g","contentUrl":"https:\/\/secure.gravatar.com\/avatar\/2d32fb95c878a284cc9e8236b8664651ac94ad0d82c0f4811eac0717c9548669?s=96&d=mm&r=g","caption":"Ma\u00ebl"},"description":"Bonjour, moi c'est Ma\u00ebl. J'adore voyager et d\u00e9couvrir de nouveaux coins nature autour de chez moi. Je partage avec vous des activit\u00e9s et des lieux \u00e0 visiter en famille ou entre amis !","url":"https:\/\/toploc.com\/blog\/author\/maeltoploc-com"}]}},"_links":{"self":[{"href":"https:\/\/toploc.com\/blog\/wp-json\/wp\/v2\/posts\/102117","targetHints":{"allow":["GET"]}}],"collection":[{"href":"https:\/\/toploc.com\/blog\/wp-json\/wp\/v2\/posts"}],"about":[{"href":"https:\/\/toploc.com\/blog\/wp-json\/wp\/v2\/types\/post"}],"author":[{"embeddable":true,"href":"https:\/\/toploc.com\/blog\/wp-json\/wp\/v2\/users\/15"}],"replies":[{"embeddable":true,"href":"https:\/\/toploc.com\/blog\/wp-json\/wp\/v2\/comments?post=102117"}],"version-history":[{"count":61,"href":"https:\/\/toploc.com\/blog\/wp-json\/wp\/v2\/posts\/102117\/revisions"}],"predecessor-version":[{"id":157626,"href":"https:\/\/toploc.com\/blog\/wp-json\/wp\/v2\/posts\/102117\/revisions\/157626"}],"wp:featuredmedia":[{"embeddable":true,"href":"https:\/\/toploc.com\/blog\/wp-json\/wp\/v2\/media\/147540"}],"wp:attachment":[{"href":"https:\/\/toploc.com\/blog\/wp-json\/wp\/v2\/media?parent=102117"}],"wp:term":[{"taxonomy":"category","embeddable":true,"href":"https:\/\/toploc.com\/blog\/wp-json\/wp\/v2\/categories?post=102117"},{"taxonomy":"post_tag","embeddable":true,"href":"https:\/\/toploc.com\/blog\/wp-json\/wp\/v2\/tags?post=102117"}],"curies":[{"name":"wp","href":"https:\/\/api.w.org\/{rel}","templated":true}]}}