{"id":100451,"date":"2024-01-16T09:24:58","date_gmt":"2024-01-16T08:24:58","guid":{"rendered":"https:\/\/www.location-francophone.com\/?p=100451"},"modified":"2024-01-16T11:25:53","modified_gmt":"2024-01-16T10:25:53","slug":"plages-de-la-cote-d-azur","status":"publish","type":"post","link":"https:\/\/toploc.com\/blog\/france\/plages-de-la-cote-d-azur","title":{"rendered":"Les 3 plus belles plages de la C\u00f4te d\u2019Azur\u00a0pour se baigner"},"content":{"rendered":"\n<p>La France fait partie des pays les plus visit\u00e9s pendant les vacances d\u2019\u00e9t\u00e9, et nombreux sont ceux qui viennent surtout pour\u2026 les belles plages. Apr\u00e8s avoir d\u00e9couvert les magnifiques coins de sable de la c\u00f4te Atlantique, on va d\u00e9sormais s\u2019attarder sur les plages du sud de la France, et plus pr\u00e9cis\u00e9ment du c\u00f4t\u00e9 de la C\u00f4te d\u2019Azur. La liste est certes tr\u00e8s longue, mais en voici trois qui vous offriront \u00e0 coup s\u00fbr un s\u00e9jour m\u00e9morable lors de vos vacances sur la C\u00f4te d\u2019Azur.<\/p>\n\n\n\n<p>A lire : <a href=\"https:\/\/blog.toploc.com\/blog\/france\/plages-nice\">Les 10 meilleures plages de Nice pour se baigner<\/a><\/p>\n\n\n\n<h2 id=\"la-plage-paloma-saint-jean-cap-ferrat\" class=\"wp-block-heading\">La plage Paloma (Saint-Jean-Cap-Ferrat)<\/h2>\n\n\n<div class=\"wp-block-image\">\n<figure class=\"aligncenter\"><a href=\"https:\/\/blog.toploc.com\/wp-content\/uploads\/2020\/08\/Profitez-dun-moment-de-detente-sur-la-plage-Paloma-a-Saint-Jean-Cap-Ferrat-lors-de-vos-vacances-sur-la-Cote-dAzur.jpg\"><img loading=\"lazy\" decoding=\"async\" width=\"700\" height=\"452\" src=\"https:\/\/blog.toploc.com\/wp-content\/uploads\/2020\/08\/Profitez-dun-moment-de-detente-sur-la-plage-Paloma-a-Saint-Jean-Cap-Ferrat-lors-de-vos-vacances-sur-la-Cote-dAzur.jpg\" alt=\"Profitez d'un moment de d\u00e9tente sur la plage Paloma \u00e0 Saint-Jean-Cap-Ferrat lors de vos vacances sur la C\u00f4te d\u2019Azur\" class=\"wp-image-100452\"\/><\/a><figcaption class=\"wp-element-caption\"><small>Profitez d&#8217;un moment de d\u00e9tente sur la plage Paloma \u00e0 Saint-Jean-Cap-Ferrat lors de vos vacances sur la C\u00f4te d\u2019Azur<\/small><\/figcaption><\/figure>\n<\/div>\n\n\n<h3 id=\"pourquoi-la-plage-paloma-fait-partie-des-plus-belles-plages-de-la-cote-dazur\" class=\"wp-block-heading\">Pourquoi la plage Paloma fait partie des plus belles plages de la C\u00f4te d&#8217;Azur ?<\/h3>\n\n\n\n<p>Situ\u00e9e \u00e0 Saint-Jean-Cap-Ferrat, cette plage Paloma fait partie de ces endroits o\u00f9 l\u2019on peut rencontrer des stars durant les vacances sur la C\u00f4te d\u2019Azur. Des c\u00e9l\u00e9brit\u00e9s viennent en effet se d\u00e9tendre sous le soleil sur le sable blanc, du moins dans la partie privative, sachant que la plage est mi priv\u00e9e mi publique. Le grand avantage de Paloma reste le paysage magnifique qu\u2019elle offre aux vacanciers, avec une splendide vue sur la baie de Beaulieu et la c\u00f4te italienne.<\/p>\n\n\n\n<h2 id=\"la-plage-de-la-mala-cap-dail\" class=\"wp-block-heading\">La plage de la Mala (Cap d\u2019Ail)<\/h2>\n\n\n<div class=\"wp-block-image\">\n<figure class=\"aligncenter\"><a href=\"https:\/\/blog.toploc.com\/wp-content\/uploads\/2020\/08\/La-plage-de-La-Mala-un-incontournable-lors-de-votre-sejour-sur-la-Cote-dAzur.jpg\"><img loading=\"lazy\" decoding=\"async\" width=\"700\" height=\"452\" src=\"https:\/\/blog.toploc.com\/wp-content\/uploads\/2020\/08\/La-plage-de-La-Mala-un-incontournable-lors-de-votre-sejour-sur-la-Cote-dAzur.jpg\" alt=\"La plage de La Mala, un incontournable lors de votre s\u00e9jour sur la C\u00f4te d'Azur\" class=\"wp-image-100453\"\/><\/a><figcaption class=\"wp-element-caption\"><small>La plage de La Mala, un incontournable lors de votre s\u00e9jour sur la C\u00f4te d&#8217;Azur<\/small><\/figcaption><\/figure>\n<\/div>\n\n\n<h3 id=\"pourquoi-la-plage-de-la-mala-fait-partie-des-plus-belles-plages-de-la-cote-dazur\" class=\"wp-block-heading\">Pourquoi la plage de la Mala fait partie des plus belles plages de la C\u00f4te d&#8217;Azur ?<\/h3>\n\n\n\n<p>Il s\u2019agit tout simplement de l\u2019attraction phare de la commune de Cap d\u2019Ail dans le d\u00e9partement des <a href=\"https:\/\/blog.toploc.com\/blog\/france\/visiter-les-alpes-maritimes\">Alpes-Maritimes<\/a>. En effet, la plage de la Mala est prise d\u2019assaut par de nombreux vacanciers pendant l\u2019\u00e9t\u00e9. Ces derniers viennent profiter du cadre somptueux propos\u00e9 dans ce coin de paradis du sud de la France. Les amateurs de farniente adorent cette plage nich\u00e9e entre les rochers, et ceux qui voyagent en famille aussi vu le nombre d\u2019activit\u00e9s nautiques que l\u2019on peut pratiquer avec les enfants. Pr\u00e9parez-vous \u00e0 descendre un escalier de 150 marches pour y acc\u00e9der, mais apr\u00e8s l\u2019effort le r\u00e9confort !<\/p>\n\n\n\n<h2 id=\"la-plage-de-la-petite-afrique\" class=\"wp-block-heading\">La plage de la Petite Afrique<\/h2>\n\n\n<div class=\"wp-block-image\">\n<figure class=\"aligncenter\"><a href=\"https:\/\/blog.toploc.com\/wp-content\/uploads\/2020\/08\/Deposez-votre-serviette-sur-la-plage-de-la-petite-afrique-lors-de-vos-vacances-a-Beaulieu-sur-Mer.jpg\"><img loading=\"lazy\" decoding=\"async\" width=\"700\" height=\"451\" src=\"https:\/\/blog.toploc.com\/wp-content\/uploads\/2020\/08\/Deposez-votre-serviette-sur-la-plage-de-la-petite-afrique-lors-de-vos-vacances-a-Beaulieu-sur-Mer.jpg\" alt=\"D\u00e9posez votre serviette sur la plage de la petite afrique lors de vos vacances \u00e0 Beaulieu-sur-Mer\" class=\"wp-image-100454\"\/><\/a><figcaption class=\"wp-element-caption\"><small>D\u00e9posez votre serviette sur la plage de la petite afrique lors de vos vacances \u00e0 Beaulieu-sur-Mer<\/small><\/figcaption><\/figure>\n<\/div>\n\n\n<h3 id=\"pourquoi-la-plage-de-la-petite-afrique-fait-partie-des-plus-belles-plages-de-la-cote-dazur\" class=\"wp-block-heading\">Pourquoi la plage de la petite Afrique fait partie des plus belles plages de la C\u00f4te d&#8217;Azur ?<\/h3>\n\n\n\n<p>A l\u2019image de son nom hors du commun, la plage de la Petite Afrique est une plage unique qui poss\u00e8de les meilleurs atouts pour vraiment se d\u00e9marquer des autres. Id\u00e9ale pour toute la famille, celle-ci se situe non loin de Monaco \u00e0 Beaulieu-sur-Mer. Les adultes profiteront du soleil en se pr\u00e9lassant sur des transats, pendant que les enfants s\u2019amuseront dans l\u2019aire de jeu sp\u00e9cialement am\u00e9nag\u00e9e pour eux sous l\u2019ombre des pins maritimes. Sable blond, falaise calcaire, mais \u00e9galement for\u00eat d\u2019arbres exotiques\u2026 tout est parfait c\u00f4t\u00e9 paysage pour vos vacances sur la C\u00f4te d\u2019Azur. La plage de la Petite Afrique fait partie de <a href=\"https:\/\/www.location-francophone.com\/blog\/destinations-entre-mer-et-montagne\/\">ces rares sites o\u00f9 mer et montagne se c\u00f4toient<\/a>.<\/p>\n\n\n\n<p>Julien pour <a href=\"https:\/\/toploc.com\">Toploc<\/a><\/p>\n","protected":false},"excerpt":{"rendered":"La France fait partie des pays les plus visit\u00e9s pendant les vacances d\u2019\u00e9t\u00e9, et nombreux sont ceux qui&hellip;\n","protected":false},"author":3,"featured_media":100452,"comment_status":"open","ping_status":"closed","sticky":false,"template":"","format":"standard","meta":{"footnotes":""},"categories":[114,7360],"tags":[6326],"class_list":{"0":"post-100451","1":"post","2":"type-post","3":"status-publish","4":"format-standard","5":"has-post-thumbnail","7":"category-france","8":"category-plages","9":"tag-les-belles-plages-de-la-cote-dazur"},"yoast_head":"<!-- This site is optimized with the Yoast SEO plugin v26.9 - https:\/\/yoast.com\/product\/yoast-seo-wordpress\/ -->\n<title>Les 3 plus belles plages de la C\u00f4te d\u2019Azur\u00a0pour se baigner<\/title>\n<meta name=\"description\" content=\"Plages de la C\u00f4te d&#039;Azur : La plage Paloma (Saint-Jean-Cap-Ferrat) . La plage de la Mala (Cap d\u2019Ail) . La plage de la Petite Afrique .\" \/>\n<meta name=\"robots\" content=\"index, follow, max-snippet:-1, max-image-preview:large, max-video-preview:-1\" \/>\n<link rel=\"canonical\" href=\"https:\/\/toploc.com\/blog\/france\/plages-de-la-cote-d-azur\" \/>\n<meta property=\"og:locale\" content=\"fr_FR\" \/>\n<meta property=\"og:type\" content=\"article\" \/>\n<meta property=\"og:title\" content=\"Les 3 plus belles plages de la C\u00f4te d\u2019Azur\u00a0pour se baigner\" \/>\n<meta property=\"og:description\" content=\"Plages de la C\u00f4te d&#039;Azur : La plage Paloma (Saint-Jean-Cap-Ferrat) . La plage de la Mala (Cap d\u2019Ail) . La plage de la Petite Afrique .\" \/>\n<meta property=\"og:url\" content=\"https:\/\/toploc.com\/blog\/france\/plages-de-la-cote-d-azur\" \/>\n<meta property=\"og:site_name\" content=\"Toploc\" \/>\n<meta property=\"article:publisher\" content=\"https:\/\/www.facebook.com\/locationfrancophone\" \/>\n<meta property=\"article:published_time\" content=\"2024-01-16T08:24:58+00:00\" \/>\n<meta property=\"article:modified_time\" content=\"2024-01-16T10:25:53+00:00\" \/>\n<meta property=\"og:image\" content=\"https:\/\/toploc.com\/blog\/wp-content\/uploads\/2020\/08\/Profitez-dun-moment-de-detente-sur-la-plage-Paloma-a-Saint-Jean-Cap-Ferrat-lors-de-vos-vacances-sur-la-Cote-dAzur.jpg\" \/>\n\t<meta property=\"og:image:width\" content=\"700\" \/>\n\t<meta property=\"og:image:height\" content=\"452\" \/>\n\t<meta property=\"og:image:type\" content=\"image\/jpeg\" \/>\n<meta name=\"author\" content=\"Julien\" \/>\n<meta name=\"twitter:card\" content=\"summary_large_image\" \/>\n<meta name=\"twitter:label1\" content=\"\u00c9crit par\" \/>\n\t<meta name=\"twitter:data1\" content=\"Julien\" \/>\n\t<meta name=\"twitter:label2\" content=\"Dur\u00e9e de lecture estim\u00e9e\" \/>\n\t<meta name=\"twitter:data2\" content=\"4 minutes\" \/>\n<script type=\"application\/ld+json\" class=\"yoast-schema-graph\">{\"@context\":\"https:\/\/schema.org\",\"@graph\":[{\"@type\":\"Article\",\"@id\":\"https:\/\/toploc.com\/blog\/france\/plages-de-la-cote-d-azur#article\",\"isPartOf\":{\"@id\":\"https:\/\/toploc.com\/blog\/france\/plages-de-la-cote-d-azur\"},\"author\":{\"name\":\"Julien\",\"@id\":\"https:\/\/toploc.com\/blog\/#\/schema\/person\/b66f845e3e2106301dee05e5bc776788\"},\"headline\":\"Les 3 plus belles plages de la C\u00f4te d\u2019Azur\u00a0pour se baigner\",\"datePublished\":\"2024-01-16T08:24:58+00:00\",\"dateModified\":\"2024-01-16T10:25:53+00:00\",\"mainEntityOfPage\":{\"@id\":\"https:\/\/toploc.com\/blog\/france\/plages-de-la-cote-d-azur\"},\"wordCount\":581,\"commentCount\":0,\"publisher\":{\"@id\":\"https:\/\/toploc.com\/blog\/#organization\"},\"image\":{\"@id\":\"https:\/\/toploc.com\/blog\/france\/plages-de-la-cote-d-azur#primaryimage\"},\"thumbnailUrl\":\"https:\/\/toploc.com\/blog\/wp-content\/uploads\/2020\/08\/Profitez-dun-moment-de-detente-sur-la-plage-Paloma-a-Saint-Jean-Cap-Ferrat-lors-de-vos-vacances-sur-la-Cote-dAzur.jpg\",\"keywords\":[\"les belles plages de la C\u00f4te d\u2019Azur\"],\"articleSection\":[\"Itin\u00e9raires France\",\"Plages\"],\"inLanguage\":\"fr-FR\",\"potentialAction\":[{\"@type\":\"CommentAction\",\"name\":\"Comment\",\"target\":[\"https:\/\/toploc.com\/blog\/france\/plages-de-la-cote-d-azur#respond\"]}]},{\"@type\":\"WebPage\",\"@id\":\"https:\/\/toploc.com\/blog\/france\/plages-de-la-cote-d-azur\",\"url\":\"https:\/\/toploc.com\/blog\/france\/plages-de-la-cote-d-azur\",\"name\":\"Les 3 plus belles plages de la C\u00f4te d\u2019Azur\u00a0pour se baigner\",\"isPartOf\":{\"@id\":\"https:\/\/toploc.com\/blog\/#website\"},\"primaryImageOfPage\":{\"@id\":\"https:\/\/toploc.com\/blog\/france\/plages-de-la-cote-d-azur#primaryimage\"},\"image\":{\"@id\":\"https:\/\/toploc.com\/blog\/france\/plages-de-la-cote-d-azur#primaryimage\"},\"thumbnailUrl\":\"https:\/\/toploc.com\/blog\/wp-content\/uploads\/2020\/08\/Profitez-dun-moment-de-detente-sur-la-plage-Paloma-a-Saint-Jean-Cap-Ferrat-lors-de-vos-vacances-sur-la-Cote-dAzur.jpg\",\"datePublished\":\"2024-01-16T08:24:58+00:00\",\"dateModified\":\"2024-01-16T10:25:53+00:00\",\"description\":\"Plages de la C\u00f4te d'Azur : La plage Paloma (Saint-Jean-Cap-Ferrat) . La plage de la Mala (Cap d\u2019Ail) . La plage de la Petite Afrique .\",\"breadcrumb\":{\"@id\":\"https:\/\/toploc.com\/blog\/france\/plages-de-la-cote-d-azur#breadcrumb\"},\"inLanguage\":\"fr-FR\",\"potentialAction\":[{\"@type\":\"ReadAction\",\"target\":[\"https:\/\/toploc.com\/blog\/france\/plages-de-la-cote-d-azur\"]}]},{\"@type\":\"ImageObject\",\"inLanguage\":\"fr-FR\",\"@id\":\"https:\/\/toploc.com\/blog\/france\/plages-de-la-cote-d-azur#primaryimage\",\"url\":\"https:\/\/toploc.com\/blog\/wp-content\/uploads\/2020\/08\/Profitez-dun-moment-de-detente-sur-la-plage-Paloma-a-Saint-Jean-Cap-Ferrat-lors-de-vos-vacances-sur-la-Cote-dAzur.jpg\",\"contentUrl\":\"https:\/\/toploc.com\/blog\/wp-content\/uploads\/2020\/08\/Profitez-dun-moment-de-detente-sur-la-plage-Paloma-a-Saint-Jean-Cap-Ferrat-lors-de-vos-vacances-sur-la-Cote-dAzur.jpg\",\"width\":700,\"height\":452,\"caption\":\"Profitez d'un moment de d\u00e9tente sur la plage Paloma \u00e0 Saint-Jean-Cap-Ferrat lors de vos vacances sur la C\u00f4te d\u2019Azur\"},{\"@type\":\"BreadcrumbList\",\"@id\":\"https:\/\/toploc.com\/blog\/france\/plages-de-la-cote-d-azur#breadcrumb\",\"itemListElement\":[{\"@type\":\"ListItem\",\"position\":1,\"name\":\"Accueil\",\"item\":\"https:\/\/toploc.com\/blog\"},{\"@type\":\"ListItem\",\"position\":2,\"name\":\"Les 3 plus belles plages de la C\u00f4te d\u2019Azur\u00a0pour se baigner\"}]},{\"@type\":\"WebSite\",\"@id\":\"https:\/\/toploc.com\/blog\/#website\",\"url\":\"https:\/\/toploc.com\/blog\/\",\"name\":\"Toploc\",\"description\":\"Itin\u00e9raires natures et locations de vacances en groupe\",\"publisher\":{\"@id\":\"https:\/\/toploc.com\/blog\/#organization\"},\"potentialAction\":[{\"@type\":\"SearchAction\",\"target\":{\"@type\":\"EntryPoint\",\"urlTemplate\":\"https:\/\/toploc.com\/blog\/?s={search_term_string}\"},\"query-input\":{\"@type\":\"PropertyValueSpecification\",\"valueRequired\":true,\"valueName\":\"search_term_string\"}}],\"inLanguage\":\"fr-FR\"},{\"@type\":\"Organization\",\"@id\":\"https:\/\/toploc.com\/blog\/#organization\",\"name\":\"Toploc\",\"url\":\"https:\/\/toploc.com\/blog\/\",\"logo\":{\"@type\":\"ImageObject\",\"inLanguage\":\"fr-FR\",\"@id\":\"https:\/\/toploc.com\/blog\/#\/schema\/logo\/image\/\",\"url\":\"https:\/\/blog.toploc.com\/wp-content\/uploads\/2022\/03\/toploc_facebook_5.png\",\"contentUrl\":\"https:\/\/blog.toploc.com\/wp-content\/uploads\/2022\/03\/toploc_facebook_5.png\",\"width\":600,\"height\":600,\"caption\":\"Toploc\"},\"image\":{\"@id\":\"https:\/\/toploc.com\/blog\/#\/schema\/logo\/image\/\"},\"sameAs\":[\"https:\/\/www.facebook.com\/locationfrancophone\",\"https:\/\/www.instagram.com\/toploc_\",\"https:\/\/www.pinterest.fr\/Toploc_\/\"]},{\"@type\":\"Person\",\"@id\":\"https:\/\/toploc.com\/blog\/#\/schema\/person\/b66f845e3e2106301dee05e5bc776788\",\"name\":\"Julien\",\"image\":{\"@type\":\"ImageObject\",\"inLanguage\":\"fr-FR\",\"@id\":\"https:\/\/toploc.com\/blog\/#\/schema\/person\/image\/\",\"url\":\"https:\/\/secure.gravatar.com\/avatar\/642d3d11687b291bb0ade289db2c7d821a72910624f4eb86cab555b4c6a3ed15?s=96&d=mm&r=g\",\"contentUrl\":\"https:\/\/secure.gravatar.com\/avatar\/642d3d11687b291bb0ade289db2c7d821a72910624f4eb86cab555b4c6a3ed15?s=96&d=mm&r=g\",\"caption\":\"Julien\"},\"description\":\"Julien est un passionn\u00e9 de nature et de grands espaces. Guide de moyenne montagne en Andorre, il a partag\u00e9 ses r\u00e9cits de voyage pendant plusieurs ann\u00e9es. Aujourd'hui il est co-auteur de plusieurs articles pour Toploc.\",\"url\":\"https:\/\/toploc.com\/blog\/author\/julien\"}]}<\/script>\n<!-- \/ Yoast SEO plugin. -->","yoast_head_json":{"title":"Les 3 plus belles plages de la C\u00f4te d\u2019Azur\u00a0pour se baigner","description":"Plages de la C\u00f4te d'Azur : La plage Paloma (Saint-Jean-Cap-Ferrat) . La plage de la Mala (Cap d\u2019Ail) . La plage de la Petite Afrique .","robots":{"index":"index","follow":"follow","max-snippet":"max-snippet:-1","max-image-preview":"max-image-preview:large","max-video-preview":"max-video-preview:-1"},"canonical":"https:\/\/toploc.com\/blog\/france\/plages-de-la-cote-d-azur","og_locale":"fr_FR","og_type":"article","og_title":"Les 3 plus belles plages de la C\u00f4te d\u2019Azur\u00a0pour se baigner","og_description":"Plages de la C\u00f4te d'Azur : La plage Paloma (Saint-Jean-Cap-Ferrat) . La plage de la Mala (Cap d\u2019Ail) . La plage de la Petite Afrique .","og_url":"https:\/\/toploc.com\/blog\/france\/plages-de-la-cote-d-azur","og_site_name":"Toploc","article_publisher":"https:\/\/www.facebook.com\/locationfrancophone","article_published_time":"2024-01-16T08:24:58+00:00","article_modified_time":"2024-01-16T10:25:53+00:00","og_image":[{"width":700,"height":452,"url":"https:\/\/toploc.com\/blog\/wp-content\/uploads\/2020\/08\/Profitez-dun-moment-de-detente-sur-la-plage-Paloma-a-Saint-Jean-Cap-Ferrat-lors-de-vos-vacances-sur-la-Cote-dAzur.jpg","type":"image\/jpeg"}],"author":"Julien","twitter_card":"summary_large_image","twitter_misc":{"\u00c9crit par":"Julien","Dur\u00e9e de lecture estim\u00e9e":"4 minutes"},"schema":{"@context":"https:\/\/schema.org","@graph":[{"@type":"Article","@id":"https:\/\/toploc.com\/blog\/france\/plages-de-la-cote-d-azur#article","isPartOf":{"@id":"https:\/\/toploc.com\/blog\/france\/plages-de-la-cote-d-azur"},"author":{"name":"Julien","@id":"https:\/\/toploc.com\/blog\/#\/schema\/person\/b66f845e3e2106301dee05e5bc776788"},"headline":"Les 3 plus belles plages de la C\u00f4te d\u2019Azur\u00a0pour se baigner","datePublished":"2024-01-16T08:24:58+00:00","dateModified":"2024-01-16T10:25:53+00:00","mainEntityOfPage":{"@id":"https:\/\/toploc.com\/blog\/france\/plages-de-la-cote-d-azur"},"wordCount":581,"commentCount":0,"publisher":{"@id":"https:\/\/toploc.com\/blog\/#organization"},"image":{"@id":"https:\/\/toploc.com\/blog\/france\/plages-de-la-cote-d-azur#primaryimage"},"thumbnailUrl":"https:\/\/toploc.com\/blog\/wp-content\/uploads\/2020\/08\/Profitez-dun-moment-de-detente-sur-la-plage-Paloma-a-Saint-Jean-Cap-Ferrat-lors-de-vos-vacances-sur-la-Cote-dAzur.jpg","keywords":["les belles plages de la C\u00f4te d\u2019Azur"],"articleSection":["Itin\u00e9raires France","Plages"],"inLanguage":"fr-FR","potentialAction":[{"@type":"CommentAction","name":"Comment","target":["https:\/\/toploc.com\/blog\/france\/plages-de-la-cote-d-azur#respond"]}]},{"@type":"WebPage","@id":"https:\/\/toploc.com\/blog\/france\/plages-de-la-cote-d-azur","url":"https:\/\/toploc.com\/blog\/france\/plages-de-la-cote-d-azur","name":"Les 3 plus belles plages de la C\u00f4te d\u2019Azur\u00a0pour se baigner","isPartOf":{"@id":"https:\/\/toploc.com\/blog\/#website"},"primaryImageOfPage":{"@id":"https:\/\/toploc.com\/blog\/france\/plages-de-la-cote-d-azur#primaryimage"},"image":{"@id":"https:\/\/toploc.com\/blog\/france\/plages-de-la-cote-d-azur#primaryimage"},"thumbnailUrl":"https:\/\/toploc.com\/blog\/wp-content\/uploads\/2020\/08\/Profitez-dun-moment-de-detente-sur-la-plage-Paloma-a-Saint-Jean-Cap-Ferrat-lors-de-vos-vacances-sur-la-Cote-dAzur.jpg","datePublished":"2024-01-16T08:24:58+00:00","dateModified":"2024-01-16T10:25:53+00:00","description":"Plages de la C\u00f4te d'Azur : La plage Paloma (Saint-Jean-Cap-Ferrat) . La plage de la Mala (Cap d\u2019Ail) . La plage de la Petite Afrique .","breadcrumb":{"@id":"https:\/\/toploc.com\/blog\/france\/plages-de-la-cote-d-azur#breadcrumb"},"inLanguage":"fr-FR","potentialAction":[{"@type":"ReadAction","target":["https:\/\/toploc.com\/blog\/france\/plages-de-la-cote-d-azur"]}]},{"@type":"ImageObject","inLanguage":"fr-FR","@id":"https:\/\/toploc.com\/blog\/france\/plages-de-la-cote-d-azur#primaryimage","url":"https:\/\/toploc.com\/blog\/wp-content\/uploads\/2020\/08\/Profitez-dun-moment-de-detente-sur-la-plage-Paloma-a-Saint-Jean-Cap-Ferrat-lors-de-vos-vacances-sur-la-Cote-dAzur.jpg","contentUrl":"https:\/\/toploc.com\/blog\/wp-content\/uploads\/2020\/08\/Profitez-dun-moment-de-detente-sur-la-plage-Paloma-a-Saint-Jean-Cap-Ferrat-lors-de-vos-vacances-sur-la-Cote-dAzur.jpg","width":700,"height":452,"caption":"Profitez d'un moment de d\u00e9tente sur la plage Paloma \u00e0 Saint-Jean-Cap-Ferrat lors de vos vacances sur la C\u00f4te d\u2019Azur"},{"@type":"BreadcrumbList","@id":"https:\/\/toploc.com\/blog\/france\/plages-de-la-cote-d-azur#breadcrumb","itemListElement":[{"@type":"ListItem","position":1,"name":"Accueil","item":"https:\/\/toploc.com\/blog"},{"@type":"ListItem","position":2,"name":"Les 3 plus belles plages de la C\u00f4te d\u2019Azur\u00a0pour se baigner"}]},{"@type":"WebSite","@id":"https:\/\/toploc.com\/blog\/#website","url":"https:\/\/toploc.com\/blog\/","name":"Toploc","description":"Itin\u00e9raires natures et locations de vacances en groupe","publisher":{"@id":"https:\/\/toploc.com\/blog\/#organization"},"potentialAction":[{"@type":"SearchAction","target":{"@type":"EntryPoint","urlTemplate":"https:\/\/toploc.com\/blog\/?s={search_term_string}"},"query-input":{"@type":"PropertyValueSpecification","valueRequired":true,"valueName":"search_term_string"}}],"inLanguage":"fr-FR"},{"@type":"Organization","@id":"https:\/\/toploc.com\/blog\/#organization","name":"Toploc","url":"https:\/\/toploc.com\/blog\/","logo":{"@type":"ImageObject","inLanguage":"fr-FR","@id":"https:\/\/toploc.com\/blog\/#\/schema\/logo\/image\/","url":"https:\/\/blog.toploc.com\/wp-content\/uploads\/2022\/03\/toploc_facebook_5.png","contentUrl":"https:\/\/blog.toploc.com\/wp-content\/uploads\/2022\/03\/toploc_facebook_5.png","width":600,"height":600,"caption":"Toploc"},"image":{"@id":"https:\/\/toploc.com\/blog\/#\/schema\/logo\/image\/"},"sameAs":["https:\/\/www.facebook.com\/locationfrancophone","https:\/\/www.instagram.com\/toploc_","https:\/\/www.pinterest.fr\/Toploc_\/"]},{"@type":"Person","@id":"https:\/\/toploc.com\/blog\/#\/schema\/person\/b66f845e3e2106301dee05e5bc776788","name":"Julien","image":{"@type":"ImageObject","inLanguage":"fr-FR","@id":"https:\/\/toploc.com\/blog\/#\/schema\/person\/image\/","url":"https:\/\/secure.gravatar.com\/avatar\/642d3d11687b291bb0ade289db2c7d821a72910624f4eb86cab555b4c6a3ed15?s=96&d=mm&r=g","contentUrl":"https:\/\/secure.gravatar.com\/avatar\/642d3d11687b291bb0ade289db2c7d821a72910624f4eb86cab555b4c6a3ed15?s=96&d=mm&r=g","caption":"Julien"},"description":"Julien est un passionn\u00e9 de nature et de grands espaces. Guide de moyenne montagne en Andorre, il a partag\u00e9 ses r\u00e9cits de voyage pendant plusieurs ann\u00e9es. Aujourd'hui il est co-auteur de plusieurs articles pour Toploc.","url":"https:\/\/toploc.com\/blog\/author\/julien"}]}},"_links":{"self":[{"href":"https:\/\/toploc.com\/blog\/wp-json\/wp\/v2\/posts\/100451","targetHints":{"allow":["GET"]}}],"collection":[{"href":"https:\/\/toploc.com\/blog\/wp-json\/wp\/v2\/posts"}],"about":[{"href":"https:\/\/toploc.com\/blog\/wp-json\/wp\/v2\/types\/post"}],"author":[{"embeddable":true,"href":"https:\/\/toploc.com\/blog\/wp-json\/wp\/v2\/users\/3"}],"replies":[{"embeddable":true,"href":"https:\/\/toploc.com\/blog\/wp-json\/wp\/v2\/comments?post=100451"}],"version-history":[{"count":1,"href":"https:\/\/toploc.com\/blog\/wp-json\/wp\/v2\/posts\/100451\/revisions"}],"predecessor-version":[{"id":140373,"href":"https:\/\/toploc.com\/blog\/wp-json\/wp\/v2\/posts\/100451\/revisions\/140373"}],"wp:featuredmedia":[{"embeddable":true,"href":"https:\/\/toploc.com\/blog\/wp-json\/wp\/v2\/media\/100452"}],"wp:attachment":[{"href":"https:\/\/toploc.com\/blog\/wp-json\/wp\/v2\/media?parent=100451"}],"wp:term":[{"taxonomy":"category","embeddable":true,"href":"https:\/\/toploc.com\/blog\/wp-json\/wp\/v2\/categories?post=100451"},{"taxonomy":"post_tag","embeddable":true,"href":"https:\/\/toploc.com\/blog\/wp-json\/wp\/v2\/tags?post=100451"}],"curies":[{"name":"wp","href":"https:\/\/api.w.org\/{rel}","templated":true}]}}